{"id":71388,"date":"2023-03-02T16:15:42","date_gmt":"2023-03-02T15:15:42","guid":{"rendered":"https:\/\/exaudi.org\/?p=71388"},"modified":"2023-03-03T10:58:04","modified_gmt":"2023-03-03T09:58:04","slug":"lectio-petri-quarto-e-ultimo-appuntamento-quo-vadis","status":"publish","type":"post","link":"https:\/\/exaudi.org\/it\/lectio-petri-quarto-e-ultimo-appuntamento-quo-vadis\/","title":{"rendered":"Lectio Petri: Quarto e ultimo appuntamento \u201cQuo vadis\u201d"},"content":{"rendered":"<audio class=\"wp-audio-shortcode\" id=\"audio-71388-1\" preload=\"none\" style=\"width: 100%;\" controls=\"controls\"><source type=\"audio\/mpeg\" src=\"https:\/\/exaudi.org\/wp-content\/uploads\/2023\/03\/Lectio-Petri-Quarto-e-ultimo-appuntamento-Quo.mp3?_=1\" \/><a href=\"https:\/\/exaudi.org\/wp-content\/uploads\/2023\/03\/Lectio-Petri-Quarto-e-ultimo-appuntamento-Quo.mp3\">https:\/\/exaudi.org\/wp-content\/uploads\/2023\/03\/Lectio-Petri-Quarto-e-ultimo-appuntamento-Quo.mp3<\/a><\/audio>\n<p><strong><span style=\"color: #ffcc99\">LECTIO PETRI: L\u2019APOSTOLO PIETRO<\/span><\/strong><br \/>\n<strong><span style=\"color: #ffcc99\">NELLA TEOLOGIA, NELLA STORIA, NELLE ARTI E NELLA CULTURA<\/span><\/strong><br \/>\n<em>Marted\u00ec 7 marzo, alle 18.30, la Basilica di San Pietro ospiter\u00e0<\/em><br \/>\n<em>il quarto ed ultimo appuntamento, dal titolo<\/em><br \/>\n<strong>Quo vadis<\/strong><\/p>\n<p>Citt\u00e0 del Vaticano, 2 marzo 2023 \u2013 Siamo giunti all\u2019ultima tappa del ciclo di incontri <strong>Lectio Petri<\/strong>, promosso dal <strong>\u201cCortile dei Gentili\u201d<\/strong> e dalla <strong>Fondazione Fratelli tutti<\/strong>, per approfondire la vita e il ministero dell\u2019Apostolo Pietro nella teologia, nella storia, nelle arti e nella cultura.<\/p>\n<p><strong>Quo vadis<\/strong>, quarto appuntamento, \u00e8 l\u2019evento conclusivo in cui si analizzer\u00e0 la figura dell\u2019Apostolo nelle arti e nella letteratura.<\/p>\n<p>La serata sar\u00e0 introdotta dal Card. <strong>Mauro Gambetti<\/strong>, Arciprete della Basilica Papale di San Pietro in Vaticano, e sar\u00e0 arricchita, come nei precedenti incontri, da intermezzi musicali.<\/p>\n<p>Il Card. <strong>Gianfranco Ravasi<\/strong>, Presidente Emerito del Pontificio Consiglio della Cultura e fondatore del \u201cCortile dei Gentili\u201d, commenter\u00e0 alcuni dei passi pi\u00f9 significativi della Seconda Lettera di Pietro (Dal capitolo 1, versetti 1-2; 16-19, dal capitolo 2, versetti 1-2; 13-14; 17- 19, dal capitolo 3, versetti 3-4; 8-10) e degli Atti di Pietro.<\/p>\n<p>A seguire, il Dott. <strong>Pietro Zander<\/strong>, Responsabile Necropoli e Beni Artistici della Fabbrica di San Pietro in Vaticano, proporr\u00e0 un itinerario petrino, \u201cPietro nella casa di Pietro\u201d, attraverso l\u2019iconografia dedicata al Pescatore di Galilea e le testimonianze petrine presenti nella Basilica.<br \/>\nLe letture saranno interpretate dalla giornalista e conduttrice televisiva <strong>Antonella Ventre<\/strong>.<\/p>\n<p>I brani Aurea Luce di Pietro Raimondi e Tu es Petrus di Lorenzo Perosi, musiche tradizionalmente eseguite nella Basilica di San Pietro in occasione della festivit\u00e0 dei Santi Pietro e Paolo, saranno interpretati dal Coro e dal Sestetto di Ottoni del Vicariato Vaticano, accompagnati all\u2019organo dal Maestro Gianluca Libertucci e diretti dal Maestro Temistocle Capone.<\/p>\n<p>\u00abConcluderemo questo suggestivo ciclo di incontri in Basilica &#8211; spiega il Card. <strong>Gianfranco Ravasi<\/strong>, &#8211; con alcuni passi della Seconda Lettera di Pietro, che \u00e8 una sorta di testamento spirituale, quasi un discorso d\u2019addio. Frutto probabilmente di un autore cristiano posteriore a lui di molti anni, lo scritto viene comunque posto sotto al patronato dell\u2019Apostolo ed \u00e8 curioso e di grande attualit\u00e0, perch\u00e9 descrive le prime crisi della comunit\u00e0 cristiana, che si trova a fronteggiare \u201c<em>falsi maestri e profeti<\/em>\u201d, con le prime tentazioni gnostiche, intellettualistiche e libertine.<\/p>\n<p>Ripercorreremo, poi, insieme \u2013 con gli Atti di Pietro, che descrivono l\u2019incontro di Cristo con Pietro fuggito da Roma \u2013 anche quel famoso \u201c<em>Quo vadis<\/em>?\u201d, che d\u00e0 il titolo alla nostra Lectio ed \u00e8 stato reso celebre dal romanzo dello scrittore polacco Henryk Sienkiewicz e dal colossal<br \/>\ncinematografico omonimo\u00bb.<\/p>\n<p>\u00abParlare di \u201cPietro nella casa di Pietro\u201d \u00e8 un riscoprire l\u2019essenza stessa e il fascino della Basilica Vaticana &#8211; rimarca il <strong>Dott. Pietro Zander<\/strong> -. Il significato pi\u00f9 genuino e profondo di questo luogo \u00e8 infatti nella sua stessa origine, in ci\u00f2 che ne ha determinato la nascita e la vita nel corso dei secoli.\u00a0 Questa basilica \u2013 e, prima di questa, la basilica costantiniana e medievale \u2013 \u00e8 nata per custodire la tomba di Pietro: Pietro abita qui, <em>P\u00e9tros eni<\/em> (Pietro \u00e8 qui), come sembra evocare un graffito in lettere greche di mille e ottocento anni fa, rinvenuto presso l\u2019umile sepoltura dell\u2019Apostolo sotto l\u2019altare maggiore della basilica.<\/p>\n<p>Entrare nella Basilica Vaticana significa dunque incontrare Pietro: il primo papa nella guida della Chiesa. Giungere \u201cad limina Petri\u201d costituisce l\u2019ambita meta di un pellegrinaggio, ma anche il punto di arrivo di un cammino interiore che questa basilica sembra suggerire in una sequenza di spazi, di simboli e di immagini che stimolano la riflessione.<\/p>\n<p>Seguendo Pietro si giunge a Cristo! Cos\u00ec davanti alla Confessione il papa San Leone Magno (\u2020 461) pronunci\u00f2 le seguenti parole: \u201c[&#8230;] come permane ci\u00f2 che Pietro ha creduto in Cristo, cos\u00ec permane ci\u00f2 che Cristo ha istituito nella persona di Pietro [&#8230;]. In tutta quanta la Chiesa, Pietro proclama ogni giorno: <em>Tu sei il Cristo, il Figlio del Dio vivente<\/em>\u201d (De Natale ipsius, III, SCh 200, pp. 256, 258)\u00bb.<\/p>\n<p><strong><span style=\"color: #ffcc99\">IL \u201cCORTILE DEI GENTILI\u201d<\/span><\/strong><br \/>\nIl Cortile dei Gentili \u00e8 una struttura del Dicastero per la Cultura e l\u2019Educazione, fondata dal Card. Gianfranco Ravasi per promuovere il dialogo tra credenti e non credenti. Attraverso eventi, incontri, dibattiti, ricerche e occasioni di condivisione, il Cortile dei Gentili si \u00e8 affermato come luogo di incontro tra personalit\u00e0 di spicco delle culture laiche e cattoliche, sui temi e le sfide che interessano la societ\u00e0 contemporanea &#8211; come l\u2019etica, la legalit\u00e0, la scienza, la fede, lo sport, l\u2019arte, i giovani e le nuove tecnologie. Nel 2011, a sostegno della mission e delle attivit\u00e0 del Cortile dei Gentili \u00e8 nata anche la Fondazione omonima, presieduta dal Prof. Giuliano Amato, che persegue<br \/>\nfinalit\u00e0 di solidariet\u00e0 sociale e si ispira alla logica del no-profit.<\/p>\n<p><strong><span style=\"color: #ffcc99\">LA FONDAZIONE FRATELLI TUTTI<\/span><\/strong><br \/>\nLa Fondazione Fratelli tutti, istituita dal Santo Padre l\u20198 dicembre 2021 con chirografo pontificio, nasce dalla Fabbrica di San Pietro per promuovere percorsi di arte e fede, formazione e dialogo con la cultura, i popoli e le religioni. Attraverso la forza simbolica dell\u2019abbraccio al mondo, espressa dal colonnato del Bernini, la Fondazione ha come missione quella di favorire la \u00abfraternit\u00e0\u00bb e l\u2019\u00abamicizia sociale\u00bb. Per questo si pone \u201csulla soglia\u201d, tra la Basilica di San Pietro e la citt\u00e0, come simboleggia il logo composto da persone in movimento, che sono da un lato accolte e\u00a0dall&#8217;altro esprimono il dinamismo stesso della Chiesa che include formando l\u2019abbraccio. Le aree<br \/>\ndi missione della Fondazione sono:<\/p>\n<p>\u25cf I percorsi di arte e fede, per permettere ai tanti visitatori di poter vivere un\u2019esperienza spirituale cogliendo il senso delle varie dimensioni della bellezza.<br \/>\n\u25cf La formazione culturale e spirituale, per costruire una education community intorno a San Pietro attraverso seminari, lectiones, eventi, esperienze, percorsi ed esercizi spirituali.<br \/>\n\u25cf Il dialogo con le culture, le altre confessioni cristiane e le altre religioni sui temi delle ultime encicliche del Pontefice, per costruire \u00aballeanza sociale\u00bb.<\/p>\n<p><strong>Per partecipare all\u2019evento \u00e8 necessario registrarsi al seguente link: <a href=\"https:\/\/bit.ly\/3lX9X4W\" rel=\"nofollow\">https:\/\/bit.ly\/3lX9X4W<\/a><\/strong><\/p>\n<p><strong><span style=\"color: #ffcc99\">MODALIT\u00c0 DI ACCREDITAMENTO PER I GIORNALISTI:<\/span><\/strong><\/p>\n<p>I giornalisti e gli operatori media che intendono partecipare devono inviare richiesta, entro 24 ore dall\u2019evento, attraverso il Sistema di accreditamento online della Sala Stampa della Santa Sede, all\u2019indirizzo: press.vatican.va\/accreditamenti Le richieste di interviste devono pervenire in anticipo agli Uffici Stampa.<\/p>\n<p><strong><span style=\"color: #ffcc99\">PER ULTERIORI INFORMAZIONI:<\/span><\/strong><\/p>\n<p><span style=\"text-decoration: underline\"><a href=\"http:\/\/www.cortiledeigentili.com\" rel=\"nofollow\">http:\/\/www.cortiledeigentili.com<\/a><\/span><br \/>\n<span style=\"text-decoration: underline\"><a href=\"http:\/\/www.fondazionefratellitutti.org\" rel=\"nofollow\">http:\/\/www.fondazionefratellitutti.org<\/a><\/span><\/p>\n<p>Ufficio Stampa Cortile dei Gentili: Giulia Tosana \u2013 <a href=\"mailto:g.tosana@cortile.va\">g.tosana@cortile.va<\/a> \u2013 333 1732069<br \/>\nUfficio Stampa Fondazione Fratelli tutti: Rita Cristofari \u2013 <a href=\"mailto:ritacristofari@gmail.com\">ritacristofari@gmail.com<\/a> \u2013 331 2969626<\/p>\n<p>&nbsp;<\/p>\n<p>&nbsp;<\/p>\n","protected":false},"excerpt":{"rendered":"<p>La figura dell\u2019Apostolo nelle arti e nella letteratura<\/p>\n","protected":false},"author":17,"featured_media":8624,"comment_status":"closed","ping_status":"closed","sticky":false,"template":"","format":"standard","meta":{"_acf_changed":false,"_crdt_document":"","inline_featured_image":false,"footnotes":""},"categories":[73,131],"tags":[1216,7704,8526,4952],"class_list":["post-71388","post","type-post","status-publish","format-standard","has-post-thumbnail","hentry","category-chiesa-e-mondo","category-vaticano","tag-cortile-dei-gentili","tag-fondazione-fratelli-tutti","tag-lectio-petri","tag-trending-it"],"acf":[],"yoast_head":"<!-- This site is optimized with the Yoast SEO plugin v27.5 - https:\/\/yoast.com\/product\/yoast-seo-wordpress\/ -->\n<title>Lectio Petri: Quarto e ultimo appuntamento \u201cQuo vadis\u201d &#8211; Exaudi<\/title>\n<meta name=\"robots\" content=\"index, follow, max-snippet:-1, max-image-preview:large, max-video-preview:-1\" \/>\n<link rel=\"canonical\" href=\"https:\/\/exaudi.org\/it\/lectio-petri-quarto-e-ultimo-appuntamento-quo-vadis\/\" \/>\n<meta property=\"og:locale\" content=\"it_IT\" \/>\n<meta property=\"og:type\" content=\"article\" \/>\n<meta property=\"og:title\" content=\"Lectio Petri: Quarto e ultimo appuntamento \u201cQuo vadis\u201d &#8211; Exaudi\" \/>\n<meta property=\"og:description\" content=\"La figura dell\u2019Apostolo nelle arti e nella letteratura\" \/>\n<meta property=\"og:url\" content=\"https:\/\/exaudi.org\/it\/lectio-petri-quarto-e-ultimo-appuntamento-quo-vadis\/\" \/>\n<meta property=\"og:site_name\" content=\"Exaudi\" \/>\n<meta property=\"article:publisher\" content=\"https:\/\/www.facebook.com\/ExaudiNews\" \/>\n<meta property=\"article:author\" content=\"https:\/\/www.facebook.com\/ExaudiNotizie\/\" \/>\n<meta property=\"article:published_time\" content=\"2023-03-02T15:15:42+00:00\" \/>\n<meta property=\"article:modified_time\" content=\"2023-03-03T09:58:04+00:00\" \/>\n<meta property=\"og:image\" content=\"https:\/\/exaudi.org\/wp-content\/uploads\/2021\/03\/cathopic_1514549800638573-scaled.jpg\" \/>\n\t<meta property=\"og:image:width\" content=\"2560\" \/>\n\t<meta property=\"og:image:height\" content=\"1707\" \/>\n\t<meta property=\"og:image:type\" content=\"image\/jpeg\" \/>\n<meta name=\"author\" content=\"Exaudi Redazione\" \/>\n<meta name=\"twitter:card\" content=\"summary_large_image\" \/>\n<meta name=\"twitter:creator\" content=\"@Exaudi_Notizie\" \/>\n<meta name=\"twitter:site\" content=\"@Exaudi_News\" \/>\n<meta name=\"twitter:label1\" content=\"Scritto da\" \/>\n\t<meta name=\"twitter:data1\" content=\"Exaudi Redazione\" \/>\n\t<meta name=\"twitter:label2\" content=\"Tempo di lettura stimato\" \/>\n\t<meta name=\"twitter:data2\" content=\"5 minuti\" \/>\n<script type=\"application\/ld+json\" class=\"yoast-schema-graph\">{\"@context\":\"https:\\\/\\\/schema.org\",\"@graph\":[{\"@type\":\"Article\",\"@id\":\"https:\\\/\\\/exaudi.org\\\/it\\\/lectio-petri-quarto-e-ultimo-appuntamento-quo-vadis\\\/#article\",\"isPartOf\":{\"@id\":\"https:\\\/\\\/exaudi.org\\\/it\\\/lectio-petri-quarto-e-ultimo-appuntamento-quo-vadis\\\/\"},\"author\":{\"name\":\"Exaudi Redazione\",\"@id\":\"https:\\\/\\\/exaudi.org\\\/#\\\/schema\\\/person\\\/e1ab6ed07c01774724dd96f925f3a5f0\"},\"headline\":\"Lectio Petri: Quarto e ultimo appuntamento \u201cQuo vadis\u201d\",\"datePublished\":\"2023-03-02T15:15:42+00:00\",\"dateModified\":\"2023-03-03T09:58:04+00:00\",\"mainEntityOfPage\":{\"@id\":\"https:\\\/\\\/exaudi.org\\\/it\\\/lectio-petri-quarto-e-ultimo-appuntamento-quo-vadis\\\/\"},\"wordCount\":1072,\"image\":{\"@id\":\"https:\\\/\\\/exaudi.org\\\/it\\\/lectio-petri-quarto-e-ultimo-appuntamento-quo-vadis\\\/#primaryimage\"},\"thumbnailUrl\":\"https:\\\/\\\/exaudi.org\\\/wp-content\\\/uploads\\\/2021\\\/03\\\/cathopic_1514549800638573-scaled.jpg\",\"keywords\":[\"Cortile dei Gentili\",\"Fondazione Fratelli tutti\",\"Lectio Petri\",\"Trending\"],\"articleSection\":[\"Chiesa e Mondo\",\"Vaticano\"],\"inLanguage\":\"it-IT\"},{\"@type\":\"WebPage\",\"@id\":\"https:\\\/\\\/exaudi.org\\\/it\\\/lectio-petri-quarto-e-ultimo-appuntamento-quo-vadis\\\/\",\"url\":\"https:\\\/\\\/exaudi.org\\\/it\\\/lectio-petri-quarto-e-ultimo-appuntamento-quo-vadis\\\/\",\"name\":\"Lectio Petri: Quarto e ultimo appuntamento \u201cQuo vadis\u201d &#8211; Exaudi\",\"isPartOf\":{\"@id\":\"https:\\\/\\\/exaudi.org\\\/#website\"},\"primaryImageOfPage\":{\"@id\":\"https:\\\/\\\/exaudi.org\\\/it\\\/lectio-petri-quarto-e-ultimo-appuntamento-quo-vadis\\\/#primaryimage\"},\"image\":{\"@id\":\"https:\\\/\\\/exaudi.org\\\/it\\\/lectio-petri-quarto-e-ultimo-appuntamento-quo-vadis\\\/#primaryimage\"},\"thumbnailUrl\":\"https:\\\/\\\/exaudi.org\\\/wp-content\\\/uploads\\\/2021\\\/03\\\/cathopic_1514549800638573-scaled.jpg\",\"datePublished\":\"2023-03-02T15:15:42+00:00\",\"dateModified\":\"2023-03-03T09:58:04+00:00\",\"author\":{\"@id\":\"https:\\\/\\\/exaudi.org\\\/#\\\/schema\\\/person\\\/e1ab6ed07c01774724dd96f925f3a5f0\"},\"breadcrumb\":{\"@id\":\"https:\\\/\\\/exaudi.org\\\/it\\\/lectio-petri-quarto-e-ultimo-appuntamento-quo-vadis\\\/#breadcrumb\"},\"inLanguage\":\"it-IT\",\"potentialAction\":[{\"@type\":\"ReadAction\",\"target\":[\"https:\\\/\\\/exaudi.org\\\/it\\\/lectio-petri-quarto-e-ultimo-appuntamento-quo-vadis\\\/\"]}]},{\"@type\":\"ImageObject\",\"inLanguage\":\"it-IT\",\"@id\":\"https:\\\/\\\/exaudi.org\\\/it\\\/lectio-petri-quarto-e-ultimo-appuntamento-quo-vadis\\\/#primaryimage\",\"url\":\"https:\\\/\\\/exaudi.org\\\/wp-content\\\/uploads\\\/2021\\\/03\\\/cathopic_1514549800638573-scaled.jpg\",\"contentUrl\":\"https:\\\/\\\/exaudi.org\\\/wp-content\\\/uploads\\\/2021\\\/03\\\/cathopic_1514549800638573-scaled.jpg\",\"width\":2560,\"height\":1707,\"caption\":\"Vatican Media\"},{\"@type\":\"BreadcrumbList\",\"@id\":\"https:\\\/\\\/exaudi.org\\\/it\\\/lectio-petri-quarto-e-ultimo-appuntamento-quo-vadis\\\/#breadcrumb\",\"itemListElement\":[{\"@type\":\"ListItem\",\"position\":1,\"name\":\"Portada\",\"item\":\"https:\\\/\\\/exaudi.org\\\/it\\\/\"},{\"@type\":\"ListItem\",\"position\":2,\"name\":\"Lectio Petri: Quarto e ultimo appuntamento \u201cQuo vadis\u201d\"}]},{\"@type\":\"WebSite\",\"@id\":\"https:\\\/\\\/exaudi.org\\\/#website\",\"url\":\"https:\\\/\\\/exaudi.org\\\/\",\"name\":\"Exaudi\",\"description\":\"News\",\"potentialAction\":[{\"@type\":\"SearchAction\",\"target\":{\"@type\":\"EntryPoint\",\"urlTemplate\":\"https:\\\/\\\/exaudi.org\\\/?s={search_term_string}\"},\"query-input\":{\"@type\":\"PropertyValueSpecification\",\"valueRequired\":true,\"valueName\":\"search_term_string\"}}],\"inLanguage\":\"it-IT\"},{\"@type\":\"Person\",\"@id\":\"https:\\\/\\\/exaudi.org\\\/#\\\/schema\\\/person\\\/e1ab6ed07c01774724dd96f925f3a5f0\",\"name\":\"Exaudi Redazione\",\"image\":{\"@type\":\"ImageObject\",\"inLanguage\":\"it-IT\",\"@id\":\"https:\\\/\\\/secure.gravatar.com\\\/avatar\\\/ad6774b3ada023bf5b939d64f45c94b3adf91502dd883507d469b4308a943bb3?s=96&d=mm&r=g\",\"url\":\"https:\\\/\\\/secure.gravatar.com\\\/avatar\\\/ad6774b3ada023bf5b939d64f45c94b3adf91502dd883507d469b4308a943bb3?s=96&d=mm&r=g\",\"contentUrl\":\"https:\\\/\\\/secure.gravatar.com\\\/avatar\\\/ad6774b3ada023bf5b939d64f45c94b3adf91502dd883507d469b4308a943bb3?s=96&d=mm&r=g\",\"caption\":\"Exaudi Redazione\"},\"description\":\"Che cosa \u00e8 Exaudi News? Exaudi News \u00e8 un agenzia cattolica internazionale che informa, istruisce e trasforma quotidianamente in spagnolo, inglese e italiano. Attraverso notizie, articoli di analisi e trasmissioni in diretta degli eventi del Papa, Exaudi cerca di rafforzare l'unit\u00e0 dei cristiani e di contribuire all'evangelizzazione del mondo, sempre guidato dalla dottrina sociale della Chiesa. Lavoriamo per portare la verit\u00e0 e i valori cristiani in ogni angolo del pianeta. Aiutaci a trasformare il mondo con Exaudi! Noi di Exaudi crediamo che l'evangelizzazione e l'informazione di qualit\u00e0 possano cambiare la vita. Per continuare la nostra missione ed espandere la nostra portata, abbiamo bisogno del tuo aiuto. Stiamo anche cercando persone motivate che vogliano unirsi al nostro team. Grazie al vostro sostegno raggiungeremo pi\u00f9 persone, diffonderemo il messaggio di Cristo e rafforzeremo l'unit\u00e0 dei cristiani. Vuoi unirti alla nostra missione? Per maggiori informazioni su come contribuire, visita Exaudi.org\\\/it o contattaci direttamente: info@exaudi.org Exaudi: informa, forma e trasforma.\",\"sameAs\":[\"https:\\\/\\\/www.facebook.com\\\/ExaudiNotizie\\\/\",\"https:\\\/\\\/www.instagram.com\\\/Exaudi_notizie\\\/\",\"https:\\\/\\\/x.com\\\/Exaudi_Notizie\",\"https:\\\/\\\/www.youtube.com\\\/@exaudicatholicnews\"],\"url\":\"https:\\\/\\\/exaudi.org\\\/it\\\/author\\\/dlvedi-org\\\/\"}]}<\/script>\n<!-- \/ Yoast SEO plugin. -->","yoast_head_json":{"title":"Lectio Petri: Quarto e ultimo appuntamento \u201cQuo vadis\u201d &#8211; Exaudi","robots":{"index":"index","follow":"follow","max-snippet":"max-snippet:-1","max-image-preview":"max-image-preview:large","max-video-preview":"max-video-preview:-1"},"canonical":"https:\/\/exaudi.org\/it\/lectio-petri-quarto-e-ultimo-appuntamento-quo-vadis\/","og_locale":"it_IT","og_type":"article","og_title":"Lectio Petri: Quarto e ultimo appuntamento \u201cQuo vadis\u201d &#8211; Exaudi","og_description":"La figura dell\u2019Apostolo nelle arti e nella letteratura","og_url":"https:\/\/exaudi.org\/it\/lectio-petri-quarto-e-ultimo-appuntamento-quo-vadis\/","og_site_name":"Exaudi","article_publisher":"https:\/\/www.facebook.com\/ExaudiNews","article_author":"https:\/\/www.facebook.com\/ExaudiNotizie\/","article_published_time":"2023-03-02T15:15:42+00:00","article_modified_time":"2023-03-03T09:58:04+00:00","og_image":[{"width":2560,"height":1707,"url":"https:\/\/exaudi.org\/wp-content\/uploads\/2021\/03\/cathopic_1514549800638573-scaled.jpg","type":"image\/jpeg"}],"author":"Exaudi Redazione","twitter_card":"summary_large_image","twitter_creator":"@Exaudi_Notizie","twitter_site":"@Exaudi_News","twitter_misc":{"Scritto da":"Exaudi Redazione","Tempo di lettura stimato":"5 minuti"},"schema":{"@context":"https:\/\/schema.org","@graph":[{"@type":"Article","@id":"https:\/\/exaudi.org\/it\/lectio-petri-quarto-e-ultimo-appuntamento-quo-vadis\/#article","isPartOf":{"@id":"https:\/\/exaudi.org\/it\/lectio-petri-quarto-e-ultimo-appuntamento-quo-vadis\/"},"author":{"name":"Exaudi Redazione","@id":"https:\/\/exaudi.org\/#\/schema\/person\/e1ab6ed07c01774724dd96f925f3a5f0"},"headline":"Lectio Petri: Quarto e ultimo appuntamento \u201cQuo vadis\u201d","datePublished":"2023-03-02T15:15:42+00:00","dateModified":"2023-03-03T09:58:04+00:00","mainEntityOfPage":{"@id":"https:\/\/exaudi.org\/it\/lectio-petri-quarto-e-ultimo-appuntamento-quo-vadis\/"},"wordCount":1072,"image":{"@id":"https:\/\/exaudi.org\/it\/lectio-petri-quarto-e-ultimo-appuntamento-quo-vadis\/#primaryimage"},"thumbnailUrl":"https:\/\/exaudi.org\/wp-content\/uploads\/2021\/03\/cathopic_1514549800638573-scaled.jpg","keywords":["Cortile dei Gentili","Fondazione Fratelli tutti","Lectio Petri","Trending"],"articleSection":["Chiesa e Mondo","Vaticano"],"inLanguage":"it-IT"},{"@type":"WebPage","@id":"https:\/\/exaudi.org\/it\/lectio-petri-quarto-e-ultimo-appuntamento-quo-vadis\/","url":"https:\/\/exaudi.org\/it\/lectio-petri-quarto-e-ultimo-appuntamento-quo-vadis\/","name":"Lectio Petri: Quarto e ultimo appuntamento \u201cQuo vadis\u201d &#8211; Exaudi","isPartOf":{"@id":"https:\/\/exaudi.org\/#website"},"primaryImageOfPage":{"@id":"https:\/\/exaudi.org\/it\/lectio-petri-quarto-e-ultimo-appuntamento-quo-vadis\/#primaryimage"},"image":{"@id":"https:\/\/exaudi.org\/it\/lectio-petri-quarto-e-ultimo-appuntamento-quo-vadis\/#primaryimage"},"thumbnailUrl":"https:\/\/exaudi.org\/wp-content\/uploads\/2021\/03\/cathopic_1514549800638573-scaled.jpg","datePublished":"2023-03-02T15:15:42+00:00","dateModified":"2023-03-03T09:58:04+00:00","author":{"@id":"https:\/\/exaudi.org\/#\/schema\/person\/e1ab6ed07c01774724dd96f925f3a5f0"},"breadcrumb":{"@id":"https:\/\/exaudi.org\/it\/lectio-petri-quarto-e-ultimo-appuntamento-quo-vadis\/#breadcrumb"},"inLanguage":"it-IT","potentialAction":[{"@type":"ReadAction","target":["https:\/\/exaudi.org\/it\/lectio-petri-quarto-e-ultimo-appuntamento-quo-vadis\/"]}]},{"@type":"ImageObject","inLanguage":"it-IT","@id":"https:\/\/exaudi.org\/it\/lectio-petri-quarto-e-ultimo-appuntamento-quo-vadis\/#primaryimage","url":"https:\/\/exaudi.org\/wp-content\/uploads\/2021\/03\/cathopic_1514549800638573-scaled.jpg","contentUrl":"https:\/\/exaudi.org\/wp-content\/uploads\/2021\/03\/cathopic_1514549800638573-scaled.jpg","width":2560,"height":1707,"caption":"Vatican Media"},{"@type":"BreadcrumbList","@id":"https:\/\/exaudi.org\/it\/lectio-petri-quarto-e-ultimo-appuntamento-quo-vadis\/#breadcrumb","itemListElement":[{"@type":"ListItem","position":1,"name":"Portada","item":"https:\/\/exaudi.org\/it\/"},{"@type":"ListItem","position":2,"name":"Lectio Petri: Quarto e ultimo appuntamento \u201cQuo vadis\u201d"}]},{"@type":"WebSite","@id":"https:\/\/exaudi.org\/#website","url":"https:\/\/exaudi.org\/","name":"Exaudi","description":"News","potentialAction":[{"@type":"SearchAction","target":{"@type":"EntryPoint","urlTemplate":"https:\/\/exaudi.org\/?s={search_term_string}"},"query-input":{"@type":"PropertyValueSpecification","valueRequired":true,"valueName":"search_term_string"}}],"inLanguage":"it-IT"},{"@type":"Person","@id":"https:\/\/exaudi.org\/#\/schema\/person\/e1ab6ed07c01774724dd96f925f3a5f0","name":"Exaudi Redazione","image":{"@type":"ImageObject","inLanguage":"it-IT","@id":"https:\/\/secure.gravatar.com\/avatar\/ad6774b3ada023bf5b939d64f45c94b3adf91502dd883507d469b4308a943bb3?s=96&d=mm&r=g","url":"https:\/\/secure.gravatar.com\/avatar\/ad6774b3ada023bf5b939d64f45c94b3adf91502dd883507d469b4308a943bb3?s=96&d=mm&r=g","contentUrl":"https:\/\/secure.gravatar.com\/avatar\/ad6774b3ada023bf5b939d64f45c94b3adf91502dd883507d469b4308a943bb3?s=96&d=mm&r=g","caption":"Exaudi Redazione"},"description":"Che cosa \u00e8 Exaudi News? Exaudi News \u00e8 un agenzia cattolica internazionale che informa, istruisce e trasforma quotidianamente in spagnolo, inglese e italiano. Attraverso notizie, articoli di analisi e trasmissioni in diretta degli eventi del Papa, Exaudi cerca di rafforzare l'unit\u00e0 dei cristiani e di contribuire all'evangelizzazione del mondo, sempre guidato dalla dottrina sociale della Chiesa. Lavoriamo per portare la verit\u00e0 e i valori cristiani in ogni angolo del pianeta. Aiutaci a trasformare il mondo con Exaudi! Noi di Exaudi crediamo che l'evangelizzazione e l'informazione di qualit\u00e0 possano cambiare la vita. Per continuare la nostra missione ed espandere la nostra portata, abbiamo bisogno del tuo aiuto. Stiamo anche cercando persone motivate che vogliano unirsi al nostro team. Grazie al vostro sostegno raggiungeremo pi\u00f9 persone, diffonderemo il messaggio di Cristo e rafforzeremo l'unit\u00e0 dei cristiani. Vuoi unirti alla nostra missione? Per maggiori informazioni su come contribuire, visita Exaudi.org\/it o contattaci direttamente: info@exaudi.org Exaudi: informa, forma e trasforma.","sameAs":["https:\/\/www.facebook.com\/ExaudiNotizie\/","https:\/\/www.instagram.com\/Exaudi_notizie\/","https:\/\/x.com\/Exaudi_Notizie","https:\/\/www.youtube.com\/@exaudicatholicnews"],"url":"https:\/\/exaudi.org\/it\/author\/dlvedi-org\/"}]}},"jetpack_featured_media_url":"https:\/\/exaudi.org\/wp-content\/uploads\/2021\/03\/cathopic_1514549800638573-scaled.jpg","jetpack_shortlink":"https:\/\/wp.me\/pgKjF2-izq","_links":{"self":[{"href":"https:\/\/exaudi.org\/it\/wp-json\/wp\/v2\/posts\/71388","targetHints":{"allow":["GET"]}}],"collection":[{"href":"https:\/\/exaudi.org\/it\/wp-json\/wp\/v2\/posts"}],"about":[{"href":"https:\/\/exaudi.org\/it\/wp-json\/wp\/v2\/types\/post"}],"author":[{"embeddable":true,"href":"https:\/\/exaudi.org\/it\/wp-json\/wp\/v2\/users\/17"}],"replies":[{"embeddable":true,"href":"https:\/\/exaudi.org\/it\/wp-json\/wp\/v2\/comments?post=71388"}],"version-history":[{"count":0,"href":"https:\/\/exaudi.org\/it\/wp-json\/wp\/v2\/posts\/71388\/revisions"}],"wp:featuredmedia":[{"embeddable":true,"href":"https:\/\/exaudi.org\/it\/wp-json\/wp\/v2\/media\/8624"}],"wp:attachment":[{"href":"https:\/\/exaudi.org\/it\/wp-json\/wp\/v2\/media?parent=71388"}],"wp:term":[{"taxonomy":"category","embeddable":true,"href":"https:\/\/exaudi.org\/it\/wp-json\/wp\/v2\/categories?post=71388"},{"taxonomy":"post_tag","embeddable":true,"href":"https:\/\/exaudi.org\/it\/wp-json\/wp\/v2\/tags?post=71388"}],"curies":[{"name":"wp","href":"https:\/\/api.w.org\/{rel}","templated":true}]}}