{"id":71212,"date":"2023-02-28T19:02:21","date_gmt":"2023-02-28T18:02:21","guid":{"rendered":"https:\/\/exaudi.org\/?p=71212"},"modified":"2023-02-28T19:02:21","modified_gmt":"2023-02-28T18:02:21","slug":"quando-lo-sport-ti-fa-piu-nobile-e-lespressione-di-papa","status":"publish","type":"post","link":"https:\/\/exaudi.org\/it\/quando-lo-sport-ti-fa-piu-nobile-e-lespressione-di-papa\/","title":{"rendered":"\u201cQuando lo sport ti fa pi\u00f9 nobile\u201d \u00e8 l\u2019espressione di Papa"},"content":{"rendered":"<p>Athletica Vaticana, in collaborazione con il Dicastero per la Cultura e l\u2019Educazione e con il Dicastero per la Comunicazione, propone una serie di dialoghi aperti con atlete e atleti per raccontare e condividere le loro storie di vita. Nel primo incontro il Card. Jos\u00e9 Tolentino de Mendon\u00e7a, Prefetto del Dicastero per la Cultura e l\u2019Educazione, dialoga con il campione olimpico Filippo Tortu.<\/p>\n<p><strong>Il primo incontro mercoled\u00ec 15 marzo, alle ore 17.00, a Palazzo Pio (Sala Marconi)<\/strong><\/p>\n<p><span style=\"text-decoration: underline\"><strong>Quando lo sport ti fa pi\u00f9 nobile<\/strong><\/span><\/p>\n<p>Per rilanciare la visione inclusiva e solidale di Papa Francesco per lo sport, Athletica Vaticana &#8211; la polisportiva della Santa Sede &#8211; propone una serie di dialoghi aperti con atlete e atleti di alto livello per raccontare e condividere le loro storie di vita.<\/p>\n<p><strong>Il primo appuntamento sar\u00e0 mercoled\u00ec 15 marzo, alle ore 17.00, a Palazzo Pio (Sala Marconi) in piazza Pia 3:<\/strong><\/p>\n<p><strong>il cardinale Jos\u00e9 Tolentino de Mendon\u00e7a<\/strong>, prefetto del Dicastero per la cultura e l\u2019educazione, dialogher\u00e0 con il campione olimpico <strong>Filippo Tortu<\/strong>.<\/p>\n<p><strong>Paolo Ruffini<\/strong>, prefetto del Dicastero per la comunicazione, proporr\u00e0 le linee per il dialogo che sar\u00e0 moderato dal vice direttore editoriale <strong>Alessandro Gisotti<\/strong>.<\/p>\n<p>\u201cQuando lo sport ti fa pi\u00f9 nobile\u201d \u00e8 l\u2019espressione di Papa Francesco (\u201cIl Natale che vorrei\u201d \u2013 intervista trasmessa da Canale 5 il 18 dicembre 2022) che sar\u00e0 filo-conduttore del progetto di Athletica Vaticana per uno sport che sia anche autentica espressione di cultura e opportunit\u00e0 di crescita sociale. A rendere possibile l\u2019iniziativa sono il Dicastero per la Comunicazione e il Dicastero per la Cultura e l\u2019Educazione, al quale il Papa nella Costituzione Apostolica \u201cPraedicate Evangelium\u201d ha affidato lo sport.<\/p>\n<p>Con la libert\u00e0 dello stile sportivo, gli appuntamenti con alcuni tra i protagonisti assoluti dello sport saranno resi noti di volta in volta, fuori da schemi prefissati. Secondo lo stile vissuto nel dialogo proprio tra il cardinale Jos\u00e9 Tolentino de Mendon\u00e7a e Jos\u00e9 Mourinho, allenatore della As Roma, il 29 marzo 2022, su iniziativa de <strong>L\u2019Osservatore Romano<\/strong>.<\/p>\n<p>*Per partecipare: protocollo@athleticavaticana.org<\/p>\n<p>MODALIT\u00c0 DI ACCREDITAMENTO PER LA STAMPA &#8211; I giornalisti e gli operatori media che intendono partecipare devono inviare richiesta, entro 24 ore dall\u2019evento, attraverso il Sistema di accreditamento online della Sala Stampa della Santa Sede, all\u2019indirizzo:<br \/>\npress.vatican.va\/accreditamenti<\/p>\n","protected":false},"excerpt":{"rendered":"<p>Il primo incontro mercoled\u00ec 15 marzo: Campione olimpico Filippo Tortu<\/p>\n","protected":false},"author":17,"featured_media":71214,"comment_status":"closed","ping_status":"closed","sticky":false,"template":"","format":"standard","meta":{"_acf_changed":false,"_crdt_document":"","inline_featured_image":false,"footnotes":""},"categories":[73],"tags":[7378,6292],"class_list":["post-71212","post","type-post","status-publish","format-standard","has-post-thumbnail","hentry","category-chiesa-e-mondo","tag-del-dicastero-per-la-cultura-e-leducazione","tag-sport-in-vaticano"],"acf":[],"yoast_head":"<!-- This site is optimized with the Yoast SEO plugin v27.5 - https:\/\/yoast.com\/product\/yoast-seo-wordpress\/ -->\n<title>\u201cQuando lo sport ti fa pi\u00f9 nobile\u201d \u00e8 l\u2019espressione di Papa &#8211; Exaudi<\/title>\n<meta name=\"robots\" content=\"index, follow, max-snippet:-1, max-image-preview:large, max-video-preview:-1\" \/>\n<link rel=\"canonical\" href=\"https:\/\/exaudi.org\/it\/quando-lo-sport-ti-fa-piu-nobile-e-lespressione-di-papa\/\" \/>\n<meta property=\"og:locale\" content=\"it_IT\" \/>\n<meta property=\"og:type\" content=\"article\" \/>\n<meta property=\"og:title\" content=\"\u201cQuando lo sport ti fa pi\u00f9 nobile\u201d \u00e8 l\u2019espressione di Papa &#8211; Exaudi\" \/>\n<meta property=\"og:description\" content=\"Il primo incontro mercoled\u00ec 15 marzo: Campione olimpico Filippo Tortu\" \/>\n<meta property=\"og:url\" content=\"https:\/\/exaudi.org\/it\/quando-lo-sport-ti-fa-piu-nobile-e-lespressione-di-papa\/\" \/>\n<meta property=\"og:site_name\" content=\"Exaudi\" \/>\n<meta property=\"article:publisher\" content=\"https:\/\/www.facebook.com\/ExaudiNews\" \/>\n<meta property=\"article:author\" content=\"https:\/\/www.facebook.com\/ExaudiNotizie\/\" \/>\n<meta property=\"article:published_time\" content=\"2023-02-28T18:02:21+00:00\" \/>\n<meta property=\"og:image\" content=\"https:\/\/exaudi.org\/wp-content\/uploads\/2023\/02\/thumbnail_Quando-lo-sport-ti-fa-piu\u0300-nobile_Locandina.jpg\" \/>\n\t<meta property=\"og:image:width\" content=\"904\" \/>\n\t<meta property=\"og:image:height\" content=\"1280\" \/>\n\t<meta property=\"og:image:type\" content=\"image\/jpeg\" \/>\n<meta name=\"author\" content=\"Exaudi Redazione\" \/>\n<meta name=\"twitter:card\" content=\"summary_large_image\" \/>\n<meta name=\"twitter:creator\" content=\"@Exaudi_Notizie\" \/>\n<meta name=\"twitter:site\" content=\"@Exaudi_News\" \/>\n<meta name=\"twitter:label1\" content=\"Scritto da\" \/>\n\t<meta name=\"twitter:data1\" content=\"Exaudi Redazione\" \/>\n\t<meta name=\"twitter:label2\" content=\"Tempo di lettura stimato\" \/>\n\t<meta name=\"twitter:data2\" content=\"2 minuti\" \/>\n<script type=\"application\/ld+json\" class=\"yoast-schema-graph\">{\"@context\":\"https:\\\/\\\/schema.org\",\"@graph\":[{\"@type\":\"Article\",\"@id\":\"https:\\\/\\\/exaudi.org\\\/it\\\/quando-lo-sport-ti-fa-piu-nobile-e-lespressione-di-papa\\\/#article\",\"isPartOf\":{\"@id\":\"https:\\\/\\\/exaudi.org\\\/it\\\/quando-lo-sport-ti-fa-piu-nobile-e-lespressione-di-papa\\\/\"},\"author\":{\"name\":\"Exaudi Redazione\",\"@id\":\"https:\\\/\\\/exaudi.org\\\/#\\\/schema\\\/person\\\/e1ab6ed07c01774724dd96f925f3a5f0\"},\"headline\":\"\u201cQuando lo sport ti fa pi\u00f9 nobile\u201d \u00e8 l\u2019espressione di Papa\",\"datePublished\":\"2023-02-28T18:02:21+00:00\",\"mainEntityOfPage\":{\"@id\":\"https:\\\/\\\/exaudi.org\\\/it\\\/quando-lo-sport-ti-fa-piu-nobile-e-lespressione-di-papa\\\/\"},\"wordCount\":382,\"image\":{\"@id\":\"https:\\\/\\\/exaudi.org\\\/it\\\/quando-lo-sport-ti-fa-piu-nobile-e-lespressione-di-papa\\\/#primaryimage\"},\"thumbnailUrl\":\"https:\\\/\\\/exaudi.org\\\/wp-content\\\/uploads\\\/2023\\\/02\\\/thumbnail_Quando-lo-sport-ti-fa-piu\u0300-nobile_Locandina.jpg\",\"keywords\":[\"del Dicastero per la Cultura e l'Educazione\",\"sport in Vaticano\"],\"articleSection\":[\"Chiesa e Mondo\"],\"inLanguage\":\"it-IT\"},{\"@type\":\"WebPage\",\"@id\":\"https:\\\/\\\/exaudi.org\\\/it\\\/quando-lo-sport-ti-fa-piu-nobile-e-lespressione-di-papa\\\/\",\"url\":\"https:\\\/\\\/exaudi.org\\\/it\\\/quando-lo-sport-ti-fa-piu-nobile-e-lespressione-di-papa\\\/\",\"name\":\"\u201cQuando lo sport ti fa pi\u00f9 nobile\u201d \u00e8 l\u2019espressione di Papa &#8211; Exaudi\",\"isPartOf\":{\"@id\":\"https:\\\/\\\/exaudi.org\\\/#website\"},\"primaryImageOfPage\":{\"@id\":\"https:\\\/\\\/exaudi.org\\\/it\\\/quando-lo-sport-ti-fa-piu-nobile-e-lespressione-di-papa\\\/#primaryimage\"},\"image\":{\"@id\":\"https:\\\/\\\/exaudi.org\\\/it\\\/quando-lo-sport-ti-fa-piu-nobile-e-lespressione-di-papa\\\/#primaryimage\"},\"thumbnailUrl\":\"https:\\\/\\\/exaudi.org\\\/wp-content\\\/uploads\\\/2023\\\/02\\\/thumbnail_Quando-lo-sport-ti-fa-piu\u0300-nobile_Locandina.jpg\",\"datePublished\":\"2023-02-28T18:02:21+00:00\",\"author\":{\"@id\":\"https:\\\/\\\/exaudi.org\\\/#\\\/schema\\\/person\\\/e1ab6ed07c01774724dd96f925f3a5f0\"},\"breadcrumb\":{\"@id\":\"https:\\\/\\\/exaudi.org\\\/it\\\/quando-lo-sport-ti-fa-piu-nobile-e-lespressione-di-papa\\\/#breadcrumb\"},\"inLanguage\":\"it-IT\",\"potentialAction\":[{\"@type\":\"ReadAction\",\"target\":[\"https:\\\/\\\/exaudi.org\\\/it\\\/quando-lo-sport-ti-fa-piu-nobile-e-lespressione-di-papa\\\/\"]}]},{\"@type\":\"ImageObject\",\"inLanguage\":\"it-IT\",\"@id\":\"https:\\\/\\\/exaudi.org\\\/it\\\/quando-lo-sport-ti-fa-piu-nobile-e-lespressione-di-papa\\\/#primaryimage\",\"url\":\"https:\\\/\\\/exaudi.org\\\/wp-content\\\/uploads\\\/2023\\\/02\\\/thumbnail_Quando-lo-sport-ti-fa-piu\u0300-nobile_Locandina.jpg\",\"contentUrl\":\"https:\\\/\\\/exaudi.org\\\/wp-content\\\/uploads\\\/2023\\\/02\\\/thumbnail_Quando-lo-sport-ti-fa-piu\u0300-nobile_Locandina.jpg\",\"width\":904,\"height\":1280,\"caption\":\"Holy see press office\"},{\"@type\":\"BreadcrumbList\",\"@id\":\"https:\\\/\\\/exaudi.org\\\/it\\\/quando-lo-sport-ti-fa-piu-nobile-e-lespressione-di-papa\\\/#breadcrumb\",\"itemListElement\":[{\"@type\":\"ListItem\",\"position\":1,\"name\":\"Portada\",\"item\":\"https:\\\/\\\/exaudi.org\\\/it\\\/\"},{\"@type\":\"ListItem\",\"position\":2,\"name\":\"\u201cQuando lo sport ti fa pi\u00f9 nobile\u201d \u00e8 l\u2019espressione di Papa\"}]},{\"@type\":\"WebSite\",\"@id\":\"https:\\\/\\\/exaudi.org\\\/#website\",\"url\":\"https:\\\/\\\/exaudi.org\\\/\",\"name\":\"Exaudi\",\"description\":\"News\",\"potentialAction\":[{\"@type\":\"SearchAction\",\"target\":{\"@type\":\"EntryPoint\",\"urlTemplate\":\"https:\\\/\\\/exaudi.org\\\/?s={search_term_string}\"},\"query-input\":{\"@type\":\"PropertyValueSpecification\",\"valueRequired\":true,\"valueName\":\"search_term_string\"}}],\"inLanguage\":\"it-IT\"},{\"@type\":\"Person\",\"@id\":\"https:\\\/\\\/exaudi.org\\\/#\\\/schema\\\/person\\\/e1ab6ed07c01774724dd96f925f3a5f0\",\"name\":\"Exaudi Redazione\",\"image\":{\"@type\":\"ImageObject\",\"inLanguage\":\"it-IT\",\"@id\":\"https:\\\/\\\/secure.gravatar.com\\\/avatar\\\/ad6774b3ada023bf5b939d64f45c94b3adf91502dd883507d469b4308a943bb3?s=96&d=mm&r=g\",\"url\":\"https:\\\/\\\/secure.gravatar.com\\\/avatar\\\/ad6774b3ada023bf5b939d64f45c94b3adf91502dd883507d469b4308a943bb3?s=96&d=mm&r=g\",\"contentUrl\":\"https:\\\/\\\/secure.gravatar.com\\\/avatar\\\/ad6774b3ada023bf5b939d64f45c94b3adf91502dd883507d469b4308a943bb3?s=96&d=mm&r=g\",\"caption\":\"Exaudi Redazione\"},\"description\":\"Che cosa \u00e8 Exaudi News? Exaudi News \u00e8 un agenzia cattolica internazionale che informa, istruisce e trasforma quotidianamente in spagnolo, inglese e italiano. Attraverso notizie, articoli di analisi e trasmissioni in diretta degli eventi del Papa, Exaudi cerca di rafforzare l'unit\u00e0 dei cristiani e di contribuire all'evangelizzazione del mondo, sempre guidato dalla dottrina sociale della Chiesa. Lavoriamo per portare la verit\u00e0 e i valori cristiani in ogni angolo del pianeta. Aiutaci a trasformare il mondo con Exaudi! Noi di Exaudi crediamo che l'evangelizzazione e l'informazione di qualit\u00e0 possano cambiare la vita. Per continuare la nostra missione ed espandere la nostra portata, abbiamo bisogno del tuo aiuto. Stiamo anche cercando persone motivate che vogliano unirsi al nostro team. Grazie al vostro sostegno raggiungeremo pi\u00f9 persone, diffonderemo il messaggio di Cristo e rafforzeremo l'unit\u00e0 dei cristiani. Vuoi unirti alla nostra missione? Per maggiori informazioni su come contribuire, visita Exaudi.org\\\/it o contattaci direttamente: info@exaudi.org Exaudi: informa, forma e trasforma.\",\"sameAs\":[\"https:\\\/\\\/www.facebook.com\\\/ExaudiNotizie\\\/\",\"https:\\\/\\\/www.instagram.com\\\/Exaudi_notizie\\\/\",\"https:\\\/\\\/x.com\\\/Exaudi_Notizie\",\"https:\\\/\\\/www.youtube.com\\\/@exaudicatholicnews\"],\"url\":\"https:\\\/\\\/exaudi.org\\\/it\\\/author\\\/dlvedi-org\\\/\"}]}<\/script>\n<!-- \/ Yoast SEO plugin. -->","yoast_head_json":{"title":"\u201cQuando lo sport ti fa pi\u00f9 nobile\u201d \u00e8 l\u2019espressione di Papa &#8211; Exaudi","robots":{"index":"index","follow":"follow","max-snippet":"max-snippet:-1","max-image-preview":"max-image-preview:large","max-video-preview":"max-video-preview:-1"},"canonical":"https:\/\/exaudi.org\/it\/quando-lo-sport-ti-fa-piu-nobile-e-lespressione-di-papa\/","og_locale":"it_IT","og_type":"article","og_title":"\u201cQuando lo sport ti fa pi\u00f9 nobile\u201d \u00e8 l\u2019espressione di Papa &#8211; Exaudi","og_description":"Il primo incontro mercoled\u00ec 15 marzo: Campione olimpico Filippo Tortu","og_url":"https:\/\/exaudi.org\/it\/quando-lo-sport-ti-fa-piu-nobile-e-lespressione-di-papa\/","og_site_name":"Exaudi","article_publisher":"https:\/\/www.facebook.com\/ExaudiNews","article_author":"https:\/\/www.facebook.com\/ExaudiNotizie\/","article_published_time":"2023-02-28T18:02:21+00:00","og_image":[{"width":904,"height":1280,"url":"https:\/\/exaudi.org\/wp-content\/uploads\/2023\/02\/thumbnail_Quando-lo-sport-ti-fa-piu\u0300-nobile_Locandina.jpg","type":"image\/jpeg"}],"author":"Exaudi Redazione","twitter_card":"summary_large_image","twitter_creator":"@Exaudi_Notizie","twitter_site":"@Exaudi_News","twitter_misc":{"Scritto da":"Exaudi Redazione","Tempo di lettura stimato":"2 minuti"},"schema":{"@context":"https:\/\/schema.org","@graph":[{"@type":"Article","@id":"https:\/\/exaudi.org\/it\/quando-lo-sport-ti-fa-piu-nobile-e-lespressione-di-papa\/#article","isPartOf":{"@id":"https:\/\/exaudi.org\/it\/quando-lo-sport-ti-fa-piu-nobile-e-lespressione-di-papa\/"},"author":{"name":"Exaudi Redazione","@id":"https:\/\/exaudi.org\/#\/schema\/person\/e1ab6ed07c01774724dd96f925f3a5f0"},"headline":"\u201cQuando lo sport ti fa pi\u00f9 nobile\u201d \u00e8 l\u2019espressione di Papa","datePublished":"2023-02-28T18:02:21+00:00","mainEntityOfPage":{"@id":"https:\/\/exaudi.org\/it\/quando-lo-sport-ti-fa-piu-nobile-e-lespressione-di-papa\/"},"wordCount":382,"image":{"@id":"https:\/\/exaudi.org\/it\/quando-lo-sport-ti-fa-piu-nobile-e-lespressione-di-papa\/#primaryimage"},"thumbnailUrl":"https:\/\/exaudi.org\/wp-content\/uploads\/2023\/02\/thumbnail_Quando-lo-sport-ti-fa-piu\u0300-nobile_Locandina.jpg","keywords":["del Dicastero per la Cultura e l'Educazione","sport in Vaticano"],"articleSection":["Chiesa e Mondo"],"inLanguage":"it-IT"},{"@type":"WebPage","@id":"https:\/\/exaudi.org\/it\/quando-lo-sport-ti-fa-piu-nobile-e-lespressione-di-papa\/","url":"https:\/\/exaudi.org\/it\/quando-lo-sport-ti-fa-piu-nobile-e-lespressione-di-papa\/","name":"\u201cQuando lo sport ti fa pi\u00f9 nobile\u201d \u00e8 l\u2019espressione di Papa &#8211; Exaudi","isPartOf":{"@id":"https:\/\/exaudi.org\/#website"},"primaryImageOfPage":{"@id":"https:\/\/exaudi.org\/it\/quando-lo-sport-ti-fa-piu-nobile-e-lespressione-di-papa\/#primaryimage"},"image":{"@id":"https:\/\/exaudi.org\/it\/quando-lo-sport-ti-fa-piu-nobile-e-lespressione-di-papa\/#primaryimage"},"thumbnailUrl":"https:\/\/exaudi.org\/wp-content\/uploads\/2023\/02\/thumbnail_Quando-lo-sport-ti-fa-piu\u0300-nobile_Locandina.jpg","datePublished":"2023-02-28T18:02:21+00:00","author":{"@id":"https:\/\/exaudi.org\/#\/schema\/person\/e1ab6ed07c01774724dd96f925f3a5f0"},"breadcrumb":{"@id":"https:\/\/exaudi.org\/it\/quando-lo-sport-ti-fa-piu-nobile-e-lespressione-di-papa\/#breadcrumb"},"inLanguage":"it-IT","potentialAction":[{"@type":"ReadAction","target":["https:\/\/exaudi.org\/it\/quando-lo-sport-ti-fa-piu-nobile-e-lespressione-di-papa\/"]}]},{"@type":"ImageObject","inLanguage":"it-IT","@id":"https:\/\/exaudi.org\/it\/quando-lo-sport-ti-fa-piu-nobile-e-lespressione-di-papa\/#primaryimage","url":"https:\/\/exaudi.org\/wp-content\/uploads\/2023\/02\/thumbnail_Quando-lo-sport-ti-fa-piu\u0300-nobile_Locandina.jpg","contentUrl":"https:\/\/exaudi.org\/wp-content\/uploads\/2023\/02\/thumbnail_Quando-lo-sport-ti-fa-piu\u0300-nobile_Locandina.jpg","width":904,"height":1280,"caption":"Holy see press office"},{"@type":"BreadcrumbList","@id":"https:\/\/exaudi.org\/it\/quando-lo-sport-ti-fa-piu-nobile-e-lespressione-di-papa\/#breadcrumb","itemListElement":[{"@type":"ListItem","position":1,"name":"Portada","item":"https:\/\/exaudi.org\/it\/"},{"@type":"ListItem","position":2,"name":"\u201cQuando lo sport ti fa pi\u00f9 nobile\u201d \u00e8 l\u2019espressione di Papa"}]},{"@type":"WebSite","@id":"https:\/\/exaudi.org\/#website","url":"https:\/\/exaudi.org\/","name":"Exaudi","description":"News","potentialAction":[{"@type":"SearchAction","target":{"@type":"EntryPoint","urlTemplate":"https:\/\/exaudi.org\/?s={search_term_string}"},"query-input":{"@type":"PropertyValueSpecification","valueRequired":true,"valueName":"search_term_string"}}],"inLanguage":"it-IT"},{"@type":"Person","@id":"https:\/\/exaudi.org\/#\/schema\/person\/e1ab6ed07c01774724dd96f925f3a5f0","name":"Exaudi Redazione","image":{"@type":"ImageObject","inLanguage":"it-IT","@id":"https:\/\/secure.gravatar.com\/avatar\/ad6774b3ada023bf5b939d64f45c94b3adf91502dd883507d469b4308a943bb3?s=96&d=mm&r=g","url":"https:\/\/secure.gravatar.com\/avatar\/ad6774b3ada023bf5b939d64f45c94b3adf91502dd883507d469b4308a943bb3?s=96&d=mm&r=g","contentUrl":"https:\/\/secure.gravatar.com\/avatar\/ad6774b3ada023bf5b939d64f45c94b3adf91502dd883507d469b4308a943bb3?s=96&d=mm&r=g","caption":"Exaudi Redazione"},"description":"Che cosa \u00e8 Exaudi News? Exaudi News \u00e8 un agenzia cattolica internazionale che informa, istruisce e trasforma quotidianamente in spagnolo, inglese e italiano. Attraverso notizie, articoli di analisi e trasmissioni in diretta degli eventi del Papa, Exaudi cerca di rafforzare l'unit\u00e0 dei cristiani e di contribuire all'evangelizzazione del mondo, sempre guidato dalla dottrina sociale della Chiesa. Lavoriamo per portare la verit\u00e0 e i valori cristiani in ogni angolo del pianeta. Aiutaci a trasformare il mondo con Exaudi! Noi di Exaudi crediamo che l'evangelizzazione e l'informazione di qualit\u00e0 possano cambiare la vita. Per continuare la nostra missione ed espandere la nostra portata, abbiamo bisogno del tuo aiuto. Stiamo anche cercando persone motivate che vogliano unirsi al nostro team. Grazie al vostro sostegno raggiungeremo pi\u00f9 persone, diffonderemo il messaggio di Cristo e rafforzeremo l'unit\u00e0 dei cristiani. Vuoi unirti alla nostra missione? Per maggiori informazioni su come contribuire, visita Exaudi.org\/it o contattaci direttamente: info@exaudi.org Exaudi: informa, forma e trasforma.","sameAs":["https:\/\/www.facebook.com\/ExaudiNotizie\/","https:\/\/www.instagram.com\/Exaudi_notizie\/","https:\/\/x.com\/Exaudi_Notizie","https:\/\/www.youtube.com\/@exaudicatholicnews"],"url":"https:\/\/exaudi.org\/it\/author\/dlvedi-org\/"}]}},"jetpack_featured_media_url":"https:\/\/exaudi.org\/wp-content\/uploads\/2023\/02\/thumbnail_Quando-lo-sport-ti-fa-piu\u0300-nobile_Locandina.jpg","jetpack_shortlink":"https:\/\/wp.me\/pgKjF2-iwA","_links":{"self":[{"href":"https:\/\/exaudi.org\/it\/wp-json\/wp\/v2\/posts\/71212","targetHints":{"allow":["GET"]}}],"collection":[{"href":"https:\/\/exaudi.org\/it\/wp-json\/wp\/v2\/posts"}],"about":[{"href":"https:\/\/exaudi.org\/it\/wp-json\/wp\/v2\/types\/post"}],"author":[{"embeddable":true,"href":"https:\/\/exaudi.org\/it\/wp-json\/wp\/v2\/users\/17"}],"replies":[{"embeddable":true,"href":"https:\/\/exaudi.org\/it\/wp-json\/wp\/v2\/comments?post=71212"}],"version-history":[{"count":0,"href":"https:\/\/exaudi.org\/it\/wp-json\/wp\/v2\/posts\/71212\/revisions"}],"wp:featuredmedia":[{"embeddable":true,"href":"https:\/\/exaudi.org\/it\/wp-json\/wp\/v2\/media\/71214"}],"wp:attachment":[{"href":"https:\/\/exaudi.org\/it\/wp-json\/wp\/v2\/media?parent=71212"}],"wp:term":[{"taxonomy":"category","embeddable":true,"href":"https:\/\/exaudi.org\/it\/wp-json\/wp\/v2\/categories?post=71212"},{"taxonomy":"post_tag","embeddable":true,"href":"https:\/\/exaudi.org\/it\/wp-json\/wp\/v2\/tags?post=71212"}],"curies":[{"name":"wp","href":"https:\/\/api.w.org\/{rel}","templated":true}]}}