{"id":71139,"date":"2023-02-27T17:44:30","date_gmt":"2023-02-27T16:44:30","guid":{"rendered":"https:\/\/exaudi.org\/?p=71139"},"modified":"2023-02-27T17:44:30","modified_gmt":"2023-02-27T16:44:30","slug":"ungheria-il-papa-accetta-linvito-delle-autorita-civili-ed-ecclesiastiche","status":"publish","type":"post","link":"https:\/\/exaudi.org\/it\/ungheria-il-papa-accetta-linvito-delle-autorita-civili-ed-ecclesiastiche\/","title":{"rendered":"Ungheria: il Papa accetta l&#8217;invito delle autorit\u00e0 civili ed ecclesiastiche"},"content":{"rendered":"<p>Dichiarazione del Direttore della Sala Stampa della Santa Sede, Matteo Bruni,<\/p>\n<p><b><u>Testo<\/u><\/b><\/p>\n<p>Accogliendo l\u2019invito delle autorit\u00e0 civili ed ecclesiali, Papa Francesco compir\u00e0 un Viaggio Apostolico in Ungheria dal 28 al 30 aprile 2023, visitando la citt\u00e0 di Budapest.<\/p>\n<p><strong>Programma<\/strong><\/p>\n<p><strong>Venerd\u00ec 28 aprile 2023<\/strong><br \/>\n<strong>ROMA \u2013 BUDAPEST<\/strong><\/p>\n<p>08:10 Partenza in aereo dall\u2019Aeroporto Internazionale di Roma\/Fiumicino per Budapest<br \/>\n10:00 Arrivo all&#8217;Aeroporto Internazionale di Budapest<br \/>\n10:00 <strong>ACCOGLIENZA UFFICIALE<\/strong><br \/>\n11:00 <strong>CERIMONIA DI BENVENUTO<\/strong> nel piazzale del Palazzo \u201cS\u00e1ndor\u201d<br \/>\n11:30 <strong>VISITA DI CORTESIA ALLA PRESIDENTE DELLA REPUBBLICA<\/strong> nel Palazzo \u201cS\u00e1ndor\u201d<br \/>\n11:55 <strong>INCONTRO CON IL PRIMO MINISTRO<\/strong><br \/>\n12:20 <strong>INCONTRO CON LE AUTORIT\u00c0, CON LA SOCIET\u00c0 CIVILE E CON IL CORPO DIPLOMATICO<\/strong> nell\u2019ex Monastero Carmelitano<br \/>\n<strong>Discorso del Santo Padre<\/strong><br \/>\n17:00 <strong>INCONTRO CON I VESCOVI, I SACERDOTI, I DIACONI, I CONSACRATI, LE CONSACRATE, I SEMINARISTI E GLI OPERATORI PASTORALI<\/strong> nella Concattedrale di Santo Stefano<br \/>\n<strong>Discorso del Santo Padre<\/strong><\/p>\n<p><strong>Sabato 29 aprile 2023<\/strong><br \/>\n<strong>BUDAPEST<\/strong><br \/>\n08:45 <strong>VISITA PRIVATA AI BAMBINI DELL\u2019ISTITUTO \u201cBEATO L\u00c1SZL\u00d3 BATTHY\u00c1NY-STRATTMANN\u201d<\/strong><br \/>\n10:15 <strong>INCONTRO CON I POVERI E CON I RIFUGIATI<\/strong> presso la Chiesa di Santa Elisabetta d&#8217;Ungheria<br \/>\n<strong>Discorso del Santo Padre<\/strong><br \/>\n16:30 <strong>INCONTRO CON I GIOVANI<\/strong> presso la \u201cPapp L\u00e1szl\u00f3 Budapest Sportar\u00e9na\u201d<br \/>\n<strong>Discorso del Santo Padre<\/strong><br \/>\n18:00<strong> INCONTRO PRIVATO CON I MEMBRI DELLA COMPAGNIA DI GES\u00d9<\/strong> presso la Nunziatura Apostolica<\/p>\n<p><strong>Domenica 30 aprile 2023<\/strong><br \/>\n<strong>BUDAPEST \u2013 ROMA<\/strong><br \/>\n09:30 <strong>SANTA MESSA<\/strong> nella Piazza Kossuth Lajos<br \/>\n<strong>Omelia del Santo Padre<\/strong><br \/>\n<strong>Regina Caeli<\/strong><br \/>\n16:00 <strong>INCONTRO CON IL MONDO UNIVERSITARIO E DELLA CULTURA<\/strong> presso la Facolt\u00e0 di Informatica e Scienze Bioniche dell&#8217;Universit\u00e0 Cattolica \u201cP\u00e9ter P\u00e1zm\u00e1ny\u201d<br \/>\n<strong>Discorso del Santo Padre<\/strong><br \/>\n17:30 <strong>CERIMONIA DI CONGEDO<\/strong> presso l&#8217;Aeroporto Internazionale di Budapest<br \/>\n18:00 Partenza in aereo dall&#8217;Aeroporto Internazionale di Budapest per Roma<br \/>\n19:55 Arrivo all&#8217;Aeroporto Internazionale di Roma\/Fiumicino<\/p>\n<p>Si avvertono i giornalisti accreditati che sono aperte le iscrizioni per la richiesta di ammissione al Volo Papale per l\u2019annunciato Viaggio Apostolico di Sua Santit\u00e0 Francesco in Ungheria, che si svolger\u00e0 nei giorni dal 28 al 30 aprile 2023, con il seguente itinerario:<\/p>\n<p><strong>Venerd\u00ec 28 aprile 2023<\/strong><br \/>\nRoma\/Fiumicino \u2013 Budapest (990km, 1h 50&#8242;, ITA Airways)<br \/>\n<strong>Domenica 30 aprile 2023<\/strong><br \/>\nBudapest \u2013 Roma\/Fiumicino (978km, 1h 55&#8242;, ITA Airways)<br \/>\nFuso orario<br \/>\nRoma: +2h UTC<br \/>\nBudapest: +2h UTC<\/p>\n<p>Il programma indicativo del Viaggio Apostolico di Sua Santit\u00e0 Francesco in Ungheria, \u00e8 pubblicato sul Bollettino N. 169 di luned\u00ec, 27 febbraio 2023.<\/p>\n<p>La richiesta di ammissione al Volo Papale pu\u00f2 essere effettuata <strong>unicamente tramite il Sistema di accreditamento online della Sala Stampa della Santa Sede alla pagina internet press.vatican.va\/accreditamenti<\/strong>, registrandosi come utenti al sistema o accedendo con le proprie credenziali e selezionando l\u2019evento corrispondente dal Calendario Eventi.<\/p>\n<p><strong>Il termine per la presentazione della richiesta di ammissione al Volo Papale \u00e8 venerd\u00ec, 3 marzo 2023, alle ore 12:00.<\/strong><\/p>\n","protected":false},"excerpt":{"rendered":"<p>Viaggio apostolico previsto per il 28-30 aprile 2023<\/p>\n","protected":false},"author":17,"featured_media":33651,"comment_status":"closed","ping_status":"closed","sticky":false,"template":"","format":"standard","meta":{"_acf_changed":false,"_crdt_document":"","inline_featured_image":false,"footnotes":""},"categories":[67,119],"tags":[1049,2487,251,4056],"class_list":["post-71139","post","type-post","status-publish","format-standard","has-post-thumbnail","hentry","category-leone-xiv","category-viaggi","tag-budapest","tag-featured-3","tag-papa-francesco","tag-ungheria"],"acf":[],"yoast_head":"<!-- This site is optimized with the Yoast SEO plugin v27.5 - https:\/\/yoast.com\/product\/yoast-seo-wordpress\/ -->\n<title>Ungheria: il Papa accetta l&#039;invito delle autorit\u00e0 civili ed ecclesiastiche &#8211; Exaudi<\/title>\n<meta name=\"robots\" content=\"index, follow, max-snippet:-1, max-image-preview:large, max-video-preview:-1\" \/>\n<link rel=\"canonical\" href=\"https:\/\/exaudi.org\/it\/ungheria-il-papa-accetta-linvito-delle-autorita-civili-ed-ecclesiastiche\/\" \/>\n<meta property=\"og:locale\" content=\"it_IT\" \/>\n<meta property=\"og:type\" content=\"article\" \/>\n<meta property=\"og:title\" content=\"Ungheria: il Papa accetta l&#039;invito delle autorit\u00e0 civili ed ecclesiastiche &#8211; Exaudi\" \/>\n<meta property=\"og:description\" content=\"Viaggio apostolico previsto per il 28-30 aprile 2023\" \/>\n<meta property=\"og:url\" content=\"https:\/\/exaudi.org\/it\/ungheria-il-papa-accetta-linvito-delle-autorita-civili-ed-ecclesiastiche\/\" \/>\n<meta property=\"og:site_name\" content=\"Exaudi\" \/>\n<meta property=\"article:publisher\" content=\"https:\/\/www.facebook.com\/ExaudiNews\" \/>\n<meta property=\"article:author\" content=\"https:\/\/www.facebook.com\/ExaudiNotizie\/\" \/>\n<meta property=\"article:published_time\" content=\"2023-02-27T16:44:30+00:00\" \/>\n<meta property=\"og:image\" content=\"https:\/\/exaudi.org\/wp-content\/uploads\/2021\/09\/cq5dam.web_.800.800-10-5.jpeg\" \/>\n\t<meta property=\"og:image:width\" content=\"800\" \/>\n\t<meta property=\"og:image:height\" content=\"533\" \/>\n\t<meta property=\"og:image:type\" content=\"image\/jpeg\" \/>\n<meta name=\"author\" content=\"Exaudi Redazione\" \/>\n<meta name=\"twitter:card\" content=\"summary_large_image\" \/>\n<meta name=\"twitter:creator\" content=\"@Exaudi_Notizie\" \/>\n<meta name=\"twitter:site\" content=\"@Exaudi_News\" \/>\n<meta name=\"twitter:label1\" content=\"Scritto da\" \/>\n\t<meta name=\"twitter:data1\" content=\"Exaudi Redazione\" \/>\n\t<meta name=\"twitter:label2\" content=\"Tempo di lettura stimato\" \/>\n\t<meta name=\"twitter:data2\" content=\"2 minuti\" \/>\n<script type=\"application\/ld+json\" class=\"yoast-schema-graph\">{\"@context\":\"https:\\\/\\\/schema.org\",\"@graph\":[{\"@type\":\"Article\",\"@id\":\"https:\\\/\\\/exaudi.org\\\/it\\\/ungheria-il-papa-accetta-linvito-delle-autorita-civili-ed-ecclesiastiche\\\/#article\",\"isPartOf\":{\"@id\":\"https:\\\/\\\/exaudi.org\\\/it\\\/ungheria-il-papa-accetta-linvito-delle-autorita-civili-ed-ecclesiastiche\\\/\"},\"author\":{\"name\":\"Exaudi Redazione\",\"@id\":\"https:\\\/\\\/exaudi.org\\\/#\\\/schema\\\/person\\\/e1ab6ed07c01774724dd96f925f3a5f0\"},\"headline\":\"Ungheria: il Papa accetta l&#8217;invito delle autorit\u00e0 civili ed ecclesiastiche\",\"datePublished\":\"2023-02-27T16:44:30+00:00\",\"mainEntityOfPage\":{\"@id\":\"https:\\\/\\\/exaudi.org\\\/it\\\/ungheria-il-papa-accetta-linvito-delle-autorita-civili-ed-ecclesiastiche\\\/\"},\"wordCount\":428,\"image\":{\"@id\":\"https:\\\/\\\/exaudi.org\\\/it\\\/ungheria-il-papa-accetta-linvito-delle-autorita-civili-ed-ecclesiastiche\\\/#primaryimage\"},\"thumbnailUrl\":\"https:\\\/\\\/exaudi.org\\\/wp-content\\\/uploads\\\/2021\\\/09\\\/cq5dam.web_.800.800-10-5.jpeg\",\"keywords\":[\"Budapest\",\"Featured\",\"Papa Francesco\",\"Ungheria\"],\"articleSection\":[\"Leone XIV\",\"Viaggi\"],\"inLanguage\":\"it-IT\"},{\"@type\":\"WebPage\",\"@id\":\"https:\\\/\\\/exaudi.org\\\/it\\\/ungheria-il-papa-accetta-linvito-delle-autorita-civili-ed-ecclesiastiche\\\/\",\"url\":\"https:\\\/\\\/exaudi.org\\\/it\\\/ungheria-il-papa-accetta-linvito-delle-autorita-civili-ed-ecclesiastiche\\\/\",\"name\":\"Ungheria: il Papa accetta l'invito delle autorit\u00e0 civili ed ecclesiastiche &#8211; Exaudi\",\"isPartOf\":{\"@id\":\"https:\\\/\\\/exaudi.org\\\/#website\"},\"primaryImageOfPage\":{\"@id\":\"https:\\\/\\\/exaudi.org\\\/it\\\/ungheria-il-papa-accetta-linvito-delle-autorita-civili-ed-ecclesiastiche\\\/#primaryimage\"},\"image\":{\"@id\":\"https:\\\/\\\/exaudi.org\\\/it\\\/ungheria-il-papa-accetta-linvito-delle-autorita-civili-ed-ecclesiastiche\\\/#primaryimage\"},\"thumbnailUrl\":\"https:\\\/\\\/exaudi.org\\\/wp-content\\\/uploads\\\/2021\\\/09\\\/cq5dam.web_.800.800-10-5.jpeg\",\"datePublished\":\"2023-02-27T16:44:30+00:00\",\"author\":{\"@id\":\"https:\\\/\\\/exaudi.org\\\/#\\\/schema\\\/person\\\/e1ab6ed07c01774724dd96f925f3a5f0\"},\"breadcrumb\":{\"@id\":\"https:\\\/\\\/exaudi.org\\\/it\\\/ungheria-il-papa-accetta-linvito-delle-autorita-civili-ed-ecclesiastiche\\\/#breadcrumb\"},\"inLanguage\":\"it-IT\",\"potentialAction\":[{\"@type\":\"ReadAction\",\"target\":[\"https:\\\/\\\/exaudi.org\\\/it\\\/ungheria-il-papa-accetta-linvito-delle-autorita-civili-ed-ecclesiastiche\\\/\"]}]},{\"@type\":\"ImageObject\",\"inLanguage\":\"it-IT\",\"@id\":\"https:\\\/\\\/exaudi.org\\\/it\\\/ungheria-il-papa-accetta-linvito-delle-autorita-civili-ed-ecclesiastiche\\\/#primaryimage\",\"url\":\"https:\\\/\\\/exaudi.org\\\/wp-content\\\/uploads\\\/2021\\\/09\\\/cq5dam.web_.800.800-10-5.jpeg\",\"contentUrl\":\"https:\\\/\\\/exaudi.org\\\/wp-content\\\/uploads\\\/2021\\\/09\\\/cq5dam.web_.800.800-10-5.jpeg\",\"width\":800,\"height\":533,\"caption\":\"Foto d'archivio \u00a9 Vatican Media\"},{\"@type\":\"BreadcrumbList\",\"@id\":\"https:\\\/\\\/exaudi.org\\\/it\\\/ungheria-il-papa-accetta-linvito-delle-autorita-civili-ed-ecclesiastiche\\\/#breadcrumb\",\"itemListElement\":[{\"@type\":\"ListItem\",\"position\":1,\"name\":\"Portada\",\"item\":\"https:\\\/\\\/exaudi.org\\\/it\\\/\"},{\"@type\":\"ListItem\",\"position\":2,\"name\":\"Ungheria: il Papa accetta l&#8217;invito delle autorit\u00e0 civili ed ecclesiastiche\"}]},{\"@type\":\"WebSite\",\"@id\":\"https:\\\/\\\/exaudi.org\\\/#website\",\"url\":\"https:\\\/\\\/exaudi.org\\\/\",\"name\":\"Exaudi\",\"description\":\"News\",\"potentialAction\":[{\"@type\":\"SearchAction\",\"target\":{\"@type\":\"EntryPoint\",\"urlTemplate\":\"https:\\\/\\\/exaudi.org\\\/?s={search_term_string}\"},\"query-input\":{\"@type\":\"PropertyValueSpecification\",\"valueRequired\":true,\"valueName\":\"search_term_string\"}}],\"inLanguage\":\"it-IT\"},{\"@type\":\"Person\",\"@id\":\"https:\\\/\\\/exaudi.org\\\/#\\\/schema\\\/person\\\/e1ab6ed07c01774724dd96f925f3a5f0\",\"name\":\"Exaudi Redazione\",\"image\":{\"@type\":\"ImageObject\",\"inLanguage\":\"it-IT\",\"@id\":\"https:\\\/\\\/secure.gravatar.com\\\/avatar\\\/ad6774b3ada023bf5b939d64f45c94b3adf91502dd883507d469b4308a943bb3?s=96&d=mm&r=g\",\"url\":\"https:\\\/\\\/secure.gravatar.com\\\/avatar\\\/ad6774b3ada023bf5b939d64f45c94b3adf91502dd883507d469b4308a943bb3?s=96&d=mm&r=g\",\"contentUrl\":\"https:\\\/\\\/secure.gravatar.com\\\/avatar\\\/ad6774b3ada023bf5b939d64f45c94b3adf91502dd883507d469b4308a943bb3?s=96&d=mm&r=g\",\"caption\":\"Exaudi Redazione\"},\"description\":\"Che cosa \u00e8 Exaudi News? Exaudi News \u00e8 un agenzia cattolica internazionale che informa, istruisce e trasforma quotidianamente in spagnolo, inglese e italiano. Attraverso notizie, articoli di analisi e trasmissioni in diretta degli eventi del Papa, Exaudi cerca di rafforzare l'unit\u00e0 dei cristiani e di contribuire all'evangelizzazione del mondo, sempre guidato dalla dottrina sociale della Chiesa. Lavoriamo per portare la verit\u00e0 e i valori cristiani in ogni angolo del pianeta. Aiutaci a trasformare il mondo con Exaudi! Noi di Exaudi crediamo che l'evangelizzazione e l'informazione di qualit\u00e0 possano cambiare la vita. Per continuare la nostra missione ed espandere la nostra portata, abbiamo bisogno del tuo aiuto. Stiamo anche cercando persone motivate che vogliano unirsi al nostro team. Grazie al vostro sostegno raggiungeremo pi\u00f9 persone, diffonderemo il messaggio di Cristo e rafforzeremo l'unit\u00e0 dei cristiani. Vuoi unirti alla nostra missione? Per maggiori informazioni su come contribuire, visita Exaudi.org\\\/it o contattaci direttamente: info@exaudi.org Exaudi: informa, forma e trasforma.\",\"sameAs\":[\"https:\\\/\\\/www.facebook.com\\\/ExaudiNotizie\\\/\",\"https:\\\/\\\/www.instagram.com\\\/Exaudi_notizie\\\/\",\"https:\\\/\\\/x.com\\\/Exaudi_Notizie\",\"https:\\\/\\\/www.youtube.com\\\/@exaudicatholicnews\"],\"url\":\"https:\\\/\\\/exaudi.org\\\/it\\\/author\\\/dlvedi-org\\\/\"}]}<\/script>\n<!-- \/ Yoast SEO plugin. -->","yoast_head_json":{"title":"Ungheria: il Papa accetta l'invito delle autorit\u00e0 civili ed ecclesiastiche &#8211; Exaudi","robots":{"index":"index","follow":"follow","max-snippet":"max-snippet:-1","max-image-preview":"max-image-preview:large","max-video-preview":"max-video-preview:-1"},"canonical":"https:\/\/exaudi.org\/it\/ungheria-il-papa-accetta-linvito-delle-autorita-civili-ed-ecclesiastiche\/","og_locale":"it_IT","og_type":"article","og_title":"Ungheria: il Papa accetta l'invito delle autorit\u00e0 civili ed ecclesiastiche &#8211; Exaudi","og_description":"Viaggio apostolico previsto per il 28-30 aprile 2023","og_url":"https:\/\/exaudi.org\/it\/ungheria-il-papa-accetta-linvito-delle-autorita-civili-ed-ecclesiastiche\/","og_site_name":"Exaudi","article_publisher":"https:\/\/www.facebook.com\/ExaudiNews","article_author":"https:\/\/www.facebook.com\/ExaudiNotizie\/","article_published_time":"2023-02-27T16:44:30+00:00","og_image":[{"width":800,"height":533,"url":"https:\/\/exaudi.org\/wp-content\/uploads\/2021\/09\/cq5dam.web_.800.800-10-5.jpeg","type":"image\/jpeg"}],"author":"Exaudi Redazione","twitter_card":"summary_large_image","twitter_creator":"@Exaudi_Notizie","twitter_site":"@Exaudi_News","twitter_misc":{"Scritto da":"Exaudi Redazione","Tempo di lettura stimato":"2 minuti"},"schema":{"@context":"https:\/\/schema.org","@graph":[{"@type":"Article","@id":"https:\/\/exaudi.org\/it\/ungheria-il-papa-accetta-linvito-delle-autorita-civili-ed-ecclesiastiche\/#article","isPartOf":{"@id":"https:\/\/exaudi.org\/it\/ungheria-il-papa-accetta-linvito-delle-autorita-civili-ed-ecclesiastiche\/"},"author":{"name":"Exaudi Redazione","@id":"https:\/\/exaudi.org\/#\/schema\/person\/e1ab6ed07c01774724dd96f925f3a5f0"},"headline":"Ungheria: il Papa accetta l&#8217;invito delle autorit\u00e0 civili ed ecclesiastiche","datePublished":"2023-02-27T16:44:30+00:00","mainEntityOfPage":{"@id":"https:\/\/exaudi.org\/it\/ungheria-il-papa-accetta-linvito-delle-autorita-civili-ed-ecclesiastiche\/"},"wordCount":428,"image":{"@id":"https:\/\/exaudi.org\/it\/ungheria-il-papa-accetta-linvito-delle-autorita-civili-ed-ecclesiastiche\/#primaryimage"},"thumbnailUrl":"https:\/\/exaudi.org\/wp-content\/uploads\/2021\/09\/cq5dam.web_.800.800-10-5.jpeg","keywords":["Budapest","Featured","Papa Francesco","Ungheria"],"articleSection":["Leone XIV","Viaggi"],"inLanguage":"it-IT"},{"@type":"WebPage","@id":"https:\/\/exaudi.org\/it\/ungheria-il-papa-accetta-linvito-delle-autorita-civili-ed-ecclesiastiche\/","url":"https:\/\/exaudi.org\/it\/ungheria-il-papa-accetta-linvito-delle-autorita-civili-ed-ecclesiastiche\/","name":"Ungheria: il Papa accetta l'invito delle autorit\u00e0 civili ed ecclesiastiche &#8211; Exaudi","isPartOf":{"@id":"https:\/\/exaudi.org\/#website"},"primaryImageOfPage":{"@id":"https:\/\/exaudi.org\/it\/ungheria-il-papa-accetta-linvito-delle-autorita-civili-ed-ecclesiastiche\/#primaryimage"},"image":{"@id":"https:\/\/exaudi.org\/it\/ungheria-il-papa-accetta-linvito-delle-autorita-civili-ed-ecclesiastiche\/#primaryimage"},"thumbnailUrl":"https:\/\/exaudi.org\/wp-content\/uploads\/2021\/09\/cq5dam.web_.800.800-10-5.jpeg","datePublished":"2023-02-27T16:44:30+00:00","author":{"@id":"https:\/\/exaudi.org\/#\/schema\/person\/e1ab6ed07c01774724dd96f925f3a5f0"},"breadcrumb":{"@id":"https:\/\/exaudi.org\/it\/ungheria-il-papa-accetta-linvito-delle-autorita-civili-ed-ecclesiastiche\/#breadcrumb"},"inLanguage":"it-IT","potentialAction":[{"@type":"ReadAction","target":["https:\/\/exaudi.org\/it\/ungheria-il-papa-accetta-linvito-delle-autorita-civili-ed-ecclesiastiche\/"]}]},{"@type":"ImageObject","inLanguage":"it-IT","@id":"https:\/\/exaudi.org\/it\/ungheria-il-papa-accetta-linvito-delle-autorita-civili-ed-ecclesiastiche\/#primaryimage","url":"https:\/\/exaudi.org\/wp-content\/uploads\/2021\/09\/cq5dam.web_.800.800-10-5.jpeg","contentUrl":"https:\/\/exaudi.org\/wp-content\/uploads\/2021\/09\/cq5dam.web_.800.800-10-5.jpeg","width":800,"height":533,"caption":"Foto d'archivio \u00a9 Vatican Media"},{"@type":"BreadcrumbList","@id":"https:\/\/exaudi.org\/it\/ungheria-il-papa-accetta-linvito-delle-autorita-civili-ed-ecclesiastiche\/#breadcrumb","itemListElement":[{"@type":"ListItem","position":1,"name":"Portada","item":"https:\/\/exaudi.org\/it\/"},{"@type":"ListItem","position":2,"name":"Ungheria: il Papa accetta l&#8217;invito delle autorit\u00e0 civili ed ecclesiastiche"}]},{"@type":"WebSite","@id":"https:\/\/exaudi.org\/#website","url":"https:\/\/exaudi.org\/","name":"Exaudi","description":"News","potentialAction":[{"@type":"SearchAction","target":{"@type":"EntryPoint","urlTemplate":"https:\/\/exaudi.org\/?s={search_term_string}"},"query-input":{"@type":"PropertyValueSpecification","valueRequired":true,"valueName":"search_term_string"}}],"inLanguage":"it-IT"},{"@type":"Person","@id":"https:\/\/exaudi.org\/#\/schema\/person\/e1ab6ed07c01774724dd96f925f3a5f0","name":"Exaudi Redazione","image":{"@type":"ImageObject","inLanguage":"it-IT","@id":"https:\/\/secure.gravatar.com\/avatar\/ad6774b3ada023bf5b939d64f45c94b3adf91502dd883507d469b4308a943bb3?s=96&d=mm&r=g","url":"https:\/\/secure.gravatar.com\/avatar\/ad6774b3ada023bf5b939d64f45c94b3adf91502dd883507d469b4308a943bb3?s=96&d=mm&r=g","contentUrl":"https:\/\/secure.gravatar.com\/avatar\/ad6774b3ada023bf5b939d64f45c94b3adf91502dd883507d469b4308a943bb3?s=96&d=mm&r=g","caption":"Exaudi Redazione"},"description":"Che cosa \u00e8 Exaudi News? Exaudi News \u00e8 un agenzia cattolica internazionale che informa, istruisce e trasforma quotidianamente in spagnolo, inglese e italiano. Attraverso notizie, articoli di analisi e trasmissioni in diretta degli eventi del Papa, Exaudi cerca di rafforzare l'unit\u00e0 dei cristiani e di contribuire all'evangelizzazione del mondo, sempre guidato dalla dottrina sociale della Chiesa. Lavoriamo per portare la verit\u00e0 e i valori cristiani in ogni angolo del pianeta. Aiutaci a trasformare il mondo con Exaudi! Noi di Exaudi crediamo che l'evangelizzazione e l'informazione di qualit\u00e0 possano cambiare la vita. Per continuare la nostra missione ed espandere la nostra portata, abbiamo bisogno del tuo aiuto. Stiamo anche cercando persone motivate che vogliano unirsi al nostro team. Grazie al vostro sostegno raggiungeremo pi\u00f9 persone, diffonderemo il messaggio di Cristo e rafforzeremo l'unit\u00e0 dei cristiani. Vuoi unirti alla nostra missione? Per maggiori informazioni su come contribuire, visita Exaudi.org\/it o contattaci direttamente: info@exaudi.org Exaudi: informa, forma e trasforma.","sameAs":["https:\/\/www.facebook.com\/ExaudiNotizie\/","https:\/\/www.instagram.com\/Exaudi_notizie\/","https:\/\/x.com\/Exaudi_Notizie","https:\/\/www.youtube.com\/@exaudicatholicnews"],"url":"https:\/\/exaudi.org\/it\/author\/dlvedi-org\/"}]}},"jetpack_featured_media_url":"https:\/\/exaudi.org\/wp-content\/uploads\/2021\/09\/cq5dam.web_.800.800-10-5.jpeg","jetpack_shortlink":"https:\/\/wp.me\/pgKjF2-ivp","_links":{"self":[{"href":"https:\/\/exaudi.org\/it\/wp-json\/wp\/v2\/posts\/71139","targetHints":{"allow":["GET"]}}],"collection":[{"href":"https:\/\/exaudi.org\/it\/wp-json\/wp\/v2\/posts"}],"about":[{"href":"https:\/\/exaudi.org\/it\/wp-json\/wp\/v2\/types\/post"}],"author":[{"embeddable":true,"href":"https:\/\/exaudi.org\/it\/wp-json\/wp\/v2\/users\/17"}],"replies":[{"embeddable":true,"href":"https:\/\/exaudi.org\/it\/wp-json\/wp\/v2\/comments?post=71139"}],"version-history":[{"count":0,"href":"https:\/\/exaudi.org\/it\/wp-json\/wp\/v2\/posts\/71139\/revisions"}],"wp:featuredmedia":[{"embeddable":true,"href":"https:\/\/exaudi.org\/it\/wp-json\/wp\/v2\/media\/33651"}],"wp:attachment":[{"href":"https:\/\/exaudi.org\/it\/wp-json\/wp\/v2\/media?parent=71139"}],"wp:term":[{"taxonomy":"category","embeddable":true,"href":"https:\/\/exaudi.org\/it\/wp-json\/wp\/v2\/categories?post=71139"},{"taxonomy":"post_tag","embeddable":true,"href":"https:\/\/exaudi.org\/it\/wp-json\/wp\/v2\/tags?post=71139"}],"curies":[{"name":"wp","href":"https:\/\/api.w.org\/{rel}","templated":true}]}}