{"id":71026,"date":"2023-02-25T18:51:35","date_gmt":"2023-02-25T17:51:35","guid":{"rendered":"https:\/\/exaudi.org\/?p=71026"},"modified":"2023-03-02T11:30:34","modified_gmt":"2023-03-02T10:30:34","slug":"la-mente-non-potra-comprendere-nulla-se-le-mani-sono-chiuse-dallavarizia","status":"publish","type":"post","link":"https:\/\/exaudi.org\/it\/la-mente-non-potra-comprendere-nulla-se-le-mani-sono-chiuse-dallavarizia\/","title":{"rendered":"&#8220;La mente non potr\u00e0 comprendere nulla se le mani sono chiuse dall\u2019avarizia&#8221;"},"content":{"rendered":"<audio class=\"wp-audio-shortcode\" id=\"audio-71026-1\" preload=\"none\" style=\"width: 100%;\" controls=\"controls\"><source type=\"audio\/mpeg\" src=\"https:\/\/exaudi.org\/wp-content\/uploads\/2023\/02\/La-mente-non-potra-comprendere-nulla-se-le-mani.mp3?_=1\" \/><a href=\"https:\/\/exaudi.org\/wp-content\/uploads\/2023\/02\/La-mente-non-potra-comprendere-nulla-se-le-mani.mp3\">https:\/\/exaudi.org\/wp-content\/uploads\/2023\/02\/La-mente-non-potra-comprendere-nulla-se-le-mani.mp3<\/a><\/audio>\n<p>Questa mattina, il Santo Padre Francesco ha ricevuto in Udienza i Rettori, Docenti, Studenti e Personale delle Universit\u00e0 e Istituzioni Pontificie Romane e ha rivolto loro il discorso che riportiamo di seguito:<\/p>\n<p><strong>Discorso del Santo Padre<\/strong><\/p>\n<p>Signor Cardinale,<br \/>\nillustri Rettori e Professori,<br \/>\ncari fratelli e sorelle, buongiorno e benvenuti!<\/p>\n<p>Ringrazio il Prof. Navarro per le sue parole e tutti voi per la vostra presenza. Come ricorda la Costituzione Apostolica Veritatis gaudium (cfr Proemio, 1), voi appartenete a un vasto e pluriforme sistema di studi ecclesiastici, fiorito lungo i secoli grazie alla sapienza del Popolo di Dio, sparso in tutto il mondo e strettamente legato alla missione di evangelizzazione della Chiesa intera. Siete parte di una ricchezza cresciuta sotto la guida dello Spirito Santo nella ricerca, nel dialogo, nel discernimento dei segni dei tempi e nell\u2019ascolto di molte diverse espressioni culturali. In essa spiccate per la vostra speciale vicinanza \u2013 anche geografica \u2013 al Successore di Pietro e al suo ministero di annuncio gioioso della verit\u00e0 di Cristo.<\/p>\n<p>Siete uomini donne e donne uomini dedicati allo studio, alcuni per qualche anno, altri per tutta la vita, con varie provenienze e competenze. Per questo voglio dirvi prima di tutto, con le parole del santo vescovo e martire Ignazio di Antiochia: impegnatevi a \u201cfare coro\u201d[1]. Fare coro! L\u2019universit\u00e0, infatti, \u00e8 la scuola dell\u2019accordo e della consonanza tra voci e strumenti diversi. Non \u00e8 la scuola dell\u2019uniformit\u00e0: no, \u00e8 l\u2019accordo e la consonanza tra voci e strumenti diversi. San John Henry Newman la descrive come il luogo dove diversi saperi e prospettive si esprimono in sintonia, si completano, si correggono e, si bilanciano l\u2019un l\u2019altro[2].<\/p>\n<p>Questa armonia chiede di essere coltivata prima di tutto in voi stessi, tra le tre intelligenze che vibrano nell\u2019anima umana: quella della mente, quella del cuore e quella delle mani, ciascuna con il suo timbro e carattere, e tutte necessarie. Linguaggio della mente che sia unito a quello del cuore e a quello delle mani: quello che si pensa, quello che si sente, quello che si fa.<\/p>\n<p>In particolare vorrei soffermarmi un momento con voi sull\u2019ultima delle tre: l\u2019intelligenza delle mani. \u00c8 la pi\u00f9 sensoriale, ma non per questo la meno importante. Si pu\u00f2 dire, infatti, che essa sia come la scintilla del pensiero e della conoscenza e, per certi versi, anche il loro risultato pi\u00f9 maturo. La prima volta che sono uscito in Piazza, da Papa, mi sono avvicinato ad un gruppo di ragazzi ciechi. E uno mi disse: \u201cPosso vederla? Posso guardarla?\u201d Io non capii. S\u00ec \u2013 gli ho detto. E con le mani cercava\u2026 mi ha visto toccandomi con le mani. Questo mi ha colpito tanto e mi ha fatto capire l\u2019intelligenza delle mani. Aristotele, ad esempio, diceva che le mani sono \u201ccome l\u2019anima\u201d, per il potere che hanno, grazie alla loro sensibilit\u00e0, di distinguere e di esplorare[3]. E Kant non esitava a definirle come \u00abil cervello esterno dell\u2019uomo\u00bb[4].<\/p>\n<p>La lingua italiana, come altre lingue neo-latine, sottolinea lo stesso concetto, facendo del verbo \u201cprendere\u201d, che indica un\u2019azione tipicamente manuale, la radice di parole come \u201ccomprendere\u201d, \u201capprendere\u201d e, \u201csorprendere\u201d, che indicano invece atti del pensiero. Mentre le mani prendono, la mente comprende, apprende e si lascia sorprendere. E per\u00f2, perch\u00e9 questo avvenga, ci vogliono mani sensibili. La mente non potr\u00e0 comprendere nulla se le mani sono chiuse dall\u2019avarizia, o se sono \u201cmani bucate\u201d, che sprecano tempo, salute e talenti, o ancora se si rifiutano di dare la pace, di salutare e di stringere altre le mani. Non potr\u00e0 apprendere nulla se le mani hanno dita puntate senza misericordia contro i fratelli e le sorelle che sbagliano. E non potr\u00e0 sorprendersi di nulla, se le stesse mani non sanno congiungersi e levarsi al Cielo in preghiera.<\/p>\n<p>Guardiamo le mani di Cristo. Con esse Egli prende il pane e, recitata la benedizione, lo spezza e lo d\u00e0 ai suoi discepoli, dicendo: \u00abQuesto \u00e8 il mio corpo\u00bb. Poi prende il calice e, dopo aver reso grazie, lo offre loro dicendo: \u00abQuesto \u00e8 il mio sangue\u00bb (cfr Mc 14,23-24). Cosa vediamo? Vediamo mani che, mentre prendono, ringraziano. Le mani di Ges\u00f9 toccano il pane e il vino, il corpo e il sangue, la vita stessa, e rendono grazie, prendono e ringraziano perch\u00e9 sentono che tutto \u00e8 dono del Padre. Non a caso gli Evangelisti, per indicare la loro azione, usano il verbo lambano, che indica al tempo stesso il \u201cprendere\u201d e il \u201cricevere\u201d. Facciamo dunque armonia in noi stessi, rendendo anche le nostre mani \u201ceucaristiche\u201d come quelle del Cristo e accompagnando il tatto, in ogni contatto e presa, con un\u2019umile, gioiosa e sincera gratitudine.<\/p>\n<p>Nella custodia dell\u2019armonia interiore, vi invito poi a \u201cfare coro\u201d anche tra le diverse componenti delle vostre comunit\u00e0, e tra le varie istituzioni che rappresentate. Nel corso dei secoli, la generosit\u00e0 e la lungimiranza di molti ordini religiosi, ispirate dai loro carismi, hanno arricchito Roma di un numero notevole di Facolt\u00e0 e Universit\u00e0. Oggi per\u00f2, anche a fronte del minor numero di allievi e di insegnanti, questa molteplicit\u00e0 di poli di studio rischia di disperdere energie preziose. Cos\u00ec, anzich\u00e9 favorire la trasmissione della gioia evangelica dello studio, dell\u2019insegnamento e della ricerca, minaccia a volte di rallentarla e affaticarla. Dobbiamo prenderne atto. Specie dopo la pandemia del Covid 19, urge avviare un processo che porti a una sinergia effettiva, stabile e organica tra le istituzioni accademiche, per meglio onorare gli scopi specifici di ciascuna e per favorire la missione universale della Chiesa[5]. E non andare litigando fra noi per prendere un alunno, un\u2019ora in pi\u00f9. Vi invito, pertanto, a non accontentarvi di soluzioni dal fiato corto, e a non pensare a questo processo di crescita semplicemente come a un\u2019azione \u201cdi difesa\u201d, volta a fronteggiare il calo delle risorse economiche e umane. Va visto, piuttosto, come uno slancio verso il futuro, come un invito ad accogliere le sfide di un\u2019epoca nuova della storia. La vostra \u00e8 un\u2019eredit\u00e0 ricchissima, che pu\u00f2 promuovere vita nuova, ma che pu\u00f2 anche inibirla, se diventa troppo autoreferenziale, se diventa un pezzo di museo. Se volete che abbia un futuro fecondo, la sua custodia non pu\u00f2 limitarsi al mantenimento di quanto ricevuto: deve invece aprirsi a sviluppi coraggiosi e, se necessario, anche inediti. Essa \u00e8 come un seme che, se non lo si sparge nella terra della realt\u00e0 concreta, rimane solo e non porta frutto (cfr Gv 12,24). Vi incoraggio dunque ad avviare al pi\u00f9 presto un fiducioso processo in questa direzione, con intelligenza, prudenza e audacia, tenendo sempre presente che la realt\u00e0 \u00e8 pi\u00f9 importante dell\u2019idea (cfr Esort. Ap. Evangelii gaudium, 222-225). Il Dicastero per la Cultura e l\u2019Educazione, con il mio mandato, vi accompagner\u00e0 in questo cammino.<\/p>\n<p>Cari fratelli e sorelle, la speranza \u00e8 una realt\u00e0 corale! Guardate, alle mie spalle, la scultura del Cristo Risorto, opera dell\u2019artista Pericle Fazzini, voluta da San Paolo VI perch\u00e9 dominasse questo palco e quest\u2019aula. Osservate le mani del Cristo: sono come quelle di un maestro di coro. La destra \u00e8 aperta: dirige tutto l\u2019insieme dei coristi e, tendendo verso l\u2019alto, sembra chiedere un crescendo nell\u2019esecuzione. La sinistra, invece, pur rivolta a tutto il coro, ha l\u2019indice puntato, come per convocare un solista, dicendo: \u201cTocca a te!\u201d. Le mani del Cristo coinvolgono al tempo stesso il coro e il solista, perch\u00e9 nel concerto il ruolo dell\u2019uno si accordi con quello dell\u2019altro, in una costruttiva complementarit\u00e0. Per favore: mai solisti senza coro. \u201cTocca a tutti voi!\u201d e al tempo stesso: \u201cTocca a te!\u201d. Questo dicono le mani del Risorto: a tutti voi e a te! Mentre ne contempliamo i gesti, rinnoviamo allora il nostro impegno a \u201cfare coro\u201d, nella sintonia e nell\u2019accordo delle voci, docili all\u2019azione viva dello Spirito. \u00c8 quello che chiedo nella preghiera per ciascuno di voi e per tutti. Di cuore vi benedico, e vi raccomando: non dimenticatevi di pregare per me.<\/p>\n<p>____________________<\/p>\n<p>[1] Cfr Lettera agli Efesini, 2-5.<\/p>\n<p>[2] Cfr L\u2019idea di universit\u00e0, Roma 2005, 101.<\/p>\n<p>[3] Cfr L\u2019anima, III, 8.<\/p>\n<p>[4] Antropologia pragmatica, Roma-Bari 2009, 38.<\/p>\n<p>[5] Cfr Discorso ai partecipanti alla Plenaria della Congregazione per l\u2019Educazione Cattolica, 9 febbraio 2017.<\/p>\n<p>[00356-IT.02] [Testo originale: Italiano]<\/p>\n<p>[B0165-XX.02]<\/p>\n<p>&nbsp;<\/p>\n","protected":false},"excerpt":{"rendered":"<p>Il Papa a Rettori, Docenti, Studenti e Personale delle Universit\u00e0 e Istituzioni Pontificie Romane <\/p>\n","protected":false},"author":17,"featured_media":71028,"comment_status":"closed","ping_status":"closed","sticky":false,"template":"","format":"standard","meta":{"_acf_changed":false,"_crdt_document":"","inline_featured_image":false,"footnotes":""},"categories":[123,67],"tags":[251,4952,1843],"class_list":["post-71026","post","type-post","status-publish","format-standard","has-post-thumbnail","hentry","category-discorsi","category-leone-xiv","tag-papa-francesco","tag-trending-it","tag-udienza"],"acf":[],"yoast_head":"<!-- This site is optimized with the Yoast SEO plugin v27.4 - https:\/\/yoast.com\/product\/yoast-seo-wordpress\/ -->\n<title>&quot;La mente non potr\u00e0 comprendere nulla se le mani sono chiuse dall\u2019avarizia&quot; &#8211; Exaudi<\/title>\n<meta name=\"robots\" content=\"index, follow, max-snippet:-1, max-image-preview:large, max-video-preview:-1\" \/>\n<link rel=\"canonical\" href=\"https:\/\/exaudi.org\/it\/la-mente-non-potra-comprendere-nulla-se-le-mani-sono-chiuse-dallavarizia\/\" \/>\n<meta property=\"og:locale\" content=\"it_IT\" \/>\n<meta property=\"og:type\" content=\"article\" \/>\n<meta property=\"og:title\" content=\"&quot;La mente non potr\u00e0 comprendere nulla se le mani sono chiuse dall\u2019avarizia&quot; &#8211; Exaudi\" \/>\n<meta property=\"og:description\" content=\"Il Papa a Rettori, Docenti, Studenti e Personale delle Universit\u00e0 e Istituzioni Pontificie Romane\" \/>\n<meta property=\"og:url\" content=\"https:\/\/exaudi.org\/it\/la-mente-non-potra-comprendere-nulla-se-le-mani-sono-chiuse-dallavarizia\/\" \/>\n<meta property=\"og:site_name\" content=\"Exaudi\" \/>\n<meta property=\"article:publisher\" content=\"https:\/\/www.facebook.com\/ExaudiNews\" \/>\n<meta property=\"article:author\" content=\"https:\/\/www.facebook.com\/ExaudiNotizie\/\" \/>\n<meta property=\"article:published_time\" content=\"2023-02-25T17:51:35+00:00\" \/>\n<meta property=\"article:modified_time\" content=\"2023-03-02T10:30:34+00:00\" \/>\n<meta property=\"og:image\" content=\"https:\/\/exaudi.org\/wp-content\/uploads\/2023\/02\/cq5dam.thumbnail.cropped.1000.563-1-1.jpeg\" \/>\n\t<meta property=\"og:image:width\" content=\"1000\" \/>\n\t<meta property=\"og:image:height\" content=\"563\" \/>\n\t<meta property=\"og:image:type\" content=\"image\/jpeg\" \/>\n<meta name=\"author\" content=\"Exaudi Redazione\" \/>\n<meta name=\"twitter:card\" content=\"summary_large_image\" \/>\n<meta name=\"twitter:creator\" content=\"@Exaudi_Notizie\" \/>\n<meta name=\"twitter:site\" content=\"@Exaudi_News\" \/>\n<meta name=\"twitter:label1\" content=\"Scritto da\" \/>\n\t<meta name=\"twitter:data1\" content=\"Exaudi Redazione\" \/>\n\t<meta name=\"twitter:label2\" content=\"Tempo di lettura stimato\" \/>\n\t<meta name=\"twitter:data2\" content=\"7 minuti\" \/>\n<script type=\"application\/ld+json\" class=\"yoast-schema-graph\">{\"@context\":\"https:\\\/\\\/schema.org\",\"@graph\":[{\"@type\":\"Article\",\"@id\":\"https:\\\/\\\/exaudi.org\\\/it\\\/la-mente-non-potra-comprendere-nulla-se-le-mani-sono-chiuse-dallavarizia\\\/#article\",\"isPartOf\":{\"@id\":\"https:\\\/\\\/exaudi.org\\\/it\\\/la-mente-non-potra-comprendere-nulla-se-le-mani-sono-chiuse-dallavarizia\\\/\"},\"author\":{\"name\":\"Exaudi Redazione\",\"@id\":\"https:\\\/\\\/exaudi.org\\\/#\\\/schema\\\/person\\\/e1ab6ed07c01774724dd96f925f3a5f0\"},\"headline\":\"&#8220;La mente non potr\u00e0 comprendere nulla se le mani sono chiuse dall\u2019avarizia&#8221;\",\"datePublished\":\"2023-02-25T17:51:35+00:00\",\"dateModified\":\"2023-03-02T10:30:34+00:00\",\"mainEntityOfPage\":{\"@id\":\"https:\\\/\\\/exaudi.org\\\/it\\\/la-mente-non-potra-comprendere-nulla-se-le-mani-sono-chiuse-dallavarizia\\\/\"},\"wordCount\":1373,\"image\":{\"@id\":\"https:\\\/\\\/exaudi.org\\\/it\\\/la-mente-non-potra-comprendere-nulla-se-le-mani-sono-chiuse-dallavarizia\\\/#primaryimage\"},\"thumbnailUrl\":\"https:\\\/\\\/exaudi.org\\\/wp-content\\\/uploads\\\/2023\\\/02\\\/cq5dam.thumbnail.cropped.1000.563-1-1.jpeg\",\"keywords\":[\"Papa Francesco\",\"Trending\",\"udienza\"],\"articleSection\":[\"Discorsi\",\"Leone XIV\"],\"inLanguage\":\"it-IT\"},{\"@type\":\"WebPage\",\"@id\":\"https:\\\/\\\/exaudi.org\\\/it\\\/la-mente-non-potra-comprendere-nulla-se-le-mani-sono-chiuse-dallavarizia\\\/\",\"url\":\"https:\\\/\\\/exaudi.org\\\/it\\\/la-mente-non-potra-comprendere-nulla-se-le-mani-sono-chiuse-dallavarizia\\\/\",\"name\":\"\\\"La mente non potr\u00e0 comprendere nulla se le mani sono chiuse dall\u2019avarizia\\\" &#8211; Exaudi\",\"isPartOf\":{\"@id\":\"https:\\\/\\\/exaudi.org\\\/#website\"},\"primaryImageOfPage\":{\"@id\":\"https:\\\/\\\/exaudi.org\\\/it\\\/la-mente-non-potra-comprendere-nulla-se-le-mani-sono-chiuse-dallavarizia\\\/#primaryimage\"},\"image\":{\"@id\":\"https:\\\/\\\/exaudi.org\\\/it\\\/la-mente-non-potra-comprendere-nulla-se-le-mani-sono-chiuse-dallavarizia\\\/#primaryimage\"},\"thumbnailUrl\":\"https:\\\/\\\/exaudi.org\\\/wp-content\\\/uploads\\\/2023\\\/02\\\/cq5dam.thumbnail.cropped.1000.563-1-1.jpeg\",\"datePublished\":\"2023-02-25T17:51:35+00:00\",\"dateModified\":\"2023-03-02T10:30:34+00:00\",\"author\":{\"@id\":\"https:\\\/\\\/exaudi.org\\\/#\\\/schema\\\/person\\\/e1ab6ed07c01774724dd96f925f3a5f0\"},\"breadcrumb\":{\"@id\":\"https:\\\/\\\/exaudi.org\\\/it\\\/la-mente-non-potra-comprendere-nulla-se-le-mani-sono-chiuse-dallavarizia\\\/#breadcrumb\"},\"inLanguage\":\"it-IT\",\"potentialAction\":[{\"@type\":\"ReadAction\",\"target\":[\"https:\\\/\\\/exaudi.org\\\/it\\\/la-mente-non-potra-comprendere-nulla-se-le-mani-sono-chiuse-dallavarizia\\\/\"]}]},{\"@type\":\"ImageObject\",\"inLanguage\":\"it-IT\",\"@id\":\"https:\\\/\\\/exaudi.org\\\/it\\\/la-mente-non-potra-comprendere-nulla-se-le-mani-sono-chiuse-dallavarizia\\\/#primaryimage\",\"url\":\"https:\\\/\\\/exaudi.org\\\/wp-content\\\/uploads\\\/2023\\\/02\\\/cq5dam.thumbnail.cropped.1000.563-1-1.jpeg\",\"contentUrl\":\"https:\\\/\\\/exaudi.org\\\/wp-content\\\/uploads\\\/2023\\\/02\\\/cq5dam.thumbnail.cropped.1000.563-1-1.jpeg\",\"width\":1000,\"height\":563,\"caption\":\"Vatican News\"},{\"@type\":\"BreadcrumbList\",\"@id\":\"https:\\\/\\\/exaudi.org\\\/it\\\/la-mente-non-potra-comprendere-nulla-se-le-mani-sono-chiuse-dallavarizia\\\/#breadcrumb\",\"itemListElement\":[{\"@type\":\"ListItem\",\"position\":1,\"name\":\"Portada\",\"item\":\"https:\\\/\\\/exaudi.org\\\/it\\\/\"},{\"@type\":\"ListItem\",\"position\":2,\"name\":\"&#8220;La mente non potr\u00e0 comprendere nulla se le mani sono chiuse dall\u2019avarizia&#8221;\"}]},{\"@type\":\"WebSite\",\"@id\":\"https:\\\/\\\/exaudi.org\\\/#website\",\"url\":\"https:\\\/\\\/exaudi.org\\\/\",\"name\":\"Exaudi\",\"description\":\"News\",\"potentialAction\":[{\"@type\":\"SearchAction\",\"target\":{\"@type\":\"EntryPoint\",\"urlTemplate\":\"https:\\\/\\\/exaudi.org\\\/?s={search_term_string}\"},\"query-input\":{\"@type\":\"PropertyValueSpecification\",\"valueRequired\":true,\"valueName\":\"search_term_string\"}}],\"inLanguage\":\"it-IT\"},{\"@type\":\"Person\",\"@id\":\"https:\\\/\\\/exaudi.org\\\/#\\\/schema\\\/person\\\/e1ab6ed07c01774724dd96f925f3a5f0\",\"name\":\"Exaudi Redazione\",\"image\":{\"@type\":\"ImageObject\",\"inLanguage\":\"it-IT\",\"@id\":\"https:\\\/\\\/secure.gravatar.com\\\/avatar\\\/ad6774b3ada023bf5b939d64f45c94b3adf91502dd883507d469b4308a943bb3?s=96&d=mm&r=g\",\"url\":\"https:\\\/\\\/secure.gravatar.com\\\/avatar\\\/ad6774b3ada023bf5b939d64f45c94b3adf91502dd883507d469b4308a943bb3?s=96&d=mm&r=g\",\"contentUrl\":\"https:\\\/\\\/secure.gravatar.com\\\/avatar\\\/ad6774b3ada023bf5b939d64f45c94b3adf91502dd883507d469b4308a943bb3?s=96&d=mm&r=g\",\"caption\":\"Exaudi Redazione\"},\"description\":\"Che cosa \u00e8 Exaudi News? Exaudi News \u00e8 un agenzia cattolica internazionale che informa, istruisce e trasforma quotidianamente in spagnolo, inglese e italiano. Attraverso notizie, articoli di analisi e trasmissioni in diretta degli eventi del Papa, Exaudi cerca di rafforzare l'unit\u00e0 dei cristiani e di contribuire all'evangelizzazione del mondo, sempre guidato dalla dottrina sociale della Chiesa. Lavoriamo per portare la verit\u00e0 e i valori cristiani in ogni angolo del pianeta. Aiutaci a trasformare il mondo con Exaudi! Noi di Exaudi crediamo che l'evangelizzazione e l'informazione di qualit\u00e0 possano cambiare la vita. Per continuare la nostra missione ed espandere la nostra portata, abbiamo bisogno del tuo aiuto. Stiamo anche cercando persone motivate che vogliano unirsi al nostro team. Grazie al vostro sostegno raggiungeremo pi\u00f9 persone, diffonderemo il messaggio di Cristo e rafforzeremo l'unit\u00e0 dei cristiani. Vuoi unirti alla nostra missione? Per maggiori informazioni su come contribuire, visita Exaudi.org\\\/it o contattaci direttamente: info@exaudi.org Exaudi: informa, forma e trasforma.\",\"sameAs\":[\"https:\\\/\\\/www.facebook.com\\\/ExaudiNotizie\\\/\",\"https:\\\/\\\/www.instagram.com\\\/Exaudi_notizie\\\/\",\"https:\\\/\\\/x.com\\\/Exaudi_Notizie\",\"https:\\\/\\\/www.youtube.com\\\/@exaudicatholicnews\"],\"url\":\"https:\\\/\\\/exaudi.org\\\/it\\\/author\\\/dlvedi-org\\\/\"}]}<\/script>\n<!-- \/ Yoast SEO plugin. -->","yoast_head_json":{"title":"\"La mente non potr\u00e0 comprendere nulla se le mani sono chiuse dall\u2019avarizia\" &#8211; Exaudi","robots":{"index":"index","follow":"follow","max-snippet":"max-snippet:-1","max-image-preview":"max-image-preview:large","max-video-preview":"max-video-preview:-1"},"canonical":"https:\/\/exaudi.org\/it\/la-mente-non-potra-comprendere-nulla-se-le-mani-sono-chiuse-dallavarizia\/","og_locale":"it_IT","og_type":"article","og_title":"\"La mente non potr\u00e0 comprendere nulla se le mani sono chiuse dall\u2019avarizia\" &#8211; Exaudi","og_description":"Il Papa a Rettori, Docenti, Studenti e Personale delle Universit\u00e0 e Istituzioni Pontificie Romane","og_url":"https:\/\/exaudi.org\/it\/la-mente-non-potra-comprendere-nulla-se-le-mani-sono-chiuse-dallavarizia\/","og_site_name":"Exaudi","article_publisher":"https:\/\/www.facebook.com\/ExaudiNews","article_author":"https:\/\/www.facebook.com\/ExaudiNotizie\/","article_published_time":"2023-02-25T17:51:35+00:00","article_modified_time":"2023-03-02T10:30:34+00:00","og_image":[{"width":1000,"height":563,"url":"https:\/\/exaudi.org\/wp-content\/uploads\/2023\/02\/cq5dam.thumbnail.cropped.1000.563-1-1.jpeg","type":"image\/jpeg"}],"author":"Exaudi Redazione","twitter_card":"summary_large_image","twitter_creator":"@Exaudi_Notizie","twitter_site":"@Exaudi_News","twitter_misc":{"Scritto da":"Exaudi Redazione","Tempo di lettura stimato":"7 minuti"},"schema":{"@context":"https:\/\/schema.org","@graph":[{"@type":"Article","@id":"https:\/\/exaudi.org\/it\/la-mente-non-potra-comprendere-nulla-se-le-mani-sono-chiuse-dallavarizia\/#article","isPartOf":{"@id":"https:\/\/exaudi.org\/it\/la-mente-non-potra-comprendere-nulla-se-le-mani-sono-chiuse-dallavarizia\/"},"author":{"name":"Exaudi Redazione","@id":"https:\/\/exaudi.org\/#\/schema\/person\/e1ab6ed07c01774724dd96f925f3a5f0"},"headline":"&#8220;La mente non potr\u00e0 comprendere nulla se le mani sono chiuse dall\u2019avarizia&#8221;","datePublished":"2023-02-25T17:51:35+00:00","dateModified":"2023-03-02T10:30:34+00:00","mainEntityOfPage":{"@id":"https:\/\/exaudi.org\/it\/la-mente-non-potra-comprendere-nulla-se-le-mani-sono-chiuse-dallavarizia\/"},"wordCount":1373,"image":{"@id":"https:\/\/exaudi.org\/it\/la-mente-non-potra-comprendere-nulla-se-le-mani-sono-chiuse-dallavarizia\/#primaryimage"},"thumbnailUrl":"https:\/\/exaudi.org\/wp-content\/uploads\/2023\/02\/cq5dam.thumbnail.cropped.1000.563-1-1.jpeg","keywords":["Papa Francesco","Trending","udienza"],"articleSection":["Discorsi","Leone XIV"],"inLanguage":"it-IT"},{"@type":"WebPage","@id":"https:\/\/exaudi.org\/it\/la-mente-non-potra-comprendere-nulla-se-le-mani-sono-chiuse-dallavarizia\/","url":"https:\/\/exaudi.org\/it\/la-mente-non-potra-comprendere-nulla-se-le-mani-sono-chiuse-dallavarizia\/","name":"\"La mente non potr\u00e0 comprendere nulla se le mani sono chiuse dall\u2019avarizia\" &#8211; Exaudi","isPartOf":{"@id":"https:\/\/exaudi.org\/#website"},"primaryImageOfPage":{"@id":"https:\/\/exaudi.org\/it\/la-mente-non-potra-comprendere-nulla-se-le-mani-sono-chiuse-dallavarizia\/#primaryimage"},"image":{"@id":"https:\/\/exaudi.org\/it\/la-mente-non-potra-comprendere-nulla-se-le-mani-sono-chiuse-dallavarizia\/#primaryimage"},"thumbnailUrl":"https:\/\/exaudi.org\/wp-content\/uploads\/2023\/02\/cq5dam.thumbnail.cropped.1000.563-1-1.jpeg","datePublished":"2023-02-25T17:51:35+00:00","dateModified":"2023-03-02T10:30:34+00:00","author":{"@id":"https:\/\/exaudi.org\/#\/schema\/person\/e1ab6ed07c01774724dd96f925f3a5f0"},"breadcrumb":{"@id":"https:\/\/exaudi.org\/it\/la-mente-non-potra-comprendere-nulla-se-le-mani-sono-chiuse-dallavarizia\/#breadcrumb"},"inLanguage":"it-IT","potentialAction":[{"@type":"ReadAction","target":["https:\/\/exaudi.org\/it\/la-mente-non-potra-comprendere-nulla-se-le-mani-sono-chiuse-dallavarizia\/"]}]},{"@type":"ImageObject","inLanguage":"it-IT","@id":"https:\/\/exaudi.org\/it\/la-mente-non-potra-comprendere-nulla-se-le-mani-sono-chiuse-dallavarizia\/#primaryimage","url":"https:\/\/exaudi.org\/wp-content\/uploads\/2023\/02\/cq5dam.thumbnail.cropped.1000.563-1-1.jpeg","contentUrl":"https:\/\/exaudi.org\/wp-content\/uploads\/2023\/02\/cq5dam.thumbnail.cropped.1000.563-1-1.jpeg","width":1000,"height":563,"caption":"Vatican News"},{"@type":"BreadcrumbList","@id":"https:\/\/exaudi.org\/it\/la-mente-non-potra-comprendere-nulla-se-le-mani-sono-chiuse-dallavarizia\/#breadcrumb","itemListElement":[{"@type":"ListItem","position":1,"name":"Portada","item":"https:\/\/exaudi.org\/it\/"},{"@type":"ListItem","position":2,"name":"&#8220;La mente non potr\u00e0 comprendere nulla se le mani sono chiuse dall\u2019avarizia&#8221;"}]},{"@type":"WebSite","@id":"https:\/\/exaudi.org\/#website","url":"https:\/\/exaudi.org\/","name":"Exaudi","description":"News","potentialAction":[{"@type":"SearchAction","target":{"@type":"EntryPoint","urlTemplate":"https:\/\/exaudi.org\/?s={search_term_string}"},"query-input":{"@type":"PropertyValueSpecification","valueRequired":true,"valueName":"search_term_string"}}],"inLanguage":"it-IT"},{"@type":"Person","@id":"https:\/\/exaudi.org\/#\/schema\/person\/e1ab6ed07c01774724dd96f925f3a5f0","name":"Exaudi Redazione","image":{"@type":"ImageObject","inLanguage":"it-IT","@id":"https:\/\/secure.gravatar.com\/avatar\/ad6774b3ada023bf5b939d64f45c94b3adf91502dd883507d469b4308a943bb3?s=96&d=mm&r=g","url":"https:\/\/secure.gravatar.com\/avatar\/ad6774b3ada023bf5b939d64f45c94b3adf91502dd883507d469b4308a943bb3?s=96&d=mm&r=g","contentUrl":"https:\/\/secure.gravatar.com\/avatar\/ad6774b3ada023bf5b939d64f45c94b3adf91502dd883507d469b4308a943bb3?s=96&d=mm&r=g","caption":"Exaudi Redazione"},"description":"Che cosa \u00e8 Exaudi News? Exaudi News \u00e8 un agenzia cattolica internazionale che informa, istruisce e trasforma quotidianamente in spagnolo, inglese e italiano. Attraverso notizie, articoli di analisi e trasmissioni in diretta degli eventi del Papa, Exaudi cerca di rafforzare l'unit\u00e0 dei cristiani e di contribuire all'evangelizzazione del mondo, sempre guidato dalla dottrina sociale della Chiesa. Lavoriamo per portare la verit\u00e0 e i valori cristiani in ogni angolo del pianeta. Aiutaci a trasformare il mondo con Exaudi! Noi di Exaudi crediamo che l'evangelizzazione e l'informazione di qualit\u00e0 possano cambiare la vita. Per continuare la nostra missione ed espandere la nostra portata, abbiamo bisogno del tuo aiuto. Stiamo anche cercando persone motivate che vogliano unirsi al nostro team. Grazie al vostro sostegno raggiungeremo pi\u00f9 persone, diffonderemo il messaggio di Cristo e rafforzeremo l'unit\u00e0 dei cristiani. Vuoi unirti alla nostra missione? Per maggiori informazioni su come contribuire, visita Exaudi.org\/it o contattaci direttamente: info@exaudi.org Exaudi: informa, forma e trasforma.","sameAs":["https:\/\/www.facebook.com\/ExaudiNotizie\/","https:\/\/www.instagram.com\/Exaudi_notizie\/","https:\/\/x.com\/Exaudi_Notizie","https:\/\/www.youtube.com\/@exaudicatholicnews"],"url":"https:\/\/exaudi.org\/it\/author\/dlvedi-org\/"}]}},"jetpack_featured_media_url":"https:\/\/exaudi.org\/wp-content\/uploads\/2023\/02\/cq5dam.thumbnail.cropped.1000.563-1-1.jpeg","jetpack_shortlink":"https:\/\/wp.me\/pgKjF2-itA","_links":{"self":[{"href":"https:\/\/exaudi.org\/it\/wp-json\/wp\/v2\/posts\/71026","targetHints":{"allow":["GET"]}}],"collection":[{"href":"https:\/\/exaudi.org\/it\/wp-json\/wp\/v2\/posts"}],"about":[{"href":"https:\/\/exaudi.org\/it\/wp-json\/wp\/v2\/types\/post"}],"author":[{"embeddable":true,"href":"https:\/\/exaudi.org\/it\/wp-json\/wp\/v2\/users\/17"}],"replies":[{"embeddable":true,"href":"https:\/\/exaudi.org\/it\/wp-json\/wp\/v2\/comments?post=71026"}],"version-history":[{"count":0,"href":"https:\/\/exaudi.org\/it\/wp-json\/wp\/v2\/posts\/71026\/revisions"}],"wp:featuredmedia":[{"embeddable":true,"href":"https:\/\/exaudi.org\/it\/wp-json\/wp\/v2\/media\/71028"}],"wp:attachment":[{"href":"https:\/\/exaudi.org\/it\/wp-json\/wp\/v2\/media?parent=71026"}],"wp:term":[{"taxonomy":"category","embeddable":true,"href":"https:\/\/exaudi.org\/it\/wp-json\/wp\/v2\/categories?post=71026"},{"taxonomy":"post_tag","embeddable":true,"href":"https:\/\/exaudi.org\/it\/wp-json\/wp\/v2\/tags?post=71026"}],"curies":[{"name":"wp","href":"https:\/\/api.w.org\/{rel}","templated":true}]}}