{"id":70770,"date":"2023-02-22T21:00:32","date_gmt":"2023-02-22T20:00:32","guid":{"rendered":"https:\/\/exaudi.org\/?p=70770"},"modified":"2023-02-24T13:25:17","modified_gmt":"2023-02-24T12:25:17","slug":"la-quaresima-ci-invita-a-tornare-a-cio-che-siamo-a-dio-e-ai-nostri-fratelli-e-sorelle","status":"publish","type":"post","link":"https:\/\/exaudi.org\/it\/la-quaresima-ci-invita-a-tornare-a-cio-che-siamo-a-dio-e-ai-nostri-fratelli-e-sorelle\/","title":{"rendered":"&#8220;La Quaresima ci invita a tornare a ci\u00f2 che siamo, a Dio e ai nostri fratelli e sorelle&#8221;"},"content":{"rendered":"<audio class=\"wp-audio-shortcode\" id=\"audio-70770-1\" preload=\"none\" style=\"width: 100%;\" controls=\"controls\"><source type=\"audio\/mpeg\" src=\"https:\/\/exaudi.org\/wp-content\/uploads\/2023\/02\/La-Quaresima-ci-invita-a-tornare-a-cio-che-siamo-3.mp3?_=1\" \/><a href=\"https:\/\/exaudi.org\/wp-content\/uploads\/2023\/02\/La-Quaresima-ci-invita-a-tornare-a-cio-che-siamo-3.mp3\">https:\/\/exaudi.org\/wp-content\/uploads\/2023\/02\/La-Quaresima-ci-invita-a-tornare-a-cio-che-siamo-3.mp3<\/a><\/audio>\n<p>Nel pomeriggio di oggi &#8211; Mercoled\u00ec delle Ceneri, giorno di inizio della Quaresima \u2013 ha avuto luogo una celebrazione nella forma delle \u00abStazioni\u00bb romane.<\/p>\n<p>Alle ore 16.30, nella chiesa di Sant\u2019Anselmo all\u2019Aventino, si \u00e8 tenuto un momento di preghiera, cui ha fatto seguito la processione penitenziale verso la Basilica di Santa Sabina. Alla processione hanno preso parte i Cardinali, gli Arcivescovi, i Vescovi, i Monaci Benedettini di Sant\u2019Anselmo, i Padri Domenicani di Santa Sabina ed alcuni fedeli.<\/p>\n<p>Al termine della processione, nella Basilica di Santa Sabina, il Santo Padre Francesco ha presieduto la celebrazione della Santa Messa con il Rito di benedizione e di imposizione delle ceneri.<\/p>\n<p>Pubblichiamo di seguito l\u2019omelia che il Papa ha pronunciato dopo la proclamazione del Santo Vangelo:<\/p>\n<h2><strong>Omelia del Papa<\/strong><\/h2>\n<p>\u00abEcco ora il momento favorevole, ecco ora il giorno della salvezza!\u00bb (2 Cor 6,2). Questa espressione dell\u2019Apostolo Paolo ci aiuta ad entrare nello spirito del tempo quaresimale. La Quaresima \u00e8 infatti il tempo favorevole per ritornare all\u2019essenziale, per spogliarci di ci\u00f2 che ci appesantisce, per riconciliarci con Dio, per ravvivare il fuoco dello Spirito Santo che abita nascosto tra le ceneri della nostra fragile umanit\u00e0. Ritornare all\u2019essenziale. \u00c8 il tempo di grazia per mettere in pratica quello che il Signore ci ha chiesto nel primo versetto della Parola che abbiamo ascoltato: \u00abRitornate a me con tutto il cuore\u00bb (Gl 2,12). Ritornare all\u2019essenziale, che \u00e8 il Signore.<\/p>\n<p>Il rito delle ceneri ci introduce in questo cammino di ritorno e ci rivolge due inviti: ritornare alla verit\u00e0 di noi stessi e ritornare a Dio e ai fratelli.<\/p>\n<p><img loading=\"lazy\" decoding=\"async\" class=\"size-medium wp-image-70774 alignright\" src=\"https:\/\/exaudi.org\/wp-content\/uploads\/2023\/02\/Miercoles-de-Ceniza-300x169.jpeg\" alt=\"\" width=\"300\" height=\"169\" srcset=\"https:\/\/exaudi.org\/wp-content\/uploads\/2023\/02\/Miercoles-de-Ceniza-300x169.jpeg 300w, https:\/\/exaudi.org\/wp-content\/uploads\/2023\/02\/Miercoles-de-Ceniza-1024x576.jpeg 1024w, https:\/\/exaudi.org\/wp-content\/uploads\/2023\/02\/Miercoles-de-Ceniza-770x433.jpeg 770w, https:\/\/exaudi.org\/wp-content\/uploads\/2023\/02\/Miercoles-de-Ceniza-500x281.jpeg 500w, https:\/\/exaudi.org\/wp-content\/uploads\/2023\/02\/Miercoles-de-Ceniza-293x165.jpeg 293w, https:\/\/exaudi.org\/wp-content\/uploads\/2023\/02\/Miercoles-de-Ceniza-1400x788.jpeg 1400w, https:\/\/exaudi.org\/wp-content\/uploads\/2023\/02\/Miercoles-de-Ceniza-390x219.jpeg 390w, https:\/\/exaudi.org\/wp-content\/uploads\/2023\/02\/Miercoles-de-Ceniza.jpeg 1500w\" sizes=\"auto, (max-width: 300px) 100vw, 300px\" \/>Anzitutto, ritornare alla verit\u00e0 di noi stessi. Le ceneri ci ricordano chi siamo e da dove veniamo, ci riconducono alla verit\u00e0 fondamentale della vita: soltanto il Signore \u00e8 Dio e noi siamo opera delle sue mani. Questa \u00e8 la nostra verit\u00e0. Noi abbiamo la vita mentre Lui \u00e8 la vita. \u00c8 Lui il Creatore, mentre noi siamo fragile argilla che dalle sue mani viene plasmata. Noi veniamo dalla terra e abbiamo bisogno del Cielo, di Lui; con Dio risorgeremo dalle nostre ceneri, ma senza di Lui siamo polvere. E mentre con umilt\u00e0 chiniamo il capo per ricevere le ceneri, riportiamo allora alla memoria del cuore questa verit\u00e0: siamo del Signore, apparteniamo a Lui. Egli, infatti, \u00abplasm\u00f2 l\u2019uomo con polvere del suolo e soffi\u00f2 nelle sue narici un alito di vita\u00bb (Gen 2,7): esistiamo, cio\u00e8, perch\u00e9 Lui ha soffiato il respiro della vita in noi. E, come Padre tenero e misericordioso, vive anche Lui la Quaresima, perch\u00e9 ci desidera, ci attende, aspetta il nostro ritorno. E sempre ci incoraggia a non disperare, anche quando cadiamo nella polvere della nostra fragilit\u00e0 e del nostro peccato, perch\u00e9 \u00abEgli sa bene di che siamo plasmati, ricorda che noi siamo polvere\u00bb (Sal 103,14). Riascoltiamo questo: Egli ricorda che siamo polvere. Dio lo sa; noi, invece, spesso lo dimentichiamo, pensando di essere autosufficienti, forti, invincibili senza di Lui; usiamo dei maquillage per crederci migliori di quelli che siamo: siamo polvere.<\/p>\n<p><img loading=\"lazy\" decoding=\"async\" class=\"size-medium wp-image-70780 alignleft\" src=\"https:\/\/exaudi.org\/wp-content\/uploads\/2023\/02\/Miercoles-Ceniza-300x200.jpeg\" alt=\"\" width=\"300\" height=\"200\" srcset=\"https:\/\/exaudi.org\/wp-content\/uploads\/2023\/02\/Miercoles-Ceniza-300x200.jpeg 300w, https:\/\/exaudi.org\/wp-content\/uploads\/2023\/02\/Miercoles-Ceniza-770x513.jpeg 770w, https:\/\/exaudi.org\/wp-content\/uploads\/2023\/02\/Miercoles-Ceniza-360x240.jpeg?crop=1 360w, https:\/\/exaudi.org\/wp-content\/uploads\/2023\/02\/Miercoles-Ceniza-500x333.jpeg 500w, https:\/\/exaudi.org\/wp-content\/uploads\/2023\/02\/Miercoles-Ceniza-370x247.jpeg 370w, https:\/\/exaudi.org\/wp-content\/uploads\/2023\/02\/Miercoles-Ceniza-293x195.jpeg 293w, https:\/\/exaudi.org\/wp-content\/uploads\/2023\/02\/Miercoles-Ceniza-120x80.jpeg 120w, https:\/\/exaudi.org\/wp-content\/uploads\/2023\/02\/Miercoles-Ceniza-240x160.jpeg 240w, https:\/\/exaudi.org\/wp-content\/uploads\/2023\/02\/Miercoles-Ceniza-390x260.jpeg 390w, https:\/\/exaudi.org\/wp-content\/uploads\/2023\/02\/Miercoles-Ceniza.jpeg 800w\" sizes=\"auto, (max-width: 300px) 100vw, 300px\" \/>La Quaresima \u00e8 dunque il tempo per ricordarci chi \u00e8 il Creatore e chi la creatura, per proclamare che solo Dio \u00e8 il Signore, per spogliarci della pretesa di bastare a noi stessi e della smania di metterci al centro, di essere i primi della classe, di pensare che con le nostre sole capacit\u00e0 possiamo essere protagonisti della vita e trasformare il mondo che ci circonda. Questo \u00e8 il tempo favorevole per convertirci, per cambiare sguardo anzitutto su noi stessi, per guardarci dentro: quante distrazioni e superficialit\u00e0 ci distolgono da ci\u00f2 che conta, quante volte ci focalizziamo sulle nostre voglie o su quello che ci manca, allontanandoci dal centro del cuore, scordando di abbracciare il senso del nostro essere al mondo. La Quaresima \u00e8 un tempo di verit\u00e0 per far cadere le maschere che indossiamo ogni giorno per apparire perfetti agli occhi del mondo; per lottare, come ci ha detto Ges\u00f9 nel Vangelo, contro le falsit\u00e0 e l\u2019ipocrisia: non quelle degli altri, le nostre: guardarle in faccia e lottare.<\/p>\n<p>C\u2019\u00e8 per\u00f2 un secondo passo: le ceneri ci invitano anche a ritornare a Dio e ai fratelli. Infatti, se ritorniamo alla verit\u00e0 di ci\u00f2 che siamo e ci rendiamo conto che il nostro io non basta a s\u00e9 stesso, allora scopriamo di esistere solo grazie alle relazioni: quella originaria con il Signore e quelle vitali con gli altri. Cos\u00ec, la cenere che oggi riceviamo sul capo ci dice che ogni presunzione di autosufficienza \u00e8 falsa e che idolatrare l\u2019io \u00e8 distruttivo e ci chiude nella gabbia della solitudine: guardarsi allo specchio immaginando di essere perfetti, immaginando di essere al centro del mondo. La nostra vita, invece, \u00e8 anzitutto una relazione: l\u2019abbiamo ricevuta da Dio e dai nostri genitori, e sempre possiamo rinnovarla e rigenerarla grazie al Signore e a coloro che Egli ci mette accanto. La Quaresima \u00e8 il tempo favorevole per ravvivare le nostre relazioni con Dio e con gli altri: per aprirci nel silenzio alla preghiera e uscire dalla fortezza del nostro io chiuso, per spezzare le catene dell\u2019individualismo e dell\u2019isolamento e riscoprire, attraverso l\u2019incontro e l\u2019ascolto, chi ci cammina accanto ogni giorno, e reimparare ad amarlo come fratello o sorella.<\/p>\n<p>Fratelli e sorelle, come realizzare tutto ci\u00f2? Per compiere questo cammino \u2013 ritornare alla verit\u00e0 di noi stessi, ritornare a Dio e agli altri \u2013 siamo invitati a percorrere tre grandi vie: l\u2019elemosina, la preghiera e il digiuno. Sono le vie classiche: non ci vogliono novit\u00e0 in questa strada. Ges\u00f9 l\u2019ha detto, \u00e8 chiaro: l\u2019elemosina, la preghiera e il digiuno. E non si tratta di riti esteriori, ma di gesti che devono esprimere un rinnovamento del cuore. L\u2019elemosina non \u00e8 un gesto rapido per pulirsi la coscienza, per bilanciare un po\u2019 lo squilibrio interiore, ma \u00e8 un toccare con le proprie mani e con le proprie lacrime le sofferenze dei poveri; la preghiera non \u00e8 ritualit\u00e0, ma dialogo di verit\u00e0 e amore con il Padre; e il digiuno non \u00e8 un semplice fioretto, ma un gesto forte per ricordare al nostro cuore ci\u00f2 che conta e ci\u00f2 che passa. Quello di Ges\u00f9 \u00e8 un \u00abammonimento che conserva anche per noi la sua salutare validit\u00e0: ai gesti esteriori deve sempre corrispondere la sincerit\u00e0 dell\u2019animo e la coerenza delle opere. A che serve infatti lacerarsi le vesti, se il cuore rimane lontano dal Signore, cio\u00e8 dal bene e dalla giustizia?\u00bb (Benedetto XVI, Omelia mercoled\u00ec delle Ceneri, 1\u00b0 marzo 2006). Troppe volte, invece, i nostri gesti e riti non toccano la vita, non fanno verit\u00e0; magari li compiamo solo per farci ammirare dagli altri, per ricevere l\u2019applauso, per prenderci il merito. Ricordiamoci questo: nella vita personale, come nella vita della Chiesa, non contano l\u2019esteriorit\u00e0, i giudizi umani e il gradimento del mondo; conta solo lo sguardo di Dio, che vi legge l\u2019amore e la verit\u00e0.<\/p>\n<p><img loading=\"lazy\" decoding=\"async\" class=\"size-medium wp-image-70784 alignright\" src=\"https:\/\/exaudi.org\/wp-content\/uploads\/2023\/02\/Miercoles-Ceniza1-300x200.jpeg\" alt=\"\" width=\"300\" height=\"200\" srcset=\"https:\/\/exaudi.org\/wp-content\/uploads\/2023\/02\/Miercoles-Ceniza1-300x200.jpeg 300w, https:\/\/exaudi.org\/wp-content\/uploads\/2023\/02\/Miercoles-Ceniza1-770x513.jpeg 770w, https:\/\/exaudi.org\/wp-content\/uploads\/2023\/02\/Miercoles-Ceniza1-360x240.jpeg?crop=1 360w, https:\/\/exaudi.org\/wp-content\/uploads\/2023\/02\/Miercoles-Ceniza1-500x333.jpeg 500w, https:\/\/exaudi.org\/wp-content\/uploads\/2023\/02\/Miercoles-Ceniza1-370x247.jpeg 370w, https:\/\/exaudi.org\/wp-content\/uploads\/2023\/02\/Miercoles-Ceniza1-293x195.jpeg 293w, https:\/\/exaudi.org\/wp-content\/uploads\/2023\/02\/Miercoles-Ceniza1-120x80.jpeg 120w, https:\/\/exaudi.org\/wp-content\/uploads\/2023\/02\/Miercoles-Ceniza1-240x160.jpeg 240w, https:\/\/exaudi.org\/wp-content\/uploads\/2023\/02\/Miercoles-Ceniza1-390x260.jpeg 390w, https:\/\/exaudi.org\/wp-content\/uploads\/2023\/02\/Miercoles-Ceniza1.jpeg 800w\" sizes=\"auto, (max-width: 300px) 100vw, 300px\" \/>Se ci poniamo umilmente sotto il suo sguardo, allora l\u2019elemosina, la preghiera e il digiuno non rimangono gesti esteriori, ma esprimono chi siamo veramente: figli di Dio e fratelli tra noi. L\u2019elemosina, la carit\u00e0, manifester\u00e0 la nostra compassione per chi \u00e8 nel bisogno, ci aiuter\u00e0 a ritornare agli altri; la preghiera dar\u00e0 voce al nostro intimo desiderio di incontrare il Padre, facendoci ritornare a Lui; il digiuno sar\u00e0 la palestra spirituale per rinunciare con gioia a ci\u00f2 che \u00e8 superfluo e ci appesantisce, per diventare interiormente pi\u00f9 liberi e ritornare alla verit\u00e0 di noi stessi. Incontro con il Padre, libert\u00e0 interiore, compassione.<\/p>\n<p>Cari fratelli e sorelle, chiniamo il capo, riceviamo le ceneri, rendiamo leggero il cuore. Mettiamoci in cammino nella carit\u00e0: ci sono dati quaranta giorni favorevoli per ricordarci che il mondo non va rinchiuso nei confini angusti dei nostri bisogni personali e riscoprire la gioia non nelle cose da accumulare, ma nella cura di chi si trova nel bisogno e nell\u2019afflizione. Mettiamoci in cammino nella preghiera: ci sono dati quaranta giorni favorevoli per ridare a Dio il primato nella vita, per rimetterci a dialogare con Lui con tutto il cuore, non nei ritagli di tempo. Mettiamoci in cammino nel digiuno: ci sono dati quaranta giorni favorevoli per ritrovarci, per arginare la dittatura delle agende sempre piene di cose da fare, le pretese di un ego sempre pi\u00f9 superficiale e ingombrante, e scegliere ci\u00f2 che conta.<\/p>\n<p>Fratelli e sorelle, non disperdiamo la grazia di questo tempo santo: fissiamo il Crocifisso e camminiamo, rispondiamo con generosit\u00e0 ai richiami forti della Quaresima. E al termine del tragitto incontreremo con pi\u00f9 gioia il Signore della vita, incontreremo Lui, l\u2019unico che ci far\u00e0 risorgere dalle nostre ceneri.<\/p>\n<p><iframe loading=\"lazy\" title=\"22 February 2023 Penitential Procession, Holy Mass and imposition of the ashes | Pope Francis\" width=\"500\" height=\"281\" src=\"https:\/\/www.youtube.com\/embed\/IalL47HHvi8?feature=oembed\" frameborder=\"0\" allow=\"accelerometer; autoplay; clipboard-write; encrypted-media; gyroscope; picture-in-picture; web-share\" referrerpolicy=\"strict-origin-when-cross-origin\" allowfullscreen><\/iframe><\/p>\n","protected":false},"excerpt":{"rendered":"<p>Omelia del Papa alla Messa del Mercoled\u00ec delle Ceneri<\/p>\n","protected":false},"author":17,"featured_media":70777,"comment_status":"closed","ping_status":"closed","sticky":false,"template":"","format":"standard","meta":{"_acf_changed":false,"_crdt_document":"","inline_featured_image":false,"footnotes":""},"categories":[67,113],"tags":[2487,5983,251],"class_list":["post-70770","post","type-post","status-publish","format-standard","has-post-thumbnail","hentry","category-leone-xiv","category-omelie","tag-featured-3","tag-mercoledi-delle-ceneri","tag-papa-francesco"],"acf":[],"yoast_head":"<!-- This site is optimized with the Yoast SEO plugin v27.5 - https:\/\/yoast.com\/product\/yoast-seo-wordpress\/ -->\n<title>&quot;La Quaresima ci invita a tornare a ci\u00f2 che siamo, a Dio e ai nostri fratelli e sorelle&quot; &#8211; Exaudi<\/title>\n<meta name=\"robots\" content=\"index, follow, max-snippet:-1, max-image-preview:large, max-video-preview:-1\" \/>\n<link rel=\"canonical\" href=\"https:\/\/exaudi.org\/it\/la-quaresima-ci-invita-a-tornare-a-cio-che-siamo-a-dio-e-ai-nostri-fratelli-e-sorelle\/\" \/>\n<meta property=\"og:locale\" content=\"it_IT\" \/>\n<meta property=\"og:type\" content=\"article\" \/>\n<meta property=\"og:title\" content=\"&quot;La Quaresima ci invita a tornare a ci\u00f2 che siamo, a Dio e ai nostri fratelli e sorelle&quot; &#8211; Exaudi\" \/>\n<meta property=\"og:description\" content=\"Omelia del Papa alla Messa del Mercoled\u00ec delle Ceneri\" \/>\n<meta property=\"og:url\" content=\"https:\/\/exaudi.org\/it\/la-quaresima-ci-invita-a-tornare-a-cio-che-siamo-a-dio-e-ai-nostri-fratelli-e-sorelle\/\" \/>\n<meta property=\"og:site_name\" content=\"Exaudi\" \/>\n<meta property=\"article:publisher\" content=\"https:\/\/www.facebook.com\/ExaudiNews\" \/>\n<meta property=\"article:author\" content=\"https:\/\/www.facebook.com\/ExaudiNotizie\/\" \/>\n<meta property=\"article:published_time\" content=\"2023-02-22T20:00:32+00:00\" \/>\n<meta property=\"article:modified_time\" content=\"2023-02-24T12:25:17+00:00\" \/>\n<meta property=\"og:image\" content=\"https:\/\/exaudi.org\/wp-content\/uploads\/2023\/02\/Miercoles-de-Ceniza-22-febrero-2023.jpeg\" \/>\n\t<meta property=\"og:image:width\" content=\"800\" \/>\n\t<meta property=\"og:image:height\" content=\"533\" \/>\n\t<meta property=\"og:image:type\" content=\"image\/jpeg\" \/>\n<meta name=\"author\" content=\"Exaudi Redazione\" \/>\n<meta name=\"twitter:card\" content=\"summary_large_image\" \/>\n<meta name=\"twitter:creator\" content=\"@Exaudi_Notizie\" \/>\n<meta name=\"twitter:site\" content=\"@Exaudi_News\" \/>\n<meta name=\"twitter:label1\" content=\"Scritto da\" \/>\n\t<meta name=\"twitter:data1\" content=\"Exaudi Redazione\" \/>\n\t<meta name=\"twitter:label2\" content=\"Tempo di lettura stimato\" \/>\n\t<meta name=\"twitter:data2\" content=\"8 minuti\" \/>\n<script type=\"application\/ld+json\" class=\"yoast-schema-graph\">{\"@context\":\"https:\\\/\\\/schema.org\",\"@graph\":[{\"@type\":\"Article\",\"@id\":\"https:\\\/\\\/exaudi.org\\\/it\\\/la-quaresima-ci-invita-a-tornare-a-cio-che-siamo-a-dio-e-ai-nostri-fratelli-e-sorelle\\\/#article\",\"isPartOf\":{\"@id\":\"https:\\\/\\\/exaudi.org\\\/it\\\/la-quaresima-ci-invita-a-tornare-a-cio-che-siamo-a-dio-e-ai-nostri-fratelli-e-sorelle\\\/\"},\"author\":{\"name\":\"Exaudi Redazione\",\"@id\":\"https:\\\/\\\/exaudi.org\\\/#\\\/schema\\\/person\\\/e1ab6ed07c01774724dd96f925f3a5f0\"},\"headline\":\"&#8220;La Quaresima ci invita a tornare a ci\u00f2 che siamo, a Dio e ai nostri fratelli e sorelle&#8221;\",\"datePublished\":\"2023-02-22T20:00:32+00:00\",\"dateModified\":\"2023-02-24T12:25:17+00:00\",\"mainEntityOfPage\":{\"@id\":\"https:\\\/\\\/exaudi.org\\\/it\\\/la-quaresima-ci-invita-a-tornare-a-cio-che-siamo-a-dio-e-ai-nostri-fratelli-e-sorelle\\\/\"},\"wordCount\":1438,\"image\":{\"@id\":\"https:\\\/\\\/exaudi.org\\\/it\\\/la-quaresima-ci-invita-a-tornare-a-cio-che-siamo-a-dio-e-ai-nostri-fratelli-e-sorelle\\\/#primaryimage\"},\"thumbnailUrl\":\"https:\\\/\\\/exaudi.org\\\/wp-content\\\/uploads\\\/2023\\\/02\\\/Miercoles-de-Ceniza-22-febrero-2023.jpeg\",\"keywords\":[\"Featured\",\"mercoled\u00ec delle ceneri\",\"Papa Francesco\"],\"articleSection\":[\"Leone XIV\",\"Omelie\"],\"inLanguage\":\"it-IT\"},{\"@type\":\"WebPage\",\"@id\":\"https:\\\/\\\/exaudi.org\\\/it\\\/la-quaresima-ci-invita-a-tornare-a-cio-che-siamo-a-dio-e-ai-nostri-fratelli-e-sorelle\\\/\",\"url\":\"https:\\\/\\\/exaudi.org\\\/it\\\/la-quaresima-ci-invita-a-tornare-a-cio-che-siamo-a-dio-e-ai-nostri-fratelli-e-sorelle\\\/\",\"name\":\"\\\"La Quaresima ci invita a tornare a ci\u00f2 che siamo, a Dio e ai nostri fratelli e sorelle\\\" &#8211; Exaudi\",\"isPartOf\":{\"@id\":\"https:\\\/\\\/exaudi.org\\\/#website\"},\"primaryImageOfPage\":{\"@id\":\"https:\\\/\\\/exaudi.org\\\/it\\\/la-quaresima-ci-invita-a-tornare-a-cio-che-siamo-a-dio-e-ai-nostri-fratelli-e-sorelle\\\/#primaryimage\"},\"image\":{\"@id\":\"https:\\\/\\\/exaudi.org\\\/it\\\/la-quaresima-ci-invita-a-tornare-a-cio-che-siamo-a-dio-e-ai-nostri-fratelli-e-sorelle\\\/#primaryimage\"},\"thumbnailUrl\":\"https:\\\/\\\/exaudi.org\\\/wp-content\\\/uploads\\\/2023\\\/02\\\/Miercoles-de-Ceniza-22-febrero-2023.jpeg\",\"datePublished\":\"2023-02-22T20:00:32+00:00\",\"dateModified\":\"2023-02-24T12:25:17+00:00\",\"author\":{\"@id\":\"https:\\\/\\\/exaudi.org\\\/#\\\/schema\\\/person\\\/e1ab6ed07c01774724dd96f925f3a5f0\"},\"breadcrumb\":{\"@id\":\"https:\\\/\\\/exaudi.org\\\/it\\\/la-quaresima-ci-invita-a-tornare-a-cio-che-siamo-a-dio-e-ai-nostri-fratelli-e-sorelle\\\/#breadcrumb\"},\"inLanguage\":\"it-IT\",\"potentialAction\":[{\"@type\":\"ReadAction\",\"target\":[\"https:\\\/\\\/exaudi.org\\\/it\\\/la-quaresima-ci-invita-a-tornare-a-cio-che-siamo-a-dio-e-ai-nostri-fratelli-e-sorelle\\\/\"]}]},{\"@type\":\"ImageObject\",\"inLanguage\":\"it-IT\",\"@id\":\"https:\\\/\\\/exaudi.org\\\/it\\\/la-quaresima-ci-invita-a-tornare-a-cio-che-siamo-a-dio-e-ai-nostri-fratelli-e-sorelle\\\/#primaryimage\",\"url\":\"https:\\\/\\\/exaudi.org\\\/wp-content\\\/uploads\\\/2023\\\/02\\\/Miercoles-de-Ceniza-22-febrero-2023.jpeg\",\"contentUrl\":\"https:\\\/\\\/exaudi.org\\\/wp-content\\\/uploads\\\/2023\\\/02\\\/Miercoles-de-Ceniza-22-febrero-2023.jpeg\",\"width\":800,\"height\":533,\"caption\":\"Vatican Media\"},{\"@type\":\"BreadcrumbList\",\"@id\":\"https:\\\/\\\/exaudi.org\\\/it\\\/la-quaresima-ci-invita-a-tornare-a-cio-che-siamo-a-dio-e-ai-nostri-fratelli-e-sorelle\\\/#breadcrumb\",\"itemListElement\":[{\"@type\":\"ListItem\",\"position\":1,\"name\":\"Portada\",\"item\":\"https:\\\/\\\/exaudi.org\\\/it\\\/\"},{\"@type\":\"ListItem\",\"position\":2,\"name\":\"&#8220;La Quaresima ci invita a tornare a ci\u00f2 che siamo, a Dio e ai nostri fratelli e sorelle&#8221;\"}]},{\"@type\":\"WebSite\",\"@id\":\"https:\\\/\\\/exaudi.org\\\/#website\",\"url\":\"https:\\\/\\\/exaudi.org\\\/\",\"name\":\"Exaudi\",\"description\":\"News\",\"potentialAction\":[{\"@type\":\"SearchAction\",\"target\":{\"@type\":\"EntryPoint\",\"urlTemplate\":\"https:\\\/\\\/exaudi.org\\\/?s={search_term_string}\"},\"query-input\":{\"@type\":\"PropertyValueSpecification\",\"valueRequired\":true,\"valueName\":\"search_term_string\"}}],\"inLanguage\":\"it-IT\"},{\"@type\":\"Person\",\"@id\":\"https:\\\/\\\/exaudi.org\\\/#\\\/schema\\\/person\\\/e1ab6ed07c01774724dd96f925f3a5f0\",\"name\":\"Exaudi Redazione\",\"image\":{\"@type\":\"ImageObject\",\"inLanguage\":\"it-IT\",\"@id\":\"https:\\\/\\\/secure.gravatar.com\\\/avatar\\\/ad6774b3ada023bf5b939d64f45c94b3adf91502dd883507d469b4308a943bb3?s=96&d=mm&r=g\",\"url\":\"https:\\\/\\\/secure.gravatar.com\\\/avatar\\\/ad6774b3ada023bf5b939d64f45c94b3adf91502dd883507d469b4308a943bb3?s=96&d=mm&r=g\",\"contentUrl\":\"https:\\\/\\\/secure.gravatar.com\\\/avatar\\\/ad6774b3ada023bf5b939d64f45c94b3adf91502dd883507d469b4308a943bb3?s=96&d=mm&r=g\",\"caption\":\"Exaudi Redazione\"},\"description\":\"Che cosa \u00e8 Exaudi News? Exaudi News \u00e8 un agenzia cattolica internazionale che informa, istruisce e trasforma quotidianamente in spagnolo, inglese e italiano. Attraverso notizie, articoli di analisi e trasmissioni in diretta degli eventi del Papa, Exaudi cerca di rafforzare l'unit\u00e0 dei cristiani e di contribuire all'evangelizzazione del mondo, sempre guidato dalla dottrina sociale della Chiesa. Lavoriamo per portare la verit\u00e0 e i valori cristiani in ogni angolo del pianeta. Aiutaci a trasformare il mondo con Exaudi! Noi di Exaudi crediamo che l'evangelizzazione e l'informazione di qualit\u00e0 possano cambiare la vita. Per continuare la nostra missione ed espandere la nostra portata, abbiamo bisogno del tuo aiuto. Stiamo anche cercando persone motivate che vogliano unirsi al nostro team. Grazie al vostro sostegno raggiungeremo pi\u00f9 persone, diffonderemo il messaggio di Cristo e rafforzeremo l'unit\u00e0 dei cristiani. Vuoi unirti alla nostra missione? Per maggiori informazioni su come contribuire, visita Exaudi.org\\\/it o contattaci direttamente: info@exaudi.org Exaudi: informa, forma e trasforma.\",\"sameAs\":[\"https:\\\/\\\/www.facebook.com\\\/ExaudiNotizie\\\/\",\"https:\\\/\\\/www.instagram.com\\\/Exaudi_notizie\\\/\",\"https:\\\/\\\/x.com\\\/Exaudi_Notizie\",\"https:\\\/\\\/www.youtube.com\\\/@exaudicatholicnews\"],\"url\":\"https:\\\/\\\/exaudi.org\\\/it\\\/author\\\/dlvedi-org\\\/\"}]}<\/script>\n<!-- \/ Yoast SEO plugin. -->","yoast_head_json":{"title":"\"La Quaresima ci invita a tornare a ci\u00f2 che siamo, a Dio e ai nostri fratelli e sorelle\" &#8211; Exaudi","robots":{"index":"index","follow":"follow","max-snippet":"max-snippet:-1","max-image-preview":"max-image-preview:large","max-video-preview":"max-video-preview:-1"},"canonical":"https:\/\/exaudi.org\/it\/la-quaresima-ci-invita-a-tornare-a-cio-che-siamo-a-dio-e-ai-nostri-fratelli-e-sorelle\/","og_locale":"it_IT","og_type":"article","og_title":"\"La Quaresima ci invita a tornare a ci\u00f2 che siamo, a Dio e ai nostri fratelli e sorelle\" &#8211; Exaudi","og_description":"Omelia del Papa alla Messa del Mercoled\u00ec delle Ceneri","og_url":"https:\/\/exaudi.org\/it\/la-quaresima-ci-invita-a-tornare-a-cio-che-siamo-a-dio-e-ai-nostri-fratelli-e-sorelle\/","og_site_name":"Exaudi","article_publisher":"https:\/\/www.facebook.com\/ExaudiNews","article_author":"https:\/\/www.facebook.com\/ExaudiNotizie\/","article_published_time":"2023-02-22T20:00:32+00:00","article_modified_time":"2023-02-24T12:25:17+00:00","og_image":[{"width":800,"height":533,"url":"https:\/\/exaudi.org\/wp-content\/uploads\/2023\/02\/Miercoles-de-Ceniza-22-febrero-2023.jpeg","type":"image\/jpeg"}],"author":"Exaudi Redazione","twitter_card":"summary_large_image","twitter_creator":"@Exaudi_Notizie","twitter_site":"@Exaudi_News","twitter_misc":{"Scritto da":"Exaudi Redazione","Tempo di lettura stimato":"8 minuti"},"schema":{"@context":"https:\/\/schema.org","@graph":[{"@type":"Article","@id":"https:\/\/exaudi.org\/it\/la-quaresima-ci-invita-a-tornare-a-cio-che-siamo-a-dio-e-ai-nostri-fratelli-e-sorelle\/#article","isPartOf":{"@id":"https:\/\/exaudi.org\/it\/la-quaresima-ci-invita-a-tornare-a-cio-che-siamo-a-dio-e-ai-nostri-fratelli-e-sorelle\/"},"author":{"name":"Exaudi Redazione","@id":"https:\/\/exaudi.org\/#\/schema\/person\/e1ab6ed07c01774724dd96f925f3a5f0"},"headline":"&#8220;La Quaresima ci invita a tornare a ci\u00f2 che siamo, a Dio e ai nostri fratelli e sorelle&#8221;","datePublished":"2023-02-22T20:00:32+00:00","dateModified":"2023-02-24T12:25:17+00:00","mainEntityOfPage":{"@id":"https:\/\/exaudi.org\/it\/la-quaresima-ci-invita-a-tornare-a-cio-che-siamo-a-dio-e-ai-nostri-fratelli-e-sorelle\/"},"wordCount":1438,"image":{"@id":"https:\/\/exaudi.org\/it\/la-quaresima-ci-invita-a-tornare-a-cio-che-siamo-a-dio-e-ai-nostri-fratelli-e-sorelle\/#primaryimage"},"thumbnailUrl":"https:\/\/exaudi.org\/wp-content\/uploads\/2023\/02\/Miercoles-de-Ceniza-22-febrero-2023.jpeg","keywords":["Featured","mercoled\u00ec delle ceneri","Papa Francesco"],"articleSection":["Leone XIV","Omelie"],"inLanguage":"it-IT"},{"@type":"WebPage","@id":"https:\/\/exaudi.org\/it\/la-quaresima-ci-invita-a-tornare-a-cio-che-siamo-a-dio-e-ai-nostri-fratelli-e-sorelle\/","url":"https:\/\/exaudi.org\/it\/la-quaresima-ci-invita-a-tornare-a-cio-che-siamo-a-dio-e-ai-nostri-fratelli-e-sorelle\/","name":"\"La Quaresima ci invita a tornare a ci\u00f2 che siamo, a Dio e ai nostri fratelli e sorelle\" &#8211; Exaudi","isPartOf":{"@id":"https:\/\/exaudi.org\/#website"},"primaryImageOfPage":{"@id":"https:\/\/exaudi.org\/it\/la-quaresima-ci-invita-a-tornare-a-cio-che-siamo-a-dio-e-ai-nostri-fratelli-e-sorelle\/#primaryimage"},"image":{"@id":"https:\/\/exaudi.org\/it\/la-quaresima-ci-invita-a-tornare-a-cio-che-siamo-a-dio-e-ai-nostri-fratelli-e-sorelle\/#primaryimage"},"thumbnailUrl":"https:\/\/exaudi.org\/wp-content\/uploads\/2023\/02\/Miercoles-de-Ceniza-22-febrero-2023.jpeg","datePublished":"2023-02-22T20:00:32+00:00","dateModified":"2023-02-24T12:25:17+00:00","author":{"@id":"https:\/\/exaudi.org\/#\/schema\/person\/e1ab6ed07c01774724dd96f925f3a5f0"},"breadcrumb":{"@id":"https:\/\/exaudi.org\/it\/la-quaresima-ci-invita-a-tornare-a-cio-che-siamo-a-dio-e-ai-nostri-fratelli-e-sorelle\/#breadcrumb"},"inLanguage":"it-IT","potentialAction":[{"@type":"ReadAction","target":["https:\/\/exaudi.org\/it\/la-quaresima-ci-invita-a-tornare-a-cio-che-siamo-a-dio-e-ai-nostri-fratelli-e-sorelle\/"]}]},{"@type":"ImageObject","inLanguage":"it-IT","@id":"https:\/\/exaudi.org\/it\/la-quaresima-ci-invita-a-tornare-a-cio-che-siamo-a-dio-e-ai-nostri-fratelli-e-sorelle\/#primaryimage","url":"https:\/\/exaudi.org\/wp-content\/uploads\/2023\/02\/Miercoles-de-Ceniza-22-febrero-2023.jpeg","contentUrl":"https:\/\/exaudi.org\/wp-content\/uploads\/2023\/02\/Miercoles-de-Ceniza-22-febrero-2023.jpeg","width":800,"height":533,"caption":"Vatican Media"},{"@type":"BreadcrumbList","@id":"https:\/\/exaudi.org\/it\/la-quaresima-ci-invita-a-tornare-a-cio-che-siamo-a-dio-e-ai-nostri-fratelli-e-sorelle\/#breadcrumb","itemListElement":[{"@type":"ListItem","position":1,"name":"Portada","item":"https:\/\/exaudi.org\/it\/"},{"@type":"ListItem","position":2,"name":"&#8220;La Quaresima ci invita a tornare a ci\u00f2 che siamo, a Dio e ai nostri fratelli e sorelle&#8221;"}]},{"@type":"WebSite","@id":"https:\/\/exaudi.org\/#website","url":"https:\/\/exaudi.org\/","name":"Exaudi","description":"News","potentialAction":[{"@type":"SearchAction","target":{"@type":"EntryPoint","urlTemplate":"https:\/\/exaudi.org\/?s={search_term_string}"},"query-input":{"@type":"PropertyValueSpecification","valueRequired":true,"valueName":"search_term_string"}}],"inLanguage":"it-IT"},{"@type":"Person","@id":"https:\/\/exaudi.org\/#\/schema\/person\/e1ab6ed07c01774724dd96f925f3a5f0","name":"Exaudi Redazione","image":{"@type":"ImageObject","inLanguage":"it-IT","@id":"https:\/\/secure.gravatar.com\/avatar\/ad6774b3ada023bf5b939d64f45c94b3adf91502dd883507d469b4308a943bb3?s=96&d=mm&r=g","url":"https:\/\/secure.gravatar.com\/avatar\/ad6774b3ada023bf5b939d64f45c94b3adf91502dd883507d469b4308a943bb3?s=96&d=mm&r=g","contentUrl":"https:\/\/secure.gravatar.com\/avatar\/ad6774b3ada023bf5b939d64f45c94b3adf91502dd883507d469b4308a943bb3?s=96&d=mm&r=g","caption":"Exaudi Redazione"},"description":"Che cosa \u00e8 Exaudi News? Exaudi News \u00e8 un agenzia cattolica internazionale che informa, istruisce e trasforma quotidianamente in spagnolo, inglese e italiano. Attraverso notizie, articoli di analisi e trasmissioni in diretta degli eventi del Papa, Exaudi cerca di rafforzare l'unit\u00e0 dei cristiani e di contribuire all'evangelizzazione del mondo, sempre guidato dalla dottrina sociale della Chiesa. Lavoriamo per portare la verit\u00e0 e i valori cristiani in ogni angolo del pianeta. Aiutaci a trasformare il mondo con Exaudi! Noi di Exaudi crediamo che l'evangelizzazione e l'informazione di qualit\u00e0 possano cambiare la vita. Per continuare la nostra missione ed espandere la nostra portata, abbiamo bisogno del tuo aiuto. Stiamo anche cercando persone motivate che vogliano unirsi al nostro team. Grazie al vostro sostegno raggiungeremo pi\u00f9 persone, diffonderemo il messaggio di Cristo e rafforzeremo l'unit\u00e0 dei cristiani. Vuoi unirti alla nostra missione? Per maggiori informazioni su come contribuire, visita Exaudi.org\/it o contattaci direttamente: info@exaudi.org Exaudi: informa, forma e trasforma.","sameAs":["https:\/\/www.facebook.com\/ExaudiNotizie\/","https:\/\/www.instagram.com\/Exaudi_notizie\/","https:\/\/x.com\/Exaudi_Notizie","https:\/\/www.youtube.com\/@exaudicatholicnews"],"url":"https:\/\/exaudi.org\/it\/author\/dlvedi-org\/"}]}},"jetpack_featured_media_url":"https:\/\/exaudi.org\/wp-content\/uploads\/2023\/02\/Miercoles-de-Ceniza-22-febrero-2023.jpeg","jetpack_shortlink":"https:\/\/wp.me\/pgKjF2-ips","_links":{"self":[{"href":"https:\/\/exaudi.org\/it\/wp-json\/wp\/v2\/posts\/70770","targetHints":{"allow":["GET"]}}],"collection":[{"href":"https:\/\/exaudi.org\/it\/wp-json\/wp\/v2\/posts"}],"about":[{"href":"https:\/\/exaudi.org\/it\/wp-json\/wp\/v2\/types\/post"}],"author":[{"embeddable":true,"href":"https:\/\/exaudi.org\/it\/wp-json\/wp\/v2\/users\/17"}],"replies":[{"embeddable":true,"href":"https:\/\/exaudi.org\/it\/wp-json\/wp\/v2\/comments?post=70770"}],"version-history":[{"count":0,"href":"https:\/\/exaudi.org\/it\/wp-json\/wp\/v2\/posts\/70770\/revisions"}],"wp:featuredmedia":[{"embeddable":true,"href":"https:\/\/exaudi.org\/it\/wp-json\/wp\/v2\/media\/70777"}],"wp:attachment":[{"href":"https:\/\/exaudi.org\/it\/wp-json\/wp\/v2\/media?parent=70770"}],"wp:term":[{"taxonomy":"category","embeddable":true,"href":"https:\/\/exaudi.org\/it\/wp-json\/wp\/v2\/categories?post=70770"},{"taxonomy":"post_tag","embeddable":true,"href":"https:\/\/exaudi.org\/it\/wp-json\/wp\/v2\/tags?post=70770"}],"curies":[{"name":"wp","href":"https:\/\/api.w.org\/{rel}","templated":true}]}}