{"id":70503,"date":"2023-02-17T16:54:30","date_gmt":"2023-02-17T15:54:30","guid":{"rendered":"https:\/\/exaudi.org\/?p=70503"},"modified":"2023-02-19T12:16:33","modified_gmt":"2023-02-19T11:16:33","slug":"messaggio-del-papa-per-la-quaresima-2023-il-nostro-cammino-quaresimale-e-sinodale","status":"publish","type":"post","link":"https:\/\/exaudi.org\/it\/messaggio-del-papa-per-la-quaresima-2023-il-nostro-cammino-quaresimale-e-sinodale\/","title":{"rendered":"Messaggio del Papa per la Quaresima 2023: &#8220;Il nostro cammino quaresimale \u00e8 &#8220;sinodale&#8221;&#8221;"},"content":{"rendered":"<p>Pubblichiamo di seguito il testo del Messaggio del Santo Padre Francesco per la Quaresima 2023 sul tema \u201cAscesi quaresimale, itinerario sinodale\u201d:<\/p>\n<p><strong>Messaggio del Santo Padre<\/strong><\/p>\n<p>Ascesi quaresimale, itinerario sinodale<\/p>\n<p><i>Cari fratelli e sorelle!<\/i><\/p>\n<p>I vangeli di Matteo, Marco e Luca sono concordi nel raccontare l\u2019episodio della Trasfigurazione di Ges\u00f9. In questo avvenimento vediamo la risposta del Signore all\u2019incomprensione che i suoi discepoli avevano manifestato nei suoi confronti. Poco prima, infatti, c\u2019era stato un vero e proprio scontro tra il Maestro e Simon Pietro, il quale, dopo aver professato la sua fede in Ges\u00f9 come il Cristo, il Figlio di Dio, aveva respinto il suo annuncio della passione e della croce. Ges\u00f9 lo aveva rimproverato con forza: \u00abVa\u2019 dietro a me, satana! Tu mi sei di scandalo, perch\u00e9 non pensi secondo Dio, ma secondo gli uomini!\u201d (<i>Mt<\/i>\u00a016,23). Ed ecco che \u00absei giorni dopo, Ges\u00f9 prese con s\u00e9 Pietro, Giacomo e Giovanni suo fratello e li condusse in disparte, su un alto monte\u00bb (<i>Mt<\/i>\u00a017,1).<\/p>\n<p>Il Vangelo della Trasfigurazione viene proclamato ogni anno nella seconda Domenica di Quaresima. In effetti, in questo tempo liturgico il Signore ci prende con s\u00e9 e ci conduce in disparte. Anche se i nostri impegni ordinari ci chiedono di rimanere nei luoghi di sempre, vivendo un quotidiano spesso ripetitivo e a volte noioso, in Quaresima siamo invitati a \u201csalire su un alto monte\u201d insieme a Ges\u00f9, per vivere con il Popolo santo di Dio una particolare esperienza di\u00a0<i>ascesi<\/i>.<\/p>\n<p>L\u2019ascesi quaresimale \u00e8 un impegno, sempre animato dalla Grazia, per superare le nostre mancanze di fede e le resistenze a seguire Ges\u00f9 sul cammino della croce. Proprio come ci\u00f2 di cui aveva bisogno Pietro e gli altri discepoli. Per approfondire la nostra conoscenza del Maestro, per comprendere e accogliere fino in fondo il mistero della salvezza divina, realizzata nel dono totale di s\u00e9 per amore, bisogna lasciarsi condurre da Lui in disparte e in alto, distaccandosi dalle mediocrit\u00e0 e dalle vanit\u00e0. Bisogna mettersi in cammino, un cammino in salita, che richiede sforzo, sacrificio e concentrazione, come una escursione in montagna. Questi requisiti sono importanti anche per il cammino sinodale che, come Chiesa, ci siamo impegnati a realizzare. Ci far\u00e0 bene riflettere su questa relazione che esiste tra l\u2019ascesi quaresimale e l\u2019esperienza sinodale.<\/p>\n<p>Nel \u201critiro\u201d sul monte Tabor, Ges\u00f9 porta con s\u00e9 tre discepoli, scelti per essere testimoni di un avvenimento unico. Vuole che quella esperienza di grazia non sia solitaria, ma condivisa, come lo \u00e8, del resto, tutta la nostra vita di fede. Ges\u00f9 lo si segue insieme. E insieme, come Chiesa pellegrina nel tempo, si vive l\u2019anno liturgico e, in esso, la Quaresima, camminando con coloro che il Signore ci ha posto accanto come compagni di viaggio. Analogamente all\u2019ascesa di Ges\u00f9 e dei discepoli al Monte Tabor, possiamo dire che il nostro cammino quaresimale \u00e8 \u201csinodale\u201d, perch\u00e9 lo compiamo insieme sulla stessa via, discepoli dell\u2019unico Maestro. Sappiamo, anzi, che Lui stesso \u00e8\u00a0<i>la Via<\/i>, e dunque, sia nell\u2019itinerario liturgico sia in quello del Sinodo, la Chiesa altro non fa che entrare sempre pi\u00f9 profondamente e pienamente nel mistero di Cristo Salvatore.<\/p>\n<p>E arriviamo al momento culminante. Narra il Vangelo che Ges\u00f9\u00a0 \u00abfu trasfigurato davanti a loro: il suo volto brill\u00f2 come il sole e le sue vesti divennero candide come la luce\u00bb (<i>Mt<\/i>\u00a017,2). Ecco la \u201ccima\u201d, la meta del cammino. Al termine della salita, mentre stanno sull\u2019alto monte con Ges\u00f9, ai tre discepoli \u00e8 data la grazia di vederlo nella sua gloria, splendente di luce soprannaturale, che non veniva da fuori, ma si irradiava da Lui stesso. La divina bellezza di questa visione fu incomparabilmente superiore a qualsiasi fatica che i discepoli potessero aver fatto nel salire sul Tabor. Come in ogni impegnativa escursione in montagna: salendo bisogna tenere lo sguardo ben fisso al sentiero; ma il panorama che si spalanca alla fine sorprende e ripaga per la sua meraviglia. Anche il processo sinodale appare spesso arduo e a volte ci potremmo scoraggiare. Ma quello che ci attende al termine \u00e8 senz\u2019altro qualcosa di meraviglioso e sorprendente, che ci aiuter\u00e0 a comprendere meglio la volont\u00e0 di Dio e la nostra missione al servizio del suo Regno.<\/p>\n<p>L\u2019esperienza dei discepoli sul Monte Tabor si arricchisce ulteriormente quando, accanto a Ges\u00f9 trasfigurato, appaiono Mos\u00e8 ed Elia, che impersonano rispettivamente la Legge e i Profeti (cfr\u00a0<i>Mt<\/i>\u00a017,3). La novit\u00e0 del Cristo \u00e8 compimento dell\u2019antica Alleanza e delle promesse; \u00e8 inseparabile dalla storia di Dio con il suo popolo e ne rivela il senso profondo. Analogamente, il percorso sinodale \u00e8 radicato nella tradizione della Chiesa e al tempo stesso aperto verso la novit\u00e0. La tradizione \u00e8 fonte di ispirazione per cercare strade nuove, evitando le opposte tentazioni dell\u2019immobilismo e della sperimentazione improvvisata.<\/p>\n<p>Il cammino ascetico quaresimale e, similmente, quello sinodale, hanno entrambi come meta una trasfigurazione, personale ed ecclesiale. Una trasformazione che, in ambedue i casi, trova il suo modello in quella di Ges\u00f9 e si opera per la grazia del suo mistero pasquale. Affinch\u00e9 tale trasfigurazione si possa realizzare in noi quest\u2019anno, vorrei proporre due \u201csentieri\u201d da seguire per salire insieme a Ges\u00f9 e giungere con Lui alla meta.<\/p>\n<p>Il primo fa riferimento all\u2019imperativo che Dio Padre rivolge ai discepoli sul Tabor, mentre contemplano Ges\u00f9 trasfigurato. La voce dalla nube dice: \u00abAscoltatelo\u00bb (<i>Mt<\/i>\u00a017,5). Dunque la prima indicazione \u00e8 molto chiara: ascoltare Ges\u00f9. La Quaresima \u00e8 tempo di grazia nella misura in cui ci mettiamo in ascolto di Lui che ci parla. E come ci parla? Anzitutto nella Parola di Dio, che la Chiesa ci offre nella Liturgia: non lasciamola cadere nel vuoto; se non possiamo partecipare\u00a0 sempre alla Messa, leggiamo le Letture bibliche giorno per giorno, anche con l\u2019aiuto di internet. Oltre che nelle Scritture, il Signore ci parla nei fratelli, soprattutto nei volti e nelle storie di coloro che hanno bisogno di aiuto. Ma vorrei aggiungere anche un altro aspetto, molto importante nel processo sinodale: l\u2019ascolto di Cristo passa anche attraverso l\u2019ascolto dei fratelli e delle sorelle nella Chiesa, quell\u2019ascolto reciproco che in alcune fasi \u00e8 l\u2019obiettivo principale ma che comunque rimane sempre indispensabile nel metodo e nello stile di una Chiesa sinodale.<\/p>\n<p>All\u2019udire la voce del Padre, \u00abi discepoli caddero con la faccia a terra e furono presi da grande timore. Ma Ges\u00f9 si avvicin\u00f2, li tocc\u00f2 e disse: \u201cAlzatevi e non temete\u201d. Alzando gli occhi non videro nessuno, se non Ges\u00f9 solo\u00bb (<i>Mt<\/i>\u00a017,6-8). Ecco la seconda indicazione per questa Quaresima: non rifugiarsi in una religiosit\u00e0 fatta di eventi straordinari, di esperienze suggestive, per paura di affrontare la realt\u00e0 con le sue fatiche quotidiane, le sue durezze e le sue contraddizioni. La luce che Ges\u00f9 mostra ai discepoli \u00e8 un anticipo della gloria pasquale, e verso quella bisogna andare, seguendo \u201cLui solo\u201d. La Quaresima \u00e8 orientata alla Pasqua: il \u201critiro\u201d non \u00e8 fine a s\u00e9 stesso, ma ci prepara a vivere con fede, speranza e amore la passione e la croce, per giungere alla risurrezione. Anche il percorso sinodale non deve illuderci di essere arrivati quando Dio ci dona la grazia di alcune esperienze forti di comunione. Anche l\u00ec il Signore ci ripete: \u00abAlzatevi e non temete\u00bb. Scendiamo nella pianura, e la grazia sperimentata ci sostenga nell\u2019essere artigiani di sinodalit\u00e0 nella vita ordinaria delle nostre comunit\u00e0.<\/p>\n<p>Cari fratelli e sorelle, lo Spirito Santo ci animi in questa Quaresima nell\u2019ascesa con Ges\u00f9, per fare esperienza del suo splendore divino e cos\u00ec, rafforzati nella fede, proseguire insieme il cammino con Lui, gloria del suo popolo e luce delle genti.<\/p>\n<p><i>Roma, San Giovanni in Laterano, 25 gennaio, festa della Conversione di San Paolo<\/i><\/p>\n<p>&nbsp;<\/p>\n<p>FRANCESCO<\/p>\n","protected":false},"excerpt":{"rendered":"<p>Intitolato &#8220;Ascetica quaresimale, cammino sinodale&#8221;<\/p>\n","protected":false},"author":17,"featured_media":70455,"comment_status":"closed","ping_status":"closed","sticky":false,"template":"","format":"standard","meta":{"_acf_changed":false,"_crdt_document":"","inline_featured_image":false,"footnotes":""},"categories":[67,117],"tags":[2487,251,8426],"class_list":["post-70503","post","type-post","status-publish","format-standard","has-post-thumbnail","hentry","category-leone-xiv","category-messaggi","tag-featured-3","tag-papa-francesco","tag-quaresima-2023"],"acf":[],"yoast_head":"<!-- This site is optimized with the Yoast SEO plugin v27.4 - https:\/\/yoast.com\/product\/yoast-seo-wordpress\/ -->\n<title>Messaggio del Papa per la Quaresima 2023: &quot;Il nostro cammino quaresimale \u00e8 &quot;sinodale&quot;&quot; &#8211; Exaudi<\/title>\n<meta name=\"robots\" content=\"index, follow, max-snippet:-1, max-image-preview:large, max-video-preview:-1\" \/>\n<link rel=\"canonical\" href=\"https:\/\/exaudi.org\/it\/messaggio-del-papa-per-la-quaresima-2023-il-nostro-cammino-quaresimale-e-sinodale\/\" \/>\n<meta property=\"og:locale\" content=\"it_IT\" \/>\n<meta property=\"og:type\" content=\"article\" \/>\n<meta property=\"og:title\" content=\"Messaggio del Papa per la Quaresima 2023: &quot;Il nostro cammino quaresimale \u00e8 &quot;sinodale&quot;&quot; &#8211; Exaudi\" \/>\n<meta property=\"og:description\" content=\"Intitolato &quot;Ascetica quaresimale, cammino sinodale&quot;\" \/>\n<meta property=\"og:url\" content=\"https:\/\/exaudi.org\/it\/messaggio-del-papa-per-la-quaresima-2023-il-nostro-cammino-quaresimale-e-sinodale\/\" \/>\n<meta property=\"og:site_name\" content=\"Exaudi\" \/>\n<meta property=\"article:publisher\" content=\"https:\/\/www.facebook.com\/ExaudiNews\" \/>\n<meta property=\"article:author\" content=\"https:\/\/www.facebook.com\/ExaudiNotizie\/\" \/>\n<meta property=\"article:published_time\" content=\"2023-02-17T15:54:30+00:00\" \/>\n<meta property=\"article:modified_time\" content=\"2023-02-19T11:16:33+00:00\" \/>\n<meta property=\"og:image\" content=\"https:\/\/exaudi.org\/wp-content\/uploads\/2023\/02\/Miercoles-de-Ceniza-2018.jpeg\" \/>\n\t<meta property=\"og:image:width\" content=\"1280\" \/>\n\t<meta property=\"og:image:height\" content=\"720\" \/>\n\t<meta property=\"og:image:type\" content=\"image\/jpeg\" \/>\n<meta name=\"author\" content=\"Exaudi Redazione\" \/>\n<meta name=\"twitter:card\" content=\"summary_large_image\" \/>\n<meta name=\"twitter:creator\" content=\"@Exaudi_Notizie\" \/>\n<meta name=\"twitter:site\" content=\"@Exaudi_News\" \/>\n<meta name=\"twitter:label1\" content=\"Scritto da\" \/>\n\t<meta name=\"twitter:data1\" content=\"Exaudi Redazione\" \/>\n\t<meta name=\"twitter:label2\" content=\"Tempo di lettura stimato\" \/>\n\t<meta name=\"twitter:data2\" content=\"6 minuti\" \/>\n<script type=\"application\/ld+json\" class=\"yoast-schema-graph\">{\"@context\":\"https:\\\/\\\/schema.org\",\"@graph\":[{\"@type\":\"Article\",\"@id\":\"https:\\\/\\\/exaudi.org\\\/it\\\/messaggio-del-papa-per-la-quaresima-2023-il-nostro-cammino-quaresimale-e-sinodale\\\/#article\",\"isPartOf\":{\"@id\":\"https:\\\/\\\/exaudi.org\\\/it\\\/messaggio-del-papa-per-la-quaresima-2023-il-nostro-cammino-quaresimale-e-sinodale\\\/\"},\"author\":{\"name\":\"Exaudi Redazione\",\"@id\":\"https:\\\/\\\/exaudi.org\\\/#\\\/schema\\\/person\\\/e1ab6ed07c01774724dd96f925f3a5f0\"},\"headline\":\"Messaggio del Papa per la Quaresima 2023: &#8220;Il nostro cammino quaresimale \u00e8 &#8220;sinodale&#8221;&#8221;\",\"datePublished\":\"2023-02-17T15:54:30+00:00\",\"dateModified\":\"2023-02-19T11:16:33+00:00\",\"mainEntityOfPage\":{\"@id\":\"https:\\\/\\\/exaudi.org\\\/it\\\/messaggio-del-papa-per-la-quaresima-2023-il-nostro-cammino-quaresimale-e-sinodale\\\/\"},\"wordCount\":1272,\"image\":{\"@id\":\"https:\\\/\\\/exaudi.org\\\/it\\\/messaggio-del-papa-per-la-quaresima-2023-il-nostro-cammino-quaresimale-e-sinodale\\\/#primaryimage\"},\"thumbnailUrl\":\"https:\\\/\\\/exaudi.org\\\/wp-content\\\/uploads\\\/2023\\\/02\\\/Miercoles-de-Ceniza-2018.jpeg\",\"keywords\":[\"Featured\",\"Papa Francesco\",\"Quaresima 2023\"],\"articleSection\":[\"Leone XIV\",\"Messaggi\"],\"inLanguage\":\"it-IT\"},{\"@type\":\"WebPage\",\"@id\":\"https:\\\/\\\/exaudi.org\\\/it\\\/messaggio-del-papa-per-la-quaresima-2023-il-nostro-cammino-quaresimale-e-sinodale\\\/\",\"url\":\"https:\\\/\\\/exaudi.org\\\/it\\\/messaggio-del-papa-per-la-quaresima-2023-il-nostro-cammino-quaresimale-e-sinodale\\\/\",\"name\":\"Messaggio del Papa per la Quaresima 2023: \\\"Il nostro cammino quaresimale \u00e8 \\\"sinodale\\\"\\\" &#8211; Exaudi\",\"isPartOf\":{\"@id\":\"https:\\\/\\\/exaudi.org\\\/#website\"},\"primaryImageOfPage\":{\"@id\":\"https:\\\/\\\/exaudi.org\\\/it\\\/messaggio-del-papa-per-la-quaresima-2023-il-nostro-cammino-quaresimale-e-sinodale\\\/#primaryimage\"},\"image\":{\"@id\":\"https:\\\/\\\/exaudi.org\\\/it\\\/messaggio-del-papa-per-la-quaresima-2023-il-nostro-cammino-quaresimale-e-sinodale\\\/#primaryimage\"},\"thumbnailUrl\":\"https:\\\/\\\/exaudi.org\\\/wp-content\\\/uploads\\\/2023\\\/02\\\/Miercoles-de-Ceniza-2018.jpeg\",\"datePublished\":\"2023-02-17T15:54:30+00:00\",\"dateModified\":\"2023-02-19T11:16:33+00:00\",\"author\":{\"@id\":\"https:\\\/\\\/exaudi.org\\\/#\\\/schema\\\/person\\\/e1ab6ed07c01774724dd96f925f3a5f0\"},\"breadcrumb\":{\"@id\":\"https:\\\/\\\/exaudi.org\\\/it\\\/messaggio-del-papa-per-la-quaresima-2023-il-nostro-cammino-quaresimale-e-sinodale\\\/#breadcrumb\"},\"inLanguage\":\"it-IT\",\"potentialAction\":[{\"@type\":\"ReadAction\",\"target\":[\"https:\\\/\\\/exaudi.org\\\/it\\\/messaggio-del-papa-per-la-quaresima-2023-il-nostro-cammino-quaresimale-e-sinodale\\\/\"]}]},{\"@type\":\"ImageObject\",\"inLanguage\":\"it-IT\",\"@id\":\"https:\\\/\\\/exaudi.org\\\/it\\\/messaggio-del-papa-per-la-quaresima-2023-il-nostro-cammino-quaresimale-e-sinodale\\\/#primaryimage\",\"url\":\"https:\\\/\\\/exaudi.org\\\/wp-content\\\/uploads\\\/2023\\\/02\\\/Miercoles-de-Ceniza-2018.jpeg\",\"contentUrl\":\"https:\\\/\\\/exaudi.org\\\/wp-content\\\/uploads\\\/2023\\\/02\\\/Miercoles-de-Ceniza-2018.jpeg\",\"width\":1280,\"height\":720,\"caption\":\"Mi\u00e9rcoles de Ceniza 2018 \u00a9 Vatican Media\"},{\"@type\":\"BreadcrumbList\",\"@id\":\"https:\\\/\\\/exaudi.org\\\/it\\\/messaggio-del-papa-per-la-quaresima-2023-il-nostro-cammino-quaresimale-e-sinodale\\\/#breadcrumb\",\"itemListElement\":[{\"@type\":\"ListItem\",\"position\":1,\"name\":\"Portada\",\"item\":\"https:\\\/\\\/exaudi.org\\\/it\\\/\"},{\"@type\":\"ListItem\",\"position\":2,\"name\":\"Messaggio del Papa per la Quaresima 2023: &#8220;Il nostro cammino quaresimale \u00e8 &#8220;sinodale&#8221;&#8221;\"}]},{\"@type\":\"WebSite\",\"@id\":\"https:\\\/\\\/exaudi.org\\\/#website\",\"url\":\"https:\\\/\\\/exaudi.org\\\/\",\"name\":\"Exaudi\",\"description\":\"News\",\"potentialAction\":[{\"@type\":\"SearchAction\",\"target\":{\"@type\":\"EntryPoint\",\"urlTemplate\":\"https:\\\/\\\/exaudi.org\\\/?s={search_term_string}\"},\"query-input\":{\"@type\":\"PropertyValueSpecification\",\"valueRequired\":true,\"valueName\":\"search_term_string\"}}],\"inLanguage\":\"it-IT\"},{\"@type\":\"Person\",\"@id\":\"https:\\\/\\\/exaudi.org\\\/#\\\/schema\\\/person\\\/e1ab6ed07c01774724dd96f925f3a5f0\",\"name\":\"Exaudi Redazione\",\"image\":{\"@type\":\"ImageObject\",\"inLanguage\":\"it-IT\",\"@id\":\"https:\\\/\\\/secure.gravatar.com\\\/avatar\\\/ad6774b3ada023bf5b939d64f45c94b3adf91502dd883507d469b4308a943bb3?s=96&d=mm&r=g\",\"url\":\"https:\\\/\\\/secure.gravatar.com\\\/avatar\\\/ad6774b3ada023bf5b939d64f45c94b3adf91502dd883507d469b4308a943bb3?s=96&d=mm&r=g\",\"contentUrl\":\"https:\\\/\\\/secure.gravatar.com\\\/avatar\\\/ad6774b3ada023bf5b939d64f45c94b3adf91502dd883507d469b4308a943bb3?s=96&d=mm&r=g\",\"caption\":\"Exaudi Redazione\"},\"description\":\"Che cosa \u00e8 Exaudi News? Exaudi News \u00e8 un agenzia cattolica internazionale che informa, istruisce e trasforma quotidianamente in spagnolo, inglese e italiano. Attraverso notizie, articoli di analisi e trasmissioni in diretta degli eventi del Papa, Exaudi cerca di rafforzare l'unit\u00e0 dei cristiani e di contribuire all'evangelizzazione del mondo, sempre guidato dalla dottrina sociale della Chiesa. Lavoriamo per portare la verit\u00e0 e i valori cristiani in ogni angolo del pianeta. Aiutaci a trasformare il mondo con Exaudi! Noi di Exaudi crediamo che l'evangelizzazione e l'informazione di qualit\u00e0 possano cambiare la vita. Per continuare la nostra missione ed espandere la nostra portata, abbiamo bisogno del tuo aiuto. Stiamo anche cercando persone motivate che vogliano unirsi al nostro team. Grazie al vostro sostegno raggiungeremo pi\u00f9 persone, diffonderemo il messaggio di Cristo e rafforzeremo l'unit\u00e0 dei cristiani. Vuoi unirti alla nostra missione? Per maggiori informazioni su come contribuire, visita Exaudi.org\\\/it o contattaci direttamente: info@exaudi.org Exaudi: informa, forma e trasforma.\",\"sameAs\":[\"https:\\\/\\\/www.facebook.com\\\/ExaudiNotizie\\\/\",\"https:\\\/\\\/www.instagram.com\\\/Exaudi_notizie\\\/\",\"https:\\\/\\\/x.com\\\/Exaudi_Notizie\",\"https:\\\/\\\/www.youtube.com\\\/@exaudicatholicnews\"],\"url\":\"https:\\\/\\\/exaudi.org\\\/it\\\/author\\\/dlvedi-org\\\/\"}]}<\/script>\n<!-- \/ Yoast SEO plugin. -->","yoast_head_json":{"title":"Messaggio del Papa per la Quaresima 2023: \"Il nostro cammino quaresimale \u00e8 \"sinodale\"\" &#8211; Exaudi","robots":{"index":"index","follow":"follow","max-snippet":"max-snippet:-1","max-image-preview":"max-image-preview:large","max-video-preview":"max-video-preview:-1"},"canonical":"https:\/\/exaudi.org\/it\/messaggio-del-papa-per-la-quaresima-2023-il-nostro-cammino-quaresimale-e-sinodale\/","og_locale":"it_IT","og_type":"article","og_title":"Messaggio del Papa per la Quaresima 2023: \"Il nostro cammino quaresimale \u00e8 \"sinodale\"\" &#8211; Exaudi","og_description":"Intitolato \"Ascetica quaresimale, cammino sinodale\"","og_url":"https:\/\/exaudi.org\/it\/messaggio-del-papa-per-la-quaresima-2023-il-nostro-cammino-quaresimale-e-sinodale\/","og_site_name":"Exaudi","article_publisher":"https:\/\/www.facebook.com\/ExaudiNews","article_author":"https:\/\/www.facebook.com\/ExaudiNotizie\/","article_published_time":"2023-02-17T15:54:30+00:00","article_modified_time":"2023-02-19T11:16:33+00:00","og_image":[{"width":1280,"height":720,"url":"https:\/\/exaudi.org\/wp-content\/uploads\/2023\/02\/Miercoles-de-Ceniza-2018.jpeg","type":"image\/jpeg"}],"author":"Exaudi Redazione","twitter_card":"summary_large_image","twitter_creator":"@Exaudi_Notizie","twitter_site":"@Exaudi_News","twitter_misc":{"Scritto da":"Exaudi Redazione","Tempo di lettura stimato":"6 minuti"},"schema":{"@context":"https:\/\/schema.org","@graph":[{"@type":"Article","@id":"https:\/\/exaudi.org\/it\/messaggio-del-papa-per-la-quaresima-2023-il-nostro-cammino-quaresimale-e-sinodale\/#article","isPartOf":{"@id":"https:\/\/exaudi.org\/it\/messaggio-del-papa-per-la-quaresima-2023-il-nostro-cammino-quaresimale-e-sinodale\/"},"author":{"name":"Exaudi Redazione","@id":"https:\/\/exaudi.org\/#\/schema\/person\/e1ab6ed07c01774724dd96f925f3a5f0"},"headline":"Messaggio del Papa per la Quaresima 2023: &#8220;Il nostro cammino quaresimale \u00e8 &#8220;sinodale&#8221;&#8221;","datePublished":"2023-02-17T15:54:30+00:00","dateModified":"2023-02-19T11:16:33+00:00","mainEntityOfPage":{"@id":"https:\/\/exaudi.org\/it\/messaggio-del-papa-per-la-quaresima-2023-il-nostro-cammino-quaresimale-e-sinodale\/"},"wordCount":1272,"image":{"@id":"https:\/\/exaudi.org\/it\/messaggio-del-papa-per-la-quaresima-2023-il-nostro-cammino-quaresimale-e-sinodale\/#primaryimage"},"thumbnailUrl":"https:\/\/exaudi.org\/wp-content\/uploads\/2023\/02\/Miercoles-de-Ceniza-2018.jpeg","keywords":["Featured","Papa Francesco","Quaresima 2023"],"articleSection":["Leone XIV","Messaggi"],"inLanguage":"it-IT"},{"@type":"WebPage","@id":"https:\/\/exaudi.org\/it\/messaggio-del-papa-per-la-quaresima-2023-il-nostro-cammino-quaresimale-e-sinodale\/","url":"https:\/\/exaudi.org\/it\/messaggio-del-papa-per-la-quaresima-2023-il-nostro-cammino-quaresimale-e-sinodale\/","name":"Messaggio del Papa per la Quaresima 2023: \"Il nostro cammino quaresimale \u00e8 \"sinodale\"\" &#8211; Exaudi","isPartOf":{"@id":"https:\/\/exaudi.org\/#website"},"primaryImageOfPage":{"@id":"https:\/\/exaudi.org\/it\/messaggio-del-papa-per-la-quaresima-2023-il-nostro-cammino-quaresimale-e-sinodale\/#primaryimage"},"image":{"@id":"https:\/\/exaudi.org\/it\/messaggio-del-papa-per-la-quaresima-2023-il-nostro-cammino-quaresimale-e-sinodale\/#primaryimage"},"thumbnailUrl":"https:\/\/exaudi.org\/wp-content\/uploads\/2023\/02\/Miercoles-de-Ceniza-2018.jpeg","datePublished":"2023-02-17T15:54:30+00:00","dateModified":"2023-02-19T11:16:33+00:00","author":{"@id":"https:\/\/exaudi.org\/#\/schema\/person\/e1ab6ed07c01774724dd96f925f3a5f0"},"breadcrumb":{"@id":"https:\/\/exaudi.org\/it\/messaggio-del-papa-per-la-quaresima-2023-il-nostro-cammino-quaresimale-e-sinodale\/#breadcrumb"},"inLanguage":"it-IT","potentialAction":[{"@type":"ReadAction","target":["https:\/\/exaudi.org\/it\/messaggio-del-papa-per-la-quaresima-2023-il-nostro-cammino-quaresimale-e-sinodale\/"]}]},{"@type":"ImageObject","inLanguage":"it-IT","@id":"https:\/\/exaudi.org\/it\/messaggio-del-papa-per-la-quaresima-2023-il-nostro-cammino-quaresimale-e-sinodale\/#primaryimage","url":"https:\/\/exaudi.org\/wp-content\/uploads\/2023\/02\/Miercoles-de-Ceniza-2018.jpeg","contentUrl":"https:\/\/exaudi.org\/wp-content\/uploads\/2023\/02\/Miercoles-de-Ceniza-2018.jpeg","width":1280,"height":720,"caption":"Mi\u00e9rcoles de Ceniza 2018 \u00a9 Vatican Media"},{"@type":"BreadcrumbList","@id":"https:\/\/exaudi.org\/it\/messaggio-del-papa-per-la-quaresima-2023-il-nostro-cammino-quaresimale-e-sinodale\/#breadcrumb","itemListElement":[{"@type":"ListItem","position":1,"name":"Portada","item":"https:\/\/exaudi.org\/it\/"},{"@type":"ListItem","position":2,"name":"Messaggio del Papa per la Quaresima 2023: &#8220;Il nostro cammino quaresimale \u00e8 &#8220;sinodale&#8221;&#8221;"}]},{"@type":"WebSite","@id":"https:\/\/exaudi.org\/#website","url":"https:\/\/exaudi.org\/","name":"Exaudi","description":"News","potentialAction":[{"@type":"SearchAction","target":{"@type":"EntryPoint","urlTemplate":"https:\/\/exaudi.org\/?s={search_term_string}"},"query-input":{"@type":"PropertyValueSpecification","valueRequired":true,"valueName":"search_term_string"}}],"inLanguage":"it-IT"},{"@type":"Person","@id":"https:\/\/exaudi.org\/#\/schema\/person\/e1ab6ed07c01774724dd96f925f3a5f0","name":"Exaudi Redazione","image":{"@type":"ImageObject","inLanguage":"it-IT","@id":"https:\/\/secure.gravatar.com\/avatar\/ad6774b3ada023bf5b939d64f45c94b3adf91502dd883507d469b4308a943bb3?s=96&d=mm&r=g","url":"https:\/\/secure.gravatar.com\/avatar\/ad6774b3ada023bf5b939d64f45c94b3adf91502dd883507d469b4308a943bb3?s=96&d=mm&r=g","contentUrl":"https:\/\/secure.gravatar.com\/avatar\/ad6774b3ada023bf5b939d64f45c94b3adf91502dd883507d469b4308a943bb3?s=96&d=mm&r=g","caption":"Exaudi Redazione"},"description":"Che cosa \u00e8 Exaudi News? Exaudi News \u00e8 un agenzia cattolica internazionale che informa, istruisce e trasforma quotidianamente in spagnolo, inglese e italiano. Attraverso notizie, articoli di analisi e trasmissioni in diretta degli eventi del Papa, Exaudi cerca di rafforzare l'unit\u00e0 dei cristiani e di contribuire all'evangelizzazione del mondo, sempre guidato dalla dottrina sociale della Chiesa. Lavoriamo per portare la verit\u00e0 e i valori cristiani in ogni angolo del pianeta. Aiutaci a trasformare il mondo con Exaudi! Noi di Exaudi crediamo che l'evangelizzazione e l'informazione di qualit\u00e0 possano cambiare la vita. Per continuare la nostra missione ed espandere la nostra portata, abbiamo bisogno del tuo aiuto. Stiamo anche cercando persone motivate che vogliano unirsi al nostro team. Grazie al vostro sostegno raggiungeremo pi\u00f9 persone, diffonderemo il messaggio di Cristo e rafforzeremo l'unit\u00e0 dei cristiani. Vuoi unirti alla nostra missione? Per maggiori informazioni su come contribuire, visita Exaudi.org\/it o contattaci direttamente: info@exaudi.org Exaudi: informa, forma e trasforma.","sameAs":["https:\/\/www.facebook.com\/ExaudiNotizie\/","https:\/\/www.instagram.com\/Exaudi_notizie\/","https:\/\/x.com\/Exaudi_Notizie","https:\/\/www.youtube.com\/@exaudicatholicnews"],"url":"https:\/\/exaudi.org\/it\/author\/dlvedi-org\/"}]}},"jetpack_featured_media_url":"https:\/\/exaudi.org\/wp-content\/uploads\/2023\/02\/Miercoles-de-Ceniza-2018.jpeg","jetpack_shortlink":"https:\/\/wp.me\/pgKjF2-il9","_links":{"self":[{"href":"https:\/\/exaudi.org\/it\/wp-json\/wp\/v2\/posts\/70503","targetHints":{"allow":["GET"]}}],"collection":[{"href":"https:\/\/exaudi.org\/it\/wp-json\/wp\/v2\/posts"}],"about":[{"href":"https:\/\/exaudi.org\/it\/wp-json\/wp\/v2\/types\/post"}],"author":[{"embeddable":true,"href":"https:\/\/exaudi.org\/it\/wp-json\/wp\/v2\/users\/17"}],"replies":[{"embeddable":true,"href":"https:\/\/exaudi.org\/it\/wp-json\/wp\/v2\/comments?post=70503"}],"version-history":[{"count":0,"href":"https:\/\/exaudi.org\/it\/wp-json\/wp\/v2\/posts\/70503\/revisions"}],"wp:featuredmedia":[{"embeddable":true,"href":"https:\/\/exaudi.org\/it\/wp-json\/wp\/v2\/media\/70455"}],"wp:attachment":[{"href":"https:\/\/exaudi.org\/it\/wp-json\/wp\/v2\/media?parent=70503"}],"wp:term":[{"taxonomy":"category","embeddable":true,"href":"https:\/\/exaudi.org\/it\/wp-json\/wp\/v2\/categories?post=70503"},{"taxonomy":"post_tag","embeddable":true,"href":"https:\/\/exaudi.org\/it\/wp-json\/wp\/v2\/tags?post=70503"}],"curies":[{"name":"wp","href":"https:\/\/api.w.org\/{rel}","templated":true}]}}