{"id":69596,"date":"2023-02-01T15:55:01","date_gmt":"2023-02-01T14:55:01","guid":{"rendered":"https:\/\/exaudi.org\/?p=69596"},"modified":"2023-02-01T15:55:01","modified_gmt":"2023-02-01T14:55:01","slug":"come-conservare-e-coltivare-la-pace-di-gesu-perdono-comunita-e-missione","status":"publish","type":"post","link":"https:\/\/exaudi.org\/it\/come-conservare-e-coltivare-la-pace-di-gesu-perdono-comunita-e-missione\/","title":{"rendered":"&#8220;Come conservare e coltivare la pace di Ges\u00f9: perdono, comunit\u00e0 e missione&#8221;"},"content":{"rendered":"<p>Questa mattina, lasciata la Nunziatura Apostolica di Kinshasa, il Santo Padre Francesco si trasferisce in auto all\u2019Aeroporto di N\u2019dolo per la Santa Messa.<\/p>\n<p>Al Suo arrivo, dopo aver effettuato il cambio di vettura e dopo alcuni giri in papamobile tra i fedeli, alle ore 9.30 presiede la Celebrazione Eucaristica in francese e in lingala per le diocesi dello Zaire, per la pace e la giustizia.<\/p>\n<p>Nel corso della Celebrazione, dopo la proclamazione del Santo Vangelo, il Papa pronuncia l\u2019omelia.<\/p>\n<p>Al termine della Santa Messa, dopo l\u2019indirizzo di saluto dell\u2019Arcivescovo Metropolita di Kinshasa, Em.mo Card. Fridolin Ambongo Besungu, O.F.M. Cap., il Papa rientra in auto alla Nunziatura Apostolica dove pranza in privato.<\/p>\n<p>Pubblichiamo di seguito l\u2019omelia che il Santo Padre pronuncia nel corso della Santa Messa:<\/p>\n<p><strong>Omelia del Santo Padre<\/strong><\/p>\n<p><i>Bandeko, boboto<\/i>\u00a0[Fratelli e sorelle, pace]\u00a0\u00a0<i>R\/Bondeko<\/i>\u00a0[Fraternit\u00e0]<\/p>\n<p><i>Bondeko<\/i>\u00a0[Fraternit\u00e0]\u00a0\u00a0<i>R\/ Esengo<\/i>\u00a0[Gioia]<\/p>\n<p><i>Esengo<\/i>, gioia: la gioia di vedervi e incontrarvi \u00e8 grande: ho tanto desiderato questo momento \u2013 ci ha fatto aspettare un anno! \u2013, grazie per essere qui!<\/p>\n<p>Il Vangelo ci ha appena detto che anche la gioia dei discepoli era grande la sera di Pasqua, e che questa gioia scatur\u00ec \u00abal vedere il Signore\u00bb (<i>Gv<\/i>\u00a020,20). In quel clima di gioia e di stupore, il Risorto parla ai suoi. E che cosa dice loro? Anzitutto tre parole: \u00ab<i>Pace a voi!<\/i>\u00bb (v. 19). \u00c8 un saluto, ma \u00e8 pi\u00f9 che un saluto: \u00e8 una consegna. Perch\u00e9 la pace, quella pace annunciata dagli angeli nella notte di Betlemme (cfr\u00a0<i>Lc\u00a0<\/i>2,14), quella pace che Ges\u00f9 ha promesso di lasciare ai suoi (cfr\u00a0<i>Gv<\/i>\u00a014,27), ora, per la prima volta, viene consegnata solennemente ai discepoli. La pace di Ges\u00f9, che viene consegnata anche a noi in ogni Messa, \u00e8 pasquale: arriva con la risurrezione, perch\u00e9 prima il Signore doveva sconfiggere i nostri nemici, il peccato e la morte, e riconciliare il mondo al Padre; doveva provare la nostra solitudine e il nostro abbandono, i nostri inferi, abbracciare e colmare le distanze che ci separavano dalla vita e dalla speranza. Ora, azzerate le distanze tra Cielo e terra, tra Dio e uomo, la pace di Ges\u00f9 viene data ai discepoli.<\/p>\n<p>Mettiamoci dunque dalla loro parte. Quel giorno erano completamente tramortiti dallo scandalo della croce, feriti dentro per aver abbandonato Ges\u00f9 dandosi alla fuga, delusi per l\u2019epilogo della sua vicenda, timorosi di fare la sua stessa fine. In loro c\u2019erano sensi di colpa, frustrazione, tristezza, paura\u2026 Ebbene, Ges\u00f9 proclama la pace mentre nel cuore dei discepoli ci sono le macerie, annuncia la vita mentre loro sentono dentro la morte. In altre parole, la pace di Ges\u00f9 arriva nel momento in cui tutto per loro sembrava finito, nel momento pi\u00f9 inatteso e insperato, quando non c\u2019erano spiragli di pace. Cos\u00ec fa il Signore: ci stupisce, ci tende la mano quando stiamo per sprofondare, ci rialza quando tocchiamo il fondo. Fratelli, sorelle, con Ges\u00f9 il male non ha mai la meglio, non ha mai l\u2019ultima parola. \u00abEgli infatti \u00e8 la nostra pace\u00bb (<i>Ef<\/i>\u00a02,14) e la sua pace vince sempre. Allora, noi che siamo di Ges\u00f9 non possiamo lasciare che in noi prevalga la tristezza, non possiamo permettere che serpeggino rassegnazione e fatalismo. Se intorno a noi si respira questo clima, cos\u00ec non sia per noi: in un mondo scoraggiato per la violenza e la guerra, i cristiani fanno come Ges\u00f9. Lui, quasi insistendo, ha ripetuto ai discepoli:\u00a0<i>Pace, pace a voi!<\/i>\u00a0(cfr\u00a0<i>Gv<\/i>\u00a020,19.21); e noi siamo chiamati a fare nostro e dire al mondo questo annuncio insperato e profetico del Signore, annuncio di pace.<\/p>\n<p>Ma, possiamo chiederci, come custodire e coltivare la pace di Ges\u00f9? Egli stesso ci indica tre\u00a0<i>sorgenti di pace<\/i>, tre fonti per continuare ad alimentarla. Sono il perdono, la comunit\u00e0 e la missione.<\/p>\n<p>Vediamo la prima sorgente:\u00a0<i>il perdono<\/i>. Ges\u00f9 dice ai suoi: \u00abA coloro a cui perdonerete i peccati, saranno perdonati\u00bb (v.<i>\u00a0<\/i>23). Ma prima di dare agli apostoli il potere di perdonare, li perdona; non a parole, ma con un gesto, il primo che il Risorto compie davanti a loro. Egli, dice il Vangelo, \u00abmostr\u00f2 loro le mani e il fianco\u00bb (v. 20). Mostra cio\u00e8 le piaghe, le offre loro, perch\u00e9 il perdono nasce dalle ferite. Nasce quando le ferite subite non lasciano cicatrici d\u2019odio, ma diventano il luogo in cui fare posto agli altri e accoglierne le debolezze. Allora le fragilit\u00e0 diventano opportunit\u00e0 e il perdono diventa la via della pace. Non si tratta di lasciarsi tutto alle spalle come se niente fosse, ma di aprire agli altri il proprio cuore con amore. Cos\u00ec fa Ges\u00f9: davanti alla miseria di chi lo ha rinnegato e abbandonato, mostra le ferite e apre la fonte della misericordia. Non usa tante parole, ma spalanca il suo cuore ferito, per dirci che Lui \u00e8 sempre ferito d\u2019amore per noi.<\/p>\n<p>Fratelli, sorelle, quando la colpa e la tristezza ci opprimono, quando le cose non vanno, sappiamo dove guardare: alle piaghe di Ges\u00f9, pronto a perdonarci con il suo amore ferito e infinito. Lui conosce le tue ferite, conosce le ferite del tuo Paese, del tuo popolo, della tua terra! Sono ferite che bruciano, continuamente infettate dall\u2019odio e dalla violenza, mentre la medicina della giustizia e il balsamo della speranza sembrano non arrivare mai. Fratello, sorella, Ges\u00f9 soffre con te, vede le ferite che porti dentro e desidera consolarti e guarirti, porgendoti il suo Cuore ferito. Al tuo cuore Dio ripete le parole che ha detto oggi per mezzo del profeta Isaia: \u00abVoglio sanarlo, guidarlo e offrirgli consolazioni\u00bb (<i>Is<\/i>\u00a057,18).<\/p>\n<p>Insieme oggi crediamo che con Ges\u00f9 c\u2019\u00e8 sempre la possibilit\u00e0 di essere perdonati e ricominciare, e pure la forza di perdonare s\u00e9 stessi, gli altri e la storia! Cristo questo desidera: ungerci con il suo perdono per darci la pace e il coraggio di perdonare a nostra volta, il coraggio di compiere una grande\u00a0<i>amnistia del cuore<\/i>. Quanto bene ci fa ripulire il cuore dalla rabbia, dai rimorsi, da ogni rancore e livore! Carissimi, sia oggi il momento di grazia per accogliere e vivere il perdono di Ges\u00f9! Sia il momento giusto per te, che porti un fardello pesante sul cuore e hai bisogno che sia tolto per tornare a respirare. E sia il momento propizio per te, che in questo Paese ti dici cristiano ma commetti violenze; a te il Signore dice: \u201cDeponi le armi, abbraccia la misericordia\u201d. E a tutti i feriti e gli oppressi di questo popolo dice: \u201cNon temete di mettere le vostre ferite nelle mie, le vostre piaghe nelle mie piaghe\u201d. Facciamolo, fratelli e sorelle; non abbiate paura di togliere il Crocifisso dal collo e dalle tasche, di prenderlo tra le mani e di portarlo vicino al cuore per condividere le vostre ferite con quelle di Ges\u00f9. Tornati a casa, prendete pure il Crocifisso che avete e abbracciatelo. Diamo a Cristo la possibilit\u00e0 di risanarci il cuore, gettiamo in Lui il passato, ogni paura e affanno. Che bello aprire le porte del cuore e quelle di casa alla sua pace! E perch\u00e9 non scrivere nelle vostre stanze, sui vostri abiti, fuori dalle vostre case, le sue parole:\u00a0<i>Pace a voi<\/i>? Mostratele, saranno una profezia per il Paese, la benedizione del Signore su chi incontrate.\u00a0<i>Pace a voi<\/i>: lasciamoci perdonare da Dio e perdoniamoci tra di noi!<\/p>\n<p>Guardiamo ora alla seconda sorgente della pace:\u00a0<i>la comunit\u00e0<\/i>. Ges\u00f9 risorto non si rivolge ai singoli discepoli, ma li incontra insieme: parla loro al plurale e alla prima comunit\u00e0 consegna la sua pace. Non c\u2019\u00e8 cristianesimo senza comunit\u00e0, come non c\u2019\u00e8 pace senza fraternit\u00e0. Ma come comunit\u00e0, verso dove camminare, dove andare per trovare la pace? Guardiamo ancora ai discepoli. Prima di Pasqua andavano dietro a Ges\u00f9, ma ragionavano ancora in modo troppo umano: speravano in un Messia conquistatore che avrebbe cacciato i nemici, compiuto prodigi e miracoli, aumentato il loro prestigio e il loro successo. Ma questi desideri mondani li hanno lasciati a mani vuote, anzi hanno tolto pace alla comunit\u00e0, generando discussioni e opposizioni (cfr\u00a0<i>Lc<\/i>\u00a09,46; 22,24). Anche per noi c\u2019\u00e8 questo rischio: stare insieme ma andare avanti da soli, ricercando nella societ\u00e0, ma anche nella Chiesa, il potere, la carriera, le ambizioni&#8230; Cos\u00ec, per\u00f2, si segue il proprio io anzich\u00e9 il vero Dio e si finisce come quei discepoli: chiusi in casa, vuoti di speranza e pieni di paura e delusione. Ma ecco che a Pasqua ritrovano la via della pace grazie a Ges\u00f9, che soffia su di loro e dice: \u00abRicevete lo Spirito Santo\u00bb (<i>Gv<\/i>\u00a020,22). Grazie allo Spirito Santo non guarderanno pi\u00f9 a ci\u00f2 che li divide, ma a ci\u00f2 che li unisce; andranno nel mondo non pi\u00f9 per s\u00e9 stessi, ma per gli altri; non per avere visibilit\u00e0, ma per dare speranza; non a guadagnare consensi, ma a spendere la vita con gioia per il Signore e per gli altri.<\/p>\n<p>Fratelli, sorelle, il nostro pericolo \u00e8 seguire lo spirito del mondo anzich\u00e9 quello di Cristo. E qual \u00e8 la via per non cadere nei trabocchetti del potere e del denaro, per non cedere alle divisioni, alle lusinghe del carrierismo che corrodono la comunit\u00e0, alle false illusioni del piacere e della stregoneria che rinchiudono in s\u00e9 stessi? Ce lo suggerisce il Signore ancora attraverso il profeta Isaia, dicendo: \u00abSono con gli oppressi e gli umiliati, per ravvivare lo spirito degli umili e rianimare il cuore degli oppressi\u00bb (<i>Is<\/i>\u00a057,15). La via \u00e8 condividere con i poveri: ecco l\u2019antidoto migliore contro la tentazione di dividerci e mondanizzarci. Avere il coraggio di guardare i poveri e ascoltarli, perch\u00e9 sono membri della nostra comunit\u00e0 e non estranei da cancellare dalla vista e dalla coscienza. Aprire il cuore agli altri, invece di chiuderlo sui propri problemi o sulle proprie vanit\u00e0. Ripartiamo dai poveri e scopriremo che tutti condividiamo la povert\u00e0 interiore; che tutti abbiamo bisogno dello Spirito di Dio per liberarci dallo spirito del mondo; che l\u2019umilt\u00e0 \u00e8 la grandezza del cristiano e la fraternit\u00e0 la sua vera ricchezza. Crediamo nella comunit\u00e0 e, con l\u2019aiuto di Dio, edifichiamo una Chiesa vuota di spirito mondano e piena di Spirito Santo, libera da ricchezze per s\u00e9 stessi e colma di amore fraterno!<\/p>\n<p>Arriviamo infine alla terza sorgente della pace:\u00a0<i>la missione<\/i>. Ges\u00f9 dice ai discepoli: \u00abCome il Padre ha mandato me, anche io mando voi\u00bb (<i>Gv<\/i>\u00a020,21). Ci manda come il Padre ha mandato Lui. E come il Padre lo ha mandato nel mondo? Lo ha inviato a servire e a dare la vita per l\u2019umanit\u00e0 (cfr\u00a0<i>Mc<\/i>\u00a010,45), a manifestare la sua misericordia per ciascuno (cfr\u00a0<i>Lc<\/i>\u00a015), a cercare i lontani (cfr\u00a0<i>Mt<\/i>\u00a09,13). In una parola, lo ha inviato per<i>\u00a0tutti<\/i>: non solo per i giusti, ma per tutti. Risuonano ancora, in questo senso, le parole di Isaia: \u00abPace, pace ai lontani e ai vicini \u2013 dice il Signore\u00bb (<i>Is<\/i>\u00a057,19). Ai lontani, anzitutto, e ai vicini: non solo ai \u201cnostri\u201d, ma\u00a0<i>a tutti<\/i>.<\/p>\n<p>Fratelli, sorelle, siamo chiamati a essere missionari di pace, e questo ci dar\u00e0 pace. \u00c8 una scelta: \u00e8 fare posto a tutti nel cuore, \u00e8 credere che le differenze etniche, regionali, sociali, religiose e culturali vengono dopo e non sono ostacoli; che gli altri sono fratelli e sorelle, membri della stessa comunit\u00e0 umana; che ognuno \u00e8 destinatario della pace portata nel mondo da Ges\u00f9. \u00c8 credere che noi cristiani siamo chiamati a collaborare con tutti, a spezzare il circolo della violenza, a smontare le trame dell\u2019odio. S\u00ec, i cristiani, mandati da Cristo, sono chiamati per definizione a essere\u00a0<i>coscienza di pace del mondo<\/i>: non solo coscienze critiche, ma soprattutto testimoni di amore; non pretendenti dei propri diritti, ma di quelli del Vangelo, che sono la fraternit\u00e0, l\u2019amore e il perdono; non ricercatori dei propri interessi, ma missionari del folle amore che Dio ha per ciascun essere umano.<\/p>\n<p><i>Pace a voi,<\/i>\u00a0dice Ges\u00f9 oggi a ogni famiglia, comunit\u00e0, etnia, quartiere e citt\u00e0 di questo grande Paese.\u00a0<i>Pace a voi:<\/i>\u00a0lasciamo che risuonino nel cuore, in silenzio, queste parole del nostro Signore. Sentiamole rivolte a noi e scegliamo di essere testimoni di\u00a0<i>perdono<\/i>, protagonisti nella\u00a0<i>comunit\u00e0<\/i>, gente in\u00a0<i>missione<\/i>\u00a0di pace nel mondo.<\/p>\n<p><i>Moto azal\u00ed na matoi ma koyoka<\/i>\u00a0[Chi ha orecchi per intendere]\u00a0<i>R\/Ayoka\u00a0\u00a0<\/i>[Intenda]<\/p>\n<p><i>Moto azal\u00ed na motema mwa kondima<\/i>[Chi ha cuore per acconsentire]<\/p>\n<p><i>R\/Andima\u00a0<\/i>[Acconsenta]<\/p>\n","protected":false},"excerpt":{"rendered":"<p>Omelia del Santo Padre a Kinshasa, Repubblica Democratica del Congo<\/p>\n","protected":false},"author":17,"featured_media":69592,"comment_status":"closed","ping_status":"closed","sticky":false,"template":"","format":"standard","meta":{"_acf_changed":false,"_crdt_document":"","inline_featured_image":false,"footnotes":""},"categories":[67,113],"tags":[8306,7430,7430,7430,7430,7430,7430,7430,7430,7430,7430,7430,7430],"class_list":["post-69596","post","type-post","status-publish","format-standard","has-post-thumbnail","hentry","category-leone-xiv","category-omelie","tag-kinshasa","tag-repubblica-democratica-del-congo"],"acf":[],"yoast_head":"<!-- This site is optimized with the Yoast SEO plugin v27.5 - https:\/\/yoast.com\/product\/yoast-seo-wordpress\/ -->\n<title>&quot;Come conservare e coltivare la pace di Ges\u00f9: perdono, comunit\u00e0 e missione&quot; &#8211; Exaudi<\/title>\n<meta name=\"robots\" content=\"index, follow, max-snippet:-1, max-image-preview:large, max-video-preview:-1\" \/>\n<link rel=\"canonical\" href=\"https:\/\/exaudi.org\/it\/come-conservare-e-coltivare-la-pace-di-gesu-perdono-comunita-e-missione\/\" \/>\n<meta property=\"og:locale\" content=\"it_IT\" \/>\n<meta property=\"og:type\" content=\"article\" \/>\n<meta property=\"og:title\" content=\"&quot;Come conservare e coltivare la pace di Ges\u00f9: perdono, comunit\u00e0 e missione&quot; &#8211; Exaudi\" \/>\n<meta property=\"og:description\" content=\"Omelia del Santo Padre a Kinshasa, Repubblica Democratica del Congo\" \/>\n<meta property=\"og:url\" content=\"https:\/\/exaudi.org\/it\/come-conservare-e-coltivare-la-pace-di-gesu-perdono-comunita-e-missione\/\" \/>\n<meta property=\"og:site_name\" content=\"Exaudi\" \/>\n<meta property=\"article:publisher\" content=\"https:\/\/www.facebook.com\/ExaudiNews\" \/>\n<meta property=\"article:author\" content=\"https:\/\/www.facebook.com\/ExaudiNotizie\/\" \/>\n<meta property=\"article:published_time\" content=\"2023-02-01T14:55:01+00:00\" \/>\n<meta property=\"og:image\" content=\"https:\/\/exaudi.org\/wp-content\/uploads\/2023\/02\/Misa.jpeg\" \/>\n\t<meta property=\"og:image:width\" content=\"1500\" \/>\n\t<meta property=\"og:image:height\" content=\"844\" \/>\n\t<meta property=\"og:image:type\" content=\"image\/jpeg\" \/>\n<meta name=\"author\" content=\"Exaudi Redazione\" \/>\n<meta name=\"twitter:card\" content=\"summary_large_image\" \/>\n<meta name=\"twitter:creator\" content=\"@Exaudi_Notizie\" \/>\n<meta name=\"twitter:site\" content=\"@Exaudi_News\" \/>\n<meta name=\"twitter:label1\" content=\"Scritto da\" \/>\n\t<meta name=\"twitter:data1\" content=\"Exaudi Redazione\" \/>\n\t<meta name=\"twitter:label2\" content=\"Tempo di lettura stimato\" \/>\n\t<meta name=\"twitter:data2\" content=\"10 minuti\" \/>\n<script type=\"application\/ld+json\" class=\"yoast-schema-graph\">{\"@context\":\"https:\\\/\\\/schema.org\",\"@graph\":[{\"@type\":\"Article\",\"@id\":\"https:\\\/\\\/exaudi.org\\\/it\\\/come-conservare-e-coltivare-la-pace-di-gesu-perdono-comunita-e-missione\\\/#article\",\"isPartOf\":{\"@id\":\"https:\\\/\\\/exaudi.org\\\/it\\\/come-conservare-e-coltivare-la-pace-di-gesu-perdono-comunita-e-missione\\\/\"},\"author\":{\"name\":\"Exaudi Redazione\",\"@id\":\"https:\\\/\\\/exaudi.org\\\/#\\\/schema\\\/person\\\/e1ab6ed07c01774724dd96f925f3a5f0\"},\"headline\":\"&#8220;Come conservare e coltivare la pace di Ges\u00f9: perdono, comunit\u00e0 e missione&#8221;\",\"datePublished\":\"2023-02-01T14:55:01+00:00\",\"mainEntityOfPage\":{\"@id\":\"https:\\\/\\\/exaudi.org\\\/it\\\/come-conservare-e-coltivare-la-pace-di-gesu-perdono-comunita-e-missione\\\/\"},\"wordCount\":2032,\"image\":{\"@id\":\"https:\\\/\\\/exaudi.org\\\/it\\\/come-conservare-e-coltivare-la-pace-di-gesu-perdono-comunita-e-missione\\\/#primaryimage\"},\"thumbnailUrl\":\"https:\\\/\\\/exaudi.org\\\/wp-content\\\/uploads\\\/2023\\\/02\\\/Misa.jpeg\",\"keywords\":[\"Kinshasa\",\"Repubblica Democratica del Congo\",\"Repubblica Democratica del Congo\",\"Repubblica Democratica del Congo\",\"Repubblica Democratica del Congo\",\"Repubblica Democratica del Congo\",\"Repubblica Democratica del Congo\",\"Repubblica Democratica del Congo\",\"Repubblica Democratica del Congo\",\"Repubblica Democratica del Congo\",\"Repubblica Democratica del Congo\",\"Repubblica Democratica del Congo\",\"Repubblica Democratica del Congo\"],\"articleSection\":[\"Leone XIV\",\"Omelie\"],\"inLanguage\":\"it-IT\"},{\"@type\":\"WebPage\",\"@id\":\"https:\\\/\\\/exaudi.org\\\/it\\\/come-conservare-e-coltivare-la-pace-di-gesu-perdono-comunita-e-missione\\\/\",\"url\":\"https:\\\/\\\/exaudi.org\\\/it\\\/come-conservare-e-coltivare-la-pace-di-gesu-perdono-comunita-e-missione\\\/\",\"name\":\"\\\"Come conservare e coltivare la pace di Ges\u00f9: perdono, comunit\u00e0 e missione\\\" &#8211; Exaudi\",\"isPartOf\":{\"@id\":\"https:\\\/\\\/exaudi.org\\\/#website\"},\"primaryImageOfPage\":{\"@id\":\"https:\\\/\\\/exaudi.org\\\/it\\\/come-conservare-e-coltivare-la-pace-di-gesu-perdono-comunita-e-missione\\\/#primaryimage\"},\"image\":{\"@id\":\"https:\\\/\\\/exaudi.org\\\/it\\\/come-conservare-e-coltivare-la-pace-di-gesu-perdono-comunita-e-missione\\\/#primaryimage\"},\"thumbnailUrl\":\"https:\\\/\\\/exaudi.org\\\/wp-content\\\/uploads\\\/2023\\\/02\\\/Misa.jpeg\",\"datePublished\":\"2023-02-01T14:55:01+00:00\",\"author\":{\"@id\":\"https:\\\/\\\/exaudi.org\\\/#\\\/schema\\\/person\\\/e1ab6ed07c01774724dd96f925f3a5f0\"},\"breadcrumb\":{\"@id\":\"https:\\\/\\\/exaudi.org\\\/it\\\/come-conservare-e-coltivare-la-pace-di-gesu-perdono-comunita-e-missione\\\/#breadcrumb\"},\"inLanguage\":\"it-IT\",\"potentialAction\":[{\"@type\":\"ReadAction\",\"target\":[\"https:\\\/\\\/exaudi.org\\\/it\\\/come-conservare-e-coltivare-la-pace-di-gesu-perdono-comunita-e-missione\\\/\"]}]},{\"@type\":\"ImageObject\",\"inLanguage\":\"it-IT\",\"@id\":\"https:\\\/\\\/exaudi.org\\\/it\\\/come-conservare-e-coltivare-la-pace-di-gesu-perdono-comunita-e-missione\\\/#primaryimage\",\"url\":\"https:\\\/\\\/exaudi.org\\\/wp-content\\\/uploads\\\/2023\\\/02\\\/Misa.jpeg\",\"contentUrl\":\"https:\\\/\\\/exaudi.org\\\/wp-content\\\/uploads\\\/2023\\\/02\\\/Misa.jpeg\",\"width\":1500,\"height\":844,\"caption\":\"Misa en Kinsaa, Rep\u00fablica Democr\u00e1tica del Congo, 1 febrero 2022 \u00a9 Vatican Media\"},{\"@type\":\"BreadcrumbList\",\"@id\":\"https:\\\/\\\/exaudi.org\\\/it\\\/come-conservare-e-coltivare-la-pace-di-gesu-perdono-comunita-e-missione\\\/#breadcrumb\",\"itemListElement\":[{\"@type\":\"ListItem\",\"position\":1,\"name\":\"Portada\",\"item\":\"https:\\\/\\\/exaudi.org\\\/it\\\/\"},{\"@type\":\"ListItem\",\"position\":2,\"name\":\"&#8220;Come conservare e coltivare la pace di Ges\u00f9: perdono, comunit\u00e0 e missione&#8221;\"}]},{\"@type\":\"WebSite\",\"@id\":\"https:\\\/\\\/exaudi.org\\\/#website\",\"url\":\"https:\\\/\\\/exaudi.org\\\/\",\"name\":\"Exaudi\",\"description\":\"News\",\"potentialAction\":[{\"@type\":\"SearchAction\",\"target\":{\"@type\":\"EntryPoint\",\"urlTemplate\":\"https:\\\/\\\/exaudi.org\\\/?s={search_term_string}\"},\"query-input\":{\"@type\":\"PropertyValueSpecification\",\"valueRequired\":true,\"valueName\":\"search_term_string\"}}],\"inLanguage\":\"it-IT\"},{\"@type\":\"Person\",\"@id\":\"https:\\\/\\\/exaudi.org\\\/#\\\/schema\\\/person\\\/e1ab6ed07c01774724dd96f925f3a5f0\",\"name\":\"Exaudi Redazione\",\"image\":{\"@type\":\"ImageObject\",\"inLanguage\":\"it-IT\",\"@id\":\"https:\\\/\\\/secure.gravatar.com\\\/avatar\\\/ad6774b3ada023bf5b939d64f45c94b3adf91502dd883507d469b4308a943bb3?s=96&d=mm&r=g\",\"url\":\"https:\\\/\\\/secure.gravatar.com\\\/avatar\\\/ad6774b3ada023bf5b939d64f45c94b3adf91502dd883507d469b4308a943bb3?s=96&d=mm&r=g\",\"contentUrl\":\"https:\\\/\\\/secure.gravatar.com\\\/avatar\\\/ad6774b3ada023bf5b939d64f45c94b3adf91502dd883507d469b4308a943bb3?s=96&d=mm&r=g\",\"caption\":\"Exaudi Redazione\"},\"description\":\"Che cosa \u00e8 Exaudi News? Exaudi News \u00e8 un agenzia cattolica internazionale che informa, istruisce e trasforma quotidianamente in spagnolo, inglese e italiano. Attraverso notizie, articoli di analisi e trasmissioni in diretta degli eventi del Papa, Exaudi cerca di rafforzare l'unit\u00e0 dei cristiani e di contribuire all'evangelizzazione del mondo, sempre guidato dalla dottrina sociale della Chiesa. Lavoriamo per portare la verit\u00e0 e i valori cristiani in ogni angolo del pianeta. Aiutaci a trasformare il mondo con Exaudi! Noi di Exaudi crediamo che l'evangelizzazione e l'informazione di qualit\u00e0 possano cambiare la vita. Per continuare la nostra missione ed espandere la nostra portata, abbiamo bisogno del tuo aiuto. Stiamo anche cercando persone motivate che vogliano unirsi al nostro team. Grazie al vostro sostegno raggiungeremo pi\u00f9 persone, diffonderemo il messaggio di Cristo e rafforzeremo l'unit\u00e0 dei cristiani. Vuoi unirti alla nostra missione? Per maggiori informazioni su come contribuire, visita Exaudi.org\\\/it o contattaci direttamente: info@exaudi.org Exaudi: informa, forma e trasforma.\",\"sameAs\":[\"https:\\\/\\\/www.facebook.com\\\/ExaudiNotizie\\\/\",\"https:\\\/\\\/www.instagram.com\\\/Exaudi_notizie\\\/\",\"https:\\\/\\\/x.com\\\/Exaudi_Notizie\",\"https:\\\/\\\/www.youtube.com\\\/@exaudicatholicnews\"],\"url\":\"https:\\\/\\\/exaudi.org\\\/it\\\/author\\\/dlvedi-org\\\/\"}]}<\/script>\n<!-- \/ Yoast SEO plugin. -->","yoast_head_json":{"title":"\"Come conservare e coltivare la pace di Ges\u00f9: perdono, comunit\u00e0 e missione\" &#8211; Exaudi","robots":{"index":"index","follow":"follow","max-snippet":"max-snippet:-1","max-image-preview":"max-image-preview:large","max-video-preview":"max-video-preview:-1"},"canonical":"https:\/\/exaudi.org\/it\/come-conservare-e-coltivare-la-pace-di-gesu-perdono-comunita-e-missione\/","og_locale":"it_IT","og_type":"article","og_title":"\"Come conservare e coltivare la pace di Ges\u00f9: perdono, comunit\u00e0 e missione\" &#8211; Exaudi","og_description":"Omelia del Santo Padre a Kinshasa, Repubblica Democratica del Congo","og_url":"https:\/\/exaudi.org\/it\/come-conservare-e-coltivare-la-pace-di-gesu-perdono-comunita-e-missione\/","og_site_name":"Exaudi","article_publisher":"https:\/\/www.facebook.com\/ExaudiNews","article_author":"https:\/\/www.facebook.com\/ExaudiNotizie\/","article_published_time":"2023-02-01T14:55:01+00:00","og_image":[{"width":1500,"height":844,"url":"https:\/\/exaudi.org\/wp-content\/uploads\/2023\/02\/Misa.jpeg","type":"image\/jpeg"}],"author":"Exaudi Redazione","twitter_card":"summary_large_image","twitter_creator":"@Exaudi_Notizie","twitter_site":"@Exaudi_News","twitter_misc":{"Scritto da":"Exaudi Redazione","Tempo di lettura stimato":"10 minuti"},"schema":{"@context":"https:\/\/schema.org","@graph":[{"@type":"Article","@id":"https:\/\/exaudi.org\/it\/come-conservare-e-coltivare-la-pace-di-gesu-perdono-comunita-e-missione\/#article","isPartOf":{"@id":"https:\/\/exaudi.org\/it\/come-conservare-e-coltivare-la-pace-di-gesu-perdono-comunita-e-missione\/"},"author":{"name":"Exaudi Redazione","@id":"https:\/\/exaudi.org\/#\/schema\/person\/e1ab6ed07c01774724dd96f925f3a5f0"},"headline":"&#8220;Come conservare e coltivare la pace di Ges\u00f9: perdono, comunit\u00e0 e missione&#8221;","datePublished":"2023-02-01T14:55:01+00:00","mainEntityOfPage":{"@id":"https:\/\/exaudi.org\/it\/come-conservare-e-coltivare-la-pace-di-gesu-perdono-comunita-e-missione\/"},"wordCount":2032,"image":{"@id":"https:\/\/exaudi.org\/it\/come-conservare-e-coltivare-la-pace-di-gesu-perdono-comunita-e-missione\/#primaryimage"},"thumbnailUrl":"https:\/\/exaudi.org\/wp-content\/uploads\/2023\/02\/Misa.jpeg","keywords":["Kinshasa","Repubblica Democratica del Congo","Repubblica Democratica del Congo","Repubblica Democratica del Congo","Repubblica Democratica del Congo","Repubblica Democratica del Congo","Repubblica Democratica del Congo","Repubblica Democratica del Congo","Repubblica Democratica del Congo","Repubblica Democratica del Congo","Repubblica Democratica del Congo","Repubblica Democratica del Congo","Repubblica Democratica del Congo"],"articleSection":["Leone XIV","Omelie"],"inLanguage":"it-IT"},{"@type":"WebPage","@id":"https:\/\/exaudi.org\/it\/come-conservare-e-coltivare-la-pace-di-gesu-perdono-comunita-e-missione\/","url":"https:\/\/exaudi.org\/it\/come-conservare-e-coltivare-la-pace-di-gesu-perdono-comunita-e-missione\/","name":"\"Come conservare e coltivare la pace di Ges\u00f9: perdono, comunit\u00e0 e missione\" &#8211; Exaudi","isPartOf":{"@id":"https:\/\/exaudi.org\/#website"},"primaryImageOfPage":{"@id":"https:\/\/exaudi.org\/it\/come-conservare-e-coltivare-la-pace-di-gesu-perdono-comunita-e-missione\/#primaryimage"},"image":{"@id":"https:\/\/exaudi.org\/it\/come-conservare-e-coltivare-la-pace-di-gesu-perdono-comunita-e-missione\/#primaryimage"},"thumbnailUrl":"https:\/\/exaudi.org\/wp-content\/uploads\/2023\/02\/Misa.jpeg","datePublished":"2023-02-01T14:55:01+00:00","author":{"@id":"https:\/\/exaudi.org\/#\/schema\/person\/e1ab6ed07c01774724dd96f925f3a5f0"},"breadcrumb":{"@id":"https:\/\/exaudi.org\/it\/come-conservare-e-coltivare-la-pace-di-gesu-perdono-comunita-e-missione\/#breadcrumb"},"inLanguage":"it-IT","potentialAction":[{"@type":"ReadAction","target":["https:\/\/exaudi.org\/it\/come-conservare-e-coltivare-la-pace-di-gesu-perdono-comunita-e-missione\/"]}]},{"@type":"ImageObject","inLanguage":"it-IT","@id":"https:\/\/exaudi.org\/it\/come-conservare-e-coltivare-la-pace-di-gesu-perdono-comunita-e-missione\/#primaryimage","url":"https:\/\/exaudi.org\/wp-content\/uploads\/2023\/02\/Misa.jpeg","contentUrl":"https:\/\/exaudi.org\/wp-content\/uploads\/2023\/02\/Misa.jpeg","width":1500,"height":844,"caption":"Misa en Kinsaa, Rep\u00fablica Democr\u00e1tica del Congo, 1 febrero 2022 \u00a9 Vatican Media"},{"@type":"BreadcrumbList","@id":"https:\/\/exaudi.org\/it\/come-conservare-e-coltivare-la-pace-di-gesu-perdono-comunita-e-missione\/#breadcrumb","itemListElement":[{"@type":"ListItem","position":1,"name":"Portada","item":"https:\/\/exaudi.org\/it\/"},{"@type":"ListItem","position":2,"name":"&#8220;Come conservare e coltivare la pace di Ges\u00f9: perdono, comunit\u00e0 e missione&#8221;"}]},{"@type":"WebSite","@id":"https:\/\/exaudi.org\/#website","url":"https:\/\/exaudi.org\/","name":"Exaudi","description":"News","potentialAction":[{"@type":"SearchAction","target":{"@type":"EntryPoint","urlTemplate":"https:\/\/exaudi.org\/?s={search_term_string}"},"query-input":{"@type":"PropertyValueSpecification","valueRequired":true,"valueName":"search_term_string"}}],"inLanguage":"it-IT"},{"@type":"Person","@id":"https:\/\/exaudi.org\/#\/schema\/person\/e1ab6ed07c01774724dd96f925f3a5f0","name":"Exaudi Redazione","image":{"@type":"ImageObject","inLanguage":"it-IT","@id":"https:\/\/secure.gravatar.com\/avatar\/ad6774b3ada023bf5b939d64f45c94b3adf91502dd883507d469b4308a943bb3?s=96&d=mm&r=g","url":"https:\/\/secure.gravatar.com\/avatar\/ad6774b3ada023bf5b939d64f45c94b3adf91502dd883507d469b4308a943bb3?s=96&d=mm&r=g","contentUrl":"https:\/\/secure.gravatar.com\/avatar\/ad6774b3ada023bf5b939d64f45c94b3adf91502dd883507d469b4308a943bb3?s=96&d=mm&r=g","caption":"Exaudi Redazione"},"description":"Che cosa \u00e8 Exaudi News? Exaudi News \u00e8 un agenzia cattolica internazionale che informa, istruisce e trasforma quotidianamente in spagnolo, inglese e italiano. Attraverso notizie, articoli di analisi e trasmissioni in diretta degli eventi del Papa, Exaudi cerca di rafforzare l'unit\u00e0 dei cristiani e di contribuire all'evangelizzazione del mondo, sempre guidato dalla dottrina sociale della Chiesa. Lavoriamo per portare la verit\u00e0 e i valori cristiani in ogni angolo del pianeta. Aiutaci a trasformare il mondo con Exaudi! Noi di Exaudi crediamo che l'evangelizzazione e l'informazione di qualit\u00e0 possano cambiare la vita. Per continuare la nostra missione ed espandere la nostra portata, abbiamo bisogno del tuo aiuto. Stiamo anche cercando persone motivate che vogliano unirsi al nostro team. Grazie al vostro sostegno raggiungeremo pi\u00f9 persone, diffonderemo il messaggio di Cristo e rafforzeremo l'unit\u00e0 dei cristiani. Vuoi unirti alla nostra missione? Per maggiori informazioni su come contribuire, visita Exaudi.org\/it o contattaci direttamente: info@exaudi.org Exaudi: informa, forma e trasforma.","sameAs":["https:\/\/www.facebook.com\/ExaudiNotizie\/","https:\/\/www.instagram.com\/Exaudi_notizie\/","https:\/\/x.com\/Exaudi_Notizie","https:\/\/www.youtube.com\/@exaudicatholicnews"],"url":"https:\/\/exaudi.org\/it\/author\/dlvedi-org\/"}]}},"jetpack_featured_media_url":"https:\/\/exaudi.org\/wp-content\/uploads\/2023\/02\/Misa.jpeg","jetpack_shortlink":"https:\/\/wp.me\/pgKjF2-i6w","_links":{"self":[{"href":"https:\/\/exaudi.org\/it\/wp-json\/wp\/v2\/posts\/69596","targetHints":{"allow":["GET"]}}],"collection":[{"href":"https:\/\/exaudi.org\/it\/wp-json\/wp\/v2\/posts"}],"about":[{"href":"https:\/\/exaudi.org\/it\/wp-json\/wp\/v2\/types\/post"}],"author":[{"embeddable":true,"href":"https:\/\/exaudi.org\/it\/wp-json\/wp\/v2\/users\/17"}],"replies":[{"embeddable":true,"href":"https:\/\/exaudi.org\/it\/wp-json\/wp\/v2\/comments?post=69596"}],"version-history":[{"count":0,"href":"https:\/\/exaudi.org\/it\/wp-json\/wp\/v2\/posts\/69596\/revisions"}],"wp:featuredmedia":[{"embeddable":true,"href":"https:\/\/exaudi.org\/it\/wp-json\/wp\/v2\/media\/69592"}],"wp:attachment":[{"href":"https:\/\/exaudi.org\/it\/wp-json\/wp\/v2\/media?parent=69596"}],"wp:term":[{"taxonomy":"category","embeddable":true,"href":"https:\/\/exaudi.org\/it\/wp-json\/wp\/v2\/categories?post=69596"},{"taxonomy":"post_tag","embeddable":true,"href":"https:\/\/exaudi.org\/it\/wp-json\/wp\/v2\/tags?post=69596"}],"curies":[{"name":"wp","href":"https:\/\/api.w.org\/{rel}","templated":true}]}}