{"id":69548,"date":"2023-01-31T19:07:52","date_gmt":"2023-01-31T18:07:52","guid":{"rendered":"https:\/\/exaudi.org\/?p=69548"},"modified":"2023-02-01T08:46:09","modified_gmt":"2023-02-01T07:46:09","slug":"vengo-ad-incontrarvi-nel-nome-di-gesu-come-pellegrino-di-riconciliazione-e-di-pace","status":"publish","type":"post","link":"https:\/\/exaudi.org\/it\/vengo-ad-incontrarvi-nel-nome-di-gesu-come-pellegrino-di-riconciliazione-e-di-pace\/","title":{"rendered":"&#8220;Vengo ad incontrarvi nel nome di Ges\u00f9 come pellegrino di riconciliazione e di pace&#8221;"},"content":{"rendered":"<p><span style=\"text-decoration: underline\"><strong>Accoglienza Ufficiale all\u2019Aeroporto N\u2019djili di Kinshasa, Cerimonia di benvenuto e Visita di cortesia al Presidente della Repubblica presso il Palais de la Nation di Kinshasa<\/strong><\/span><\/p>\n<p>Al suo arrivo all\u2019Aeroporto Internazionale N\u2019djili di Kinshasa, il Santo Padre Francesco \u00e8 accolto dal Primo Ministro. Due bambini in abito tradizionale gli offrono dei fiori. Quindi, dopo la Guardia d\u2019Onore, il Papa e il Primo Ministro si dirigono verso la Vip Lounge dell\u2019Aeroporto dove ha luogo la presentazione delle Delegazioni e dove si intrattengono per un breve incontro.\u00a0 Al termine Papa Francesco si trasferisce in auto al Palais de la Nation per la Cerimonia di Benvenuto nella Repubblica Democratica del Congo. Al Suo arrivo il Papa \u00e8 accolto all\u2019ingresso<br \/>\ndal Presidente, S.E. il Signor F\u00e9lix Antoine Tshisekedi Tshilombo.<\/p>\n<p>Quindi, dopo la Guardia d\u2019Onore, l\u2019esecuzione degli inni e l\u2019onore delle Bandiere e la presentazione delle rispettive Delegazioni, il Papa e il Presidente della Repubblica raggiungono la Salle Pr\u00e9sidentielle del Palazzo per l\u2019incontro privato.<\/p>\n<p>Dopo l\u2019incontro in privato, ha luogo lo scambio dei doni e la presentazione della famiglia.\u00a0 Al termine, il Santo Padre Francesco si trasferisce nel giardino del Palais de la Nation per l\u2019incontro con le Autorit\u00e0, la Societ\u00e0 Civile e il Corpo Diplomatico.<\/p>\n<p><span style=\"text-decoration: underline\"><strong>Incontro con le Autorit\u00e0, la Societ\u00e0 Civile e il Corpo Diplomatico presso il giardino del Palais de la Nation<\/strong><\/span><\/p>\n<p>Alle ore 17.30, il Santo Padre Francesco incontra le Autorit\u00e0, la Societ\u00e0 Civile e il Corpo Diplomatico presso il giardino del Palais de la Nation.<\/p>\n<p>Dopo il discorso introduttivo del Presidente della Repubblica, S.E. il Sig. F\u00e9lix Antoine Tshisekedi Tshilombo, il Papa pronuncia il Suo discorso.<\/p>\n<p>Al termine dell\u2019incontro, dopo essersi congedato dal Presidente della Repubblica, il Santo Padre si trasferisce in auto alla Nunziatura Apostolica di Kinshasa dove viene accolto all\u2019ingresso dal personale della Nunziatura e da un gruppo di giovani del Coro giovanile di Kinshasa che esegue alcuni canti popolari congolesi.<\/p>\n<p>Pubblichiamo di seguito il discorso che il Papa pronuncia nel corso dell\u2019incontro con le\u00a0Autorit\u00e0, la Societ\u00e0 Civile e il Corpo Diplomatico:<\/p>\n<p><span style=\"text-decoration: underline\"><strong>Discorso del Santo Padre<\/strong><\/span><\/p>\n<p>Signor Presidente della Repubblica,<br \/>\nillustri Membri del Governo e del Corpo diplomatico,<br \/>\ndistinte Autorit\u00e0 religiose e civili,<br \/>\ninsigni Rappresentanti della societ\u00e0 civile e del mondo della cultura,<br \/>\nSignore e Signori!<\/p>\n<p>Vi saluto cordialmente, grato al Signor Presidente per le parole che mi ha rivolto. Sono felice di essere qui, in questa terra cos\u00ec bella, vasta e rigogliosa, che abbraccia a nord la foresta equatoriale, al centro e verso sud altipiani e savane alberate, a est colline, montagne, vulcani e laghi, a ovest altre grandi acque, con il fiume Congo che incontra l\u2019oceano. Nel vostro Paese, che \u00e8 come un continente nel grande Continente africano, sembra che la terra intera respiri. Ma se la geografia di questo polmone verde \u00e8 tanto ricca e variegata, la storia non \u00e8 stata altrettanto generosa: tormentata dalla guerra, la Repubblica Democratica del Congo continua a patire entro i suoi confini conflitti e migrazioni forzate, e a soffrire terribili forme di sfruttamento, indegne dell\u2019uomo e del creato. Questo Paese immenso e pieno di vita, questo diaframma d\u2019Africa, colpito dalla violenza come da un pugno nello stomaco, sembra da tempo senza respiro.<\/p>\n<p>E mentre voi Congolesi lottate per custodire la vostra dignit\u00e0 e la vostra integrit\u00e0 territoriale contro deprecabili tentativi di frammentare il Paese, io vengo a voi, nel nome di Ges\u00f9, come pellegrino di riconciliazione e di pace. Ho tanto desiderato essere qui e finalmente giungo a portarvi la vicinanza, l\u2019affetto e la consolazione di tutta la Chiesa cattolica.<\/p>\n<p>Vorrei parlarvi attraverso un\u2019immagine, che ben simboleggia la luminosa bellezza di questa terra: quella del diamante. Care donne e uomini congolesi, il vostro Paese \u00e8 davvero un diamante del creato; ma voi, tutti voi, siete infinitamente pi\u00f9 preziosi di ogni bene che sorge da questo suolo fecondo! Sono qui ad abbracciarvi e a ricordarvi che avete un valore inestimabile, che la Chiesa e il Papa hanno fiducia in voi, credono nel vostro futuro, in un futuro che sia nelle vostre mani e nel quale meritate di riversare le vostre doti di intelligenza, sagacia e operosit\u00e0. Coraggio, fratello e sorella congolese! Rialzati, riprendi tra le mani, come un diamante purissimo, quello che sei, la tua dignit\u00e0, la tua vocazione a custodire nell\u2019armonia e nella pace la casa che abiti. Rivivi lo spirito del tuo inno nazionale, sognando e mettendo in pratica le sue parole: \u00abAttraverso il duro lavoro, costruiremo un Paese pi\u00f9 bello di prima; in pace\u00bb.<\/p>\n<p>Cari amici, i diamanti, comunemente rari, qui abbondano. Se ci\u00f2 vale per le ricchezze materiali nascoste sotto terra, vale a maggior ragione per quelle spirituali racchiuse nei cuori. Ed \u00e8 proprio a partire dai cuori che la pace e lo sviluppo restano possibili perch\u00e9, con l\u2019aiuto di Dio, gli esseri umani sono capaci di giustizia e di perdono, di concordia e di riconciliazione, di impegno e di perseveranza nel mettere a frutto i talenti ricevuti. Dall\u2019inizio del mio viaggio desidero dunque rivolgere un appello: ciascun congolese si senta chiamato a fare la propria parte! La violenza e l\u2019odio non abbiano pi\u00f9 posto nel cuore e sulle labbra di nessuno, perch\u00e9 sono sentimenti antiumani e anticristiani, che paralizzano lo sviluppo e riportano indietro, a un passato oscuro.<\/p>\n<p>A proposito di sviluppo frenato e di ritorno al passato, \u00e8 tragico che questi luoghi, e pi\u00f9 in generale il Continente africano, soffrano ancora varie forme di sfruttamento. Dopo quello politico, si \u00e8 scatenato infatti un \u201ccolonialismo economico\u201d, altrettanto schiavizzante. Cos\u00ec questo Paese, ampiamente depredato, non riesce a beneficiare a sufficienza delle sue immense risorse: si \u00e8 giunti al paradosso che i frutti della sua terra lo rendono \u201cstraniero\u201d ai suoi abitanti. Il veleno dell\u2019avidit\u00e0 ha reso i suoi diamanti insanguinati. \u00c8 un dramma davanti al quale il mondo economicamente pi\u00f9 progredito chiude spesso gli occhi, le orecchie e la bocca. Ma questo Paese e questo Continente meritano di essere rispettati e ascoltati, meritano spazio e attenzione: gi\u00f9 le mani dalla Repubblica Democratica del Congo, gi\u00f9 le mani dall\u2019Africa! Basta soffocare l\u2019Africa: non \u00e8 una miniera da sfruttare o un suolo da saccheggiare. L\u2019Africa sia protagonista del suo destino! Il mondo faccia<br \/>\nmemoria dei disastri compiuti lungo i secoli a danno delle popolazioni locali e non dimentichi questo Paese e questo Continente. L\u2019Africa, sorriso e speranza del mondo, conti di pi\u00f9: se ne parli maggiormente, abbia pi\u00f9 peso e rappresentanza tra le Nazioni!<\/p>\n<p>Si faccia largo una diplomazia dell\u2019uomo per l\u2019uomo, dei popoli per i popoli, dove al centro non vi siano il controllo delle aree e delle risorse, le mire di espansione e l\u2019aumento dei profitti, ma le opportunit\u00e0 di crescita della gente. Guardando a questo popolo, si ha l\u2019impressione che la<br \/>\nComunit\u00e0 internazionale si sia quasi rassegnata alla violenza che lo divora. Non possiamo abituarci al sangue che in questo Paese scorre ormai da decenni, mietendo milioni di morti all\u2019insaputa di tanti. Si conosca quanto qui accade. I processi di pace in corso, che incoraggio con tutte le forze, siano sostenuti coi fatti e gli impegni siano mantenuti. Grazie a Dio non manca chi contribuisce al bene della popolazione locale e a un reale sviluppo attraverso progetti efficaci: non interventi di mero assistenzialismo, ma piani volti a una crescita integrale. Esprimo tanta gratitudine ai Paesi e alle organizzazioni che forniscono aiuti sostanziali in tal senso, favorendo la lotta alla povert\u00e0 e alle<br \/>\nmalattie, sostenendo lo stato di diritto, promuovendo il rispetto dei diritti umani. Esprimo l\u2019auspicio che possano continuare a svolgere pienamente e coraggiosamente questo nobile ruolo.<\/p>\n<p>Torniamo all\u2019immagine del diamante. Una volta lavorato, la sua bellezza deriva anche dalla sua forma, da numerose facce armonicamente disposte. Pure questo Paese, impreziosito dal suo tipico pluralismo, ha un carattere poliedrico. \u00c8 una ricchezza che va custodita, evitando di scivolare nel tribalismo e nella contrapposizione. Parteggiare ostinatamente per la propria etnia o per interessi particolari, alimentando spirali di odio e di violenza, torna a svantaggio di tutti, in quanto blocca la necessaria \u201cchimica dell\u2019insieme\u201d. A proposito di chimica, \u00e8 interessante che a costituire i diamanti siano semplici atomi di carbonio i quali per\u00f2, se legati diversamente tra loro, formano la grafite: in<br \/>\npratica, la differenza tra la luminosit\u00e0 di un diamante e l\u2019oscurit\u00e0 della grafite \u00e8 data dal modo in cui i singoli atomi sono disposti all\u2019interno del reticolo cristallino. Fuor di metafora, il problema non \u00e8 la natura degli uomini o dei gruppi etnici e sociali, ma il modo in cui si decide di stare insieme: la volont\u00e0 o meno di venirsi incontro, di riconciliarsi e di ricominciare segna la differenza tra l\u2019oscurit\u00e0 del conflitto e un avvenire luminoso di pace e prosperit\u00e0.<\/p>\n<p>Cari amici, il Padre del cielo vuole che sappiamo accoglierci come fratelli e sorelle di un\u2019unica famiglia e lavorare a un futuro che sia insieme agli altri, non contro gli altri. \u00abBintu bantu\u00bb: cos\u00ec, con molta efficacia, un vostro proverbio ricorda che la vera ricchezza sono le persone<br \/>\ne le buone relazioni con loro. In modo speciale le religioni, con il loro patrimonio di sapienza, sono chiamate a contribuirvi, nel quotidiano sforzo di rinunciare a ogni aggressivit\u00e0, proselitismo e costrizione, mezzi indegni della libert\u00e0 umana. Quando si degenera nell\u2019imporsi, andando a caccia di seguaci in modo indiscriminato, con l\u2019inganno o con la forza, si saccheggia la coscienza altrui e si voltano le spalle al vero Dio, perch\u00e9 \u2013 non dimentichiamolo \u2013 \u00abdove c\u2019\u00e8 lo spirito del Signore, c\u2019\u00e8 libert\u00e0\u00bb (2 Cor 3,17). Nell\u2019impegno a edificare un futuro di pace e di fraternit\u00e0, anche i membri della societ\u00e0 civile, alcuni dei quali presenti, svolgono un ruolo essenziale. Spesso hanno dato prova di sapersi opporre all\u2019ingiustizia e al degrado a costo di grandi sacrifici, pur di difendere i diritti umani, la necessit\u00e0 di una solida educazione per tutti e di una vita pi\u00f9 dignitosa per ciascuno. Ringrazio di cuore le donne e gli uomini, in particolare i giovani di questo Paese, che hanno sofferto<br \/>\nin varia misura per questo, e rendo loro omaggio.<\/p>\n<p>Il diamante, nella sua trasparenza, rifrange in modo meraviglioso la luce che riceve. Molti di voi brillano per il ruolo che ricoprono. Chi detiene responsabilit\u00e0 civili e di governo \u00e8 dunque chiamato a operare con limpidezza cristallina, vivendo l\u2019incarico ricevuto come un mezzo per servire la societ\u00e0. Il potere, infatti, ha senso solo se diventa servizio. Quant\u2019\u00e8 importante operare con questo spirito, fuggendo l\u2019autoritarismo, la ricerca di guadagni facili e l\u2019avidit\u00e0 del denaro, che l\u2019apostolo Paolo definisce \u00abradice di tutti i mali\u00bb (1 Tim 6,10). E nello stesso tempo favorire elezioni libere, trasparenti e credibili; estendere ancora di pi\u00f9 la partecipazione ai processi di pace alle donne, ai giovani e ai gruppi marginalizzati; ricercare il bene comune e la sicurezza della gente anzich\u00e9 gli interessi personali o di gruppo; rafforzare la presenza dello Stato in ogni parte del territorio; prendersi cura delle tante persone sfollate e rifugiate. Non ci si lasci manipolare n\u00e9<br \/>\ntantomeno comprare da chi vuole mantenere il Paese nella violenza, per sfruttarlo e fare affari vergognosi: ci\u00f2 porta solo discredito e vergogna, insieme a morte e miseria. Fa bene invece accostarsi alla gente, per rendersi conto di come vive. Le persone si fidano quando sentono che chi le governa \u00e8 realmente vicino, non per calcolo n\u00e9 per esibizione, ma per servizio.<\/p>\n<p>Nella societ\u00e0, a oscurare la luce del bene sono spesso le tenebre dell\u2019ingiustizia e della corruzione. Gi\u00e0 secoli fa Sant\u2019Agostino, che nacque in questo Continente, si chiedeva: \u00abSe non \u00e8 rispettata la giustizia, che cosa sono gli Stati se non delle grandi bande di ladri?\u00bb (De civ. Dei,<br \/>\nIV,4). Dio \u00e8 dalla parte di chi ha fame e sete di giustizia (cfr Mt 5,6). Non bisogna stancarsi di promuovere, in ogni settore, il diritto e l\u2019equit\u00e0, contrastando l\u2019impunit\u00e0 e la manipolazione delle leggi e dell\u2019informazione.<\/p>\n<p>Un diamante sorge dalla terra genuino ma grezzo, bisognoso di lavorazione. Cos\u00ec, anche i diamanti pi\u00f9 preziosi della terra congolese, che sono i figli di questa nazione, devono poter usufruire di valide opportunit\u00e0 educative, che consentano loro di mettere pienamente a frutto i<br \/>\nbrillanti talenti che hanno. L\u2019educazione \u00e8 fondamentale: \u00e8 la via per il futuro, la strada da imboccare per raggiungere la piena libert\u00e0 di questo Paese e del Continente africano. In essa \u00e8 urgente investire, per preparare societ\u00e0 che saranno consolidate solo se ben istruite, autonome solo se pienamente consapevoli delle proprie potenzialit\u00e0 e capaci di svilupparle con responsabilit\u00e0 e perseveranza. Ma tanti bambini non vanno a scuola: quanti, anzich\u00e9 ricevere una degna istruzione, vengono sfruttati! Troppi muoiono, sottoposti a lavori schiavizzanti nelle miniere. Non si risparmino sforzi per denunciare la piaga del lavoro minorile e porvi fine. Quante ragazze sono<br \/>\nemarginate e violate nella loro dignit\u00e0! I bambini, le fanciulle, i giovani sono la speranza: non permettiamo che venga cancellata, ma coltiviamola con passione!<\/p>\n<p>Il diamante, dono della terra, richiama alla custodia del creato, alla protezione dell\u2019ambiente.\u00a0 Situata nel cuore dell\u2019Africa, la Repubblica Democratica del Congo ospita uno dei pi\u00f9 grandi polmoni verdi del mondo, che va preservato. Come per la pace e per lo sviluppo, anche in questo campo \u00e8 importante una collaborazione ampia e proficua, che permetta di intervenire efficacemente, senza imporre modelli esterni pi\u00f9 utili a chi aiuta che a chi viene aiutato. Tanti hanno chiesto all\u2019Africa impegno e hanno offerto aiuti per contrastare i cambiamenti climatici e il coronavirus. Sono certamente opportunit\u00e0 da cogliere, per\u00f2 c\u2019\u00e8 soprattutto bisogno di modelli sanitari e sociali che rispondano non solo alle urgenze del momento, ma contribuiscano a una effettiva crescita sociale: di strutture solide e di personale onesto e competente, per superare i gravi problemi che bloccano sul nascere lo sviluppo, come la fame e la malaria.<\/p>\n<p>Il diamante, infine, \u00e8 il minerale di origine naturale con la durezza pi\u00f9 elevata; \u00e8 molto alta la sua resistenza agli agenti chimici. Il continuo ripetersi di attacchi violenti e le tante situazioni di disagio potrebbero indebolire la resistenza dei Congolesi, minarne la forza d\u2019animo, portarli a scoraggiarsi e a chiudersi nella rassegnazione. Ma in nome di Cristo, che \u00e8 il Dio della speranza, il Dio di ogni possibilit\u00e0 che d\u00e0 sempre la forza di ricominciare, in nome della dignit\u00e0 e del valore dei diamanti pi\u00f9 preziosi di questa splendida terra, che sono i suoi cittadini, vorrei invitare tutti a una ripartenza sociale coraggiosa e inclusiva. Lo chiede la storia luminosa ma ferita del Paese, lo<br \/>\nsupplicano soprattutto i giovani e i bambini. Io sono con voi e accompagno con la preghiera e con la vicinanza ogni sforzo per un avvenire pacifico, armonioso e prospero di questo grande Paese. Dio benedica l\u2019intera nazione congolese!<\/p>\n<p>&nbsp;<\/p>\n","protected":false},"excerpt":{"rendered":"<p>Incontro con le Autorit\u00e0, con la Societ\u00e0 Civile e con il Corpo Diplomatico<\/p>\n","protected":false},"author":17,"featured_media":69569,"comment_status":"closed","ping_status":"closed","sticky":false,"template":"","format":"standard","meta":{"_acf_changed":false,"_crdt_document":"","inline_featured_image":false,"footnotes":""},"categories":[123,67],"tags":[8300,8307,1003,2487,8306,251],"class_list":["post-69548","post","type-post","status-publish","format-standard","has-post-thumbnail","hentry","category-discorsi","category-leone-xiv","tag-40-viaggio-apostolico","tag-cerimonia-di-benvenuto","tag-congo","tag-featured-3","tag-kinshasa","tag-papa-francesco"],"acf":[],"yoast_head":"<!-- This site is optimized with the Yoast SEO plugin v27.5 - https:\/\/yoast.com\/product\/yoast-seo-wordpress\/ -->\n<title>&quot;Vengo ad incontrarvi nel nome di Ges\u00f9 come pellegrino di riconciliazione e di pace&quot; &#8211; Exaudi<\/title>\n<meta name=\"robots\" content=\"index, follow, max-snippet:-1, max-image-preview:large, max-video-preview:-1\" \/>\n<link rel=\"canonical\" href=\"https:\/\/exaudi.org\/it\/vengo-ad-incontrarvi-nel-nome-di-gesu-come-pellegrino-di-riconciliazione-e-di-pace\/\" \/>\n<meta property=\"og:locale\" content=\"it_IT\" \/>\n<meta property=\"og:type\" content=\"article\" \/>\n<meta property=\"og:title\" content=\"&quot;Vengo ad incontrarvi nel nome di Ges\u00f9 come pellegrino di riconciliazione e di pace&quot; &#8211; Exaudi\" \/>\n<meta property=\"og:description\" content=\"Incontro con le Autorit\u00e0, con la Societ\u00e0 Civile e con il Corpo Diplomatico\" \/>\n<meta property=\"og:url\" content=\"https:\/\/exaudi.org\/it\/vengo-ad-incontrarvi-nel-nome-di-gesu-come-pellegrino-di-riconciliazione-e-di-pace\/\" \/>\n<meta property=\"og:site_name\" content=\"Exaudi\" \/>\n<meta property=\"article:publisher\" content=\"https:\/\/www.facebook.com\/ExaudiNews\" \/>\n<meta property=\"article:author\" content=\"https:\/\/www.facebook.com\/ExaudiNotizie\/\" \/>\n<meta property=\"article:published_time\" content=\"2023-01-31T18:07:52+00:00\" \/>\n<meta property=\"article:modified_time\" content=\"2023-02-01T07:46:09+00:00\" \/>\n<meta property=\"og:image\" content=\"https:\/\/exaudi.org\/wp-content\/uploads\/2023\/01\/cq5dam.web_.800.800-10-1.jpeg\" \/>\n\t<meta property=\"og:image:width\" content=\"800\" \/>\n\t<meta property=\"og:image:height\" content=\"533\" \/>\n\t<meta property=\"og:image:type\" content=\"image\/jpeg\" \/>\n<meta name=\"author\" content=\"Exaudi Redazione\" \/>\n<meta name=\"twitter:card\" content=\"summary_large_image\" \/>\n<meta name=\"twitter:creator\" content=\"@Exaudi_Notizie\" \/>\n<meta name=\"twitter:site\" content=\"@Exaudi_News\" \/>\n<meta name=\"twitter:label1\" content=\"Scritto da\" \/>\n\t<meta name=\"twitter:data1\" content=\"Exaudi Redazione\" \/>\n\t<meta name=\"twitter:label2\" content=\"Tempo di lettura stimato\" \/>\n\t<meta name=\"twitter:data2\" content=\"12 minuti\" \/>\n<script type=\"application\/ld+json\" class=\"yoast-schema-graph\">{\"@context\":\"https:\\\/\\\/schema.org\",\"@graph\":[{\"@type\":\"Article\",\"@id\":\"https:\\\/\\\/exaudi.org\\\/it\\\/vengo-ad-incontrarvi-nel-nome-di-gesu-come-pellegrino-di-riconciliazione-e-di-pace\\\/#article\",\"isPartOf\":{\"@id\":\"https:\\\/\\\/exaudi.org\\\/it\\\/vengo-ad-incontrarvi-nel-nome-di-gesu-come-pellegrino-di-riconciliazione-e-di-pace\\\/\"},\"author\":{\"name\":\"Exaudi Redazione\",\"@id\":\"https:\\\/\\\/exaudi.org\\\/#\\\/schema\\\/person\\\/e1ab6ed07c01774724dd96f925f3a5f0\"},\"headline\":\"&#8220;Vengo ad incontrarvi nel nome di Ges\u00f9 come pellegrino di riconciliazione e di pace&#8221;\",\"datePublished\":\"2023-01-31T18:07:52+00:00\",\"dateModified\":\"2023-02-01T07:46:09+00:00\",\"mainEntityOfPage\":{\"@id\":\"https:\\\/\\\/exaudi.org\\\/it\\\/vengo-ad-incontrarvi-nel-nome-di-gesu-come-pellegrino-di-riconciliazione-e-di-pace\\\/\"},\"wordCount\":2458,\"image\":{\"@id\":\"https:\\\/\\\/exaudi.org\\\/it\\\/vengo-ad-incontrarvi-nel-nome-di-gesu-come-pellegrino-di-riconciliazione-e-di-pace\\\/#primaryimage\"},\"thumbnailUrl\":\"https:\\\/\\\/exaudi.org\\\/wp-content\\\/uploads\\\/2023\\\/01\\\/cq5dam.web_.800.800-10-1.jpeg\",\"keywords\":[\"40\u00b0 viaggio apostolico\",\"Cerimonia di benvenuto\",\"Congo\",\"Featured\",\"Kinshasa\",\"Papa Francesco\"],\"articleSection\":[\"Discorsi\",\"Leone XIV\"],\"inLanguage\":\"it-IT\"},{\"@type\":\"WebPage\",\"@id\":\"https:\\\/\\\/exaudi.org\\\/it\\\/vengo-ad-incontrarvi-nel-nome-di-gesu-come-pellegrino-di-riconciliazione-e-di-pace\\\/\",\"url\":\"https:\\\/\\\/exaudi.org\\\/it\\\/vengo-ad-incontrarvi-nel-nome-di-gesu-come-pellegrino-di-riconciliazione-e-di-pace\\\/\",\"name\":\"\\\"Vengo ad incontrarvi nel nome di Ges\u00f9 come pellegrino di riconciliazione e di pace\\\" &#8211; Exaudi\",\"isPartOf\":{\"@id\":\"https:\\\/\\\/exaudi.org\\\/#website\"},\"primaryImageOfPage\":{\"@id\":\"https:\\\/\\\/exaudi.org\\\/it\\\/vengo-ad-incontrarvi-nel-nome-di-gesu-come-pellegrino-di-riconciliazione-e-di-pace\\\/#primaryimage\"},\"image\":{\"@id\":\"https:\\\/\\\/exaudi.org\\\/it\\\/vengo-ad-incontrarvi-nel-nome-di-gesu-come-pellegrino-di-riconciliazione-e-di-pace\\\/#primaryimage\"},\"thumbnailUrl\":\"https:\\\/\\\/exaudi.org\\\/wp-content\\\/uploads\\\/2023\\\/01\\\/cq5dam.web_.800.800-10-1.jpeg\",\"datePublished\":\"2023-01-31T18:07:52+00:00\",\"dateModified\":\"2023-02-01T07:46:09+00:00\",\"author\":{\"@id\":\"https:\\\/\\\/exaudi.org\\\/#\\\/schema\\\/person\\\/e1ab6ed07c01774724dd96f925f3a5f0\"},\"breadcrumb\":{\"@id\":\"https:\\\/\\\/exaudi.org\\\/it\\\/vengo-ad-incontrarvi-nel-nome-di-gesu-come-pellegrino-di-riconciliazione-e-di-pace\\\/#breadcrumb\"},\"inLanguage\":\"it-IT\",\"potentialAction\":[{\"@type\":\"ReadAction\",\"target\":[\"https:\\\/\\\/exaudi.org\\\/it\\\/vengo-ad-incontrarvi-nel-nome-di-gesu-come-pellegrino-di-riconciliazione-e-di-pace\\\/\"]}]},{\"@type\":\"ImageObject\",\"inLanguage\":\"it-IT\",\"@id\":\"https:\\\/\\\/exaudi.org\\\/it\\\/vengo-ad-incontrarvi-nel-nome-di-gesu-come-pellegrino-di-riconciliazione-e-di-pace\\\/#primaryimage\",\"url\":\"https:\\\/\\\/exaudi.org\\\/wp-content\\\/uploads\\\/2023\\\/01\\\/cq5dam.web_.800.800-10-1.jpeg\",\"contentUrl\":\"https:\\\/\\\/exaudi.org\\\/wp-content\\\/uploads\\\/2023\\\/01\\\/cq5dam.web_.800.800-10-1.jpeg\",\"width\":800,\"height\":533,\"caption\":\"\u00a9 Vatican Media\"},{\"@type\":\"BreadcrumbList\",\"@id\":\"https:\\\/\\\/exaudi.org\\\/it\\\/vengo-ad-incontrarvi-nel-nome-di-gesu-come-pellegrino-di-riconciliazione-e-di-pace\\\/#breadcrumb\",\"itemListElement\":[{\"@type\":\"ListItem\",\"position\":1,\"name\":\"Portada\",\"item\":\"https:\\\/\\\/exaudi.org\\\/it\\\/\"},{\"@type\":\"ListItem\",\"position\":2,\"name\":\"&#8220;Vengo ad incontrarvi nel nome di Ges\u00f9 come pellegrino di riconciliazione e di pace&#8221;\"}]},{\"@type\":\"WebSite\",\"@id\":\"https:\\\/\\\/exaudi.org\\\/#website\",\"url\":\"https:\\\/\\\/exaudi.org\\\/\",\"name\":\"Exaudi\",\"description\":\"News\",\"potentialAction\":[{\"@type\":\"SearchAction\",\"target\":{\"@type\":\"EntryPoint\",\"urlTemplate\":\"https:\\\/\\\/exaudi.org\\\/?s={search_term_string}\"},\"query-input\":{\"@type\":\"PropertyValueSpecification\",\"valueRequired\":true,\"valueName\":\"search_term_string\"}}],\"inLanguage\":\"it-IT\"},{\"@type\":\"Person\",\"@id\":\"https:\\\/\\\/exaudi.org\\\/#\\\/schema\\\/person\\\/e1ab6ed07c01774724dd96f925f3a5f0\",\"name\":\"Exaudi Redazione\",\"image\":{\"@type\":\"ImageObject\",\"inLanguage\":\"it-IT\",\"@id\":\"https:\\\/\\\/secure.gravatar.com\\\/avatar\\\/ad6774b3ada023bf5b939d64f45c94b3adf91502dd883507d469b4308a943bb3?s=96&d=mm&r=g\",\"url\":\"https:\\\/\\\/secure.gravatar.com\\\/avatar\\\/ad6774b3ada023bf5b939d64f45c94b3adf91502dd883507d469b4308a943bb3?s=96&d=mm&r=g\",\"contentUrl\":\"https:\\\/\\\/secure.gravatar.com\\\/avatar\\\/ad6774b3ada023bf5b939d64f45c94b3adf91502dd883507d469b4308a943bb3?s=96&d=mm&r=g\",\"caption\":\"Exaudi Redazione\"},\"description\":\"Che cosa \u00e8 Exaudi News? Exaudi News \u00e8 un agenzia cattolica internazionale che informa, istruisce e trasforma quotidianamente in spagnolo, inglese e italiano. Attraverso notizie, articoli di analisi e trasmissioni in diretta degli eventi del Papa, Exaudi cerca di rafforzare l'unit\u00e0 dei cristiani e di contribuire all'evangelizzazione del mondo, sempre guidato dalla dottrina sociale della Chiesa. Lavoriamo per portare la verit\u00e0 e i valori cristiani in ogni angolo del pianeta. Aiutaci a trasformare il mondo con Exaudi! Noi di Exaudi crediamo che l'evangelizzazione e l'informazione di qualit\u00e0 possano cambiare la vita. Per continuare la nostra missione ed espandere la nostra portata, abbiamo bisogno del tuo aiuto. Stiamo anche cercando persone motivate che vogliano unirsi al nostro team. Grazie al vostro sostegno raggiungeremo pi\u00f9 persone, diffonderemo il messaggio di Cristo e rafforzeremo l'unit\u00e0 dei cristiani. Vuoi unirti alla nostra missione? Per maggiori informazioni su come contribuire, visita Exaudi.org\\\/it o contattaci direttamente: info@exaudi.org Exaudi: informa, forma e trasforma.\",\"sameAs\":[\"https:\\\/\\\/www.facebook.com\\\/ExaudiNotizie\\\/\",\"https:\\\/\\\/www.instagram.com\\\/Exaudi_notizie\\\/\",\"https:\\\/\\\/x.com\\\/Exaudi_Notizie\",\"https:\\\/\\\/www.youtube.com\\\/@exaudicatholicnews\"],\"url\":\"https:\\\/\\\/exaudi.org\\\/it\\\/author\\\/dlvedi-org\\\/\"}]}<\/script>\n<!-- \/ Yoast SEO plugin. -->","yoast_head_json":{"title":"\"Vengo ad incontrarvi nel nome di Ges\u00f9 come pellegrino di riconciliazione e di pace\" &#8211; Exaudi","robots":{"index":"index","follow":"follow","max-snippet":"max-snippet:-1","max-image-preview":"max-image-preview:large","max-video-preview":"max-video-preview:-1"},"canonical":"https:\/\/exaudi.org\/it\/vengo-ad-incontrarvi-nel-nome-di-gesu-come-pellegrino-di-riconciliazione-e-di-pace\/","og_locale":"it_IT","og_type":"article","og_title":"\"Vengo ad incontrarvi nel nome di Ges\u00f9 come pellegrino di riconciliazione e di pace\" &#8211; Exaudi","og_description":"Incontro con le Autorit\u00e0, con la Societ\u00e0 Civile e con il Corpo Diplomatico","og_url":"https:\/\/exaudi.org\/it\/vengo-ad-incontrarvi-nel-nome-di-gesu-come-pellegrino-di-riconciliazione-e-di-pace\/","og_site_name":"Exaudi","article_publisher":"https:\/\/www.facebook.com\/ExaudiNews","article_author":"https:\/\/www.facebook.com\/ExaudiNotizie\/","article_published_time":"2023-01-31T18:07:52+00:00","article_modified_time":"2023-02-01T07:46:09+00:00","og_image":[{"width":800,"height":533,"url":"https:\/\/exaudi.org\/wp-content\/uploads\/2023\/01\/cq5dam.web_.800.800-10-1.jpeg","type":"image\/jpeg"}],"author":"Exaudi Redazione","twitter_card":"summary_large_image","twitter_creator":"@Exaudi_Notizie","twitter_site":"@Exaudi_News","twitter_misc":{"Scritto da":"Exaudi Redazione","Tempo di lettura stimato":"12 minuti"},"schema":{"@context":"https:\/\/schema.org","@graph":[{"@type":"Article","@id":"https:\/\/exaudi.org\/it\/vengo-ad-incontrarvi-nel-nome-di-gesu-come-pellegrino-di-riconciliazione-e-di-pace\/#article","isPartOf":{"@id":"https:\/\/exaudi.org\/it\/vengo-ad-incontrarvi-nel-nome-di-gesu-come-pellegrino-di-riconciliazione-e-di-pace\/"},"author":{"name":"Exaudi Redazione","@id":"https:\/\/exaudi.org\/#\/schema\/person\/e1ab6ed07c01774724dd96f925f3a5f0"},"headline":"&#8220;Vengo ad incontrarvi nel nome di Ges\u00f9 come pellegrino di riconciliazione e di pace&#8221;","datePublished":"2023-01-31T18:07:52+00:00","dateModified":"2023-02-01T07:46:09+00:00","mainEntityOfPage":{"@id":"https:\/\/exaudi.org\/it\/vengo-ad-incontrarvi-nel-nome-di-gesu-come-pellegrino-di-riconciliazione-e-di-pace\/"},"wordCount":2458,"image":{"@id":"https:\/\/exaudi.org\/it\/vengo-ad-incontrarvi-nel-nome-di-gesu-come-pellegrino-di-riconciliazione-e-di-pace\/#primaryimage"},"thumbnailUrl":"https:\/\/exaudi.org\/wp-content\/uploads\/2023\/01\/cq5dam.web_.800.800-10-1.jpeg","keywords":["40\u00b0 viaggio apostolico","Cerimonia di benvenuto","Congo","Featured","Kinshasa","Papa Francesco"],"articleSection":["Discorsi","Leone XIV"],"inLanguage":"it-IT"},{"@type":"WebPage","@id":"https:\/\/exaudi.org\/it\/vengo-ad-incontrarvi-nel-nome-di-gesu-come-pellegrino-di-riconciliazione-e-di-pace\/","url":"https:\/\/exaudi.org\/it\/vengo-ad-incontrarvi-nel-nome-di-gesu-come-pellegrino-di-riconciliazione-e-di-pace\/","name":"\"Vengo ad incontrarvi nel nome di Ges\u00f9 come pellegrino di riconciliazione e di pace\" &#8211; Exaudi","isPartOf":{"@id":"https:\/\/exaudi.org\/#website"},"primaryImageOfPage":{"@id":"https:\/\/exaudi.org\/it\/vengo-ad-incontrarvi-nel-nome-di-gesu-come-pellegrino-di-riconciliazione-e-di-pace\/#primaryimage"},"image":{"@id":"https:\/\/exaudi.org\/it\/vengo-ad-incontrarvi-nel-nome-di-gesu-come-pellegrino-di-riconciliazione-e-di-pace\/#primaryimage"},"thumbnailUrl":"https:\/\/exaudi.org\/wp-content\/uploads\/2023\/01\/cq5dam.web_.800.800-10-1.jpeg","datePublished":"2023-01-31T18:07:52+00:00","dateModified":"2023-02-01T07:46:09+00:00","author":{"@id":"https:\/\/exaudi.org\/#\/schema\/person\/e1ab6ed07c01774724dd96f925f3a5f0"},"breadcrumb":{"@id":"https:\/\/exaudi.org\/it\/vengo-ad-incontrarvi-nel-nome-di-gesu-come-pellegrino-di-riconciliazione-e-di-pace\/#breadcrumb"},"inLanguage":"it-IT","potentialAction":[{"@type":"ReadAction","target":["https:\/\/exaudi.org\/it\/vengo-ad-incontrarvi-nel-nome-di-gesu-come-pellegrino-di-riconciliazione-e-di-pace\/"]}]},{"@type":"ImageObject","inLanguage":"it-IT","@id":"https:\/\/exaudi.org\/it\/vengo-ad-incontrarvi-nel-nome-di-gesu-come-pellegrino-di-riconciliazione-e-di-pace\/#primaryimage","url":"https:\/\/exaudi.org\/wp-content\/uploads\/2023\/01\/cq5dam.web_.800.800-10-1.jpeg","contentUrl":"https:\/\/exaudi.org\/wp-content\/uploads\/2023\/01\/cq5dam.web_.800.800-10-1.jpeg","width":800,"height":533,"caption":"\u00a9 Vatican Media"},{"@type":"BreadcrumbList","@id":"https:\/\/exaudi.org\/it\/vengo-ad-incontrarvi-nel-nome-di-gesu-come-pellegrino-di-riconciliazione-e-di-pace\/#breadcrumb","itemListElement":[{"@type":"ListItem","position":1,"name":"Portada","item":"https:\/\/exaudi.org\/it\/"},{"@type":"ListItem","position":2,"name":"&#8220;Vengo ad incontrarvi nel nome di Ges\u00f9 come pellegrino di riconciliazione e di pace&#8221;"}]},{"@type":"WebSite","@id":"https:\/\/exaudi.org\/#website","url":"https:\/\/exaudi.org\/","name":"Exaudi","description":"News","potentialAction":[{"@type":"SearchAction","target":{"@type":"EntryPoint","urlTemplate":"https:\/\/exaudi.org\/?s={search_term_string}"},"query-input":{"@type":"PropertyValueSpecification","valueRequired":true,"valueName":"search_term_string"}}],"inLanguage":"it-IT"},{"@type":"Person","@id":"https:\/\/exaudi.org\/#\/schema\/person\/e1ab6ed07c01774724dd96f925f3a5f0","name":"Exaudi Redazione","image":{"@type":"ImageObject","inLanguage":"it-IT","@id":"https:\/\/secure.gravatar.com\/avatar\/ad6774b3ada023bf5b939d64f45c94b3adf91502dd883507d469b4308a943bb3?s=96&d=mm&r=g","url":"https:\/\/secure.gravatar.com\/avatar\/ad6774b3ada023bf5b939d64f45c94b3adf91502dd883507d469b4308a943bb3?s=96&d=mm&r=g","contentUrl":"https:\/\/secure.gravatar.com\/avatar\/ad6774b3ada023bf5b939d64f45c94b3adf91502dd883507d469b4308a943bb3?s=96&d=mm&r=g","caption":"Exaudi Redazione"},"description":"Che cosa \u00e8 Exaudi News? Exaudi News \u00e8 un agenzia cattolica internazionale che informa, istruisce e trasforma quotidianamente in spagnolo, inglese e italiano. Attraverso notizie, articoli di analisi e trasmissioni in diretta degli eventi del Papa, Exaudi cerca di rafforzare l'unit\u00e0 dei cristiani e di contribuire all'evangelizzazione del mondo, sempre guidato dalla dottrina sociale della Chiesa. Lavoriamo per portare la verit\u00e0 e i valori cristiani in ogni angolo del pianeta. Aiutaci a trasformare il mondo con Exaudi! Noi di Exaudi crediamo che l'evangelizzazione e l'informazione di qualit\u00e0 possano cambiare la vita. Per continuare la nostra missione ed espandere la nostra portata, abbiamo bisogno del tuo aiuto. Stiamo anche cercando persone motivate che vogliano unirsi al nostro team. Grazie al vostro sostegno raggiungeremo pi\u00f9 persone, diffonderemo il messaggio di Cristo e rafforzeremo l'unit\u00e0 dei cristiani. Vuoi unirti alla nostra missione? Per maggiori informazioni su come contribuire, visita Exaudi.org\/it o contattaci direttamente: info@exaudi.org Exaudi: informa, forma e trasforma.","sameAs":["https:\/\/www.facebook.com\/ExaudiNotizie\/","https:\/\/www.instagram.com\/Exaudi_notizie\/","https:\/\/x.com\/Exaudi_Notizie","https:\/\/www.youtube.com\/@exaudicatholicnews"],"url":"https:\/\/exaudi.org\/it\/author\/dlvedi-org\/"}]}},"jetpack_featured_media_url":"https:\/\/exaudi.org\/wp-content\/uploads\/2023\/01\/cq5dam.web_.800.800-10-1.jpeg","jetpack_shortlink":"https:\/\/wp.me\/pgKjF2-i5K","_links":{"self":[{"href":"https:\/\/exaudi.org\/it\/wp-json\/wp\/v2\/posts\/69548","targetHints":{"allow":["GET"]}}],"collection":[{"href":"https:\/\/exaudi.org\/it\/wp-json\/wp\/v2\/posts"}],"about":[{"href":"https:\/\/exaudi.org\/it\/wp-json\/wp\/v2\/types\/post"}],"author":[{"embeddable":true,"href":"https:\/\/exaudi.org\/it\/wp-json\/wp\/v2\/users\/17"}],"replies":[{"embeddable":true,"href":"https:\/\/exaudi.org\/it\/wp-json\/wp\/v2\/comments?post=69548"}],"version-history":[{"count":0,"href":"https:\/\/exaudi.org\/it\/wp-json\/wp\/v2\/posts\/69548\/revisions"}],"wp:featuredmedia":[{"embeddable":true,"href":"https:\/\/exaudi.org\/it\/wp-json\/wp\/v2\/media\/69569"}],"wp:attachment":[{"href":"https:\/\/exaudi.org\/it\/wp-json\/wp\/v2\/media?parent=69548"}],"wp:term":[{"taxonomy":"category","embeddable":true,"href":"https:\/\/exaudi.org\/it\/wp-json\/wp\/v2\/categories?post=69548"},{"taxonomy":"post_tag","embeddable":true,"href":"https:\/\/exaudi.org\/it\/wp-json\/wp\/v2\/tags?post=69548"}],"curies":[{"name":"wp","href":"https:\/\/api.w.org\/{rel}","templated":true}]}}