{"id":69546,"date":"2023-01-31T17:26:50","date_gmt":"2023-01-31T16:26:50","guid":{"rendered":"https:\/\/exaudi.org\/?p=69546"},"modified":"2023-01-31T17:26:50","modified_gmt":"2023-01-31T16:26:50","slug":"viaggio-apostolico-papa-ha-salutato-gli-operatori-dei-media","status":"publish","type":"post","link":"https:\/\/exaudi.org\/it\/viaggio-apostolico-papa-ha-salutato-gli-operatori-dei-media\/","title":{"rendered":"Viaggio Apostolico: Papa ha salutato gli operatori dei media"},"content":{"rendered":"<p>Questa mattina, a bordo dell\u2019aereo che lo porta nella Repubblica Democratica del Congo e in Sud Sudan, il Santo Padre Francesco ha salutato gli operatori dei media che lo accompagnano sul volo papale.<\/p>\n<p>Introdotto dal saluto del Direttore della Sala Stampa della Santa Sede, Matteo Bruni, il Papa ha rivolto ai giornalisti le parole che pubblichiamo di seguito:<\/p>\n<p>&nbsp;<\/p>\n<p><b><u>Parole del Santo Padre<\/u><\/b><\/p>\n<p><b>Bruni:<\/b><\/p>\n<p>Buongiorno, Santit\u00e0, e grazie per aver accolto anche in questa occasione circa 75 giornalisti da 12 Paesi, di cui due africani. Sappiamo che questo era un viaggio che aspettava da tempo e siamo contenti di ascoltare e di vedere i gesti di questi giorni per poterli raccontare. Grazie!<\/p>\n<p><b>Papa:<\/b><\/p>\n<p>Buongiorno e benvenuti tutti, e grazie per accompagnarmi in questo viaggio. Aspetta da un anno&#8230; \u00c8 un viaggio bello. Avrei voluto andare anche a Goma, ma con la guerra non si pu\u00f2 andare l\u00e0. Soltanto sar\u00e0 Kinshasa e Juba. Da l\u00ec faremo tutto. Grazie di stare qui con me, tutti insieme. Grazie per il vostro lavoro che \u00e8 tanto buono, aiuta tanto, perch\u00e9 fa arrivare alla gente, che si interessa del viaggio, le immagini e anche i pensieri, le riflessioni vostre sul viaggio. Grazie tante.<\/p>\n<p>A me piacerebbe fare il giro ma oggi non posso. Non so, posso rimanere qui, ma mi d\u00e0 un po\u2019 di vergogna far venire tutti voi qui\u2026 Possiamo salutarci da lontano, non so\u2026 Grazie.<\/p>\n<p>In questo momento stiamo attraversando il Sahara. Facciamo un pensierino, in silenzio, una preghiera per tutte le persone che cercando un po\u2019 di benessere, un po\u2019 di libert\u00e0 l\u2019hanno attraversato e non ce l\u2019hanno fatta. Tanti sofferenti che arrivano al Mediterraneo e dopo aver attraversato il deserto sono presi nei lager e soffrono l\u00ec. Preghiamo per tutta quella gente.<\/p>\n<p>[PREGHIERA SILENZIOSA]<\/p>\n<p>Grazie.<\/p>\n<p><b>Bruni:<\/b><\/p>\n<p>Grazie Santit\u00e0.<\/p>\n","protected":false},"excerpt":{"rendered":"<p>75 giornalisti da 12 Paesi, di cui due africani<\/p>\n","protected":false},"author":17,"featured_media":55915,"comment_status":"closed","ping_status":"closed","sticky":false,"template":"","format":"standard","meta":{"_acf_changed":false,"_crdt_document":"","inline_featured_image":false,"footnotes":""},"categories":[125],"tags":[1003,2275,558],"class_list":["post-69546","post","type-post","status-publish","format-standard","has-post-thumbnail","hentry","category-viaggi-papali","tag-congo","tag-sud-sudan","tag-viaggi-apostolici"],"acf":[],"yoast_head":"<!-- This site is optimized with the Yoast SEO plugin v27.5 - https:\/\/yoast.com\/product\/yoast-seo-wordpress\/ -->\n<title>Viaggio Apostolico: Papa ha salutato gli operatori dei media &#8211; Exaudi<\/title>\n<meta name=\"robots\" content=\"index, follow, max-snippet:-1, max-image-preview:large, max-video-preview:-1\" \/>\n<link rel=\"canonical\" href=\"https:\/\/exaudi.org\/it\/viaggio-apostolico-papa-ha-salutato-gli-operatori-dei-media\/\" \/>\n<meta property=\"og:locale\" content=\"it_IT\" \/>\n<meta property=\"og:type\" content=\"article\" \/>\n<meta property=\"og:title\" content=\"Viaggio Apostolico: Papa ha salutato gli operatori dei media &#8211; Exaudi\" \/>\n<meta property=\"og:description\" content=\"75 giornalisti da 12 Paesi, di cui due africani\" \/>\n<meta property=\"og:url\" content=\"https:\/\/exaudi.org\/it\/viaggio-apostolico-papa-ha-salutato-gli-operatori-dei-media\/\" \/>\n<meta property=\"og:site_name\" content=\"Exaudi\" \/>\n<meta property=\"article:publisher\" content=\"https:\/\/www.facebook.com\/ExaudiNews\" \/>\n<meta property=\"article:author\" content=\"https:\/\/www.facebook.com\/ExaudiNotizie\/\" \/>\n<meta property=\"article:published_time\" content=\"2023-01-31T16:26:50+00:00\" \/>\n<meta property=\"og:image\" content=\"https:\/\/exaudi.org\/wp-content\/uploads\/2022\/04\/DSC1854-scaled.jpg\" \/>\n\t<meta property=\"og:image:width\" content=\"2560\" \/>\n\t<meta property=\"og:image:height\" content=\"1707\" \/>\n\t<meta property=\"og:image:type\" content=\"image\/jpeg\" \/>\n<meta name=\"author\" content=\"Exaudi Redazione\" \/>\n<meta name=\"twitter:card\" content=\"summary_large_image\" \/>\n<meta name=\"twitter:creator\" content=\"@Exaudi_Notizie\" \/>\n<meta name=\"twitter:site\" content=\"@Exaudi_News\" \/>\n<meta name=\"twitter:label1\" content=\"Scritto da\" \/>\n\t<meta name=\"twitter:data1\" content=\"Exaudi Redazione\" \/>\n\t<meta name=\"twitter:label2\" content=\"Tempo di lettura stimato\" \/>\n\t<meta name=\"twitter:data2\" content=\"1 minuto\" \/>\n<script type=\"application\/ld+json\" class=\"yoast-schema-graph\">{\"@context\":\"https:\\\/\\\/schema.org\",\"@graph\":[{\"@type\":\"Article\",\"@id\":\"https:\\\/\\\/exaudi.org\\\/it\\\/viaggio-apostolico-papa-ha-salutato-gli-operatori-dei-media\\\/#article\",\"isPartOf\":{\"@id\":\"https:\\\/\\\/exaudi.org\\\/it\\\/viaggio-apostolico-papa-ha-salutato-gli-operatori-dei-media\\\/\"},\"author\":{\"name\":\"Exaudi Redazione\",\"@id\":\"https:\\\/\\\/exaudi.org\\\/#\\\/schema\\\/person\\\/e1ab6ed07c01774724dd96f925f3a5f0\"},\"headline\":\"Viaggio Apostolico: Papa ha salutato gli operatori dei media\",\"datePublished\":\"2023-01-31T16:26:50+00:00\",\"mainEntityOfPage\":{\"@id\":\"https:\\\/\\\/exaudi.org\\\/it\\\/viaggio-apostolico-papa-ha-salutato-gli-operatori-dei-media\\\/\"},\"wordCount\":305,\"image\":{\"@id\":\"https:\\\/\\\/exaudi.org\\\/it\\\/viaggio-apostolico-papa-ha-salutato-gli-operatori-dei-media\\\/#primaryimage\"},\"thumbnailUrl\":\"https:\\\/\\\/exaudi.org\\\/wp-content\\\/uploads\\\/2022\\\/04\\\/DSC1854-scaled.jpg\",\"keywords\":[\"Congo\",\"sud sudan\",\"viaggi apostolici\"],\"articleSection\":[\"Viaggi papali\"],\"inLanguage\":\"it-IT\"},{\"@type\":\"WebPage\",\"@id\":\"https:\\\/\\\/exaudi.org\\\/it\\\/viaggio-apostolico-papa-ha-salutato-gli-operatori-dei-media\\\/\",\"url\":\"https:\\\/\\\/exaudi.org\\\/it\\\/viaggio-apostolico-papa-ha-salutato-gli-operatori-dei-media\\\/\",\"name\":\"Viaggio Apostolico: Papa ha salutato gli operatori dei media &#8211; Exaudi\",\"isPartOf\":{\"@id\":\"https:\\\/\\\/exaudi.org\\\/#website\"},\"primaryImageOfPage\":{\"@id\":\"https:\\\/\\\/exaudi.org\\\/it\\\/viaggio-apostolico-papa-ha-salutato-gli-operatori-dei-media\\\/#primaryimage\"},\"image\":{\"@id\":\"https:\\\/\\\/exaudi.org\\\/it\\\/viaggio-apostolico-papa-ha-salutato-gli-operatori-dei-media\\\/#primaryimage\"},\"thumbnailUrl\":\"https:\\\/\\\/exaudi.org\\\/wp-content\\\/uploads\\\/2022\\\/04\\\/DSC1854-scaled.jpg\",\"datePublished\":\"2023-01-31T16:26:50+00:00\",\"author\":{\"@id\":\"https:\\\/\\\/exaudi.org\\\/#\\\/schema\\\/person\\\/e1ab6ed07c01774724dd96f925f3a5f0\"},\"breadcrumb\":{\"@id\":\"https:\\\/\\\/exaudi.org\\\/it\\\/viaggio-apostolico-papa-ha-salutato-gli-operatori-dei-media\\\/#breadcrumb\"},\"inLanguage\":\"it-IT\",\"potentialAction\":[{\"@type\":\"ReadAction\",\"target\":[\"https:\\\/\\\/exaudi.org\\\/it\\\/viaggio-apostolico-papa-ha-salutato-gli-operatori-dei-media\\\/\"]}]},{\"@type\":\"ImageObject\",\"inLanguage\":\"it-IT\",\"@id\":\"https:\\\/\\\/exaudi.org\\\/it\\\/viaggio-apostolico-papa-ha-salutato-gli-operatori-dei-media\\\/#primaryimage\",\"url\":\"https:\\\/\\\/exaudi.org\\\/wp-content\\\/uploads\\\/2022\\\/04\\\/DSC1854-scaled.jpg\",\"contentUrl\":\"https:\\\/\\\/exaudi.org\\\/wp-content\\\/uploads\\\/2022\\\/04\\\/DSC1854-scaled.jpg\",\"width\":2560,\"height\":1707,\"caption\":\"Vatican Media\"},{\"@type\":\"BreadcrumbList\",\"@id\":\"https:\\\/\\\/exaudi.org\\\/it\\\/viaggio-apostolico-papa-ha-salutato-gli-operatori-dei-media\\\/#breadcrumb\",\"itemListElement\":[{\"@type\":\"ListItem\",\"position\":1,\"name\":\"Portada\",\"item\":\"https:\\\/\\\/exaudi.org\\\/it\\\/\"},{\"@type\":\"ListItem\",\"position\":2,\"name\":\"Viaggio Apostolico: Papa ha salutato gli operatori dei media\"}]},{\"@type\":\"WebSite\",\"@id\":\"https:\\\/\\\/exaudi.org\\\/#website\",\"url\":\"https:\\\/\\\/exaudi.org\\\/\",\"name\":\"Exaudi\",\"description\":\"News\",\"potentialAction\":[{\"@type\":\"SearchAction\",\"target\":{\"@type\":\"EntryPoint\",\"urlTemplate\":\"https:\\\/\\\/exaudi.org\\\/?s={search_term_string}\"},\"query-input\":{\"@type\":\"PropertyValueSpecification\",\"valueRequired\":true,\"valueName\":\"search_term_string\"}}],\"inLanguage\":\"it-IT\"},{\"@type\":\"Person\",\"@id\":\"https:\\\/\\\/exaudi.org\\\/#\\\/schema\\\/person\\\/e1ab6ed07c01774724dd96f925f3a5f0\",\"name\":\"Exaudi Redazione\",\"image\":{\"@type\":\"ImageObject\",\"inLanguage\":\"it-IT\",\"@id\":\"https:\\\/\\\/secure.gravatar.com\\\/avatar\\\/ad6774b3ada023bf5b939d64f45c94b3adf91502dd883507d469b4308a943bb3?s=96&d=mm&r=g\",\"url\":\"https:\\\/\\\/secure.gravatar.com\\\/avatar\\\/ad6774b3ada023bf5b939d64f45c94b3adf91502dd883507d469b4308a943bb3?s=96&d=mm&r=g\",\"contentUrl\":\"https:\\\/\\\/secure.gravatar.com\\\/avatar\\\/ad6774b3ada023bf5b939d64f45c94b3adf91502dd883507d469b4308a943bb3?s=96&d=mm&r=g\",\"caption\":\"Exaudi Redazione\"},\"description\":\"Che cosa \u00e8 Exaudi News? Exaudi News \u00e8 un agenzia cattolica internazionale che informa, istruisce e trasforma quotidianamente in spagnolo, inglese e italiano. Attraverso notizie, articoli di analisi e trasmissioni in diretta degli eventi del Papa, Exaudi cerca di rafforzare l'unit\u00e0 dei cristiani e di contribuire all'evangelizzazione del mondo, sempre guidato dalla dottrina sociale della Chiesa. Lavoriamo per portare la verit\u00e0 e i valori cristiani in ogni angolo del pianeta. Aiutaci a trasformare il mondo con Exaudi! Noi di Exaudi crediamo che l'evangelizzazione e l'informazione di qualit\u00e0 possano cambiare la vita. Per continuare la nostra missione ed espandere la nostra portata, abbiamo bisogno del tuo aiuto. Stiamo anche cercando persone motivate che vogliano unirsi al nostro team. Grazie al vostro sostegno raggiungeremo pi\u00f9 persone, diffonderemo il messaggio di Cristo e rafforzeremo l'unit\u00e0 dei cristiani. Vuoi unirti alla nostra missione? Per maggiori informazioni su come contribuire, visita Exaudi.org\\\/it o contattaci direttamente: info@exaudi.org Exaudi: informa, forma e trasforma.\",\"sameAs\":[\"https:\\\/\\\/www.facebook.com\\\/ExaudiNotizie\\\/\",\"https:\\\/\\\/www.instagram.com\\\/Exaudi_notizie\\\/\",\"https:\\\/\\\/x.com\\\/Exaudi_Notizie\",\"https:\\\/\\\/www.youtube.com\\\/@exaudicatholicnews\"],\"url\":\"https:\\\/\\\/exaudi.org\\\/it\\\/author\\\/dlvedi-org\\\/\"}]}<\/script>\n<!-- \/ Yoast SEO plugin. -->","yoast_head_json":{"title":"Viaggio Apostolico: Papa ha salutato gli operatori dei media &#8211; Exaudi","robots":{"index":"index","follow":"follow","max-snippet":"max-snippet:-1","max-image-preview":"max-image-preview:large","max-video-preview":"max-video-preview:-1"},"canonical":"https:\/\/exaudi.org\/it\/viaggio-apostolico-papa-ha-salutato-gli-operatori-dei-media\/","og_locale":"it_IT","og_type":"article","og_title":"Viaggio Apostolico: Papa ha salutato gli operatori dei media &#8211; Exaudi","og_description":"75 giornalisti da 12 Paesi, di cui due africani","og_url":"https:\/\/exaudi.org\/it\/viaggio-apostolico-papa-ha-salutato-gli-operatori-dei-media\/","og_site_name":"Exaudi","article_publisher":"https:\/\/www.facebook.com\/ExaudiNews","article_author":"https:\/\/www.facebook.com\/ExaudiNotizie\/","article_published_time":"2023-01-31T16:26:50+00:00","og_image":[{"width":2560,"height":1707,"url":"https:\/\/exaudi.org\/wp-content\/uploads\/2022\/04\/DSC1854-scaled.jpg","type":"image\/jpeg"}],"author":"Exaudi Redazione","twitter_card":"summary_large_image","twitter_creator":"@Exaudi_Notizie","twitter_site":"@Exaudi_News","twitter_misc":{"Scritto da":"Exaudi Redazione","Tempo di lettura stimato":"1 minuto"},"schema":{"@context":"https:\/\/schema.org","@graph":[{"@type":"Article","@id":"https:\/\/exaudi.org\/it\/viaggio-apostolico-papa-ha-salutato-gli-operatori-dei-media\/#article","isPartOf":{"@id":"https:\/\/exaudi.org\/it\/viaggio-apostolico-papa-ha-salutato-gli-operatori-dei-media\/"},"author":{"name":"Exaudi Redazione","@id":"https:\/\/exaudi.org\/#\/schema\/person\/e1ab6ed07c01774724dd96f925f3a5f0"},"headline":"Viaggio Apostolico: Papa ha salutato gli operatori dei media","datePublished":"2023-01-31T16:26:50+00:00","mainEntityOfPage":{"@id":"https:\/\/exaudi.org\/it\/viaggio-apostolico-papa-ha-salutato-gli-operatori-dei-media\/"},"wordCount":305,"image":{"@id":"https:\/\/exaudi.org\/it\/viaggio-apostolico-papa-ha-salutato-gli-operatori-dei-media\/#primaryimage"},"thumbnailUrl":"https:\/\/exaudi.org\/wp-content\/uploads\/2022\/04\/DSC1854-scaled.jpg","keywords":["Congo","sud sudan","viaggi apostolici"],"articleSection":["Viaggi papali"],"inLanguage":"it-IT"},{"@type":"WebPage","@id":"https:\/\/exaudi.org\/it\/viaggio-apostolico-papa-ha-salutato-gli-operatori-dei-media\/","url":"https:\/\/exaudi.org\/it\/viaggio-apostolico-papa-ha-salutato-gli-operatori-dei-media\/","name":"Viaggio Apostolico: Papa ha salutato gli operatori dei media &#8211; Exaudi","isPartOf":{"@id":"https:\/\/exaudi.org\/#website"},"primaryImageOfPage":{"@id":"https:\/\/exaudi.org\/it\/viaggio-apostolico-papa-ha-salutato-gli-operatori-dei-media\/#primaryimage"},"image":{"@id":"https:\/\/exaudi.org\/it\/viaggio-apostolico-papa-ha-salutato-gli-operatori-dei-media\/#primaryimage"},"thumbnailUrl":"https:\/\/exaudi.org\/wp-content\/uploads\/2022\/04\/DSC1854-scaled.jpg","datePublished":"2023-01-31T16:26:50+00:00","author":{"@id":"https:\/\/exaudi.org\/#\/schema\/person\/e1ab6ed07c01774724dd96f925f3a5f0"},"breadcrumb":{"@id":"https:\/\/exaudi.org\/it\/viaggio-apostolico-papa-ha-salutato-gli-operatori-dei-media\/#breadcrumb"},"inLanguage":"it-IT","potentialAction":[{"@type":"ReadAction","target":["https:\/\/exaudi.org\/it\/viaggio-apostolico-papa-ha-salutato-gli-operatori-dei-media\/"]}]},{"@type":"ImageObject","inLanguage":"it-IT","@id":"https:\/\/exaudi.org\/it\/viaggio-apostolico-papa-ha-salutato-gli-operatori-dei-media\/#primaryimage","url":"https:\/\/exaudi.org\/wp-content\/uploads\/2022\/04\/DSC1854-scaled.jpg","contentUrl":"https:\/\/exaudi.org\/wp-content\/uploads\/2022\/04\/DSC1854-scaled.jpg","width":2560,"height":1707,"caption":"Vatican Media"},{"@type":"BreadcrumbList","@id":"https:\/\/exaudi.org\/it\/viaggio-apostolico-papa-ha-salutato-gli-operatori-dei-media\/#breadcrumb","itemListElement":[{"@type":"ListItem","position":1,"name":"Portada","item":"https:\/\/exaudi.org\/it\/"},{"@type":"ListItem","position":2,"name":"Viaggio Apostolico: Papa ha salutato gli operatori dei media"}]},{"@type":"WebSite","@id":"https:\/\/exaudi.org\/#website","url":"https:\/\/exaudi.org\/","name":"Exaudi","description":"News","potentialAction":[{"@type":"SearchAction","target":{"@type":"EntryPoint","urlTemplate":"https:\/\/exaudi.org\/?s={search_term_string}"},"query-input":{"@type":"PropertyValueSpecification","valueRequired":true,"valueName":"search_term_string"}}],"inLanguage":"it-IT"},{"@type":"Person","@id":"https:\/\/exaudi.org\/#\/schema\/person\/e1ab6ed07c01774724dd96f925f3a5f0","name":"Exaudi Redazione","image":{"@type":"ImageObject","inLanguage":"it-IT","@id":"https:\/\/secure.gravatar.com\/avatar\/ad6774b3ada023bf5b939d64f45c94b3adf91502dd883507d469b4308a943bb3?s=96&d=mm&r=g","url":"https:\/\/secure.gravatar.com\/avatar\/ad6774b3ada023bf5b939d64f45c94b3adf91502dd883507d469b4308a943bb3?s=96&d=mm&r=g","contentUrl":"https:\/\/secure.gravatar.com\/avatar\/ad6774b3ada023bf5b939d64f45c94b3adf91502dd883507d469b4308a943bb3?s=96&d=mm&r=g","caption":"Exaudi Redazione"},"description":"Che cosa \u00e8 Exaudi News? Exaudi News \u00e8 un agenzia cattolica internazionale che informa, istruisce e trasforma quotidianamente in spagnolo, inglese e italiano. Attraverso notizie, articoli di analisi e trasmissioni in diretta degli eventi del Papa, Exaudi cerca di rafforzare l'unit\u00e0 dei cristiani e di contribuire all'evangelizzazione del mondo, sempre guidato dalla dottrina sociale della Chiesa. Lavoriamo per portare la verit\u00e0 e i valori cristiani in ogni angolo del pianeta. Aiutaci a trasformare il mondo con Exaudi! Noi di Exaudi crediamo che l'evangelizzazione e l'informazione di qualit\u00e0 possano cambiare la vita. Per continuare la nostra missione ed espandere la nostra portata, abbiamo bisogno del tuo aiuto. Stiamo anche cercando persone motivate che vogliano unirsi al nostro team. Grazie al vostro sostegno raggiungeremo pi\u00f9 persone, diffonderemo il messaggio di Cristo e rafforzeremo l'unit\u00e0 dei cristiani. Vuoi unirti alla nostra missione? Per maggiori informazioni su come contribuire, visita Exaudi.org\/it o contattaci direttamente: info@exaudi.org Exaudi: informa, forma e trasforma.","sameAs":["https:\/\/www.facebook.com\/ExaudiNotizie\/","https:\/\/www.instagram.com\/Exaudi_notizie\/","https:\/\/x.com\/Exaudi_Notizie","https:\/\/www.youtube.com\/@exaudicatholicnews"],"url":"https:\/\/exaudi.org\/it\/author\/dlvedi-org\/"}]}},"jetpack_featured_media_url":"https:\/\/exaudi.org\/wp-content\/uploads\/2022\/04\/DSC1854-scaled.jpg","jetpack_shortlink":"https:\/\/wp.me\/pgKjF2-i5I","_links":{"self":[{"href":"https:\/\/exaudi.org\/it\/wp-json\/wp\/v2\/posts\/69546","targetHints":{"allow":["GET"]}}],"collection":[{"href":"https:\/\/exaudi.org\/it\/wp-json\/wp\/v2\/posts"}],"about":[{"href":"https:\/\/exaudi.org\/it\/wp-json\/wp\/v2\/types\/post"}],"author":[{"embeddable":true,"href":"https:\/\/exaudi.org\/it\/wp-json\/wp\/v2\/users\/17"}],"replies":[{"embeddable":true,"href":"https:\/\/exaudi.org\/it\/wp-json\/wp\/v2\/comments?post=69546"}],"version-history":[{"count":0,"href":"https:\/\/exaudi.org\/it\/wp-json\/wp\/v2\/posts\/69546\/revisions"}],"wp:featuredmedia":[{"embeddable":true,"href":"https:\/\/exaudi.org\/it\/wp-json\/wp\/v2\/media\/55915"}],"wp:attachment":[{"href":"https:\/\/exaudi.org\/it\/wp-json\/wp\/v2\/media?parent=69546"}],"wp:term":[{"taxonomy":"category","embeddable":true,"href":"https:\/\/exaudi.org\/it\/wp-json\/wp\/v2\/categories?post=69546"},{"taxonomy":"post_tag","embeddable":true,"href":"https:\/\/exaudi.org\/it\/wp-json\/wp\/v2\/tags?post=69546"}],"curies":[{"name":"wp","href":"https:\/\/api.w.org\/{rel}","templated":true}]}}