{"id":6886,"date":"2021-03-19T16:00:34","date_gmt":"2021-03-19T15:00:34","guid":{"rendered":"https:\/\/exaudi.org\/?p=6886"},"modified":"2021-03-19T14:47:50","modified_gmt":"2021-03-19T13:47:50","slug":"lappello-del-papa-sosteniamo-la-famiglia","status":"publish","type":"post","link":"https:\/\/exaudi.org\/it\/lappello-del-papa-sosteniamo-la-famiglia\/","title":{"rendered":"L&#8217;appello del Papa: &#8220;Sosteniamo la famiglia&#8221;"},"content":{"rendered":"<p>L\u2019evento \u201cIl nostro amore quotidiano\u201d, promosso dal Dicastero per i Laici, la Famiglia e la Vita, dalla Diocesi di Roma e dal Pontificio Istituto Teologico Giovanni Paolo II nel quinto anniversario della pubblicazione dell\u2019esortazione apostolica post sinodale, inaugura <a href=\"https:\/\/exaudi.org\/it\/presentato-lanno-di-amoris-laetitia\/\">l\u2019Anno \u201cFamiglia Amoris Laetitia\u201d.<\/a> Papa Francesco lo ha indetto lo scorso 27 dicembre e lo concluder\u00e0 il 26 giugno 2022 con il X Incontro Mondiale delle Famiglie a Roma. Il Santo Padre ha inviato un messaggio ai partecipanti all\u2019incontro online. Ecco il testo diffuso dalla Sala Stampa vaticana:<\/p>\n<p>Cari fratelli e sorelle! Saluto tutti voi che partecipate al Convegno di studi sul tema \u201cIl nostro amore quotidiano\u201d. Il mio pensiero va in particolare al Cardinale Kevin Joseph Farrell, Prefetto del Dicastero per i Laici, la Famiglia e la Vita, al Cardinale Angelo De Donatis, Vicario per la Diocesi di Roma, e a Monsignor Vincenzo Paglia, Gran Cancelliere dell\u2019Istituto Teologico Giovanni Paolo II per le Scienze del Matrimonio e della Famiglia. Cinque anni fa \u00e8 stata promulgata l\u2019Esortazione apostolica post-sinodale Amoris laetitia sulla bellezza e la gioia dell\u2019amore coniugale e familiare.<\/p>\n<h4>Nuovo approccio pastorale<\/h4>\n<p>In questa ricorrenza ho invitato a vivere un anno di rilettura del Documento e di riflessione sul tema, fino alla celebrazione della X Giornata Mondiale delle Famiglie che, a Dio piacendo, avr\u00e0 luogo a Roma il 26 giugno 2022. Vi sono grato per le iniziative che avete intrapreso a tale scopo e per il contributo che ognuno di voi offre nel proprio ambito di lavoro. In questo quinquennio, Amoris laetitia ha tracciato l\u2019inizio di un cammino cercando di incoraggiare un nuovo approccio pastorale nei confronti della realt\u00e0 familiare.<\/p>\n<h4>La dottrina da sola non basta<\/h4>\n<p>L\u2019intenzione principale del Documento \u00e8 quella di comunicare, in un tempo e in una cultura profondamente mutati, che oggi \u00e8 necessario uno sguardo nuovo sulla famiglia da parte della Chiesa: non basta ribadire il valore e l\u2019importanza della dottrina, se non diventiamo custodi della bellezza della famiglia e se non ci prendiamo cura con compassione delle sue fragilit\u00e0 e delle sue ferite.<\/p>\n<h4>Una Parola esigente<\/h4>\n<p>Questi due aspetti sono il cuore di ogni pastorale familiare: la franchezza dell\u2019annuncio evangelico e la tenerezza dell\u2019accompagnamento. Da una parte, infatti, annunciamo alle coppie, ai coniugi e alle famiglie una Parola che li aiuti a cogliere il senso autentico della loro unione e del loro amore, segno e immagine dell\u2019amore trinitario e dell\u2019alleanza tra Cristo e la Chiesa. \u00c8 la Parola sempre nuova del Vangelo da cui ogni dottrina, anche quella sulla famiglia, pu\u00f2 prendere forma. Ed \u00e8 una Parola esigente, che vuole liberare le relazioni umane dalle schiavit\u00f9 che spesso ne deturpano il volto e le rendono instabili: la dittatura delle emozioni, l\u2019esaltazione del provvisorio che scoraggia gli impegni per tutta la vita, il predominio dell\u2019individualismo, la paura del futuro.<\/p>\n<h4>Il valore del matrimonio<\/h4>\n<p>Dinanzi a queste difficolt\u00e0, la Chiesa ribadisce agli sposi cristiani il valore del matrimonio come progetto di Dio, come frutto della sua Grazia e come chiamata da vivere con totalit\u00e0, fedelt\u00e0 e gratuit\u00e0. Questa \u00e8 la via perch\u00e9 le relazioni, pur attraverso un cammino segnato da fallimenti, cadute e cambiamenti, si aprano alla pienezza della gioia e della realizzazione umana e diventino lievito di fraternit\u00e0 e di amore nella societ\u00e0.<\/p>\n<p>Dall\u2019altra parte, questo annuncio non pu\u00f2 e non deve mai essere dato dall\u2019alto e dall\u2019esterno. La Chiesa \u00e8 incarnata nella realt\u00e0 storica come lo \u00e8 stato il suo Maestro, e anche quando annuncia il Vangelo della famiglia lo fa immergendosi nella vita reale, conoscendo da vicino le fatiche quotidiane degli sposi e dei genitori, i loro problemi, le loro sofferenze, tutte quelle piccole e grandi situazioni che appesantiscono e, talvolta, ostacolano il loro cammino. Questo \u00e8 il contesto concreto in cui si vive l\u2019amore quotidiano.<\/p>\n<h4>Il Vangelo non \u00e8 una teoria<\/h4>\n<p>Avete intitolato cos\u00ec il vostro Convegno: \u201cIl nostro amore quotidiano\u201d. \u00c8 una scelta significativa. Si tratta dell\u2019amore generato dalla semplicit\u00e0 e dall\u2019opera silenziosa della vita di coppia, da quell\u2019impegno giornaliero e a volte faticoso portato avanti dagli sposi, dalle mamme, dai pap\u00e0, dai figli. Un Vangelo che si proponesse come dottrina calata dall\u2019alto e non entrasse nella \u201ccarne\u201d di questa quotidianit\u00e0, rischierebbe di restare una bella teoria e, talvolta, di essere vissuto come un obbligo morale. Siamo chiamati ad accompagnare, ad ascoltare, a benedire il cammino delle famiglie; non solo a tracciare la direzione, ma a fare il cammino con loro; a entrare nelle case con discrezione e con amore, per dire ai coniugi: la Chiesa \u00e8 con voi, il Signore vi \u00e8 vicino, vogliamo aiutarvi a custodire il dono che avete ricevuto.<\/p>\n<h4>Comunione divina<\/h4>\n<p>Annunciare il Vangelo accompagnando le persone e mettendosi al servizio della loro felicit\u00e0: in questo modo, possiamo aiutare le famiglie a camminare in maniera rispondente alla loro vocazione e missione, consapevoli della bellezza dei legami e del loro fondamento nell\u2019amore di Dio Padre e Figlio e Spirito Santo. Quando la famiglia vive nel segno di questa Comunione divina, che ho voluto esplicitare nei suoi aspetti anche esistenziali in Amoris laetitia, allora diventa una parola vivente del Dio Amore, pronunciata al mondo e per il mondo.<\/p>\n<p>Infatti, la grammatica delle relazioni familiari \u2013 cio\u00e8 della coniugalit\u00e0, maternit\u00e0, paternit\u00e0, filialit\u00e0 e fraternit\u00e0 \u2013 \u00e8 la via attraverso la quale si trasmette il linguaggio dell\u2019amore, che d\u00e0 senso alla vita e qualit\u00e0 umana ad ogni relazione. Si tratta di un linguaggio fatto non solo di parole, ma anche di modi di essere, di come parliamo, degli sguardi, dei gesti, dei tempi e degli spazi del nostro rapportarci con gli altri. Gli sposi lo sanno bene, i genitori e i figli lo imparano quotidianamente a questa scuola dell\u2019amore che \u00e8 la famiglia. E in tale ambito avviene anche la trasmissione della fede tra le generazioni: essa passa proprio attraverso il linguaggio delle buone e sane relazioni che si vivono in famiglia ogni giorno, specialmente affrontando insieme i conflitti e le difficolt\u00e0.<\/p>\n<h4>Sosteniamo la famiglia<\/h4>\n<p>In questo tempo di pandemia, tra tanti disagi di ordine psicologico, oltre che economico e sanitario, tutto ci\u00f2 \u00e8 diventato evidente: i legami familiari sono stati e sono ancora duramente provati, ma rimangono nello stesso tempo il punto di riferimento pi\u00f9 saldo, il sostegno pi\u00f9 forte, il presidio insostituibile per la tenuta dell\u2019intera comunit\u00e0 umana e sociale. Sosteniamo, dunque, la famiglia! Difendiamola da ci\u00f2 che ne compromette la bellezza. Accostiamoci a questo mistero d\u2019amore con stupore, con discrezione e tenerezza. E impegniamoci a custodire i suoi preziosi e delicati legami: figli, genitori, nonni\u2026 C\u2019\u00e8 bisogno di questi legami per vivere e per vivere bene, per rendere l\u2019umanit\u00e0 pi\u00f9 fraterna.<\/p>\n<p>Pertanto, l\u2019anno dedicato alla famiglia, che oggi inizia, sar\u00e0 un tempo propizio per portare avanti la riflessione su Amoris laetitia. E per questo vi ringrazio di cuore, sapendo che l\u2019Istituto Giovanni Paolo II pu\u00f2 contribuire in molti modi, nel dialogo con le altre istituzioni accademiche e pastorali, allo sviluppo dell\u2019attenzione umana, spirituale e pastorale a sostegno della famiglia. Alla Santa Famiglia di Nazareth affido voi e il vostro lavoro; e vi chiedo di fare altrettanto per me e il mio ministero.<\/p>\n","protected":false},"excerpt":{"rendered":"<p>Messaggio ai partecipanti dell&#8217;incontro &#8220;Il nostro amore quotidiano&#8221; che apre l&#8217;Anno Amoris Laetitia<\/p>\n","protected":false},"author":17,"featured_media":6845,"comment_status":"closed","ping_status":"closed","sticky":false,"template":"","format":"standard","meta":{"_acf_changed":false,"_crdt_document":"","inline_featured_image":false,"footnotes":""},"categories":[58,67,117,297],"tags":[833,758,251],"class_list":["post-6886","post","type-post","status-publish","format-standard","has-post-thumbnail","hentry","category-featured-news","category-leone-xiv","category-messaggi","category-ultime-notizie","tag-amoris-laetitia","tag-famiglia","tag-papa-francesco"],"acf":[],"yoast_head":"<!-- This site is optimized with the Yoast SEO plugin v27.4 - https:\/\/yoast.com\/product\/yoast-seo-wordpress\/ -->\n<title>L&#039;appello del Papa: &quot;Sosteniamo la famiglia&quot; &#8211; Exaudi<\/title>\n<meta name=\"description\" content=\"Messaggio del Papa all&#039;evento che inaugura l&#039;anno Amoris Laetitia: un appello a sostenere la famiglia e a camminare insieme alle famiglie\" \/>\n<meta name=\"robots\" content=\"index, follow, max-snippet:-1, max-image-preview:large, max-video-preview:-1\" \/>\n<link rel=\"canonical\" href=\"https:\/\/exaudi.org\/it\/lappello-del-papa-sosteniamo-la-famiglia\/\" \/>\n<meta property=\"og:locale\" content=\"it_IT\" \/>\n<meta property=\"og:type\" content=\"article\" \/>\n<meta property=\"og:title\" content=\"L&#039;appello del Papa: &quot;Sosteniamo la famiglia&quot; &#8211; Exaudi\" \/>\n<meta property=\"og:description\" content=\"Messaggio del Papa all&#039;evento che inaugura l&#039;anno Amoris Laetitia: un appello a sostenere la famiglia e a camminare insieme alle famiglie\" \/>\n<meta property=\"og:url\" content=\"https:\/\/exaudi.org\/it\/lappello-del-papa-sosteniamo-la-famiglia\/\" \/>\n<meta property=\"og:site_name\" content=\"Exaudi\" \/>\n<meta property=\"article:publisher\" content=\"https:\/\/www.facebook.com\/ExaudiNews\" \/>\n<meta property=\"article:author\" content=\"https:\/\/www.facebook.com\/ExaudiNotizie\/\" \/>\n<meta property=\"article:published_time\" content=\"2021-03-19T15:00:34+00:00\" \/>\n<meta property=\"og:image\" content=\"https:\/\/exaudi.org\/wp-content\/uploads\/2021\/03\/El-Papa-con-una-familia.jpg\" \/>\n\t<meta property=\"og:image:width\" content=\"1004\" \/>\n\t<meta property=\"og:image:height\" content=\"635\" \/>\n\t<meta property=\"og:image:type\" content=\"image\/jpeg\" \/>\n<meta name=\"author\" content=\"Exaudi Redazione\" \/>\n<meta name=\"twitter:card\" content=\"summary_large_image\" \/>\n<meta name=\"twitter:creator\" content=\"@Exaudi_Notizie\" \/>\n<meta name=\"twitter:site\" content=\"@Exaudi_News\" \/>\n<meta name=\"twitter:label1\" content=\"Scritto da\" \/>\n\t<meta name=\"twitter:data1\" content=\"Exaudi Redazione\" \/>\n\t<meta name=\"twitter:label2\" content=\"Tempo di lettura stimato\" \/>\n\t<meta name=\"twitter:data2\" content=\"6 minuti\" \/>\n<script type=\"application\/ld+json\" class=\"yoast-schema-graph\">{\"@context\":\"https:\\\/\\\/schema.org\",\"@graph\":[{\"@type\":\"Article\",\"@id\":\"https:\\\/\\\/exaudi.org\\\/it\\\/lappello-del-papa-sosteniamo-la-famiglia\\\/#article\",\"isPartOf\":{\"@id\":\"https:\\\/\\\/exaudi.org\\\/it\\\/lappello-del-papa-sosteniamo-la-famiglia\\\/\"},\"author\":{\"name\":\"Exaudi Redazione\",\"@id\":\"https:\\\/\\\/exaudi.org\\\/#\\\/schema\\\/person\\\/e1ab6ed07c01774724dd96f925f3a5f0\"},\"headline\":\"L&#8217;appello del Papa: &#8220;Sosteniamo la famiglia&#8221;\",\"datePublished\":\"2021-03-19T15:00:34+00:00\",\"mainEntityOfPage\":{\"@id\":\"https:\\\/\\\/exaudi.org\\\/it\\\/lappello-del-papa-sosteniamo-la-famiglia\\\/\"},\"wordCount\":1189,\"image\":{\"@id\":\"https:\\\/\\\/exaudi.org\\\/it\\\/lappello-del-papa-sosteniamo-la-famiglia\\\/#primaryimage\"},\"thumbnailUrl\":\"https:\\\/\\\/exaudi.org\\\/wp-content\\\/uploads\\\/2021\\\/03\\\/El-Papa-con-una-familia.jpg\",\"keywords\":[\"Amoris Laetitia\",\"famiglia\",\"Papa Francesco\"],\"articleSection\":[\"Featured News\",\"Leone XIV\",\"Messaggi\",\"Ultime Notizie\"],\"inLanguage\":\"it-IT\"},{\"@type\":\"WebPage\",\"@id\":\"https:\\\/\\\/exaudi.org\\\/it\\\/lappello-del-papa-sosteniamo-la-famiglia\\\/\",\"url\":\"https:\\\/\\\/exaudi.org\\\/it\\\/lappello-del-papa-sosteniamo-la-famiglia\\\/\",\"name\":\"L'appello del Papa: \\\"Sosteniamo la famiglia\\\" &#8211; Exaudi\",\"isPartOf\":{\"@id\":\"https:\\\/\\\/exaudi.org\\\/#website\"},\"primaryImageOfPage\":{\"@id\":\"https:\\\/\\\/exaudi.org\\\/it\\\/lappello-del-papa-sosteniamo-la-famiglia\\\/#primaryimage\"},\"image\":{\"@id\":\"https:\\\/\\\/exaudi.org\\\/it\\\/lappello-del-papa-sosteniamo-la-famiglia\\\/#primaryimage\"},\"thumbnailUrl\":\"https:\\\/\\\/exaudi.org\\\/wp-content\\\/uploads\\\/2021\\\/03\\\/El-Papa-con-una-familia.jpg\",\"datePublished\":\"2021-03-19T15:00:34+00:00\",\"author\":{\"@id\":\"https:\\\/\\\/exaudi.org\\\/#\\\/schema\\\/person\\\/e1ab6ed07c01774724dd96f925f3a5f0\"},\"description\":\"Messaggio del Papa all'evento che inaugura l'anno Amoris Laetitia: un appello a sostenere la famiglia e a camminare insieme alle famiglie\",\"breadcrumb\":{\"@id\":\"https:\\\/\\\/exaudi.org\\\/it\\\/lappello-del-papa-sosteniamo-la-famiglia\\\/#breadcrumb\"},\"inLanguage\":\"it-IT\",\"potentialAction\":[{\"@type\":\"ReadAction\",\"target\":[\"https:\\\/\\\/exaudi.org\\\/it\\\/lappello-del-papa-sosteniamo-la-famiglia\\\/\"]}]},{\"@type\":\"ImageObject\",\"inLanguage\":\"it-IT\",\"@id\":\"https:\\\/\\\/exaudi.org\\\/it\\\/lappello-del-papa-sosteniamo-la-famiglia\\\/#primaryimage\",\"url\":\"https:\\\/\\\/exaudi.org\\\/wp-content\\\/uploads\\\/2021\\\/03\\\/El-Papa-con-una-familia.jpg\",\"contentUrl\":\"https:\\\/\\\/exaudi.org\\\/wp-content\\\/uploads\\\/2021\\\/03\\\/El-Papa-con-una-familia.jpg\",\"width\":1004,\"height\":635,\"caption\":\"Il Papa con una famiglia \u00a9 Vatican Media\"},{\"@type\":\"BreadcrumbList\",\"@id\":\"https:\\\/\\\/exaudi.org\\\/it\\\/lappello-del-papa-sosteniamo-la-famiglia\\\/#breadcrumb\",\"itemListElement\":[{\"@type\":\"ListItem\",\"position\":1,\"name\":\"Portada\",\"item\":\"https:\\\/\\\/exaudi.org\\\/it\\\/\"},{\"@type\":\"ListItem\",\"position\":2,\"name\":\"L&#8217;appello del Papa: &#8220;Sosteniamo la famiglia&#8221;\"}]},{\"@type\":\"WebSite\",\"@id\":\"https:\\\/\\\/exaudi.org\\\/#website\",\"url\":\"https:\\\/\\\/exaudi.org\\\/\",\"name\":\"Exaudi\",\"description\":\"News\",\"potentialAction\":[{\"@type\":\"SearchAction\",\"target\":{\"@type\":\"EntryPoint\",\"urlTemplate\":\"https:\\\/\\\/exaudi.org\\\/?s={search_term_string}\"},\"query-input\":{\"@type\":\"PropertyValueSpecification\",\"valueRequired\":true,\"valueName\":\"search_term_string\"}}],\"inLanguage\":\"it-IT\"},{\"@type\":\"Person\",\"@id\":\"https:\\\/\\\/exaudi.org\\\/#\\\/schema\\\/person\\\/e1ab6ed07c01774724dd96f925f3a5f0\",\"name\":\"Exaudi Redazione\",\"image\":{\"@type\":\"ImageObject\",\"inLanguage\":\"it-IT\",\"@id\":\"https:\\\/\\\/secure.gravatar.com\\\/avatar\\\/ad6774b3ada023bf5b939d64f45c94b3adf91502dd883507d469b4308a943bb3?s=96&d=mm&r=g\",\"url\":\"https:\\\/\\\/secure.gravatar.com\\\/avatar\\\/ad6774b3ada023bf5b939d64f45c94b3adf91502dd883507d469b4308a943bb3?s=96&d=mm&r=g\",\"contentUrl\":\"https:\\\/\\\/secure.gravatar.com\\\/avatar\\\/ad6774b3ada023bf5b939d64f45c94b3adf91502dd883507d469b4308a943bb3?s=96&d=mm&r=g\",\"caption\":\"Exaudi Redazione\"},\"description\":\"Che cosa \u00e8 Exaudi News? Exaudi News \u00e8 un agenzia cattolica internazionale che informa, istruisce e trasforma quotidianamente in spagnolo, inglese e italiano. Attraverso notizie, articoli di analisi e trasmissioni in diretta degli eventi del Papa, Exaudi cerca di rafforzare l'unit\u00e0 dei cristiani e di contribuire all'evangelizzazione del mondo, sempre guidato dalla dottrina sociale della Chiesa. Lavoriamo per portare la verit\u00e0 e i valori cristiani in ogni angolo del pianeta. Aiutaci a trasformare il mondo con Exaudi! Noi di Exaudi crediamo che l'evangelizzazione e l'informazione di qualit\u00e0 possano cambiare la vita. Per continuare la nostra missione ed espandere la nostra portata, abbiamo bisogno del tuo aiuto. Stiamo anche cercando persone motivate che vogliano unirsi al nostro team. Grazie al vostro sostegno raggiungeremo pi\u00f9 persone, diffonderemo il messaggio di Cristo e rafforzeremo l'unit\u00e0 dei cristiani. Vuoi unirti alla nostra missione? Per maggiori informazioni su come contribuire, visita Exaudi.org\\\/it o contattaci direttamente: info@exaudi.org Exaudi: informa, forma e trasforma.\",\"sameAs\":[\"https:\\\/\\\/www.facebook.com\\\/ExaudiNotizie\\\/\",\"https:\\\/\\\/www.instagram.com\\\/Exaudi_notizie\\\/\",\"https:\\\/\\\/x.com\\\/Exaudi_Notizie\",\"https:\\\/\\\/www.youtube.com\\\/@exaudicatholicnews\"],\"url\":\"https:\\\/\\\/exaudi.org\\\/it\\\/author\\\/dlvedi-org\\\/\"}]}<\/script>\n<!-- \/ Yoast SEO plugin. -->","yoast_head_json":{"title":"L'appello del Papa: \"Sosteniamo la famiglia\" &#8211; Exaudi","description":"Messaggio del Papa all'evento che inaugura l'anno Amoris Laetitia: un appello a sostenere la famiglia e a camminare insieme alle famiglie","robots":{"index":"index","follow":"follow","max-snippet":"max-snippet:-1","max-image-preview":"max-image-preview:large","max-video-preview":"max-video-preview:-1"},"canonical":"https:\/\/exaudi.org\/it\/lappello-del-papa-sosteniamo-la-famiglia\/","og_locale":"it_IT","og_type":"article","og_title":"L'appello del Papa: \"Sosteniamo la famiglia\" &#8211; Exaudi","og_description":"Messaggio del Papa all'evento che inaugura l'anno Amoris Laetitia: un appello a sostenere la famiglia e a camminare insieme alle famiglie","og_url":"https:\/\/exaudi.org\/it\/lappello-del-papa-sosteniamo-la-famiglia\/","og_site_name":"Exaudi","article_publisher":"https:\/\/www.facebook.com\/ExaudiNews","article_author":"https:\/\/www.facebook.com\/ExaudiNotizie\/","article_published_time":"2021-03-19T15:00:34+00:00","og_image":[{"width":1004,"height":635,"url":"https:\/\/exaudi.org\/wp-content\/uploads\/2021\/03\/El-Papa-con-una-familia.jpg","type":"image\/jpeg"}],"author":"Exaudi Redazione","twitter_card":"summary_large_image","twitter_creator":"@Exaudi_Notizie","twitter_site":"@Exaudi_News","twitter_misc":{"Scritto da":"Exaudi Redazione","Tempo di lettura stimato":"6 minuti"},"schema":{"@context":"https:\/\/schema.org","@graph":[{"@type":"Article","@id":"https:\/\/exaudi.org\/it\/lappello-del-papa-sosteniamo-la-famiglia\/#article","isPartOf":{"@id":"https:\/\/exaudi.org\/it\/lappello-del-papa-sosteniamo-la-famiglia\/"},"author":{"name":"Exaudi Redazione","@id":"https:\/\/exaudi.org\/#\/schema\/person\/e1ab6ed07c01774724dd96f925f3a5f0"},"headline":"L&#8217;appello del Papa: &#8220;Sosteniamo la famiglia&#8221;","datePublished":"2021-03-19T15:00:34+00:00","mainEntityOfPage":{"@id":"https:\/\/exaudi.org\/it\/lappello-del-papa-sosteniamo-la-famiglia\/"},"wordCount":1189,"image":{"@id":"https:\/\/exaudi.org\/it\/lappello-del-papa-sosteniamo-la-famiglia\/#primaryimage"},"thumbnailUrl":"https:\/\/exaudi.org\/wp-content\/uploads\/2021\/03\/El-Papa-con-una-familia.jpg","keywords":["Amoris Laetitia","famiglia","Papa Francesco"],"articleSection":["Featured News","Leone XIV","Messaggi","Ultime Notizie"],"inLanguage":"it-IT"},{"@type":"WebPage","@id":"https:\/\/exaudi.org\/it\/lappello-del-papa-sosteniamo-la-famiglia\/","url":"https:\/\/exaudi.org\/it\/lappello-del-papa-sosteniamo-la-famiglia\/","name":"L'appello del Papa: \"Sosteniamo la famiglia\" &#8211; Exaudi","isPartOf":{"@id":"https:\/\/exaudi.org\/#website"},"primaryImageOfPage":{"@id":"https:\/\/exaudi.org\/it\/lappello-del-papa-sosteniamo-la-famiglia\/#primaryimage"},"image":{"@id":"https:\/\/exaudi.org\/it\/lappello-del-papa-sosteniamo-la-famiglia\/#primaryimage"},"thumbnailUrl":"https:\/\/exaudi.org\/wp-content\/uploads\/2021\/03\/El-Papa-con-una-familia.jpg","datePublished":"2021-03-19T15:00:34+00:00","author":{"@id":"https:\/\/exaudi.org\/#\/schema\/person\/e1ab6ed07c01774724dd96f925f3a5f0"},"description":"Messaggio del Papa all'evento che inaugura l'anno Amoris Laetitia: un appello a sostenere la famiglia e a camminare insieme alle famiglie","breadcrumb":{"@id":"https:\/\/exaudi.org\/it\/lappello-del-papa-sosteniamo-la-famiglia\/#breadcrumb"},"inLanguage":"it-IT","potentialAction":[{"@type":"ReadAction","target":["https:\/\/exaudi.org\/it\/lappello-del-papa-sosteniamo-la-famiglia\/"]}]},{"@type":"ImageObject","inLanguage":"it-IT","@id":"https:\/\/exaudi.org\/it\/lappello-del-papa-sosteniamo-la-famiglia\/#primaryimage","url":"https:\/\/exaudi.org\/wp-content\/uploads\/2021\/03\/El-Papa-con-una-familia.jpg","contentUrl":"https:\/\/exaudi.org\/wp-content\/uploads\/2021\/03\/El-Papa-con-una-familia.jpg","width":1004,"height":635,"caption":"Il Papa con una famiglia \u00a9 Vatican Media"},{"@type":"BreadcrumbList","@id":"https:\/\/exaudi.org\/it\/lappello-del-papa-sosteniamo-la-famiglia\/#breadcrumb","itemListElement":[{"@type":"ListItem","position":1,"name":"Portada","item":"https:\/\/exaudi.org\/it\/"},{"@type":"ListItem","position":2,"name":"L&#8217;appello del Papa: &#8220;Sosteniamo la famiglia&#8221;"}]},{"@type":"WebSite","@id":"https:\/\/exaudi.org\/#website","url":"https:\/\/exaudi.org\/","name":"Exaudi","description":"News","potentialAction":[{"@type":"SearchAction","target":{"@type":"EntryPoint","urlTemplate":"https:\/\/exaudi.org\/?s={search_term_string}"},"query-input":{"@type":"PropertyValueSpecification","valueRequired":true,"valueName":"search_term_string"}}],"inLanguage":"it-IT"},{"@type":"Person","@id":"https:\/\/exaudi.org\/#\/schema\/person\/e1ab6ed07c01774724dd96f925f3a5f0","name":"Exaudi Redazione","image":{"@type":"ImageObject","inLanguage":"it-IT","@id":"https:\/\/secure.gravatar.com\/avatar\/ad6774b3ada023bf5b939d64f45c94b3adf91502dd883507d469b4308a943bb3?s=96&d=mm&r=g","url":"https:\/\/secure.gravatar.com\/avatar\/ad6774b3ada023bf5b939d64f45c94b3adf91502dd883507d469b4308a943bb3?s=96&d=mm&r=g","contentUrl":"https:\/\/secure.gravatar.com\/avatar\/ad6774b3ada023bf5b939d64f45c94b3adf91502dd883507d469b4308a943bb3?s=96&d=mm&r=g","caption":"Exaudi Redazione"},"description":"Che cosa \u00e8 Exaudi News? Exaudi News \u00e8 un agenzia cattolica internazionale che informa, istruisce e trasforma quotidianamente in spagnolo, inglese e italiano. Attraverso notizie, articoli di analisi e trasmissioni in diretta degli eventi del Papa, Exaudi cerca di rafforzare l'unit\u00e0 dei cristiani e di contribuire all'evangelizzazione del mondo, sempre guidato dalla dottrina sociale della Chiesa. Lavoriamo per portare la verit\u00e0 e i valori cristiani in ogni angolo del pianeta. Aiutaci a trasformare il mondo con Exaudi! Noi di Exaudi crediamo che l'evangelizzazione e l'informazione di qualit\u00e0 possano cambiare la vita. Per continuare la nostra missione ed espandere la nostra portata, abbiamo bisogno del tuo aiuto. Stiamo anche cercando persone motivate che vogliano unirsi al nostro team. Grazie al vostro sostegno raggiungeremo pi\u00f9 persone, diffonderemo il messaggio di Cristo e rafforzeremo l'unit\u00e0 dei cristiani. Vuoi unirti alla nostra missione? Per maggiori informazioni su come contribuire, visita Exaudi.org\/it o contattaci direttamente: info@exaudi.org Exaudi: informa, forma e trasforma.","sameAs":["https:\/\/www.facebook.com\/ExaudiNotizie\/","https:\/\/www.instagram.com\/Exaudi_notizie\/","https:\/\/x.com\/Exaudi_Notizie","https:\/\/www.youtube.com\/@exaudicatholicnews"],"url":"https:\/\/exaudi.org\/it\/author\/dlvedi-org\/"}]}},"jetpack_featured_media_url":"https:\/\/exaudi.org\/wp-content\/uploads\/2021\/03\/El-Papa-con-una-familia.jpg","jetpack_shortlink":"https:\/\/wp.me\/pgKjF2-1N4","_links":{"self":[{"href":"https:\/\/exaudi.org\/it\/wp-json\/wp\/v2\/posts\/6886","targetHints":{"allow":["GET"]}}],"collection":[{"href":"https:\/\/exaudi.org\/it\/wp-json\/wp\/v2\/posts"}],"about":[{"href":"https:\/\/exaudi.org\/it\/wp-json\/wp\/v2\/types\/post"}],"author":[{"embeddable":true,"href":"https:\/\/exaudi.org\/it\/wp-json\/wp\/v2\/users\/17"}],"replies":[{"embeddable":true,"href":"https:\/\/exaudi.org\/it\/wp-json\/wp\/v2\/comments?post=6886"}],"version-history":[{"count":0,"href":"https:\/\/exaudi.org\/it\/wp-json\/wp\/v2\/posts\/6886\/revisions"}],"wp:featuredmedia":[{"embeddable":true,"href":"https:\/\/exaudi.org\/it\/wp-json\/wp\/v2\/media\/6845"}],"wp:attachment":[{"href":"https:\/\/exaudi.org\/it\/wp-json\/wp\/v2\/media?parent=6886"}],"wp:term":[{"taxonomy":"category","embeddable":true,"href":"https:\/\/exaudi.org\/it\/wp-json\/wp\/v2\/categories?post=6886"},{"taxonomy":"post_tag","embeddable":true,"href":"https:\/\/exaudi.org\/it\/wp-json\/wp\/v2\/tags?post=6886"}],"curies":[{"name":"wp","href":"https:\/\/api.w.org\/{rel}","templated":true}]}}