{"id":68417,"date":"2023-01-14T15:35:44","date_gmt":"2023-01-14T14:35:44","guid":{"rendered":"https:\/\/exaudi.org\/?p=68417"},"modified":"2023-01-14T15:35:44","modified_gmt":"2023-01-14T14:35:44","slug":"il-sorriso-e-un-fiore-che-sboccia-nel-calore-dellamore","status":"publish","type":"post","link":"https:\/\/exaudi.org\/it\/il-sorriso-e-un-fiore-che-sboccia-nel-calore-dellamore\/","title":{"rendered":"&#8220;Il sorriso \u00e8 un fiore che sboccia nel calore dell\u2019amore&#8221;"},"content":{"rendered":"<p>Questa mattina, nell\u2019Aula Paolo VI, il Santo Padre Francesco riceve in Udienza i Membri della Comunit\u00e0 Papa Giovanni XXIII.<\/p>\n<p>Pubblichiamo di seguito il discorso che il Papa rivolge ai bambini e ai ragazzi della Comunit\u00e0 nel corso dell\u2019incontro:<\/p>\n<p><strong>Discorso del Santo Padre<\/strong><\/p>\n<p>Cari bambini e bambine,<br \/>\ncari ragazzi e ragazze,<br \/>\nfratelli e sorelle, buongiorno!<\/p>\n<p>Grazie di essere venuti! Grazie al Responsabile generale, che ha dato voce a tutti voi, qui presenti, e anche a quelli che non hanno potuto venire ma ci sono con il cuore. Ringrazio in particolare quelli di voi che mi hanno scritto le loro storie, e anche alcune domande.<\/p>\n<p>L\u2019incontro di oggi \u00e8 speciale, perch\u00e9 siete voi pi\u00f9 piccoli che rappresentate la grande famiglia della Comunit\u00e0 Papa Giovanni XXIII. E di questo dobbiamo ringraziare il Signore e poi Don Oreste Benzi, che ha dato vita a questa bella realt\u00e0. Siete d\u2019accordo? Va bene. Allora, tutti insieme possiamo dire: \u201cGrazie Don Oreste!\u201d. Un\u2019altra volta: \u201cGrazie Don Oreste!\u201d.<\/p>\n<p>E poi c\u2019\u00e8 un altro aspetto importante, che mi ha colpito nelle presentazioni che mi avete mandato un po\u2019 di tempo fa: il fatto che voi bambini e ragazzi siete tutti presentati ciascuno\u00a0<i>con il proprio nome<\/i>. Cos\u00ec piace a Dio, che ci conosce ciascuno per nome. Non siamo anonimi, non siamo fotocopie, siamo tutti originali! E cos\u00ec dobbiamo essere: originali, non fotocopie, lo diceva il Beato Carlo Acutis, un ragazzo come voi. Dio ci conosce ad uno ad uno, con il nostro nome e il nostro volto, che \u00e8 unico. Certo, abbiamo anche i nostri limiti; alcuni di noi purtroppo hanno limiti pesanti da portare. Ma questo non toglie nulla al valore di una persona: ognuno \u00e8 unico, \u00e8 figlio o figlia di Dio, ognuno \u00e8 fratello o sorella di Ges\u00f9, ma unico.<\/p>\n<p>Una comunit\u00e0 cristiana che accoglie la persona cos\u00ec com\u2019\u00e8 aiuta a vederla\u00a0<i>come la vede Dio<\/i>. E come ci vede Dio? Con lo sguardo dell\u2019amore. Dio vede anche i nostri limiti, \u00e8 vero, e ci aiuta a portarli; ma Dio guarda soprattutto il cuore, e vede ogni persona\u00a0<i>nella sua pienezza<\/i>. Dio ci vede a immagine di Ges\u00f9, il suo Figlio, e con il suo amore ci aiuta ad assomigliare sempre pi\u00f9 a Lui. Ges\u00f9 \u00e8 l\u2019uomo perfetto, lo sappiamo, \u00e8 la pienezza dell\u2019umano, e l\u2019amore di Dio ci fa crescere verso questa misura completa, verso la pienezza. Sappiamo che la raggiungeremo in paradiso, per\u00f2 gi\u00e0 in questa vita l\u2019amore ci fa maturare cos\u00ec. \u00c8 un po\u2019 come il seme che nel campo germoglia e cresce con l\u2019aiuto della pioggia e del sole, si sviluppa e diventa, ad esempio, una bella spiga di grano.<\/p>\n<p>E, sapete, ci sono dei segni che fanno capire quando una persona viene accolta con amore, quando un bambino, una bambina, una ragazzo, una ragazza, ma anche una persona grande, di qualsiasi et\u00e0 viene guardata con lo sguardo di Dio, viene accolta con amore. Quali sono questi segni? Ce ne sono diversi, ma ne scelgo uno:\u00a0<i>il sorriso<\/i>. Ho visto che l\u2019avete detto anche voi, pi\u00f9 di una volta, raccontando le vostre storie: \u201cQuel bambino o quella bambina ha dei problemi, per\u00f2 \u00e8 sempre sorridente&#8230;\u201d. Come mai? Perch\u00e9 si sente amato, amata, si sente accolto, accolta, cos\u00ec com\u2019\u00e8. Quando un bimbo appena nato sta in braccio alla sua mamma, che lo guarda e gli sorride, incomincia a sorridere. Il sorriso \u00e8 un fiore che sboccia nel calore dell\u2019amore.<\/p>\n<p>Cari bambini e ragazzi, nelle vostre storie, e anche nelle vostre domande, risalta un\u2019esperienza che molti di voi avete in comune: l\u2019esperienza della\u00a0<i>casa famiglia<\/i>. Oggi, qui con voi, voglio sottolineare che le \u201ccase famiglie\u201d sono nate dalla mente e dal cuore di Don Oreste Benzi. Lui era un prete che guardava i ragazzi e i giovani con gli occhi di Ges\u00f9, con il cuore di Ges\u00f9. E stando vicino a quelli che si comportavano male, che erano sbandati, ha capito che a loro era mancato l\u2019amore di un pap\u00e0 e di una mamma, l\u2019affetto dei fratelli. Allora Don Oreste, con la forza dello Spirito Santo e il coinvolgimento di persone a cui Dio dava questa vocazione, ha iniziato l\u2019esperienza dell\u2019accoglienza a tempo pieno, della condivisione della vita; e da l\u00ec \u00e8 nata quella che lui ha chiamato \u201ccasa famiglia\u201d. Un\u2019esperienza che si \u00e8 moltiplicata, in Italia e in altri Paesi, e che si caratterizza per l\u2019accoglienza in casa di persone che diventano realmente i propri figli rigenerati dall\u2019amore cristiano. Un pap\u00e0 e una mamma che aprono le porte di casa per dare una famiglia a chi non ce l\u2019ha. Una vera famiglia; non un\u2019occupazione lavorativa, ma una scelta di vita. In essa c\u2019\u00e8 posto per tutti: minori, persone con disabilit\u00e0, anziani, italiani o stranieri, e chiunque cerchi un punto fermo da cui ripartire o una famiglia in cui ritrovarsi. La famiglia \u00e8 il luogo dove curare tutti, sia le persone accolte sia quelle accoglienti, perch\u00e9 \u00e8 la risposta al bisogno innato di relazione che ha ogni persona.<\/p>\n<p>Ed ora, cari amici, vorrei rivolgermi personalmente a qualcuno di voi. Saluto Francesco, di sei anni, che oggi non \u00e8 potuto venire, e prego per la sua mamma che \u00e8 malata. Saluto Biagio, di 14 anni: anche lui non \u00e8 potuto venire, e gli mando una benedizione. E tu, Sara, che hai 13 anni e sei scappata dall\u2019Iraq, custodisci nel cuore il tuo santo desiderio che ai bambini non venga rubata la loro infanzia: Dio ti aiuter\u00e0 a realizzarlo! Tu che vorresti vedere la nonna che \u00e8 andata in cielo, parla con lei nel tuo cuore e segui i suoi buoni esempi, e un giorno la rivedrai. Tu che, come tanti adolescenti, fai fatica a percepire la bellezza della Messa, non temere: al momento giusto Ges\u00f9 vivo ti far\u00e0 sentire la sua presenza. Grazie a te, piccolo amico, che ti ricordi degli innocenti che vengono uccisi nel seno materno. E grazie di cuore a voi, bambini e ragazzi, che ogni domenica vi incontrate\u00a0<i>online<\/i>\u00a0a pregare il Rosario. Voglio dirvi: la vostra preghiera per la pace, anche se non sembra, Dio la ascolta; e noi crediamo che Dio dona la pace, subito, oggi! Dio ce la dona, ma sta a noi accoglierla, nel cuore e nella vita. State sicuri che Dio ascolta la vostra preghiera, e andate avanti!<\/p>\n<p>Carissimi, grazie a tutti voi! Che il Signore benedica la Comunit\u00e0 Papa Giovanni XXIII e che la Madonna la custodisca sempre nella fede, nella speranza e nell\u2019amore. Vi benedico di cuore. E vi chiedo per favore di pregare per me. Grazie!<\/p>\n","protected":false},"excerpt":{"rendered":"<p>Udienza ai Membri della Comunit\u00e0 Papa Giovanni XXIII<\/p>\n","protected":false},"author":17,"featured_media":68418,"comment_status":"closed","ping_status":"closed","sticky":false,"template":"","format":"standard","meta":{"_acf_changed":false,"_crdt_document":"","inline_featured_image":false,"footnotes":""},"categories":[123,67],"tags":[8162,251,4952,1843],"class_list":["post-68417","post","type-post","status-publish","format-standard","has-post-thumbnail","hentry","category-discorsi","category-leone-xiv","tag-comunita-papa-giovanni-xxiii","tag-papa-francesco","tag-trending-it","tag-udienza"],"acf":[],"yoast_head":"<!-- This site is optimized with the Yoast SEO plugin v27.5 - https:\/\/yoast.com\/product\/yoast-seo-wordpress\/ -->\n<title>&quot;Il sorriso \u00e8 un fiore che sboccia nel calore dell\u2019amore&quot; &#8211; Exaudi<\/title>\n<meta name=\"robots\" content=\"index, follow, max-snippet:-1, max-image-preview:large, max-video-preview:-1\" \/>\n<link rel=\"canonical\" href=\"https:\/\/exaudi.org\/it\/il-sorriso-e-un-fiore-che-sboccia-nel-calore-dellamore\/\" \/>\n<meta property=\"og:locale\" content=\"it_IT\" \/>\n<meta property=\"og:type\" content=\"article\" \/>\n<meta property=\"og:title\" content=\"&quot;Il sorriso \u00e8 un fiore che sboccia nel calore dell\u2019amore&quot; &#8211; Exaudi\" \/>\n<meta property=\"og:description\" content=\"Udienza ai Membri della Comunit\u00e0 Papa Giovanni XXIII\" \/>\n<meta property=\"og:url\" content=\"https:\/\/exaudi.org\/it\/il-sorriso-e-un-fiore-che-sboccia-nel-calore-dellamore\/\" \/>\n<meta property=\"og:site_name\" content=\"Exaudi\" \/>\n<meta property=\"article:publisher\" content=\"https:\/\/www.facebook.com\/ExaudiNews\" \/>\n<meta property=\"article:author\" content=\"https:\/\/www.facebook.com\/ExaudiNotizie\/\" \/>\n<meta property=\"article:published_time\" content=\"2023-01-14T14:35:44+00:00\" \/>\n<meta property=\"og:image\" content=\"https:\/\/exaudi.org\/wp-content\/uploads\/2023\/01\/cq5dam.web_.800.800-1-1.jpeg\" \/>\n\t<meta property=\"og:image:width\" content=\"800\" \/>\n\t<meta property=\"og:image:height\" content=\"533\" \/>\n\t<meta property=\"og:image:type\" content=\"image\/jpeg\" \/>\n<meta name=\"author\" content=\"Exaudi Redazione\" \/>\n<meta name=\"twitter:card\" content=\"summary_large_image\" \/>\n<meta name=\"twitter:creator\" content=\"@Exaudi_Notizie\" \/>\n<meta name=\"twitter:site\" content=\"@Exaudi_News\" \/>\n<meta name=\"twitter:label1\" content=\"Scritto da\" \/>\n\t<meta name=\"twitter:data1\" content=\"Exaudi Redazione\" \/>\n\t<meta name=\"twitter:label2\" content=\"Tempo di lettura stimato\" \/>\n\t<meta name=\"twitter:data2\" content=\"5 minuti\" \/>\n<script type=\"application\/ld+json\" class=\"yoast-schema-graph\">{\"@context\":\"https:\\\/\\\/schema.org\",\"@graph\":[{\"@type\":\"Article\",\"@id\":\"https:\\\/\\\/exaudi.org\\\/it\\\/il-sorriso-e-un-fiore-che-sboccia-nel-calore-dellamore\\\/#article\",\"isPartOf\":{\"@id\":\"https:\\\/\\\/exaudi.org\\\/it\\\/il-sorriso-e-un-fiore-che-sboccia-nel-calore-dellamore\\\/\"},\"author\":{\"name\":\"Exaudi Redazione\",\"@id\":\"https:\\\/\\\/exaudi.org\\\/#\\\/schema\\\/person\\\/e1ab6ed07c01774724dd96f925f3a5f0\"},\"headline\":\"&#8220;Il sorriso \u00e8 un fiore che sboccia nel calore dell\u2019amore&#8221;\",\"datePublished\":\"2023-01-14T14:35:44+00:00\",\"mainEntityOfPage\":{\"@id\":\"https:\\\/\\\/exaudi.org\\\/it\\\/il-sorriso-e-un-fiore-che-sboccia-nel-calore-dellamore\\\/\"},\"wordCount\":1098,\"image\":{\"@id\":\"https:\\\/\\\/exaudi.org\\\/it\\\/il-sorriso-e-un-fiore-che-sboccia-nel-calore-dellamore\\\/#primaryimage\"},\"thumbnailUrl\":\"https:\\\/\\\/exaudi.org\\\/wp-content\\\/uploads\\\/2023\\\/01\\\/cq5dam.web_.800.800-1-1.jpeg\",\"keywords\":[\"Comunit\u00e0 Papa Giovanni XXIII\",\"Papa Francesco\",\"Trending\",\"udienza\"],\"articleSection\":[\"Discorsi\",\"Leone XIV\"],\"inLanguage\":\"it-IT\"},{\"@type\":\"WebPage\",\"@id\":\"https:\\\/\\\/exaudi.org\\\/it\\\/il-sorriso-e-un-fiore-che-sboccia-nel-calore-dellamore\\\/\",\"url\":\"https:\\\/\\\/exaudi.org\\\/it\\\/il-sorriso-e-un-fiore-che-sboccia-nel-calore-dellamore\\\/\",\"name\":\"\\\"Il sorriso \u00e8 un fiore che sboccia nel calore dell\u2019amore\\\" &#8211; Exaudi\",\"isPartOf\":{\"@id\":\"https:\\\/\\\/exaudi.org\\\/#website\"},\"primaryImageOfPage\":{\"@id\":\"https:\\\/\\\/exaudi.org\\\/it\\\/il-sorriso-e-un-fiore-che-sboccia-nel-calore-dellamore\\\/#primaryimage\"},\"image\":{\"@id\":\"https:\\\/\\\/exaudi.org\\\/it\\\/il-sorriso-e-un-fiore-che-sboccia-nel-calore-dellamore\\\/#primaryimage\"},\"thumbnailUrl\":\"https:\\\/\\\/exaudi.org\\\/wp-content\\\/uploads\\\/2023\\\/01\\\/cq5dam.web_.800.800-1-1.jpeg\",\"datePublished\":\"2023-01-14T14:35:44+00:00\",\"author\":{\"@id\":\"https:\\\/\\\/exaudi.org\\\/#\\\/schema\\\/person\\\/e1ab6ed07c01774724dd96f925f3a5f0\"},\"breadcrumb\":{\"@id\":\"https:\\\/\\\/exaudi.org\\\/it\\\/il-sorriso-e-un-fiore-che-sboccia-nel-calore-dellamore\\\/#breadcrumb\"},\"inLanguage\":\"it-IT\",\"potentialAction\":[{\"@type\":\"ReadAction\",\"target\":[\"https:\\\/\\\/exaudi.org\\\/it\\\/il-sorriso-e-un-fiore-che-sboccia-nel-calore-dellamore\\\/\"]}]},{\"@type\":\"ImageObject\",\"inLanguage\":\"it-IT\",\"@id\":\"https:\\\/\\\/exaudi.org\\\/it\\\/il-sorriso-e-un-fiore-che-sboccia-nel-calore-dellamore\\\/#primaryimage\",\"url\":\"https:\\\/\\\/exaudi.org\\\/wp-content\\\/uploads\\\/2023\\\/01\\\/cq5dam.web_.800.800-1-1.jpeg\",\"contentUrl\":\"https:\\\/\\\/exaudi.org\\\/wp-content\\\/uploads\\\/2023\\\/01\\\/cq5dam.web_.800.800-1-1.jpeg\",\"width\":800,\"height\":533,\"caption\":\"Vatican Media\"},{\"@type\":\"BreadcrumbList\",\"@id\":\"https:\\\/\\\/exaudi.org\\\/it\\\/il-sorriso-e-un-fiore-che-sboccia-nel-calore-dellamore\\\/#breadcrumb\",\"itemListElement\":[{\"@type\":\"ListItem\",\"position\":1,\"name\":\"Portada\",\"item\":\"https:\\\/\\\/exaudi.org\\\/it\\\/\"},{\"@type\":\"ListItem\",\"position\":2,\"name\":\"&#8220;Il sorriso \u00e8 un fiore che sboccia nel calore dell\u2019amore&#8221;\"}]},{\"@type\":\"WebSite\",\"@id\":\"https:\\\/\\\/exaudi.org\\\/#website\",\"url\":\"https:\\\/\\\/exaudi.org\\\/\",\"name\":\"Exaudi\",\"description\":\"News\",\"potentialAction\":[{\"@type\":\"SearchAction\",\"target\":{\"@type\":\"EntryPoint\",\"urlTemplate\":\"https:\\\/\\\/exaudi.org\\\/?s={search_term_string}\"},\"query-input\":{\"@type\":\"PropertyValueSpecification\",\"valueRequired\":true,\"valueName\":\"search_term_string\"}}],\"inLanguage\":\"it-IT\"},{\"@type\":\"Person\",\"@id\":\"https:\\\/\\\/exaudi.org\\\/#\\\/schema\\\/person\\\/e1ab6ed07c01774724dd96f925f3a5f0\",\"name\":\"Exaudi Redazione\",\"image\":{\"@type\":\"ImageObject\",\"inLanguage\":\"it-IT\",\"@id\":\"https:\\\/\\\/secure.gravatar.com\\\/avatar\\\/ad6774b3ada023bf5b939d64f45c94b3adf91502dd883507d469b4308a943bb3?s=96&d=mm&r=g\",\"url\":\"https:\\\/\\\/secure.gravatar.com\\\/avatar\\\/ad6774b3ada023bf5b939d64f45c94b3adf91502dd883507d469b4308a943bb3?s=96&d=mm&r=g\",\"contentUrl\":\"https:\\\/\\\/secure.gravatar.com\\\/avatar\\\/ad6774b3ada023bf5b939d64f45c94b3adf91502dd883507d469b4308a943bb3?s=96&d=mm&r=g\",\"caption\":\"Exaudi Redazione\"},\"description\":\"Che cosa \u00e8 Exaudi News? Exaudi News \u00e8 un agenzia cattolica internazionale che informa, istruisce e trasforma quotidianamente in spagnolo, inglese e italiano. Attraverso notizie, articoli di analisi e trasmissioni in diretta degli eventi del Papa, Exaudi cerca di rafforzare l'unit\u00e0 dei cristiani e di contribuire all'evangelizzazione del mondo, sempre guidato dalla dottrina sociale della Chiesa. Lavoriamo per portare la verit\u00e0 e i valori cristiani in ogni angolo del pianeta. Aiutaci a trasformare il mondo con Exaudi! Noi di Exaudi crediamo che l'evangelizzazione e l'informazione di qualit\u00e0 possano cambiare la vita. Per continuare la nostra missione ed espandere la nostra portata, abbiamo bisogno del tuo aiuto. Stiamo anche cercando persone motivate che vogliano unirsi al nostro team. Grazie al vostro sostegno raggiungeremo pi\u00f9 persone, diffonderemo il messaggio di Cristo e rafforzeremo l'unit\u00e0 dei cristiani. Vuoi unirti alla nostra missione? Per maggiori informazioni su come contribuire, visita Exaudi.org\\\/it o contattaci direttamente: info@exaudi.org Exaudi: informa, forma e trasforma.\",\"sameAs\":[\"https:\\\/\\\/www.facebook.com\\\/ExaudiNotizie\\\/\",\"https:\\\/\\\/www.instagram.com\\\/Exaudi_notizie\\\/\",\"https:\\\/\\\/x.com\\\/Exaudi_Notizie\",\"https:\\\/\\\/www.youtube.com\\\/@exaudicatholicnews\"],\"url\":\"https:\\\/\\\/exaudi.org\\\/it\\\/author\\\/dlvedi-org\\\/\"}]}<\/script>\n<!-- \/ Yoast SEO plugin. -->","yoast_head_json":{"title":"\"Il sorriso \u00e8 un fiore che sboccia nel calore dell\u2019amore\" &#8211; Exaudi","robots":{"index":"index","follow":"follow","max-snippet":"max-snippet:-1","max-image-preview":"max-image-preview:large","max-video-preview":"max-video-preview:-1"},"canonical":"https:\/\/exaudi.org\/it\/il-sorriso-e-un-fiore-che-sboccia-nel-calore-dellamore\/","og_locale":"it_IT","og_type":"article","og_title":"\"Il sorriso \u00e8 un fiore che sboccia nel calore dell\u2019amore\" &#8211; Exaudi","og_description":"Udienza ai Membri della Comunit\u00e0 Papa Giovanni XXIII","og_url":"https:\/\/exaudi.org\/it\/il-sorriso-e-un-fiore-che-sboccia-nel-calore-dellamore\/","og_site_name":"Exaudi","article_publisher":"https:\/\/www.facebook.com\/ExaudiNews","article_author":"https:\/\/www.facebook.com\/ExaudiNotizie\/","article_published_time":"2023-01-14T14:35:44+00:00","og_image":[{"width":800,"height":533,"url":"https:\/\/exaudi.org\/wp-content\/uploads\/2023\/01\/cq5dam.web_.800.800-1-1.jpeg","type":"image\/jpeg"}],"author":"Exaudi Redazione","twitter_card":"summary_large_image","twitter_creator":"@Exaudi_Notizie","twitter_site":"@Exaudi_News","twitter_misc":{"Scritto da":"Exaudi Redazione","Tempo di lettura stimato":"5 minuti"},"schema":{"@context":"https:\/\/schema.org","@graph":[{"@type":"Article","@id":"https:\/\/exaudi.org\/it\/il-sorriso-e-un-fiore-che-sboccia-nel-calore-dellamore\/#article","isPartOf":{"@id":"https:\/\/exaudi.org\/it\/il-sorriso-e-un-fiore-che-sboccia-nel-calore-dellamore\/"},"author":{"name":"Exaudi Redazione","@id":"https:\/\/exaudi.org\/#\/schema\/person\/e1ab6ed07c01774724dd96f925f3a5f0"},"headline":"&#8220;Il sorriso \u00e8 un fiore che sboccia nel calore dell\u2019amore&#8221;","datePublished":"2023-01-14T14:35:44+00:00","mainEntityOfPage":{"@id":"https:\/\/exaudi.org\/it\/il-sorriso-e-un-fiore-che-sboccia-nel-calore-dellamore\/"},"wordCount":1098,"image":{"@id":"https:\/\/exaudi.org\/it\/il-sorriso-e-un-fiore-che-sboccia-nel-calore-dellamore\/#primaryimage"},"thumbnailUrl":"https:\/\/exaudi.org\/wp-content\/uploads\/2023\/01\/cq5dam.web_.800.800-1-1.jpeg","keywords":["Comunit\u00e0 Papa Giovanni XXIII","Papa Francesco","Trending","udienza"],"articleSection":["Discorsi","Leone XIV"],"inLanguage":"it-IT"},{"@type":"WebPage","@id":"https:\/\/exaudi.org\/it\/il-sorriso-e-un-fiore-che-sboccia-nel-calore-dellamore\/","url":"https:\/\/exaudi.org\/it\/il-sorriso-e-un-fiore-che-sboccia-nel-calore-dellamore\/","name":"\"Il sorriso \u00e8 un fiore che sboccia nel calore dell\u2019amore\" &#8211; Exaudi","isPartOf":{"@id":"https:\/\/exaudi.org\/#website"},"primaryImageOfPage":{"@id":"https:\/\/exaudi.org\/it\/il-sorriso-e-un-fiore-che-sboccia-nel-calore-dellamore\/#primaryimage"},"image":{"@id":"https:\/\/exaudi.org\/it\/il-sorriso-e-un-fiore-che-sboccia-nel-calore-dellamore\/#primaryimage"},"thumbnailUrl":"https:\/\/exaudi.org\/wp-content\/uploads\/2023\/01\/cq5dam.web_.800.800-1-1.jpeg","datePublished":"2023-01-14T14:35:44+00:00","author":{"@id":"https:\/\/exaudi.org\/#\/schema\/person\/e1ab6ed07c01774724dd96f925f3a5f0"},"breadcrumb":{"@id":"https:\/\/exaudi.org\/it\/il-sorriso-e-un-fiore-che-sboccia-nel-calore-dellamore\/#breadcrumb"},"inLanguage":"it-IT","potentialAction":[{"@type":"ReadAction","target":["https:\/\/exaudi.org\/it\/il-sorriso-e-un-fiore-che-sboccia-nel-calore-dellamore\/"]}]},{"@type":"ImageObject","inLanguage":"it-IT","@id":"https:\/\/exaudi.org\/it\/il-sorriso-e-un-fiore-che-sboccia-nel-calore-dellamore\/#primaryimage","url":"https:\/\/exaudi.org\/wp-content\/uploads\/2023\/01\/cq5dam.web_.800.800-1-1.jpeg","contentUrl":"https:\/\/exaudi.org\/wp-content\/uploads\/2023\/01\/cq5dam.web_.800.800-1-1.jpeg","width":800,"height":533,"caption":"Vatican Media"},{"@type":"BreadcrumbList","@id":"https:\/\/exaudi.org\/it\/il-sorriso-e-un-fiore-che-sboccia-nel-calore-dellamore\/#breadcrumb","itemListElement":[{"@type":"ListItem","position":1,"name":"Portada","item":"https:\/\/exaudi.org\/it\/"},{"@type":"ListItem","position":2,"name":"&#8220;Il sorriso \u00e8 un fiore che sboccia nel calore dell\u2019amore&#8221;"}]},{"@type":"WebSite","@id":"https:\/\/exaudi.org\/#website","url":"https:\/\/exaudi.org\/","name":"Exaudi","description":"News","potentialAction":[{"@type":"SearchAction","target":{"@type":"EntryPoint","urlTemplate":"https:\/\/exaudi.org\/?s={search_term_string}"},"query-input":{"@type":"PropertyValueSpecification","valueRequired":true,"valueName":"search_term_string"}}],"inLanguage":"it-IT"},{"@type":"Person","@id":"https:\/\/exaudi.org\/#\/schema\/person\/e1ab6ed07c01774724dd96f925f3a5f0","name":"Exaudi Redazione","image":{"@type":"ImageObject","inLanguage":"it-IT","@id":"https:\/\/secure.gravatar.com\/avatar\/ad6774b3ada023bf5b939d64f45c94b3adf91502dd883507d469b4308a943bb3?s=96&d=mm&r=g","url":"https:\/\/secure.gravatar.com\/avatar\/ad6774b3ada023bf5b939d64f45c94b3adf91502dd883507d469b4308a943bb3?s=96&d=mm&r=g","contentUrl":"https:\/\/secure.gravatar.com\/avatar\/ad6774b3ada023bf5b939d64f45c94b3adf91502dd883507d469b4308a943bb3?s=96&d=mm&r=g","caption":"Exaudi Redazione"},"description":"Che cosa \u00e8 Exaudi News? Exaudi News \u00e8 un agenzia cattolica internazionale che informa, istruisce e trasforma quotidianamente in spagnolo, inglese e italiano. Attraverso notizie, articoli di analisi e trasmissioni in diretta degli eventi del Papa, Exaudi cerca di rafforzare l'unit\u00e0 dei cristiani e di contribuire all'evangelizzazione del mondo, sempre guidato dalla dottrina sociale della Chiesa. Lavoriamo per portare la verit\u00e0 e i valori cristiani in ogni angolo del pianeta. Aiutaci a trasformare il mondo con Exaudi! Noi di Exaudi crediamo che l'evangelizzazione e l'informazione di qualit\u00e0 possano cambiare la vita. Per continuare la nostra missione ed espandere la nostra portata, abbiamo bisogno del tuo aiuto. Stiamo anche cercando persone motivate che vogliano unirsi al nostro team. Grazie al vostro sostegno raggiungeremo pi\u00f9 persone, diffonderemo il messaggio di Cristo e rafforzeremo l'unit\u00e0 dei cristiani. Vuoi unirti alla nostra missione? Per maggiori informazioni su come contribuire, visita Exaudi.org\/it o contattaci direttamente: info@exaudi.org Exaudi: informa, forma e trasforma.","sameAs":["https:\/\/www.facebook.com\/ExaudiNotizie\/","https:\/\/www.instagram.com\/Exaudi_notizie\/","https:\/\/x.com\/Exaudi_Notizie","https:\/\/www.youtube.com\/@exaudicatholicnews"],"url":"https:\/\/exaudi.org\/it\/author\/dlvedi-org\/"}]}},"jetpack_featured_media_url":"https:\/\/exaudi.org\/wp-content\/uploads\/2023\/01\/cq5dam.web_.800.800-1-1.jpeg","jetpack_shortlink":"https:\/\/wp.me\/pgKjF2-hNv","_links":{"self":[{"href":"https:\/\/exaudi.org\/it\/wp-json\/wp\/v2\/posts\/68417","targetHints":{"allow":["GET"]}}],"collection":[{"href":"https:\/\/exaudi.org\/it\/wp-json\/wp\/v2\/posts"}],"about":[{"href":"https:\/\/exaudi.org\/it\/wp-json\/wp\/v2\/types\/post"}],"author":[{"embeddable":true,"href":"https:\/\/exaudi.org\/it\/wp-json\/wp\/v2\/users\/17"}],"replies":[{"embeddable":true,"href":"https:\/\/exaudi.org\/it\/wp-json\/wp\/v2\/comments?post=68417"}],"version-history":[{"count":0,"href":"https:\/\/exaudi.org\/it\/wp-json\/wp\/v2\/posts\/68417\/revisions"}],"wp:featuredmedia":[{"embeddable":true,"href":"https:\/\/exaudi.org\/it\/wp-json\/wp\/v2\/media\/68418"}],"wp:attachment":[{"href":"https:\/\/exaudi.org\/it\/wp-json\/wp\/v2\/media?parent=68417"}],"wp:term":[{"taxonomy":"category","embeddable":true,"href":"https:\/\/exaudi.org\/it\/wp-json\/wp\/v2\/categories?post=68417"},{"taxonomy":"post_tag","embeddable":true,"href":"https:\/\/exaudi.org\/it\/wp-json\/wp\/v2\/tags?post=68417"}],"curies":[{"name":"wp","href":"https:\/\/api.w.org\/{rel}","templated":true}]}}