{"id":68341,"date":"2023-01-12T18:35:42","date_gmt":"2023-01-12T17:35:42","guid":{"rendered":"https:\/\/exaudi.org\/?p=68341"},"modified":"2023-01-12T18:35:42","modified_gmt":"2023-01-12T17:35:42","slug":"valentina-alazraki-ha-ricevuto-il-dottorato-honoris-causa-dalluniversita-giovanni-paolo-ii-di-cracovia","status":"publish","type":"post","link":"https:\/\/exaudi.org\/it\/valentina-alazraki-ha-ricevuto-il-dottorato-honoris-causa-dalluniversita-giovanni-paolo-ii-di-cracovia\/","title":{"rendered":"Valentina Alazraki ha ricevuto il dottorato honoris causa  dall\u2019Universit\u00e0 Giovanni Paolo II di Cracovia"},"content":{"rendered":"<p>La giornalista messicana Valentina Alazraki Crastich, che ha relazionato sul pontificato di 5 papi, ha partecipato a 100 viaggi all\u2019estero di Giovanni Paolo II, \u00e8 insignita di molti premi e autore di numerose pubblicazioni dedicate in particolare a Giovanni Paolo II \u2013 ha ricevuto il diploma di dottore honoris causa dalla Pontificia Universit\u00e0 Giovanni Paolo II a Cracovia. La cerimonia ha avuto luogo l\u201911 gennaio al Santuario S. Giovanni Paolo II.<\/p>\n<p>Valentina Alazraki Crastich si \u00e8 distinta per &#8220;la modalit\u00e0 di realizzare il lavoro di giornalista, che tratta come la sua missione di vita, sociale e ecclesiale&#8221;, il pluriennale resoconto esemplare e affidabile degli eventi della vita della Chiesa&#8221;, &#8220;il modo inedito ed esemplare in cui vengono presentati la persona di S. Giovanni Paolo II, il suo magistero e l&#8217;esercizio del suo ministero di Vescovo di Roma&#8221;.<\/p>\n<p>Il titolo di dottore honoris causa di Valentina Alazraki Crastich \u00e8 stato riconosciuto dalla Facolt\u00e0 di Scienze Sociali della Pontificia Universit\u00e0 Giovanni Paolo II di Cracovia. L\u2019elogio della laureata \u00e8 stato pronunciato dal Rev. Prof. Micha\u0142 Dr\u00f3\u017cd\u017c: &#8220;Valentina Alazraki Crastich \u00e8 una persona che tratta il proprio lavoro come una missione giornalistica nello spirito di verit\u00e0 e onest\u00e0, svolgendolo come un servizio a Dio, alla Chiesa e alle persone&#8221;.<\/p>\n<p><img loading=\"lazy\" decoding=\"async\" class=\"alignleft size-full wp-image-68345\" src=\"https:\/\/exaudi.org\/wp-content\/uploads\/2023\/01\/Photo1-1.jpg\" alt=\"\" width=\"2048\" height=\"1536\" srcset=\"https:\/\/exaudi.org\/wp-content\/uploads\/2023\/01\/Photo1-1.jpg 2048w, https:\/\/exaudi.org\/wp-content\/uploads\/2023\/01\/Photo1-1-300x225.jpg 300w, https:\/\/exaudi.org\/wp-content\/uploads\/2023\/01\/Photo1-1-1024x768.jpg 1024w, https:\/\/exaudi.org\/wp-content\/uploads\/2023\/01\/Photo1-1-770x578.jpg 770w, https:\/\/exaudi.org\/wp-content\/uploads\/2023\/01\/Photo1-1-1536x1152.jpg 1536w, https:\/\/exaudi.org\/wp-content\/uploads\/2023\/01\/Photo1-1-500x375.jpg 500w, https:\/\/exaudi.org\/wp-content\/uploads\/2023\/01\/Photo1-1-293x220.jpg 293w, https:\/\/exaudi.org\/wp-content\/uploads\/2023\/01\/Photo1-1-1400x1050.jpg 1400w, https:\/\/exaudi.org\/wp-content\/uploads\/2023\/01\/Photo1-1-390x293.jpg 390w\" sizes=\"auto, (max-width: 2048px) 100vw, 2048px\" \/>\u00c8 stato particolarmente sottolineato l\u2019impegno di Valentina Alazraki Crastich nel diffondere il messaggio di Giovanni Paolo II: &#8220;Ci insegna che la ricca eredit\u00e0 di S. Giovanni Paolo II non \u00e8 solo una traccia o una sorta di reliquia del passato, ma ha un enorme potenziale nel plasmare il futuro della nostra generazione e delle nuove generazioni, alle quali vogliamo trasmettere la fonte vivificante del suo pensiero per trovare i fondamenti della vera felicit\u00e0 umana. La sua testimonianza ravviva in noi il grande monito di Giovanni Paolo II, che ci ha lasciato come testamento spirituale per il terzo millennio: \u2018non abbiate paura\u2019&#8221;.<\/p>\n<p>Il Pontificato di Giovanni Paolo II ha contrassegnato in modo particolare la vita di Valentina Alazraki Crastich: &#8220;Ci\u00f2 che \u00e8 innegabile \u00e8 il fatto che Giovanni Paolo II vive. Vive nella storia del XX secolo e dell\u2019inizio del XXI secolo, di cui \u00e8 stato l\u2019eroe indiscusso; nella nostra memoria, nei cuori di coloro che lo hanno conosciuto, nella fede delle persone sulla cui vita ha avuto un impatto straordinario, come nel mio caso. Oggi ancora una volta ringrazio Dio perch\u00e9 mi ha permesso di vivere esperienze eccezionali e irripetibili accanto di un uomo eccezionale&#8221; \u2013 ha sintetizzato la laureata.<\/p>\n<p>Valentina Alazraki Crastich \u00e8 nata il 19 febbraio 1955 in Messico. Negli ultimi anni di pontificato di Paolo VI ha iniziato a lavorare come giornalista a Roma come corrispondente per la rete televisiva Noticieros Televisa. Dal 2005 \u00e8 anche corrispondente di Radio Vaticano. Ha riportato tra gli altri, gli eventi legati a Paolo VI, e anche quelli riguardanti i 4 successivi papi. Valentina Alazraki Crastich \u00e8 insignita di molti premi e riconoscimenti, tra i quali il premio Adelaide Ristori per le Donne nel 1981, il premio Calabria nel 1992 per la miglior corrispondente, da Noticieros Televisa per l\u2019intervista a Papa Francesco, della Gran Croce dell\u2019Ordine di Pio IX, assegnatole da Papa Francesco nel 2013.<\/p>\n","protected":false},"excerpt":{"rendered":"<p>Realizza il lavoro di giornalista, che tratta come la sua missione di vita, sociale e ecclesiale<\/p>\n","protected":false},"author":17,"featured_media":68342,"comment_status":"closed","ping_status":"closed","sticky":false,"template":"","format":"standard","meta":{"_acf_changed":false,"_crdt_document":"","inline_featured_image":false,"footnotes":""},"categories":[73],"tags":[8143,8142,266],"class_list":["post-68341","post","type-post","status-publish","format-standard","has-post-thumbnail","hentry","category-chiesa-e-mondo","tag-corrispondenti","tag-valentina-alazraki","tag-vaticano"],"acf":[],"yoast_head":"<!-- This site is optimized with the Yoast SEO plugin v27.4 - https:\/\/yoast.com\/product\/yoast-seo-wordpress\/ -->\n<title>Valentina Alazraki ha ricevuto il dottorato honoris causa dall\u2019Universit\u00e0 Giovanni Paolo II di Cracovia &#8211; Exaudi<\/title>\n<meta name=\"robots\" content=\"index, follow, max-snippet:-1, max-image-preview:large, max-video-preview:-1\" \/>\n<link rel=\"canonical\" href=\"https:\/\/exaudi.org\/it\/valentina-alazraki-ha-ricevuto-il-dottorato-honoris-causa-dalluniversita-giovanni-paolo-ii-di-cracovia\/\" \/>\n<meta property=\"og:locale\" content=\"it_IT\" \/>\n<meta property=\"og:type\" content=\"article\" \/>\n<meta property=\"og:title\" content=\"Valentina Alazraki ha ricevuto il dottorato honoris causa dall\u2019Universit\u00e0 Giovanni Paolo II di Cracovia &#8211; Exaudi\" \/>\n<meta property=\"og:description\" content=\"Realizza il lavoro di giornalista, che tratta come la sua missione di vita, sociale e ecclesiale\" \/>\n<meta property=\"og:url\" content=\"https:\/\/exaudi.org\/it\/valentina-alazraki-ha-ricevuto-il-dottorato-honoris-causa-dalluniversita-giovanni-paolo-ii-di-cracovia\/\" \/>\n<meta property=\"og:site_name\" content=\"Exaudi\" \/>\n<meta property=\"article:publisher\" content=\"https:\/\/www.facebook.com\/ExaudiNews\" \/>\n<meta property=\"article:author\" content=\"https:\/\/www.facebook.com\/ExaudiNotizie\/\" \/>\n<meta property=\"article:published_time\" content=\"2023-01-12T17:35:42+00:00\" \/>\n<meta property=\"og:image\" content=\"https:\/\/exaudi.org\/wp-content\/uploads\/2023\/01\/Photo2-1024x768.jpg\" \/>\n\t<meta property=\"og:image:width\" content=\"1024\" \/>\n\t<meta property=\"og:image:height\" content=\"768\" \/>\n\t<meta property=\"og:image:type\" content=\"image\/jpeg\" \/>\n<meta name=\"author\" content=\"Exaudi Redazione\" \/>\n<meta name=\"twitter:card\" content=\"summary_large_image\" \/>\n<meta name=\"twitter:creator\" content=\"@Exaudi_Notizie\" \/>\n<meta name=\"twitter:site\" content=\"@Exaudi_News\" \/>\n<meta name=\"twitter:label1\" content=\"Scritto da\" \/>\n\t<meta name=\"twitter:data1\" content=\"Exaudi Redazione\" \/>\n\t<meta name=\"twitter:label2\" content=\"Tempo di lettura stimato\" \/>\n\t<meta name=\"twitter:data2\" content=\"3 minuti\" \/>\n<script type=\"application\/ld+json\" class=\"yoast-schema-graph\">{\"@context\":\"https:\\\/\\\/schema.org\",\"@graph\":[{\"@type\":\"Article\",\"@id\":\"https:\\\/\\\/exaudi.org\\\/it\\\/valentina-alazraki-ha-ricevuto-il-dottorato-honoris-causa-dalluniversita-giovanni-paolo-ii-di-cracovia\\\/#article\",\"isPartOf\":{\"@id\":\"https:\\\/\\\/exaudi.org\\\/it\\\/valentina-alazraki-ha-ricevuto-il-dottorato-honoris-causa-dalluniversita-giovanni-paolo-ii-di-cracovia\\\/\"},\"author\":{\"name\":\"Exaudi Redazione\",\"@id\":\"https:\\\/\\\/exaudi.org\\\/#\\\/schema\\\/person\\\/e1ab6ed07c01774724dd96f925f3a5f0\"},\"headline\":\"Valentina Alazraki ha ricevuto il dottorato honoris causa dall\u2019Universit\u00e0 Giovanni Paolo II di Cracovia\",\"datePublished\":\"2023-01-12T17:35:42+00:00\",\"mainEntityOfPage\":{\"@id\":\"https:\\\/\\\/exaudi.org\\\/it\\\/valentina-alazraki-ha-ricevuto-il-dottorato-honoris-causa-dalluniversita-giovanni-paolo-ii-di-cracovia\\\/\"},\"wordCount\":520,\"image\":{\"@id\":\"https:\\\/\\\/exaudi.org\\\/it\\\/valentina-alazraki-ha-ricevuto-il-dottorato-honoris-causa-dalluniversita-giovanni-paolo-ii-di-cracovia\\\/#primaryimage\"},\"thumbnailUrl\":\"https:\\\/\\\/exaudi.org\\\/wp-content\\\/uploads\\\/2023\\\/01\\\/Photo2.jpg\",\"keywords\":[\"Corrispondenti\",\"Valentina Alazraki\",\"Vaticano\"],\"articleSection\":[\"Chiesa e Mondo\"],\"inLanguage\":\"it-IT\"},{\"@type\":\"WebPage\",\"@id\":\"https:\\\/\\\/exaudi.org\\\/it\\\/valentina-alazraki-ha-ricevuto-il-dottorato-honoris-causa-dalluniversita-giovanni-paolo-ii-di-cracovia\\\/\",\"url\":\"https:\\\/\\\/exaudi.org\\\/it\\\/valentina-alazraki-ha-ricevuto-il-dottorato-honoris-causa-dalluniversita-giovanni-paolo-ii-di-cracovia\\\/\",\"name\":\"Valentina Alazraki ha ricevuto il dottorato honoris causa dall\u2019Universit\u00e0 Giovanni Paolo II di Cracovia &#8211; Exaudi\",\"isPartOf\":{\"@id\":\"https:\\\/\\\/exaudi.org\\\/#website\"},\"primaryImageOfPage\":{\"@id\":\"https:\\\/\\\/exaudi.org\\\/it\\\/valentina-alazraki-ha-ricevuto-il-dottorato-honoris-causa-dalluniversita-giovanni-paolo-ii-di-cracovia\\\/#primaryimage\"},\"image\":{\"@id\":\"https:\\\/\\\/exaudi.org\\\/it\\\/valentina-alazraki-ha-ricevuto-il-dottorato-honoris-causa-dalluniversita-giovanni-paolo-ii-di-cracovia\\\/#primaryimage\"},\"thumbnailUrl\":\"https:\\\/\\\/exaudi.org\\\/wp-content\\\/uploads\\\/2023\\\/01\\\/Photo2.jpg\",\"datePublished\":\"2023-01-12T17:35:42+00:00\",\"author\":{\"@id\":\"https:\\\/\\\/exaudi.org\\\/#\\\/schema\\\/person\\\/e1ab6ed07c01774724dd96f925f3a5f0\"},\"breadcrumb\":{\"@id\":\"https:\\\/\\\/exaudi.org\\\/it\\\/valentina-alazraki-ha-ricevuto-il-dottorato-honoris-causa-dalluniversita-giovanni-paolo-ii-di-cracovia\\\/#breadcrumb\"},\"inLanguage\":\"it-IT\",\"potentialAction\":[{\"@type\":\"ReadAction\",\"target\":[\"https:\\\/\\\/exaudi.org\\\/it\\\/valentina-alazraki-ha-ricevuto-il-dottorato-honoris-causa-dalluniversita-giovanni-paolo-ii-di-cracovia\\\/\"]}]},{\"@type\":\"ImageObject\",\"inLanguage\":\"it-IT\",\"@id\":\"https:\\\/\\\/exaudi.org\\\/it\\\/valentina-alazraki-ha-ricevuto-il-dottorato-honoris-causa-dalluniversita-giovanni-paolo-ii-di-cracovia\\\/#primaryimage\",\"url\":\"https:\\\/\\\/exaudi.org\\\/wp-content\\\/uploads\\\/2023\\\/01\\\/Photo2.jpg\",\"contentUrl\":\"https:\\\/\\\/exaudi.org\\\/wp-content\\\/uploads\\\/2023\\\/01\\\/Photo2.jpg\",\"width\":2048,\"height\":1536},{\"@type\":\"BreadcrumbList\",\"@id\":\"https:\\\/\\\/exaudi.org\\\/it\\\/valentina-alazraki-ha-ricevuto-il-dottorato-honoris-causa-dalluniversita-giovanni-paolo-ii-di-cracovia\\\/#breadcrumb\",\"itemListElement\":[{\"@type\":\"ListItem\",\"position\":1,\"name\":\"Portada\",\"item\":\"https:\\\/\\\/exaudi.org\\\/it\\\/\"},{\"@type\":\"ListItem\",\"position\":2,\"name\":\"Valentina Alazraki ha ricevuto il dottorato honoris causa dall\u2019Universit\u00e0 Giovanni Paolo II di Cracovia\"}]},{\"@type\":\"WebSite\",\"@id\":\"https:\\\/\\\/exaudi.org\\\/#website\",\"url\":\"https:\\\/\\\/exaudi.org\\\/\",\"name\":\"Exaudi\",\"description\":\"News\",\"potentialAction\":[{\"@type\":\"SearchAction\",\"target\":{\"@type\":\"EntryPoint\",\"urlTemplate\":\"https:\\\/\\\/exaudi.org\\\/?s={search_term_string}\"},\"query-input\":{\"@type\":\"PropertyValueSpecification\",\"valueRequired\":true,\"valueName\":\"search_term_string\"}}],\"inLanguage\":\"it-IT\"},{\"@type\":\"Person\",\"@id\":\"https:\\\/\\\/exaudi.org\\\/#\\\/schema\\\/person\\\/e1ab6ed07c01774724dd96f925f3a5f0\",\"name\":\"Exaudi Redazione\",\"image\":{\"@type\":\"ImageObject\",\"inLanguage\":\"it-IT\",\"@id\":\"https:\\\/\\\/secure.gravatar.com\\\/avatar\\\/ad6774b3ada023bf5b939d64f45c94b3adf91502dd883507d469b4308a943bb3?s=96&d=mm&r=g\",\"url\":\"https:\\\/\\\/secure.gravatar.com\\\/avatar\\\/ad6774b3ada023bf5b939d64f45c94b3adf91502dd883507d469b4308a943bb3?s=96&d=mm&r=g\",\"contentUrl\":\"https:\\\/\\\/secure.gravatar.com\\\/avatar\\\/ad6774b3ada023bf5b939d64f45c94b3adf91502dd883507d469b4308a943bb3?s=96&d=mm&r=g\",\"caption\":\"Exaudi Redazione\"},\"description\":\"Che cosa \u00e8 Exaudi News? Exaudi News \u00e8 un agenzia cattolica internazionale che informa, istruisce e trasforma quotidianamente in spagnolo, inglese e italiano. Attraverso notizie, articoli di analisi e trasmissioni in diretta degli eventi del Papa, Exaudi cerca di rafforzare l'unit\u00e0 dei cristiani e di contribuire all'evangelizzazione del mondo, sempre guidato dalla dottrina sociale della Chiesa. Lavoriamo per portare la verit\u00e0 e i valori cristiani in ogni angolo del pianeta. Aiutaci a trasformare il mondo con Exaudi! Noi di Exaudi crediamo che l'evangelizzazione e l'informazione di qualit\u00e0 possano cambiare la vita. Per continuare la nostra missione ed espandere la nostra portata, abbiamo bisogno del tuo aiuto. Stiamo anche cercando persone motivate che vogliano unirsi al nostro team. Grazie al vostro sostegno raggiungeremo pi\u00f9 persone, diffonderemo il messaggio di Cristo e rafforzeremo l'unit\u00e0 dei cristiani. Vuoi unirti alla nostra missione? Per maggiori informazioni su come contribuire, visita Exaudi.org\\\/it o contattaci direttamente: info@exaudi.org Exaudi: informa, forma e trasforma.\",\"sameAs\":[\"https:\\\/\\\/www.facebook.com\\\/ExaudiNotizie\\\/\",\"https:\\\/\\\/www.instagram.com\\\/Exaudi_notizie\\\/\",\"https:\\\/\\\/x.com\\\/Exaudi_Notizie\",\"https:\\\/\\\/www.youtube.com\\\/@exaudicatholicnews\"],\"url\":\"https:\\\/\\\/exaudi.org\\\/it\\\/author\\\/dlvedi-org\\\/\"}]}<\/script>\n<!-- \/ Yoast SEO plugin. -->","yoast_head_json":{"title":"Valentina Alazraki ha ricevuto il dottorato honoris causa dall\u2019Universit\u00e0 Giovanni Paolo II di Cracovia &#8211; Exaudi","robots":{"index":"index","follow":"follow","max-snippet":"max-snippet:-1","max-image-preview":"max-image-preview:large","max-video-preview":"max-video-preview:-1"},"canonical":"https:\/\/exaudi.org\/it\/valentina-alazraki-ha-ricevuto-il-dottorato-honoris-causa-dalluniversita-giovanni-paolo-ii-di-cracovia\/","og_locale":"it_IT","og_type":"article","og_title":"Valentina Alazraki ha ricevuto il dottorato honoris causa dall\u2019Universit\u00e0 Giovanni Paolo II di Cracovia &#8211; Exaudi","og_description":"Realizza il lavoro di giornalista, che tratta come la sua missione di vita, sociale e ecclesiale","og_url":"https:\/\/exaudi.org\/it\/valentina-alazraki-ha-ricevuto-il-dottorato-honoris-causa-dalluniversita-giovanni-paolo-ii-di-cracovia\/","og_site_name":"Exaudi","article_publisher":"https:\/\/www.facebook.com\/ExaudiNews","article_author":"https:\/\/www.facebook.com\/ExaudiNotizie\/","article_published_time":"2023-01-12T17:35:42+00:00","og_image":[{"width":1024,"height":768,"url":"https:\/\/exaudi.org\/wp-content\/uploads\/2023\/01\/Photo2-1024x768.jpg","type":"image\/jpeg"}],"author":"Exaudi Redazione","twitter_card":"summary_large_image","twitter_creator":"@Exaudi_Notizie","twitter_site":"@Exaudi_News","twitter_misc":{"Scritto da":"Exaudi Redazione","Tempo di lettura stimato":"3 minuti"},"schema":{"@context":"https:\/\/schema.org","@graph":[{"@type":"Article","@id":"https:\/\/exaudi.org\/it\/valentina-alazraki-ha-ricevuto-il-dottorato-honoris-causa-dalluniversita-giovanni-paolo-ii-di-cracovia\/#article","isPartOf":{"@id":"https:\/\/exaudi.org\/it\/valentina-alazraki-ha-ricevuto-il-dottorato-honoris-causa-dalluniversita-giovanni-paolo-ii-di-cracovia\/"},"author":{"name":"Exaudi Redazione","@id":"https:\/\/exaudi.org\/#\/schema\/person\/e1ab6ed07c01774724dd96f925f3a5f0"},"headline":"Valentina Alazraki ha ricevuto il dottorato honoris causa dall\u2019Universit\u00e0 Giovanni Paolo II di Cracovia","datePublished":"2023-01-12T17:35:42+00:00","mainEntityOfPage":{"@id":"https:\/\/exaudi.org\/it\/valentina-alazraki-ha-ricevuto-il-dottorato-honoris-causa-dalluniversita-giovanni-paolo-ii-di-cracovia\/"},"wordCount":520,"image":{"@id":"https:\/\/exaudi.org\/it\/valentina-alazraki-ha-ricevuto-il-dottorato-honoris-causa-dalluniversita-giovanni-paolo-ii-di-cracovia\/#primaryimage"},"thumbnailUrl":"https:\/\/exaudi.org\/wp-content\/uploads\/2023\/01\/Photo2.jpg","keywords":["Corrispondenti","Valentina Alazraki","Vaticano"],"articleSection":["Chiesa e Mondo"],"inLanguage":"it-IT"},{"@type":"WebPage","@id":"https:\/\/exaudi.org\/it\/valentina-alazraki-ha-ricevuto-il-dottorato-honoris-causa-dalluniversita-giovanni-paolo-ii-di-cracovia\/","url":"https:\/\/exaudi.org\/it\/valentina-alazraki-ha-ricevuto-il-dottorato-honoris-causa-dalluniversita-giovanni-paolo-ii-di-cracovia\/","name":"Valentina Alazraki ha ricevuto il dottorato honoris causa dall\u2019Universit\u00e0 Giovanni Paolo II di Cracovia &#8211; Exaudi","isPartOf":{"@id":"https:\/\/exaudi.org\/#website"},"primaryImageOfPage":{"@id":"https:\/\/exaudi.org\/it\/valentina-alazraki-ha-ricevuto-il-dottorato-honoris-causa-dalluniversita-giovanni-paolo-ii-di-cracovia\/#primaryimage"},"image":{"@id":"https:\/\/exaudi.org\/it\/valentina-alazraki-ha-ricevuto-il-dottorato-honoris-causa-dalluniversita-giovanni-paolo-ii-di-cracovia\/#primaryimage"},"thumbnailUrl":"https:\/\/exaudi.org\/wp-content\/uploads\/2023\/01\/Photo2.jpg","datePublished":"2023-01-12T17:35:42+00:00","author":{"@id":"https:\/\/exaudi.org\/#\/schema\/person\/e1ab6ed07c01774724dd96f925f3a5f0"},"breadcrumb":{"@id":"https:\/\/exaudi.org\/it\/valentina-alazraki-ha-ricevuto-il-dottorato-honoris-causa-dalluniversita-giovanni-paolo-ii-di-cracovia\/#breadcrumb"},"inLanguage":"it-IT","potentialAction":[{"@type":"ReadAction","target":["https:\/\/exaudi.org\/it\/valentina-alazraki-ha-ricevuto-il-dottorato-honoris-causa-dalluniversita-giovanni-paolo-ii-di-cracovia\/"]}]},{"@type":"ImageObject","inLanguage":"it-IT","@id":"https:\/\/exaudi.org\/it\/valentina-alazraki-ha-ricevuto-il-dottorato-honoris-causa-dalluniversita-giovanni-paolo-ii-di-cracovia\/#primaryimage","url":"https:\/\/exaudi.org\/wp-content\/uploads\/2023\/01\/Photo2.jpg","contentUrl":"https:\/\/exaudi.org\/wp-content\/uploads\/2023\/01\/Photo2.jpg","width":2048,"height":1536},{"@type":"BreadcrumbList","@id":"https:\/\/exaudi.org\/it\/valentina-alazraki-ha-ricevuto-il-dottorato-honoris-causa-dalluniversita-giovanni-paolo-ii-di-cracovia\/#breadcrumb","itemListElement":[{"@type":"ListItem","position":1,"name":"Portada","item":"https:\/\/exaudi.org\/it\/"},{"@type":"ListItem","position":2,"name":"Valentina Alazraki ha ricevuto il dottorato honoris causa dall\u2019Universit\u00e0 Giovanni Paolo II di Cracovia"}]},{"@type":"WebSite","@id":"https:\/\/exaudi.org\/#website","url":"https:\/\/exaudi.org\/","name":"Exaudi","description":"News","potentialAction":[{"@type":"SearchAction","target":{"@type":"EntryPoint","urlTemplate":"https:\/\/exaudi.org\/?s={search_term_string}"},"query-input":{"@type":"PropertyValueSpecification","valueRequired":true,"valueName":"search_term_string"}}],"inLanguage":"it-IT"},{"@type":"Person","@id":"https:\/\/exaudi.org\/#\/schema\/person\/e1ab6ed07c01774724dd96f925f3a5f0","name":"Exaudi Redazione","image":{"@type":"ImageObject","inLanguage":"it-IT","@id":"https:\/\/secure.gravatar.com\/avatar\/ad6774b3ada023bf5b939d64f45c94b3adf91502dd883507d469b4308a943bb3?s=96&d=mm&r=g","url":"https:\/\/secure.gravatar.com\/avatar\/ad6774b3ada023bf5b939d64f45c94b3adf91502dd883507d469b4308a943bb3?s=96&d=mm&r=g","contentUrl":"https:\/\/secure.gravatar.com\/avatar\/ad6774b3ada023bf5b939d64f45c94b3adf91502dd883507d469b4308a943bb3?s=96&d=mm&r=g","caption":"Exaudi Redazione"},"description":"Che cosa \u00e8 Exaudi News? Exaudi News \u00e8 un agenzia cattolica internazionale che informa, istruisce e trasforma quotidianamente in spagnolo, inglese e italiano. Attraverso notizie, articoli di analisi e trasmissioni in diretta degli eventi del Papa, Exaudi cerca di rafforzare l'unit\u00e0 dei cristiani e di contribuire all'evangelizzazione del mondo, sempre guidato dalla dottrina sociale della Chiesa. Lavoriamo per portare la verit\u00e0 e i valori cristiani in ogni angolo del pianeta. Aiutaci a trasformare il mondo con Exaudi! Noi di Exaudi crediamo che l'evangelizzazione e l'informazione di qualit\u00e0 possano cambiare la vita. Per continuare la nostra missione ed espandere la nostra portata, abbiamo bisogno del tuo aiuto. Stiamo anche cercando persone motivate che vogliano unirsi al nostro team. Grazie al vostro sostegno raggiungeremo pi\u00f9 persone, diffonderemo il messaggio di Cristo e rafforzeremo l'unit\u00e0 dei cristiani. Vuoi unirti alla nostra missione? Per maggiori informazioni su come contribuire, visita Exaudi.org\/it o contattaci direttamente: info@exaudi.org Exaudi: informa, forma e trasforma.","sameAs":["https:\/\/www.facebook.com\/ExaudiNotizie\/","https:\/\/www.instagram.com\/Exaudi_notizie\/","https:\/\/x.com\/Exaudi_Notizie","https:\/\/www.youtube.com\/@exaudicatholicnews"],"url":"https:\/\/exaudi.org\/it\/author\/dlvedi-org\/"}]}},"jetpack_featured_media_url":"https:\/\/exaudi.org\/wp-content\/uploads\/2023\/01\/Photo2.jpg","jetpack_shortlink":"https:\/\/wp.me\/pgKjF2-hMh","_links":{"self":[{"href":"https:\/\/exaudi.org\/it\/wp-json\/wp\/v2\/posts\/68341","targetHints":{"allow":["GET"]}}],"collection":[{"href":"https:\/\/exaudi.org\/it\/wp-json\/wp\/v2\/posts"}],"about":[{"href":"https:\/\/exaudi.org\/it\/wp-json\/wp\/v2\/types\/post"}],"author":[{"embeddable":true,"href":"https:\/\/exaudi.org\/it\/wp-json\/wp\/v2\/users\/17"}],"replies":[{"embeddable":true,"href":"https:\/\/exaudi.org\/it\/wp-json\/wp\/v2\/comments?post=68341"}],"version-history":[{"count":0,"href":"https:\/\/exaudi.org\/it\/wp-json\/wp\/v2\/posts\/68341\/revisions"}],"wp:featuredmedia":[{"embeddable":true,"href":"https:\/\/exaudi.org\/it\/wp-json\/wp\/v2\/media\/68342"}],"wp:attachment":[{"href":"https:\/\/exaudi.org\/it\/wp-json\/wp\/v2\/media?parent=68341"}],"wp:term":[{"taxonomy":"category","embeddable":true,"href":"https:\/\/exaudi.org\/it\/wp-json\/wp\/v2\/categories?post=68341"},{"taxonomy":"post_tag","embeddable":true,"href":"https:\/\/exaudi.org\/it\/wp-json\/wp\/v2\/tags?post=68341"}],"curies":[{"name":"wp","href":"https:\/\/api.w.org\/{rel}","templated":true}]}}