{"id":68315,"date":"2023-01-11T16:07:55","date_gmt":"2023-01-11T15:07:55","guid":{"rendered":"https:\/\/exaudi.org\/?p=68315"},"modified":"2023-01-11T16:07:55","modified_gmt":"2023-01-11T15:07:55","slug":"passione-per-levangelizzazione","status":"publish","type":"post","link":"https:\/\/exaudi.org\/it\/passione-per-levangelizzazione\/","title":{"rendered":"Passione per l&#8217;evangelizzazione"},"content":{"rendered":"<p>L\u2019Udienza Generale di questa mattina si \u00e8 svolta alle ore 9.00 nell\u2019Aula Paolo VI, dove il Santo Padre Francesco ha incontrato gruppi di pellegrini e fedeli provenienti dall\u2019Italia e da ogni parte del mondo.<\/p>\n<p>Nel discorso in lingua italiana il Papa, iniziando il nuovo ciclo di catechesi\u00a0<i>La passione per l\u2019evangelizzazione: lo zelo apostolico del credente<\/i>, ha incentrato la Sua meditazione sul tema: \u201cLa chiamata all\u2019apostolato\u201d (Lettura:\u00a0<i>Mt<\/i>\u00a09, 9-13).<\/p>\n<p>Dopo aver riassunto la Sua catechesi nelle diverse lingue, il Santo Padre ha indirizzato particolari espressioni di saluto ai fedeli presenti.<\/p>\n<p>L\u2019Udienza Generale si \u00e8 conclusa con la recita del\u00a0<i>Pater Noster<\/i>\u00a0e la Benedizione Apostolica.<\/p>\n<p><b>Catechesi. La passione per l\u2019evangelizzazione: lo zelo apostolico del credente.\u00a0<i>La chiamata all\u2019apostolato (Mt 9,9-13)<\/i><\/b><\/p>\n<p><i>Cari fratelli e sorelle, buongiorno!<\/i><\/p>\n<p>Iniziamo oggi un nuovo ciclo di catechesi, dedicato a un tema urgente e decisivo per la vita cristiana:\u00a0<i>la<\/i>\u00a0<i>passione per l\u2019evangelizzazione<\/i>, cio\u00e8 lo\u00a0<i>zelo apostolico<\/i>. Si tratta di una dimensione vitale per la Chiesa: la comunit\u00e0 dei discepoli di Ges\u00f9 nasce infatti apostolica, nasce missionaria, non proselitista e dall\u2019inizio dovevamo distinguere questo: essere missionario, essere apostolico, evangelizzare non \u00e8 lo stesso di fare proselitismo, niente a che vedere una cosa con l\u2019altra. Si tratta di una dimensione vitale per la Chiesa, la comunit\u00e0 dei discepoli di Ges\u00f9 nasce apostolica e missionaria. Lo Spirito Santo la plasma in uscita &#8211; la Chiesa in uscita, che esce &#8211; , perch\u00e9 non sia ripiegata su s\u00e9 stessa, ma estroversa, testimone contagiosa di Ges\u00f9 la fede si contagia, pure -, protesa a irradiare la sua luce fino agli estremi confini della terra. Pu\u00f2 succedere, per\u00f2, che l\u2019ardore apostolico, il desiderio di raggiungere gli altri con il buon annuncio del Vangelo, diminuisca, divenga tiepido. A volte sembra eclissarsi, sono cristiani chiusi, non pensano agli altri. Ma quando la vita cristiana perde di vista l\u2019orizzonte dell\u2019evangelizzazione, l\u2019orizzonte dell\u2019annuncio, si ammala: si chiude in s\u00e9 stessa, diventa autoreferenziale, si atrofizza. Senza zelo apostolico, la fede appassisce. La missione \u00e8 invece l\u2019ossigeno della vita cristiana: la tonifica e la purifica. Intraprendiamo allora un percorso alla riscoperta della passione evangelizzatrice, iniziando dalle Scritture e dall\u2019insegnamento della Chiesa, per attingere alle fonti lo zelo apostolico. Poi ci accosteremo ad alcune sorgenti vive, ad alcuni testimoni che hanno riacceso nella Chiesa la passione per il Vangelo, perch\u00e9 ci aiutino a ravvivare il fuoco che lo Spirito Santo vuole far ardere sempre in noi.<\/p>\n<p>E oggi vorrei iniziare da un episodio evangelico in qualche modo emblematico lo abbiamo sentito: la chiamata dell\u2019apostolo Matteo, e lui stesso la racconta nel suo Vangelo, nel brano che abbiamo ascoltato (cfr 9,9-13).<\/p>\n<p>Tutto inizia da Ges\u00f9, il quale \u201cvede\u201d \u2013 dice il testo \u2013 \u00abun uomo\u00bb. In pochi vedevano Matteo cos\u00ec com\u2019era: lo conoscevano come colui che stava \u00abseduto al banco delle imposte\u00bb (v. 9). Era infatti esattore delle tasse: uno, cio\u00e8, che riscuoteva i tributi per conto dell\u2019impero romano che occupava la Palestina. In altre parole, era un collaborazionista, un traditore del popolo. Possiamo immaginare il disprezzo che la gente provava per lui: era un \u201cpubblicano\u201d, cos\u00ec si chiamava. Ma, agli occhi di Ges\u00f9, Matteo \u00e8 un uomo, con le sue miserie e la sua grandezza. State attenti a questo: Ges\u00f9 non si ferma agli aggettivi, Ges\u00f9 sempre cerca il sostantivo. \u201cQuesto \u00e8 un peccatore, questo \u00e8 un tale per quale\u2026\u201d sono degli aggettivi: Ges\u00f9 va alla persona, al cuore, questa \u00e8 una persona, questo \u00e8 un uomo, questa \u00e8 una donna, Ges\u00f9 va alla sostanza, al sostantivo, mai all\u2019aggettivo, lascia perdere gli aggettivi. E mentre tra Matteo e la sua gente c\u2019\u00e8 distanza &#8211; perch\u00e9 loro vedevano l\u2019aggettivo, \u201cpubblicano\u201d &#8211; , Ges\u00f9 si avvicina a lui, perch\u00e9\u00a0<i>ogni uomo<\/i>\u00a0\u00e8 amato da Dio; \u201cAnche questo disgraziato?\u201d. S\u00ec, anche questo disgraziato, anzi Lui \u00e8 venuto per questo disgraziato, lo dice il Vangelo: \u201cIo sono venuto per i peccatori, non per i giusti\u201d. Questo\u00a0<i>sguardo\u00a0<\/i>di Ges\u00f9 che \u00e8 bellissimo, che vede l\u2019altro, chiunque sia, come destinatario di amore, \u00e8 l\u2019inizio della passione evangelizzatrice. Tutto parte da questo sguardo, che impariamo da Ges\u00f9.<\/p>\n<p>Possiamo chiederci: com\u2019\u00e8 il nostro sguardo verso gli altri? Quante volte ne vediamo i difetti e non le necessit\u00e0; quante volte etichettiamo le persone per ci\u00f2 che fanno o ci\u00f2 che pensano! Anche come cristiani ci diciamo: \u00e8 dei nostri o non \u00e8 dei nostri? Questo non \u00e8 lo sguardo di Ges\u00f9: Lui guarda sempre ciascuno con misericordia anzi con predilezione. E i cristiani sono chiamati a fare come Cristo, guardando come Lui specialmente i cosiddetti \u201clontani\u201d. Infatti, il racconto della chiamata di Matteo si conclude con Ges\u00f9 che dice: \u00abNon sono venuto a chiamare i giusti, ma i peccatori\u00bb (v. 13). E se ognuno di noi si sente giusto, Ges\u00f9 \u00e8 lontano, Lui si avvicina ai nostri limiti e alle nostre miserie, per guarirci.<\/p>\n<p>Dunque, tutto inizia dallo sguardo di Ges\u00f9 \u201cVide un uomo\u201d, Matteo. A questo segue \u2013 secondo passaggio \u2013\u00a0<i>un movimento<\/i>. Prima lo sguardo, Ges\u00f9 vide, poi il secondo passaggio, il movimento. Matteo era seduto al banco delle imposte; Ges\u00f9 gli disse: \u00abSeguimi\u00bb. Ed egli \u00absi alz\u00f2 e lo segu\u00ec\u00bb (v. 9). Notiamo che il testo sottolinea che \u201c<i>si alz\u00f2<\/i>\u201d. Perch\u00e9 \u00e8 tanto importante questo dettaglio? Perch\u00e9 a quei tempi chi era seduto aveva autorit\u00e0 sugli altri, che stavano in piedi davanti a lui per ascoltarlo o, come in quel caso, per pagare il tributo. Chi stava seduto, insomma, aveva potere. La prima cosa che fa Ges\u00f9 \u00e8 staccare Matteo dal potere: dallo stare seduto a ricevere gli altri lo pone in movimento verso gli altri, non riceve, no: va agli altri; gli fa lasciare una posizione di supremazia per metterlo alla pari con i fratelli e aprirgli\u00a0<i>gli orizzonti del servizio<\/i>. Questo fa e questo \u00e8 fondamentale per i cristiani: noi discepoli di Ges\u00f9, noi Chiesa, stiamo seduti aspettando che la gente venga o sappiamo alzarci, metterci in cammino con gli altri, cercare gli altri? \u00c8 una posizione non cristiana dire: \u201cMa che vengano, io sono qui, che vengano.\u201d No, vai tu a cercarli, fai tu il primo passo.<\/p>\n<p>Uno sguardo &#8211; Ges\u00f9 vide &#8211; , un movimento \u2013 si alza \u2013 e terzo,\u00a0<i>una meta<\/i>. Dopo essersi alzato e aver seguito Ges\u00f9, dove andr\u00e0 Matteo? Potremmo immaginare che, cambiata la vita di quell\u2019uomo, il Maestro lo conduca verso nuovi incontri, nuove esperienze spirituali. No, o almeno non subito. Per prima cosa Ges\u00f9 va a casa sua; l\u00ec Matteo gli prepara \u00abun grande banchetto\u00bb, a cui \u00abpartecipa una folla numerosa di pubblicani\u00bb (<i>Lc<\/i>\u00a05,29) cio\u00e8 gente come lui. Matteo torna nel suo ambiente, ma ci torna cambiato e con Ges\u00f9. Il suo zelo apostolico non comincia in un luogo nuovo, puro, un luogo ideale, lontano, ma l\u00ec, comincia dove vive, con la gente che conosce. Ecco il messaggio per noi: non dobbiamo attendere di essere perfetti e di aver fatto un lungo cammino dietro a Ges\u00f9 per testimoniarlo; il nostro annuncio comincia oggi, l\u00ec dove viviamo. E non comincia cercando di convincere gli altri, convincere no: ma testimoniando ogni giorno la bellezza dell\u2019Amore che ci ha guardati e ci ha rialzati e sar\u00e0 questa bellezza, comunicare questa bellezza a convincere la gente, non comunicare noi, ma lo stesso Signore. Noi siamo quelli che annunciano il Signore, non annunciamo noi stessi, n\u00e9 annunciamo un partito politico, una ideologia, no: annunciamo Ges\u00f9. Bisogna mettere in contatto Ges\u00f9 con la gente, senza convincerli, ma lasciare che il Signore convinca. Come infatti ci ha insegnato Papa Benedetto, \u00abla Chiesa non fa proselitismo. Essa si sviluppa piuttosto\u00a0<i>per attrazione<\/i>\u00bb \u00a0(<a href=\"https:\/\/www.vatican.va\/content\/benedict-xvi\/it\/homilies\/2007\/documents\/hf_ben-xvi_hom_20070513_conference-brazil.html\"><i>Omelia nella Messa inaugurale della V Conferenza Generale dell\u2019Episcopato Latinoamericano e dei Caraibi<\/i>, Aparecida<\/a>, 13 maggio 2007).<i>\u00a0<\/i>Non dimenticare questo: quando voi vedrete dei cristiani che fanno proselitismo, che ti fanno una lista di gente per venire\u2026 questi non sono cristiani, sono pagani travestiti da cristiani ma il cuore \u00e8 pagano. La Chiesa cresce non per proselitismo, cresce per attrazione. Una volta ricordo che in ospedale a Buenos Aires sono andate via le suore che lavoravano l\u00ec perch\u00e9 erano poche e non potevano portare avanti l\u2019ospedale ed \u00e8 venuta una comunit\u00e0 di suore dalla Corea e sono arrivate, pensiamo luned\u00ec per esempio, non ricordo il giorno. Hanno preso possesso della casa delle suore dell\u2019ospedale e il marted\u00ec sono scese a visitare gli ammalati dell\u2019ospedale, ma non parlavano una parola di spagnolo, soltanto parlavano il coreano e gli ammalati erano felici, perch\u00e9 commentavano: \u201cBrave queste suore, brave, brave\u201d &#8211; Ma cosa ti ha detto la suora? \u201cNiente, ma con lo sguardo mi ha parlato, hanno comunicato Ges\u00f9\u201d. Non comunicare se stessi, ma con lo sguardo, con i gesti, comunicare Ges\u00f9. Questa \u00e8 l\u2019attrazione, il contrario del proselitismo.<\/p>\n<p>Questa testimonianza attraente, questa testimonianza gioiosa \u00e8 la meta a cui ci porta Ges\u00f9 con il suo sguardo di amore e con il movimento di uscita che il suo Spirito suscita nel cuore. E noi possiamo pensare se il nostro sguardo assomiglia a quello di Ges\u00f9 per attrarre la gente, per avvicinare alla Chiesa. Pensiamo questo.<\/p>\n<p>______________________________<\/p>\n<p><b>Saluti<\/b><\/p>\n<p>Rivolgo un cordiale benvenuto ai pellegrini di lingua italiana. Incoraggio tutti a crescere ogni giorno di pi\u00f9 nell\u2019amore verso Ges\u00f9 annunciando il Vangelo soprattutto mediante la testimonianza della comunione nella carit\u00e0.<\/p>\n<p>Il mio pensiero va infine, come di consueto, ai giovani, ai malati, agli anziani e agli sposi novelli. Con lo slancio e la generosit\u00e0 di credenti in Cristo, siate sempre costruttori di pace e di armonia, mediante un costante impegno di dialogo con quanti vi stanno accanto.<\/p>\n<p>E non dimentichiamo la martoriata Ucraina, sempre nel nostro cuore; a questo popolo che sta sperimentando crudeli sofferenze esprimiamo il nostro affetto, la nostra vicinanza e la nostra preghiera. E ora sosterr\u00f2 alcuni istanti in silenzio davanti all\u2019icona conosciuta come Madonna del Popolo, venerata in Belarus, pregando per quel caro Paese e per la pace. Vi invito a unirvi spiritualmente a questa mia preghiera.<\/p>\n<p>A tutti voi la mia benedizione.<\/p>\n","protected":false},"excerpt":{"rendered":"<p>Il nuovo ciclo di catechesi di Papa Francesco<\/p>\n","protected":false},"author":17,"featured_media":68310,"comment_status":"closed","ping_status":"closed","sticky":false,"template":"","format":"standard","meta":{"_acf_changed":false,"_crdt_document":"","inline_featured_image":false,"footnotes":""},"categories":[67,111],"tags":[251,4952,579],"class_list":["post-68315","post","type-post","status-publish","format-standard","has-post-thumbnail","hentry","category-leone-xiv","category-udienza-generale","tag-papa-francesco","tag-trending-it","tag-udienza-generale"],"acf":[],"yoast_head":"<!-- This site is optimized with the Yoast SEO plugin v27.5 - https:\/\/yoast.com\/product\/yoast-seo-wordpress\/ -->\n<title>Passione per l&#039;evangelizzazione &#8211; Exaudi<\/title>\n<meta name=\"robots\" content=\"index, follow, max-snippet:-1, max-image-preview:large, max-video-preview:-1\" \/>\n<link rel=\"canonical\" href=\"https:\/\/exaudi.org\/it\/passione-per-levangelizzazione\/\" \/>\n<meta property=\"og:locale\" content=\"it_IT\" \/>\n<meta property=\"og:type\" content=\"article\" \/>\n<meta property=\"og:title\" content=\"Passione per l&#039;evangelizzazione &#8211; Exaudi\" \/>\n<meta property=\"og:description\" content=\"Il nuovo ciclo di catechesi di Papa Francesco\" \/>\n<meta property=\"og:url\" content=\"https:\/\/exaudi.org\/it\/passione-per-levangelizzazione\/\" \/>\n<meta property=\"og:site_name\" content=\"Exaudi\" \/>\n<meta property=\"article:publisher\" content=\"https:\/\/www.facebook.com\/ExaudiNews\" \/>\n<meta property=\"article:author\" content=\"https:\/\/www.facebook.com\/ExaudiNotizie\/\" \/>\n<meta property=\"article:published_time\" content=\"2023-01-11T15:07:55+00:00\" \/>\n<meta property=\"og:image\" content=\"https:\/\/exaudi.org\/wp-content\/uploads\/2023\/01\/RIS4645-scaled.jpg\" \/>\n\t<meta property=\"og:image:width\" content=\"2560\" \/>\n\t<meta property=\"og:image:height\" content=\"1707\" \/>\n\t<meta property=\"og:image:type\" content=\"image\/jpeg\" \/>\n<meta name=\"author\" content=\"Exaudi Redazione\" \/>\n<meta name=\"twitter:card\" content=\"summary_large_image\" \/>\n<meta name=\"twitter:creator\" content=\"@Exaudi_Notizie\" \/>\n<meta name=\"twitter:site\" content=\"@Exaudi_News\" \/>\n<meta name=\"twitter:label1\" content=\"Scritto da\" \/>\n\t<meta name=\"twitter:data1\" content=\"Exaudi Redazione\" \/>\n\t<meta name=\"twitter:label2\" content=\"Tempo di lettura stimato\" \/>\n\t<meta name=\"twitter:data2\" content=\"7 minuti\" \/>\n<script type=\"application\/ld+json\" class=\"yoast-schema-graph\">{\"@context\":\"https:\\\/\\\/schema.org\",\"@graph\":[{\"@type\":\"Article\",\"@id\":\"https:\\\/\\\/exaudi.org\\\/it\\\/passione-per-levangelizzazione\\\/#article\",\"isPartOf\":{\"@id\":\"https:\\\/\\\/exaudi.org\\\/it\\\/passione-per-levangelizzazione\\\/\"},\"author\":{\"name\":\"Exaudi Redazione\",\"@id\":\"https:\\\/\\\/exaudi.org\\\/#\\\/schema\\\/person\\\/e1ab6ed07c01774724dd96f925f3a5f0\"},\"headline\":\"Passione per l&#8217;evangelizzazione\",\"datePublished\":\"2023-01-11T15:07:55+00:00\",\"mainEntityOfPage\":{\"@id\":\"https:\\\/\\\/exaudi.org\\\/it\\\/passione-per-levangelizzazione\\\/\"},\"wordCount\":1639,\"image\":{\"@id\":\"https:\\\/\\\/exaudi.org\\\/it\\\/passione-per-levangelizzazione\\\/#primaryimage\"},\"thumbnailUrl\":\"https:\\\/\\\/exaudi.org\\\/wp-content\\\/uploads\\\/2023\\\/01\\\/RIS4645-scaled.jpg\",\"keywords\":[\"Papa Francesco\",\"Trending\",\"udienza generale\"],\"articleSection\":[\"Leone XIV\",\"Udienza generale\"],\"inLanguage\":\"it-IT\"},{\"@type\":\"WebPage\",\"@id\":\"https:\\\/\\\/exaudi.org\\\/it\\\/passione-per-levangelizzazione\\\/\",\"url\":\"https:\\\/\\\/exaudi.org\\\/it\\\/passione-per-levangelizzazione\\\/\",\"name\":\"Passione per l'evangelizzazione &#8211; Exaudi\",\"isPartOf\":{\"@id\":\"https:\\\/\\\/exaudi.org\\\/#website\"},\"primaryImageOfPage\":{\"@id\":\"https:\\\/\\\/exaudi.org\\\/it\\\/passione-per-levangelizzazione\\\/#primaryimage\"},\"image\":{\"@id\":\"https:\\\/\\\/exaudi.org\\\/it\\\/passione-per-levangelizzazione\\\/#primaryimage\"},\"thumbnailUrl\":\"https:\\\/\\\/exaudi.org\\\/wp-content\\\/uploads\\\/2023\\\/01\\\/RIS4645-scaled.jpg\",\"datePublished\":\"2023-01-11T15:07:55+00:00\",\"author\":{\"@id\":\"https:\\\/\\\/exaudi.org\\\/#\\\/schema\\\/person\\\/e1ab6ed07c01774724dd96f925f3a5f0\"},\"breadcrumb\":{\"@id\":\"https:\\\/\\\/exaudi.org\\\/it\\\/passione-per-levangelizzazione\\\/#breadcrumb\"},\"inLanguage\":\"it-IT\",\"potentialAction\":[{\"@type\":\"ReadAction\",\"target\":[\"https:\\\/\\\/exaudi.org\\\/it\\\/passione-per-levangelizzazione\\\/\"]}]},{\"@type\":\"ImageObject\",\"inLanguage\":\"it-IT\",\"@id\":\"https:\\\/\\\/exaudi.org\\\/it\\\/passione-per-levangelizzazione\\\/#primaryimage\",\"url\":\"https:\\\/\\\/exaudi.org\\\/wp-content\\\/uploads\\\/2023\\\/01\\\/RIS4645-scaled.jpg\",\"contentUrl\":\"https:\\\/\\\/exaudi.org\\\/wp-content\\\/uploads\\\/2023\\\/01\\\/RIS4645-scaled.jpg\",\"width\":2560,\"height\":1707,\"caption\":\"Vatican Media\"},{\"@type\":\"BreadcrumbList\",\"@id\":\"https:\\\/\\\/exaudi.org\\\/it\\\/passione-per-levangelizzazione\\\/#breadcrumb\",\"itemListElement\":[{\"@type\":\"ListItem\",\"position\":1,\"name\":\"Portada\",\"item\":\"https:\\\/\\\/exaudi.org\\\/it\\\/\"},{\"@type\":\"ListItem\",\"position\":2,\"name\":\"Passione per l&#8217;evangelizzazione\"}]},{\"@type\":\"WebSite\",\"@id\":\"https:\\\/\\\/exaudi.org\\\/#website\",\"url\":\"https:\\\/\\\/exaudi.org\\\/\",\"name\":\"Exaudi\",\"description\":\"News\",\"potentialAction\":[{\"@type\":\"SearchAction\",\"target\":{\"@type\":\"EntryPoint\",\"urlTemplate\":\"https:\\\/\\\/exaudi.org\\\/?s={search_term_string}\"},\"query-input\":{\"@type\":\"PropertyValueSpecification\",\"valueRequired\":true,\"valueName\":\"search_term_string\"}}],\"inLanguage\":\"it-IT\"},{\"@type\":\"Person\",\"@id\":\"https:\\\/\\\/exaudi.org\\\/#\\\/schema\\\/person\\\/e1ab6ed07c01774724dd96f925f3a5f0\",\"name\":\"Exaudi Redazione\",\"image\":{\"@type\":\"ImageObject\",\"inLanguage\":\"it-IT\",\"@id\":\"https:\\\/\\\/secure.gravatar.com\\\/avatar\\\/ad6774b3ada023bf5b939d64f45c94b3adf91502dd883507d469b4308a943bb3?s=96&d=mm&r=g\",\"url\":\"https:\\\/\\\/secure.gravatar.com\\\/avatar\\\/ad6774b3ada023bf5b939d64f45c94b3adf91502dd883507d469b4308a943bb3?s=96&d=mm&r=g\",\"contentUrl\":\"https:\\\/\\\/secure.gravatar.com\\\/avatar\\\/ad6774b3ada023bf5b939d64f45c94b3adf91502dd883507d469b4308a943bb3?s=96&d=mm&r=g\",\"caption\":\"Exaudi Redazione\"},\"description\":\"Che cosa \u00e8 Exaudi News? Exaudi News \u00e8 un agenzia cattolica internazionale che informa, istruisce e trasforma quotidianamente in spagnolo, inglese e italiano. Attraverso notizie, articoli di analisi e trasmissioni in diretta degli eventi del Papa, Exaudi cerca di rafforzare l'unit\u00e0 dei cristiani e di contribuire all'evangelizzazione del mondo, sempre guidato dalla dottrina sociale della Chiesa. Lavoriamo per portare la verit\u00e0 e i valori cristiani in ogni angolo del pianeta. Aiutaci a trasformare il mondo con Exaudi! Noi di Exaudi crediamo che l'evangelizzazione e l'informazione di qualit\u00e0 possano cambiare la vita. Per continuare la nostra missione ed espandere la nostra portata, abbiamo bisogno del tuo aiuto. Stiamo anche cercando persone motivate che vogliano unirsi al nostro team. Grazie al vostro sostegno raggiungeremo pi\u00f9 persone, diffonderemo il messaggio di Cristo e rafforzeremo l'unit\u00e0 dei cristiani. Vuoi unirti alla nostra missione? Per maggiori informazioni su come contribuire, visita Exaudi.org\\\/it o contattaci direttamente: info@exaudi.org Exaudi: informa, forma e trasforma.\",\"sameAs\":[\"https:\\\/\\\/www.facebook.com\\\/ExaudiNotizie\\\/\",\"https:\\\/\\\/www.instagram.com\\\/Exaudi_notizie\\\/\",\"https:\\\/\\\/x.com\\\/Exaudi_Notizie\",\"https:\\\/\\\/www.youtube.com\\\/@exaudicatholicnews\"],\"url\":\"https:\\\/\\\/exaudi.org\\\/it\\\/author\\\/dlvedi-org\\\/\"}]}<\/script>\n<!-- \/ Yoast SEO plugin. -->","yoast_head_json":{"title":"Passione per l'evangelizzazione &#8211; Exaudi","robots":{"index":"index","follow":"follow","max-snippet":"max-snippet:-1","max-image-preview":"max-image-preview:large","max-video-preview":"max-video-preview:-1"},"canonical":"https:\/\/exaudi.org\/it\/passione-per-levangelizzazione\/","og_locale":"it_IT","og_type":"article","og_title":"Passione per l'evangelizzazione &#8211; Exaudi","og_description":"Il nuovo ciclo di catechesi di Papa Francesco","og_url":"https:\/\/exaudi.org\/it\/passione-per-levangelizzazione\/","og_site_name":"Exaudi","article_publisher":"https:\/\/www.facebook.com\/ExaudiNews","article_author":"https:\/\/www.facebook.com\/ExaudiNotizie\/","article_published_time":"2023-01-11T15:07:55+00:00","og_image":[{"width":2560,"height":1707,"url":"https:\/\/exaudi.org\/wp-content\/uploads\/2023\/01\/RIS4645-scaled.jpg","type":"image\/jpeg"}],"author":"Exaudi Redazione","twitter_card":"summary_large_image","twitter_creator":"@Exaudi_Notizie","twitter_site":"@Exaudi_News","twitter_misc":{"Scritto da":"Exaudi Redazione","Tempo di lettura stimato":"7 minuti"},"schema":{"@context":"https:\/\/schema.org","@graph":[{"@type":"Article","@id":"https:\/\/exaudi.org\/it\/passione-per-levangelizzazione\/#article","isPartOf":{"@id":"https:\/\/exaudi.org\/it\/passione-per-levangelizzazione\/"},"author":{"name":"Exaudi Redazione","@id":"https:\/\/exaudi.org\/#\/schema\/person\/e1ab6ed07c01774724dd96f925f3a5f0"},"headline":"Passione per l&#8217;evangelizzazione","datePublished":"2023-01-11T15:07:55+00:00","mainEntityOfPage":{"@id":"https:\/\/exaudi.org\/it\/passione-per-levangelizzazione\/"},"wordCount":1639,"image":{"@id":"https:\/\/exaudi.org\/it\/passione-per-levangelizzazione\/#primaryimage"},"thumbnailUrl":"https:\/\/exaudi.org\/wp-content\/uploads\/2023\/01\/RIS4645-scaled.jpg","keywords":["Papa Francesco","Trending","udienza generale"],"articleSection":["Leone XIV","Udienza generale"],"inLanguage":"it-IT"},{"@type":"WebPage","@id":"https:\/\/exaudi.org\/it\/passione-per-levangelizzazione\/","url":"https:\/\/exaudi.org\/it\/passione-per-levangelizzazione\/","name":"Passione per l'evangelizzazione &#8211; Exaudi","isPartOf":{"@id":"https:\/\/exaudi.org\/#website"},"primaryImageOfPage":{"@id":"https:\/\/exaudi.org\/it\/passione-per-levangelizzazione\/#primaryimage"},"image":{"@id":"https:\/\/exaudi.org\/it\/passione-per-levangelizzazione\/#primaryimage"},"thumbnailUrl":"https:\/\/exaudi.org\/wp-content\/uploads\/2023\/01\/RIS4645-scaled.jpg","datePublished":"2023-01-11T15:07:55+00:00","author":{"@id":"https:\/\/exaudi.org\/#\/schema\/person\/e1ab6ed07c01774724dd96f925f3a5f0"},"breadcrumb":{"@id":"https:\/\/exaudi.org\/it\/passione-per-levangelizzazione\/#breadcrumb"},"inLanguage":"it-IT","potentialAction":[{"@type":"ReadAction","target":["https:\/\/exaudi.org\/it\/passione-per-levangelizzazione\/"]}]},{"@type":"ImageObject","inLanguage":"it-IT","@id":"https:\/\/exaudi.org\/it\/passione-per-levangelizzazione\/#primaryimage","url":"https:\/\/exaudi.org\/wp-content\/uploads\/2023\/01\/RIS4645-scaled.jpg","contentUrl":"https:\/\/exaudi.org\/wp-content\/uploads\/2023\/01\/RIS4645-scaled.jpg","width":2560,"height":1707,"caption":"Vatican Media"},{"@type":"BreadcrumbList","@id":"https:\/\/exaudi.org\/it\/passione-per-levangelizzazione\/#breadcrumb","itemListElement":[{"@type":"ListItem","position":1,"name":"Portada","item":"https:\/\/exaudi.org\/it\/"},{"@type":"ListItem","position":2,"name":"Passione per l&#8217;evangelizzazione"}]},{"@type":"WebSite","@id":"https:\/\/exaudi.org\/#website","url":"https:\/\/exaudi.org\/","name":"Exaudi","description":"News","potentialAction":[{"@type":"SearchAction","target":{"@type":"EntryPoint","urlTemplate":"https:\/\/exaudi.org\/?s={search_term_string}"},"query-input":{"@type":"PropertyValueSpecification","valueRequired":true,"valueName":"search_term_string"}}],"inLanguage":"it-IT"},{"@type":"Person","@id":"https:\/\/exaudi.org\/#\/schema\/person\/e1ab6ed07c01774724dd96f925f3a5f0","name":"Exaudi Redazione","image":{"@type":"ImageObject","inLanguage":"it-IT","@id":"https:\/\/secure.gravatar.com\/avatar\/ad6774b3ada023bf5b939d64f45c94b3adf91502dd883507d469b4308a943bb3?s=96&d=mm&r=g","url":"https:\/\/secure.gravatar.com\/avatar\/ad6774b3ada023bf5b939d64f45c94b3adf91502dd883507d469b4308a943bb3?s=96&d=mm&r=g","contentUrl":"https:\/\/secure.gravatar.com\/avatar\/ad6774b3ada023bf5b939d64f45c94b3adf91502dd883507d469b4308a943bb3?s=96&d=mm&r=g","caption":"Exaudi Redazione"},"description":"Che cosa \u00e8 Exaudi News? Exaudi News \u00e8 un agenzia cattolica internazionale che informa, istruisce e trasforma quotidianamente in spagnolo, inglese e italiano. Attraverso notizie, articoli di analisi e trasmissioni in diretta degli eventi del Papa, Exaudi cerca di rafforzare l'unit\u00e0 dei cristiani e di contribuire all'evangelizzazione del mondo, sempre guidato dalla dottrina sociale della Chiesa. Lavoriamo per portare la verit\u00e0 e i valori cristiani in ogni angolo del pianeta. Aiutaci a trasformare il mondo con Exaudi! Noi di Exaudi crediamo che l'evangelizzazione e l'informazione di qualit\u00e0 possano cambiare la vita. Per continuare la nostra missione ed espandere la nostra portata, abbiamo bisogno del tuo aiuto. Stiamo anche cercando persone motivate che vogliano unirsi al nostro team. Grazie al vostro sostegno raggiungeremo pi\u00f9 persone, diffonderemo il messaggio di Cristo e rafforzeremo l'unit\u00e0 dei cristiani. Vuoi unirti alla nostra missione? Per maggiori informazioni su come contribuire, visita Exaudi.org\/it o contattaci direttamente: info@exaudi.org Exaudi: informa, forma e trasforma.","sameAs":["https:\/\/www.facebook.com\/ExaudiNotizie\/","https:\/\/www.instagram.com\/Exaudi_notizie\/","https:\/\/x.com\/Exaudi_Notizie","https:\/\/www.youtube.com\/@exaudicatholicnews"],"url":"https:\/\/exaudi.org\/it\/author\/dlvedi-org\/"}]}},"jetpack_featured_media_url":"https:\/\/exaudi.org\/wp-content\/uploads\/2023\/01\/RIS4645-scaled.jpg","jetpack_shortlink":"https:\/\/wp.me\/pgKjF2-hLR","_links":{"self":[{"href":"https:\/\/exaudi.org\/it\/wp-json\/wp\/v2\/posts\/68315","targetHints":{"allow":["GET"]}}],"collection":[{"href":"https:\/\/exaudi.org\/it\/wp-json\/wp\/v2\/posts"}],"about":[{"href":"https:\/\/exaudi.org\/it\/wp-json\/wp\/v2\/types\/post"}],"author":[{"embeddable":true,"href":"https:\/\/exaudi.org\/it\/wp-json\/wp\/v2\/users\/17"}],"replies":[{"embeddable":true,"href":"https:\/\/exaudi.org\/it\/wp-json\/wp\/v2\/comments?post=68315"}],"version-history":[{"count":0,"href":"https:\/\/exaudi.org\/it\/wp-json\/wp\/v2\/posts\/68315\/revisions"}],"wp:featuredmedia":[{"embeddable":true,"href":"https:\/\/exaudi.org\/it\/wp-json\/wp\/v2\/media\/68310"}],"wp:attachment":[{"href":"https:\/\/exaudi.org\/it\/wp-json\/wp\/v2\/media?parent=68315"}],"wp:term":[{"taxonomy":"category","embeddable":true,"href":"https:\/\/exaudi.org\/it\/wp-json\/wp\/v2\/categories?post=68315"},{"taxonomy":"post_tag","embeddable":true,"href":"https:\/\/exaudi.org\/it\/wp-json\/wp\/v2\/tags?post=68315"}],"curies":[{"name":"wp","href":"https:\/\/api.w.org\/{rel}","templated":true}]}}