{"id":68106,"date":"2023-01-08T17:05:42","date_gmt":"2023-01-08T16:05:42","guid":{"rendered":"https:\/\/exaudi.org\/?p=68106"},"modified":"2023-01-08T17:13:34","modified_gmt":"2023-01-08T16:13:34","slug":"festeggiate-la-data-del-vostro-battesimo-perche-e-il-compleanno-della-fede","status":"publish","type":"post","link":"https:\/\/exaudi.org\/it\/festeggiate-la-data-del-vostro-battesimo-perche-e-il-compleanno-della-fede\/","title":{"rendered":"Il Papa invita a pregare per le madri che hanno perso i loro bambini soldato ucraini e russi"},"content":{"rendered":"<p>Papa Francesco ha invitato i pellegrini e i fedeli riuniti in Piazza San Pietro a pregare per le madri che hanno perso i loro figli soldati ucraini e russi, ha detto dopo la preghiera dell&#8217;Angelus di domenica 8 gennaio 2023, festa del Battesimo del Signore.<\/p>\n<p>Queste le parole del Papa dopo la preghiera mariana, fornite dalla Sala Stampa della Santa Sede<\/p>\n<p><strong>Le parole del Papa<\/strong><\/p>\n<p><i>Cari fratelli e sorelle!<\/i><\/p>\n<p>Stamattina, secondo la consuetudine,\u00a0<a href=\"https:\/\/www.vatican.va\/content\/francesco\/it\/events\/event.dir.html\/content\/vaticanevents\/it\/2023\/1\/8\/battesimo.html\">ho battezzato nella Cappella Sistina alcuni neonati<\/a>, figli di dipendenti della Santa Sede e dello Stato della Citt\u00e0 del Vaticano. Ora per\u00f2, nella festa del Battesimo del Signore, mi \u00e8 caro estendere il saluto e la benedizione a tutti i bambini e le bambine che oggi o in questo periodo hanno ricevuto o riceveranno il Battesimo. E nello stesso tempo rinnovo a tutti \u2013 a me per primo \u2013 l\u2019invito a festeggiare la data in cui siamo stati battezzati, in cui cio\u00e8 siamo diventati cristiani. Vi domando: ognuno di voi sa la data del proprio Battesimo? Sicuramente qualcuno di voi non la sa. Domandate ai genitori, ai parenti, ai padrini: qual \u00e8 la data del mio Battesimo? E poi, ogni anno, festeggiare quella data, perch\u00e9 \u00e8 un nuovo compleanno, il compleanno della fede. Questo \u00e8 il lavoro per oggi, per ognuno di voi \u00e8: qual \u00e8 la mia data del Battesimo, cos\u00ec da poterla festeggiare.<\/p>\n<p>Ed ora rivolgo il mio saluto a voi, romani e pellegrini. Tanti polacchi ci sono qui!<\/p>\n<p>In particolare, saluto il coro \u201cLa voce degli Angeli\u201d, di Betlemme. Cari amici, grazie di cuore perch\u00e9, insieme ai vostri canti, voi portate il \u201cprofumo di Betlemme\u201d e la testimonianza della comunit\u00e0 cristiana della Terra Santa. Grazie! Preghiamo per voi e vi siamo vicini!<\/p>\n<p>E non dimentichiamo i nostri fratelli e sorelle ucraini! Soffrono tanto per la guerra! Questo Natale in guerra, senza luce, senza caldo, soffrono tanto! Per favore, non dimentichiamoli. E oggi, vedendo la Madonna che porta il bambino nel Presepio, che lo allatta, penso alle mamme delle vittima della guerra, dei soldati che sono caduti in questa guerra in Ucraina. Le mamme ucraine e le mamme russe, le une e le altre hanno perso i figli. Questo \u00e8 il prezzo della guerra. Preghiamo per le mamme che hanno perso i figli soldati, siano ucraine siano russe.<\/p>\n<p>A tutti auguro una buona domenica. Per favore, non dimenticatevi di pregare per me. Buon pranzo e arrivederci.<\/p>\n","protected":false},"excerpt":{"rendered":"<p>Le parole del Santo Padre dopo la preghiera mariana<\/p>\n","protected":false},"author":17,"featured_media":68101,"comment_status":"closed","ping_status":"closed","sticky":false,"template":"","format":"standard","meta":{"_acf_changed":false,"_crdt_document":"","inline_featured_image":false,"footnotes":""},"categories":[69,67],"tags":[8104,4952],"class_list":["post-68106","post","type-post","status-publish","format-standard","has-post-thumbnail","hentry","category-angelus-it","category-leone-xiv","tag-angelus-8-gennaio-2023","tag-trending-it"],"acf":[],"yoast_head":"<!-- This site is optimized with the Yoast SEO plugin v27.5 - https:\/\/yoast.com\/product\/yoast-seo-wordpress\/ -->\n<title>Il Papa invita a pregare per le madri che hanno perso i loro bambini soldato ucraini e russi &#8211; Exaudi<\/title>\n<meta name=\"robots\" content=\"index, follow, max-snippet:-1, max-image-preview:large, max-video-preview:-1\" \/>\n<link rel=\"canonical\" href=\"https:\/\/exaudi.org\/it\/pope-invites-prayers-for-mothers-who-have-lost-their-ukrainian-and-russian-child-soldiers\/\" \/>\n<meta property=\"og:locale\" content=\"it_IT\" \/>\n<meta property=\"og:type\" content=\"article\" \/>\n<meta property=\"og:title\" content=\"Il Papa invita a pregare per le madri che hanno perso i loro bambini soldato ucraini e russi &#8211; Exaudi\" \/>\n<meta property=\"og:description\" content=\"Le parole del Santo Padre dopo la preghiera mariana\" \/>\n<meta property=\"og:url\" content=\"https:\/\/exaudi.org\/pope-invites-prayers-for-mothers-who-have-lost-their-ukrainian-and-russian-child-soldiers\/\" \/>\n<meta property=\"og:site_name\" content=\"Exaudi\" \/>\n<meta property=\"article:publisher\" content=\"https:\/\/www.facebook.com\/ExaudiNews\" \/>\n<meta property=\"article:author\" content=\"https:\/\/www.facebook.com\/ExaudiNotizie\/\" \/>\n<meta property=\"article:published_time\" content=\"2023-01-08T16:05:42+00:00\" \/>\n<meta property=\"article:modified_time\" content=\"2023-01-08T16:13:34+00:00\" \/>\n<meta property=\"og:image\" content=\"https:\/\/exaudi.org\/wp-content\/uploads\/2023\/01\/Angelus-8-enero-scaled.jpg\" \/>\n\t<meta property=\"og:image:width\" content=\"2560\" \/>\n\t<meta property=\"og:image:height\" content=\"1707\" \/>\n\t<meta property=\"og:image:type\" content=\"image\/jpeg\" \/>\n<meta name=\"author\" content=\"Exaudi Redazione\" \/>\n<meta name=\"twitter:card\" content=\"summary_large_image\" \/>\n<meta name=\"twitter:creator\" content=\"@Exaudi_Notizie\" \/>\n<meta name=\"twitter:site\" content=\"@Exaudi_News\" \/>\n<meta name=\"twitter:label1\" content=\"Scritto da\" \/>\n\t<meta name=\"twitter:data1\" content=\"Exaudi Redazione\" \/>\n\t<meta name=\"twitter:label2\" content=\"Tempo di lettura stimato\" \/>\n\t<meta name=\"twitter:data2\" content=\"2 minuti\" \/>\n<script type=\"application\/ld+json\" class=\"yoast-schema-graph\">{\"@context\":\"https:\\\/\\\/schema.org\",\"@graph\":[{\"@type\":\"Article\",\"@id\":\"https:\\\/\\\/exaudi.org\\\/pope-invites-prayers-for-mothers-who-have-lost-their-ukrainian-and-russian-child-soldiers\\\/#article\",\"isPartOf\":{\"@id\":\"https:\\\/\\\/exaudi.org\\\/pope-invites-prayers-for-mothers-who-have-lost-their-ukrainian-and-russian-child-soldiers\\\/\"},\"author\":{\"name\":\"Exaudi Redazione\",\"@id\":\"https:\\\/\\\/exaudi.org\\\/#\\\/schema\\\/person\\\/e1ab6ed07c01774724dd96f925f3a5f0\"},\"headline\":\"Il Papa invita a pregare per le madri che hanno perso i loro bambini soldato ucraini e russi\",\"datePublished\":\"2023-01-08T16:05:42+00:00\",\"dateModified\":\"2023-01-08T16:13:34+00:00\",\"mainEntityOfPage\":{\"@id\":\"https:\\\/\\\/exaudi.org\\\/pope-invites-prayers-for-mothers-who-have-lost-their-ukrainian-and-russian-child-soldiers\\\/\"},\"wordCount\":410,\"image\":{\"@id\":\"https:\\\/\\\/exaudi.org\\\/pope-invites-prayers-for-mothers-who-have-lost-their-ukrainian-and-russian-child-soldiers\\\/#primaryimage\"},\"thumbnailUrl\":\"https:\\\/\\\/exaudi.org\\\/wp-content\\\/uploads\\\/2023\\\/01\\\/Angelus-8-enero-scaled.jpg\",\"keywords\":[\"Angelus 8 Gennaio 2023\",\"Trending\"],\"articleSection\":[\"Angelus\",\"Leone XIV\"],\"inLanguage\":\"it-IT\"},{\"@type\":\"WebPage\",\"@id\":\"https:\\\/\\\/exaudi.org\\\/pope-invites-prayers-for-mothers-who-have-lost-their-ukrainian-and-russian-child-soldiers\\\/\",\"url\":\"https:\\\/\\\/exaudi.org\\\/pope-invites-prayers-for-mothers-who-have-lost-their-ukrainian-and-russian-child-soldiers\\\/\",\"name\":\"Il Papa invita a pregare per le madri che hanno perso i loro bambini soldato ucraini e russi &#8211; Exaudi\",\"isPartOf\":{\"@id\":\"https:\\\/\\\/exaudi.org\\\/#website\"},\"primaryImageOfPage\":{\"@id\":\"https:\\\/\\\/exaudi.org\\\/pope-invites-prayers-for-mothers-who-have-lost-their-ukrainian-and-russian-child-soldiers\\\/#primaryimage\"},\"image\":{\"@id\":\"https:\\\/\\\/exaudi.org\\\/pope-invites-prayers-for-mothers-who-have-lost-their-ukrainian-and-russian-child-soldiers\\\/#primaryimage\"},\"thumbnailUrl\":\"https:\\\/\\\/exaudi.org\\\/wp-content\\\/uploads\\\/2023\\\/01\\\/Angelus-8-enero-scaled.jpg\",\"datePublished\":\"2023-01-08T16:05:42+00:00\",\"dateModified\":\"2023-01-08T16:13:34+00:00\",\"author\":{\"@id\":\"https:\\\/\\\/exaudi.org\\\/#\\\/schema\\\/person\\\/e1ab6ed07c01774724dd96f925f3a5f0\"},\"breadcrumb\":{\"@id\":\"https:\\\/\\\/exaudi.org\\\/pope-invites-prayers-for-mothers-who-have-lost-their-ukrainian-and-russian-child-soldiers\\\/#breadcrumb\"},\"inLanguage\":\"it-IT\",\"potentialAction\":[{\"@type\":\"ReadAction\",\"target\":[\"https:\\\/\\\/exaudi.org\\\/pope-invites-prayers-for-mothers-who-have-lost-their-ukrainian-and-russian-child-soldiers\\\/\"]}]},{\"@type\":\"ImageObject\",\"inLanguage\":\"it-IT\",\"@id\":\"https:\\\/\\\/exaudi.org\\\/pope-invites-prayers-for-mothers-who-have-lost-their-ukrainian-and-russian-child-soldiers\\\/#primaryimage\",\"url\":\"https:\\\/\\\/exaudi.org\\\/wp-content\\\/uploads\\\/2023\\\/01\\\/Angelus-8-enero-scaled.jpg\",\"contentUrl\":\"https:\\\/\\\/exaudi.org\\\/wp-content\\\/uploads\\\/2023\\\/01\\\/Angelus-8-enero-scaled.jpg\",\"width\":2560,\"height\":1707,\"caption\":\"\u00a9 Vatican Media\"},{\"@type\":\"BreadcrumbList\",\"@id\":\"https:\\\/\\\/exaudi.org\\\/pope-invites-prayers-for-mothers-who-have-lost-their-ukrainian-and-russian-child-soldiers\\\/#breadcrumb\",\"itemListElement\":[{\"@type\":\"ListItem\",\"position\":1,\"name\":\"Portada\",\"item\":\"https:\\\/\\\/exaudi.org\\\/it\\\/\"},{\"@type\":\"ListItem\",\"position\":2,\"name\":\"Il Papa invita a pregare per le madri che hanno perso i loro bambini soldato ucraini e russi\"}]},{\"@type\":\"WebSite\",\"@id\":\"https:\\\/\\\/exaudi.org\\\/#website\",\"url\":\"https:\\\/\\\/exaudi.org\\\/\",\"name\":\"Exaudi\",\"description\":\"News\",\"potentialAction\":[{\"@type\":\"SearchAction\",\"target\":{\"@type\":\"EntryPoint\",\"urlTemplate\":\"https:\\\/\\\/exaudi.org\\\/?s={search_term_string}\"},\"query-input\":{\"@type\":\"PropertyValueSpecification\",\"valueRequired\":true,\"valueName\":\"search_term_string\"}}],\"inLanguage\":\"it-IT\"},{\"@type\":\"Person\",\"@id\":\"https:\\\/\\\/exaudi.org\\\/#\\\/schema\\\/person\\\/e1ab6ed07c01774724dd96f925f3a5f0\",\"name\":\"Exaudi Redazione\",\"image\":{\"@type\":\"ImageObject\",\"inLanguage\":\"it-IT\",\"@id\":\"https:\\\/\\\/secure.gravatar.com\\\/avatar\\\/ad6774b3ada023bf5b939d64f45c94b3adf91502dd883507d469b4308a943bb3?s=96&d=mm&r=g\",\"url\":\"https:\\\/\\\/secure.gravatar.com\\\/avatar\\\/ad6774b3ada023bf5b939d64f45c94b3adf91502dd883507d469b4308a943bb3?s=96&d=mm&r=g\",\"contentUrl\":\"https:\\\/\\\/secure.gravatar.com\\\/avatar\\\/ad6774b3ada023bf5b939d64f45c94b3adf91502dd883507d469b4308a943bb3?s=96&d=mm&r=g\",\"caption\":\"Exaudi Redazione\"},\"description\":\"Che cosa \u00e8 Exaudi News? Exaudi News \u00e8 un agenzia cattolica internazionale che informa, istruisce e trasforma quotidianamente in spagnolo, inglese e italiano. Attraverso notizie, articoli di analisi e trasmissioni in diretta degli eventi del Papa, Exaudi cerca di rafforzare l'unit\u00e0 dei cristiani e di contribuire all'evangelizzazione del mondo, sempre guidato dalla dottrina sociale della Chiesa. Lavoriamo per portare la verit\u00e0 e i valori cristiani in ogni angolo del pianeta. Aiutaci a trasformare il mondo con Exaudi! Noi di Exaudi crediamo che l'evangelizzazione e l'informazione di qualit\u00e0 possano cambiare la vita. Per continuare la nostra missione ed espandere la nostra portata, abbiamo bisogno del tuo aiuto. Stiamo anche cercando persone motivate che vogliano unirsi al nostro team. Grazie al vostro sostegno raggiungeremo pi\u00f9 persone, diffonderemo il messaggio di Cristo e rafforzeremo l'unit\u00e0 dei cristiani. Vuoi unirti alla nostra missione? Per maggiori informazioni su come contribuire, visita Exaudi.org\\\/it o contattaci direttamente: info@exaudi.org Exaudi: informa, forma e trasforma.\",\"sameAs\":[\"https:\\\/\\\/www.facebook.com\\\/ExaudiNotizie\\\/\",\"https:\\\/\\\/www.instagram.com\\\/Exaudi_notizie\\\/\",\"https:\\\/\\\/x.com\\\/Exaudi_Notizie\",\"https:\\\/\\\/www.youtube.com\\\/@exaudicatholicnews\"],\"url\":\"https:\\\/\\\/exaudi.org\\\/it\\\/author\\\/dlvedi-org\\\/\"}]}<\/script>\n<!-- \/ Yoast SEO plugin. -->","yoast_head_json":{"title":"Il Papa invita a pregare per le madri che hanno perso i loro bambini soldato ucraini e russi &#8211; Exaudi","robots":{"index":"index","follow":"follow","max-snippet":"max-snippet:-1","max-image-preview":"max-image-preview:large","max-video-preview":"max-video-preview:-1"},"canonical":"https:\/\/exaudi.org\/it\/pope-invites-prayers-for-mothers-who-have-lost-their-ukrainian-and-russian-child-soldiers\/","og_locale":"it_IT","og_type":"article","og_title":"Il Papa invita a pregare per le madri che hanno perso i loro bambini soldato ucraini e russi &#8211; Exaudi","og_description":"Le parole del Santo Padre dopo la preghiera mariana","og_url":"https:\/\/exaudi.org\/pope-invites-prayers-for-mothers-who-have-lost-their-ukrainian-and-russian-child-soldiers\/","og_site_name":"Exaudi","article_publisher":"https:\/\/www.facebook.com\/ExaudiNews","article_author":"https:\/\/www.facebook.com\/ExaudiNotizie\/","article_published_time":"2023-01-08T16:05:42+00:00","article_modified_time":"2023-01-08T16:13:34+00:00","og_image":[{"width":2560,"height":1707,"url":"https:\/\/exaudi.org\/wp-content\/uploads\/2023\/01\/Angelus-8-enero-scaled.jpg","type":"image\/jpeg"}],"author":"Exaudi Redazione","twitter_card":"summary_large_image","twitter_creator":"@Exaudi_Notizie","twitter_site":"@Exaudi_News","twitter_misc":{"Scritto da":"Exaudi Redazione","Tempo di lettura stimato":"2 minuti"},"schema":{"@context":"https:\/\/schema.org","@graph":[{"@type":"Article","@id":"https:\/\/exaudi.org\/pope-invites-prayers-for-mothers-who-have-lost-their-ukrainian-and-russian-child-soldiers\/#article","isPartOf":{"@id":"https:\/\/exaudi.org\/pope-invites-prayers-for-mothers-who-have-lost-their-ukrainian-and-russian-child-soldiers\/"},"author":{"name":"Exaudi Redazione","@id":"https:\/\/exaudi.org\/#\/schema\/person\/e1ab6ed07c01774724dd96f925f3a5f0"},"headline":"Il Papa invita a pregare per le madri che hanno perso i loro bambini soldato ucraini e russi","datePublished":"2023-01-08T16:05:42+00:00","dateModified":"2023-01-08T16:13:34+00:00","mainEntityOfPage":{"@id":"https:\/\/exaudi.org\/pope-invites-prayers-for-mothers-who-have-lost-their-ukrainian-and-russian-child-soldiers\/"},"wordCount":410,"image":{"@id":"https:\/\/exaudi.org\/pope-invites-prayers-for-mothers-who-have-lost-their-ukrainian-and-russian-child-soldiers\/#primaryimage"},"thumbnailUrl":"https:\/\/exaudi.org\/wp-content\/uploads\/2023\/01\/Angelus-8-enero-scaled.jpg","keywords":["Angelus 8 Gennaio 2023","Trending"],"articleSection":["Angelus","Leone XIV"],"inLanguage":"it-IT"},{"@type":"WebPage","@id":"https:\/\/exaudi.org\/pope-invites-prayers-for-mothers-who-have-lost-their-ukrainian-and-russian-child-soldiers\/","url":"https:\/\/exaudi.org\/pope-invites-prayers-for-mothers-who-have-lost-their-ukrainian-and-russian-child-soldiers\/","name":"Il Papa invita a pregare per le madri che hanno perso i loro bambini soldato ucraini e russi &#8211; Exaudi","isPartOf":{"@id":"https:\/\/exaudi.org\/#website"},"primaryImageOfPage":{"@id":"https:\/\/exaudi.org\/pope-invites-prayers-for-mothers-who-have-lost-their-ukrainian-and-russian-child-soldiers\/#primaryimage"},"image":{"@id":"https:\/\/exaudi.org\/pope-invites-prayers-for-mothers-who-have-lost-their-ukrainian-and-russian-child-soldiers\/#primaryimage"},"thumbnailUrl":"https:\/\/exaudi.org\/wp-content\/uploads\/2023\/01\/Angelus-8-enero-scaled.jpg","datePublished":"2023-01-08T16:05:42+00:00","dateModified":"2023-01-08T16:13:34+00:00","author":{"@id":"https:\/\/exaudi.org\/#\/schema\/person\/e1ab6ed07c01774724dd96f925f3a5f0"},"breadcrumb":{"@id":"https:\/\/exaudi.org\/pope-invites-prayers-for-mothers-who-have-lost-their-ukrainian-and-russian-child-soldiers\/#breadcrumb"},"inLanguage":"it-IT","potentialAction":[{"@type":"ReadAction","target":["https:\/\/exaudi.org\/pope-invites-prayers-for-mothers-who-have-lost-their-ukrainian-and-russian-child-soldiers\/"]}]},{"@type":"ImageObject","inLanguage":"it-IT","@id":"https:\/\/exaudi.org\/pope-invites-prayers-for-mothers-who-have-lost-their-ukrainian-and-russian-child-soldiers\/#primaryimage","url":"https:\/\/exaudi.org\/wp-content\/uploads\/2023\/01\/Angelus-8-enero-scaled.jpg","contentUrl":"https:\/\/exaudi.org\/wp-content\/uploads\/2023\/01\/Angelus-8-enero-scaled.jpg","width":2560,"height":1707,"caption":"\u00a9 Vatican Media"},{"@type":"BreadcrumbList","@id":"https:\/\/exaudi.org\/pope-invites-prayers-for-mothers-who-have-lost-their-ukrainian-and-russian-child-soldiers\/#breadcrumb","itemListElement":[{"@type":"ListItem","position":1,"name":"Portada","item":"https:\/\/exaudi.org\/it\/"},{"@type":"ListItem","position":2,"name":"Il Papa invita a pregare per le madri che hanno perso i loro bambini soldato ucraini e russi"}]},{"@type":"WebSite","@id":"https:\/\/exaudi.org\/#website","url":"https:\/\/exaudi.org\/","name":"Exaudi","description":"News","potentialAction":[{"@type":"SearchAction","target":{"@type":"EntryPoint","urlTemplate":"https:\/\/exaudi.org\/?s={search_term_string}"},"query-input":{"@type":"PropertyValueSpecification","valueRequired":true,"valueName":"search_term_string"}}],"inLanguage":"it-IT"},{"@type":"Person","@id":"https:\/\/exaudi.org\/#\/schema\/person\/e1ab6ed07c01774724dd96f925f3a5f0","name":"Exaudi Redazione","image":{"@type":"ImageObject","inLanguage":"it-IT","@id":"https:\/\/secure.gravatar.com\/avatar\/ad6774b3ada023bf5b939d64f45c94b3adf91502dd883507d469b4308a943bb3?s=96&d=mm&r=g","url":"https:\/\/secure.gravatar.com\/avatar\/ad6774b3ada023bf5b939d64f45c94b3adf91502dd883507d469b4308a943bb3?s=96&d=mm&r=g","contentUrl":"https:\/\/secure.gravatar.com\/avatar\/ad6774b3ada023bf5b939d64f45c94b3adf91502dd883507d469b4308a943bb3?s=96&d=mm&r=g","caption":"Exaudi Redazione"},"description":"Che cosa \u00e8 Exaudi News? Exaudi News \u00e8 un agenzia cattolica internazionale che informa, istruisce e trasforma quotidianamente in spagnolo, inglese e italiano. Attraverso notizie, articoli di analisi e trasmissioni in diretta degli eventi del Papa, Exaudi cerca di rafforzare l'unit\u00e0 dei cristiani e di contribuire all'evangelizzazione del mondo, sempre guidato dalla dottrina sociale della Chiesa. Lavoriamo per portare la verit\u00e0 e i valori cristiani in ogni angolo del pianeta. Aiutaci a trasformare il mondo con Exaudi! Noi di Exaudi crediamo che l'evangelizzazione e l'informazione di qualit\u00e0 possano cambiare la vita. Per continuare la nostra missione ed espandere la nostra portata, abbiamo bisogno del tuo aiuto. Stiamo anche cercando persone motivate che vogliano unirsi al nostro team. Grazie al vostro sostegno raggiungeremo pi\u00f9 persone, diffonderemo il messaggio di Cristo e rafforzeremo l'unit\u00e0 dei cristiani. Vuoi unirti alla nostra missione? Per maggiori informazioni su come contribuire, visita Exaudi.org\/it o contattaci direttamente: info@exaudi.org Exaudi: informa, forma e trasforma.","sameAs":["https:\/\/www.facebook.com\/ExaudiNotizie\/","https:\/\/www.instagram.com\/Exaudi_notizie\/","https:\/\/x.com\/Exaudi_Notizie","https:\/\/www.youtube.com\/@exaudicatholicnews"],"url":"https:\/\/exaudi.org\/it\/author\/dlvedi-org\/"}]}},"jetpack_featured_media_url":"https:\/\/exaudi.org\/wp-content\/uploads\/2023\/01\/Angelus-8-enero-scaled.jpg","jetpack_shortlink":"https:\/\/wp.me\/pgKjF2-hIu","_links":{"self":[{"href":"https:\/\/exaudi.org\/it\/wp-json\/wp\/v2\/posts\/68106","targetHints":{"allow":["GET"]}}],"collection":[{"href":"https:\/\/exaudi.org\/it\/wp-json\/wp\/v2\/posts"}],"about":[{"href":"https:\/\/exaudi.org\/it\/wp-json\/wp\/v2\/types\/post"}],"author":[{"embeddable":true,"href":"https:\/\/exaudi.org\/it\/wp-json\/wp\/v2\/users\/17"}],"replies":[{"embeddable":true,"href":"https:\/\/exaudi.org\/it\/wp-json\/wp\/v2\/comments?post=68106"}],"version-history":[{"count":0,"href":"https:\/\/exaudi.org\/it\/wp-json\/wp\/v2\/posts\/68106\/revisions"}],"wp:featuredmedia":[{"embeddable":true,"href":"https:\/\/exaudi.org\/it\/wp-json\/wp\/v2\/media\/68101"}],"wp:attachment":[{"href":"https:\/\/exaudi.org\/it\/wp-json\/wp\/v2\/media?parent=68106"}],"wp:term":[{"taxonomy":"category","embeddable":true,"href":"https:\/\/exaudi.org\/it\/wp-json\/wp\/v2\/categories?post=68106"},{"taxonomy":"post_tag","embeddable":true,"href":"https:\/\/exaudi.org\/it\/wp-json\/wp\/v2\/tags?post=68106"}],"curies":[{"name":"wp","href":"https:\/\/api.w.org\/{rel}","templated":true}]}}