{"id":67825,"date":"2022-12-31T19:11:19","date_gmt":"2022-12-31T18:11:19","guid":{"rendered":"https:\/\/exaudi.org\/?p=67825"},"modified":"2023-01-01T13:12:45","modified_gmt":"2023-01-01T12:12:45","slug":"vespri-della-solennita-di-maria-santissima-madre-di-dio","status":"publish","type":"post","link":"https:\/\/exaudi.org\/it\/vespri-della-solennita-di-maria-santissima-madre-di-dio\/","title":{"rendered":"Vespri della Solennit\u00e0 di Maria Santissima Madre di Dio"},"content":{"rendered":"<p>Alle ore 17 di oggi, nella Basilica Vaticana, il Santo Padre Francesco ha presieduto i primi Vespri della Solennit\u00e0 di Maria Santissima Madre di Dio, cui ha fatto seguito l\u2019esposizione del Santissimo Sacramento, il tradizionale canto dell\u2019inno \u201cTe Deum\u201d, a conclusione dell\u2019anno civile, e la Benedizione Eucaristica. Al termine della celebrazione, Papa Francesco si \u00e8 recato in visita al Presepio allestito in Piazza San Pietro.<\/p>\n<p>Pubblichiamo di seguito l\u2019omelia che il Papa ha pronunciato nel corso della celebrazione dei Vespri:<\/p>\n<p><a name=\"omelia\"><\/a><b><u>Omelia del Santo Padre<\/u><\/b><\/p>\n<p>\u00abNato da donna\u00bb (<i>Gal<\/i>\u00a04,4).<\/p>\n<p>Quando, nella pienezza del tempo, Dio si \u00e8 fatto uomo, non \u00e8 venuto nel mondo piombando dall\u2019alto dei cieli; \u00e8 nato da Maria. Non \u00e8 nato\u00a0<i>in<\/i>\u00a0una donna ma\u00a0<i>da<\/i>\u00a0una donna. \u00c8 essenzialmente diverso: vuol dire che Dio ha voluto prendere la carne da lei. Non l\u2019ha usata, ma ha chiesto il suo \u201cs\u00ec\u201d, il suo consenso. E con lei ha cominciato il lento cammino della gestazione di una umanit\u00e0 libera dal peccato e piena di grazia e di verit\u00e0, piena di amore e di fedelt\u00e0. Un\u2019umanit\u00e0 bella, buona e vera, a immagine e somiglianza di Dio, eppure intessuta con la nostra carne offerta da Maria; mai senza di lei; sempre con il suo consenso; nella libert\u00e0, nella gratuit\u00e0, nel rispetto, nell\u2019amore.<\/p>\n<p>E questa \u00e8\u00a0<i>la via<\/i>\u00a0che ha scelto Dio per entrare nel mondo, per entrare nella storia, questo \u00e8\u00a0<i>il modo<\/i>. E questo modo \u00e8 essenziale, essenziale quanto il fatto stesso di essere venuto. La maternit\u00e0 divina di Maria \u2013 maternit\u00e0 verginale, verginit\u00e0 feconda \u2013 \u00e8 la via che rivela l\u2019estremo rispetto di Dio per la nostra libert\u00e0. Lui che ci ha creato senza di noi non vuole salvarci senza di noi (cfr S. Agostino,\u00a0<i>Sermo CLXIX<\/i>, 13).<\/p>\n<p>Questo suo modo di venire a salvarci \u00e8 la via sulla quale pure invita noi a seguirlo, per continuare insieme a Lui a tessere l\u2019umanit\u00e0 nuova, libera, riconciliata. Questa \u00e8 la parola: umanit\u00e0 riconciliata. \u00c8 uno stile, un modo di relazionarsi con noi da cui derivano le molteplici virt\u00f9 umane di una convivenza buona e dignitosa. Una di queste virt\u00f9 \u00e8 la\u00a0<i>gentilezza<\/i>, come stile di vita che favorisce la fraternit\u00e0 e l\u2019amicizia sociale (cfr Enc.\u00a0<i>Fratelli tutti<\/i>, 222-224).<\/p>\n<p>E parlando della gentilezza, in questo momento, il pensiero va spontaneamente al carissimo Papa emerito Benedetto XVI, che questa mattina ci ha lasciato. Con commozione ricordiamo la sua persona cos\u00ec nobile, cos\u00ec gentile. E sentiamo nel cuore tanta gratitudine: gratitudine a Dio per averlo donato alla Chiesa e al mondo; gratitudine a lui, per tutto il bene che ha compiuto, e soprattutto per la sua testimonianza di fede e di preghiera, specialmente in questi ultimi anni di vita ritirata. Solo Dio conosce il valore e la forza della sua intercessione, dei suoi sacrifici offerti per il bene della Chiesa.<\/p>\n<p>Questa sera vorrei riproporre la gentilezza anche come\u00a0<i>virt\u00f9 civica<\/i>, pensando in particolare alla nostra diocesi di Roma.<\/p>\n<p><i>La gentilezza \u00e8 un fattore importante della cultura del dialogo<\/i>, e il dialogo \u00e8 indispensabile per vivere in pace, per vivere da fratelli, che non sempre vanno d\u2019accordo \u2013 \u00e8 normale \u2013 ma che per\u00f2 si parlano, si ascoltano e cercano di comprendersi e di venirsi incontro. Pensiamo solo a \u00abche cosa sarebbe il mondo senza il dialogo paziente di tante persone generose che hanno tenuto unite famiglie e comunit\u00e0. Il dialogo perseverante e coraggioso non fa notizia come gli scontri e i conflitti, eppure aiuta discretamente il mondo a vivere meglio\u00bb (<i>ibid.<\/i>, 198). Ebbene, la gentilezza fa parte del dialogo. Non \u00e8 solo questione di \u201cgalateo\u201d; non \u00e8 questione di \u201cetichetta\u201d, di forme galanti\u2026 No, non \u00e8 questo che intendiamo qui parlando di gentilezza. Si tratta invece di una virt\u00f9 da recuperare e da esercitare ogni giorno, per andare controcorrente e umanizzare le nostre societ\u00e0.<\/p>\n<p><i>I danni dell\u2019individualismo consumista<\/i>\u00a0sono sotto gli occhi di tutti. E il danno pi\u00f9 grave \u00e8 che gli altri, le persone che ci circondano, vengono percepite come ostacoli alla nostra tranquillit\u00e0, alla nostra comodit\u00e0. Gli altri ci \u201cscomodano\u201d, ci disturbano, ci tolgono tempo e risorse per fare quello che ci piace. La societ\u00e0 individualistica e consumistica tende ad essere aggressiva, perch\u00e9 gli altri sono dei concorrenti con cui competere (cfr\u00a0<i>ibid<\/i>., 222). Eppure, proprio dentro queste nostre societ\u00e0, e anche nelle situazioni pi\u00f9 difficili, ci sono\u00a0<i>persone che dimostrano come sia \u00abancora possibile scegliere la gentilezza\u00bb<\/i>\u00a0e cos\u00ec, con il loro stile di vita, \u00abdiventano stelle in mezzo all\u2019oscurit\u00e0\u00bb (<i>ibid<\/i>.).<\/p>\n<p>San Paolo, nella stessa Lettera ai Galati da cui \u00e8 tratta la Lettura di questa liturgia, parla dei frutti dello Spirito Santo, e tra questi ne menziona uno con la parola greca\u00a0<i>chrestotes<\/i>\u00a0(cfr 5,22). Ecco, \u00e8 questo che possiamo intendere per \u201cgentilezza\u201d: un atteggiamento benevolo, che sostiene e conforta gli altri evitando ogni asprezza e durezza. Un modo di trattare il prossimo facendo attenzione a non ferire con le parole o con i gesti; cercando di alleggerire i pesi altrui, di incoraggiare, di confortare, di consolare; senza mai umiliare, mortificare o disprezzare (cfr\u00a0<i>Fratelli tutti<\/i>, 223).<\/p>\n<p>La gentilezza \u00e8 un\u00a0<i>antidoto contro alcune patologie delle nostre societ\u00e0<\/i>: un antidoto contro la crudelt\u00e0, che purtroppo si pu\u00f2 insinuare come un veleno nel cuore e intossicare le relazioni; un antidoto contro l\u2019ansiet\u00e0 e la frenesia distratta che ci fanno concentrare su noi stessi e ci chiudono agli altri (cfr\u00a0<i>ibid<\/i>., 224). Queste \u201cmalattie\u201d della nostra vita quotidiana ci rendono aggressivi, ci rendono incapaci di chiedere \u201cpermesso\u201d, oppure \u201cscusa\u201d, o di dire semplicemente \u201cgrazie\u201d. Le tre parole cos\u00ec umane della convivenza: permesso, scusa, grazie. Con queste tre parole si va avanti nella pace, nell\u2019amicizia umana. Sono le parole della gentilezza: permesso, scusa, grazie. Ci far\u00e0 bene pensare se noi le usiamo spesso nella nostra vita: permesso, scusa, grazie. E cos\u00ec, quando per la strada, o in un negozio, o in un ufficio incontriamo una persona gentile, rimaniamo stupiti, ci sembra un piccolo miracolo, perch\u00e9 purtroppo la gentilezza non \u00e8 pi\u00f9 molto comune. Per\u00f2, grazie a Dio, ci sono ancora persone gentili, che sanno mettere da parte le proprie preoccupazioni per prestare attenzione agli altri, per regalare un sorriso, una parola di incoraggiamento, per ascoltare qualcuno che ha bisogno di confidarsi e di sfogarsi (cfr\u00a0<i>ibid<\/i>.).<\/p>\n<p>Cari fratelli e sorelle, penso che recuperare la gentilezza come virt\u00f9 personale e civica possa aiutare non poco a migliorare la vita nelle famiglie, nelle comunit\u00e0, nelle citt\u00e0. Per questo, guardando al nuovo anno della citt\u00e0 di Roma, vorrei augurare a tutti noi che la abitiamo di crescere in questa virt\u00f9: la gentilezza. L\u2019esperienza insegna che essa, se diventa uno stile di vita, pu\u00f2 creare una convivenza sana, pu\u00f2 umanizzare i rapporti sociali sciogliendo l\u2019aggressivit\u00e0 e l\u2019indifferenza (cfr\u00a0<i>ibid<\/i>.).<\/p>\n<p>Guardiamo all\u2019icona della Vergine Maria. Oggi e domani, qui nella Basilica di San Pietro, possiamo venerarla anche nell\u2019effigie della Madonna del Carmine di Avigliano, presso Potenza. Non diamo per scontato il mistero della maternit\u00e0 divina! Lasciamoci stupire dalla scelta di Dio, che avrebbe potuto apparire nel mondo in mille modi mostrando la sua potenza, e invece ha voluto essere concepito in piena libert\u00e0 nel grembo di Maria, ha voluto formarsi per nove mesi come ogni bambino, e infine nascere da lei, nascere da donna. Non passiamo oltre velocemente, fermiamoci a contemplare e a meditare, perch\u00e9 qui c\u2019\u00e8 un tratto essenziale del mistero della salvezza. E cerchiamo di imparare il \u201cmetodo\u201d di Dio, il suo infinito rispetto, per cos\u00ec dire la sua \u201cgentilezza\u201d, perch\u00e9 nella maternit\u00e0 divina della Vergine c\u2019\u00e8 la via per un mondo pi\u00f9 umano.<\/p>\n","protected":false},"excerpt":{"rendered":"<p>Omelia che il Papa ha pronunciato nel corso della celebrazione dei Vespri<\/p>\n","protected":false},"author":17,"featured_media":67832,"comment_status":"closed","ping_status":"closed","sticky":false,"template":"","format":"standard","meta":{"_acf_changed":false,"_crdt_document":"","inline_featured_image":false,"footnotes":""},"categories":[67,113],"tags":[2487,251,8048],"class_list":["post-67825","post","type-post","status-publish","format-standard","has-post-thumbnail","hentry","category-leone-xiv","category-omelie","tag-featured-3","tag-papa-francesco","tag-vespri-della-solennita-di-maria-santissima-madre-di-dio"],"acf":[],"yoast_head":"<!-- This site is optimized with the Yoast SEO plugin v27.5 - https:\/\/yoast.com\/product\/yoast-seo-wordpress\/ -->\n<title>Vespri della Solennit\u00e0 di Maria Santissima Madre di Dio &#8211; Exaudi<\/title>\n<meta name=\"robots\" content=\"index, follow, max-snippet:-1, max-image-preview:large, max-video-preview:-1\" \/>\n<link rel=\"canonical\" href=\"https:\/\/exaudi.org\/it\/vespri-della-solennita-di-maria-santissima-madre-di-dio\/\" \/>\n<meta property=\"og:locale\" content=\"it_IT\" \/>\n<meta property=\"og:type\" content=\"article\" \/>\n<meta property=\"og:title\" content=\"Vespri della Solennit\u00e0 di Maria Santissima Madre di Dio &#8211; Exaudi\" \/>\n<meta property=\"og:description\" content=\"Omelia che il Papa ha pronunciato nel corso della celebrazione dei Vespri\" \/>\n<meta property=\"og:url\" content=\"https:\/\/exaudi.org\/it\/vespri-della-solennita-di-maria-santissima-madre-di-dio\/\" \/>\n<meta property=\"og:site_name\" content=\"Exaudi\" \/>\n<meta property=\"article:publisher\" content=\"https:\/\/www.facebook.com\/ExaudiNews\" \/>\n<meta property=\"article:author\" content=\"https:\/\/www.facebook.com\/ExaudiNotizie\/\" \/>\n<meta property=\"article:published_time\" content=\"2022-12-31T18:11:19+00:00\" \/>\n<meta property=\"article:modified_time\" content=\"2023-01-01T12:12:45+00:00\" \/>\n<meta property=\"og:image\" content=\"https:\/\/exaudi.org\/wp-content\/uploads\/2022\/12\/Visperas-scaled.jpg\" \/>\n\t<meta property=\"og:image:width\" content=\"1707\" \/>\n\t<meta property=\"og:image:height\" content=\"2560\" \/>\n\t<meta property=\"og:image:type\" content=\"image\/jpeg\" \/>\n<meta name=\"author\" content=\"Exaudi Redazione\" \/>\n<meta name=\"twitter:card\" content=\"summary_large_image\" \/>\n<meta name=\"twitter:creator\" content=\"@Exaudi_Notizie\" \/>\n<meta name=\"twitter:site\" content=\"@Exaudi_News\" \/>\n<meta name=\"twitter:label1\" content=\"Scritto da\" \/>\n\t<meta name=\"twitter:data1\" content=\"Exaudi Redazione\" \/>\n\t<meta name=\"twitter:label2\" content=\"Tempo di lettura stimato\" \/>\n\t<meta name=\"twitter:data2\" content=\"6 minuti\" \/>\n<script type=\"application\/ld+json\" class=\"yoast-schema-graph\">{\"@context\":\"https:\\\/\\\/schema.org\",\"@graph\":[{\"@type\":\"Article\",\"@id\":\"https:\\\/\\\/exaudi.org\\\/it\\\/vespri-della-solennita-di-maria-santissima-madre-di-dio\\\/#article\",\"isPartOf\":{\"@id\":\"https:\\\/\\\/exaudi.org\\\/it\\\/vespri-della-solennita-di-maria-santissima-madre-di-dio\\\/\"},\"author\":{\"name\":\"Exaudi Redazione\",\"@id\":\"https:\\\/\\\/exaudi.org\\\/#\\\/schema\\\/person\\\/e1ab6ed07c01774724dd96f925f3a5f0\"},\"headline\":\"Vespri della Solennit\u00e0 di Maria Santissima Madre di Dio\",\"datePublished\":\"2022-12-31T18:11:19+00:00\",\"dateModified\":\"2023-01-01T12:12:45+00:00\",\"mainEntityOfPage\":{\"@id\":\"https:\\\/\\\/exaudi.org\\\/it\\\/vespri-della-solennita-di-maria-santissima-madre-di-dio\\\/\"},\"wordCount\":1244,\"image\":{\"@id\":\"https:\\\/\\\/exaudi.org\\\/it\\\/vespri-della-solennita-di-maria-santissima-madre-di-dio\\\/#primaryimage\"},\"thumbnailUrl\":\"https:\\\/\\\/exaudi.org\\\/wp-content\\\/uploads\\\/2022\\\/12\\\/Visperas-scaled.jpg\",\"keywords\":[\"Featured\",\"Papa Francesco\",\"Vespri della Solennit\u00e0 di Maria Santissima Madre di Dio\"],\"articleSection\":[\"Leone XIV\",\"Omelie\"],\"inLanguage\":\"it-IT\"},{\"@type\":\"WebPage\",\"@id\":\"https:\\\/\\\/exaudi.org\\\/it\\\/vespri-della-solennita-di-maria-santissima-madre-di-dio\\\/\",\"url\":\"https:\\\/\\\/exaudi.org\\\/it\\\/vespri-della-solennita-di-maria-santissima-madre-di-dio\\\/\",\"name\":\"Vespri della Solennit\u00e0 di Maria Santissima Madre di Dio &#8211; Exaudi\",\"isPartOf\":{\"@id\":\"https:\\\/\\\/exaudi.org\\\/#website\"},\"primaryImageOfPage\":{\"@id\":\"https:\\\/\\\/exaudi.org\\\/it\\\/vespri-della-solennita-di-maria-santissima-madre-di-dio\\\/#primaryimage\"},\"image\":{\"@id\":\"https:\\\/\\\/exaudi.org\\\/it\\\/vespri-della-solennita-di-maria-santissima-madre-di-dio\\\/#primaryimage\"},\"thumbnailUrl\":\"https:\\\/\\\/exaudi.org\\\/wp-content\\\/uploads\\\/2022\\\/12\\\/Visperas-scaled.jpg\",\"datePublished\":\"2022-12-31T18:11:19+00:00\",\"dateModified\":\"2023-01-01T12:12:45+00:00\",\"author\":{\"@id\":\"https:\\\/\\\/exaudi.org\\\/#\\\/schema\\\/person\\\/e1ab6ed07c01774724dd96f925f3a5f0\"},\"breadcrumb\":{\"@id\":\"https:\\\/\\\/exaudi.org\\\/it\\\/vespri-della-solennita-di-maria-santissima-madre-di-dio\\\/#breadcrumb\"},\"inLanguage\":\"it-IT\",\"potentialAction\":[{\"@type\":\"ReadAction\",\"target\":[\"https:\\\/\\\/exaudi.org\\\/it\\\/vespri-della-solennita-di-maria-santissima-madre-di-dio\\\/\"]}]},{\"@type\":\"ImageObject\",\"inLanguage\":\"it-IT\",\"@id\":\"https:\\\/\\\/exaudi.org\\\/it\\\/vespri-della-solennita-di-maria-santissima-madre-di-dio\\\/#primaryimage\",\"url\":\"https:\\\/\\\/exaudi.org\\\/wp-content\\\/uploads\\\/2022\\\/12\\\/Visperas-scaled.jpg\",\"contentUrl\":\"https:\\\/\\\/exaudi.org\\\/wp-content\\\/uploads\\\/2022\\\/12\\\/Visperas-scaled.jpg\",\"width\":1707,\"height\":2560,\"caption\":\"Santa Mar\u00eda Madre de Dios \u00a9 Vatican Media\"},{\"@type\":\"BreadcrumbList\",\"@id\":\"https:\\\/\\\/exaudi.org\\\/it\\\/vespri-della-solennita-di-maria-santissima-madre-di-dio\\\/#breadcrumb\",\"itemListElement\":[{\"@type\":\"ListItem\",\"position\":1,\"name\":\"Portada\",\"item\":\"https:\\\/\\\/exaudi.org\\\/it\\\/\"},{\"@type\":\"ListItem\",\"position\":2,\"name\":\"Vespri della Solennit\u00e0 di Maria Santissima Madre di Dio\"}]},{\"@type\":\"WebSite\",\"@id\":\"https:\\\/\\\/exaudi.org\\\/#website\",\"url\":\"https:\\\/\\\/exaudi.org\\\/\",\"name\":\"Exaudi\",\"description\":\"News\",\"potentialAction\":[{\"@type\":\"SearchAction\",\"target\":{\"@type\":\"EntryPoint\",\"urlTemplate\":\"https:\\\/\\\/exaudi.org\\\/?s={search_term_string}\"},\"query-input\":{\"@type\":\"PropertyValueSpecification\",\"valueRequired\":true,\"valueName\":\"search_term_string\"}}],\"inLanguage\":\"it-IT\"},{\"@type\":\"Person\",\"@id\":\"https:\\\/\\\/exaudi.org\\\/#\\\/schema\\\/person\\\/e1ab6ed07c01774724dd96f925f3a5f0\",\"name\":\"Exaudi Redazione\",\"image\":{\"@type\":\"ImageObject\",\"inLanguage\":\"it-IT\",\"@id\":\"https:\\\/\\\/secure.gravatar.com\\\/avatar\\\/ad6774b3ada023bf5b939d64f45c94b3adf91502dd883507d469b4308a943bb3?s=96&d=mm&r=g\",\"url\":\"https:\\\/\\\/secure.gravatar.com\\\/avatar\\\/ad6774b3ada023bf5b939d64f45c94b3adf91502dd883507d469b4308a943bb3?s=96&d=mm&r=g\",\"contentUrl\":\"https:\\\/\\\/secure.gravatar.com\\\/avatar\\\/ad6774b3ada023bf5b939d64f45c94b3adf91502dd883507d469b4308a943bb3?s=96&d=mm&r=g\",\"caption\":\"Exaudi Redazione\"},\"description\":\"Che cosa \u00e8 Exaudi News? Exaudi News \u00e8 un agenzia cattolica internazionale che informa, istruisce e trasforma quotidianamente in spagnolo, inglese e italiano. Attraverso notizie, articoli di analisi e trasmissioni in diretta degli eventi del Papa, Exaudi cerca di rafforzare l'unit\u00e0 dei cristiani e di contribuire all'evangelizzazione del mondo, sempre guidato dalla dottrina sociale della Chiesa. Lavoriamo per portare la verit\u00e0 e i valori cristiani in ogni angolo del pianeta. Aiutaci a trasformare il mondo con Exaudi! Noi di Exaudi crediamo che l'evangelizzazione e l'informazione di qualit\u00e0 possano cambiare la vita. Per continuare la nostra missione ed espandere la nostra portata, abbiamo bisogno del tuo aiuto. Stiamo anche cercando persone motivate che vogliano unirsi al nostro team. Grazie al vostro sostegno raggiungeremo pi\u00f9 persone, diffonderemo il messaggio di Cristo e rafforzeremo l'unit\u00e0 dei cristiani. Vuoi unirti alla nostra missione? Per maggiori informazioni su come contribuire, visita Exaudi.org\\\/it o contattaci direttamente: info@exaudi.org Exaudi: informa, forma e trasforma.\",\"sameAs\":[\"https:\\\/\\\/www.facebook.com\\\/ExaudiNotizie\\\/\",\"https:\\\/\\\/www.instagram.com\\\/Exaudi_notizie\\\/\",\"https:\\\/\\\/x.com\\\/Exaudi_Notizie\",\"https:\\\/\\\/www.youtube.com\\\/@exaudicatholicnews\"],\"url\":\"https:\\\/\\\/exaudi.org\\\/it\\\/author\\\/dlvedi-org\\\/\"}]}<\/script>\n<!-- \/ Yoast SEO plugin. -->","yoast_head_json":{"title":"Vespri della Solennit\u00e0 di Maria Santissima Madre di Dio &#8211; Exaudi","robots":{"index":"index","follow":"follow","max-snippet":"max-snippet:-1","max-image-preview":"max-image-preview:large","max-video-preview":"max-video-preview:-1"},"canonical":"https:\/\/exaudi.org\/it\/vespri-della-solennita-di-maria-santissima-madre-di-dio\/","og_locale":"it_IT","og_type":"article","og_title":"Vespri della Solennit\u00e0 di Maria Santissima Madre di Dio &#8211; Exaudi","og_description":"Omelia che il Papa ha pronunciato nel corso della celebrazione dei Vespri","og_url":"https:\/\/exaudi.org\/it\/vespri-della-solennita-di-maria-santissima-madre-di-dio\/","og_site_name":"Exaudi","article_publisher":"https:\/\/www.facebook.com\/ExaudiNews","article_author":"https:\/\/www.facebook.com\/ExaudiNotizie\/","article_published_time":"2022-12-31T18:11:19+00:00","article_modified_time":"2023-01-01T12:12:45+00:00","og_image":[{"width":1707,"height":2560,"url":"https:\/\/exaudi.org\/wp-content\/uploads\/2022\/12\/Visperas-scaled.jpg","type":"image\/jpeg"}],"author":"Exaudi Redazione","twitter_card":"summary_large_image","twitter_creator":"@Exaudi_Notizie","twitter_site":"@Exaudi_News","twitter_misc":{"Scritto da":"Exaudi Redazione","Tempo di lettura stimato":"6 minuti"},"schema":{"@context":"https:\/\/schema.org","@graph":[{"@type":"Article","@id":"https:\/\/exaudi.org\/it\/vespri-della-solennita-di-maria-santissima-madre-di-dio\/#article","isPartOf":{"@id":"https:\/\/exaudi.org\/it\/vespri-della-solennita-di-maria-santissima-madre-di-dio\/"},"author":{"name":"Exaudi Redazione","@id":"https:\/\/exaudi.org\/#\/schema\/person\/e1ab6ed07c01774724dd96f925f3a5f0"},"headline":"Vespri della Solennit\u00e0 di Maria Santissima Madre di Dio","datePublished":"2022-12-31T18:11:19+00:00","dateModified":"2023-01-01T12:12:45+00:00","mainEntityOfPage":{"@id":"https:\/\/exaudi.org\/it\/vespri-della-solennita-di-maria-santissima-madre-di-dio\/"},"wordCount":1244,"image":{"@id":"https:\/\/exaudi.org\/it\/vespri-della-solennita-di-maria-santissima-madre-di-dio\/#primaryimage"},"thumbnailUrl":"https:\/\/exaudi.org\/wp-content\/uploads\/2022\/12\/Visperas-scaled.jpg","keywords":["Featured","Papa Francesco","Vespri della Solennit\u00e0 di Maria Santissima Madre di Dio"],"articleSection":["Leone XIV","Omelie"],"inLanguage":"it-IT"},{"@type":"WebPage","@id":"https:\/\/exaudi.org\/it\/vespri-della-solennita-di-maria-santissima-madre-di-dio\/","url":"https:\/\/exaudi.org\/it\/vespri-della-solennita-di-maria-santissima-madre-di-dio\/","name":"Vespri della Solennit\u00e0 di Maria Santissima Madre di Dio &#8211; Exaudi","isPartOf":{"@id":"https:\/\/exaudi.org\/#website"},"primaryImageOfPage":{"@id":"https:\/\/exaudi.org\/it\/vespri-della-solennita-di-maria-santissima-madre-di-dio\/#primaryimage"},"image":{"@id":"https:\/\/exaudi.org\/it\/vespri-della-solennita-di-maria-santissima-madre-di-dio\/#primaryimage"},"thumbnailUrl":"https:\/\/exaudi.org\/wp-content\/uploads\/2022\/12\/Visperas-scaled.jpg","datePublished":"2022-12-31T18:11:19+00:00","dateModified":"2023-01-01T12:12:45+00:00","author":{"@id":"https:\/\/exaudi.org\/#\/schema\/person\/e1ab6ed07c01774724dd96f925f3a5f0"},"breadcrumb":{"@id":"https:\/\/exaudi.org\/it\/vespri-della-solennita-di-maria-santissima-madre-di-dio\/#breadcrumb"},"inLanguage":"it-IT","potentialAction":[{"@type":"ReadAction","target":["https:\/\/exaudi.org\/it\/vespri-della-solennita-di-maria-santissima-madre-di-dio\/"]}]},{"@type":"ImageObject","inLanguage":"it-IT","@id":"https:\/\/exaudi.org\/it\/vespri-della-solennita-di-maria-santissima-madre-di-dio\/#primaryimage","url":"https:\/\/exaudi.org\/wp-content\/uploads\/2022\/12\/Visperas-scaled.jpg","contentUrl":"https:\/\/exaudi.org\/wp-content\/uploads\/2022\/12\/Visperas-scaled.jpg","width":1707,"height":2560,"caption":"Santa Mar\u00eda Madre de Dios \u00a9 Vatican Media"},{"@type":"BreadcrumbList","@id":"https:\/\/exaudi.org\/it\/vespri-della-solennita-di-maria-santissima-madre-di-dio\/#breadcrumb","itemListElement":[{"@type":"ListItem","position":1,"name":"Portada","item":"https:\/\/exaudi.org\/it\/"},{"@type":"ListItem","position":2,"name":"Vespri della Solennit\u00e0 di Maria Santissima Madre di Dio"}]},{"@type":"WebSite","@id":"https:\/\/exaudi.org\/#website","url":"https:\/\/exaudi.org\/","name":"Exaudi","description":"News","potentialAction":[{"@type":"SearchAction","target":{"@type":"EntryPoint","urlTemplate":"https:\/\/exaudi.org\/?s={search_term_string}"},"query-input":{"@type":"PropertyValueSpecification","valueRequired":true,"valueName":"search_term_string"}}],"inLanguage":"it-IT"},{"@type":"Person","@id":"https:\/\/exaudi.org\/#\/schema\/person\/e1ab6ed07c01774724dd96f925f3a5f0","name":"Exaudi Redazione","image":{"@type":"ImageObject","inLanguage":"it-IT","@id":"https:\/\/secure.gravatar.com\/avatar\/ad6774b3ada023bf5b939d64f45c94b3adf91502dd883507d469b4308a943bb3?s=96&d=mm&r=g","url":"https:\/\/secure.gravatar.com\/avatar\/ad6774b3ada023bf5b939d64f45c94b3adf91502dd883507d469b4308a943bb3?s=96&d=mm&r=g","contentUrl":"https:\/\/secure.gravatar.com\/avatar\/ad6774b3ada023bf5b939d64f45c94b3adf91502dd883507d469b4308a943bb3?s=96&d=mm&r=g","caption":"Exaudi Redazione"},"description":"Che cosa \u00e8 Exaudi News? Exaudi News \u00e8 un agenzia cattolica internazionale che informa, istruisce e trasforma quotidianamente in spagnolo, inglese e italiano. Attraverso notizie, articoli di analisi e trasmissioni in diretta degli eventi del Papa, Exaudi cerca di rafforzare l'unit\u00e0 dei cristiani e di contribuire all'evangelizzazione del mondo, sempre guidato dalla dottrina sociale della Chiesa. Lavoriamo per portare la verit\u00e0 e i valori cristiani in ogni angolo del pianeta. Aiutaci a trasformare il mondo con Exaudi! Noi di Exaudi crediamo che l'evangelizzazione e l'informazione di qualit\u00e0 possano cambiare la vita. Per continuare la nostra missione ed espandere la nostra portata, abbiamo bisogno del tuo aiuto. Stiamo anche cercando persone motivate che vogliano unirsi al nostro team. Grazie al vostro sostegno raggiungeremo pi\u00f9 persone, diffonderemo il messaggio di Cristo e rafforzeremo l'unit\u00e0 dei cristiani. Vuoi unirti alla nostra missione? Per maggiori informazioni su come contribuire, visita Exaudi.org\/it o contattaci direttamente: info@exaudi.org Exaudi: informa, forma e trasforma.","sameAs":["https:\/\/www.facebook.com\/ExaudiNotizie\/","https:\/\/www.instagram.com\/Exaudi_notizie\/","https:\/\/x.com\/Exaudi_Notizie","https:\/\/www.youtube.com\/@exaudicatholicnews"],"url":"https:\/\/exaudi.org\/it\/author\/dlvedi-org\/"}]}},"jetpack_featured_media_url":"https:\/\/exaudi.org\/wp-content\/uploads\/2022\/12\/Visperas-scaled.jpg","jetpack_shortlink":"https:\/\/wp.me\/pgKjF2-hDX","_links":{"self":[{"href":"https:\/\/exaudi.org\/it\/wp-json\/wp\/v2\/posts\/67825","targetHints":{"allow":["GET"]}}],"collection":[{"href":"https:\/\/exaudi.org\/it\/wp-json\/wp\/v2\/posts"}],"about":[{"href":"https:\/\/exaudi.org\/it\/wp-json\/wp\/v2\/types\/post"}],"author":[{"embeddable":true,"href":"https:\/\/exaudi.org\/it\/wp-json\/wp\/v2\/users\/17"}],"replies":[{"embeddable":true,"href":"https:\/\/exaudi.org\/it\/wp-json\/wp\/v2\/comments?post=67825"}],"version-history":[{"count":0,"href":"https:\/\/exaudi.org\/it\/wp-json\/wp\/v2\/posts\/67825\/revisions"}],"wp:featuredmedia":[{"embeddable":true,"href":"https:\/\/exaudi.org\/it\/wp-json\/wp\/v2\/media\/67832"}],"wp:attachment":[{"href":"https:\/\/exaudi.org\/it\/wp-json\/wp\/v2\/media?parent=67825"}],"wp:term":[{"taxonomy":"category","embeddable":true,"href":"https:\/\/exaudi.org\/it\/wp-json\/wp\/v2\/categories?post=67825"},{"taxonomy":"post_tag","embeddable":true,"href":"https:\/\/exaudi.org\/it\/wp-json\/wp\/v2\/tags?post=67825"}],"curies":[{"name":"wp","href":"https:\/\/api.w.org\/{rel}","templated":true}]}}