{"id":67270,"date":"2022-12-18T17:28:18","date_gmt":"2022-12-18T16:28:18","guid":{"rendered":"https:\/\/exaudi.org\/?p=67270"},"modified":"2022-12-18T17:28:18","modified_gmt":"2022-12-18T16:28:18","slug":"giuseppe-considero-ogni-cosa-e-si-affido-alla-misericordia-di-dio","status":"publish","type":"post","link":"https:\/\/exaudi.org\/it\/giuseppe-considero-ogni-cosa-e-si-affido-alla-misericordia-di-dio\/","title":{"rendered":"Giuseppe &#8220;consider\u00f2 ogni cosa&#8221; e &#8220;si affid\u00f2 alla misericordia di Dio&#8221;"},"content":{"rendered":"<p>Alle ore 12 di oggi, IV Domenica di Avvento, il Santo Padre Francesco si \u00e8 affacciato alla finestra dello studio nel Palazzo Apostolico Vaticano per recitare l\u2019Angelus con i fedeli e i pellegrini riuniti in Piazza San Pietro.<\/p>\n<p>Queste le parole del Papa nell\u2019introdurre la preghiera mariana:<\/p>\n<p><a name=\"prima\"><\/a><b><u>Prima dell\u2019Angelus<\/u><\/b><\/p>\n<p>Cari sorelle e fratelli, buongiorno!<\/p>\n<p>Oggi, quarta e ultima domenica di Avvento, la liturgia ci presenta la figura di San Giuseppe (cfr\u00a0<i>Mt<\/i>\u00a01,18-24). \u00c8 un uomo giusto, che sta per sposarsi. Possiamo immaginare che cosa sogni per il futuro: una bella famiglia, con una sposa affettuosa e tanti bravi figli, e un lavoro dignitoso: sogni semplici e buoni, sogni della gente semplice e buona. Improvvisamente, per\u00f2, questi sogni si infrangono contro una scoperta sconcertante: Maria, la sua promessa sposa, aspetta un bambino e questo bambino non \u00e8 suo! Che cosa avr\u00e0 provato Giuseppe? Sconcerto, dolore, smarrimento, forse anche irritazione e delusione\u2026 Ha sperimentato che il mondo gli crolla addosso! E che cosa pu\u00f2 fare?<\/p>\n<p>La Legge gli d\u00e0 due possibilit\u00e0. La prima \u00e8\u00a0<i>denunciare<\/i>\u00a0Maria e farle pagare il prezzo di una presunta infedelt\u00e0. La seconda \u00e8 annullare il loro fidanzamento in segreto, senza esporre Maria allo scandalo e a conseguenze pesanti, prendendo per\u00f2 su di s\u00e9 il peso della vergogna. Giuseppe sceglie questa seconda via,\u00a0<i>la via della misericordia<\/i>. Ed ecco che, nel cuore della crisi, proprio mentre pensa e valuta tutto questo, Dio accende nel suo cuore una luce nuova: in sogno gli annuncia che la maternit\u00e0 di Maria non viene da un tradimento, ma \u00e8 opera dello Spirito Santo, e il bambino che nascer\u00e0 \u00e8 il Salvatore (cfr vv.<i>\u00a0<\/i>20-21); Maria sar\u00e0 la madre del Messia e lui ne sar\u00e0 il custode. Al risveglio, Giuseppe capisce che il sogno pi\u00f9 grande di ogni pio Israelita \u2013 essere il padre del Messia \u2013 si sta realizzando per lui in modo assolutamente\u00a0<i>inaspettato<\/i>.<\/p>\n<p>Per realizzarlo, infatti, non gli baster\u00e0 appartenere alla discendenza di Davide ed essere un fedele osservante della legge, ma dovr\u00e0 fidarsi di Dio al di l\u00e0 di tutto, accogliere Maria e suo figlio in modo completamente diverso da come si aspettava, diverso da come si era sempre fatto. In altre parole, Giuseppe dovr\u00e0 rinunciare alle sue certezze rassicuranti, ai suoi piani perfetti, alle sue legittime aspettative e aprirsi a un futuro tutto da scoprire. E di fronte a Dio, che scombina i piani e chiede di fidarsi, Giuseppe risponde s\u00ec. Il coraggio di Giuseppe \u00e8 eroico e si realizza nel silenzio: il suo coraggio \u00e8 fidarsi, si fida, accoglie, \u00e8 disponibile, non domanda ulteriori garanzie.<\/p>\n<p>Fratelli, sorelle, che cosa dice Giuseppe oggi a noi? Noi pure abbiamo i nostri sogni, e forse a Natale ci pensiamo di pi\u00f9, ne parliamo insieme. Magari rimpiangiamo alcuni sogni infranti e vediamo che le migliori attese devono spesso confrontarsi con situazioni inattese, sconcertanti. E quando questo accade, Giuseppe ci indica la via: non bisogna cedere a sentimenti negativi, come la rabbia e la chiusura, questa \u00e8 la via sbagliata! Occorre invece accogliere le sorprese, le sorprese della vita, anche le crisi, con un\u2019attenzione: che quando si \u00e8 in crisi non bisogna scegliere di fretta secondo l\u2019istinto, ma lasciarsi passare al setaccio, come ha fatto Giuseppe, \u201cconsiderare tutte le cose\u201d (cfr v. 20) e fondarsi sul criterio di fondo: la misericordia di Dio. Quando si abita la crisi senza cedere alla chiusura, alla rabbia e alla paura, ma tenendo aperta la porta a Dio, Lui pu\u00f2 intervenire. Lui \u00e8 esperto nel trasformare le crisi in sogni: s\u00ec,\u00a0<i>Dio apre le crisi a prospettive nuove<\/i>, che noi prima non immaginavamo, magari non come noi ci aspettiamo, ma come Lui sa. E questi sono, fratelli e sorelle, gli orizzonti di Dio: sorprendenti, ma infinitamente pi\u00f9 ampi e belli dei nostri! La Vergine Maria ci aiuti a vivere aperti alle sorprese di Dio.<\/p>\n","protected":false},"excerpt":{"rendered":"<p>Le parole del Santo Padre prima dell&#8217;Angelus<\/p>\n","protected":false},"author":17,"featured_media":67264,"comment_status":"closed","ping_status":"closed","sticky":false,"template":"","format":"standard","meta":{"_acf_changed":false,"_crdt_document":"","inline_featured_image":false,"footnotes":""},"categories":[69,67],"tags":[7971,2487,251],"class_list":["post-67270","post","type-post","status-publish","format-standard","has-post-thumbnail","hentry","category-angelus-it","category-leone-xiv","tag-angelus-18-dicembre-2022","tag-featured-3","tag-papa-francesco"],"acf":[],"yoast_head":"<!-- This site is optimized with the Yoast SEO plugin v27.5 - https:\/\/yoast.com\/product\/yoast-seo-wordpress\/ -->\n<title>Giuseppe &quot;consider\u00f2 ogni cosa&quot; e &quot;si affid\u00f2 alla misericordia di Dio&quot; &#8211; Exaudi<\/title>\n<meta name=\"robots\" content=\"index, follow, max-snippet:-1, max-image-preview:large, max-video-preview:-1\" \/>\n<link rel=\"canonical\" href=\"https:\/\/exaudi.org\/it\/giuseppe-considero-ogni-cosa-e-si-affido-alla-misericordia-di-dio\/\" \/>\n<meta property=\"og:locale\" content=\"it_IT\" \/>\n<meta property=\"og:type\" content=\"article\" \/>\n<meta property=\"og:title\" content=\"Giuseppe &quot;consider\u00f2 ogni cosa&quot; e &quot;si affid\u00f2 alla misericordia di Dio&quot; &#8211; Exaudi\" \/>\n<meta property=\"og:description\" content=\"Le parole del Santo Padre prima dell&#039;Angelus\" \/>\n<meta property=\"og:url\" content=\"https:\/\/exaudi.org\/it\/giuseppe-considero-ogni-cosa-e-si-affido-alla-misericordia-di-dio\/\" \/>\n<meta property=\"og:site_name\" content=\"Exaudi\" \/>\n<meta property=\"article:publisher\" content=\"https:\/\/www.facebook.com\/ExaudiNews\" \/>\n<meta property=\"article:author\" content=\"https:\/\/www.facebook.com\/ExaudiNotizie\/\" \/>\n<meta property=\"article:published_time\" content=\"2022-12-18T16:28:18+00:00\" \/>\n<meta property=\"og:image\" content=\"https:\/\/exaudi.org\/wp-content\/uploads\/2022\/12\/Angelus-18-ciciembre-2022-scaled.jpg\" \/>\n\t<meta property=\"og:image:width\" content=\"2560\" \/>\n\t<meta property=\"og:image:height\" content=\"1707\" \/>\n\t<meta property=\"og:image:type\" content=\"image\/jpeg\" \/>\n<meta name=\"author\" content=\"Exaudi Redazione\" \/>\n<meta name=\"twitter:card\" content=\"summary_large_image\" \/>\n<meta name=\"twitter:creator\" content=\"@Exaudi_Notizie\" \/>\n<meta name=\"twitter:site\" content=\"@Exaudi_News\" \/>\n<meta name=\"twitter:label1\" content=\"Scritto da\" \/>\n\t<meta name=\"twitter:data1\" content=\"Exaudi Redazione\" \/>\n\t<meta name=\"twitter:label2\" content=\"Tempo di lettura stimato\" \/>\n\t<meta name=\"twitter:data2\" content=\"3 minuti\" \/>\n<script type=\"application\/ld+json\" class=\"yoast-schema-graph\">{\"@context\":\"https:\\\/\\\/schema.org\",\"@graph\":[{\"@type\":\"Article\",\"@id\":\"https:\\\/\\\/exaudi.org\\\/it\\\/giuseppe-considero-ogni-cosa-e-si-affido-alla-misericordia-di-dio\\\/#article\",\"isPartOf\":{\"@id\":\"https:\\\/\\\/exaudi.org\\\/it\\\/giuseppe-considero-ogni-cosa-e-si-affido-alla-misericordia-di-dio\\\/\"},\"author\":{\"name\":\"Exaudi Redazione\",\"@id\":\"https:\\\/\\\/exaudi.org\\\/#\\\/schema\\\/person\\\/e1ab6ed07c01774724dd96f925f3a5f0\"},\"headline\":\"Giuseppe &#8220;consider\u00f2 ogni cosa&#8221; e &#8220;si affid\u00f2 alla misericordia di Dio&#8221;\",\"datePublished\":\"2022-12-18T16:28:18+00:00\",\"mainEntityOfPage\":{\"@id\":\"https:\\\/\\\/exaudi.org\\\/it\\\/giuseppe-considero-ogni-cosa-e-si-affido-alla-misericordia-di-dio\\\/\"},\"wordCount\":638,\"image\":{\"@id\":\"https:\\\/\\\/exaudi.org\\\/it\\\/giuseppe-considero-ogni-cosa-e-si-affido-alla-misericordia-di-dio\\\/#primaryimage\"},\"thumbnailUrl\":\"https:\\\/\\\/exaudi.org\\\/wp-content\\\/uploads\\\/2022\\\/12\\\/Angelus-18-ciciembre-2022-scaled.jpg\",\"keywords\":[\"Angelus 18 dicembre 2022\",\"Featured\",\"Papa Francesco\"],\"articleSection\":[\"Angelus\",\"Leone XIV\"],\"inLanguage\":\"it-IT\"},{\"@type\":\"WebPage\",\"@id\":\"https:\\\/\\\/exaudi.org\\\/it\\\/giuseppe-considero-ogni-cosa-e-si-affido-alla-misericordia-di-dio\\\/\",\"url\":\"https:\\\/\\\/exaudi.org\\\/it\\\/giuseppe-considero-ogni-cosa-e-si-affido-alla-misericordia-di-dio\\\/\",\"name\":\"Giuseppe \\\"consider\u00f2 ogni cosa\\\" e \\\"si affid\u00f2 alla misericordia di Dio\\\" &#8211; Exaudi\",\"isPartOf\":{\"@id\":\"https:\\\/\\\/exaudi.org\\\/#website\"},\"primaryImageOfPage\":{\"@id\":\"https:\\\/\\\/exaudi.org\\\/it\\\/giuseppe-considero-ogni-cosa-e-si-affido-alla-misericordia-di-dio\\\/#primaryimage\"},\"image\":{\"@id\":\"https:\\\/\\\/exaudi.org\\\/it\\\/giuseppe-considero-ogni-cosa-e-si-affido-alla-misericordia-di-dio\\\/#primaryimage\"},\"thumbnailUrl\":\"https:\\\/\\\/exaudi.org\\\/wp-content\\\/uploads\\\/2022\\\/12\\\/Angelus-18-ciciembre-2022-scaled.jpg\",\"datePublished\":\"2022-12-18T16:28:18+00:00\",\"author\":{\"@id\":\"https:\\\/\\\/exaudi.org\\\/#\\\/schema\\\/person\\\/e1ab6ed07c01774724dd96f925f3a5f0\"},\"breadcrumb\":{\"@id\":\"https:\\\/\\\/exaudi.org\\\/it\\\/giuseppe-considero-ogni-cosa-e-si-affido-alla-misericordia-di-dio\\\/#breadcrumb\"},\"inLanguage\":\"it-IT\",\"potentialAction\":[{\"@type\":\"ReadAction\",\"target\":[\"https:\\\/\\\/exaudi.org\\\/it\\\/giuseppe-considero-ogni-cosa-e-si-affido-alla-misericordia-di-dio\\\/\"]}]},{\"@type\":\"ImageObject\",\"inLanguage\":\"it-IT\",\"@id\":\"https:\\\/\\\/exaudi.org\\\/it\\\/giuseppe-considero-ogni-cosa-e-si-affido-alla-misericordia-di-dio\\\/#primaryimage\",\"url\":\"https:\\\/\\\/exaudi.org\\\/wp-content\\\/uploads\\\/2022\\\/12\\\/Angelus-18-ciciembre-2022-scaled.jpg\",\"contentUrl\":\"https:\\\/\\\/exaudi.org\\\/wp-content\\\/uploads\\\/2022\\\/12\\\/Angelus-18-ciciembre-2022-scaled.jpg\",\"width\":2560,\"height\":1707,\"caption\":\"\u00a9 Vatican Media\"},{\"@type\":\"BreadcrumbList\",\"@id\":\"https:\\\/\\\/exaudi.org\\\/it\\\/giuseppe-considero-ogni-cosa-e-si-affido-alla-misericordia-di-dio\\\/#breadcrumb\",\"itemListElement\":[{\"@type\":\"ListItem\",\"position\":1,\"name\":\"Portada\",\"item\":\"https:\\\/\\\/exaudi.org\\\/it\\\/\"},{\"@type\":\"ListItem\",\"position\":2,\"name\":\"Giuseppe &#8220;consider\u00f2 ogni cosa&#8221; e &#8220;si affid\u00f2 alla misericordia di Dio&#8221;\"}]},{\"@type\":\"WebSite\",\"@id\":\"https:\\\/\\\/exaudi.org\\\/#website\",\"url\":\"https:\\\/\\\/exaudi.org\\\/\",\"name\":\"Exaudi\",\"description\":\"News\",\"potentialAction\":[{\"@type\":\"SearchAction\",\"target\":{\"@type\":\"EntryPoint\",\"urlTemplate\":\"https:\\\/\\\/exaudi.org\\\/?s={search_term_string}\"},\"query-input\":{\"@type\":\"PropertyValueSpecification\",\"valueRequired\":true,\"valueName\":\"search_term_string\"}}],\"inLanguage\":\"it-IT\"},{\"@type\":\"Person\",\"@id\":\"https:\\\/\\\/exaudi.org\\\/#\\\/schema\\\/person\\\/e1ab6ed07c01774724dd96f925f3a5f0\",\"name\":\"Exaudi Redazione\",\"image\":{\"@type\":\"ImageObject\",\"inLanguage\":\"it-IT\",\"@id\":\"https:\\\/\\\/secure.gravatar.com\\\/avatar\\\/ad6774b3ada023bf5b939d64f45c94b3adf91502dd883507d469b4308a943bb3?s=96&d=mm&r=g\",\"url\":\"https:\\\/\\\/secure.gravatar.com\\\/avatar\\\/ad6774b3ada023bf5b939d64f45c94b3adf91502dd883507d469b4308a943bb3?s=96&d=mm&r=g\",\"contentUrl\":\"https:\\\/\\\/secure.gravatar.com\\\/avatar\\\/ad6774b3ada023bf5b939d64f45c94b3adf91502dd883507d469b4308a943bb3?s=96&d=mm&r=g\",\"caption\":\"Exaudi Redazione\"},\"description\":\"Che cosa \u00e8 Exaudi News? Exaudi News \u00e8 un agenzia cattolica internazionale che informa, istruisce e trasforma quotidianamente in spagnolo, inglese e italiano. Attraverso notizie, articoli di analisi e trasmissioni in diretta degli eventi del Papa, Exaudi cerca di rafforzare l'unit\u00e0 dei cristiani e di contribuire all'evangelizzazione del mondo, sempre guidato dalla dottrina sociale della Chiesa. Lavoriamo per portare la verit\u00e0 e i valori cristiani in ogni angolo del pianeta. Aiutaci a trasformare il mondo con Exaudi! Noi di Exaudi crediamo che l'evangelizzazione e l'informazione di qualit\u00e0 possano cambiare la vita. Per continuare la nostra missione ed espandere la nostra portata, abbiamo bisogno del tuo aiuto. Stiamo anche cercando persone motivate che vogliano unirsi al nostro team. Grazie al vostro sostegno raggiungeremo pi\u00f9 persone, diffonderemo il messaggio di Cristo e rafforzeremo l'unit\u00e0 dei cristiani. Vuoi unirti alla nostra missione? Per maggiori informazioni su come contribuire, visita Exaudi.org\\\/it o contattaci direttamente: info@exaudi.org Exaudi: informa, forma e trasforma.\",\"sameAs\":[\"https:\\\/\\\/www.facebook.com\\\/ExaudiNotizie\\\/\",\"https:\\\/\\\/www.instagram.com\\\/Exaudi_notizie\\\/\",\"https:\\\/\\\/x.com\\\/Exaudi_Notizie\",\"https:\\\/\\\/www.youtube.com\\\/@exaudicatholicnews\"],\"url\":\"https:\\\/\\\/exaudi.org\\\/it\\\/author\\\/dlvedi-org\\\/\"}]}<\/script>\n<!-- \/ Yoast SEO plugin. -->","yoast_head_json":{"title":"Giuseppe \"consider\u00f2 ogni cosa\" e \"si affid\u00f2 alla misericordia di Dio\" &#8211; Exaudi","robots":{"index":"index","follow":"follow","max-snippet":"max-snippet:-1","max-image-preview":"max-image-preview:large","max-video-preview":"max-video-preview:-1"},"canonical":"https:\/\/exaudi.org\/it\/giuseppe-considero-ogni-cosa-e-si-affido-alla-misericordia-di-dio\/","og_locale":"it_IT","og_type":"article","og_title":"Giuseppe \"consider\u00f2 ogni cosa\" e \"si affid\u00f2 alla misericordia di Dio\" &#8211; Exaudi","og_description":"Le parole del Santo Padre prima dell'Angelus","og_url":"https:\/\/exaudi.org\/it\/giuseppe-considero-ogni-cosa-e-si-affido-alla-misericordia-di-dio\/","og_site_name":"Exaudi","article_publisher":"https:\/\/www.facebook.com\/ExaudiNews","article_author":"https:\/\/www.facebook.com\/ExaudiNotizie\/","article_published_time":"2022-12-18T16:28:18+00:00","og_image":[{"width":2560,"height":1707,"url":"https:\/\/exaudi.org\/wp-content\/uploads\/2022\/12\/Angelus-18-ciciembre-2022-scaled.jpg","type":"image\/jpeg"}],"author":"Exaudi Redazione","twitter_card":"summary_large_image","twitter_creator":"@Exaudi_Notizie","twitter_site":"@Exaudi_News","twitter_misc":{"Scritto da":"Exaudi Redazione","Tempo di lettura stimato":"3 minuti"},"schema":{"@context":"https:\/\/schema.org","@graph":[{"@type":"Article","@id":"https:\/\/exaudi.org\/it\/giuseppe-considero-ogni-cosa-e-si-affido-alla-misericordia-di-dio\/#article","isPartOf":{"@id":"https:\/\/exaudi.org\/it\/giuseppe-considero-ogni-cosa-e-si-affido-alla-misericordia-di-dio\/"},"author":{"name":"Exaudi Redazione","@id":"https:\/\/exaudi.org\/#\/schema\/person\/e1ab6ed07c01774724dd96f925f3a5f0"},"headline":"Giuseppe &#8220;consider\u00f2 ogni cosa&#8221; e &#8220;si affid\u00f2 alla misericordia di Dio&#8221;","datePublished":"2022-12-18T16:28:18+00:00","mainEntityOfPage":{"@id":"https:\/\/exaudi.org\/it\/giuseppe-considero-ogni-cosa-e-si-affido-alla-misericordia-di-dio\/"},"wordCount":638,"image":{"@id":"https:\/\/exaudi.org\/it\/giuseppe-considero-ogni-cosa-e-si-affido-alla-misericordia-di-dio\/#primaryimage"},"thumbnailUrl":"https:\/\/exaudi.org\/wp-content\/uploads\/2022\/12\/Angelus-18-ciciembre-2022-scaled.jpg","keywords":["Angelus 18 dicembre 2022","Featured","Papa Francesco"],"articleSection":["Angelus","Leone XIV"],"inLanguage":"it-IT"},{"@type":"WebPage","@id":"https:\/\/exaudi.org\/it\/giuseppe-considero-ogni-cosa-e-si-affido-alla-misericordia-di-dio\/","url":"https:\/\/exaudi.org\/it\/giuseppe-considero-ogni-cosa-e-si-affido-alla-misericordia-di-dio\/","name":"Giuseppe \"consider\u00f2 ogni cosa\" e \"si affid\u00f2 alla misericordia di Dio\" &#8211; Exaudi","isPartOf":{"@id":"https:\/\/exaudi.org\/#website"},"primaryImageOfPage":{"@id":"https:\/\/exaudi.org\/it\/giuseppe-considero-ogni-cosa-e-si-affido-alla-misericordia-di-dio\/#primaryimage"},"image":{"@id":"https:\/\/exaudi.org\/it\/giuseppe-considero-ogni-cosa-e-si-affido-alla-misericordia-di-dio\/#primaryimage"},"thumbnailUrl":"https:\/\/exaudi.org\/wp-content\/uploads\/2022\/12\/Angelus-18-ciciembre-2022-scaled.jpg","datePublished":"2022-12-18T16:28:18+00:00","author":{"@id":"https:\/\/exaudi.org\/#\/schema\/person\/e1ab6ed07c01774724dd96f925f3a5f0"},"breadcrumb":{"@id":"https:\/\/exaudi.org\/it\/giuseppe-considero-ogni-cosa-e-si-affido-alla-misericordia-di-dio\/#breadcrumb"},"inLanguage":"it-IT","potentialAction":[{"@type":"ReadAction","target":["https:\/\/exaudi.org\/it\/giuseppe-considero-ogni-cosa-e-si-affido-alla-misericordia-di-dio\/"]}]},{"@type":"ImageObject","inLanguage":"it-IT","@id":"https:\/\/exaudi.org\/it\/giuseppe-considero-ogni-cosa-e-si-affido-alla-misericordia-di-dio\/#primaryimage","url":"https:\/\/exaudi.org\/wp-content\/uploads\/2022\/12\/Angelus-18-ciciembre-2022-scaled.jpg","contentUrl":"https:\/\/exaudi.org\/wp-content\/uploads\/2022\/12\/Angelus-18-ciciembre-2022-scaled.jpg","width":2560,"height":1707,"caption":"\u00a9 Vatican Media"},{"@type":"BreadcrumbList","@id":"https:\/\/exaudi.org\/it\/giuseppe-considero-ogni-cosa-e-si-affido-alla-misericordia-di-dio\/#breadcrumb","itemListElement":[{"@type":"ListItem","position":1,"name":"Portada","item":"https:\/\/exaudi.org\/it\/"},{"@type":"ListItem","position":2,"name":"Giuseppe &#8220;consider\u00f2 ogni cosa&#8221; e &#8220;si affid\u00f2 alla misericordia di Dio&#8221;"}]},{"@type":"WebSite","@id":"https:\/\/exaudi.org\/#website","url":"https:\/\/exaudi.org\/","name":"Exaudi","description":"News","potentialAction":[{"@type":"SearchAction","target":{"@type":"EntryPoint","urlTemplate":"https:\/\/exaudi.org\/?s={search_term_string}"},"query-input":{"@type":"PropertyValueSpecification","valueRequired":true,"valueName":"search_term_string"}}],"inLanguage":"it-IT"},{"@type":"Person","@id":"https:\/\/exaudi.org\/#\/schema\/person\/e1ab6ed07c01774724dd96f925f3a5f0","name":"Exaudi Redazione","image":{"@type":"ImageObject","inLanguage":"it-IT","@id":"https:\/\/secure.gravatar.com\/avatar\/ad6774b3ada023bf5b939d64f45c94b3adf91502dd883507d469b4308a943bb3?s=96&d=mm&r=g","url":"https:\/\/secure.gravatar.com\/avatar\/ad6774b3ada023bf5b939d64f45c94b3adf91502dd883507d469b4308a943bb3?s=96&d=mm&r=g","contentUrl":"https:\/\/secure.gravatar.com\/avatar\/ad6774b3ada023bf5b939d64f45c94b3adf91502dd883507d469b4308a943bb3?s=96&d=mm&r=g","caption":"Exaudi Redazione"},"description":"Che cosa \u00e8 Exaudi News? Exaudi News \u00e8 un agenzia cattolica internazionale che informa, istruisce e trasforma quotidianamente in spagnolo, inglese e italiano. Attraverso notizie, articoli di analisi e trasmissioni in diretta degli eventi del Papa, Exaudi cerca di rafforzare l'unit\u00e0 dei cristiani e di contribuire all'evangelizzazione del mondo, sempre guidato dalla dottrina sociale della Chiesa. Lavoriamo per portare la verit\u00e0 e i valori cristiani in ogni angolo del pianeta. Aiutaci a trasformare il mondo con Exaudi! Noi di Exaudi crediamo che l'evangelizzazione e l'informazione di qualit\u00e0 possano cambiare la vita. Per continuare la nostra missione ed espandere la nostra portata, abbiamo bisogno del tuo aiuto. Stiamo anche cercando persone motivate che vogliano unirsi al nostro team. Grazie al vostro sostegno raggiungeremo pi\u00f9 persone, diffonderemo il messaggio di Cristo e rafforzeremo l'unit\u00e0 dei cristiani. Vuoi unirti alla nostra missione? Per maggiori informazioni su come contribuire, visita Exaudi.org\/it o contattaci direttamente: info@exaudi.org Exaudi: informa, forma e trasforma.","sameAs":["https:\/\/www.facebook.com\/ExaudiNotizie\/","https:\/\/www.instagram.com\/Exaudi_notizie\/","https:\/\/x.com\/Exaudi_Notizie","https:\/\/www.youtube.com\/@exaudicatholicnews"],"url":"https:\/\/exaudi.org\/it\/author\/dlvedi-org\/"}]}},"jetpack_featured_media_url":"https:\/\/exaudi.org\/wp-content\/uploads\/2022\/12\/Angelus-18-ciciembre-2022-scaled.jpg","jetpack_shortlink":"https:\/\/wp.me\/pgKjF2-hv0","_links":{"self":[{"href":"https:\/\/exaudi.org\/it\/wp-json\/wp\/v2\/posts\/67270","targetHints":{"allow":["GET"]}}],"collection":[{"href":"https:\/\/exaudi.org\/it\/wp-json\/wp\/v2\/posts"}],"about":[{"href":"https:\/\/exaudi.org\/it\/wp-json\/wp\/v2\/types\/post"}],"author":[{"embeddable":true,"href":"https:\/\/exaudi.org\/it\/wp-json\/wp\/v2\/users\/17"}],"replies":[{"embeddable":true,"href":"https:\/\/exaudi.org\/it\/wp-json\/wp\/v2\/comments?post=67270"}],"version-history":[{"count":0,"href":"https:\/\/exaudi.org\/it\/wp-json\/wp\/v2\/posts\/67270\/revisions"}],"wp:featuredmedia":[{"embeddable":true,"href":"https:\/\/exaudi.org\/it\/wp-json\/wp\/v2\/media\/67264"}],"wp:attachment":[{"href":"https:\/\/exaudi.org\/it\/wp-json\/wp\/v2\/media?parent=67270"}],"wp:term":[{"taxonomy":"category","embeddable":true,"href":"https:\/\/exaudi.org\/it\/wp-json\/wp\/v2\/categories?post=67270"},{"taxonomy":"post_tag","embeddable":true,"href":"https:\/\/exaudi.org\/it\/wp-json\/wp\/v2\/tags?post=67270"}],"curies":[{"name":"wp","href":"https:\/\/api.w.org\/{rel}","templated":true}]}}