{"id":6716,"date":"2021-03-18T16:13:01","date_gmt":"2021-03-18T15:13:01","guid":{"rendered":"https:\/\/exaudi.org\/?p=6716"},"modified":"2021-03-18T16:13:01","modified_gmt":"2021-03-18T15:13:01","slug":"dichiarate-venerabili-tre-suore-uccise-da-ebola","status":"publish","type":"post","link":"https:\/\/exaudi.org\/it\/dichiarate-venerabili-tre-suore-uccise-da-ebola\/","title":{"rendered":"Dichiarate venerabili tre suore uccise da Ebola"},"content":{"rendered":"<p>Il 17 marzo 2021, il Santo Padre Francesco ha ricevuto il cardinale Marcello Semeraro, Prefetto della Congregazione delle Cause dei Santi. Durante l\u2019udienza, il Sommo Pontefice ha autorizzato la Congregazione a promulgare i Decreti riguardanti le virt\u00f9 eroiche di sette nuovi \u201cvenerabili\u201d. In particolare, i Decreti riguardano tre religiose professe italiane della Congregazione delle Suore delle Poverelle \u2013 Istituto Palazzolo uccise dall\u2019Ebola, nella Repubblica Democratica del Congo, precisamente a Kikwit, nel maggio 1995. Si tratta di Annelvira Ossoli (al secolo: Celeste Maria), nata il 26 agosto 1936 a Orzivecchi e morta il 23 maggio 1995; Vitarosa Zorza (al secolo: Maria Rosa), nata il 9 ottobre 1943 a Palosco e morta il 28 maggio 1995; e Danielangela Sorti (al secolo: Anna Maria), nata il 15 giugno 1947 a Bergamo e morta l\u201911 maggio 1995.<\/p>\n<h4>Martiri della carit\u00e0<\/h4>\n<p>Le tre suore uccise dall&#8217;Ebola erano tutte infermiere specializzate, come altre tre consorelle il cui decreto di eroicit\u00e0 delle virt\u00f9 era stato autorizzato dal Papa a febbraio: Floralba (Luigia Rosina da laica) Rondi, 70 anni; Clarangela (Alessandra) Ghilardi, 64 anni; e Dinarosa (Teresa Santa) Belleri, 58 anni, morte tra il 25 aprile e il 6 maggio, sempre per essere state contagiate dal terribile virus dai pazienti che stavano assistendo. Il vescovo di Bergamo, mons. Francesco Beschi, non esit\u00f2 a definirle \u201cmartiri della carit\u00e0\u201d perch\u00e9 \u201cnon c\u2019\u00e8 amore pi\u00f9 grande che dare la vita come Ges\u00f9\u201d per i fratelli.<\/p>\n<h4>Gli altri venerabili<\/h4>\n<p>I decreti autorizzati dal S. Padre riguardano anche le virt\u00f9 eroiche del Servo di Dio Mercurio Maria Teresi, Arcivescovo di Monreale; nato il 10 ottobre 1742 a Montemaggiore Belsito (Italia) e morto a Monreale (Italia) il 18 aprile 1805; del Servo di Dio Cosma Mu\u00f1oz P\u00e9rez, Sacerdote diocesano, Fondatore della Congregazione delle Figlie del Patrocinio di Santa Maria; nato nel 1573 a Villar del Rio (Spagna) e morto a C\u00f3rdoba (Spagna) il 3 dicembre 1636; del Servo di Dio Salvatore Valera Parra, Sacerdote diocesano; nato il 27 febbraio 1816 a Hu\u00e9rcal-Overa (Spagna) e ivi morto il 15 marzo 1889; del Servo di Dio Leone Veuthey (al secolo: Clodoveo), Sacerdote professo dell\u2019Ordine dei Frati Minori Conventuali; nato il 3 marzo 1896 a Dor\u00e9naz (Svizzera) e morto a Roma (Italia) il 7 giugno 1974.<\/p>\n<p>Il decreto rappresenta un importante passo avanti verso la beatificazione, per la quale \u00e8 comunque necessario il riconoscimento di un miracolo attribuito all\u2019intercessione del venerabile.<\/p>\n","protected":false},"excerpt":{"rendered":"<p>Furono contagiate nel 1995 mentre assistevano la popolazione del Congo<\/p>\n","protected":false},"author":18,"featured_media":6663,"comment_status":"closed","ping_status":"closed","sticky":false,"template":"","format":"standard","meta":{"_acf_changed":false,"_crdt_document":"","inline_featured_image":false,"footnotes":""},"categories":[133,297,131],"tags":[1005,1003,1002,251,1001,1004],"class_list":["post-6716","post","type-post","status-publish","format-standard","has-post-thumbnail","hentry","category-cause-dei-santi","category-ultime-notizie","category-vaticano","tag-cause-dei-santi","tag-congo","tag-ebola","tag-papa-francesco","tag-suore","tag-venerabili"],"acf":[],"yoast_head":"<!-- This site is optimized with the Yoast SEO plugin v27.4 - https:\/\/yoast.com\/product\/yoast-seo-wordpress\/ -->\n<title>Dichiarate venerabili tre suore uccise da Ebola &#8211; Exaudi<\/title>\n<meta name=\"description\" content=\"Autorizzato il decreto che dichiara l&#039;eroicit\u00e0 delle virt\u00f9 di tre suore uccise dall&#039;Ebola in Congo e di altri quattro Servi di Dio\" \/>\n<meta name=\"robots\" content=\"index, follow, max-snippet:-1, max-image-preview:large, max-video-preview:-1\" \/>\n<link rel=\"canonical\" href=\"https:\/\/exaudi.org\/it\/dichiarate-venerabili-tre-suore-uccise-da-ebola\/\" \/>\n<meta property=\"og:locale\" content=\"it_IT\" \/>\n<meta property=\"og:type\" content=\"article\" \/>\n<meta property=\"og:title\" content=\"Dichiarate venerabili tre suore uccise da Ebola &#8211; Exaudi\" \/>\n<meta property=\"og:description\" content=\"Autorizzato il decreto che dichiara l&#039;eroicit\u00e0 delle virt\u00f9 di tre suore uccise dall&#039;Ebola in Congo e di altri quattro Servi di Dio\" \/>\n<meta property=\"og:url\" content=\"https:\/\/exaudi.org\/it\/dichiarate-venerabili-tre-suore-uccise-da-ebola\/\" \/>\n<meta property=\"og:site_name\" content=\"Exaudi\" \/>\n<meta property=\"article:publisher\" content=\"https:\/\/www.facebook.com\/ExaudiNews\" \/>\n<meta property=\"article:published_time\" content=\"2021-03-18T15:13:01+00:00\" \/>\n<meta property=\"og:image\" content=\"https:\/\/exaudi.org\/wp-content\/uploads\/2021\/03\/EwmKoImXAAI90IL.jpg\" \/>\n\t<meta property=\"og:image:width\" content=\"1024\" \/>\n\t<meta property=\"og:image:height\" content=\"512\" \/>\n\t<meta property=\"og:image:type\" content=\"image\/jpeg\" \/>\n<meta name=\"author\" content=\"Andrea Acali\" \/>\n<meta name=\"twitter:card\" content=\"summary_large_image\" \/>\n<meta name=\"twitter:creator\" content=\"@Exaudi_News\" \/>\n<meta name=\"twitter:site\" content=\"@Exaudi_News\" \/>\n<meta name=\"twitter:label1\" content=\"Scritto da\" \/>\n\t<meta name=\"twitter:data1\" content=\"Andrea Acali\" \/>\n\t<meta name=\"twitter:label2\" content=\"Tempo di lettura stimato\" \/>\n\t<meta name=\"twitter:data2\" content=\"2 minuti\" \/>\n<script type=\"application\/ld+json\" class=\"yoast-schema-graph\">{\"@context\":\"https:\\\/\\\/schema.org\",\"@graph\":[{\"@type\":\"Article\",\"@id\":\"https:\\\/\\\/exaudi.org\\\/it\\\/dichiarate-venerabili-tre-suore-uccise-da-ebola\\\/#article\",\"isPartOf\":{\"@id\":\"https:\\\/\\\/exaudi.org\\\/it\\\/dichiarate-venerabili-tre-suore-uccise-da-ebola\\\/\"},\"author\":{\"name\":\"Andrea Acali\",\"@id\":\"https:\\\/\\\/exaudi.org\\\/#\\\/schema\\\/person\\\/127735be832481a6d3c410c5837bb61a\"},\"headline\":\"Dichiarate venerabili tre suore uccise da Ebola\",\"datePublished\":\"2021-03-18T15:13:01+00:00\",\"mainEntityOfPage\":{\"@id\":\"https:\\\/\\\/exaudi.org\\\/it\\\/dichiarate-venerabili-tre-suore-uccise-da-ebola\\\/\"},\"wordCount\":375,\"image\":{\"@id\":\"https:\\\/\\\/exaudi.org\\\/it\\\/dichiarate-venerabili-tre-suore-uccise-da-ebola\\\/#primaryimage\"},\"thumbnailUrl\":\"https:\\\/\\\/exaudi.org\\\/wp-content\\\/uploads\\\/2021\\\/03\\\/EwmKoImXAAI90IL.jpg\",\"keywords\":[\"cause dei santi\",\"Congo\",\"ebola\",\"Papa Francesco\",\"suore\",\"venerabili\"],\"articleSection\":[\"Cause dei Santi\",\"Ultime Notizie\",\"Vaticano\"],\"inLanguage\":\"it-IT\"},{\"@type\":\"WebPage\",\"@id\":\"https:\\\/\\\/exaudi.org\\\/it\\\/dichiarate-venerabili-tre-suore-uccise-da-ebola\\\/\",\"url\":\"https:\\\/\\\/exaudi.org\\\/it\\\/dichiarate-venerabili-tre-suore-uccise-da-ebola\\\/\",\"name\":\"Dichiarate venerabili tre suore uccise da Ebola &#8211; Exaudi\",\"isPartOf\":{\"@id\":\"https:\\\/\\\/exaudi.org\\\/#website\"},\"primaryImageOfPage\":{\"@id\":\"https:\\\/\\\/exaudi.org\\\/it\\\/dichiarate-venerabili-tre-suore-uccise-da-ebola\\\/#primaryimage\"},\"image\":{\"@id\":\"https:\\\/\\\/exaudi.org\\\/it\\\/dichiarate-venerabili-tre-suore-uccise-da-ebola\\\/#primaryimage\"},\"thumbnailUrl\":\"https:\\\/\\\/exaudi.org\\\/wp-content\\\/uploads\\\/2021\\\/03\\\/EwmKoImXAAI90IL.jpg\",\"datePublished\":\"2021-03-18T15:13:01+00:00\",\"author\":{\"@id\":\"https:\\\/\\\/exaudi.org\\\/#\\\/schema\\\/person\\\/127735be832481a6d3c410c5837bb61a\"},\"description\":\"Autorizzato il decreto che dichiara l'eroicit\u00e0 delle virt\u00f9 di tre suore uccise dall'Ebola in Congo e di altri quattro Servi di Dio\",\"breadcrumb\":{\"@id\":\"https:\\\/\\\/exaudi.org\\\/it\\\/dichiarate-venerabili-tre-suore-uccise-da-ebola\\\/#breadcrumb\"},\"inLanguage\":\"it-IT\",\"potentialAction\":[{\"@type\":\"ReadAction\",\"target\":[\"https:\\\/\\\/exaudi.org\\\/it\\\/dichiarate-venerabili-tre-suore-uccise-da-ebola\\\/\"]}]},{\"@type\":\"ImageObject\",\"inLanguage\":\"it-IT\",\"@id\":\"https:\\\/\\\/exaudi.org\\\/it\\\/dichiarate-venerabili-tre-suore-uccise-da-ebola\\\/#primaryimage\",\"url\":\"https:\\\/\\\/exaudi.org\\\/wp-content\\\/uploads\\\/2021\\\/03\\\/EwmKoImXAAI90IL.jpg\",\"contentUrl\":\"https:\\\/\\\/exaudi.org\\\/wp-content\\\/uploads\\\/2021\\\/03\\\/EwmKoImXAAI90IL.jpg\",\"width\":1024,\"height\":512,\"caption\":\"suore uccise da ebola\"},{\"@type\":\"BreadcrumbList\",\"@id\":\"https:\\\/\\\/exaudi.org\\\/it\\\/dichiarate-venerabili-tre-suore-uccise-da-ebola\\\/#breadcrumb\",\"itemListElement\":[{\"@type\":\"ListItem\",\"position\":1,\"name\":\"Portada\",\"item\":\"https:\\\/\\\/exaudi.org\\\/it\\\/\"},{\"@type\":\"ListItem\",\"position\":2,\"name\":\"Dichiarate venerabili tre suore uccise da Ebola\"}]},{\"@type\":\"WebSite\",\"@id\":\"https:\\\/\\\/exaudi.org\\\/#website\",\"url\":\"https:\\\/\\\/exaudi.org\\\/\",\"name\":\"Exaudi\",\"description\":\"News\",\"potentialAction\":[{\"@type\":\"SearchAction\",\"target\":{\"@type\":\"EntryPoint\",\"urlTemplate\":\"https:\\\/\\\/exaudi.org\\\/?s={search_term_string}\"},\"query-input\":{\"@type\":\"PropertyValueSpecification\",\"valueRequired\":true,\"valueName\":\"search_term_string\"}}],\"inLanguage\":\"it-IT\"},{\"@type\":\"Person\",\"@id\":\"https:\\\/\\\/exaudi.org\\\/#\\\/schema\\\/person\\\/127735be832481a6d3c410c5837bb61a\",\"name\":\"Andrea Acali\",\"image\":{\"@type\":\"ImageObject\",\"inLanguage\":\"it-IT\",\"@id\":\"https:\\\/\\\/secure.gravatar.com\\\/avatar\\\/2abf8e528c4f8c571ab456e5ef9ac66b04b987863e3ab3fd9546150699bb9259?s=96&d=mm&r=g\",\"url\":\"https:\\\/\\\/secure.gravatar.com\\\/avatar\\\/2abf8e528c4f8c571ab456e5ef9ac66b04b987863e3ab3fd9546150699bb9259?s=96&d=mm&r=g\",\"contentUrl\":\"https:\\\/\\\/secure.gravatar.com\\\/avatar\\\/2abf8e528c4f8c571ab456e5ef9ac66b04b987863e3ab3fd9546150699bb9259?s=96&d=mm&r=g\",\"caption\":\"Andrea Acali\"},\"description\":\"Andrea Acali es un periodista y comunicador italiano con una larga trayectoria en el \u00e1mbito de la informaci\u00f3n religiosa, social y deportiva. Durante casi treinta a\u00f1os trabaj\u00f3 en el diario Il Tempo como vaticanista y jefe de secci\u00f3n, especializ\u00e1ndose en la cobertura de la actualidad del Vaticano y de la Iglesia cat\u00f3lica. Desde 2016 colabora como periodista web en RomaSette y tambi\u00e9n escribe para el peri\u00f3dico Avvenire. Desde 2019 ejerce como comunicador en la Delegazione della Generalitat de Catalunya in Italia, con sede en Roma, donde combina su experiencia period\u00edstica con la comunicaci\u00f3n institucional\",\"sameAs\":[\"https:\\\/\\\/www.linkedin.com\\\/in\\\/andrea-acali-505567125\\\/?originalSubdomain=it\"],\"url\":\"https:\\\/\\\/exaudi.org\\\/it\\\/author\\\/aacaliexaudi-org\\\/\"}]}<\/script>\n<!-- \/ Yoast SEO plugin. -->","yoast_head_json":{"title":"Dichiarate venerabili tre suore uccise da Ebola &#8211; Exaudi","description":"Autorizzato il decreto che dichiara l'eroicit\u00e0 delle virt\u00f9 di tre suore uccise dall'Ebola in Congo e di altri quattro Servi di Dio","robots":{"index":"index","follow":"follow","max-snippet":"max-snippet:-1","max-image-preview":"max-image-preview:large","max-video-preview":"max-video-preview:-1"},"canonical":"https:\/\/exaudi.org\/it\/dichiarate-venerabili-tre-suore-uccise-da-ebola\/","og_locale":"it_IT","og_type":"article","og_title":"Dichiarate venerabili tre suore uccise da Ebola &#8211; Exaudi","og_description":"Autorizzato il decreto che dichiara l'eroicit\u00e0 delle virt\u00f9 di tre suore uccise dall'Ebola in Congo e di altri quattro Servi di Dio","og_url":"https:\/\/exaudi.org\/it\/dichiarate-venerabili-tre-suore-uccise-da-ebola\/","og_site_name":"Exaudi","article_publisher":"https:\/\/www.facebook.com\/ExaudiNews","article_published_time":"2021-03-18T15:13:01+00:00","og_image":[{"width":1024,"height":512,"url":"https:\/\/exaudi.org\/wp-content\/uploads\/2021\/03\/EwmKoImXAAI90IL.jpg","type":"image\/jpeg"}],"author":"Andrea Acali","twitter_card":"summary_large_image","twitter_creator":"@Exaudi_News","twitter_site":"@Exaudi_News","twitter_misc":{"Scritto da":"Andrea Acali","Tempo di lettura stimato":"2 minuti"},"schema":{"@context":"https:\/\/schema.org","@graph":[{"@type":"Article","@id":"https:\/\/exaudi.org\/it\/dichiarate-venerabili-tre-suore-uccise-da-ebola\/#article","isPartOf":{"@id":"https:\/\/exaudi.org\/it\/dichiarate-venerabili-tre-suore-uccise-da-ebola\/"},"author":{"name":"Andrea Acali","@id":"https:\/\/exaudi.org\/#\/schema\/person\/127735be832481a6d3c410c5837bb61a"},"headline":"Dichiarate venerabili tre suore uccise da Ebola","datePublished":"2021-03-18T15:13:01+00:00","mainEntityOfPage":{"@id":"https:\/\/exaudi.org\/it\/dichiarate-venerabili-tre-suore-uccise-da-ebola\/"},"wordCount":375,"image":{"@id":"https:\/\/exaudi.org\/it\/dichiarate-venerabili-tre-suore-uccise-da-ebola\/#primaryimage"},"thumbnailUrl":"https:\/\/exaudi.org\/wp-content\/uploads\/2021\/03\/EwmKoImXAAI90IL.jpg","keywords":["cause dei santi","Congo","ebola","Papa Francesco","suore","venerabili"],"articleSection":["Cause dei Santi","Ultime Notizie","Vaticano"],"inLanguage":"it-IT"},{"@type":"WebPage","@id":"https:\/\/exaudi.org\/it\/dichiarate-venerabili-tre-suore-uccise-da-ebola\/","url":"https:\/\/exaudi.org\/it\/dichiarate-venerabili-tre-suore-uccise-da-ebola\/","name":"Dichiarate venerabili tre suore uccise da Ebola &#8211; Exaudi","isPartOf":{"@id":"https:\/\/exaudi.org\/#website"},"primaryImageOfPage":{"@id":"https:\/\/exaudi.org\/it\/dichiarate-venerabili-tre-suore-uccise-da-ebola\/#primaryimage"},"image":{"@id":"https:\/\/exaudi.org\/it\/dichiarate-venerabili-tre-suore-uccise-da-ebola\/#primaryimage"},"thumbnailUrl":"https:\/\/exaudi.org\/wp-content\/uploads\/2021\/03\/EwmKoImXAAI90IL.jpg","datePublished":"2021-03-18T15:13:01+00:00","author":{"@id":"https:\/\/exaudi.org\/#\/schema\/person\/127735be832481a6d3c410c5837bb61a"},"description":"Autorizzato il decreto che dichiara l'eroicit\u00e0 delle virt\u00f9 di tre suore uccise dall'Ebola in Congo e di altri quattro Servi di Dio","breadcrumb":{"@id":"https:\/\/exaudi.org\/it\/dichiarate-venerabili-tre-suore-uccise-da-ebola\/#breadcrumb"},"inLanguage":"it-IT","potentialAction":[{"@type":"ReadAction","target":["https:\/\/exaudi.org\/it\/dichiarate-venerabili-tre-suore-uccise-da-ebola\/"]}]},{"@type":"ImageObject","inLanguage":"it-IT","@id":"https:\/\/exaudi.org\/it\/dichiarate-venerabili-tre-suore-uccise-da-ebola\/#primaryimage","url":"https:\/\/exaudi.org\/wp-content\/uploads\/2021\/03\/EwmKoImXAAI90IL.jpg","contentUrl":"https:\/\/exaudi.org\/wp-content\/uploads\/2021\/03\/EwmKoImXAAI90IL.jpg","width":1024,"height":512,"caption":"suore uccise da ebola"},{"@type":"BreadcrumbList","@id":"https:\/\/exaudi.org\/it\/dichiarate-venerabili-tre-suore-uccise-da-ebola\/#breadcrumb","itemListElement":[{"@type":"ListItem","position":1,"name":"Portada","item":"https:\/\/exaudi.org\/it\/"},{"@type":"ListItem","position":2,"name":"Dichiarate venerabili tre suore uccise da Ebola"}]},{"@type":"WebSite","@id":"https:\/\/exaudi.org\/#website","url":"https:\/\/exaudi.org\/","name":"Exaudi","description":"News","potentialAction":[{"@type":"SearchAction","target":{"@type":"EntryPoint","urlTemplate":"https:\/\/exaudi.org\/?s={search_term_string}"},"query-input":{"@type":"PropertyValueSpecification","valueRequired":true,"valueName":"search_term_string"}}],"inLanguage":"it-IT"},{"@type":"Person","@id":"https:\/\/exaudi.org\/#\/schema\/person\/127735be832481a6d3c410c5837bb61a","name":"Andrea Acali","image":{"@type":"ImageObject","inLanguage":"it-IT","@id":"https:\/\/secure.gravatar.com\/avatar\/2abf8e528c4f8c571ab456e5ef9ac66b04b987863e3ab3fd9546150699bb9259?s=96&d=mm&r=g","url":"https:\/\/secure.gravatar.com\/avatar\/2abf8e528c4f8c571ab456e5ef9ac66b04b987863e3ab3fd9546150699bb9259?s=96&d=mm&r=g","contentUrl":"https:\/\/secure.gravatar.com\/avatar\/2abf8e528c4f8c571ab456e5ef9ac66b04b987863e3ab3fd9546150699bb9259?s=96&d=mm&r=g","caption":"Andrea Acali"},"description":"Andrea Acali es un periodista y comunicador italiano con una larga trayectoria en el \u00e1mbito de la informaci\u00f3n religiosa, social y deportiva. Durante casi treinta a\u00f1os trabaj\u00f3 en el diario Il Tempo como vaticanista y jefe de secci\u00f3n, especializ\u00e1ndose en la cobertura de la actualidad del Vaticano y de la Iglesia cat\u00f3lica. Desde 2016 colabora como periodista web en RomaSette y tambi\u00e9n escribe para el peri\u00f3dico Avvenire. Desde 2019 ejerce como comunicador en la Delegazione della Generalitat de Catalunya in Italia, con sede en Roma, donde combina su experiencia period\u00edstica con la comunicaci\u00f3n institucional","sameAs":["https:\/\/www.linkedin.com\/in\/andrea-acali-505567125\/?originalSubdomain=it"],"url":"https:\/\/exaudi.org\/it\/author\/aacaliexaudi-org\/"}]}},"jetpack_featured_media_url":"https:\/\/exaudi.org\/wp-content\/uploads\/2021\/03\/EwmKoImXAAI90IL.jpg","jetpack_shortlink":"https:\/\/wp.me\/pgKjF2-1Kk","_links":{"self":[{"href":"https:\/\/exaudi.org\/it\/wp-json\/wp\/v2\/posts\/6716","targetHints":{"allow":["GET"]}}],"collection":[{"href":"https:\/\/exaudi.org\/it\/wp-json\/wp\/v2\/posts"}],"about":[{"href":"https:\/\/exaudi.org\/it\/wp-json\/wp\/v2\/types\/post"}],"author":[{"embeddable":true,"href":"https:\/\/exaudi.org\/it\/wp-json\/wp\/v2\/users\/18"}],"replies":[{"embeddable":true,"href":"https:\/\/exaudi.org\/it\/wp-json\/wp\/v2\/comments?post=6716"}],"version-history":[{"count":0,"href":"https:\/\/exaudi.org\/it\/wp-json\/wp\/v2\/posts\/6716\/revisions"}],"wp:featuredmedia":[{"embeddable":true,"href":"https:\/\/exaudi.org\/it\/wp-json\/wp\/v2\/media\/6663"}],"wp:attachment":[{"href":"https:\/\/exaudi.org\/it\/wp-json\/wp\/v2\/media?parent=6716"}],"wp:term":[{"taxonomy":"category","embeddable":true,"href":"https:\/\/exaudi.org\/it\/wp-json\/wp\/v2\/categories?post=6716"},{"taxonomy":"post_tag","embeddable":true,"href":"https:\/\/exaudi.org\/it\/wp-json\/wp\/v2\/tags?post=6716"}],"curies":[{"name":"wp","href":"https:\/\/api.w.org\/{rel}","templated":true}]}}