{"id":6680,"date":"2021-03-18T15:34:33","date_gmt":"2021-03-18T14:34:33","guid":{"rendered":"https:\/\/exaudi.org\/?p=6680"},"modified":"2021-03-18T15:37:39","modified_gmt":"2021-03-18T14:37:39","slug":"rinvigorire-la-bellezza-del-matrimonio","status":"publish","type":"post","link":"https:\/\/exaudi.org\/it\/rinvigorire-la-bellezza-del-matrimonio\/","title":{"rendered":"Rinvigorire la bellezza del matrimonio"},"content":{"rendered":"<p>Alla presentazione dell\u2019Anno Amoris Laetita ha partecipato anche la dottoressa Gabriella Gambino, sottosegretario del Dicastero per i Laici, la Famiglia e la Vita e madre di cinque figli, che si \u00e8 soffermata in particolare sulla necessit\u00e0 di far riscoprire la bellezza del sacramento del matrimonio.<\/p>\n<p>\u201cAbbiamo ricevuto un dono bellissimo dal Santo Padre \u2013 ha detto nel suo intervento, dopo quello del <a href=\"https:\/\/exaudi.org\/it\/presentato-lanno-di-amoris-laetitia\/\">cardinale Farrell, prefetto del Dicastero<\/a> &#8211; L\u2019Anno \u201cFamiglia Amoris Laetitia\u201d davvero ha fatto esultare di gioia la Chiesa. Come sposa e mamma, che come tutti vive le fatiche di questo tempo nel matrimonio e nella famiglia, devo confessarvi che \u00e8 emozionante dal mio posto di lavoro poter leggere mail e lettere da ogni parte del mondo, che esprimono tanta gratitudine e speranza alla Chiesa<\/p>\n<h4>Una sfida enorme<\/h4>\n<p>Quest\u2019anno \u00e8 un\u2019occasione per dare una spinta in avanti alla pastorale familiare, cercando di rinnovare modalit\u00e0, strategie e forse anche alcune finalit\u00e0 della pianificazione pastorale: non pi\u00f9 una pastorale dei fallimenti, dice il Santo Padre in Amoris Laetitia, ma una pastorale che sappia rinvigorire la bellezza del sacramento del matrimonio e delle famiglie cristiane. Che renda questa bellezza percepibile agli occhi dei bambini e dei giovani, perch\u00e9 si sentano attratti dal dono del matrimonio. Una pastorale del vincolo, la chiama Papa Francesco: una sfida enorme in un\u2019epoca in cui la fragilit\u00e0 \u00e8 cos\u00ec diffusa. Non possiamo pi\u00f9 dare nulla per scontato. C\u2019\u00e8 un grande desiderio di famiglia, ma tanto timore di fronte alla scelta del matrimonio.<\/p>\n<p>La Chiesa deve essere preparata, entrare con delicatezza nelle questioni pi\u00f9 gravose delle famiglie, sapendole accompagnare. Ripartire dai fondamenti della fede per condurre i bambini e i giovani nella scoperta della bellezza di una vocazione: il matrimonio. In tal senso, l\u2019anniversario di Amoris Laetitia non \u00e8 la mera commemorazione di un testo scritto, ma l\u2019opportunit\u00e0 concreta per dare un rinnovato impulso alla sua applicazione pastorale.<\/p>\n<h4>Tempo di agire<\/h4>\n<p>Negli ultimi anni si \u00e8 pensato e scritto molto sull\u2019esortazione apostolica: si sono pubblicati libri e compiute grandi riflessioni dottrinali. Ora \u00e8 tempo di agire. Amoris Laetitia ha molto da dirci. Contiene strategie pastorali e suggerimenti che possiamo leggere tra le sue righe con intelligenza e creativit\u00e0 pastorale. Il Papa ha pi\u00f9 volte spiegato che se si legge Amoris Laetitia esclusivamente con il criterio del \u201csi pu\u00f2 fare o non si pu\u00f2 fare\u201d si va fuori strada e non si coglie il suo vero scopo. Purtroppo negli anni passati la riflessione e il dibattito si sono concentrati solo su una parte del documento. In questo Anno, perci\u00f2 dobbiamo leggere Amoris Laetitia come un \u201ctutto\u201d e dobbiamo valorizzare maggiormente tutti gli aspetti spirituali e pastorali contenuti nel documento, ai quali si \u00e8 dato forse poco rilievo e che sono poi quelli che interessano di pi\u00f9 alla stragrande maggioranza delle famiglie.<\/p>\n<h4>Virt\u00f9 da acquisire<\/h4>\n<p>Pensiamo solo agli atteggiamenti da imparare e alle virt\u00f9 da acquisire per poter vivere bene l\u2019amore quotidiano, alle preziose indicazioni sulle componenti emotive, affettive e sessuali dell\u2019amore; pensiamo alla generativit\u00e0 e all\u2019accoglienza e della vita, pensiamo alle varie dimensioni relazionali che si vivono in famiglia \u2013 quelle intergenerazionali, fra fratelli e con gli anziani \u2013 pensiamo alle preziose indicazioni sull\u2019educazione dei figli &#8211; educazione morale, spirituale e sessuale \u2013alla proposta di coltivare una specifica spiritualit\u00e0 coniugale e familiare. Sono tutte questioni che alle famiglie interessano moltissimo, rispetto alle quali desiderano essere accompagnate e sulle quali abbiamo la possibilit\u00e0 di offrire loro i ricchi contenuti dell\u2019esortazione, che non vanno solo letti, ma coniugati nella vita concreta di tutti i giorni.<\/p>\n<h4>Le proposte del Dicastero<\/h4>\n<p>Il nostro Dicastero ha anche proposto dodici possibili percorsi, affinch\u00e9 ogni realt\u00e0 ecclesiale sia sollecitata a prendere l\u2019iniziativa almeno in alcuni ambiti della pastorale familiare. Sono proposte che abbiamo messo insieme a partire dalle necessit\u00e0 concrete che emergono dalla pastorale familiare di tutto il mondo e con lo sguardo di Amoris Laetitia.<\/p>\n<p>Il criterio: rendere trasversali i progetti pastorali, affinch\u00e9 non ci siano pi\u00f9 compartimenti stagni. Accompagnare i bambini, i giovani, i fidanzati, gli sposi e gli anziani dovrebbe avvenire alla luce di una visione integrale e unitaria della pianificazione pastorale, che pu\u00f2 rivelarsi fonte di grande creativit\u00e0. Mettere in dialogo gli operatori pastorali di aree diverse, agire in uno spirito sinodale, \u00e8 importante per dare continuit\u00e0 e gradualit\u00e0 al percorso di crescita nella fede dei laici.<\/p>\n<h4>Rinnovare la catechesi<\/h4>\n<p>Se si desse, per esempio, un taglio vocazionale ai percorsi catechetici per bambini, continuando a seguirli dopo la comunione e la cresima con una formazione remota alla vocazione sponsale, in molti contesti pastorali si potrebbe evitare il rischio di perdere per strada tanti giovanissimi, che dopo la prima comunione non si fanno pi\u00f9 vivi in Chiesa. Non perch\u00e9 siano davvero disinteressati, ma perch\u00e9 nulla viene pi\u00f9 offerto, n\u00e9 a loro n\u00e9 ai genitori, per accompagnarli nella crescita spirituale dei figli. \u00c8 bello che la Chiesa si conceda questo tempo di conversione pastorale. \u00c8 segno di una Chiesa che desidera crescere, diventare adulta, che non si accontenta di usare metodi vecchi e inefficaci, perch\u00e9 sa mettersi in gioco per amore della famiglia. Perch\u00e9 si \u00e8 resa conto che ai fini pratici dell\u2019evangelizzazione, la famiglia \u00e8 la via attraverso cui deve passare la Chiesa.<\/p>\n<h4>Adattare la pastorale ai ritmi familiari<\/h4>\n<p>C\u2019\u00e8 un passaggio molto incisivo della Evangelii Gaudium, documento programmatico dell\u2019attuale pontificato, nel quale Papa Francesco dice: \u00able consuetudini, gli stili, gli orari, il linguaggio e ogni struttura ecclesiale diventino un canale adeguato per l\u2019evangelizzazione del mondo attuale, pi\u00f9 che per l\u2019autopreservazione\u00bb. Se applichiamo queste parole alle famiglie, gi\u00e0 abbiamo qualche chiara indicazione della conversione pastorale che dobbiamo mettere in atto.<\/p>\n<p>Per esempio: le consuetudini, gli stili, gli orari, il linguaggio e le nostre strutture ecclesiali sono adatti alla vita concreta delle famiglie? Se pensiamo alle famiglie che vivono in grandi citt\u00e0 e che devono tenere insieme gli impegni lavorativi dei coniugi e gli impegni scolastici ed extrascolastici dei figli, cose tutte che comportano continui trasferimenti da una parte all\u2019altra della citt\u00e0 \u2013 e spesso senza molti aiuti da parte di parenti prossimi \u2013 ci renderemo conto che per molte famiglie \u00e8 quasi impossibile partecipare agli eventi parrocchiali o diocesani se questi non si adattano alle concrete possibilit\u00e0 delle famiglie.<\/p>\n<h4>Aiuto concreto<\/h4>\n<p>Dobbiamo riconoscere che molte strutture ecclesiali, forse senza esserne pienamente consapevoli, sono piuttosto orientate agli anziani o ai single. Si tratta dunque di una grande sfida per la Chiesa. Tutti gli agenti pastorali, perci\u00f2, dovrebbero tenere maggiormente in considerazione le famiglie, andare loro incontro, trovare modi nuovi, tempi nuovi e spazi nuovi per stabilire con loro un dialogo e prendersi cura di loro. Come abbiamo gi\u00e0 avuto occasione di spiegare, il nostro Dicastero si far\u00e0 parte solerte per diffondere alcuni strumenti pastorali per le famiglie, le parrocchie e le diocesi, per aiutare e sostenere il lavoro a volte molto faticoso delle chiese locali. Periodicamente metteremo nel nostro sito risorse e piccoli strumenti pastorali, di cui daremo notizia di volta in volta. \u00c8 un modo per tenere viva l\u2019attenzione della Chiesa su tanti ambiti della pastorale per tutti questi mesi.<\/p>\n<h4>I video del Papa<\/h4>\n<p>Ci saranno i video sull\u2019esortazione apostolica, che usciranno con cadenza mensile: in essi, ci sar\u00e0 la partecipazione del S. Padre, con alcune famiglie testimonial da tutto il mondo, che insieme al Papa racconteranno come vivono quegli aspetti della vita familiare di cui parla il Papa in Amoris Laetitia. Saranno accompagnati da sussidi pastorali semplici, che si potranno utilizzare in tanti contesti ecclesiali e perfino nelle famiglie e, non dimentichiamolo, quest\u2019anno, il 25 luglio verr\u00e0 celebrata la prima Giornata Mondiale dei Nonni e degli Anziani. Ma la gran parte delle risorse verranno dalle diocesi, dai movimenti e dalle associazioni familiari, che sotto il nostro impulso e con uno spirito di autentica comunione stanno lavorando intensamente per implementare tutto ci\u00f2 che gi\u00e0 fanno di buono e per prendere iniziative nuove.<\/p>\n<p>Allo stesso modo, istituzioni accademiche cattoliche e pontificie si stanno muovendo per promuovere riflessioni capaci di avere ricadute concrete, in dialogo con la pastorale. Esse, in fondo, elaborano quel pensiero cristiano, che ormai oggi \u00e8 urgente rendere fruibile per il mondo. I temi da affrontare sono tanti, le difficolt\u00e0 delle famiglie in societ\u00e0 complesse come quelle attuali sono numerose e spesso correlate tra loro. Che ogni chiesa locale si senta chiamata ad intervenire laddove intravede le emergenze familiari maggiori, mettendosi in ascolto delle famiglie, dando loro spazio e camminando con loro.<\/p>\n<h4>Emergenza vocazionale<\/h4>\n<p>Oggi viviamo un\u2019emergenza vocazionale, non solo alla vita religiosa, ma anche al matrimonio, poich\u00e9 lo abbiamo detto: scegliere il matrimonio non \u00e8 come scegliere un lavoro: \u00e8 una vocazione. Quest\u2019anno, pi\u00f9 che mai, siamo chiamati tutti a darci da fare per rinvigorire l\u2019istituzione familiare, non solo nella Chiesa, ma anche nella societ\u00e0. \u00c8 un cammino lungo, e non finir\u00e0 con l\u2019Incontro Mondiale delle Famiglie nel 2022.<\/p>\n","protected":false},"excerpt":{"rendered":"<p>L&#8217;intervento di Gabriella Gambino, sottosegretario del Dicastero per i laici, la famiglia e la vita, alla presentazione dell&#8217;Anno Amoris Laetitia<\/p>\n","protected":false},"author":17,"featured_media":6690,"comment_status":"closed","ping_status":"closed","sticky":false,"template":"","format":"standard","meta":{"_acf_changed":false,"_crdt_document":"","inline_featured_image":false,"footnotes":""},"categories":[129],"tags":[833,758,992,834,251,996],"class_list":["post-6680","post","type-post","status-publish","format-standard","has-post-thumbnail","hentry","category-voci","tag-amoris-laetitia","tag-famiglia","tag-laici","tag-matrimonio","tag-papa-francesco","tag-pastorale"],"acf":[],"yoast_head":"<!-- This site is optimized with the Yoast SEO plugin v27.4 - https:\/\/yoast.com\/product\/yoast-seo-wordpress\/ -->\n<title>Rinvigorire la bellezza del matrimonio &#8211; Exaudi<\/title>\n<meta name=\"description\" content=\"L&#039;intervento del sottosegretario Gambino alla presentazione dell&#039;Anno Amoris Laetitia: aiutare a riscoprire la bellezza del matrimonio\" \/>\n<meta name=\"robots\" content=\"index, follow, max-snippet:-1, max-image-preview:large, max-video-preview:-1\" \/>\n<link rel=\"canonical\" href=\"https:\/\/exaudi.org\/it\/rinvigorire-la-bellezza-del-matrimonio\/\" \/>\n<meta property=\"og:locale\" content=\"it_IT\" \/>\n<meta property=\"og:type\" content=\"article\" \/>\n<meta property=\"og:title\" content=\"Rinvigorire la bellezza del matrimonio &#8211; Exaudi\" \/>\n<meta property=\"og:description\" content=\"L&#039;intervento del sottosegretario Gambino alla presentazione dell&#039;Anno Amoris Laetitia: aiutare a riscoprire la bellezza del matrimonio\" \/>\n<meta property=\"og:url\" content=\"https:\/\/exaudi.org\/it\/rinvigorire-la-bellezza-del-matrimonio\/\" \/>\n<meta property=\"og:site_name\" content=\"Exaudi\" \/>\n<meta property=\"article:publisher\" content=\"https:\/\/www.facebook.com\/ExaudiNews\" \/>\n<meta property=\"article:author\" content=\"https:\/\/www.facebook.com\/ExaudiNotizie\/\" \/>\n<meta property=\"article:published_time\" content=\"2021-03-18T14:34:33+00:00\" \/>\n<meta property=\"article:modified_time\" content=\"2021-03-18T14:37:39+00:00\" \/>\n<meta property=\"og:image\" content=\"https:\/\/exaudi.org\/wp-content\/uploads\/2021\/03\/gambino.jpeg\" \/>\n\t<meta property=\"og:image:width\" content=\"750\" \/>\n\t<meta property=\"og:image:height\" content=\"422\" \/>\n\t<meta property=\"og:image:type\" content=\"image\/jpeg\" \/>\n<meta name=\"author\" content=\"Exaudi Redazione\" \/>\n<meta name=\"twitter:card\" content=\"summary_large_image\" \/>\n<meta name=\"twitter:creator\" content=\"@Exaudi_Notizie\" \/>\n<meta name=\"twitter:site\" content=\"@Exaudi_News\" \/>\n<meta name=\"twitter:label1\" content=\"Scritto da\" \/>\n\t<meta name=\"twitter:data1\" content=\"Exaudi Redazione\" \/>\n\t<meta name=\"twitter:label2\" content=\"Tempo di lettura stimato\" \/>\n\t<meta name=\"twitter:data2\" content=\"7 minuti\" \/>\n<script type=\"application\/ld+json\" class=\"yoast-schema-graph\">{\"@context\":\"https:\\\/\\\/schema.org\",\"@graph\":[{\"@type\":\"Article\",\"@id\":\"https:\\\/\\\/exaudi.org\\\/it\\\/rinvigorire-la-bellezza-del-matrimonio\\\/#article\",\"isPartOf\":{\"@id\":\"https:\\\/\\\/exaudi.org\\\/it\\\/rinvigorire-la-bellezza-del-matrimonio\\\/\"},\"author\":{\"name\":\"Exaudi Redazione\",\"@id\":\"https:\\\/\\\/exaudi.org\\\/#\\\/schema\\\/person\\\/e1ab6ed07c01774724dd96f925f3a5f0\"},\"headline\":\"Rinvigorire la bellezza del matrimonio\",\"datePublished\":\"2021-03-18T14:34:33+00:00\",\"dateModified\":\"2021-03-18T14:37:39+00:00\",\"mainEntityOfPage\":{\"@id\":\"https:\\\/\\\/exaudi.org\\\/it\\\/rinvigorire-la-bellezza-del-matrimonio\\\/\"},\"wordCount\":1463,\"image\":{\"@id\":\"https:\\\/\\\/exaudi.org\\\/it\\\/rinvigorire-la-bellezza-del-matrimonio\\\/#primaryimage\"},\"thumbnailUrl\":\"https:\\\/\\\/exaudi.org\\\/wp-content\\\/uploads\\\/2021\\\/03\\\/gambino.jpeg\",\"keywords\":[\"Amoris Laetitia\",\"famiglia\",\"laici\",\"matrimonio\",\"Papa Francesco\",\"pastorale\"],\"articleSection\":[\"Voci\"],\"inLanguage\":\"it-IT\"},{\"@type\":\"WebPage\",\"@id\":\"https:\\\/\\\/exaudi.org\\\/it\\\/rinvigorire-la-bellezza-del-matrimonio\\\/\",\"url\":\"https:\\\/\\\/exaudi.org\\\/it\\\/rinvigorire-la-bellezza-del-matrimonio\\\/\",\"name\":\"Rinvigorire la bellezza del matrimonio &#8211; Exaudi\",\"isPartOf\":{\"@id\":\"https:\\\/\\\/exaudi.org\\\/#website\"},\"primaryImageOfPage\":{\"@id\":\"https:\\\/\\\/exaudi.org\\\/it\\\/rinvigorire-la-bellezza-del-matrimonio\\\/#primaryimage\"},\"image\":{\"@id\":\"https:\\\/\\\/exaudi.org\\\/it\\\/rinvigorire-la-bellezza-del-matrimonio\\\/#primaryimage\"},\"thumbnailUrl\":\"https:\\\/\\\/exaudi.org\\\/wp-content\\\/uploads\\\/2021\\\/03\\\/gambino.jpeg\",\"datePublished\":\"2021-03-18T14:34:33+00:00\",\"dateModified\":\"2021-03-18T14:37:39+00:00\",\"author\":{\"@id\":\"https:\\\/\\\/exaudi.org\\\/#\\\/schema\\\/person\\\/e1ab6ed07c01774724dd96f925f3a5f0\"},\"description\":\"L'intervento del sottosegretario Gambino alla presentazione dell'Anno Amoris Laetitia: aiutare a riscoprire la bellezza del matrimonio\",\"breadcrumb\":{\"@id\":\"https:\\\/\\\/exaudi.org\\\/it\\\/rinvigorire-la-bellezza-del-matrimonio\\\/#breadcrumb\"},\"inLanguage\":\"it-IT\",\"potentialAction\":[{\"@type\":\"ReadAction\",\"target\":[\"https:\\\/\\\/exaudi.org\\\/it\\\/rinvigorire-la-bellezza-del-matrimonio\\\/\"]}]},{\"@type\":\"ImageObject\",\"inLanguage\":\"it-IT\",\"@id\":\"https:\\\/\\\/exaudi.org\\\/it\\\/rinvigorire-la-bellezza-del-matrimonio\\\/#primaryimage\",\"url\":\"https:\\\/\\\/exaudi.org\\\/wp-content\\\/uploads\\\/2021\\\/03\\\/gambino.jpeg\",\"contentUrl\":\"https:\\\/\\\/exaudi.org\\\/wp-content\\\/uploads\\\/2021\\\/03\\\/gambino.jpeg\",\"width\":750,\"height\":422,\"caption\":\"Gabriella Gambino \u00a9 Vatican Media\"},{\"@type\":\"BreadcrumbList\",\"@id\":\"https:\\\/\\\/exaudi.org\\\/it\\\/rinvigorire-la-bellezza-del-matrimonio\\\/#breadcrumb\",\"itemListElement\":[{\"@type\":\"ListItem\",\"position\":1,\"name\":\"Portada\",\"item\":\"https:\\\/\\\/exaudi.org\\\/it\\\/\"},{\"@type\":\"ListItem\",\"position\":2,\"name\":\"Rinvigorire la bellezza del matrimonio\"}]},{\"@type\":\"WebSite\",\"@id\":\"https:\\\/\\\/exaudi.org\\\/#website\",\"url\":\"https:\\\/\\\/exaudi.org\\\/\",\"name\":\"Exaudi\",\"description\":\"News\",\"potentialAction\":[{\"@type\":\"SearchAction\",\"target\":{\"@type\":\"EntryPoint\",\"urlTemplate\":\"https:\\\/\\\/exaudi.org\\\/?s={search_term_string}\"},\"query-input\":{\"@type\":\"PropertyValueSpecification\",\"valueRequired\":true,\"valueName\":\"search_term_string\"}}],\"inLanguage\":\"it-IT\"},{\"@type\":\"Person\",\"@id\":\"https:\\\/\\\/exaudi.org\\\/#\\\/schema\\\/person\\\/e1ab6ed07c01774724dd96f925f3a5f0\",\"name\":\"Exaudi Redazione\",\"image\":{\"@type\":\"ImageObject\",\"inLanguage\":\"it-IT\",\"@id\":\"https:\\\/\\\/secure.gravatar.com\\\/avatar\\\/ad6774b3ada023bf5b939d64f45c94b3adf91502dd883507d469b4308a943bb3?s=96&d=mm&r=g\",\"url\":\"https:\\\/\\\/secure.gravatar.com\\\/avatar\\\/ad6774b3ada023bf5b939d64f45c94b3adf91502dd883507d469b4308a943bb3?s=96&d=mm&r=g\",\"contentUrl\":\"https:\\\/\\\/secure.gravatar.com\\\/avatar\\\/ad6774b3ada023bf5b939d64f45c94b3adf91502dd883507d469b4308a943bb3?s=96&d=mm&r=g\",\"caption\":\"Exaudi Redazione\"},\"description\":\"Che cosa \u00e8 Exaudi News? Exaudi News \u00e8 un agenzia cattolica internazionale che informa, istruisce e trasforma quotidianamente in spagnolo, inglese e italiano. Attraverso notizie, articoli di analisi e trasmissioni in diretta degli eventi del Papa, Exaudi cerca di rafforzare l'unit\u00e0 dei cristiani e di contribuire all'evangelizzazione del mondo, sempre guidato dalla dottrina sociale della Chiesa. Lavoriamo per portare la verit\u00e0 e i valori cristiani in ogni angolo del pianeta. Aiutaci a trasformare il mondo con Exaudi! Noi di Exaudi crediamo che l'evangelizzazione e l'informazione di qualit\u00e0 possano cambiare la vita. Per continuare la nostra missione ed espandere la nostra portata, abbiamo bisogno del tuo aiuto. Stiamo anche cercando persone motivate che vogliano unirsi al nostro team. Grazie al vostro sostegno raggiungeremo pi\u00f9 persone, diffonderemo il messaggio di Cristo e rafforzeremo l'unit\u00e0 dei cristiani. Vuoi unirti alla nostra missione? Per maggiori informazioni su come contribuire, visita Exaudi.org\\\/it o contattaci direttamente: info@exaudi.org Exaudi: informa, forma e trasforma.\",\"sameAs\":[\"https:\\\/\\\/www.facebook.com\\\/ExaudiNotizie\\\/\",\"https:\\\/\\\/www.instagram.com\\\/Exaudi_notizie\\\/\",\"https:\\\/\\\/x.com\\\/Exaudi_Notizie\",\"https:\\\/\\\/www.youtube.com\\\/@exaudicatholicnews\"],\"url\":\"https:\\\/\\\/exaudi.org\\\/it\\\/author\\\/dlvedi-org\\\/\"}]}<\/script>\n<!-- \/ Yoast SEO plugin. -->","yoast_head_json":{"title":"Rinvigorire la bellezza del matrimonio &#8211; Exaudi","description":"L'intervento del sottosegretario Gambino alla presentazione dell'Anno Amoris Laetitia: aiutare a riscoprire la bellezza del matrimonio","robots":{"index":"index","follow":"follow","max-snippet":"max-snippet:-1","max-image-preview":"max-image-preview:large","max-video-preview":"max-video-preview:-1"},"canonical":"https:\/\/exaudi.org\/it\/rinvigorire-la-bellezza-del-matrimonio\/","og_locale":"it_IT","og_type":"article","og_title":"Rinvigorire la bellezza del matrimonio &#8211; Exaudi","og_description":"L'intervento del sottosegretario Gambino alla presentazione dell'Anno Amoris Laetitia: aiutare a riscoprire la bellezza del matrimonio","og_url":"https:\/\/exaudi.org\/it\/rinvigorire-la-bellezza-del-matrimonio\/","og_site_name":"Exaudi","article_publisher":"https:\/\/www.facebook.com\/ExaudiNews","article_author":"https:\/\/www.facebook.com\/ExaudiNotizie\/","article_published_time":"2021-03-18T14:34:33+00:00","article_modified_time":"2021-03-18T14:37:39+00:00","og_image":[{"width":750,"height":422,"url":"https:\/\/exaudi.org\/wp-content\/uploads\/2021\/03\/gambino.jpeg","type":"image\/jpeg"}],"author":"Exaudi Redazione","twitter_card":"summary_large_image","twitter_creator":"@Exaudi_Notizie","twitter_site":"@Exaudi_News","twitter_misc":{"Scritto da":"Exaudi Redazione","Tempo di lettura stimato":"7 minuti"},"schema":{"@context":"https:\/\/schema.org","@graph":[{"@type":"Article","@id":"https:\/\/exaudi.org\/it\/rinvigorire-la-bellezza-del-matrimonio\/#article","isPartOf":{"@id":"https:\/\/exaudi.org\/it\/rinvigorire-la-bellezza-del-matrimonio\/"},"author":{"name":"Exaudi Redazione","@id":"https:\/\/exaudi.org\/#\/schema\/person\/e1ab6ed07c01774724dd96f925f3a5f0"},"headline":"Rinvigorire la bellezza del matrimonio","datePublished":"2021-03-18T14:34:33+00:00","dateModified":"2021-03-18T14:37:39+00:00","mainEntityOfPage":{"@id":"https:\/\/exaudi.org\/it\/rinvigorire-la-bellezza-del-matrimonio\/"},"wordCount":1463,"image":{"@id":"https:\/\/exaudi.org\/it\/rinvigorire-la-bellezza-del-matrimonio\/#primaryimage"},"thumbnailUrl":"https:\/\/exaudi.org\/wp-content\/uploads\/2021\/03\/gambino.jpeg","keywords":["Amoris Laetitia","famiglia","laici","matrimonio","Papa Francesco","pastorale"],"articleSection":["Voci"],"inLanguage":"it-IT"},{"@type":"WebPage","@id":"https:\/\/exaudi.org\/it\/rinvigorire-la-bellezza-del-matrimonio\/","url":"https:\/\/exaudi.org\/it\/rinvigorire-la-bellezza-del-matrimonio\/","name":"Rinvigorire la bellezza del matrimonio &#8211; Exaudi","isPartOf":{"@id":"https:\/\/exaudi.org\/#website"},"primaryImageOfPage":{"@id":"https:\/\/exaudi.org\/it\/rinvigorire-la-bellezza-del-matrimonio\/#primaryimage"},"image":{"@id":"https:\/\/exaudi.org\/it\/rinvigorire-la-bellezza-del-matrimonio\/#primaryimage"},"thumbnailUrl":"https:\/\/exaudi.org\/wp-content\/uploads\/2021\/03\/gambino.jpeg","datePublished":"2021-03-18T14:34:33+00:00","dateModified":"2021-03-18T14:37:39+00:00","author":{"@id":"https:\/\/exaudi.org\/#\/schema\/person\/e1ab6ed07c01774724dd96f925f3a5f0"},"description":"L'intervento del sottosegretario Gambino alla presentazione dell'Anno Amoris Laetitia: aiutare a riscoprire la bellezza del matrimonio","breadcrumb":{"@id":"https:\/\/exaudi.org\/it\/rinvigorire-la-bellezza-del-matrimonio\/#breadcrumb"},"inLanguage":"it-IT","potentialAction":[{"@type":"ReadAction","target":["https:\/\/exaudi.org\/it\/rinvigorire-la-bellezza-del-matrimonio\/"]}]},{"@type":"ImageObject","inLanguage":"it-IT","@id":"https:\/\/exaudi.org\/it\/rinvigorire-la-bellezza-del-matrimonio\/#primaryimage","url":"https:\/\/exaudi.org\/wp-content\/uploads\/2021\/03\/gambino.jpeg","contentUrl":"https:\/\/exaudi.org\/wp-content\/uploads\/2021\/03\/gambino.jpeg","width":750,"height":422,"caption":"Gabriella Gambino \u00a9 Vatican Media"},{"@type":"BreadcrumbList","@id":"https:\/\/exaudi.org\/it\/rinvigorire-la-bellezza-del-matrimonio\/#breadcrumb","itemListElement":[{"@type":"ListItem","position":1,"name":"Portada","item":"https:\/\/exaudi.org\/it\/"},{"@type":"ListItem","position":2,"name":"Rinvigorire la bellezza del matrimonio"}]},{"@type":"WebSite","@id":"https:\/\/exaudi.org\/#website","url":"https:\/\/exaudi.org\/","name":"Exaudi","description":"News","potentialAction":[{"@type":"SearchAction","target":{"@type":"EntryPoint","urlTemplate":"https:\/\/exaudi.org\/?s={search_term_string}"},"query-input":{"@type":"PropertyValueSpecification","valueRequired":true,"valueName":"search_term_string"}}],"inLanguage":"it-IT"},{"@type":"Person","@id":"https:\/\/exaudi.org\/#\/schema\/person\/e1ab6ed07c01774724dd96f925f3a5f0","name":"Exaudi Redazione","image":{"@type":"ImageObject","inLanguage":"it-IT","@id":"https:\/\/secure.gravatar.com\/avatar\/ad6774b3ada023bf5b939d64f45c94b3adf91502dd883507d469b4308a943bb3?s=96&d=mm&r=g","url":"https:\/\/secure.gravatar.com\/avatar\/ad6774b3ada023bf5b939d64f45c94b3adf91502dd883507d469b4308a943bb3?s=96&d=mm&r=g","contentUrl":"https:\/\/secure.gravatar.com\/avatar\/ad6774b3ada023bf5b939d64f45c94b3adf91502dd883507d469b4308a943bb3?s=96&d=mm&r=g","caption":"Exaudi Redazione"},"description":"Che cosa \u00e8 Exaudi News? Exaudi News \u00e8 un agenzia cattolica internazionale che informa, istruisce e trasforma quotidianamente in spagnolo, inglese e italiano. Attraverso notizie, articoli di analisi e trasmissioni in diretta degli eventi del Papa, Exaudi cerca di rafforzare l'unit\u00e0 dei cristiani e di contribuire all'evangelizzazione del mondo, sempre guidato dalla dottrina sociale della Chiesa. Lavoriamo per portare la verit\u00e0 e i valori cristiani in ogni angolo del pianeta. Aiutaci a trasformare il mondo con Exaudi! Noi di Exaudi crediamo che l'evangelizzazione e l'informazione di qualit\u00e0 possano cambiare la vita. Per continuare la nostra missione ed espandere la nostra portata, abbiamo bisogno del tuo aiuto. Stiamo anche cercando persone motivate che vogliano unirsi al nostro team. Grazie al vostro sostegno raggiungeremo pi\u00f9 persone, diffonderemo il messaggio di Cristo e rafforzeremo l'unit\u00e0 dei cristiani. Vuoi unirti alla nostra missione? Per maggiori informazioni su come contribuire, visita Exaudi.org\/it o contattaci direttamente: info@exaudi.org Exaudi: informa, forma e trasforma.","sameAs":["https:\/\/www.facebook.com\/ExaudiNotizie\/","https:\/\/www.instagram.com\/Exaudi_notizie\/","https:\/\/x.com\/Exaudi_Notizie","https:\/\/www.youtube.com\/@exaudicatholicnews"],"url":"https:\/\/exaudi.org\/it\/author\/dlvedi-org\/"}]}},"jetpack_featured_media_url":"https:\/\/exaudi.org\/wp-content\/uploads\/2021\/03\/gambino.jpeg","jetpack_shortlink":"https:\/\/wp.me\/pgKjF2-1JK","_links":{"self":[{"href":"https:\/\/exaudi.org\/it\/wp-json\/wp\/v2\/posts\/6680","targetHints":{"allow":["GET"]}}],"collection":[{"href":"https:\/\/exaudi.org\/it\/wp-json\/wp\/v2\/posts"}],"about":[{"href":"https:\/\/exaudi.org\/it\/wp-json\/wp\/v2\/types\/post"}],"author":[{"embeddable":true,"href":"https:\/\/exaudi.org\/it\/wp-json\/wp\/v2\/users\/17"}],"replies":[{"embeddable":true,"href":"https:\/\/exaudi.org\/it\/wp-json\/wp\/v2\/comments?post=6680"}],"version-history":[{"count":0,"href":"https:\/\/exaudi.org\/it\/wp-json\/wp\/v2\/posts\/6680\/revisions"}],"wp:featuredmedia":[{"embeddable":true,"href":"https:\/\/exaudi.org\/it\/wp-json\/wp\/v2\/media\/6690"}],"wp:attachment":[{"href":"https:\/\/exaudi.org\/it\/wp-json\/wp\/v2\/media?parent=6680"}],"wp:term":[{"taxonomy":"category","embeddable":true,"href":"https:\/\/exaudi.org\/it\/wp-json\/wp\/v2\/categories?post=6680"},{"taxonomy":"post_tag","embeddable":true,"href":"https:\/\/exaudi.org\/it\/wp-json\/wp\/v2\/tags?post=6680"}],"curies":[{"name":"wp","href":"https:\/\/api.w.org\/{rel}","templated":true}]}}