{"id":65815,"date":"2022-11-19T15:32:19","date_gmt":"2022-11-19T14:32:19","guid":{"rendered":"https:\/\/exaudi.org\/?p=65815"},"modified":"2022-11-19T15:32:19","modified_gmt":"2022-11-19T14:32:19","slug":"padre-nostrodacci-oggi-il-nostro-pane-quotidiano-e-questo-pane-e-anche-la-salute","status":"publish","type":"post","link":"https:\/\/exaudi.org\/it\/padre-nostrodacci-oggi-il-nostro-pane-quotidiano-e-questo-pane-e-anche-la-salute\/","title":{"rendered":"&#8220;Padre nostro&#8221;&#8221;Dacci oggi il nostro pane quotidiano&#8221;. E questo \u201cpane\u201d \u00e8 anche la salute"},"content":{"rendered":"<p>Questa mattina, nell\u2019Aula Paolo VI, il Santo Padre Francesco ha ricevuto in Udienza i partecipanti all\u2019incontro promosso da Medici con l\u2019Africa (CUAMM).<\/p>\n<p>Pubblichiamo di seguito il discorso che il Papa ha rivolto ai presenti all\u2019incontro:<\/p>\n<p><b><u>Discorso del Santo Padre<\/u><\/b><\/p>\n<p>Cari fratelli e sorelle, buongiorno e benvenuti tutti!<\/p>\n<p><img loading=\"lazy\" decoding=\"async\" class=\"size-medium wp-image-65819 alignleft\" src=\"https:\/\/exaudi.org\/wp-content\/uploads\/2022\/11\/thumbnail__MTC3645-300x200.jpg\" alt=\"\" width=\"300\" height=\"200\" srcset=\"https:\/\/exaudi.org\/wp-content\/uploads\/2022\/11\/thumbnail__MTC3645-300x200.jpg 300w, https:\/\/exaudi.org\/wp-content\/uploads\/2022\/11\/thumbnail__MTC3645-1024x682.jpg 1024w, https:\/\/exaudi.org\/wp-content\/uploads\/2022\/11\/thumbnail__MTC3645-770x513.jpg 770w, https:\/\/exaudi.org\/wp-content\/uploads\/2022\/11\/thumbnail__MTC3645-360x240.jpg?crop=1 360w, https:\/\/exaudi.org\/wp-content\/uploads\/2022\/11\/thumbnail__MTC3645-500x333.jpg 500w, https:\/\/exaudi.org\/wp-content\/uploads\/2022\/11\/thumbnail__MTC3645-1155x770.jpg 1155w, https:\/\/exaudi.org\/wp-content\/uploads\/2022\/11\/thumbnail__MTC3645-370x247.jpg 370w, https:\/\/exaudi.org\/wp-content\/uploads\/2022\/11\/thumbnail__MTC3645-293x195.jpg 293w, https:\/\/exaudi.org\/wp-content\/uploads\/2022\/11\/thumbnail__MTC3645-120x80.jpg 120w, https:\/\/exaudi.org\/wp-content\/uploads\/2022\/11\/thumbnail__MTC3645-240x160.jpg 240w, https:\/\/exaudi.org\/wp-content\/uploads\/2022\/11\/thumbnail__MTC3645-390x260.jpg 390w, https:\/\/exaudi.org\/wp-content\/uploads\/2022\/11\/thumbnail__MTC3645.jpg 1280w\" sizes=\"auto, (max-width: 300px) 100vw, 300px\" \/>Sono contento di accogliervi. Ringrazio l\u2019arcivescovo di Padova per le sue parole cos\u00ec coraggiose. Oggi formate la comunit\u00e0 missionaria di \u201cMedici con l\u2019Africa \u2013 CUAMM\u201d.<\/p>\n<p>Mi piace sottolineare il fatto che la vostra storia comincia quando, 70 anni fa nasce, proprio a Padova, un collegio per ospitare giovani studenti di medicina africani. Giovani africani. Gi\u00e0 da qui si vede lo stile vostro: essere\u00a0<i>con l\u2019Africa<\/i>, prima ancora di essere\u00a0<i>per l\u2019Africa<\/i>. E questo \u00e8 proprio l\u2019atteggiamento buono, perch\u00e9 c\u2019\u00e8 nell\u2019immaginario, nell\u2019inconscio collettivo, quell\u2019atteggiamento brutto: l\u2019Africa va sfruttata. E contro questo c\u2019\u00e8 il vostro no: essere\u00a0<i>con<\/i>\u00a0<i>l\u2019Africa<\/i>. Cos\u00ec, essere\u00a0<i>con l\u2019Africa<\/i>\u00a0\u00e8 essere\u00a0<i>per l\u2019Africa<\/i>. Da quella esperienza \u00e8 partito un cammino di condivisione e di servizio che in questi 70 anni ha attraversato quasi tutto il continente africano per portare assistenza medica, sempre in un\u2019ottica di sviluppo e prediligendo la formazione del personale locale. C\u2019\u00e8 un grande capitale intellettuale in Africa: dobbiamo aiutare a svilupparlo. Un mese fa, pi\u00f9 o meno, ho avuto un incontro con studenti universitari di tutta l\u2019Africa, via\u00a0<i>Zoom<\/i>. Sono rimasto meravigliato della capacit\u00e0 intellettuale di questi giovani e di queste giovani. Per favore, che non si perdano; aiutiamoli a progredire, ad andare avanti perch\u00e9 l\u2019Africa non va sfruttata, va promossa.<\/p>\n<p>La vostra opera \u00e8 un modo concreto di mettere in pratica una cosa che chiediamo ogni giorno nel \u201cPadre nostro\u201d. Noi domandiamo al Padre celeste: \u201cDacci oggi il nostro pane quotidiano\u201d. E questo \u201c<i>pane<\/i>\u201d \u00e8 anche\u00a0<i>la salute<\/i>. La salute \u00e8 un bene primario, come il pane, come l\u2019acqua, come la casa, come il lavoro. Voi vi impegnate perch\u00e9 non manchi il pane quotidiano a tanti fratelli e sorelle che oggi, nel XXI secolo, non hanno accesso a un\u2019assistenza sanitaria normale, di base. \u00c8 vergognoso: l\u2019umanit\u00e0 non \u00e8 capace di risolvere questo problema, ma \u00e8 capace di portare avanti l\u2019industria delle armi che distruggono tutto. Si spendono miliardi per le armi, si bruciano altre enormi risorse nell\u2019industria dell\u2019effimero e dell\u2019evasione \u2013 l\u2019\u201cindustria del trucco\u201d, per esempio\u2026 Quando preghiamo \u201cdacci oggi il nostro pane quotidiano\u201d, dovremmo pensare bene a quello che diciamo, perch\u00e9 tanti, troppi uomini e donne, di questo pane, ricevono solo le briciole, o nemmeno quelle, semplicemente perch\u00e9 sono nati in certi luoghi del mondo. Penso a tante mamme, che non possono avere un parto sicuro e a volte perdono la vita; o a tanti bambini, che si spengono gi\u00e0 nella prima infanzia.<\/p>\n<p>La vostra presenza qui oggi porta il mio cuore vicino a Paesi che mi sono particolarmente cari, come la Repubblica Centrafricana, dove sono stato nel 2015 per aprire la Porta Santa, a Bangui; e il Sud Sudan dove, a Dio piacendo mi recher\u00f2 all\u2019inizio del prossimo anno. Sono paesi poverissimi e fragili, che il mondo considera importanti solo per le risorse da sfruttare e che invece il Signore considera suoi prediletti, nei quali vi manda ad essere buoni samaritani, testimoni del suo Vangelo. Non abbiate timore ad affrontare sfide difficili, a intervenire in luoghi remoti e segnati dalla violenza, dove le popolazioni non hanno la possibilit\u00e0 di curarsi. Siate con loro! Dovessero occorrere anni di fatiche, dovessero susseguirsi delusioni e fallimenti per ottenere dei risultati, non scoraggiatevi. Perseverate con il servizio ostinato e il dialogo aperto a tutti come strumenti per la pace e il superamento dei conflitti.<\/p>\n<p>Un altro aspetto bello e importante del vostro essere\u00a0<i>con l\u2019Africa<\/i>\u00a0\u00e8 la collaborazione con le Chiese locali e con le istituzioni dei Paesi in cui operate, sempre in un\u2019ottica di condivisione e di promozione delle popolazioni africane. Contro lo sfruttamento, la promozione. Vi incoraggio anche a continuare a lavorare insieme con le congregazioni religiose missionarie, impegnate generosamente nel settore sanitario in Africa. Lavorare insieme unendo le forze, mettendo a disposizione la vostra esperienza e competenza, sostenendo l\u2019innovazione sociale ispirata dal Vangelo, esplorando anche nuove forme di finanziamento dei servizi sanitari rivolti ai pi\u00f9 poveri.<\/p>\n<p>La pandemia del Covid, la guerra e la grave crisi internazionale stanno mettendo tutti a dura prova. Cos\u00ec anche le condizioni di siccit\u00e0: ho seguito in Kenya i disastri dovuti alla siccit\u00e0\u2026 E se \u00e8 difficile per il mondo sviluppato, lo \u00e8 ancora di pi\u00f9 per l\u2019Africa, dove le conseguenze sono drammatiche, perch\u00e9 le popolazioni sono gi\u00e0 molto povere e mancano sistemi di protezione sociale. L\u2019Africa sta tornando indietro e la povert\u00e0 si sta aggravando. I prezzi delle derrate alimentari stanno salendo ovunque portando fame e malnutrizione; i trasporti sanitari sono bloccati per il costo eccessivo del carburante; i farmaci e il materiale sanitario scarseggiano ovunque. \u00c8 una \u201cguerra\u201d nascosta, che nessuno racconta e sembra non esistere e impatta invece in modo durissimo, specie sui pi\u00f9 poveri. Il Signore vi aiuti ad attraversare con coraggio questa \u201cnotte\u201d<i>,<\/i>\u00a0con il cuore rivolto all\u2019aurora, che illuminer\u00e0 quei piccoli germogli di speranza che gi\u00e0 intravediamo e di cui voi stessi siete testimoni. Vi ringrazio perch\u00e9 vi fate voce di ci\u00f2 che sta vivendo l\u2019Africa; perch\u00e9 portate a galla le sofferenze nascoste e silenziose dei poveri che incontrate nel vostro impegno quotidiano. E vi esorto a continuare a dare voce all\u2019Africa, a darle spazio perch\u00e9 possa esprimersi: l\u2019Africa\u00a0<i>ha<\/i>\u00a0voce, ma non si sente; voi dovete aprire possibilit\u00e0 perch\u00e9 si senta la voce dell\u2019Africa; continuare a dare voce a quello che non si vede, alle sue fatiche e alle sue speranze,per smuovere la coscienza di un mondo a volte concentrato troppo su s\u00e9 stesso e poco sull\u2019altro. Il Signore ascolta il grido del suo popolo oppresso e ci chiede di essere artigiani di un nuovo futuro, umili e tenaci, con i pi\u00f9 poveri.<\/p>\n<p><img loading=\"lazy\" decoding=\"async\" class=\"size-medium wp-image-65825 alignright\" src=\"https:\/\/exaudi.org\/wp-content\/uploads\/2022\/11\/thumbnail__RIS6604-300x200.jpg\" alt=\"\" width=\"300\" height=\"200\" srcset=\"https:\/\/exaudi.org\/wp-content\/uploads\/2022\/11\/thumbnail__RIS6604-300x200.jpg 300w, https:\/\/exaudi.org\/wp-content\/uploads\/2022\/11\/thumbnail__RIS6604-1024x682.jpg 1024w, https:\/\/exaudi.org\/wp-content\/uploads\/2022\/11\/thumbnail__RIS6604-770x513.jpg 770w, https:\/\/exaudi.org\/wp-content\/uploads\/2022\/11\/thumbnail__RIS6604-360x240.jpg?crop=1 360w, https:\/\/exaudi.org\/wp-content\/uploads\/2022\/11\/thumbnail__RIS6604-500x333.jpg 500w, https:\/\/exaudi.org\/wp-content\/uploads\/2022\/11\/thumbnail__RIS6604-1155x770.jpg 1155w, https:\/\/exaudi.org\/wp-content\/uploads\/2022\/11\/thumbnail__RIS6604-370x247.jpg 370w, https:\/\/exaudi.org\/wp-content\/uploads\/2022\/11\/thumbnail__RIS6604-293x195.jpg 293w, https:\/\/exaudi.org\/wp-content\/uploads\/2022\/11\/thumbnail__RIS6604-120x80.jpg 120w, https:\/\/exaudi.org\/wp-content\/uploads\/2022\/11\/thumbnail__RIS6604-240x160.jpg 240w, https:\/\/exaudi.org\/wp-content\/uploads\/2022\/11\/thumbnail__RIS6604-390x260.jpg 390w, https:\/\/exaudi.org\/wp-content\/uploads\/2022\/11\/thumbnail__RIS6604.jpg 1280w\" sizes=\"auto, (max-width: 300px) 100vw, 300px\" \/>Infine, vi invito ad avere un\u2019attenzione speciale per i giovani: a favorire in ogni modo, nelle vostre attivit\u00e0, l\u2019inserimento lavorativo della giovent\u00f9 locale, cos\u00ec desiderosa di vivere il proprio futuro da protagonista soprattutto nei Paesi di origine. Io vi dico che sono rimasto commosso di questo incontro via\u00a0<i>Zoom<\/i>\u00a0che ho avuto, di pi\u00f9 di un\u2019ora e mezza, con i giovani africani: la loro intelligenza, le loro inquietudini\u2026 Aiutateli ad andare avanti: sono un tesoro, sono intelligentissimi, ma che non sentano che i loro progetti non possono andare avanti a causa delle condizioni geografiche, sociali, economiche, o tante volte culturali che li bloccano. Le nuove generazioni possono creare nuovi ponti tra l\u2019Italia e l\u2019Africa. E queste accade quando i giovani si incontrano, si confrontano e si aprono al mondo senza paure e senza pregiudizi. In questa avventura voi potete coinvolgere le universit\u00e0, in modo tale che i percorsi di formazione, ricerca e innovazione, previsti per i giovani italiani, siano rivolti anche alla giovent\u00f9 africana.\u00c8 in questo scambio che si costruiscono dirigenti capaci di guidare processi di sviluppo umano integrale.<\/p>\n<p>Io vorrei concludere con una fotografia, con un\u2019immagine. Quando ero in visita a Bangui, ho avuto l\u2019opportunit\u00e0 di trovare \u2013 per caso \u2013 una suorina che da pi\u00f9 di cinquant\u2019anni stava in Africa, nella Repubblica Democratica del Congo. Era venuta a Bangui in canoa per fare la spesa. Era un\u2019ostetrica, aveva alle spalle pi\u00f9 di duemila parti: era la mamma l\u00ec! Quella donna per cinquant\u2019anni aveva fatto l\u2019ostetrica. Era semplice e portava con s\u00e9 una ragazzina di quattro-cinque anni, che le diceva:\u00a0<i>\u201cmamma\u201d<\/i>. E io, per scherzare, che cosa ho detto? \u201cQuesta \u00e8 una novizia della tua Congregazione?\u201d. E lei: \u201cNo, no: \u00e8 mia figlia\u201d. Io la guardai, non capivo. E mi ha detto: \u201cSenti, nel parto \u00e8 morta la mamma, il pap\u00e0 se n\u2019\u00e8 andato, ha abbandonato tutti. Era sola e io l\u2019ho adottata legalmente\u201d. Coraggiosa la suora, eh? Si faceva carico di lei. E ancora vive l\u00ec, nella Repubblica Democratica del Congo, e ancora con la canoa ogni sabato va a fare la spesa a Bangui e ritorna; e ancora continua a fare l\u2019ostetrica. Una vita nascosta per dare la vita. Voglio lasciarvi soltanto questa fotografia. Pensiamo a tanti e a tante che, come questa suora, hanno speso la vita in Africa per aiutare gli africani a crescere. Andate avanti, siate coraggiosi con questi pionieri che abbiamo davanti a noi!<\/p>\n<p>Vi ringrazio tanto per questo incontro e per quello che fate. La Madonna vi accompagni sempre nel vostro cammino e nel vostro lavoro. Anch\u2019io vi sono vicino con la preghiera. Di cuore benedico voi qui presenti, l\u2019intera famiglia del CUAMM e tutte le persone di cui vi prendete cura. E per favore, non dimenticatevi di pregare per me. Grazie.<\/p>\n","protected":false},"excerpt":{"rendered":"<p>Incontro promosso dalla comunit\u00e0 missionaria di Medici per l&#8217;Africa con il Papa<\/p>\n","protected":false},"author":17,"featured_media":65816,"comment_status":"closed","ping_status":"closed","sticky":false,"template":"","format":"standard","meta":{"_acf_changed":false,"_crdt_document":"","inline_featured_image":false,"footnotes":""},"categories":[123,67],"tags":[7604,251,4952,1843],"class_list":["post-65815","post","type-post","status-publish","format-standard","has-post-thumbnail","hentry","category-discorsi","category-leone-xiv","tag-medici-con-lafrica-cuamm","tag-papa-francesco","tag-trending-it","tag-udienza"],"acf":[],"yoast_head":"<!-- This site is optimized with the Yoast SEO plugin v27.4 - https:\/\/yoast.com\/product\/yoast-seo-wordpress\/ -->\n<title>&quot;Padre nostro&quot;&quot;Dacci oggi il nostro pane quotidiano&quot;. E questo \u201cpane\u201d \u00e8 anche la salute &#8211; Exaudi<\/title>\n<meta name=\"robots\" content=\"index, follow, max-snippet:-1, max-image-preview:large, max-video-preview:-1\" \/>\n<link rel=\"canonical\" href=\"https:\/\/exaudi.org\/it\/padre-nostrodacci-oggi-il-nostro-pane-quotidiano-e-questo-pane-e-anche-la-salute\/\" \/>\n<meta property=\"og:locale\" content=\"it_IT\" \/>\n<meta property=\"og:type\" content=\"article\" \/>\n<meta property=\"og:title\" content=\"&quot;Padre nostro&quot;&quot;Dacci oggi il nostro pane quotidiano&quot;. E questo \u201cpane\u201d \u00e8 anche la salute &#8211; Exaudi\" \/>\n<meta property=\"og:description\" content=\"Incontro promosso dalla comunit\u00e0 missionaria di Medici per l&#039;Africa con il Papa\" \/>\n<meta property=\"og:url\" content=\"https:\/\/exaudi.org\/it\/padre-nostrodacci-oggi-il-nostro-pane-quotidiano-e-questo-pane-e-anche-la-salute\/\" \/>\n<meta property=\"og:site_name\" content=\"Exaudi\" \/>\n<meta property=\"article:publisher\" content=\"https:\/\/www.facebook.com\/ExaudiNews\" \/>\n<meta property=\"article:author\" content=\"https:\/\/www.facebook.com\/ExaudiNotizie\/\" \/>\n<meta property=\"article:published_time\" content=\"2022-11-19T14:32:19+00:00\" \/>\n<meta property=\"og:image\" content=\"https:\/\/exaudi.org\/wp-content\/uploads\/2022\/11\/thumbnail__MTC0009-2.jpg\" \/>\n\t<meta property=\"og:image:width\" content=\"1280\" \/>\n\t<meta property=\"og:image:height\" content=\"853\" \/>\n\t<meta property=\"og:image:type\" content=\"image\/jpeg\" \/>\n<meta name=\"author\" content=\"Exaudi Redazione\" \/>\n<meta name=\"twitter:card\" content=\"summary_large_image\" \/>\n<meta name=\"twitter:creator\" content=\"@Exaudi_Notizie\" \/>\n<meta name=\"twitter:site\" content=\"@Exaudi_News\" \/>\n<meta name=\"twitter:label1\" content=\"Scritto da\" \/>\n\t<meta name=\"twitter:data1\" content=\"Exaudi Redazione\" \/>\n\t<meta name=\"twitter:label2\" content=\"Tempo di lettura stimato\" \/>\n\t<meta name=\"twitter:data2\" content=\"7 minuti\" \/>\n<script type=\"application\/ld+json\" class=\"yoast-schema-graph\">{\"@context\":\"https:\\\/\\\/schema.org\",\"@graph\":[{\"@type\":\"Article\",\"@id\":\"https:\\\/\\\/exaudi.org\\\/it\\\/padre-nostrodacci-oggi-il-nostro-pane-quotidiano-e-questo-pane-e-anche-la-salute\\\/#article\",\"isPartOf\":{\"@id\":\"https:\\\/\\\/exaudi.org\\\/it\\\/padre-nostrodacci-oggi-il-nostro-pane-quotidiano-e-questo-pane-e-anche-la-salute\\\/\"},\"author\":{\"name\":\"Exaudi Redazione\",\"@id\":\"https:\\\/\\\/exaudi.org\\\/#\\\/schema\\\/person\\\/e1ab6ed07c01774724dd96f925f3a5f0\"},\"headline\":\"&#8220;Padre nostro&#8221;&#8221;Dacci oggi il nostro pane quotidiano&#8221;. E questo \u201cpane\u201d \u00e8 anche la salute\",\"datePublished\":\"2022-11-19T14:32:19+00:00\",\"mainEntityOfPage\":{\"@id\":\"https:\\\/\\\/exaudi.org\\\/it\\\/padre-nostrodacci-oggi-il-nostro-pane-quotidiano-e-questo-pane-e-anche-la-salute\\\/\"},\"wordCount\":1475,\"image\":{\"@id\":\"https:\\\/\\\/exaudi.org\\\/it\\\/padre-nostrodacci-oggi-il-nostro-pane-quotidiano-e-questo-pane-e-anche-la-salute\\\/#primaryimage\"},\"thumbnailUrl\":\"https:\\\/\\\/exaudi.org\\\/wp-content\\\/uploads\\\/2022\\\/11\\\/thumbnail__MTC0009-2.jpg\",\"keywords\":[\"Medici con l\u2019Africa (CUAMM)\",\"Papa Francesco\",\"Trending\",\"udienza\"],\"articleSection\":[\"Discorsi\",\"Leone XIV\"],\"inLanguage\":\"it-IT\"},{\"@type\":\"WebPage\",\"@id\":\"https:\\\/\\\/exaudi.org\\\/it\\\/padre-nostrodacci-oggi-il-nostro-pane-quotidiano-e-questo-pane-e-anche-la-salute\\\/\",\"url\":\"https:\\\/\\\/exaudi.org\\\/it\\\/padre-nostrodacci-oggi-il-nostro-pane-quotidiano-e-questo-pane-e-anche-la-salute\\\/\",\"name\":\"\\\"Padre nostro\\\"\\\"Dacci oggi il nostro pane quotidiano\\\". E questo \u201cpane\u201d \u00e8 anche la salute &#8211; Exaudi\",\"isPartOf\":{\"@id\":\"https:\\\/\\\/exaudi.org\\\/#website\"},\"primaryImageOfPage\":{\"@id\":\"https:\\\/\\\/exaudi.org\\\/it\\\/padre-nostrodacci-oggi-il-nostro-pane-quotidiano-e-questo-pane-e-anche-la-salute\\\/#primaryimage\"},\"image\":{\"@id\":\"https:\\\/\\\/exaudi.org\\\/it\\\/padre-nostrodacci-oggi-il-nostro-pane-quotidiano-e-questo-pane-e-anche-la-salute\\\/#primaryimage\"},\"thumbnailUrl\":\"https:\\\/\\\/exaudi.org\\\/wp-content\\\/uploads\\\/2022\\\/11\\\/thumbnail__MTC0009-2.jpg\",\"datePublished\":\"2022-11-19T14:32:19+00:00\",\"author\":{\"@id\":\"https:\\\/\\\/exaudi.org\\\/#\\\/schema\\\/person\\\/e1ab6ed07c01774724dd96f925f3a5f0\"},\"breadcrumb\":{\"@id\":\"https:\\\/\\\/exaudi.org\\\/it\\\/padre-nostrodacci-oggi-il-nostro-pane-quotidiano-e-questo-pane-e-anche-la-salute\\\/#breadcrumb\"},\"inLanguage\":\"it-IT\",\"potentialAction\":[{\"@type\":\"ReadAction\",\"target\":[\"https:\\\/\\\/exaudi.org\\\/it\\\/padre-nostrodacci-oggi-il-nostro-pane-quotidiano-e-questo-pane-e-anche-la-salute\\\/\"]}]},{\"@type\":\"ImageObject\",\"inLanguage\":\"it-IT\",\"@id\":\"https:\\\/\\\/exaudi.org\\\/it\\\/padre-nostrodacci-oggi-il-nostro-pane-quotidiano-e-questo-pane-e-anche-la-salute\\\/#primaryimage\",\"url\":\"https:\\\/\\\/exaudi.org\\\/wp-content\\\/uploads\\\/2022\\\/11\\\/thumbnail__MTC0009-2.jpg\",\"contentUrl\":\"https:\\\/\\\/exaudi.org\\\/wp-content\\\/uploads\\\/2022\\\/11\\\/thumbnail__MTC0009-2.jpg\",\"width\":1280,\"height\":853,\"caption\":\"Vatican Media\"},{\"@type\":\"BreadcrumbList\",\"@id\":\"https:\\\/\\\/exaudi.org\\\/it\\\/padre-nostrodacci-oggi-il-nostro-pane-quotidiano-e-questo-pane-e-anche-la-salute\\\/#breadcrumb\",\"itemListElement\":[{\"@type\":\"ListItem\",\"position\":1,\"name\":\"Portada\",\"item\":\"https:\\\/\\\/exaudi.org\\\/it\\\/\"},{\"@type\":\"ListItem\",\"position\":2,\"name\":\"&#8220;Padre nostro&#8221;&#8221;Dacci oggi il nostro pane quotidiano&#8221;. E questo \u201cpane\u201d \u00e8 anche la salute\"}]},{\"@type\":\"WebSite\",\"@id\":\"https:\\\/\\\/exaudi.org\\\/#website\",\"url\":\"https:\\\/\\\/exaudi.org\\\/\",\"name\":\"Exaudi\",\"description\":\"News\",\"potentialAction\":[{\"@type\":\"SearchAction\",\"target\":{\"@type\":\"EntryPoint\",\"urlTemplate\":\"https:\\\/\\\/exaudi.org\\\/?s={search_term_string}\"},\"query-input\":{\"@type\":\"PropertyValueSpecification\",\"valueRequired\":true,\"valueName\":\"search_term_string\"}}],\"inLanguage\":\"it-IT\"},{\"@type\":\"Person\",\"@id\":\"https:\\\/\\\/exaudi.org\\\/#\\\/schema\\\/person\\\/e1ab6ed07c01774724dd96f925f3a5f0\",\"name\":\"Exaudi Redazione\",\"image\":{\"@type\":\"ImageObject\",\"inLanguage\":\"it-IT\",\"@id\":\"https:\\\/\\\/secure.gravatar.com\\\/avatar\\\/ad6774b3ada023bf5b939d64f45c94b3adf91502dd883507d469b4308a943bb3?s=96&d=mm&r=g\",\"url\":\"https:\\\/\\\/secure.gravatar.com\\\/avatar\\\/ad6774b3ada023bf5b939d64f45c94b3adf91502dd883507d469b4308a943bb3?s=96&d=mm&r=g\",\"contentUrl\":\"https:\\\/\\\/secure.gravatar.com\\\/avatar\\\/ad6774b3ada023bf5b939d64f45c94b3adf91502dd883507d469b4308a943bb3?s=96&d=mm&r=g\",\"caption\":\"Exaudi Redazione\"},\"description\":\"Che cosa \u00e8 Exaudi News? Exaudi News \u00e8 un agenzia cattolica internazionale che informa, istruisce e trasforma quotidianamente in spagnolo, inglese e italiano. Attraverso notizie, articoli di analisi e trasmissioni in diretta degli eventi del Papa, Exaudi cerca di rafforzare l'unit\u00e0 dei cristiani e di contribuire all'evangelizzazione del mondo, sempre guidato dalla dottrina sociale della Chiesa. Lavoriamo per portare la verit\u00e0 e i valori cristiani in ogni angolo del pianeta. Aiutaci a trasformare il mondo con Exaudi! Noi di Exaudi crediamo che l'evangelizzazione e l'informazione di qualit\u00e0 possano cambiare la vita. Per continuare la nostra missione ed espandere la nostra portata, abbiamo bisogno del tuo aiuto. Stiamo anche cercando persone motivate che vogliano unirsi al nostro team. Grazie al vostro sostegno raggiungeremo pi\u00f9 persone, diffonderemo il messaggio di Cristo e rafforzeremo l'unit\u00e0 dei cristiani. Vuoi unirti alla nostra missione? Per maggiori informazioni su come contribuire, visita Exaudi.org\\\/it o contattaci direttamente: info@exaudi.org Exaudi: informa, forma e trasforma.\",\"sameAs\":[\"https:\\\/\\\/www.facebook.com\\\/ExaudiNotizie\\\/\",\"https:\\\/\\\/www.instagram.com\\\/Exaudi_notizie\\\/\",\"https:\\\/\\\/x.com\\\/Exaudi_Notizie\",\"https:\\\/\\\/www.youtube.com\\\/@exaudicatholicnews\"],\"url\":\"https:\\\/\\\/exaudi.org\\\/it\\\/author\\\/dlvedi-org\\\/\"}]}<\/script>\n<!-- \/ Yoast SEO plugin. -->","yoast_head_json":{"title":"\"Padre nostro\"\"Dacci oggi il nostro pane quotidiano\". E questo \u201cpane\u201d \u00e8 anche la salute &#8211; Exaudi","robots":{"index":"index","follow":"follow","max-snippet":"max-snippet:-1","max-image-preview":"max-image-preview:large","max-video-preview":"max-video-preview:-1"},"canonical":"https:\/\/exaudi.org\/it\/padre-nostrodacci-oggi-il-nostro-pane-quotidiano-e-questo-pane-e-anche-la-salute\/","og_locale":"it_IT","og_type":"article","og_title":"\"Padre nostro\"\"Dacci oggi il nostro pane quotidiano\". E questo \u201cpane\u201d \u00e8 anche la salute &#8211; Exaudi","og_description":"Incontro promosso dalla comunit\u00e0 missionaria di Medici per l'Africa con il Papa","og_url":"https:\/\/exaudi.org\/it\/padre-nostrodacci-oggi-il-nostro-pane-quotidiano-e-questo-pane-e-anche-la-salute\/","og_site_name":"Exaudi","article_publisher":"https:\/\/www.facebook.com\/ExaudiNews","article_author":"https:\/\/www.facebook.com\/ExaudiNotizie\/","article_published_time":"2022-11-19T14:32:19+00:00","og_image":[{"width":1280,"height":853,"url":"https:\/\/exaudi.org\/wp-content\/uploads\/2022\/11\/thumbnail__MTC0009-2.jpg","type":"image\/jpeg"}],"author":"Exaudi Redazione","twitter_card":"summary_large_image","twitter_creator":"@Exaudi_Notizie","twitter_site":"@Exaudi_News","twitter_misc":{"Scritto da":"Exaudi Redazione","Tempo di lettura stimato":"7 minuti"},"schema":{"@context":"https:\/\/schema.org","@graph":[{"@type":"Article","@id":"https:\/\/exaudi.org\/it\/padre-nostrodacci-oggi-il-nostro-pane-quotidiano-e-questo-pane-e-anche-la-salute\/#article","isPartOf":{"@id":"https:\/\/exaudi.org\/it\/padre-nostrodacci-oggi-il-nostro-pane-quotidiano-e-questo-pane-e-anche-la-salute\/"},"author":{"name":"Exaudi Redazione","@id":"https:\/\/exaudi.org\/#\/schema\/person\/e1ab6ed07c01774724dd96f925f3a5f0"},"headline":"&#8220;Padre nostro&#8221;&#8221;Dacci oggi il nostro pane quotidiano&#8221;. E questo \u201cpane\u201d \u00e8 anche la salute","datePublished":"2022-11-19T14:32:19+00:00","mainEntityOfPage":{"@id":"https:\/\/exaudi.org\/it\/padre-nostrodacci-oggi-il-nostro-pane-quotidiano-e-questo-pane-e-anche-la-salute\/"},"wordCount":1475,"image":{"@id":"https:\/\/exaudi.org\/it\/padre-nostrodacci-oggi-il-nostro-pane-quotidiano-e-questo-pane-e-anche-la-salute\/#primaryimage"},"thumbnailUrl":"https:\/\/exaudi.org\/wp-content\/uploads\/2022\/11\/thumbnail__MTC0009-2.jpg","keywords":["Medici con l\u2019Africa (CUAMM)","Papa Francesco","Trending","udienza"],"articleSection":["Discorsi","Leone XIV"],"inLanguage":"it-IT"},{"@type":"WebPage","@id":"https:\/\/exaudi.org\/it\/padre-nostrodacci-oggi-il-nostro-pane-quotidiano-e-questo-pane-e-anche-la-salute\/","url":"https:\/\/exaudi.org\/it\/padre-nostrodacci-oggi-il-nostro-pane-quotidiano-e-questo-pane-e-anche-la-salute\/","name":"\"Padre nostro\"\"Dacci oggi il nostro pane quotidiano\". E questo \u201cpane\u201d \u00e8 anche la salute &#8211; Exaudi","isPartOf":{"@id":"https:\/\/exaudi.org\/#website"},"primaryImageOfPage":{"@id":"https:\/\/exaudi.org\/it\/padre-nostrodacci-oggi-il-nostro-pane-quotidiano-e-questo-pane-e-anche-la-salute\/#primaryimage"},"image":{"@id":"https:\/\/exaudi.org\/it\/padre-nostrodacci-oggi-il-nostro-pane-quotidiano-e-questo-pane-e-anche-la-salute\/#primaryimage"},"thumbnailUrl":"https:\/\/exaudi.org\/wp-content\/uploads\/2022\/11\/thumbnail__MTC0009-2.jpg","datePublished":"2022-11-19T14:32:19+00:00","author":{"@id":"https:\/\/exaudi.org\/#\/schema\/person\/e1ab6ed07c01774724dd96f925f3a5f0"},"breadcrumb":{"@id":"https:\/\/exaudi.org\/it\/padre-nostrodacci-oggi-il-nostro-pane-quotidiano-e-questo-pane-e-anche-la-salute\/#breadcrumb"},"inLanguage":"it-IT","potentialAction":[{"@type":"ReadAction","target":["https:\/\/exaudi.org\/it\/padre-nostrodacci-oggi-il-nostro-pane-quotidiano-e-questo-pane-e-anche-la-salute\/"]}]},{"@type":"ImageObject","inLanguage":"it-IT","@id":"https:\/\/exaudi.org\/it\/padre-nostrodacci-oggi-il-nostro-pane-quotidiano-e-questo-pane-e-anche-la-salute\/#primaryimage","url":"https:\/\/exaudi.org\/wp-content\/uploads\/2022\/11\/thumbnail__MTC0009-2.jpg","contentUrl":"https:\/\/exaudi.org\/wp-content\/uploads\/2022\/11\/thumbnail__MTC0009-2.jpg","width":1280,"height":853,"caption":"Vatican Media"},{"@type":"BreadcrumbList","@id":"https:\/\/exaudi.org\/it\/padre-nostrodacci-oggi-il-nostro-pane-quotidiano-e-questo-pane-e-anche-la-salute\/#breadcrumb","itemListElement":[{"@type":"ListItem","position":1,"name":"Portada","item":"https:\/\/exaudi.org\/it\/"},{"@type":"ListItem","position":2,"name":"&#8220;Padre nostro&#8221;&#8221;Dacci oggi il nostro pane quotidiano&#8221;. E questo \u201cpane\u201d \u00e8 anche la salute"}]},{"@type":"WebSite","@id":"https:\/\/exaudi.org\/#website","url":"https:\/\/exaudi.org\/","name":"Exaudi","description":"News","potentialAction":[{"@type":"SearchAction","target":{"@type":"EntryPoint","urlTemplate":"https:\/\/exaudi.org\/?s={search_term_string}"},"query-input":{"@type":"PropertyValueSpecification","valueRequired":true,"valueName":"search_term_string"}}],"inLanguage":"it-IT"},{"@type":"Person","@id":"https:\/\/exaudi.org\/#\/schema\/person\/e1ab6ed07c01774724dd96f925f3a5f0","name":"Exaudi Redazione","image":{"@type":"ImageObject","inLanguage":"it-IT","@id":"https:\/\/secure.gravatar.com\/avatar\/ad6774b3ada023bf5b939d64f45c94b3adf91502dd883507d469b4308a943bb3?s=96&d=mm&r=g","url":"https:\/\/secure.gravatar.com\/avatar\/ad6774b3ada023bf5b939d64f45c94b3adf91502dd883507d469b4308a943bb3?s=96&d=mm&r=g","contentUrl":"https:\/\/secure.gravatar.com\/avatar\/ad6774b3ada023bf5b939d64f45c94b3adf91502dd883507d469b4308a943bb3?s=96&d=mm&r=g","caption":"Exaudi Redazione"},"description":"Che cosa \u00e8 Exaudi News? Exaudi News \u00e8 un agenzia cattolica internazionale che informa, istruisce e trasforma quotidianamente in spagnolo, inglese e italiano. Attraverso notizie, articoli di analisi e trasmissioni in diretta degli eventi del Papa, Exaudi cerca di rafforzare l'unit\u00e0 dei cristiani e di contribuire all'evangelizzazione del mondo, sempre guidato dalla dottrina sociale della Chiesa. Lavoriamo per portare la verit\u00e0 e i valori cristiani in ogni angolo del pianeta. Aiutaci a trasformare il mondo con Exaudi! Noi di Exaudi crediamo che l'evangelizzazione e l'informazione di qualit\u00e0 possano cambiare la vita. Per continuare la nostra missione ed espandere la nostra portata, abbiamo bisogno del tuo aiuto. Stiamo anche cercando persone motivate che vogliano unirsi al nostro team. Grazie al vostro sostegno raggiungeremo pi\u00f9 persone, diffonderemo il messaggio di Cristo e rafforzeremo l'unit\u00e0 dei cristiani. Vuoi unirti alla nostra missione? Per maggiori informazioni su come contribuire, visita Exaudi.org\/it o contattaci direttamente: info@exaudi.org Exaudi: informa, forma e trasforma.","sameAs":["https:\/\/www.facebook.com\/ExaudiNotizie\/","https:\/\/www.instagram.com\/Exaudi_notizie\/","https:\/\/x.com\/Exaudi_Notizie","https:\/\/www.youtube.com\/@exaudicatholicnews"],"url":"https:\/\/exaudi.org\/it\/author\/dlvedi-org\/"}]}},"jetpack_featured_media_url":"https:\/\/exaudi.org\/wp-content\/uploads\/2022\/11\/thumbnail__MTC0009-2.jpg","jetpack_shortlink":"https:\/\/wp.me\/pgKjF2-h7x","_links":{"self":[{"href":"https:\/\/exaudi.org\/it\/wp-json\/wp\/v2\/posts\/65815","targetHints":{"allow":["GET"]}}],"collection":[{"href":"https:\/\/exaudi.org\/it\/wp-json\/wp\/v2\/posts"}],"about":[{"href":"https:\/\/exaudi.org\/it\/wp-json\/wp\/v2\/types\/post"}],"author":[{"embeddable":true,"href":"https:\/\/exaudi.org\/it\/wp-json\/wp\/v2\/users\/17"}],"replies":[{"embeddable":true,"href":"https:\/\/exaudi.org\/it\/wp-json\/wp\/v2\/comments?post=65815"}],"version-history":[{"count":0,"href":"https:\/\/exaudi.org\/it\/wp-json\/wp\/v2\/posts\/65815\/revisions"}],"wp:featuredmedia":[{"embeddable":true,"href":"https:\/\/exaudi.org\/it\/wp-json\/wp\/v2\/media\/65816"}],"wp:attachment":[{"href":"https:\/\/exaudi.org\/it\/wp-json\/wp\/v2\/media?parent=65815"}],"wp:term":[{"taxonomy":"category","embeddable":true,"href":"https:\/\/exaudi.org\/it\/wp-json\/wp\/v2\/categories?post=65815"},{"taxonomy":"post_tag","embeddable":true,"href":"https:\/\/exaudi.org\/it\/wp-json\/wp\/v2\/tags?post=65815"}],"curies":[{"name":"wp","href":"https:\/\/api.w.org\/{rel}","templated":true}]}}