{"id":65734,"date":"2022-11-16T17:41:55","date_gmt":"2022-11-16T16:41:55","guid":{"rendered":"https:\/\/exaudi.org\/?p=65734"},"modified":"2022-11-16T17:41:55","modified_gmt":"2022-11-16T16:41:55","slug":"la-biblioteca-apostolica-vaticana-incontra-irma-boom","status":"publish","type":"post","link":"https:\/\/exaudi.org\/it\/la-biblioteca-apostolica-vaticana-incontra-irma-boom\/","title":{"rendered":"La Biblioteca Apostolica Vaticana incontra Irma Boom"},"content":{"rendered":"<p>Il prossimo 18 novembre, la Biblioteca Apostolica Vaticana inaugurer\u00e0 la prima mostra d&#8217;Irma Boom in Vaticano, realizzata in collaborazione con l\u2019Ambasciata del Regno dei Paesi Bassi presso la Santa Sede.<\/p>\n<p>L\u2019esposizione inizia nello scalone d&#8217;ingresso, che ospita una selezione delle pi\u00f9 emblematiche realizzazioni dell\u2019artista. I curatori della mostra rispondono proponendo una vera e propria \u201cgalleria futurista\u201d, in cui vengono esposti, per la prima volta, i manifesti e alcuni dei pi\u00f9 significativi prodotti librari provenienti dalla raccolta di don Giuseppe De Luca, sacerdote ed erudito, personaggio di spicco del Novecento italiano.<\/p>\n<p>All\u2019interno dello spazio espositivo si possono ammirare, accostati gli uni agli altri, da un lato i libri realizzati dalla designer olandese, e dall\u2019altro, splendidi esemplari di calligrammi antichi e moderni, greci, latini e arabi. E&#8217; anche presente una scelta dalla produzione grafica di Bruno Munari, che, muovendo dal primo Futurismo, ha tracciato una traiettoria che giunge esattamente a ridosso della produzione passata e attuale dell&#8217;artista dei Paesi Bassi.<\/p>\n<p>\u00abSono stato veramente sorpreso, arrivando in Biblioteca Vaticana, di scoprire la tradizione, ancor giovane e vivacissima, delle mostre che suggellano l&#8217;incontro tra un artista contemporaneo \u2010 in questo caso la bookmaker Irma Boom \u2010 e il nostro patrimonio storico\u00bb, spiega il Bibliotecario, Monsignor Angelo Vincenzo Zani. \u00abSi tratta di una formidabile occasione di ulteriore apertura per la nostra Istituzione al mondo contemporaneo, di cui inauguriamo oggi la terza edizione, e che sono personalmente lieto di accompagnare\u00bb.<\/p>\n<p>\u00abSono lieta che l&#8217;Ambasciata abbia potuto contribuire a questa innovativa collaborazione con la Biblioteca Vaticana\u00bb, afferma Annemieke Ruigrok, Ambasciatore del Regno dei Paesi Bassi presso la Santa Sede. \u00abQuesto dialogo tra un bookmaker moderno olandese e i documenti della Biblioteca Vaticana \u00e8 affascinante. Mi auguro diventi evidente per tutti quanto Irma Boom abbia tratto ispirazione dalle opere della collezione della Biblioteca Vaticana\u00bb.<\/p>\n<p>La mostra \u00e8 curata da don Giacomo Cardinali, Simona De Crescenzo e Delio Proverbio della Biblioteca Apostolica. \u00abOgni mostra \u00e8 per noi l&#8217;occasione di perlustrare aree neglette del nostro patrimonio: l&#8217;incontro con Irma Boom ci ha permesso di prendere coscienza di una strabiliante collezione di manifesti e libri futuristi, &#8220;nascosta&#8221; nel fondo di stampati di don Giuseppe De Luca\u00bb, sottolinea don Giacomo Cardinali, che \u00e8 anche Commissario dello Spazio Espositivo.<\/p>\n<p>La mostra \u00e8 anche l\u2019occasione per presentare la larga donazione d&#8217;Irma Boom alla Vaticana; come sottolineato dall\u2019artista, \u00abnell\u2019epoca del flusso d&#8217;internet, il libro si \u00e8 dimostrato uno dei mezzi di comunicazione pi\u00f9 stabili degli ultimi seicento anni. Il libro \u00e8 vitale, \u00e8 parte integrante e fondamentale della nostra tradizione e cultura, fonte di conoscenza e saggezza, oltre che chiave per comprendere il passato. La Biblioteca Vaticana ne \u00e8 una prova\u00bb.<\/p>\n<p>Tra le opere d&#8217;Irma Boom in mostra si possono menzionare alcuni progetti commissionati da celebri maison: \u201cRenault = Pr\u00e9sent\u201d (2016), libro dal peso di 1,5 kg perch\u00e9 stampato su carta alluminio, sottilissima e lucida, in cui le pagine si riflettono l\u2019una sull\u2019altra con colori monocromatici che richiamano quelli delle carrozzerie.\u00a0 Oppure \u201cN\u00b05 culture Chanel\u201d (2013), in cui l\u2019invisibilit\u00e0 del profumo e la sua scia<br \/>\nfuggevole e persistente sono risolti in un volume completamente bianco, senza la minima traccia d\u2019inchiostro, poich\u00e9 quanto vi \u00e8 scritto e illustrato \u00e8 impresso in rilievo tramite coppie di matrici.<\/p>\n<p>Esperienza sensoriale di tutt\u2019altro genere \u00e8 quella che permette \u201cMutilaties\u201d (2017), volume in cui trenta semicerchi sono stati ritagliati su ogni pagina per far s\u00ec che sfogliandolo si aprano ed emettano un suono, come se lo stessimo danneggiando. Una metafora per affrontare il tema della tutela del patrimonio culturale, della preservazione degli originali cartacei e della digitalizzazione.<\/p>\n<p>Perno dell\u2019esposizione sono \u2013 accostati per la prima volta tra loro \u2013 gli \u201cElements of Architecture\u201d (2018) e il \u201cDepero futurista 1913\u20101927\u201d, meglio noto come libro imbullonato.<\/p>\n<p>Dai depositi vaticani provengono invece uno straordinario testimone manoscritto del De laudibus Sanctae Crucis di Rabano Mauro databile all\u2019 XI secolo, ricco di calligrammi versicolori, l\u2019opera del designer Tsukishita Miki che ha tradotto in carme figurato il discorso tenuto da Giovanni Paolo II a Hiroshima il 25 febbraio 1981, e una piccola scelta della produzione grafica di Bruno Munari. Particolarmente significativo il suo \u201cLibro illeggibile bianco e rosso\u201d che pi\u00f9 che supporto a una narrazione si configura come uno spettacolo\u2010racconto col quale il lettore \u00e8 chiamato a interagire direttamente.<\/p>\n<p>La mostra sar\u00e0 visitabile fino al 25 febbraio 2023 prossimo, previa prenotazione sul sito della Biblioteca (<a href=\"https:\/\/www.vaticanlibrary.va\">https:\/\/www.vaticanlibrary.va<\/a>).<\/p>\n<p><strong>Conferenza stampa<\/strong><br \/>\nIl prossimo 18 novembre 2022, alle ore 11:30, giornalisti e operatori media potranno prendere parte alla presentazione stampa della mostra \u201cBOOK! BOOM! \u2010 LA BIBLIOTECA APOSTOLICA VATICANA INCONTRA IRMA BOOM\u201d.\u00a0 Dopo lo svolgimento della conferenza nel Salone Sistino, sar\u00e0 possibile visitare la mostra. Contemporaneamente, saranno a disposizione per interviste: il Bibliotecario Mons. Angelo Vincenzo Zani, l\u2019Ambasciatore del Regno dei Paesi Bassi presso la Santa Sede, S.E. Annemieke Ruigrok, il Prefetto della Biblioteca Apostolica, Mons. Cesare Pasini, l\u2019artista e i curatori della mostra.<\/p>\n<p><strong>Accreditamento e partecipazione<\/strong><br \/>\nI giornalisti e gli operatori media che intendono partecipare devono inviare richiesta, entro 24 ore dall\u2019evento, attraverso il Sistema di Accreditamento online della Sala Stampa della Santa Sede, all\u2019indirizzo: <a href=\"https:\/\/press.vatican.va\/accreditamenti.\u00a0\" rel=\"nofollow\">https:\/\/press.vatican.va\/accreditamenti.\u00a0<\/a> I giornalisti e gli operatori media accreditati potranno accedere nella Citt\u00e0 del Vaticano da Porta Sant\u2019Anna, a partire dalle ore 10:00.<\/p>\n<p><strong>Alcune informazioni sulla Biblioteca Apostolica Vaticana<\/strong><br \/>\nLa Biblioteca Apostolica Vaticana \u00e8 un\u2019istituzione antica, luogo di conservazione e di ricerca appartenente al Papa e in stretto rapporto con il governo e il ministero della Sede Apostolica.<\/p>\n<p>Dallo Scrinium attestato fin dal sec. IV, la Vaticana inizia la sua storia moderna con Niccol\u00f2 V, che intorno alla met\u00e0 del \u2019400 decise di aprire le collezioni librarie papali agli uomini dotti (\u201cpro communi doctorum virorum commodo\u201d, Breve Iamdiu decrevimus del 30 aprile 1451), e con Sisto IV, che diede un assetto pi\u00f9 stabile all\u2019organizzazione della Biblioteca con la Bolla Ad decorem militantis ecclesiae del 15 giugno 1475.<\/p>\n<p>Da sempre le sue ingenti collezioni costituite da manoscritti, materiale d\u2019archivio, volumi a stampa antichi e moderni, monete e medaglie, stampe e disegni, materiale cartografico e fotografico sono aperte a studiosi qualificati di tutto il mondo senza distinzione di razza, religione, provenienza e cultura. La Biblioteca \u00e8 specializzata nell\u2019ambito delle discipline filologiche e storiche e, retrospettivamente, anche<br \/>\nteologiche, giuridiche e scientifiche.<\/p>\n<p><strong>La bookmaker Irma Book<\/strong><br \/>\nIrma Boom \u00e8 una bookmaker, con sede ad Amsterdam. Nasce nel 1960 a Lochem, Paesi Bassi, e studia belle arti e grafica presso l&#8217;AKI Art Academy di Enschede.\u00a0 Dopo la laurea lavora per cinque anni presso l&#8217;Ufficio editoriale e tipografico del Governo olandese a L&#8217;Aia. Nel 1991 fonda Irma Boom Office, che opera a livello nazionale e internazionale principalmente nel mondo culturale. Boom non \u00e8 solo designer di libri ma lavora anche come editrice. Ha creato oltre 300 libri ed \u00e8 nota per la sua autonomia artistica nel campo. L\u2019audace approccio sperimentale dei suoi progetti sfida spesso la convenzione dei libri tradizionali, sia nel design fisico che nel contenuto stampato.<\/p>\n<p>Per cinque anni (1990\u20131996) ha lavorato (montaggio e concept\/design) al libro di 2.136 pagine SHV Think Book 1996\u20101896 commissionato da SHV Holdings a Utrecht. Il Think Book \u00e8 stato pubblicato in inglese e cinese. Dal 1992 Boom \u00e8 Senior Critic alla Yale University negli Stati Uniti e tiene conferenze e workshop in tutto il mondo. Ha ricevuto numerosi premi per i suoi progetti di libri ed \u00e8 stata la pi\u00f9 giovane a ricevere il prestigioso premio Gutenberg. I libri di Irma Boom sono nella collezione permanente del MoMA di New York, dell&#8217;Art Institute Chicago, della Biblioteca Apostolica Vaticana, del Centre Pompidou di Parigi, tra le altre istituzioni.<\/p>\n<p>Le Collezioni Speciali dell&#8217;Universit\u00e0 di Amsterdam raccolgono l&#8217;opera completa e l&#8217;archivio dei documenti nel cosiddetto Living Archive. Nel 2014 Boom ha ricevuto il Johannes Vermeer Award (il premio statale olandese per le arti) dal Ministro dell&#8217;Istruzione, della Cultura e della Scienza. La giuria ha premiato all&#8217;unanimit\u00e0 Irma Boom per i suoi risultati senza precedenti nel campo della progettazione grafica. Boom<br \/>\n\u00e8 anche Honorary Doctor del Royal College of Art di Londra per il suo inesauribile contributo al libro.<\/p>\n","protected":false},"excerpt":{"rendered":"<p>Ogni mostra \u00e8 per noi l&#8217;occasione di perlustrare aree neglette del nostro patrimonio<\/p>\n","protected":false},"author":17,"featured_media":38735,"comment_status":"closed","ping_status":"closed","sticky":false,"template":"","format":"standard","meta":{"_acf_changed":false,"_crdt_document":"","inline_featured_image":false,"footnotes":""},"categories":[73,131],"tags":[7587,7589,7588],"class_list":["post-65734","post","type-post","status-publish","format-standard","has-post-thumbnail","hentry","category-chiesa-e-mondo","category-vaticano","tag-biblioteca-apostolica-vaticana","tag-irma-boom","tag-regno-dei-paesi-bassi"],"acf":[],"yoast_head":"<!-- This site is optimized with the Yoast SEO plugin v27.5 - https:\/\/yoast.com\/product\/yoast-seo-wordpress\/ -->\n<title>La Biblioteca Apostolica Vaticana incontra Irma Boom &#8211; Exaudi<\/title>\n<meta name=\"robots\" content=\"index, follow, max-snippet:-1, max-image-preview:large, max-video-preview:-1\" \/>\n<link rel=\"canonical\" href=\"https:\/\/exaudi.org\/it\/la-biblioteca-apostolica-vaticana-incontra-irma-boom\/\" \/>\n<meta property=\"og:locale\" content=\"it_IT\" \/>\n<meta property=\"og:type\" content=\"article\" \/>\n<meta property=\"og:title\" content=\"La Biblioteca Apostolica Vaticana incontra Irma Boom &#8211; Exaudi\" \/>\n<meta property=\"og:description\" content=\"Ogni mostra \u00e8 per noi l&#039;occasione di perlustrare aree neglette del nostro patrimonio\" \/>\n<meta property=\"og:url\" content=\"https:\/\/exaudi.org\/it\/la-biblioteca-apostolica-vaticana-incontra-irma-boom\/\" \/>\n<meta property=\"og:site_name\" content=\"Exaudi\" \/>\n<meta property=\"article:publisher\" content=\"https:\/\/www.facebook.com\/ExaudiNews\" \/>\n<meta property=\"article:author\" content=\"https:\/\/www.facebook.com\/ExaudiNotizie\/\" \/>\n<meta property=\"article:published_time\" content=\"2022-11-16T16:41:55+00:00\" \/>\n<meta property=\"og:image\" content=\"https:\/\/exaudi.org\/wp-content\/uploads\/2021\/11\/Sala-de-la-Biblioteca-Vaticana.jpeg\" \/>\n\t<meta property=\"og:image:width\" content=\"1280\" \/>\n\t<meta property=\"og:image:height\" content=\"720\" \/>\n\t<meta property=\"og:image:type\" content=\"image\/jpeg\" \/>\n<meta name=\"author\" content=\"Exaudi Redazione\" \/>\n<meta name=\"twitter:card\" content=\"summary_large_image\" \/>\n<meta name=\"twitter:creator\" content=\"@Exaudi_Notizie\" \/>\n<meta name=\"twitter:site\" content=\"@Exaudi_News\" \/>\n<meta name=\"twitter:label1\" content=\"Scritto da\" \/>\n\t<meta name=\"twitter:data1\" content=\"Exaudi Redazione\" \/>\n\t<meta name=\"twitter:label2\" content=\"Tempo di lettura stimato\" \/>\n\t<meta name=\"twitter:data2\" content=\"7 minuti\" \/>\n<script type=\"application\/ld+json\" class=\"yoast-schema-graph\">{\"@context\":\"https:\\\/\\\/schema.org\",\"@graph\":[{\"@type\":\"Article\",\"@id\":\"https:\\\/\\\/exaudi.org\\\/it\\\/la-biblioteca-apostolica-vaticana-incontra-irma-boom\\\/#article\",\"isPartOf\":{\"@id\":\"https:\\\/\\\/exaudi.org\\\/it\\\/la-biblioteca-apostolica-vaticana-incontra-irma-boom\\\/\"},\"author\":{\"name\":\"Exaudi Redazione\",\"@id\":\"https:\\\/\\\/exaudi.org\\\/#\\\/schema\\\/person\\\/e1ab6ed07c01774724dd96f925f3a5f0\"},\"headline\":\"La Biblioteca Apostolica Vaticana incontra Irma Boom\",\"datePublished\":\"2022-11-16T16:41:55+00:00\",\"mainEntityOfPage\":{\"@id\":\"https:\\\/\\\/exaudi.org\\\/it\\\/la-biblioteca-apostolica-vaticana-incontra-irma-boom\\\/\"},\"wordCount\":1327,\"image\":{\"@id\":\"https:\\\/\\\/exaudi.org\\\/it\\\/la-biblioteca-apostolica-vaticana-incontra-irma-boom\\\/#primaryimage\"},\"thumbnailUrl\":\"https:\\\/\\\/exaudi.org\\\/wp-content\\\/uploads\\\/2021\\\/11\\\/Sala-de-la-Biblioteca-Vaticana.jpeg\",\"keywords\":[\"Biblioteca Apostolica Vaticana\",\"Irma Boom\",\"Regno dei Paesi Bassi\"],\"articleSection\":[\"Chiesa e Mondo\",\"Vaticano\"],\"inLanguage\":\"it-IT\"},{\"@type\":\"WebPage\",\"@id\":\"https:\\\/\\\/exaudi.org\\\/it\\\/la-biblioteca-apostolica-vaticana-incontra-irma-boom\\\/\",\"url\":\"https:\\\/\\\/exaudi.org\\\/it\\\/la-biblioteca-apostolica-vaticana-incontra-irma-boom\\\/\",\"name\":\"La Biblioteca Apostolica Vaticana incontra Irma Boom &#8211; Exaudi\",\"isPartOf\":{\"@id\":\"https:\\\/\\\/exaudi.org\\\/#website\"},\"primaryImageOfPage\":{\"@id\":\"https:\\\/\\\/exaudi.org\\\/it\\\/la-biblioteca-apostolica-vaticana-incontra-irma-boom\\\/#primaryimage\"},\"image\":{\"@id\":\"https:\\\/\\\/exaudi.org\\\/it\\\/la-biblioteca-apostolica-vaticana-incontra-irma-boom\\\/#primaryimage\"},\"thumbnailUrl\":\"https:\\\/\\\/exaudi.org\\\/wp-content\\\/uploads\\\/2021\\\/11\\\/Sala-de-la-Biblioteca-Vaticana.jpeg\",\"datePublished\":\"2022-11-16T16:41:55+00:00\",\"author\":{\"@id\":\"https:\\\/\\\/exaudi.org\\\/#\\\/schema\\\/person\\\/e1ab6ed07c01774724dd96f925f3a5f0\"},\"breadcrumb\":{\"@id\":\"https:\\\/\\\/exaudi.org\\\/it\\\/la-biblioteca-apostolica-vaticana-incontra-irma-boom\\\/#breadcrumb\"},\"inLanguage\":\"it-IT\",\"potentialAction\":[{\"@type\":\"ReadAction\",\"target\":[\"https:\\\/\\\/exaudi.org\\\/it\\\/la-biblioteca-apostolica-vaticana-incontra-irma-boom\\\/\"]}]},{\"@type\":\"ImageObject\",\"inLanguage\":\"it-IT\",\"@id\":\"https:\\\/\\\/exaudi.org\\\/it\\\/la-biblioteca-apostolica-vaticana-incontra-irma-boom\\\/#primaryimage\",\"url\":\"https:\\\/\\\/exaudi.org\\\/wp-content\\\/uploads\\\/2021\\\/11\\\/Sala-de-la-Biblioteca-Vaticana.jpeg\",\"contentUrl\":\"https:\\\/\\\/exaudi.org\\\/wp-content\\\/uploads\\\/2021\\\/11\\\/Sala-de-la-Biblioteca-Vaticana.jpeg\",\"width\":1280,\"height\":720,\"caption\":\"\u00a9 Vatican Media\"},{\"@type\":\"BreadcrumbList\",\"@id\":\"https:\\\/\\\/exaudi.org\\\/it\\\/la-biblioteca-apostolica-vaticana-incontra-irma-boom\\\/#breadcrumb\",\"itemListElement\":[{\"@type\":\"ListItem\",\"position\":1,\"name\":\"Portada\",\"item\":\"https:\\\/\\\/exaudi.org\\\/it\\\/\"},{\"@type\":\"ListItem\",\"position\":2,\"name\":\"La Biblioteca Apostolica Vaticana incontra Irma Boom\"}]},{\"@type\":\"WebSite\",\"@id\":\"https:\\\/\\\/exaudi.org\\\/#website\",\"url\":\"https:\\\/\\\/exaudi.org\\\/\",\"name\":\"Exaudi\",\"description\":\"News\",\"potentialAction\":[{\"@type\":\"SearchAction\",\"target\":{\"@type\":\"EntryPoint\",\"urlTemplate\":\"https:\\\/\\\/exaudi.org\\\/?s={search_term_string}\"},\"query-input\":{\"@type\":\"PropertyValueSpecification\",\"valueRequired\":true,\"valueName\":\"search_term_string\"}}],\"inLanguage\":\"it-IT\"},{\"@type\":\"Person\",\"@id\":\"https:\\\/\\\/exaudi.org\\\/#\\\/schema\\\/person\\\/e1ab6ed07c01774724dd96f925f3a5f0\",\"name\":\"Exaudi Redazione\",\"image\":{\"@type\":\"ImageObject\",\"inLanguage\":\"it-IT\",\"@id\":\"https:\\\/\\\/secure.gravatar.com\\\/avatar\\\/ad6774b3ada023bf5b939d64f45c94b3adf91502dd883507d469b4308a943bb3?s=96&d=mm&r=g\",\"url\":\"https:\\\/\\\/secure.gravatar.com\\\/avatar\\\/ad6774b3ada023bf5b939d64f45c94b3adf91502dd883507d469b4308a943bb3?s=96&d=mm&r=g\",\"contentUrl\":\"https:\\\/\\\/secure.gravatar.com\\\/avatar\\\/ad6774b3ada023bf5b939d64f45c94b3adf91502dd883507d469b4308a943bb3?s=96&d=mm&r=g\",\"caption\":\"Exaudi Redazione\"},\"description\":\"Che cosa \u00e8 Exaudi News? Exaudi News \u00e8 un agenzia cattolica internazionale che informa, istruisce e trasforma quotidianamente in spagnolo, inglese e italiano. Attraverso notizie, articoli di analisi e trasmissioni in diretta degli eventi del Papa, Exaudi cerca di rafforzare l'unit\u00e0 dei cristiani e di contribuire all'evangelizzazione del mondo, sempre guidato dalla dottrina sociale della Chiesa. Lavoriamo per portare la verit\u00e0 e i valori cristiani in ogni angolo del pianeta. Aiutaci a trasformare il mondo con Exaudi! Noi di Exaudi crediamo che l'evangelizzazione e l'informazione di qualit\u00e0 possano cambiare la vita. Per continuare la nostra missione ed espandere la nostra portata, abbiamo bisogno del tuo aiuto. Stiamo anche cercando persone motivate che vogliano unirsi al nostro team. Grazie al vostro sostegno raggiungeremo pi\u00f9 persone, diffonderemo il messaggio di Cristo e rafforzeremo l'unit\u00e0 dei cristiani. Vuoi unirti alla nostra missione? Per maggiori informazioni su come contribuire, visita Exaudi.org\\\/it o contattaci direttamente: info@exaudi.org Exaudi: informa, forma e trasforma.\",\"sameAs\":[\"https:\\\/\\\/www.facebook.com\\\/ExaudiNotizie\\\/\",\"https:\\\/\\\/www.instagram.com\\\/Exaudi_notizie\\\/\",\"https:\\\/\\\/x.com\\\/Exaudi_Notizie\",\"https:\\\/\\\/www.youtube.com\\\/@exaudicatholicnews\"],\"url\":\"https:\\\/\\\/exaudi.org\\\/it\\\/author\\\/dlvedi-org\\\/\"}]}<\/script>\n<!-- \/ Yoast SEO plugin. -->","yoast_head_json":{"title":"La Biblioteca Apostolica Vaticana incontra Irma Boom &#8211; Exaudi","robots":{"index":"index","follow":"follow","max-snippet":"max-snippet:-1","max-image-preview":"max-image-preview:large","max-video-preview":"max-video-preview:-1"},"canonical":"https:\/\/exaudi.org\/it\/la-biblioteca-apostolica-vaticana-incontra-irma-boom\/","og_locale":"it_IT","og_type":"article","og_title":"La Biblioteca Apostolica Vaticana incontra Irma Boom &#8211; Exaudi","og_description":"Ogni mostra \u00e8 per noi l'occasione di perlustrare aree neglette del nostro patrimonio","og_url":"https:\/\/exaudi.org\/it\/la-biblioteca-apostolica-vaticana-incontra-irma-boom\/","og_site_name":"Exaudi","article_publisher":"https:\/\/www.facebook.com\/ExaudiNews","article_author":"https:\/\/www.facebook.com\/ExaudiNotizie\/","article_published_time":"2022-11-16T16:41:55+00:00","og_image":[{"width":1280,"height":720,"url":"https:\/\/exaudi.org\/wp-content\/uploads\/2021\/11\/Sala-de-la-Biblioteca-Vaticana.jpeg","type":"image\/jpeg"}],"author":"Exaudi Redazione","twitter_card":"summary_large_image","twitter_creator":"@Exaudi_Notizie","twitter_site":"@Exaudi_News","twitter_misc":{"Scritto da":"Exaudi Redazione","Tempo di lettura stimato":"7 minuti"},"schema":{"@context":"https:\/\/schema.org","@graph":[{"@type":"Article","@id":"https:\/\/exaudi.org\/it\/la-biblioteca-apostolica-vaticana-incontra-irma-boom\/#article","isPartOf":{"@id":"https:\/\/exaudi.org\/it\/la-biblioteca-apostolica-vaticana-incontra-irma-boom\/"},"author":{"name":"Exaudi Redazione","@id":"https:\/\/exaudi.org\/#\/schema\/person\/e1ab6ed07c01774724dd96f925f3a5f0"},"headline":"La Biblioteca Apostolica Vaticana incontra Irma Boom","datePublished":"2022-11-16T16:41:55+00:00","mainEntityOfPage":{"@id":"https:\/\/exaudi.org\/it\/la-biblioteca-apostolica-vaticana-incontra-irma-boom\/"},"wordCount":1327,"image":{"@id":"https:\/\/exaudi.org\/it\/la-biblioteca-apostolica-vaticana-incontra-irma-boom\/#primaryimage"},"thumbnailUrl":"https:\/\/exaudi.org\/wp-content\/uploads\/2021\/11\/Sala-de-la-Biblioteca-Vaticana.jpeg","keywords":["Biblioteca Apostolica Vaticana","Irma Boom","Regno dei Paesi Bassi"],"articleSection":["Chiesa e Mondo","Vaticano"],"inLanguage":"it-IT"},{"@type":"WebPage","@id":"https:\/\/exaudi.org\/it\/la-biblioteca-apostolica-vaticana-incontra-irma-boom\/","url":"https:\/\/exaudi.org\/it\/la-biblioteca-apostolica-vaticana-incontra-irma-boom\/","name":"La Biblioteca Apostolica Vaticana incontra Irma Boom &#8211; Exaudi","isPartOf":{"@id":"https:\/\/exaudi.org\/#website"},"primaryImageOfPage":{"@id":"https:\/\/exaudi.org\/it\/la-biblioteca-apostolica-vaticana-incontra-irma-boom\/#primaryimage"},"image":{"@id":"https:\/\/exaudi.org\/it\/la-biblioteca-apostolica-vaticana-incontra-irma-boom\/#primaryimage"},"thumbnailUrl":"https:\/\/exaudi.org\/wp-content\/uploads\/2021\/11\/Sala-de-la-Biblioteca-Vaticana.jpeg","datePublished":"2022-11-16T16:41:55+00:00","author":{"@id":"https:\/\/exaudi.org\/#\/schema\/person\/e1ab6ed07c01774724dd96f925f3a5f0"},"breadcrumb":{"@id":"https:\/\/exaudi.org\/it\/la-biblioteca-apostolica-vaticana-incontra-irma-boom\/#breadcrumb"},"inLanguage":"it-IT","potentialAction":[{"@type":"ReadAction","target":["https:\/\/exaudi.org\/it\/la-biblioteca-apostolica-vaticana-incontra-irma-boom\/"]}]},{"@type":"ImageObject","inLanguage":"it-IT","@id":"https:\/\/exaudi.org\/it\/la-biblioteca-apostolica-vaticana-incontra-irma-boom\/#primaryimage","url":"https:\/\/exaudi.org\/wp-content\/uploads\/2021\/11\/Sala-de-la-Biblioteca-Vaticana.jpeg","contentUrl":"https:\/\/exaudi.org\/wp-content\/uploads\/2021\/11\/Sala-de-la-Biblioteca-Vaticana.jpeg","width":1280,"height":720,"caption":"\u00a9 Vatican Media"},{"@type":"BreadcrumbList","@id":"https:\/\/exaudi.org\/it\/la-biblioteca-apostolica-vaticana-incontra-irma-boom\/#breadcrumb","itemListElement":[{"@type":"ListItem","position":1,"name":"Portada","item":"https:\/\/exaudi.org\/it\/"},{"@type":"ListItem","position":2,"name":"La Biblioteca Apostolica Vaticana incontra Irma Boom"}]},{"@type":"WebSite","@id":"https:\/\/exaudi.org\/#website","url":"https:\/\/exaudi.org\/","name":"Exaudi","description":"News","potentialAction":[{"@type":"SearchAction","target":{"@type":"EntryPoint","urlTemplate":"https:\/\/exaudi.org\/?s={search_term_string}"},"query-input":{"@type":"PropertyValueSpecification","valueRequired":true,"valueName":"search_term_string"}}],"inLanguage":"it-IT"},{"@type":"Person","@id":"https:\/\/exaudi.org\/#\/schema\/person\/e1ab6ed07c01774724dd96f925f3a5f0","name":"Exaudi Redazione","image":{"@type":"ImageObject","inLanguage":"it-IT","@id":"https:\/\/secure.gravatar.com\/avatar\/ad6774b3ada023bf5b939d64f45c94b3adf91502dd883507d469b4308a943bb3?s=96&d=mm&r=g","url":"https:\/\/secure.gravatar.com\/avatar\/ad6774b3ada023bf5b939d64f45c94b3adf91502dd883507d469b4308a943bb3?s=96&d=mm&r=g","contentUrl":"https:\/\/secure.gravatar.com\/avatar\/ad6774b3ada023bf5b939d64f45c94b3adf91502dd883507d469b4308a943bb3?s=96&d=mm&r=g","caption":"Exaudi Redazione"},"description":"Che cosa \u00e8 Exaudi News? Exaudi News \u00e8 un agenzia cattolica internazionale che informa, istruisce e trasforma quotidianamente in spagnolo, inglese e italiano. Attraverso notizie, articoli di analisi e trasmissioni in diretta degli eventi del Papa, Exaudi cerca di rafforzare l'unit\u00e0 dei cristiani e di contribuire all'evangelizzazione del mondo, sempre guidato dalla dottrina sociale della Chiesa. Lavoriamo per portare la verit\u00e0 e i valori cristiani in ogni angolo del pianeta. Aiutaci a trasformare il mondo con Exaudi! Noi di Exaudi crediamo che l'evangelizzazione e l'informazione di qualit\u00e0 possano cambiare la vita. Per continuare la nostra missione ed espandere la nostra portata, abbiamo bisogno del tuo aiuto. Stiamo anche cercando persone motivate che vogliano unirsi al nostro team. Grazie al vostro sostegno raggiungeremo pi\u00f9 persone, diffonderemo il messaggio di Cristo e rafforzeremo l'unit\u00e0 dei cristiani. Vuoi unirti alla nostra missione? Per maggiori informazioni su come contribuire, visita Exaudi.org\/it o contattaci direttamente: info@exaudi.org Exaudi: informa, forma e trasforma.","sameAs":["https:\/\/www.facebook.com\/ExaudiNotizie\/","https:\/\/www.instagram.com\/Exaudi_notizie\/","https:\/\/x.com\/Exaudi_Notizie","https:\/\/www.youtube.com\/@exaudicatholicnews"],"url":"https:\/\/exaudi.org\/it\/author\/dlvedi-org\/"}]}},"jetpack_featured_media_url":"https:\/\/exaudi.org\/wp-content\/uploads\/2021\/11\/Sala-de-la-Biblioteca-Vaticana.jpeg","jetpack_shortlink":"https:\/\/wp.me\/pgKjF2-h6e","_links":{"self":[{"href":"https:\/\/exaudi.org\/it\/wp-json\/wp\/v2\/posts\/65734","targetHints":{"allow":["GET"]}}],"collection":[{"href":"https:\/\/exaudi.org\/it\/wp-json\/wp\/v2\/posts"}],"about":[{"href":"https:\/\/exaudi.org\/it\/wp-json\/wp\/v2\/types\/post"}],"author":[{"embeddable":true,"href":"https:\/\/exaudi.org\/it\/wp-json\/wp\/v2\/users\/17"}],"replies":[{"embeddable":true,"href":"https:\/\/exaudi.org\/it\/wp-json\/wp\/v2\/comments?post=65734"}],"version-history":[{"count":0,"href":"https:\/\/exaudi.org\/it\/wp-json\/wp\/v2\/posts\/65734\/revisions"}],"wp:featuredmedia":[{"embeddable":true,"href":"https:\/\/exaudi.org\/it\/wp-json\/wp\/v2\/media\/38735"}],"wp:attachment":[{"href":"https:\/\/exaudi.org\/it\/wp-json\/wp\/v2\/media?parent=65734"}],"wp:term":[{"taxonomy":"category","embeddable":true,"href":"https:\/\/exaudi.org\/it\/wp-json\/wp\/v2\/categories?post=65734"},{"taxonomy":"post_tag","embeddable":true,"href":"https:\/\/exaudi.org\/it\/wp-json\/wp\/v2\/tags?post=65734"}],"curies":[{"name":"wp","href":"https:\/\/api.w.org\/{rel}","templated":true}]}}