{"id":64546,"date":"2022-10-26T13:23:26","date_gmt":"2022-10-26T11:23:26","guid":{"rendered":"https:\/\/exaudi.org\/?p=64546"},"modified":"2022-10-26T13:23:26","modified_gmt":"2022-10-26T11:23:26","slug":"luniversita-cattolica-di-lublino-ha-aperto-un-centro-studi-presso-il-centro-di-detenzione","status":"publish","type":"post","link":"https:\/\/exaudi.org\/it\/luniversita-cattolica-di-lublino-ha-aperto-un-centro-studi-presso-il-centro-di-detenzione\/","title":{"rendered":"L&#8217;Universit\u00e0 Cattolica di Lublino ha aperto un Centro Studi presso il Centro di detenzione"},"content":{"rendered":"<p>L&#8217;Universit\u00e0 Cattolica Giovanni Paolo II di Lublino (KUL) ha aperto ufficialmente il Centro di Studi della KUL presso il Centro di Detenzione di Lublino. &#8211; <em>Questo Centro pu\u00f2 diventare un modello per tutte le unit\u00e0 penitenziarie nel mondo <\/em>\u2013 ha sottolineato il Rev. Prof. Miros\u0142aw Kalinowski, Rettore dell&#8217;Universit\u00e0 Cattolica di Lublino. &#8211; <em>Per noi la cosa pi\u00f9 importante \u00e8 non perdere tempo nel luogo in cui ci troviamo<\/em> &#8211; sottolineano i detenuti &#8211; nuovi studenti dell&#8217;Ateneo.<\/p>\n<p>L&#8217;inaugurazione dell&#8217;anno accademico al Centro di detenzione di Lublino \u00e8 iniziata con una Santa Messa nella cappella del carcere, seguita dalla cerimonia di apertura del Centro di Studi dell&#8217;Universit\u00e0 Cattolica di Lublino. Questa importante iniziativa della KUL dovrebbe consentire ai detenuti \u2013 in conformit\u00e0 con la lettera di intenti precedentemente firmata con il Consiglio Centrale del Servizio Carcerario \u2013 di educare a un livello superiore, nonch\u00e9 di assimilare importanti valori etici e umanistici.<br \/>\n&#8211; <strong><em>Il Centro di Studi dell&#8217;Universit\u00e0 Cattolica di Lublino <\/em><\/strong><em>sta diventando non solo un centro leader in Polonia, ma <strong>pu\u00f2 diventare<\/strong> nche <strong>un modello per tutti gli istituti penitenziari nel mondo<\/strong>. Sar\u00e0 un luogo per organizzare progetti educativi o condurre studi post-laurea<\/em> \u2013 ha affermato il Rev. Prof. Miros\u0142aw Kalinowski, Rettore dell&#8217;Universit\u00e0 Cattolica di Lublino. Ha anche aggiunto che il successo di questo progetto dipende anche dal fatto che l&#8217;Universit\u00e0 Cattolica di Lublino si preoccupa delle procedure accademiche, mentre il servizio carcerario si preoccupa della sicurezza di questo processo.<\/p>\n<figure id=\"attachment_64541\" aria-describedby=\"caption-attachment-64541\" style=\"width: 300px\" class=\"wp-caption alignleft\"><img loading=\"lazy\" decoding=\"async\" class=\"size-medium wp-image-64541\" src=\"https:\/\/exaudi.org\/wp-content\/uploads\/2022\/10\/PhotoCredit2_Catholic-University-of-Lublin-300x200.jpg\" alt=\"Catholic University of Lublin\" width=\"300\" height=\"200\" srcset=\"https:\/\/exaudi.org\/wp-content\/uploads\/2022\/10\/PhotoCredit2_Catholic-University-of-Lublin-300x200.jpg 300w, https:\/\/exaudi.org\/wp-content\/uploads\/2022\/10\/PhotoCredit2_Catholic-University-of-Lublin-1024x683.jpg 1024w, https:\/\/exaudi.org\/wp-content\/uploads\/2022\/10\/PhotoCredit2_Catholic-University-of-Lublin-770x513.jpg 770w, https:\/\/exaudi.org\/wp-content\/uploads\/2022\/10\/PhotoCredit2_Catholic-University-of-Lublin-1536x1024.jpg 1536w, https:\/\/exaudi.org\/wp-content\/uploads\/2022\/10\/PhotoCredit2_Catholic-University-of-Lublin-360x240.jpg?crop=1 360w, https:\/\/exaudi.org\/wp-content\/uploads\/2022\/10\/PhotoCredit2_Catholic-University-of-Lublin-500x333.jpg 500w, https:\/\/exaudi.org\/wp-content\/uploads\/2022\/10\/PhotoCredit2_Catholic-University-of-Lublin-1155x770.jpg 1155w, https:\/\/exaudi.org\/wp-content\/uploads\/2022\/10\/PhotoCredit2_Catholic-University-of-Lublin-370x247.jpg 370w, https:\/\/exaudi.org\/wp-content\/uploads\/2022\/10\/PhotoCredit2_Catholic-University-of-Lublin-293x195.jpg 293w, https:\/\/exaudi.org\/wp-content\/uploads\/2022\/10\/PhotoCredit2_Catholic-University-of-Lublin-1400x933.jpg 1400w, https:\/\/exaudi.org\/wp-content\/uploads\/2022\/10\/PhotoCredit2_Catholic-University-of-Lublin-120x80.jpg 120w, https:\/\/exaudi.org\/wp-content\/uploads\/2022\/10\/PhotoCredit2_Catholic-University-of-Lublin-240x160.jpg 240w, https:\/\/exaudi.org\/wp-content\/uploads\/2022\/10\/PhotoCredit2_Catholic-University-of-Lublin-390x260.jpg 390w, https:\/\/exaudi.org\/wp-content\/uploads\/2022\/10\/PhotoCredit2_Catholic-University-of-Lublin.jpg 2048w\" sizes=\"auto, (max-width: 300px) 100vw, 300px\" \/><figcaption id=\"caption-attachment-64541\" class=\"wp-caption-text\">Catholic University of Lublin<\/figcaption><\/figure>\n<p>Hanno inviato lettere ai partecipanti alla cerimonia <strong>il card. Konrad Krajewski, Elemosiniere Pontificio<\/strong>, e <strong>l&#8217;on. Przemys\u0142aw Czarnek, Ministro dell&#8217;Istruzione e della Scienza<\/strong>. Il primo ha ricordato le parole di papa Francesco secondo cui nel sistema carcerario \u201cnon basta pagare la colpa, ma \u00e8 necessaria la vera riabilitazione del condannato\u201d. &#8211; <em>Quando essa \u00e8 assente, scontare la punizione \u00e8 solo uno strumento di disciplina e di ritorsione sociale. Questo, a sua volta, \u00e8 dannoso sia per la persona che per la societ\u00e0 <\/em>\u2013 ha scritto il card. Krajewski. A sua volta, il Ministro dell\u2019Istruzione ha espresso l&#8217;auspicio che i prossimi mesi siano &#8220;un tempo di sviluppo scientifico e di risultati eccezionali&#8221; per il Centro.<\/p>\n<p>L&#8217;avvio del Centro studi della KUL \u00e8 stato valutato positivamente anche dai rappresentanti del Servizio penitenziario. &#8211; <strong><em>Siete di fronte ad una grande opportunit\u00e0. Tutti voi che state pensando al futuro<\/em><\/strong><em>; a quelli tra voi che vogliono cambiare il proprio futuro in meglio; a quelli tra voi che hanno specifiche risorse e potenziali, che sono ragionevoli, viene offerta un&#8217;enorme opportunit\u00e0. E vi invito ad approffittare questa opportunit\u00e0<\/em> \u2013 ha affermato il <strong>Col. Krzysztof Stefanowski<\/strong>, Vicedirettore generale del Servizio Penitenziario, rivolgendosi ai detenuti.<\/p>\n<p>Il Segretario di Stato presso il Ministero dei Beni dello Stato <strong>Jan Kanthak <\/strong>ha sottolineato che &#8220;il lavoro e l&#8217;istruzione sono le vie migliori per ritrovarsi perfettamente nella nuova realt\u00e0 dopo aver scontato la pena&#8221;. &#8211; <em>Perch\u00e9 la realt\u00e0 cambia ogni giorno, e dopo aver lasciato questo luogo, bisogna adattarsi, bisogna riconoscere questa realt\u00e0. E proprio l&#8217;istruzione e il lavoro servono meglio a questo scopo<\/em> \u2013 ha affermato il Viceministro, congratulandosi con i detenuti per la decisione di iniziare gli studi all&#8217;Universit\u00e0 Cattolica di Lublino.<\/p>\n<p>Durante la cerimonia di inaugurazione del Centro Studi della KUL presso il Centro Penitenziale di Lublino \u2013 che \u00e8 stata anche onorata dalla presenza, tra gli altri, del Vescovo Adam Bap dell&#8217;Arcidiocesi di Lublino, nonch\u00e9 della prof.ssa Susannah Heschel, figlia del patrono del Centro Heschel della KUL \u2013 ha avuto luogo <strong>immatricolazione degli studenti<\/strong>. L&#8217;apertura del Centro Studi dell&#8217;Universit\u00e0 Cattolica di Lublino \u00e8 stata possibile grazie al sostegno, tra l&#8217;altro, del Ministero della Giustizia, del Ministero dei Beni dello Stato e il Ministero dell&#8217;Istruzione e della Scienza.<br \/>\nTra i nuovi studenti dell&#8217;Universit\u00e0 Cattolica di Lublino, c&#8217;erano una decina di detenuti che sono stati iscritti al primo anno di studi del corso di laurea magistrale lanciato quest&#8217;anno nel campo delle Scienze della famiglia (specializzazione in animazione dell&#8217;ambiente sociale). Questa specializzazione non \u00e8 solo adeguata alle esigenze socio-economiche (mercato del lavoro), ma tiene conto anche della situazione formale e giuridica dei detenuti. Un&#8217;altra specializzazione che suscita molto interesse tra i detenuti \u00e8 quella di assistente di persone non autosufficienti.<\/p>\n<p>&#8211; <em>Per me, lo sviluppo personale \u00e8 molto importante perch\u00e9 <strong>non voglio perdere tempo nel posto in cui mi trovo<\/strong>. Voglio svilupparmi ulteriormente, e questo \u00e8 il mio terzo studio, perch\u00e9 prima ho studiato giurisprudenza, poi che economia e management <\/em>\u2013 ha detto ai giornalisti il sig. Maciej, il quale ha affermato che le prime lezioni di Scienze della Famiglia richiamano a quello che si svolge in libert\u00e0. &#8211; <em>Utilizziamo i materiali forniti dai docenti e anche da estranei, e abbiamo accesso persino alla biblioteca \u2013 <\/em>ha dichiarato.<br \/>\n<em>&#8211; Sar\u00e0 un&#8217;esperienza importante per me, vorrei introdurre qualcosa di nuovo nella mia vita, visto che sono arrivato in carcere. <strong>Non voglio che il mio tempo qui sia sprecato<\/strong> \u2013 <\/em>ha aggiunto il Sig. Piotr, che ha studiato in passato, ma fino a 30 anni fa.<br \/>\nLa lezione inaugurale dal titolo \u201cPerch\u00e9, dopo le tragiche esperienze del XX secolo, oggi nell&#8217;est Europa \u00e8 scoppiato di nuovo un conflitto armato\u201d, \u00e8 stata tenuta dal Rev. Prof. Marcin Sk\u0142adanowski dell&#8217;Istituto di Scienze Teologiche. La cornice musicale della cerimonia \u00e8 stata assicurata dal Coro dell&#8217;Universit\u00e0 Cattolica di Lublino.<\/p>\n<p>***<\/p>\n<p>Dal 2013, hanno completato i loro studi al KUL circa 30 persone che stanno scontando una pena detentiva nel Centro di detenzione di Lublino. Si tratta di un progetto unico che trova conferma nei risultati riabilitativi \u2013 <strong>fino all&#8217;80 per cento dei laureati, dopo aver lasciato il carcere, non intraprendono pi\u00f9 un percorso criminale.<\/strong><\/p>\n<p>I lavori preparatori per l&#8217;avvio del Centro di Studi dell&#8217;Universit\u00e0 Cattolica di Lublino presso la Carcere di Lublino sono iniziati nell&#8217;aprile scorso.<\/p>\n<p>Il fatto che persone private della libert\u00e0 intraprendano gli studi ha un effetto positivo sui detenuti, come si evince dalla ricerca scientifica, nonch\u00e9 dall&#8217;esperienza derivante dall&#8217;attuazione dell&#8217;istruzione accademica nei centri di detenzione e nelle carceri. Lo studio accresce il senso della propria dignit\u00e0 e autostima, consente loro di sentirsi membri a pieno titolo della societ\u00e0 e approfondisce le conoscenze e le competenze che possono essere utili al termine della pena. Studiare sotto la supervisione di docenti insegna anche l&#8217;empatia, la cooperazione, la responsabilit\u00e0 e incoraggia la volont\u00e0 di riscattare i crimini commessi.<\/p>\n","protected":false},"excerpt":{"rendered":"<p>L&#8217;Universit\u00e0 Cattolica Giovanni Paolo II di Lublino (KUL) ha aperto ufficialmente il Centro di Studi della KUL presso il Centro di Detenzione di Lublino. &#8211; Questo Centro pu\u00f2 diventare un modello per tutte le unit\u00e0 penitenziarie nel mondo \u2013 ha sottolineato il Rev. Prof. Miros\u0142aw Kalinowski, Rettore dell&#8217;Universit\u00e0 Cattolica di Lublino. &#8211; Per noi la [&hellip;]<\/p>\n","protected":false},"author":17,"featured_media":64544,"comment_status":"closed","ping_status":"closed","sticky":false,"template":"","format":"standard","meta":{"_acf_changed":false,"_crdt_document":"","inline_featured_image":false,"footnotes":""},"categories":[73],"tags":[1787,7304],"class_list":["post-64546","post","type-post","status-publish","format-standard","has-post-thumbnail","hentry","category-chiesa-e-mondo","tag-polonia","tag-universita-cattolica-di-lublino"],"acf":[],"yoast_head":"<!-- This site is optimized with the Yoast SEO plugin v27.4 - https:\/\/yoast.com\/product\/yoast-seo-wordpress\/ -->\n<title>L&#039;Universit\u00e0 Cattolica di Lublino ha aperto un Centro Studi presso il Centro di detenzione &#8211; Exaudi<\/title>\n<meta name=\"robots\" content=\"index, follow, max-snippet:-1, max-image-preview:large, max-video-preview:-1\" \/>\n<link rel=\"canonical\" href=\"https:\/\/exaudi.org\/it\/luniversita-cattolica-di-lublino-ha-aperto-un-centro-studi-presso-il-centro-di-detenzione\/\" \/>\n<meta property=\"og:locale\" content=\"it_IT\" \/>\n<meta property=\"og:type\" content=\"article\" \/>\n<meta property=\"og:title\" content=\"L&#039;Universit\u00e0 Cattolica di Lublino ha aperto un Centro Studi presso il Centro di detenzione &#8211; Exaudi\" \/>\n<meta property=\"og:description\" content=\"L&#8217;Universit\u00e0 Cattolica Giovanni Paolo II di Lublino (KUL) ha aperto ufficialmente il Centro di Studi della KUL presso il Centro di Detenzione di Lublino. &#8211; Questo Centro pu\u00f2 diventare un modello per tutte le unit\u00e0 penitenziarie nel mondo \u2013 ha sottolineato il Rev. Prof. Miros\u0142aw Kalinowski, Rettore dell&#8217;Universit\u00e0 Cattolica di Lublino. &#8211; Per noi la [&hellip;]\" \/>\n<meta property=\"og:url\" content=\"https:\/\/exaudi.org\/it\/luniversita-cattolica-di-lublino-ha-aperto-un-centro-studi-presso-il-centro-di-detenzione\/\" \/>\n<meta property=\"og:site_name\" content=\"Exaudi\" \/>\n<meta property=\"article:publisher\" content=\"https:\/\/www.facebook.com\/ExaudiNews\" \/>\n<meta property=\"article:author\" content=\"https:\/\/www.facebook.com\/ExaudiNotizie\/\" \/>\n<meta property=\"article:published_time\" content=\"2022-10-26T11:23:26+00:00\" \/>\n<meta property=\"og:image\" content=\"https:\/\/exaudi.org\/wp-content\/uploads\/2022\/10\/PhotoCredit1_Catholic-University-of-Lublin-1.jpg\" \/>\n\t<meta property=\"og:image:width\" content=\"2048\" \/>\n\t<meta property=\"og:image:height\" content=\"1365\" \/>\n\t<meta property=\"og:image:type\" content=\"image\/jpeg\" \/>\n<meta name=\"author\" content=\"Exaudi Redazione\" \/>\n<meta name=\"twitter:card\" content=\"summary_large_image\" \/>\n<meta name=\"twitter:creator\" content=\"@Exaudi_Notizie\" \/>\n<meta name=\"twitter:site\" content=\"@Exaudi_News\" \/>\n<meta name=\"twitter:label1\" content=\"Scritto da\" \/>\n\t<meta name=\"twitter:data1\" content=\"Exaudi Redazione\" \/>\n\t<meta name=\"twitter:label2\" content=\"Tempo di lettura stimato\" \/>\n\t<meta name=\"twitter:data2\" content=\"5 minuti\" \/>\n<script type=\"application\/ld+json\" class=\"yoast-schema-graph\">{\"@context\":\"https:\\\/\\\/schema.org\",\"@graph\":[{\"@type\":\"Article\",\"@id\":\"https:\\\/\\\/exaudi.org\\\/it\\\/luniversita-cattolica-di-lublino-ha-aperto-un-centro-studi-presso-il-centro-di-detenzione\\\/#article\",\"isPartOf\":{\"@id\":\"https:\\\/\\\/exaudi.org\\\/it\\\/luniversita-cattolica-di-lublino-ha-aperto-un-centro-studi-presso-il-centro-di-detenzione\\\/\"},\"author\":{\"name\":\"Exaudi Redazione\",\"@id\":\"https:\\\/\\\/exaudi.org\\\/#\\\/schema\\\/person\\\/e1ab6ed07c01774724dd96f925f3a5f0\"},\"headline\":\"L&#8217;Universit\u00e0 Cattolica di Lublino ha aperto un Centro Studi presso il Centro di detenzione\",\"datePublished\":\"2022-10-26T11:23:26+00:00\",\"mainEntityOfPage\":{\"@id\":\"https:\\\/\\\/exaudi.org\\\/it\\\/luniversita-cattolica-di-lublino-ha-aperto-un-centro-studi-presso-il-centro-di-detenzione\\\/\"},\"wordCount\":1074,\"image\":{\"@id\":\"https:\\\/\\\/exaudi.org\\\/it\\\/luniversita-cattolica-di-lublino-ha-aperto-un-centro-studi-presso-il-centro-di-detenzione\\\/#primaryimage\"},\"thumbnailUrl\":\"https:\\\/\\\/exaudi.org\\\/wp-content\\\/uploads\\\/2022\\\/10\\\/PhotoCredit1_Catholic-University-of-Lublin-1.jpg\",\"keywords\":[\"Polonia\",\"Universit\u00e0 Cattolica di Lublino\"],\"articleSection\":[\"Chiesa e Mondo\"],\"inLanguage\":\"it-IT\"},{\"@type\":\"WebPage\",\"@id\":\"https:\\\/\\\/exaudi.org\\\/it\\\/luniversita-cattolica-di-lublino-ha-aperto-un-centro-studi-presso-il-centro-di-detenzione\\\/\",\"url\":\"https:\\\/\\\/exaudi.org\\\/it\\\/luniversita-cattolica-di-lublino-ha-aperto-un-centro-studi-presso-il-centro-di-detenzione\\\/\",\"name\":\"L'Universit\u00e0 Cattolica di Lublino ha aperto un Centro Studi presso il Centro di detenzione &#8211; Exaudi\",\"isPartOf\":{\"@id\":\"https:\\\/\\\/exaudi.org\\\/#website\"},\"primaryImageOfPage\":{\"@id\":\"https:\\\/\\\/exaudi.org\\\/it\\\/luniversita-cattolica-di-lublino-ha-aperto-un-centro-studi-presso-il-centro-di-detenzione\\\/#primaryimage\"},\"image\":{\"@id\":\"https:\\\/\\\/exaudi.org\\\/it\\\/luniversita-cattolica-di-lublino-ha-aperto-un-centro-studi-presso-il-centro-di-detenzione\\\/#primaryimage\"},\"thumbnailUrl\":\"https:\\\/\\\/exaudi.org\\\/wp-content\\\/uploads\\\/2022\\\/10\\\/PhotoCredit1_Catholic-University-of-Lublin-1.jpg\",\"datePublished\":\"2022-10-26T11:23:26+00:00\",\"author\":{\"@id\":\"https:\\\/\\\/exaudi.org\\\/#\\\/schema\\\/person\\\/e1ab6ed07c01774724dd96f925f3a5f0\"},\"breadcrumb\":{\"@id\":\"https:\\\/\\\/exaudi.org\\\/it\\\/luniversita-cattolica-di-lublino-ha-aperto-un-centro-studi-presso-il-centro-di-detenzione\\\/#breadcrumb\"},\"inLanguage\":\"it-IT\",\"potentialAction\":[{\"@type\":\"ReadAction\",\"target\":[\"https:\\\/\\\/exaudi.org\\\/it\\\/luniversita-cattolica-di-lublino-ha-aperto-un-centro-studi-presso-il-centro-di-detenzione\\\/\"]}]},{\"@type\":\"ImageObject\",\"inLanguage\":\"it-IT\",\"@id\":\"https:\\\/\\\/exaudi.org\\\/it\\\/luniversita-cattolica-di-lublino-ha-aperto-un-centro-studi-presso-il-centro-di-detenzione\\\/#primaryimage\",\"url\":\"https:\\\/\\\/exaudi.org\\\/wp-content\\\/uploads\\\/2022\\\/10\\\/PhotoCredit1_Catholic-University-of-Lublin-1.jpg\",\"contentUrl\":\"https:\\\/\\\/exaudi.org\\\/wp-content\\\/uploads\\\/2022\\\/10\\\/PhotoCredit1_Catholic-University-of-Lublin-1.jpg\",\"width\":2048,\"height\":1365,\"caption\":\"Catholic University of Lublin\"},{\"@type\":\"BreadcrumbList\",\"@id\":\"https:\\\/\\\/exaudi.org\\\/it\\\/luniversita-cattolica-di-lublino-ha-aperto-un-centro-studi-presso-il-centro-di-detenzione\\\/#breadcrumb\",\"itemListElement\":[{\"@type\":\"ListItem\",\"position\":1,\"name\":\"Portada\",\"item\":\"https:\\\/\\\/exaudi.org\\\/it\\\/\"},{\"@type\":\"ListItem\",\"position\":2,\"name\":\"L&#8217;Universit\u00e0 Cattolica di Lublino ha aperto un Centro Studi presso il Centro di detenzione\"}]},{\"@type\":\"WebSite\",\"@id\":\"https:\\\/\\\/exaudi.org\\\/#website\",\"url\":\"https:\\\/\\\/exaudi.org\\\/\",\"name\":\"Exaudi\",\"description\":\"News\",\"potentialAction\":[{\"@type\":\"SearchAction\",\"target\":{\"@type\":\"EntryPoint\",\"urlTemplate\":\"https:\\\/\\\/exaudi.org\\\/?s={search_term_string}\"},\"query-input\":{\"@type\":\"PropertyValueSpecification\",\"valueRequired\":true,\"valueName\":\"search_term_string\"}}],\"inLanguage\":\"it-IT\"},{\"@type\":\"Person\",\"@id\":\"https:\\\/\\\/exaudi.org\\\/#\\\/schema\\\/person\\\/e1ab6ed07c01774724dd96f925f3a5f0\",\"name\":\"Exaudi Redazione\",\"image\":{\"@type\":\"ImageObject\",\"inLanguage\":\"it-IT\",\"@id\":\"https:\\\/\\\/secure.gravatar.com\\\/avatar\\\/ad6774b3ada023bf5b939d64f45c94b3adf91502dd883507d469b4308a943bb3?s=96&d=mm&r=g\",\"url\":\"https:\\\/\\\/secure.gravatar.com\\\/avatar\\\/ad6774b3ada023bf5b939d64f45c94b3adf91502dd883507d469b4308a943bb3?s=96&d=mm&r=g\",\"contentUrl\":\"https:\\\/\\\/secure.gravatar.com\\\/avatar\\\/ad6774b3ada023bf5b939d64f45c94b3adf91502dd883507d469b4308a943bb3?s=96&d=mm&r=g\",\"caption\":\"Exaudi Redazione\"},\"description\":\"Che cosa \u00e8 Exaudi News? Exaudi News \u00e8 un agenzia cattolica internazionale che informa, istruisce e trasforma quotidianamente in spagnolo, inglese e italiano. Attraverso notizie, articoli di analisi e trasmissioni in diretta degli eventi del Papa, Exaudi cerca di rafforzare l'unit\u00e0 dei cristiani e di contribuire all'evangelizzazione del mondo, sempre guidato dalla dottrina sociale della Chiesa. Lavoriamo per portare la verit\u00e0 e i valori cristiani in ogni angolo del pianeta. Aiutaci a trasformare il mondo con Exaudi! Noi di Exaudi crediamo che l'evangelizzazione e l'informazione di qualit\u00e0 possano cambiare la vita. Per continuare la nostra missione ed espandere la nostra portata, abbiamo bisogno del tuo aiuto. Stiamo anche cercando persone motivate che vogliano unirsi al nostro team. Grazie al vostro sostegno raggiungeremo pi\u00f9 persone, diffonderemo il messaggio di Cristo e rafforzeremo l'unit\u00e0 dei cristiani. Vuoi unirti alla nostra missione? Per maggiori informazioni su come contribuire, visita Exaudi.org\\\/it o contattaci direttamente: info@exaudi.org Exaudi: informa, forma e trasforma.\",\"sameAs\":[\"https:\\\/\\\/www.facebook.com\\\/ExaudiNotizie\\\/\",\"https:\\\/\\\/www.instagram.com\\\/Exaudi_notizie\\\/\",\"https:\\\/\\\/x.com\\\/Exaudi_Notizie\",\"https:\\\/\\\/www.youtube.com\\\/@exaudicatholicnews\"],\"url\":\"https:\\\/\\\/exaudi.org\\\/it\\\/author\\\/dlvedi-org\\\/\"}]}<\/script>\n<!-- \/ Yoast SEO plugin. -->","yoast_head_json":{"title":"L'Universit\u00e0 Cattolica di Lublino ha aperto un Centro Studi presso il Centro di detenzione &#8211; Exaudi","robots":{"index":"index","follow":"follow","max-snippet":"max-snippet:-1","max-image-preview":"max-image-preview:large","max-video-preview":"max-video-preview:-1"},"canonical":"https:\/\/exaudi.org\/it\/luniversita-cattolica-di-lublino-ha-aperto-un-centro-studi-presso-il-centro-di-detenzione\/","og_locale":"it_IT","og_type":"article","og_title":"L'Universit\u00e0 Cattolica di Lublino ha aperto un Centro Studi presso il Centro di detenzione &#8211; Exaudi","og_description":"L&#8217;Universit\u00e0 Cattolica Giovanni Paolo II di Lublino (KUL) ha aperto ufficialmente il Centro di Studi della KUL presso il Centro di Detenzione di Lublino. &#8211; Questo Centro pu\u00f2 diventare un modello per tutte le unit\u00e0 penitenziarie nel mondo \u2013 ha sottolineato il Rev. Prof. Miros\u0142aw Kalinowski, Rettore dell&#8217;Universit\u00e0 Cattolica di Lublino. &#8211; Per noi la [&hellip;]","og_url":"https:\/\/exaudi.org\/it\/luniversita-cattolica-di-lublino-ha-aperto-un-centro-studi-presso-il-centro-di-detenzione\/","og_site_name":"Exaudi","article_publisher":"https:\/\/www.facebook.com\/ExaudiNews","article_author":"https:\/\/www.facebook.com\/ExaudiNotizie\/","article_published_time":"2022-10-26T11:23:26+00:00","og_image":[{"width":2048,"height":1365,"url":"https:\/\/exaudi.org\/wp-content\/uploads\/2022\/10\/PhotoCredit1_Catholic-University-of-Lublin-1.jpg","type":"image\/jpeg"}],"author":"Exaudi Redazione","twitter_card":"summary_large_image","twitter_creator":"@Exaudi_Notizie","twitter_site":"@Exaudi_News","twitter_misc":{"Scritto da":"Exaudi Redazione","Tempo di lettura stimato":"5 minuti"},"schema":{"@context":"https:\/\/schema.org","@graph":[{"@type":"Article","@id":"https:\/\/exaudi.org\/it\/luniversita-cattolica-di-lublino-ha-aperto-un-centro-studi-presso-il-centro-di-detenzione\/#article","isPartOf":{"@id":"https:\/\/exaudi.org\/it\/luniversita-cattolica-di-lublino-ha-aperto-un-centro-studi-presso-il-centro-di-detenzione\/"},"author":{"name":"Exaudi Redazione","@id":"https:\/\/exaudi.org\/#\/schema\/person\/e1ab6ed07c01774724dd96f925f3a5f0"},"headline":"L&#8217;Universit\u00e0 Cattolica di Lublino ha aperto un Centro Studi presso il Centro di detenzione","datePublished":"2022-10-26T11:23:26+00:00","mainEntityOfPage":{"@id":"https:\/\/exaudi.org\/it\/luniversita-cattolica-di-lublino-ha-aperto-un-centro-studi-presso-il-centro-di-detenzione\/"},"wordCount":1074,"image":{"@id":"https:\/\/exaudi.org\/it\/luniversita-cattolica-di-lublino-ha-aperto-un-centro-studi-presso-il-centro-di-detenzione\/#primaryimage"},"thumbnailUrl":"https:\/\/exaudi.org\/wp-content\/uploads\/2022\/10\/PhotoCredit1_Catholic-University-of-Lublin-1.jpg","keywords":["Polonia","Universit\u00e0 Cattolica di Lublino"],"articleSection":["Chiesa e Mondo"],"inLanguage":"it-IT"},{"@type":"WebPage","@id":"https:\/\/exaudi.org\/it\/luniversita-cattolica-di-lublino-ha-aperto-un-centro-studi-presso-il-centro-di-detenzione\/","url":"https:\/\/exaudi.org\/it\/luniversita-cattolica-di-lublino-ha-aperto-un-centro-studi-presso-il-centro-di-detenzione\/","name":"L'Universit\u00e0 Cattolica di Lublino ha aperto un Centro Studi presso il Centro di detenzione &#8211; Exaudi","isPartOf":{"@id":"https:\/\/exaudi.org\/#website"},"primaryImageOfPage":{"@id":"https:\/\/exaudi.org\/it\/luniversita-cattolica-di-lublino-ha-aperto-un-centro-studi-presso-il-centro-di-detenzione\/#primaryimage"},"image":{"@id":"https:\/\/exaudi.org\/it\/luniversita-cattolica-di-lublino-ha-aperto-un-centro-studi-presso-il-centro-di-detenzione\/#primaryimage"},"thumbnailUrl":"https:\/\/exaudi.org\/wp-content\/uploads\/2022\/10\/PhotoCredit1_Catholic-University-of-Lublin-1.jpg","datePublished":"2022-10-26T11:23:26+00:00","author":{"@id":"https:\/\/exaudi.org\/#\/schema\/person\/e1ab6ed07c01774724dd96f925f3a5f0"},"breadcrumb":{"@id":"https:\/\/exaudi.org\/it\/luniversita-cattolica-di-lublino-ha-aperto-un-centro-studi-presso-il-centro-di-detenzione\/#breadcrumb"},"inLanguage":"it-IT","potentialAction":[{"@type":"ReadAction","target":["https:\/\/exaudi.org\/it\/luniversita-cattolica-di-lublino-ha-aperto-un-centro-studi-presso-il-centro-di-detenzione\/"]}]},{"@type":"ImageObject","inLanguage":"it-IT","@id":"https:\/\/exaudi.org\/it\/luniversita-cattolica-di-lublino-ha-aperto-un-centro-studi-presso-il-centro-di-detenzione\/#primaryimage","url":"https:\/\/exaudi.org\/wp-content\/uploads\/2022\/10\/PhotoCredit1_Catholic-University-of-Lublin-1.jpg","contentUrl":"https:\/\/exaudi.org\/wp-content\/uploads\/2022\/10\/PhotoCredit1_Catholic-University-of-Lublin-1.jpg","width":2048,"height":1365,"caption":"Catholic University of Lublin"},{"@type":"BreadcrumbList","@id":"https:\/\/exaudi.org\/it\/luniversita-cattolica-di-lublino-ha-aperto-un-centro-studi-presso-il-centro-di-detenzione\/#breadcrumb","itemListElement":[{"@type":"ListItem","position":1,"name":"Portada","item":"https:\/\/exaudi.org\/it\/"},{"@type":"ListItem","position":2,"name":"L&#8217;Universit\u00e0 Cattolica di Lublino ha aperto un Centro Studi presso il Centro di detenzione"}]},{"@type":"WebSite","@id":"https:\/\/exaudi.org\/#website","url":"https:\/\/exaudi.org\/","name":"Exaudi","description":"News","potentialAction":[{"@type":"SearchAction","target":{"@type":"EntryPoint","urlTemplate":"https:\/\/exaudi.org\/?s={search_term_string}"},"query-input":{"@type":"PropertyValueSpecification","valueRequired":true,"valueName":"search_term_string"}}],"inLanguage":"it-IT"},{"@type":"Person","@id":"https:\/\/exaudi.org\/#\/schema\/person\/e1ab6ed07c01774724dd96f925f3a5f0","name":"Exaudi Redazione","image":{"@type":"ImageObject","inLanguage":"it-IT","@id":"https:\/\/secure.gravatar.com\/avatar\/ad6774b3ada023bf5b939d64f45c94b3adf91502dd883507d469b4308a943bb3?s=96&d=mm&r=g","url":"https:\/\/secure.gravatar.com\/avatar\/ad6774b3ada023bf5b939d64f45c94b3adf91502dd883507d469b4308a943bb3?s=96&d=mm&r=g","contentUrl":"https:\/\/secure.gravatar.com\/avatar\/ad6774b3ada023bf5b939d64f45c94b3adf91502dd883507d469b4308a943bb3?s=96&d=mm&r=g","caption":"Exaudi Redazione"},"description":"Che cosa \u00e8 Exaudi News? Exaudi News \u00e8 un agenzia cattolica internazionale che informa, istruisce e trasforma quotidianamente in spagnolo, inglese e italiano. Attraverso notizie, articoli di analisi e trasmissioni in diretta degli eventi del Papa, Exaudi cerca di rafforzare l'unit\u00e0 dei cristiani e di contribuire all'evangelizzazione del mondo, sempre guidato dalla dottrina sociale della Chiesa. Lavoriamo per portare la verit\u00e0 e i valori cristiani in ogni angolo del pianeta. Aiutaci a trasformare il mondo con Exaudi! Noi di Exaudi crediamo che l'evangelizzazione e l'informazione di qualit\u00e0 possano cambiare la vita. Per continuare la nostra missione ed espandere la nostra portata, abbiamo bisogno del tuo aiuto. Stiamo anche cercando persone motivate che vogliano unirsi al nostro team. Grazie al vostro sostegno raggiungeremo pi\u00f9 persone, diffonderemo il messaggio di Cristo e rafforzeremo l'unit\u00e0 dei cristiani. Vuoi unirti alla nostra missione? Per maggiori informazioni su come contribuire, visita Exaudi.org\/it o contattaci direttamente: info@exaudi.org Exaudi: informa, forma e trasforma.","sameAs":["https:\/\/www.facebook.com\/ExaudiNotizie\/","https:\/\/www.instagram.com\/Exaudi_notizie\/","https:\/\/x.com\/Exaudi_Notizie","https:\/\/www.youtube.com\/@exaudicatholicnews"],"url":"https:\/\/exaudi.org\/it\/author\/dlvedi-org\/"}]}},"jetpack_featured_media_url":"https:\/\/exaudi.org\/wp-content\/uploads\/2022\/10\/PhotoCredit1_Catholic-University-of-Lublin-1.jpg","jetpack_shortlink":"https:\/\/wp.me\/pgKjF2-gN4","_links":{"self":[{"href":"https:\/\/exaudi.org\/it\/wp-json\/wp\/v2\/posts\/64546","targetHints":{"allow":["GET"]}}],"collection":[{"href":"https:\/\/exaudi.org\/it\/wp-json\/wp\/v2\/posts"}],"about":[{"href":"https:\/\/exaudi.org\/it\/wp-json\/wp\/v2\/types\/post"}],"author":[{"embeddable":true,"href":"https:\/\/exaudi.org\/it\/wp-json\/wp\/v2\/users\/17"}],"replies":[{"embeddable":true,"href":"https:\/\/exaudi.org\/it\/wp-json\/wp\/v2\/comments?post=64546"}],"version-history":[{"count":0,"href":"https:\/\/exaudi.org\/it\/wp-json\/wp\/v2\/posts\/64546\/revisions"}],"wp:featuredmedia":[{"embeddable":true,"href":"https:\/\/exaudi.org\/it\/wp-json\/wp\/v2\/media\/64544"}],"wp:attachment":[{"href":"https:\/\/exaudi.org\/it\/wp-json\/wp\/v2\/media?parent=64546"}],"wp:term":[{"taxonomy":"category","embeddable":true,"href":"https:\/\/exaudi.org\/it\/wp-json\/wp\/v2\/categories?post=64546"},{"taxonomy":"post_tag","embeddable":true,"href":"https:\/\/exaudi.org\/it\/wp-json\/wp\/v2\/tags?post=64546"}],"curies":[{"name":"wp","href":"https:\/\/api.w.org\/{rel}","templated":true}]}}