{"id":64472,"date":"2022-10-25T17:49:48","date_gmt":"2022-10-25T15:49:48","guid":{"rendered":"https:\/\/exaudi.org\/?p=64472"},"modified":"2022-10-26T13:02:07","modified_gmt":"2022-10-26T11:02:07","slug":"il-grido-della-pace-religioni-e-culture-in-dialogo-2","status":"publish","type":"post","link":"https:\/\/exaudi.org\/it\/il-grido-della-pace-religioni-e-culture-in-dialogo-2\/","title":{"rendered":"\u201cIl grido della Pace. Religioni e Culture in dialogo\u201d"},"content":{"rendered":"<p><strong>Appello di Pace<\/strong><\/p>\n<p>Questo pomeriggio, al Colosseo in Roma, ha luogo l\u2019Incontro internazionale promosso dalla Comunit\u00e0 di Sant\u2019Egidio nello \u201cSpirito di Assisi\u201d sul tema \u201cIl grido della Pace. Religioni e Culture in Dialogo\u201d, in corso dal 23 al 25 ottobre.<br \/>\nAlle ore 16.30 il Santo Padre Francesco presiede la preghiera dei cristiani insieme ai rappresentanti delle altre religioni. Al termine, il Papa si reca sul palco insieme ai vari rappresentanti dove ha luogo l\u2019Incontro internazionale e l\u2019inizio della cerimonia al termine della quale viene letto l\u2019Appello di Pace.<\/p>\n<p>Pubblichiamo di seguito il discorso che il Santo Padre Francesco rivolge ai partecipanti all\u2019Incontro e il testo dell\u2019Appello di Pace:<\/p>\n<p><strong>Discorso del Santo Padre<\/strong><\/p>\n<p>Illustri Leader delle Chiese cristiane e delle Religioni mondiali,<br \/>\ndistinte Autorit\u00e0,<br \/>\ncari fratelli e sorelle!<\/p>\n<p>Ringrazio ciascuno di voi che avete partecipato a questo incontro di preghiera per la pace.\u00a0 Speciale riconoscenza esprimo ai Leader cristiani e di altre Religioni, animati dallo spirito di fratellanza che ispir\u00f2 la prima storica convocazione voluta da San Giovanni Paolo II ad Assisi,<br \/>\ntrentasei anni fa.<\/p>\n<figure id=\"attachment_64527\" aria-describedby=\"caption-attachment-64527\" style=\"width: 300px\" class=\"wp-caption alignleft\"><img loading=\"lazy\" decoding=\"async\" class=\"size-medium wp-image-64527\" src=\"https:\/\/exaudi.org\/wp-content\/uploads\/2022\/10\/02-300x200.jpg\" alt=\"(C) Vatican Media\" width=\"300\" height=\"200\" srcset=\"https:\/\/exaudi.org\/wp-content\/uploads\/2022\/10\/02-300x200.jpg 300w, https:\/\/exaudi.org\/wp-content\/uploads\/2022\/10\/02-1024x681.jpg 1024w, https:\/\/exaudi.org\/wp-content\/uploads\/2022\/10\/02-770x512.jpg 770w, https:\/\/exaudi.org\/wp-content\/uploads\/2022\/10\/02-1536x1022.jpg 1536w, https:\/\/exaudi.org\/wp-content\/uploads\/2022\/10\/02-2048x1363.jpg 2048w, https:\/\/exaudi.org\/wp-content\/uploads\/2022\/10\/02-360x240.jpg?crop=1 360w, https:\/\/exaudi.org\/wp-content\/uploads\/2022\/10\/02-500x333.jpg 500w, https:\/\/exaudi.org\/wp-content\/uploads\/2022\/10\/02-1155x770.jpg 1155w, https:\/\/exaudi.org\/wp-content\/uploads\/2022\/10\/02-370x247.jpg 370w, https:\/\/exaudi.org\/wp-content\/uploads\/2022\/10\/02-293x195.jpg 293w, https:\/\/exaudi.org\/wp-content\/uploads\/2022\/10\/02-1400x931.jpg 1400w, https:\/\/exaudi.org\/wp-content\/uploads\/2022\/10\/02-120x80.jpg 120w, https:\/\/exaudi.org\/wp-content\/uploads\/2022\/10\/02-240x160.jpg 240w, https:\/\/exaudi.org\/wp-content\/uploads\/2022\/10\/02-390x259.jpg 390w\" sizes=\"auto, (max-width: 300px) 100vw, 300px\" \/><figcaption id=\"caption-attachment-64527\" class=\"wp-caption-text\">(C) Vatican Media<\/figcaption><\/figure>\n<p>Quest\u2019anno la nostra preghiera \u00e8 diventata un \u201cgrido\u201d, perch\u00e9 oggi la pace \u00e8 gravemente violata, ferita, calpestata: e questo in Europa, cio\u00e8 nel continente che nel secolo scorso ha vissuto le tragedie delle due guerre mondiali. Purtroppo, da allora, le guerre non hanno mai smesso di<br \/>\ninsanguinare e impoverire la terra, ma il momento che stiamo vivendo \u00e8 particolarmente drammatico.\u00a0 Per questo abbiamo elevato la nostra preghiera a Dio, che sempre ascolta il grido angosciato dei suoi figli.<\/p>\n<p>La pace \u00e8 nel cuore delle Religioni, nelle loro Scritture e nel loro messaggio. Nel silenzio della preghiera, questa sera, abbiamo sentito il grido della pace: la pace soffocata in tante regioni del mondo, umiliata da troppe violenze, negata perfino ai bambini e agli anziani, cui non sono risparmiate le terribili asprezze della guerra. Il grido della pace viene spesso zittito, oltre che dalla retorica bellica, anche dall\u2019indifferenza. \u00c8 tacitato dall\u2019odio che cresce mentre ci si combatte.<\/p>\n<p>Ma l\u2019invocazione della pace non pu\u00f2 essere soppressa: sale dal cuore delle madri, \u00e8 scritta sui volti dei profughi, delle famiglie in fuga, dei feriti o dei morenti. E questo grido silenzioso sale al Cielo. Non conosce formule magiche per uscire dai conflitti, ma ha il diritto sacrosanto di chiedere pace in nome delle sofferenze patite, e merita ascolto. Merita che tutti, a partire dai governanti, si chinino ad ascoltare con seriet\u00e0 e rispetto. Il grido della pace esprime il dolore e l\u2019orrore della guerra, madre di tutte le povert\u00e0.<\/p>\n<p>\u00abOgni guerra lascia il mondo peggiore di come lo ha trovato. La guerra \u00e8 un fallimento della politica e dell\u2019umanit\u00e0, una resa vergognosa, una sconfitta di fronte alle forze del male\u00bb (Enc. Fratelli tutti, 261). Sono convinzioni che scaturiscono dalle lezioni dolorosissime del secolo Ventesimo, e purtroppo anche di questa prima parte del Ventunesimo. Oggi, in effetti, si sta verificando quello che si temeva e che mai avremmo voluto ascoltare: che cio\u00e8 l\u2019uso delle armi atomiche, che colpevolmente dopo Hiroshima e Nagasaki si \u00e8 continuato a produrre e sperimentare, viene ora apertamente minacciato.<\/p>\n<p><img loading=\"lazy\" decoding=\"async\" class=\"size-medium wp-image-64491 alignright\" src=\"https:\/\/exaudi.org\/wp-content\/uploads\/2022\/10\/thumbnail__SFO3366-300x200.jpg\" alt=\"\" width=\"300\" height=\"200\" srcset=\"https:\/\/exaudi.org\/wp-content\/uploads\/2022\/10\/thumbnail__SFO3366-300x200.jpg 300w, https:\/\/exaudi.org\/wp-content\/uploads\/2022\/10\/thumbnail__SFO3366-1024x682.jpg 1024w, https:\/\/exaudi.org\/wp-content\/uploads\/2022\/10\/thumbnail__SFO3366-770x513.jpg 770w, https:\/\/exaudi.org\/wp-content\/uploads\/2022\/10\/thumbnail__SFO3366-360x240.jpg?crop=1 360w, https:\/\/exaudi.org\/wp-content\/uploads\/2022\/10\/thumbnail__SFO3366-500x333.jpg 500w, https:\/\/exaudi.org\/wp-content\/uploads\/2022\/10\/thumbnail__SFO3366-1155x770.jpg 1155w, https:\/\/exaudi.org\/wp-content\/uploads\/2022\/10\/thumbnail__SFO3366-370x247.jpg 370w, https:\/\/exaudi.org\/wp-content\/uploads\/2022\/10\/thumbnail__SFO3366-293x195.jpg 293w, https:\/\/exaudi.org\/wp-content\/uploads\/2022\/10\/thumbnail__SFO3366-120x80.jpg 120w, https:\/\/exaudi.org\/wp-content\/uploads\/2022\/10\/thumbnail__SFO3366-240x160.jpg 240w, https:\/\/exaudi.org\/wp-content\/uploads\/2022\/10\/thumbnail__SFO3366-390x260.jpg 390w, https:\/\/exaudi.org\/wp-content\/uploads\/2022\/10\/thumbnail__SFO3366.jpg 1280w\" sizes=\"auto, (max-width: 300px) 100vw, 300px\" \/>In questo scenario oscuro, dove purtroppo i disegni dei potenti della terra non danno affidamento alle giuste aspirazioni dei popoli, non muta, per nostra salvezza, il disegno di Dio, che \u00e8 \u201cun progetto di pace e non di sventura\u201d (cfr Ger 29,11). Qui trova ascolto la voce di chi non ha voce; qui si fonda la speranza dei piccoli e dei poveri: in Dio, il cui nome \u00e8 Pace. La pace \u00e8 dono suo e l\u2019abbiamo invocata da Lui. Ma questo dono dev\u2019essere accolto e coltivato da noi uomini e donne, specialmente da noi credenti. Non lasciamoci contagiare dalla logica perversa della guerra; non cadiamo nella trappola dell\u2019odio per il nemico. Rimettiamo la pace al cuore della visione del futuro, come obiettivo centrale del nostro agire personale, sociale e politico, a tutti i livelli. Disinneschiamo i conflitti con l\u2019arma del dialogo.<\/p>\n<p>Durante una grave crisi internazionale, nell\u2019ottobre 1962, mentre sembravano vicini uno scontro militare e una deflagrazione nucleare, San Giovanni XXIII fece questo appello: \u00abNoi supplichiamo tutti i governanti a non restare sordi a questo grido dell\u2019umanit\u00e0. Che facciano tutto<br \/>\nquello che \u00e8 in loro potere per salvare la pace. Eviteranno cos\u00ec al mondo gli orrori di una guerra, di cui non si pu\u00f2 prevedere quali saranno le terribili conseguenze. [\u2026] Promuovere, favorire, accettare i dialoghi, a tutti i livelli e in ogni tempo, \u00e8 una regola di saggezza e di prudenza che attira la benedizione del cielo e della terra\u00bb (Radiomessaggio, 25 ottobre 1962).<\/p>\n<p>Sessant\u2019anni dopo, queste parole suonano di impressionante attualit\u00e0. Le faccio mie. Non siamo \u00abneutrali, ma schierati per la pace. Perci\u00f2 invochiamo lo ius pacis come diritto di tutti a comporre i conflitti senza violenza\u00bb (Incontro con gli studenti e il mondo accademico di Bologna, 1\u00b0 ottobre 2017).<\/p>\n<p>In questi anni, la fraternit\u00e0 tra le religioni ha compiuto progressi decisivi: \u00abReligioni sorelle che aiutino i popoli fratelli a vivere in pace\u00bb (Incontro di preghiera per la pace, 7 ottobre 2021).\u00a0 Sempre pi\u00f9 ci sentiamo fratelli tra di noi! Un anno fa, incontrandoci proprio qui, davanti al Colosseo, lanciammo un appello, oggi ancora pi\u00f9 attuale: \u00abLe Religioni non possono essere utilizzate per la guerra. Solo la pace \u00e8 santa e nessuno usi il nome di Dio per benedire il terrore e la violenza. Se vedete intorno a voi le guerre, non rassegnatevi! I popoli desiderano la pace\u00bb (ibid.).<\/p>\n<p>\u00c8 quanto cercheremo di continuare a fare, sempre meglio, giorno per giorno. Non rassegniamoci alla guerra, coltiviamo semi di riconciliazione; e oggi eleviamo al Cielo il grido della pace, ancora con le parole di San Giovanni XXIII: \u00abSi affratellino tutti i popoli della terra e fiorisca in essi e sempre regni la desideratissima pace\u00bb Enc. Pacem in terris, 91). Sia cos\u00ec, con la grazia di Dio e la buona volont\u00e0 degli uomini e delle donne che Egli ama.<\/p>\n<p><iframe loading=\"lazy\" title=\"Vatican Media Live\" width=\"500\" height=\"375\" src=\"https:\/\/www.youtube.com\/embed\/scfTyXs0N6Q?feature=oembed\" frameborder=\"0\" allow=\"accelerometer; autoplay; clipboard-write; encrypted-media; gyroscope; picture-in-picture; web-share\" referrerpolicy=\"strict-origin-when-cross-origin\" allowfullscreen><\/iframe><\/p>\n","protected":false},"excerpt":{"rendered":"<p>Papa: &#8220;La pace \u00e8 nel cuore delle Religioni, nelle loro Scritture e nel loro messaggio&#8221;<\/p>\n","protected":false},"author":17,"featured_media":64521,"comment_status":"closed","ping_status":"closed","sticky":false,"template":"","format":"standard","meta":{"_acf_changed":false,"_crdt_document":"","inline_featured_image":false,"footnotes":""},"categories":[73,123,67],"tags":[2487,251,6687],"class_list":["post-64472","post","type-post","status-publish","format-standard","has-post-thumbnail","hentry","category-chiesa-e-mondo","category-discorsi","category-leone-xiv","tag-featured-3","tag-papa-francesco","tag-santegidio-it"],"acf":[],"yoast_head":"<!-- This site is optimized with the Yoast SEO plugin v27.5 - https:\/\/yoast.com\/product\/yoast-seo-wordpress\/ -->\n<title>\u201cIl grido della Pace. Religioni e Culture in dialogo\u201d &#8211; Exaudi<\/title>\n<meta name=\"robots\" content=\"index, follow, max-snippet:-1, max-image-preview:large, max-video-preview:-1\" \/>\n<link rel=\"canonical\" href=\"https:\/\/exaudi.org\/it\/il-grido-della-pace-religioni-e-culture-in-dialogo-2\/\" \/>\n<meta property=\"og:locale\" content=\"it_IT\" \/>\n<meta property=\"og:type\" content=\"article\" \/>\n<meta property=\"og:title\" content=\"\u201cIl grido della Pace. Religioni e Culture in dialogo\u201d &#8211; Exaudi\" \/>\n<meta property=\"og:description\" content=\"Papa: &quot;La pace \u00e8 nel cuore delle Religioni, nelle loro Scritture e nel loro messaggio&quot;\" \/>\n<meta property=\"og:url\" content=\"https:\/\/exaudi.org\/it\/il-grido-della-pace-religioni-e-culture-in-dialogo-2\/\" \/>\n<meta property=\"og:site_name\" content=\"Exaudi\" \/>\n<meta property=\"article:publisher\" content=\"https:\/\/www.facebook.com\/ExaudiNews\" \/>\n<meta property=\"article:author\" content=\"https:\/\/www.facebook.com\/ExaudiNotizie\/\" \/>\n<meta property=\"article:published_time\" content=\"2022-10-25T15:49:48+00:00\" \/>\n<meta property=\"article:modified_time\" content=\"2022-10-26T11:02:07+00:00\" \/>\n<meta property=\"og:image\" content=\"https:\/\/exaudi.org\/wp-content\/uploads\/2022\/10\/04-scaled.jpg\" \/>\n\t<meta property=\"og:image:width\" content=\"2560\" \/>\n\t<meta property=\"og:image:height\" content=\"1707\" \/>\n\t<meta property=\"og:image:type\" content=\"image\/jpeg\" \/>\n<meta name=\"author\" content=\"Exaudi Redazione\" \/>\n<meta name=\"twitter:card\" content=\"summary_large_image\" \/>\n<meta name=\"twitter:creator\" content=\"@Exaudi_Notizie\" \/>\n<meta name=\"twitter:site\" content=\"@Exaudi_News\" \/>\n<meta name=\"twitter:label1\" content=\"Scritto da\" \/>\n\t<meta name=\"twitter:data1\" content=\"Exaudi Redazione\" \/>\n\t<meta name=\"twitter:label2\" content=\"Tempo di lettura stimato\" \/>\n\t<meta name=\"twitter:data2\" content=\"5 minuti\" \/>\n<script type=\"application\/ld+json\" class=\"yoast-schema-graph\">{\"@context\":\"https:\\\/\\\/schema.org\",\"@graph\":[{\"@type\":\"Article\",\"@id\":\"https:\\\/\\\/exaudi.org\\\/it\\\/il-grido-della-pace-religioni-e-culture-in-dialogo-2\\\/#article\",\"isPartOf\":{\"@id\":\"https:\\\/\\\/exaudi.org\\\/it\\\/il-grido-della-pace-religioni-e-culture-in-dialogo-2\\\/\"},\"author\":{\"name\":\"Exaudi Redazione\",\"@id\":\"https:\\\/\\\/exaudi.org\\\/#\\\/schema\\\/person\\\/e1ab6ed07c01774724dd96f925f3a5f0\"},\"headline\":\"\u201cIl grido della Pace. Religioni e Culture in dialogo\u201d\",\"datePublished\":\"2022-10-25T15:49:48+00:00\",\"dateModified\":\"2022-10-26T11:02:07+00:00\",\"mainEntityOfPage\":{\"@id\":\"https:\\\/\\\/exaudi.org\\\/it\\\/il-grido-della-pace-religioni-e-culture-in-dialogo-2\\\/\"},\"wordCount\":1000,\"image\":{\"@id\":\"https:\\\/\\\/exaudi.org\\\/it\\\/il-grido-della-pace-religioni-e-culture-in-dialogo-2\\\/#primaryimage\"},\"thumbnailUrl\":\"https:\\\/\\\/exaudi.org\\\/wp-content\\\/uploads\\\/2022\\\/10\\\/04-scaled.jpg\",\"keywords\":[\"Featured\",\"Papa Francesco\",\"Sant\u2019Egidio\"],\"articleSection\":[\"Chiesa e Mondo\",\"Discorsi\",\"Leone XIV\"],\"inLanguage\":\"it-IT\"},{\"@type\":\"WebPage\",\"@id\":\"https:\\\/\\\/exaudi.org\\\/it\\\/il-grido-della-pace-religioni-e-culture-in-dialogo-2\\\/\",\"url\":\"https:\\\/\\\/exaudi.org\\\/it\\\/il-grido-della-pace-religioni-e-culture-in-dialogo-2\\\/\",\"name\":\"\u201cIl grido della Pace. Religioni e Culture in dialogo\u201d &#8211; Exaudi\",\"isPartOf\":{\"@id\":\"https:\\\/\\\/exaudi.org\\\/#website\"},\"primaryImageOfPage\":{\"@id\":\"https:\\\/\\\/exaudi.org\\\/it\\\/il-grido-della-pace-religioni-e-culture-in-dialogo-2\\\/#primaryimage\"},\"image\":{\"@id\":\"https:\\\/\\\/exaudi.org\\\/it\\\/il-grido-della-pace-religioni-e-culture-in-dialogo-2\\\/#primaryimage\"},\"thumbnailUrl\":\"https:\\\/\\\/exaudi.org\\\/wp-content\\\/uploads\\\/2022\\\/10\\\/04-scaled.jpg\",\"datePublished\":\"2022-10-25T15:49:48+00:00\",\"dateModified\":\"2022-10-26T11:02:07+00:00\",\"author\":{\"@id\":\"https:\\\/\\\/exaudi.org\\\/#\\\/schema\\\/person\\\/e1ab6ed07c01774724dd96f925f3a5f0\"},\"breadcrumb\":{\"@id\":\"https:\\\/\\\/exaudi.org\\\/it\\\/il-grido-della-pace-religioni-e-culture-in-dialogo-2\\\/#breadcrumb\"},\"inLanguage\":\"it-IT\",\"potentialAction\":[{\"@type\":\"ReadAction\",\"target\":[\"https:\\\/\\\/exaudi.org\\\/it\\\/il-grido-della-pace-religioni-e-culture-in-dialogo-2\\\/\"]}]},{\"@type\":\"ImageObject\",\"inLanguage\":\"it-IT\",\"@id\":\"https:\\\/\\\/exaudi.org\\\/it\\\/il-grido-della-pace-religioni-e-culture-in-dialogo-2\\\/#primaryimage\",\"url\":\"https:\\\/\\\/exaudi.org\\\/wp-content\\\/uploads\\\/2022\\\/10\\\/04-scaled.jpg\",\"contentUrl\":\"https:\\\/\\\/exaudi.org\\\/wp-content\\\/uploads\\\/2022\\\/10\\\/04-scaled.jpg\",\"width\":2560,\"height\":1707,\"caption\":\"(C) Vatican Media\"},{\"@type\":\"BreadcrumbList\",\"@id\":\"https:\\\/\\\/exaudi.org\\\/it\\\/il-grido-della-pace-religioni-e-culture-in-dialogo-2\\\/#breadcrumb\",\"itemListElement\":[{\"@type\":\"ListItem\",\"position\":1,\"name\":\"Portada\",\"item\":\"https:\\\/\\\/exaudi.org\\\/it\\\/\"},{\"@type\":\"ListItem\",\"position\":2,\"name\":\"\u201cIl grido della Pace. Religioni e Culture in dialogo\u201d\"}]},{\"@type\":\"WebSite\",\"@id\":\"https:\\\/\\\/exaudi.org\\\/#website\",\"url\":\"https:\\\/\\\/exaudi.org\\\/\",\"name\":\"Exaudi\",\"description\":\"News\",\"potentialAction\":[{\"@type\":\"SearchAction\",\"target\":{\"@type\":\"EntryPoint\",\"urlTemplate\":\"https:\\\/\\\/exaudi.org\\\/?s={search_term_string}\"},\"query-input\":{\"@type\":\"PropertyValueSpecification\",\"valueRequired\":true,\"valueName\":\"search_term_string\"}}],\"inLanguage\":\"it-IT\"},{\"@type\":\"Person\",\"@id\":\"https:\\\/\\\/exaudi.org\\\/#\\\/schema\\\/person\\\/e1ab6ed07c01774724dd96f925f3a5f0\",\"name\":\"Exaudi Redazione\",\"image\":{\"@type\":\"ImageObject\",\"inLanguage\":\"it-IT\",\"@id\":\"https:\\\/\\\/secure.gravatar.com\\\/avatar\\\/ad6774b3ada023bf5b939d64f45c94b3adf91502dd883507d469b4308a943bb3?s=96&d=mm&r=g\",\"url\":\"https:\\\/\\\/secure.gravatar.com\\\/avatar\\\/ad6774b3ada023bf5b939d64f45c94b3adf91502dd883507d469b4308a943bb3?s=96&d=mm&r=g\",\"contentUrl\":\"https:\\\/\\\/secure.gravatar.com\\\/avatar\\\/ad6774b3ada023bf5b939d64f45c94b3adf91502dd883507d469b4308a943bb3?s=96&d=mm&r=g\",\"caption\":\"Exaudi Redazione\"},\"description\":\"Che cosa \u00e8 Exaudi News? Exaudi News \u00e8 un agenzia cattolica internazionale che informa, istruisce e trasforma quotidianamente in spagnolo, inglese e italiano. Attraverso notizie, articoli di analisi e trasmissioni in diretta degli eventi del Papa, Exaudi cerca di rafforzare l'unit\u00e0 dei cristiani e di contribuire all'evangelizzazione del mondo, sempre guidato dalla dottrina sociale della Chiesa. Lavoriamo per portare la verit\u00e0 e i valori cristiani in ogni angolo del pianeta. Aiutaci a trasformare il mondo con Exaudi! Noi di Exaudi crediamo che l'evangelizzazione e l'informazione di qualit\u00e0 possano cambiare la vita. Per continuare la nostra missione ed espandere la nostra portata, abbiamo bisogno del tuo aiuto. Stiamo anche cercando persone motivate che vogliano unirsi al nostro team. Grazie al vostro sostegno raggiungeremo pi\u00f9 persone, diffonderemo il messaggio di Cristo e rafforzeremo l'unit\u00e0 dei cristiani. Vuoi unirti alla nostra missione? Per maggiori informazioni su come contribuire, visita Exaudi.org\\\/it o contattaci direttamente: info@exaudi.org Exaudi: informa, forma e trasforma.\",\"sameAs\":[\"https:\\\/\\\/www.facebook.com\\\/ExaudiNotizie\\\/\",\"https:\\\/\\\/www.instagram.com\\\/Exaudi_notizie\\\/\",\"https:\\\/\\\/x.com\\\/Exaudi_Notizie\",\"https:\\\/\\\/www.youtube.com\\\/@exaudicatholicnews\"],\"url\":\"https:\\\/\\\/exaudi.org\\\/it\\\/author\\\/dlvedi-org\\\/\"}]}<\/script>\n<!-- \/ Yoast SEO plugin. -->","yoast_head_json":{"title":"\u201cIl grido della Pace. Religioni e Culture in dialogo\u201d &#8211; Exaudi","robots":{"index":"index","follow":"follow","max-snippet":"max-snippet:-1","max-image-preview":"max-image-preview:large","max-video-preview":"max-video-preview:-1"},"canonical":"https:\/\/exaudi.org\/it\/il-grido-della-pace-religioni-e-culture-in-dialogo-2\/","og_locale":"it_IT","og_type":"article","og_title":"\u201cIl grido della Pace. Religioni e Culture in dialogo\u201d &#8211; Exaudi","og_description":"Papa: \"La pace \u00e8 nel cuore delle Religioni, nelle loro Scritture e nel loro messaggio\"","og_url":"https:\/\/exaudi.org\/it\/il-grido-della-pace-religioni-e-culture-in-dialogo-2\/","og_site_name":"Exaudi","article_publisher":"https:\/\/www.facebook.com\/ExaudiNews","article_author":"https:\/\/www.facebook.com\/ExaudiNotizie\/","article_published_time":"2022-10-25T15:49:48+00:00","article_modified_time":"2022-10-26T11:02:07+00:00","og_image":[{"width":2560,"height":1707,"url":"https:\/\/exaudi.org\/wp-content\/uploads\/2022\/10\/04-scaled.jpg","type":"image\/jpeg"}],"author":"Exaudi Redazione","twitter_card":"summary_large_image","twitter_creator":"@Exaudi_Notizie","twitter_site":"@Exaudi_News","twitter_misc":{"Scritto da":"Exaudi Redazione","Tempo di lettura stimato":"5 minuti"},"schema":{"@context":"https:\/\/schema.org","@graph":[{"@type":"Article","@id":"https:\/\/exaudi.org\/it\/il-grido-della-pace-religioni-e-culture-in-dialogo-2\/#article","isPartOf":{"@id":"https:\/\/exaudi.org\/it\/il-grido-della-pace-religioni-e-culture-in-dialogo-2\/"},"author":{"name":"Exaudi Redazione","@id":"https:\/\/exaudi.org\/#\/schema\/person\/e1ab6ed07c01774724dd96f925f3a5f0"},"headline":"\u201cIl grido della Pace. Religioni e Culture in dialogo\u201d","datePublished":"2022-10-25T15:49:48+00:00","dateModified":"2022-10-26T11:02:07+00:00","mainEntityOfPage":{"@id":"https:\/\/exaudi.org\/it\/il-grido-della-pace-religioni-e-culture-in-dialogo-2\/"},"wordCount":1000,"image":{"@id":"https:\/\/exaudi.org\/it\/il-grido-della-pace-religioni-e-culture-in-dialogo-2\/#primaryimage"},"thumbnailUrl":"https:\/\/exaudi.org\/wp-content\/uploads\/2022\/10\/04-scaled.jpg","keywords":["Featured","Papa Francesco","Sant\u2019Egidio"],"articleSection":["Chiesa e Mondo","Discorsi","Leone XIV"],"inLanguage":"it-IT"},{"@type":"WebPage","@id":"https:\/\/exaudi.org\/it\/il-grido-della-pace-religioni-e-culture-in-dialogo-2\/","url":"https:\/\/exaudi.org\/it\/il-grido-della-pace-religioni-e-culture-in-dialogo-2\/","name":"\u201cIl grido della Pace. Religioni e Culture in dialogo\u201d &#8211; Exaudi","isPartOf":{"@id":"https:\/\/exaudi.org\/#website"},"primaryImageOfPage":{"@id":"https:\/\/exaudi.org\/it\/il-grido-della-pace-religioni-e-culture-in-dialogo-2\/#primaryimage"},"image":{"@id":"https:\/\/exaudi.org\/it\/il-grido-della-pace-religioni-e-culture-in-dialogo-2\/#primaryimage"},"thumbnailUrl":"https:\/\/exaudi.org\/wp-content\/uploads\/2022\/10\/04-scaled.jpg","datePublished":"2022-10-25T15:49:48+00:00","dateModified":"2022-10-26T11:02:07+00:00","author":{"@id":"https:\/\/exaudi.org\/#\/schema\/person\/e1ab6ed07c01774724dd96f925f3a5f0"},"breadcrumb":{"@id":"https:\/\/exaudi.org\/it\/il-grido-della-pace-religioni-e-culture-in-dialogo-2\/#breadcrumb"},"inLanguage":"it-IT","potentialAction":[{"@type":"ReadAction","target":["https:\/\/exaudi.org\/it\/il-grido-della-pace-religioni-e-culture-in-dialogo-2\/"]}]},{"@type":"ImageObject","inLanguage":"it-IT","@id":"https:\/\/exaudi.org\/it\/il-grido-della-pace-religioni-e-culture-in-dialogo-2\/#primaryimage","url":"https:\/\/exaudi.org\/wp-content\/uploads\/2022\/10\/04-scaled.jpg","contentUrl":"https:\/\/exaudi.org\/wp-content\/uploads\/2022\/10\/04-scaled.jpg","width":2560,"height":1707,"caption":"(C) Vatican Media"},{"@type":"BreadcrumbList","@id":"https:\/\/exaudi.org\/it\/il-grido-della-pace-religioni-e-culture-in-dialogo-2\/#breadcrumb","itemListElement":[{"@type":"ListItem","position":1,"name":"Portada","item":"https:\/\/exaudi.org\/it\/"},{"@type":"ListItem","position":2,"name":"\u201cIl grido della Pace. Religioni e Culture in dialogo\u201d"}]},{"@type":"WebSite","@id":"https:\/\/exaudi.org\/#website","url":"https:\/\/exaudi.org\/","name":"Exaudi","description":"News","potentialAction":[{"@type":"SearchAction","target":{"@type":"EntryPoint","urlTemplate":"https:\/\/exaudi.org\/?s={search_term_string}"},"query-input":{"@type":"PropertyValueSpecification","valueRequired":true,"valueName":"search_term_string"}}],"inLanguage":"it-IT"},{"@type":"Person","@id":"https:\/\/exaudi.org\/#\/schema\/person\/e1ab6ed07c01774724dd96f925f3a5f0","name":"Exaudi Redazione","image":{"@type":"ImageObject","inLanguage":"it-IT","@id":"https:\/\/secure.gravatar.com\/avatar\/ad6774b3ada023bf5b939d64f45c94b3adf91502dd883507d469b4308a943bb3?s=96&d=mm&r=g","url":"https:\/\/secure.gravatar.com\/avatar\/ad6774b3ada023bf5b939d64f45c94b3adf91502dd883507d469b4308a943bb3?s=96&d=mm&r=g","contentUrl":"https:\/\/secure.gravatar.com\/avatar\/ad6774b3ada023bf5b939d64f45c94b3adf91502dd883507d469b4308a943bb3?s=96&d=mm&r=g","caption":"Exaudi Redazione"},"description":"Che cosa \u00e8 Exaudi News? Exaudi News \u00e8 un agenzia cattolica internazionale che informa, istruisce e trasforma quotidianamente in spagnolo, inglese e italiano. Attraverso notizie, articoli di analisi e trasmissioni in diretta degli eventi del Papa, Exaudi cerca di rafforzare l'unit\u00e0 dei cristiani e di contribuire all'evangelizzazione del mondo, sempre guidato dalla dottrina sociale della Chiesa. Lavoriamo per portare la verit\u00e0 e i valori cristiani in ogni angolo del pianeta. Aiutaci a trasformare il mondo con Exaudi! Noi di Exaudi crediamo che l'evangelizzazione e l'informazione di qualit\u00e0 possano cambiare la vita. Per continuare la nostra missione ed espandere la nostra portata, abbiamo bisogno del tuo aiuto. Stiamo anche cercando persone motivate che vogliano unirsi al nostro team. Grazie al vostro sostegno raggiungeremo pi\u00f9 persone, diffonderemo il messaggio di Cristo e rafforzeremo l'unit\u00e0 dei cristiani. Vuoi unirti alla nostra missione? Per maggiori informazioni su come contribuire, visita Exaudi.org\/it o contattaci direttamente: info@exaudi.org Exaudi: informa, forma e trasforma.","sameAs":["https:\/\/www.facebook.com\/ExaudiNotizie\/","https:\/\/www.instagram.com\/Exaudi_notizie\/","https:\/\/x.com\/Exaudi_Notizie","https:\/\/www.youtube.com\/@exaudicatholicnews"],"url":"https:\/\/exaudi.org\/it\/author\/dlvedi-org\/"}]}},"jetpack_featured_media_url":"https:\/\/exaudi.org\/wp-content\/uploads\/2022\/10\/04-scaled.jpg","jetpack_shortlink":"https:\/\/wp.me\/pgKjF2-gLS","_links":{"self":[{"href":"https:\/\/exaudi.org\/it\/wp-json\/wp\/v2\/posts\/64472","targetHints":{"allow":["GET"]}}],"collection":[{"href":"https:\/\/exaudi.org\/it\/wp-json\/wp\/v2\/posts"}],"about":[{"href":"https:\/\/exaudi.org\/it\/wp-json\/wp\/v2\/types\/post"}],"author":[{"embeddable":true,"href":"https:\/\/exaudi.org\/it\/wp-json\/wp\/v2\/users\/17"}],"replies":[{"embeddable":true,"href":"https:\/\/exaudi.org\/it\/wp-json\/wp\/v2\/comments?post=64472"}],"version-history":[{"count":0,"href":"https:\/\/exaudi.org\/it\/wp-json\/wp\/v2\/posts\/64472\/revisions"}],"wp:featuredmedia":[{"embeddable":true,"href":"https:\/\/exaudi.org\/it\/wp-json\/wp\/v2\/media\/64521"}],"wp:attachment":[{"href":"https:\/\/exaudi.org\/it\/wp-json\/wp\/v2\/media?parent=64472"}],"wp:term":[{"taxonomy":"category","embeddable":true,"href":"https:\/\/exaudi.org\/it\/wp-json\/wp\/v2\/categories?post=64472"},{"taxonomy":"post_tag","embeddable":true,"href":"https:\/\/exaudi.org\/it\/wp-json\/wp\/v2\/tags?post=64472"}],"curies":[{"name":"wp","href":"https:\/\/api.w.org\/{rel}","templated":true}]}}