{"id":64168,"date":"2022-10-19T19:08:44","date_gmt":"2022-10-19T17:08:44","guid":{"rendered":"https:\/\/exaudi.org\/?p=64168"},"modified":"2022-10-19T19:09:38","modified_gmt":"2022-10-19T17:09:38","slug":"il-centro-heschel-ha-iniziato-la-sua-attivita-presso-luniversita-cattolica-di-lublino","status":"publish","type":"post","link":"https:\/\/exaudi.org\/it\/il-centro-heschel-ha-iniziato-la-sua-attivita-presso-luniversita-cattolica-di-lublino\/","title":{"rendered":"Il Centro Heschel ha iniziato la sua attivit\u00e0 presso l&#8217;Universit\u00e0 Cattolica di Lublino"},"content":{"rendered":"<p>Il Centro per le Relazioni Cattolico-Ebraiche Abraham J. Heschel \u2013 una nuova unit\u00e0 scientifica, educativa e culturale, che intende approfondire le relazioni cattolico-ebraiche nella dimensione internazionale \u2013 ha iniziato luned\u00ec la sua attivit\u00e0 presso l&#8217;Universit\u00e0 Cattolica di Lublino. Ricerca scientifica, attivit\u00e0 editoriali, scambio di studenti, ma anche simposi internazionali, conferenze, dibattiti ed eventi culturali sono i compiti pi\u00f9 importanti di questa istituzione.<\/p>\n<p>&#8220;L&#8217;inaugurazione del Centro per le Relazioni Cattolico-Ebraiche Abraham J. Heschel dell\u2019Universit\u00e0 Cattolica di Lublino (KUL) \u00e8 un evento storico e sono convinto non solo per la nostra universit\u00e0&#8221; \u2013 ha dichiarato il Rev. Prof. Miros\u0142aw Kalinowski, Rettore della KUL. &#8220;I pilastri su cui si basano le attivit\u00e0 del Centro possono essere riassunti nello slogan: Bibbia condivisa \u2013 Passato condiviso \u2013 Futuro condiviso. Si riferisce alle comuni radici bibliche, alla storia comune di entrambe le comunit\u00e0, nonch\u00e9 alla necessit\u00e0 di plasmare un futuro basato sul dialogo e sull&#8217;apertura al multiculturalismo&#8221; \u2013 ha affermato il Rettore della KUL.<\/p>\n<figure id=\"attachment_64166\" aria-describedby=\"caption-attachment-64166\" style=\"width: 300px\" class=\"wp-caption alignleft\"><img loading=\"lazy\" decoding=\"async\" class=\"size-medium wp-image-64166\" src=\"https:\/\/exaudi.org\/wp-content\/uploads\/2022\/10\/Rector-of-the-Catholic-University-of-Lublin-Rev.-Prof.-Miroslaw-Kalinowski-PhotoCredit2_KUL_Catholic-University-of-Lublin-300x200.jpg\" alt=\"Catholic University of Lublin\" width=\"300\" height=\"200\" srcset=\"https:\/\/exaudi.org\/wp-content\/uploads\/2022\/10\/Rector-of-the-Catholic-University-of-Lublin-Rev.-Prof.-Miroslaw-Kalinowski-PhotoCredit2_KUL_Catholic-University-of-Lublin-300x200.jpg 300w, https:\/\/exaudi.org\/wp-content\/uploads\/2022\/10\/Rector-of-the-Catholic-University-of-Lublin-Rev.-Prof.-Miroslaw-Kalinowski-PhotoCredit2_KUL_Catholic-University-of-Lublin-1024x683.jpg 1024w, https:\/\/exaudi.org\/wp-content\/uploads\/2022\/10\/Rector-of-the-Catholic-University-of-Lublin-Rev.-Prof.-Miroslaw-Kalinowski-PhotoCredit2_KUL_Catholic-University-of-Lublin-770x513.jpg 770w, https:\/\/exaudi.org\/wp-content\/uploads\/2022\/10\/Rector-of-the-Catholic-University-of-Lublin-Rev.-Prof.-Miroslaw-Kalinowski-PhotoCredit2_KUL_Catholic-University-of-Lublin-1536x1024.jpg 1536w, https:\/\/exaudi.org\/wp-content\/uploads\/2022\/10\/Rector-of-the-Catholic-University-of-Lublin-Rev.-Prof.-Miroslaw-Kalinowski-PhotoCredit2_KUL_Catholic-University-of-Lublin-360x240.jpg?crop=1 360w, https:\/\/exaudi.org\/wp-content\/uploads\/2022\/10\/Rector-of-the-Catholic-University-of-Lublin-Rev.-Prof.-Miroslaw-Kalinowski-PhotoCredit2_KUL_Catholic-University-of-Lublin-500x333.jpg 500w, https:\/\/exaudi.org\/wp-content\/uploads\/2022\/10\/Rector-of-the-Catholic-University-of-Lublin-Rev.-Prof.-Miroslaw-Kalinowski-PhotoCredit2_KUL_Catholic-University-of-Lublin-1155x770.jpg 1155w, https:\/\/exaudi.org\/wp-content\/uploads\/2022\/10\/Rector-of-the-Catholic-University-of-Lublin-Rev.-Prof.-Miroslaw-Kalinowski-PhotoCredit2_KUL_Catholic-University-of-Lublin-370x247.jpg 370w, https:\/\/exaudi.org\/wp-content\/uploads\/2022\/10\/Rector-of-the-Catholic-University-of-Lublin-Rev.-Prof.-Miroslaw-Kalinowski-PhotoCredit2_KUL_Catholic-University-of-Lublin-293x195.jpg 293w, https:\/\/exaudi.org\/wp-content\/uploads\/2022\/10\/Rector-of-the-Catholic-University-of-Lublin-Rev.-Prof.-Miroslaw-Kalinowski-PhotoCredit2_KUL_Catholic-University-of-Lublin-1400x933.jpg 1400w, https:\/\/exaudi.org\/wp-content\/uploads\/2022\/10\/Rector-of-the-Catholic-University-of-Lublin-Rev.-Prof.-Miroslaw-Kalinowski-PhotoCredit2_KUL_Catholic-University-of-Lublin-120x80.jpg 120w, https:\/\/exaudi.org\/wp-content\/uploads\/2022\/10\/Rector-of-the-Catholic-University-of-Lublin-Rev.-Prof.-Miroslaw-Kalinowski-PhotoCredit2_KUL_Catholic-University-of-Lublin-240x160.jpg 240w, https:\/\/exaudi.org\/wp-content\/uploads\/2022\/10\/Rector-of-the-Catholic-University-of-Lublin-Rev.-Prof.-Miroslaw-Kalinowski-PhotoCredit2_KUL_Catholic-University-of-Lublin-390x260.jpg 390w, https:\/\/exaudi.org\/wp-content\/uploads\/2022\/10\/Rector-of-the-Catholic-University-of-Lublin-Rev.-Prof.-Miroslaw-Kalinowski-PhotoCredit2_KUL_Catholic-University-of-Lublin.jpg 1920w\" sizes=\"auto, (max-width: 300px) 100vw, 300px\" \/><figcaption id=\"caption-attachment-64166\" class=\"wp-caption-text\">Catholic University of Lublin<\/figcaption><\/figure>\n<p>L&#8217;ambasciatore israeliano in Polonia, Yacov Livne ha scritto in una lettera speciale per la cerimonia: &#8220;Concentrandosi sulle attivit\u00e0 scientifiche e di ricerca, il Centro si apre alle questioni relative alla storia, alla cultura e al patrimonio degli ebrei, nonch\u00e9 alle relazioni polacco-ebraiche nel corso dei secoli, compresi i giorni nostri&#8221;.<\/p>\n<p>La prof.ssa Susannah Heschel, figlia del patrono del Centro, che conduce ricerche al Dartmouth College negli Stati Uniti, ha richiamato le idee pi\u00f9 importanti di suo padre, anche per quanto riguarda il dialogo ebraico-cristiano: &#8220;Quello che state facendo \u00e8 in linea con il messaggio di mio padre, di non essere indifferenti a s\u00e9 stessi&#8221; \u2013 ha asserito la prof.ssa Heschel.<\/p>\n<p>Agendo in favore del dialogo interreligioso, il rabbino Abraham Sk\u00f3rka, da molti anni amico di Papa Francesco, ha sottolineato che l&#8217;Universit\u00e0 Cattolica di Lublino, nel creare il Centro Heschel, ha dato una risposta positiva all&#8217;appello rivolto agli ebrei e ai cattolici di cambiare il corso della storia, aprendosi al dialogo che consenta un futuro pieno di comprensione reciproca, pace e cordialit\u00e0.<\/p>\n<figure id=\"attachment_64163\" aria-describedby=\"caption-attachment-64163\" style=\"width: 300px\" class=\"wp-caption alignright\"><img loading=\"lazy\" decoding=\"async\" class=\"size-medium wp-image-64163\" src=\"https:\/\/exaudi.org\/wp-content\/uploads\/2022\/10\/Professor-Susannah-Heschel-PhotoCredit4_KUL_Catholic-University-of-Lublin-300x200.jpg\" alt=\"Catholic University of Lublin\" width=\"300\" height=\"200\" srcset=\"https:\/\/exaudi.org\/wp-content\/uploads\/2022\/10\/Professor-Susannah-Heschel-PhotoCredit4_KUL_Catholic-University-of-Lublin-300x200.jpg 300w, https:\/\/exaudi.org\/wp-content\/uploads\/2022\/10\/Professor-Susannah-Heschel-PhotoCredit4_KUL_Catholic-University-of-Lublin-1024x683.jpg 1024w, https:\/\/exaudi.org\/wp-content\/uploads\/2022\/10\/Professor-Susannah-Heschel-PhotoCredit4_KUL_Catholic-University-of-Lublin-770x513.jpg 770w, https:\/\/exaudi.org\/wp-content\/uploads\/2022\/10\/Professor-Susannah-Heschel-PhotoCredit4_KUL_Catholic-University-of-Lublin-1536x1024.jpg 1536w, https:\/\/exaudi.org\/wp-content\/uploads\/2022\/10\/Professor-Susannah-Heschel-PhotoCredit4_KUL_Catholic-University-of-Lublin-360x240.jpg?crop=1 360w, https:\/\/exaudi.org\/wp-content\/uploads\/2022\/10\/Professor-Susannah-Heschel-PhotoCredit4_KUL_Catholic-University-of-Lublin-500x333.jpg 500w, https:\/\/exaudi.org\/wp-content\/uploads\/2022\/10\/Professor-Susannah-Heschel-PhotoCredit4_KUL_Catholic-University-of-Lublin-1155x770.jpg 1155w, https:\/\/exaudi.org\/wp-content\/uploads\/2022\/10\/Professor-Susannah-Heschel-PhotoCredit4_KUL_Catholic-University-of-Lublin-370x247.jpg 370w, https:\/\/exaudi.org\/wp-content\/uploads\/2022\/10\/Professor-Susannah-Heschel-PhotoCredit4_KUL_Catholic-University-of-Lublin-293x195.jpg 293w, https:\/\/exaudi.org\/wp-content\/uploads\/2022\/10\/Professor-Susannah-Heschel-PhotoCredit4_KUL_Catholic-University-of-Lublin-1400x933.jpg 1400w, https:\/\/exaudi.org\/wp-content\/uploads\/2022\/10\/Professor-Susannah-Heschel-PhotoCredit4_KUL_Catholic-University-of-Lublin-120x80.jpg 120w, https:\/\/exaudi.org\/wp-content\/uploads\/2022\/10\/Professor-Susannah-Heschel-PhotoCredit4_KUL_Catholic-University-of-Lublin-240x160.jpg 240w, https:\/\/exaudi.org\/wp-content\/uploads\/2022\/10\/Professor-Susannah-Heschel-PhotoCredit4_KUL_Catholic-University-of-Lublin-390x260.jpg 390w, https:\/\/exaudi.org\/wp-content\/uploads\/2022\/10\/Professor-Susannah-Heschel-PhotoCredit4_KUL_Catholic-University-of-Lublin.jpg 1920w\" sizes=\"auto, (max-width: 300px) 100vw, 300px\" \/><figcaption id=\"caption-attachment-64163\" class=\"wp-caption-text\">Catholic University of Lublin<\/figcaption><\/figure>\n<p>Mons. Pierbattista Pizzaballa, Patriarca latino di Gerusalemme, ha ricordato che la storia dei rapporti cristiano-ebraici \u00e8 stata difficile, per questo il dialogo tra le religioni fraterne \u00e8 cos\u00ec prezioso. &#8211; &#8220;Il dialogo cristiano-ebraico \u00e8 il primo e pi\u00f9 importante tipo di dialogo, perch\u00e9 \u00e8 un dialogo con le nostre radici. Non possiamo avere accesso agli insegnamenti di Ges\u00f9 Cristo se non siamo consapevoli delle sue radici ebraiche&#8221; \u2013 ha affermato l&#8217;Arcivescovo.<\/p>\n<p>Mons. Stanis\u0142aw G\u0105decki, Presidente della Conferenza Episcopale Polacca, ha sottolineato a sua volta che il Centro Heschel dell&#8217;Universit\u00e0 Cattolica di Lublino \u00e8 l&#8217;attuazione della dichiarazione conciliare &#8220;Nostra aetate&#8221; e dell&#8217;insegnamento della Chiesa espresso dai Papi successivi. Ha anche ricordato il ruolo di Patrono dell&#8217;Universit\u00e0 Cattolica di Lublino di Papa Giovanni Paolo II, un modello da seguire nel dialogo cattolico-ebraico. &#8220;E&#8217; stato il primo Papa a pregare per la pace insieme ad un rabbino, il primo Papa ad entrare in una sinagoga e a visitare il campo di concentramento nazista tedesco di Auschwitz-Birkenau. Giovanni Paolo II \u00e8 stato il primo Papa che ha pregato al Muro del Pianto, chiedendo a Dio perdono e fratellanza reciproci&#8221;.<\/p>\n<figure id=\"attachment_64157\" aria-describedby=\"caption-attachment-64157\" style=\"width: 300px\" class=\"wp-caption alignleft\"><img loading=\"lazy\" decoding=\"async\" class=\"size-medium wp-image-64157\" src=\"https:\/\/exaudi.org\/wp-content\/uploads\/2022\/10\/Archbishop-Pierbattista-Pizzaballa-PhotoCredit3_KUL_Catholic-University-of-Lublin-300x200.jpg\" alt=\"Catholic University of Lublin\" width=\"300\" height=\"200\" srcset=\"https:\/\/exaudi.org\/wp-content\/uploads\/2022\/10\/Archbishop-Pierbattista-Pizzaballa-PhotoCredit3_KUL_Catholic-University-of-Lublin-300x200.jpg 300w, https:\/\/exaudi.org\/wp-content\/uploads\/2022\/10\/Archbishop-Pierbattista-Pizzaballa-PhotoCredit3_KUL_Catholic-University-of-Lublin-1024x683.jpg 1024w, https:\/\/exaudi.org\/wp-content\/uploads\/2022\/10\/Archbishop-Pierbattista-Pizzaballa-PhotoCredit3_KUL_Catholic-University-of-Lublin-770x513.jpg 770w, https:\/\/exaudi.org\/wp-content\/uploads\/2022\/10\/Archbishop-Pierbattista-Pizzaballa-PhotoCredit3_KUL_Catholic-University-of-Lublin-1536x1024.jpg 1536w, https:\/\/exaudi.org\/wp-content\/uploads\/2022\/10\/Archbishop-Pierbattista-Pizzaballa-PhotoCredit3_KUL_Catholic-University-of-Lublin-360x240.jpg?crop=1 360w, https:\/\/exaudi.org\/wp-content\/uploads\/2022\/10\/Archbishop-Pierbattista-Pizzaballa-PhotoCredit3_KUL_Catholic-University-of-Lublin-500x333.jpg 500w, https:\/\/exaudi.org\/wp-content\/uploads\/2022\/10\/Archbishop-Pierbattista-Pizzaballa-PhotoCredit3_KUL_Catholic-University-of-Lublin-1155x770.jpg 1155w, https:\/\/exaudi.org\/wp-content\/uploads\/2022\/10\/Archbishop-Pierbattista-Pizzaballa-PhotoCredit3_KUL_Catholic-University-of-Lublin-370x247.jpg 370w, https:\/\/exaudi.org\/wp-content\/uploads\/2022\/10\/Archbishop-Pierbattista-Pizzaballa-PhotoCredit3_KUL_Catholic-University-of-Lublin-293x195.jpg 293w, https:\/\/exaudi.org\/wp-content\/uploads\/2022\/10\/Archbishop-Pierbattista-Pizzaballa-PhotoCredit3_KUL_Catholic-University-of-Lublin-1400x933.jpg 1400w, https:\/\/exaudi.org\/wp-content\/uploads\/2022\/10\/Archbishop-Pierbattista-Pizzaballa-PhotoCredit3_KUL_Catholic-University-of-Lublin-120x80.jpg 120w, https:\/\/exaudi.org\/wp-content\/uploads\/2022\/10\/Archbishop-Pierbattista-Pizzaballa-PhotoCredit3_KUL_Catholic-University-of-Lublin-240x160.jpg 240w, https:\/\/exaudi.org\/wp-content\/uploads\/2022\/10\/Archbishop-Pierbattista-Pizzaballa-PhotoCredit3_KUL_Catholic-University-of-Lublin-390x260.jpg 390w, https:\/\/exaudi.org\/wp-content\/uploads\/2022\/10\/Archbishop-Pierbattista-Pizzaballa-PhotoCredit3_KUL_Catholic-University-of-Lublin.jpg 1920w\" sizes=\"auto, (max-width: 300px) 100vw, 300px\" \/><figcaption id=\"caption-attachment-64157\" class=\"wp-caption-text\">Catholic University of Lublin<\/figcaption><\/figure>\n<p>Nel corso della cerimonia, che si \u00e8 conclusa con la presentazione del Consiglio di Amministrazione del Centro per le Relazioni Cattolico-Ebraiche Abraham J. Heschel della KUL, si \u00e8 esibito il cantore Symcha Keller ed \u00e8 stato presentato il Comitato d&#8217;Onore e del Consiglio Scientifico del Centro della nuova istituzione. Fanno parte del Consiglio Scientifico e del Comitato Onorario della neo costituita istituzione, tra gli altri, il rabbino prof. Abraham Sk\u00f3rka dell&#8217;Argentina; il Rabbino David Rosen, Direttore dei Contatti Interreligiosi dell&#8217;American Jewish Committee; il Rabbino Lawrence H. Schiffman, professore della New York University; il prof. Judith Olszowy-Schlanger, docente di Studi Ebraici ed Giudaici dell&#8217;Universit\u00e0 di Oxford; il prof. E. Rhodes, docente di Studi del Nuovo Testamento e Leona B. Carpenter; la prof.ssa Amy-Jill Levine della Vanderbilt University Divinity School di Nashville; la prof.ssa Glenda Abramson dell&#8217;Universit\u00e0 di Oxford, l&#8217;Arcivescovo Pierbattista Pizzaballa, Patriarca latino di Gerusalemme, il Prof. S\u0142awomir \u017burek, Direttore del Centro Internazionale di Studi sulla Storia e l&#8217;Eredit\u00e0 Culturale degli ebrei dell&#8217;Europa Centro-Orientale e il prof. Yagil Limore della Bar Ilan University di Tel Aviv.<\/p>\n<p>Il Centro per le Relazioni Cattolico-Ebraiche Abraham J. Heschel \u00e8 un&#8217;unit\u00e0 scientifica ed educativa la cui missione \u00e8 la realizzazione di relazioni cattolico-ebraiche a livello di scienza, educazione e cultura nella dimensione internazionale. Il centro combina la ricerca scientifica, la commemorazione del passato, l&#8217;educazione e il coinvolgimento dei giovani, oltre a plasmare la coscienza sociale attraverso i media moderni su scala globale.<\/p>\n","protected":false},"excerpt":{"rendered":"<p>L&#8217;inaugurazione del Centro Abraham J. Heschel per le relazioni ebraico-cattoliche<\/p>\n","protected":false},"author":17,"featured_media":64160,"comment_status":"closed","ping_status":"closed","sticky":false,"template":"","format":"standard","meta":{"_acf_changed":false,"_crdt_document":"","inline_featured_image":false,"footnotes":""},"categories":[73],"tags":[7101,4952,7304],"class_list":["post-64168","post","type-post","status-publish","format-standard","has-post-thumbnail","hentry","category-chiesa-e-mondo","tag-centro-heschel-2","tag-trending-it","tag-universita-cattolica-di-lublino"],"acf":[],"yoast_head":"<!-- This site is optimized with the Yoast SEO plugin v27.4 - https:\/\/yoast.com\/product\/yoast-seo-wordpress\/ -->\n<title>Il Centro Heschel ha iniziato la sua attivit\u00e0 presso l&#039;Universit\u00e0 Cattolica di Lublino &#8211; Exaudi<\/title>\n<meta name=\"robots\" content=\"index, follow, max-snippet:-1, max-image-preview:large, max-video-preview:-1\" \/>\n<link rel=\"canonical\" href=\"https:\/\/exaudi.org\/it\/il-centro-heschel-ha-iniziato-la-sua-attivita-presso-luniversita-cattolica-di-lublino\/\" \/>\n<meta property=\"og:locale\" content=\"it_IT\" \/>\n<meta property=\"og:type\" content=\"article\" \/>\n<meta property=\"og:title\" content=\"Il Centro Heschel ha iniziato la sua attivit\u00e0 presso l&#039;Universit\u00e0 Cattolica di Lublino &#8211; Exaudi\" \/>\n<meta property=\"og:description\" content=\"L&#039;inaugurazione del Centro Abraham J. Heschel per le relazioni ebraico-cattoliche\" \/>\n<meta property=\"og:url\" content=\"https:\/\/exaudi.org\/it\/il-centro-heschel-ha-iniziato-la-sua-attivita-presso-luniversita-cattolica-di-lublino\/\" \/>\n<meta property=\"og:site_name\" content=\"Exaudi\" \/>\n<meta property=\"article:publisher\" content=\"https:\/\/www.facebook.com\/ExaudiNews\" \/>\n<meta property=\"article:author\" content=\"https:\/\/www.facebook.com\/ExaudiNotizie\/\" \/>\n<meta property=\"article:published_time\" content=\"2022-10-19T17:08:44+00:00\" \/>\n<meta property=\"article:modified_time\" content=\"2022-10-19T17:09:38+00:00\" \/>\n<meta property=\"og:image\" content=\"https:\/\/exaudi.org\/wp-content\/uploads\/2022\/10\/PhotoCredit1_Catholic-University-of-Lublin-1024x683.jpg\" \/>\n\t<meta property=\"og:image:width\" content=\"1024\" \/>\n\t<meta property=\"og:image:height\" content=\"683\" \/>\n\t<meta property=\"og:image:type\" content=\"image\/jpeg\" \/>\n<meta name=\"author\" content=\"Exaudi Redazione\" \/>\n<meta name=\"twitter:card\" content=\"summary_large_image\" \/>\n<meta name=\"twitter:creator\" content=\"@Exaudi_Notizie\" \/>\n<meta name=\"twitter:site\" content=\"@Exaudi_News\" \/>\n<meta name=\"twitter:label1\" content=\"Scritto da\" \/>\n\t<meta name=\"twitter:data1\" content=\"Exaudi Redazione\" \/>\n\t<meta name=\"twitter:label2\" content=\"Tempo di lettura stimato\" \/>\n\t<meta name=\"twitter:data2\" content=\"4 minuti\" \/>\n<script type=\"application\/ld+json\" class=\"yoast-schema-graph\">{\"@context\":\"https:\\\/\\\/schema.org\",\"@graph\":[{\"@type\":\"Article\",\"@id\":\"https:\\\/\\\/exaudi.org\\\/it\\\/il-centro-heschel-ha-iniziato-la-sua-attivita-presso-luniversita-cattolica-di-lublino\\\/#article\",\"isPartOf\":{\"@id\":\"https:\\\/\\\/exaudi.org\\\/it\\\/il-centro-heschel-ha-iniziato-la-sua-attivita-presso-luniversita-cattolica-di-lublino\\\/\"},\"author\":{\"name\":\"Exaudi Redazione\",\"@id\":\"https:\\\/\\\/exaudi.org\\\/#\\\/schema\\\/person\\\/e1ab6ed07c01774724dd96f925f3a5f0\"},\"headline\":\"Il Centro Heschel ha iniziato la sua attivit\u00e0 presso l&#8217;Universit\u00e0 Cattolica di Lublino\",\"datePublished\":\"2022-10-19T17:08:44+00:00\",\"dateModified\":\"2022-10-19T17:09:38+00:00\",\"mainEntityOfPage\":{\"@id\":\"https:\\\/\\\/exaudi.org\\\/it\\\/il-centro-heschel-ha-iniziato-la-sua-attivita-presso-luniversita-cattolica-di-lublino\\\/\"},\"wordCount\":809,\"image\":{\"@id\":\"https:\\\/\\\/exaudi.org\\\/it\\\/il-centro-heschel-ha-iniziato-la-sua-attivita-presso-luniversita-cattolica-di-lublino\\\/#primaryimage\"},\"thumbnailUrl\":\"https:\\\/\\\/exaudi.org\\\/wp-content\\\/uploads\\\/2022\\\/10\\\/PhotoCredit1_Catholic-University-of-Lublin.jpg\",\"keywords\":[\"Centro Heschel\",\"Trending\",\"Universit\u00e0 Cattolica di Lublino\"],\"articleSection\":[\"Chiesa e Mondo\"],\"inLanguage\":\"it-IT\"},{\"@type\":\"WebPage\",\"@id\":\"https:\\\/\\\/exaudi.org\\\/it\\\/il-centro-heschel-ha-iniziato-la-sua-attivita-presso-luniversita-cattolica-di-lublino\\\/\",\"url\":\"https:\\\/\\\/exaudi.org\\\/it\\\/il-centro-heschel-ha-iniziato-la-sua-attivita-presso-luniversita-cattolica-di-lublino\\\/\",\"name\":\"Il Centro Heschel ha iniziato la sua attivit\u00e0 presso l'Universit\u00e0 Cattolica di Lublino &#8211; Exaudi\",\"isPartOf\":{\"@id\":\"https:\\\/\\\/exaudi.org\\\/#website\"},\"primaryImageOfPage\":{\"@id\":\"https:\\\/\\\/exaudi.org\\\/it\\\/il-centro-heschel-ha-iniziato-la-sua-attivita-presso-luniversita-cattolica-di-lublino\\\/#primaryimage\"},\"image\":{\"@id\":\"https:\\\/\\\/exaudi.org\\\/it\\\/il-centro-heschel-ha-iniziato-la-sua-attivita-presso-luniversita-cattolica-di-lublino\\\/#primaryimage\"},\"thumbnailUrl\":\"https:\\\/\\\/exaudi.org\\\/wp-content\\\/uploads\\\/2022\\\/10\\\/PhotoCredit1_Catholic-University-of-Lublin.jpg\",\"datePublished\":\"2022-10-19T17:08:44+00:00\",\"dateModified\":\"2022-10-19T17:09:38+00:00\",\"author\":{\"@id\":\"https:\\\/\\\/exaudi.org\\\/#\\\/schema\\\/person\\\/e1ab6ed07c01774724dd96f925f3a5f0\"},\"breadcrumb\":{\"@id\":\"https:\\\/\\\/exaudi.org\\\/it\\\/il-centro-heschel-ha-iniziato-la-sua-attivita-presso-luniversita-cattolica-di-lublino\\\/#breadcrumb\"},\"inLanguage\":\"it-IT\",\"potentialAction\":[{\"@type\":\"ReadAction\",\"target\":[\"https:\\\/\\\/exaudi.org\\\/it\\\/il-centro-heschel-ha-iniziato-la-sua-attivita-presso-luniversita-cattolica-di-lublino\\\/\"]}]},{\"@type\":\"ImageObject\",\"inLanguage\":\"it-IT\",\"@id\":\"https:\\\/\\\/exaudi.org\\\/it\\\/il-centro-heschel-ha-iniziato-la-sua-attivita-presso-luniversita-cattolica-di-lublino\\\/#primaryimage\",\"url\":\"https:\\\/\\\/exaudi.org\\\/wp-content\\\/uploads\\\/2022\\\/10\\\/PhotoCredit1_Catholic-University-of-Lublin.jpg\",\"contentUrl\":\"https:\\\/\\\/exaudi.org\\\/wp-content\\\/uploads\\\/2022\\\/10\\\/PhotoCredit1_Catholic-University-of-Lublin.jpg\",\"width\":1920,\"height\":1280,\"caption\":\"Catholic University of Lublin\"},{\"@type\":\"BreadcrumbList\",\"@id\":\"https:\\\/\\\/exaudi.org\\\/it\\\/il-centro-heschel-ha-iniziato-la-sua-attivita-presso-luniversita-cattolica-di-lublino\\\/#breadcrumb\",\"itemListElement\":[{\"@type\":\"ListItem\",\"position\":1,\"name\":\"Portada\",\"item\":\"https:\\\/\\\/exaudi.org\\\/it\\\/\"},{\"@type\":\"ListItem\",\"position\":2,\"name\":\"Il Centro Heschel ha iniziato la sua attivit\u00e0 presso l&#8217;Universit\u00e0 Cattolica di Lublino\"}]},{\"@type\":\"WebSite\",\"@id\":\"https:\\\/\\\/exaudi.org\\\/#website\",\"url\":\"https:\\\/\\\/exaudi.org\\\/\",\"name\":\"Exaudi\",\"description\":\"News\",\"potentialAction\":[{\"@type\":\"SearchAction\",\"target\":{\"@type\":\"EntryPoint\",\"urlTemplate\":\"https:\\\/\\\/exaudi.org\\\/?s={search_term_string}\"},\"query-input\":{\"@type\":\"PropertyValueSpecification\",\"valueRequired\":true,\"valueName\":\"search_term_string\"}}],\"inLanguage\":\"it-IT\"},{\"@type\":\"Person\",\"@id\":\"https:\\\/\\\/exaudi.org\\\/#\\\/schema\\\/person\\\/e1ab6ed07c01774724dd96f925f3a5f0\",\"name\":\"Exaudi Redazione\",\"image\":{\"@type\":\"ImageObject\",\"inLanguage\":\"it-IT\",\"@id\":\"https:\\\/\\\/secure.gravatar.com\\\/avatar\\\/ad6774b3ada023bf5b939d64f45c94b3adf91502dd883507d469b4308a943bb3?s=96&d=mm&r=g\",\"url\":\"https:\\\/\\\/secure.gravatar.com\\\/avatar\\\/ad6774b3ada023bf5b939d64f45c94b3adf91502dd883507d469b4308a943bb3?s=96&d=mm&r=g\",\"contentUrl\":\"https:\\\/\\\/secure.gravatar.com\\\/avatar\\\/ad6774b3ada023bf5b939d64f45c94b3adf91502dd883507d469b4308a943bb3?s=96&d=mm&r=g\",\"caption\":\"Exaudi Redazione\"},\"description\":\"Che cosa \u00e8 Exaudi News? Exaudi News \u00e8 un agenzia cattolica internazionale che informa, istruisce e trasforma quotidianamente in spagnolo, inglese e italiano. Attraverso notizie, articoli di analisi e trasmissioni in diretta degli eventi del Papa, Exaudi cerca di rafforzare l'unit\u00e0 dei cristiani e di contribuire all'evangelizzazione del mondo, sempre guidato dalla dottrina sociale della Chiesa. Lavoriamo per portare la verit\u00e0 e i valori cristiani in ogni angolo del pianeta. Aiutaci a trasformare il mondo con Exaudi! Noi di Exaudi crediamo che l'evangelizzazione e l'informazione di qualit\u00e0 possano cambiare la vita. Per continuare la nostra missione ed espandere la nostra portata, abbiamo bisogno del tuo aiuto. Stiamo anche cercando persone motivate che vogliano unirsi al nostro team. Grazie al vostro sostegno raggiungeremo pi\u00f9 persone, diffonderemo il messaggio di Cristo e rafforzeremo l'unit\u00e0 dei cristiani. Vuoi unirti alla nostra missione? Per maggiori informazioni su come contribuire, visita Exaudi.org\\\/it o contattaci direttamente: info@exaudi.org Exaudi: informa, forma e trasforma.\",\"sameAs\":[\"https:\\\/\\\/www.facebook.com\\\/ExaudiNotizie\\\/\",\"https:\\\/\\\/www.instagram.com\\\/Exaudi_notizie\\\/\",\"https:\\\/\\\/x.com\\\/Exaudi_Notizie\",\"https:\\\/\\\/www.youtube.com\\\/@exaudicatholicnews\"],\"url\":\"https:\\\/\\\/exaudi.org\\\/it\\\/author\\\/dlvedi-org\\\/\"}]}<\/script>\n<!-- \/ Yoast SEO plugin. -->","yoast_head_json":{"title":"Il Centro Heschel ha iniziato la sua attivit\u00e0 presso l'Universit\u00e0 Cattolica di Lublino &#8211; Exaudi","robots":{"index":"index","follow":"follow","max-snippet":"max-snippet:-1","max-image-preview":"max-image-preview:large","max-video-preview":"max-video-preview:-1"},"canonical":"https:\/\/exaudi.org\/it\/il-centro-heschel-ha-iniziato-la-sua-attivita-presso-luniversita-cattolica-di-lublino\/","og_locale":"it_IT","og_type":"article","og_title":"Il Centro Heschel ha iniziato la sua attivit\u00e0 presso l'Universit\u00e0 Cattolica di Lublino &#8211; Exaudi","og_description":"L'inaugurazione del Centro Abraham J. Heschel per le relazioni ebraico-cattoliche","og_url":"https:\/\/exaudi.org\/it\/il-centro-heschel-ha-iniziato-la-sua-attivita-presso-luniversita-cattolica-di-lublino\/","og_site_name":"Exaudi","article_publisher":"https:\/\/www.facebook.com\/ExaudiNews","article_author":"https:\/\/www.facebook.com\/ExaudiNotizie\/","article_published_time":"2022-10-19T17:08:44+00:00","article_modified_time":"2022-10-19T17:09:38+00:00","og_image":[{"width":1024,"height":683,"url":"https:\/\/exaudi.org\/wp-content\/uploads\/2022\/10\/PhotoCredit1_Catholic-University-of-Lublin-1024x683.jpg","type":"image\/jpeg"}],"author":"Exaudi Redazione","twitter_card":"summary_large_image","twitter_creator":"@Exaudi_Notizie","twitter_site":"@Exaudi_News","twitter_misc":{"Scritto da":"Exaudi Redazione","Tempo di lettura stimato":"4 minuti"},"schema":{"@context":"https:\/\/schema.org","@graph":[{"@type":"Article","@id":"https:\/\/exaudi.org\/it\/il-centro-heschel-ha-iniziato-la-sua-attivita-presso-luniversita-cattolica-di-lublino\/#article","isPartOf":{"@id":"https:\/\/exaudi.org\/it\/il-centro-heschel-ha-iniziato-la-sua-attivita-presso-luniversita-cattolica-di-lublino\/"},"author":{"name":"Exaudi Redazione","@id":"https:\/\/exaudi.org\/#\/schema\/person\/e1ab6ed07c01774724dd96f925f3a5f0"},"headline":"Il Centro Heschel ha iniziato la sua attivit\u00e0 presso l&#8217;Universit\u00e0 Cattolica di Lublino","datePublished":"2022-10-19T17:08:44+00:00","dateModified":"2022-10-19T17:09:38+00:00","mainEntityOfPage":{"@id":"https:\/\/exaudi.org\/it\/il-centro-heschel-ha-iniziato-la-sua-attivita-presso-luniversita-cattolica-di-lublino\/"},"wordCount":809,"image":{"@id":"https:\/\/exaudi.org\/it\/il-centro-heschel-ha-iniziato-la-sua-attivita-presso-luniversita-cattolica-di-lublino\/#primaryimage"},"thumbnailUrl":"https:\/\/exaudi.org\/wp-content\/uploads\/2022\/10\/PhotoCredit1_Catholic-University-of-Lublin.jpg","keywords":["Centro Heschel","Trending","Universit\u00e0 Cattolica di Lublino"],"articleSection":["Chiesa e Mondo"],"inLanguage":"it-IT"},{"@type":"WebPage","@id":"https:\/\/exaudi.org\/it\/il-centro-heschel-ha-iniziato-la-sua-attivita-presso-luniversita-cattolica-di-lublino\/","url":"https:\/\/exaudi.org\/it\/il-centro-heschel-ha-iniziato-la-sua-attivita-presso-luniversita-cattolica-di-lublino\/","name":"Il Centro Heschel ha iniziato la sua attivit\u00e0 presso l'Universit\u00e0 Cattolica di Lublino &#8211; Exaudi","isPartOf":{"@id":"https:\/\/exaudi.org\/#website"},"primaryImageOfPage":{"@id":"https:\/\/exaudi.org\/it\/il-centro-heschel-ha-iniziato-la-sua-attivita-presso-luniversita-cattolica-di-lublino\/#primaryimage"},"image":{"@id":"https:\/\/exaudi.org\/it\/il-centro-heschel-ha-iniziato-la-sua-attivita-presso-luniversita-cattolica-di-lublino\/#primaryimage"},"thumbnailUrl":"https:\/\/exaudi.org\/wp-content\/uploads\/2022\/10\/PhotoCredit1_Catholic-University-of-Lublin.jpg","datePublished":"2022-10-19T17:08:44+00:00","dateModified":"2022-10-19T17:09:38+00:00","author":{"@id":"https:\/\/exaudi.org\/#\/schema\/person\/e1ab6ed07c01774724dd96f925f3a5f0"},"breadcrumb":{"@id":"https:\/\/exaudi.org\/it\/il-centro-heschel-ha-iniziato-la-sua-attivita-presso-luniversita-cattolica-di-lublino\/#breadcrumb"},"inLanguage":"it-IT","potentialAction":[{"@type":"ReadAction","target":["https:\/\/exaudi.org\/it\/il-centro-heschel-ha-iniziato-la-sua-attivita-presso-luniversita-cattolica-di-lublino\/"]}]},{"@type":"ImageObject","inLanguage":"it-IT","@id":"https:\/\/exaudi.org\/it\/il-centro-heschel-ha-iniziato-la-sua-attivita-presso-luniversita-cattolica-di-lublino\/#primaryimage","url":"https:\/\/exaudi.org\/wp-content\/uploads\/2022\/10\/PhotoCredit1_Catholic-University-of-Lublin.jpg","contentUrl":"https:\/\/exaudi.org\/wp-content\/uploads\/2022\/10\/PhotoCredit1_Catholic-University-of-Lublin.jpg","width":1920,"height":1280,"caption":"Catholic University of Lublin"},{"@type":"BreadcrumbList","@id":"https:\/\/exaudi.org\/it\/il-centro-heschel-ha-iniziato-la-sua-attivita-presso-luniversita-cattolica-di-lublino\/#breadcrumb","itemListElement":[{"@type":"ListItem","position":1,"name":"Portada","item":"https:\/\/exaudi.org\/it\/"},{"@type":"ListItem","position":2,"name":"Il Centro Heschel ha iniziato la sua attivit\u00e0 presso l&#8217;Universit\u00e0 Cattolica di Lublino"}]},{"@type":"WebSite","@id":"https:\/\/exaudi.org\/#website","url":"https:\/\/exaudi.org\/","name":"Exaudi","description":"News","potentialAction":[{"@type":"SearchAction","target":{"@type":"EntryPoint","urlTemplate":"https:\/\/exaudi.org\/?s={search_term_string}"},"query-input":{"@type":"PropertyValueSpecification","valueRequired":true,"valueName":"search_term_string"}}],"inLanguage":"it-IT"},{"@type":"Person","@id":"https:\/\/exaudi.org\/#\/schema\/person\/e1ab6ed07c01774724dd96f925f3a5f0","name":"Exaudi Redazione","image":{"@type":"ImageObject","inLanguage":"it-IT","@id":"https:\/\/secure.gravatar.com\/avatar\/ad6774b3ada023bf5b939d64f45c94b3adf91502dd883507d469b4308a943bb3?s=96&d=mm&r=g","url":"https:\/\/secure.gravatar.com\/avatar\/ad6774b3ada023bf5b939d64f45c94b3adf91502dd883507d469b4308a943bb3?s=96&d=mm&r=g","contentUrl":"https:\/\/secure.gravatar.com\/avatar\/ad6774b3ada023bf5b939d64f45c94b3adf91502dd883507d469b4308a943bb3?s=96&d=mm&r=g","caption":"Exaudi Redazione"},"description":"Che cosa \u00e8 Exaudi News? Exaudi News \u00e8 un agenzia cattolica internazionale che informa, istruisce e trasforma quotidianamente in spagnolo, inglese e italiano. Attraverso notizie, articoli di analisi e trasmissioni in diretta degli eventi del Papa, Exaudi cerca di rafforzare l'unit\u00e0 dei cristiani e di contribuire all'evangelizzazione del mondo, sempre guidato dalla dottrina sociale della Chiesa. Lavoriamo per portare la verit\u00e0 e i valori cristiani in ogni angolo del pianeta. Aiutaci a trasformare il mondo con Exaudi! Noi di Exaudi crediamo che l'evangelizzazione e l'informazione di qualit\u00e0 possano cambiare la vita. Per continuare la nostra missione ed espandere la nostra portata, abbiamo bisogno del tuo aiuto. Stiamo anche cercando persone motivate che vogliano unirsi al nostro team. Grazie al vostro sostegno raggiungeremo pi\u00f9 persone, diffonderemo il messaggio di Cristo e rafforzeremo l'unit\u00e0 dei cristiani. Vuoi unirti alla nostra missione? Per maggiori informazioni su come contribuire, visita Exaudi.org\/it o contattaci direttamente: info@exaudi.org Exaudi: informa, forma e trasforma.","sameAs":["https:\/\/www.facebook.com\/ExaudiNotizie\/","https:\/\/www.instagram.com\/Exaudi_notizie\/","https:\/\/x.com\/Exaudi_Notizie","https:\/\/www.youtube.com\/@exaudicatholicnews"],"url":"https:\/\/exaudi.org\/it\/author\/dlvedi-org\/"}]}},"jetpack_featured_media_url":"https:\/\/exaudi.org\/wp-content\/uploads\/2022\/10\/PhotoCredit1_Catholic-University-of-Lublin.jpg","jetpack_shortlink":"https:\/\/wp.me\/pgKjF2-gGY","_links":{"self":[{"href":"https:\/\/exaudi.org\/it\/wp-json\/wp\/v2\/posts\/64168","targetHints":{"allow":["GET"]}}],"collection":[{"href":"https:\/\/exaudi.org\/it\/wp-json\/wp\/v2\/posts"}],"about":[{"href":"https:\/\/exaudi.org\/it\/wp-json\/wp\/v2\/types\/post"}],"author":[{"embeddable":true,"href":"https:\/\/exaudi.org\/it\/wp-json\/wp\/v2\/users\/17"}],"replies":[{"embeddable":true,"href":"https:\/\/exaudi.org\/it\/wp-json\/wp\/v2\/comments?post=64168"}],"version-history":[{"count":0,"href":"https:\/\/exaudi.org\/it\/wp-json\/wp\/v2\/posts\/64168\/revisions"}],"wp:featuredmedia":[{"embeddable":true,"href":"https:\/\/exaudi.org\/it\/wp-json\/wp\/v2\/media\/64160"}],"wp:attachment":[{"href":"https:\/\/exaudi.org\/it\/wp-json\/wp\/v2\/media?parent=64168"}],"wp:term":[{"taxonomy":"category","embeddable":true,"href":"https:\/\/exaudi.org\/it\/wp-json\/wp\/v2\/categories?post=64168"},{"taxonomy":"post_tag","embeddable":true,"href":"https:\/\/exaudi.org\/it\/wp-json\/wp\/v2\/tags?post=64168"}],"curies":[{"name":"wp","href":"https:\/\/api.w.org\/{rel}","templated":true}]}}