{"id":64067,"date":"2022-10-17T17:17:40","date_gmt":"2022-10-17T15:17:40","guid":{"rendered":"https:\/\/exaudi.org\/?p=64067"},"modified":"2022-10-17T17:47:41","modified_gmt":"2022-10-17T15:47:41","slug":"cristiani-e-induisti-promuoviamo-insieme-la-convivialita-e-la-corresponsabilita","status":"publish","type":"post","link":"https:\/\/exaudi.org\/it\/cristiani-e-induisti-promuoviamo-insieme-la-convivialita-e-la-corresponsabilita\/","title":{"rendered":"\u00abCristiani e induisti: promuoviamo insieme la convivialit\u00e0 e la corresponsabilit\u00e0\u00bb"},"content":{"rendered":"<p>Messaggio del Dicastero per il Dialogo Interreligioso agli Ind\u00f9 in occasione della festa di Deepavali 2022<\/p>\n<p>La festa di Diwali \u00e8 celebrata da tutti gli Ind\u00f9 ed \u00e8 conosciuta come Deepavali ossia \u201cfila di lampade ad olio\u201d. Simbolicamente fondata su un\u2019antica mitologia, essa rappresenta la vittoria dellaverit\u00e0 sulla menzogna, della luce sulle tenebre, della vita sulla morte, del bene sul male.<\/p>\n<p>La celebrazione vera e propria dura tre giorni segnando l\u2019inizio di un nuovo anno, la riconciliazione familiare, specialmente tra fratelli e sorelle, e l\u2019adorazione a Dio.<\/p>\n<p>Quest\u2019anno la festa sar\u00e0 celebrata da molti ind\u00f9 il 24 ottobre.\u00a0 Per l\u2019occasione il Dicastero per il Dialogo Interreligioso ha inviato loro un Messaggio dal tema: \u00abCristiani e induisti: promuoviamo insieme la convivialit\u00e0 e la corresponsabilit\u00e0 \u00bb.<\/p>\n<p><strong>Pubblichiamo di seguito il testo del Messaggio:<\/strong><\/p>\n<p style=\"text-align: center\"><strong><em>Cristiani e induisti:<\/em><\/strong><br \/>\n<strong><em>promuoviamo insieme la convivialit\u00e0 e la corresponsabilit\u00e0<\/em><\/strong><\/p>\n<p>Cari amici induisti,<\/p>\n<p>Il Dicastero per il Dialogo Interreligioso, finora conosciuto come Pontificio Consiglio per il Dialogo Interreligioso, vi porge i suoi gioiosi saluti e migliori auguri in occasione del Deepavali, che quest&#8217;anno ricorre il 24 ottobre. Questa festa delle luci possa darvi la grazia e la felicit\u00e0 di ravvivare non solo le vostre vite, ma quelle di ognuno nelle vostre famiglie e comunit\u00e0, e in senso pi\u00f9 ampio<br \/>\nnella societ\u00e0.<\/p>\n<p>Crescenti tensioni, conflitti e violenze in varie parti del mondo sulla base di identit\u00e0 e supremazie religiose, culturali, etniche, razziali e linguistiche \u2013 spesso alimentate da politiche competitive, populiste ed espansionistiche, ma anche da movimenti di maggioranza e di minoranza e da un uso sfacciato dei social media \u2013 sono causa di preoccupazione per tutti noi, perch\u00e9 colpiscono<br \/>\npesantemente la fraterna e pacifica coesistenza sociale. In questo contesto, \u00e8 vitale e centrale il bisogno di promuovere la convivialit\u00e0 e uno spirito di corresponsabilit\u00e0 tra le persone. Continuando la nostra cara tradizione, vogliamo condividere con voi in questa occasione qualche pensiero su come noi, cristiani e induisti, possiamo promuovere insieme la convivialit\u00e0 e la corresponsabilit\u00e0 per il bene di ciascuno e di tutti.<\/p>\n<p>La convivialit\u00e0 \u00e8 sia la qualit\u00e0 di essere amichevole e vivace sia la capacit\u00e0 di vivere in mezzo agli altri con le loro individualit\u00e0, diversit\u00e0 e differenze in uno spirito di rispetto, amore e fiducia. \u00c8 l\u2019atto e l\u2019arte di forgiare, da un lato, relazioni amichevoli e fraterne, sane e armoniose, tra gli esseri umani, e tra questi e la natura, dall\u2019altro. Essa si costruisce quotidianamente, attraverso incontri personali e dialogo, reciproco ascolto e comprensione, pazienza e perseveranza, con la convinzione che \u201cla vita sussiste dove c\u2019\u00e8 legame, comunione, fratellanza\u201d (Papa Francesco, Enciclica Fratelli Tutti \u2013 sulla fraternit\u00e0 e l\u2019amicizia sociale, 2020, n. 87).<\/p>\n<p><img loading=\"lazy\" decoding=\"async\" class=\"size-medium wp-image-64075 alignright\" src=\"https:\/\/exaudi.org\/wp-content\/uploads\/2022\/10\/8856023001_7b7dc99721_k-1024x353-1-300x103.jpg\" alt=\"\" width=\"300\" height=\"103\" srcset=\"https:\/\/exaudi.org\/wp-content\/uploads\/2022\/10\/8856023001_7b7dc99721_k-1024x353-1-300x103.jpg 300w, https:\/\/exaudi.org\/wp-content\/uploads\/2022\/10\/8856023001_7b7dc99721_k-1024x353-1-770x265.jpg 770w, https:\/\/exaudi.org\/wp-content\/uploads\/2022\/10\/8856023001_7b7dc99721_k-1024x353-1-500x172.jpg 500w, https:\/\/exaudi.org\/wp-content\/uploads\/2022\/10\/8856023001_7b7dc99721_k-1024x353-1-293x101.jpg 293w, https:\/\/exaudi.org\/wp-content\/uploads\/2022\/10\/8856023001_7b7dc99721_k-1024x353-1-390x134.jpg 390w, https:\/\/exaudi.org\/wp-content\/uploads\/2022\/10\/8856023001_7b7dc99721_k-1024x353-1.jpg 1024w\" sizes=\"auto, (max-width: 300px) 100vw, 300px\" \/>D\u2019altronde, la promozione della convivialit\u00e0 comporta da parte nostra l\u2019assunzione di responsabilit\u00e0 reciproca e per la creazione. Essa esige una disponibilit\u00e0 a camminare ed operare insieme con carit\u00e0, fraternit\u00e0 e senso di corresponsabilit\u00e0 per il bene comune. Oltre a contribuire noi per primi responsabilmente come possiamo al bene comune, \u00e8 necessario che rendiamo responsabili le persone che ci circondano nel realizzare la convivialit\u00e0 mediante il rispetto della dignit\u00e0 trascendentale di ogni persona umana e dei suoi legittimi diritti che ne scaturiscono, al fine di operare per il benessere sociale e lo sviluppo sostenibile di tutti, e impegnandosi a vivere in armonia con ciascuno e con la natura. Sulla strada verso la convivialit\u00e0, dobbiamo affrontare molte sfide a causa del prevalere dell\u2019indifferenza e dell\u2019individualismo dominanti nella nostra societ\u00e0 odierna, e, in quanto credenti, non dobbiamo cedere al pessimismo, ma invece essere uniti e agire come esempio per gli altri.<\/p>\n<p>Come le famiglie, con l\u2019esempio dei genitori e degli anziani, svolgono un ruolo chiave nell\u2019imprimere nei loro figli e nei pi\u00f9 giovani i nobili valori della convivialit\u00e0 e corresponsabilit\u00e0, anche la famiglia dei responsabili religiosi e dei gruppi di tutte le religioni attraverso il globo, le istituzioni educative, i mezzi di comunicazione, le organizzazioni governative e non governative, condividono ugualmente la responsabilit\u00e0 di coltivare i valori della convivialit\u00e0 e corresponsabilit\u00e0 con tutti i mezzi a loro disposizione. Il dialogo interreligioso, poi, che secondo papa Francesco \u00e8 \u201cun segno provvidenziale\u201d dei nostri tempi e \u201cuna via privilegiata per la crescita della fraternit\u00e0 e della pace nel mondo\u201d (Saluti ai Delegati dell\u2019International Jewish Committee on Interreligious<br \/>\nConsultations, 30 giugno 2022), costituisce senza dubbio uno strumento potente per ispirare e spingere persone di diverse tradizioni religiose a vivere questi valori in fraternit\u00e0, unit\u00e0 e solidariet\u00e0 per il bene comune.<\/p>\n<p>Come credenti e responsabili delle nostre comunit\u00e0 religiose siamo radicati nelle nostre rispettive credenze e convinzioni religiose, e condividiamo una comune preoccupazione e responsabilit\u00e0 per il benessere della famiglia umana e della terra, nostra casa comune. Come tali, possiamo noi, cristiani e induisti, unire i nostri sforzi con le persone di tutte le altre tradizioni religiose e con quelle di buona volont\u00e0, per promuovere, individualmente e collettivamente, lo spirito di<br \/>\nconvivialit\u00e0 e corresponsabilit\u00e0 per trasformare questo mondo in una dimora sicura per ognuno dove vivere gioiosamente in pace!<\/p>\n<p>Vi auguriamo un felice Deepavali!<\/p>\n<p style=\"text-align: center\">Cardinale Miguel \u00c1ngel Ayuso Guixot, MCCJ<br \/>\n<em>Prefetto<\/em><\/p>\n<p style=\"text-align: center\">Mons. Indunil Janakaratne Kodithuwakku Kankanamalage<br \/>\n<em>Segretario <\/em><\/p>\n","protected":false},"excerpt":{"rendered":"<p>Festa di Deepavali: &#8220;Questa festa delle luci possa darvi la grazia e la felicit\u00e0&#8221;<\/p>\n","protected":false},"author":17,"featured_media":38280,"comment_status":"closed","ping_status":"closed","sticky":false,"template":"","format":"standard","meta":{"_acf_changed":false,"_crdt_document":"","inline_featured_image":false,"footnotes":""},"categories":[73,117],"tags":[7288,7015,7290,4952],"class_list":["post-64067","post","type-post","status-publish","format-standard","has-post-thumbnail","hentry","category-chiesa-e-mondo","category-messaggi","tag-deepavali","tag-dicasteri","tag-festa-indu","tag-trending-it"],"acf":[],"yoast_head":"<!-- This site is optimized with the Yoast SEO plugin v27.5 - https:\/\/yoast.com\/product\/yoast-seo-wordpress\/ -->\n<title>\u00abCristiani e induisti: promuoviamo insieme la convivialit\u00e0 e la corresponsabilit\u00e0\u00bb &#8211; Exaudi<\/title>\n<meta name=\"robots\" content=\"index, follow, max-snippet:-1, max-image-preview:large, max-video-preview:-1\" \/>\n<link rel=\"canonical\" href=\"https:\/\/exaudi.org\/it\/cristiani-e-induisti-promuoviamo-insieme-la-convivialita-e-la-corresponsabilita\/\" \/>\n<meta property=\"og:locale\" content=\"it_IT\" \/>\n<meta property=\"og:type\" content=\"article\" \/>\n<meta property=\"og:title\" content=\"\u00abCristiani e induisti: promuoviamo insieme la convivialit\u00e0 e la corresponsabilit\u00e0\u00bb &#8211; Exaudi\" \/>\n<meta property=\"og:description\" content=\"Festa di Deepavali: &quot;Questa festa delle luci possa darvi la grazia e la felicit\u00e0&quot;\" \/>\n<meta property=\"og:url\" content=\"https:\/\/exaudi.org\/it\/cristiani-e-induisti-promuoviamo-insieme-la-convivialita-e-la-corresponsabilita\/\" \/>\n<meta property=\"og:site_name\" content=\"Exaudi\" \/>\n<meta property=\"article:publisher\" content=\"https:\/\/www.facebook.com\/ExaudiNews\" \/>\n<meta property=\"article:author\" content=\"https:\/\/www.facebook.com\/ExaudiNotizie\/\" \/>\n<meta property=\"article:published_time\" content=\"2022-10-17T15:17:40+00:00\" \/>\n<meta property=\"article:modified_time\" content=\"2022-10-17T15:47:41+00:00\" \/>\n<meta property=\"og:image\" content=\"https:\/\/exaudi.org\/wp-content\/uploads\/2021\/10\/pexels-udayaditya-barua-4078516-scaled.jpg\" \/>\n\t<meta property=\"og:image:width\" content=\"2560\" \/>\n\t<meta property=\"og:image:height\" content=\"1707\" \/>\n\t<meta property=\"og:image:type\" content=\"image\/jpeg\" \/>\n<meta name=\"author\" content=\"Exaudi Redazione\" \/>\n<meta name=\"twitter:card\" content=\"summary_large_image\" \/>\n<meta name=\"twitter:creator\" content=\"@Exaudi_Notizie\" \/>\n<meta name=\"twitter:site\" content=\"@Exaudi_News\" \/>\n<meta name=\"twitter:label1\" content=\"Scritto da\" \/>\n\t<meta name=\"twitter:data1\" content=\"Exaudi Redazione\" \/>\n\t<meta name=\"twitter:label2\" content=\"Tempo di lettura stimato\" \/>\n\t<meta name=\"twitter:data2\" content=\"5 minuti\" \/>\n<script type=\"application\/ld+json\" class=\"yoast-schema-graph\">{\"@context\":\"https:\\\/\\\/schema.org\",\"@graph\":[{\"@type\":\"Article\",\"@id\":\"https:\\\/\\\/exaudi.org\\\/it\\\/cristiani-e-induisti-promuoviamo-insieme-la-convivialita-e-la-corresponsabilita\\\/#article\",\"isPartOf\":{\"@id\":\"https:\\\/\\\/exaudi.org\\\/it\\\/cristiani-e-induisti-promuoviamo-insieme-la-convivialita-e-la-corresponsabilita\\\/\"},\"author\":{\"name\":\"Exaudi Redazione\",\"@id\":\"https:\\\/\\\/exaudi.org\\\/#\\\/schema\\\/person\\\/e1ab6ed07c01774724dd96f925f3a5f0\"},\"headline\":\"\u00abCristiani e induisti: promuoviamo insieme la convivialit\u00e0 e la corresponsabilit\u00e0\u00bb\",\"datePublished\":\"2022-10-17T15:17:40+00:00\",\"dateModified\":\"2022-10-17T15:47:41+00:00\",\"mainEntityOfPage\":{\"@id\":\"https:\\\/\\\/exaudi.org\\\/it\\\/cristiani-e-induisti-promuoviamo-insieme-la-convivialita-e-la-corresponsabilita\\\/\"},\"wordCount\":847,\"image\":{\"@id\":\"https:\\\/\\\/exaudi.org\\\/it\\\/cristiani-e-induisti-promuoviamo-insieme-la-convivialita-e-la-corresponsabilita\\\/#primaryimage\"},\"thumbnailUrl\":\"https:\\\/\\\/exaudi.org\\\/wp-content\\\/uploads\\\/2021\\\/10\\\/pexels-udayaditya-barua-4078516-scaled.jpg\",\"keywords\":[\"Deepavali\",\"Dicasteri\",\"Festa ind\u00f9\",\"Trending\"],\"articleSection\":[\"Chiesa e Mondo\",\"Messaggi\"],\"inLanguage\":\"it-IT\"},{\"@type\":\"WebPage\",\"@id\":\"https:\\\/\\\/exaudi.org\\\/it\\\/cristiani-e-induisti-promuoviamo-insieme-la-convivialita-e-la-corresponsabilita\\\/\",\"url\":\"https:\\\/\\\/exaudi.org\\\/it\\\/cristiani-e-induisti-promuoviamo-insieme-la-convivialita-e-la-corresponsabilita\\\/\",\"name\":\"\u00abCristiani e induisti: promuoviamo insieme la convivialit\u00e0 e la corresponsabilit\u00e0\u00bb &#8211; Exaudi\",\"isPartOf\":{\"@id\":\"https:\\\/\\\/exaudi.org\\\/#website\"},\"primaryImageOfPage\":{\"@id\":\"https:\\\/\\\/exaudi.org\\\/it\\\/cristiani-e-induisti-promuoviamo-insieme-la-convivialita-e-la-corresponsabilita\\\/#primaryimage\"},\"image\":{\"@id\":\"https:\\\/\\\/exaudi.org\\\/it\\\/cristiani-e-induisti-promuoviamo-insieme-la-convivialita-e-la-corresponsabilita\\\/#primaryimage\"},\"thumbnailUrl\":\"https:\\\/\\\/exaudi.org\\\/wp-content\\\/uploads\\\/2021\\\/10\\\/pexels-udayaditya-barua-4078516-scaled.jpg\",\"datePublished\":\"2022-10-17T15:17:40+00:00\",\"dateModified\":\"2022-10-17T15:47:41+00:00\",\"author\":{\"@id\":\"https:\\\/\\\/exaudi.org\\\/#\\\/schema\\\/person\\\/e1ab6ed07c01774724dd96f925f3a5f0\"},\"breadcrumb\":{\"@id\":\"https:\\\/\\\/exaudi.org\\\/it\\\/cristiani-e-induisti-promuoviamo-insieme-la-convivialita-e-la-corresponsabilita\\\/#breadcrumb\"},\"inLanguage\":\"it-IT\",\"potentialAction\":[{\"@type\":\"ReadAction\",\"target\":[\"https:\\\/\\\/exaudi.org\\\/it\\\/cristiani-e-induisti-promuoviamo-insieme-la-convivialita-e-la-corresponsabilita\\\/\"]}]},{\"@type\":\"ImageObject\",\"inLanguage\":\"it-IT\",\"@id\":\"https:\\\/\\\/exaudi.org\\\/it\\\/cristiani-e-induisti-promuoviamo-insieme-la-convivialita-e-la-corresponsabilita\\\/#primaryimage\",\"url\":\"https:\\\/\\\/exaudi.org\\\/wp-content\\\/uploads\\\/2021\\\/10\\\/pexels-udayaditya-barua-4078516-scaled.jpg\",\"contentUrl\":\"https:\\\/\\\/exaudi.org\\\/wp-content\\\/uploads\\\/2021\\\/10\\\/pexels-udayaditya-barua-4078516-scaled.jpg\",\"width\":2560,\"height\":1707,\"caption\":\"Diwali \u00a9 Pexels. Udayaditya Barua\"},{\"@type\":\"BreadcrumbList\",\"@id\":\"https:\\\/\\\/exaudi.org\\\/it\\\/cristiani-e-induisti-promuoviamo-insieme-la-convivialita-e-la-corresponsabilita\\\/#breadcrumb\",\"itemListElement\":[{\"@type\":\"ListItem\",\"position\":1,\"name\":\"Portada\",\"item\":\"https:\\\/\\\/exaudi.org\\\/it\\\/\"},{\"@type\":\"ListItem\",\"position\":2,\"name\":\"\u00abCristiani e induisti: promuoviamo insieme la convivialit\u00e0 e la corresponsabilit\u00e0\u00bb\"}]},{\"@type\":\"WebSite\",\"@id\":\"https:\\\/\\\/exaudi.org\\\/#website\",\"url\":\"https:\\\/\\\/exaudi.org\\\/\",\"name\":\"Exaudi\",\"description\":\"News\",\"potentialAction\":[{\"@type\":\"SearchAction\",\"target\":{\"@type\":\"EntryPoint\",\"urlTemplate\":\"https:\\\/\\\/exaudi.org\\\/?s={search_term_string}\"},\"query-input\":{\"@type\":\"PropertyValueSpecification\",\"valueRequired\":true,\"valueName\":\"search_term_string\"}}],\"inLanguage\":\"it-IT\"},{\"@type\":\"Person\",\"@id\":\"https:\\\/\\\/exaudi.org\\\/#\\\/schema\\\/person\\\/e1ab6ed07c01774724dd96f925f3a5f0\",\"name\":\"Exaudi Redazione\",\"image\":{\"@type\":\"ImageObject\",\"inLanguage\":\"it-IT\",\"@id\":\"https:\\\/\\\/secure.gravatar.com\\\/avatar\\\/ad6774b3ada023bf5b939d64f45c94b3adf91502dd883507d469b4308a943bb3?s=96&d=mm&r=g\",\"url\":\"https:\\\/\\\/secure.gravatar.com\\\/avatar\\\/ad6774b3ada023bf5b939d64f45c94b3adf91502dd883507d469b4308a943bb3?s=96&d=mm&r=g\",\"contentUrl\":\"https:\\\/\\\/secure.gravatar.com\\\/avatar\\\/ad6774b3ada023bf5b939d64f45c94b3adf91502dd883507d469b4308a943bb3?s=96&d=mm&r=g\",\"caption\":\"Exaudi Redazione\"},\"description\":\"Che cosa \u00e8 Exaudi News? Exaudi News \u00e8 un agenzia cattolica internazionale che informa, istruisce e trasforma quotidianamente in spagnolo, inglese e italiano. Attraverso notizie, articoli di analisi e trasmissioni in diretta degli eventi del Papa, Exaudi cerca di rafforzare l'unit\u00e0 dei cristiani e di contribuire all'evangelizzazione del mondo, sempre guidato dalla dottrina sociale della Chiesa. Lavoriamo per portare la verit\u00e0 e i valori cristiani in ogni angolo del pianeta. Aiutaci a trasformare il mondo con Exaudi! Noi di Exaudi crediamo che l'evangelizzazione e l'informazione di qualit\u00e0 possano cambiare la vita. Per continuare la nostra missione ed espandere la nostra portata, abbiamo bisogno del tuo aiuto. Stiamo anche cercando persone motivate che vogliano unirsi al nostro team. Grazie al vostro sostegno raggiungeremo pi\u00f9 persone, diffonderemo il messaggio di Cristo e rafforzeremo l'unit\u00e0 dei cristiani. Vuoi unirti alla nostra missione? Per maggiori informazioni su come contribuire, visita Exaudi.org\\\/it o contattaci direttamente: info@exaudi.org Exaudi: informa, forma e trasforma.\",\"sameAs\":[\"https:\\\/\\\/www.facebook.com\\\/ExaudiNotizie\\\/\",\"https:\\\/\\\/www.instagram.com\\\/Exaudi_notizie\\\/\",\"https:\\\/\\\/x.com\\\/Exaudi_Notizie\",\"https:\\\/\\\/www.youtube.com\\\/@exaudicatholicnews\"],\"url\":\"https:\\\/\\\/exaudi.org\\\/it\\\/author\\\/dlvedi-org\\\/\"}]}<\/script>\n<!-- \/ Yoast SEO plugin. -->","yoast_head_json":{"title":"\u00abCristiani e induisti: promuoviamo insieme la convivialit\u00e0 e la corresponsabilit\u00e0\u00bb &#8211; Exaudi","robots":{"index":"index","follow":"follow","max-snippet":"max-snippet:-1","max-image-preview":"max-image-preview:large","max-video-preview":"max-video-preview:-1"},"canonical":"https:\/\/exaudi.org\/it\/cristiani-e-induisti-promuoviamo-insieme-la-convivialita-e-la-corresponsabilita\/","og_locale":"it_IT","og_type":"article","og_title":"\u00abCristiani e induisti: promuoviamo insieme la convivialit\u00e0 e la corresponsabilit\u00e0\u00bb &#8211; Exaudi","og_description":"Festa di Deepavali: \"Questa festa delle luci possa darvi la grazia e la felicit\u00e0\"","og_url":"https:\/\/exaudi.org\/it\/cristiani-e-induisti-promuoviamo-insieme-la-convivialita-e-la-corresponsabilita\/","og_site_name":"Exaudi","article_publisher":"https:\/\/www.facebook.com\/ExaudiNews","article_author":"https:\/\/www.facebook.com\/ExaudiNotizie\/","article_published_time":"2022-10-17T15:17:40+00:00","article_modified_time":"2022-10-17T15:47:41+00:00","og_image":[{"width":2560,"height":1707,"url":"https:\/\/exaudi.org\/wp-content\/uploads\/2021\/10\/pexels-udayaditya-barua-4078516-scaled.jpg","type":"image\/jpeg"}],"author":"Exaudi Redazione","twitter_card":"summary_large_image","twitter_creator":"@Exaudi_Notizie","twitter_site":"@Exaudi_News","twitter_misc":{"Scritto da":"Exaudi Redazione","Tempo di lettura stimato":"5 minuti"},"schema":{"@context":"https:\/\/schema.org","@graph":[{"@type":"Article","@id":"https:\/\/exaudi.org\/it\/cristiani-e-induisti-promuoviamo-insieme-la-convivialita-e-la-corresponsabilita\/#article","isPartOf":{"@id":"https:\/\/exaudi.org\/it\/cristiani-e-induisti-promuoviamo-insieme-la-convivialita-e-la-corresponsabilita\/"},"author":{"name":"Exaudi Redazione","@id":"https:\/\/exaudi.org\/#\/schema\/person\/e1ab6ed07c01774724dd96f925f3a5f0"},"headline":"\u00abCristiani e induisti: promuoviamo insieme la convivialit\u00e0 e la corresponsabilit\u00e0\u00bb","datePublished":"2022-10-17T15:17:40+00:00","dateModified":"2022-10-17T15:47:41+00:00","mainEntityOfPage":{"@id":"https:\/\/exaudi.org\/it\/cristiani-e-induisti-promuoviamo-insieme-la-convivialita-e-la-corresponsabilita\/"},"wordCount":847,"image":{"@id":"https:\/\/exaudi.org\/it\/cristiani-e-induisti-promuoviamo-insieme-la-convivialita-e-la-corresponsabilita\/#primaryimage"},"thumbnailUrl":"https:\/\/exaudi.org\/wp-content\/uploads\/2021\/10\/pexels-udayaditya-barua-4078516-scaled.jpg","keywords":["Deepavali","Dicasteri","Festa ind\u00f9","Trending"],"articleSection":["Chiesa e Mondo","Messaggi"],"inLanguage":"it-IT"},{"@type":"WebPage","@id":"https:\/\/exaudi.org\/it\/cristiani-e-induisti-promuoviamo-insieme-la-convivialita-e-la-corresponsabilita\/","url":"https:\/\/exaudi.org\/it\/cristiani-e-induisti-promuoviamo-insieme-la-convivialita-e-la-corresponsabilita\/","name":"\u00abCristiani e induisti: promuoviamo insieme la convivialit\u00e0 e la corresponsabilit\u00e0\u00bb &#8211; Exaudi","isPartOf":{"@id":"https:\/\/exaudi.org\/#website"},"primaryImageOfPage":{"@id":"https:\/\/exaudi.org\/it\/cristiani-e-induisti-promuoviamo-insieme-la-convivialita-e-la-corresponsabilita\/#primaryimage"},"image":{"@id":"https:\/\/exaudi.org\/it\/cristiani-e-induisti-promuoviamo-insieme-la-convivialita-e-la-corresponsabilita\/#primaryimage"},"thumbnailUrl":"https:\/\/exaudi.org\/wp-content\/uploads\/2021\/10\/pexels-udayaditya-barua-4078516-scaled.jpg","datePublished":"2022-10-17T15:17:40+00:00","dateModified":"2022-10-17T15:47:41+00:00","author":{"@id":"https:\/\/exaudi.org\/#\/schema\/person\/e1ab6ed07c01774724dd96f925f3a5f0"},"breadcrumb":{"@id":"https:\/\/exaudi.org\/it\/cristiani-e-induisti-promuoviamo-insieme-la-convivialita-e-la-corresponsabilita\/#breadcrumb"},"inLanguage":"it-IT","potentialAction":[{"@type":"ReadAction","target":["https:\/\/exaudi.org\/it\/cristiani-e-induisti-promuoviamo-insieme-la-convivialita-e-la-corresponsabilita\/"]}]},{"@type":"ImageObject","inLanguage":"it-IT","@id":"https:\/\/exaudi.org\/it\/cristiani-e-induisti-promuoviamo-insieme-la-convivialita-e-la-corresponsabilita\/#primaryimage","url":"https:\/\/exaudi.org\/wp-content\/uploads\/2021\/10\/pexels-udayaditya-barua-4078516-scaled.jpg","contentUrl":"https:\/\/exaudi.org\/wp-content\/uploads\/2021\/10\/pexels-udayaditya-barua-4078516-scaled.jpg","width":2560,"height":1707,"caption":"Diwali \u00a9 Pexels. Udayaditya Barua"},{"@type":"BreadcrumbList","@id":"https:\/\/exaudi.org\/it\/cristiani-e-induisti-promuoviamo-insieme-la-convivialita-e-la-corresponsabilita\/#breadcrumb","itemListElement":[{"@type":"ListItem","position":1,"name":"Portada","item":"https:\/\/exaudi.org\/it\/"},{"@type":"ListItem","position":2,"name":"\u00abCristiani e induisti: promuoviamo insieme la convivialit\u00e0 e la corresponsabilit\u00e0\u00bb"}]},{"@type":"WebSite","@id":"https:\/\/exaudi.org\/#website","url":"https:\/\/exaudi.org\/","name":"Exaudi","description":"News","potentialAction":[{"@type":"SearchAction","target":{"@type":"EntryPoint","urlTemplate":"https:\/\/exaudi.org\/?s={search_term_string}"},"query-input":{"@type":"PropertyValueSpecification","valueRequired":true,"valueName":"search_term_string"}}],"inLanguage":"it-IT"},{"@type":"Person","@id":"https:\/\/exaudi.org\/#\/schema\/person\/e1ab6ed07c01774724dd96f925f3a5f0","name":"Exaudi Redazione","image":{"@type":"ImageObject","inLanguage":"it-IT","@id":"https:\/\/secure.gravatar.com\/avatar\/ad6774b3ada023bf5b939d64f45c94b3adf91502dd883507d469b4308a943bb3?s=96&d=mm&r=g","url":"https:\/\/secure.gravatar.com\/avatar\/ad6774b3ada023bf5b939d64f45c94b3adf91502dd883507d469b4308a943bb3?s=96&d=mm&r=g","contentUrl":"https:\/\/secure.gravatar.com\/avatar\/ad6774b3ada023bf5b939d64f45c94b3adf91502dd883507d469b4308a943bb3?s=96&d=mm&r=g","caption":"Exaudi Redazione"},"description":"Che cosa \u00e8 Exaudi News? Exaudi News \u00e8 un agenzia cattolica internazionale che informa, istruisce e trasforma quotidianamente in spagnolo, inglese e italiano. Attraverso notizie, articoli di analisi e trasmissioni in diretta degli eventi del Papa, Exaudi cerca di rafforzare l'unit\u00e0 dei cristiani e di contribuire all'evangelizzazione del mondo, sempre guidato dalla dottrina sociale della Chiesa. Lavoriamo per portare la verit\u00e0 e i valori cristiani in ogni angolo del pianeta. Aiutaci a trasformare il mondo con Exaudi! Noi di Exaudi crediamo che l'evangelizzazione e l'informazione di qualit\u00e0 possano cambiare la vita. Per continuare la nostra missione ed espandere la nostra portata, abbiamo bisogno del tuo aiuto. Stiamo anche cercando persone motivate che vogliano unirsi al nostro team. Grazie al vostro sostegno raggiungeremo pi\u00f9 persone, diffonderemo il messaggio di Cristo e rafforzeremo l'unit\u00e0 dei cristiani. Vuoi unirti alla nostra missione? Per maggiori informazioni su come contribuire, visita Exaudi.org\/it o contattaci direttamente: info@exaudi.org Exaudi: informa, forma e trasforma.","sameAs":["https:\/\/www.facebook.com\/ExaudiNotizie\/","https:\/\/www.instagram.com\/Exaudi_notizie\/","https:\/\/x.com\/Exaudi_Notizie","https:\/\/www.youtube.com\/@exaudicatholicnews"],"url":"https:\/\/exaudi.org\/it\/author\/dlvedi-org\/"}]}},"jetpack_featured_media_url":"https:\/\/exaudi.org\/wp-content\/uploads\/2021\/10\/pexels-udayaditya-barua-4078516-scaled.jpg","jetpack_shortlink":"https:\/\/wp.me\/pgKjF2-gFl","_links":{"self":[{"href":"https:\/\/exaudi.org\/it\/wp-json\/wp\/v2\/posts\/64067","targetHints":{"allow":["GET"]}}],"collection":[{"href":"https:\/\/exaudi.org\/it\/wp-json\/wp\/v2\/posts"}],"about":[{"href":"https:\/\/exaudi.org\/it\/wp-json\/wp\/v2\/types\/post"}],"author":[{"embeddable":true,"href":"https:\/\/exaudi.org\/it\/wp-json\/wp\/v2\/users\/17"}],"replies":[{"embeddable":true,"href":"https:\/\/exaudi.org\/it\/wp-json\/wp\/v2\/comments?post=64067"}],"version-history":[{"count":0,"href":"https:\/\/exaudi.org\/it\/wp-json\/wp\/v2\/posts\/64067\/revisions"}],"wp:featuredmedia":[{"embeddable":true,"href":"https:\/\/exaudi.org\/it\/wp-json\/wp\/v2\/media\/38280"}],"wp:attachment":[{"href":"https:\/\/exaudi.org\/it\/wp-json\/wp\/v2\/media?parent=64067"}],"wp:term":[{"taxonomy":"category","embeddable":true,"href":"https:\/\/exaudi.org\/it\/wp-json\/wp\/v2\/categories?post=64067"},{"taxonomy":"post_tag","embeddable":true,"href":"https:\/\/exaudi.org\/it\/wp-json\/wp\/v2\/tags?post=64067"}],"curies":[{"name":"wp","href":"https:\/\/api.w.org\/{rel}","templated":true}]}}