{"id":63706,"date":"2022-10-10T17:19:56","date_gmt":"2022-10-10T15:19:56","guid":{"rendered":"https:\/\/exaudi.org\/?p=63706"},"modified":"2022-10-10T17:19:56","modified_gmt":"2022-10-10T15:19:56","slug":"il-dialogo-inclusivo-tra-gli-attori-politici-e-di-estrema-importanza","status":"publish","type":"post","link":"https:\/\/exaudi.org\/it\/il-dialogo-inclusivo-tra-gli-attori-politici-e-di-estrema-importanza\/","title":{"rendered":"&#8220;Il dialogo inclusivo tra gli attori politici \u00e8 di estrema importanza&#8221;"},"content":{"rendered":"<p>Nella mattina odierna il Santo Padre Francesco ha ricevuto in Udienza, nel Palazzo Apostolico Vaticano, S.E. il Sig. Dritan Abazovi\u0107, Primo Ministro, il quale si \u00e8 successivamente incontrato con Sua Eminenza il Cardinale Pietro Parolin, Segretario di Stato, accompagnato da Sua Eccellenza Mons. Paul Richard Gallagher, Segretario per i Rapporti con gli Stati e le Organizzazioni Internazionali.<\/p>\n<p><img loading=\"lazy\" decoding=\"async\" class=\"size-medium wp-image-63710 alignleft\" src=\"https:\/\/exaudi.org\/wp-content\/uploads\/2022\/10\/thumbnail__MTC3358-300x200.jpg\" alt=\"\" width=\"300\" height=\"200\" srcset=\"https:\/\/exaudi.org\/wp-content\/uploads\/2022\/10\/thumbnail__MTC3358-300x200.jpg 300w, https:\/\/exaudi.org\/wp-content\/uploads\/2022\/10\/thumbnail__MTC3358-1024x682.jpg 1024w, https:\/\/exaudi.org\/wp-content\/uploads\/2022\/10\/thumbnail__MTC3358-770x513.jpg 770w, https:\/\/exaudi.org\/wp-content\/uploads\/2022\/10\/thumbnail__MTC3358-360x240.jpg?crop=1 360w, https:\/\/exaudi.org\/wp-content\/uploads\/2022\/10\/thumbnail__MTC3358-500x333.jpg 500w, https:\/\/exaudi.org\/wp-content\/uploads\/2022\/10\/thumbnail__MTC3358-1155x770.jpg 1155w, https:\/\/exaudi.org\/wp-content\/uploads\/2022\/10\/thumbnail__MTC3358-370x247.jpg 370w, https:\/\/exaudi.org\/wp-content\/uploads\/2022\/10\/thumbnail__MTC3358-293x195.jpg 293w, https:\/\/exaudi.org\/wp-content\/uploads\/2022\/10\/thumbnail__MTC3358-120x80.jpg 120w, https:\/\/exaudi.org\/wp-content\/uploads\/2022\/10\/thumbnail__MTC3358-240x160.jpg 240w, https:\/\/exaudi.org\/wp-content\/uploads\/2022\/10\/thumbnail__MTC3358-390x260.jpg 390w, https:\/\/exaudi.org\/wp-content\/uploads\/2022\/10\/thumbnail__MTC3358.jpg 1280w\" sizes=\"auto, (max-width: 300px) 100vw, 300px\" \/>Nel corso dei cordiali colloqui in Segreteria di Stato, si \u00e8 espresso apprezzamento per i buoni rapporti bilaterali esistenti e l\u2019intenzione di sviluppare ulteriormente la collaborazione nei settori di mutuo interesse. Inoltre, \u00e8 stato messo in evidenza il positivo contributo della comunit\u00e0 cattolica alla societ\u00e0 montenegrina.<\/p>\n<p>Ci si \u00e8 poi soffermati sulla realt\u00e0 interna del Paese, ribadendo la necessit\u00e0 di un dialogo inclusivo tra tutti gli attori politici per il bene comune del Montenegro. Infine, sono state affrontate alcune questioni regionali, tra cui la situazione nei Paesi dei Balcani occidentali e la loro adesione all\u2019Unione Europea.<\/p>\n<p><i>Dal Vaticano, 10 ottobre 2022<\/i><\/p>\n","protected":false},"excerpt":{"rendered":"<p>Udienza: Parola di Papa Francesco al S.E. il Sig. Dritan Abazovi\u0107<\/p>\n","protected":false},"author":17,"featured_media":63707,"comment_status":"closed","ping_status":"closed","sticky":false,"template":"","format":"standard","meta":{"_acf_changed":false,"_crdt_document":"","inline_featured_image":false,"footnotes":""},"categories":[115,67],"tags":[251,4952,1843,7227],"class_list":["post-63706","post","type-post","status-publish","format-standard","has-post-thumbnail","hentry","category-incontri","category-leone-xiv","tag-papa-francesco","tag-trending-it","tag-udienza","tag-udienza-parola-di-papa-francesco-al-s-e-il-sig-dritan-abazovic"],"acf":[],"yoast_head":"<!-- This site is optimized with the Yoast SEO plugin v27.5 - https:\/\/yoast.com\/product\/yoast-seo-wordpress\/ -->\n<title>&quot;Il dialogo inclusivo tra gli attori politici \u00e8 di estrema importanza&quot; &#8211; Exaudi<\/title>\n<meta name=\"robots\" content=\"index, follow, max-snippet:-1, max-image-preview:large, max-video-preview:-1\" \/>\n<link rel=\"canonical\" href=\"https:\/\/exaudi.org\/it\/il-dialogo-inclusivo-tra-gli-attori-politici-e-di-estrema-importanza\/\" \/>\n<meta property=\"og:locale\" content=\"it_IT\" \/>\n<meta property=\"og:type\" content=\"article\" \/>\n<meta property=\"og:title\" content=\"&quot;Il dialogo inclusivo tra gli attori politici \u00e8 di estrema importanza&quot; &#8211; Exaudi\" \/>\n<meta property=\"og:description\" content=\"Udienza: Parola di Papa Francesco al S.E. il Sig. Dritan Abazovi\u0107\" \/>\n<meta property=\"og:url\" content=\"https:\/\/exaudi.org\/it\/il-dialogo-inclusivo-tra-gli-attori-politici-e-di-estrema-importanza\/\" \/>\n<meta property=\"og:site_name\" content=\"Exaudi\" \/>\n<meta property=\"article:publisher\" content=\"https:\/\/www.facebook.com\/ExaudiNews\" \/>\n<meta property=\"article:author\" content=\"https:\/\/www.facebook.com\/ExaudiNotizie\/\" \/>\n<meta property=\"article:published_time\" content=\"2022-10-10T15:19:56+00:00\" \/>\n<meta property=\"og:image\" content=\"https:\/\/exaudi.org\/wp-content\/uploads\/2022\/10\/thumbnail__MTC3299.jpg\" \/>\n\t<meta property=\"og:image:width\" content=\"1280\" \/>\n\t<meta property=\"og:image:height\" content=\"853\" \/>\n\t<meta property=\"og:image:type\" content=\"image\/jpeg\" \/>\n<meta name=\"author\" content=\"Exaudi Redazione\" \/>\n<meta name=\"twitter:card\" content=\"summary_large_image\" \/>\n<meta name=\"twitter:creator\" content=\"@Exaudi_Notizie\" \/>\n<meta name=\"twitter:site\" content=\"@Exaudi_News\" \/>\n<meta name=\"twitter:label1\" content=\"Scritto da\" \/>\n\t<meta name=\"twitter:data1\" content=\"Exaudi Redazione\" \/>\n\t<meta name=\"twitter:label2\" content=\"Tempo di lettura stimato\" \/>\n\t<meta name=\"twitter:data2\" content=\"1 minuto\" \/>\n<script type=\"application\/ld+json\" class=\"yoast-schema-graph\">{\"@context\":\"https:\\\/\\\/schema.org\",\"@graph\":[{\"@type\":\"Article\",\"@id\":\"https:\\\/\\\/exaudi.org\\\/it\\\/il-dialogo-inclusivo-tra-gli-attori-politici-e-di-estrema-importanza\\\/#article\",\"isPartOf\":{\"@id\":\"https:\\\/\\\/exaudi.org\\\/it\\\/il-dialogo-inclusivo-tra-gli-attori-politici-e-di-estrema-importanza\\\/\"},\"author\":{\"name\":\"Exaudi Redazione\",\"@id\":\"https:\\\/\\\/exaudi.org\\\/#\\\/schema\\\/person\\\/e1ab6ed07c01774724dd96f925f3a5f0\"},\"headline\":\"&#8220;Il dialogo inclusivo tra gli attori politici \u00e8 di estrema importanza&#8221;\",\"datePublished\":\"2022-10-10T15:19:56+00:00\",\"mainEntityOfPage\":{\"@id\":\"https:\\\/\\\/exaudi.org\\\/it\\\/il-dialogo-inclusivo-tra-gli-attori-politici-e-di-estrema-importanza\\\/\"},\"wordCount\":165,\"image\":{\"@id\":\"https:\\\/\\\/exaudi.org\\\/it\\\/il-dialogo-inclusivo-tra-gli-attori-politici-e-di-estrema-importanza\\\/#primaryimage\"},\"thumbnailUrl\":\"https:\\\/\\\/exaudi.org\\\/wp-content\\\/uploads\\\/2022\\\/10\\\/thumbnail__MTC3299.jpg\",\"keywords\":[\"Papa Francesco\",\"Trending\",\"udienza\",\"Udienza: Parola di Papa Francesco al S.E. il Sig. Dritan Abazovi\u0107\"],\"articleSection\":[\"Incontri\",\"Leone XIV\"],\"inLanguage\":\"it-IT\"},{\"@type\":\"WebPage\",\"@id\":\"https:\\\/\\\/exaudi.org\\\/it\\\/il-dialogo-inclusivo-tra-gli-attori-politici-e-di-estrema-importanza\\\/\",\"url\":\"https:\\\/\\\/exaudi.org\\\/it\\\/il-dialogo-inclusivo-tra-gli-attori-politici-e-di-estrema-importanza\\\/\",\"name\":\"\\\"Il dialogo inclusivo tra gli attori politici \u00e8 di estrema importanza\\\" &#8211; Exaudi\",\"isPartOf\":{\"@id\":\"https:\\\/\\\/exaudi.org\\\/#website\"},\"primaryImageOfPage\":{\"@id\":\"https:\\\/\\\/exaudi.org\\\/it\\\/il-dialogo-inclusivo-tra-gli-attori-politici-e-di-estrema-importanza\\\/#primaryimage\"},\"image\":{\"@id\":\"https:\\\/\\\/exaudi.org\\\/it\\\/il-dialogo-inclusivo-tra-gli-attori-politici-e-di-estrema-importanza\\\/#primaryimage\"},\"thumbnailUrl\":\"https:\\\/\\\/exaudi.org\\\/wp-content\\\/uploads\\\/2022\\\/10\\\/thumbnail__MTC3299.jpg\",\"datePublished\":\"2022-10-10T15:19:56+00:00\",\"author\":{\"@id\":\"https:\\\/\\\/exaudi.org\\\/#\\\/schema\\\/person\\\/e1ab6ed07c01774724dd96f925f3a5f0\"},\"breadcrumb\":{\"@id\":\"https:\\\/\\\/exaudi.org\\\/it\\\/il-dialogo-inclusivo-tra-gli-attori-politici-e-di-estrema-importanza\\\/#breadcrumb\"},\"inLanguage\":\"it-IT\",\"potentialAction\":[{\"@type\":\"ReadAction\",\"target\":[\"https:\\\/\\\/exaudi.org\\\/it\\\/il-dialogo-inclusivo-tra-gli-attori-politici-e-di-estrema-importanza\\\/\"]}]},{\"@type\":\"ImageObject\",\"inLanguage\":\"it-IT\",\"@id\":\"https:\\\/\\\/exaudi.org\\\/it\\\/il-dialogo-inclusivo-tra-gli-attori-politici-e-di-estrema-importanza\\\/#primaryimage\",\"url\":\"https:\\\/\\\/exaudi.org\\\/wp-content\\\/uploads\\\/2022\\\/10\\\/thumbnail__MTC3299.jpg\",\"contentUrl\":\"https:\\\/\\\/exaudi.org\\\/wp-content\\\/uploads\\\/2022\\\/10\\\/thumbnail__MTC3299.jpg\",\"width\":1280,\"height\":853,\"caption\":\"\u00a9 Vatican Media\"},{\"@type\":\"BreadcrumbList\",\"@id\":\"https:\\\/\\\/exaudi.org\\\/it\\\/il-dialogo-inclusivo-tra-gli-attori-politici-e-di-estrema-importanza\\\/#breadcrumb\",\"itemListElement\":[{\"@type\":\"ListItem\",\"position\":1,\"name\":\"Portada\",\"item\":\"https:\\\/\\\/exaudi.org\\\/it\\\/\"},{\"@type\":\"ListItem\",\"position\":2,\"name\":\"&#8220;Il dialogo inclusivo tra gli attori politici \u00e8 di estrema importanza&#8221;\"}]},{\"@type\":\"WebSite\",\"@id\":\"https:\\\/\\\/exaudi.org\\\/#website\",\"url\":\"https:\\\/\\\/exaudi.org\\\/\",\"name\":\"Exaudi\",\"description\":\"News\",\"potentialAction\":[{\"@type\":\"SearchAction\",\"target\":{\"@type\":\"EntryPoint\",\"urlTemplate\":\"https:\\\/\\\/exaudi.org\\\/?s={search_term_string}\"},\"query-input\":{\"@type\":\"PropertyValueSpecification\",\"valueRequired\":true,\"valueName\":\"search_term_string\"}}],\"inLanguage\":\"it-IT\"},{\"@type\":\"Person\",\"@id\":\"https:\\\/\\\/exaudi.org\\\/#\\\/schema\\\/person\\\/e1ab6ed07c01774724dd96f925f3a5f0\",\"name\":\"Exaudi Redazione\",\"image\":{\"@type\":\"ImageObject\",\"inLanguage\":\"it-IT\",\"@id\":\"https:\\\/\\\/secure.gravatar.com\\\/avatar\\\/ad6774b3ada023bf5b939d64f45c94b3adf91502dd883507d469b4308a943bb3?s=96&d=mm&r=g\",\"url\":\"https:\\\/\\\/secure.gravatar.com\\\/avatar\\\/ad6774b3ada023bf5b939d64f45c94b3adf91502dd883507d469b4308a943bb3?s=96&d=mm&r=g\",\"contentUrl\":\"https:\\\/\\\/secure.gravatar.com\\\/avatar\\\/ad6774b3ada023bf5b939d64f45c94b3adf91502dd883507d469b4308a943bb3?s=96&d=mm&r=g\",\"caption\":\"Exaudi Redazione\"},\"description\":\"Che cosa \u00e8 Exaudi News? Exaudi News \u00e8 un agenzia cattolica internazionale che informa, istruisce e trasforma quotidianamente in spagnolo, inglese e italiano. Attraverso notizie, articoli di analisi e trasmissioni in diretta degli eventi del Papa, Exaudi cerca di rafforzare l'unit\u00e0 dei cristiani e di contribuire all'evangelizzazione del mondo, sempre guidato dalla dottrina sociale della Chiesa. Lavoriamo per portare la verit\u00e0 e i valori cristiani in ogni angolo del pianeta. Aiutaci a trasformare il mondo con Exaudi! Noi di Exaudi crediamo che l'evangelizzazione e l'informazione di qualit\u00e0 possano cambiare la vita. Per continuare la nostra missione ed espandere la nostra portata, abbiamo bisogno del tuo aiuto. Stiamo anche cercando persone motivate che vogliano unirsi al nostro team. Grazie al vostro sostegno raggiungeremo pi\u00f9 persone, diffonderemo il messaggio di Cristo e rafforzeremo l'unit\u00e0 dei cristiani. Vuoi unirti alla nostra missione? Per maggiori informazioni su come contribuire, visita Exaudi.org\\\/it o contattaci direttamente: info@exaudi.org Exaudi: informa, forma e trasforma.\",\"sameAs\":[\"https:\\\/\\\/www.facebook.com\\\/ExaudiNotizie\\\/\",\"https:\\\/\\\/www.instagram.com\\\/Exaudi_notizie\\\/\",\"https:\\\/\\\/x.com\\\/Exaudi_Notizie\",\"https:\\\/\\\/www.youtube.com\\\/@exaudicatholicnews\"],\"url\":\"https:\\\/\\\/exaudi.org\\\/it\\\/author\\\/dlvedi-org\\\/\"}]}<\/script>\n<!-- \/ Yoast SEO plugin. -->","yoast_head_json":{"title":"\"Il dialogo inclusivo tra gli attori politici \u00e8 di estrema importanza\" &#8211; Exaudi","robots":{"index":"index","follow":"follow","max-snippet":"max-snippet:-1","max-image-preview":"max-image-preview:large","max-video-preview":"max-video-preview:-1"},"canonical":"https:\/\/exaudi.org\/it\/il-dialogo-inclusivo-tra-gli-attori-politici-e-di-estrema-importanza\/","og_locale":"it_IT","og_type":"article","og_title":"\"Il dialogo inclusivo tra gli attori politici \u00e8 di estrema importanza\" &#8211; Exaudi","og_description":"Udienza: Parola di Papa Francesco al S.E. il Sig. Dritan Abazovi\u0107","og_url":"https:\/\/exaudi.org\/it\/il-dialogo-inclusivo-tra-gli-attori-politici-e-di-estrema-importanza\/","og_site_name":"Exaudi","article_publisher":"https:\/\/www.facebook.com\/ExaudiNews","article_author":"https:\/\/www.facebook.com\/ExaudiNotizie\/","article_published_time":"2022-10-10T15:19:56+00:00","og_image":[{"width":1280,"height":853,"url":"https:\/\/exaudi.org\/wp-content\/uploads\/2022\/10\/thumbnail__MTC3299.jpg","type":"image\/jpeg"}],"author":"Exaudi Redazione","twitter_card":"summary_large_image","twitter_creator":"@Exaudi_Notizie","twitter_site":"@Exaudi_News","twitter_misc":{"Scritto da":"Exaudi Redazione","Tempo di lettura stimato":"1 minuto"},"schema":{"@context":"https:\/\/schema.org","@graph":[{"@type":"Article","@id":"https:\/\/exaudi.org\/it\/il-dialogo-inclusivo-tra-gli-attori-politici-e-di-estrema-importanza\/#article","isPartOf":{"@id":"https:\/\/exaudi.org\/it\/il-dialogo-inclusivo-tra-gli-attori-politici-e-di-estrema-importanza\/"},"author":{"name":"Exaudi Redazione","@id":"https:\/\/exaudi.org\/#\/schema\/person\/e1ab6ed07c01774724dd96f925f3a5f0"},"headline":"&#8220;Il dialogo inclusivo tra gli attori politici \u00e8 di estrema importanza&#8221;","datePublished":"2022-10-10T15:19:56+00:00","mainEntityOfPage":{"@id":"https:\/\/exaudi.org\/it\/il-dialogo-inclusivo-tra-gli-attori-politici-e-di-estrema-importanza\/"},"wordCount":165,"image":{"@id":"https:\/\/exaudi.org\/it\/il-dialogo-inclusivo-tra-gli-attori-politici-e-di-estrema-importanza\/#primaryimage"},"thumbnailUrl":"https:\/\/exaudi.org\/wp-content\/uploads\/2022\/10\/thumbnail__MTC3299.jpg","keywords":["Papa Francesco","Trending","udienza","Udienza: Parola di Papa Francesco al S.E. il Sig. Dritan Abazovi\u0107"],"articleSection":["Incontri","Leone XIV"],"inLanguage":"it-IT"},{"@type":"WebPage","@id":"https:\/\/exaudi.org\/it\/il-dialogo-inclusivo-tra-gli-attori-politici-e-di-estrema-importanza\/","url":"https:\/\/exaudi.org\/it\/il-dialogo-inclusivo-tra-gli-attori-politici-e-di-estrema-importanza\/","name":"\"Il dialogo inclusivo tra gli attori politici \u00e8 di estrema importanza\" &#8211; Exaudi","isPartOf":{"@id":"https:\/\/exaudi.org\/#website"},"primaryImageOfPage":{"@id":"https:\/\/exaudi.org\/it\/il-dialogo-inclusivo-tra-gli-attori-politici-e-di-estrema-importanza\/#primaryimage"},"image":{"@id":"https:\/\/exaudi.org\/it\/il-dialogo-inclusivo-tra-gli-attori-politici-e-di-estrema-importanza\/#primaryimage"},"thumbnailUrl":"https:\/\/exaudi.org\/wp-content\/uploads\/2022\/10\/thumbnail__MTC3299.jpg","datePublished":"2022-10-10T15:19:56+00:00","author":{"@id":"https:\/\/exaudi.org\/#\/schema\/person\/e1ab6ed07c01774724dd96f925f3a5f0"},"breadcrumb":{"@id":"https:\/\/exaudi.org\/it\/il-dialogo-inclusivo-tra-gli-attori-politici-e-di-estrema-importanza\/#breadcrumb"},"inLanguage":"it-IT","potentialAction":[{"@type":"ReadAction","target":["https:\/\/exaudi.org\/it\/il-dialogo-inclusivo-tra-gli-attori-politici-e-di-estrema-importanza\/"]}]},{"@type":"ImageObject","inLanguage":"it-IT","@id":"https:\/\/exaudi.org\/it\/il-dialogo-inclusivo-tra-gli-attori-politici-e-di-estrema-importanza\/#primaryimage","url":"https:\/\/exaudi.org\/wp-content\/uploads\/2022\/10\/thumbnail__MTC3299.jpg","contentUrl":"https:\/\/exaudi.org\/wp-content\/uploads\/2022\/10\/thumbnail__MTC3299.jpg","width":1280,"height":853,"caption":"\u00a9 Vatican Media"},{"@type":"BreadcrumbList","@id":"https:\/\/exaudi.org\/it\/il-dialogo-inclusivo-tra-gli-attori-politici-e-di-estrema-importanza\/#breadcrumb","itemListElement":[{"@type":"ListItem","position":1,"name":"Portada","item":"https:\/\/exaudi.org\/it\/"},{"@type":"ListItem","position":2,"name":"&#8220;Il dialogo inclusivo tra gli attori politici \u00e8 di estrema importanza&#8221;"}]},{"@type":"WebSite","@id":"https:\/\/exaudi.org\/#website","url":"https:\/\/exaudi.org\/","name":"Exaudi","description":"News","potentialAction":[{"@type":"SearchAction","target":{"@type":"EntryPoint","urlTemplate":"https:\/\/exaudi.org\/?s={search_term_string}"},"query-input":{"@type":"PropertyValueSpecification","valueRequired":true,"valueName":"search_term_string"}}],"inLanguage":"it-IT"},{"@type":"Person","@id":"https:\/\/exaudi.org\/#\/schema\/person\/e1ab6ed07c01774724dd96f925f3a5f0","name":"Exaudi Redazione","image":{"@type":"ImageObject","inLanguage":"it-IT","@id":"https:\/\/secure.gravatar.com\/avatar\/ad6774b3ada023bf5b939d64f45c94b3adf91502dd883507d469b4308a943bb3?s=96&d=mm&r=g","url":"https:\/\/secure.gravatar.com\/avatar\/ad6774b3ada023bf5b939d64f45c94b3adf91502dd883507d469b4308a943bb3?s=96&d=mm&r=g","contentUrl":"https:\/\/secure.gravatar.com\/avatar\/ad6774b3ada023bf5b939d64f45c94b3adf91502dd883507d469b4308a943bb3?s=96&d=mm&r=g","caption":"Exaudi Redazione"},"description":"Che cosa \u00e8 Exaudi News? Exaudi News \u00e8 un agenzia cattolica internazionale che informa, istruisce e trasforma quotidianamente in spagnolo, inglese e italiano. Attraverso notizie, articoli di analisi e trasmissioni in diretta degli eventi del Papa, Exaudi cerca di rafforzare l'unit\u00e0 dei cristiani e di contribuire all'evangelizzazione del mondo, sempre guidato dalla dottrina sociale della Chiesa. Lavoriamo per portare la verit\u00e0 e i valori cristiani in ogni angolo del pianeta. Aiutaci a trasformare il mondo con Exaudi! Noi di Exaudi crediamo che l'evangelizzazione e l'informazione di qualit\u00e0 possano cambiare la vita. Per continuare la nostra missione ed espandere la nostra portata, abbiamo bisogno del tuo aiuto. Stiamo anche cercando persone motivate che vogliano unirsi al nostro team. Grazie al vostro sostegno raggiungeremo pi\u00f9 persone, diffonderemo il messaggio di Cristo e rafforzeremo l'unit\u00e0 dei cristiani. Vuoi unirti alla nostra missione? Per maggiori informazioni su come contribuire, visita Exaudi.org\/it o contattaci direttamente: info@exaudi.org Exaudi: informa, forma e trasforma.","sameAs":["https:\/\/www.facebook.com\/ExaudiNotizie\/","https:\/\/www.instagram.com\/Exaudi_notizie\/","https:\/\/x.com\/Exaudi_Notizie","https:\/\/www.youtube.com\/@exaudicatholicnews"],"url":"https:\/\/exaudi.org\/it\/author\/dlvedi-org\/"}]}},"jetpack_featured_media_url":"https:\/\/exaudi.org\/wp-content\/uploads\/2022\/10\/thumbnail__MTC3299.jpg","jetpack_shortlink":"https:\/\/wp.me\/pgKjF2-gzw","_links":{"self":[{"href":"https:\/\/exaudi.org\/it\/wp-json\/wp\/v2\/posts\/63706","targetHints":{"allow":["GET"]}}],"collection":[{"href":"https:\/\/exaudi.org\/it\/wp-json\/wp\/v2\/posts"}],"about":[{"href":"https:\/\/exaudi.org\/it\/wp-json\/wp\/v2\/types\/post"}],"author":[{"embeddable":true,"href":"https:\/\/exaudi.org\/it\/wp-json\/wp\/v2\/users\/17"}],"replies":[{"embeddable":true,"href":"https:\/\/exaudi.org\/it\/wp-json\/wp\/v2\/comments?post=63706"}],"version-history":[{"count":0,"href":"https:\/\/exaudi.org\/it\/wp-json\/wp\/v2\/posts\/63706\/revisions"}],"wp:featuredmedia":[{"embeddable":true,"href":"https:\/\/exaudi.org\/it\/wp-json\/wp\/v2\/media\/63707"}],"wp:attachment":[{"href":"https:\/\/exaudi.org\/it\/wp-json\/wp\/v2\/media?parent=63706"}],"wp:term":[{"taxonomy":"category","embeddable":true,"href":"https:\/\/exaudi.org\/it\/wp-json\/wp\/v2\/categories?post=63706"},{"taxonomy":"post_tag","embeddable":true,"href":"https:\/\/exaudi.org\/it\/wp-json\/wp\/v2\/tags?post=63706"}],"curies":[{"name":"wp","href":"https:\/\/api.w.org\/{rel}","templated":true}]}}