{"id":63607,"date":"2022-10-09T15:36:24","date_gmt":"2022-10-09T13:36:24","guid":{"rendered":"https:\/\/exaudi.org\/?p=63607"},"modified":"2022-10-10T12:11:55","modified_gmt":"2022-10-10T10:11:55","slug":"siamo-capaci-di-camminare-insieme-agli-altri-siamo-capaci-di-ascoltare","status":"publish","type":"post","link":"https:\/\/exaudi.org\/it\/siamo-capaci-di-camminare-insieme-agli-altri-siamo-capaci-di-ascoltare\/","title":{"rendered":"&#8220;Siamo capaci di camminare insieme agli altri, siamo capaci di ascoltare&#8230;&#8221;"},"content":{"rendered":"<p>Alle ore 10.15 di questa mattina, XXVIII domenica del Tempo Ordinario, sul Sagrato della Basilica di San Pietro, il Santo Padre Francesco ha presieduto la Celebrazione Eucaristica e il Rito della canonizzazione dei Beati Giovanni Battista Scalabrini e Artemide Zatti. Erano presenti le<br \/>\nDelegazioni ufficiali di Italia e Argentina.<\/p>\n<p>Pubblichiamo di seguito l\u2019omelia che il Papa ha pronunciato dopo la proclamazione del Vangelo:<\/p>\n<p><strong>Omelia del Santo Padre<\/strong><\/p>\n<p>Mentre Ges\u00f9 \u00e8 in cammino, dieci lebbrosi gli vanno incontro gridandogli: \u00abAbbi piet\u00e0 di noi\u00bb (<i>Lc<\/i>\u00a017,13). Tutti e dieci vengono guariti, ma soltanto uno di loro ritorna per ringraziare Ges\u00f9: \u00e8 un samaritano, una sorta di eretico per i giudei. All\u2019inizio camminano insieme, poi per\u00f2 la differenza la fa quel samaritano, che torna indietro \u00ablodando Dio a gran voce\u00bb (v. 15). Fermiamoci su questi due aspetti che possiamo ricavare dal Vangelo odierno:\u00a0<i>camminare insieme<\/i>\u00a0e\u00a0<i>ringraziare<\/i>.<\/p>\n<p>Anzitutto,\u00a0<i>camminare insieme<\/i>. All\u2019inizio del racconto non c\u2019\u00e8 nessuna distinzione tra il samaritano e gli altri nove. Semplicemente si parla di dieci lebbrosi, che fanno gruppo tra di loro e, senza divisione, vanno incontro a Ges\u00f9. La lebbra, come sappiamo, non era soltanto una piaga fisica \u2013 che anche oggi dobbiamo impegnarci a debellare \u2013, ma anche una \u201cmalattia sociale\u201d, perch\u00e9 a quel tempo per timore della contaminazione i lebbrosi dovevano stare fuori dalla comunit\u00e0 (cfr\u00a0<i>Lv\u00a0<\/i>13,46). Quindi non potevano entrare nei centri abitati, erano tenuti a distanza, relegati ai margini della vita sociale e perfino di quella religiosa, isolati. Camminando insieme, questi lebbrosi manifestano il loro grido nei confronti di una societ\u00e0 che li esclude. E notiamo bene: il samaritano, anche se ritenuto eretico, \u201cstraniero\u201d, fa gruppo con gli altri. Fratelli e sorelle, la malattia e la fragilit\u00e0 comuni fanno cadere le barriere e superare ogni esclusione.<\/p>\n<p>Si tratta di un\u2019immagine bella anche per noi: quando siamo onesti con noi stessi, ci ricordiamo di essere tutti ammalati nel cuore, di essere tutti peccatori, tutti bisognosi della misericordia del Padre. E allora smettiamo di dividerci in base ai meriti, ai ruoli che ricopriamo o a qualche altro aspetto esteriore della vita, e cadono cos\u00ec i muri interiori, cadono i pregiudizi. Cos\u00ec, finalmente, ci riscopriamo fratelli. Anche Naam\u00e0n il siro \u2013 ci ha ricordato la prima Lettura -, pur essendo ricco e potente, per guarire ha dovuto fare una cosa semplice: immergersi nel fiume in cui si bagnavano tutti gli altri. Anzitutto ha dovuto togliere la sua armatura, le sue vesti (cfr\u00a0<i>2 Re<\/i>\u00a05): come ci fa bene togliere le nostre armature esteriori, le nostre barriere difensive e fare un bel bagno di umilt\u00e0, ricordandoci che siamo tutti fragili dentro, tutti bisognosi di guarigione, tutti fratelli. Ricordiamoci questo: la fede cristiana sempre ci chiede di camminare insieme agli altri, mai di essere marciatori solitari; sempre ci invita a uscire da noi stessi verso Dio e verso i fratelli, mai di chiuderci in noi stessi; sempre ci chiede di riconoscerci bisognosi di guarigione e di perdono, e di condividere le fragilit\u00e0 di chi ci sta vicino, senza sentirci superiori.<\/p>\n<p>Fratelli e sorelle, verifichiamo se nella nostra vita, nelle nostre famiglie, nei luoghi dove lavoriamo e che ogni giorno frequentiamo, siamo capaci di camminare insieme agli altri, siamo capaci di ascoltare, di superare la tentazione di barricarci nella nostra autoreferenzialit\u00e0 e di pensare solo ai nostri bisogni. Ma camminare insieme \u2013 cio\u00e8 essere \u201csinodali\u201d \u2013 \u00e8 anche la vocazione della Chiesa. Chiediamoci quanto siamo davvero comunit\u00e0 aperte e inclusive verso tutti; se riusciamo a lavorare insieme, preti e laici, a servizio del Vangelo; se abbiamo un atteggiamento accogliente \u2013 non solo con le parole ma con gesti concreti \u2013 verso chi \u00e8 lontano e verso tutti coloro che si avvicinano a noi, sentendosi inadeguati a causa dei loro travagliati percorsi di vita. Li facciamo sentire parte della comunit\u00e0 oppure li escludiamo? Ho paura quando vedo comunit\u00e0 cristiane che dividono il mondo in buoni e cattivi, in santi e peccatori: cos\u00ec si finisce per sentirsi migliori degli altri e tenere fuori tanti che Dio vuole abbracciare. Per favore,\u00a0<i>includere sempre<\/i>, nella Chiesa come nella societ\u00e0, ancora segnata da tante disuguaglianze ed emarginazioni. Includere tutti. E oggi, nel giorno in cui Scalabrini diventa santo, vorrei pensare ai migranti. \u00c8 scandalosa l\u2019esclusione dei migranti! Anzi, l\u2019esclusione dei migranti \u00e8 criminale, li fa morire davanti a noi. E cos\u00ec, oggi abbiamo il Mediterraneo che \u00e8 il cimitero pi\u00f9 grande del mondo. L\u2019esclusione dei migranti \u00e8 schifosa, \u00e8 peccaminosa, \u00e8 criminale, non aprire le porte a chi ha bisogno. \u201cNo, non li escludiamo, li mandiamo via\u201d: ai lager, dove sono sfruttati e venduti come schiavi. Fratelli e sorelle, oggi pensiamo ai nostri migranti, quelli che muoiono. E quelli che sono capaci di entrare, li riceviamo come fratelli o li sfruttiamo? Lascio la domanda, soltanto.<\/p>\n<p>Il secondo aspetto \u00e8\u00a0<i>ringraziare<\/i>. Nel gruppo dei dieci lebbrosi ce n\u2019\u00e8 uno solo che, vedendosi guarito, torna indietro per lodare Dio e manifestare gratitudine a Ges\u00f9. Gli altri nove vengono risanati, ma poi se ne vanno per la loro strada, dimenticandosi di Colui che li ha guariti. Dimenticare le grazie che Dio ci d\u00e0. Il samaritano, invece, fa del dono ricevuto l\u2019inizio di un nuovo cammino: ritorna da Chi lo ha sanato, va a conoscere Ges\u00f9 da vicino, inizia una relazione con Lui. Il suo atteggiamento di gratitudine non \u00e8, allora, un semplice gesto di cortesia, ma l\u2019inizio di un percorso di riconoscenza: egli si prostra ai piedi di Cristo (cfr\u00a0<i>Lc<\/i>\u00a017,16), compie cio\u00e8 un gesto di adorazione: riconosce che Ges\u00f9 \u00e8 il Signore, e che \u00e8 pi\u00f9 importante della guarigione ricevuta.<\/p>\n<p>E questa, fratelli e sorelle, \u00e8 una grande lezione anche per noi, che beneficiamo ogni giorno dei doni di Dio, ma spesso ce ne andiamo per la nostra strada dimenticandoci di coltivare una relazione viva, reale con Lui. \u00c8 una brutta malattia spirituale: dare tutto per scontato, anche la fede, anche il nostro rapporto con Dio, fino a diventare cristiani che non si sanno pi\u00f9 stupire, che non sanno pi\u00f9 dire \u201cgrazie\u201d, che non si mostrano riconoscenti, che non sanno vedere le meraviglie del Signore. \u201cCristiani all\u2019acqua di rose\u201d, come diceva una signora che ho conosciuto. E, cos\u00ec, si finisce per pensare che tutto quanto riceviamo ogni giorno sia ovvio e dovuto. La gratitudine, il saper dire \u201cgrazie\u201d, ci porta invece ad affermare la presenza di Dio-amore. E anche a riconoscere l\u2019importanza degli altri, vincendo l\u2019insoddisfazione e l\u2019indifferenza che ci abbruttiscono il cuore. \u00c8 fondamentale saper ringraziare. Ogni giorno, dire grazie al Signore, ogni giorno saperci ringraziare tra di noi: in famiglia, per quelle piccole cose che riceviamo a volte senza neanche chiederci da dove arrivino; nei luoghi che frequentiamo quotidianamente, per i tanti servizi di cui godiamo e per le persone che ci sostengono; nelle nostre comunit\u00e0 cristiane, per l\u2019amore di Dio che sperimentiamo attraverso la vicinanza di fratelli e sorelle che spesso in silenzio pregano, offrono, soffrono, camminano con noi. Per favore, non dimentichiamo questa parola-chiave: grazie! Non dimentichiamo di sentire e dire \u201cgrazie\u201d!<\/p>\n<p>I due Santi oggi canonizzati ci ricordano l\u2019importanza di camminare insieme e di saper ringraziare. Il Vescovo Scalabrini, che fond\u00f2 due Congregazioni per la cura dei migranti, una maschile e una femminile, affermava che nel comune camminare di coloro che emigrano non bisogna vedere solo problemi, ma anche un disegno della Provvidenza: \u00abProprio a causa delle migrazioni forzate dalle persecuzioni \u2013 egli disse \u2013 la Chiesa super\u00f2 i confini di Gerusalemme e di Israele e divenne \u201ccattolica\u201d; grazie alle migrazioni di oggi la Chiesa sar\u00e0 strumento di pace e di comunione tra i popoli\u00bb (<i>L\u2019emigrazione degli operai italiani<\/i>, Ferrara 1899). C\u2019\u00e8 una migrazione, in questo momento, qui in Europa, che ci fa soffrire tanto e ci muove ad aprire il cuore: la migrazione degli ucraini che fuggono dalla guerra. Non dimentichiamo oggi la martoriata Ucraina! Scalabrini guardava oltre, guardava avanti, verso un mondo e una Chiesa senza barriere, senza stranieri. Da parte sua, il fratello salesiano Artemide Zatti, con la sua bicicletta, \u00e8 stato un esempio vivente di gratitudine: guarito dalla tubercolosi, dedic\u00f2 tutta la vita a gratificare gli altri, a curare gli infermi con amore e tenerezza. Si racconta di averlo visto caricarsi sulle spalle il corpo morto di uno dei suoi ammalati. Pieno di gratitudine per quanto aveva ricevuto, volle dire il suo \u201cgrazie\u201d facendosi carico delle ferite degli altri. Due esempi.<\/p>\n<p>Preghiamo perch\u00e9 questi nostri santi fratelli ci aiutino a camminare insieme, senza muri di divisione; e a coltivare questa nobilt\u00e0 d\u2019animo tanto gradita a Dio che \u00e8 la gratitudine.<\/p>\n<p>&nbsp;<\/p>\n","protected":false},"excerpt":{"rendered":"<p>\u00c8 la vocazione della Chiesa<\/p>\n","protected":false},"author":17,"featured_media":63657,"comment_status":"closed","ping_status":"closed","sticky":false,"template":"","format":"standard","meta":{"_acf_changed":false,"_crdt_document":"","inline_featured_image":false,"footnotes":""},"categories":[67,113],"tags":[7208,7207,6923,2487,251],"class_list":["post-63607","post","type-post","status-publish","format-standard","has-post-thumbnail","hentry","category-leone-xiv","category-omelie","tag-artemide-zatti","tag-beati-giovanni-battista-scalabrini","tag-canonizzazione","tag-featured-3","tag-papa-francesco"],"acf":[],"yoast_head":"<!-- This site is optimized with the Yoast SEO plugin v27.5 - https:\/\/yoast.com\/product\/yoast-seo-wordpress\/ -->\n<title>&quot;Siamo capaci di camminare insieme agli altri, siamo capaci di ascoltare...&quot; &#8211; Exaudi<\/title>\n<meta name=\"robots\" content=\"index, follow, max-snippet:-1, max-image-preview:large, max-video-preview:-1\" \/>\n<link rel=\"canonical\" href=\"https:\/\/exaudi.org\/it\/siamo-capaci-di-camminare-insieme-agli-altri-siamo-capaci-di-ascoltare\/\" \/>\n<meta property=\"og:locale\" content=\"it_IT\" \/>\n<meta property=\"og:type\" content=\"article\" \/>\n<meta property=\"og:title\" content=\"&quot;Siamo capaci di camminare insieme agli altri, siamo capaci di ascoltare...&quot; &#8211; Exaudi\" \/>\n<meta property=\"og:description\" content=\"\u00c8 la vocazione della Chiesa\" \/>\n<meta property=\"og:url\" content=\"https:\/\/exaudi.org\/it\/siamo-capaci-di-camminare-insieme-agli-altri-siamo-capaci-di-ascoltare\/\" \/>\n<meta property=\"og:site_name\" content=\"Exaudi\" \/>\n<meta property=\"article:publisher\" content=\"https:\/\/www.facebook.com\/ExaudiNews\" \/>\n<meta property=\"article:author\" content=\"https:\/\/www.facebook.com\/ExaudiNotizie\/\" \/>\n<meta property=\"article:published_time\" content=\"2022-10-09T13:36:24+00:00\" \/>\n<meta property=\"article:modified_time\" content=\"2022-10-10T10:11:55+00:00\" \/>\n<meta property=\"og:image\" content=\"https:\/\/exaudi.org\/wp-content\/uploads\/2022\/10\/DSC4661-scaled.jpg\" \/>\n\t<meta property=\"og:image:width\" content=\"2560\" \/>\n\t<meta property=\"og:image:height\" content=\"1707\" \/>\n\t<meta property=\"og:image:type\" content=\"image\/jpeg\" \/>\n<meta name=\"author\" content=\"Exaudi Redazione\" \/>\n<meta name=\"twitter:card\" content=\"summary_large_image\" \/>\n<meta name=\"twitter:creator\" content=\"@Exaudi_Notizie\" \/>\n<meta name=\"twitter:site\" content=\"@Exaudi_News\" \/>\n<meta name=\"twitter:label1\" content=\"Scritto da\" \/>\n\t<meta name=\"twitter:data1\" content=\"Exaudi Redazione\" \/>\n\t<meta name=\"twitter:label2\" content=\"Tempo di lettura stimato\" \/>\n\t<meta name=\"twitter:data2\" content=\"7 minuti\" \/>\n<script type=\"application\/ld+json\" class=\"yoast-schema-graph\">{\"@context\":\"https:\\\/\\\/schema.org\",\"@graph\":[{\"@type\":\"Article\",\"@id\":\"https:\\\/\\\/exaudi.org\\\/it\\\/siamo-capaci-di-camminare-insieme-agli-altri-siamo-capaci-di-ascoltare\\\/#article\",\"isPartOf\":{\"@id\":\"https:\\\/\\\/exaudi.org\\\/it\\\/siamo-capaci-di-camminare-insieme-agli-altri-siamo-capaci-di-ascoltare\\\/\"},\"author\":{\"name\":\"Exaudi Redazione\",\"@id\":\"https:\\\/\\\/exaudi.org\\\/#\\\/schema\\\/person\\\/e1ab6ed07c01774724dd96f925f3a5f0\"},\"headline\":\"&#8220;Siamo capaci di camminare insieme agli altri, siamo capaci di ascoltare&#8230;&#8221;\",\"datePublished\":\"2022-10-09T13:36:24+00:00\",\"dateModified\":\"2022-10-10T10:11:55+00:00\",\"mainEntityOfPage\":{\"@id\":\"https:\\\/\\\/exaudi.org\\\/it\\\/siamo-capaci-di-camminare-insieme-agli-altri-siamo-capaci-di-ascoltare\\\/\"},\"wordCount\":1409,\"image\":{\"@id\":\"https:\\\/\\\/exaudi.org\\\/it\\\/siamo-capaci-di-camminare-insieme-agli-altri-siamo-capaci-di-ascoltare\\\/#primaryimage\"},\"thumbnailUrl\":\"https:\\\/\\\/exaudi.org\\\/wp-content\\\/uploads\\\/2022\\\/10\\\/DSC4661-scaled.jpg\",\"keywords\":[\"Artemide Zatti\",\"Beati Giovanni Battista Scalabrini\",\"Canonizzazione\",\"Featured\",\"Papa Francesco\"],\"articleSection\":[\"Leone XIV\",\"Omelie\"],\"inLanguage\":\"it-IT\"},{\"@type\":\"WebPage\",\"@id\":\"https:\\\/\\\/exaudi.org\\\/it\\\/siamo-capaci-di-camminare-insieme-agli-altri-siamo-capaci-di-ascoltare\\\/\",\"url\":\"https:\\\/\\\/exaudi.org\\\/it\\\/siamo-capaci-di-camminare-insieme-agli-altri-siamo-capaci-di-ascoltare\\\/\",\"name\":\"\\\"Siamo capaci di camminare insieme agli altri, siamo capaci di ascoltare...\\\" &#8211; Exaudi\",\"isPartOf\":{\"@id\":\"https:\\\/\\\/exaudi.org\\\/#website\"},\"primaryImageOfPage\":{\"@id\":\"https:\\\/\\\/exaudi.org\\\/it\\\/siamo-capaci-di-camminare-insieme-agli-altri-siamo-capaci-di-ascoltare\\\/#primaryimage\"},\"image\":{\"@id\":\"https:\\\/\\\/exaudi.org\\\/it\\\/siamo-capaci-di-camminare-insieme-agli-altri-siamo-capaci-di-ascoltare\\\/#primaryimage\"},\"thumbnailUrl\":\"https:\\\/\\\/exaudi.org\\\/wp-content\\\/uploads\\\/2022\\\/10\\\/DSC4661-scaled.jpg\",\"datePublished\":\"2022-10-09T13:36:24+00:00\",\"dateModified\":\"2022-10-10T10:11:55+00:00\",\"author\":{\"@id\":\"https:\\\/\\\/exaudi.org\\\/#\\\/schema\\\/person\\\/e1ab6ed07c01774724dd96f925f3a5f0\"},\"breadcrumb\":{\"@id\":\"https:\\\/\\\/exaudi.org\\\/it\\\/siamo-capaci-di-camminare-insieme-agli-altri-siamo-capaci-di-ascoltare\\\/#breadcrumb\"},\"inLanguage\":\"it-IT\",\"potentialAction\":[{\"@type\":\"ReadAction\",\"target\":[\"https:\\\/\\\/exaudi.org\\\/it\\\/siamo-capaci-di-camminare-insieme-agli-altri-siamo-capaci-di-ascoltare\\\/\"]}]},{\"@type\":\"ImageObject\",\"inLanguage\":\"it-IT\",\"@id\":\"https:\\\/\\\/exaudi.org\\\/it\\\/siamo-capaci-di-camminare-insieme-agli-altri-siamo-capaci-di-ascoltare\\\/#primaryimage\",\"url\":\"https:\\\/\\\/exaudi.org\\\/wp-content\\\/uploads\\\/2022\\\/10\\\/DSC4661-scaled.jpg\",\"contentUrl\":\"https:\\\/\\\/exaudi.org\\\/wp-content\\\/uploads\\\/2022\\\/10\\\/DSC4661-scaled.jpg\",\"width\":2560,\"height\":1707,\"caption\":\"\u00a9 Vatican Media\"},{\"@type\":\"BreadcrumbList\",\"@id\":\"https:\\\/\\\/exaudi.org\\\/it\\\/siamo-capaci-di-camminare-insieme-agli-altri-siamo-capaci-di-ascoltare\\\/#breadcrumb\",\"itemListElement\":[{\"@type\":\"ListItem\",\"position\":1,\"name\":\"Portada\",\"item\":\"https:\\\/\\\/exaudi.org\\\/it\\\/\"},{\"@type\":\"ListItem\",\"position\":2,\"name\":\"&#8220;Siamo capaci di camminare insieme agli altri, siamo capaci di ascoltare&#8230;&#8221;\"}]},{\"@type\":\"WebSite\",\"@id\":\"https:\\\/\\\/exaudi.org\\\/#website\",\"url\":\"https:\\\/\\\/exaudi.org\\\/\",\"name\":\"Exaudi\",\"description\":\"News\",\"potentialAction\":[{\"@type\":\"SearchAction\",\"target\":{\"@type\":\"EntryPoint\",\"urlTemplate\":\"https:\\\/\\\/exaudi.org\\\/?s={search_term_string}\"},\"query-input\":{\"@type\":\"PropertyValueSpecification\",\"valueRequired\":true,\"valueName\":\"search_term_string\"}}],\"inLanguage\":\"it-IT\"},{\"@type\":\"Person\",\"@id\":\"https:\\\/\\\/exaudi.org\\\/#\\\/schema\\\/person\\\/e1ab6ed07c01774724dd96f925f3a5f0\",\"name\":\"Exaudi Redazione\",\"image\":{\"@type\":\"ImageObject\",\"inLanguage\":\"it-IT\",\"@id\":\"https:\\\/\\\/secure.gravatar.com\\\/avatar\\\/ad6774b3ada023bf5b939d64f45c94b3adf91502dd883507d469b4308a943bb3?s=96&d=mm&r=g\",\"url\":\"https:\\\/\\\/secure.gravatar.com\\\/avatar\\\/ad6774b3ada023bf5b939d64f45c94b3adf91502dd883507d469b4308a943bb3?s=96&d=mm&r=g\",\"contentUrl\":\"https:\\\/\\\/secure.gravatar.com\\\/avatar\\\/ad6774b3ada023bf5b939d64f45c94b3adf91502dd883507d469b4308a943bb3?s=96&d=mm&r=g\",\"caption\":\"Exaudi Redazione\"},\"description\":\"Che cosa \u00e8 Exaudi News? Exaudi News \u00e8 un agenzia cattolica internazionale che informa, istruisce e trasforma quotidianamente in spagnolo, inglese e italiano. Attraverso notizie, articoli di analisi e trasmissioni in diretta degli eventi del Papa, Exaudi cerca di rafforzare l'unit\u00e0 dei cristiani e di contribuire all'evangelizzazione del mondo, sempre guidato dalla dottrina sociale della Chiesa. Lavoriamo per portare la verit\u00e0 e i valori cristiani in ogni angolo del pianeta. Aiutaci a trasformare il mondo con Exaudi! Noi di Exaudi crediamo che l'evangelizzazione e l'informazione di qualit\u00e0 possano cambiare la vita. Per continuare la nostra missione ed espandere la nostra portata, abbiamo bisogno del tuo aiuto. Stiamo anche cercando persone motivate che vogliano unirsi al nostro team. Grazie al vostro sostegno raggiungeremo pi\u00f9 persone, diffonderemo il messaggio di Cristo e rafforzeremo l'unit\u00e0 dei cristiani. Vuoi unirti alla nostra missione? Per maggiori informazioni su come contribuire, visita Exaudi.org\\\/it o contattaci direttamente: info@exaudi.org Exaudi: informa, forma e trasforma.\",\"sameAs\":[\"https:\\\/\\\/www.facebook.com\\\/ExaudiNotizie\\\/\",\"https:\\\/\\\/www.instagram.com\\\/Exaudi_notizie\\\/\",\"https:\\\/\\\/x.com\\\/Exaudi_Notizie\",\"https:\\\/\\\/www.youtube.com\\\/@exaudicatholicnews\"],\"url\":\"https:\\\/\\\/exaudi.org\\\/it\\\/author\\\/dlvedi-org\\\/\"}]}<\/script>\n<!-- \/ Yoast SEO plugin. -->","yoast_head_json":{"title":"\"Siamo capaci di camminare insieme agli altri, siamo capaci di ascoltare...\" &#8211; Exaudi","robots":{"index":"index","follow":"follow","max-snippet":"max-snippet:-1","max-image-preview":"max-image-preview:large","max-video-preview":"max-video-preview:-1"},"canonical":"https:\/\/exaudi.org\/it\/siamo-capaci-di-camminare-insieme-agli-altri-siamo-capaci-di-ascoltare\/","og_locale":"it_IT","og_type":"article","og_title":"\"Siamo capaci di camminare insieme agli altri, siamo capaci di ascoltare...\" &#8211; Exaudi","og_description":"\u00c8 la vocazione della Chiesa","og_url":"https:\/\/exaudi.org\/it\/siamo-capaci-di-camminare-insieme-agli-altri-siamo-capaci-di-ascoltare\/","og_site_name":"Exaudi","article_publisher":"https:\/\/www.facebook.com\/ExaudiNews","article_author":"https:\/\/www.facebook.com\/ExaudiNotizie\/","article_published_time":"2022-10-09T13:36:24+00:00","article_modified_time":"2022-10-10T10:11:55+00:00","og_image":[{"width":2560,"height":1707,"url":"https:\/\/exaudi.org\/wp-content\/uploads\/2022\/10\/DSC4661-scaled.jpg","type":"image\/jpeg"}],"author":"Exaudi Redazione","twitter_card":"summary_large_image","twitter_creator":"@Exaudi_Notizie","twitter_site":"@Exaudi_News","twitter_misc":{"Scritto da":"Exaudi Redazione","Tempo di lettura stimato":"7 minuti"},"schema":{"@context":"https:\/\/schema.org","@graph":[{"@type":"Article","@id":"https:\/\/exaudi.org\/it\/siamo-capaci-di-camminare-insieme-agli-altri-siamo-capaci-di-ascoltare\/#article","isPartOf":{"@id":"https:\/\/exaudi.org\/it\/siamo-capaci-di-camminare-insieme-agli-altri-siamo-capaci-di-ascoltare\/"},"author":{"name":"Exaudi Redazione","@id":"https:\/\/exaudi.org\/#\/schema\/person\/e1ab6ed07c01774724dd96f925f3a5f0"},"headline":"&#8220;Siamo capaci di camminare insieme agli altri, siamo capaci di ascoltare&#8230;&#8221;","datePublished":"2022-10-09T13:36:24+00:00","dateModified":"2022-10-10T10:11:55+00:00","mainEntityOfPage":{"@id":"https:\/\/exaudi.org\/it\/siamo-capaci-di-camminare-insieme-agli-altri-siamo-capaci-di-ascoltare\/"},"wordCount":1409,"image":{"@id":"https:\/\/exaudi.org\/it\/siamo-capaci-di-camminare-insieme-agli-altri-siamo-capaci-di-ascoltare\/#primaryimage"},"thumbnailUrl":"https:\/\/exaudi.org\/wp-content\/uploads\/2022\/10\/DSC4661-scaled.jpg","keywords":["Artemide Zatti","Beati Giovanni Battista Scalabrini","Canonizzazione","Featured","Papa Francesco"],"articleSection":["Leone XIV","Omelie"],"inLanguage":"it-IT"},{"@type":"WebPage","@id":"https:\/\/exaudi.org\/it\/siamo-capaci-di-camminare-insieme-agli-altri-siamo-capaci-di-ascoltare\/","url":"https:\/\/exaudi.org\/it\/siamo-capaci-di-camminare-insieme-agli-altri-siamo-capaci-di-ascoltare\/","name":"\"Siamo capaci di camminare insieme agli altri, siamo capaci di ascoltare...\" &#8211; Exaudi","isPartOf":{"@id":"https:\/\/exaudi.org\/#website"},"primaryImageOfPage":{"@id":"https:\/\/exaudi.org\/it\/siamo-capaci-di-camminare-insieme-agli-altri-siamo-capaci-di-ascoltare\/#primaryimage"},"image":{"@id":"https:\/\/exaudi.org\/it\/siamo-capaci-di-camminare-insieme-agli-altri-siamo-capaci-di-ascoltare\/#primaryimage"},"thumbnailUrl":"https:\/\/exaudi.org\/wp-content\/uploads\/2022\/10\/DSC4661-scaled.jpg","datePublished":"2022-10-09T13:36:24+00:00","dateModified":"2022-10-10T10:11:55+00:00","author":{"@id":"https:\/\/exaudi.org\/#\/schema\/person\/e1ab6ed07c01774724dd96f925f3a5f0"},"breadcrumb":{"@id":"https:\/\/exaudi.org\/it\/siamo-capaci-di-camminare-insieme-agli-altri-siamo-capaci-di-ascoltare\/#breadcrumb"},"inLanguage":"it-IT","potentialAction":[{"@type":"ReadAction","target":["https:\/\/exaudi.org\/it\/siamo-capaci-di-camminare-insieme-agli-altri-siamo-capaci-di-ascoltare\/"]}]},{"@type":"ImageObject","inLanguage":"it-IT","@id":"https:\/\/exaudi.org\/it\/siamo-capaci-di-camminare-insieme-agli-altri-siamo-capaci-di-ascoltare\/#primaryimage","url":"https:\/\/exaudi.org\/wp-content\/uploads\/2022\/10\/DSC4661-scaled.jpg","contentUrl":"https:\/\/exaudi.org\/wp-content\/uploads\/2022\/10\/DSC4661-scaled.jpg","width":2560,"height":1707,"caption":"\u00a9 Vatican Media"},{"@type":"BreadcrumbList","@id":"https:\/\/exaudi.org\/it\/siamo-capaci-di-camminare-insieme-agli-altri-siamo-capaci-di-ascoltare\/#breadcrumb","itemListElement":[{"@type":"ListItem","position":1,"name":"Portada","item":"https:\/\/exaudi.org\/it\/"},{"@type":"ListItem","position":2,"name":"&#8220;Siamo capaci di camminare insieme agli altri, siamo capaci di ascoltare&#8230;&#8221;"}]},{"@type":"WebSite","@id":"https:\/\/exaudi.org\/#website","url":"https:\/\/exaudi.org\/","name":"Exaudi","description":"News","potentialAction":[{"@type":"SearchAction","target":{"@type":"EntryPoint","urlTemplate":"https:\/\/exaudi.org\/?s={search_term_string}"},"query-input":{"@type":"PropertyValueSpecification","valueRequired":true,"valueName":"search_term_string"}}],"inLanguage":"it-IT"},{"@type":"Person","@id":"https:\/\/exaudi.org\/#\/schema\/person\/e1ab6ed07c01774724dd96f925f3a5f0","name":"Exaudi Redazione","image":{"@type":"ImageObject","inLanguage":"it-IT","@id":"https:\/\/secure.gravatar.com\/avatar\/ad6774b3ada023bf5b939d64f45c94b3adf91502dd883507d469b4308a943bb3?s=96&d=mm&r=g","url":"https:\/\/secure.gravatar.com\/avatar\/ad6774b3ada023bf5b939d64f45c94b3adf91502dd883507d469b4308a943bb3?s=96&d=mm&r=g","contentUrl":"https:\/\/secure.gravatar.com\/avatar\/ad6774b3ada023bf5b939d64f45c94b3adf91502dd883507d469b4308a943bb3?s=96&d=mm&r=g","caption":"Exaudi Redazione"},"description":"Che cosa \u00e8 Exaudi News? Exaudi News \u00e8 un agenzia cattolica internazionale che informa, istruisce e trasforma quotidianamente in spagnolo, inglese e italiano. Attraverso notizie, articoli di analisi e trasmissioni in diretta degli eventi del Papa, Exaudi cerca di rafforzare l'unit\u00e0 dei cristiani e di contribuire all'evangelizzazione del mondo, sempre guidato dalla dottrina sociale della Chiesa. Lavoriamo per portare la verit\u00e0 e i valori cristiani in ogni angolo del pianeta. Aiutaci a trasformare il mondo con Exaudi! Noi di Exaudi crediamo che l'evangelizzazione e l'informazione di qualit\u00e0 possano cambiare la vita. Per continuare la nostra missione ed espandere la nostra portata, abbiamo bisogno del tuo aiuto. Stiamo anche cercando persone motivate che vogliano unirsi al nostro team. Grazie al vostro sostegno raggiungeremo pi\u00f9 persone, diffonderemo il messaggio di Cristo e rafforzeremo l'unit\u00e0 dei cristiani. Vuoi unirti alla nostra missione? Per maggiori informazioni su come contribuire, visita Exaudi.org\/it o contattaci direttamente: info@exaudi.org Exaudi: informa, forma e trasforma.","sameAs":["https:\/\/www.facebook.com\/ExaudiNotizie\/","https:\/\/www.instagram.com\/Exaudi_notizie\/","https:\/\/x.com\/Exaudi_Notizie","https:\/\/www.youtube.com\/@exaudicatholicnews"],"url":"https:\/\/exaudi.org\/it\/author\/dlvedi-org\/"}]}},"jetpack_featured_media_url":"https:\/\/exaudi.org\/wp-content\/uploads\/2022\/10\/DSC4661-scaled.jpg","jetpack_shortlink":"https:\/\/wp.me\/pgKjF2-gxV","_links":{"self":[{"href":"https:\/\/exaudi.org\/it\/wp-json\/wp\/v2\/posts\/63607","targetHints":{"allow":["GET"]}}],"collection":[{"href":"https:\/\/exaudi.org\/it\/wp-json\/wp\/v2\/posts"}],"about":[{"href":"https:\/\/exaudi.org\/it\/wp-json\/wp\/v2\/types\/post"}],"author":[{"embeddable":true,"href":"https:\/\/exaudi.org\/it\/wp-json\/wp\/v2\/users\/17"}],"replies":[{"embeddable":true,"href":"https:\/\/exaudi.org\/it\/wp-json\/wp\/v2\/comments?post=63607"}],"version-history":[{"count":0,"href":"https:\/\/exaudi.org\/it\/wp-json\/wp\/v2\/posts\/63607\/revisions"}],"wp:featuredmedia":[{"embeddable":true,"href":"https:\/\/exaudi.org\/it\/wp-json\/wp\/v2\/media\/63657"}],"wp:attachment":[{"href":"https:\/\/exaudi.org\/it\/wp-json\/wp\/v2\/media?parent=63607"}],"wp:term":[{"taxonomy":"category","embeddable":true,"href":"https:\/\/exaudi.org\/it\/wp-json\/wp\/v2\/categories?post=63607"},{"taxonomy":"post_tag","embeddable":true,"href":"https:\/\/exaudi.org\/it\/wp-json\/wp\/v2\/tags?post=63607"}],"curies":[{"name":"wp","href":"https:\/\/api.w.org\/{rel}","templated":true}]}}