{"id":63158,"date":"2022-10-01T19:40:39","date_gmt":"2022-10-01T17:40:39","guid":{"rendered":"https:\/\/exaudi.org\/?p=63158"},"modified":"2022-10-01T19:50:03","modified_gmt":"2022-10-01T17:50:03","slug":"papa-lautorita-e-nel-servizio-fatto-con-il-cuore","status":"publish","type":"post","link":"https:\/\/exaudi.org\/it\/papa-lautorita-e-nel-servizio-fatto-con-il-cuore\/","title":{"rendered":"Papa:  &#8220;L&#8217;autorit\u00e0 \u00e8 nel servizio fatto con il cuore&#8221;"},"content":{"rendered":"<p>Santa Messa per il Corpo della Gendarmeria Vaticana, nella Grotta di Lourdes ai Giardini Vaticani<\/p>\n<p>Questo pomeriggio, alle ore 17.00, presso la Grotta di Lourdes nei Giardini Vaticani, il Santo Padre Francesco presiede la Celebrazione Eucaristica per il Corpo della Gendarmeria Vaticana, in occasione della ricorrenza di San Michele Arcangelo, patrono e protettore della Polizia di Stato Italiana e del Corpo della Gendarmeria Vaticana, che si celebra il 29 settembre.<\/p>\n<p>A questo proposito, ricordiamo alcune dichiarazioni del Papa alla Gendarmeria:\u00a0 &#8220;la strada che Dio ha scelto in Ges\u00f9 Cristo per perdonarci, per convertirci&#8221;, \u00e8 la strada del servizio.\u00a0 Il percorso che punta all&#8217;umilt\u00e0, alla vicinanza e alla fraternit\u00e0.<\/p>\n<p>Sottolineando che la conversione \u00e8 un abbraccio con Dio, un percorso d&#8217;incontro reciproco in cui si dispiega ci\u00f2 che Ges\u00f9 dispiega dal padre al figlio prodigo.<\/p>\n<p>Il Papa \u00e8 grato, della Gendarmeria Vaticana perch\u00e9 vede che il suo servizio segue questo percorso.<\/p>\n<p>&#8220;Prendete sempre questa strada per la conversione delle persone e anche per la vostra stessa conversione.<\/p>\n<p>&nbsp;<\/p>\n","protected":false},"excerpt":{"rendered":"<p>Vi ringrazio, perch\u00e9 vedo che il vostro servizio segue questo percorso<\/p>\n","protected":false},"author":17,"featured_media":63169,"comment_status":"closed","ping_status":"closed","sticky":false,"template":"","format":"standard","meta":{"_acf_changed":false,"_crdt_document":"","inline_featured_image":false,"footnotes":""},"categories":[67,131],"tags":[251,7131,266],"class_list":["post-63158","post","type-post","status-publish","format-standard","has-post-thumbnail","hentry","category-leone-xiv","category-vaticano","tag-papa-francesco","tag-san-michele-arcangelo","tag-vaticano"],"acf":[],"yoast_head":"<!-- This site is optimized with the Yoast SEO plugin v27.5 - https:\/\/yoast.com\/product\/yoast-seo-wordpress\/ -->\n<title>Papa: &quot;L&#039;autorit\u00e0 \u00e8 nel servizio fatto con il cuore&quot; &#8211; Exaudi<\/title>\n<meta name=\"robots\" content=\"index, follow, max-snippet:-1, max-image-preview:large, max-video-preview:-1\" \/>\n<link rel=\"canonical\" href=\"https:\/\/exaudi.org\/it\/papa-lautorita-e-nel-servizio-fatto-con-il-cuore\/\" \/>\n<meta property=\"og:locale\" content=\"it_IT\" \/>\n<meta property=\"og:type\" content=\"article\" \/>\n<meta property=\"og:title\" content=\"Papa: &quot;L&#039;autorit\u00e0 \u00e8 nel servizio fatto con il cuore&quot; &#8211; Exaudi\" \/>\n<meta property=\"og:description\" content=\"Vi ringrazio, perch\u00e9 vedo che il vostro servizio segue questo percorso\" \/>\n<meta property=\"og:url\" content=\"https:\/\/exaudi.org\/it\/papa-lautorita-e-nel-servizio-fatto-con-il-cuore\/\" \/>\n<meta property=\"og:site_name\" content=\"Exaudi\" \/>\n<meta property=\"article:publisher\" content=\"https:\/\/www.facebook.com\/ExaudiNews\" \/>\n<meta property=\"article:author\" content=\"https:\/\/www.facebook.com\/ExaudiNotizie\/\" \/>\n<meta property=\"article:published_time\" content=\"2022-10-01T17:40:39+00:00\" \/>\n<meta property=\"article:modified_time\" content=\"2022-10-01T17:50:03+00:00\" \/>\n<meta property=\"og:image\" content=\"https:\/\/exaudi.org\/wp-content\/uploads\/2022\/10\/thumbnail_mt01102022175052_00076.jpg\" \/>\n\t<meta property=\"og:image:width\" content=\"1280\" \/>\n\t<meta property=\"og:image:height\" content=\"853\" \/>\n\t<meta property=\"og:image:type\" content=\"image\/jpeg\" \/>\n<meta name=\"author\" content=\"Exaudi Redazione\" \/>\n<meta name=\"twitter:card\" content=\"summary_large_image\" \/>\n<meta name=\"twitter:creator\" content=\"@Exaudi_Notizie\" \/>\n<meta name=\"twitter:site\" content=\"@Exaudi_News\" \/>\n<meta name=\"twitter:label1\" content=\"Scritto da\" \/>\n\t<meta name=\"twitter:data1\" content=\"Exaudi Redazione\" \/>\n\t<meta name=\"twitter:label2\" content=\"Tempo di lettura stimato\" \/>\n\t<meta name=\"twitter:data2\" content=\"1 minuto\" \/>\n<script type=\"application\/ld+json\" class=\"yoast-schema-graph\">{\"@context\":\"https:\\\/\\\/schema.org\",\"@graph\":[{\"@type\":\"Article\",\"@id\":\"https:\\\/\\\/exaudi.org\\\/it\\\/papa-lautorita-e-nel-servizio-fatto-con-il-cuore\\\/#article\",\"isPartOf\":{\"@id\":\"https:\\\/\\\/exaudi.org\\\/it\\\/papa-lautorita-e-nel-servizio-fatto-con-il-cuore\\\/\"},\"author\":{\"name\":\"Exaudi Redazione\",\"@id\":\"https:\\\/\\\/exaudi.org\\\/#\\\/schema\\\/person\\\/e1ab6ed07c01774724dd96f925f3a5f0\"},\"headline\":\"Papa: &#8220;L&#8217;autorit\u00e0 \u00e8 nel servizio fatto con il cuore&#8221;\",\"datePublished\":\"2022-10-01T17:40:39+00:00\",\"dateModified\":\"2022-10-01T17:50:03+00:00\",\"mainEntityOfPage\":{\"@id\":\"https:\\\/\\\/exaudi.org\\\/it\\\/papa-lautorita-e-nel-servizio-fatto-con-il-cuore\\\/\"},\"wordCount\":173,\"image\":{\"@id\":\"https:\\\/\\\/exaudi.org\\\/it\\\/papa-lautorita-e-nel-servizio-fatto-con-il-cuore\\\/#primaryimage\"},\"thumbnailUrl\":\"https:\\\/\\\/exaudi.org\\\/wp-content\\\/uploads\\\/2022\\\/10\\\/thumbnail_mt01102022175052_00076.jpg\",\"keywords\":[\"Papa Francesco\",\"San Michele Arcangelo\",\"Vaticano\"],\"articleSection\":[\"Leone XIV\",\"Vaticano\"],\"inLanguage\":\"it-IT\"},{\"@type\":\"WebPage\",\"@id\":\"https:\\\/\\\/exaudi.org\\\/it\\\/papa-lautorita-e-nel-servizio-fatto-con-il-cuore\\\/\",\"url\":\"https:\\\/\\\/exaudi.org\\\/it\\\/papa-lautorita-e-nel-servizio-fatto-con-il-cuore\\\/\",\"name\":\"Papa: \\\"L'autorit\u00e0 \u00e8 nel servizio fatto con il cuore\\\" &#8211; Exaudi\",\"isPartOf\":{\"@id\":\"https:\\\/\\\/exaudi.org\\\/#website\"},\"primaryImageOfPage\":{\"@id\":\"https:\\\/\\\/exaudi.org\\\/it\\\/papa-lautorita-e-nel-servizio-fatto-con-il-cuore\\\/#primaryimage\"},\"image\":{\"@id\":\"https:\\\/\\\/exaudi.org\\\/it\\\/papa-lautorita-e-nel-servizio-fatto-con-il-cuore\\\/#primaryimage\"},\"thumbnailUrl\":\"https:\\\/\\\/exaudi.org\\\/wp-content\\\/uploads\\\/2022\\\/10\\\/thumbnail_mt01102022175052_00076.jpg\",\"datePublished\":\"2022-10-01T17:40:39+00:00\",\"dateModified\":\"2022-10-01T17:50:03+00:00\",\"author\":{\"@id\":\"https:\\\/\\\/exaudi.org\\\/#\\\/schema\\\/person\\\/e1ab6ed07c01774724dd96f925f3a5f0\"},\"breadcrumb\":{\"@id\":\"https:\\\/\\\/exaudi.org\\\/it\\\/papa-lautorita-e-nel-servizio-fatto-con-il-cuore\\\/#breadcrumb\"},\"inLanguage\":\"it-IT\",\"potentialAction\":[{\"@type\":\"ReadAction\",\"target\":[\"https:\\\/\\\/exaudi.org\\\/it\\\/papa-lautorita-e-nel-servizio-fatto-con-il-cuore\\\/\"]}]},{\"@type\":\"ImageObject\",\"inLanguage\":\"it-IT\",\"@id\":\"https:\\\/\\\/exaudi.org\\\/it\\\/papa-lautorita-e-nel-servizio-fatto-con-il-cuore\\\/#primaryimage\",\"url\":\"https:\\\/\\\/exaudi.org\\\/wp-content\\\/uploads\\\/2022\\\/10\\\/thumbnail_mt01102022175052_00076.jpg\",\"contentUrl\":\"https:\\\/\\\/exaudi.org\\\/wp-content\\\/uploads\\\/2022\\\/10\\\/thumbnail_mt01102022175052_00076.jpg\",\"width\":1280,\"height\":853,\"caption\":\"\u00a9 Vatican Media\"},{\"@type\":\"BreadcrumbList\",\"@id\":\"https:\\\/\\\/exaudi.org\\\/it\\\/papa-lautorita-e-nel-servizio-fatto-con-il-cuore\\\/#breadcrumb\",\"itemListElement\":[{\"@type\":\"ListItem\",\"position\":1,\"name\":\"Portada\",\"item\":\"https:\\\/\\\/exaudi.org\\\/it\\\/\"},{\"@type\":\"ListItem\",\"position\":2,\"name\":\"Papa: &#8220;L&#8217;autorit\u00e0 \u00e8 nel servizio fatto con il cuore&#8221;\"}]},{\"@type\":\"WebSite\",\"@id\":\"https:\\\/\\\/exaudi.org\\\/#website\",\"url\":\"https:\\\/\\\/exaudi.org\\\/\",\"name\":\"Exaudi\",\"description\":\"News\",\"potentialAction\":[{\"@type\":\"SearchAction\",\"target\":{\"@type\":\"EntryPoint\",\"urlTemplate\":\"https:\\\/\\\/exaudi.org\\\/?s={search_term_string}\"},\"query-input\":{\"@type\":\"PropertyValueSpecification\",\"valueRequired\":true,\"valueName\":\"search_term_string\"}}],\"inLanguage\":\"it-IT\"},{\"@type\":\"Person\",\"@id\":\"https:\\\/\\\/exaudi.org\\\/#\\\/schema\\\/person\\\/e1ab6ed07c01774724dd96f925f3a5f0\",\"name\":\"Exaudi Redazione\",\"image\":{\"@type\":\"ImageObject\",\"inLanguage\":\"it-IT\",\"@id\":\"https:\\\/\\\/secure.gravatar.com\\\/avatar\\\/ad6774b3ada023bf5b939d64f45c94b3adf91502dd883507d469b4308a943bb3?s=96&d=mm&r=g\",\"url\":\"https:\\\/\\\/secure.gravatar.com\\\/avatar\\\/ad6774b3ada023bf5b939d64f45c94b3adf91502dd883507d469b4308a943bb3?s=96&d=mm&r=g\",\"contentUrl\":\"https:\\\/\\\/secure.gravatar.com\\\/avatar\\\/ad6774b3ada023bf5b939d64f45c94b3adf91502dd883507d469b4308a943bb3?s=96&d=mm&r=g\",\"caption\":\"Exaudi Redazione\"},\"description\":\"Che cosa \u00e8 Exaudi News? Exaudi News \u00e8 un agenzia cattolica internazionale che informa, istruisce e trasforma quotidianamente in spagnolo, inglese e italiano. Attraverso notizie, articoli di analisi e trasmissioni in diretta degli eventi del Papa, Exaudi cerca di rafforzare l'unit\u00e0 dei cristiani e di contribuire all'evangelizzazione del mondo, sempre guidato dalla dottrina sociale della Chiesa. Lavoriamo per portare la verit\u00e0 e i valori cristiani in ogni angolo del pianeta. Aiutaci a trasformare il mondo con Exaudi! Noi di Exaudi crediamo che l'evangelizzazione e l'informazione di qualit\u00e0 possano cambiare la vita. Per continuare la nostra missione ed espandere la nostra portata, abbiamo bisogno del tuo aiuto. Stiamo anche cercando persone motivate che vogliano unirsi al nostro team. Grazie al vostro sostegno raggiungeremo pi\u00f9 persone, diffonderemo il messaggio di Cristo e rafforzeremo l'unit\u00e0 dei cristiani. Vuoi unirti alla nostra missione? Per maggiori informazioni su come contribuire, visita Exaudi.org\\\/it o contattaci direttamente: info@exaudi.org Exaudi: informa, forma e trasforma.\",\"sameAs\":[\"https:\\\/\\\/www.facebook.com\\\/ExaudiNotizie\\\/\",\"https:\\\/\\\/www.instagram.com\\\/Exaudi_notizie\\\/\",\"https:\\\/\\\/x.com\\\/Exaudi_Notizie\",\"https:\\\/\\\/www.youtube.com\\\/@exaudicatholicnews\"],\"url\":\"https:\\\/\\\/exaudi.org\\\/it\\\/author\\\/dlvedi-org\\\/\"}]}<\/script>\n<!-- \/ Yoast SEO plugin. -->","yoast_head_json":{"title":"Papa: \"L'autorit\u00e0 \u00e8 nel servizio fatto con il cuore\" &#8211; Exaudi","robots":{"index":"index","follow":"follow","max-snippet":"max-snippet:-1","max-image-preview":"max-image-preview:large","max-video-preview":"max-video-preview:-1"},"canonical":"https:\/\/exaudi.org\/it\/papa-lautorita-e-nel-servizio-fatto-con-il-cuore\/","og_locale":"it_IT","og_type":"article","og_title":"Papa: \"L'autorit\u00e0 \u00e8 nel servizio fatto con il cuore\" &#8211; Exaudi","og_description":"Vi ringrazio, perch\u00e9 vedo che il vostro servizio segue questo percorso","og_url":"https:\/\/exaudi.org\/it\/papa-lautorita-e-nel-servizio-fatto-con-il-cuore\/","og_site_name":"Exaudi","article_publisher":"https:\/\/www.facebook.com\/ExaudiNews","article_author":"https:\/\/www.facebook.com\/ExaudiNotizie\/","article_published_time":"2022-10-01T17:40:39+00:00","article_modified_time":"2022-10-01T17:50:03+00:00","og_image":[{"width":1280,"height":853,"url":"https:\/\/exaudi.org\/wp-content\/uploads\/2022\/10\/thumbnail_mt01102022175052_00076.jpg","type":"image\/jpeg"}],"author":"Exaudi Redazione","twitter_card":"summary_large_image","twitter_creator":"@Exaudi_Notizie","twitter_site":"@Exaudi_News","twitter_misc":{"Scritto da":"Exaudi Redazione","Tempo di lettura stimato":"1 minuto"},"schema":{"@context":"https:\/\/schema.org","@graph":[{"@type":"Article","@id":"https:\/\/exaudi.org\/it\/papa-lautorita-e-nel-servizio-fatto-con-il-cuore\/#article","isPartOf":{"@id":"https:\/\/exaudi.org\/it\/papa-lautorita-e-nel-servizio-fatto-con-il-cuore\/"},"author":{"name":"Exaudi Redazione","@id":"https:\/\/exaudi.org\/#\/schema\/person\/e1ab6ed07c01774724dd96f925f3a5f0"},"headline":"Papa: &#8220;L&#8217;autorit\u00e0 \u00e8 nel servizio fatto con il cuore&#8221;","datePublished":"2022-10-01T17:40:39+00:00","dateModified":"2022-10-01T17:50:03+00:00","mainEntityOfPage":{"@id":"https:\/\/exaudi.org\/it\/papa-lautorita-e-nel-servizio-fatto-con-il-cuore\/"},"wordCount":173,"image":{"@id":"https:\/\/exaudi.org\/it\/papa-lautorita-e-nel-servizio-fatto-con-il-cuore\/#primaryimage"},"thumbnailUrl":"https:\/\/exaudi.org\/wp-content\/uploads\/2022\/10\/thumbnail_mt01102022175052_00076.jpg","keywords":["Papa Francesco","San Michele Arcangelo","Vaticano"],"articleSection":["Leone XIV","Vaticano"],"inLanguage":"it-IT"},{"@type":"WebPage","@id":"https:\/\/exaudi.org\/it\/papa-lautorita-e-nel-servizio-fatto-con-il-cuore\/","url":"https:\/\/exaudi.org\/it\/papa-lautorita-e-nel-servizio-fatto-con-il-cuore\/","name":"Papa: \"L'autorit\u00e0 \u00e8 nel servizio fatto con il cuore\" &#8211; Exaudi","isPartOf":{"@id":"https:\/\/exaudi.org\/#website"},"primaryImageOfPage":{"@id":"https:\/\/exaudi.org\/it\/papa-lautorita-e-nel-servizio-fatto-con-il-cuore\/#primaryimage"},"image":{"@id":"https:\/\/exaudi.org\/it\/papa-lautorita-e-nel-servizio-fatto-con-il-cuore\/#primaryimage"},"thumbnailUrl":"https:\/\/exaudi.org\/wp-content\/uploads\/2022\/10\/thumbnail_mt01102022175052_00076.jpg","datePublished":"2022-10-01T17:40:39+00:00","dateModified":"2022-10-01T17:50:03+00:00","author":{"@id":"https:\/\/exaudi.org\/#\/schema\/person\/e1ab6ed07c01774724dd96f925f3a5f0"},"breadcrumb":{"@id":"https:\/\/exaudi.org\/it\/papa-lautorita-e-nel-servizio-fatto-con-il-cuore\/#breadcrumb"},"inLanguage":"it-IT","potentialAction":[{"@type":"ReadAction","target":["https:\/\/exaudi.org\/it\/papa-lautorita-e-nel-servizio-fatto-con-il-cuore\/"]}]},{"@type":"ImageObject","inLanguage":"it-IT","@id":"https:\/\/exaudi.org\/it\/papa-lautorita-e-nel-servizio-fatto-con-il-cuore\/#primaryimage","url":"https:\/\/exaudi.org\/wp-content\/uploads\/2022\/10\/thumbnail_mt01102022175052_00076.jpg","contentUrl":"https:\/\/exaudi.org\/wp-content\/uploads\/2022\/10\/thumbnail_mt01102022175052_00076.jpg","width":1280,"height":853,"caption":"\u00a9 Vatican Media"},{"@type":"BreadcrumbList","@id":"https:\/\/exaudi.org\/it\/papa-lautorita-e-nel-servizio-fatto-con-il-cuore\/#breadcrumb","itemListElement":[{"@type":"ListItem","position":1,"name":"Portada","item":"https:\/\/exaudi.org\/it\/"},{"@type":"ListItem","position":2,"name":"Papa: &#8220;L&#8217;autorit\u00e0 \u00e8 nel servizio fatto con il cuore&#8221;"}]},{"@type":"WebSite","@id":"https:\/\/exaudi.org\/#website","url":"https:\/\/exaudi.org\/","name":"Exaudi","description":"News","potentialAction":[{"@type":"SearchAction","target":{"@type":"EntryPoint","urlTemplate":"https:\/\/exaudi.org\/?s={search_term_string}"},"query-input":{"@type":"PropertyValueSpecification","valueRequired":true,"valueName":"search_term_string"}}],"inLanguage":"it-IT"},{"@type":"Person","@id":"https:\/\/exaudi.org\/#\/schema\/person\/e1ab6ed07c01774724dd96f925f3a5f0","name":"Exaudi Redazione","image":{"@type":"ImageObject","inLanguage":"it-IT","@id":"https:\/\/secure.gravatar.com\/avatar\/ad6774b3ada023bf5b939d64f45c94b3adf91502dd883507d469b4308a943bb3?s=96&d=mm&r=g","url":"https:\/\/secure.gravatar.com\/avatar\/ad6774b3ada023bf5b939d64f45c94b3adf91502dd883507d469b4308a943bb3?s=96&d=mm&r=g","contentUrl":"https:\/\/secure.gravatar.com\/avatar\/ad6774b3ada023bf5b939d64f45c94b3adf91502dd883507d469b4308a943bb3?s=96&d=mm&r=g","caption":"Exaudi Redazione"},"description":"Che cosa \u00e8 Exaudi News? Exaudi News \u00e8 un agenzia cattolica internazionale che informa, istruisce e trasforma quotidianamente in spagnolo, inglese e italiano. Attraverso notizie, articoli di analisi e trasmissioni in diretta degli eventi del Papa, Exaudi cerca di rafforzare l'unit\u00e0 dei cristiani e di contribuire all'evangelizzazione del mondo, sempre guidato dalla dottrina sociale della Chiesa. Lavoriamo per portare la verit\u00e0 e i valori cristiani in ogni angolo del pianeta. Aiutaci a trasformare il mondo con Exaudi! Noi di Exaudi crediamo che l'evangelizzazione e l'informazione di qualit\u00e0 possano cambiare la vita. Per continuare la nostra missione ed espandere la nostra portata, abbiamo bisogno del tuo aiuto. Stiamo anche cercando persone motivate che vogliano unirsi al nostro team. Grazie al vostro sostegno raggiungeremo pi\u00f9 persone, diffonderemo il messaggio di Cristo e rafforzeremo l'unit\u00e0 dei cristiani. Vuoi unirti alla nostra missione? Per maggiori informazioni su come contribuire, visita Exaudi.org\/it o contattaci direttamente: info@exaudi.org Exaudi: informa, forma e trasforma.","sameAs":["https:\/\/www.facebook.com\/ExaudiNotizie\/","https:\/\/www.instagram.com\/Exaudi_notizie\/","https:\/\/x.com\/Exaudi_Notizie","https:\/\/www.youtube.com\/@exaudicatholicnews"],"url":"https:\/\/exaudi.org\/it\/author\/dlvedi-org\/"}]}},"jetpack_featured_media_url":"https:\/\/exaudi.org\/wp-content\/uploads\/2022\/10\/thumbnail_mt01102022175052_00076.jpg","jetpack_shortlink":"https:\/\/wp.me\/pgKjF2-gqG","_links":{"self":[{"href":"https:\/\/exaudi.org\/it\/wp-json\/wp\/v2\/posts\/63158","targetHints":{"allow":["GET"]}}],"collection":[{"href":"https:\/\/exaudi.org\/it\/wp-json\/wp\/v2\/posts"}],"about":[{"href":"https:\/\/exaudi.org\/it\/wp-json\/wp\/v2\/types\/post"}],"author":[{"embeddable":true,"href":"https:\/\/exaudi.org\/it\/wp-json\/wp\/v2\/users\/17"}],"replies":[{"embeddable":true,"href":"https:\/\/exaudi.org\/it\/wp-json\/wp\/v2\/comments?post=63158"}],"version-history":[{"count":0,"href":"https:\/\/exaudi.org\/it\/wp-json\/wp\/v2\/posts\/63158\/revisions"}],"wp:featuredmedia":[{"embeddable":true,"href":"https:\/\/exaudi.org\/it\/wp-json\/wp\/v2\/media\/63169"}],"wp:attachment":[{"href":"https:\/\/exaudi.org\/it\/wp-json\/wp\/v2\/media?parent=63158"}],"wp:term":[{"taxonomy":"category","embeddable":true,"href":"https:\/\/exaudi.org\/it\/wp-json\/wp\/v2\/categories?post=63158"},{"taxonomy":"post_tag","embeddable":true,"href":"https:\/\/exaudi.org\/it\/wp-json\/wp\/v2\/tags?post=63158"}],"curies":[{"name":"wp","href":"https:\/\/api.w.org\/{rel}","templated":true}]}}