{"id":62891,"date":"2022-09-27T18:22:10","date_gmt":"2022-09-27T16:22:10","guid":{"rendered":"https:\/\/exaudi.org\/?p=62891"},"modified":"2022-09-27T18:22:10","modified_gmt":"2022-09-27T16:22:10","slug":"turismo-e-pellegrinaggio-percorsi-di-speranza","status":"publish","type":"post","link":"https:\/\/exaudi.org\/it\/turismo-e-pellegrinaggio-percorsi-di-speranza\/","title":{"rendered":"&#8220;Turismo e pellegrinaggio: Percorsi di speranza&#8221;"},"content":{"rendered":"<p>Pubblichiamo di seguito il Messaggio che il Prefetto del Dicastero per il Servizio dello Sviluppo Umano Integrale, Em.mo Card. Michael Czerny, S.I., ha inviato in occasione della Giornata Mondiale del Turismo, che si celebra ogni anno il 27 settembre:<\/p>\n<p><a name=\"mess\"><\/a><b><u>Messaggio<\/u><\/b><\/p>\n<p><b><i>\u201cRipensare il turismo\u201d<\/i><\/b><\/p>\n<p>La Giornata Mondiale del Turismo 2022 \u00e8 dedicata a: \u201c<i>Ripensare il turismo<\/i>\u201d. La crisi sanitaria, iniziata a fine 2019 e non ancora conclusa, ha messo tutti di fronte a problemi che vengono da lontano e ne ha evidenziati di nuovi e inaspettati. Sicuramente ci ha colto di sorpresa. Il turismo \u00e8 stato una delle attivit\u00e0 umane pi\u00f9 gravemente colpite da questa crisi, ma, paradossalmente, pu\u00f2 diventare ora uno dei motori della ricostruzione di un mondo pi\u00f9 giusto, sostenibile e integrale. La Chiesa, quindi, guarda alla rinascita e al rinnovamento anche del turismo con gli occhi della speranza.<\/p>\n<p><b>Un turismo pi\u00f9 giusto<\/b><\/p>\n<p>La ripartenza del turismo pu\u00f2 avere un riferimento nei principi che hanno ispirato il<i>Codice mondiale di Etica del Turismo<\/i>, che hanno inteso tale attivit\u00e0, tra l\u2019altro, come \u201cuna forza vitale al servizio della pace e un fattore di amicizia e comprensione fra i popoli del mondo\u201d, \u201cfattore dello sviluppo sostenibile\u201d, \u201cmezzo per utilizzare il patrimonio culturale dell\u2019umanit\u00e0 per contribuire al suo arricchimento\u201d, \u201cun\u2019attivit\u00e0 vantaggiosa per i paesi e le comunit\u00e0 di accoglienza\u201d. Si tratta di elementi fondamentali per la costruzione di fraternit\u00e0 e amicizia sociale, ma soprattutto per il servizio ad uno sviluppo umano integrale.<\/p>\n<p>Ci\u00f2 significa \u2013 e in questo \u00e8 urgente un cambio di rotta, dimostrando di sapere uscire migliori da una crisi che ha rivelato tante diseguaglianze e ingiustizie \u2013 che l\u2019attivit\u00e0 turistica, quale vera e propria industria economica, va svolta secondo princ\u00ecpi di equit\u00e0 e di trasformazione sociale. Ci\u00f2 avviene, ad esempio, quando vengono rispettati i diritti sul lavoro degli addetti del settore \u2013 a tutti i livelli e in ogni Paese \u2013 e quando il turismo stesso, come attivit\u00e0 del tempo libero e dello svago, si svolge nel pieno rispetto dei diritti fondamentali e della dignit\u00e0 delle persone<sup>[1]<\/sup>. Giustizia \u00e8 anche condividere i profitti in modo equo, vincendo una logica predatoria, soprattutto nei riguardi di popolazioni e aree geografiche particolarmente provate dalle crisi molteplici che travagliano il mondo contemporaneo<sup>[2]<\/sup>.<\/p>\n<p>Al riguardo, vogliamo esprimere la nostra vicinanza a tutti gli operatori del settore turistico che gi\u00e0 agiscono secondo una retta coscienza e hanno costruito non solo la loro professionalit\u00e0, ma le loro stesse vite attorno all\u2019accoglienza. Non mancano imprenditori attenti ai pi\u00f9 vulnerabili e alle lavoratrici e lavoratori esposti a sfruttamento, in particolare al personale stagionale che compie mansioni pi\u00f9 umili a servizio dei turisti.Ancora una volta va tuttavia denunciato che\u201cmolti operano in condizioni di precariet\u00e0 e talvolta di illegalit\u00e0, con retribuzioni non eque, costretti ad un lavoro faticoso, spesso lontano dalla famiglia, ad alto rischio di stress e piegato alle regole di una competitivit\u00e0 aggressiva\u201d<sup>[3]<\/sup>. Ai cristiani \u00e8 richiesto di fare alleanza con tutte le donne e gli uomini di buona volont\u00e0, perch\u00e9 questo deve cambiare.<\/p>\n<p><b>Un turismo pi\u00f9 sostenibile<\/b><\/p>\n<p>Ripartire significa anche non dimenticare che l\u2019impatto che il turismo ha sull\u2019ambiente \u00e8 molto rilevante. Il paradigma dominante della massimizzazione dei consumi pu\u00f2 arrivare a deturparlo in maniera veloce e feroce<sup>[4]<\/sup>. Con la pandemia e con l\u2019attuale crisi energetica \u00e8 divenuto pi\u00f9 evidente quanto sia bene anzitutto puntare al turismo di prossimit\u00e0: sapersi guardare attorno, riconoscere e apprezzare i tesori di patrimonio, cucina, folklore, e persino spiritualit\u00e0 che le regioni vicine hanno da condividere. Le politiche locali possono oggi venire profondamente ripensate in termini di ospitalit\u00e0 e di qualit\u00e0 della vita per gli abitanti storici, i nuovi venuti, i vicini pi\u00f9 prossimi.<\/p>\n<p>Su scala planetaria, inoltre, i flussi di merci, lo spostamento di persone a fini turistici e i ritmi di consumo devono essere certamente ricalibrati nella direzione di un corretto rapporto tra esseri umani e creato. La sostenibilit\u00e0 del turismo, infatti, si misura non solo in termini di inquinamento, ma anche nell\u2019impatto sulla biodiversit\u00e0 degli ecosistemi naturali e sociali: c\u2019\u00e8 bisogno di una sensibilit\u00e0 che allarghi la tutela degli ecosistemi in modo concreto, cos\u00ec da assicurare un armonioso passaggio dei turisti negli ambienti che non appartengono a loro, n\u00e9 a una sola generazione. Il cambiamento climatico, per altro, in una prospettiva a medio termine pu\u00f2 incidere negativamente sull\u2019attrattivit\u00e0 di numerose mete tradizionali, con il rischio di penalizzare ulteriormente, anche sotto questo punto di vista, regioni economicamente gi\u00e0 fragili. Tutela della biodiversit\u00e0 e stupore davanti alle meraviglie del creato devono dunque convivere nel turismo \u2018ripensato\u2019.<\/p>\n<p><b>Un turismo integrale<\/b><\/p>\n<p>Il turismo offre allo spirito umano e allo Spirito di Dio enormi possibilit\u00e0 di interagire, attivando un incontro tra le diversit\u00e0<sup>[5]<\/sup>. Non mancano certo resistenze ed elementi di segno opposto. Si nota, ad esempio, come culturalmente si stiano riducendo gli spazi per includere modi di pensare e vivere diversi. Il sistema di produzione, anche nel settore turistico industriale, volge velocemente alla standardizzazione di contenuti, soprattutto attraverso il contingentamento dei tempi \u2013 di visita, di viaggio, di permanenza \u2013, il che sviluppa un\u2019esperienza pi\u00f9 individualistica e meno collettiva. Un turismo che riparte ha bisogno di tener presente la\u201cvisione integrale della persona\u201d, che, come sottolinea Papa Francesco, non \u00e8 una teoria, ma \u201cun modo di vivere e di agire; tale visione non si trova prima di tutto dentro un manuale, ma in persone che vivono con questo stile: con gli occhi aperti sul mondo, con le mani strette ad altre mani, con il cuore sensibile alle debolezze dei fratelli\u201d<sup>[6]<\/sup>. Solo in questo modo si pu\u00f2 incontrare una cultura diversa, chiedere conto della sua storia, scoprire i valori profondi che essa custodisce. In sintesi, anche il turismo \u00e8 chiamato ad abbracciare la prospettiva dell\u2019ecologia integrale<sup>[7]<\/sup>. Esso, infatti, pu\u00f2 sostenere la capacit\u00e0 di \u201crigenerazione\u201d di una comunit\u00e0, favorendo il dialogo tra linguaggi culturali locali e stili di vita dei visitatori. L\u2019accoglienza turistica, allora, diviene un modo di trasformare gli spazi civili, l\u2019ambiente sociale e urbano, nella valorizzazione delle identit\u00e0 nel giusto bilanciamento tra conservazione delle radici e offerta di servizi.<\/p>\n<p><b>Un turismo per coltivare la speranza<\/b><\/p>\n<p>La Chiesa cattolica tiene molto a promuovere questa rinnovata visione del turismo, nell\u2019ottica dello sviluppo umano integrale. Il processo sinodale, che in tutto il mondo essa sta vivendo, dalle comunit\u00e0 pi\u00f9 periferiche sino ai pi\u00f9 importanti centri decisionali, rappresenta una metodologia di ascolto e partecipazione, che pu\u00f2 portare anche nella societ\u00e0 civile e nelle organizzazioni economiche una maggiore attitudine alla composizione di interessi e punti di vista contrastanti. L\u2019arte del discernimento e la capacit\u00e0 collettiva di pervenire a nuove sintesi rappresentano sfide epocali, da cui dipende un futuro a misura d\u2019uomo per tutti. Tali prospettive saranno oggetto di ulteriori riflessioni durante i lavori dell\u2019VIII Congresso Mondiale della Pastorale del Turismo, che avr\u00e0 luogo a Santiago di Compostela dal 5 all\u00b48 ottobre 2022.L\u2019evento, inserito nella cornice dell\u2019Anno Santo Compostelano, avr\u00e0 per tema: \u201c<i>Turismo e pellegrinaggi: cammini di speranza<\/i>\u201d. Guardiamo infatti con speranza alla vivacit\u00e0 del settore, a tutte le persone coinvolte e a coloro che ne hanno responsabilit\u00e0. Riprendendo le parole di Papa Francesco incoraggiamo tutti a \u201ctenere accesa la fiaccola della speranza\u201d e \u201cfare di tutto perch\u00e9 ognuno riacquisti la forza e la certezza di guardare al futuro con animo aperto, cuore fiducioso e mente lungimirante\u201d<sup>[8]<\/sup>.<\/p>\n<p>Cardinale Michael Czerny S.J.<\/p>\n<p>Prefetto<\/p>\n<p>___________________________<\/p>\n<p>[1]Cf.<i>Videomessagio del Santo Padre Francesco in occasione della 109<sup>ma<\/sup>Conferenza Internazionale del Lavoro<\/i>, 17 giugno 2021.<\/p>\n<p>[2]Cf.Congregazione per la Dottrina della Fede\/Dicastero per il Servizio dello Sviluppo Umano Integrale,<i>Oeconomicae et Pecuniariae Quaestiones.Considerazioni per un discernimento etico circa alcuni aspetti dell\u2019attuale sistema economico-finanziario<\/i>,6 gennaio 2018, nn. 4, 8.<\/p>\n<p>[3]Cf.<i>Messaggio del Prefetto del Dicastero per il Servizio dello Sviluppo Umano Integrale in occasione della Giornata Mondiale del Turismo 2019<\/i>: \u201c<i>Il turismo e il lavoro: un futuro migliore per tutti<\/i>\u201d, 24 luglio 2019.<\/p>\n<p>[4]Cf.Lettera enc.<i>Laudato Si\u2019<\/i>, nn. 18; 203.<\/p>\n<p>[5]Cf.Lettera enc.<i>Fratelli Tutti<\/i>, n. 215.<\/p>\n<p>[6]Cf.<i>Discorso ai Soci del Centro Turistico Giovanile<\/i>, 22 marzo 2019.<\/p>\n<p>[7]Cf. Lettera enc.<i>Laudato Si\u2019<\/i>, cap. IV.<\/p>\n<p>[8] Cf.<i>Lettera del Santo Padre Francesco a S.E. Mons. Rino Fisichella per il Giubileo 2025<\/i>, 11 febbraio 2022.<\/p>\n","protected":false},"excerpt":{"rendered":"<p>Il cardinale Michael Czerny &#8220;Ripensare il turismo&#8221;<\/p>\n","protected":false},"author":17,"featured_media":62888,"comment_status":"closed","ping_status":"closed","sticky":false,"template":"","format":"standard","meta":{"_acf_changed":false,"_crdt_document":"","inline_featured_image":false,"footnotes":""},"categories":[73],"tags":[7095,7094,4952],"class_list":["post-62891","post","type-post","status-publish","format-standard","has-post-thumbnail","hentry","category-chiesa-e-mondo","tag-giornata-mondiale-del-turismo","tag-michael-czerny","tag-trending-it"],"acf":[],"yoast_head":"<!-- This site is optimized with the Yoast SEO plugin v27.5 - https:\/\/yoast.com\/product\/yoast-seo-wordpress\/ -->\n<title>&quot;Turismo e pellegrinaggio: Percorsi di speranza&quot; &#8211; Exaudi<\/title>\n<meta name=\"robots\" content=\"index, follow, max-snippet:-1, max-image-preview:large, max-video-preview:-1\" \/>\n<link rel=\"canonical\" href=\"https:\/\/exaudi.org\/it\/turismo-e-pellegrinaggio-percorsi-di-speranza\/\" \/>\n<meta property=\"og:locale\" content=\"it_IT\" \/>\n<meta property=\"og:type\" content=\"article\" \/>\n<meta property=\"og:title\" content=\"&quot;Turismo e pellegrinaggio: Percorsi di speranza&quot; &#8211; Exaudi\" \/>\n<meta property=\"og:description\" content=\"Il cardinale Michael Czerny &quot;Ripensare il turismo&quot;\" \/>\n<meta property=\"og:url\" content=\"https:\/\/exaudi.org\/it\/turismo-e-pellegrinaggio-percorsi-di-speranza\/\" \/>\n<meta property=\"og:site_name\" content=\"Exaudi\" \/>\n<meta property=\"article:publisher\" content=\"https:\/\/www.facebook.com\/ExaudiNews\" \/>\n<meta property=\"article:author\" content=\"https:\/\/www.facebook.com\/ExaudiNotizie\/\" \/>\n<meta property=\"article:published_time\" content=\"2022-09-27T16:22:10+00:00\" \/>\n<meta property=\"og:image\" content=\"https:\/\/exaudi.org\/wp-content\/uploads\/2022\/09\/cq5dam.thumbnail.cropped.750.422-7.jpeg\" \/>\n\t<meta property=\"og:image:width\" content=\"750\" \/>\n\t<meta property=\"og:image:height\" content=\"422\" \/>\n\t<meta property=\"og:image:type\" content=\"image\/jpeg\" \/>\n<meta name=\"author\" content=\"Exaudi Redazione\" \/>\n<meta name=\"twitter:card\" content=\"summary_large_image\" \/>\n<meta name=\"twitter:creator\" content=\"@Exaudi_Notizie\" \/>\n<meta name=\"twitter:site\" content=\"@Exaudi_News\" \/>\n<meta name=\"twitter:label1\" content=\"Scritto da\" \/>\n\t<meta name=\"twitter:data1\" content=\"Exaudi Redazione\" \/>\n\t<meta name=\"twitter:label2\" content=\"Tempo di lettura stimato\" \/>\n\t<meta name=\"twitter:data2\" content=\"7 minuti\" \/>\n<script type=\"application\/ld+json\" class=\"yoast-schema-graph\">{\"@context\":\"https:\\\/\\\/schema.org\",\"@graph\":[{\"@type\":\"Article\",\"@id\":\"https:\\\/\\\/exaudi.org\\\/it\\\/turismo-e-pellegrinaggio-percorsi-di-speranza\\\/#article\",\"isPartOf\":{\"@id\":\"https:\\\/\\\/exaudi.org\\\/it\\\/turismo-e-pellegrinaggio-percorsi-di-speranza\\\/\"},\"author\":{\"name\":\"Exaudi Redazione\",\"@id\":\"https:\\\/\\\/exaudi.org\\\/#\\\/schema\\\/person\\\/e1ab6ed07c01774724dd96f925f3a5f0\"},\"headline\":\"&#8220;Turismo e pellegrinaggio: Percorsi di speranza&#8221;\",\"datePublished\":\"2022-09-27T16:22:10+00:00\",\"mainEntityOfPage\":{\"@id\":\"https:\\\/\\\/exaudi.org\\\/it\\\/turismo-e-pellegrinaggio-percorsi-di-speranza\\\/\"},\"wordCount\":1336,\"image\":{\"@id\":\"https:\\\/\\\/exaudi.org\\\/it\\\/turismo-e-pellegrinaggio-percorsi-di-speranza\\\/#primaryimage\"},\"thumbnailUrl\":\"https:\\\/\\\/exaudi.org\\\/wp-content\\\/uploads\\\/2022\\\/09\\\/cq5dam.thumbnail.cropped.750.422-7.jpeg\",\"keywords\":[\"Giornata Mondiale del Turismo\",\"Michael Czerny\",\"Trending\"],\"articleSection\":[\"Chiesa e Mondo\"],\"inLanguage\":\"it-IT\"},{\"@type\":\"WebPage\",\"@id\":\"https:\\\/\\\/exaudi.org\\\/it\\\/turismo-e-pellegrinaggio-percorsi-di-speranza\\\/\",\"url\":\"https:\\\/\\\/exaudi.org\\\/it\\\/turismo-e-pellegrinaggio-percorsi-di-speranza\\\/\",\"name\":\"\\\"Turismo e pellegrinaggio: Percorsi di speranza\\\" &#8211; Exaudi\",\"isPartOf\":{\"@id\":\"https:\\\/\\\/exaudi.org\\\/#website\"},\"primaryImageOfPage\":{\"@id\":\"https:\\\/\\\/exaudi.org\\\/it\\\/turismo-e-pellegrinaggio-percorsi-di-speranza\\\/#primaryimage\"},\"image\":{\"@id\":\"https:\\\/\\\/exaudi.org\\\/it\\\/turismo-e-pellegrinaggio-percorsi-di-speranza\\\/#primaryimage\"},\"thumbnailUrl\":\"https:\\\/\\\/exaudi.org\\\/wp-content\\\/uploads\\\/2022\\\/09\\\/cq5dam.thumbnail.cropped.750.422-7.jpeg\",\"datePublished\":\"2022-09-27T16:22:10+00:00\",\"author\":{\"@id\":\"https:\\\/\\\/exaudi.org\\\/#\\\/schema\\\/person\\\/e1ab6ed07c01774724dd96f925f3a5f0\"},\"breadcrumb\":{\"@id\":\"https:\\\/\\\/exaudi.org\\\/it\\\/turismo-e-pellegrinaggio-percorsi-di-speranza\\\/#breadcrumb\"},\"inLanguage\":\"it-IT\",\"potentialAction\":[{\"@type\":\"ReadAction\",\"target\":[\"https:\\\/\\\/exaudi.org\\\/it\\\/turismo-e-pellegrinaggio-percorsi-di-speranza\\\/\"]}]},{\"@type\":\"ImageObject\",\"inLanguage\":\"it-IT\",\"@id\":\"https:\\\/\\\/exaudi.org\\\/it\\\/turismo-e-pellegrinaggio-percorsi-di-speranza\\\/#primaryimage\",\"url\":\"https:\\\/\\\/exaudi.org\\\/wp-content\\\/uploads\\\/2022\\\/09\\\/cq5dam.thumbnail.cropped.750.422-7.jpeg\",\"contentUrl\":\"https:\\\/\\\/exaudi.org\\\/wp-content\\\/uploads\\\/2022\\\/09\\\/cq5dam.thumbnail.cropped.750.422-7.jpeg\",\"width\":750,\"height\":422,\"caption\":\"\u00a9 Vatican News\"},{\"@type\":\"BreadcrumbList\",\"@id\":\"https:\\\/\\\/exaudi.org\\\/it\\\/turismo-e-pellegrinaggio-percorsi-di-speranza\\\/#breadcrumb\",\"itemListElement\":[{\"@type\":\"ListItem\",\"position\":1,\"name\":\"Portada\",\"item\":\"https:\\\/\\\/exaudi.org\\\/it\\\/\"},{\"@type\":\"ListItem\",\"position\":2,\"name\":\"&#8220;Turismo e pellegrinaggio: Percorsi di speranza&#8221;\"}]},{\"@type\":\"WebSite\",\"@id\":\"https:\\\/\\\/exaudi.org\\\/#website\",\"url\":\"https:\\\/\\\/exaudi.org\\\/\",\"name\":\"Exaudi\",\"description\":\"News\",\"potentialAction\":[{\"@type\":\"SearchAction\",\"target\":{\"@type\":\"EntryPoint\",\"urlTemplate\":\"https:\\\/\\\/exaudi.org\\\/?s={search_term_string}\"},\"query-input\":{\"@type\":\"PropertyValueSpecification\",\"valueRequired\":true,\"valueName\":\"search_term_string\"}}],\"inLanguage\":\"it-IT\"},{\"@type\":\"Person\",\"@id\":\"https:\\\/\\\/exaudi.org\\\/#\\\/schema\\\/person\\\/e1ab6ed07c01774724dd96f925f3a5f0\",\"name\":\"Exaudi Redazione\",\"image\":{\"@type\":\"ImageObject\",\"inLanguage\":\"it-IT\",\"@id\":\"https:\\\/\\\/secure.gravatar.com\\\/avatar\\\/ad6774b3ada023bf5b939d64f45c94b3adf91502dd883507d469b4308a943bb3?s=96&d=mm&r=g\",\"url\":\"https:\\\/\\\/secure.gravatar.com\\\/avatar\\\/ad6774b3ada023bf5b939d64f45c94b3adf91502dd883507d469b4308a943bb3?s=96&d=mm&r=g\",\"contentUrl\":\"https:\\\/\\\/secure.gravatar.com\\\/avatar\\\/ad6774b3ada023bf5b939d64f45c94b3adf91502dd883507d469b4308a943bb3?s=96&d=mm&r=g\",\"caption\":\"Exaudi Redazione\"},\"description\":\"Che cosa \u00e8 Exaudi News? Exaudi News \u00e8 un agenzia cattolica internazionale che informa, istruisce e trasforma quotidianamente in spagnolo, inglese e italiano. Attraverso notizie, articoli di analisi e trasmissioni in diretta degli eventi del Papa, Exaudi cerca di rafforzare l'unit\u00e0 dei cristiani e di contribuire all'evangelizzazione del mondo, sempre guidato dalla dottrina sociale della Chiesa. Lavoriamo per portare la verit\u00e0 e i valori cristiani in ogni angolo del pianeta. Aiutaci a trasformare il mondo con Exaudi! Noi di Exaudi crediamo che l'evangelizzazione e l'informazione di qualit\u00e0 possano cambiare la vita. Per continuare la nostra missione ed espandere la nostra portata, abbiamo bisogno del tuo aiuto. Stiamo anche cercando persone motivate che vogliano unirsi al nostro team. Grazie al vostro sostegno raggiungeremo pi\u00f9 persone, diffonderemo il messaggio di Cristo e rafforzeremo l'unit\u00e0 dei cristiani. Vuoi unirti alla nostra missione? Per maggiori informazioni su come contribuire, visita Exaudi.org\\\/it o contattaci direttamente: info@exaudi.org Exaudi: informa, forma e trasforma.\",\"sameAs\":[\"https:\\\/\\\/www.facebook.com\\\/ExaudiNotizie\\\/\",\"https:\\\/\\\/www.instagram.com\\\/Exaudi_notizie\\\/\",\"https:\\\/\\\/x.com\\\/Exaudi_Notizie\",\"https:\\\/\\\/www.youtube.com\\\/@exaudicatholicnews\"],\"url\":\"https:\\\/\\\/exaudi.org\\\/it\\\/author\\\/dlvedi-org\\\/\"}]}<\/script>\n<!-- \/ Yoast SEO plugin. -->","yoast_head_json":{"title":"\"Turismo e pellegrinaggio: Percorsi di speranza\" &#8211; Exaudi","robots":{"index":"index","follow":"follow","max-snippet":"max-snippet:-1","max-image-preview":"max-image-preview:large","max-video-preview":"max-video-preview:-1"},"canonical":"https:\/\/exaudi.org\/it\/turismo-e-pellegrinaggio-percorsi-di-speranza\/","og_locale":"it_IT","og_type":"article","og_title":"\"Turismo e pellegrinaggio: Percorsi di speranza\" &#8211; Exaudi","og_description":"Il cardinale Michael Czerny \"Ripensare il turismo\"","og_url":"https:\/\/exaudi.org\/it\/turismo-e-pellegrinaggio-percorsi-di-speranza\/","og_site_name":"Exaudi","article_publisher":"https:\/\/www.facebook.com\/ExaudiNews","article_author":"https:\/\/www.facebook.com\/ExaudiNotizie\/","article_published_time":"2022-09-27T16:22:10+00:00","og_image":[{"width":750,"height":422,"url":"https:\/\/exaudi.org\/wp-content\/uploads\/2022\/09\/cq5dam.thumbnail.cropped.750.422-7.jpeg","type":"image\/jpeg"}],"author":"Exaudi Redazione","twitter_card":"summary_large_image","twitter_creator":"@Exaudi_Notizie","twitter_site":"@Exaudi_News","twitter_misc":{"Scritto da":"Exaudi Redazione","Tempo di lettura stimato":"7 minuti"},"schema":{"@context":"https:\/\/schema.org","@graph":[{"@type":"Article","@id":"https:\/\/exaudi.org\/it\/turismo-e-pellegrinaggio-percorsi-di-speranza\/#article","isPartOf":{"@id":"https:\/\/exaudi.org\/it\/turismo-e-pellegrinaggio-percorsi-di-speranza\/"},"author":{"name":"Exaudi Redazione","@id":"https:\/\/exaudi.org\/#\/schema\/person\/e1ab6ed07c01774724dd96f925f3a5f0"},"headline":"&#8220;Turismo e pellegrinaggio: Percorsi di speranza&#8221;","datePublished":"2022-09-27T16:22:10+00:00","mainEntityOfPage":{"@id":"https:\/\/exaudi.org\/it\/turismo-e-pellegrinaggio-percorsi-di-speranza\/"},"wordCount":1336,"image":{"@id":"https:\/\/exaudi.org\/it\/turismo-e-pellegrinaggio-percorsi-di-speranza\/#primaryimage"},"thumbnailUrl":"https:\/\/exaudi.org\/wp-content\/uploads\/2022\/09\/cq5dam.thumbnail.cropped.750.422-7.jpeg","keywords":["Giornata Mondiale del Turismo","Michael Czerny","Trending"],"articleSection":["Chiesa e Mondo"],"inLanguage":"it-IT"},{"@type":"WebPage","@id":"https:\/\/exaudi.org\/it\/turismo-e-pellegrinaggio-percorsi-di-speranza\/","url":"https:\/\/exaudi.org\/it\/turismo-e-pellegrinaggio-percorsi-di-speranza\/","name":"\"Turismo e pellegrinaggio: Percorsi di speranza\" &#8211; Exaudi","isPartOf":{"@id":"https:\/\/exaudi.org\/#website"},"primaryImageOfPage":{"@id":"https:\/\/exaudi.org\/it\/turismo-e-pellegrinaggio-percorsi-di-speranza\/#primaryimage"},"image":{"@id":"https:\/\/exaudi.org\/it\/turismo-e-pellegrinaggio-percorsi-di-speranza\/#primaryimage"},"thumbnailUrl":"https:\/\/exaudi.org\/wp-content\/uploads\/2022\/09\/cq5dam.thumbnail.cropped.750.422-7.jpeg","datePublished":"2022-09-27T16:22:10+00:00","author":{"@id":"https:\/\/exaudi.org\/#\/schema\/person\/e1ab6ed07c01774724dd96f925f3a5f0"},"breadcrumb":{"@id":"https:\/\/exaudi.org\/it\/turismo-e-pellegrinaggio-percorsi-di-speranza\/#breadcrumb"},"inLanguage":"it-IT","potentialAction":[{"@type":"ReadAction","target":["https:\/\/exaudi.org\/it\/turismo-e-pellegrinaggio-percorsi-di-speranza\/"]}]},{"@type":"ImageObject","inLanguage":"it-IT","@id":"https:\/\/exaudi.org\/it\/turismo-e-pellegrinaggio-percorsi-di-speranza\/#primaryimage","url":"https:\/\/exaudi.org\/wp-content\/uploads\/2022\/09\/cq5dam.thumbnail.cropped.750.422-7.jpeg","contentUrl":"https:\/\/exaudi.org\/wp-content\/uploads\/2022\/09\/cq5dam.thumbnail.cropped.750.422-7.jpeg","width":750,"height":422,"caption":"\u00a9 Vatican News"},{"@type":"BreadcrumbList","@id":"https:\/\/exaudi.org\/it\/turismo-e-pellegrinaggio-percorsi-di-speranza\/#breadcrumb","itemListElement":[{"@type":"ListItem","position":1,"name":"Portada","item":"https:\/\/exaudi.org\/it\/"},{"@type":"ListItem","position":2,"name":"&#8220;Turismo e pellegrinaggio: Percorsi di speranza&#8221;"}]},{"@type":"WebSite","@id":"https:\/\/exaudi.org\/#website","url":"https:\/\/exaudi.org\/","name":"Exaudi","description":"News","potentialAction":[{"@type":"SearchAction","target":{"@type":"EntryPoint","urlTemplate":"https:\/\/exaudi.org\/?s={search_term_string}"},"query-input":{"@type":"PropertyValueSpecification","valueRequired":true,"valueName":"search_term_string"}}],"inLanguage":"it-IT"},{"@type":"Person","@id":"https:\/\/exaudi.org\/#\/schema\/person\/e1ab6ed07c01774724dd96f925f3a5f0","name":"Exaudi Redazione","image":{"@type":"ImageObject","inLanguage":"it-IT","@id":"https:\/\/secure.gravatar.com\/avatar\/ad6774b3ada023bf5b939d64f45c94b3adf91502dd883507d469b4308a943bb3?s=96&d=mm&r=g","url":"https:\/\/secure.gravatar.com\/avatar\/ad6774b3ada023bf5b939d64f45c94b3adf91502dd883507d469b4308a943bb3?s=96&d=mm&r=g","contentUrl":"https:\/\/secure.gravatar.com\/avatar\/ad6774b3ada023bf5b939d64f45c94b3adf91502dd883507d469b4308a943bb3?s=96&d=mm&r=g","caption":"Exaudi Redazione"},"description":"Che cosa \u00e8 Exaudi News? Exaudi News \u00e8 un agenzia cattolica internazionale che informa, istruisce e trasforma quotidianamente in spagnolo, inglese e italiano. Attraverso notizie, articoli di analisi e trasmissioni in diretta degli eventi del Papa, Exaudi cerca di rafforzare l'unit\u00e0 dei cristiani e di contribuire all'evangelizzazione del mondo, sempre guidato dalla dottrina sociale della Chiesa. Lavoriamo per portare la verit\u00e0 e i valori cristiani in ogni angolo del pianeta. Aiutaci a trasformare il mondo con Exaudi! Noi di Exaudi crediamo che l'evangelizzazione e l'informazione di qualit\u00e0 possano cambiare la vita. Per continuare la nostra missione ed espandere la nostra portata, abbiamo bisogno del tuo aiuto. Stiamo anche cercando persone motivate che vogliano unirsi al nostro team. Grazie al vostro sostegno raggiungeremo pi\u00f9 persone, diffonderemo il messaggio di Cristo e rafforzeremo l'unit\u00e0 dei cristiani. Vuoi unirti alla nostra missione? Per maggiori informazioni su come contribuire, visita Exaudi.org\/it o contattaci direttamente: info@exaudi.org Exaudi: informa, forma e trasforma.","sameAs":["https:\/\/www.facebook.com\/ExaudiNotizie\/","https:\/\/www.instagram.com\/Exaudi_notizie\/","https:\/\/x.com\/Exaudi_Notizie","https:\/\/www.youtube.com\/@exaudicatholicnews"],"url":"https:\/\/exaudi.org\/it\/author\/dlvedi-org\/"}]}},"jetpack_featured_media_url":"https:\/\/exaudi.org\/wp-content\/uploads\/2022\/09\/cq5dam.thumbnail.cropped.750.422-7.jpeg","jetpack_shortlink":"https:\/\/wp.me\/pgKjF2-gmn","_links":{"self":[{"href":"https:\/\/exaudi.org\/it\/wp-json\/wp\/v2\/posts\/62891","targetHints":{"allow":["GET"]}}],"collection":[{"href":"https:\/\/exaudi.org\/it\/wp-json\/wp\/v2\/posts"}],"about":[{"href":"https:\/\/exaudi.org\/it\/wp-json\/wp\/v2\/types\/post"}],"author":[{"embeddable":true,"href":"https:\/\/exaudi.org\/it\/wp-json\/wp\/v2\/users\/17"}],"replies":[{"embeddable":true,"href":"https:\/\/exaudi.org\/it\/wp-json\/wp\/v2\/comments?post=62891"}],"version-history":[{"count":0,"href":"https:\/\/exaudi.org\/it\/wp-json\/wp\/v2\/posts\/62891\/revisions"}],"wp:featuredmedia":[{"embeddable":true,"href":"https:\/\/exaudi.org\/it\/wp-json\/wp\/v2\/media\/62888"}],"wp:attachment":[{"href":"https:\/\/exaudi.org\/it\/wp-json\/wp\/v2\/media?parent=62891"}],"wp:term":[{"taxonomy":"category","embeddable":true,"href":"https:\/\/exaudi.org\/it\/wp-json\/wp\/v2\/categories?post=62891"},{"taxonomy":"post_tag","embeddable":true,"href":"https:\/\/exaudi.org\/it\/wp-json\/wp\/v2\/tags?post=62891"}],"curies":[{"name":"wp","href":"https:\/\/api.w.org\/{rel}","templated":true}]}}