{"id":62362,"date":"2022-09-19T17:46:55","date_gmt":"2022-09-19T15:46:55","guid":{"rendered":"https:\/\/exaudi.org\/?p=62362"},"modified":"2022-09-19T17:46:55","modified_gmt":"2022-09-19T15:46:55","slug":"convegno-di-studio-la-santita-oggi","status":"publish","type":"post","link":"https:\/\/exaudi.org\/it\/convegno-di-studio-la-santita-oggi\/","title":{"rendered":"Convegno di Studio \u201cLa Santit\u00e0 Oggi\u201d"},"content":{"rendered":"<p><strong>Conferenza Stampa<\/strong><\/p>\n<p>Alle ore 11.30 di questa mattina, ha avuto luogo &#8211; in diretta streaming dalla Sala Stampa della Santa Sede &#8211; la Conferenza Stampa di presentazione del Convegno di Studio \u201cLa Santit\u00e0 Oggi\u201d promosso dal Dicastero delle Cause dei Santi, che si svolger\u00e0 a Roma, presso Istituto Patristico Augustinianum, dal 3 al 6 ottobre 2022:<\/p>\n<p>Sono intervenuti: l\u2019Em.mo Card. Marcello Semeraro, Prefetto del Dicastero delle Cause dei Santi; S.E. Mons. Fabio Fabene, Arcivescovo Segretario del Dicastero delle Cause dei Santi; e la Prof.ssa Cecilia Costa, Docente di Sociologia dei processi culturali e Sociologia dell&#8217;educazione, Universit\u00e0 degli Studi Roma Tre.<\/p>\n<p>Ne riportiamo di seguito gli interventi:<\/p>\n<p><strong>Intervento dell\u2019Em.mo Card. Marcello Semeraro<\/strong><\/p>\n<p>Quello della santit\u00e0 \u00e8 un tema caro a Papa Francesco. Nel suo pontificato cresce sempre pi\u00f9 il numero di Santi canonizzati ed egli stesso \u00absulla chiamata alla santit\u00e0 nel mondo contemporaneo\u00bb ha scritto nel 2018 l\u2019esortazione apostolica Gaudete et exsultate, proponendosi \u00abdi incarnarla nel contesto attuale, con i suoi rischi, le sue sfide e le sue opportunit\u00e0\u00bb (n. 2). Il Convegno \u201cLa santit\u00e0 oggi\u201d nasce dall\u2019istanza di mettere in dialogo con il mondo attuale i temi su cui quotidianamente si porta avanti il lavoro per le Cause di beatificazione e canonizzazione. Non si tratta di un momento \u201calternativo\u201d, n\u00e9 a quello che il Dicastero fa ogni giorno, n\u00e9 ai momenti di scambio e formazione che si organizzano e si tengono internamente. Organizzare un Convegno significa, per il Dicastero, assolvere un compito di indagine e di approfondimento, capace di coinvolgere esperti di teologia e spiritualit\u00e0, di societ\u00e0 e comunicazione, per svolgere in modo pi\u00f9 completo il suo \u00abservizio\u00bb (cf. Praedicate Evangelium, I,8 e II,1). Gi\u00e0 in passato la Congregazione delle Cause dei Santi ha organizzato momenti di riflessione aperti a tutti, colloqui e simposi su temi specifici della santit\u00e0 canonizzata, quali questioni scientifiche \u2013 si pensi al Colloquium Medicorum del 1988 \u2013 o aspetti pi\u00f9 spirituali \u2013 ad esempio, Eucaristia, Santit\u00e0 e Santificazione nell\u2019anno 2000. L\u2019intenzione \u00e8 di rendere ora questi appuntamenti pi\u00f9 regolari.<\/p>\n<p>Compito del Dicastero non \u00e8 quello di \u201cgestire\u201d la santit\u00e0, ma di riconoscerla mediante specifiche e coordinate fasi di discernimento. Per questo si \u00e8 scelto che il Convegno di quest\u2019anno si focalizzi su due aspetti essenziali delle Cause di beatificazione e canonizzazione. Primo aspetto \u00e8 quello della \u201cfama di santit\u00e0\u201d, che deve essere accertata previamente all\u2019istruzione di ogni Inchiesta diocesana su un Servo di Dio. La \u201cfama di santit\u00e0\u201d combina insieme due sfumature: da un lato, la convinzione dei fedeli circa la santit\u00e0 di una persona, convinzione che nasce dalla percezione di una eccezionalit\u00e0 ed ha come conseguenza la richiesta di intercessione per le proprie o le necessit\u00e0 altrui; dall\u2019altro, la capacit\u00e0 che tale eccezionalit\u00e0 risvegli nel Popolo di Dio la coscienza di essere tutti chiamati ad essere Santi: quella che il Concilio Vaticano II ha chiamato \u00abuniversale vocazione alla santit\u00e0\u00bb (LG, cap. V). La santit\u00e0 canonizzata, che propone alla Chiesa intercessori e modelli cui ispirarsi, ha prevalentemente questo fine: attraverso l\u2019individuazione di figure esemplari, che superano il vissuto ordinario, richiamare i battezzati a vivere santamente la loro vita di ogni giorno. San John Henry Newman, nelle sue Preghiere e Meditazioni, proponeva cos\u00ec la sua Breve via di perfezione (27 sett. 1856): \u00abPerfetto \u00e8 colui, il quale fa in modo perfetto le sue azioni giornaliere, e per trovare la perfezione noi non abbiamo affatto bisogno di oltrepassare questi limiti\u00bb.<\/p>\n<p>Si collega a questo primo aspetto, il secondo tema su cui il Convegno intende soffermarsi. Si tratta di una riflessione sul senso della \u00aberoicit\u00e0\u00bb cristiana. La Chiesa ha custodito fin dai primi secoli anzitutto la memoria dei suoi martiri e poi anche dei suoi \u201cconfessori\u201d, quali veri \u00aberoi\u00bb della fede. Ora, si tratta di comprendere cosa significhi oggi eroicit\u00e0, specialmente in relazione all\u2019esercizio delle virt\u00f9, al martirio e all\u2019offerta della vita. Scrive ancora il Concilio Vaticano II: \u00abNella vita di quelli che, sebbene partecipi della nostra natura umana, sono tuttavia pi\u00f9 perfettamente trasformati nell\u2019immagine di Cristo, Dio manifesta agli uomini in una viva luce la sua presenza e il suo volto\u00bb. In Gaudete et exsultate Papa Francesco spiega che \u00abnei processi di beatificazione e canonizzazione si prendono in considerazione i segni di eroicit\u00e0 nell\u2019esercizio delle virt\u00f9, il sacrificio della vita nel martirio e anche i casi nei quali si sia verificata un\u2019offerta della propria vita per gli altri, mantenuta fino alla morte. Questa donazione esprime un\u2019imitazione esemplare di Cristo, ed \u00e8 degna dell\u2019ammirazione dei fedeli\u00bb (n. 5). Facile comprendere che una definizione dell\u2019eroicit\u00e0 cristiana ha una risonanza tutta particolare nell\u2019attuale contesto culturale, dove tanto spesso il relativo sembra prevalere sul vero e l\u2019instabilit\u00e0 avere la meglio su qualsiasi coraggioso progetto di vita.<\/p>\n<p>Auspico, dunque, di vero cuore che il nostro Convegno su \u201cLa santit\u00e0 oggi\u201d segni un momento di riflessione importante sulle Cause di beatificazione e canonizzazione e questo non solo per il lavoro che il Dicastero svolge, ma anche per le ricadute che esso inevitabilmente ha per la coscienza credente del Popolo di Dio.<\/p>\n<p><strong>Intervento di S.E. Mons. Fabio Fabene<\/strong><\/p>\n<p>Il programma del Convengo si articola in quattro giornate, durante le quali sono previsti 11 interventi, 5 comunicazioni e 2 tavole rotonde. Prenderanno la parola, oltre al nostro Cardinale Prefetto e al sottoscritto, gli Ecc.mi Mons. Bruno Forte e Mons. Orazio Francesco Piazza. Interverranno inoltre religiosi e religiose, ma anche docenti universitari e personaggi della comunicazione. La conclusione del Convegno sar\u00e0 l\u2019Udienza con Papa Francesco, gioved\u00ec 6 ottobre.<\/p>\n<p>Nel pomeriggio del 3 ottobre, dopo l\u2019avvio dei lavori da parte di Sua Eminenza il Card. Semeraro, i lavori si concentreranno sul tema della santit\u00e0 e della santit\u00e0 oggi. La prolusione \u00e8 stata affidata all\u2019Arcivescovo di Chieti-Vasto. Prender\u00e0 poi la parola, insieme al Vescovo di Sessa Aurunca, il Dott. Marco Tarquinio, Direttore di Avvenire.<\/p>\n<p>Le giornate seguenti si concentreranno sui due aspetti dell\u2019eroicit\u00e0 cristiana (il 4 ottobre) e della fama di santit\u00e0 (il giorno 5).<\/p>\n<p>Nella mattinata del primo giorno sono stati invitati ad intervenire 4 religiosi, tutti docenti universitari. Parleranno di come i Santi non si possano relegare al passato, ma siano una presenza costante nella vita della Chiesa; di come la santit\u00e0 sia una chiamata sempre urgente e una proposta decisiva per l\u2019uomo di ogni epoca. Nello stesso tempo, si porr\u00e0 l\u2019attenzione sulle Beatitudini, cos\u00ec come ha fatto il Santo Padre dedicando una cospicua parte della Gaudete et exsultate ad una rilettura delle beatitudini secondo Matteo. Scrive Papa Francesco: \u00abLe Beatitudini in nessun modo sono qualcosa di leggero o di superficiale; al contrario, possiamo viverle solamente se lo Spirito Santo ci pervade con tutta la sua potenza e ci libera dalla debolezza dell\u2019egoismo, della pigrizia, dell\u2019orgoglio\u00bb (n. 65).<\/p>\n<p>La sessione pomeridiana preveder\u00e0 tre momenti. Nel primo si indagher\u00e0 il rapporto fra chiamata universale alla santit\u00e0 e santit\u00e0 canonizzabile. Nel secondo ci sar\u00e0 un confronto fra la santit\u00e0 e due paradigmi culturali, cultura della vita e cultura dello scarto; di quest\u2019ultimo tema si occuper\u00e0 il Prof. Andrea Riccardi, Fondatore della Comunit\u00e0 di Sant\u2019Egidio. Infine il Prof. Francesco Giorgino, docente di comunicazione alla LUISS Guido Carli di Roma, moderer\u00e0 la tavola rotonda con alcuni degli intervenuti.<\/p>\n<p>Mercoled\u00ec 5 ottobre la giornata sar\u00e0 dedicata ad approfondire il tema della fama di santit\u00e0, con uno sguardo particolare alle nuove tecnologie e alle forme pi\u00f9 attuali della comunicazione sociale. Non si pu\u00f2 parlare oggi di \u201cfama di santit\u00e0\u201d senza tenere conto del potenziale divulgativo dei nuovi strumenti, che sono diventati non solo disponibili ma anche sempre pi\u00f9 popolari. Se da un lato essi possono artificiosamente creare una \u201cfama\u201d, per cui \u00e8 necessario un attento discernimento, dall\u2019altra parte conosciamo il contributo che, ad esempio, i social hanno nel diffondere idee, proporre modelli e suggerire ideali di vita. Lo sapeva un giovane come Carlo Acutis, divenuto Beato nel 2020, che ha messo al servizio del Vangelo la sua passione per i mezzi moderni di comunicazione; non a caso, si tratta di uno dei giovani Beati pi\u00f9 famosi in tutto il mondo, conosciuto e venerato ovunque.<\/p>\n<p>Al mattino saremo accompagnati dalle riflessioni della Prof.ssa Cecilia Costa, di Padre Federico Lombardi, S.J., gi\u00e0 Direttore della Sala Stampa della Santa Sede, e del Prof. Mario Morcellini.<\/p>\n<p>Nel pomeriggio un teologo, un giornalista e la direttrice dei Musei Vaticani offriranno, ognuno per la propria specificit\u00e0, tre diversi volti della fama di santit\u00e0 oggi. Seguir\u00e0 quindi la tavola rotonda, moderata da Mons. Dario Vigan\u00f2.<\/p>\n<p>Si tratta di un programma intenso, che vorremmo non tanto esaurisse l\u2019argomento, ma offrisse spunti per portare avanti lo studio e la riflessione su queste tematiche, che guidano il lavoro del Dicastero delle Cause dei Santi. Se dovessi cogliere un elemento trasversale di tutto il Convegno, mi pare che sia decisivo proprio il tema della cultura. La sfida \u00e8 quella di trovare vie per le quali Chiesa e mondo possano condividere un codice religioso ed etico, di concetti e di esperienze. Mi viene sempre in mente una frase che San Paolo VI scrisse nell\u2019Esortazione Apostolica Evangelii Nuntiandi al n. 20: \u00abLa rottura tra Vangelo e cultura \u00e8 senza dubbio il dramma della nostra epoca\u00bb. I Santi del nostro tempo, con la concretezza della loro testimonianza, di fatto contribuiscono a superare proprio quel drammatico divario. Il Dicastero delle Cause dei Santi, col suo lavoro quotidiano e con l\u2019organizzazione di questo Convegno, vuole fare sua questa certezza.<\/p>\n<p><strong>Intervento della Prof.ssa Cecilia Costa<\/strong><\/p>\n<p>Ogni epoca ha proposto le proprie interpretazioni sulla vita e sulla morte, sul bene e sul male, sull\u2019eternit\u00e0 e sulla verit\u00e0. Ogni contesto storico ha generato i propri santi. Anche nella nostra modernit\u00e0 avanzata caratterizzata da una continua metamorfosi, da un\u2019anoressia di significati, da un\u2019eccedenza della tecnica e da un\u2019accelerazione storica, c\u2019\u00e8 spazio per la santit\u00e0. Un\u2019epoca, la nostra, che, da un lato, offre ampie possibilit\u00e0 comunicative, tecnologiche e, dall\u2019altro lato, produce delle disfunzioni socio-antropologiche, simbolico-valoriali, tanto che: la felicit\u00e0 si \u00e8 contratta in mitologia del consumo; la fede \u00e8 divenuta preferenza personale non vincolante; il tempo si riassume in un\u2019unica dimensione a-crona, del qui ed ora; la libert\u00e0 \u00e8 intesa a ribasso come \u201cdiritto\u201d di superare ogni limite, obbligo, regola.<\/p>\n<p>Per\u00f2, proprio nell\u2019odierna crisi culturale, in cui si assiste alla scomposizione di ogni canone, assunto e verit\u00e0, si rif\u00e0 strada \u201cl\u2019anelito di infinito\u201d (Card. Bergoglio); si \u00e8 in ricerca di una speranza al di l\u00e0 del tempo e si ha bisogno di testimoni della fede, che manifestino questa speranza che va \u201coltre\u201d l\u2019orizzonte immanente (Spe salvi). Oggi, pi\u00f9 che mai, c\u2019\u00e8 la necessit\u00e0 di santi, \u2212 che sono stati guerrieri, martiri, iniziatori di ordini monastici, vescovi, papi e, nella post-modernit\u00e0, sono persone \u201cdella porta accanto\u201d \u2212, perch\u00e9 l\u2019esempio della loro \u201cpienezza di vita\u201d pu\u00f2 aiutare l\u2019umanit\u00e0 contemporanea a riconciliare la secolarit\u00e0 del mondo con la radicalit\u00e0 del Vangelo (parafrasando S. Tommaso). Propria nella nostra complessit\u00e0 storica, arresa ad un umanesimo autosufficiente, si avverte l\u2019importanza della presenza dei santi, perch\u00e9 essi sono gli interpreti autentici dell\u2019amore che salva.<\/p>\n<p>La realt\u00e0 contemporanea ha necessit\u00e0 della speranza, dell\u2019amore, dell\u2019energia e del coraggio della santit\u00e0 perch\u00e9, come scrive papa Francesco nella Gaudete et exsultate, i santi testimoniano un vissuto \u201ccontrocorrente\u201d rispetto alla logica del momento. Basti pensare a Teresa d\u2019Avila che nel suo testo, Il Castello interiore, \u00e8 stata capace di dare una risposta sia all\u2019angoscia esistenziale degli uomini del suo tempo sia alle vertigini di senso dell\u2019umanit\u00e0 moderna. Oppure, basti ricordare Pier Giorgio Frassati che, rispondendo con convinzione alla con-vocazione d\u2019amore di Dio, riusc\u00ec nella sua breve esistenza a combinare lo straordinario con l\u2019ordinario. O, ancora, Carlo Acutis che ha spiegato ai suoi coetanei, i millennials, come l\u2019amore per Ges\u00f9 possa convivere con la passione per internet.<\/p>\n<p>I santi non sono un retaggio del passato, ma un progetto per il futuro, perch\u00e9 essi sono da sempre gli \u201ceroi\u201d dell\u2019amore altruistico e creativo che, come sottolineava Sorokin, ha come \u201csuo sublime modello il Sermone della Montagna\u201d.<\/p>\n<p>I santi sono nella storia ma fanno anche storia e la loro \u201cstoria santa\u201d pu\u00f2 rendere possibile una \u201cconversione\u201d culturale, sociale, individuale, dall\u2019egoismo all\u2019altruismo in grado di riportare armonia, solidariet\u00e0, fratellanza e bont\u00e0 nel mondo.<\/p>\n<p><strong>Video messaggio \u00a9 Vatican News<\/strong><\/p>\n<p><iframe loading=\"lazy\" title=\"Presentazione del Convegno di Studio \u201cLa Santit\u00e0 Oggi\u201d, promosso dal Dicastero delle Cause dei Santi\" width=\"500\" height=\"281\" src=\"https:\/\/www.youtube.com\/embed\/L2Tq4rLMGqw?feature=oembed\" frameborder=\"0\" allow=\"accelerometer; autoplay; clipboard-write; encrypted-media; gyroscope; picture-in-picture; web-share\" referrerpolicy=\"strict-origin-when-cross-origin\" allowfullscreen><\/iframe><\/p>\n","protected":false},"excerpt":{"rendered":"<p>Promosso dal Dicastero delle Cause dei Santi, 3-6 ottobre 2022<\/p>\n","protected":false},"author":17,"featured_media":62363,"comment_status":"closed","ping_status":"closed","sticky":false,"template":"","format":"standard","meta":{"_acf_changed":false,"_crdt_document":"","inline_featured_image":false,"footnotes":""},"categories":[73],"tags":[7013,6600,7014,4952],"class_list":["post-62362","post","type-post","status-publish","format-standard","has-post-thumbnail","hentry","category-chiesa-e-mondo","tag-la-santita-oggi","tag-conferenza-stampa","tag-dicastero-delle-cause-dei-santi","tag-trending-it"],"acf":[],"yoast_head":"<!-- This site is optimized with the Yoast SEO plugin v27.4 - https:\/\/yoast.com\/product\/yoast-seo-wordpress\/ -->\n<title>Convegno di Studio \u201cLa Santit\u00e0 Oggi\u201d &#8211; Exaudi<\/title>\n<meta name=\"robots\" content=\"index, follow, max-snippet:-1, max-image-preview:large, max-video-preview:-1\" \/>\n<link rel=\"canonical\" href=\"https:\/\/exaudi.org\/it\/convegno-di-studio-la-santita-oggi\/\" \/>\n<meta property=\"og:locale\" content=\"it_IT\" \/>\n<meta property=\"og:type\" content=\"article\" \/>\n<meta property=\"og:title\" content=\"Convegno di Studio \u201cLa Santit\u00e0 Oggi\u201d &#8211; Exaudi\" \/>\n<meta property=\"og:description\" content=\"Promosso dal Dicastero delle Cause dei Santi, 3-6 ottobre 2022\" \/>\n<meta property=\"og:url\" content=\"https:\/\/exaudi.org\/it\/convegno-di-studio-la-santita-oggi\/\" \/>\n<meta property=\"og:site_name\" content=\"Exaudi\" \/>\n<meta property=\"article:publisher\" content=\"https:\/\/www.facebook.com\/ExaudiNews\" \/>\n<meta property=\"article:author\" content=\"https:\/\/www.facebook.com\/ExaudiNotizie\/\" \/>\n<meta property=\"article:published_time\" content=\"2022-09-19T15:46:55+00:00\" \/>\n<meta property=\"og:image\" content=\"https:\/\/exaudi.org\/wp-content\/uploads\/2022\/09\/cq5dam.thumbnail.cropped.1000.563-2.jpeg\" \/>\n\t<meta property=\"og:image:width\" content=\"750\" \/>\n\t<meta property=\"og:image:height\" content=\"422\" \/>\n\t<meta property=\"og:image:type\" content=\"image\/jpeg\" \/>\n<meta name=\"author\" content=\"Exaudi Redazione\" \/>\n<meta name=\"twitter:card\" content=\"summary_large_image\" \/>\n<meta name=\"twitter:creator\" content=\"@Exaudi_Notizie\" \/>\n<meta name=\"twitter:site\" content=\"@Exaudi_News\" \/>\n<meta name=\"twitter:label1\" content=\"Scritto da\" \/>\n\t<meta name=\"twitter:data1\" content=\"Exaudi Redazione\" \/>\n\t<meta name=\"twitter:label2\" content=\"Tempo di lettura stimato\" \/>\n\t<meta name=\"twitter:data2\" content=\"10 minuti\" \/>\n<script type=\"application\/ld+json\" class=\"yoast-schema-graph\">{\"@context\":\"https:\\\/\\\/schema.org\",\"@graph\":[{\"@type\":\"Article\",\"@id\":\"https:\\\/\\\/exaudi.org\\\/it\\\/convegno-di-studio-la-santita-oggi\\\/#article\",\"isPartOf\":{\"@id\":\"https:\\\/\\\/exaudi.org\\\/it\\\/convegno-di-studio-la-santita-oggi\\\/\"},\"author\":{\"name\":\"Exaudi Redazione\",\"@id\":\"https:\\\/\\\/exaudi.org\\\/#\\\/schema\\\/person\\\/e1ab6ed07c01774724dd96f925f3a5f0\"},\"headline\":\"Convegno di Studio \u201cLa Santit\u00e0 Oggi\u201d\",\"datePublished\":\"2022-09-19T15:46:55+00:00\",\"mainEntityOfPage\":{\"@id\":\"https:\\\/\\\/exaudi.org\\\/it\\\/convegno-di-studio-la-santita-oggi\\\/\"},\"wordCount\":2037,\"image\":{\"@id\":\"https:\\\/\\\/exaudi.org\\\/it\\\/convegno-di-studio-la-santita-oggi\\\/#primaryimage\"},\"thumbnailUrl\":\"https:\\\/\\\/exaudi.org\\\/wp-content\\\/uploads\\\/2022\\\/09\\\/cq5dam.thumbnail.cropped.1000.563-2.jpeg\",\"keywords\":[\"\u201cLa Santit\u00e0 Oggi\u201d\",\"Conferenza Stampa\",\"Dicastero delle Cause dei Santi\",\"Trending\"],\"articleSection\":[\"Chiesa e Mondo\"],\"inLanguage\":\"it-IT\"},{\"@type\":\"WebPage\",\"@id\":\"https:\\\/\\\/exaudi.org\\\/it\\\/convegno-di-studio-la-santita-oggi\\\/\",\"url\":\"https:\\\/\\\/exaudi.org\\\/it\\\/convegno-di-studio-la-santita-oggi\\\/\",\"name\":\"Convegno di Studio \u201cLa Santit\u00e0 Oggi\u201d &#8211; Exaudi\",\"isPartOf\":{\"@id\":\"https:\\\/\\\/exaudi.org\\\/#website\"},\"primaryImageOfPage\":{\"@id\":\"https:\\\/\\\/exaudi.org\\\/it\\\/convegno-di-studio-la-santita-oggi\\\/#primaryimage\"},\"image\":{\"@id\":\"https:\\\/\\\/exaudi.org\\\/it\\\/convegno-di-studio-la-santita-oggi\\\/#primaryimage\"},\"thumbnailUrl\":\"https:\\\/\\\/exaudi.org\\\/wp-content\\\/uploads\\\/2022\\\/09\\\/cq5dam.thumbnail.cropped.1000.563-2.jpeg\",\"datePublished\":\"2022-09-19T15:46:55+00:00\",\"author\":{\"@id\":\"https:\\\/\\\/exaudi.org\\\/#\\\/schema\\\/person\\\/e1ab6ed07c01774724dd96f925f3a5f0\"},\"breadcrumb\":{\"@id\":\"https:\\\/\\\/exaudi.org\\\/it\\\/convegno-di-studio-la-santita-oggi\\\/#breadcrumb\"},\"inLanguage\":\"it-IT\",\"potentialAction\":[{\"@type\":\"ReadAction\",\"target\":[\"https:\\\/\\\/exaudi.org\\\/it\\\/convegno-di-studio-la-santita-oggi\\\/\"]}]},{\"@type\":\"ImageObject\",\"inLanguage\":\"it-IT\",\"@id\":\"https:\\\/\\\/exaudi.org\\\/it\\\/convegno-di-studio-la-santita-oggi\\\/#primaryimage\",\"url\":\"https:\\\/\\\/exaudi.org\\\/wp-content\\\/uploads\\\/2022\\\/09\\\/cq5dam.thumbnail.cropped.1000.563-2.jpeg\",\"contentUrl\":\"https:\\\/\\\/exaudi.org\\\/wp-content\\\/uploads\\\/2022\\\/09\\\/cq5dam.thumbnail.cropped.1000.563-2.jpeg\",\"width\":750,\"height\":422,\"caption\":\"\u00a9 Vatican News\"},{\"@type\":\"BreadcrumbList\",\"@id\":\"https:\\\/\\\/exaudi.org\\\/it\\\/convegno-di-studio-la-santita-oggi\\\/#breadcrumb\",\"itemListElement\":[{\"@type\":\"ListItem\",\"position\":1,\"name\":\"Portada\",\"item\":\"https:\\\/\\\/exaudi.org\\\/it\\\/\"},{\"@type\":\"ListItem\",\"position\":2,\"name\":\"Convegno di Studio \u201cLa Santit\u00e0 Oggi\u201d\"}]},{\"@type\":\"WebSite\",\"@id\":\"https:\\\/\\\/exaudi.org\\\/#website\",\"url\":\"https:\\\/\\\/exaudi.org\\\/\",\"name\":\"Exaudi\",\"description\":\"News\",\"potentialAction\":[{\"@type\":\"SearchAction\",\"target\":{\"@type\":\"EntryPoint\",\"urlTemplate\":\"https:\\\/\\\/exaudi.org\\\/?s={search_term_string}\"},\"query-input\":{\"@type\":\"PropertyValueSpecification\",\"valueRequired\":true,\"valueName\":\"search_term_string\"}}],\"inLanguage\":\"it-IT\"},{\"@type\":\"Person\",\"@id\":\"https:\\\/\\\/exaudi.org\\\/#\\\/schema\\\/person\\\/e1ab6ed07c01774724dd96f925f3a5f0\",\"name\":\"Exaudi Redazione\",\"image\":{\"@type\":\"ImageObject\",\"inLanguage\":\"it-IT\",\"@id\":\"https:\\\/\\\/secure.gravatar.com\\\/avatar\\\/ad6774b3ada023bf5b939d64f45c94b3adf91502dd883507d469b4308a943bb3?s=96&d=mm&r=g\",\"url\":\"https:\\\/\\\/secure.gravatar.com\\\/avatar\\\/ad6774b3ada023bf5b939d64f45c94b3adf91502dd883507d469b4308a943bb3?s=96&d=mm&r=g\",\"contentUrl\":\"https:\\\/\\\/secure.gravatar.com\\\/avatar\\\/ad6774b3ada023bf5b939d64f45c94b3adf91502dd883507d469b4308a943bb3?s=96&d=mm&r=g\",\"caption\":\"Exaudi Redazione\"},\"description\":\"Che cosa \u00e8 Exaudi News? Exaudi News \u00e8 un agenzia cattolica internazionale che informa, istruisce e trasforma quotidianamente in spagnolo, inglese e italiano. Attraverso notizie, articoli di analisi e trasmissioni in diretta degli eventi del Papa, Exaudi cerca di rafforzare l'unit\u00e0 dei cristiani e di contribuire all'evangelizzazione del mondo, sempre guidato dalla dottrina sociale della Chiesa. Lavoriamo per portare la verit\u00e0 e i valori cristiani in ogni angolo del pianeta. Aiutaci a trasformare il mondo con Exaudi! Noi di Exaudi crediamo che l'evangelizzazione e l'informazione di qualit\u00e0 possano cambiare la vita. Per continuare la nostra missione ed espandere la nostra portata, abbiamo bisogno del tuo aiuto. Stiamo anche cercando persone motivate che vogliano unirsi al nostro team. Grazie al vostro sostegno raggiungeremo pi\u00f9 persone, diffonderemo il messaggio di Cristo e rafforzeremo l'unit\u00e0 dei cristiani. Vuoi unirti alla nostra missione? Per maggiori informazioni su come contribuire, visita Exaudi.org\\\/it o contattaci direttamente: info@exaudi.org Exaudi: informa, forma e trasforma.\",\"sameAs\":[\"https:\\\/\\\/www.facebook.com\\\/ExaudiNotizie\\\/\",\"https:\\\/\\\/www.instagram.com\\\/Exaudi_notizie\\\/\",\"https:\\\/\\\/x.com\\\/Exaudi_Notizie\",\"https:\\\/\\\/www.youtube.com\\\/@exaudicatholicnews\"],\"url\":\"https:\\\/\\\/exaudi.org\\\/it\\\/author\\\/dlvedi-org\\\/\"}]}<\/script>\n<!-- \/ Yoast SEO plugin. -->","yoast_head_json":{"title":"Convegno di Studio \u201cLa Santit\u00e0 Oggi\u201d &#8211; Exaudi","robots":{"index":"index","follow":"follow","max-snippet":"max-snippet:-1","max-image-preview":"max-image-preview:large","max-video-preview":"max-video-preview:-1"},"canonical":"https:\/\/exaudi.org\/it\/convegno-di-studio-la-santita-oggi\/","og_locale":"it_IT","og_type":"article","og_title":"Convegno di Studio \u201cLa Santit\u00e0 Oggi\u201d &#8211; Exaudi","og_description":"Promosso dal Dicastero delle Cause dei Santi, 3-6 ottobre 2022","og_url":"https:\/\/exaudi.org\/it\/convegno-di-studio-la-santita-oggi\/","og_site_name":"Exaudi","article_publisher":"https:\/\/www.facebook.com\/ExaudiNews","article_author":"https:\/\/www.facebook.com\/ExaudiNotizie\/","article_published_time":"2022-09-19T15:46:55+00:00","og_image":[{"width":750,"height":422,"url":"https:\/\/exaudi.org\/wp-content\/uploads\/2022\/09\/cq5dam.thumbnail.cropped.1000.563-2.jpeg","type":"image\/jpeg"}],"author":"Exaudi Redazione","twitter_card":"summary_large_image","twitter_creator":"@Exaudi_Notizie","twitter_site":"@Exaudi_News","twitter_misc":{"Scritto da":"Exaudi Redazione","Tempo di lettura stimato":"10 minuti"},"schema":{"@context":"https:\/\/schema.org","@graph":[{"@type":"Article","@id":"https:\/\/exaudi.org\/it\/convegno-di-studio-la-santita-oggi\/#article","isPartOf":{"@id":"https:\/\/exaudi.org\/it\/convegno-di-studio-la-santita-oggi\/"},"author":{"name":"Exaudi Redazione","@id":"https:\/\/exaudi.org\/#\/schema\/person\/e1ab6ed07c01774724dd96f925f3a5f0"},"headline":"Convegno di Studio \u201cLa Santit\u00e0 Oggi\u201d","datePublished":"2022-09-19T15:46:55+00:00","mainEntityOfPage":{"@id":"https:\/\/exaudi.org\/it\/convegno-di-studio-la-santita-oggi\/"},"wordCount":2037,"image":{"@id":"https:\/\/exaudi.org\/it\/convegno-di-studio-la-santita-oggi\/#primaryimage"},"thumbnailUrl":"https:\/\/exaudi.org\/wp-content\/uploads\/2022\/09\/cq5dam.thumbnail.cropped.1000.563-2.jpeg","keywords":["\u201cLa Santit\u00e0 Oggi\u201d","Conferenza Stampa","Dicastero delle Cause dei Santi","Trending"],"articleSection":["Chiesa e Mondo"],"inLanguage":"it-IT"},{"@type":"WebPage","@id":"https:\/\/exaudi.org\/it\/convegno-di-studio-la-santita-oggi\/","url":"https:\/\/exaudi.org\/it\/convegno-di-studio-la-santita-oggi\/","name":"Convegno di Studio \u201cLa Santit\u00e0 Oggi\u201d &#8211; Exaudi","isPartOf":{"@id":"https:\/\/exaudi.org\/#website"},"primaryImageOfPage":{"@id":"https:\/\/exaudi.org\/it\/convegno-di-studio-la-santita-oggi\/#primaryimage"},"image":{"@id":"https:\/\/exaudi.org\/it\/convegno-di-studio-la-santita-oggi\/#primaryimage"},"thumbnailUrl":"https:\/\/exaudi.org\/wp-content\/uploads\/2022\/09\/cq5dam.thumbnail.cropped.1000.563-2.jpeg","datePublished":"2022-09-19T15:46:55+00:00","author":{"@id":"https:\/\/exaudi.org\/#\/schema\/person\/e1ab6ed07c01774724dd96f925f3a5f0"},"breadcrumb":{"@id":"https:\/\/exaudi.org\/it\/convegno-di-studio-la-santita-oggi\/#breadcrumb"},"inLanguage":"it-IT","potentialAction":[{"@type":"ReadAction","target":["https:\/\/exaudi.org\/it\/convegno-di-studio-la-santita-oggi\/"]}]},{"@type":"ImageObject","inLanguage":"it-IT","@id":"https:\/\/exaudi.org\/it\/convegno-di-studio-la-santita-oggi\/#primaryimage","url":"https:\/\/exaudi.org\/wp-content\/uploads\/2022\/09\/cq5dam.thumbnail.cropped.1000.563-2.jpeg","contentUrl":"https:\/\/exaudi.org\/wp-content\/uploads\/2022\/09\/cq5dam.thumbnail.cropped.1000.563-2.jpeg","width":750,"height":422,"caption":"\u00a9 Vatican News"},{"@type":"BreadcrumbList","@id":"https:\/\/exaudi.org\/it\/convegno-di-studio-la-santita-oggi\/#breadcrumb","itemListElement":[{"@type":"ListItem","position":1,"name":"Portada","item":"https:\/\/exaudi.org\/it\/"},{"@type":"ListItem","position":2,"name":"Convegno di Studio \u201cLa Santit\u00e0 Oggi\u201d"}]},{"@type":"WebSite","@id":"https:\/\/exaudi.org\/#website","url":"https:\/\/exaudi.org\/","name":"Exaudi","description":"News","potentialAction":[{"@type":"SearchAction","target":{"@type":"EntryPoint","urlTemplate":"https:\/\/exaudi.org\/?s={search_term_string}"},"query-input":{"@type":"PropertyValueSpecification","valueRequired":true,"valueName":"search_term_string"}}],"inLanguage":"it-IT"},{"@type":"Person","@id":"https:\/\/exaudi.org\/#\/schema\/person\/e1ab6ed07c01774724dd96f925f3a5f0","name":"Exaudi Redazione","image":{"@type":"ImageObject","inLanguage":"it-IT","@id":"https:\/\/secure.gravatar.com\/avatar\/ad6774b3ada023bf5b939d64f45c94b3adf91502dd883507d469b4308a943bb3?s=96&d=mm&r=g","url":"https:\/\/secure.gravatar.com\/avatar\/ad6774b3ada023bf5b939d64f45c94b3adf91502dd883507d469b4308a943bb3?s=96&d=mm&r=g","contentUrl":"https:\/\/secure.gravatar.com\/avatar\/ad6774b3ada023bf5b939d64f45c94b3adf91502dd883507d469b4308a943bb3?s=96&d=mm&r=g","caption":"Exaudi Redazione"},"description":"Che cosa \u00e8 Exaudi News? Exaudi News \u00e8 un agenzia cattolica internazionale che informa, istruisce e trasforma quotidianamente in spagnolo, inglese e italiano. Attraverso notizie, articoli di analisi e trasmissioni in diretta degli eventi del Papa, Exaudi cerca di rafforzare l'unit\u00e0 dei cristiani e di contribuire all'evangelizzazione del mondo, sempre guidato dalla dottrina sociale della Chiesa. Lavoriamo per portare la verit\u00e0 e i valori cristiani in ogni angolo del pianeta. Aiutaci a trasformare il mondo con Exaudi! Noi di Exaudi crediamo che l'evangelizzazione e l'informazione di qualit\u00e0 possano cambiare la vita. Per continuare la nostra missione ed espandere la nostra portata, abbiamo bisogno del tuo aiuto. Stiamo anche cercando persone motivate che vogliano unirsi al nostro team. Grazie al vostro sostegno raggiungeremo pi\u00f9 persone, diffonderemo il messaggio di Cristo e rafforzeremo l'unit\u00e0 dei cristiani. Vuoi unirti alla nostra missione? Per maggiori informazioni su come contribuire, visita Exaudi.org\/it o contattaci direttamente: info@exaudi.org Exaudi: informa, forma e trasforma.","sameAs":["https:\/\/www.facebook.com\/ExaudiNotizie\/","https:\/\/www.instagram.com\/Exaudi_notizie\/","https:\/\/x.com\/Exaudi_Notizie","https:\/\/www.youtube.com\/@exaudicatholicnews"],"url":"https:\/\/exaudi.org\/it\/author\/dlvedi-org\/"}]}},"jetpack_featured_media_url":"https:\/\/exaudi.org\/wp-content\/uploads\/2022\/09\/cq5dam.thumbnail.cropped.1000.563-2.jpeg","jetpack_shortlink":"https:\/\/wp.me\/pgKjF2-gdQ","_links":{"self":[{"href":"https:\/\/exaudi.org\/it\/wp-json\/wp\/v2\/posts\/62362","targetHints":{"allow":["GET"]}}],"collection":[{"href":"https:\/\/exaudi.org\/it\/wp-json\/wp\/v2\/posts"}],"about":[{"href":"https:\/\/exaudi.org\/it\/wp-json\/wp\/v2\/types\/post"}],"author":[{"embeddable":true,"href":"https:\/\/exaudi.org\/it\/wp-json\/wp\/v2\/users\/17"}],"replies":[{"embeddable":true,"href":"https:\/\/exaudi.org\/it\/wp-json\/wp\/v2\/comments?post=62362"}],"version-history":[{"count":0,"href":"https:\/\/exaudi.org\/it\/wp-json\/wp\/v2\/posts\/62362\/revisions"}],"wp:featuredmedia":[{"embeddable":true,"href":"https:\/\/exaudi.org\/it\/wp-json\/wp\/v2\/media\/62363"}],"wp:attachment":[{"href":"https:\/\/exaudi.org\/it\/wp-json\/wp\/v2\/media?parent=62362"}],"wp:term":[{"taxonomy":"category","embeddable":true,"href":"https:\/\/exaudi.org\/it\/wp-json\/wp\/v2\/categories?post=62362"},{"taxonomy":"post_tag","embeddable":true,"href":"https:\/\/exaudi.org\/it\/wp-json\/wp\/v2\/tags?post=62362"}],"curies":[{"name":"wp","href":"https:\/\/api.w.org\/{rel}","templated":true}]}}