{"id":61788,"date":"2022-09-10T15:11:04","date_gmt":"2022-09-10T13:11:04","guid":{"rendered":"https:\/\/exaudi.org\/?p=61788"},"modified":"2022-09-10T15:11:04","modified_gmt":"2022-09-10T13:11:04","slug":"vi-prego-non-stancatevi-mai-di-essere-catechisti","status":"publish","type":"post","link":"https:\/\/exaudi.org\/it\/vi-prego-non-stancatevi-mai-di-essere-catechisti\/","title":{"rendered":"&#8220;Vi prego: non stancatevi mai di essere catechisti&#8221;"},"content":{"rendered":"<p>Questa mattina, in Vaticano, il Santo Padre Francesco riceve in Udienza i Partecipanti al Congresso Internazionale dei Catechisti.<\/p>\n<p>Pubblichiamo di seguito il discorso che il Papa rivolge ai presenti nel corso dell\u2019incontro:<\/p>\n<p><strong>Discorso del Santo Padre<\/strong><\/p>\n<p>Cari catechisti e care catechiste, buongiorno!<\/p>\n<p>\u00c8 per me motivo di gioia incontrarvi, perch\u00e9 conosco molto bene il vostro impegno nella trasmissione della fede. Come ha detto Mons. Fisichella \u2013 che ringrazio per questo appuntamento \u2013, venite da tanti Paesi diversi e siete il segno della responsabilit\u00e0 della Chiesa nei confronti di tante persone: bambini, giovani e adulti che chiedono di compiere un cammino di fede.<\/p>\n<p>Vi ho salutato tutti come catechisti. L\u2019ho fatto intenzionalmente. Vedo in mezzo a voi parecchi vescovi, tanti sacerdoti e persone consacrate: anche loro sono catechisti. Anzi, direi, sono prima di tutto catechisti, perch\u00e9 il Signore ci chiama tutti a far risuonare il suo Vangelo nel cuore di ogni persona. Vi confesso che a me piace molto l\u2019appuntamento del mercoled\u00ec, quando ogni settimana incontro tante persone che vengono per partecipare alla catechesi. Questo \u00e8 un momento privilegiato perch\u00e9, riflettendo sulla Parola di Dio e la tradizione della Chiesa, noi camminiamo come Popolo di Dio, e siamo anche chiamati a trovare le forme necessarie per testimoniare il Vangelo nella vita quotidiana.<\/p>\n<p>Vi prego: non stancatevi mai di\u00a0<i>essere catechisti<\/i>. Non di \u201cfare la lezione\u201d di catechesi. La catechesi non pu\u00f2 essere come un\u2019ora di scuola, ma \u00e8 un\u2019esperienza viva della fede che ognuno di noi sente il desiderio di trasmettere alle nuove generazioni. Certo, dobbiamo trovare le modalit\u00e0 migliori perch\u00e9 la comunicazione della fede sia adeguata all\u2019et\u00e0 e alla preparazione delle persone che ci ascoltano; eppure, \u00e8 decisivo l\u2019incontro personale che abbiamo con ciascuno di loro. Solo l\u2019incontro interpersonale apre il cuore a ricevere il primo annuncio e a desiderare di crescere nella vita cristiana con il dinamismo proprio che la catechesi permette di attuare. Il nuovo\u00a0<i>Direttorio per la Catechesi<\/i>, che vi \u00e8 stato consegnato nei mesi scorsi, vi sar\u00e0 molto utile per comprendere in quale modo percorrere questo itinerario e come rinnovare la catechesi nelle diocesi e nelle parrocchie.<\/p>\n<figure id=\"attachment_61792\" aria-describedby=\"caption-attachment-61792\" style=\"width: 300px\" class=\"wp-caption alignright\"><img loading=\"lazy\" decoding=\"async\" class=\"size-medium wp-image-61792\" src=\"https:\/\/exaudi.org\/wp-content\/uploads\/2022\/09\/thumbnail__MTC3991-300x200.jpg\" alt=\"\" width=\"300\" height=\"200\" srcset=\"https:\/\/exaudi.org\/wp-content\/uploads\/2022\/09\/thumbnail__MTC3991-300x200.jpg 300w, https:\/\/exaudi.org\/wp-content\/uploads\/2022\/09\/thumbnail__MTC3991-1024x682.jpg 1024w, https:\/\/exaudi.org\/wp-content\/uploads\/2022\/09\/thumbnail__MTC3991-770x513.jpg 770w, https:\/\/exaudi.org\/wp-content\/uploads\/2022\/09\/thumbnail__MTC3991-360x240.jpg?crop=1 360w, https:\/\/exaudi.org\/wp-content\/uploads\/2022\/09\/thumbnail__MTC3991-500x333.jpg 500w, https:\/\/exaudi.org\/wp-content\/uploads\/2022\/09\/thumbnail__MTC3991-1155x770.jpg 1155w, https:\/\/exaudi.org\/wp-content\/uploads\/2022\/09\/thumbnail__MTC3991-370x247.jpg 370w, https:\/\/exaudi.org\/wp-content\/uploads\/2022\/09\/thumbnail__MTC3991-293x195.jpg 293w, https:\/\/exaudi.org\/wp-content\/uploads\/2022\/09\/thumbnail__MTC3991-120x80.jpg 120w, https:\/\/exaudi.org\/wp-content\/uploads\/2022\/09\/thumbnail__MTC3991-240x160.jpg 240w, https:\/\/exaudi.org\/wp-content\/uploads\/2022\/09\/thumbnail__MTC3991-390x260.jpg 390w, https:\/\/exaudi.org\/wp-content\/uploads\/2022\/09\/thumbnail__MTC3991.jpg 1280w\" sizes=\"auto, (max-width: 300px) 100vw, 300px\" \/><figcaption id=\"caption-attachment-61792\" class=\"wp-caption-text\">\u00a9 Vatican Media<\/figcaption><\/figure>\n<p>Non dimenticate mai che lo scopo della catechesi, che \u00e8 una tappa privilegiata dell\u2019evangelizzazione, \u00e8 quello di giungere a incontrare Ges\u00f9 Cristo e permettere che Lui cresca in noi. E qui entriamo direttamente nello specifico di questo vostro terzo Incontro Internazionale, che ha preso in considerazione la terza parte del\u00a0<i>Catechismo della Chiesa Cattolica<\/i>. C\u2019\u00e8 un passaggio del\u00a0<i>Catechismo<\/i>\u00a0che mi sembra importante consegnarvi in merito al vostro essere \u201cTestimoni della vita nuova\u201d. Dice cos\u00ec: \u00abQuando crediamo in Ges\u00f9 Cristo, comunichiamo ai suoi misteri e osserviamo i suoi comandamenti, il Salvatore stesso viene ad amare in noi il Padre suo e i suoi fratelli, Padre nostro e nostri fratelli. La sua Persona diventa, grazie allo Spirito, la regola vivente e interiore della nostra condotta\u00bb (n. 2074).<\/p>\n<p>Comprendiamo perch\u00e9 Ges\u00f9 ci ha detto che il suo comandamento \u00e8 questo:\u00a0<i>Amatevi gli uni gli altri come io ho amato<\/i>\u00a0(cfr\u00a0<i>Gv<\/i>\u00a015,12). Il vero amore \u00e8 quello che proviene da Dio e che Ges\u00f9 ha rivelato con il mistero della sua presenza in mezzo a noi, con la sua predicazione, i suoi miracoli e soprattutto con la sua morte e risurrezione. L\u2019amore di Cristo rimane come il vero e unico comandamento della vita nuova, che il cristiano, con l\u2019aiuto dello Spirito Santo, fa proprio giorno per giorno in un cammino che non conosce sosta.<\/p>\n<p>Cari catechisti e catechiste, voi siete chiamati a rendere visibile e tangibile la persona di Ges\u00f9 Cristo, che ama ciascuno di voi e per questo diventa regola della nostra vita e criterio di giudizio del nostro agire morale. Non allontanatevi mai da questa sorgente di amore, perch\u00e9 \u00e8 la condizione per essere felici e pieni di gioia sempre e nonostante tutto. Questa \u00e8 la vita nuova che \u00e8 scaturita in noi nel giorno del Battesimo e che abbiamo la responsabilit\u00e0 di condividere con tutti, cos\u00ec che possa crescere in ciascuno e portare frutto.<\/p>\n<figure id=\"attachment_61795\" aria-describedby=\"caption-attachment-61795\" style=\"width: 300px\" class=\"wp-caption alignleft\"><img loading=\"lazy\" decoding=\"async\" class=\"size-medium wp-image-61795\" src=\"https:\/\/exaudi.org\/wp-content\/uploads\/2022\/09\/thumbnail__MTC4110-300x200.jpg\" alt=\"\" width=\"300\" height=\"200\" srcset=\"https:\/\/exaudi.org\/wp-content\/uploads\/2022\/09\/thumbnail__MTC4110-300x200.jpg 300w, https:\/\/exaudi.org\/wp-content\/uploads\/2022\/09\/thumbnail__MTC4110-1024x682.jpg 1024w, https:\/\/exaudi.org\/wp-content\/uploads\/2022\/09\/thumbnail__MTC4110-770x513.jpg 770w, https:\/\/exaudi.org\/wp-content\/uploads\/2022\/09\/thumbnail__MTC4110-360x240.jpg?crop=1 360w, https:\/\/exaudi.org\/wp-content\/uploads\/2022\/09\/thumbnail__MTC4110-500x333.jpg 500w, https:\/\/exaudi.org\/wp-content\/uploads\/2022\/09\/thumbnail__MTC4110-1155x770.jpg 1155w, https:\/\/exaudi.org\/wp-content\/uploads\/2022\/09\/thumbnail__MTC4110-370x247.jpg 370w, https:\/\/exaudi.org\/wp-content\/uploads\/2022\/09\/thumbnail__MTC4110-293x195.jpg 293w, https:\/\/exaudi.org\/wp-content\/uploads\/2022\/09\/thumbnail__MTC4110-120x80.jpg 120w, https:\/\/exaudi.org\/wp-content\/uploads\/2022\/09\/thumbnail__MTC4110-240x160.jpg 240w, https:\/\/exaudi.org\/wp-content\/uploads\/2022\/09\/thumbnail__MTC4110-390x260.jpg 390w, https:\/\/exaudi.org\/wp-content\/uploads\/2022\/09\/thumbnail__MTC4110.jpg 1280w\" sizes=\"auto, (max-width: 300px) 100vw, 300px\" \/><figcaption id=\"caption-attachment-61795\" class=\"wp-caption-text\">\u00a9 Vatican Media<\/figcaption><\/figure>\n<p>Sono certo che questo cammino condurr\u00e0 molti tra voi a scoprire pienamente la vocazione di essere catechista, e quindi a chiedere di accedere al\u00a0<i>ministero di catechista<\/i>. Ho istituito questo ministero conoscendo il grande ruolo che esso pu\u00f2 svolgere nella comunit\u00e0 cristiana. Non abbiate timore: se il Signore vi chiama a questo ministero, seguitelo! Sarete partecipi della stessa missione di Ges\u00f9 di annunciare il suo Vangelo e di introdurre al rapporto filiale con Dio Padre.<\/p>\n<p>E non vorrei finire \u2013 lo considero una cosa buona e giusta \u2013 senza ricordare\u00a0<i>i miei catechisti<\/i>. C\u2019\u00e8 una suora che dirigeva il gruppo delle catechiste; a volte insegnava lei, a volte due brave signore, ambedue si chiamavano Alicia, le ricordo sempre. E questa suora ha messo le fondamenta della mia vita cristiana, preparandomi alla Prima Comunione, nell\u2019anno \u201943-\u201944\u2026 Credo che nessuno di voi fosse nato in quel tempo. Il Signore mi ha fatto anche una grazia molto grande. Era molto anziana, io ero studente, stavo studiando fuori, in Germania, e finiti gli studi sono tornato in Argentina, e il giorno dopo lei mor\u00ec. Io ho potuto accompagnarla quel giorno. E quando ero l\u00ec, pregando davanti alla sua bara, ringraziavo il Signore per la testimonianza di questa suora che ha passato la vita quasi soltanto a fare catechesi, a preparare bambini e ragazzi per la Prima Comunione. Si chiamava Dolores. Mi permetto questo per dare testimonianza che, quando c\u2019\u00e8 un buon catechista, lascia la traccia; non solo la traccia di quello che semina, ma la traccia della persona che ha seminato. Vi auguro che i vostri ragazzi, i vostri bambini, i vostri adulti, quelli che voi accompagnate nella catechesi, vi ricordino sempre davanti al Signore come una persona che ha seminato cose belle e buone nel cuore.<\/p>\n<p>Vi accompagno tutti con la mia benedizione. Vi affido all\u2019intercessione della Vergine Maria e dei martiri catechisti: sono tanti \u2013 \u00e8 importante \u2013, anche nei nostri tempi, sono tanti! E vi chiedo per favore di non dimenticarvi di pregare per me. Grazie!<\/p>\n","protected":false},"excerpt":{"rendered":"<p>Parole Il Papa ai Partecipanti al Congresso Internazionale dei Catechisti<\/p>\n","protected":false},"author":17,"featured_media":61789,"comment_status":"closed","ping_status":"closed","sticky":false,"template":"","format":"standard","meta":{"_acf_changed":false,"_crdt_document":"","inline_featured_image":false,"footnotes":""},"categories":[123,67],"tags":[2274,251,4952,1843],"class_list":["post-61788","post","type-post","status-publish","format-standard","has-post-thumbnail","hentry","category-discorsi","category-leone-xiv","tag-catechisti","tag-papa-francesco","tag-trending-it","tag-udienza"],"acf":[],"yoast_head":"<!-- This site is optimized with the Yoast SEO plugin v27.5 - https:\/\/yoast.com\/product\/yoast-seo-wordpress\/ -->\n<title>&quot;Vi prego: non stancatevi mai di essere catechisti&quot; &#8211; Exaudi<\/title>\n<meta name=\"robots\" content=\"index, follow, max-snippet:-1, max-image-preview:large, max-video-preview:-1\" \/>\n<link rel=\"canonical\" href=\"https:\/\/exaudi.org\/it\/i-beg-you-never-tire-of-being-catechists\/\" \/>\n<meta property=\"og:locale\" content=\"it_IT\" \/>\n<meta property=\"og:type\" content=\"article\" \/>\n<meta property=\"og:title\" content=\"&quot;Vi prego: non stancatevi mai di essere catechisti&quot; &#8211; Exaudi\" \/>\n<meta property=\"og:description\" content=\"Parole Il Papa ai Partecipanti al Congresso Internazionale dei Catechisti\" \/>\n<meta property=\"og:url\" content=\"https:\/\/exaudi.org\/i-beg-you-never-tire-of-being-catechists\/\" \/>\n<meta property=\"og:site_name\" content=\"Exaudi\" \/>\n<meta property=\"article:publisher\" content=\"https:\/\/www.facebook.com\/ExaudiNews\" \/>\n<meta property=\"article:author\" content=\"https:\/\/www.facebook.com\/ExaudiNotizie\/\" \/>\n<meta property=\"article:published_time\" content=\"2022-09-10T13:11:04+00:00\" \/>\n<meta property=\"og:image\" content=\"https:\/\/exaudi.org\/wp-content\/uploads\/2022\/09\/thumbnail__MTC0019.jpg\" \/>\n\t<meta property=\"og:image:width\" content=\"1280\" \/>\n\t<meta property=\"og:image:height\" content=\"853\" \/>\n\t<meta property=\"og:image:type\" content=\"image\/jpeg\" \/>\n<meta name=\"author\" content=\"Exaudi Redazione\" \/>\n<meta name=\"twitter:card\" content=\"summary_large_image\" \/>\n<meta name=\"twitter:creator\" content=\"@Exaudi_Notizie\" \/>\n<meta name=\"twitter:site\" content=\"@Exaudi_News\" \/>\n<meta name=\"twitter:label1\" content=\"Scritto da\" \/>\n\t<meta name=\"twitter:data1\" content=\"Exaudi Redazione\" \/>\n\t<meta name=\"twitter:label2\" content=\"Tempo di lettura stimato\" \/>\n\t<meta name=\"twitter:data2\" content=\"5 minuti\" \/>\n<script type=\"application\/ld+json\" class=\"yoast-schema-graph\">{\"@context\":\"https:\\\/\\\/schema.org\",\"@graph\":[{\"@type\":\"Article\",\"@id\":\"https:\\\/\\\/exaudi.org\\\/i-beg-you-never-tire-of-being-catechists\\\/#article\",\"isPartOf\":{\"@id\":\"https:\\\/\\\/exaudi.org\\\/i-beg-you-never-tire-of-being-catechists\\\/\"},\"author\":{\"name\":\"Exaudi Redazione\",\"@id\":\"https:\\\/\\\/exaudi.org\\\/#\\\/schema\\\/person\\\/e1ab6ed07c01774724dd96f925f3a5f0\"},\"headline\":\"&#8220;Vi prego: non stancatevi mai di essere catechisti&#8221;\",\"datePublished\":\"2022-09-10T13:11:04+00:00\",\"mainEntityOfPage\":{\"@id\":\"https:\\\/\\\/exaudi.org\\\/i-beg-you-never-tire-of-being-catechists\\\/\"},\"wordCount\":1019,\"image\":{\"@id\":\"https:\\\/\\\/exaudi.org\\\/i-beg-you-never-tire-of-being-catechists\\\/#primaryimage\"},\"thumbnailUrl\":\"https:\\\/\\\/exaudi.org\\\/wp-content\\\/uploads\\\/2022\\\/09\\\/thumbnail__MTC0019.jpg\",\"keywords\":[\"catechisti\",\"Papa Francesco\",\"Trending\",\"udienza\"],\"articleSection\":[\"Discorsi\",\"Leone XIV\"],\"inLanguage\":\"it-IT\"},{\"@type\":\"WebPage\",\"@id\":\"https:\\\/\\\/exaudi.org\\\/i-beg-you-never-tire-of-being-catechists\\\/\",\"url\":\"https:\\\/\\\/exaudi.org\\\/i-beg-you-never-tire-of-being-catechists\\\/\",\"name\":\"\\\"Vi prego: non stancatevi mai di essere catechisti\\\" &#8211; Exaudi\",\"isPartOf\":{\"@id\":\"https:\\\/\\\/exaudi.org\\\/#website\"},\"primaryImageOfPage\":{\"@id\":\"https:\\\/\\\/exaudi.org\\\/i-beg-you-never-tire-of-being-catechists\\\/#primaryimage\"},\"image\":{\"@id\":\"https:\\\/\\\/exaudi.org\\\/i-beg-you-never-tire-of-being-catechists\\\/#primaryimage\"},\"thumbnailUrl\":\"https:\\\/\\\/exaudi.org\\\/wp-content\\\/uploads\\\/2022\\\/09\\\/thumbnail__MTC0019.jpg\",\"datePublished\":\"2022-09-10T13:11:04+00:00\",\"author\":{\"@id\":\"https:\\\/\\\/exaudi.org\\\/#\\\/schema\\\/person\\\/e1ab6ed07c01774724dd96f925f3a5f0\"},\"breadcrumb\":{\"@id\":\"https:\\\/\\\/exaudi.org\\\/i-beg-you-never-tire-of-being-catechists\\\/#breadcrumb\"},\"inLanguage\":\"it-IT\",\"potentialAction\":[{\"@type\":\"ReadAction\",\"target\":[\"https:\\\/\\\/exaudi.org\\\/i-beg-you-never-tire-of-being-catechists\\\/\"]}]},{\"@type\":\"ImageObject\",\"inLanguage\":\"it-IT\",\"@id\":\"https:\\\/\\\/exaudi.org\\\/i-beg-you-never-tire-of-being-catechists\\\/#primaryimage\",\"url\":\"https:\\\/\\\/exaudi.org\\\/wp-content\\\/uploads\\\/2022\\\/09\\\/thumbnail__MTC0019.jpg\",\"contentUrl\":\"https:\\\/\\\/exaudi.org\\\/wp-content\\\/uploads\\\/2022\\\/09\\\/thumbnail__MTC0019.jpg\",\"width\":1280,\"height\":853,\"caption\":\"\u00a9 Vatican Media\"},{\"@type\":\"BreadcrumbList\",\"@id\":\"https:\\\/\\\/exaudi.org\\\/i-beg-you-never-tire-of-being-catechists\\\/#breadcrumb\",\"itemListElement\":[{\"@type\":\"ListItem\",\"position\":1,\"name\":\"Portada\",\"item\":\"https:\\\/\\\/exaudi.org\\\/it\\\/\"},{\"@type\":\"ListItem\",\"position\":2,\"name\":\"&#8220;Vi prego: non stancatevi mai di essere catechisti&#8221;\"}]},{\"@type\":\"WebSite\",\"@id\":\"https:\\\/\\\/exaudi.org\\\/#website\",\"url\":\"https:\\\/\\\/exaudi.org\\\/\",\"name\":\"Exaudi\",\"description\":\"News\",\"potentialAction\":[{\"@type\":\"SearchAction\",\"target\":{\"@type\":\"EntryPoint\",\"urlTemplate\":\"https:\\\/\\\/exaudi.org\\\/?s={search_term_string}\"},\"query-input\":{\"@type\":\"PropertyValueSpecification\",\"valueRequired\":true,\"valueName\":\"search_term_string\"}}],\"inLanguage\":\"it-IT\"},{\"@type\":\"Person\",\"@id\":\"https:\\\/\\\/exaudi.org\\\/#\\\/schema\\\/person\\\/e1ab6ed07c01774724dd96f925f3a5f0\",\"name\":\"Exaudi Redazione\",\"image\":{\"@type\":\"ImageObject\",\"inLanguage\":\"it-IT\",\"@id\":\"https:\\\/\\\/secure.gravatar.com\\\/avatar\\\/ad6774b3ada023bf5b939d64f45c94b3adf91502dd883507d469b4308a943bb3?s=96&d=mm&r=g\",\"url\":\"https:\\\/\\\/secure.gravatar.com\\\/avatar\\\/ad6774b3ada023bf5b939d64f45c94b3adf91502dd883507d469b4308a943bb3?s=96&d=mm&r=g\",\"contentUrl\":\"https:\\\/\\\/secure.gravatar.com\\\/avatar\\\/ad6774b3ada023bf5b939d64f45c94b3adf91502dd883507d469b4308a943bb3?s=96&d=mm&r=g\",\"caption\":\"Exaudi Redazione\"},\"description\":\"Che cosa \u00e8 Exaudi News? Exaudi News \u00e8 un agenzia cattolica internazionale che informa, istruisce e trasforma quotidianamente in spagnolo, inglese e italiano. Attraverso notizie, articoli di analisi e trasmissioni in diretta degli eventi del Papa, Exaudi cerca di rafforzare l'unit\u00e0 dei cristiani e di contribuire all'evangelizzazione del mondo, sempre guidato dalla dottrina sociale della Chiesa. Lavoriamo per portare la verit\u00e0 e i valori cristiani in ogni angolo del pianeta. Aiutaci a trasformare il mondo con Exaudi! Noi di Exaudi crediamo che l'evangelizzazione e l'informazione di qualit\u00e0 possano cambiare la vita. Per continuare la nostra missione ed espandere la nostra portata, abbiamo bisogno del tuo aiuto. Stiamo anche cercando persone motivate che vogliano unirsi al nostro team. Grazie al vostro sostegno raggiungeremo pi\u00f9 persone, diffonderemo il messaggio di Cristo e rafforzeremo l'unit\u00e0 dei cristiani. Vuoi unirti alla nostra missione? Per maggiori informazioni su come contribuire, visita Exaudi.org\\\/it o contattaci direttamente: info@exaudi.org Exaudi: informa, forma e trasforma.\",\"sameAs\":[\"https:\\\/\\\/www.facebook.com\\\/ExaudiNotizie\\\/\",\"https:\\\/\\\/www.instagram.com\\\/Exaudi_notizie\\\/\",\"https:\\\/\\\/x.com\\\/Exaudi_Notizie\",\"https:\\\/\\\/www.youtube.com\\\/@exaudicatholicnews\"],\"url\":\"https:\\\/\\\/exaudi.org\\\/it\\\/author\\\/dlvedi-org\\\/\"}]}<\/script>\n<!-- \/ Yoast SEO plugin. -->","yoast_head_json":{"title":"\"Vi prego: non stancatevi mai di essere catechisti\" &#8211; Exaudi","robots":{"index":"index","follow":"follow","max-snippet":"max-snippet:-1","max-image-preview":"max-image-preview:large","max-video-preview":"max-video-preview:-1"},"canonical":"https:\/\/exaudi.org\/it\/i-beg-you-never-tire-of-being-catechists\/","og_locale":"it_IT","og_type":"article","og_title":"\"Vi prego: non stancatevi mai di essere catechisti\" &#8211; Exaudi","og_description":"Parole Il Papa ai Partecipanti al Congresso Internazionale dei Catechisti","og_url":"https:\/\/exaudi.org\/i-beg-you-never-tire-of-being-catechists\/","og_site_name":"Exaudi","article_publisher":"https:\/\/www.facebook.com\/ExaudiNews","article_author":"https:\/\/www.facebook.com\/ExaudiNotizie\/","article_published_time":"2022-09-10T13:11:04+00:00","og_image":[{"width":1280,"height":853,"url":"https:\/\/exaudi.org\/wp-content\/uploads\/2022\/09\/thumbnail__MTC0019.jpg","type":"image\/jpeg"}],"author":"Exaudi Redazione","twitter_card":"summary_large_image","twitter_creator":"@Exaudi_Notizie","twitter_site":"@Exaudi_News","twitter_misc":{"Scritto da":"Exaudi Redazione","Tempo di lettura stimato":"5 minuti"},"schema":{"@context":"https:\/\/schema.org","@graph":[{"@type":"Article","@id":"https:\/\/exaudi.org\/i-beg-you-never-tire-of-being-catechists\/#article","isPartOf":{"@id":"https:\/\/exaudi.org\/i-beg-you-never-tire-of-being-catechists\/"},"author":{"name":"Exaudi Redazione","@id":"https:\/\/exaudi.org\/#\/schema\/person\/e1ab6ed07c01774724dd96f925f3a5f0"},"headline":"&#8220;Vi prego: non stancatevi mai di essere catechisti&#8221;","datePublished":"2022-09-10T13:11:04+00:00","mainEntityOfPage":{"@id":"https:\/\/exaudi.org\/i-beg-you-never-tire-of-being-catechists\/"},"wordCount":1019,"image":{"@id":"https:\/\/exaudi.org\/i-beg-you-never-tire-of-being-catechists\/#primaryimage"},"thumbnailUrl":"https:\/\/exaudi.org\/wp-content\/uploads\/2022\/09\/thumbnail__MTC0019.jpg","keywords":["catechisti","Papa Francesco","Trending","udienza"],"articleSection":["Discorsi","Leone XIV"],"inLanguage":"it-IT"},{"@type":"WebPage","@id":"https:\/\/exaudi.org\/i-beg-you-never-tire-of-being-catechists\/","url":"https:\/\/exaudi.org\/i-beg-you-never-tire-of-being-catechists\/","name":"\"Vi prego: non stancatevi mai di essere catechisti\" &#8211; Exaudi","isPartOf":{"@id":"https:\/\/exaudi.org\/#website"},"primaryImageOfPage":{"@id":"https:\/\/exaudi.org\/i-beg-you-never-tire-of-being-catechists\/#primaryimage"},"image":{"@id":"https:\/\/exaudi.org\/i-beg-you-never-tire-of-being-catechists\/#primaryimage"},"thumbnailUrl":"https:\/\/exaudi.org\/wp-content\/uploads\/2022\/09\/thumbnail__MTC0019.jpg","datePublished":"2022-09-10T13:11:04+00:00","author":{"@id":"https:\/\/exaudi.org\/#\/schema\/person\/e1ab6ed07c01774724dd96f925f3a5f0"},"breadcrumb":{"@id":"https:\/\/exaudi.org\/i-beg-you-never-tire-of-being-catechists\/#breadcrumb"},"inLanguage":"it-IT","potentialAction":[{"@type":"ReadAction","target":["https:\/\/exaudi.org\/i-beg-you-never-tire-of-being-catechists\/"]}]},{"@type":"ImageObject","inLanguage":"it-IT","@id":"https:\/\/exaudi.org\/i-beg-you-never-tire-of-being-catechists\/#primaryimage","url":"https:\/\/exaudi.org\/wp-content\/uploads\/2022\/09\/thumbnail__MTC0019.jpg","contentUrl":"https:\/\/exaudi.org\/wp-content\/uploads\/2022\/09\/thumbnail__MTC0019.jpg","width":1280,"height":853,"caption":"\u00a9 Vatican Media"},{"@type":"BreadcrumbList","@id":"https:\/\/exaudi.org\/i-beg-you-never-tire-of-being-catechists\/#breadcrumb","itemListElement":[{"@type":"ListItem","position":1,"name":"Portada","item":"https:\/\/exaudi.org\/it\/"},{"@type":"ListItem","position":2,"name":"&#8220;Vi prego: non stancatevi mai di essere catechisti&#8221;"}]},{"@type":"WebSite","@id":"https:\/\/exaudi.org\/#website","url":"https:\/\/exaudi.org\/","name":"Exaudi","description":"News","potentialAction":[{"@type":"SearchAction","target":{"@type":"EntryPoint","urlTemplate":"https:\/\/exaudi.org\/?s={search_term_string}"},"query-input":{"@type":"PropertyValueSpecification","valueRequired":true,"valueName":"search_term_string"}}],"inLanguage":"it-IT"},{"@type":"Person","@id":"https:\/\/exaudi.org\/#\/schema\/person\/e1ab6ed07c01774724dd96f925f3a5f0","name":"Exaudi Redazione","image":{"@type":"ImageObject","inLanguage":"it-IT","@id":"https:\/\/secure.gravatar.com\/avatar\/ad6774b3ada023bf5b939d64f45c94b3adf91502dd883507d469b4308a943bb3?s=96&d=mm&r=g","url":"https:\/\/secure.gravatar.com\/avatar\/ad6774b3ada023bf5b939d64f45c94b3adf91502dd883507d469b4308a943bb3?s=96&d=mm&r=g","contentUrl":"https:\/\/secure.gravatar.com\/avatar\/ad6774b3ada023bf5b939d64f45c94b3adf91502dd883507d469b4308a943bb3?s=96&d=mm&r=g","caption":"Exaudi Redazione"},"description":"Che cosa \u00e8 Exaudi News? Exaudi News \u00e8 un agenzia cattolica internazionale che informa, istruisce e trasforma quotidianamente in spagnolo, inglese e italiano. Attraverso notizie, articoli di analisi e trasmissioni in diretta degli eventi del Papa, Exaudi cerca di rafforzare l'unit\u00e0 dei cristiani e di contribuire all'evangelizzazione del mondo, sempre guidato dalla dottrina sociale della Chiesa. Lavoriamo per portare la verit\u00e0 e i valori cristiani in ogni angolo del pianeta. Aiutaci a trasformare il mondo con Exaudi! Noi di Exaudi crediamo che l'evangelizzazione e l'informazione di qualit\u00e0 possano cambiare la vita. Per continuare la nostra missione ed espandere la nostra portata, abbiamo bisogno del tuo aiuto. Stiamo anche cercando persone motivate che vogliano unirsi al nostro team. Grazie al vostro sostegno raggiungeremo pi\u00f9 persone, diffonderemo il messaggio di Cristo e rafforzeremo l'unit\u00e0 dei cristiani. Vuoi unirti alla nostra missione? Per maggiori informazioni su come contribuire, visita Exaudi.org\/it o contattaci direttamente: info@exaudi.org Exaudi: informa, forma e trasforma.","sameAs":["https:\/\/www.facebook.com\/ExaudiNotizie\/","https:\/\/www.instagram.com\/Exaudi_notizie\/","https:\/\/x.com\/Exaudi_Notizie","https:\/\/www.youtube.com\/@exaudicatholicnews"],"url":"https:\/\/exaudi.org\/it\/author\/dlvedi-org\/"}]}},"jetpack_featured_media_url":"https:\/\/exaudi.org\/wp-content\/uploads\/2022\/09\/thumbnail__MTC0019.jpg","jetpack_shortlink":"https:\/\/wp.me\/pgKjF2-g4A","_links":{"self":[{"href":"https:\/\/exaudi.org\/it\/wp-json\/wp\/v2\/posts\/61788","targetHints":{"allow":["GET"]}}],"collection":[{"href":"https:\/\/exaudi.org\/it\/wp-json\/wp\/v2\/posts"}],"about":[{"href":"https:\/\/exaudi.org\/it\/wp-json\/wp\/v2\/types\/post"}],"author":[{"embeddable":true,"href":"https:\/\/exaudi.org\/it\/wp-json\/wp\/v2\/users\/17"}],"replies":[{"embeddable":true,"href":"https:\/\/exaudi.org\/it\/wp-json\/wp\/v2\/comments?post=61788"}],"version-history":[{"count":0,"href":"https:\/\/exaudi.org\/it\/wp-json\/wp\/v2\/posts\/61788\/revisions"}],"wp:featuredmedia":[{"embeddable":true,"href":"https:\/\/exaudi.org\/it\/wp-json\/wp\/v2\/media\/61789"}],"wp:attachment":[{"href":"https:\/\/exaudi.org\/it\/wp-json\/wp\/v2\/media?parent=61788"}],"wp:term":[{"taxonomy":"category","embeddable":true,"href":"https:\/\/exaudi.org\/it\/wp-json\/wp\/v2\/categories?post=61788"},{"taxonomy":"post_tag","embeddable":true,"href":"https:\/\/exaudi.org\/it\/wp-json\/wp\/v2\/tags?post=61788"}],"curies":[{"name":"wp","href":"https:\/\/api.w.org\/{rel}","templated":true}]}}