{"id":61702,"date":"2022-09-07T18:38:16","date_gmt":"2022-09-07T16:38:16","guid":{"rendered":"https:\/\/exaudi.org\/?p=61702"},"modified":"2022-09-07T18:38:16","modified_gmt":"2022-09-07T16:38:16","slug":"mozambico-attacco-alla-missione-di-chipene-di-cui-e-rimasta-vittima-suor-maria-de-coppi","status":"publish","type":"post","link":"https:\/\/exaudi.org\/it\/mozambico-attacco-alla-missione-di-chipene-di-cui-e-rimasta-vittima-suor-maria-de-coppi\/","title":{"rendered":"Mozambico: attacco alla missione di Chipene, di cui \u00e8 rimasta vittima suor Maria De Coppi"},"content":{"rendered":"<p class=\"x_MsoNormal\">La Comunit\u00e0 di Sant\u2019Egidio si stringe attorno alla famiglia comboniana per il terribile e insensato attacco alla missione di Chipene, nel Nord del Mozambico, di cui \u00e8 rimasta vittima suor Maria De Coppi.<\/p>\n<figure id=\"attachment_61703\" aria-describedby=\"caption-attachment-61703\" style=\"width: 300px\" class=\"wp-caption alignright\"><img loading=\"lazy\" decoding=\"async\" class=\"size-medium wp-image-61703\" src=\"https:\/\/exaudi.org\/wp-content\/uploads\/2022\/09\/cq5dam.thumbnail.cropped.750.422-2-300x169.jpeg\" alt=\"\" width=\"300\" height=\"169\" srcset=\"https:\/\/exaudi.org\/wp-content\/uploads\/2022\/09\/cq5dam.thumbnail.cropped.750.422-2-300x169.jpeg 300w, https:\/\/exaudi.org\/wp-content\/uploads\/2022\/09\/cq5dam.thumbnail.cropped.750.422-2-500x281.jpeg 500w, https:\/\/exaudi.org\/wp-content\/uploads\/2022\/09\/cq5dam.thumbnail.cropped.750.422-2-293x165.jpeg 293w, https:\/\/exaudi.org\/wp-content\/uploads\/2022\/09\/cq5dam.thumbnail.cropped.750.422-2-390x219.jpeg 390w, https:\/\/exaudi.org\/wp-content\/uploads\/2022\/09\/cq5dam.thumbnail.cropped.750.422-2.jpeg 750w\" sizes=\"auto, (max-width: 300px) 100vw, 300px\" \/><figcaption id=\"caption-attachment-61703\" class=\"wp-caption-text\">A destra Suor Maria De Coppi \u00a9 Vatican News<\/figcaption><\/figure>\n<p class=\"x_MsoNormal\">Occorre onorare l\u2019esempio di una religiosa che, come tante altre consorelle e confratelli, ha dato la sua vita per questo paese dell\u2019Africa australe in cui era presente da sessant\u2019anni e di cui aveva anche ottenuto la cittadinanza. Solidariet\u00e0 e vicinanza anche a don Loris e don Lorenzo, costretti a fuggire dopo l\u2019incendio del loro collegio e di altre strutture della missione.<\/p>\n<p class=\"x_MsoNormal\">Sant\u2019Egidio, che proprio 30 anni fa contribu\u00ec a far cessare una guerra civile che durava da 16 anni e che aveva fatto un milione di vittime, lancia un appello alla comunit\u00e0 internazionale per non dimenticare questi terribili attacchi di stampo jihadista, che hanno gi\u00e0 provocato troppi lutti e oltre 800mila sfollati che non si possono abbandonare alla loro sorte, in una regione ricca di risorse del sottosuolo ma povera di tutto.<\/p>\n<p class=\"x_MsoNormal\">Nel frattempo Sant\u2019Egidio assicura che continuer\u00e0, con le tante sue Comunit\u00e0 presenti nel paese, a operare per la pace a partire dalla solidariet\u00e0 dovuta alle migliaia di rifugiati interni.<\/p>\n","protected":false},"excerpt":{"rendered":"<p>Sant\u2019Egidio lancia un appello alla comunit\u00e0 internazionale<\/p>\n","protected":false},"author":17,"featured_media":61687,"comment_status":"closed","ping_status":"closed","sticky":false,"template":"","format":"standard","meta":{"_acf_changed":false,"_crdt_document":"","inline_featured_image":false,"footnotes":""},"categories":[73],"tags":[6687,4952],"class_list":["post-61702","post","type-post","status-publish","format-standard","has-post-thumbnail","hentry","category-chiesa-e-mondo","tag-santegidio-it","tag-trending-it"],"acf":[],"yoast_head":"<!-- This site is optimized with the Yoast SEO plugin v27.4 - https:\/\/yoast.com\/product\/yoast-seo-wordpress\/ -->\n<title>Mozambico: attacco alla missione di Chipene, di cui \u00e8 rimasta vittima suor Maria De Coppi &#8211; Exaudi<\/title>\n<meta name=\"robots\" content=\"index, follow, max-snippet:-1, max-image-preview:large, max-video-preview:-1\" \/>\n<link rel=\"canonical\" href=\"https:\/\/exaudi.org\/it\/mozambico-attacco-alla-missione-di-chipene-di-cui-e-rimasta-vittima-suor-maria-de-coppi\/\" \/>\n<meta property=\"og:locale\" content=\"it_IT\" \/>\n<meta property=\"og:type\" content=\"article\" \/>\n<meta property=\"og:title\" content=\"Mozambico: attacco alla missione di Chipene, di cui \u00e8 rimasta vittima suor Maria De Coppi &#8211; Exaudi\" \/>\n<meta property=\"og:description\" content=\"Sant\u2019Egidio lancia un appello alla comunit\u00e0 internazionale\" \/>\n<meta property=\"og:url\" content=\"https:\/\/exaudi.org\/it\/mozambico-attacco-alla-missione-di-chipene-di-cui-e-rimasta-vittima-suor-maria-de-coppi\/\" \/>\n<meta property=\"og:site_name\" content=\"Exaudi\" \/>\n<meta property=\"article:publisher\" content=\"https:\/\/www.facebook.com\/ExaudiNews\" \/>\n<meta property=\"article:author\" content=\"https:\/\/www.facebook.com\/ExaudiNotizie\/\" \/>\n<meta property=\"article:published_time\" content=\"2022-09-07T16:38:16+00:00\" \/>\n<meta property=\"og:image\" content=\"https:\/\/exaudi.org\/wp-content\/uploads\/2022\/09\/SantEgidido.jpg\" \/>\n\t<meta property=\"og:image:width\" content=\"1200\" \/>\n\t<meta property=\"og:image:height\" content=\"900\" \/>\n\t<meta property=\"og:image:type\" content=\"image\/jpeg\" \/>\n<meta name=\"author\" content=\"Exaudi Redazione\" \/>\n<meta name=\"twitter:card\" content=\"summary_large_image\" \/>\n<meta name=\"twitter:creator\" content=\"@Exaudi_Notizie\" \/>\n<meta name=\"twitter:site\" content=\"@Exaudi_News\" \/>\n<meta name=\"twitter:label1\" content=\"Scritto da\" \/>\n\t<meta name=\"twitter:data1\" content=\"Exaudi Redazione\" \/>\n\t<meta name=\"twitter:label2\" content=\"Tempo di lettura stimato\" \/>\n\t<meta name=\"twitter:data2\" content=\"1 minuto\" \/>\n<script type=\"application\/ld+json\" class=\"yoast-schema-graph\">{\"@context\":\"https:\\\/\\\/schema.org\",\"@graph\":[{\"@type\":\"Article\",\"@id\":\"https:\\\/\\\/exaudi.org\\\/it\\\/mozambico-attacco-alla-missione-di-chipene-di-cui-e-rimasta-vittima-suor-maria-de-coppi\\\/#article\",\"isPartOf\":{\"@id\":\"https:\\\/\\\/exaudi.org\\\/it\\\/mozambico-attacco-alla-missione-di-chipene-di-cui-e-rimasta-vittima-suor-maria-de-coppi\\\/\"},\"author\":{\"name\":\"Exaudi Redazione\",\"@id\":\"https:\\\/\\\/exaudi.org\\\/#\\\/schema\\\/person\\\/e1ab6ed07c01774724dd96f925f3a5f0\"},\"headline\":\"Mozambico: attacco alla missione di Chipene, di cui \u00e8 rimasta vittima suor Maria De Coppi\",\"datePublished\":\"2022-09-07T16:38:16+00:00\",\"mainEntityOfPage\":{\"@id\":\"https:\\\/\\\/exaudi.org\\\/it\\\/mozambico-attacco-alla-missione-di-chipene-di-cui-e-rimasta-vittima-suor-maria-de-coppi\\\/\"},\"wordCount\":227,\"image\":{\"@id\":\"https:\\\/\\\/exaudi.org\\\/it\\\/mozambico-attacco-alla-missione-di-chipene-di-cui-e-rimasta-vittima-suor-maria-de-coppi\\\/#primaryimage\"},\"thumbnailUrl\":\"https:\\\/\\\/exaudi.org\\\/wp-content\\\/uploads\\\/2022\\\/09\\\/SantEgidido.jpg\",\"keywords\":[\"Sant\u2019Egidio\",\"Trending\"],\"articleSection\":[\"Chiesa e Mondo\"],\"inLanguage\":\"it-IT\"},{\"@type\":\"WebPage\",\"@id\":\"https:\\\/\\\/exaudi.org\\\/it\\\/mozambico-attacco-alla-missione-di-chipene-di-cui-e-rimasta-vittima-suor-maria-de-coppi\\\/\",\"url\":\"https:\\\/\\\/exaudi.org\\\/it\\\/mozambico-attacco-alla-missione-di-chipene-di-cui-e-rimasta-vittima-suor-maria-de-coppi\\\/\",\"name\":\"Mozambico: attacco alla missione di Chipene, di cui \u00e8 rimasta vittima suor Maria De Coppi &#8211; Exaudi\",\"isPartOf\":{\"@id\":\"https:\\\/\\\/exaudi.org\\\/#website\"},\"primaryImageOfPage\":{\"@id\":\"https:\\\/\\\/exaudi.org\\\/it\\\/mozambico-attacco-alla-missione-di-chipene-di-cui-e-rimasta-vittima-suor-maria-de-coppi\\\/#primaryimage\"},\"image\":{\"@id\":\"https:\\\/\\\/exaudi.org\\\/it\\\/mozambico-attacco-alla-missione-di-chipene-di-cui-e-rimasta-vittima-suor-maria-de-coppi\\\/#primaryimage\"},\"thumbnailUrl\":\"https:\\\/\\\/exaudi.org\\\/wp-content\\\/uploads\\\/2022\\\/09\\\/SantEgidido.jpg\",\"datePublished\":\"2022-09-07T16:38:16+00:00\",\"author\":{\"@id\":\"https:\\\/\\\/exaudi.org\\\/#\\\/schema\\\/person\\\/e1ab6ed07c01774724dd96f925f3a5f0\"},\"breadcrumb\":{\"@id\":\"https:\\\/\\\/exaudi.org\\\/it\\\/mozambico-attacco-alla-missione-di-chipene-di-cui-e-rimasta-vittima-suor-maria-de-coppi\\\/#breadcrumb\"},\"inLanguage\":\"it-IT\",\"potentialAction\":[{\"@type\":\"ReadAction\",\"target\":[\"https:\\\/\\\/exaudi.org\\\/it\\\/mozambico-attacco-alla-missione-di-chipene-di-cui-e-rimasta-vittima-suor-maria-de-coppi\\\/\"]}]},{\"@type\":\"ImageObject\",\"inLanguage\":\"it-IT\",\"@id\":\"https:\\\/\\\/exaudi.org\\\/it\\\/mozambico-attacco-alla-missione-di-chipene-di-cui-e-rimasta-vittima-suor-maria-de-coppi\\\/#primaryimage\",\"url\":\"https:\\\/\\\/exaudi.org\\\/wp-content\\\/uploads\\\/2022\\\/09\\\/SantEgidido.jpg\",\"contentUrl\":\"https:\\\/\\\/exaudi.org\\\/wp-content\\\/uploads\\\/2022\\\/09\\\/SantEgidido.jpg\",\"width\":1200,\"height\":900,\"caption\":\"\u00a9 Vatican Media\"},{\"@type\":\"BreadcrumbList\",\"@id\":\"https:\\\/\\\/exaudi.org\\\/it\\\/mozambico-attacco-alla-missione-di-chipene-di-cui-e-rimasta-vittima-suor-maria-de-coppi\\\/#breadcrumb\",\"itemListElement\":[{\"@type\":\"ListItem\",\"position\":1,\"name\":\"Portada\",\"item\":\"https:\\\/\\\/exaudi.org\\\/it\\\/\"},{\"@type\":\"ListItem\",\"position\":2,\"name\":\"Mozambico: attacco alla missione di Chipene, di cui \u00e8 rimasta vittima suor Maria De Coppi\"}]},{\"@type\":\"WebSite\",\"@id\":\"https:\\\/\\\/exaudi.org\\\/#website\",\"url\":\"https:\\\/\\\/exaudi.org\\\/\",\"name\":\"Exaudi\",\"description\":\"News\",\"potentialAction\":[{\"@type\":\"SearchAction\",\"target\":{\"@type\":\"EntryPoint\",\"urlTemplate\":\"https:\\\/\\\/exaudi.org\\\/?s={search_term_string}\"},\"query-input\":{\"@type\":\"PropertyValueSpecification\",\"valueRequired\":true,\"valueName\":\"search_term_string\"}}],\"inLanguage\":\"it-IT\"},{\"@type\":\"Person\",\"@id\":\"https:\\\/\\\/exaudi.org\\\/#\\\/schema\\\/person\\\/e1ab6ed07c01774724dd96f925f3a5f0\",\"name\":\"Exaudi Redazione\",\"image\":{\"@type\":\"ImageObject\",\"inLanguage\":\"it-IT\",\"@id\":\"https:\\\/\\\/secure.gravatar.com\\\/avatar\\\/ad6774b3ada023bf5b939d64f45c94b3adf91502dd883507d469b4308a943bb3?s=96&d=mm&r=g\",\"url\":\"https:\\\/\\\/secure.gravatar.com\\\/avatar\\\/ad6774b3ada023bf5b939d64f45c94b3adf91502dd883507d469b4308a943bb3?s=96&d=mm&r=g\",\"contentUrl\":\"https:\\\/\\\/secure.gravatar.com\\\/avatar\\\/ad6774b3ada023bf5b939d64f45c94b3adf91502dd883507d469b4308a943bb3?s=96&d=mm&r=g\",\"caption\":\"Exaudi Redazione\"},\"description\":\"Che cosa \u00e8 Exaudi News? Exaudi News \u00e8 un agenzia cattolica internazionale che informa, istruisce e trasforma quotidianamente in spagnolo, inglese e italiano. Attraverso notizie, articoli di analisi e trasmissioni in diretta degli eventi del Papa, Exaudi cerca di rafforzare l'unit\u00e0 dei cristiani e di contribuire all'evangelizzazione del mondo, sempre guidato dalla dottrina sociale della Chiesa. Lavoriamo per portare la verit\u00e0 e i valori cristiani in ogni angolo del pianeta. Aiutaci a trasformare il mondo con Exaudi! Noi di Exaudi crediamo che l'evangelizzazione e l'informazione di qualit\u00e0 possano cambiare la vita. Per continuare la nostra missione ed espandere la nostra portata, abbiamo bisogno del tuo aiuto. Stiamo anche cercando persone motivate che vogliano unirsi al nostro team. Grazie al vostro sostegno raggiungeremo pi\u00f9 persone, diffonderemo il messaggio di Cristo e rafforzeremo l'unit\u00e0 dei cristiani. Vuoi unirti alla nostra missione? Per maggiori informazioni su come contribuire, visita Exaudi.org\\\/it o contattaci direttamente: info@exaudi.org Exaudi: informa, forma e trasforma.\",\"sameAs\":[\"https:\\\/\\\/www.facebook.com\\\/ExaudiNotizie\\\/\",\"https:\\\/\\\/www.instagram.com\\\/Exaudi_notizie\\\/\",\"https:\\\/\\\/x.com\\\/Exaudi_Notizie\",\"https:\\\/\\\/www.youtube.com\\\/@exaudicatholicnews\"],\"url\":\"https:\\\/\\\/exaudi.org\\\/it\\\/author\\\/dlvedi-org\\\/\"}]}<\/script>\n<!-- \/ Yoast SEO plugin. -->","yoast_head_json":{"title":"Mozambico: attacco alla missione di Chipene, di cui \u00e8 rimasta vittima suor Maria De Coppi &#8211; Exaudi","robots":{"index":"index","follow":"follow","max-snippet":"max-snippet:-1","max-image-preview":"max-image-preview:large","max-video-preview":"max-video-preview:-1"},"canonical":"https:\/\/exaudi.org\/it\/mozambico-attacco-alla-missione-di-chipene-di-cui-e-rimasta-vittima-suor-maria-de-coppi\/","og_locale":"it_IT","og_type":"article","og_title":"Mozambico: attacco alla missione di Chipene, di cui \u00e8 rimasta vittima suor Maria De Coppi &#8211; Exaudi","og_description":"Sant\u2019Egidio lancia un appello alla comunit\u00e0 internazionale","og_url":"https:\/\/exaudi.org\/it\/mozambico-attacco-alla-missione-di-chipene-di-cui-e-rimasta-vittima-suor-maria-de-coppi\/","og_site_name":"Exaudi","article_publisher":"https:\/\/www.facebook.com\/ExaudiNews","article_author":"https:\/\/www.facebook.com\/ExaudiNotizie\/","article_published_time":"2022-09-07T16:38:16+00:00","og_image":[{"width":1200,"height":900,"url":"https:\/\/exaudi.org\/wp-content\/uploads\/2022\/09\/SantEgidido.jpg","type":"image\/jpeg"}],"author":"Exaudi Redazione","twitter_card":"summary_large_image","twitter_creator":"@Exaudi_Notizie","twitter_site":"@Exaudi_News","twitter_misc":{"Scritto da":"Exaudi Redazione","Tempo di lettura stimato":"1 minuto"},"schema":{"@context":"https:\/\/schema.org","@graph":[{"@type":"Article","@id":"https:\/\/exaudi.org\/it\/mozambico-attacco-alla-missione-di-chipene-di-cui-e-rimasta-vittima-suor-maria-de-coppi\/#article","isPartOf":{"@id":"https:\/\/exaudi.org\/it\/mozambico-attacco-alla-missione-di-chipene-di-cui-e-rimasta-vittima-suor-maria-de-coppi\/"},"author":{"name":"Exaudi Redazione","@id":"https:\/\/exaudi.org\/#\/schema\/person\/e1ab6ed07c01774724dd96f925f3a5f0"},"headline":"Mozambico: attacco alla missione di Chipene, di cui \u00e8 rimasta vittima suor Maria De Coppi","datePublished":"2022-09-07T16:38:16+00:00","mainEntityOfPage":{"@id":"https:\/\/exaudi.org\/it\/mozambico-attacco-alla-missione-di-chipene-di-cui-e-rimasta-vittima-suor-maria-de-coppi\/"},"wordCount":227,"image":{"@id":"https:\/\/exaudi.org\/it\/mozambico-attacco-alla-missione-di-chipene-di-cui-e-rimasta-vittima-suor-maria-de-coppi\/#primaryimage"},"thumbnailUrl":"https:\/\/exaudi.org\/wp-content\/uploads\/2022\/09\/SantEgidido.jpg","keywords":["Sant\u2019Egidio","Trending"],"articleSection":["Chiesa e Mondo"],"inLanguage":"it-IT"},{"@type":"WebPage","@id":"https:\/\/exaudi.org\/it\/mozambico-attacco-alla-missione-di-chipene-di-cui-e-rimasta-vittima-suor-maria-de-coppi\/","url":"https:\/\/exaudi.org\/it\/mozambico-attacco-alla-missione-di-chipene-di-cui-e-rimasta-vittima-suor-maria-de-coppi\/","name":"Mozambico: attacco alla missione di Chipene, di cui \u00e8 rimasta vittima suor Maria De Coppi &#8211; Exaudi","isPartOf":{"@id":"https:\/\/exaudi.org\/#website"},"primaryImageOfPage":{"@id":"https:\/\/exaudi.org\/it\/mozambico-attacco-alla-missione-di-chipene-di-cui-e-rimasta-vittima-suor-maria-de-coppi\/#primaryimage"},"image":{"@id":"https:\/\/exaudi.org\/it\/mozambico-attacco-alla-missione-di-chipene-di-cui-e-rimasta-vittima-suor-maria-de-coppi\/#primaryimage"},"thumbnailUrl":"https:\/\/exaudi.org\/wp-content\/uploads\/2022\/09\/SantEgidido.jpg","datePublished":"2022-09-07T16:38:16+00:00","author":{"@id":"https:\/\/exaudi.org\/#\/schema\/person\/e1ab6ed07c01774724dd96f925f3a5f0"},"breadcrumb":{"@id":"https:\/\/exaudi.org\/it\/mozambico-attacco-alla-missione-di-chipene-di-cui-e-rimasta-vittima-suor-maria-de-coppi\/#breadcrumb"},"inLanguage":"it-IT","potentialAction":[{"@type":"ReadAction","target":["https:\/\/exaudi.org\/it\/mozambico-attacco-alla-missione-di-chipene-di-cui-e-rimasta-vittima-suor-maria-de-coppi\/"]}]},{"@type":"ImageObject","inLanguage":"it-IT","@id":"https:\/\/exaudi.org\/it\/mozambico-attacco-alla-missione-di-chipene-di-cui-e-rimasta-vittima-suor-maria-de-coppi\/#primaryimage","url":"https:\/\/exaudi.org\/wp-content\/uploads\/2022\/09\/SantEgidido.jpg","contentUrl":"https:\/\/exaudi.org\/wp-content\/uploads\/2022\/09\/SantEgidido.jpg","width":1200,"height":900,"caption":"\u00a9 Vatican Media"},{"@type":"BreadcrumbList","@id":"https:\/\/exaudi.org\/it\/mozambico-attacco-alla-missione-di-chipene-di-cui-e-rimasta-vittima-suor-maria-de-coppi\/#breadcrumb","itemListElement":[{"@type":"ListItem","position":1,"name":"Portada","item":"https:\/\/exaudi.org\/it\/"},{"@type":"ListItem","position":2,"name":"Mozambico: attacco alla missione di Chipene, di cui \u00e8 rimasta vittima suor Maria De Coppi"}]},{"@type":"WebSite","@id":"https:\/\/exaudi.org\/#website","url":"https:\/\/exaudi.org\/","name":"Exaudi","description":"News","potentialAction":[{"@type":"SearchAction","target":{"@type":"EntryPoint","urlTemplate":"https:\/\/exaudi.org\/?s={search_term_string}"},"query-input":{"@type":"PropertyValueSpecification","valueRequired":true,"valueName":"search_term_string"}}],"inLanguage":"it-IT"},{"@type":"Person","@id":"https:\/\/exaudi.org\/#\/schema\/person\/e1ab6ed07c01774724dd96f925f3a5f0","name":"Exaudi Redazione","image":{"@type":"ImageObject","inLanguage":"it-IT","@id":"https:\/\/secure.gravatar.com\/avatar\/ad6774b3ada023bf5b939d64f45c94b3adf91502dd883507d469b4308a943bb3?s=96&d=mm&r=g","url":"https:\/\/secure.gravatar.com\/avatar\/ad6774b3ada023bf5b939d64f45c94b3adf91502dd883507d469b4308a943bb3?s=96&d=mm&r=g","contentUrl":"https:\/\/secure.gravatar.com\/avatar\/ad6774b3ada023bf5b939d64f45c94b3adf91502dd883507d469b4308a943bb3?s=96&d=mm&r=g","caption":"Exaudi Redazione"},"description":"Che cosa \u00e8 Exaudi News? Exaudi News \u00e8 un agenzia cattolica internazionale che informa, istruisce e trasforma quotidianamente in spagnolo, inglese e italiano. Attraverso notizie, articoli di analisi e trasmissioni in diretta degli eventi del Papa, Exaudi cerca di rafforzare l'unit\u00e0 dei cristiani e di contribuire all'evangelizzazione del mondo, sempre guidato dalla dottrina sociale della Chiesa. Lavoriamo per portare la verit\u00e0 e i valori cristiani in ogni angolo del pianeta. Aiutaci a trasformare il mondo con Exaudi! Noi di Exaudi crediamo che l'evangelizzazione e l'informazione di qualit\u00e0 possano cambiare la vita. Per continuare la nostra missione ed espandere la nostra portata, abbiamo bisogno del tuo aiuto. Stiamo anche cercando persone motivate che vogliano unirsi al nostro team. Grazie al vostro sostegno raggiungeremo pi\u00f9 persone, diffonderemo il messaggio di Cristo e rafforzeremo l'unit\u00e0 dei cristiani. Vuoi unirti alla nostra missione? Per maggiori informazioni su come contribuire, visita Exaudi.org\/it o contattaci direttamente: info@exaudi.org Exaudi: informa, forma e trasforma.","sameAs":["https:\/\/www.facebook.com\/ExaudiNotizie\/","https:\/\/www.instagram.com\/Exaudi_notizie\/","https:\/\/x.com\/Exaudi_Notizie","https:\/\/www.youtube.com\/@exaudicatholicnews"],"url":"https:\/\/exaudi.org\/it\/author\/dlvedi-org\/"}]}},"jetpack_featured_media_url":"https:\/\/exaudi.org\/wp-content\/uploads\/2022\/09\/SantEgidido.jpg","jetpack_shortlink":"https:\/\/wp.me\/pgKjF2-g3c","_links":{"self":[{"href":"https:\/\/exaudi.org\/it\/wp-json\/wp\/v2\/posts\/61702","targetHints":{"allow":["GET"]}}],"collection":[{"href":"https:\/\/exaudi.org\/it\/wp-json\/wp\/v2\/posts"}],"about":[{"href":"https:\/\/exaudi.org\/it\/wp-json\/wp\/v2\/types\/post"}],"author":[{"embeddable":true,"href":"https:\/\/exaudi.org\/it\/wp-json\/wp\/v2\/users\/17"}],"replies":[{"embeddable":true,"href":"https:\/\/exaudi.org\/it\/wp-json\/wp\/v2\/comments?post=61702"}],"version-history":[{"count":0,"href":"https:\/\/exaudi.org\/it\/wp-json\/wp\/v2\/posts\/61702\/revisions"}],"wp:featuredmedia":[{"embeddable":true,"href":"https:\/\/exaudi.org\/it\/wp-json\/wp\/v2\/media\/61687"}],"wp:attachment":[{"href":"https:\/\/exaudi.org\/it\/wp-json\/wp\/v2\/media?parent=61702"}],"wp:term":[{"taxonomy":"category","embeddable":true,"href":"https:\/\/exaudi.org\/it\/wp-json\/wp\/v2\/categories?post=61702"},{"taxonomy":"post_tag","embeddable":true,"href":"https:\/\/exaudi.org\/it\/wp-json\/wp\/v2\/tags?post=61702"}],"curies":[{"name":"wp","href":"https:\/\/api.w.org\/{rel}","templated":true}]}}