{"id":61578,"date":"2022-09-04T17:21:57","date_gmt":"2022-09-04T15:21:57","guid":{"rendered":"https:\/\/exaudi.org\/?p=61578"},"modified":"2022-09-04T17:26:29","modified_gmt":"2022-09-04T15:26:29","slug":"con-il-sorriso-papa-luciani-sapeva-trasmettere-la-bonta-del-signore","status":"publish","type":"post","link":"https:\/\/exaudi.org\/it\/con-il-sorriso-papa-luciani-sapeva-trasmettere-la-bonta-del-signore\/","title":{"rendered":"&#8220;Con il sorriso Papa Luciani \u00e8 riuscito a trasmettere la bont\u00e0 del Signore&#8221;"},"content":{"rendered":"<p>Alle 10.30 di oggi, domenica 4 settembre 2022, il Santo Padre Papa Francesco ha presieduto la Celebrazione Eucaristica sulla spianata della Basilica Vaticana durante la quale ha proclamato Beato il Servo di Dio Giovanni Paolo I, nato Albino Luciani (1912-1978).<\/p>\n<p>Pubblichiamo di seguito il testo dell&#8217;omelia del Papa durante il solenne rito di beatificazione.<\/p>\n<p><strong>Omelia del Santo Padre<\/strong><\/p>\n<p>Ges\u00f9 \u00e8 in cammino verso Gerusalemme e il Vangelo odierno dice che \u00abuna folla numerosa andava con lui\u00bb (<i>Lc<\/i>\u00a014,25). Andare con Lui significa seguirlo, cio\u00e8 diventare discepoli. Eppure, a queste persone il Signore fa un discorso poco attraente e molto esigente: non pu\u00f2 essere suo discepolo chi non lo ama pi\u00f9 dei propri cari, chi non porta la sua croce, chi non si distacca dai beni terreni (cfr vv. 26-27.33). Perch\u00e9 Ges\u00f9 rivolge alla folla tali parole? Qual \u00e8 il significato dei suoi ammonimenti? Proviamo a rispondere a questi interrogativi.<\/p>\n<figure id=\"attachment_61563\" aria-describedby=\"caption-attachment-61563\" style=\"width: 300px\" class=\"wp-caption alignright\"><img loading=\"lazy\" decoding=\"async\" class=\"size-medium wp-image-61563\" src=\"https:\/\/exaudi.org\/wp-content\/uploads\/2022\/09\/Misa-beatificacion-300x200.jpg\" alt=\"\" width=\"300\" height=\"200\" srcset=\"https:\/\/exaudi.org\/wp-content\/uploads\/2022\/09\/Misa-beatificacion-300x200.jpg 300w, https:\/\/exaudi.org\/wp-content\/uploads\/2022\/09\/Misa-beatificacion-1024x683.jpg 1024w, https:\/\/exaudi.org\/wp-content\/uploads\/2022\/09\/Misa-beatificacion-770x513.jpg 770w, https:\/\/exaudi.org\/wp-content\/uploads\/2022\/09\/Misa-beatificacion-1536x1024.jpg 1536w, https:\/\/exaudi.org\/wp-content\/uploads\/2022\/09\/Misa-beatificacion-2048x1365.jpg 2048w, https:\/\/exaudi.org\/wp-content\/uploads\/2022\/09\/Misa-beatificacion-360x240.jpg?crop=1 360w, https:\/\/exaudi.org\/wp-content\/uploads\/2022\/09\/Misa-beatificacion-500x333.jpg 500w, https:\/\/exaudi.org\/wp-content\/uploads\/2022\/09\/Misa-beatificacion-1155x770.jpg 1155w, https:\/\/exaudi.org\/wp-content\/uploads\/2022\/09\/Misa-beatificacion-370x247.jpg 370w, https:\/\/exaudi.org\/wp-content\/uploads\/2022\/09\/Misa-beatificacion-293x195.jpg 293w, https:\/\/exaudi.org\/wp-content\/uploads\/2022\/09\/Misa-beatificacion-1400x933.jpg 1400w, https:\/\/exaudi.org\/wp-content\/uploads\/2022\/09\/Misa-beatificacion-120x80.jpg 120w, https:\/\/exaudi.org\/wp-content\/uploads\/2022\/09\/Misa-beatificacion-240x160.jpg 240w, https:\/\/exaudi.org\/wp-content\/uploads\/2022\/09\/Misa-beatificacion-390x260.jpg 390w\" sizes=\"auto, (max-width: 300px) 100vw, 300px\" \/><figcaption id=\"caption-attachment-61563\" class=\"wp-caption-text\">\u00a9 Vatican Media<\/figcaption><\/figure>\n<p>Anzitutto, vediamo una folla numerosa, tanta gente, che segue Ges\u00f9. Possiamo immaginare che molti siano stati affascinati dalle sue parole e stupiti dai gesti che ha compiuto; e, quindi, avranno visto in Lui una speranza per il loro futuro. Che cosa avrebbe fatto un qualunque maestro dell\u2019epoca, o \u2013 possiamo domandarci ancora \u2013 cosa farebbe un astuto\u00a0<i>leader<\/i>\u00a0nel vedere che le sue parole e il suo carisma attirano le folle e aumentano il suo consenso? Capita anche oggi: specialmente nei momenti di crisi personale e sociale, quando siamo pi\u00f9 esposti a sentimenti di rabbia o siamo impauriti da qualcosa che minaccia il nostro futuro, diventiamo pi\u00f9 vulnerabili; e, cos\u00ec, sull\u2019onda dell\u2019emozione, ci affidiamo a chi con destrezza e furbizia sa cavalcare questa situazione, approfittando delle paure della societ\u00e0 e promettendoci di essere il \u201csalvatore\u201d che risolver\u00e0 i problemi, mentre in realt\u00e0 vuole accrescere il proprio gradimento e il proprio potere, la propria figura, la propria capacit\u00e0 di avere le cose in pugno.<\/p>\n<p>Il Vangelo ci dice che Ges\u00f9 non fa cos\u00ec. Lo stile di Dio \u00e8 diverso. \u00c8 importante capire lo stile di Dio, come agisce Dio. Dio agisce secondo uno stile, e lo stile di Dio \u00e8 diverso da quello di questa gente, perch\u00e9 Egli non strumentalizza i nostri bisogni, non usa mai le nostre debolezze per accrescere s\u00e9 stesso. A Lui, che non vuole sedurci con l\u2019inganno e non vuole distribuire gioie a buon mercato, non interessano le folle oceaniche. Non ha il culto dei numeri, non cerca il consenso, non \u00e8 un idolatra del successo personale. Al contrario, sembra preoccuparsi quando la gente lo segue con euforia e facili entusiasmi. Cos\u00ec, invece di lasciarsi attrarre dal fascino della popolarit\u00e0 \u2013 perch\u00e9 la popolarit\u00e0 affascina \u2013, chiede a ciascuno di discernere con attenzione le motivazioni per cui lo segue e le conseguenze che ci\u00f2 comporta. Tanti di quella folla, infatti, forse seguivano Ges\u00f9 perch\u00e9 speravano sarebbe stato un capo che li avrebbe liberati dai nemici, uno che avrebbe conquistato il potere e lo avrebbe spartito con loro; oppure uno che, facendo miracoli, avrebbe risolto i problemi della fame e delle malattie. Si pu\u00f2 andare dietro al Signore, infatti, per varie ragioni e alcune, dobbiamo riconoscerlo, sono mondane: dietro una perfetta apparenza religiosa si pu\u00f2 nascondere la mera soddisfazione dei propri bisogni, la ricerca del prestigio personale, il desiderio di avere un ruolo, di tenere le cose sotto controllo, la brama di occupare spazi e di ottenere privilegi, l\u2019aspirazione a ricevere riconoscimenti e altro ancora. Questo succede oggi fra i cristiani. Ma questo non \u00e8 lo stile di Ges\u00f9. E non pu\u00f2 essere lo stile del discepolo e della Chiesa. Se qualcuno segue Ges\u00f9 con questi interessi personali, ha sbagliato strada.<img loading=\"lazy\" decoding=\"async\" class=\"size-medium wp-image-61566 alignleft\" src=\"https:\/\/exaudi.org\/wp-content\/uploads\/2022\/09\/Misa-beatificacion-1-200x300.jpg\" alt=\"\" width=\"200\" height=\"300\" srcset=\"https:\/\/exaudi.org\/wp-content\/uploads\/2022\/09\/Misa-beatificacion-1-200x300.jpg 200w, https:\/\/exaudi.org\/wp-content\/uploads\/2022\/09\/Misa-beatificacion-1-683x1024.jpg 683w, https:\/\/exaudi.org\/wp-content\/uploads\/2022\/09\/Misa-beatificacion-1-770x1155.jpg 770w, https:\/\/exaudi.org\/wp-content\/uploads\/2022\/09\/Misa-beatificacion-1-1024x1536.jpg 1024w, https:\/\/exaudi.org\/wp-content\/uploads\/2022\/09\/Misa-beatificacion-1-1365x2048.jpg 1365w, https:\/\/exaudi.org\/wp-content\/uploads\/2022\/09\/Misa-beatificacion-1-500x750.jpg 500w, https:\/\/exaudi.org\/wp-content\/uploads\/2022\/09\/Misa-beatificacion-1-293x439.jpg 293w, https:\/\/exaudi.org\/wp-content\/uploads\/2022\/09\/Misa-beatificacion-1-390x585.jpg 390w, https:\/\/exaudi.org\/wp-content\/uploads\/2022\/09\/Misa-beatificacion-1-scaled.jpg 1707w\" sizes=\"auto, (max-width: 200px) 100vw, 200px\" \/><\/p>\n<p>Il Signore chiede un altro atteggiamento. Seguirlo non significa entrare in una corte o partecipare a un corteo trionfale, e nemmeno ricevere un\u2019assicurazione sulla vita. Al contrario, significa anche \u00abportare la croce\u00bb (<i>Lc<\/i>\u00a014,27): come Lui, farsi carico dei pesi propri e dei pesi degli altri, fare della vita un dono, non un possesso, spenderla imitando l\u2019amore generoso e misericordioso che Egli ha per noi. Si tratta di scelte che impegnano la totalit\u00e0 dell\u2019esistenza; per questo Ges\u00f9 desidera che il discepolo non anteponga nulla a questo amore, neanche gli affetti pi\u00f9 cari e i beni pi\u00f9 grandi.<\/p>\n<p>Ma per fare ci\u00f2 bisogna guardare a Lui pi\u00f9 che a noi stessi, imparare l\u2019amore, attingerlo dal Crocifisso. L\u00ec vediamo quell\u2019amore che si dona fino alla fine, senza misura e senza confini. La misura dell\u2019amore \u00e8 amare senza misura. Noi stessi \u2013 disse Papa Luciani \u2013 \u00absiamo oggetto da parte di Dio di un amore intramontabile\u00bb (<i><a href=\"https:\/\/www.vatican.va\/content\/john-paul-i\/it\/angelus\/documents\/hf_jp-i_ang_10091978.html\">Angelus<\/a><\/i>, 10 settembre 1978). Intramontabile: non si eclissa mai dalla nostra vita, risplende su di noi e illumina anche le notti pi\u00f9 oscure. E allora, guardando al Crocifisso, siamo chiamati all\u2019altezza di quell\u2019amore: a purificarci dalle nostre idee distorte su Dio e dalle nostre chiusure, ad amare Lui e gli altri, nella Chiesa e nella societ\u00e0, anche coloro che non la pensano come noi, persino i nemici.<\/p>\n<p>Amare: anche se costa la croce del sacrificio, del silenzio, dell\u2019incomprensione, della solitudine, dell\u2019essere ostacolati e perseguitati. Amare cos\u00ec, anche a questo prezzo, perch\u00e9 \u2013 diceva ancora il Beato\u00a0<a href=\"https:\/\/www.vatican.va\/content\/john-paul-i\/it.html\">Giovanni Paolo I<\/a>\u00a0\u2013 se vuoi baciare Ges\u00f9 crocifisso, \u00abnon puoi fare a meno di piegarti sulla croce e lasciarti pungere da qualche spina della corona, che \u00e8 sul capo del Signore\u00bb (<i><a href=\"https:\/\/www.vatican.va\/content\/john-paul-i\/it\/audiences\/documents\/hf_jp-i_aud_27091978.html\">Udienza Generale<\/a><\/i>, 27 settembre 1978). L\u2019amore fino in fondo, con tutte le sue spine:non le cose fatte a met\u00e0, gli accomodamenti o il quieto vivere. Se non puntiamo in alto, se non rischiamo, se ci accontentiamo di una fede all\u2019acqua di rose, siamo \u2013 dice Ges\u00f9 \u2013 come chi vuole costruire una torre ma non calcola bene i mezzi per farlo; costui, \u00abgetta le fondamenta\u00bb e poi \u00abnon \u00e8 in grado di finire il lavoro\u00bb (v. 29). Se, per paura di perderci, rinunciamo a donarci, lasciamo le cose incompiute: le relazioni, il lavoro, le responsabilit\u00e0 che ci sono affidate, i sogni, anche la fede. E allora finiamo per vivere a met\u00e0 \u2013 e quanta gente vive a met\u00e0, anche noi tante volte abbiamo la tentazione di vivere a met\u00e0 \u2013, senza fare mai il passo decisivo \u2013 questo significa vivere a met\u00e0 \u2013, senza decollare, senza rischiare per il bene, senza impegnarci davvero per gli altri. Ges\u00f9 ci chiede questo: vivi il Vangelo e vivrai la vita, non a met\u00e0 ma fino in fondo. Vivi il Vangelo, vivi la vita, senza compromessi.<\/p>\n<p><img loading=\"lazy\" decoding=\"async\" class=\"size-medium wp-image-61569 alignright\" src=\"https:\/\/exaudi.org\/wp-content\/uploads\/2022\/09\/Misa-beatificacion-2-300x200.jpg\" alt=\"\" width=\"300\" height=\"200\" srcset=\"https:\/\/exaudi.org\/wp-content\/uploads\/2022\/09\/Misa-beatificacion-2-300x200.jpg 300w, https:\/\/exaudi.org\/wp-content\/uploads\/2022\/09\/Misa-beatificacion-2-1024x683.jpg 1024w, https:\/\/exaudi.org\/wp-content\/uploads\/2022\/09\/Misa-beatificacion-2-770x513.jpg 770w, https:\/\/exaudi.org\/wp-content\/uploads\/2022\/09\/Misa-beatificacion-2-1536x1024.jpg 1536w, https:\/\/exaudi.org\/wp-content\/uploads\/2022\/09\/Misa-beatificacion-2-2048x1365.jpg 2048w, https:\/\/exaudi.org\/wp-content\/uploads\/2022\/09\/Misa-beatificacion-2-360x240.jpg?crop=1 360w, https:\/\/exaudi.org\/wp-content\/uploads\/2022\/09\/Misa-beatificacion-2-500x333.jpg 500w, https:\/\/exaudi.org\/wp-content\/uploads\/2022\/09\/Misa-beatificacion-2-1155x770.jpg 1155w, https:\/\/exaudi.org\/wp-content\/uploads\/2022\/09\/Misa-beatificacion-2-370x247.jpg 370w, https:\/\/exaudi.org\/wp-content\/uploads\/2022\/09\/Misa-beatificacion-2-293x195.jpg 293w, https:\/\/exaudi.org\/wp-content\/uploads\/2022\/09\/Misa-beatificacion-2-1400x933.jpg 1400w, https:\/\/exaudi.org\/wp-content\/uploads\/2022\/09\/Misa-beatificacion-2-120x80.jpg 120w, https:\/\/exaudi.org\/wp-content\/uploads\/2022\/09\/Misa-beatificacion-2-240x160.jpg 240w, https:\/\/exaudi.org\/wp-content\/uploads\/2022\/09\/Misa-beatificacion-2-390x260.jpg 390w\" sizes=\"auto, (max-width: 300px) 100vw, 300px\" \/>Fratelli, sorelle, il nuovo Beato ha vissuto cos\u00ec: nella gioia del Vangelo, senza compromessi, amando fino alla fine. Egli ha incarnato la povert\u00e0 del discepolo, che non \u00e8 solo distaccarsi dai beni materiali, ma soprattutto vincere la tentazione di mettere il proprio io al centro e cercare la propria gloria. Al contrario, seguendo l\u2019esempio di Ges\u00f9, \u00e8 stato pastore mite e umile. Considerava s\u00e9 stesso come la polvere su cui Dio si era degnato di scrivere (cfr A. Luciani\/Giovanni Paolo I,\u00a0<i>Opera omnia<\/i>, Padova 1988, vol. II, 11). Perci\u00f2 diceva: \u00abIl Signore ha tanto raccomandato: siate umili. Anche se avete fatto delle grandi cose, dite: siamo servi inutili\u00bb (<i><a href=\"https:\/\/www.vatican.va\/content\/john-paul-i\/it\/audiences\/documents\/hf_jp-i_aud_06091978.html\">Udienza Generale<\/a><\/i>, 6 settembre 1978).<\/p>\n<p>Con il sorriso Papa Luciani \u00e8 riuscito a trasmettere la bont\u00e0 del Signore. \u00c8 bella una Chiesa con il volto lieto, il volto sereno, il volto sorridente, una Chiesa che non chiude mai le porte, che non inasprisce i cuori, che non si lamenta e non cova risentimento, non \u00e8 arrabbiata, non \u00e8 insofferente, non si presenta in modo arcigno, non soffre di nostalgie del passato cadendo nell\u2019indietrismo. Preghiamo questo nostro padre e fratello, chiediamo che ci ottenga \u201cil sorriso dell\u2019anima\u201d, quello trasparente, quello che non inganna: il sorriso dell\u2019anima. Chiediamo, con le sue parole, quello che lui stesso era solito domandare: \u00abSignore, prendimi come sono, con i miei difetti, con le mie mancanze, ma fammi diventare come tu mi desideri\u00bb (<i><a href=\"https:\/\/www.vatican.va\/content\/john-paul-i\/it\/audiences\/documents\/hf_jp-i_aud_13091978.html\">Udienza Generale<\/a><\/i>, 13 settembre 1978). Amen.<\/p>\n<p>Al termine della Santa Messa celebrata sul sagrato della Basilica Vaticana per la proclamazione del Beato Giovanni Paolo I, prima della recita dell\u2019Angelus, il Santo Padre Francesco ha rivolto ai fedeli e ai pellegrini presenti in Piazza San Pietro le parole che riportiamo di seguito:<\/p>\n<p><strong>Prima dell\u2019Angelus <\/strong><\/p>\n<p>Cari fratelli e sorelle,<\/p>\n<p>prima di concludere\u00a0<a href=\"https:\/\/www.vatican.va\/content\/francesco\/it\/events\/event.dir.html\/content\/vaticanevents\/it\/2022\/9\/4\/beatificazione-gpi.html\">questa celebrazione<\/a>, rivolgo a tutti voi il mio saluto e vi ringrazio per la partecipazione.<\/p>\n<p>Sono grato ai fratelli Cardinali, ai Vescovi e ai sacerdoti provenienti da diversi Paesi.<\/p>\n<p>Saluto le Delegazioni ufficiali qui convenute per rendere omaggio al nuovo Beato. Il mio deferente pensiero va al Signor Presidente della Repubblica Italiana e al Primo Ministro del Principato di Monaco.<\/p>\n<p>Saluto tutti voi pellegrini, in modo speciale i fedeli di Venezia, Belluno e Vittorio Veneto, localit\u00e0 legate all\u2019esperienza umana, sacerdotale ed episcopale del Beato Albino Luciani.<\/p>\n<p>Ed ora ci rivolgiamo in preghiera alla Vergine Maria, perch\u00e9 ottenga il dono della pace in tutto il mondo, specialmente nella martoriata Ucraina. Lei, la prima e perfetta discepola del Signore, ci aiuti a seguire l\u2019esempio e la santit\u00e0 di vita di\u00a0<a href=\"https:\/\/www.vatican.va\/content\/john-paul-i\/it.html\">Giovanni Paolo I<\/a>.<\/p>\n<p><strong>\u00a9 Libreria Editrice Vaticana<\/strong><\/p>\n<p>&nbsp;<\/p>\n","protected":false},"excerpt":{"rendered":"<p>Papa Francesco: Omelia per la beatificazione di Giovanni Paolo I<\/p>\n","protected":false},"author":17,"featured_media":61572,"comment_status":"closed","ping_status":"closed","sticky":false,"template":"","format":"standard","meta":{"_acf_changed":false,"_crdt_document":"","inline_featured_image":false,"footnotes":""},"categories":[69,67,113],"tags":[6892,2487,1987,6891,251],"class_list":["post-61578","post","type-post","status-publish","format-standard","has-post-thumbnail","hentry","category-angelus-it","category-leone-xiv","category-omelie","tag-albino-luciani-it","tag-featured-3","tag-giovanni-paolo-i","tag-omelia-4-settembre-2022","tag-papa-francesco"],"acf":[],"yoast_head":"<!-- This site is optimized with the Yoast SEO plugin v27.5 - https:\/\/yoast.com\/product\/yoast-seo-wordpress\/ -->\n<title>&quot;Con il sorriso Papa Luciani \u00e8 riuscito a trasmettere la bont\u00e0 del Signore&quot; &#8211; Exaudi<\/title>\n<meta name=\"robots\" content=\"index, follow, max-snippet:-1, max-image-preview:large, max-video-preview:-1\" \/>\n<link rel=\"canonical\" href=\"https:\/\/exaudi.org\/it\/con-il-sorriso-papa-luciani-sapeva-trasmettere-la-bonta-del-signore\/\" \/>\n<meta property=\"og:locale\" content=\"it_IT\" \/>\n<meta property=\"og:type\" content=\"article\" \/>\n<meta property=\"og:title\" content=\"&quot;Con il sorriso Papa Luciani \u00e8 riuscito a trasmettere la bont\u00e0 del Signore&quot; &#8211; Exaudi\" \/>\n<meta property=\"og:description\" content=\"Papa Francesco: Omelia per la beatificazione di Giovanni Paolo I\" \/>\n<meta property=\"og:url\" content=\"https:\/\/exaudi.org\/it\/con-il-sorriso-papa-luciani-sapeva-trasmettere-la-bonta-del-signore\/\" \/>\n<meta property=\"og:site_name\" content=\"Exaudi\" \/>\n<meta property=\"article:publisher\" content=\"https:\/\/www.facebook.com\/ExaudiNews\" \/>\n<meta property=\"article:author\" content=\"https:\/\/www.facebook.com\/ExaudiNotizie\/\" \/>\n<meta property=\"article:published_time\" content=\"2022-09-04T15:21:57+00:00\" \/>\n<meta property=\"article:modified_time\" content=\"2022-09-04T15:26:29+00:00\" \/>\n<meta property=\"og:image\" content=\"https:\/\/exaudi.org\/wp-content\/uploads\/2022\/09\/Misa-beatificacion-3-scaled.jpg\" \/>\n\t<meta property=\"og:image:width\" content=\"2560\" \/>\n\t<meta property=\"og:image:height\" content=\"1707\" \/>\n\t<meta property=\"og:image:type\" content=\"image\/jpeg\" \/>\n<meta name=\"author\" content=\"Exaudi Redazione\" \/>\n<meta name=\"twitter:card\" content=\"summary_large_image\" \/>\n<meta name=\"twitter:creator\" content=\"@Exaudi_Notizie\" \/>\n<meta name=\"twitter:site\" content=\"@Exaudi_News\" \/>\n<meta name=\"twitter:label1\" content=\"Scritto da\" \/>\n\t<meta name=\"twitter:data1\" content=\"Exaudi Redazione\" \/>\n\t<meta name=\"twitter:label2\" content=\"Tempo di lettura stimato\" \/>\n\t<meta name=\"twitter:data2\" content=\"7 minuti\" \/>\n<script type=\"application\/ld+json\" class=\"yoast-schema-graph\">{\"@context\":\"https:\\\/\\\/schema.org\",\"@graph\":[{\"@type\":\"Article\",\"@id\":\"https:\\\/\\\/exaudi.org\\\/it\\\/con-il-sorriso-papa-luciani-sapeva-trasmettere-la-bonta-del-signore\\\/#article\",\"isPartOf\":{\"@id\":\"https:\\\/\\\/exaudi.org\\\/it\\\/con-il-sorriso-papa-luciani-sapeva-trasmettere-la-bonta-del-signore\\\/\"},\"author\":{\"name\":\"Exaudi Redazione\",\"@id\":\"https:\\\/\\\/exaudi.org\\\/#\\\/schema\\\/person\\\/e1ab6ed07c01774724dd96f925f3a5f0\"},\"headline\":\"&#8220;Con il sorriso Papa Luciani \u00e8 riuscito a trasmettere la bont\u00e0 del Signore&#8221;\",\"datePublished\":\"2022-09-04T15:21:57+00:00\",\"dateModified\":\"2022-09-04T15:26:29+00:00\",\"mainEntityOfPage\":{\"@id\":\"https:\\\/\\\/exaudi.org\\\/it\\\/con-il-sorriso-papa-luciani-sapeva-trasmettere-la-bonta-del-signore\\\/\"},\"wordCount\":1497,\"image\":{\"@id\":\"https:\\\/\\\/exaudi.org\\\/it\\\/con-il-sorriso-papa-luciani-sapeva-trasmettere-la-bonta-del-signore\\\/#primaryimage\"},\"thumbnailUrl\":\"https:\\\/\\\/exaudi.org\\\/wp-content\\\/uploads\\\/2022\\\/09\\\/Misa-beatificacion-3-scaled.jpg\",\"keywords\":[\"Albino Luciani\",\"Featured\",\"Giovanni Paolo I\",\"Omelia 4 settembre 2022\",\"Papa Francesco\"],\"articleSection\":[\"Angelus\",\"Leone XIV\",\"Omelie\"],\"inLanguage\":\"it-IT\"},{\"@type\":\"WebPage\",\"@id\":\"https:\\\/\\\/exaudi.org\\\/it\\\/con-il-sorriso-papa-luciani-sapeva-trasmettere-la-bonta-del-signore\\\/\",\"url\":\"https:\\\/\\\/exaudi.org\\\/it\\\/con-il-sorriso-papa-luciani-sapeva-trasmettere-la-bonta-del-signore\\\/\",\"name\":\"\\\"Con il sorriso Papa Luciani \u00e8 riuscito a trasmettere la bont\u00e0 del Signore\\\" &#8211; Exaudi\",\"isPartOf\":{\"@id\":\"https:\\\/\\\/exaudi.org\\\/#website\"},\"primaryImageOfPage\":{\"@id\":\"https:\\\/\\\/exaudi.org\\\/it\\\/con-il-sorriso-papa-luciani-sapeva-trasmettere-la-bonta-del-signore\\\/#primaryimage\"},\"image\":{\"@id\":\"https:\\\/\\\/exaudi.org\\\/it\\\/con-il-sorriso-papa-luciani-sapeva-trasmettere-la-bonta-del-signore\\\/#primaryimage\"},\"thumbnailUrl\":\"https:\\\/\\\/exaudi.org\\\/wp-content\\\/uploads\\\/2022\\\/09\\\/Misa-beatificacion-3-scaled.jpg\",\"datePublished\":\"2022-09-04T15:21:57+00:00\",\"dateModified\":\"2022-09-04T15:26:29+00:00\",\"author\":{\"@id\":\"https:\\\/\\\/exaudi.org\\\/#\\\/schema\\\/person\\\/e1ab6ed07c01774724dd96f925f3a5f0\"},\"breadcrumb\":{\"@id\":\"https:\\\/\\\/exaudi.org\\\/it\\\/con-il-sorriso-papa-luciani-sapeva-trasmettere-la-bonta-del-signore\\\/#breadcrumb\"},\"inLanguage\":\"it-IT\",\"potentialAction\":[{\"@type\":\"ReadAction\",\"target\":[\"https:\\\/\\\/exaudi.org\\\/it\\\/con-il-sorriso-papa-luciani-sapeva-trasmettere-la-bonta-del-signore\\\/\"]}]},{\"@type\":\"ImageObject\",\"inLanguage\":\"it-IT\",\"@id\":\"https:\\\/\\\/exaudi.org\\\/it\\\/con-il-sorriso-papa-luciani-sapeva-trasmettere-la-bonta-del-signore\\\/#primaryimage\",\"url\":\"https:\\\/\\\/exaudi.org\\\/wp-content\\\/uploads\\\/2022\\\/09\\\/Misa-beatificacion-3-scaled.jpg\",\"contentUrl\":\"https:\\\/\\\/exaudi.org\\\/wp-content\\\/uploads\\\/2022\\\/09\\\/Misa-beatificacion-3-scaled.jpg\",\"width\":2560,\"height\":1707,\"caption\":\"\u00a9 Vatican Media\"},{\"@type\":\"BreadcrumbList\",\"@id\":\"https:\\\/\\\/exaudi.org\\\/it\\\/con-il-sorriso-papa-luciani-sapeva-trasmettere-la-bonta-del-signore\\\/#breadcrumb\",\"itemListElement\":[{\"@type\":\"ListItem\",\"position\":1,\"name\":\"Portada\",\"item\":\"https:\\\/\\\/exaudi.org\\\/it\\\/\"},{\"@type\":\"ListItem\",\"position\":2,\"name\":\"&#8220;Con il sorriso Papa Luciani \u00e8 riuscito a trasmettere la bont\u00e0 del Signore&#8221;\"}]},{\"@type\":\"WebSite\",\"@id\":\"https:\\\/\\\/exaudi.org\\\/#website\",\"url\":\"https:\\\/\\\/exaudi.org\\\/\",\"name\":\"Exaudi\",\"description\":\"News\",\"potentialAction\":[{\"@type\":\"SearchAction\",\"target\":{\"@type\":\"EntryPoint\",\"urlTemplate\":\"https:\\\/\\\/exaudi.org\\\/?s={search_term_string}\"},\"query-input\":{\"@type\":\"PropertyValueSpecification\",\"valueRequired\":true,\"valueName\":\"search_term_string\"}}],\"inLanguage\":\"it-IT\"},{\"@type\":\"Person\",\"@id\":\"https:\\\/\\\/exaudi.org\\\/#\\\/schema\\\/person\\\/e1ab6ed07c01774724dd96f925f3a5f0\",\"name\":\"Exaudi Redazione\",\"image\":{\"@type\":\"ImageObject\",\"inLanguage\":\"it-IT\",\"@id\":\"https:\\\/\\\/secure.gravatar.com\\\/avatar\\\/ad6774b3ada023bf5b939d64f45c94b3adf91502dd883507d469b4308a943bb3?s=96&d=mm&r=g\",\"url\":\"https:\\\/\\\/secure.gravatar.com\\\/avatar\\\/ad6774b3ada023bf5b939d64f45c94b3adf91502dd883507d469b4308a943bb3?s=96&d=mm&r=g\",\"contentUrl\":\"https:\\\/\\\/secure.gravatar.com\\\/avatar\\\/ad6774b3ada023bf5b939d64f45c94b3adf91502dd883507d469b4308a943bb3?s=96&d=mm&r=g\",\"caption\":\"Exaudi Redazione\"},\"description\":\"Che cosa \u00e8 Exaudi News? Exaudi News \u00e8 un agenzia cattolica internazionale che informa, istruisce e trasforma quotidianamente in spagnolo, inglese e italiano. Attraverso notizie, articoli di analisi e trasmissioni in diretta degli eventi del Papa, Exaudi cerca di rafforzare l'unit\u00e0 dei cristiani e di contribuire all'evangelizzazione del mondo, sempre guidato dalla dottrina sociale della Chiesa. Lavoriamo per portare la verit\u00e0 e i valori cristiani in ogni angolo del pianeta. Aiutaci a trasformare il mondo con Exaudi! Noi di Exaudi crediamo che l'evangelizzazione e l'informazione di qualit\u00e0 possano cambiare la vita. Per continuare la nostra missione ed espandere la nostra portata, abbiamo bisogno del tuo aiuto. Stiamo anche cercando persone motivate che vogliano unirsi al nostro team. Grazie al vostro sostegno raggiungeremo pi\u00f9 persone, diffonderemo il messaggio di Cristo e rafforzeremo l'unit\u00e0 dei cristiani. Vuoi unirti alla nostra missione? Per maggiori informazioni su come contribuire, visita Exaudi.org\\\/it o contattaci direttamente: info@exaudi.org Exaudi: informa, forma e trasforma.\",\"sameAs\":[\"https:\\\/\\\/www.facebook.com\\\/ExaudiNotizie\\\/\",\"https:\\\/\\\/www.instagram.com\\\/Exaudi_notizie\\\/\",\"https:\\\/\\\/x.com\\\/Exaudi_Notizie\",\"https:\\\/\\\/www.youtube.com\\\/@exaudicatholicnews\"],\"url\":\"https:\\\/\\\/exaudi.org\\\/it\\\/author\\\/dlvedi-org\\\/\"}]}<\/script>\n<!-- \/ Yoast SEO plugin. -->","yoast_head_json":{"title":"\"Con il sorriso Papa Luciani \u00e8 riuscito a trasmettere la bont\u00e0 del Signore\" &#8211; Exaudi","robots":{"index":"index","follow":"follow","max-snippet":"max-snippet:-1","max-image-preview":"max-image-preview:large","max-video-preview":"max-video-preview:-1"},"canonical":"https:\/\/exaudi.org\/it\/con-il-sorriso-papa-luciani-sapeva-trasmettere-la-bonta-del-signore\/","og_locale":"it_IT","og_type":"article","og_title":"\"Con il sorriso Papa Luciani \u00e8 riuscito a trasmettere la bont\u00e0 del Signore\" &#8211; Exaudi","og_description":"Papa Francesco: Omelia per la beatificazione di Giovanni Paolo I","og_url":"https:\/\/exaudi.org\/it\/con-il-sorriso-papa-luciani-sapeva-trasmettere-la-bonta-del-signore\/","og_site_name":"Exaudi","article_publisher":"https:\/\/www.facebook.com\/ExaudiNews","article_author":"https:\/\/www.facebook.com\/ExaudiNotizie\/","article_published_time":"2022-09-04T15:21:57+00:00","article_modified_time":"2022-09-04T15:26:29+00:00","og_image":[{"width":2560,"height":1707,"url":"https:\/\/exaudi.org\/wp-content\/uploads\/2022\/09\/Misa-beatificacion-3-scaled.jpg","type":"image\/jpeg"}],"author":"Exaudi Redazione","twitter_card":"summary_large_image","twitter_creator":"@Exaudi_Notizie","twitter_site":"@Exaudi_News","twitter_misc":{"Scritto da":"Exaudi Redazione","Tempo di lettura stimato":"7 minuti"},"schema":{"@context":"https:\/\/schema.org","@graph":[{"@type":"Article","@id":"https:\/\/exaudi.org\/it\/con-il-sorriso-papa-luciani-sapeva-trasmettere-la-bonta-del-signore\/#article","isPartOf":{"@id":"https:\/\/exaudi.org\/it\/con-il-sorriso-papa-luciani-sapeva-trasmettere-la-bonta-del-signore\/"},"author":{"name":"Exaudi Redazione","@id":"https:\/\/exaudi.org\/#\/schema\/person\/e1ab6ed07c01774724dd96f925f3a5f0"},"headline":"&#8220;Con il sorriso Papa Luciani \u00e8 riuscito a trasmettere la bont\u00e0 del Signore&#8221;","datePublished":"2022-09-04T15:21:57+00:00","dateModified":"2022-09-04T15:26:29+00:00","mainEntityOfPage":{"@id":"https:\/\/exaudi.org\/it\/con-il-sorriso-papa-luciani-sapeva-trasmettere-la-bonta-del-signore\/"},"wordCount":1497,"image":{"@id":"https:\/\/exaudi.org\/it\/con-il-sorriso-papa-luciani-sapeva-trasmettere-la-bonta-del-signore\/#primaryimage"},"thumbnailUrl":"https:\/\/exaudi.org\/wp-content\/uploads\/2022\/09\/Misa-beatificacion-3-scaled.jpg","keywords":["Albino Luciani","Featured","Giovanni Paolo I","Omelia 4 settembre 2022","Papa Francesco"],"articleSection":["Angelus","Leone XIV","Omelie"],"inLanguage":"it-IT"},{"@type":"WebPage","@id":"https:\/\/exaudi.org\/it\/con-il-sorriso-papa-luciani-sapeva-trasmettere-la-bonta-del-signore\/","url":"https:\/\/exaudi.org\/it\/con-il-sorriso-papa-luciani-sapeva-trasmettere-la-bonta-del-signore\/","name":"\"Con il sorriso Papa Luciani \u00e8 riuscito a trasmettere la bont\u00e0 del Signore\" &#8211; Exaudi","isPartOf":{"@id":"https:\/\/exaudi.org\/#website"},"primaryImageOfPage":{"@id":"https:\/\/exaudi.org\/it\/con-il-sorriso-papa-luciani-sapeva-trasmettere-la-bonta-del-signore\/#primaryimage"},"image":{"@id":"https:\/\/exaudi.org\/it\/con-il-sorriso-papa-luciani-sapeva-trasmettere-la-bonta-del-signore\/#primaryimage"},"thumbnailUrl":"https:\/\/exaudi.org\/wp-content\/uploads\/2022\/09\/Misa-beatificacion-3-scaled.jpg","datePublished":"2022-09-04T15:21:57+00:00","dateModified":"2022-09-04T15:26:29+00:00","author":{"@id":"https:\/\/exaudi.org\/#\/schema\/person\/e1ab6ed07c01774724dd96f925f3a5f0"},"breadcrumb":{"@id":"https:\/\/exaudi.org\/it\/con-il-sorriso-papa-luciani-sapeva-trasmettere-la-bonta-del-signore\/#breadcrumb"},"inLanguage":"it-IT","potentialAction":[{"@type":"ReadAction","target":["https:\/\/exaudi.org\/it\/con-il-sorriso-papa-luciani-sapeva-trasmettere-la-bonta-del-signore\/"]}]},{"@type":"ImageObject","inLanguage":"it-IT","@id":"https:\/\/exaudi.org\/it\/con-il-sorriso-papa-luciani-sapeva-trasmettere-la-bonta-del-signore\/#primaryimage","url":"https:\/\/exaudi.org\/wp-content\/uploads\/2022\/09\/Misa-beatificacion-3-scaled.jpg","contentUrl":"https:\/\/exaudi.org\/wp-content\/uploads\/2022\/09\/Misa-beatificacion-3-scaled.jpg","width":2560,"height":1707,"caption":"\u00a9 Vatican Media"},{"@type":"BreadcrumbList","@id":"https:\/\/exaudi.org\/it\/con-il-sorriso-papa-luciani-sapeva-trasmettere-la-bonta-del-signore\/#breadcrumb","itemListElement":[{"@type":"ListItem","position":1,"name":"Portada","item":"https:\/\/exaudi.org\/it\/"},{"@type":"ListItem","position":2,"name":"&#8220;Con il sorriso Papa Luciani \u00e8 riuscito a trasmettere la bont\u00e0 del Signore&#8221;"}]},{"@type":"WebSite","@id":"https:\/\/exaudi.org\/#website","url":"https:\/\/exaudi.org\/","name":"Exaudi","description":"News","potentialAction":[{"@type":"SearchAction","target":{"@type":"EntryPoint","urlTemplate":"https:\/\/exaudi.org\/?s={search_term_string}"},"query-input":{"@type":"PropertyValueSpecification","valueRequired":true,"valueName":"search_term_string"}}],"inLanguage":"it-IT"},{"@type":"Person","@id":"https:\/\/exaudi.org\/#\/schema\/person\/e1ab6ed07c01774724dd96f925f3a5f0","name":"Exaudi Redazione","image":{"@type":"ImageObject","inLanguage":"it-IT","@id":"https:\/\/secure.gravatar.com\/avatar\/ad6774b3ada023bf5b939d64f45c94b3adf91502dd883507d469b4308a943bb3?s=96&d=mm&r=g","url":"https:\/\/secure.gravatar.com\/avatar\/ad6774b3ada023bf5b939d64f45c94b3adf91502dd883507d469b4308a943bb3?s=96&d=mm&r=g","contentUrl":"https:\/\/secure.gravatar.com\/avatar\/ad6774b3ada023bf5b939d64f45c94b3adf91502dd883507d469b4308a943bb3?s=96&d=mm&r=g","caption":"Exaudi Redazione"},"description":"Che cosa \u00e8 Exaudi News? Exaudi News \u00e8 un agenzia cattolica internazionale che informa, istruisce e trasforma quotidianamente in spagnolo, inglese e italiano. Attraverso notizie, articoli di analisi e trasmissioni in diretta degli eventi del Papa, Exaudi cerca di rafforzare l'unit\u00e0 dei cristiani e di contribuire all'evangelizzazione del mondo, sempre guidato dalla dottrina sociale della Chiesa. Lavoriamo per portare la verit\u00e0 e i valori cristiani in ogni angolo del pianeta. Aiutaci a trasformare il mondo con Exaudi! Noi di Exaudi crediamo che l'evangelizzazione e l'informazione di qualit\u00e0 possano cambiare la vita. Per continuare la nostra missione ed espandere la nostra portata, abbiamo bisogno del tuo aiuto. Stiamo anche cercando persone motivate che vogliano unirsi al nostro team. Grazie al vostro sostegno raggiungeremo pi\u00f9 persone, diffonderemo il messaggio di Cristo e rafforzeremo l'unit\u00e0 dei cristiani. Vuoi unirti alla nostra missione? Per maggiori informazioni su come contribuire, visita Exaudi.org\/it o contattaci direttamente: info@exaudi.org Exaudi: informa, forma e trasforma.","sameAs":["https:\/\/www.facebook.com\/ExaudiNotizie\/","https:\/\/www.instagram.com\/Exaudi_notizie\/","https:\/\/x.com\/Exaudi_Notizie","https:\/\/www.youtube.com\/@exaudicatholicnews"],"url":"https:\/\/exaudi.org\/it\/author\/dlvedi-org\/"}]}},"jetpack_featured_media_url":"https:\/\/exaudi.org\/wp-content\/uploads\/2022\/09\/Misa-beatificacion-3-scaled.jpg","jetpack_shortlink":"https:\/\/wp.me\/pgKjF2-g1c","_links":{"self":[{"href":"https:\/\/exaudi.org\/it\/wp-json\/wp\/v2\/posts\/61578","targetHints":{"allow":["GET"]}}],"collection":[{"href":"https:\/\/exaudi.org\/it\/wp-json\/wp\/v2\/posts"}],"about":[{"href":"https:\/\/exaudi.org\/it\/wp-json\/wp\/v2\/types\/post"}],"author":[{"embeddable":true,"href":"https:\/\/exaudi.org\/it\/wp-json\/wp\/v2\/users\/17"}],"replies":[{"embeddable":true,"href":"https:\/\/exaudi.org\/it\/wp-json\/wp\/v2\/comments?post=61578"}],"version-history":[{"count":0,"href":"https:\/\/exaudi.org\/it\/wp-json\/wp\/v2\/posts\/61578\/revisions"}],"wp:featuredmedia":[{"embeddable":true,"href":"https:\/\/exaudi.org\/it\/wp-json\/wp\/v2\/media\/61572"}],"wp:attachment":[{"href":"https:\/\/exaudi.org\/it\/wp-json\/wp\/v2\/media?parent=61578"}],"wp:term":[{"taxonomy":"category","embeddable":true,"href":"https:\/\/exaudi.org\/it\/wp-json\/wp\/v2\/categories?post=61578"},{"taxonomy":"post_tag","embeddable":true,"href":"https:\/\/exaudi.org\/it\/wp-json\/wp\/v2\/tags?post=61578"}],"curies":[{"name":"wp","href":"https:\/\/api.w.org\/{rel}","templated":true}]}}