{"id":61420,"date":"2022-09-01T17:16:29","date_gmt":"2022-09-01T15:16:29","guid":{"rendered":"https:\/\/exaudi.org\/?p=61420"},"modified":"2022-09-01T17:16:29","modified_gmt":"2022-09-01T15:16:29","slug":"la-liturgia-e-gioiosa-con-la-gioia-dello-spirito-e-gioiosa-sempre-perche-canta-la-lode-al-signore","status":"publish","type":"post","link":"https:\/\/exaudi.org\/it\/la-liturgia-e-gioiosa-con-la-gioia-dello-spirito-e-gioiosa-sempre-perche-canta-la-lode-al-signore\/","title":{"rendered":"La liturgia \u00e8 gioiosa, con la gioia dello Spirito, \u00e8 gioiosa sempre, perch\u00e9 canta la lode al Signore"},"content":{"rendered":"<p>Questa mattina, nel Palazzo Apostolico Vaticano, il Santo Padre Francesco riceve i Membri dell\u2019Associazione Italiana dei Professori e Cultori di Liturgia e rivolge loro il discorso che riportiamo di seguito:<\/p>\n<p><strong>Discorso del Santo Padre<\/strong><\/p>\n<div class=\"testo\">\n<div class=\"text parbase vaticanrichtext\">\n<p><i>Cari fratelli e sorelle, buongiorno e benvenuti!<\/i><\/p>\n<p>Sono lieto di incontrarvi in questi giorni nei quali celebrate il 50\u00b0 anniversario dell\u2019Associazione dei professori e cultori di Liturgia. Mi unisco a voi nel rendere grazie al Signore. Prima di tutto, ringraziamo per coloro che, cinquant\u2019anni fa, hanno avuto il coraggio di prendere l\u2019iniziativa e dare vita a questa realt\u00e0; poi ringraziamo per quante e quanti vi hanno preso parte in questo mezzo secolo, offrendo il loro contributo di riflessione sulla vita liturgica della Chiesa; e ringraziamo per l\u2019apporto che l\u2019Associazione ha dato alla recezione in Italia della riforma liturgica ispirata dal\u00a0<a href=\"https:\/\/www.vatican.va\/archive\/hist_councils\/ii_vatican_council\/index_it.htm\">Vaticano II<\/a>.<\/p>\n<p>Questo periodo di vita e di impegno corrisponde, in effetti, alla stagione ecclesiale di questa riforma liturgica: un processo che ha conosciuto diverse fasi, da quella iniziale, caratterizzata dall\u2019edizione dei nuovi libri liturgici, a quelle articolate della sua recezione nei decenni successivi. Quest\u2019opera di accoglimento \u00e8 tutt\u2019ora in corso e ci vede tutti impegnati nell\u2019approfondimento che richiede tempo e cura, una cura appassionata e paziente; richiede intelligenza spirituale e intelligenza pastorale; richiede formazione, per una sapienza celebrativa che non si improvvisa e va continuamente affinata.<\/p>\n<p>Al servizio di questo compito si \u00e8 posta, e mi auguro continui a porsi, con slancio rinnovato, anche la vostra attivit\u00e0 di studio e di ricerca. Vi incoraggio pertanto a portarla avanti nel dialogo tra di voi e con altri, perch\u00e9 anche la teologia pu\u00f2 e deve avere uno stile sinodale, coinvolgendo le diverse discipline teologiche e delle scienze umane, \u201cfacendo rete\u201d con le istituzioni che, anche al di fuori dell\u2019Italia, coltivano e promuovono gli studi liturgici.<\/p>\n<p>In questo senso si capisce \u2013 ed \u00e8 indispensabile \u2013 il vostro proposito di mantenervi in ascolto delle comunit\u00e0 cristiane, cos\u00ec che il vostro lavoro non sia mai separato dalle attese e dalle esigenze del popolo di Dio. Questo popolo \u2013 di cui noi siamo parte! \u2013 ha sempre bisogno di formarsi, di crescere, eppure in s\u00e9 stesso possiede quel senso di fede \u2013 il\u00a0<i>sensus fidei<\/i>\u00a0\u2013 che lo aiuta a discernere ci\u00f2 che viene da Dio e che realmente conduce a Lui (cfr Esort. ap.\u00a0<i><a href=\"https:\/\/www.vatican.va\/content\/francesco\/it\/apost_exhortations\/documents\/papa-francesco_esortazione-ap_20131124_evangelii-gaudium.html#Tutti_siamo_discepoli_missionari_\">Evangelii gaudium<\/a><\/i>, 119), anche in ambito liturgico.<\/p>\n<p>La liturgia \u00e8 opera di Cristo e della Chiesa, e in quanto tale \u00e8 un organismo vivente, come una pianta, non pu\u00f2 essere trascurata o maltrattata. Non \u00e8 un monumento di marmo o di bronzo, non \u00e8 una cosa da museo. La liturgia \u00e8 viva come una pianta, e va coltivata con cura. E inoltre la liturgia \u00e8 gioiosa, con la gioia dello Spirito, non di una festa mondana, con la gioia dello Spirito. Per questo non si capisce, per esempio, una liturgia dal tono funebre, non va. \u00c8 gioiosa sempre, perch\u00e9 canta la lode al Signore.<\/p>\n<p>Per questo motivo, il vostro lavoro di discernimento e di ricerca non pu\u00f2 disgiungere la dimensione accademica da quella pastorale e spirituale. \u00abUno dei contributi principali del\u00a0<a href=\"https:\/\/www.vatican.va\/archive\/hist_councils\/ii_vatican_council\/index_it.htm\">Concilio Vaticano II<\/a>\u00a0\u00e8 stato proprio quello di cercare di superare il divorzio tra teologia e pastorale, tra fede e vita\u00bb (Cost. ap.\u00a0<i><a href=\"https:\/\/www.vatican.va\/content\/francesco\/it\/apost_constitutions\/documents\/papa-francesco_costituzione-ap_20171208_veritatis-gaudium.html#2.\">Veritatis gaudium<\/a><\/i>, 2). Abbiamo bisogno, oggi pi\u00f9 che mai, di una visione alta della liturgia, tale da non ridursi a disquisizioni di dettaglio rubricale: una liturgia non mondana, ma che faccia alzare gli occhi al cielo, per sentire che il mondo e la vita sono abitati dal Mistero di Cristo; e nello stesso tempo una liturgia con \u201ci piedi per terra\u201d,\u00a0<i>propter homines<\/i>, non lontana dalla vita. Non con quella esclusivit\u00e0 mondana, no, questa non c\u2019entra. Seria, vicina alla gente. Le due cose insieme: rivolgere lo sguardo al Signore senza girare le spalle al mondo.<\/p>\n<p>Recentemente, nella Lettera\u00a0<i><a href=\"https:\/\/www.vatican.va\/content\/francesco\/it\/apost_letters\/documents\/20220629-lettera-ap-desiderio-desideravi.html\">Desiderio desideravi<\/a><\/i>\u00a0sulla formazione liturgica, ho sottolineato la necessit\u00e0 di trovare canali adeguati per uno studio della liturgia che oltrepassi l\u2019ambito accademico e raggiunga il popolo di Dio. A partire dal movimento liturgico, molto \u00e8 stato fatto in tal senso, con contributi preziosi di tanti studiosi e varie istituzioni accademiche. Mi piace ricordare con voi la figura di Romano Guardini, che si \u00e8 distinto per la sua capacit\u00e0 di diffondere le acquisizioni del movimento liturgico al di fuori dell\u2019ambito accademico, in modo accessibile, alla mano, perch\u00e9 ogni fedele \u2013 a partire dai giovani \u2013 potesse crescere nella conoscenza viva ed esperienziale del senso teologico e spirituale della liturgia. La sua figura e il suo approccio all\u2019educazione liturgica, tanto moderno quanto classico, sia per voi punto di riferimento, perch\u00e9 il vostro studio unisca intelligenza critica e sapienza spirituale, fondamento biblico e radicamento ecclesiale, apertura all\u2019interdisciplinariet\u00e0 e attitudine pedagogica.<\/p>\n<p>Il progresso nella comprensione e anche nella celebrazione liturgica dev\u2019essere sempre radicato nella tradizione, che ti porta sempre avanti in quel senso che il Signore vuole. C\u2019\u00e8 uno spirito che non \u00e8 quello della vera tradizione: lo spirito mondano dell\u2019\u201cindietrismo\u201d, oggi alla moda: pensare che andare alle radici significa andare indietro. No, sono cose diverse. Se tu vai alle radici, le radici ti portano su, sempre. Come l\u2019albero, che cresce da quello che gli viene dalle radici. E la tradizione \u00e8 proprio andare alle radici, perch\u00e9 \u00e8 la garanzia del futuro, come diceva Mahler. Invece, l\u2019indietrismo \u00e8 andare indietro due passi perch\u00e9 \u00e8 meglio il \u201csempre si \u00e8 fatto cos\u00ec\u201d. \u00c8 una tentazione nella vita della Chiesa che ti porta a un restaurazionismo mondano, travestito di liturgia e teologia, ma \u00e8 mondano. E l\u2019indietrismo sempre \u00e8 mondanit\u00e0: per questo l\u2019autore della Lettera agli Ebrei dice: \u201cNoi non siamo gente che va indietro\u201d. No, tu vai avanti, secondo la linea che ti d\u00e0 la tradizione. Andare indietro \u00e8 andare contro la verit\u00e0 e anche contro lo Spirito. Fare bene questa distinzione. Perch\u00e9 in liturgia ci sono tanti che si dicono \u201csecondo la tradizione\u201d, ma non \u00e8 cos\u00ec: al massimo saranno tradizionalisti. Un altro diceva che la tradizione \u00e8 la fede viva dei morti, il tradizionalismo \u00e8 la fede morta di alcuni vivi. Uccidono quel contatto con le radici andando indietro. State attenti: oggi la tentazione \u00e8 l\u2019indietrismo travestito di tradizione.<\/p>\n<p>E, infine, la cosa forse pi\u00f9 importante: che il vostro studio della liturgia sia impregnato di preghiera e di esperienza viva della Chiesa che celebra, cos\u00ec che liturgia \u201cpensata\u201d sgorghi sempre, come da una linfa vitale, dalla liturgia vissuta. La teologia si fa con la mente aperta e nello stesso tempo \u201cin ginocchio\u201d (cfr\u00a0<i><a href=\"https:\/\/www.vatican.va\/content\/francesco\/it\/apost_constitutions\/documents\/papa-francesco_costituzione-ap_20171208_veritatis-gaudium.html#3.\">Veritatis gaudium<\/a><\/i>, 3). Questo vale per tutte le discipline teologiche, ma tanto pi\u00f9 per la vostra, che ha per oggetto l\u2019atto di celebrare la bellezza e la grandezza del mistero di Dio che si dona a noi.<\/p>\n<p>Con questo augurio, benedico di cuore tutti voi e il vostro cammino. E vi chiedo per favore di pregare per me. Grazie.<\/p>\n<div class=\"clearfix\"><\/div>\n<\/div>\n<div class=\"content parsys\"><\/div>\n<\/div>\n","protected":false},"excerpt":{"rendered":"<p>Udienza ai Membri dell\u2019Associazione Italiana dei Professori e Cultori di Liturgia<\/p>\n","protected":false},"author":17,"featured_media":61418,"comment_status":"closed","ping_status":"closed","sticky":false,"template":"","format":"standard","meta":{"_acf_changed":false,"_crdt_document":"","inline_featured_image":false,"footnotes":""},"categories":[123,67],"tags":[251,6865,4952],"class_list":["post-61420","post","type-post","status-publish","format-standard","has-post-thumbnail","hentry","category-discorsi","category-leone-xiv","tag-papa-francesco","tag-professori-e-cultori-di-liturgia","tag-trending-it"],"acf":[],"yoast_head":"<!-- This site is optimized with the Yoast SEO plugin v27.5 - https:\/\/yoast.com\/product\/yoast-seo-wordpress\/ -->\n<title>La liturgia \u00e8 gioiosa, con la gioia dello Spirito, \u00e8 gioiosa sempre, perch\u00e9 canta la lode al Signore &#8211; Exaudi<\/title>\n<meta name=\"robots\" content=\"index, follow, max-snippet:-1, max-image-preview:large, max-video-preview:-1\" \/>\n<link rel=\"canonical\" href=\"https:\/\/exaudi.org\/it\/la-liturgia-e-gioiosa-con-la-gioia-dello-spirito-e-gioiosa-sempre-perche-canta-la-lode-al-signore\/\" \/>\n<meta property=\"og:locale\" content=\"it_IT\" \/>\n<meta property=\"og:type\" content=\"article\" \/>\n<meta property=\"og:title\" content=\"La liturgia \u00e8 gioiosa, con la gioia dello Spirito, \u00e8 gioiosa sempre, perch\u00e9 canta la lode al Signore &#8211; Exaudi\" \/>\n<meta property=\"og:description\" content=\"Udienza ai Membri dell\u2019Associazione Italiana dei Professori e Cultori di Liturgia\" \/>\n<meta property=\"og:url\" content=\"https:\/\/exaudi.org\/it\/la-liturgia-e-gioiosa-con-la-gioia-dello-spirito-e-gioiosa-sempre-perche-canta-la-lode-al-signore\/\" \/>\n<meta property=\"og:site_name\" content=\"Exaudi\" \/>\n<meta property=\"article:publisher\" content=\"https:\/\/www.facebook.com\/ExaudiNews\" \/>\n<meta property=\"article:author\" content=\"https:\/\/www.facebook.com\/ExaudiNotizie\/\" \/>\n<meta property=\"article:published_time\" content=\"2022-09-01T15:16:29+00:00\" \/>\n<meta property=\"og:image\" content=\"https:\/\/exaudi.org\/wp-content\/uploads\/2022\/09\/Profesores-y-Cultores-de-la-Liturgia-scaled.jpg\" \/>\n\t<meta property=\"og:image:width\" content=\"2560\" \/>\n\t<meta property=\"og:image:height\" content=\"1707\" \/>\n\t<meta property=\"og:image:type\" content=\"image\/jpeg\" \/>\n<meta name=\"author\" content=\"Exaudi Redazione\" \/>\n<meta name=\"twitter:card\" content=\"summary_large_image\" \/>\n<meta name=\"twitter:creator\" content=\"@Exaudi_Notizie\" \/>\n<meta name=\"twitter:site\" content=\"@Exaudi_News\" \/>\n<meta name=\"twitter:label1\" content=\"Scritto da\" \/>\n\t<meta name=\"twitter:data1\" content=\"Exaudi Redazione\" \/>\n\t<meta name=\"twitter:label2\" content=\"Tempo di lettura stimato\" \/>\n\t<meta name=\"twitter:data2\" content=\"6 minuti\" \/>\n<script type=\"application\/ld+json\" class=\"yoast-schema-graph\">{\"@context\":\"https:\\\/\\\/schema.org\",\"@graph\":[{\"@type\":\"Article\",\"@id\":\"https:\\\/\\\/exaudi.org\\\/it\\\/la-liturgia-e-gioiosa-con-la-gioia-dello-spirito-e-gioiosa-sempre-perche-canta-la-lode-al-signore\\\/#article\",\"isPartOf\":{\"@id\":\"https:\\\/\\\/exaudi.org\\\/it\\\/la-liturgia-e-gioiosa-con-la-gioia-dello-spirito-e-gioiosa-sempre-perche-canta-la-lode-al-signore\\\/\"},\"author\":{\"name\":\"Exaudi Redazione\",\"@id\":\"https:\\\/\\\/exaudi.org\\\/#\\\/schema\\\/person\\\/e1ab6ed07c01774724dd96f925f3a5f0\"},\"headline\":\"La liturgia \u00e8 gioiosa, con la gioia dello Spirito, \u00e8 gioiosa sempre, perch\u00e9 canta la lode al Signore\",\"datePublished\":\"2022-09-01T15:16:29+00:00\",\"mainEntityOfPage\":{\"@id\":\"https:\\\/\\\/exaudi.org\\\/it\\\/la-liturgia-e-gioiosa-con-la-gioia-dello-spirito-e-gioiosa-sempre-perche-canta-la-lode-al-signore\\\/\"},\"wordCount\":1137,\"image\":{\"@id\":\"https:\\\/\\\/exaudi.org\\\/it\\\/la-liturgia-e-gioiosa-con-la-gioia-dello-spirito-e-gioiosa-sempre-perche-canta-la-lode-al-signore\\\/#primaryimage\"},\"thumbnailUrl\":\"https:\\\/\\\/exaudi.org\\\/wp-content\\\/uploads\\\/2022\\\/09\\\/Profesores-y-Cultores-de-la-Liturgia-scaled.jpg\",\"keywords\":[\"Papa Francesco\",\"Professori e Cultori di Liturgia\",\"Trending\"],\"articleSection\":[\"Discorsi\",\"Leone XIV\"],\"inLanguage\":\"it-IT\"},{\"@type\":\"WebPage\",\"@id\":\"https:\\\/\\\/exaudi.org\\\/it\\\/la-liturgia-e-gioiosa-con-la-gioia-dello-spirito-e-gioiosa-sempre-perche-canta-la-lode-al-signore\\\/\",\"url\":\"https:\\\/\\\/exaudi.org\\\/it\\\/la-liturgia-e-gioiosa-con-la-gioia-dello-spirito-e-gioiosa-sempre-perche-canta-la-lode-al-signore\\\/\",\"name\":\"La liturgia \u00e8 gioiosa, con la gioia dello Spirito, \u00e8 gioiosa sempre, perch\u00e9 canta la lode al Signore &#8211; Exaudi\",\"isPartOf\":{\"@id\":\"https:\\\/\\\/exaudi.org\\\/#website\"},\"primaryImageOfPage\":{\"@id\":\"https:\\\/\\\/exaudi.org\\\/it\\\/la-liturgia-e-gioiosa-con-la-gioia-dello-spirito-e-gioiosa-sempre-perche-canta-la-lode-al-signore\\\/#primaryimage\"},\"image\":{\"@id\":\"https:\\\/\\\/exaudi.org\\\/it\\\/la-liturgia-e-gioiosa-con-la-gioia-dello-spirito-e-gioiosa-sempre-perche-canta-la-lode-al-signore\\\/#primaryimage\"},\"thumbnailUrl\":\"https:\\\/\\\/exaudi.org\\\/wp-content\\\/uploads\\\/2022\\\/09\\\/Profesores-y-Cultores-de-la-Liturgia-scaled.jpg\",\"datePublished\":\"2022-09-01T15:16:29+00:00\",\"author\":{\"@id\":\"https:\\\/\\\/exaudi.org\\\/#\\\/schema\\\/person\\\/e1ab6ed07c01774724dd96f925f3a5f0\"},\"breadcrumb\":{\"@id\":\"https:\\\/\\\/exaudi.org\\\/it\\\/la-liturgia-e-gioiosa-con-la-gioia-dello-spirito-e-gioiosa-sempre-perche-canta-la-lode-al-signore\\\/#breadcrumb\"},\"inLanguage\":\"it-IT\",\"potentialAction\":[{\"@type\":\"ReadAction\",\"target\":[\"https:\\\/\\\/exaudi.org\\\/it\\\/la-liturgia-e-gioiosa-con-la-gioia-dello-spirito-e-gioiosa-sempre-perche-canta-la-lode-al-signore\\\/\"]}]},{\"@type\":\"ImageObject\",\"inLanguage\":\"it-IT\",\"@id\":\"https:\\\/\\\/exaudi.org\\\/it\\\/la-liturgia-e-gioiosa-con-la-gioia-dello-spirito-e-gioiosa-sempre-perche-canta-la-lode-al-signore\\\/#primaryimage\",\"url\":\"https:\\\/\\\/exaudi.org\\\/wp-content\\\/uploads\\\/2022\\\/09\\\/Profesores-y-Cultores-de-la-Liturgia-scaled.jpg\",\"contentUrl\":\"https:\\\/\\\/exaudi.org\\\/wp-content\\\/uploads\\\/2022\\\/09\\\/Profesores-y-Cultores-de-la-Liturgia-scaled.jpg\",\"width\":2560,\"height\":1707,\"caption\":\"\u00a9 Vatican Media\"},{\"@type\":\"BreadcrumbList\",\"@id\":\"https:\\\/\\\/exaudi.org\\\/it\\\/la-liturgia-e-gioiosa-con-la-gioia-dello-spirito-e-gioiosa-sempre-perche-canta-la-lode-al-signore\\\/#breadcrumb\",\"itemListElement\":[{\"@type\":\"ListItem\",\"position\":1,\"name\":\"Portada\",\"item\":\"https:\\\/\\\/exaudi.org\\\/it\\\/\"},{\"@type\":\"ListItem\",\"position\":2,\"name\":\"La liturgia \u00e8 gioiosa, con la gioia dello Spirito, \u00e8 gioiosa sempre, perch\u00e9 canta la lode al Signore\"}]},{\"@type\":\"WebSite\",\"@id\":\"https:\\\/\\\/exaudi.org\\\/#website\",\"url\":\"https:\\\/\\\/exaudi.org\\\/\",\"name\":\"Exaudi\",\"description\":\"News\",\"potentialAction\":[{\"@type\":\"SearchAction\",\"target\":{\"@type\":\"EntryPoint\",\"urlTemplate\":\"https:\\\/\\\/exaudi.org\\\/?s={search_term_string}\"},\"query-input\":{\"@type\":\"PropertyValueSpecification\",\"valueRequired\":true,\"valueName\":\"search_term_string\"}}],\"inLanguage\":\"it-IT\"},{\"@type\":\"Person\",\"@id\":\"https:\\\/\\\/exaudi.org\\\/#\\\/schema\\\/person\\\/e1ab6ed07c01774724dd96f925f3a5f0\",\"name\":\"Exaudi Redazione\",\"image\":{\"@type\":\"ImageObject\",\"inLanguage\":\"it-IT\",\"@id\":\"https:\\\/\\\/secure.gravatar.com\\\/avatar\\\/ad6774b3ada023bf5b939d64f45c94b3adf91502dd883507d469b4308a943bb3?s=96&d=mm&r=g\",\"url\":\"https:\\\/\\\/secure.gravatar.com\\\/avatar\\\/ad6774b3ada023bf5b939d64f45c94b3adf91502dd883507d469b4308a943bb3?s=96&d=mm&r=g\",\"contentUrl\":\"https:\\\/\\\/secure.gravatar.com\\\/avatar\\\/ad6774b3ada023bf5b939d64f45c94b3adf91502dd883507d469b4308a943bb3?s=96&d=mm&r=g\",\"caption\":\"Exaudi Redazione\"},\"description\":\"Che cosa \u00e8 Exaudi News? Exaudi News \u00e8 un agenzia cattolica internazionale che informa, istruisce e trasforma quotidianamente in spagnolo, inglese e italiano. Attraverso notizie, articoli di analisi e trasmissioni in diretta degli eventi del Papa, Exaudi cerca di rafforzare l'unit\u00e0 dei cristiani e di contribuire all'evangelizzazione del mondo, sempre guidato dalla dottrina sociale della Chiesa. Lavoriamo per portare la verit\u00e0 e i valori cristiani in ogni angolo del pianeta. Aiutaci a trasformare il mondo con Exaudi! Noi di Exaudi crediamo che l'evangelizzazione e l'informazione di qualit\u00e0 possano cambiare la vita. Per continuare la nostra missione ed espandere la nostra portata, abbiamo bisogno del tuo aiuto. Stiamo anche cercando persone motivate che vogliano unirsi al nostro team. Grazie al vostro sostegno raggiungeremo pi\u00f9 persone, diffonderemo il messaggio di Cristo e rafforzeremo l'unit\u00e0 dei cristiani. Vuoi unirti alla nostra missione? Per maggiori informazioni su come contribuire, visita Exaudi.org\\\/it o contattaci direttamente: info@exaudi.org Exaudi: informa, forma e trasforma.\",\"sameAs\":[\"https:\\\/\\\/www.facebook.com\\\/ExaudiNotizie\\\/\",\"https:\\\/\\\/www.instagram.com\\\/Exaudi_notizie\\\/\",\"https:\\\/\\\/x.com\\\/Exaudi_Notizie\",\"https:\\\/\\\/www.youtube.com\\\/@exaudicatholicnews\"],\"url\":\"https:\\\/\\\/exaudi.org\\\/it\\\/author\\\/dlvedi-org\\\/\"}]}<\/script>\n<!-- \/ Yoast SEO plugin. -->","yoast_head_json":{"title":"La liturgia \u00e8 gioiosa, con la gioia dello Spirito, \u00e8 gioiosa sempre, perch\u00e9 canta la lode al Signore &#8211; Exaudi","robots":{"index":"index","follow":"follow","max-snippet":"max-snippet:-1","max-image-preview":"max-image-preview:large","max-video-preview":"max-video-preview:-1"},"canonical":"https:\/\/exaudi.org\/it\/la-liturgia-e-gioiosa-con-la-gioia-dello-spirito-e-gioiosa-sempre-perche-canta-la-lode-al-signore\/","og_locale":"it_IT","og_type":"article","og_title":"La liturgia \u00e8 gioiosa, con la gioia dello Spirito, \u00e8 gioiosa sempre, perch\u00e9 canta la lode al Signore &#8211; Exaudi","og_description":"Udienza ai Membri dell\u2019Associazione Italiana dei Professori e Cultori di Liturgia","og_url":"https:\/\/exaudi.org\/it\/la-liturgia-e-gioiosa-con-la-gioia-dello-spirito-e-gioiosa-sempre-perche-canta-la-lode-al-signore\/","og_site_name":"Exaudi","article_publisher":"https:\/\/www.facebook.com\/ExaudiNews","article_author":"https:\/\/www.facebook.com\/ExaudiNotizie\/","article_published_time":"2022-09-01T15:16:29+00:00","og_image":[{"width":2560,"height":1707,"url":"https:\/\/exaudi.org\/wp-content\/uploads\/2022\/09\/Profesores-y-Cultores-de-la-Liturgia-scaled.jpg","type":"image\/jpeg"}],"author":"Exaudi Redazione","twitter_card":"summary_large_image","twitter_creator":"@Exaudi_Notizie","twitter_site":"@Exaudi_News","twitter_misc":{"Scritto da":"Exaudi Redazione","Tempo di lettura stimato":"6 minuti"},"schema":{"@context":"https:\/\/schema.org","@graph":[{"@type":"Article","@id":"https:\/\/exaudi.org\/it\/la-liturgia-e-gioiosa-con-la-gioia-dello-spirito-e-gioiosa-sempre-perche-canta-la-lode-al-signore\/#article","isPartOf":{"@id":"https:\/\/exaudi.org\/it\/la-liturgia-e-gioiosa-con-la-gioia-dello-spirito-e-gioiosa-sempre-perche-canta-la-lode-al-signore\/"},"author":{"name":"Exaudi Redazione","@id":"https:\/\/exaudi.org\/#\/schema\/person\/e1ab6ed07c01774724dd96f925f3a5f0"},"headline":"La liturgia \u00e8 gioiosa, con la gioia dello Spirito, \u00e8 gioiosa sempre, perch\u00e9 canta la lode al Signore","datePublished":"2022-09-01T15:16:29+00:00","mainEntityOfPage":{"@id":"https:\/\/exaudi.org\/it\/la-liturgia-e-gioiosa-con-la-gioia-dello-spirito-e-gioiosa-sempre-perche-canta-la-lode-al-signore\/"},"wordCount":1137,"image":{"@id":"https:\/\/exaudi.org\/it\/la-liturgia-e-gioiosa-con-la-gioia-dello-spirito-e-gioiosa-sempre-perche-canta-la-lode-al-signore\/#primaryimage"},"thumbnailUrl":"https:\/\/exaudi.org\/wp-content\/uploads\/2022\/09\/Profesores-y-Cultores-de-la-Liturgia-scaled.jpg","keywords":["Papa Francesco","Professori e Cultori di Liturgia","Trending"],"articleSection":["Discorsi","Leone XIV"],"inLanguage":"it-IT"},{"@type":"WebPage","@id":"https:\/\/exaudi.org\/it\/la-liturgia-e-gioiosa-con-la-gioia-dello-spirito-e-gioiosa-sempre-perche-canta-la-lode-al-signore\/","url":"https:\/\/exaudi.org\/it\/la-liturgia-e-gioiosa-con-la-gioia-dello-spirito-e-gioiosa-sempre-perche-canta-la-lode-al-signore\/","name":"La liturgia \u00e8 gioiosa, con la gioia dello Spirito, \u00e8 gioiosa sempre, perch\u00e9 canta la lode al Signore &#8211; Exaudi","isPartOf":{"@id":"https:\/\/exaudi.org\/#website"},"primaryImageOfPage":{"@id":"https:\/\/exaudi.org\/it\/la-liturgia-e-gioiosa-con-la-gioia-dello-spirito-e-gioiosa-sempre-perche-canta-la-lode-al-signore\/#primaryimage"},"image":{"@id":"https:\/\/exaudi.org\/it\/la-liturgia-e-gioiosa-con-la-gioia-dello-spirito-e-gioiosa-sempre-perche-canta-la-lode-al-signore\/#primaryimage"},"thumbnailUrl":"https:\/\/exaudi.org\/wp-content\/uploads\/2022\/09\/Profesores-y-Cultores-de-la-Liturgia-scaled.jpg","datePublished":"2022-09-01T15:16:29+00:00","author":{"@id":"https:\/\/exaudi.org\/#\/schema\/person\/e1ab6ed07c01774724dd96f925f3a5f0"},"breadcrumb":{"@id":"https:\/\/exaudi.org\/it\/la-liturgia-e-gioiosa-con-la-gioia-dello-spirito-e-gioiosa-sempre-perche-canta-la-lode-al-signore\/#breadcrumb"},"inLanguage":"it-IT","potentialAction":[{"@type":"ReadAction","target":["https:\/\/exaudi.org\/it\/la-liturgia-e-gioiosa-con-la-gioia-dello-spirito-e-gioiosa-sempre-perche-canta-la-lode-al-signore\/"]}]},{"@type":"ImageObject","inLanguage":"it-IT","@id":"https:\/\/exaudi.org\/it\/la-liturgia-e-gioiosa-con-la-gioia-dello-spirito-e-gioiosa-sempre-perche-canta-la-lode-al-signore\/#primaryimage","url":"https:\/\/exaudi.org\/wp-content\/uploads\/2022\/09\/Profesores-y-Cultores-de-la-Liturgia-scaled.jpg","contentUrl":"https:\/\/exaudi.org\/wp-content\/uploads\/2022\/09\/Profesores-y-Cultores-de-la-Liturgia-scaled.jpg","width":2560,"height":1707,"caption":"\u00a9 Vatican Media"},{"@type":"BreadcrumbList","@id":"https:\/\/exaudi.org\/it\/la-liturgia-e-gioiosa-con-la-gioia-dello-spirito-e-gioiosa-sempre-perche-canta-la-lode-al-signore\/#breadcrumb","itemListElement":[{"@type":"ListItem","position":1,"name":"Portada","item":"https:\/\/exaudi.org\/it\/"},{"@type":"ListItem","position":2,"name":"La liturgia \u00e8 gioiosa, con la gioia dello Spirito, \u00e8 gioiosa sempre, perch\u00e9 canta la lode al Signore"}]},{"@type":"WebSite","@id":"https:\/\/exaudi.org\/#website","url":"https:\/\/exaudi.org\/","name":"Exaudi","description":"News","potentialAction":[{"@type":"SearchAction","target":{"@type":"EntryPoint","urlTemplate":"https:\/\/exaudi.org\/?s={search_term_string}"},"query-input":{"@type":"PropertyValueSpecification","valueRequired":true,"valueName":"search_term_string"}}],"inLanguage":"it-IT"},{"@type":"Person","@id":"https:\/\/exaudi.org\/#\/schema\/person\/e1ab6ed07c01774724dd96f925f3a5f0","name":"Exaudi Redazione","image":{"@type":"ImageObject","inLanguage":"it-IT","@id":"https:\/\/secure.gravatar.com\/avatar\/ad6774b3ada023bf5b939d64f45c94b3adf91502dd883507d469b4308a943bb3?s=96&d=mm&r=g","url":"https:\/\/secure.gravatar.com\/avatar\/ad6774b3ada023bf5b939d64f45c94b3adf91502dd883507d469b4308a943bb3?s=96&d=mm&r=g","contentUrl":"https:\/\/secure.gravatar.com\/avatar\/ad6774b3ada023bf5b939d64f45c94b3adf91502dd883507d469b4308a943bb3?s=96&d=mm&r=g","caption":"Exaudi Redazione"},"description":"Che cosa \u00e8 Exaudi News? Exaudi News \u00e8 un agenzia cattolica internazionale che informa, istruisce e trasforma quotidianamente in spagnolo, inglese e italiano. Attraverso notizie, articoli di analisi e trasmissioni in diretta degli eventi del Papa, Exaudi cerca di rafforzare l'unit\u00e0 dei cristiani e di contribuire all'evangelizzazione del mondo, sempre guidato dalla dottrina sociale della Chiesa. Lavoriamo per portare la verit\u00e0 e i valori cristiani in ogni angolo del pianeta. Aiutaci a trasformare il mondo con Exaudi! Noi di Exaudi crediamo che l'evangelizzazione e l'informazione di qualit\u00e0 possano cambiare la vita. Per continuare la nostra missione ed espandere la nostra portata, abbiamo bisogno del tuo aiuto. Stiamo anche cercando persone motivate che vogliano unirsi al nostro team. Grazie al vostro sostegno raggiungeremo pi\u00f9 persone, diffonderemo il messaggio di Cristo e rafforzeremo l'unit\u00e0 dei cristiani. Vuoi unirti alla nostra missione? Per maggiori informazioni su come contribuire, visita Exaudi.org\/it o contattaci direttamente: info@exaudi.org Exaudi: informa, forma e trasforma.","sameAs":["https:\/\/www.facebook.com\/ExaudiNotizie\/","https:\/\/www.instagram.com\/Exaudi_notizie\/","https:\/\/x.com\/Exaudi_Notizie","https:\/\/www.youtube.com\/@exaudicatholicnews"],"url":"https:\/\/exaudi.org\/it\/author\/dlvedi-org\/"}]}},"jetpack_featured_media_url":"https:\/\/exaudi.org\/wp-content\/uploads\/2022\/09\/Profesores-y-Cultores-de-la-Liturgia-scaled.jpg","jetpack_shortlink":"https:\/\/wp.me\/pgKjF2-fYE","_links":{"self":[{"href":"https:\/\/exaudi.org\/it\/wp-json\/wp\/v2\/posts\/61420","targetHints":{"allow":["GET"]}}],"collection":[{"href":"https:\/\/exaudi.org\/it\/wp-json\/wp\/v2\/posts"}],"about":[{"href":"https:\/\/exaudi.org\/it\/wp-json\/wp\/v2\/types\/post"}],"author":[{"embeddable":true,"href":"https:\/\/exaudi.org\/it\/wp-json\/wp\/v2\/users\/17"}],"replies":[{"embeddable":true,"href":"https:\/\/exaudi.org\/it\/wp-json\/wp\/v2\/comments?post=61420"}],"version-history":[{"count":0,"href":"https:\/\/exaudi.org\/it\/wp-json\/wp\/v2\/posts\/61420\/revisions"}],"wp:featuredmedia":[{"embeddable":true,"href":"https:\/\/exaudi.org\/it\/wp-json\/wp\/v2\/media\/61418"}],"wp:attachment":[{"href":"https:\/\/exaudi.org\/it\/wp-json\/wp\/v2\/media?parent=61420"}],"wp:term":[{"taxonomy":"category","embeddable":true,"href":"https:\/\/exaudi.org\/it\/wp-json\/wp\/v2\/categories?post=61420"},{"taxonomy":"post_tag","embeddable":true,"href":"https:\/\/exaudi.org\/it\/wp-json\/wp\/v2\/tags?post=61420"}],"curies":[{"name":"wp","href":"https:\/\/api.w.org\/{rel}","templated":true}]}}