{"id":61255,"date":"2022-08-30T23:08:34","date_gmt":"2022-08-30T21:08:34","guid":{"rendered":"https:\/\/exaudi.org\/?p=61255"},"modified":"2022-08-30T23:08:34","modified_gmt":"2022-08-30T21:08:34","slug":"il-papa-ai-nuovi-cardinali-annunciare-a-tutti-i-popoli-le-meraviglie-del-signore","status":"publish","type":"post","link":"https:\/\/exaudi.org\/it\/il-papa-ai-nuovi-cardinali-annunciare-a-tutti-i-popoli-le-meraviglie-del-signore\/","title":{"rendered":"Il Papa ai nuovi cardinali: \u201cAnnunciare a tutti i popoli le meraviglie del Signore\u201d"},"content":{"rendered":"<p>Alle ore 17.30 di questo pomeriggio, nella Basilica Vaticana, il Santo Padre Francesco ha presieduto la Santa Messa con i nuovi Cardinali creati nel corso del nel Concistoro Ordinario Pubblico tenutosi sabato scorso, 27 agosto 2022, e il Collegio Cardinalizio<\/p>\n<p>Pubblichiamo di seguito il testo dell\u2019omelia che il Papa ha pronunciato dopo la proclamazione del Santo Vangelo:<\/p>\n<p><b><u>Omelia<\/u><\/b><\/p>\n<p>Le Letture di questa celebrazione \u2013 proprie del formulario \u201cper la Chiesa\u201d \u2013 ci presentano un\u00a0<i>duplice stupore<\/i>: quello di Paolo di fronte al disegno di salvezza di Dio (cfr\u00a0<i>Ef<\/i>\u00a01,3-14) e quello dei discepoli, tra i quali anche lo stesso Matteo, nell\u2019incontro con Ges\u00f9 risorto, che li invia in missione (cfr\u00a0<i>Mt<\/i>\u00a028,16-20). Duplice stupore. Inoltriamoci dentro questi due territori, dove soffia con forza il vento dello Spirito Santo, cos\u00ec che possiamo ripartire da questa celebrazione, e da questa convocazione cardinalizia, pi\u00f9 capaci di \u201cannunciare a tutti i popoli le meraviglie del Signore\u201d (cfr Salmo resp.).<\/p>\n<p>L\u2019inno con cui si apre la Lettera agli Efesini sgorga dalla contemplazione del piano salvifico di Dio nella storia. Come rimaniamo incantati al cospetto dell\u2019universo che ci circonda, cos\u00ec ci pervade lo stupore considerando la storia della salvezza. E se nel cosmo ogni cosa si muove o sta ferma secondo l\u2019impalpabile forza di gravit\u00e0, nel disegno di Dio attraverso i tempi tutto trova origine, sussistenza, destinazione e fine\u00a0<i>in Cristo<\/i>.<\/p>\n<p>Nell\u2019inno paolino questa espressione \u2013 \u00abin Cristo\u00bb o \u00abin Lui\u00bb \u2013 \u00e8 il cardine che sorregge tutte le fasi della storia della salvezza: in Cristo siamo stati benedetti prima della creazione; in Lui siamo stati chiamati; in Lui siamo stati redenti; in Lui ogni creatura \u00e8 ricondotta all\u2019unit\u00e0, e tutti, vicini e lontani, primi e ultimi, siamo destinati, grazie all\u2019opera dello Spirito Santo, ad essere a lode della gloria di Dio.<\/p>\n<p><img loading=\"lazy\" decoding=\"async\" class=\"size-medium wp-image-61278 alignleft\" src=\"https:\/\/exaudi.org\/wp-content\/uploads\/2022\/08\/thumbnail__DSC3334-1-300x200.jpg\" alt=\"\" width=\"300\" height=\"200\" srcset=\"https:\/\/exaudi.org\/wp-content\/uploads\/2022\/08\/thumbnail__DSC3334-1-300x200.jpg 300w, https:\/\/exaudi.org\/wp-content\/uploads\/2022\/08\/thumbnail__DSC3334-1-1024x682.jpg 1024w, https:\/\/exaudi.org\/wp-content\/uploads\/2022\/08\/thumbnail__DSC3334-1-770x513.jpg 770w, https:\/\/exaudi.org\/wp-content\/uploads\/2022\/08\/thumbnail__DSC3334-1-360x240.jpg?crop=1 360w, https:\/\/exaudi.org\/wp-content\/uploads\/2022\/08\/thumbnail__DSC3334-1-500x333.jpg 500w, https:\/\/exaudi.org\/wp-content\/uploads\/2022\/08\/thumbnail__DSC3334-1-1155x770.jpg 1155w, https:\/\/exaudi.org\/wp-content\/uploads\/2022\/08\/thumbnail__DSC3334-1-370x247.jpg 370w, https:\/\/exaudi.org\/wp-content\/uploads\/2022\/08\/thumbnail__DSC3334-1-293x195.jpg 293w, https:\/\/exaudi.org\/wp-content\/uploads\/2022\/08\/thumbnail__DSC3334-1-120x80.jpg 120w, https:\/\/exaudi.org\/wp-content\/uploads\/2022\/08\/thumbnail__DSC3334-1-240x160.jpg 240w, https:\/\/exaudi.org\/wp-content\/uploads\/2022\/08\/thumbnail__DSC3334-1-390x260.jpg 390w, https:\/\/exaudi.org\/wp-content\/uploads\/2022\/08\/thumbnail__DSC3334-1.jpg 1280w\" sizes=\"auto, (max-width: 300px) 100vw, 300px\" \/>Di fronte a questo disegno, a noi \u2013 come dice la liturgia \u2013 \u00absi addice la lode\u00bb (Resp. Lodi luned\u00ec IV sett.): lode, benedizione, adorazione, gratitudine che riconosce l\u2019opera di Dio. Una lode che vive di stupore, ed \u00e8 preservata dal rischio di scadere nell\u2019abitudine finch\u00e9 attinge meraviglia, finch\u00e9 si alimenta con questo atteggiamento fondamentale del cuore e dello spirito: lo stupore. Io vorrei domandare ad ognuno di noi, a voi cari fratelli Cardinali, a voi Vescovi, sacerdoti, consacrati, consacrate, popolo di Dio: come va il tuo stupore? Tu senti stupore, a volte? O ti sei dimenticato cosa significhi?<\/p>\n<p>Questo clima di stupore \u00e8 il clima che respiriamo inoltrandoci nel territorio dell\u2019inno paolino.<\/p>\n<p>Se poi ci addentriamo nel breve ma denso racconto evangelico, se insieme ai discepoli rispondiamo all\u2019appello del Signore e ci rechiamo in Galilea \u2013 ognuno di noi ha la propria Galilea nella propria storia, quella Galilea nella quale abbiamo sentito la chiamata del Signore, lo sguardo del Signore che ci ha chiamato; tornare a quella Galilea \u2013, se torniamo a quella Galilea, sul monte da Lui indicato, sperimentiamo un\u00a0<i>nuovo stupore<\/i>. Questa volta, a incantarci, non \u00e8 il piano di salvezza in s\u00e9 stesso, ma il fatto \u2013 ancora pi\u00f9 sorprendente \u2013 che Dio\u00a0<i>ci coinvolge<\/i>, in questo suo disegno: \u00e8 la realt\u00e0 della\u00a0<i>missione degli apostoli con Cristo risorto<\/i>. In effetti, possiamo appena immaginare con quale stato d\u2019animo gli \u00abundici discepoli\u00bb ascoltarono quelle parole del Signore: \u00abAndate [\u2026] fate discepoli tutti i popoli, battezzandoli nel nome del Padre e del Figlio e dello Spirito Santo, insegnando loro tutto ci\u00f2 che vi ho comandato\u00bb (<i>Mt<\/i>\u00a028,19-20); e poi la promessa finale che infonde speranza e consolazione \u2013 oggi [nella riunione del mattino] abbiamo parlato della speranza \u2013: \u00abIo sono con voi tutti i giorni, fino alla fine del mondo\u00bb (v. 20). Queste parole del Risorto hanno ancora la forza di far vibrare i nostri cuori, a duemila anni di distanza. Non finisce di stupirci l\u2019insondabile decisione divina di evangelizzare il mondo a partire da quel misero gruppo di discepoli, i quali \u2013 come annota l\u2019Evangelista \u2013 erano ancora dubbiosi (cfr v. 17). Ma, a ben vedere, non diversa \u00e8 la meraviglia che ci prende se guardiamo a noi, riuniti qui oggi, ai quali il Signore ha ripetuto quelle stesse parole, quel medesimo invio! Ognuno di noi, e noi come comunit\u00e0, come Collegio.<\/p>\n<p>Fratelli, questo stupore \u00e8 una via di salvezza! Che Dio ce lo conservi sempre vivo, perch\u00e9 esso ci libera dalla tentazione di sentirci \u201call\u2019altezza\u201d, di sentirci \u201ceminentissimi\u201d, di nutrire la falsa sicurezza che oggi, in realt\u00e0, \u00e8 diverso, non \u00e8 pi\u00f9 come agli inizi, oggi la Chiesa \u00e8 grande, la Chiesa \u00e8 solida, e noi siamo posti ai gradi eminenti della sua gerarchia \u2013 ci chiamano \u201ceminenze\u201d \u2013\u2026 S\u00ec, c\u2019\u00e8 del vero in questo, ma c\u2019\u00e8 anche tanto inganno, con cui il Menzognero di sempre cerca di mondanizzare i seguaci di Cristo e renderli innocui. Questa chiamata \u00e8 sotto la tentazione della mondanit\u00e0, che passo a passo ti toglie la forza, ti toglie la speranza; ti impedisce di vedere lo sguardo di Ges\u00f9 che ci chiama per nome e ci invia. Questo \u00e8 il tarlo della mondanit\u00e0 spirituale.<\/p>\n<p><img loading=\"lazy\" decoding=\"async\" class=\"size-medium wp-image-61284 alignright\" src=\"https:\/\/exaudi.org\/wp-content\/uploads\/2022\/08\/thumbnail_sf30082022174016_00554-300x200.jpg\" alt=\"\" width=\"300\" height=\"200\" srcset=\"https:\/\/exaudi.org\/wp-content\/uploads\/2022\/08\/thumbnail_sf30082022174016_00554-300x200.jpg 300w, https:\/\/exaudi.org\/wp-content\/uploads\/2022\/08\/thumbnail_sf30082022174016_00554-1024x682.jpg 1024w, https:\/\/exaudi.org\/wp-content\/uploads\/2022\/08\/thumbnail_sf30082022174016_00554-770x513.jpg 770w, https:\/\/exaudi.org\/wp-content\/uploads\/2022\/08\/thumbnail_sf30082022174016_00554-360x240.jpg?crop=1 360w, https:\/\/exaudi.org\/wp-content\/uploads\/2022\/08\/thumbnail_sf30082022174016_00554-500x333.jpg 500w, https:\/\/exaudi.org\/wp-content\/uploads\/2022\/08\/thumbnail_sf30082022174016_00554-1155x770.jpg 1155w, https:\/\/exaudi.org\/wp-content\/uploads\/2022\/08\/thumbnail_sf30082022174016_00554-370x247.jpg 370w, https:\/\/exaudi.org\/wp-content\/uploads\/2022\/08\/thumbnail_sf30082022174016_00554-293x195.jpg 293w, https:\/\/exaudi.org\/wp-content\/uploads\/2022\/08\/thumbnail_sf30082022174016_00554-120x80.jpg 120w, https:\/\/exaudi.org\/wp-content\/uploads\/2022\/08\/thumbnail_sf30082022174016_00554-240x160.jpg 240w, https:\/\/exaudi.org\/wp-content\/uploads\/2022\/08\/thumbnail_sf30082022174016_00554-390x260.jpg 390w, https:\/\/exaudi.org\/wp-content\/uploads\/2022\/08\/thumbnail_sf30082022174016_00554.jpg 1280w\" sizes=\"auto, (max-width: 300px) 100vw, 300px\" \/>In verit\u00e0, la Parola di Dio oggi risveglia in noi\u00a0<i>lo stupore di essere nella Chiesa<\/i>, lo stupore di\u00a0<i>essere Chiesa<\/i>! Torniamo a questo stupore iniziale, battesimale! Ed \u00e8 questo che rende attraente la comunit\u00e0 dei credenti, prima per loro stessi e poi per tutti: il duplice mistero di\u00a0<i>essere benedetti in Cristo<\/i>\u00a0e di\u00a0<i>andare con Cristo nel mondo<\/i>. E tale stupore non diminuisce in noi con il passare degli anni, non viene meno con il crescere delle nostre responsabilit\u00e0 nella Chiesa. Grazie a Dio no. Si rafforza, si approfondisce. Sono certo che \u00e8 cos\u00ec anche per voi, cari fratelli che siete entrati a far parte del Collegio dei Cardinali.<\/p>\n<p>E ci d\u00e0 gioia il fatto che questo senso di riconoscenza ci accomuna tutti, tutti noi battezzati. Dobbiamo essere tanto grati al Papa San Paolo VI, che ha saputo trasmetterci questo amore per la Chiesa, un amore che \u00e8 prima di tutto riconoscenza, meraviglia grata per il suo mistero e per il dono di esservi ammessi, non solo, di esservi coinvolti, partecipi, di pi\u00f9, di esserne corresponsabili. Nel Prologo dell\u2019Enciclica\u00a0<i>Ecclesiam suam<\/i>\u00a0\u2013 quella programmatica, scritta durante il Concilio \u2013 il primo pensiero che anima il Papa \u00e8 \u2013 cito \u2013 \u00abche questa sia l\u2019ora in cui la Chiesa deve approfondire la coscienza di se stessa, [\u2026] la propria origine, la propria missione\u00bb; e fa riferimento proprio alla Lettera agli Efesini, al \u00ab\u201cpiano provvidenziale del mistero nascosto da secoli in Dio\u2026 affinch\u00e9 sia manifestato\u2026 per mezzo della Chiesa\u201d (<i>Ef<\/i>\u00a03,9-10)\u00bb.<\/p>\n<p>Questo, cari fratelli e sorelle, \u00e8 un ministro della Chiesa: uno che sa meravigliarsi davanti al disegno di Dio e che con questo spirito ama appassionatamente la Chiesa, pronto a servire la sua missione dove e come vuole lo Spirito Santo. Cos\u00ec era Paolo apostolo \u2013 lo vediamo nelle sue Lettere \u2013: lo slancio apostolico e la preoccupazione per le comunit\u00e0 in lui \u00e8 sempre accompagnato, anzi, preceduto dalla\u00a0<i>benedizione piena di grata ammirazione<\/i>: \u201cBenedetto sia Dio\u2026\u201d, e piena di stupore. E questo forse \u00e8 la misura, il termometro della nostra vita spirituale. Ripeto la domanda, caro fratello, cara sorella \u2013 siamo tutti insieme qui \u2013: come va la tua capacit\u00e0 di stupirti? O ti sei abituato, abituata tanto, che l\u2019hai persa? Sei capace di stupirti ancora?<\/p>\n<p>Che possa essere cos\u00ec anche per noi! Stupirci. Che sia cos\u00ec per ognuno di voi, cari fratelli Cardinali! Ci ottenga questa grazia l\u2019intercessione della Vergine Maria, Madre della Chiesa, che guardava e portava tutte le cose in ammirazione nel suo cuore. Cos\u00ec sia.<\/p>\n<p><strong>Ecco il Videomessaggio del Santo Padre dalla Santa Messa con i nuovi Cardinali e il Collegio Cardinalizio &#8211; Vatican News<\/strong><\/p>\n<p>&nbsp;<\/p>\n<p><iframe loading=\"lazy\" title=\"Mass with the new Cardinals Highlights 08\/30\/2022\" width=\"500\" height=\"281\" src=\"https:\/\/www.youtube.com\/embed\/3CMO2rj32gY?feature=oembed\" frameborder=\"0\" allow=\"accelerometer; autoplay; clipboard-write; encrypted-media; gyroscope; picture-in-picture; web-share\" referrerpolicy=\"strict-origin-when-cross-origin\" allowfullscreen><\/iframe><\/p>\n","protected":false},"excerpt":{"rendered":"<p>Omelia del Santo Padre<\/p>\n","protected":false},"author":17,"featured_media":61281,"comment_status":"closed","ping_status":"closed","sticky":false,"template":"","format":"standard","meta":{"_acf_changed":false,"_crdt_document":"","inline_featured_image":false,"footnotes":""},"categories":[67,113],"tags":[2056,2487,251,6449,266],"class_list":["post-61255","post","type-post","status-publish","format-standard","has-post-thumbnail","hentry","category-leone-xiv","category-omelie","tag-cardinali","tag-featured-3","tag-papa-francesco","tag-santa-messa","tag-vaticano"],"acf":[],"yoast_head":"<!-- This site is optimized with the Yoast SEO plugin v27.4 - https:\/\/yoast.com\/product\/yoast-seo-wordpress\/ -->\n<title>Il Papa ai nuovi cardinali: \u201cAnnunciare a tutti i popoli le meraviglie del Signore\u201d &#8211; Exaudi<\/title>\n<meta name=\"robots\" content=\"index, follow, max-snippet:-1, max-image-preview:large, max-video-preview:-1\" \/>\n<link rel=\"canonical\" href=\"https:\/\/exaudi.org\/it\/il-papa-ai-nuovi-cardinali-annunciare-a-tutti-i-popoli-le-meraviglie-del-signore\/\" \/>\n<meta property=\"og:locale\" content=\"it_IT\" \/>\n<meta property=\"og:type\" content=\"article\" \/>\n<meta property=\"og:title\" content=\"Il Papa ai nuovi cardinali: \u201cAnnunciare a tutti i popoli le meraviglie del Signore\u201d &#8211; Exaudi\" \/>\n<meta property=\"og:description\" content=\"Omelia del Santo Padre\" \/>\n<meta property=\"og:url\" content=\"https:\/\/exaudi.org\/it\/il-papa-ai-nuovi-cardinali-annunciare-a-tutti-i-popoli-le-meraviglie-del-signore\/\" \/>\n<meta property=\"og:site_name\" content=\"Exaudi\" \/>\n<meta property=\"article:publisher\" content=\"https:\/\/www.facebook.com\/ExaudiNews\" \/>\n<meta property=\"article:author\" content=\"https:\/\/www.facebook.com\/ExaudiNotizie\/\" \/>\n<meta property=\"article:published_time\" content=\"2022-08-30T21:08:34+00:00\" \/>\n<meta property=\"og:image\" content=\"https:\/\/exaudi.org\/wp-content\/uploads\/2022\/08\/thumbnail_mt30082022181552_00022.jpg\" \/>\n\t<meta property=\"og:image:width\" content=\"1280\" \/>\n\t<meta property=\"og:image:height\" content=\"853\" \/>\n\t<meta property=\"og:image:type\" content=\"image\/jpeg\" \/>\n<meta name=\"author\" content=\"Exaudi Redazione\" \/>\n<meta name=\"twitter:card\" content=\"summary_large_image\" \/>\n<meta name=\"twitter:creator\" content=\"@Exaudi_Notizie\" \/>\n<meta name=\"twitter:site\" content=\"@Exaudi_News\" \/>\n<meta name=\"twitter:label1\" content=\"Scritto da\" \/>\n\t<meta name=\"twitter:data1\" content=\"Exaudi Redazione\" \/>\n\t<meta name=\"twitter:label2\" content=\"Tempo di lettura stimato\" \/>\n\t<meta name=\"twitter:data2\" content=\"7 minuti\" \/>\n<script type=\"application\/ld+json\" class=\"yoast-schema-graph\">{\"@context\":\"https:\\\/\\\/schema.org\",\"@graph\":[{\"@type\":\"Article\",\"@id\":\"https:\\\/\\\/exaudi.org\\\/it\\\/il-papa-ai-nuovi-cardinali-annunciare-a-tutti-i-popoli-le-meraviglie-del-signore\\\/#article\",\"isPartOf\":{\"@id\":\"https:\\\/\\\/exaudi.org\\\/it\\\/il-papa-ai-nuovi-cardinali-annunciare-a-tutti-i-popoli-le-meraviglie-del-signore\\\/\"},\"author\":{\"name\":\"Exaudi Redazione\",\"@id\":\"https:\\\/\\\/exaudi.org\\\/#\\\/schema\\\/person\\\/e1ab6ed07c01774724dd96f925f3a5f0\"},\"headline\":\"Il Papa ai nuovi cardinali: \u201cAnnunciare a tutti i popoli le meraviglie del Signore\u201d\",\"datePublished\":\"2022-08-30T21:08:34+00:00\",\"mainEntityOfPage\":{\"@id\":\"https:\\\/\\\/exaudi.org\\\/it\\\/il-papa-ai-nuovi-cardinali-annunciare-a-tutti-i-popoli-le-meraviglie-del-signore\\\/\"},\"wordCount\":1262,\"image\":{\"@id\":\"https:\\\/\\\/exaudi.org\\\/it\\\/il-papa-ai-nuovi-cardinali-annunciare-a-tutti-i-popoli-le-meraviglie-del-signore\\\/#primaryimage\"},\"thumbnailUrl\":\"https:\\\/\\\/exaudi.org\\\/wp-content\\\/uploads\\\/2022\\\/08\\\/thumbnail_mt30082022181552_00022.jpg\",\"keywords\":[\"cardinali\",\"Featured\",\"Papa Francesco\",\"Santa Messa\",\"Vaticano\"],\"articleSection\":[\"Leone XIV\",\"Omelie\"],\"inLanguage\":\"it-IT\"},{\"@type\":\"WebPage\",\"@id\":\"https:\\\/\\\/exaudi.org\\\/it\\\/il-papa-ai-nuovi-cardinali-annunciare-a-tutti-i-popoli-le-meraviglie-del-signore\\\/\",\"url\":\"https:\\\/\\\/exaudi.org\\\/it\\\/il-papa-ai-nuovi-cardinali-annunciare-a-tutti-i-popoli-le-meraviglie-del-signore\\\/\",\"name\":\"Il Papa ai nuovi cardinali: \u201cAnnunciare a tutti i popoli le meraviglie del Signore\u201d &#8211; Exaudi\",\"isPartOf\":{\"@id\":\"https:\\\/\\\/exaudi.org\\\/#website\"},\"primaryImageOfPage\":{\"@id\":\"https:\\\/\\\/exaudi.org\\\/it\\\/il-papa-ai-nuovi-cardinali-annunciare-a-tutti-i-popoli-le-meraviglie-del-signore\\\/#primaryimage\"},\"image\":{\"@id\":\"https:\\\/\\\/exaudi.org\\\/it\\\/il-papa-ai-nuovi-cardinali-annunciare-a-tutti-i-popoli-le-meraviglie-del-signore\\\/#primaryimage\"},\"thumbnailUrl\":\"https:\\\/\\\/exaudi.org\\\/wp-content\\\/uploads\\\/2022\\\/08\\\/thumbnail_mt30082022181552_00022.jpg\",\"datePublished\":\"2022-08-30T21:08:34+00:00\",\"author\":{\"@id\":\"https:\\\/\\\/exaudi.org\\\/#\\\/schema\\\/person\\\/e1ab6ed07c01774724dd96f925f3a5f0\"},\"breadcrumb\":{\"@id\":\"https:\\\/\\\/exaudi.org\\\/it\\\/il-papa-ai-nuovi-cardinali-annunciare-a-tutti-i-popoli-le-meraviglie-del-signore\\\/#breadcrumb\"},\"inLanguage\":\"it-IT\",\"potentialAction\":[{\"@type\":\"ReadAction\",\"target\":[\"https:\\\/\\\/exaudi.org\\\/it\\\/il-papa-ai-nuovi-cardinali-annunciare-a-tutti-i-popoli-le-meraviglie-del-signore\\\/\"]}]},{\"@type\":\"ImageObject\",\"inLanguage\":\"it-IT\",\"@id\":\"https:\\\/\\\/exaudi.org\\\/it\\\/il-papa-ai-nuovi-cardinali-annunciare-a-tutti-i-popoli-le-meraviglie-del-signore\\\/#primaryimage\",\"url\":\"https:\\\/\\\/exaudi.org\\\/wp-content\\\/uploads\\\/2022\\\/08\\\/thumbnail_mt30082022181552_00022.jpg\",\"contentUrl\":\"https:\\\/\\\/exaudi.org\\\/wp-content\\\/uploads\\\/2022\\\/08\\\/thumbnail_mt30082022181552_00022.jpg\",\"width\":1280,\"height\":853,\"caption\":\"\u00a9 Vatican Media\"},{\"@type\":\"BreadcrumbList\",\"@id\":\"https:\\\/\\\/exaudi.org\\\/it\\\/il-papa-ai-nuovi-cardinali-annunciare-a-tutti-i-popoli-le-meraviglie-del-signore\\\/#breadcrumb\",\"itemListElement\":[{\"@type\":\"ListItem\",\"position\":1,\"name\":\"Portada\",\"item\":\"https:\\\/\\\/exaudi.org\\\/it\\\/\"},{\"@type\":\"ListItem\",\"position\":2,\"name\":\"Il Papa ai nuovi cardinali: \u201cAnnunciare a tutti i popoli le meraviglie del Signore\u201d\"}]},{\"@type\":\"WebSite\",\"@id\":\"https:\\\/\\\/exaudi.org\\\/#website\",\"url\":\"https:\\\/\\\/exaudi.org\\\/\",\"name\":\"Exaudi\",\"description\":\"News\",\"potentialAction\":[{\"@type\":\"SearchAction\",\"target\":{\"@type\":\"EntryPoint\",\"urlTemplate\":\"https:\\\/\\\/exaudi.org\\\/?s={search_term_string}\"},\"query-input\":{\"@type\":\"PropertyValueSpecification\",\"valueRequired\":true,\"valueName\":\"search_term_string\"}}],\"inLanguage\":\"it-IT\"},{\"@type\":\"Person\",\"@id\":\"https:\\\/\\\/exaudi.org\\\/#\\\/schema\\\/person\\\/e1ab6ed07c01774724dd96f925f3a5f0\",\"name\":\"Exaudi Redazione\",\"image\":{\"@type\":\"ImageObject\",\"inLanguage\":\"it-IT\",\"@id\":\"https:\\\/\\\/secure.gravatar.com\\\/avatar\\\/ad6774b3ada023bf5b939d64f45c94b3adf91502dd883507d469b4308a943bb3?s=96&d=mm&r=g\",\"url\":\"https:\\\/\\\/secure.gravatar.com\\\/avatar\\\/ad6774b3ada023bf5b939d64f45c94b3adf91502dd883507d469b4308a943bb3?s=96&d=mm&r=g\",\"contentUrl\":\"https:\\\/\\\/secure.gravatar.com\\\/avatar\\\/ad6774b3ada023bf5b939d64f45c94b3adf91502dd883507d469b4308a943bb3?s=96&d=mm&r=g\",\"caption\":\"Exaudi Redazione\"},\"description\":\"Che cosa \u00e8 Exaudi News? Exaudi News \u00e8 un agenzia cattolica internazionale che informa, istruisce e trasforma quotidianamente in spagnolo, inglese e italiano. Attraverso notizie, articoli di analisi e trasmissioni in diretta degli eventi del Papa, Exaudi cerca di rafforzare l'unit\u00e0 dei cristiani e di contribuire all'evangelizzazione del mondo, sempre guidato dalla dottrina sociale della Chiesa. Lavoriamo per portare la verit\u00e0 e i valori cristiani in ogni angolo del pianeta. Aiutaci a trasformare il mondo con Exaudi! Noi di Exaudi crediamo che l'evangelizzazione e l'informazione di qualit\u00e0 possano cambiare la vita. Per continuare la nostra missione ed espandere la nostra portata, abbiamo bisogno del tuo aiuto. Stiamo anche cercando persone motivate che vogliano unirsi al nostro team. Grazie al vostro sostegno raggiungeremo pi\u00f9 persone, diffonderemo il messaggio di Cristo e rafforzeremo l'unit\u00e0 dei cristiani. Vuoi unirti alla nostra missione? Per maggiori informazioni su come contribuire, visita Exaudi.org\\\/it o contattaci direttamente: info@exaudi.org Exaudi: informa, forma e trasforma.\",\"sameAs\":[\"https:\\\/\\\/www.facebook.com\\\/ExaudiNotizie\\\/\",\"https:\\\/\\\/www.instagram.com\\\/Exaudi_notizie\\\/\",\"https:\\\/\\\/x.com\\\/Exaudi_Notizie\",\"https:\\\/\\\/www.youtube.com\\\/@exaudicatholicnews\"],\"url\":\"https:\\\/\\\/exaudi.org\\\/it\\\/author\\\/dlvedi-org\\\/\"}]}<\/script>\n<!-- \/ Yoast SEO plugin. -->","yoast_head_json":{"title":"Il Papa ai nuovi cardinali: \u201cAnnunciare a tutti i popoli le meraviglie del Signore\u201d &#8211; Exaudi","robots":{"index":"index","follow":"follow","max-snippet":"max-snippet:-1","max-image-preview":"max-image-preview:large","max-video-preview":"max-video-preview:-1"},"canonical":"https:\/\/exaudi.org\/it\/il-papa-ai-nuovi-cardinali-annunciare-a-tutti-i-popoli-le-meraviglie-del-signore\/","og_locale":"it_IT","og_type":"article","og_title":"Il Papa ai nuovi cardinali: \u201cAnnunciare a tutti i popoli le meraviglie del Signore\u201d &#8211; Exaudi","og_description":"Omelia del Santo Padre","og_url":"https:\/\/exaudi.org\/it\/il-papa-ai-nuovi-cardinali-annunciare-a-tutti-i-popoli-le-meraviglie-del-signore\/","og_site_name":"Exaudi","article_publisher":"https:\/\/www.facebook.com\/ExaudiNews","article_author":"https:\/\/www.facebook.com\/ExaudiNotizie\/","article_published_time":"2022-08-30T21:08:34+00:00","og_image":[{"width":1280,"height":853,"url":"https:\/\/exaudi.org\/wp-content\/uploads\/2022\/08\/thumbnail_mt30082022181552_00022.jpg","type":"image\/jpeg"}],"author":"Exaudi Redazione","twitter_card":"summary_large_image","twitter_creator":"@Exaudi_Notizie","twitter_site":"@Exaudi_News","twitter_misc":{"Scritto da":"Exaudi Redazione","Tempo di lettura stimato":"7 minuti"},"schema":{"@context":"https:\/\/schema.org","@graph":[{"@type":"Article","@id":"https:\/\/exaudi.org\/it\/il-papa-ai-nuovi-cardinali-annunciare-a-tutti-i-popoli-le-meraviglie-del-signore\/#article","isPartOf":{"@id":"https:\/\/exaudi.org\/it\/il-papa-ai-nuovi-cardinali-annunciare-a-tutti-i-popoli-le-meraviglie-del-signore\/"},"author":{"name":"Exaudi Redazione","@id":"https:\/\/exaudi.org\/#\/schema\/person\/e1ab6ed07c01774724dd96f925f3a5f0"},"headline":"Il Papa ai nuovi cardinali: \u201cAnnunciare a tutti i popoli le meraviglie del Signore\u201d","datePublished":"2022-08-30T21:08:34+00:00","mainEntityOfPage":{"@id":"https:\/\/exaudi.org\/it\/il-papa-ai-nuovi-cardinali-annunciare-a-tutti-i-popoli-le-meraviglie-del-signore\/"},"wordCount":1262,"image":{"@id":"https:\/\/exaudi.org\/it\/il-papa-ai-nuovi-cardinali-annunciare-a-tutti-i-popoli-le-meraviglie-del-signore\/#primaryimage"},"thumbnailUrl":"https:\/\/exaudi.org\/wp-content\/uploads\/2022\/08\/thumbnail_mt30082022181552_00022.jpg","keywords":["cardinali","Featured","Papa Francesco","Santa Messa","Vaticano"],"articleSection":["Leone XIV","Omelie"],"inLanguage":"it-IT"},{"@type":"WebPage","@id":"https:\/\/exaudi.org\/it\/il-papa-ai-nuovi-cardinali-annunciare-a-tutti-i-popoli-le-meraviglie-del-signore\/","url":"https:\/\/exaudi.org\/it\/il-papa-ai-nuovi-cardinali-annunciare-a-tutti-i-popoli-le-meraviglie-del-signore\/","name":"Il Papa ai nuovi cardinali: \u201cAnnunciare a tutti i popoli le meraviglie del Signore\u201d &#8211; Exaudi","isPartOf":{"@id":"https:\/\/exaudi.org\/#website"},"primaryImageOfPage":{"@id":"https:\/\/exaudi.org\/it\/il-papa-ai-nuovi-cardinali-annunciare-a-tutti-i-popoli-le-meraviglie-del-signore\/#primaryimage"},"image":{"@id":"https:\/\/exaudi.org\/it\/il-papa-ai-nuovi-cardinali-annunciare-a-tutti-i-popoli-le-meraviglie-del-signore\/#primaryimage"},"thumbnailUrl":"https:\/\/exaudi.org\/wp-content\/uploads\/2022\/08\/thumbnail_mt30082022181552_00022.jpg","datePublished":"2022-08-30T21:08:34+00:00","author":{"@id":"https:\/\/exaudi.org\/#\/schema\/person\/e1ab6ed07c01774724dd96f925f3a5f0"},"breadcrumb":{"@id":"https:\/\/exaudi.org\/it\/il-papa-ai-nuovi-cardinali-annunciare-a-tutti-i-popoli-le-meraviglie-del-signore\/#breadcrumb"},"inLanguage":"it-IT","potentialAction":[{"@type":"ReadAction","target":["https:\/\/exaudi.org\/it\/il-papa-ai-nuovi-cardinali-annunciare-a-tutti-i-popoli-le-meraviglie-del-signore\/"]}]},{"@type":"ImageObject","inLanguage":"it-IT","@id":"https:\/\/exaudi.org\/it\/il-papa-ai-nuovi-cardinali-annunciare-a-tutti-i-popoli-le-meraviglie-del-signore\/#primaryimage","url":"https:\/\/exaudi.org\/wp-content\/uploads\/2022\/08\/thumbnail_mt30082022181552_00022.jpg","contentUrl":"https:\/\/exaudi.org\/wp-content\/uploads\/2022\/08\/thumbnail_mt30082022181552_00022.jpg","width":1280,"height":853,"caption":"\u00a9 Vatican Media"},{"@type":"BreadcrumbList","@id":"https:\/\/exaudi.org\/it\/il-papa-ai-nuovi-cardinali-annunciare-a-tutti-i-popoli-le-meraviglie-del-signore\/#breadcrumb","itemListElement":[{"@type":"ListItem","position":1,"name":"Portada","item":"https:\/\/exaudi.org\/it\/"},{"@type":"ListItem","position":2,"name":"Il Papa ai nuovi cardinali: \u201cAnnunciare a tutti i popoli le meraviglie del Signore\u201d"}]},{"@type":"WebSite","@id":"https:\/\/exaudi.org\/#website","url":"https:\/\/exaudi.org\/","name":"Exaudi","description":"News","potentialAction":[{"@type":"SearchAction","target":{"@type":"EntryPoint","urlTemplate":"https:\/\/exaudi.org\/?s={search_term_string}"},"query-input":{"@type":"PropertyValueSpecification","valueRequired":true,"valueName":"search_term_string"}}],"inLanguage":"it-IT"},{"@type":"Person","@id":"https:\/\/exaudi.org\/#\/schema\/person\/e1ab6ed07c01774724dd96f925f3a5f0","name":"Exaudi Redazione","image":{"@type":"ImageObject","inLanguage":"it-IT","@id":"https:\/\/secure.gravatar.com\/avatar\/ad6774b3ada023bf5b939d64f45c94b3adf91502dd883507d469b4308a943bb3?s=96&d=mm&r=g","url":"https:\/\/secure.gravatar.com\/avatar\/ad6774b3ada023bf5b939d64f45c94b3adf91502dd883507d469b4308a943bb3?s=96&d=mm&r=g","contentUrl":"https:\/\/secure.gravatar.com\/avatar\/ad6774b3ada023bf5b939d64f45c94b3adf91502dd883507d469b4308a943bb3?s=96&d=mm&r=g","caption":"Exaudi Redazione"},"description":"Che cosa \u00e8 Exaudi News? Exaudi News \u00e8 un agenzia cattolica internazionale che informa, istruisce e trasforma quotidianamente in spagnolo, inglese e italiano. Attraverso notizie, articoli di analisi e trasmissioni in diretta degli eventi del Papa, Exaudi cerca di rafforzare l'unit\u00e0 dei cristiani e di contribuire all'evangelizzazione del mondo, sempre guidato dalla dottrina sociale della Chiesa. Lavoriamo per portare la verit\u00e0 e i valori cristiani in ogni angolo del pianeta. Aiutaci a trasformare il mondo con Exaudi! Noi di Exaudi crediamo che l'evangelizzazione e l'informazione di qualit\u00e0 possano cambiare la vita. Per continuare la nostra missione ed espandere la nostra portata, abbiamo bisogno del tuo aiuto. Stiamo anche cercando persone motivate che vogliano unirsi al nostro team. Grazie al vostro sostegno raggiungeremo pi\u00f9 persone, diffonderemo il messaggio di Cristo e rafforzeremo l'unit\u00e0 dei cristiani. Vuoi unirti alla nostra missione? Per maggiori informazioni su come contribuire, visita Exaudi.org\/it o contattaci direttamente: info@exaudi.org Exaudi: informa, forma e trasforma.","sameAs":["https:\/\/www.facebook.com\/ExaudiNotizie\/","https:\/\/www.instagram.com\/Exaudi_notizie\/","https:\/\/x.com\/Exaudi_Notizie","https:\/\/www.youtube.com\/@exaudicatholicnews"],"url":"https:\/\/exaudi.org\/it\/author\/dlvedi-org\/"}]}},"jetpack_featured_media_url":"https:\/\/exaudi.org\/wp-content\/uploads\/2022\/08\/thumbnail_mt30082022181552_00022.jpg","jetpack_shortlink":"https:\/\/wp.me\/pgKjF2-fVZ","_links":{"self":[{"href":"https:\/\/exaudi.org\/it\/wp-json\/wp\/v2\/posts\/61255","targetHints":{"allow":["GET"]}}],"collection":[{"href":"https:\/\/exaudi.org\/it\/wp-json\/wp\/v2\/posts"}],"about":[{"href":"https:\/\/exaudi.org\/it\/wp-json\/wp\/v2\/types\/post"}],"author":[{"embeddable":true,"href":"https:\/\/exaudi.org\/it\/wp-json\/wp\/v2\/users\/17"}],"replies":[{"embeddable":true,"href":"https:\/\/exaudi.org\/it\/wp-json\/wp\/v2\/comments?post=61255"}],"version-history":[{"count":0,"href":"https:\/\/exaudi.org\/it\/wp-json\/wp\/v2\/posts\/61255\/revisions"}],"wp:featuredmedia":[{"embeddable":true,"href":"https:\/\/exaudi.org\/it\/wp-json\/wp\/v2\/media\/61281"}],"wp:attachment":[{"href":"https:\/\/exaudi.org\/it\/wp-json\/wp\/v2\/media?parent=61255"}],"wp:term":[{"taxonomy":"category","embeddable":true,"href":"https:\/\/exaudi.org\/it\/wp-json\/wp\/v2\/categories?post=61255"},{"taxonomy":"post_tag","embeddable":true,"href":"https:\/\/exaudi.org\/it\/wp-json\/wp\/v2\/tags?post=61255"}],"curies":[{"name":"wp","href":"https:\/\/api.w.org\/{rel}","templated":true}]}}