{"id":61179,"date":"2022-08-28T17:24:42","date_gmt":"2022-08-28T15:24:42","guid":{"rendered":"https:\/\/exaudi.org\/?p=61179"},"modified":"2022-08-28T17:34:30","modified_gmt":"2022-08-28T15:34:30","slug":"il-papa-a-laquilaai-tuoi-fedeli-signore-la-vita-non-e-tolta-ma-trasformata","status":"publish","type":"post","link":"https:\/\/exaudi.org\/it\/il-papa-a-laquilaai-tuoi-fedeli-signore-la-vita-non-e-tolta-ma-trasformata\/","title":{"rendered":"Il Papa a L&#8217;Aquila:\u201cAi tuoi fedeli, Signore, la vita non \u00e8 tolta ma trasformata\u201d"},"content":{"rendered":"<p>Alle ore 7.50 di questa mattina, il Santo Padre Francesco \u00e8 partito dall\u2019eliporto vaticano per recarsi a L\u2019Aquila.<\/p>\n<p>Al Suo arrivo, alle ore 8.25 circa presso lo Stadio Gran Sasso, in forma privata, il Papa si trasferisce in auto a Piazza Duomo dove \u00e8 accolto dall\u2019Em.mo Cardinale Giuseppe Petrocchi, Arcivescovo Metropolita di L\u2019Aquila; dal Dott. Marco Marsilio, Presidente della Regione Abruzzo;<br \/>\ndalla Dott.ssa Cinzia Teresa Torraco e dal Dott. Pierluigi Biondi, rispettivamente il Prefetto e il Sindaco di L\u2019Aquila.<\/p>\n<p>Accompagnato dal Card. Petrocchi, il Santo Padre entra in Duomo per una visita privata.\u00a0 Quindi, alle ore 9.15, sul sagrato del Duomo, Papa Francesco incontra i familiari delle vittime del terremoto del 6 aprile del 2009, le Autorit\u00e0 e i cittadini presenti e rivolge loro un saluto.<\/p>\n<p>Al termine, il Santo Padre si congeda e si trasferisce in auto alla Basilica di Santa Maria in Collemaggio per la celebrazione della Santa Messa, la recita della preghiera dell\u2019Angelus e il rito dell\u2019apertura della Porta Santa.<\/p>\n<p>Pubblichiamo di seguito il saluto che il Santo Padre rivolge ai presenti all\u2019incontro in Piazza\u00a0Duomo:<\/p>\n<p><strong>Saluto del Santo Padre<\/strong><\/p>\n<p><i>Cari fratelli e sorelle, buongiorno, buona domenica!<\/i><\/p>\n<p><img loading=\"lazy\" decoding=\"async\" class=\"size-medium wp-image-61180 alignright\" src=\"https:\/\/exaudi.org\/wp-content\/uploads\/2022\/08\/thumbnail__RIP2651-300x200.jpg\" alt=\"\" width=\"300\" height=\"200\" srcset=\"https:\/\/exaudi.org\/wp-content\/uploads\/2022\/08\/thumbnail__RIP2651-300x200.jpg 300w, https:\/\/exaudi.org\/wp-content\/uploads\/2022\/08\/thumbnail__RIP2651-1024x682.jpg 1024w, https:\/\/exaudi.org\/wp-content\/uploads\/2022\/08\/thumbnail__RIP2651-770x513.jpg 770w, https:\/\/exaudi.org\/wp-content\/uploads\/2022\/08\/thumbnail__RIP2651-360x240.jpg?crop=1 360w, https:\/\/exaudi.org\/wp-content\/uploads\/2022\/08\/thumbnail__RIP2651-500x333.jpg 500w, https:\/\/exaudi.org\/wp-content\/uploads\/2022\/08\/thumbnail__RIP2651-1155x770.jpg 1155w, https:\/\/exaudi.org\/wp-content\/uploads\/2022\/08\/thumbnail__RIP2651-370x247.jpg 370w, https:\/\/exaudi.org\/wp-content\/uploads\/2022\/08\/thumbnail__RIP2651-293x195.jpg 293w, https:\/\/exaudi.org\/wp-content\/uploads\/2022\/08\/thumbnail__RIP2651-120x80.jpg 120w, https:\/\/exaudi.org\/wp-content\/uploads\/2022\/08\/thumbnail__RIP2651-240x160.jpg 240w, https:\/\/exaudi.org\/wp-content\/uploads\/2022\/08\/thumbnail__RIP2651-390x260.jpg 390w, https:\/\/exaudi.org\/wp-content\/uploads\/2022\/08\/thumbnail__RIP2651.jpg 1280w\" sizes=\"auto, (max-width: 300px) 100vw, 300px\" \/>Sono contento di trovarmi tra voi, e ringrazio il Cardinale Arcivescovo per il saluto che mi ha rivolto a nome di tutti. Insieme con voi qui presenti abbraccio con affetto tutta la citt\u00e0 e la diocesi dell\u2019Aquila. Ringrazio per la vostra presenza, anche delle autorit\u00e0, dei carcerati, dei bambini, di tutti: il popolo di Dio.<\/p>\n<p>In questo momento di incontro con voi, in particolare con i parenti delle vittime del terremoto, voglio esprimere la mia vicinanza alle loro famiglie e all\u2019intera vostra comunit\u00e0, che con grande dignit\u00e0 ha affrontato le conseguenze di quel tragico evento.<\/p>\n<p>Anzitutto vi ringrazio per la vostra testimonianza di fede: pur nel dolore e nello smarrimento, che appartengono alla nostra fede di pellegrini, avete fissato lo sguardo in Cristo, crocifisso e risorto, che con il suo amore ha riscattato dal non-senso il dolore e la morte. E penso a uno di voi, che mi ha scritto tempo fa, e mi diceva che aveva perso i suoi due unici figli adolescenti. E come questo tanti, tanti. Ges\u00f9 vi ha rimessi tra le braccia del Padre, che non lascia cadere invano nemmeno una lacrima, nemmeno una!, ma tutte le raccoglie nel suo cuore misericordioso.<\/p>\n<p>In quel cuore sono scritti i nomi dei vostri cari, che sono passati dal tempo all\u2019eternit\u00e0. La comunione con loro \u00e8 pi\u00f9 viva che mai. La morte non pu\u00f2 spezzare l\u2019amore, ce lo ricordo la liturgia dei defunti: \u201cAi tuoi fedeli, Signore, la vita non \u00e8 tolta ma trasformata\u201d (Prefazio I). Ma il dolore c\u2019\u00e8, e le belle parole aiutano, ma il dolore rimane. E con le parole non se ne va il dolore. Soltanto la vicinanza, l\u2019amicizia, l\u2019affetto: camminare insieme, aiutarci come fratelli e andare avanti. O siamo un popolo di Dio o non si risolvono i problemi dolorosi, come questo.<\/p>\n<p>Mi congratulo con voi per la cura con cui avete realizzato la Cappella della Memoria. La memoria \u00e8 la forza di un popolo, e quando questa memoria \u00e8 illuminata dalla fede, quel popolo non rimane prigioniero del passato, ma cammina e cammina nel presente rivolto al futuro, sempre rimanendo attaccato alle radici e facendo tesoro delle esperienze passate, buone e cattive. E con questo tesoro e queste esperienze va avanti! Voi, gente aquilana, avete dimostrato un carattere resiliente. Radicato nella vostra tradizione cristiana e civica, ha consentito di reggere l\u2019urto del sisma e di avviare subito il lavoro coraggioso e paziente della ricostruzione.<\/p>\n<p><img loading=\"lazy\" decoding=\"async\" class=\"size-medium wp-image-61183 alignleft\" src=\"https:\/\/exaudi.org\/wp-content\/uploads\/2022\/08\/thumbnail__DSC3770-300x200.jpg\" alt=\"\" width=\"300\" height=\"200\" srcset=\"https:\/\/exaudi.org\/wp-content\/uploads\/2022\/08\/thumbnail__DSC3770-300x200.jpg 300w, https:\/\/exaudi.org\/wp-content\/uploads\/2022\/08\/thumbnail__DSC3770-1024x682.jpg 1024w, https:\/\/exaudi.org\/wp-content\/uploads\/2022\/08\/thumbnail__DSC3770-770x513.jpg 770w, https:\/\/exaudi.org\/wp-content\/uploads\/2022\/08\/thumbnail__DSC3770-360x240.jpg?crop=1 360w, https:\/\/exaudi.org\/wp-content\/uploads\/2022\/08\/thumbnail__DSC3770-500x333.jpg 500w, https:\/\/exaudi.org\/wp-content\/uploads\/2022\/08\/thumbnail__DSC3770-1155x770.jpg 1155w, https:\/\/exaudi.org\/wp-content\/uploads\/2022\/08\/thumbnail__DSC3770-370x247.jpg 370w, https:\/\/exaudi.org\/wp-content\/uploads\/2022\/08\/thumbnail__DSC3770-293x195.jpg 293w, https:\/\/exaudi.org\/wp-content\/uploads\/2022\/08\/thumbnail__DSC3770-120x80.jpg 120w, https:\/\/exaudi.org\/wp-content\/uploads\/2022\/08\/thumbnail__DSC3770-240x160.jpg 240w, https:\/\/exaudi.org\/wp-content\/uploads\/2022\/08\/thumbnail__DSC3770-390x260.jpg 390w, https:\/\/exaudi.org\/wp-content\/uploads\/2022\/08\/thumbnail__DSC3770.jpg 1280w\" sizes=\"auto, (max-width: 300px) 100vw, 300px\" \/>C\u2019era tutto da ricostruire: le case, le scuole, le chiese. Ma, voi lo sapete bene, questo si fa insieme alla ricostruzione spirituale, culturale e sociale della comunit\u00e0 civica e di quella ecclesiale.<\/p>\n<p>La rinascita personale e collettiva, dopo una tragedia, \u00e8 dono della Grazia ed \u00e8 anche frutto dell\u2019impegno di ciascuno e di tutti\u00a0<i>insieme<\/i>. Sottolineo quell\u2019\u201cinsieme\u201d: non a piccoli gruppetti, no, insieme, tutti insieme. \u00c8 fondamentale attivare e rafforzare la collaborazione organica, in sinergia, delle istituzioni e degli organismi associativi: una concordia laboriosa, un impegno lungimirante, perch\u00e9 stiamo lavorando per i figli, per i nipoti, per il futuro.<\/p>\n<p>Nell\u2019opera di ricostruzione, le chiese meritano un\u2019attenzione particolare. Sono patrimonio della comunit\u00e0, non solo in senso storico e culturale, anche in senso identitario. Quelle pietre sono impregnate della fede e dei valori del popolo; e i templi sono anche luoghi propulsivi della sua vita, della sua speranza.<\/p>\n<p>E a proposito di speranza, voglio salutare e ringraziare la delegazione del mondo carcerario abruzzese, qui presente. Anche in voi saluto un segno di speranza, perch\u00e9 anche nelle carceri ci sono tante, troppe vittime. Oggi qui siete segno di speranza nella ricostruzione umana e sociale.<\/p>\n<p>A tutti rinnovo il mio saluto, benedico di cuore voi, le vostre famiglie e l\u2019intera cittadinanza.\u00a0<i>Jemonnanzi!<\/i><\/p>\n","protected":false},"excerpt":{"rendered":"<p>Saluto ai familiari delle vittime, alle autorit\u00e0 e ai fedeli in Piazza Duomo<\/p>\n","protected":false},"author":17,"featured_media":61168,"comment_status":"closed","ping_status":"closed","sticky":false,"template":"","format":"standard","meta":{"_acf_changed":false,"_crdt_document":"","inline_featured_image":false,"footnotes":""},"categories":[115,67],"tags":[1935,251,6825,4952],"class_list":["post-61179","post","type-post","status-publish","format-standard","has-post-thumbnail","hentry","category-incontri","category-leone-xiv","tag-laquila","tag-papa-francesco","tag-saluto","tag-trending-it"],"acf":[],"yoast_head":"<!-- This site is optimized with the Yoast SEO plugin v27.5 - https:\/\/yoast.com\/product\/yoast-seo-wordpress\/ -->\n<title>Il Papa a L&#039;Aquila:\u201cAi tuoi fedeli, Signore, la vita non \u00e8 tolta ma trasformata\u201d &#8211; Exaudi<\/title>\n<meta name=\"robots\" content=\"index, follow, max-snippet:-1, max-image-preview:large, max-video-preview:-1\" \/>\n<link rel=\"canonical\" href=\"https:\/\/exaudi.org\/it\/the-pope-in-laquila-indeed-for-your-faithful-lord-life-is-changed-not-ended\/\" \/>\n<meta property=\"og:locale\" content=\"it_IT\" \/>\n<meta property=\"og:type\" content=\"article\" \/>\n<meta property=\"og:title\" content=\"Il Papa a L&#039;Aquila:\u201cAi tuoi fedeli, Signore, la vita non \u00e8 tolta ma trasformata\u201d &#8211; Exaudi\" \/>\n<meta property=\"og:description\" content=\"Saluto ai familiari delle vittime, alle autorit\u00e0 e ai fedeli in Piazza Duomo\" \/>\n<meta property=\"og:url\" content=\"https:\/\/exaudi.org\/the-pope-in-laquila-indeed-for-your-faithful-lord-life-is-changed-not-ended\/\" \/>\n<meta property=\"og:site_name\" content=\"Exaudi\" \/>\n<meta property=\"article:publisher\" content=\"https:\/\/www.facebook.com\/ExaudiNews\" \/>\n<meta property=\"article:author\" content=\"https:\/\/www.facebook.com\/ExaudiNotizie\/\" \/>\n<meta property=\"article:published_time\" content=\"2022-08-28T15:24:42+00:00\" \/>\n<meta property=\"article:modified_time\" content=\"2022-08-28T15:34:30+00:00\" \/>\n<meta property=\"og:image\" content=\"https:\/\/exaudi.org\/wp-content\/uploads\/2022\/08\/lAquila-scaled.jpg\" \/>\n\t<meta property=\"og:image:width\" content=\"2560\" \/>\n\t<meta property=\"og:image:height\" content=\"1707\" \/>\n\t<meta property=\"og:image:type\" content=\"image\/jpeg\" \/>\n<meta name=\"author\" content=\"Exaudi Redazione\" \/>\n<meta name=\"twitter:card\" content=\"summary_large_image\" \/>\n<meta name=\"twitter:creator\" content=\"@Exaudi_Notizie\" \/>\n<meta name=\"twitter:site\" content=\"@Exaudi_News\" \/>\n<meta name=\"twitter:label1\" content=\"Scritto da\" \/>\n\t<meta name=\"twitter:data1\" content=\"Exaudi Redazione\" \/>\n\t<meta name=\"twitter:label2\" content=\"Tempo di lettura stimato\" \/>\n\t<meta name=\"twitter:data2\" content=\"4 minuti\" \/>\n<script type=\"application\/ld+json\" class=\"yoast-schema-graph\">{\"@context\":\"https:\\\/\\\/schema.org\",\"@graph\":[{\"@type\":\"Article\",\"@id\":\"https:\\\/\\\/exaudi.org\\\/the-pope-in-laquila-indeed-for-your-faithful-lord-life-is-changed-not-ended\\\/#article\",\"isPartOf\":{\"@id\":\"https:\\\/\\\/exaudi.org\\\/the-pope-in-laquila-indeed-for-your-faithful-lord-life-is-changed-not-ended\\\/\"},\"author\":{\"name\":\"Exaudi Redazione\",\"@id\":\"https:\\\/\\\/exaudi.org\\\/#\\\/schema\\\/person\\\/e1ab6ed07c01774724dd96f925f3a5f0\"},\"headline\":\"Il Papa a L&#8217;Aquila:\u201cAi tuoi fedeli, Signore, la vita non \u00e8 tolta ma trasformata\u201d\",\"datePublished\":\"2022-08-28T15:24:42+00:00\",\"dateModified\":\"2022-08-28T15:34:30+00:00\",\"mainEntityOfPage\":{\"@id\":\"https:\\\/\\\/exaudi.org\\\/the-pope-in-laquila-indeed-for-your-faithful-lord-life-is-changed-not-ended\\\/\"},\"wordCount\":823,\"image\":{\"@id\":\"https:\\\/\\\/exaudi.org\\\/the-pope-in-laquila-indeed-for-your-faithful-lord-life-is-changed-not-ended\\\/#primaryimage\"},\"thumbnailUrl\":\"https:\\\/\\\/exaudi.org\\\/wp-content\\\/uploads\\\/2022\\\/08\\\/lAquila-scaled.jpg\",\"keywords\":[\"L'Aquila\",\"Papa Francesco\",\"Saluto\",\"Trending\"],\"articleSection\":[\"Incontri\",\"Leone XIV\"],\"inLanguage\":\"it-IT\"},{\"@type\":\"WebPage\",\"@id\":\"https:\\\/\\\/exaudi.org\\\/the-pope-in-laquila-indeed-for-your-faithful-lord-life-is-changed-not-ended\\\/\",\"url\":\"https:\\\/\\\/exaudi.org\\\/the-pope-in-laquila-indeed-for-your-faithful-lord-life-is-changed-not-ended\\\/\",\"name\":\"Il Papa a L'Aquila:\u201cAi tuoi fedeli, Signore, la vita non \u00e8 tolta ma trasformata\u201d &#8211; Exaudi\",\"isPartOf\":{\"@id\":\"https:\\\/\\\/exaudi.org\\\/#website\"},\"primaryImageOfPage\":{\"@id\":\"https:\\\/\\\/exaudi.org\\\/the-pope-in-laquila-indeed-for-your-faithful-lord-life-is-changed-not-ended\\\/#primaryimage\"},\"image\":{\"@id\":\"https:\\\/\\\/exaudi.org\\\/the-pope-in-laquila-indeed-for-your-faithful-lord-life-is-changed-not-ended\\\/#primaryimage\"},\"thumbnailUrl\":\"https:\\\/\\\/exaudi.org\\\/wp-content\\\/uploads\\\/2022\\\/08\\\/lAquila-scaled.jpg\",\"datePublished\":\"2022-08-28T15:24:42+00:00\",\"dateModified\":\"2022-08-28T15:34:30+00:00\",\"author\":{\"@id\":\"https:\\\/\\\/exaudi.org\\\/#\\\/schema\\\/person\\\/e1ab6ed07c01774724dd96f925f3a5f0\"},\"breadcrumb\":{\"@id\":\"https:\\\/\\\/exaudi.org\\\/the-pope-in-laquila-indeed-for-your-faithful-lord-life-is-changed-not-ended\\\/#breadcrumb\"},\"inLanguage\":\"it-IT\",\"potentialAction\":[{\"@type\":\"ReadAction\",\"target\":[\"https:\\\/\\\/exaudi.org\\\/the-pope-in-laquila-indeed-for-your-faithful-lord-life-is-changed-not-ended\\\/\"]}]},{\"@type\":\"ImageObject\",\"inLanguage\":\"it-IT\",\"@id\":\"https:\\\/\\\/exaudi.org\\\/the-pope-in-laquila-indeed-for-your-faithful-lord-life-is-changed-not-ended\\\/#primaryimage\",\"url\":\"https:\\\/\\\/exaudi.org\\\/wp-content\\\/uploads\\\/2022\\\/08\\\/lAquila-scaled.jpg\",\"contentUrl\":\"https:\\\/\\\/exaudi.org\\\/wp-content\\\/uploads\\\/2022\\\/08\\\/lAquila-scaled.jpg\",\"width\":2560,\"height\":1707,\"caption\":\"\u00a9 Vatican Media\"},{\"@type\":\"BreadcrumbList\",\"@id\":\"https:\\\/\\\/exaudi.org\\\/the-pope-in-laquila-indeed-for-your-faithful-lord-life-is-changed-not-ended\\\/#breadcrumb\",\"itemListElement\":[{\"@type\":\"ListItem\",\"position\":1,\"name\":\"Portada\",\"item\":\"https:\\\/\\\/exaudi.org\\\/it\\\/\"},{\"@type\":\"ListItem\",\"position\":2,\"name\":\"Il Papa a L&#8217;Aquila:\u201cAi tuoi fedeli, Signore, la vita non \u00e8 tolta ma trasformata\u201d\"}]},{\"@type\":\"WebSite\",\"@id\":\"https:\\\/\\\/exaudi.org\\\/#website\",\"url\":\"https:\\\/\\\/exaudi.org\\\/\",\"name\":\"Exaudi\",\"description\":\"News\",\"potentialAction\":[{\"@type\":\"SearchAction\",\"target\":{\"@type\":\"EntryPoint\",\"urlTemplate\":\"https:\\\/\\\/exaudi.org\\\/?s={search_term_string}\"},\"query-input\":{\"@type\":\"PropertyValueSpecification\",\"valueRequired\":true,\"valueName\":\"search_term_string\"}}],\"inLanguage\":\"it-IT\"},{\"@type\":\"Person\",\"@id\":\"https:\\\/\\\/exaudi.org\\\/#\\\/schema\\\/person\\\/e1ab6ed07c01774724dd96f925f3a5f0\",\"name\":\"Exaudi Redazione\",\"image\":{\"@type\":\"ImageObject\",\"inLanguage\":\"it-IT\",\"@id\":\"https:\\\/\\\/secure.gravatar.com\\\/avatar\\\/ad6774b3ada023bf5b939d64f45c94b3adf91502dd883507d469b4308a943bb3?s=96&d=mm&r=g\",\"url\":\"https:\\\/\\\/secure.gravatar.com\\\/avatar\\\/ad6774b3ada023bf5b939d64f45c94b3adf91502dd883507d469b4308a943bb3?s=96&d=mm&r=g\",\"contentUrl\":\"https:\\\/\\\/secure.gravatar.com\\\/avatar\\\/ad6774b3ada023bf5b939d64f45c94b3adf91502dd883507d469b4308a943bb3?s=96&d=mm&r=g\",\"caption\":\"Exaudi Redazione\"},\"description\":\"Che cosa \u00e8 Exaudi News? Exaudi News \u00e8 un agenzia cattolica internazionale che informa, istruisce e trasforma quotidianamente in spagnolo, inglese e italiano. Attraverso notizie, articoli di analisi e trasmissioni in diretta degli eventi del Papa, Exaudi cerca di rafforzare l'unit\u00e0 dei cristiani e di contribuire all'evangelizzazione del mondo, sempre guidato dalla dottrina sociale della Chiesa. Lavoriamo per portare la verit\u00e0 e i valori cristiani in ogni angolo del pianeta. Aiutaci a trasformare il mondo con Exaudi! Noi di Exaudi crediamo che l'evangelizzazione e l'informazione di qualit\u00e0 possano cambiare la vita. Per continuare la nostra missione ed espandere la nostra portata, abbiamo bisogno del tuo aiuto. Stiamo anche cercando persone motivate che vogliano unirsi al nostro team. Grazie al vostro sostegno raggiungeremo pi\u00f9 persone, diffonderemo il messaggio di Cristo e rafforzeremo l'unit\u00e0 dei cristiani. Vuoi unirti alla nostra missione? Per maggiori informazioni su come contribuire, visita Exaudi.org\\\/it o contattaci direttamente: info@exaudi.org Exaudi: informa, forma e trasforma.\",\"sameAs\":[\"https:\\\/\\\/www.facebook.com\\\/ExaudiNotizie\\\/\",\"https:\\\/\\\/www.instagram.com\\\/Exaudi_notizie\\\/\",\"https:\\\/\\\/x.com\\\/Exaudi_Notizie\",\"https:\\\/\\\/www.youtube.com\\\/@exaudicatholicnews\"],\"url\":\"https:\\\/\\\/exaudi.org\\\/it\\\/author\\\/dlvedi-org\\\/\"}]}<\/script>\n<!-- \/ Yoast SEO plugin. -->","yoast_head_json":{"title":"Il Papa a L'Aquila:\u201cAi tuoi fedeli, Signore, la vita non \u00e8 tolta ma trasformata\u201d &#8211; Exaudi","robots":{"index":"index","follow":"follow","max-snippet":"max-snippet:-1","max-image-preview":"max-image-preview:large","max-video-preview":"max-video-preview:-1"},"canonical":"https:\/\/exaudi.org\/it\/the-pope-in-laquila-indeed-for-your-faithful-lord-life-is-changed-not-ended\/","og_locale":"it_IT","og_type":"article","og_title":"Il Papa a L'Aquila:\u201cAi tuoi fedeli, Signore, la vita non \u00e8 tolta ma trasformata\u201d &#8211; Exaudi","og_description":"Saluto ai familiari delle vittime, alle autorit\u00e0 e ai fedeli in Piazza Duomo","og_url":"https:\/\/exaudi.org\/the-pope-in-laquila-indeed-for-your-faithful-lord-life-is-changed-not-ended\/","og_site_name":"Exaudi","article_publisher":"https:\/\/www.facebook.com\/ExaudiNews","article_author":"https:\/\/www.facebook.com\/ExaudiNotizie\/","article_published_time":"2022-08-28T15:24:42+00:00","article_modified_time":"2022-08-28T15:34:30+00:00","og_image":[{"width":2560,"height":1707,"url":"https:\/\/exaudi.org\/wp-content\/uploads\/2022\/08\/lAquila-scaled.jpg","type":"image\/jpeg"}],"author":"Exaudi Redazione","twitter_card":"summary_large_image","twitter_creator":"@Exaudi_Notizie","twitter_site":"@Exaudi_News","twitter_misc":{"Scritto da":"Exaudi Redazione","Tempo di lettura stimato":"4 minuti"},"schema":{"@context":"https:\/\/schema.org","@graph":[{"@type":"Article","@id":"https:\/\/exaudi.org\/the-pope-in-laquila-indeed-for-your-faithful-lord-life-is-changed-not-ended\/#article","isPartOf":{"@id":"https:\/\/exaudi.org\/the-pope-in-laquila-indeed-for-your-faithful-lord-life-is-changed-not-ended\/"},"author":{"name":"Exaudi Redazione","@id":"https:\/\/exaudi.org\/#\/schema\/person\/e1ab6ed07c01774724dd96f925f3a5f0"},"headline":"Il Papa a L&#8217;Aquila:\u201cAi tuoi fedeli, Signore, la vita non \u00e8 tolta ma trasformata\u201d","datePublished":"2022-08-28T15:24:42+00:00","dateModified":"2022-08-28T15:34:30+00:00","mainEntityOfPage":{"@id":"https:\/\/exaudi.org\/the-pope-in-laquila-indeed-for-your-faithful-lord-life-is-changed-not-ended\/"},"wordCount":823,"image":{"@id":"https:\/\/exaudi.org\/the-pope-in-laquila-indeed-for-your-faithful-lord-life-is-changed-not-ended\/#primaryimage"},"thumbnailUrl":"https:\/\/exaudi.org\/wp-content\/uploads\/2022\/08\/lAquila-scaled.jpg","keywords":["L'Aquila","Papa Francesco","Saluto","Trending"],"articleSection":["Incontri","Leone XIV"],"inLanguage":"it-IT"},{"@type":"WebPage","@id":"https:\/\/exaudi.org\/the-pope-in-laquila-indeed-for-your-faithful-lord-life-is-changed-not-ended\/","url":"https:\/\/exaudi.org\/the-pope-in-laquila-indeed-for-your-faithful-lord-life-is-changed-not-ended\/","name":"Il Papa a L'Aquila:\u201cAi tuoi fedeli, Signore, la vita non \u00e8 tolta ma trasformata\u201d &#8211; Exaudi","isPartOf":{"@id":"https:\/\/exaudi.org\/#website"},"primaryImageOfPage":{"@id":"https:\/\/exaudi.org\/the-pope-in-laquila-indeed-for-your-faithful-lord-life-is-changed-not-ended\/#primaryimage"},"image":{"@id":"https:\/\/exaudi.org\/the-pope-in-laquila-indeed-for-your-faithful-lord-life-is-changed-not-ended\/#primaryimage"},"thumbnailUrl":"https:\/\/exaudi.org\/wp-content\/uploads\/2022\/08\/lAquila-scaled.jpg","datePublished":"2022-08-28T15:24:42+00:00","dateModified":"2022-08-28T15:34:30+00:00","author":{"@id":"https:\/\/exaudi.org\/#\/schema\/person\/e1ab6ed07c01774724dd96f925f3a5f0"},"breadcrumb":{"@id":"https:\/\/exaudi.org\/the-pope-in-laquila-indeed-for-your-faithful-lord-life-is-changed-not-ended\/#breadcrumb"},"inLanguage":"it-IT","potentialAction":[{"@type":"ReadAction","target":["https:\/\/exaudi.org\/the-pope-in-laquila-indeed-for-your-faithful-lord-life-is-changed-not-ended\/"]}]},{"@type":"ImageObject","inLanguage":"it-IT","@id":"https:\/\/exaudi.org\/the-pope-in-laquila-indeed-for-your-faithful-lord-life-is-changed-not-ended\/#primaryimage","url":"https:\/\/exaudi.org\/wp-content\/uploads\/2022\/08\/lAquila-scaled.jpg","contentUrl":"https:\/\/exaudi.org\/wp-content\/uploads\/2022\/08\/lAquila-scaled.jpg","width":2560,"height":1707,"caption":"\u00a9 Vatican Media"},{"@type":"BreadcrumbList","@id":"https:\/\/exaudi.org\/the-pope-in-laquila-indeed-for-your-faithful-lord-life-is-changed-not-ended\/#breadcrumb","itemListElement":[{"@type":"ListItem","position":1,"name":"Portada","item":"https:\/\/exaudi.org\/it\/"},{"@type":"ListItem","position":2,"name":"Il Papa a L&#8217;Aquila:\u201cAi tuoi fedeli, Signore, la vita non \u00e8 tolta ma trasformata\u201d"}]},{"@type":"WebSite","@id":"https:\/\/exaudi.org\/#website","url":"https:\/\/exaudi.org\/","name":"Exaudi","description":"News","potentialAction":[{"@type":"SearchAction","target":{"@type":"EntryPoint","urlTemplate":"https:\/\/exaudi.org\/?s={search_term_string}"},"query-input":{"@type":"PropertyValueSpecification","valueRequired":true,"valueName":"search_term_string"}}],"inLanguage":"it-IT"},{"@type":"Person","@id":"https:\/\/exaudi.org\/#\/schema\/person\/e1ab6ed07c01774724dd96f925f3a5f0","name":"Exaudi Redazione","image":{"@type":"ImageObject","inLanguage":"it-IT","@id":"https:\/\/secure.gravatar.com\/avatar\/ad6774b3ada023bf5b939d64f45c94b3adf91502dd883507d469b4308a943bb3?s=96&d=mm&r=g","url":"https:\/\/secure.gravatar.com\/avatar\/ad6774b3ada023bf5b939d64f45c94b3adf91502dd883507d469b4308a943bb3?s=96&d=mm&r=g","contentUrl":"https:\/\/secure.gravatar.com\/avatar\/ad6774b3ada023bf5b939d64f45c94b3adf91502dd883507d469b4308a943bb3?s=96&d=mm&r=g","caption":"Exaudi Redazione"},"description":"Che cosa \u00e8 Exaudi News? Exaudi News \u00e8 un agenzia cattolica internazionale che informa, istruisce e trasforma quotidianamente in spagnolo, inglese e italiano. Attraverso notizie, articoli di analisi e trasmissioni in diretta degli eventi del Papa, Exaudi cerca di rafforzare l'unit\u00e0 dei cristiani e di contribuire all'evangelizzazione del mondo, sempre guidato dalla dottrina sociale della Chiesa. Lavoriamo per portare la verit\u00e0 e i valori cristiani in ogni angolo del pianeta. Aiutaci a trasformare il mondo con Exaudi! Noi di Exaudi crediamo che l'evangelizzazione e l'informazione di qualit\u00e0 possano cambiare la vita. Per continuare la nostra missione ed espandere la nostra portata, abbiamo bisogno del tuo aiuto. Stiamo anche cercando persone motivate che vogliano unirsi al nostro team. Grazie al vostro sostegno raggiungeremo pi\u00f9 persone, diffonderemo il messaggio di Cristo e rafforzeremo l'unit\u00e0 dei cristiani. Vuoi unirti alla nostra missione? Per maggiori informazioni su come contribuire, visita Exaudi.org\/it o contattaci direttamente: info@exaudi.org Exaudi: informa, forma e trasforma.","sameAs":["https:\/\/www.facebook.com\/ExaudiNotizie\/","https:\/\/www.instagram.com\/Exaudi_notizie\/","https:\/\/x.com\/Exaudi_Notizie","https:\/\/www.youtube.com\/@exaudicatholicnews"],"url":"https:\/\/exaudi.org\/it\/author\/dlvedi-org\/"}]}},"jetpack_featured_media_url":"https:\/\/exaudi.org\/wp-content\/uploads\/2022\/08\/lAquila-scaled.jpg","jetpack_shortlink":"https:\/\/wp.me\/pgKjF2-fUL","_links":{"self":[{"href":"https:\/\/exaudi.org\/it\/wp-json\/wp\/v2\/posts\/61179","targetHints":{"allow":["GET"]}}],"collection":[{"href":"https:\/\/exaudi.org\/it\/wp-json\/wp\/v2\/posts"}],"about":[{"href":"https:\/\/exaudi.org\/it\/wp-json\/wp\/v2\/types\/post"}],"author":[{"embeddable":true,"href":"https:\/\/exaudi.org\/it\/wp-json\/wp\/v2\/users\/17"}],"replies":[{"embeddable":true,"href":"https:\/\/exaudi.org\/it\/wp-json\/wp\/v2\/comments?post=61179"}],"version-history":[{"count":0,"href":"https:\/\/exaudi.org\/it\/wp-json\/wp\/v2\/posts\/61179\/revisions"}],"wp:featuredmedia":[{"embeddable":true,"href":"https:\/\/exaudi.org\/it\/wp-json\/wp\/v2\/media\/61168"}],"wp:attachment":[{"href":"https:\/\/exaudi.org\/it\/wp-json\/wp\/v2\/media?parent=61179"}],"wp:term":[{"taxonomy":"category","embeddable":true,"href":"https:\/\/exaudi.org\/it\/wp-json\/wp\/v2\/categories?post=61179"},{"taxonomy":"post_tag","embeddable":true,"href":"https:\/\/exaudi.org\/it\/wp-json\/wp\/v2\/tags?post=61179"}],"curies":[{"name":"wp","href":"https:\/\/api.w.org\/{rel}","templated":true}]}}