{"id":61116,"date":"2022-08-27T17:48:04","date_gmt":"2022-08-27T15:48:04","guid":{"rendered":"https:\/\/exaudi.org\/?p=61116"},"modified":"2022-08-27T17:48:04","modified_gmt":"2022-08-27T15:48:04","slug":"madre-teresa-di-calcutta-no-greater-love","status":"publish","type":"post","link":"https:\/\/exaudi.org\/it\/madre-teresa-di-calcutta-no-greater-love\/","title":{"rendered":"Madre Teresa di Calcutta: no Greater Love"},"content":{"rendered":"<p>Mercoled\u00ec 31 agosto 2022, alle ore 11:30, presso la Sala Marconi di Palazzo Pio (Piazza Pia 3) a Roma, avr\u00e0 luogo una conferenza stampa di presentazione del film <em>Mother Teresa: no Greater Love<\/em>, in vista del XXV anniversario della morte (5 settembre). Il film \u00e8 stato prodotto dai Cavalieri di Colombo in collaborazione con le Missionarie della Carit\u00e0 e sar\u00e0 distribuito in oltre 900 sale negli Stati Uniti e in Canada, il 3 e 4 ottobre prossimi.<\/p>\n<p>La conferenza, promossa dai Cavalieri di Colombo, sar\u00e0 l\u2019occasione per condividere la profondit\u00e0 della produzione, il suo processo di sviluppo nei vari continenti e l&#8217;accesso senza precedenti sia agli archivi istituzionali che agli archivi delle Missionarie della Carit\u00e0.<\/p>\n<p><strong>Interverranno:<\/strong><\/p>\n<p>&#8211; Sua Eminenza il Cardinale Sean O\u2019Malley, O.F.M.Cap., Arcivescovo di Boston e membro del Consiglio dei Cardinali;<br \/>\n&#8211; Patrick Kelly, Cavaliere Supremo dei Cavalieri di Colombo;<br \/>\n&#8211; Rev. Brian Kolodiejchuk, M.C., Postulatore della Causa di Canonizzazione di<br \/>\nMadre Teresa di Calcutta;<br \/>\n&#8211; Suor M. Miryam Th\u00e9r\u00e8se, M.C., Superiora Regionale, Missionarie della Carit\u00e0;<br \/>\n&#8211; David Naglieri, regista e produttore di <em>Mother Teresa: no Greater Love<\/em>, vincitore del Premio Emmy.<\/p>\n<p>Il Cavaliere Supremo Patrick Kelly doner\u00e0 al Santo Padre Francesco una copia del film, nel corso dell\u2019Udienza Generale del mercoled\u00ec che preceder\u00e0 la conferenza stampa. Inoltre, alle ore 17:00 di mercoled\u00ec, si terr\u00e0 una proiezione in anteprima del film nella storica Filmoteca Vaticana.<\/p>\n<p>L\u2019incontro sar\u00e0 moderato da Jonathan Reyes, Vice Presidente Senior dei Cavalieri di Colombo per le Comunicazioni e Partenariati Strategici e il Dott. Paolo Ruffini, Prefetto del Dicastero per la Comunicazione, introdurr\u00e0 l&#8217;evento.<\/p>\n<p>La Conferenza Stampa sar\u00e0 trasmessa in streaming sul Canale YouTube, al seguente link: <a href=\"https:\/\/www.youtube.com\/watch?v=77dcl2SgLi0\">https:\/\/www.youtube.com\/watch?v=77dcl2SgLi0<\/a><\/p>\n<p><strong>MODALIT\u00c0 DI ACCREDITAMENTO<\/strong><br \/>\nI giornalisti e gli operatori media che intendono partecipare alla conferenza stampa nella Sala Marconi devono inviare richiesta, entro 24 ore dall\u2019evento, attraverso il Sistema di Accreditamento online della Sala Stampa della Santa Sede, all\u2019indirizzo: press.vatican.va\/accreditamenti.<\/p>\n<p>Inoltre, la stampa potr\u00e0 assistere all\u2019anteprima del film presso la Filmoteca Vaticana. I posti a sedere sono limitati per accogliere gli ospiti speciali. Si prega di contattare <a href=\"mailto:kwandra@carmelcommunications.com\">kwandra@carmelcommunications.com<\/a> per informazioni sulla partecipazione all\u2019evento.<\/p>\n<p><strong>IL FILM<\/strong><br \/>\nSono passati venticinque anni dalla morte di Madre Teresa di Calcutta e si \u00e8 rinnovato l&#8217;interesse per questo gigante spirituale del XX secolo. Girato in 5 continenti e con un accesso senza precedenti sia agli archivi istituzionali che agli apostolati delle Missionarie della Carit\u00e0, questo film rivela non solo chi era Madre Teresa, ma anche come la sua visione unica di servire Cristo nei poveri continui a realizzarsi oggi attraverso le Missionarie della Carit\u00e0. Questo \u00e8 molto pi\u00f9 di un documentario. \u00c8, allo stesso tempo, un alto tributo a un&#8217;icona spirituale, una potente testimonianza di autentica carit\u00e0 cristiana e una guida per tutti coloro che cercano speranza nei nostri tempi difficile<\/p>\n<p><strong>Per visionare il trailer:\u00a0<\/strong><a href=\"https:\/\/www.motherteresamovie.com\/#trailer\">https:\/\/www.motherteresamovie.com\/#trailer<\/a><\/p>\n","protected":false},"excerpt":{"rendered":"<p>Conferenza stampa di presentazione del film<\/p>\n","protected":false},"author":17,"featured_media":46322,"comment_status":"closed","ping_status":"closed","sticky":false,"template":"","format":"standard","meta":{"_acf_changed":false,"_crdt_document":"","inline_featured_image":false,"footnotes":""},"categories":[73,131],"tags":[6600,6815,266],"class_list":["post-61116","post","type-post","status-publish","format-standard","has-post-thumbnail","hentry","category-chiesa-e-mondo","category-vaticano","tag-conferenza-stampa","tag-madre-teresa-di-calcutta","tag-vaticano"],"acf":[],"yoast_head":"<!-- This site is optimized with the Yoast SEO plugin v27.4 - https:\/\/yoast.com\/product\/yoast-seo-wordpress\/ -->\n<title>Madre Teresa di Calcutta: no Greater Love &#8211; Exaudi<\/title>\n<meta name=\"robots\" content=\"index, follow, max-snippet:-1, max-image-preview:large, max-video-preview:-1\" \/>\n<link rel=\"canonical\" href=\"https:\/\/exaudi.org\/it\/madre-teresa-di-calcutta-no-greater-love\/\" \/>\n<meta property=\"og:locale\" content=\"it_IT\" \/>\n<meta property=\"og:type\" content=\"article\" \/>\n<meta property=\"og:title\" content=\"Madre Teresa di Calcutta: no Greater Love &#8211; Exaudi\" \/>\n<meta property=\"og:description\" content=\"Conferenza stampa di presentazione del film\" \/>\n<meta property=\"og:url\" content=\"https:\/\/exaudi.org\/it\/madre-teresa-di-calcutta-no-greater-love\/\" \/>\n<meta property=\"og:site_name\" content=\"Exaudi\" \/>\n<meta property=\"article:publisher\" content=\"https:\/\/www.facebook.com\/ExaudiNews\" \/>\n<meta property=\"article:author\" content=\"https:\/\/www.facebook.com\/ExaudiNotizie\/\" \/>\n<meta property=\"article:published_time\" content=\"2022-08-27T15:48:04+00:00\" \/>\n<meta property=\"og:image\" content=\"https:\/\/exaudi.org\/wp-content\/uploads\/2021\/12\/Disen\u0303o-sin-ti\u0301tulo-65.jpg\" \/>\n\t<meta property=\"og:image:width\" content=\"991\" \/>\n\t<meta property=\"og:image:height\" content=\"771\" \/>\n\t<meta property=\"og:image:type\" content=\"image\/jpeg\" \/>\n<meta name=\"author\" content=\"Exaudi Redazione\" \/>\n<meta name=\"twitter:card\" content=\"summary_large_image\" \/>\n<meta name=\"twitter:creator\" content=\"@Exaudi_Notizie\" \/>\n<meta name=\"twitter:site\" content=\"@Exaudi_News\" \/>\n<meta name=\"twitter:label1\" content=\"Scritto da\" \/>\n\t<meta name=\"twitter:data1\" content=\"Exaudi Redazione\" \/>\n\t<meta name=\"twitter:label2\" content=\"Tempo di lettura stimato\" \/>\n\t<meta name=\"twitter:data2\" content=\"3 minuti\" \/>\n<script type=\"application\/ld+json\" class=\"yoast-schema-graph\">{\"@context\":\"https:\\\/\\\/schema.org\",\"@graph\":[{\"@type\":\"Article\",\"@id\":\"https:\\\/\\\/exaudi.org\\\/it\\\/madre-teresa-di-calcutta-no-greater-love\\\/#article\",\"isPartOf\":{\"@id\":\"https:\\\/\\\/exaudi.org\\\/it\\\/madre-teresa-di-calcutta-no-greater-love\\\/\"},\"author\":{\"name\":\"Exaudi Redazione\",\"@id\":\"https:\\\/\\\/exaudi.org\\\/#\\\/schema\\\/person\\\/e1ab6ed07c01774724dd96f925f3a5f0\"},\"headline\":\"Madre Teresa di Calcutta: no Greater Love\",\"datePublished\":\"2022-08-27T15:48:04+00:00\",\"mainEntityOfPage\":{\"@id\":\"https:\\\/\\\/exaudi.org\\\/it\\\/madre-teresa-di-calcutta-no-greater-love\\\/\"},\"wordCount\":490,\"image\":{\"@id\":\"https:\\\/\\\/exaudi.org\\\/it\\\/madre-teresa-di-calcutta-no-greater-love\\\/#primaryimage\"},\"thumbnailUrl\":\"https:\\\/\\\/exaudi.org\\\/wp-content\\\/uploads\\\/2021\\\/12\\\/Disen\u0303o-sin-ti\u0301tulo-65.jpg\",\"keywords\":[\"Conferenza Stampa\",\"Madre Teresa di Calcutta\",\"Vaticano\"],\"articleSection\":[\"Chiesa e Mondo\",\"Vaticano\"],\"inLanguage\":\"it-IT\"},{\"@type\":\"WebPage\",\"@id\":\"https:\\\/\\\/exaudi.org\\\/it\\\/madre-teresa-di-calcutta-no-greater-love\\\/\",\"url\":\"https:\\\/\\\/exaudi.org\\\/it\\\/madre-teresa-di-calcutta-no-greater-love\\\/\",\"name\":\"Madre Teresa di Calcutta: no Greater Love &#8211; Exaudi\",\"isPartOf\":{\"@id\":\"https:\\\/\\\/exaudi.org\\\/#website\"},\"primaryImageOfPage\":{\"@id\":\"https:\\\/\\\/exaudi.org\\\/it\\\/madre-teresa-di-calcutta-no-greater-love\\\/#primaryimage\"},\"image\":{\"@id\":\"https:\\\/\\\/exaudi.org\\\/it\\\/madre-teresa-di-calcutta-no-greater-love\\\/#primaryimage\"},\"thumbnailUrl\":\"https:\\\/\\\/exaudi.org\\\/wp-content\\\/uploads\\\/2021\\\/12\\\/Disen\u0303o-sin-ti\u0301tulo-65.jpg\",\"datePublished\":\"2022-08-27T15:48:04+00:00\",\"author\":{\"@id\":\"https:\\\/\\\/exaudi.org\\\/#\\\/schema\\\/person\\\/e1ab6ed07c01774724dd96f925f3a5f0\"},\"breadcrumb\":{\"@id\":\"https:\\\/\\\/exaudi.org\\\/it\\\/madre-teresa-di-calcutta-no-greater-love\\\/#breadcrumb\"},\"inLanguage\":\"it-IT\",\"potentialAction\":[{\"@type\":\"ReadAction\",\"target\":[\"https:\\\/\\\/exaudi.org\\\/it\\\/madre-teresa-di-calcutta-no-greater-love\\\/\"]}]},{\"@type\":\"ImageObject\",\"inLanguage\":\"it-IT\",\"@id\":\"https:\\\/\\\/exaudi.org\\\/it\\\/madre-teresa-di-calcutta-no-greater-love\\\/#primaryimage\",\"url\":\"https:\\\/\\\/exaudi.org\\\/wp-content\\\/uploads\\\/2021\\\/12\\\/Disen\u0303o-sin-ti\u0301tulo-65.jpg\",\"contentUrl\":\"https:\\\/\\\/exaudi.org\\\/wp-content\\\/uploads\\\/2021\\\/12\\\/Disen\u0303o-sin-ti\u0301tulo-65.jpg\",\"width\":991,\"height\":771,\"caption\":\"\u00a9 Vatican Media\"},{\"@type\":\"BreadcrumbList\",\"@id\":\"https:\\\/\\\/exaudi.org\\\/it\\\/madre-teresa-di-calcutta-no-greater-love\\\/#breadcrumb\",\"itemListElement\":[{\"@type\":\"ListItem\",\"position\":1,\"name\":\"Portada\",\"item\":\"https:\\\/\\\/exaudi.org\\\/it\\\/\"},{\"@type\":\"ListItem\",\"position\":2,\"name\":\"Madre Teresa di Calcutta: no Greater Love\"}]},{\"@type\":\"WebSite\",\"@id\":\"https:\\\/\\\/exaudi.org\\\/#website\",\"url\":\"https:\\\/\\\/exaudi.org\\\/\",\"name\":\"Exaudi\",\"description\":\"News\",\"potentialAction\":[{\"@type\":\"SearchAction\",\"target\":{\"@type\":\"EntryPoint\",\"urlTemplate\":\"https:\\\/\\\/exaudi.org\\\/?s={search_term_string}\"},\"query-input\":{\"@type\":\"PropertyValueSpecification\",\"valueRequired\":true,\"valueName\":\"search_term_string\"}}],\"inLanguage\":\"it-IT\"},{\"@type\":\"Person\",\"@id\":\"https:\\\/\\\/exaudi.org\\\/#\\\/schema\\\/person\\\/e1ab6ed07c01774724dd96f925f3a5f0\",\"name\":\"Exaudi Redazione\",\"image\":{\"@type\":\"ImageObject\",\"inLanguage\":\"it-IT\",\"@id\":\"https:\\\/\\\/secure.gravatar.com\\\/avatar\\\/ad6774b3ada023bf5b939d64f45c94b3adf91502dd883507d469b4308a943bb3?s=96&d=mm&r=g\",\"url\":\"https:\\\/\\\/secure.gravatar.com\\\/avatar\\\/ad6774b3ada023bf5b939d64f45c94b3adf91502dd883507d469b4308a943bb3?s=96&d=mm&r=g\",\"contentUrl\":\"https:\\\/\\\/secure.gravatar.com\\\/avatar\\\/ad6774b3ada023bf5b939d64f45c94b3adf91502dd883507d469b4308a943bb3?s=96&d=mm&r=g\",\"caption\":\"Exaudi Redazione\"},\"description\":\"Che cosa \u00e8 Exaudi News? Exaudi News \u00e8 un agenzia cattolica internazionale che informa, istruisce e trasforma quotidianamente in spagnolo, inglese e italiano. Attraverso notizie, articoli di analisi e trasmissioni in diretta degli eventi del Papa, Exaudi cerca di rafforzare l'unit\u00e0 dei cristiani e di contribuire all'evangelizzazione del mondo, sempre guidato dalla dottrina sociale della Chiesa. Lavoriamo per portare la verit\u00e0 e i valori cristiani in ogni angolo del pianeta. Aiutaci a trasformare il mondo con Exaudi! Noi di Exaudi crediamo che l'evangelizzazione e l'informazione di qualit\u00e0 possano cambiare la vita. Per continuare la nostra missione ed espandere la nostra portata, abbiamo bisogno del tuo aiuto. Stiamo anche cercando persone motivate che vogliano unirsi al nostro team. Grazie al vostro sostegno raggiungeremo pi\u00f9 persone, diffonderemo il messaggio di Cristo e rafforzeremo l'unit\u00e0 dei cristiani. Vuoi unirti alla nostra missione? Per maggiori informazioni su come contribuire, visita Exaudi.org\\\/it o contattaci direttamente: info@exaudi.org Exaudi: informa, forma e trasforma.\",\"sameAs\":[\"https:\\\/\\\/www.facebook.com\\\/ExaudiNotizie\\\/\",\"https:\\\/\\\/www.instagram.com\\\/Exaudi_notizie\\\/\",\"https:\\\/\\\/x.com\\\/Exaudi_Notizie\",\"https:\\\/\\\/www.youtube.com\\\/@exaudicatholicnews\"],\"url\":\"https:\\\/\\\/exaudi.org\\\/it\\\/author\\\/dlvedi-org\\\/\"}]}<\/script>\n<!-- \/ Yoast SEO plugin. -->","yoast_head_json":{"title":"Madre Teresa di Calcutta: no Greater Love &#8211; Exaudi","robots":{"index":"index","follow":"follow","max-snippet":"max-snippet:-1","max-image-preview":"max-image-preview:large","max-video-preview":"max-video-preview:-1"},"canonical":"https:\/\/exaudi.org\/it\/madre-teresa-di-calcutta-no-greater-love\/","og_locale":"it_IT","og_type":"article","og_title":"Madre Teresa di Calcutta: no Greater Love &#8211; Exaudi","og_description":"Conferenza stampa di presentazione del film","og_url":"https:\/\/exaudi.org\/it\/madre-teresa-di-calcutta-no-greater-love\/","og_site_name":"Exaudi","article_publisher":"https:\/\/www.facebook.com\/ExaudiNews","article_author":"https:\/\/www.facebook.com\/ExaudiNotizie\/","article_published_time":"2022-08-27T15:48:04+00:00","og_image":[{"width":991,"height":771,"url":"https:\/\/exaudi.org\/wp-content\/uploads\/2021\/12\/Disen\u0303o-sin-ti\u0301tulo-65.jpg","type":"image\/jpeg"}],"author":"Exaudi Redazione","twitter_card":"summary_large_image","twitter_creator":"@Exaudi_Notizie","twitter_site":"@Exaudi_News","twitter_misc":{"Scritto da":"Exaudi Redazione","Tempo di lettura stimato":"3 minuti"},"schema":{"@context":"https:\/\/schema.org","@graph":[{"@type":"Article","@id":"https:\/\/exaudi.org\/it\/madre-teresa-di-calcutta-no-greater-love\/#article","isPartOf":{"@id":"https:\/\/exaudi.org\/it\/madre-teresa-di-calcutta-no-greater-love\/"},"author":{"name":"Exaudi Redazione","@id":"https:\/\/exaudi.org\/#\/schema\/person\/e1ab6ed07c01774724dd96f925f3a5f0"},"headline":"Madre Teresa di Calcutta: no Greater Love","datePublished":"2022-08-27T15:48:04+00:00","mainEntityOfPage":{"@id":"https:\/\/exaudi.org\/it\/madre-teresa-di-calcutta-no-greater-love\/"},"wordCount":490,"image":{"@id":"https:\/\/exaudi.org\/it\/madre-teresa-di-calcutta-no-greater-love\/#primaryimage"},"thumbnailUrl":"https:\/\/exaudi.org\/wp-content\/uploads\/2021\/12\/Disen\u0303o-sin-ti\u0301tulo-65.jpg","keywords":["Conferenza Stampa","Madre Teresa di Calcutta","Vaticano"],"articleSection":["Chiesa e Mondo","Vaticano"],"inLanguage":"it-IT"},{"@type":"WebPage","@id":"https:\/\/exaudi.org\/it\/madre-teresa-di-calcutta-no-greater-love\/","url":"https:\/\/exaudi.org\/it\/madre-teresa-di-calcutta-no-greater-love\/","name":"Madre Teresa di Calcutta: no Greater Love &#8211; Exaudi","isPartOf":{"@id":"https:\/\/exaudi.org\/#website"},"primaryImageOfPage":{"@id":"https:\/\/exaudi.org\/it\/madre-teresa-di-calcutta-no-greater-love\/#primaryimage"},"image":{"@id":"https:\/\/exaudi.org\/it\/madre-teresa-di-calcutta-no-greater-love\/#primaryimage"},"thumbnailUrl":"https:\/\/exaudi.org\/wp-content\/uploads\/2021\/12\/Disen\u0303o-sin-ti\u0301tulo-65.jpg","datePublished":"2022-08-27T15:48:04+00:00","author":{"@id":"https:\/\/exaudi.org\/#\/schema\/person\/e1ab6ed07c01774724dd96f925f3a5f0"},"breadcrumb":{"@id":"https:\/\/exaudi.org\/it\/madre-teresa-di-calcutta-no-greater-love\/#breadcrumb"},"inLanguage":"it-IT","potentialAction":[{"@type":"ReadAction","target":["https:\/\/exaudi.org\/it\/madre-teresa-di-calcutta-no-greater-love\/"]}]},{"@type":"ImageObject","inLanguage":"it-IT","@id":"https:\/\/exaudi.org\/it\/madre-teresa-di-calcutta-no-greater-love\/#primaryimage","url":"https:\/\/exaudi.org\/wp-content\/uploads\/2021\/12\/Disen\u0303o-sin-ti\u0301tulo-65.jpg","contentUrl":"https:\/\/exaudi.org\/wp-content\/uploads\/2021\/12\/Disen\u0303o-sin-ti\u0301tulo-65.jpg","width":991,"height":771,"caption":"\u00a9 Vatican Media"},{"@type":"BreadcrumbList","@id":"https:\/\/exaudi.org\/it\/madre-teresa-di-calcutta-no-greater-love\/#breadcrumb","itemListElement":[{"@type":"ListItem","position":1,"name":"Portada","item":"https:\/\/exaudi.org\/it\/"},{"@type":"ListItem","position":2,"name":"Madre Teresa di Calcutta: no Greater Love"}]},{"@type":"WebSite","@id":"https:\/\/exaudi.org\/#website","url":"https:\/\/exaudi.org\/","name":"Exaudi","description":"News","potentialAction":[{"@type":"SearchAction","target":{"@type":"EntryPoint","urlTemplate":"https:\/\/exaudi.org\/?s={search_term_string}"},"query-input":{"@type":"PropertyValueSpecification","valueRequired":true,"valueName":"search_term_string"}}],"inLanguage":"it-IT"},{"@type":"Person","@id":"https:\/\/exaudi.org\/#\/schema\/person\/e1ab6ed07c01774724dd96f925f3a5f0","name":"Exaudi Redazione","image":{"@type":"ImageObject","inLanguage":"it-IT","@id":"https:\/\/secure.gravatar.com\/avatar\/ad6774b3ada023bf5b939d64f45c94b3adf91502dd883507d469b4308a943bb3?s=96&d=mm&r=g","url":"https:\/\/secure.gravatar.com\/avatar\/ad6774b3ada023bf5b939d64f45c94b3adf91502dd883507d469b4308a943bb3?s=96&d=mm&r=g","contentUrl":"https:\/\/secure.gravatar.com\/avatar\/ad6774b3ada023bf5b939d64f45c94b3adf91502dd883507d469b4308a943bb3?s=96&d=mm&r=g","caption":"Exaudi Redazione"},"description":"Che cosa \u00e8 Exaudi News? Exaudi News \u00e8 un agenzia cattolica internazionale che informa, istruisce e trasforma quotidianamente in spagnolo, inglese e italiano. Attraverso notizie, articoli di analisi e trasmissioni in diretta degli eventi del Papa, Exaudi cerca di rafforzare l'unit\u00e0 dei cristiani e di contribuire all'evangelizzazione del mondo, sempre guidato dalla dottrina sociale della Chiesa. Lavoriamo per portare la verit\u00e0 e i valori cristiani in ogni angolo del pianeta. Aiutaci a trasformare il mondo con Exaudi! Noi di Exaudi crediamo che l'evangelizzazione e l'informazione di qualit\u00e0 possano cambiare la vita. Per continuare la nostra missione ed espandere la nostra portata, abbiamo bisogno del tuo aiuto. Stiamo anche cercando persone motivate che vogliano unirsi al nostro team. Grazie al vostro sostegno raggiungeremo pi\u00f9 persone, diffonderemo il messaggio di Cristo e rafforzeremo l'unit\u00e0 dei cristiani. Vuoi unirti alla nostra missione? Per maggiori informazioni su come contribuire, visita Exaudi.org\/it o contattaci direttamente: info@exaudi.org Exaudi: informa, forma e trasforma.","sameAs":["https:\/\/www.facebook.com\/ExaudiNotizie\/","https:\/\/www.instagram.com\/Exaudi_notizie\/","https:\/\/x.com\/Exaudi_Notizie","https:\/\/www.youtube.com\/@exaudicatholicnews"],"url":"https:\/\/exaudi.org\/it\/author\/dlvedi-org\/"}]}},"jetpack_featured_media_url":"https:\/\/exaudi.org\/wp-content\/uploads\/2021\/12\/Disen\u0303o-sin-ti\u0301tulo-65.jpg","jetpack_shortlink":"https:\/\/wp.me\/pgKjF2-fTK","_links":{"self":[{"href":"https:\/\/exaudi.org\/it\/wp-json\/wp\/v2\/posts\/61116","targetHints":{"allow":["GET"]}}],"collection":[{"href":"https:\/\/exaudi.org\/it\/wp-json\/wp\/v2\/posts"}],"about":[{"href":"https:\/\/exaudi.org\/it\/wp-json\/wp\/v2\/types\/post"}],"author":[{"embeddable":true,"href":"https:\/\/exaudi.org\/it\/wp-json\/wp\/v2\/users\/17"}],"replies":[{"embeddable":true,"href":"https:\/\/exaudi.org\/it\/wp-json\/wp\/v2\/comments?post=61116"}],"version-history":[{"count":0,"href":"https:\/\/exaudi.org\/it\/wp-json\/wp\/v2\/posts\/61116\/revisions"}],"wp:featuredmedia":[{"embeddable":true,"href":"https:\/\/exaudi.org\/it\/wp-json\/wp\/v2\/media\/46322"}],"wp:attachment":[{"href":"https:\/\/exaudi.org\/it\/wp-json\/wp\/v2\/media?parent=61116"}],"wp:term":[{"taxonomy":"category","embeddable":true,"href":"https:\/\/exaudi.org\/it\/wp-json\/wp\/v2\/categories?post=61116"},{"taxonomy":"post_tag","embeddable":true,"href":"https:\/\/exaudi.org\/it\/wp-json\/wp\/v2\/tags?post=61116"}],"curies":[{"name":"wp","href":"https:\/\/api.w.org\/{rel}","templated":true}]}}