{"id":60942,"date":"2022-08-24T17:13:43","date_gmt":"2022-08-24T15:13:43","guid":{"rendered":"https:\/\/exaudi.org\/?p=60942"},"modified":"2022-08-24T17:27:37","modified_gmt":"2022-08-24T15:27:37","slug":"le-doglie-della-creazione-la-storia-della-creatura-come-mistero-di-gestazione","status":"publish","type":"post","link":"https:\/\/exaudi.org\/it\/le-doglie-della-creazione-la-storia-della-creatura-come-mistero-di-gestazione\/","title":{"rendered":"&#8220;Le doglie della creazione. La storia della creatura come mistero di gestazione&#8221;"},"content":{"rendered":"<p>L\u2019Udienza Generale di questa mattina si svolge alle ore 9.00 nell\u2019Aula Paolo VI.<\/p>\n<p>Nel discorso in lingua italiana il Papa, continuando la catechesi sulla Vecchiaia, incentra la Sua meditazione sul tema: Le doglie della creazione. La storia della creatura come mistero di gestazione (Lettura: Rm 8,22-24).<\/p>\n<p>Dopo aver riassunto la Sua catechesi nelle diverse lingue, il Santo Padre indirizza particolari espressioni di saluto ai fedeli presenti.<\/p>\n<p>L\u2019Udienza Generale si conclude con la recita del Pater Noster e la Benedizione Apostolica.<\/p>\n<p><strong>Catechesi del Santo Padre<\/strong><\/p>\n<p><i>Cari fratelli e sorelle, buongiorno!<\/i><\/p>\n<p>Abbiamo da poco celebrato l\u2019Assunzione in cielo della Madre di Ges\u00f9. Questo mistero illumina il compimento della grazia che ha plasmato il destino di Maria, e illumina anche la nostra destinazione. La destinazione \u00e8 il cielo. Con questa immagine della Vergine assunta in cielo vorrei concludere il ciclo delle catechesi sulla vecchiaia. In occidente la contempliamo elevata verso l\u2019alto avvolta di luce gloriosa; in oriente \u00e8 raffigurata distesa, dormiente, circondata dagli Apostoli in preghiera, mentre il Signore Risorto la porta tra le mani come una bambina.<\/p>\n<p>La teologia ha sempre riflettuto sul rapporto di questa singolare \u201cassunzione\u201d con la morte, che il dogma non definisce. Penso che sarebbe ancora pi\u00f9 importante esplicitare il rapporto di questo mistero con la risurrezione del Figlio, che apre la via della generazione alla vita per tutti noi. Nell\u2019atto divino del ricongiungimento di Maria con Cristo Risorto non \u00e8 semplicemente trascesa la normale corruzione corporale della morte umana, non solo questo, \u00e8 anticipata l\u2019assunzione corporale della vita di Dio. Viene infatti anticipato il destino della risurrezione che ci riguarda: perch\u00e9, secondo la fede cristiana, il Risorto \u00e8 primogenito di molti fratelli e sorelle. Il Signore risorto \u00e8 Colui che \u00e8 andato prima, che \u00e8 risorto prima di tutti, poi andremo noi: questo \u00e8 il nostro destino: risorgere.<\/p>\n<p>Potremmo dire \u2013 seguendo la parola di Ges\u00f9 a Nicodemo \u2013 che \u00e8 un po\u2019 come una seconda nascita (cfr\u00a0<i>Gv<\/i>\u00a03,3-8). Se la prima \u00e8 stata una nascita sulla terra, questa seconda \u00e8 la nascita al cielo. Non a caso l\u2019Apostolo Paolo, nel testo che \u00e8 stato letto all\u2019inizio, parla delle doglie del parto (cfr\u00a0<i>Rm<\/i>\u00a08,22). Come, appena usciti dal seno di nostra madre, siamo sempre noi, lo stesso essere umano che era nel grembo, cos\u00ec, dopo la morte, nasciamo al cielo, allo spazio di Dio, e siamo ancora noi che abbiamo camminato su questa terra. Analogamente a quanto \u00e8 accaduto a Ges\u00f9: il Risorto \u00e8 sempre Ges\u00f9: non perde la sua umanit\u00e0, il suo vissuto, e neppure la sua corporeit\u00e0, no, perch\u00e9 senza di essa non sarebbe pi\u00f9 Lui, non sarebbe Ges\u00f9: cio\u00e8, con la sua umanit\u00e0, con il suo vissuto.<\/p>\n<p><img loading=\"lazy\" decoding=\"async\" class=\"size-medium wp-image-60949 alignright\" src=\"https:\/\/exaudi.org\/wp-content\/uploads\/2022\/08\/thumbnail__MTC6124-300x200.jpg\" alt=\"\" width=\"300\" height=\"200\" srcset=\"https:\/\/exaudi.org\/wp-content\/uploads\/2022\/08\/thumbnail__MTC6124-300x200.jpg 300w, https:\/\/exaudi.org\/wp-content\/uploads\/2022\/08\/thumbnail__MTC6124-1024x682.jpg 1024w, https:\/\/exaudi.org\/wp-content\/uploads\/2022\/08\/thumbnail__MTC6124-770x513.jpg 770w, https:\/\/exaudi.org\/wp-content\/uploads\/2022\/08\/thumbnail__MTC6124-360x240.jpg?crop=1 360w, https:\/\/exaudi.org\/wp-content\/uploads\/2022\/08\/thumbnail__MTC6124-500x333.jpg 500w, https:\/\/exaudi.org\/wp-content\/uploads\/2022\/08\/thumbnail__MTC6124-1155x770.jpg 1155w, https:\/\/exaudi.org\/wp-content\/uploads\/2022\/08\/thumbnail__MTC6124-370x247.jpg 370w, https:\/\/exaudi.org\/wp-content\/uploads\/2022\/08\/thumbnail__MTC6124-293x195.jpg 293w, https:\/\/exaudi.org\/wp-content\/uploads\/2022\/08\/thumbnail__MTC6124-120x80.jpg 120w, https:\/\/exaudi.org\/wp-content\/uploads\/2022\/08\/thumbnail__MTC6124-240x160.jpg 240w, https:\/\/exaudi.org\/wp-content\/uploads\/2022\/08\/thumbnail__MTC6124-390x260.jpg 390w, https:\/\/exaudi.org\/wp-content\/uploads\/2022\/08\/thumbnail__MTC6124.jpg 1280w\" sizes=\"auto, (max-width: 300px) 100vw, 300px\" \/>Ce lo dice l\u2019esperienza dei discepoli, ai quali Egli appare per quaranta giorni dopo la sua risurrezione. Il Signore mostra le ferite che hanno sigillato il suo sacrificio; ma non sono pi\u00f9 le brutture dell\u2019avvilimento dolorosamente patito, ormai sono la prova indelebile del suo amore fedele sino alla fine. Ges\u00f9 risorto con il suo corpo vive nell\u2019intimit\u00e0 trinitaria di Dio! E in essa non perde la memoria, non abbandona la propria storia, non scioglie le relazioni in cui \u00e8 vissuto sulla terra. Ai suoi amici ha promesso: \u00abQuando sar\u00f2 andato e vi avr\u00f2 preparato un posto verr\u00f2 di nuovo e vi prender\u00f2 con me, perch\u00e9 dove sono io siate anche voi\u00bb (<i>Gv<\/i>\u00a014,3). Lui se ne \u00e8 andato per preparare il posto a tutti noi e dopo aver preparato un posto verr\u00e0. Non verr\u00e0 solo alla fine per tutti, verr\u00e0 ogni volta per ognuno di noi. Verr\u00e0 a cercarci per portarci da Lui. In questo senso la morte \u00e8 un po\u2019 il passo all\u2019incontro con Ges\u00f9 che mi sta aspettando per portarmi da Lui.<\/p>\n<p>Il Risorto vive nel mondo di Dio, dove c\u2019\u00e8 un posto per tutti, dove si forma una nuova terra e si va costruendo la citt\u00e0 celeste, abitazione definitiva dell\u2019uomo. Noi non possiamo immaginare questa trasfigurazione della nostra corporeit\u00e0 mortale, ma siamo certi che essa manterr\u00e0 riconoscibili i nostri volti e ci consentir\u00e0 di rimanere umani nel cielo di Dio. Ci consentir\u00e0 di partecipare, con sublime emozione, all\u2019infinita e felice esuberanza dell\u2019atto creatore di Dio, di cui vivremo in prima persona tutte le interminabili avventure.<\/p>\n<p><img loading=\"lazy\" decoding=\"async\" class=\"size-medium wp-image-60952 alignleft\" src=\"https:\/\/exaudi.org\/wp-content\/uploads\/2022\/08\/1-300x200.jpg\" alt=\"\" width=\"300\" height=\"200\" srcset=\"https:\/\/exaudi.org\/wp-content\/uploads\/2022\/08\/1-300x200.jpg 300w, https:\/\/exaudi.org\/wp-content\/uploads\/2022\/08\/1-1024x682.jpg 1024w, https:\/\/exaudi.org\/wp-content\/uploads\/2022\/08\/1-770x513.jpg 770w, https:\/\/exaudi.org\/wp-content\/uploads\/2022\/08\/1-360x240.jpg?crop=1 360w, https:\/\/exaudi.org\/wp-content\/uploads\/2022\/08\/1-500x333.jpg 500w, https:\/\/exaudi.org\/wp-content\/uploads\/2022\/08\/1-1155x770.jpg 1155w, https:\/\/exaudi.org\/wp-content\/uploads\/2022\/08\/1-370x247.jpg 370w, https:\/\/exaudi.org\/wp-content\/uploads\/2022\/08\/1-293x195.jpg 293w, https:\/\/exaudi.org\/wp-content\/uploads\/2022\/08\/1-120x80.jpg 120w, https:\/\/exaudi.org\/wp-content\/uploads\/2022\/08\/1-240x160.jpg 240w, https:\/\/exaudi.org\/wp-content\/uploads\/2022\/08\/1-390x260.jpg 390w, https:\/\/exaudi.org\/wp-content\/uploads\/2022\/08\/1.jpg 1280w\" sizes=\"auto, (max-width: 300px) 100vw, 300px\" \/>Ges\u00f9, quando parla del Regno di Dio, lo descrive come un pranzo di nozze, come una festa con gli amici, come il lavoro che rende perfetta la casa: \u00e8 la sorpresa che rende il raccolto pi\u00f9 ricco della semina. Prendere sul serio le parole evangeliche sul Regno abilita la nostra sensibilit\u00e0 a godere dell\u2019amore operoso e creativo di Dio, e ci mette in sintonia con la destinazione inaudita della vita che seminiamo. Nella nostra vecchiaia, care e cari coetanei, e parlo ai \u201cvecchi\u201d e alle \u201cvecchiette\u201d, nella nostra vecchiaia l\u2019importanza di tanti \u201cdettagli\u201d di cui \u00e8 fatta la vita \u2013 una carezza, un sorriso, un gesto, un lavoro apprezzato, una sorpresa inaspettata, un\u2019allegria ospitale, un legame fedele \u2013 si rende pi\u00f9 acuta. L\u2019essenziale della vita, che in prossimit\u00e0 del nostro congedo teniamo pi\u00f9 caro, ci appare definitivamente chiaro. Ecco: questa sapienza della vecchiaia \u00e8 il luogo della nostra gestazione, che illumina la vita dei bambini, dei giovani, degli adulti, e dell\u2019intera comunit\u00e0. Noi \u201cvecchi\u201d dovremmo essere questo per gli altri: luce per gli altri. L\u2019intera nostra vita appare come un seme che dovr\u00e0 essere sotterrato perch\u00e9 nasca il suo fiore e il suo frutto. Nascer\u00e0, insieme con tutto il resto del mondo. Non senza doglie, non senza dolore, ma nascer\u00e0 (cfr\u00a0<i>Gv<\/i>\u00a016,21-23). E la vita del corpo risorto sar\u00e0 cento e mille volte pi\u00f9 viva di come l\u2019abbiamo assaggiata su questa terra (cfr\u00a0<i>Mc<\/i>\u00a010,28-31).<\/p>\n<p>Il Signore Risorto, non a caso, mentre aspetta gli Apostoli in riva al lago, arrostisce del pesce (cfr\u00a0<i>Gv<\/i>\u00a021,9) e poi lo offre loro. Questo gesto di amore premuroso ci fa intuire che cosa ci aspetta mentre passiamo all\u2019altra riva. S\u00ec, cari fratelli e sorelle, specialmente voi anziani, il meglio della vita \u00e8 ancora tutto da vedere; \u201cMa siamo vecchi, cosa dobbiamo vedere in pi\u00f9?\u201d Il meglio, perch\u00e9 il meglio della vita \u00e8 ancora tutto da vedere. Speriamo questa pienezza di vita che ci aspetta tutti, quando il Signore ci chiamer\u00e0. La Madre del Signore e Madre nostra, che ci ha preceduti in Paradiso, ci restituisca la trepidazione dell\u2019attesa perch\u00e9 non \u00e8 un\u2019attesa anestetizzata, non \u00e8 un\u2019attesa annoiata, no, \u00e8 un\u2019attesa con trepidazione: \u201cQuando verr\u00e0 il mio Signore? Quando potr\u00f2 andare l\u00e0?\u201d Un po\u2019 di paura perch\u00e9 questo passaggio non so cosa significa e passare quella porta d\u00e0 un po\u2019 di paura ma c\u2019\u00e8 sempre la mano del Signore che ti porta avanti e attraversata la porta c\u2019\u00e8 la festa. Siamo attenti, voi cari \u201cvecchi\u201d e care \u201cvecchiette\u201d, coetanei, siamo attenti, Lui ci sta aspettando, soltanto un passaggio e poi la festa.<\/p>\n<p><b>APPELLO<\/b><\/p>\n<p>Rinnovo l\u2019invito a implorare dal Signore la pace per l\u2019amato popolo ucraino che da sei mesi &#8211; oggi &#8211; patisce l\u2019orrore della guerra. Auspico che si intraprendano passi concreti per mettere fine alla guerra e scongiurare il rischio di un disastro nucleare a Zaporizhzhia. Porto nel cuore i prigionieri, soprattutto quelli che si trovano in condizioni fragili, e chiedo alle autorit\u00e0 responsabili di adoperarsi per la loro liberazione. Penso ai bambini, tanti morti, poi tanti rifugiati &#8211; qui in Italia ce ne sono tanti &#8211; tanti feriti, tanti bambini ucraini e bambini russi che sono diventati orfani e l\u2019orfanit\u00e0 non ha nazionalit\u00e0, hanno perso il pap\u00e0 o la mamma, siano russi siano ucraini. Penso a tanta crudelt\u00e0, a tanti innocenti che stanno pagando la pazzia, la pazzia di tutte le parti, perch\u00e9 la guerra \u00e8 una pazzia e nessuno in guerra pu\u00f2 dire: \u201cNo, io non sono pazzo\u201d. La pazzia della guerra. Penso a quella povera ragazza volata in aria per una bomba che era sotto il sedile della macchina a Mosca. Gli innocenti pagano la guerra, gli innocenti! Pensiamo a questa realt\u00e0 e diciamoci l\u2019un l\u2019altro: la guerra \u00e8 una pazzia. E coloro che guadagnano con la guerra e con il commercio delle armi sono dei delinquenti che ammazzano l\u2019umanit\u00e0. E noi pensiamo ad altri Paesi che sono in guerra da tempo: pi\u00f9 di 10 anni la Siria, pensiamo la guerra nello Yemen, dove tanti bambini patiscono la fame, pensiamo ai Rohingya che girano il mondo per l\u2019ingiustizia di essere cacciati dalla loro terra. Ma oggi in modo speciale, a sei mesi dall\u2019inizio della guerra, pensiamo all\u2019Ucraina e alla Russia, ambedue i Paesi ho consacrato all\u2019Immacolato Cuore di Maria, che Lei, come Madre, volga lo sguardo su questi due Paesi amati: veda l\u2019Ucraina, veda la Russia e ci porti la pace! Abbiamo bisogno di pace!<\/p>\n<p><b>SALUTI<\/b><\/p>\n<p>Rivolgo un cordiale benvenuto ai pellegrini di lingua italiana. In particolare, saluto le Suore di Carit\u00e0 di Santa Maria che stanno celebrando il loro Capitolo, i Seminaristi partecipanti ad un incontro estivo di formazione. Tutti incoraggio a vivere la propria vocazione come servizio umile e gioioso a Dio e ai fratelli.<\/p>\n<p>Il mio pensiero va infine, come di consueto, agli anziani, agli ammalati, ai giovani e agli sposi novelli, che sono tanti. L\u2019esempio dell\u2019Apostolo San Bartolomeo, che ricordiamo oggi, vi aiuti a guardare con fiducia a Cristo, che \u00e8 luce nelle difficolt\u00e0, sostegno nelle prove e guida in ogni momento della vita.<\/p>\n<p>A tutti voi la mia benedizione.<\/p>\n","protected":false},"excerpt":{"rendered":"<p>Catechesi del Papa sulla vecchiaia<\/p>\n","protected":false},"author":17,"featured_media":60940,"comment_status":"closed","ping_status":"closed","sticky":false,"template":"","format":"standard","meta":{"_acf_changed":false,"_crdt_document":"","inline_featured_image":false,"footnotes":""},"categories":[67,111],"tags":[6383,5984],"class_list":["post-60942","post","type-post","status-publish","format-standard","has-post-thumbnail","hentry","category-leone-xiv","category-udienza-generale","tag-catechesi-del-santo-padre","tag-vecchiaia"],"acf":[],"yoast_head":"<!-- This site is optimized with the Yoast SEO plugin v27.5 - https:\/\/yoast.com\/product\/yoast-seo-wordpress\/ -->\n<title>&quot;Le doglie della creazione. La storia della creatura come mistero di gestazione&quot; &#8211; Exaudi<\/title>\n<meta name=\"robots\" content=\"index, follow, max-snippet:-1, max-image-preview:large, max-video-preview:-1\" \/>\n<link rel=\"canonical\" href=\"https:\/\/exaudi.org\/it\/le-doglie-della-creazione-la-storia-della-creatura-come-mistero-di-gestazione\/\" \/>\n<meta property=\"og:locale\" content=\"it_IT\" \/>\n<meta property=\"og:type\" content=\"article\" \/>\n<meta property=\"og:title\" content=\"&quot;Le doglie della creazione. La storia della creatura come mistero di gestazione&quot; &#8211; Exaudi\" \/>\n<meta property=\"og:description\" content=\"Catechesi del Papa sulla vecchiaia\" \/>\n<meta property=\"og:url\" content=\"https:\/\/exaudi.org\/it\/le-doglie-della-creazione-la-storia-della-creatura-come-mistero-di-gestazione\/\" \/>\n<meta property=\"og:site_name\" content=\"Exaudi\" \/>\n<meta property=\"article:publisher\" content=\"https:\/\/www.facebook.com\/ExaudiNews\" \/>\n<meta property=\"article:author\" content=\"https:\/\/www.facebook.com\/ExaudiNotizie\/\" \/>\n<meta property=\"article:published_time\" content=\"2022-08-24T15:13:43+00:00\" \/>\n<meta property=\"article:modified_time\" content=\"2022-08-24T15:27:37+00:00\" \/>\n<meta property=\"og:image\" content=\"https:\/\/exaudi.org\/wp-content\/uploads\/2022\/08\/Catequesis-del-Papa-1-scaled.jpg\" \/>\n\t<meta property=\"og:image:width\" content=\"2560\" \/>\n\t<meta property=\"og:image:height\" content=\"1707\" \/>\n\t<meta property=\"og:image:type\" content=\"image\/jpeg\" \/>\n<meta name=\"author\" content=\"Exaudi Redazione\" \/>\n<meta name=\"twitter:card\" content=\"summary_large_image\" \/>\n<meta name=\"twitter:creator\" content=\"@Exaudi_Notizie\" \/>\n<meta name=\"twitter:site\" content=\"@Exaudi_News\" \/>\n<meta name=\"twitter:label1\" content=\"Scritto da\" \/>\n\t<meta name=\"twitter:data1\" content=\"Exaudi Redazione\" \/>\n\t<meta name=\"twitter:label2\" content=\"Tempo di lettura stimato\" \/>\n\t<meta name=\"twitter:data2\" content=\"8 minuti\" \/>\n<script type=\"application\/ld+json\" class=\"yoast-schema-graph\">{\"@context\":\"https:\\\/\\\/schema.org\",\"@graph\":[{\"@type\":\"Article\",\"@id\":\"https:\\\/\\\/exaudi.org\\\/it\\\/le-doglie-della-creazione-la-storia-della-creatura-come-mistero-di-gestazione\\\/#article\",\"isPartOf\":{\"@id\":\"https:\\\/\\\/exaudi.org\\\/it\\\/le-doglie-della-creazione-la-storia-della-creatura-come-mistero-di-gestazione\\\/\"},\"author\":{\"name\":\"Exaudi Redazione\",\"@id\":\"https:\\\/\\\/exaudi.org\\\/#\\\/schema\\\/person\\\/e1ab6ed07c01774724dd96f925f3a5f0\"},\"headline\":\"&#8220;Le doglie della creazione. La storia della creatura come mistero di gestazione&#8221;\",\"datePublished\":\"2022-08-24T15:13:43+00:00\",\"dateModified\":\"2022-08-24T15:27:37+00:00\",\"mainEntityOfPage\":{\"@id\":\"https:\\\/\\\/exaudi.org\\\/it\\\/le-doglie-della-creazione-la-storia-della-creatura-come-mistero-di-gestazione\\\/\"},\"wordCount\":1564,\"image\":{\"@id\":\"https:\\\/\\\/exaudi.org\\\/it\\\/le-doglie-della-creazione-la-storia-della-creatura-come-mistero-di-gestazione\\\/#primaryimage\"},\"thumbnailUrl\":\"https:\\\/\\\/exaudi.org\\\/wp-content\\\/uploads\\\/2022\\\/08\\\/Catequesis-del-Papa-1-scaled.jpg\",\"keywords\":[\"Catechesi del Santo Padre\",\"vecchiaia\"],\"articleSection\":[\"Leone XIV\",\"Udienza generale\"],\"inLanguage\":\"it-IT\"},{\"@type\":\"WebPage\",\"@id\":\"https:\\\/\\\/exaudi.org\\\/it\\\/le-doglie-della-creazione-la-storia-della-creatura-come-mistero-di-gestazione\\\/\",\"url\":\"https:\\\/\\\/exaudi.org\\\/it\\\/le-doglie-della-creazione-la-storia-della-creatura-come-mistero-di-gestazione\\\/\",\"name\":\"\\\"Le doglie della creazione. La storia della creatura come mistero di gestazione\\\" &#8211; Exaudi\",\"isPartOf\":{\"@id\":\"https:\\\/\\\/exaudi.org\\\/#website\"},\"primaryImageOfPage\":{\"@id\":\"https:\\\/\\\/exaudi.org\\\/it\\\/le-doglie-della-creazione-la-storia-della-creatura-come-mistero-di-gestazione\\\/#primaryimage\"},\"image\":{\"@id\":\"https:\\\/\\\/exaudi.org\\\/it\\\/le-doglie-della-creazione-la-storia-della-creatura-come-mistero-di-gestazione\\\/#primaryimage\"},\"thumbnailUrl\":\"https:\\\/\\\/exaudi.org\\\/wp-content\\\/uploads\\\/2022\\\/08\\\/Catequesis-del-Papa-1-scaled.jpg\",\"datePublished\":\"2022-08-24T15:13:43+00:00\",\"dateModified\":\"2022-08-24T15:27:37+00:00\",\"author\":{\"@id\":\"https:\\\/\\\/exaudi.org\\\/#\\\/schema\\\/person\\\/e1ab6ed07c01774724dd96f925f3a5f0\"},\"breadcrumb\":{\"@id\":\"https:\\\/\\\/exaudi.org\\\/it\\\/le-doglie-della-creazione-la-storia-della-creatura-come-mistero-di-gestazione\\\/#breadcrumb\"},\"inLanguage\":\"it-IT\",\"potentialAction\":[{\"@type\":\"ReadAction\",\"target\":[\"https:\\\/\\\/exaudi.org\\\/it\\\/le-doglie-della-creazione-la-storia-della-creatura-come-mistero-di-gestazione\\\/\"]}]},{\"@type\":\"ImageObject\",\"inLanguage\":\"it-IT\",\"@id\":\"https:\\\/\\\/exaudi.org\\\/it\\\/le-doglie-della-creazione-la-storia-della-creatura-come-mistero-di-gestazione\\\/#primaryimage\",\"url\":\"https:\\\/\\\/exaudi.org\\\/wp-content\\\/uploads\\\/2022\\\/08\\\/Catequesis-del-Papa-1-scaled.jpg\",\"contentUrl\":\"https:\\\/\\\/exaudi.org\\\/wp-content\\\/uploads\\\/2022\\\/08\\\/Catequesis-del-Papa-1-scaled.jpg\",\"width\":2560,\"height\":1707,\"caption\":\"\u00a9 Vatican Media\"},{\"@type\":\"BreadcrumbList\",\"@id\":\"https:\\\/\\\/exaudi.org\\\/it\\\/le-doglie-della-creazione-la-storia-della-creatura-come-mistero-di-gestazione\\\/#breadcrumb\",\"itemListElement\":[{\"@type\":\"ListItem\",\"position\":1,\"name\":\"Portada\",\"item\":\"https:\\\/\\\/exaudi.org\\\/it\\\/\"},{\"@type\":\"ListItem\",\"position\":2,\"name\":\"&#8220;Le doglie della creazione. La storia della creatura come mistero di gestazione&#8221;\"}]},{\"@type\":\"WebSite\",\"@id\":\"https:\\\/\\\/exaudi.org\\\/#website\",\"url\":\"https:\\\/\\\/exaudi.org\\\/\",\"name\":\"Exaudi\",\"description\":\"News\",\"potentialAction\":[{\"@type\":\"SearchAction\",\"target\":{\"@type\":\"EntryPoint\",\"urlTemplate\":\"https:\\\/\\\/exaudi.org\\\/?s={search_term_string}\"},\"query-input\":{\"@type\":\"PropertyValueSpecification\",\"valueRequired\":true,\"valueName\":\"search_term_string\"}}],\"inLanguage\":\"it-IT\"},{\"@type\":\"Person\",\"@id\":\"https:\\\/\\\/exaudi.org\\\/#\\\/schema\\\/person\\\/e1ab6ed07c01774724dd96f925f3a5f0\",\"name\":\"Exaudi Redazione\",\"image\":{\"@type\":\"ImageObject\",\"inLanguage\":\"it-IT\",\"@id\":\"https:\\\/\\\/secure.gravatar.com\\\/avatar\\\/ad6774b3ada023bf5b939d64f45c94b3adf91502dd883507d469b4308a943bb3?s=96&d=mm&r=g\",\"url\":\"https:\\\/\\\/secure.gravatar.com\\\/avatar\\\/ad6774b3ada023bf5b939d64f45c94b3adf91502dd883507d469b4308a943bb3?s=96&d=mm&r=g\",\"contentUrl\":\"https:\\\/\\\/secure.gravatar.com\\\/avatar\\\/ad6774b3ada023bf5b939d64f45c94b3adf91502dd883507d469b4308a943bb3?s=96&d=mm&r=g\",\"caption\":\"Exaudi Redazione\"},\"description\":\"Che cosa \u00e8 Exaudi News? Exaudi News \u00e8 un agenzia cattolica internazionale che informa, istruisce e trasforma quotidianamente in spagnolo, inglese e italiano. Attraverso notizie, articoli di analisi e trasmissioni in diretta degli eventi del Papa, Exaudi cerca di rafforzare l'unit\u00e0 dei cristiani e di contribuire all'evangelizzazione del mondo, sempre guidato dalla dottrina sociale della Chiesa. Lavoriamo per portare la verit\u00e0 e i valori cristiani in ogni angolo del pianeta. Aiutaci a trasformare il mondo con Exaudi! Noi di Exaudi crediamo che l'evangelizzazione e l'informazione di qualit\u00e0 possano cambiare la vita. Per continuare la nostra missione ed espandere la nostra portata, abbiamo bisogno del tuo aiuto. Stiamo anche cercando persone motivate che vogliano unirsi al nostro team. Grazie al vostro sostegno raggiungeremo pi\u00f9 persone, diffonderemo il messaggio di Cristo e rafforzeremo l'unit\u00e0 dei cristiani. Vuoi unirti alla nostra missione? Per maggiori informazioni su come contribuire, visita Exaudi.org\\\/it o contattaci direttamente: info@exaudi.org Exaudi: informa, forma e trasforma.\",\"sameAs\":[\"https:\\\/\\\/www.facebook.com\\\/ExaudiNotizie\\\/\",\"https:\\\/\\\/www.instagram.com\\\/Exaudi_notizie\\\/\",\"https:\\\/\\\/x.com\\\/Exaudi_Notizie\",\"https:\\\/\\\/www.youtube.com\\\/@exaudicatholicnews\"],\"url\":\"https:\\\/\\\/exaudi.org\\\/it\\\/author\\\/dlvedi-org\\\/\"}]}<\/script>\n<!-- \/ Yoast SEO plugin. -->","yoast_head_json":{"title":"\"Le doglie della creazione. La storia della creatura come mistero di gestazione\" &#8211; Exaudi","robots":{"index":"index","follow":"follow","max-snippet":"max-snippet:-1","max-image-preview":"max-image-preview:large","max-video-preview":"max-video-preview:-1"},"canonical":"https:\/\/exaudi.org\/it\/le-doglie-della-creazione-la-storia-della-creatura-come-mistero-di-gestazione\/","og_locale":"it_IT","og_type":"article","og_title":"\"Le doglie della creazione. La storia della creatura come mistero di gestazione\" &#8211; Exaudi","og_description":"Catechesi del Papa sulla vecchiaia","og_url":"https:\/\/exaudi.org\/it\/le-doglie-della-creazione-la-storia-della-creatura-come-mistero-di-gestazione\/","og_site_name":"Exaudi","article_publisher":"https:\/\/www.facebook.com\/ExaudiNews","article_author":"https:\/\/www.facebook.com\/ExaudiNotizie\/","article_published_time":"2022-08-24T15:13:43+00:00","article_modified_time":"2022-08-24T15:27:37+00:00","og_image":[{"width":2560,"height":1707,"url":"https:\/\/exaudi.org\/wp-content\/uploads\/2022\/08\/Catequesis-del-Papa-1-scaled.jpg","type":"image\/jpeg"}],"author":"Exaudi Redazione","twitter_card":"summary_large_image","twitter_creator":"@Exaudi_Notizie","twitter_site":"@Exaudi_News","twitter_misc":{"Scritto da":"Exaudi Redazione","Tempo di lettura stimato":"8 minuti"},"schema":{"@context":"https:\/\/schema.org","@graph":[{"@type":"Article","@id":"https:\/\/exaudi.org\/it\/le-doglie-della-creazione-la-storia-della-creatura-come-mistero-di-gestazione\/#article","isPartOf":{"@id":"https:\/\/exaudi.org\/it\/le-doglie-della-creazione-la-storia-della-creatura-come-mistero-di-gestazione\/"},"author":{"name":"Exaudi Redazione","@id":"https:\/\/exaudi.org\/#\/schema\/person\/e1ab6ed07c01774724dd96f925f3a5f0"},"headline":"&#8220;Le doglie della creazione. La storia della creatura come mistero di gestazione&#8221;","datePublished":"2022-08-24T15:13:43+00:00","dateModified":"2022-08-24T15:27:37+00:00","mainEntityOfPage":{"@id":"https:\/\/exaudi.org\/it\/le-doglie-della-creazione-la-storia-della-creatura-come-mistero-di-gestazione\/"},"wordCount":1564,"image":{"@id":"https:\/\/exaudi.org\/it\/le-doglie-della-creazione-la-storia-della-creatura-come-mistero-di-gestazione\/#primaryimage"},"thumbnailUrl":"https:\/\/exaudi.org\/wp-content\/uploads\/2022\/08\/Catequesis-del-Papa-1-scaled.jpg","keywords":["Catechesi del Santo Padre","vecchiaia"],"articleSection":["Leone XIV","Udienza generale"],"inLanguage":"it-IT"},{"@type":"WebPage","@id":"https:\/\/exaudi.org\/it\/le-doglie-della-creazione-la-storia-della-creatura-come-mistero-di-gestazione\/","url":"https:\/\/exaudi.org\/it\/le-doglie-della-creazione-la-storia-della-creatura-come-mistero-di-gestazione\/","name":"\"Le doglie della creazione. La storia della creatura come mistero di gestazione\" &#8211; Exaudi","isPartOf":{"@id":"https:\/\/exaudi.org\/#website"},"primaryImageOfPage":{"@id":"https:\/\/exaudi.org\/it\/le-doglie-della-creazione-la-storia-della-creatura-come-mistero-di-gestazione\/#primaryimage"},"image":{"@id":"https:\/\/exaudi.org\/it\/le-doglie-della-creazione-la-storia-della-creatura-come-mistero-di-gestazione\/#primaryimage"},"thumbnailUrl":"https:\/\/exaudi.org\/wp-content\/uploads\/2022\/08\/Catequesis-del-Papa-1-scaled.jpg","datePublished":"2022-08-24T15:13:43+00:00","dateModified":"2022-08-24T15:27:37+00:00","author":{"@id":"https:\/\/exaudi.org\/#\/schema\/person\/e1ab6ed07c01774724dd96f925f3a5f0"},"breadcrumb":{"@id":"https:\/\/exaudi.org\/it\/le-doglie-della-creazione-la-storia-della-creatura-come-mistero-di-gestazione\/#breadcrumb"},"inLanguage":"it-IT","potentialAction":[{"@type":"ReadAction","target":["https:\/\/exaudi.org\/it\/le-doglie-della-creazione-la-storia-della-creatura-come-mistero-di-gestazione\/"]}]},{"@type":"ImageObject","inLanguage":"it-IT","@id":"https:\/\/exaudi.org\/it\/le-doglie-della-creazione-la-storia-della-creatura-come-mistero-di-gestazione\/#primaryimage","url":"https:\/\/exaudi.org\/wp-content\/uploads\/2022\/08\/Catequesis-del-Papa-1-scaled.jpg","contentUrl":"https:\/\/exaudi.org\/wp-content\/uploads\/2022\/08\/Catequesis-del-Papa-1-scaled.jpg","width":2560,"height":1707,"caption":"\u00a9 Vatican Media"},{"@type":"BreadcrumbList","@id":"https:\/\/exaudi.org\/it\/le-doglie-della-creazione-la-storia-della-creatura-come-mistero-di-gestazione\/#breadcrumb","itemListElement":[{"@type":"ListItem","position":1,"name":"Portada","item":"https:\/\/exaudi.org\/it\/"},{"@type":"ListItem","position":2,"name":"&#8220;Le doglie della creazione. La storia della creatura come mistero di gestazione&#8221;"}]},{"@type":"WebSite","@id":"https:\/\/exaudi.org\/#website","url":"https:\/\/exaudi.org\/","name":"Exaudi","description":"News","potentialAction":[{"@type":"SearchAction","target":{"@type":"EntryPoint","urlTemplate":"https:\/\/exaudi.org\/?s={search_term_string}"},"query-input":{"@type":"PropertyValueSpecification","valueRequired":true,"valueName":"search_term_string"}}],"inLanguage":"it-IT"},{"@type":"Person","@id":"https:\/\/exaudi.org\/#\/schema\/person\/e1ab6ed07c01774724dd96f925f3a5f0","name":"Exaudi Redazione","image":{"@type":"ImageObject","inLanguage":"it-IT","@id":"https:\/\/secure.gravatar.com\/avatar\/ad6774b3ada023bf5b939d64f45c94b3adf91502dd883507d469b4308a943bb3?s=96&d=mm&r=g","url":"https:\/\/secure.gravatar.com\/avatar\/ad6774b3ada023bf5b939d64f45c94b3adf91502dd883507d469b4308a943bb3?s=96&d=mm&r=g","contentUrl":"https:\/\/secure.gravatar.com\/avatar\/ad6774b3ada023bf5b939d64f45c94b3adf91502dd883507d469b4308a943bb3?s=96&d=mm&r=g","caption":"Exaudi Redazione"},"description":"Che cosa \u00e8 Exaudi News? Exaudi News \u00e8 un agenzia cattolica internazionale che informa, istruisce e trasforma quotidianamente in spagnolo, inglese e italiano. Attraverso notizie, articoli di analisi e trasmissioni in diretta degli eventi del Papa, Exaudi cerca di rafforzare l'unit\u00e0 dei cristiani e di contribuire all'evangelizzazione del mondo, sempre guidato dalla dottrina sociale della Chiesa. Lavoriamo per portare la verit\u00e0 e i valori cristiani in ogni angolo del pianeta. Aiutaci a trasformare il mondo con Exaudi! Noi di Exaudi crediamo che l'evangelizzazione e l'informazione di qualit\u00e0 possano cambiare la vita. Per continuare la nostra missione ed espandere la nostra portata, abbiamo bisogno del tuo aiuto. Stiamo anche cercando persone motivate che vogliano unirsi al nostro team. Grazie al vostro sostegno raggiungeremo pi\u00f9 persone, diffonderemo il messaggio di Cristo e rafforzeremo l'unit\u00e0 dei cristiani. Vuoi unirti alla nostra missione? Per maggiori informazioni su come contribuire, visita Exaudi.org\/it o contattaci direttamente: info@exaudi.org Exaudi: informa, forma e trasforma.","sameAs":["https:\/\/www.facebook.com\/ExaudiNotizie\/","https:\/\/www.instagram.com\/Exaudi_notizie\/","https:\/\/x.com\/Exaudi_Notizie","https:\/\/www.youtube.com\/@exaudicatholicnews"],"url":"https:\/\/exaudi.org\/it\/author\/dlvedi-org\/"}]}},"jetpack_featured_media_url":"https:\/\/exaudi.org\/wp-content\/uploads\/2022\/08\/Catequesis-del-Papa-1-scaled.jpg","jetpack_shortlink":"https:\/\/wp.me\/pgKjF2-fQW","_links":{"self":[{"href":"https:\/\/exaudi.org\/it\/wp-json\/wp\/v2\/posts\/60942","targetHints":{"allow":["GET"]}}],"collection":[{"href":"https:\/\/exaudi.org\/it\/wp-json\/wp\/v2\/posts"}],"about":[{"href":"https:\/\/exaudi.org\/it\/wp-json\/wp\/v2\/types\/post"}],"author":[{"embeddable":true,"href":"https:\/\/exaudi.org\/it\/wp-json\/wp\/v2\/users\/17"}],"replies":[{"embeddable":true,"href":"https:\/\/exaudi.org\/it\/wp-json\/wp\/v2\/comments?post=60942"}],"version-history":[{"count":0,"href":"https:\/\/exaudi.org\/it\/wp-json\/wp\/v2\/posts\/60942\/revisions"}],"wp:featuredmedia":[{"embeddable":true,"href":"https:\/\/exaudi.org\/it\/wp-json\/wp\/v2\/media\/60940"}],"wp:attachment":[{"href":"https:\/\/exaudi.org\/it\/wp-json\/wp\/v2\/media?parent=60942"}],"wp:term":[{"taxonomy":"category","embeddable":true,"href":"https:\/\/exaudi.org\/it\/wp-json\/wp\/v2\/categories?post=60942"},{"taxonomy":"post_tag","embeddable":true,"href":"https:\/\/exaudi.org\/it\/wp-json\/wp\/v2\/tags?post=60942"}],"curies":[{"name":"wp","href":"https:\/\/api.w.org\/{rel}","templated":true}]}}