{"id":60924,"date":"2022-08-23T23:30:58","date_gmt":"2022-08-23T21:30:58","guid":{"rendered":"https:\/\/exaudi.org\/?p=60924"},"modified":"2022-08-23T23:30:58","modified_gmt":"2022-08-23T21:30:58","slug":"il-patrimonio-mobile-della-santa-sede-sara-gestito-dallo-ior","status":"publish","type":"post","link":"https:\/\/exaudi.org\/it\/il-patrimonio-mobile-della-santa-sede-sara-gestito-dallo-ior\/","title":{"rendered":"Il patrimonio mobile della Santa Sede sar\u00e0 gestito dallo IOR"},"content":{"rendered":"<p>Un breve rescritto di Papa Francesco pubblicato oggi su L\u2019Osservatore Romano precisa che l\u2019Istituto per le Opere di Religione ha la competenza esclusiva della gestione e che dicasteri, uffici ed enti collegati della Santa Sede debbano trasferire l\u00ec tutte le attivit\u00e0 finanziarie e le liquidit\u00e0.<\/p>\n<p><b>RESCRIPTUM EX AUDIENTIA SS.MI<\/b><\/p>\n<p>Istruzione sull\u2019Amministrazione e gestione delle attivit\u00e0 finanziarie e della liquidit\u00e0 della Santa Sede e delle Istituzioni collegate con la Santa Sede.<\/p>\n<p>1. Il Santo Padre Francesco, nell\u2019udienza concessa al Segretario di Stato, il giorno 22 agosto, ha stabilito di emanare la presente Istruzione sull\u2019amministrazione e gestione delle attivit\u00e0 finanziarie e della liquidit\u00e0 della Santa Sede e delle Istituzioni collegate con essa.<\/p>\n<p>2. Il Santo Padre ha disposto che esso abbia natura di interpretazione autentica delle disposizioni vigenti e abbia fermo e stabile vigore, nonostante qualsiasi cosa contraria anche se precedente al Rescritto o specificamente riferita a speciali cose.<\/p>\n<p>3.\u00a0<a href=\"https:\/\/www.vatican.va\/content\/francesco\/it\/apost_constitutions\/documents\/20220319-costituzione-ap-praedicate-evangelium.html#Amministrazione_del_Patrimonio_della_Sede_Apostolica\">L\u2019articolo 219<\/a>, paragrafo 3, della Costituzione Apostolica\u00a0<i><a href=\"https:\/\/www.vatican.va\/content\/francesco\/it\/apost_constitutions\/documents\/20220319-costituzione-ap-praedicate-evangelium.html\">Praedicate Evangelium<\/a><\/i>, emanata il 19 marzo 2022, deve interpretarsi nel senso che l\u2019attivit\u00e0 di gestore patrimoniale e di depositario del patrimonio mobiliare della Santa Sede e delle Istituzioni collegate con la Santa Sede compete in via esclusiva all\u2019Istituto per le Opere di Religione.<\/p>\n<p>4. La Santa Sede e le Istituzioni collegate con la Santa Sede che siano titolari di attivit\u00e0 finanziarie e liquidit\u00e0, in qualunque forma esse siano detenute, presso Istituzioni finanziarie diverse dallo IOR devono informare lo IOR e trasferirle presso di esso appena possibile entro 30 giorni dal 1\u00b0 settembre 2022.<\/p>\n<p>5. Esso entra in vigore immediatamente tramite pubblicazione sull\u2019Osservatore Romano. Eventuali atti adottati in precedenza in difformit\u00e0 devono essere resi conformi rispetto alle presenti istruzioni.<br \/>\nFRANCISCUS<\/p>\n","protected":false},"excerpt":{"rendered":"<p>RESCRIPTUM EX AUDIENTIA SS.MI: Rescritto del Santo Padre Francesco<\/p>\n","protected":false},"author":17,"featured_media":60926,"comment_status":"closed","ping_status":"closed","sticky":false,"template":"","format":"standard","meta":{"_acf_changed":false,"_crdt_document":"","inline_featured_image":false,"footnotes":""},"categories":[67,131],"tags":[878,2806,251],"class_list":["post-60924","post","type-post","status-publish","format-standard","has-post-thumbnail","hentry","category-leone-xiv","category-vaticano","tag-economia","tag-ior","tag-papa-francesco"],"acf":[],"yoast_head":"<!-- This site is optimized with the Yoast SEO plugin v27.4 - https:\/\/yoast.com\/product\/yoast-seo-wordpress\/ -->\n<title>Il patrimonio mobile della Santa Sede sar\u00e0 gestito dallo IOR &#8211; Exaudi<\/title>\n<meta name=\"robots\" content=\"index, follow, max-snippet:-1, max-image-preview:large, max-video-preview:-1\" \/>\n<link rel=\"canonical\" href=\"https:\/\/exaudi.org\/it\/il-patrimonio-mobile-della-santa-sede-sara-gestito-dallo-ior\/\" \/>\n<meta property=\"og:locale\" content=\"it_IT\" \/>\n<meta property=\"og:type\" content=\"article\" \/>\n<meta property=\"og:title\" content=\"Il patrimonio mobile della Santa Sede sar\u00e0 gestito dallo IOR &#8211; Exaudi\" \/>\n<meta property=\"og:description\" content=\"RESCRIPTUM EX AUDIENTIA SS.MI: Rescritto del Santo Padre Francesco\" \/>\n<meta property=\"og:url\" content=\"https:\/\/exaudi.org\/it\/il-patrimonio-mobile-della-santa-sede-sara-gestito-dallo-ior\/\" \/>\n<meta property=\"og:site_name\" content=\"Exaudi\" \/>\n<meta property=\"article:publisher\" content=\"https:\/\/www.facebook.com\/ExaudiNews\" \/>\n<meta property=\"article:author\" content=\"https:\/\/www.facebook.com\/ExaudiNotizie\/\" \/>\n<meta property=\"article:published_time\" content=\"2022-08-23T21:30:58+00:00\" \/>\n<meta property=\"og:image\" content=\"https:\/\/exaudi.org\/wp-content\/uploads\/2022\/08\/cq5dam.thumbnail.cropped.1000.563.jpeg\" \/>\n\t<meta property=\"og:image:width\" content=\"1000\" \/>\n\t<meta property=\"og:image:height\" content=\"563\" \/>\n\t<meta property=\"og:image:type\" content=\"image\/jpeg\" \/>\n<meta name=\"author\" content=\"Exaudi Redazione\" \/>\n<meta name=\"twitter:card\" content=\"summary_large_image\" \/>\n<meta name=\"twitter:creator\" content=\"@Exaudi_Notizie\" \/>\n<meta name=\"twitter:site\" content=\"@Exaudi_News\" \/>\n<meta name=\"twitter:label1\" content=\"Scritto da\" \/>\n\t<meta name=\"twitter:data1\" content=\"Exaudi Redazione\" \/>\n\t<meta name=\"twitter:label2\" content=\"Tempo di lettura stimato\" \/>\n\t<meta name=\"twitter:data2\" content=\"2 minuti\" \/>\n<script type=\"application\/ld+json\" class=\"yoast-schema-graph\">{\"@context\":\"https:\\\/\\\/schema.org\",\"@graph\":[{\"@type\":\"Article\",\"@id\":\"https:\\\/\\\/exaudi.org\\\/it\\\/il-patrimonio-mobile-della-santa-sede-sara-gestito-dallo-ior\\\/#article\",\"isPartOf\":{\"@id\":\"https:\\\/\\\/exaudi.org\\\/it\\\/il-patrimonio-mobile-della-santa-sede-sara-gestito-dallo-ior\\\/\"},\"author\":{\"name\":\"Exaudi Redazione\",\"@id\":\"https:\\\/\\\/exaudi.org\\\/#\\\/schema\\\/person\\\/e1ab6ed07c01774724dd96f925f3a5f0\"},\"headline\":\"Il patrimonio mobile della Santa Sede sar\u00e0 gestito dallo IOR\",\"datePublished\":\"2022-08-23T21:30:58+00:00\",\"mainEntityOfPage\":{\"@id\":\"https:\\\/\\\/exaudi.org\\\/it\\\/il-patrimonio-mobile-della-santa-sede-sara-gestito-dallo-ior\\\/\"},\"wordCount\":281,\"image\":{\"@id\":\"https:\\\/\\\/exaudi.org\\\/it\\\/il-patrimonio-mobile-della-santa-sede-sara-gestito-dallo-ior\\\/#primaryimage\"},\"thumbnailUrl\":\"https:\\\/\\\/exaudi.org\\\/wp-content\\\/uploads\\\/2022\\\/08\\\/cq5dam.thumbnail.cropped.1000.563.jpeg\",\"keywords\":[\"economia\",\"ior\",\"Papa Francesco\"],\"articleSection\":[\"Leone XIV\",\"Vaticano\"],\"inLanguage\":\"it-IT\"},{\"@type\":\"WebPage\",\"@id\":\"https:\\\/\\\/exaudi.org\\\/it\\\/il-patrimonio-mobile-della-santa-sede-sara-gestito-dallo-ior\\\/\",\"url\":\"https:\\\/\\\/exaudi.org\\\/it\\\/il-patrimonio-mobile-della-santa-sede-sara-gestito-dallo-ior\\\/\",\"name\":\"Il patrimonio mobile della Santa Sede sar\u00e0 gestito dallo IOR &#8211; Exaudi\",\"isPartOf\":{\"@id\":\"https:\\\/\\\/exaudi.org\\\/#website\"},\"primaryImageOfPage\":{\"@id\":\"https:\\\/\\\/exaudi.org\\\/it\\\/il-patrimonio-mobile-della-santa-sede-sara-gestito-dallo-ior\\\/#primaryimage\"},\"image\":{\"@id\":\"https:\\\/\\\/exaudi.org\\\/it\\\/il-patrimonio-mobile-della-santa-sede-sara-gestito-dallo-ior\\\/#primaryimage\"},\"thumbnailUrl\":\"https:\\\/\\\/exaudi.org\\\/wp-content\\\/uploads\\\/2022\\\/08\\\/cq5dam.thumbnail.cropped.1000.563.jpeg\",\"datePublished\":\"2022-08-23T21:30:58+00:00\",\"author\":{\"@id\":\"https:\\\/\\\/exaudi.org\\\/#\\\/schema\\\/person\\\/e1ab6ed07c01774724dd96f925f3a5f0\"},\"breadcrumb\":{\"@id\":\"https:\\\/\\\/exaudi.org\\\/it\\\/il-patrimonio-mobile-della-santa-sede-sara-gestito-dallo-ior\\\/#breadcrumb\"},\"inLanguage\":\"it-IT\",\"potentialAction\":[{\"@type\":\"ReadAction\",\"target\":[\"https:\\\/\\\/exaudi.org\\\/it\\\/il-patrimonio-mobile-della-santa-sede-sara-gestito-dallo-ior\\\/\"]}]},{\"@type\":\"ImageObject\",\"inLanguage\":\"it-IT\",\"@id\":\"https:\\\/\\\/exaudi.org\\\/it\\\/il-patrimonio-mobile-della-santa-sede-sara-gestito-dallo-ior\\\/#primaryimage\",\"url\":\"https:\\\/\\\/exaudi.org\\\/wp-content\\\/uploads\\\/2022\\\/08\\\/cq5dam.thumbnail.cropped.1000.563.jpeg\",\"contentUrl\":\"https:\\\/\\\/exaudi.org\\\/wp-content\\\/uploads\\\/2022\\\/08\\\/cq5dam.thumbnail.cropped.1000.563.jpeg\",\"width\":1000,\"height\":563,\"caption\":\"\u00a9 Vatican Media\"},{\"@type\":\"BreadcrumbList\",\"@id\":\"https:\\\/\\\/exaudi.org\\\/it\\\/il-patrimonio-mobile-della-santa-sede-sara-gestito-dallo-ior\\\/#breadcrumb\",\"itemListElement\":[{\"@type\":\"ListItem\",\"position\":1,\"name\":\"Portada\",\"item\":\"https:\\\/\\\/exaudi.org\\\/it\\\/\"},{\"@type\":\"ListItem\",\"position\":2,\"name\":\"Il patrimonio mobile della Santa Sede sar\u00e0 gestito dallo IOR\"}]},{\"@type\":\"WebSite\",\"@id\":\"https:\\\/\\\/exaudi.org\\\/#website\",\"url\":\"https:\\\/\\\/exaudi.org\\\/\",\"name\":\"Exaudi\",\"description\":\"News\",\"potentialAction\":[{\"@type\":\"SearchAction\",\"target\":{\"@type\":\"EntryPoint\",\"urlTemplate\":\"https:\\\/\\\/exaudi.org\\\/?s={search_term_string}\"},\"query-input\":{\"@type\":\"PropertyValueSpecification\",\"valueRequired\":true,\"valueName\":\"search_term_string\"}}],\"inLanguage\":\"it-IT\"},{\"@type\":\"Person\",\"@id\":\"https:\\\/\\\/exaudi.org\\\/#\\\/schema\\\/person\\\/e1ab6ed07c01774724dd96f925f3a5f0\",\"name\":\"Exaudi Redazione\",\"image\":{\"@type\":\"ImageObject\",\"inLanguage\":\"it-IT\",\"@id\":\"https:\\\/\\\/secure.gravatar.com\\\/avatar\\\/ad6774b3ada023bf5b939d64f45c94b3adf91502dd883507d469b4308a943bb3?s=96&d=mm&r=g\",\"url\":\"https:\\\/\\\/secure.gravatar.com\\\/avatar\\\/ad6774b3ada023bf5b939d64f45c94b3adf91502dd883507d469b4308a943bb3?s=96&d=mm&r=g\",\"contentUrl\":\"https:\\\/\\\/secure.gravatar.com\\\/avatar\\\/ad6774b3ada023bf5b939d64f45c94b3adf91502dd883507d469b4308a943bb3?s=96&d=mm&r=g\",\"caption\":\"Exaudi Redazione\"},\"description\":\"Che cosa \u00e8 Exaudi News? Exaudi News \u00e8 un agenzia cattolica internazionale che informa, istruisce e trasforma quotidianamente in spagnolo, inglese e italiano. Attraverso notizie, articoli di analisi e trasmissioni in diretta degli eventi del Papa, Exaudi cerca di rafforzare l'unit\u00e0 dei cristiani e di contribuire all'evangelizzazione del mondo, sempre guidato dalla dottrina sociale della Chiesa. Lavoriamo per portare la verit\u00e0 e i valori cristiani in ogni angolo del pianeta. Aiutaci a trasformare il mondo con Exaudi! Noi di Exaudi crediamo che l'evangelizzazione e l'informazione di qualit\u00e0 possano cambiare la vita. Per continuare la nostra missione ed espandere la nostra portata, abbiamo bisogno del tuo aiuto. Stiamo anche cercando persone motivate che vogliano unirsi al nostro team. Grazie al vostro sostegno raggiungeremo pi\u00f9 persone, diffonderemo il messaggio di Cristo e rafforzeremo l'unit\u00e0 dei cristiani. Vuoi unirti alla nostra missione? Per maggiori informazioni su come contribuire, visita Exaudi.org\\\/it o contattaci direttamente: info@exaudi.org Exaudi: informa, forma e trasforma.\",\"sameAs\":[\"https:\\\/\\\/www.facebook.com\\\/ExaudiNotizie\\\/\",\"https:\\\/\\\/www.instagram.com\\\/Exaudi_notizie\\\/\",\"https:\\\/\\\/x.com\\\/Exaudi_Notizie\",\"https:\\\/\\\/www.youtube.com\\\/@exaudicatholicnews\"],\"url\":\"https:\\\/\\\/exaudi.org\\\/it\\\/author\\\/dlvedi-org\\\/\"}]}<\/script>\n<!-- \/ Yoast SEO plugin. -->","yoast_head_json":{"title":"Il patrimonio mobile della Santa Sede sar\u00e0 gestito dallo IOR &#8211; Exaudi","robots":{"index":"index","follow":"follow","max-snippet":"max-snippet:-1","max-image-preview":"max-image-preview:large","max-video-preview":"max-video-preview:-1"},"canonical":"https:\/\/exaudi.org\/it\/il-patrimonio-mobile-della-santa-sede-sara-gestito-dallo-ior\/","og_locale":"it_IT","og_type":"article","og_title":"Il patrimonio mobile della Santa Sede sar\u00e0 gestito dallo IOR &#8211; Exaudi","og_description":"RESCRIPTUM EX AUDIENTIA SS.MI: Rescritto del Santo Padre Francesco","og_url":"https:\/\/exaudi.org\/it\/il-patrimonio-mobile-della-santa-sede-sara-gestito-dallo-ior\/","og_site_name":"Exaudi","article_publisher":"https:\/\/www.facebook.com\/ExaudiNews","article_author":"https:\/\/www.facebook.com\/ExaudiNotizie\/","article_published_time":"2022-08-23T21:30:58+00:00","og_image":[{"width":1000,"height":563,"url":"https:\/\/exaudi.org\/wp-content\/uploads\/2022\/08\/cq5dam.thumbnail.cropped.1000.563.jpeg","type":"image\/jpeg"}],"author":"Exaudi Redazione","twitter_card":"summary_large_image","twitter_creator":"@Exaudi_Notizie","twitter_site":"@Exaudi_News","twitter_misc":{"Scritto da":"Exaudi Redazione","Tempo di lettura stimato":"2 minuti"},"schema":{"@context":"https:\/\/schema.org","@graph":[{"@type":"Article","@id":"https:\/\/exaudi.org\/it\/il-patrimonio-mobile-della-santa-sede-sara-gestito-dallo-ior\/#article","isPartOf":{"@id":"https:\/\/exaudi.org\/it\/il-patrimonio-mobile-della-santa-sede-sara-gestito-dallo-ior\/"},"author":{"name":"Exaudi Redazione","@id":"https:\/\/exaudi.org\/#\/schema\/person\/e1ab6ed07c01774724dd96f925f3a5f0"},"headline":"Il patrimonio mobile della Santa Sede sar\u00e0 gestito dallo IOR","datePublished":"2022-08-23T21:30:58+00:00","mainEntityOfPage":{"@id":"https:\/\/exaudi.org\/it\/il-patrimonio-mobile-della-santa-sede-sara-gestito-dallo-ior\/"},"wordCount":281,"image":{"@id":"https:\/\/exaudi.org\/it\/il-patrimonio-mobile-della-santa-sede-sara-gestito-dallo-ior\/#primaryimage"},"thumbnailUrl":"https:\/\/exaudi.org\/wp-content\/uploads\/2022\/08\/cq5dam.thumbnail.cropped.1000.563.jpeg","keywords":["economia","ior","Papa Francesco"],"articleSection":["Leone XIV","Vaticano"],"inLanguage":"it-IT"},{"@type":"WebPage","@id":"https:\/\/exaudi.org\/it\/il-patrimonio-mobile-della-santa-sede-sara-gestito-dallo-ior\/","url":"https:\/\/exaudi.org\/it\/il-patrimonio-mobile-della-santa-sede-sara-gestito-dallo-ior\/","name":"Il patrimonio mobile della Santa Sede sar\u00e0 gestito dallo IOR &#8211; Exaudi","isPartOf":{"@id":"https:\/\/exaudi.org\/#website"},"primaryImageOfPage":{"@id":"https:\/\/exaudi.org\/it\/il-patrimonio-mobile-della-santa-sede-sara-gestito-dallo-ior\/#primaryimage"},"image":{"@id":"https:\/\/exaudi.org\/it\/il-patrimonio-mobile-della-santa-sede-sara-gestito-dallo-ior\/#primaryimage"},"thumbnailUrl":"https:\/\/exaudi.org\/wp-content\/uploads\/2022\/08\/cq5dam.thumbnail.cropped.1000.563.jpeg","datePublished":"2022-08-23T21:30:58+00:00","author":{"@id":"https:\/\/exaudi.org\/#\/schema\/person\/e1ab6ed07c01774724dd96f925f3a5f0"},"breadcrumb":{"@id":"https:\/\/exaudi.org\/it\/il-patrimonio-mobile-della-santa-sede-sara-gestito-dallo-ior\/#breadcrumb"},"inLanguage":"it-IT","potentialAction":[{"@type":"ReadAction","target":["https:\/\/exaudi.org\/it\/il-patrimonio-mobile-della-santa-sede-sara-gestito-dallo-ior\/"]}]},{"@type":"ImageObject","inLanguage":"it-IT","@id":"https:\/\/exaudi.org\/it\/il-patrimonio-mobile-della-santa-sede-sara-gestito-dallo-ior\/#primaryimage","url":"https:\/\/exaudi.org\/wp-content\/uploads\/2022\/08\/cq5dam.thumbnail.cropped.1000.563.jpeg","contentUrl":"https:\/\/exaudi.org\/wp-content\/uploads\/2022\/08\/cq5dam.thumbnail.cropped.1000.563.jpeg","width":1000,"height":563,"caption":"\u00a9 Vatican Media"},{"@type":"BreadcrumbList","@id":"https:\/\/exaudi.org\/it\/il-patrimonio-mobile-della-santa-sede-sara-gestito-dallo-ior\/#breadcrumb","itemListElement":[{"@type":"ListItem","position":1,"name":"Portada","item":"https:\/\/exaudi.org\/it\/"},{"@type":"ListItem","position":2,"name":"Il patrimonio mobile della Santa Sede sar\u00e0 gestito dallo IOR"}]},{"@type":"WebSite","@id":"https:\/\/exaudi.org\/#website","url":"https:\/\/exaudi.org\/","name":"Exaudi","description":"News","potentialAction":[{"@type":"SearchAction","target":{"@type":"EntryPoint","urlTemplate":"https:\/\/exaudi.org\/?s={search_term_string}"},"query-input":{"@type":"PropertyValueSpecification","valueRequired":true,"valueName":"search_term_string"}}],"inLanguage":"it-IT"},{"@type":"Person","@id":"https:\/\/exaudi.org\/#\/schema\/person\/e1ab6ed07c01774724dd96f925f3a5f0","name":"Exaudi Redazione","image":{"@type":"ImageObject","inLanguage":"it-IT","@id":"https:\/\/secure.gravatar.com\/avatar\/ad6774b3ada023bf5b939d64f45c94b3adf91502dd883507d469b4308a943bb3?s=96&d=mm&r=g","url":"https:\/\/secure.gravatar.com\/avatar\/ad6774b3ada023bf5b939d64f45c94b3adf91502dd883507d469b4308a943bb3?s=96&d=mm&r=g","contentUrl":"https:\/\/secure.gravatar.com\/avatar\/ad6774b3ada023bf5b939d64f45c94b3adf91502dd883507d469b4308a943bb3?s=96&d=mm&r=g","caption":"Exaudi Redazione"},"description":"Che cosa \u00e8 Exaudi News? Exaudi News \u00e8 un agenzia cattolica internazionale che informa, istruisce e trasforma quotidianamente in spagnolo, inglese e italiano. Attraverso notizie, articoli di analisi e trasmissioni in diretta degli eventi del Papa, Exaudi cerca di rafforzare l'unit\u00e0 dei cristiani e di contribuire all'evangelizzazione del mondo, sempre guidato dalla dottrina sociale della Chiesa. Lavoriamo per portare la verit\u00e0 e i valori cristiani in ogni angolo del pianeta. Aiutaci a trasformare il mondo con Exaudi! Noi di Exaudi crediamo che l'evangelizzazione e l'informazione di qualit\u00e0 possano cambiare la vita. Per continuare la nostra missione ed espandere la nostra portata, abbiamo bisogno del tuo aiuto. Stiamo anche cercando persone motivate che vogliano unirsi al nostro team. Grazie al vostro sostegno raggiungeremo pi\u00f9 persone, diffonderemo il messaggio di Cristo e rafforzeremo l'unit\u00e0 dei cristiani. Vuoi unirti alla nostra missione? Per maggiori informazioni su come contribuire, visita Exaudi.org\/it o contattaci direttamente: info@exaudi.org Exaudi: informa, forma e trasforma.","sameAs":["https:\/\/www.facebook.com\/ExaudiNotizie\/","https:\/\/www.instagram.com\/Exaudi_notizie\/","https:\/\/x.com\/Exaudi_Notizie","https:\/\/www.youtube.com\/@exaudicatholicnews"],"url":"https:\/\/exaudi.org\/it\/author\/dlvedi-org\/"}]}},"jetpack_featured_media_url":"https:\/\/exaudi.org\/wp-content\/uploads\/2022\/08\/cq5dam.thumbnail.cropped.1000.563.jpeg","jetpack_shortlink":"https:\/\/wp.me\/pgKjF2-fQE","_links":{"self":[{"href":"https:\/\/exaudi.org\/it\/wp-json\/wp\/v2\/posts\/60924","targetHints":{"allow":["GET"]}}],"collection":[{"href":"https:\/\/exaudi.org\/it\/wp-json\/wp\/v2\/posts"}],"about":[{"href":"https:\/\/exaudi.org\/it\/wp-json\/wp\/v2\/types\/post"}],"author":[{"embeddable":true,"href":"https:\/\/exaudi.org\/it\/wp-json\/wp\/v2\/users\/17"}],"replies":[{"embeddable":true,"href":"https:\/\/exaudi.org\/it\/wp-json\/wp\/v2\/comments?post=60924"}],"version-history":[{"count":0,"href":"https:\/\/exaudi.org\/it\/wp-json\/wp\/v2\/posts\/60924\/revisions"}],"wp:featuredmedia":[{"embeddable":true,"href":"https:\/\/exaudi.org\/it\/wp-json\/wp\/v2\/media\/60926"}],"wp:attachment":[{"href":"https:\/\/exaudi.org\/it\/wp-json\/wp\/v2\/media?parent=60924"}],"wp:term":[{"taxonomy":"category","embeddable":true,"href":"https:\/\/exaudi.org\/it\/wp-json\/wp\/v2\/categories?post=60924"},{"taxonomy":"post_tag","embeddable":true,"href":"https:\/\/exaudi.org\/it\/wp-json\/wp\/v2\/tags?post=60924"}],"curies":[{"name":"wp","href":"https:\/\/api.w.org\/{rel}","templated":true}]}}