{"id":60840,"date":"2022-08-19T20:00:09","date_gmt":"2022-08-19T18:00:09","guid":{"rendered":"https:\/\/exaudi.org\/?p=60840"},"modified":"2022-08-20T20:28:27","modified_gmt":"2022-08-20T18:28:27","slug":"papa-francesco-non-ci-sono-prove-sufficienti-per-indagare-il-cardinale-ouellet","status":"publish","type":"post","link":"https:\/\/exaudi.org\/it\/papa-francesco-non-ci-sono-prove-sufficienti-per-indagare-il-cardinale-ouellet\/","title":{"rendered":"Papa Francesco: non ci sono prove sufficienti per indagare il cardinale Ouellet"},"content":{"rendered":"<div class=\"titolo\">\n<div class=\"bulltitledate titolo\">\n<p style=\"text-align: left\">Papa Francesco afferma che &#8220;non ci sono elementi sufficienti per aprire un&#8217;indagine canonica sulla violenza sessuale del cardinale Ouellet nei confronti della persona F&#8221;. I fatti sarebbero avvenuti pi\u00f9 di dieci anni fa, quando l&#8217;attuale prefetto del dicastero per i vescovi era vescovo di Quebec, e sono stati denunciati da una donna.<\/p>\n<p style=\"text-align: left\">\u00c8 quanto ha affermato Matteo Bruni, direttore della Sala Stampa della Santa Sede, in una dichiarazione rilasciata il 18 agosto 2022.<\/p>\n<p style=\"text-align: left\"><strong>Dichiarazione <\/strong><\/p>\n<div class=\"notizia\" style=\"text-align: left\">\n<div class=\"notizie bullnews\">\n<div>\n<p style=\"text-align: left\">In merito alle affermazioni dei giorni scorsi riportate dalla stampa e riguardanti l\u2019Em.mo Cardinale Marc Ouellet, P.S.S., il Direttore della Sala Stampa della Santa Sede, Matteo Bruni, dichiara che: \u201cterminata l\u2019indagine preliminare affidata dal Papa al P. Jacques Servais, S.I., la cui conclusione \u00e8 stata che non ci sono elementi per dare inizio a un processo nei confronti del Cardinale Ouellet per aggressione sessuale, avendo consultato nuovamente il P. Servais e avendo ricevuto conferma che \u2018Il n&#8217;y a aucun motif fond\u00e9 pour ouvrir une enqu\u00eate pour agression sexuelle de la personne F. de la part du Card. M. Ouellet. Ni dans son rapport \u00e9crit et envoy\u00e9 au Saint-P\u00e8re, ni dans le t\u00e9moignage via Zoom que j&#8217;ai recueilli par la suite en pr\u00e9sence d&#8217;un membre du Comit\u00e9 dioc\u00e9sain\u00a0<i>ad hoc<\/i>, cette personne n&#8217;a port\u00e9 une accusation qui fournirait mati\u00e8re \u00e0 une telle enqu\u00eate.\u2019, a seguito di ulteriori pertinenti consultazioni, Papa Francesco dichiara che non sussistono elementi sufficienti ad aprire un\u2019indagine canonica per aggressione sessuale da parte del Cardinale Ouellet nei confronti della persona F.\u201d.<\/p>\n<\/div>\n<\/div>\n<\/div>\n<\/div>\n<\/div>\n","protected":false},"excerpt":{"rendered":"<p>L&#8217;accusa sarebbe avvenuta pi\u00f9 di dieci anni fa<\/p>\n","protected":false},"author":17,"featured_media":60780,"comment_status":"closed","ping_status":"closed","sticky":false,"template":"","format":"standard","meta":{"_acf_changed":false,"_crdt_document":"","inline_featured_image":false,"footnotes":""},"categories":[58],"tags":[6760,4952],"class_list":["post-60840","post","type-post","status-publish","format-standard","has-post-thumbnail","hentry","category-featured-news","tag-cardinale-ouellet","tag-trending-it"],"acf":[],"yoast_head":"<!-- This site is optimized with the Yoast SEO plugin v27.4 - https:\/\/yoast.com\/product\/yoast-seo-wordpress\/ -->\n<title>Papa Francesco: non ci sono prove sufficienti per indagare il cardinale Ouellet &#8211; Exaudi<\/title>\n<meta name=\"robots\" content=\"index, follow, max-snippet:-1, max-image-preview:large, max-video-preview:-1\" \/>\n<link rel=\"canonical\" href=\"https:\/\/exaudi.org\/it\/papa-francesco-non-ci-sono-prove-sufficienti-per-indagare-il-cardinale-ouellet\/\" \/>\n<meta property=\"og:locale\" content=\"it_IT\" \/>\n<meta property=\"og:type\" content=\"article\" \/>\n<meta property=\"og:title\" content=\"Papa Francesco: non ci sono prove sufficienti per indagare il cardinale Ouellet &#8211; Exaudi\" \/>\n<meta property=\"og:description\" content=\"L&#039;accusa sarebbe avvenuta pi\u00f9 di dieci anni fa\" \/>\n<meta property=\"og:url\" content=\"https:\/\/exaudi.org\/it\/papa-francesco-non-ci-sono-prove-sufficienti-per-indagare-il-cardinale-ouellet\/\" \/>\n<meta property=\"og:site_name\" content=\"Exaudi\" \/>\n<meta property=\"article:publisher\" content=\"https:\/\/www.facebook.com\/ExaudiNews\" \/>\n<meta property=\"article:author\" content=\"https:\/\/www.facebook.com\/ExaudiNotizie\/\" \/>\n<meta property=\"article:published_time\" content=\"2022-08-19T18:00:09+00:00\" \/>\n<meta property=\"article:modified_time\" content=\"2022-08-20T18:28:27+00:00\" \/>\n<meta property=\"og:image\" content=\"https:\/\/exaudi.org\/wp-content\/uploads\/2022\/08\/Screenshot-2022-08-19-at-10.40.56-1.png\" \/>\n\t<meta property=\"og:image:width\" content=\"2552\" \/>\n\t<meta property=\"og:image:height\" content=\"1430\" \/>\n\t<meta property=\"og:image:type\" content=\"image\/png\" \/>\n<meta name=\"author\" content=\"Exaudi Redazione\" \/>\n<meta name=\"twitter:card\" content=\"summary_large_image\" \/>\n<meta name=\"twitter:creator\" content=\"@Exaudi_Notizie\" \/>\n<meta name=\"twitter:site\" content=\"@Exaudi_News\" \/>\n<meta name=\"twitter:label1\" content=\"Scritto da\" \/>\n\t<meta name=\"twitter:data1\" content=\"Exaudi Redazione\" \/>\n\t<meta name=\"twitter:label2\" content=\"Tempo di lettura stimato\" \/>\n\t<meta name=\"twitter:data2\" content=\"2 minuti\" \/>\n<script type=\"application\/ld+json\" class=\"yoast-schema-graph\">{\"@context\":\"https:\\\/\\\/schema.org\",\"@graph\":[{\"@type\":\"Article\",\"@id\":\"https:\\\/\\\/exaudi.org\\\/it\\\/papa-francesco-non-ci-sono-prove-sufficienti-per-indagare-il-cardinale-ouellet\\\/#article\",\"isPartOf\":{\"@id\":\"https:\\\/\\\/exaudi.org\\\/it\\\/papa-francesco-non-ci-sono-prove-sufficienti-per-indagare-il-cardinale-ouellet\\\/\"},\"author\":{\"name\":\"Exaudi Redazione\",\"@id\":\"https:\\\/\\\/exaudi.org\\\/#\\\/schema\\\/person\\\/e1ab6ed07c01774724dd96f925f3a5f0\"},\"headline\":\"Papa Francesco: non ci sono prove sufficienti per indagare il cardinale Ouellet\",\"datePublished\":\"2022-08-19T18:00:09+00:00\",\"dateModified\":\"2022-08-20T18:28:27+00:00\",\"mainEntityOfPage\":{\"@id\":\"https:\\\/\\\/exaudi.org\\\/it\\\/papa-francesco-non-ci-sono-prove-sufficienti-per-indagare-il-cardinale-ouellet\\\/\"},\"wordCount\":274,\"image\":{\"@id\":\"https:\\\/\\\/exaudi.org\\\/it\\\/papa-francesco-non-ci-sono-prove-sufficienti-per-indagare-il-cardinale-ouellet\\\/#primaryimage\"},\"thumbnailUrl\":\"https:\\\/\\\/exaudi.org\\\/wp-content\\\/uploads\\\/2022\\\/08\\\/Screenshot-2022-08-19-at-10.40.56-1.png\",\"keywords\":[\"Cardinale Ouellet\",\"Trending\"],\"articleSection\":[\"Featured News\"],\"inLanguage\":\"it-IT\"},{\"@type\":\"WebPage\",\"@id\":\"https:\\\/\\\/exaudi.org\\\/it\\\/papa-francesco-non-ci-sono-prove-sufficienti-per-indagare-il-cardinale-ouellet\\\/\",\"url\":\"https:\\\/\\\/exaudi.org\\\/it\\\/papa-francesco-non-ci-sono-prove-sufficienti-per-indagare-il-cardinale-ouellet\\\/\",\"name\":\"Papa Francesco: non ci sono prove sufficienti per indagare il cardinale Ouellet &#8211; Exaudi\",\"isPartOf\":{\"@id\":\"https:\\\/\\\/exaudi.org\\\/#website\"},\"primaryImageOfPage\":{\"@id\":\"https:\\\/\\\/exaudi.org\\\/it\\\/papa-francesco-non-ci-sono-prove-sufficienti-per-indagare-il-cardinale-ouellet\\\/#primaryimage\"},\"image\":{\"@id\":\"https:\\\/\\\/exaudi.org\\\/it\\\/papa-francesco-non-ci-sono-prove-sufficienti-per-indagare-il-cardinale-ouellet\\\/#primaryimage\"},\"thumbnailUrl\":\"https:\\\/\\\/exaudi.org\\\/wp-content\\\/uploads\\\/2022\\\/08\\\/Screenshot-2022-08-19-at-10.40.56-1.png\",\"datePublished\":\"2022-08-19T18:00:09+00:00\",\"dateModified\":\"2022-08-20T18:28:27+00:00\",\"author\":{\"@id\":\"https:\\\/\\\/exaudi.org\\\/#\\\/schema\\\/person\\\/e1ab6ed07c01774724dd96f925f3a5f0\"},\"breadcrumb\":{\"@id\":\"https:\\\/\\\/exaudi.org\\\/it\\\/papa-francesco-non-ci-sono-prove-sufficienti-per-indagare-il-cardinale-ouellet\\\/#breadcrumb\"},\"inLanguage\":\"it-IT\",\"potentialAction\":[{\"@type\":\"ReadAction\",\"target\":[\"https:\\\/\\\/exaudi.org\\\/it\\\/papa-francesco-non-ci-sono-prove-sufficienti-per-indagare-il-cardinale-ouellet\\\/\"]}]},{\"@type\":\"ImageObject\",\"inLanguage\":\"it-IT\",\"@id\":\"https:\\\/\\\/exaudi.org\\\/it\\\/papa-francesco-non-ci-sono-prove-sufficienti-per-indagare-il-cardinale-ouellet\\\/#primaryimage\",\"url\":\"https:\\\/\\\/exaudi.org\\\/wp-content\\\/uploads\\\/2022\\\/08\\\/Screenshot-2022-08-19-at-10.40.56-1.png\",\"contentUrl\":\"https:\\\/\\\/exaudi.org\\\/wp-content\\\/uploads\\\/2022\\\/08\\\/Screenshot-2022-08-19-at-10.40.56-1.png\",\"width\":2552,\"height\":1430,\"caption\":\"\u00a9 Vatican Media\"},{\"@type\":\"BreadcrumbList\",\"@id\":\"https:\\\/\\\/exaudi.org\\\/it\\\/papa-francesco-non-ci-sono-prove-sufficienti-per-indagare-il-cardinale-ouellet\\\/#breadcrumb\",\"itemListElement\":[{\"@type\":\"ListItem\",\"position\":1,\"name\":\"Portada\",\"item\":\"https:\\\/\\\/exaudi.org\\\/it\\\/\"},{\"@type\":\"ListItem\",\"position\":2,\"name\":\"Papa Francesco: non ci sono prove sufficienti per indagare il cardinale Ouellet\"}]},{\"@type\":\"WebSite\",\"@id\":\"https:\\\/\\\/exaudi.org\\\/#website\",\"url\":\"https:\\\/\\\/exaudi.org\\\/\",\"name\":\"Exaudi\",\"description\":\"News\",\"potentialAction\":[{\"@type\":\"SearchAction\",\"target\":{\"@type\":\"EntryPoint\",\"urlTemplate\":\"https:\\\/\\\/exaudi.org\\\/?s={search_term_string}\"},\"query-input\":{\"@type\":\"PropertyValueSpecification\",\"valueRequired\":true,\"valueName\":\"search_term_string\"}}],\"inLanguage\":\"it-IT\"},{\"@type\":\"Person\",\"@id\":\"https:\\\/\\\/exaudi.org\\\/#\\\/schema\\\/person\\\/e1ab6ed07c01774724dd96f925f3a5f0\",\"name\":\"Exaudi Redazione\",\"image\":{\"@type\":\"ImageObject\",\"inLanguage\":\"it-IT\",\"@id\":\"https:\\\/\\\/secure.gravatar.com\\\/avatar\\\/ad6774b3ada023bf5b939d64f45c94b3adf91502dd883507d469b4308a943bb3?s=96&d=mm&r=g\",\"url\":\"https:\\\/\\\/secure.gravatar.com\\\/avatar\\\/ad6774b3ada023bf5b939d64f45c94b3adf91502dd883507d469b4308a943bb3?s=96&d=mm&r=g\",\"contentUrl\":\"https:\\\/\\\/secure.gravatar.com\\\/avatar\\\/ad6774b3ada023bf5b939d64f45c94b3adf91502dd883507d469b4308a943bb3?s=96&d=mm&r=g\",\"caption\":\"Exaudi Redazione\"},\"description\":\"Che cosa \u00e8 Exaudi News? Exaudi News \u00e8 un agenzia cattolica internazionale che informa, istruisce e trasforma quotidianamente in spagnolo, inglese e italiano. Attraverso notizie, articoli di analisi e trasmissioni in diretta degli eventi del Papa, Exaudi cerca di rafforzare l'unit\u00e0 dei cristiani e di contribuire all'evangelizzazione del mondo, sempre guidato dalla dottrina sociale della Chiesa. Lavoriamo per portare la verit\u00e0 e i valori cristiani in ogni angolo del pianeta. Aiutaci a trasformare il mondo con Exaudi! Noi di Exaudi crediamo che l'evangelizzazione e l'informazione di qualit\u00e0 possano cambiare la vita. Per continuare la nostra missione ed espandere la nostra portata, abbiamo bisogno del tuo aiuto. Stiamo anche cercando persone motivate che vogliano unirsi al nostro team. Grazie al vostro sostegno raggiungeremo pi\u00f9 persone, diffonderemo il messaggio di Cristo e rafforzeremo l'unit\u00e0 dei cristiani. Vuoi unirti alla nostra missione? Per maggiori informazioni su come contribuire, visita Exaudi.org\\\/it o contattaci direttamente: info@exaudi.org Exaudi: informa, forma e trasforma.\",\"sameAs\":[\"https:\\\/\\\/www.facebook.com\\\/ExaudiNotizie\\\/\",\"https:\\\/\\\/www.instagram.com\\\/Exaudi_notizie\\\/\",\"https:\\\/\\\/x.com\\\/Exaudi_Notizie\",\"https:\\\/\\\/www.youtube.com\\\/@exaudicatholicnews\"],\"url\":\"https:\\\/\\\/exaudi.org\\\/it\\\/author\\\/dlvedi-org\\\/\"}]}<\/script>\n<!-- \/ Yoast SEO plugin. -->","yoast_head_json":{"title":"Papa Francesco: non ci sono prove sufficienti per indagare il cardinale Ouellet &#8211; Exaudi","robots":{"index":"index","follow":"follow","max-snippet":"max-snippet:-1","max-image-preview":"max-image-preview:large","max-video-preview":"max-video-preview:-1"},"canonical":"https:\/\/exaudi.org\/it\/papa-francesco-non-ci-sono-prove-sufficienti-per-indagare-il-cardinale-ouellet\/","og_locale":"it_IT","og_type":"article","og_title":"Papa Francesco: non ci sono prove sufficienti per indagare il cardinale Ouellet &#8211; Exaudi","og_description":"L'accusa sarebbe avvenuta pi\u00f9 di dieci anni fa","og_url":"https:\/\/exaudi.org\/it\/papa-francesco-non-ci-sono-prove-sufficienti-per-indagare-il-cardinale-ouellet\/","og_site_name":"Exaudi","article_publisher":"https:\/\/www.facebook.com\/ExaudiNews","article_author":"https:\/\/www.facebook.com\/ExaudiNotizie\/","article_published_time":"2022-08-19T18:00:09+00:00","article_modified_time":"2022-08-20T18:28:27+00:00","og_image":[{"width":2552,"height":1430,"url":"https:\/\/exaudi.org\/wp-content\/uploads\/2022\/08\/Screenshot-2022-08-19-at-10.40.56-1.png","type":"image\/png"}],"author":"Exaudi Redazione","twitter_card":"summary_large_image","twitter_creator":"@Exaudi_Notizie","twitter_site":"@Exaudi_News","twitter_misc":{"Scritto da":"Exaudi Redazione","Tempo di lettura stimato":"2 minuti"},"schema":{"@context":"https:\/\/schema.org","@graph":[{"@type":"Article","@id":"https:\/\/exaudi.org\/it\/papa-francesco-non-ci-sono-prove-sufficienti-per-indagare-il-cardinale-ouellet\/#article","isPartOf":{"@id":"https:\/\/exaudi.org\/it\/papa-francesco-non-ci-sono-prove-sufficienti-per-indagare-il-cardinale-ouellet\/"},"author":{"name":"Exaudi Redazione","@id":"https:\/\/exaudi.org\/#\/schema\/person\/e1ab6ed07c01774724dd96f925f3a5f0"},"headline":"Papa Francesco: non ci sono prove sufficienti per indagare il cardinale Ouellet","datePublished":"2022-08-19T18:00:09+00:00","dateModified":"2022-08-20T18:28:27+00:00","mainEntityOfPage":{"@id":"https:\/\/exaudi.org\/it\/papa-francesco-non-ci-sono-prove-sufficienti-per-indagare-il-cardinale-ouellet\/"},"wordCount":274,"image":{"@id":"https:\/\/exaudi.org\/it\/papa-francesco-non-ci-sono-prove-sufficienti-per-indagare-il-cardinale-ouellet\/#primaryimage"},"thumbnailUrl":"https:\/\/exaudi.org\/wp-content\/uploads\/2022\/08\/Screenshot-2022-08-19-at-10.40.56-1.png","keywords":["Cardinale Ouellet","Trending"],"articleSection":["Featured News"],"inLanguage":"it-IT"},{"@type":"WebPage","@id":"https:\/\/exaudi.org\/it\/papa-francesco-non-ci-sono-prove-sufficienti-per-indagare-il-cardinale-ouellet\/","url":"https:\/\/exaudi.org\/it\/papa-francesco-non-ci-sono-prove-sufficienti-per-indagare-il-cardinale-ouellet\/","name":"Papa Francesco: non ci sono prove sufficienti per indagare il cardinale Ouellet &#8211; Exaudi","isPartOf":{"@id":"https:\/\/exaudi.org\/#website"},"primaryImageOfPage":{"@id":"https:\/\/exaudi.org\/it\/papa-francesco-non-ci-sono-prove-sufficienti-per-indagare-il-cardinale-ouellet\/#primaryimage"},"image":{"@id":"https:\/\/exaudi.org\/it\/papa-francesco-non-ci-sono-prove-sufficienti-per-indagare-il-cardinale-ouellet\/#primaryimage"},"thumbnailUrl":"https:\/\/exaudi.org\/wp-content\/uploads\/2022\/08\/Screenshot-2022-08-19-at-10.40.56-1.png","datePublished":"2022-08-19T18:00:09+00:00","dateModified":"2022-08-20T18:28:27+00:00","author":{"@id":"https:\/\/exaudi.org\/#\/schema\/person\/e1ab6ed07c01774724dd96f925f3a5f0"},"breadcrumb":{"@id":"https:\/\/exaudi.org\/it\/papa-francesco-non-ci-sono-prove-sufficienti-per-indagare-il-cardinale-ouellet\/#breadcrumb"},"inLanguage":"it-IT","potentialAction":[{"@type":"ReadAction","target":["https:\/\/exaudi.org\/it\/papa-francesco-non-ci-sono-prove-sufficienti-per-indagare-il-cardinale-ouellet\/"]}]},{"@type":"ImageObject","inLanguage":"it-IT","@id":"https:\/\/exaudi.org\/it\/papa-francesco-non-ci-sono-prove-sufficienti-per-indagare-il-cardinale-ouellet\/#primaryimage","url":"https:\/\/exaudi.org\/wp-content\/uploads\/2022\/08\/Screenshot-2022-08-19-at-10.40.56-1.png","contentUrl":"https:\/\/exaudi.org\/wp-content\/uploads\/2022\/08\/Screenshot-2022-08-19-at-10.40.56-1.png","width":2552,"height":1430,"caption":"\u00a9 Vatican Media"},{"@type":"BreadcrumbList","@id":"https:\/\/exaudi.org\/it\/papa-francesco-non-ci-sono-prove-sufficienti-per-indagare-il-cardinale-ouellet\/#breadcrumb","itemListElement":[{"@type":"ListItem","position":1,"name":"Portada","item":"https:\/\/exaudi.org\/it\/"},{"@type":"ListItem","position":2,"name":"Papa Francesco: non ci sono prove sufficienti per indagare il cardinale Ouellet"}]},{"@type":"WebSite","@id":"https:\/\/exaudi.org\/#website","url":"https:\/\/exaudi.org\/","name":"Exaudi","description":"News","potentialAction":[{"@type":"SearchAction","target":{"@type":"EntryPoint","urlTemplate":"https:\/\/exaudi.org\/?s={search_term_string}"},"query-input":{"@type":"PropertyValueSpecification","valueRequired":true,"valueName":"search_term_string"}}],"inLanguage":"it-IT"},{"@type":"Person","@id":"https:\/\/exaudi.org\/#\/schema\/person\/e1ab6ed07c01774724dd96f925f3a5f0","name":"Exaudi Redazione","image":{"@type":"ImageObject","inLanguage":"it-IT","@id":"https:\/\/secure.gravatar.com\/avatar\/ad6774b3ada023bf5b939d64f45c94b3adf91502dd883507d469b4308a943bb3?s=96&d=mm&r=g","url":"https:\/\/secure.gravatar.com\/avatar\/ad6774b3ada023bf5b939d64f45c94b3adf91502dd883507d469b4308a943bb3?s=96&d=mm&r=g","contentUrl":"https:\/\/secure.gravatar.com\/avatar\/ad6774b3ada023bf5b939d64f45c94b3adf91502dd883507d469b4308a943bb3?s=96&d=mm&r=g","caption":"Exaudi Redazione"},"description":"Che cosa \u00e8 Exaudi News? Exaudi News \u00e8 un agenzia cattolica internazionale che informa, istruisce e trasforma quotidianamente in spagnolo, inglese e italiano. Attraverso notizie, articoli di analisi e trasmissioni in diretta degli eventi del Papa, Exaudi cerca di rafforzare l'unit\u00e0 dei cristiani e di contribuire all'evangelizzazione del mondo, sempre guidato dalla dottrina sociale della Chiesa. Lavoriamo per portare la verit\u00e0 e i valori cristiani in ogni angolo del pianeta. Aiutaci a trasformare il mondo con Exaudi! Noi di Exaudi crediamo che l'evangelizzazione e l'informazione di qualit\u00e0 possano cambiare la vita. Per continuare la nostra missione ed espandere la nostra portata, abbiamo bisogno del tuo aiuto. Stiamo anche cercando persone motivate che vogliano unirsi al nostro team. Grazie al vostro sostegno raggiungeremo pi\u00f9 persone, diffonderemo il messaggio di Cristo e rafforzeremo l'unit\u00e0 dei cristiani. Vuoi unirti alla nostra missione? Per maggiori informazioni su come contribuire, visita Exaudi.org\/it o contattaci direttamente: info@exaudi.org Exaudi: informa, forma e trasforma.","sameAs":["https:\/\/www.facebook.com\/ExaudiNotizie\/","https:\/\/www.instagram.com\/Exaudi_notizie\/","https:\/\/x.com\/Exaudi_Notizie","https:\/\/www.youtube.com\/@exaudicatholicnews"],"url":"https:\/\/exaudi.org\/it\/author\/dlvedi-org\/"}]}},"jetpack_featured_media_url":"https:\/\/exaudi.org\/wp-content\/uploads\/2022\/08\/Screenshot-2022-08-19-at-10.40.56-1.png","jetpack_shortlink":"https:\/\/wp.me\/pgKjF2-fPi","_links":{"self":[{"href":"https:\/\/exaudi.org\/it\/wp-json\/wp\/v2\/posts\/60840","targetHints":{"allow":["GET"]}}],"collection":[{"href":"https:\/\/exaudi.org\/it\/wp-json\/wp\/v2\/posts"}],"about":[{"href":"https:\/\/exaudi.org\/it\/wp-json\/wp\/v2\/types\/post"}],"author":[{"embeddable":true,"href":"https:\/\/exaudi.org\/it\/wp-json\/wp\/v2\/users\/17"}],"replies":[{"embeddable":true,"href":"https:\/\/exaudi.org\/it\/wp-json\/wp\/v2\/comments?post=60840"}],"version-history":[{"count":0,"href":"https:\/\/exaudi.org\/it\/wp-json\/wp\/v2\/posts\/60840\/revisions"}],"wp:featuredmedia":[{"embeddable":true,"href":"https:\/\/exaudi.org\/it\/wp-json\/wp\/v2\/media\/60780"}],"wp:attachment":[{"href":"https:\/\/exaudi.org\/it\/wp-json\/wp\/v2\/media?parent=60840"}],"wp:term":[{"taxonomy":"category","embeddable":true,"href":"https:\/\/exaudi.org\/it\/wp-json\/wp\/v2\/categories?post=60840"},{"taxonomy":"post_tag","embeddable":true,"href":"https:\/\/exaudi.org\/it\/wp-json\/wp\/v2\/tags?post=60840"}],"curies":[{"name":"wp","href":"https:\/\/api.w.org\/{rel}","templated":true}]}}