{"id":60566,"date":"2022-08-10T19:30:53","date_gmt":"2022-08-10T17:30:53","guid":{"rendered":"https:\/\/exaudi.org\/?p=60566"},"modified":"2022-08-11T09:36:46","modified_gmt":"2022-08-11T07:36:46","slug":"francesco-i-sogni-si-costruiscono-insieme","status":"publish","type":"post","link":"https:\/\/exaudi.org\/it\/francesco-i-sogni-si-costruiscono-insieme\/","title":{"rendered":"Francesco: &#8220;I sogni si costruiscono insieme&#8221;"},"content":{"rendered":"<p>&#8220;<em>Andare in missione significa uscire da se stessi per dare il meglio di s\u00e9 e il meglio che Dio d\u00e0, e questo \u00e8 qualcosa di molto bello<\/em>&#8220;.<\/p>\n<p>Nell&#8217;arco di una settimana, come da tre anni a questa parte, trenta persone, tra giovani e adulti, hanno partecipato alla missione, sul tema tratto dall&#8217;enciclica Fratelli Tutti, &#8220;I sogni si costruiscono insieme&#8221;, organizzata dalla popolazione di Salta, Victoria Este e dalla diocesi di Orano da padre Mariano Cordeiro.<\/p>\n<figure id=\"attachment_60567\" aria-describedby=\"caption-attachment-60567\" style=\"width: 300px\" class=\"wp-caption alignright\"><img loading=\"lazy\" decoding=\"async\" class=\"size-medium wp-image-60567\" src=\"https:\/\/exaudi.org\/wp-content\/uploads\/2022\/08\/cq5dam.thumbnail.cropped.750.422-1-300x169.jpeg\" alt=\"\" width=\"300\" height=\"169\" srcset=\"https:\/\/exaudi.org\/wp-content\/uploads\/2022\/08\/cq5dam.thumbnail.cropped.750.422-1-300x169.jpeg 300w, https:\/\/exaudi.org\/wp-content\/uploads\/2022\/08\/cq5dam.thumbnail.cropped.750.422-1-500x281.jpeg 500w, https:\/\/exaudi.org\/wp-content\/uploads\/2022\/08\/cq5dam.thumbnail.cropped.750.422-1-293x165.jpeg 293w, https:\/\/exaudi.org\/wp-content\/uploads\/2022\/08\/cq5dam.thumbnail.cropped.750.422-1-390x219.jpeg 390w, https:\/\/exaudi.org\/wp-content\/uploads\/2022\/08\/cq5dam.thumbnail.cropped.750.422-1.jpeg 750w\" sizes=\"auto, (max-width: 300px) 100vw, 300px\" \/><figcaption id=\"caption-attachment-60567\" class=\"wp-caption-text\">\u00a9 Vatican News<\/figcaption><\/figure>\n<p>La missione si \u00e8 svolta in uno dei luoghi pi\u00f9 poveri del Paese, afflitto da malnutrizione, mancanza di acqua potabile, di assistenza medica e sanitaria: tra la comunit\u00e0 indigena Wichi, sulle montagne al confine con Bolivia e Paraguay: &#8220;Li abbiamo visitati &#8211; racconta padre Mariano &#8211; celebrando battesimi, messe, feste, accompagnando le famiglie, giocando con i bambini, portando la Parola di Dio, condividendo la vita e la fede, arricchendoci della cultura dei nostri fratelli nativi, andando incontro ai pi\u00f9 poveri tra i poveri&#8221;. Abbiamo potuto toccare la carne di Ges\u00f9 in queste persone.<\/p>\n<p><strong>Testo Videomessaggio del Santo Padre<\/strong><\/p>\n<p>Desidero salutare il gruppo di missionari, giovani e adulti in totale, che sono andati a \u201cmissionare\u201d tra i popoli originari di Salta, Victoria Este, Diocesi di Or\u00e1n. E il motto della missione \u00e8 \u201cI sogni si costruiscono insieme\u201d. Grazie per quello che avete fatto, grazie per questo lavoro. Andate avanti. Perch\u00e9 \u201cmissionare\u201d \u00e8 uscire da se stessi per dare il meglio di s\u00e9 e il meglio che Dio regala, e questa \u00e8 una cosa molto bella. Saluti a padre Mariano che vi accompagna in tutto questo. E pregate per me, anche io prego per voi. Perci\u00f2 tornate a \u201cmissionare\u201d. Che Dio vi benedica.<\/p>\n","protected":false},"excerpt":{"rendered":"<p>Testo Videomessaggio del Santo Padre<\/p>\n","protected":false},"author":17,"featured_media":59632,"comment_status":"closed","ping_status":"closed","sticky":false,"template":"","format":"standard","meta":{"_acf_changed":false,"_crdt_document":"","inline_featured_image":false,"footnotes":""},"categories":[67,117],"tags":[251,4952,6433],"class_list":["post-60566","post","type-post","status-publish","format-standard","has-post-thumbnail","hentry","category-leone-xiv","category-messaggi","tag-papa-francesco","tag-trending-it","tag-videomessaggio"],"acf":[],"yoast_head":"<!-- This site is optimized with the Yoast SEO plugin v27.5 - https:\/\/yoast.com\/product\/yoast-seo-wordpress\/ -->\n<title>Francesco: &quot;I sogni si costruiscono insieme&quot; &#8211; Exaudi<\/title>\n<meta name=\"robots\" content=\"index, follow, max-snippet:-1, max-image-preview:large, max-video-preview:-1\" \/>\n<link rel=\"canonical\" href=\"https:\/\/exaudi.org\/it\/francis-dreams-are-built-together\/\" \/>\n<meta property=\"og:locale\" content=\"it_IT\" \/>\n<meta property=\"og:type\" content=\"article\" \/>\n<meta property=\"og:title\" content=\"Francesco: &quot;I sogni si costruiscono insieme&quot; &#8211; Exaudi\" \/>\n<meta property=\"og:description\" content=\"Testo Videomessaggio del Santo Padre\" \/>\n<meta property=\"og:url\" content=\"https:\/\/exaudi.org\/francis-dreams-are-built-together\/\" \/>\n<meta property=\"og:site_name\" content=\"Exaudi\" \/>\n<meta property=\"article:publisher\" content=\"https:\/\/www.facebook.com\/ExaudiNews\" \/>\n<meta property=\"article:author\" content=\"https:\/\/www.facebook.com\/ExaudiNotizie\/\" \/>\n<meta property=\"article:published_time\" content=\"2022-08-10T17:30:53+00:00\" \/>\n<meta property=\"article:modified_time\" content=\"2022-08-11T07:36:46+00:00\" \/>\n<meta property=\"og:image\" content=\"https:\/\/exaudi.org\/wp-content\/uploads\/2022\/07\/PapaFranciscoAudiencia.jpeg\" \/>\n\t<meta property=\"og:image:width\" content=\"800\" \/>\n\t<meta property=\"og:image:height\" content=\"533\" \/>\n\t<meta property=\"og:image:type\" content=\"image\/jpeg\" \/>\n<meta name=\"author\" content=\"Exaudi Redazione\" \/>\n<meta name=\"twitter:card\" content=\"summary_large_image\" \/>\n<meta name=\"twitter:creator\" content=\"@Exaudi_Notizie\" \/>\n<meta name=\"twitter:site\" content=\"@Exaudi_News\" \/>\n<meta name=\"twitter:label1\" content=\"Scritto da\" \/>\n\t<meta name=\"twitter:data1\" content=\"Exaudi Redazione\" \/>\n\t<meta name=\"twitter:label2\" content=\"Tempo di lettura stimato\" \/>\n\t<meta name=\"twitter:data2\" content=\"1 minuto\" \/>\n<script type=\"application\/ld+json\" class=\"yoast-schema-graph\">{\"@context\":\"https:\\\/\\\/schema.org\",\"@graph\":[{\"@type\":\"Article\",\"@id\":\"https:\\\/\\\/exaudi.org\\\/francis-dreams-are-built-together\\\/#article\",\"isPartOf\":{\"@id\":\"https:\\\/\\\/exaudi.org\\\/francis-dreams-are-built-together\\\/\"},\"author\":{\"name\":\"Exaudi Redazione\",\"@id\":\"https:\\\/\\\/exaudi.org\\\/#\\\/schema\\\/person\\\/e1ab6ed07c01774724dd96f925f3a5f0\"},\"headline\":\"Francesco: &#8220;I sogni si costruiscono insieme&#8221;\",\"datePublished\":\"2022-08-10T17:30:53+00:00\",\"dateModified\":\"2022-08-11T07:36:46+00:00\",\"mainEntityOfPage\":{\"@id\":\"https:\\\/\\\/exaudi.org\\\/francis-dreams-are-built-together\\\/\"},\"wordCount\":289,\"image\":{\"@id\":\"https:\\\/\\\/exaudi.org\\\/francis-dreams-are-built-together\\\/#primaryimage\"},\"thumbnailUrl\":\"https:\\\/\\\/exaudi.org\\\/wp-content\\\/uploads\\\/2022\\\/07\\\/PapaFranciscoAudiencia.jpeg\",\"keywords\":[\"Papa Francesco\",\"Trending\",\"videomessaggio\"],\"articleSection\":[\"Leone XIV\",\"Messaggi\"],\"inLanguage\":\"it-IT\"},{\"@type\":\"WebPage\",\"@id\":\"https:\\\/\\\/exaudi.org\\\/francis-dreams-are-built-together\\\/\",\"url\":\"https:\\\/\\\/exaudi.org\\\/francis-dreams-are-built-together\\\/\",\"name\":\"Francesco: \\\"I sogni si costruiscono insieme\\\" &#8211; Exaudi\",\"isPartOf\":{\"@id\":\"https:\\\/\\\/exaudi.org\\\/#website\"},\"primaryImageOfPage\":{\"@id\":\"https:\\\/\\\/exaudi.org\\\/francis-dreams-are-built-together\\\/#primaryimage\"},\"image\":{\"@id\":\"https:\\\/\\\/exaudi.org\\\/francis-dreams-are-built-together\\\/#primaryimage\"},\"thumbnailUrl\":\"https:\\\/\\\/exaudi.org\\\/wp-content\\\/uploads\\\/2022\\\/07\\\/PapaFranciscoAudiencia.jpeg\",\"datePublished\":\"2022-08-10T17:30:53+00:00\",\"dateModified\":\"2022-08-11T07:36:46+00:00\",\"author\":{\"@id\":\"https:\\\/\\\/exaudi.org\\\/#\\\/schema\\\/person\\\/e1ab6ed07c01774724dd96f925f3a5f0\"},\"breadcrumb\":{\"@id\":\"https:\\\/\\\/exaudi.org\\\/francis-dreams-are-built-together\\\/#breadcrumb\"},\"inLanguage\":\"it-IT\",\"potentialAction\":[{\"@type\":\"ReadAction\",\"target\":[\"https:\\\/\\\/exaudi.org\\\/francis-dreams-are-built-together\\\/\"]}]},{\"@type\":\"ImageObject\",\"inLanguage\":\"it-IT\",\"@id\":\"https:\\\/\\\/exaudi.org\\\/francis-dreams-are-built-together\\\/#primaryimage\",\"url\":\"https:\\\/\\\/exaudi.org\\\/wp-content\\\/uploads\\\/2022\\\/07\\\/PapaFranciscoAudiencia.jpeg\",\"contentUrl\":\"https:\\\/\\\/exaudi.org\\\/wp-content\\\/uploads\\\/2022\\\/07\\\/PapaFranciscoAudiencia.jpeg\",\"width\":800,\"height\":533,\"caption\":\"\u00a9 Vatican Media\"},{\"@type\":\"BreadcrumbList\",\"@id\":\"https:\\\/\\\/exaudi.org\\\/francis-dreams-are-built-together\\\/#breadcrumb\",\"itemListElement\":[{\"@type\":\"ListItem\",\"position\":1,\"name\":\"Portada\",\"item\":\"https:\\\/\\\/exaudi.org\\\/it\\\/\"},{\"@type\":\"ListItem\",\"position\":2,\"name\":\"Francesco: &#8220;I sogni si costruiscono insieme&#8221;\"}]},{\"@type\":\"WebSite\",\"@id\":\"https:\\\/\\\/exaudi.org\\\/#website\",\"url\":\"https:\\\/\\\/exaudi.org\\\/\",\"name\":\"Exaudi\",\"description\":\"News\",\"potentialAction\":[{\"@type\":\"SearchAction\",\"target\":{\"@type\":\"EntryPoint\",\"urlTemplate\":\"https:\\\/\\\/exaudi.org\\\/?s={search_term_string}\"},\"query-input\":{\"@type\":\"PropertyValueSpecification\",\"valueRequired\":true,\"valueName\":\"search_term_string\"}}],\"inLanguage\":\"it-IT\"},{\"@type\":\"Person\",\"@id\":\"https:\\\/\\\/exaudi.org\\\/#\\\/schema\\\/person\\\/e1ab6ed07c01774724dd96f925f3a5f0\",\"name\":\"Exaudi Redazione\",\"image\":{\"@type\":\"ImageObject\",\"inLanguage\":\"it-IT\",\"@id\":\"https:\\\/\\\/secure.gravatar.com\\\/avatar\\\/ad6774b3ada023bf5b939d64f45c94b3adf91502dd883507d469b4308a943bb3?s=96&d=mm&r=g\",\"url\":\"https:\\\/\\\/secure.gravatar.com\\\/avatar\\\/ad6774b3ada023bf5b939d64f45c94b3adf91502dd883507d469b4308a943bb3?s=96&d=mm&r=g\",\"contentUrl\":\"https:\\\/\\\/secure.gravatar.com\\\/avatar\\\/ad6774b3ada023bf5b939d64f45c94b3adf91502dd883507d469b4308a943bb3?s=96&d=mm&r=g\",\"caption\":\"Exaudi Redazione\"},\"description\":\"Che cosa \u00e8 Exaudi News? Exaudi News \u00e8 un agenzia cattolica internazionale che informa, istruisce e trasforma quotidianamente in spagnolo, inglese e italiano. Attraverso notizie, articoli di analisi e trasmissioni in diretta degli eventi del Papa, Exaudi cerca di rafforzare l'unit\u00e0 dei cristiani e di contribuire all'evangelizzazione del mondo, sempre guidato dalla dottrina sociale della Chiesa. Lavoriamo per portare la verit\u00e0 e i valori cristiani in ogni angolo del pianeta. Aiutaci a trasformare il mondo con Exaudi! Noi di Exaudi crediamo che l'evangelizzazione e l'informazione di qualit\u00e0 possano cambiare la vita. Per continuare la nostra missione ed espandere la nostra portata, abbiamo bisogno del tuo aiuto. Stiamo anche cercando persone motivate che vogliano unirsi al nostro team. Grazie al vostro sostegno raggiungeremo pi\u00f9 persone, diffonderemo il messaggio di Cristo e rafforzeremo l'unit\u00e0 dei cristiani. Vuoi unirti alla nostra missione? Per maggiori informazioni su come contribuire, visita Exaudi.org\\\/it o contattaci direttamente: info@exaudi.org Exaudi: informa, forma e trasforma.\",\"sameAs\":[\"https:\\\/\\\/www.facebook.com\\\/ExaudiNotizie\\\/\",\"https:\\\/\\\/www.instagram.com\\\/Exaudi_notizie\\\/\",\"https:\\\/\\\/x.com\\\/Exaudi_Notizie\",\"https:\\\/\\\/www.youtube.com\\\/@exaudicatholicnews\"],\"url\":\"https:\\\/\\\/exaudi.org\\\/it\\\/author\\\/dlvedi-org\\\/\"}]}<\/script>\n<!-- \/ Yoast SEO plugin. -->","yoast_head_json":{"title":"Francesco: \"I sogni si costruiscono insieme\" &#8211; Exaudi","robots":{"index":"index","follow":"follow","max-snippet":"max-snippet:-1","max-image-preview":"max-image-preview:large","max-video-preview":"max-video-preview:-1"},"canonical":"https:\/\/exaudi.org\/it\/francis-dreams-are-built-together\/","og_locale":"it_IT","og_type":"article","og_title":"Francesco: \"I sogni si costruiscono insieme\" &#8211; Exaudi","og_description":"Testo Videomessaggio del Santo Padre","og_url":"https:\/\/exaudi.org\/francis-dreams-are-built-together\/","og_site_name":"Exaudi","article_publisher":"https:\/\/www.facebook.com\/ExaudiNews","article_author":"https:\/\/www.facebook.com\/ExaudiNotizie\/","article_published_time":"2022-08-10T17:30:53+00:00","article_modified_time":"2022-08-11T07:36:46+00:00","og_image":[{"width":800,"height":533,"url":"https:\/\/exaudi.org\/wp-content\/uploads\/2022\/07\/PapaFranciscoAudiencia.jpeg","type":"image\/jpeg"}],"author":"Exaudi Redazione","twitter_card":"summary_large_image","twitter_creator":"@Exaudi_Notizie","twitter_site":"@Exaudi_News","twitter_misc":{"Scritto da":"Exaudi Redazione","Tempo di lettura stimato":"1 minuto"},"schema":{"@context":"https:\/\/schema.org","@graph":[{"@type":"Article","@id":"https:\/\/exaudi.org\/francis-dreams-are-built-together\/#article","isPartOf":{"@id":"https:\/\/exaudi.org\/francis-dreams-are-built-together\/"},"author":{"name":"Exaudi Redazione","@id":"https:\/\/exaudi.org\/#\/schema\/person\/e1ab6ed07c01774724dd96f925f3a5f0"},"headline":"Francesco: &#8220;I sogni si costruiscono insieme&#8221;","datePublished":"2022-08-10T17:30:53+00:00","dateModified":"2022-08-11T07:36:46+00:00","mainEntityOfPage":{"@id":"https:\/\/exaudi.org\/francis-dreams-are-built-together\/"},"wordCount":289,"image":{"@id":"https:\/\/exaudi.org\/francis-dreams-are-built-together\/#primaryimage"},"thumbnailUrl":"https:\/\/exaudi.org\/wp-content\/uploads\/2022\/07\/PapaFranciscoAudiencia.jpeg","keywords":["Papa Francesco","Trending","videomessaggio"],"articleSection":["Leone XIV","Messaggi"],"inLanguage":"it-IT"},{"@type":"WebPage","@id":"https:\/\/exaudi.org\/francis-dreams-are-built-together\/","url":"https:\/\/exaudi.org\/francis-dreams-are-built-together\/","name":"Francesco: \"I sogni si costruiscono insieme\" &#8211; Exaudi","isPartOf":{"@id":"https:\/\/exaudi.org\/#website"},"primaryImageOfPage":{"@id":"https:\/\/exaudi.org\/francis-dreams-are-built-together\/#primaryimage"},"image":{"@id":"https:\/\/exaudi.org\/francis-dreams-are-built-together\/#primaryimage"},"thumbnailUrl":"https:\/\/exaudi.org\/wp-content\/uploads\/2022\/07\/PapaFranciscoAudiencia.jpeg","datePublished":"2022-08-10T17:30:53+00:00","dateModified":"2022-08-11T07:36:46+00:00","author":{"@id":"https:\/\/exaudi.org\/#\/schema\/person\/e1ab6ed07c01774724dd96f925f3a5f0"},"breadcrumb":{"@id":"https:\/\/exaudi.org\/francis-dreams-are-built-together\/#breadcrumb"},"inLanguage":"it-IT","potentialAction":[{"@type":"ReadAction","target":["https:\/\/exaudi.org\/francis-dreams-are-built-together\/"]}]},{"@type":"ImageObject","inLanguage":"it-IT","@id":"https:\/\/exaudi.org\/francis-dreams-are-built-together\/#primaryimage","url":"https:\/\/exaudi.org\/wp-content\/uploads\/2022\/07\/PapaFranciscoAudiencia.jpeg","contentUrl":"https:\/\/exaudi.org\/wp-content\/uploads\/2022\/07\/PapaFranciscoAudiencia.jpeg","width":800,"height":533,"caption":"\u00a9 Vatican Media"},{"@type":"BreadcrumbList","@id":"https:\/\/exaudi.org\/francis-dreams-are-built-together\/#breadcrumb","itemListElement":[{"@type":"ListItem","position":1,"name":"Portada","item":"https:\/\/exaudi.org\/it\/"},{"@type":"ListItem","position":2,"name":"Francesco: &#8220;I sogni si costruiscono insieme&#8221;"}]},{"@type":"WebSite","@id":"https:\/\/exaudi.org\/#website","url":"https:\/\/exaudi.org\/","name":"Exaudi","description":"News","potentialAction":[{"@type":"SearchAction","target":{"@type":"EntryPoint","urlTemplate":"https:\/\/exaudi.org\/?s={search_term_string}"},"query-input":{"@type":"PropertyValueSpecification","valueRequired":true,"valueName":"search_term_string"}}],"inLanguage":"it-IT"},{"@type":"Person","@id":"https:\/\/exaudi.org\/#\/schema\/person\/e1ab6ed07c01774724dd96f925f3a5f0","name":"Exaudi Redazione","image":{"@type":"ImageObject","inLanguage":"it-IT","@id":"https:\/\/secure.gravatar.com\/avatar\/ad6774b3ada023bf5b939d64f45c94b3adf91502dd883507d469b4308a943bb3?s=96&d=mm&r=g","url":"https:\/\/secure.gravatar.com\/avatar\/ad6774b3ada023bf5b939d64f45c94b3adf91502dd883507d469b4308a943bb3?s=96&d=mm&r=g","contentUrl":"https:\/\/secure.gravatar.com\/avatar\/ad6774b3ada023bf5b939d64f45c94b3adf91502dd883507d469b4308a943bb3?s=96&d=mm&r=g","caption":"Exaudi Redazione"},"description":"Che cosa \u00e8 Exaudi News? Exaudi News \u00e8 un agenzia cattolica internazionale che informa, istruisce e trasforma quotidianamente in spagnolo, inglese e italiano. Attraverso notizie, articoli di analisi e trasmissioni in diretta degli eventi del Papa, Exaudi cerca di rafforzare l'unit\u00e0 dei cristiani e di contribuire all'evangelizzazione del mondo, sempre guidato dalla dottrina sociale della Chiesa. Lavoriamo per portare la verit\u00e0 e i valori cristiani in ogni angolo del pianeta. Aiutaci a trasformare il mondo con Exaudi! Noi di Exaudi crediamo che l'evangelizzazione e l'informazione di qualit\u00e0 possano cambiare la vita. Per continuare la nostra missione ed espandere la nostra portata, abbiamo bisogno del tuo aiuto. Stiamo anche cercando persone motivate che vogliano unirsi al nostro team. Grazie al vostro sostegno raggiungeremo pi\u00f9 persone, diffonderemo il messaggio di Cristo e rafforzeremo l'unit\u00e0 dei cristiani. Vuoi unirti alla nostra missione? Per maggiori informazioni su come contribuire, visita Exaudi.org\/it o contattaci direttamente: info@exaudi.org Exaudi: informa, forma e trasforma.","sameAs":["https:\/\/www.facebook.com\/ExaudiNotizie\/","https:\/\/www.instagram.com\/Exaudi_notizie\/","https:\/\/x.com\/Exaudi_Notizie","https:\/\/www.youtube.com\/@exaudicatholicnews"],"url":"https:\/\/exaudi.org\/it\/author\/dlvedi-org\/"}]}},"jetpack_featured_media_url":"https:\/\/exaudi.org\/wp-content\/uploads\/2022\/07\/PapaFranciscoAudiencia.jpeg","jetpack_shortlink":"https:\/\/wp.me\/pgKjF2-fKS","_links":{"self":[{"href":"https:\/\/exaudi.org\/it\/wp-json\/wp\/v2\/posts\/60566","targetHints":{"allow":["GET"]}}],"collection":[{"href":"https:\/\/exaudi.org\/it\/wp-json\/wp\/v2\/posts"}],"about":[{"href":"https:\/\/exaudi.org\/it\/wp-json\/wp\/v2\/types\/post"}],"author":[{"embeddable":true,"href":"https:\/\/exaudi.org\/it\/wp-json\/wp\/v2\/users\/17"}],"replies":[{"embeddable":true,"href":"https:\/\/exaudi.org\/it\/wp-json\/wp\/v2\/comments?post=60566"}],"version-history":[{"count":0,"href":"https:\/\/exaudi.org\/it\/wp-json\/wp\/v2\/posts\/60566\/revisions"}],"wp:featuredmedia":[{"embeddable":true,"href":"https:\/\/exaudi.org\/it\/wp-json\/wp\/v2\/media\/59632"}],"wp:attachment":[{"href":"https:\/\/exaudi.org\/it\/wp-json\/wp\/v2\/media?parent=60566"}],"wp:term":[{"taxonomy":"category","embeddable":true,"href":"https:\/\/exaudi.org\/it\/wp-json\/wp\/v2\/categories?post=60566"},{"taxonomy":"post_tag","embeddable":true,"href":"https:\/\/exaudi.org\/it\/wp-json\/wp\/v2\/tags?post=60566"}],"curies":[{"name":"wp","href":"https:\/\/api.w.org\/{rel}","templated":true}]}}