{"id":60562,"date":"2022-08-10T16:40:55","date_gmt":"2022-08-10T14:40:55","guid":{"rendered":"https:\/\/exaudi.org\/?p=60562"},"modified":"2022-08-11T09:36:17","modified_gmt":"2022-08-11T07:36:17","slug":"il-papa-sulla-vecchiaia-vado-a-prepararvi-un-posto","status":"publish","type":"post","link":"https:\/\/exaudi.org\/it\/il-papa-sulla-vecchiaia-vado-a-prepararvi-un-posto\/","title":{"rendered":"Il Papa: Sulla Vecchiaia, \u201cVado a prepararvi un posto\u201d"},"content":{"rendered":"<p>L\u2019Udienza Generale di questa mattina si \u00e8 svolta alle ore 9.00 nell\u2019Aula Paolo VI.<\/p>\n<p>Nel discorso in lingua italiana il Papa, riprendendo la catechesi sulla Vecchiaia, ha incentrato la Sua meditazione sul tema: \u201cVado a prepararvi un posto\u201d. La vecchiaia, tempo proiettato al compimento. (Lettura: Gv 14,1-3).<\/p>\n<p>Dopo aver riassunto la Sua catechesi nelle diverse lingue, il Santo Padre ha indirizzato particolari espressioni di saluto ai fedeli presenti.<\/p>\n<p>L\u2019Udienza Generale si \u00e8 conclusa con la recita del Pater Noster e la Benedizione Apostolica.<\/p>\n<p><strong>Catechesi del Santo Padre<\/strong><\/p>\n<p>Cari fratelli e sorelle, buongiorno!<\/p>\n<p>siamo ormai alle ultime catechesi dedicate alla vecchiaia. Oggi entriamo nell\u2019intimit\u00e0 commovente del congedo di Ges\u00f9 dai suoi, ampiamente riportato nel Vangelo di Giovanni. Il discorso di commiato inizia con parole di consolazione e di promessa: \u00abNon sia turbato il vostro cuore\u00bb (14,1); \u00abQuando sar\u00f2 andato e vi avr\u00f2 preparato un posto, verr\u00f2 di nuovo e vi prender\u00f2 con me, perch\u00e9 dove sono io siate anche voi\u00bb (14,3). Belle parole, queste, del Signore.<\/p>\n<p>Poco prima, Ges\u00f9 aveva detto a Pietro: tu \u00abmi seguirai pi\u00f9 tardi\u00bb (13,36), ricordandogli il passaggio attraverso la fragilit\u00e0 della sua fede. Il tempo della vita che rimane ai discepoli sar\u00e0, inevitabilmente, un passaggio attraverso la fragilit\u00e0 della testimonianza e attraverso le sfide della fraternit\u00e0. Ma sar\u00e0 anche un passaggio attraverso le entusiasmanti benedizioni della fede: \u00abChi crede in me, anch\u2019egli compir\u00e0 le opere che io compio e ne compir\u00e0 di pi\u00f9 grandi\u00bb (14,12). Pensate che promessa \u00e8 questa! Non so se ci pensiamo fino in fondo, se ci crediamo fino in fondo! Non so, alle volte credo di no\u2026<\/p>\n<p>La vecchiaia \u00e8 il tempo propizio per la testimonianza commossa e lieta di questa attesa. L\u2019anziano e l\u2019anziana sono in attesa, in attesa di un incontro. Nella vecchiaia le opere della fede, che avvicinano noi e gli altri al regno di Dio, stanno ormai oltre la potenza delle energie, delle parole, degli slanci della giovinezza e della maturit\u00e0. Ma proprio cos\u00ec rendono ancora pi\u00f9 trasparente la promessa della vera destinazione della vita. E qual \u00e8 la vera destinazione della vita? Un posto a tavola con Dio, nel mondo di Dio. Sarebbe interessante vedere se nelle Chiese locali esiste qualche riferimento specifico, destinato a ravvivare questo speciale ministero dell\u2019attesa del Signore\u00a0<b>\u2013\u00a0<\/b>\u00e8 un ministero, il ministero dell\u2019attesa del Signore<b>\u00a0\u2013<\/b>\u00a0incoraggiando i carismi individuali e le qualit\u00e0 comunitarie della persona anziana.<\/p>\n<p>Una vecchiaia che si consuma nell\u2019avvilimento delle occasioni mancate, porta avvilimento per s\u00e9 e per tutti. Invece, la vecchiaia vissuta con dolcezza<b>,<\/b>\u00a0vissuta con rispetto per la vita reale scioglie definitivamente l\u2019equivoco di una potenza che deve bastare a s\u00e9 stessa e alla propria riuscita. Scioglie persino l\u2019equivoco di una Chiesa che si adatta alla condizione mondana, pensando in questo modo di governarne definitivamente la perfezione e il compimento. Quando ci liberiamo da questa presunzione, il tempo dell\u2019invecchiamento che Dio ci concede \u00e8 gi\u00e0 in s\u00e9 stesso una di quelle opere \u201cpi\u00f9 grandi\u201d di cui parla Ges\u00f9. In effetti, \u00e8 un\u2019opera che a Ges\u00f9 non fu dato di compiere: la sua morte, la sua risurrezione e la sua ascensione in Cielo l\u2019hanno resa possibile a noi! Ricordiamoci che \u201cil tempo \u00e8 superiore allo spazio\u201d. \u00c8 la legge dell\u2019iniziazione. La nostra vita non \u00e8 fatta per chiudersi su s\u00e9 stessa, in una immaginaria perfezione terrena: \u00e8 destinata ad andare oltre, attraverso il passaggio della morte\u00a0<b>\u2013\u00a0<\/b>perch\u00e9 la morte \u00e8 un passaggio. Infatti, il nostro luogo stabile, il nostro punto d\u2019arrivo non \u00e8 qui, \u00e8 accanto al Signore, dove Egli dimora per sempre.<\/p>\n<p>Qui, sulla terra, si avvia il processo del nostro \u201cnoviziato\u201d: siamo apprendisti della vita, che \u2013 tra mille difficolt\u00e0 \u2013 imparano ad apprezzare il dono di Dio, onorando la responsabilit\u00e0 di condividerlo e di farlo fruttificare per tutti. Il tempo della vita sulla terra \u00e8 la grazia di questo passaggio. La sicumera di fermare il tempo \u2013 volere l\u2019eterna giovinezza, il benessere illimitato, il potere assoluto \u2013 non \u00e8 solo impossibile, \u00e8 delirante.<\/p>\n<p>La nostra esistenza sulla terra \u00e8 il tempo dell\u2019iniziazione alla vita: \u00e8 vita, ma che ti porta avanti a una vita pi\u00f9 piena, l\u2019iniziazione di quella pi\u00f9 piena; una vita che solo in Dio trova il compimento. Siamo imperfetti fin dall\u2019inizio e rimaniamo imperfetti fino alla fine. Nel compimento della promessa di Dio, il rapporto si inverte: lo spazio di Dio, che Ges\u00f9 prepara per noi con ogni cura, \u00e8 superiore al tempo della nostra vita mortale. Ecco: la vecchiaia avvicina la speranza di questo compimento. La vecchiaia conosce definitivamente, ormai, il senso del tempo e le limitazioni del luogo in cui viviamo la nostra iniziazione. La vecchiaia \u00e8 saggia per questo: i vecchi sono saggi per questo. Per questo essa \u00e8 credibile quando invita a rallegrarsi dello scorrere del tempo: non \u00e8 una minaccia, \u00e8 una promessa. La vecchiaia \u00e8 nobile, non ha bisogno di truccarsi per far vedere la propria nobilt\u00e0. Forse il trucco viene quando manca la nobilt\u00e0. La vecchiaia \u00e8 credibile quando invita a rallegrarsi dello scorrere del tempo: ma il tempo passa e questo non \u00e8 una minaccia, \u00e8 una promessa. La vecchiaia che ritrova la profondit\u00e0 dello sguardo della fede, non \u00e8 conservatrice per sua natura, come dicono! Il mondo di Dio \u00e8 uno spazio infinito, sul quale il passaggio del tempo non ha pi\u00f9 peso. E proprio nell\u2019Ultima Cena, Ges\u00f9 si proiett\u00f2 verso questa meta, quando disse ai discepoli: \u00abDa ora non berr\u00f2 pi\u00f9 di questo frutto della vite, fino al giorno in cui lo berr\u00f2 di nuovo con voi nel regno del Padre mio\u00bb (<i>Mt<\/i>\u00a026,29). \u00c8 andato oltre. Nella nostra predicazione, spesso il Paradiso \u00e8 giustamente pieno di beatitudine, di luce, di amore. Forse gli manca un po\u2019 la vita. Ges\u00f9, nelle parabole, parlava del regno di Dio mettendoci pi\u00f9 vita. Non siamo pi\u00f9 capaci di questo<b>\u00a0<\/b>noi, nel parlare della vita che continua?<\/p>\n<p>Cari fratelli e sorelle, la vecchiaia, vissuta nell\u2019attesa del Signore, pu\u00f2 diventare la compiuta \u201capologia\u201d della fede, che rende ragione, a tutti, della nostra speranza per tutti (cfr\u00a0<i>1 Pt<\/i>\u00a03,15). Perch\u00e9 la vecchiaia rende trasparente la promessa di Ges\u00f9, proiettandosi verso la Citt\u00e0 santa di cui parla il libro dell\u2019Apocalisse (capitoli 21-22). La vecchiaia \u00e8 la fase della vita pi\u00f9 adatta a diffondere la lieta notizia che la vita \u00e8 iniziazione per un compimento definitivo. I vecchi sono una promessa, una testimonianza di promessa. E\u00a0<i>il meglio deve ancora venire<\/i>. Il meglio deve ancora venire: \u00e8 come il messaggio del vecchio e della vecchia credenti, il meglio deve ancora venire. Dio conceda a tutti noi<b>\u00a0<\/b>una vecchiaia capace di questo!<\/p>\n<p>Rivolgo un cordiale benvenuto ai pellegrini di lingua italiana, esortando tutti ad essere costruttori di unit\u00e0 e di pace in famiglia, nella Chiesa e nella societ\u00e0. Non \u00e8 facile essere costruttori di pace, sia nella famiglia che nella Chiesa\u2026 l\u2019unit\u00e0; ma dobbiamo farlo, perch\u00e9 \u00e8 un bel lavoro. Un pensiero anche al popolo dell\u2019Ucraina, che ancora soffre questa guerra cos\u00ec crudele. E preghiamo anche per i migranti che stanno arrivando continuamente.<\/p>\n<p>Il mio pensiero va infine, come di consueto, agli anziani, agli ammalati, ai giovani e agli sposi novelli. La festa liturgica di San Lorenzo, diacono e martire della Chiesa dei Roma, susciti in ciascuno il desiderio di testimoniare il Vangelo, sempre disponibili verso i poveri e quanti si trovano in difficolt\u00e0.<\/p>\n<p>A tutti la mia benedizione.<\/p>\n<p>&nbsp;<\/p>\n","protected":false},"excerpt":{"rendered":"<p>Il Papa Francesco catechesi sulla Vecchiaia<\/p>\n","protected":false},"author":17,"featured_media":60561,"comment_status":"closed","ping_status":"closed","sticky":false,"template":"","format":"standard","meta":{"_acf_changed":false,"_crdt_document":"","inline_featured_image":false,"footnotes":""},"categories":[67,111],"tags":[6383,2487,251,5984],"class_list":["post-60562","post","type-post","status-publish","format-standard","has-post-thumbnail","hentry","category-leone-xiv","category-udienza-generale","tag-catechesi-del-santo-padre","tag-featured-3","tag-papa-francesco","tag-vecchiaia"],"acf":[],"yoast_head":"<!-- This site is optimized with the Yoast SEO plugin v27.5 - https:\/\/yoast.com\/product\/yoast-seo-wordpress\/ -->\n<title>Il Papa: Sulla Vecchiaia, \u201cVado a prepararvi un posto\u201d &#8211; Exaudi<\/title>\n<meta name=\"robots\" content=\"index, follow, max-snippet:-1, max-image-preview:large, max-video-preview:-1\" \/>\n<link rel=\"canonical\" href=\"https:\/\/exaudi.org\/it\/il-papa-sulla-vecchiaia-vado-a-prepararvi-un-posto\/\" \/>\n<meta property=\"og:locale\" content=\"it_IT\" \/>\n<meta property=\"og:type\" content=\"article\" \/>\n<meta property=\"og:title\" content=\"Il Papa: Sulla Vecchiaia, \u201cVado a prepararvi un posto\u201d &#8211; Exaudi\" \/>\n<meta property=\"og:description\" content=\"Il Papa Francesco catechesi sulla Vecchiaia\" \/>\n<meta property=\"og:url\" content=\"https:\/\/exaudi.org\/it\/il-papa-sulla-vecchiaia-vado-a-prepararvi-un-posto\/\" \/>\n<meta property=\"og:site_name\" content=\"Exaudi\" \/>\n<meta property=\"article:publisher\" content=\"https:\/\/www.facebook.com\/ExaudiNews\" \/>\n<meta property=\"article:author\" content=\"https:\/\/www.facebook.com\/ExaudiNotizie\/\" \/>\n<meta property=\"article:published_time\" content=\"2022-08-10T14:40:55+00:00\" \/>\n<meta property=\"article:modified_time\" content=\"2022-08-11T07:36:17+00:00\" \/>\n<meta property=\"og:image\" content=\"https:\/\/exaudi.org\/wp-content\/uploads\/2022\/08\/Audiencia-General1-scaled.jpg\" \/>\n\t<meta property=\"og:image:width\" content=\"2560\" \/>\n\t<meta property=\"og:image:height\" content=\"1707\" \/>\n\t<meta property=\"og:image:type\" content=\"image\/jpeg\" \/>\n<meta name=\"author\" content=\"Exaudi Redazione\" \/>\n<meta name=\"twitter:card\" content=\"summary_large_image\" \/>\n<meta name=\"twitter:creator\" content=\"@Exaudi_Notizie\" \/>\n<meta name=\"twitter:site\" content=\"@Exaudi_News\" \/>\n<meta name=\"twitter:label1\" content=\"Scritto da\" \/>\n\t<meta name=\"twitter:data1\" content=\"Exaudi Redazione\" \/>\n\t<meta name=\"twitter:label2\" content=\"Tempo di lettura stimato\" \/>\n\t<meta name=\"twitter:data2\" content=\"5 minuti\" \/>\n<script type=\"application\/ld+json\" class=\"yoast-schema-graph\">{\"@context\":\"https:\\\/\\\/schema.org\",\"@graph\":[{\"@type\":\"Article\",\"@id\":\"https:\\\/\\\/exaudi.org\\\/it\\\/il-papa-sulla-vecchiaia-vado-a-prepararvi-un-posto\\\/#article\",\"isPartOf\":{\"@id\":\"https:\\\/\\\/exaudi.org\\\/it\\\/il-papa-sulla-vecchiaia-vado-a-prepararvi-un-posto\\\/\"},\"author\":{\"name\":\"Exaudi Redazione\",\"@id\":\"https:\\\/\\\/exaudi.org\\\/#\\\/schema\\\/person\\\/e1ab6ed07c01774724dd96f925f3a5f0\"},\"headline\":\"Il Papa: Sulla Vecchiaia, \u201cVado a prepararvi un posto\u201d\",\"datePublished\":\"2022-08-10T14:40:55+00:00\",\"dateModified\":\"2022-08-11T07:36:17+00:00\",\"mainEntityOfPage\":{\"@id\":\"https:\\\/\\\/exaudi.org\\\/it\\\/il-papa-sulla-vecchiaia-vado-a-prepararvi-un-posto\\\/\"},\"wordCount\":1205,\"image\":{\"@id\":\"https:\\\/\\\/exaudi.org\\\/it\\\/il-papa-sulla-vecchiaia-vado-a-prepararvi-un-posto\\\/#primaryimage\"},\"thumbnailUrl\":\"https:\\\/\\\/exaudi.org\\\/wp-content\\\/uploads\\\/2022\\\/08\\\/Audiencia-General1-scaled.jpg\",\"keywords\":[\"Catechesi del Santo Padre\",\"Featured\",\"Papa Francesco\",\"vecchiaia\"],\"articleSection\":[\"Leone XIV\",\"Udienza generale\"],\"inLanguage\":\"it-IT\"},{\"@type\":\"WebPage\",\"@id\":\"https:\\\/\\\/exaudi.org\\\/it\\\/il-papa-sulla-vecchiaia-vado-a-prepararvi-un-posto\\\/\",\"url\":\"https:\\\/\\\/exaudi.org\\\/it\\\/il-papa-sulla-vecchiaia-vado-a-prepararvi-un-posto\\\/\",\"name\":\"Il Papa: Sulla Vecchiaia, \u201cVado a prepararvi un posto\u201d &#8211; Exaudi\",\"isPartOf\":{\"@id\":\"https:\\\/\\\/exaudi.org\\\/#website\"},\"primaryImageOfPage\":{\"@id\":\"https:\\\/\\\/exaudi.org\\\/it\\\/il-papa-sulla-vecchiaia-vado-a-prepararvi-un-posto\\\/#primaryimage\"},\"image\":{\"@id\":\"https:\\\/\\\/exaudi.org\\\/it\\\/il-papa-sulla-vecchiaia-vado-a-prepararvi-un-posto\\\/#primaryimage\"},\"thumbnailUrl\":\"https:\\\/\\\/exaudi.org\\\/wp-content\\\/uploads\\\/2022\\\/08\\\/Audiencia-General1-scaled.jpg\",\"datePublished\":\"2022-08-10T14:40:55+00:00\",\"dateModified\":\"2022-08-11T07:36:17+00:00\",\"author\":{\"@id\":\"https:\\\/\\\/exaudi.org\\\/#\\\/schema\\\/person\\\/e1ab6ed07c01774724dd96f925f3a5f0\"},\"breadcrumb\":{\"@id\":\"https:\\\/\\\/exaudi.org\\\/it\\\/il-papa-sulla-vecchiaia-vado-a-prepararvi-un-posto\\\/#breadcrumb\"},\"inLanguage\":\"it-IT\",\"potentialAction\":[{\"@type\":\"ReadAction\",\"target\":[\"https:\\\/\\\/exaudi.org\\\/it\\\/il-papa-sulla-vecchiaia-vado-a-prepararvi-un-posto\\\/\"]}]},{\"@type\":\"ImageObject\",\"inLanguage\":\"it-IT\",\"@id\":\"https:\\\/\\\/exaudi.org\\\/it\\\/il-papa-sulla-vecchiaia-vado-a-prepararvi-un-posto\\\/#primaryimage\",\"url\":\"https:\\\/\\\/exaudi.org\\\/wp-content\\\/uploads\\\/2022\\\/08\\\/Audiencia-General1-scaled.jpg\",\"contentUrl\":\"https:\\\/\\\/exaudi.org\\\/wp-content\\\/uploads\\\/2022\\\/08\\\/Audiencia-General1-scaled.jpg\",\"width\":2560,\"height\":1707,\"caption\":\"\u00a9 Vatican Media\"},{\"@type\":\"BreadcrumbList\",\"@id\":\"https:\\\/\\\/exaudi.org\\\/it\\\/il-papa-sulla-vecchiaia-vado-a-prepararvi-un-posto\\\/#breadcrumb\",\"itemListElement\":[{\"@type\":\"ListItem\",\"position\":1,\"name\":\"Portada\",\"item\":\"https:\\\/\\\/exaudi.org\\\/it\\\/\"},{\"@type\":\"ListItem\",\"position\":2,\"name\":\"Il Papa: Sulla Vecchiaia, \u201cVado a prepararvi un posto\u201d\"}]},{\"@type\":\"WebSite\",\"@id\":\"https:\\\/\\\/exaudi.org\\\/#website\",\"url\":\"https:\\\/\\\/exaudi.org\\\/\",\"name\":\"Exaudi\",\"description\":\"News\",\"potentialAction\":[{\"@type\":\"SearchAction\",\"target\":{\"@type\":\"EntryPoint\",\"urlTemplate\":\"https:\\\/\\\/exaudi.org\\\/?s={search_term_string}\"},\"query-input\":{\"@type\":\"PropertyValueSpecification\",\"valueRequired\":true,\"valueName\":\"search_term_string\"}}],\"inLanguage\":\"it-IT\"},{\"@type\":\"Person\",\"@id\":\"https:\\\/\\\/exaudi.org\\\/#\\\/schema\\\/person\\\/e1ab6ed07c01774724dd96f925f3a5f0\",\"name\":\"Exaudi Redazione\",\"image\":{\"@type\":\"ImageObject\",\"inLanguage\":\"it-IT\",\"@id\":\"https:\\\/\\\/secure.gravatar.com\\\/avatar\\\/ad6774b3ada023bf5b939d64f45c94b3adf91502dd883507d469b4308a943bb3?s=96&d=mm&r=g\",\"url\":\"https:\\\/\\\/secure.gravatar.com\\\/avatar\\\/ad6774b3ada023bf5b939d64f45c94b3adf91502dd883507d469b4308a943bb3?s=96&d=mm&r=g\",\"contentUrl\":\"https:\\\/\\\/secure.gravatar.com\\\/avatar\\\/ad6774b3ada023bf5b939d64f45c94b3adf91502dd883507d469b4308a943bb3?s=96&d=mm&r=g\",\"caption\":\"Exaudi Redazione\"},\"description\":\"Che cosa \u00e8 Exaudi News? Exaudi News \u00e8 un agenzia cattolica internazionale che informa, istruisce e trasforma quotidianamente in spagnolo, inglese e italiano. Attraverso notizie, articoli di analisi e trasmissioni in diretta degli eventi del Papa, Exaudi cerca di rafforzare l'unit\u00e0 dei cristiani e di contribuire all'evangelizzazione del mondo, sempre guidato dalla dottrina sociale della Chiesa. Lavoriamo per portare la verit\u00e0 e i valori cristiani in ogni angolo del pianeta. Aiutaci a trasformare il mondo con Exaudi! Noi di Exaudi crediamo che l'evangelizzazione e l'informazione di qualit\u00e0 possano cambiare la vita. Per continuare la nostra missione ed espandere la nostra portata, abbiamo bisogno del tuo aiuto. Stiamo anche cercando persone motivate che vogliano unirsi al nostro team. Grazie al vostro sostegno raggiungeremo pi\u00f9 persone, diffonderemo il messaggio di Cristo e rafforzeremo l'unit\u00e0 dei cristiani. Vuoi unirti alla nostra missione? Per maggiori informazioni su come contribuire, visita Exaudi.org\\\/it o contattaci direttamente: info@exaudi.org Exaudi: informa, forma e trasforma.\",\"sameAs\":[\"https:\\\/\\\/www.facebook.com\\\/ExaudiNotizie\\\/\",\"https:\\\/\\\/www.instagram.com\\\/Exaudi_notizie\\\/\",\"https:\\\/\\\/x.com\\\/Exaudi_Notizie\",\"https:\\\/\\\/www.youtube.com\\\/@exaudicatholicnews\"],\"url\":\"https:\\\/\\\/exaudi.org\\\/it\\\/author\\\/dlvedi-org\\\/\"}]}<\/script>\n<!-- \/ Yoast SEO plugin. -->","yoast_head_json":{"title":"Il Papa: Sulla Vecchiaia, \u201cVado a prepararvi un posto\u201d &#8211; Exaudi","robots":{"index":"index","follow":"follow","max-snippet":"max-snippet:-1","max-image-preview":"max-image-preview:large","max-video-preview":"max-video-preview:-1"},"canonical":"https:\/\/exaudi.org\/it\/il-papa-sulla-vecchiaia-vado-a-prepararvi-un-posto\/","og_locale":"it_IT","og_type":"article","og_title":"Il Papa: Sulla Vecchiaia, \u201cVado a prepararvi un posto\u201d &#8211; Exaudi","og_description":"Il Papa Francesco catechesi sulla Vecchiaia","og_url":"https:\/\/exaudi.org\/it\/il-papa-sulla-vecchiaia-vado-a-prepararvi-un-posto\/","og_site_name":"Exaudi","article_publisher":"https:\/\/www.facebook.com\/ExaudiNews","article_author":"https:\/\/www.facebook.com\/ExaudiNotizie\/","article_published_time":"2022-08-10T14:40:55+00:00","article_modified_time":"2022-08-11T07:36:17+00:00","og_image":[{"width":2560,"height":1707,"url":"https:\/\/exaudi.org\/wp-content\/uploads\/2022\/08\/Audiencia-General1-scaled.jpg","type":"image\/jpeg"}],"author":"Exaudi Redazione","twitter_card":"summary_large_image","twitter_creator":"@Exaudi_Notizie","twitter_site":"@Exaudi_News","twitter_misc":{"Scritto da":"Exaudi Redazione","Tempo di lettura stimato":"5 minuti"},"schema":{"@context":"https:\/\/schema.org","@graph":[{"@type":"Article","@id":"https:\/\/exaudi.org\/it\/il-papa-sulla-vecchiaia-vado-a-prepararvi-un-posto\/#article","isPartOf":{"@id":"https:\/\/exaudi.org\/it\/il-papa-sulla-vecchiaia-vado-a-prepararvi-un-posto\/"},"author":{"name":"Exaudi Redazione","@id":"https:\/\/exaudi.org\/#\/schema\/person\/e1ab6ed07c01774724dd96f925f3a5f0"},"headline":"Il Papa: Sulla Vecchiaia, \u201cVado a prepararvi un posto\u201d","datePublished":"2022-08-10T14:40:55+00:00","dateModified":"2022-08-11T07:36:17+00:00","mainEntityOfPage":{"@id":"https:\/\/exaudi.org\/it\/il-papa-sulla-vecchiaia-vado-a-prepararvi-un-posto\/"},"wordCount":1205,"image":{"@id":"https:\/\/exaudi.org\/it\/il-papa-sulla-vecchiaia-vado-a-prepararvi-un-posto\/#primaryimage"},"thumbnailUrl":"https:\/\/exaudi.org\/wp-content\/uploads\/2022\/08\/Audiencia-General1-scaled.jpg","keywords":["Catechesi del Santo Padre","Featured","Papa Francesco","vecchiaia"],"articleSection":["Leone XIV","Udienza generale"],"inLanguage":"it-IT"},{"@type":"WebPage","@id":"https:\/\/exaudi.org\/it\/il-papa-sulla-vecchiaia-vado-a-prepararvi-un-posto\/","url":"https:\/\/exaudi.org\/it\/il-papa-sulla-vecchiaia-vado-a-prepararvi-un-posto\/","name":"Il Papa: Sulla Vecchiaia, \u201cVado a prepararvi un posto\u201d &#8211; Exaudi","isPartOf":{"@id":"https:\/\/exaudi.org\/#website"},"primaryImageOfPage":{"@id":"https:\/\/exaudi.org\/it\/il-papa-sulla-vecchiaia-vado-a-prepararvi-un-posto\/#primaryimage"},"image":{"@id":"https:\/\/exaudi.org\/it\/il-papa-sulla-vecchiaia-vado-a-prepararvi-un-posto\/#primaryimage"},"thumbnailUrl":"https:\/\/exaudi.org\/wp-content\/uploads\/2022\/08\/Audiencia-General1-scaled.jpg","datePublished":"2022-08-10T14:40:55+00:00","dateModified":"2022-08-11T07:36:17+00:00","author":{"@id":"https:\/\/exaudi.org\/#\/schema\/person\/e1ab6ed07c01774724dd96f925f3a5f0"},"breadcrumb":{"@id":"https:\/\/exaudi.org\/it\/il-papa-sulla-vecchiaia-vado-a-prepararvi-un-posto\/#breadcrumb"},"inLanguage":"it-IT","potentialAction":[{"@type":"ReadAction","target":["https:\/\/exaudi.org\/it\/il-papa-sulla-vecchiaia-vado-a-prepararvi-un-posto\/"]}]},{"@type":"ImageObject","inLanguage":"it-IT","@id":"https:\/\/exaudi.org\/it\/il-papa-sulla-vecchiaia-vado-a-prepararvi-un-posto\/#primaryimage","url":"https:\/\/exaudi.org\/wp-content\/uploads\/2022\/08\/Audiencia-General1-scaled.jpg","contentUrl":"https:\/\/exaudi.org\/wp-content\/uploads\/2022\/08\/Audiencia-General1-scaled.jpg","width":2560,"height":1707,"caption":"\u00a9 Vatican Media"},{"@type":"BreadcrumbList","@id":"https:\/\/exaudi.org\/it\/il-papa-sulla-vecchiaia-vado-a-prepararvi-un-posto\/#breadcrumb","itemListElement":[{"@type":"ListItem","position":1,"name":"Portada","item":"https:\/\/exaudi.org\/it\/"},{"@type":"ListItem","position":2,"name":"Il Papa: Sulla Vecchiaia, \u201cVado a prepararvi un posto\u201d"}]},{"@type":"WebSite","@id":"https:\/\/exaudi.org\/#website","url":"https:\/\/exaudi.org\/","name":"Exaudi","description":"News","potentialAction":[{"@type":"SearchAction","target":{"@type":"EntryPoint","urlTemplate":"https:\/\/exaudi.org\/?s={search_term_string}"},"query-input":{"@type":"PropertyValueSpecification","valueRequired":true,"valueName":"search_term_string"}}],"inLanguage":"it-IT"},{"@type":"Person","@id":"https:\/\/exaudi.org\/#\/schema\/person\/e1ab6ed07c01774724dd96f925f3a5f0","name":"Exaudi Redazione","image":{"@type":"ImageObject","inLanguage":"it-IT","@id":"https:\/\/secure.gravatar.com\/avatar\/ad6774b3ada023bf5b939d64f45c94b3adf91502dd883507d469b4308a943bb3?s=96&d=mm&r=g","url":"https:\/\/secure.gravatar.com\/avatar\/ad6774b3ada023bf5b939d64f45c94b3adf91502dd883507d469b4308a943bb3?s=96&d=mm&r=g","contentUrl":"https:\/\/secure.gravatar.com\/avatar\/ad6774b3ada023bf5b939d64f45c94b3adf91502dd883507d469b4308a943bb3?s=96&d=mm&r=g","caption":"Exaudi Redazione"},"description":"Che cosa \u00e8 Exaudi News? Exaudi News \u00e8 un agenzia cattolica internazionale che informa, istruisce e trasforma quotidianamente in spagnolo, inglese e italiano. Attraverso notizie, articoli di analisi e trasmissioni in diretta degli eventi del Papa, Exaudi cerca di rafforzare l'unit\u00e0 dei cristiani e di contribuire all'evangelizzazione del mondo, sempre guidato dalla dottrina sociale della Chiesa. Lavoriamo per portare la verit\u00e0 e i valori cristiani in ogni angolo del pianeta. Aiutaci a trasformare il mondo con Exaudi! Noi di Exaudi crediamo che l'evangelizzazione e l'informazione di qualit\u00e0 possano cambiare la vita. Per continuare la nostra missione ed espandere la nostra portata, abbiamo bisogno del tuo aiuto. Stiamo anche cercando persone motivate che vogliano unirsi al nostro team. Grazie al vostro sostegno raggiungeremo pi\u00f9 persone, diffonderemo il messaggio di Cristo e rafforzeremo l'unit\u00e0 dei cristiani. Vuoi unirti alla nostra missione? Per maggiori informazioni su come contribuire, visita Exaudi.org\/it o contattaci direttamente: info@exaudi.org Exaudi: informa, forma e trasforma.","sameAs":["https:\/\/www.facebook.com\/ExaudiNotizie\/","https:\/\/www.instagram.com\/Exaudi_notizie\/","https:\/\/x.com\/Exaudi_Notizie","https:\/\/www.youtube.com\/@exaudicatholicnews"],"url":"https:\/\/exaudi.org\/it\/author\/dlvedi-org\/"}]}},"jetpack_featured_media_url":"https:\/\/exaudi.org\/wp-content\/uploads\/2022\/08\/Audiencia-General1-scaled.jpg","jetpack_shortlink":"https:\/\/wp.me\/pgKjF2-fKO","_links":{"self":[{"href":"https:\/\/exaudi.org\/it\/wp-json\/wp\/v2\/posts\/60562","targetHints":{"allow":["GET"]}}],"collection":[{"href":"https:\/\/exaudi.org\/it\/wp-json\/wp\/v2\/posts"}],"about":[{"href":"https:\/\/exaudi.org\/it\/wp-json\/wp\/v2\/types\/post"}],"author":[{"embeddable":true,"href":"https:\/\/exaudi.org\/it\/wp-json\/wp\/v2\/users\/17"}],"replies":[{"embeddable":true,"href":"https:\/\/exaudi.org\/it\/wp-json\/wp\/v2\/comments?post=60562"}],"version-history":[{"count":0,"href":"https:\/\/exaudi.org\/it\/wp-json\/wp\/v2\/posts\/60562\/revisions"}],"wp:featuredmedia":[{"embeddable":true,"href":"https:\/\/exaudi.org\/it\/wp-json\/wp\/v2\/media\/60561"}],"wp:attachment":[{"href":"https:\/\/exaudi.org\/it\/wp-json\/wp\/v2\/media?parent=60562"}],"wp:term":[{"taxonomy":"category","embeddable":true,"href":"https:\/\/exaudi.org\/it\/wp-json\/wp\/v2\/categories?post=60562"},{"taxonomy":"post_tag","embeddable":true,"href":"https:\/\/exaudi.org\/it\/wp-json\/wp\/v2\/tags?post=60562"}],"curies":[{"name":"wp","href":"https:\/\/api.w.org\/{rel}","templated":true}]}}