{"id":60320,"date":"2022-08-03T16:37:47","date_gmt":"2022-08-03T14:37:47","guid":{"rendered":"https:\/\/exaudi.org\/?p=60320"},"modified":"2022-08-03T16:37:47","modified_gmt":"2022-08-03T14:37:47","slug":"il-papa-riflessioni-sul-viaggio-apostolico-che-ho-compiuto-in-canada","status":"publish","type":"post","link":"https:\/\/exaudi.org\/it\/il-papa-riflessioni-sul-viaggio-apostolico-che-ho-compiuto-in-canada\/","title":{"rendered":"Il Papa: riflessioni sul\u00a0viaggio apostolico che ho compiuto in Canada\u00a0"},"content":{"rendered":"<p>L\u2019Udienza Generale di questa mattina si svolge alle ore 9.00 nell\u2019Aula Paolo VI.<\/p>\n<p>Nel discorso in lingua italiana il Papa incentra la Sua meditazione sul recente Viaggio Apostolico in Canada (Lettura: Lc 24,13-15).<\/p>\n<p>Dopo aver riassunto la Sua catechesi nelle diverse lingue, il Santo Padre indirizza particolari espressioni di saluto ai fedeli presenti.<\/p>\n<p>L\u2019Udienza Generale si conclude con la recita del Pater Noster e la Benedizione Apostolica.<\/p>\n<p><strong>Catechesi del Santo Padre<\/strong><\/p>\n<p>Cari fratelli e sorelle, buongiorno!<\/p>\n<p>Oggi vorrei condividere con voi alcune riflessioni sul\u00a0<a href=\"https:\/\/www.vatican.va\/content\/francesco\/it\/events\/event.dir.html\/content\/vaticanevents\/it\/2022\/7\/24\/viaggioapostolico-canada.html\">viaggio apostolico che ho compiuto in Canada<\/a>\u00a0nei giorni scorsi. Si \u00e8 trattato di un viaggio diverso dagli altri. Infatti, la motivazione principale era quella di incontrare le popolazioni originarie per esprimere ad esse la mia vicinanza e il mio dolore e chiedere perdono \u2013 chiedere perdono \u2013 per il male loro arrecato da quei cristiani, tra cui molti cattolici, che in passato hanno collaborato alle politiche di assimilazione forzata e di affrancamento dei governi dell\u2019epoca.<\/p>\n<p>In questo senso, in Canada \u00e8 stato intrapreso un percorso per scrivere una nuova pagina del cammino che da tempo la Chiesa sta compiendo insieme ai popoli indigeni. E infatti il motto del viaggio \u201cCamminare insieme\u201d spiega un po\u2019 questo. Un cammino di riconciliazione, di guarigione, che presuppone la conoscenza storica, l\u2019ascolto dei sopravvissuti, la presa di coscienza e soprattutto la conversione, il cambiamento di mentalit\u00e0. Da questo approfondimento risulta che, per un verso, alcuni uomini e donne di Chiesa sono stati tra i pi\u00f9 decisi e coraggiosi sostenitori della dignit\u00e0 delle popolazioni autoctone, prendendo le loro difese e contribuendo alla conoscenza delle loro lingue e culture; ma, per altro verso, non sono purtroppo mancati cristiani, cio\u00e8 preti, religiosi, religiose, laici che hanno partecipato ai programmi che oggi capiamo che sono inaccettabili e anche contrari al Vangelo. E per questo io sono andato a chiedere perdono a nome della Chiesa.<\/p>\n<p>\u00c8 stato dunque un\u00a0<i>pellegrinaggio penitenziale<\/i>. Tanti sono stati i momenti gioiosi, ma il senso e il tono dell\u2019insieme \u00e8 stato riflessione, pentimento e riconciliazione. Quattro mesi fa avevo ricevuto in Vaticano, in gruppi distinti, i rappresentanti dei popoli originari: sono state in totale sei riunioni, per preparare un po\u2019 questo incontro.<\/p>\n<p>Le grandi tappe del pellegrinaggio sono state tre: la prima, a Edmonton, nella parte occidentale del Paese. La seconda, a Qu\u00e9bec, nella parte orientale. E la terza nel nord, a Iqaluit, a 300 km forse dal circolo polare artico. Il\u00a0<a href=\"https:\/\/www.vatican.va\/content\/francesco\/it\/events\/event.dir.html\/content\/vaticanevents\/it\/2022\/7\/25\/popolazioniindigene-canada.html\">primo incontro si \u00e8 svolto a Masqwacis<\/a>, che significa \u201cla collina dell\u2019orso\u201d, dove sono convenuti da tutto il Paese capi e membri dei principali gruppi indigeni:\u00a0<i>First Nations<\/i>,\u00a0<i>M\u00e9tis<\/i>\u00a0e\u00a0<i>Inuit<\/i>. Insieme abbiamo\u00a0<i>fatto memoria<\/i>: la memoria buona della storia millenaria di questi popoli, in armonia con la loro terra: questa \u00e8 una delle cose pi\u00f9 belle dei popoli originari, l\u2019armonia con la terra. Mai maltrattano il creato, mai. In armonia con la terra. E anche abbiamo raccolto la memoria dolorosa dei soprusi subiti, anche nelle scuole residenziali, a causa delle politiche di assimilazione culturale.<\/p>\n<p>Dopo la memoria, il\u00a0<a href=\"https:\/\/www.vatican.va\/content\/francesco\/it\/events\/event.dir.html\/content\/vaticanevents\/it\/2022\/7\/25\/incontroedmonton-canada.html\">secondo passo del nostro cammino \u00e8 stato quello della\u00a0<i>riconciliazione<\/i><\/a>. Non un compromesso tra noi \u2013 sarebbe un\u2019illusione, una messa in scena \u2013 ma un lasciarsi riconciliare da Cristo, che \u00e8 la nostra pace (cfr\u00a0<i>Ef<\/i>\u00a02,14). L\u2019abbiamo fatto tenendo come riferimento la figura dell\u2019albero, centrale nella vita e nella simbologia dei popoli indigeni.<\/p>\n<p>Memoria, riconciliazione, e quindi\u00a0<i>guarigione<\/i>. Abbiamo fatto questo\u00a0<a href=\"https:\/\/www.vatican.va\/content\/francesco\/it\/events\/event.dir.html\/content\/vaticanevents\/it\/2022\/7\/26\/omelia-lacsteanne-canada.html\">terzo passo del cammino sulle rive del Lago Sant\u2019Anna<\/a>, proprio nel giorno della festa dei Santi Gioacchino e Anna. Tutti possiamo attingere da Cristo, fonte di acqua viva, e l\u00ec, in Ges\u00f9, abbiamo visto la vicinanza del Padre che ci d\u00e0 la guarigione delle ferite e anche il perdono dei peccati.<\/p>\n<p>Da questo percorso di memoria, riconciliazione e guarigione scaturisce la\u00a0<i>speranza<\/i>\u00a0per la Chiesa, in Canada e in ogni luogo. E l\u00ec, la figura dei discepoli di Emmaus, che dopo aver camminato con Ges\u00f9 risorto, con Lui e grazie a Lui passarono dal fallimento alla speranza (cfr\u00a0<i>Lc<\/i>\u00a024,13-35).<\/p>\n<p>Come dicevo all\u2019inizio, il cammino insieme ai popoli indigeni ha costituito l\u2019asse portante di questo viaggio apostolico. Su di esso si sono innestati i due incontri\u00a0<a href=\"https:\/\/www.vatican.va\/content\/francesco\/it\/events\/event.dir.html\/content\/vaticanevents\/it\/2022\/7\/28\/omelia-vespri-quebec.html\">con la Chiesa locale<\/a>\u00a0e con le\u00a0<a href=\"https:\/\/www.vatican.va\/content\/francesco\/it\/events\/event.dir.html\/content\/vaticanevents\/it\/2022\/7\/27\/autorita-canada.html\">Autorit\u00e0 del Paese<\/a>, alle quali Autorit\u00e0 desidero rinnovare la mia sincera gratitudine per la grande disponibilit\u00e0 e la cordiale accoglienza che hanno riservato a me e ai miei collaboratori. E ai Vescovi, lo stesso.\u00a0<a href=\"https:\/\/www.vatican.va\/content\/francesco\/it\/events\/event.dir.html\/content\/vaticanevents\/it\/2022\/7\/27\/autorita-canada.html\">Davanti ai Governanti, ai Capi indigeni e al Corpo diplomatico<\/a>\u00a0ho ribadito la volont\u00e0 fattiva della Santa Sede e delle Comunit\u00e0 cattoliche locali di\u00a0<i>promuovere le culture originarie<\/i>, con percorsi spirituali appropriati e con l\u2019attenzione alle usanze e alle lingue dei popoli. Nello stesso tempo, ho rilevato come la\u00a0<i>mentalit\u00e0 colonizzatrice<\/i>\u00a0si presenti oggi sotto varie forme di colonizzazioni ideologiche, che minacciano le tradizioni, la storia e i legami religiosi dei popoli, appiattendo le differenze, concentrandosi solo sul presente e trascurando spesso i doveri verso i pi\u00f9 deboli e fragili. Si tratta dunque di recuperare un\u00a0<i>sano equilibrio<\/i>, recuperare l\u2019<i>armonia<\/i>, che \u00e8 pi\u00f9 di un equilibrio, \u00e8 un\u2019altra cosa; recuperare l\u2019armonia tra modernit\u00e0 e culture ancestrali, tra la secolarizzazione e i valori spirituali. E questo interpella direttamente la missione della Chiesa, inviata in tutto il mondo a testimoniare, a \u201cseminare\u201d una fraternit\u00e0 universale che rispetta e promuove la dimensione locale con le sue molteplici ricchezze (cfr Enc.\u00a0<i><a href=\"https:\/\/www.vatican.va\/content\/francesco\/it\/encyclicals\/documents\/papa-francesco_20201003_enciclica-fratelli-tutti.html#142\">Fratelli tutti<\/a><\/i>, 142-153). Ho gi\u00e0 detto, ma voglio ribadire il mio ringraziamento alle Autorit\u00e0 civili, alla signora Governatore generale, al Primo ministro, alle Autorit\u00e0 locali dei posti dove sono andato: ringrazio tanto per il modo con cui hanno favorito la realizzazione dei propositi e dei gesti che ho accennato. E desidero ringraziare i Vescovi soprattutto per l\u2019unit\u00e0 dell\u2019episcopato: la realizzazione degli scopi del Viaggio \u00e8 stata possibile perch\u00e9 i Vescovi erano uniti, e dove c\u2019\u00e8 unit\u00e0 si pu\u00f2 andare avanti. Per questo vorrei sottolineare questo e ringraziare i Vescovi del Canada per questa unit\u00e0.<\/p>\n<p>E nel segno della speranza \u00e8 stato l\u2019ultimo incontro, nella terra degli\u00a0<i>Inuit<\/i>,\u00a0<a href=\"https:\/\/www.vatican.va\/content\/francesco\/it\/events\/event.dir.html\/content\/vaticanevents\/it\/2022\/7\/29\/giovani-anziani-iqaluit.html\">con\u00a0<i>giovani e anziani<\/i><\/a>. E vi assicuro che in questi incontri, soprattutto l\u2019ultimo, ho dovuto sentire come schiaffi il dolore di quella gente: gli anziani che hanno perso i figli e non sapevano dove fossero finiti, per questa politica di assimilazione. \u00c8 stato un momento molto doloroso, ma si doveva mettere la faccia: dobbiamo mettere la faccia davanti ai nostri errori, ai nostri peccati. Anche in Canada questo \u00e8 un binomio-chiave, giovani e anziani, \u00e8 un segno dei tempi: giovani e anziani in dialogo per camminare insieme nella storia tra\u00a0<i>memoria e profezia<\/i>, che sono in accordo. La fortezza e l\u2019azione pacifica dei popoli indigeni del Canada sia di esempio per tutte le popolazioni originarie a non chiudersi, ma ad offrire il loro indispensabile contributo per un\u2019umanit\u00e0 pi\u00f9 fraterna, che sappia amare il creato e il Creatore, in armonia con il creato, in armonia tra tutti voi.<\/p>\n<p>__________________________________________________________<\/p>\n<p><b>APPELLO<\/b><\/p>\n<p>Domani ricorre il secondo anniversario dell\u2019esplosione del porto di Beirut. Il mio pensiero va alle famiglie delle vittime di quel disastroso evento e al caro popolo libanese: prego affinch\u00e9 ciascuno possa essere consolato dalla fede e confortato dalla giustizia e dalla verit\u00e0, che non pu\u00f2 essere mai nascosta.<\/p>\n<p>Auspico che il Libano, con l\u2019aiuto della Comunit\u00e0 internazionale, continui a percorrere il cammino di \u201crinascita\u201d, rimanendo fedele alla propria vocazione di essere terra di pace e di pluralismo, dove le comunit\u00e0 di religioni diverse possano vivere in fraternit\u00e0.<\/p>\n<p>* * *<\/p>\n<p>Rivolgo un cordiale benvenuto ai pellegrini di lingua italiana. In particolare, saluto i ragazzi del Centro Estivo \u201cEstate ragazzi in Vaticano\u201d \u2013 sono rimasti zitti fino ad adesso, e si capisce che facciano un po\u2019 di rumore, no? \u2013 accompagnati dai genitori e dagli animatori, che ringrazio per la loro preziosa opera, per il lavoro che avete fatto: grazie. E in modo speciale vorrei ringraziare don Franco, il cappellano della Gendarmeria, l\u2019anima spirituale del Vaticano che, come buon salesiano, \u00e8 stato capace di mettere questo seme, di fare questo centro estivo: \u00e8 gi\u00e0 il terzo anno. Grazie, don Franco. Saluto il gruppo \u201cLatium world folkloric festival\u201d di Cori e i Frati Minori Cappuccini. Un saluto speciale rivolgo alle Apostole del Sacro Cuore, al termine del loro Capitolo generale, incoraggiando ciascuna a servire Dio e i fratelli con gioia, con gioia.<\/p>\n<p>Il mio pensiero va infine, come di consueto, agli anziani, agli ammalati, ai giovani e agli sposi novelli \u2013 che sono tanti, vedo l\u00ec. Tutti esorto a rimanere sempre fedeli alle proprie convinzioni cristiane. Solo Ges\u00f9 Cristo, infatti, \u00e8 per ognuno la luce che illumina e il sostegno incrollabile tra le difficolt\u00e0 dell\u2019esistenza.<\/p>\n<p>A tutti la mia benedizione.<\/p>\n","protected":false},"excerpt":{"rendered":"<p>Catechesi: Il Viaggio apostolico <\/p>\n","protected":false},"author":17,"featured_media":60327,"comment_status":"closed","ping_status":"closed","sticky":false,"template":"","format":"standard","meta":{"_acf_changed":false,"_crdt_document":"","inline_featured_image":false,"footnotes":""},"categories":[67,111],"tags":[6383,2487,6621],"class_list":["post-60320","post","type-post","status-publish","format-standard","has-post-thumbnail","hentry","category-leone-xiv","category-udienza-generale","tag-catechesi-del-santo-padre","tag-featured-3","tag-viaggio-in-canada"],"acf":[],"yoast_head":"<!-- This site is optimized with the Yoast SEO plugin v27.4 - https:\/\/yoast.com\/product\/yoast-seo-wordpress\/ -->\n<title>Il Papa: riflessioni sul\u00a0viaggio apostolico che ho compiuto in Canada\u00a0 &#8211; Exaudi<\/title>\n<meta name=\"robots\" content=\"index, follow, max-snippet:-1, max-image-preview:large, max-video-preview:-1\" \/>\n<link rel=\"canonical\" href=\"https:\/\/exaudi.org\/it\/the-pope-reflections-on-the-apostolic-journey-i-made-to-canada\/\" \/>\n<meta property=\"og:locale\" content=\"it_IT\" \/>\n<meta property=\"og:type\" content=\"article\" \/>\n<meta property=\"og:title\" content=\"Il Papa: riflessioni sul\u00a0viaggio apostolico che ho compiuto in Canada\u00a0 &#8211; Exaudi\" \/>\n<meta property=\"og:description\" content=\"Catechesi: Il Viaggio apostolico\" \/>\n<meta property=\"og:url\" content=\"https:\/\/exaudi.org\/the-pope-reflections-on-the-apostolic-journey-i-made-to-canada\/\" \/>\n<meta property=\"og:site_name\" content=\"Exaudi\" \/>\n<meta property=\"article:publisher\" content=\"https:\/\/www.facebook.com\/ExaudiNews\" \/>\n<meta property=\"article:author\" content=\"https:\/\/www.facebook.com\/ExaudiNotizie\/\" \/>\n<meta property=\"article:published_time\" content=\"2022-08-03T14:37:47+00:00\" \/>\n<meta property=\"og:image\" content=\"https:\/\/exaudi.org\/wp-content\/uploads\/2022\/08\/cq5dam.web_.800.800-14.jpeg\" \/>\n\t<meta property=\"og:image:width\" content=\"800\" \/>\n\t<meta property=\"og:image:height\" content=\"533\" \/>\n\t<meta property=\"og:image:type\" content=\"image\/jpeg\" \/>\n<meta name=\"author\" content=\"Exaudi Redazione\" \/>\n<meta name=\"twitter:card\" content=\"summary_large_image\" \/>\n<meta name=\"twitter:creator\" content=\"@Exaudi_Notizie\" \/>\n<meta name=\"twitter:site\" content=\"@Exaudi_News\" \/>\n<meta name=\"twitter:label1\" content=\"Scritto da\" \/>\n\t<meta name=\"twitter:data1\" content=\"Exaudi Redazione\" \/>\n\t<meta name=\"twitter:label2\" content=\"Tempo di lettura stimato\" \/>\n\t<meta name=\"twitter:data2\" content=\"7 minuti\" \/>\n<script type=\"application\/ld+json\" class=\"yoast-schema-graph\">{\"@context\":\"https:\\\/\\\/schema.org\",\"@graph\":[{\"@type\":\"Article\",\"@id\":\"https:\\\/\\\/exaudi.org\\\/the-pope-reflections-on-the-apostolic-journey-i-made-to-canada\\\/#article\",\"isPartOf\":{\"@id\":\"https:\\\/\\\/exaudi.org\\\/the-pope-reflections-on-the-apostolic-journey-i-made-to-canada\\\/\"},\"author\":{\"name\":\"Exaudi Redazione\",\"@id\":\"https:\\\/\\\/exaudi.org\\\/#\\\/schema\\\/person\\\/e1ab6ed07c01774724dd96f925f3a5f0\"},\"headline\":\"Il Papa: riflessioni sul\u00a0viaggio apostolico che ho compiuto in Canada\u00a0\",\"datePublished\":\"2022-08-03T14:37:47+00:00\",\"mainEntityOfPage\":{\"@id\":\"https:\\\/\\\/exaudi.org\\\/the-pope-reflections-on-the-apostolic-journey-i-made-to-canada\\\/\"},\"wordCount\":1440,\"image\":{\"@id\":\"https:\\\/\\\/exaudi.org\\\/the-pope-reflections-on-the-apostolic-journey-i-made-to-canada\\\/#primaryimage\"},\"thumbnailUrl\":\"https:\\\/\\\/exaudi.org\\\/wp-content\\\/uploads\\\/2022\\\/08\\\/cq5dam.web_.800.800-14.jpeg\",\"keywords\":[\"Catechesi del Santo Padre\",\"Featured\",\"viaggio in Canada\"],\"articleSection\":[\"Leone XIV\",\"Udienza generale\"],\"inLanguage\":\"it-IT\"},{\"@type\":\"WebPage\",\"@id\":\"https:\\\/\\\/exaudi.org\\\/the-pope-reflections-on-the-apostolic-journey-i-made-to-canada\\\/\",\"url\":\"https:\\\/\\\/exaudi.org\\\/the-pope-reflections-on-the-apostolic-journey-i-made-to-canada\\\/\",\"name\":\"Il Papa: riflessioni sul\u00a0viaggio apostolico che ho compiuto in Canada\u00a0 &#8211; Exaudi\",\"isPartOf\":{\"@id\":\"https:\\\/\\\/exaudi.org\\\/#website\"},\"primaryImageOfPage\":{\"@id\":\"https:\\\/\\\/exaudi.org\\\/the-pope-reflections-on-the-apostolic-journey-i-made-to-canada\\\/#primaryimage\"},\"image\":{\"@id\":\"https:\\\/\\\/exaudi.org\\\/the-pope-reflections-on-the-apostolic-journey-i-made-to-canada\\\/#primaryimage\"},\"thumbnailUrl\":\"https:\\\/\\\/exaudi.org\\\/wp-content\\\/uploads\\\/2022\\\/08\\\/cq5dam.web_.800.800-14.jpeg\",\"datePublished\":\"2022-08-03T14:37:47+00:00\",\"author\":{\"@id\":\"https:\\\/\\\/exaudi.org\\\/#\\\/schema\\\/person\\\/e1ab6ed07c01774724dd96f925f3a5f0\"},\"breadcrumb\":{\"@id\":\"https:\\\/\\\/exaudi.org\\\/the-pope-reflections-on-the-apostolic-journey-i-made-to-canada\\\/#breadcrumb\"},\"inLanguage\":\"it-IT\",\"potentialAction\":[{\"@type\":\"ReadAction\",\"target\":[\"https:\\\/\\\/exaudi.org\\\/the-pope-reflections-on-the-apostolic-journey-i-made-to-canada\\\/\"]}]},{\"@type\":\"ImageObject\",\"inLanguage\":\"it-IT\",\"@id\":\"https:\\\/\\\/exaudi.org\\\/the-pope-reflections-on-the-apostolic-journey-i-made-to-canada\\\/#primaryimage\",\"url\":\"https:\\\/\\\/exaudi.org\\\/wp-content\\\/uploads\\\/2022\\\/08\\\/cq5dam.web_.800.800-14.jpeg\",\"contentUrl\":\"https:\\\/\\\/exaudi.org\\\/wp-content\\\/uploads\\\/2022\\\/08\\\/cq5dam.web_.800.800-14.jpeg\",\"width\":800,\"height\":533,\"caption\":\"\u00a9 Vatican Media\"},{\"@type\":\"BreadcrumbList\",\"@id\":\"https:\\\/\\\/exaudi.org\\\/the-pope-reflections-on-the-apostolic-journey-i-made-to-canada\\\/#breadcrumb\",\"itemListElement\":[{\"@type\":\"ListItem\",\"position\":1,\"name\":\"Portada\",\"item\":\"https:\\\/\\\/exaudi.org\\\/it\\\/\"},{\"@type\":\"ListItem\",\"position\":2,\"name\":\"Il Papa: riflessioni sul\u00a0viaggio apostolico che ho compiuto in Canada\u00a0\"}]},{\"@type\":\"WebSite\",\"@id\":\"https:\\\/\\\/exaudi.org\\\/#website\",\"url\":\"https:\\\/\\\/exaudi.org\\\/\",\"name\":\"Exaudi\",\"description\":\"News\",\"potentialAction\":[{\"@type\":\"SearchAction\",\"target\":{\"@type\":\"EntryPoint\",\"urlTemplate\":\"https:\\\/\\\/exaudi.org\\\/?s={search_term_string}\"},\"query-input\":{\"@type\":\"PropertyValueSpecification\",\"valueRequired\":true,\"valueName\":\"search_term_string\"}}],\"inLanguage\":\"it-IT\"},{\"@type\":\"Person\",\"@id\":\"https:\\\/\\\/exaudi.org\\\/#\\\/schema\\\/person\\\/e1ab6ed07c01774724dd96f925f3a5f0\",\"name\":\"Exaudi Redazione\",\"image\":{\"@type\":\"ImageObject\",\"inLanguage\":\"it-IT\",\"@id\":\"https:\\\/\\\/secure.gravatar.com\\\/avatar\\\/ad6774b3ada023bf5b939d64f45c94b3adf91502dd883507d469b4308a943bb3?s=96&d=mm&r=g\",\"url\":\"https:\\\/\\\/secure.gravatar.com\\\/avatar\\\/ad6774b3ada023bf5b939d64f45c94b3adf91502dd883507d469b4308a943bb3?s=96&d=mm&r=g\",\"contentUrl\":\"https:\\\/\\\/secure.gravatar.com\\\/avatar\\\/ad6774b3ada023bf5b939d64f45c94b3adf91502dd883507d469b4308a943bb3?s=96&d=mm&r=g\",\"caption\":\"Exaudi Redazione\"},\"description\":\"Che cosa \u00e8 Exaudi News? Exaudi News \u00e8 un agenzia cattolica internazionale che informa, istruisce e trasforma quotidianamente in spagnolo, inglese e italiano. Attraverso notizie, articoli di analisi e trasmissioni in diretta degli eventi del Papa, Exaudi cerca di rafforzare l'unit\u00e0 dei cristiani e di contribuire all'evangelizzazione del mondo, sempre guidato dalla dottrina sociale della Chiesa. Lavoriamo per portare la verit\u00e0 e i valori cristiani in ogni angolo del pianeta. Aiutaci a trasformare il mondo con Exaudi! Noi di Exaudi crediamo che l'evangelizzazione e l'informazione di qualit\u00e0 possano cambiare la vita. Per continuare la nostra missione ed espandere la nostra portata, abbiamo bisogno del tuo aiuto. Stiamo anche cercando persone motivate che vogliano unirsi al nostro team. Grazie al vostro sostegno raggiungeremo pi\u00f9 persone, diffonderemo il messaggio di Cristo e rafforzeremo l'unit\u00e0 dei cristiani. Vuoi unirti alla nostra missione? Per maggiori informazioni su come contribuire, visita Exaudi.org\\\/it o contattaci direttamente: info@exaudi.org Exaudi: informa, forma e trasforma.\",\"sameAs\":[\"https:\\\/\\\/www.facebook.com\\\/ExaudiNotizie\\\/\",\"https:\\\/\\\/www.instagram.com\\\/Exaudi_notizie\\\/\",\"https:\\\/\\\/x.com\\\/Exaudi_Notizie\",\"https:\\\/\\\/www.youtube.com\\\/@exaudicatholicnews\"],\"url\":\"https:\\\/\\\/exaudi.org\\\/it\\\/author\\\/dlvedi-org\\\/\"}]}<\/script>\n<!-- \/ Yoast SEO plugin. -->","yoast_head_json":{"title":"Il Papa: riflessioni sul\u00a0viaggio apostolico che ho compiuto in Canada\u00a0 &#8211; Exaudi","robots":{"index":"index","follow":"follow","max-snippet":"max-snippet:-1","max-image-preview":"max-image-preview:large","max-video-preview":"max-video-preview:-1"},"canonical":"https:\/\/exaudi.org\/it\/the-pope-reflections-on-the-apostolic-journey-i-made-to-canada\/","og_locale":"it_IT","og_type":"article","og_title":"Il Papa: riflessioni sul\u00a0viaggio apostolico che ho compiuto in Canada\u00a0 &#8211; Exaudi","og_description":"Catechesi: Il Viaggio apostolico","og_url":"https:\/\/exaudi.org\/the-pope-reflections-on-the-apostolic-journey-i-made-to-canada\/","og_site_name":"Exaudi","article_publisher":"https:\/\/www.facebook.com\/ExaudiNews","article_author":"https:\/\/www.facebook.com\/ExaudiNotizie\/","article_published_time":"2022-08-03T14:37:47+00:00","og_image":[{"width":800,"height":533,"url":"https:\/\/exaudi.org\/wp-content\/uploads\/2022\/08\/cq5dam.web_.800.800-14.jpeg","type":"image\/jpeg"}],"author":"Exaudi Redazione","twitter_card":"summary_large_image","twitter_creator":"@Exaudi_Notizie","twitter_site":"@Exaudi_News","twitter_misc":{"Scritto da":"Exaudi Redazione","Tempo di lettura stimato":"7 minuti"},"schema":{"@context":"https:\/\/schema.org","@graph":[{"@type":"Article","@id":"https:\/\/exaudi.org\/the-pope-reflections-on-the-apostolic-journey-i-made-to-canada\/#article","isPartOf":{"@id":"https:\/\/exaudi.org\/the-pope-reflections-on-the-apostolic-journey-i-made-to-canada\/"},"author":{"name":"Exaudi Redazione","@id":"https:\/\/exaudi.org\/#\/schema\/person\/e1ab6ed07c01774724dd96f925f3a5f0"},"headline":"Il Papa: riflessioni sul\u00a0viaggio apostolico che ho compiuto in Canada\u00a0","datePublished":"2022-08-03T14:37:47+00:00","mainEntityOfPage":{"@id":"https:\/\/exaudi.org\/the-pope-reflections-on-the-apostolic-journey-i-made-to-canada\/"},"wordCount":1440,"image":{"@id":"https:\/\/exaudi.org\/the-pope-reflections-on-the-apostolic-journey-i-made-to-canada\/#primaryimage"},"thumbnailUrl":"https:\/\/exaudi.org\/wp-content\/uploads\/2022\/08\/cq5dam.web_.800.800-14.jpeg","keywords":["Catechesi del Santo Padre","Featured","viaggio in Canada"],"articleSection":["Leone XIV","Udienza generale"],"inLanguage":"it-IT"},{"@type":"WebPage","@id":"https:\/\/exaudi.org\/the-pope-reflections-on-the-apostolic-journey-i-made-to-canada\/","url":"https:\/\/exaudi.org\/the-pope-reflections-on-the-apostolic-journey-i-made-to-canada\/","name":"Il Papa: riflessioni sul\u00a0viaggio apostolico che ho compiuto in Canada\u00a0 &#8211; Exaudi","isPartOf":{"@id":"https:\/\/exaudi.org\/#website"},"primaryImageOfPage":{"@id":"https:\/\/exaudi.org\/the-pope-reflections-on-the-apostolic-journey-i-made-to-canada\/#primaryimage"},"image":{"@id":"https:\/\/exaudi.org\/the-pope-reflections-on-the-apostolic-journey-i-made-to-canada\/#primaryimage"},"thumbnailUrl":"https:\/\/exaudi.org\/wp-content\/uploads\/2022\/08\/cq5dam.web_.800.800-14.jpeg","datePublished":"2022-08-03T14:37:47+00:00","author":{"@id":"https:\/\/exaudi.org\/#\/schema\/person\/e1ab6ed07c01774724dd96f925f3a5f0"},"breadcrumb":{"@id":"https:\/\/exaudi.org\/the-pope-reflections-on-the-apostolic-journey-i-made-to-canada\/#breadcrumb"},"inLanguage":"it-IT","potentialAction":[{"@type":"ReadAction","target":["https:\/\/exaudi.org\/the-pope-reflections-on-the-apostolic-journey-i-made-to-canada\/"]}]},{"@type":"ImageObject","inLanguage":"it-IT","@id":"https:\/\/exaudi.org\/the-pope-reflections-on-the-apostolic-journey-i-made-to-canada\/#primaryimage","url":"https:\/\/exaudi.org\/wp-content\/uploads\/2022\/08\/cq5dam.web_.800.800-14.jpeg","contentUrl":"https:\/\/exaudi.org\/wp-content\/uploads\/2022\/08\/cq5dam.web_.800.800-14.jpeg","width":800,"height":533,"caption":"\u00a9 Vatican Media"},{"@type":"BreadcrumbList","@id":"https:\/\/exaudi.org\/the-pope-reflections-on-the-apostolic-journey-i-made-to-canada\/#breadcrumb","itemListElement":[{"@type":"ListItem","position":1,"name":"Portada","item":"https:\/\/exaudi.org\/it\/"},{"@type":"ListItem","position":2,"name":"Il Papa: riflessioni sul\u00a0viaggio apostolico che ho compiuto in Canada\u00a0"}]},{"@type":"WebSite","@id":"https:\/\/exaudi.org\/#website","url":"https:\/\/exaudi.org\/","name":"Exaudi","description":"News","potentialAction":[{"@type":"SearchAction","target":{"@type":"EntryPoint","urlTemplate":"https:\/\/exaudi.org\/?s={search_term_string}"},"query-input":{"@type":"PropertyValueSpecification","valueRequired":true,"valueName":"search_term_string"}}],"inLanguage":"it-IT"},{"@type":"Person","@id":"https:\/\/exaudi.org\/#\/schema\/person\/e1ab6ed07c01774724dd96f925f3a5f0","name":"Exaudi Redazione","image":{"@type":"ImageObject","inLanguage":"it-IT","@id":"https:\/\/secure.gravatar.com\/avatar\/ad6774b3ada023bf5b939d64f45c94b3adf91502dd883507d469b4308a943bb3?s=96&d=mm&r=g","url":"https:\/\/secure.gravatar.com\/avatar\/ad6774b3ada023bf5b939d64f45c94b3adf91502dd883507d469b4308a943bb3?s=96&d=mm&r=g","contentUrl":"https:\/\/secure.gravatar.com\/avatar\/ad6774b3ada023bf5b939d64f45c94b3adf91502dd883507d469b4308a943bb3?s=96&d=mm&r=g","caption":"Exaudi Redazione"},"description":"Che cosa \u00e8 Exaudi News? Exaudi News \u00e8 un agenzia cattolica internazionale che informa, istruisce e trasforma quotidianamente in spagnolo, inglese e italiano. Attraverso notizie, articoli di analisi e trasmissioni in diretta degli eventi del Papa, Exaudi cerca di rafforzare l'unit\u00e0 dei cristiani e di contribuire all'evangelizzazione del mondo, sempre guidato dalla dottrina sociale della Chiesa. Lavoriamo per portare la verit\u00e0 e i valori cristiani in ogni angolo del pianeta. Aiutaci a trasformare il mondo con Exaudi! Noi di Exaudi crediamo che l'evangelizzazione e l'informazione di qualit\u00e0 possano cambiare la vita. Per continuare la nostra missione ed espandere la nostra portata, abbiamo bisogno del tuo aiuto. Stiamo anche cercando persone motivate che vogliano unirsi al nostro team. Grazie al vostro sostegno raggiungeremo pi\u00f9 persone, diffonderemo il messaggio di Cristo e rafforzeremo l'unit\u00e0 dei cristiani. Vuoi unirti alla nostra missione? Per maggiori informazioni su come contribuire, visita Exaudi.org\/it o contattaci direttamente: info@exaudi.org Exaudi: informa, forma e trasforma.","sameAs":["https:\/\/www.facebook.com\/ExaudiNotizie\/","https:\/\/www.instagram.com\/Exaudi_notizie\/","https:\/\/x.com\/Exaudi_Notizie","https:\/\/www.youtube.com\/@exaudicatholicnews"],"url":"https:\/\/exaudi.org\/it\/author\/dlvedi-org\/"}]}},"jetpack_featured_media_url":"https:\/\/exaudi.org\/wp-content\/uploads\/2022\/08\/cq5dam.web_.800.800-14.jpeg","jetpack_shortlink":"https:\/\/wp.me\/pgKjF2-fGU","_links":{"self":[{"href":"https:\/\/exaudi.org\/it\/wp-json\/wp\/v2\/posts\/60320","targetHints":{"allow":["GET"]}}],"collection":[{"href":"https:\/\/exaudi.org\/it\/wp-json\/wp\/v2\/posts"}],"about":[{"href":"https:\/\/exaudi.org\/it\/wp-json\/wp\/v2\/types\/post"}],"author":[{"embeddable":true,"href":"https:\/\/exaudi.org\/it\/wp-json\/wp\/v2\/users\/17"}],"replies":[{"embeddable":true,"href":"https:\/\/exaudi.org\/it\/wp-json\/wp\/v2\/comments?post=60320"}],"version-history":[{"count":0,"href":"https:\/\/exaudi.org\/it\/wp-json\/wp\/v2\/posts\/60320\/revisions"}],"wp:featuredmedia":[{"embeddable":true,"href":"https:\/\/exaudi.org\/it\/wp-json\/wp\/v2\/media\/60327"}],"wp:attachment":[{"href":"https:\/\/exaudi.org\/it\/wp-json\/wp\/v2\/media?parent=60320"}],"wp:term":[{"taxonomy":"category","embeddable":true,"href":"https:\/\/exaudi.org\/it\/wp-json\/wp\/v2\/categories?post=60320"},{"taxonomy":"post_tag","embeddable":true,"href":"https:\/\/exaudi.org\/it\/wp-json\/wp\/v2\/tags?post=60320"}],"curies":[{"name":"wp","href":"https:\/\/api.w.org\/{rel}","templated":true}]}}