{"id":59824,"date":"2022-07-22T19:10:28","date_gmt":"2022-07-22T17:10:28","guid":{"rendered":"https:\/\/exaudi.org\/?p=59824"},"modified":"2022-07-22T22:10:48","modified_gmt":"2022-07-22T20:10:48","slug":"opus-dei-il-papa-introduce-cambiamenti-a-tutela-del-carisma","status":"publish","type":"post","link":"https:\/\/exaudi.org\/it\/opus-dei-il-papa-introduce-cambiamenti-a-tutela-del-carisma\/","title":{"rendered":"Opus Dei: Il Papa introduce cambiamenti &#8220;a tutela del carisma&#8221;"},"content":{"rendered":"<p><strong>Lettera Apostolica in forma di \u00abMotu Proprio\u00bb del Sommo Pontefice Francesco \u201cAd charisma tuendum\u201d<\/strong><\/p>\n<p>Per tutelare il carisma, il mio predecessore\u00a0<a href=\"https:\/\/www.vatican.va\/content\/john-paul-ii\/it.html\">san Giovanni Paolo II<\/a>, nella Costituzione Apostolica\u00a0<i><a href=\"https:\/\/www.vatican.va\/content\/john-paul-ii\/la\/apost_constitutions\/documents\/hf_jp-ii_apc_19821128_ut-sit.html\">Ut sit<\/a><\/i>, del 28 novembre 1982, eresse la Prelatura dell\u2019<i>Opus Dei<\/i>,<i>\u00a0<\/i>affidandole il compito pastorale di contribuire in modo peculiare alla missione evangelizzatrice della Chiesa. Secondo il dono dello Spirito ricevuto da san Josemar\u00eda Escriv\u00e1 de Balaguer, infatti, la Prelatura dell\u2019<i>Opus Dei<\/i>, con la guida del proprio Prelato, attua il compito di diffondere la chiamata alla santit\u00e0 nel mondo, attraverso la santificazione del lavoro e degli impegni familiari e sociali per mezzo dei chierici in essa incardinati e con\u00a0l\u2019organica cooperazione dei laici che si dedicano alle opere apostoliche (<i>cfr.\u00a0<\/i><a href=\"https:\/\/www.vatican.va\/archive\/cod-iuris-canonici\/ita\/documents\/cic_libroII_294-297_it.html#TITOLO_IV\">cann. 294-296<\/a>, CIC).<b><\/b><\/p>\n<p>Il mio venerato Predecessore affermava che: \u201c\u00a0<i>Con grandissima speranza, la Chiesa rivolge le sue materne premure e le sue attenzioni verso l\u2019Opus\u00a0Dei (\u2026) affinch\u00e9 esso sia sempre un valido ed efficace strumento della missione salvifica che la Chiesa adempie per la vita del mondo<\/i>\u201d\u00a0<a class=\" cleaner\" href=\"https:\/\/www.vatican.va\/content\/francesco\/it\/motu_proprio\/documents\/20220714-motu-proprio-ad-charisma-tuendum.html#_ftn1\" name=\"_ftnref1\">[1]<\/a>.<\/p>\n<p>Con questo Motu Proprio si intende confermare la Prelatura dell\u2019<i>Opus Dei<\/i>\u00a0nell\u2019ambito autenticamente carismatico della Chiesa, specificando la sua organizzazione in sintonia alla testimonianza del Fondatore, san Josemar\u00eda Escriv\u00e1 de Balaguer, e agli insegnamenti dell\u2019ecclesiologia conciliare circa le Prelature personali.<\/p>\n<p>Mediante la Costituzione Apostolica\u00a0<i><a href=\"https:\/\/www.vatican.va\/content\/francesco\/it\/apost_constitutions\/documents\/20220319-costituzione-ap-praedicate-evangelium.html\">Praedicate Evangelium<\/a><\/i>\u00a0del 19 marzo 2022, che riforma\u00a0 l\u2019organizzazione della Curia Romana per meglio promuoverne il servizio a favore dell\u2019evangelizzazione, ho ritenuto conveniente affidare al\u00a0<a href=\"http:\/\/www.clerus.va\/content\/clerus\/it.html\">Dicastero per il Clero<\/a>\u00a0la competenza per tutto ci\u00f2 che spetta alla Sede Apostolica circa le Prelature personali, delle quali l\u2019unica finora eretta \u00e8 quella dell\u2019<i>Opus Dei<\/i>, in considerazione del preminente compito in essa svolto, a norma del diritto, dai chierici (<i>cfr.\u00a0<\/i><a href=\"https:\/\/www.vatican.va\/archive\/cod-iuris-canonici\/ita\/documents\/cic_libroII_294-297_it.html#TITOLO_IV\">can. 294<\/a>, CIC).<\/p>\n<p>Volendo quindi tutelare il carisma dell\u2019<i>Opus Dei<\/i>\u00a0e promuovere l\u2019azione evangelizzatrice che i suoi membri compiono nel mondo, e dovendo al contempo adeguare le disposizioni relative alla Prelatura in ragione della nuova organizzazione della Curia Romana, dispongo che siano osservate le seguenti norme.<\/p>\n<p><b>Art. 1.<\/b>\u00a0Il testo dell\u2019art. 5 della Costituzione Apostolica\u00a0<i>Ut sit<\/i>\u00a0\u00e8, a partire da ora, sostituito dal testo seguente: \u201c<i>A norma dell\u2019art. 117 della Costituzione Apostolica Praedicate Evangelium, la Prelatura dipende dal Dicastero per il Clero che, a seconda delle materie, valuter\u00e0 le relative questioni con gli altri Dicasteri della Curia Romana. Il Dicastero per il Clero, nella trattazione delle diverse questioni, dovr\u00e0 avvalersi, mediante l\u2019opportuna consultazione o trasferimento delle pratiche, delle competenze degli altri Dicasteri<\/i>\u201d.<\/p>\n<p><b>Art. 2.\u00a0<\/b>Il testo dell\u2019art. 6 della Costituzione Apostolica\u00a0<i>Ut sit<\/i>\u00a0\u00e8, a partire da ora, sostituito dal testo seguente: \u201c<i>Ogni anno il Prelato sottoporr\u00e0 al Dicastero per il Clero una relazione sullo stato della Prelatura e sullo svolgimento del suo lavoro apostolico<\/i>\u201d.<\/p>\n<p><b>Art. 3.<\/b>\u00a0In ragione degli emendamenti della Costituzione Apostolica\u00a0<i>Ut sit<\/i>\u00a0disposti con la presente Lettera Apostolica, gli Statuti propri della Prelatura dell\u2019<i>Opus Dei<\/i>\u00a0saranno convenientemente adeguati su proposta della Prelatura medesima, da approvarsi dai competenti organi della Sede Apostolica.<\/p>\n<p><b>Art. 4.<\/b>\u00a0Nel pieno rispetto della natura del carisma specifico descritto dalla Costituzione Apostolica sopracitata, si intende rafforzare la convinzione che, per la tutela del dono peculiare dello Spirito, occorre una forma di governo fondata pi\u00f9 sul carisma che sull\u2019autorit\u00e0 gerarchica. Pertanto il Prelato non sar\u00e0 insignito, n\u00e9 insignibile dell\u2019ordine episcopale.<\/p>\n<p><b>Art. 5.\u00a0<\/b>Considerando che le insegne pontificali sono riservate agli insigniti dell\u2019ordine episcopale, al Prelato dell\u2019<i>Opus Dei<\/i>\u00a0si concede, in ragione dell\u2019ufficio, l\u2019uso del titolo di Protonotario Apostolico soprannumerario con il titolo di Reverendo Monsignore e pertanto potr\u00e0 usare le insegne corrispondenti a questo titolo.<\/p>\n<p><b>Art. 6.<\/b>\u00a0A partire dall\u2019entrata in vigore della Costituzione Apostolica<i>\u00a0<a href=\"https:\/\/www.vatican.va\/content\/francesco\/it\/apost_constitutions\/documents\/20220319-costituzione-ap-praedicate-evangelium.html\">Praedicate Evangelium<\/a><\/i>,<i>\u00a0<\/i>tutte le questioni pendenti presso la Congregazione per i Vescovi relative alla Prelatura dell\u2019<i>Opus Dei<\/i>\u00a0continueranno ad essere trattate e decise dal Dicastero per il Clero.<\/p>\n<p>Stabilisco che la presente Lettera Apostolica in forma di Motu Proprio venga promulgata mediante la pubblicazione su\u00a0<i>L\u2019Osservatore Romano<\/i>, entrando in vigore il 4 agosto 2022, e quindi pubblicata nel commentario ufficiale degli<i>\u00a0Acta Apostolicae Sedis.<\/i><\/p>\n<p><i>Dato a Roma, presso San Pietro, il 14 luglio 2022, decimo del Pontificato.<\/i><\/p>\n<p>&nbsp;<\/p>\n<p>FRANCESCO<\/p>\n<p>___________________________________________________<\/p>\n<p><a class=\" cleaner\" href=\"https:\/\/www.vatican.va\/content\/francesco\/it\/motu_proprio\/documents\/20220714-motu-proprio-ad-charisma-tuendum.html#_ftnref1\" name=\"_ftn1\">[1]<\/a>\u00a0\u00a0<i>Cfr.<\/i>\u00a0Preambolo\u00a0<i>Ut sit.<\/i><\/p>\n","protected":false},"excerpt":{"rendered":"<p>Motu Proprio \u2018Ad charisma tuendum\u2019<\/p>\n","protected":false},"author":17,"featured_media":59818,"comment_status":"closed","ping_status":"closed","sticky":false,"template":"","format":"standard","meta":{"_acf_changed":false,"_crdt_document":"","inline_featured_image":false,"footnotes":""},"categories":[67],"tags":[1565,251,4952],"class_list":["post-59824","post","type-post","status-publish","format-standard","has-post-thumbnail","hentry","category-leone-xiv","tag-opus-dei","tag-papa-francesco","tag-trending-it"],"acf":[],"yoast_head":"<!-- This site is optimized with the Yoast SEO plugin v27.5 - https:\/\/yoast.com\/product\/yoast-seo-wordpress\/ -->\n<title>Opus Dei: Il Papa introduce cambiamenti &quot;a tutela del carisma&quot; &#8211; Exaudi<\/title>\n<meta name=\"robots\" content=\"index, follow, max-snippet:-1, max-image-preview:large, max-video-preview:-1\" \/>\n<link rel=\"canonical\" href=\"https:\/\/exaudi.org\/it\/opus-dei-il-papa-introduce-cambiamenti-a-tutela-del-carisma\/\" \/>\n<meta property=\"og:locale\" content=\"it_IT\" \/>\n<meta property=\"og:type\" content=\"article\" \/>\n<meta property=\"og:title\" content=\"Opus Dei: Il Papa introduce cambiamenti &quot;a tutela del carisma&quot; &#8211; Exaudi\" \/>\n<meta property=\"og:description\" content=\"Motu Proprio \u2018Ad charisma tuendum\u2019\" \/>\n<meta property=\"og:url\" content=\"https:\/\/exaudi.org\/it\/opus-dei-il-papa-introduce-cambiamenti-a-tutela-del-carisma\/\" \/>\n<meta property=\"og:site_name\" content=\"Exaudi\" \/>\n<meta property=\"article:publisher\" content=\"https:\/\/www.facebook.com\/ExaudiNews\" \/>\n<meta property=\"article:author\" content=\"https:\/\/www.facebook.com\/ExaudiNotizie\/\" \/>\n<meta property=\"article:published_time\" content=\"2022-07-22T17:10:28+00:00\" \/>\n<meta property=\"article:modified_time\" content=\"2022-07-22T20:10:48+00:00\" \/>\n<meta property=\"og:image\" content=\"https:\/\/exaudi.org\/wp-content\/uploads\/2022\/07\/El-Papa-Francisco-saluda-al-prelado-del-Opus-Dei-Mons.-Fernando-Ocariz.webp\" \/>\n\t<meta property=\"og:image:width\" content=\"600\" \/>\n\t<meta property=\"og:image:height\" content=\"370\" \/>\n\t<meta property=\"og:image:type\" content=\"image\/webp\" \/>\n<meta name=\"author\" content=\"Exaudi Redazione\" \/>\n<meta name=\"twitter:card\" content=\"summary_large_image\" \/>\n<meta name=\"twitter:creator\" content=\"@Exaudi_Notizie\" \/>\n<meta name=\"twitter:site\" content=\"@Exaudi_News\" \/>\n<meta name=\"twitter:label1\" content=\"Scritto da\" \/>\n\t<meta name=\"twitter:data1\" content=\"Exaudi Redazione\" \/>\n\t<meta name=\"twitter:label2\" content=\"Tempo di lettura stimato\" \/>\n\t<meta name=\"twitter:data2\" content=\"4 minuti\" \/>\n<script type=\"application\/ld+json\" class=\"yoast-schema-graph\">{\"@context\":\"https:\\\/\\\/schema.org\",\"@graph\":[{\"@type\":\"Article\",\"@id\":\"https:\\\/\\\/exaudi.org\\\/it\\\/opus-dei-il-papa-introduce-cambiamenti-a-tutela-del-carisma\\\/#article\",\"isPartOf\":{\"@id\":\"https:\\\/\\\/exaudi.org\\\/it\\\/opus-dei-il-papa-introduce-cambiamenti-a-tutela-del-carisma\\\/\"},\"author\":{\"name\":\"Exaudi Redazione\",\"@id\":\"https:\\\/\\\/exaudi.org\\\/#\\\/schema\\\/person\\\/e1ab6ed07c01774724dd96f925f3a5f0\"},\"headline\":\"Opus Dei: Il Papa introduce cambiamenti &#8220;a tutela del carisma&#8221;\",\"datePublished\":\"2022-07-22T17:10:28+00:00\",\"dateModified\":\"2022-07-22T20:10:48+00:00\",\"mainEntityOfPage\":{\"@id\":\"https:\\\/\\\/exaudi.org\\\/it\\\/opus-dei-il-papa-introduce-cambiamenti-a-tutela-del-carisma\\\/\"},\"wordCount\":689,\"image\":{\"@id\":\"https:\\\/\\\/exaudi.org\\\/it\\\/opus-dei-il-papa-introduce-cambiamenti-a-tutela-del-carisma\\\/#primaryimage\"},\"thumbnailUrl\":\"https:\\\/\\\/exaudi.org\\\/wp-content\\\/uploads\\\/2022\\\/07\\\/El-Papa-Francisco-saluda-al-prelado-del-Opus-Dei-Mons.-Fernando-Ocariz.webp\",\"keywords\":[\"Opus Dei\",\"Papa Francesco\",\"Trending\"],\"articleSection\":[\"Leone XIV\"],\"inLanguage\":\"it-IT\"},{\"@type\":\"WebPage\",\"@id\":\"https:\\\/\\\/exaudi.org\\\/it\\\/opus-dei-il-papa-introduce-cambiamenti-a-tutela-del-carisma\\\/\",\"url\":\"https:\\\/\\\/exaudi.org\\\/it\\\/opus-dei-il-papa-introduce-cambiamenti-a-tutela-del-carisma\\\/\",\"name\":\"Opus Dei: Il Papa introduce cambiamenti \\\"a tutela del carisma\\\" &#8211; Exaudi\",\"isPartOf\":{\"@id\":\"https:\\\/\\\/exaudi.org\\\/#website\"},\"primaryImageOfPage\":{\"@id\":\"https:\\\/\\\/exaudi.org\\\/it\\\/opus-dei-il-papa-introduce-cambiamenti-a-tutela-del-carisma\\\/#primaryimage\"},\"image\":{\"@id\":\"https:\\\/\\\/exaudi.org\\\/it\\\/opus-dei-il-papa-introduce-cambiamenti-a-tutela-del-carisma\\\/#primaryimage\"},\"thumbnailUrl\":\"https:\\\/\\\/exaudi.org\\\/wp-content\\\/uploads\\\/2022\\\/07\\\/El-Papa-Francisco-saluda-al-prelado-del-Opus-Dei-Mons.-Fernando-Ocariz.webp\",\"datePublished\":\"2022-07-22T17:10:28+00:00\",\"dateModified\":\"2022-07-22T20:10:48+00:00\",\"author\":{\"@id\":\"https:\\\/\\\/exaudi.org\\\/#\\\/schema\\\/person\\\/e1ab6ed07c01774724dd96f925f3a5f0\"},\"breadcrumb\":{\"@id\":\"https:\\\/\\\/exaudi.org\\\/it\\\/opus-dei-il-papa-introduce-cambiamenti-a-tutela-del-carisma\\\/#breadcrumb\"},\"inLanguage\":\"it-IT\",\"potentialAction\":[{\"@type\":\"ReadAction\",\"target\":[\"https:\\\/\\\/exaudi.org\\\/it\\\/opus-dei-il-papa-introduce-cambiamenti-a-tutela-del-carisma\\\/\"]}]},{\"@type\":\"ImageObject\",\"inLanguage\":\"it-IT\",\"@id\":\"https:\\\/\\\/exaudi.org\\\/it\\\/opus-dei-il-papa-introduce-cambiamenti-a-tutela-del-carisma\\\/#primaryimage\",\"url\":\"https:\\\/\\\/exaudi.org\\\/wp-content\\\/uploads\\\/2022\\\/07\\\/El-Papa-Francisco-saluda-al-prelado-del-Opus-Dei-Mons.-Fernando-Ocariz.webp\",\"contentUrl\":\"https:\\\/\\\/exaudi.org\\\/wp-content\\\/uploads\\\/2022\\\/07\\\/El-Papa-Francisco-saluda-al-prelado-del-Opus-Dei-Mons.-Fernando-Ocariz.webp\",\"width\":600,\"height\":370,\"caption\":\"Papa Francesco saluta il prelato dell'Opus Dei, Mons. Fernando Oc\u00e1riz \u00a9 Vatican Media\"},{\"@type\":\"BreadcrumbList\",\"@id\":\"https:\\\/\\\/exaudi.org\\\/it\\\/opus-dei-il-papa-introduce-cambiamenti-a-tutela-del-carisma\\\/#breadcrumb\",\"itemListElement\":[{\"@type\":\"ListItem\",\"position\":1,\"name\":\"Portada\",\"item\":\"https:\\\/\\\/exaudi.org\\\/it\\\/\"},{\"@type\":\"ListItem\",\"position\":2,\"name\":\"Opus Dei: Il Papa introduce cambiamenti &#8220;a tutela del carisma&#8221;\"}]},{\"@type\":\"WebSite\",\"@id\":\"https:\\\/\\\/exaudi.org\\\/#website\",\"url\":\"https:\\\/\\\/exaudi.org\\\/\",\"name\":\"Exaudi\",\"description\":\"News\",\"potentialAction\":[{\"@type\":\"SearchAction\",\"target\":{\"@type\":\"EntryPoint\",\"urlTemplate\":\"https:\\\/\\\/exaudi.org\\\/?s={search_term_string}\"},\"query-input\":{\"@type\":\"PropertyValueSpecification\",\"valueRequired\":true,\"valueName\":\"search_term_string\"}}],\"inLanguage\":\"it-IT\"},{\"@type\":\"Person\",\"@id\":\"https:\\\/\\\/exaudi.org\\\/#\\\/schema\\\/person\\\/e1ab6ed07c01774724dd96f925f3a5f0\",\"name\":\"Exaudi Redazione\",\"image\":{\"@type\":\"ImageObject\",\"inLanguage\":\"it-IT\",\"@id\":\"https:\\\/\\\/secure.gravatar.com\\\/avatar\\\/ad6774b3ada023bf5b939d64f45c94b3adf91502dd883507d469b4308a943bb3?s=96&d=mm&r=g\",\"url\":\"https:\\\/\\\/secure.gravatar.com\\\/avatar\\\/ad6774b3ada023bf5b939d64f45c94b3adf91502dd883507d469b4308a943bb3?s=96&d=mm&r=g\",\"contentUrl\":\"https:\\\/\\\/secure.gravatar.com\\\/avatar\\\/ad6774b3ada023bf5b939d64f45c94b3adf91502dd883507d469b4308a943bb3?s=96&d=mm&r=g\",\"caption\":\"Exaudi Redazione\"},\"description\":\"Che cosa \u00e8 Exaudi News? Exaudi News \u00e8 un agenzia cattolica internazionale che informa, istruisce e trasforma quotidianamente in spagnolo, inglese e italiano. Attraverso notizie, articoli di analisi e trasmissioni in diretta degli eventi del Papa, Exaudi cerca di rafforzare l'unit\u00e0 dei cristiani e di contribuire all'evangelizzazione del mondo, sempre guidato dalla dottrina sociale della Chiesa. Lavoriamo per portare la verit\u00e0 e i valori cristiani in ogni angolo del pianeta. Aiutaci a trasformare il mondo con Exaudi! Noi di Exaudi crediamo che l'evangelizzazione e l'informazione di qualit\u00e0 possano cambiare la vita. Per continuare la nostra missione ed espandere la nostra portata, abbiamo bisogno del tuo aiuto. Stiamo anche cercando persone motivate che vogliano unirsi al nostro team. Grazie al vostro sostegno raggiungeremo pi\u00f9 persone, diffonderemo il messaggio di Cristo e rafforzeremo l'unit\u00e0 dei cristiani. Vuoi unirti alla nostra missione? Per maggiori informazioni su come contribuire, visita Exaudi.org\\\/it o contattaci direttamente: info@exaudi.org Exaudi: informa, forma e trasforma.\",\"sameAs\":[\"https:\\\/\\\/www.facebook.com\\\/ExaudiNotizie\\\/\",\"https:\\\/\\\/www.instagram.com\\\/Exaudi_notizie\\\/\",\"https:\\\/\\\/x.com\\\/Exaudi_Notizie\",\"https:\\\/\\\/www.youtube.com\\\/@exaudicatholicnews\"],\"url\":\"https:\\\/\\\/exaudi.org\\\/it\\\/author\\\/dlvedi-org\\\/\"}]}<\/script>\n<!-- \/ Yoast SEO plugin. -->","yoast_head_json":{"title":"Opus Dei: Il Papa introduce cambiamenti \"a tutela del carisma\" &#8211; Exaudi","robots":{"index":"index","follow":"follow","max-snippet":"max-snippet:-1","max-image-preview":"max-image-preview:large","max-video-preview":"max-video-preview:-1"},"canonical":"https:\/\/exaudi.org\/it\/opus-dei-il-papa-introduce-cambiamenti-a-tutela-del-carisma\/","og_locale":"it_IT","og_type":"article","og_title":"Opus Dei: Il Papa introduce cambiamenti \"a tutela del carisma\" &#8211; Exaudi","og_description":"Motu Proprio \u2018Ad charisma tuendum\u2019","og_url":"https:\/\/exaudi.org\/it\/opus-dei-il-papa-introduce-cambiamenti-a-tutela-del-carisma\/","og_site_name":"Exaudi","article_publisher":"https:\/\/www.facebook.com\/ExaudiNews","article_author":"https:\/\/www.facebook.com\/ExaudiNotizie\/","article_published_time":"2022-07-22T17:10:28+00:00","article_modified_time":"2022-07-22T20:10:48+00:00","og_image":[{"width":600,"height":370,"url":"https:\/\/exaudi.org\/wp-content\/uploads\/2022\/07\/El-Papa-Francisco-saluda-al-prelado-del-Opus-Dei-Mons.-Fernando-Ocariz.webp","type":"image\/webp"}],"author":"Exaudi Redazione","twitter_card":"summary_large_image","twitter_creator":"@Exaudi_Notizie","twitter_site":"@Exaudi_News","twitter_misc":{"Scritto da":"Exaudi Redazione","Tempo di lettura stimato":"4 minuti"},"schema":{"@context":"https:\/\/schema.org","@graph":[{"@type":"Article","@id":"https:\/\/exaudi.org\/it\/opus-dei-il-papa-introduce-cambiamenti-a-tutela-del-carisma\/#article","isPartOf":{"@id":"https:\/\/exaudi.org\/it\/opus-dei-il-papa-introduce-cambiamenti-a-tutela-del-carisma\/"},"author":{"name":"Exaudi Redazione","@id":"https:\/\/exaudi.org\/#\/schema\/person\/e1ab6ed07c01774724dd96f925f3a5f0"},"headline":"Opus Dei: Il Papa introduce cambiamenti &#8220;a tutela del carisma&#8221;","datePublished":"2022-07-22T17:10:28+00:00","dateModified":"2022-07-22T20:10:48+00:00","mainEntityOfPage":{"@id":"https:\/\/exaudi.org\/it\/opus-dei-il-papa-introduce-cambiamenti-a-tutela-del-carisma\/"},"wordCount":689,"image":{"@id":"https:\/\/exaudi.org\/it\/opus-dei-il-papa-introduce-cambiamenti-a-tutela-del-carisma\/#primaryimage"},"thumbnailUrl":"https:\/\/exaudi.org\/wp-content\/uploads\/2022\/07\/El-Papa-Francisco-saluda-al-prelado-del-Opus-Dei-Mons.-Fernando-Ocariz.webp","keywords":["Opus Dei","Papa Francesco","Trending"],"articleSection":["Leone XIV"],"inLanguage":"it-IT"},{"@type":"WebPage","@id":"https:\/\/exaudi.org\/it\/opus-dei-il-papa-introduce-cambiamenti-a-tutela-del-carisma\/","url":"https:\/\/exaudi.org\/it\/opus-dei-il-papa-introduce-cambiamenti-a-tutela-del-carisma\/","name":"Opus Dei: Il Papa introduce cambiamenti \"a tutela del carisma\" &#8211; Exaudi","isPartOf":{"@id":"https:\/\/exaudi.org\/#website"},"primaryImageOfPage":{"@id":"https:\/\/exaudi.org\/it\/opus-dei-il-papa-introduce-cambiamenti-a-tutela-del-carisma\/#primaryimage"},"image":{"@id":"https:\/\/exaudi.org\/it\/opus-dei-il-papa-introduce-cambiamenti-a-tutela-del-carisma\/#primaryimage"},"thumbnailUrl":"https:\/\/exaudi.org\/wp-content\/uploads\/2022\/07\/El-Papa-Francisco-saluda-al-prelado-del-Opus-Dei-Mons.-Fernando-Ocariz.webp","datePublished":"2022-07-22T17:10:28+00:00","dateModified":"2022-07-22T20:10:48+00:00","author":{"@id":"https:\/\/exaudi.org\/#\/schema\/person\/e1ab6ed07c01774724dd96f925f3a5f0"},"breadcrumb":{"@id":"https:\/\/exaudi.org\/it\/opus-dei-il-papa-introduce-cambiamenti-a-tutela-del-carisma\/#breadcrumb"},"inLanguage":"it-IT","potentialAction":[{"@type":"ReadAction","target":["https:\/\/exaudi.org\/it\/opus-dei-il-papa-introduce-cambiamenti-a-tutela-del-carisma\/"]}]},{"@type":"ImageObject","inLanguage":"it-IT","@id":"https:\/\/exaudi.org\/it\/opus-dei-il-papa-introduce-cambiamenti-a-tutela-del-carisma\/#primaryimage","url":"https:\/\/exaudi.org\/wp-content\/uploads\/2022\/07\/El-Papa-Francisco-saluda-al-prelado-del-Opus-Dei-Mons.-Fernando-Ocariz.webp","contentUrl":"https:\/\/exaudi.org\/wp-content\/uploads\/2022\/07\/El-Papa-Francisco-saluda-al-prelado-del-Opus-Dei-Mons.-Fernando-Ocariz.webp","width":600,"height":370,"caption":"Papa Francesco saluta il prelato dell'Opus Dei, Mons. Fernando Oc\u00e1riz \u00a9 Vatican Media"},{"@type":"BreadcrumbList","@id":"https:\/\/exaudi.org\/it\/opus-dei-il-papa-introduce-cambiamenti-a-tutela-del-carisma\/#breadcrumb","itemListElement":[{"@type":"ListItem","position":1,"name":"Portada","item":"https:\/\/exaudi.org\/it\/"},{"@type":"ListItem","position":2,"name":"Opus Dei: Il Papa introduce cambiamenti &#8220;a tutela del carisma&#8221;"}]},{"@type":"WebSite","@id":"https:\/\/exaudi.org\/#website","url":"https:\/\/exaudi.org\/","name":"Exaudi","description":"News","potentialAction":[{"@type":"SearchAction","target":{"@type":"EntryPoint","urlTemplate":"https:\/\/exaudi.org\/?s={search_term_string}"},"query-input":{"@type":"PropertyValueSpecification","valueRequired":true,"valueName":"search_term_string"}}],"inLanguage":"it-IT"},{"@type":"Person","@id":"https:\/\/exaudi.org\/#\/schema\/person\/e1ab6ed07c01774724dd96f925f3a5f0","name":"Exaudi Redazione","image":{"@type":"ImageObject","inLanguage":"it-IT","@id":"https:\/\/secure.gravatar.com\/avatar\/ad6774b3ada023bf5b939d64f45c94b3adf91502dd883507d469b4308a943bb3?s=96&d=mm&r=g","url":"https:\/\/secure.gravatar.com\/avatar\/ad6774b3ada023bf5b939d64f45c94b3adf91502dd883507d469b4308a943bb3?s=96&d=mm&r=g","contentUrl":"https:\/\/secure.gravatar.com\/avatar\/ad6774b3ada023bf5b939d64f45c94b3adf91502dd883507d469b4308a943bb3?s=96&d=mm&r=g","caption":"Exaudi Redazione"},"description":"Che cosa \u00e8 Exaudi News? Exaudi News \u00e8 un agenzia cattolica internazionale che informa, istruisce e trasforma quotidianamente in spagnolo, inglese e italiano. Attraverso notizie, articoli di analisi e trasmissioni in diretta degli eventi del Papa, Exaudi cerca di rafforzare l'unit\u00e0 dei cristiani e di contribuire all'evangelizzazione del mondo, sempre guidato dalla dottrina sociale della Chiesa. Lavoriamo per portare la verit\u00e0 e i valori cristiani in ogni angolo del pianeta. Aiutaci a trasformare il mondo con Exaudi! Noi di Exaudi crediamo che l'evangelizzazione e l'informazione di qualit\u00e0 possano cambiare la vita. Per continuare la nostra missione ed espandere la nostra portata, abbiamo bisogno del tuo aiuto. Stiamo anche cercando persone motivate che vogliano unirsi al nostro team. Grazie al vostro sostegno raggiungeremo pi\u00f9 persone, diffonderemo il messaggio di Cristo e rafforzeremo l'unit\u00e0 dei cristiani. Vuoi unirti alla nostra missione? Per maggiori informazioni su come contribuire, visita Exaudi.org\/it o contattaci direttamente: info@exaudi.org Exaudi: informa, forma e trasforma.","sameAs":["https:\/\/www.facebook.com\/ExaudiNotizie\/","https:\/\/www.instagram.com\/Exaudi_notizie\/","https:\/\/x.com\/Exaudi_Notizie","https:\/\/www.youtube.com\/@exaudicatholicnews"],"url":"https:\/\/exaudi.org\/it\/author\/dlvedi-org\/"}]}},"jetpack_featured_media_url":"https:\/\/exaudi.org\/wp-content\/uploads\/2022\/07\/El-Papa-Francisco-saluda-al-prelado-del-Opus-Dei-Mons.-Fernando-Ocariz.webp","jetpack_shortlink":"https:\/\/wp.me\/pgKjF2-fyU","_links":{"self":[{"href":"https:\/\/exaudi.org\/it\/wp-json\/wp\/v2\/posts\/59824","targetHints":{"allow":["GET"]}}],"collection":[{"href":"https:\/\/exaudi.org\/it\/wp-json\/wp\/v2\/posts"}],"about":[{"href":"https:\/\/exaudi.org\/it\/wp-json\/wp\/v2\/types\/post"}],"author":[{"embeddable":true,"href":"https:\/\/exaudi.org\/it\/wp-json\/wp\/v2\/users\/17"}],"replies":[{"embeddable":true,"href":"https:\/\/exaudi.org\/it\/wp-json\/wp\/v2\/comments?post=59824"}],"version-history":[{"count":0,"href":"https:\/\/exaudi.org\/it\/wp-json\/wp\/v2\/posts\/59824\/revisions"}],"wp:featuredmedia":[{"embeddable":true,"href":"https:\/\/exaudi.org\/it\/wp-json\/wp\/v2\/media\/59818"}],"wp:attachment":[{"href":"https:\/\/exaudi.org\/it\/wp-json\/wp\/v2\/media?parent=59824"}],"wp:term":[{"taxonomy":"category","embeddable":true,"href":"https:\/\/exaudi.org\/it\/wp-json\/wp\/v2\/categories?post=59824"},{"taxonomy":"post_tag","embeddable":true,"href":"https:\/\/exaudi.org\/it\/wp-json\/wp\/v2\/tags?post=59824"}],"curies":[{"name":"wp","href":"https:\/\/api.w.org\/{rel}","templated":true}]}}