{"id":59744,"date":"2022-07-21T19:12:46","date_gmt":"2022-07-21T17:12:46","guid":{"rendered":"https:\/\/exaudi.org\/?p=59744"},"modified":"2022-07-22T22:13:18","modified_gmt":"2022-07-22T20:13:18","slug":"uniamoci-al-salmista-nel-cantare-ogni-vivente-dia-lode-al-signore","status":"publish","type":"post","link":"https:\/\/exaudi.org\/it\/uniamoci-al-salmista-nel-cantare-ogni-vivente-dia-lode-al-signore\/","title":{"rendered":"Uniamoci al Salmista nel cantare: \u00abOgni vivente dia lode al Signore!\u00bb"},"content":{"rendered":"<p>Pubblichiamo di seguito il Messaggio del Santo Padre Francesco in occasione della Giornata Mondiale di Preghiera per la cura del Creato (1\u00b0 settembre 2022):<\/p>\n<p><strong>Messaggio del Santo Padre<\/strong><\/p>\n<p><i>Cari fratelli e sorelle!<\/i><\/p>\n<p>\u201cAscolta la voce del creato\u201d \u00e8 il tema e l\u2019invito del Tempo del Creato di quest\u2019anno. Il periodo ecumenico inizia il 1\u00b0 settembre con la Giornata Mondiale di Preghiera per la Cura del Creato e si conclude il 4 ottobre con la festa di San Francesco. \u00c8 un momento speciale per tutti i cristiani per pregare e prendersi cura insieme della nostra casa comune. Originariamente ispirato dal Patriarcato Ecumenico di Costantinopoli, questo tempo \u00e8 un\u2019opportunit\u00e0 per coltivare la nostra \u201cconversione ecologica\u201d, una conversione incoraggiata da\u00a0<a href=\"https:\/\/www.vatican.va\/content\/john-paul-ii\/it.html\">San Giovanni Paolo II<\/a>\u00a0come risposta alla \u201ccatastrofe ecologica\u201d preannunciata da\u00a0<a href=\"https:\/\/www.vatican.va\/content\/paul-vi\/it.html\">San Paolo VI<\/a>\u00a0gi\u00e0 nel 1970\u00a0<a class=\" cleaner\" href=\"https:\/\/www.vatican.va\/content\/francesco\/it\/messages\/pont-messages\/2022\/documents\/20220716-messaggio-giornata-curacreato.html#_ftn1\" name=\"_ftnref1\">[1]<\/a>.<\/p>\n<p>Se impariamo ad ascoltarla, notiamo nella voce del creato una sorta di dissonanza. Da un lato, \u00e8 un dolce canto che loda il nostro amato Creatore; dall\u2019altro, \u00e8 un grido amaro che si lamenta dei nostri maltrattamenti umani.<\/p>\n<p>Il dolce canto del creato ci invita a praticare una \u00abspiritualit\u00e0 ecologica\u00bb (Lett. enc.\u00a0<i><a href=\"https:\/\/www.vatican.va\/content\/francesco\/it\/encyclicals\/documents\/papa-francesco_20150524_enciclica-laudato-si.html#216.\">Laudato si\u2019<\/a><\/i>, 216), attenta alla presenza di Dio nel mondo naturale. \u00c8 un invito a fondare la nostra spiritualit\u00e0 sull\u2019\u00abamorevole consapevolezza di non essere separati dalle altre creature, ma di formare con gli altri esseri dell\u2019universo una stupenda comunione universale\u00bb (\u00a0<i><a href=\"https:\/\/www.vatican.va\/content\/francesco\/it\/encyclicals\/documents\/papa-francesco_20150524_enciclica-laudato-si.html#220.\">ibid<\/a>.<\/i>, 220). Per i discepoli di Cristo, in particolare, tale luminosa esperienza rafforza la consapevolezza che \u00abtutto \u00e8 stato fatto per mezzo di lui e senza di lui nulla \u00e8 stato fatto di ci\u00f2 che esiste\u00bb (\u00a0<i>Gv\u00a0<\/i>1,3). In questo Tempo del Creato, riprendiamo a pregare nella grande cattedrale del creato, godendo del \u00abgrandioso coro cosmico\u00bb\u00a0<a class=\" cleaner\" href=\"https:\/\/www.vatican.va\/content\/francesco\/it\/messages\/pont-messages\/2022\/documents\/20220716-messaggio-giornata-curacreato.html#_ftn2\" name=\"_ftnref2\">[2]<\/a>\u00a0di innumerevoli creature che cantano le lodi a Dio. Uniamoci a San Francesco d\u2019Assisi nel cantare: \u201cSii lodato, mio Signore, con tutte le tue creature\u201d (cfr\u00a0<i>Cantico di frate sole<\/i>). Uniamoci al Salmista nel cantare: \u00abOgni vivente dia lode al Signore!\u00bb (\u00a0<i>Sal<\/i>\u00a0150,6).<\/p>\n<p>Purtroppo, quella dolce canzone \u00e8 accompagnata da un grido amaro. O meglio, da un coro di grida amare. Per prima, \u00e8 la sorella madre terra che grida. In balia dei nostri eccessi consumistici, essa geme e ci implora di fermare i nostri abusi e la sua distruzione. Poi, sono le diverse creature a gridare. Alla merc\u00e9 di un \u00abantropocentrismo dispotico\u00bb (<i><a href=\"https:\/\/www.vatican.va\/content\/francesco\/it\/encyclicals\/documents\/papa-francesco_20150524_enciclica-laudato-si.html#68.\">Laudato si\u2019<\/a><\/i>, 68), agli antipodi della centralit\u00e0 di Cristo nell\u2019opera della creazione, innumerevoli specie si stanno estinguendo, cessando per sempre i loro inni di lode a Dio. Ma sono anche i pi\u00f9 poveri tra noi a gridare. Esposti alla crisi climatica, i poveri soffrono pi\u00f9 fortemente l\u2019impatto di siccit\u00e0, inondazioni, uragani e ondate di caldo che continuano a diventare sempre pi\u00f9 intensi e frequenti. Ancora, gridano i nostri fratelli e sorelle di popoli nativi. A causa di interessi economici predatori, i loro territori ancestrali vengono invasi e devastati da ogni parte, lanciando\u00a0<b>\u00ab<\/b>un grido che sale al cielo<b>\u00bb<\/b>\u00a0(Esort. Ap. postsin.\u00a0<i><a href=\"https:\/\/www.vatican.va\/content\/francesco\/it\/apost_exhortations\/documents\/papa-francesco_esortazione-ap_20200202_querida-amazonia.html\">Querida Amazonia<\/a><\/i>, 9). Infine, gridano i nostri figli. Minacciati da un miope egoismo, gli adolescenti chiedono ansiosi a noi adulti di fare tutto il possibile per prevenire o almeno limitare il collasso degli ecosistemi del nostro pianeta.<\/p>\n<p>Ascoltando queste grida amare, dobbiamo pentirci e modificare gli stili di vita e i sistemi dannosi. Sin dall\u2019inizio, l\u2019appello evangelico \u00abConvertitevi, perch\u00e9 il Regno dei cieli \u00e8 vicino!\u00bb (<i>Mt<\/i>\u00a03,2), invitando a un nuovo rapporto con Dio, implica anche un rapporto diverso con gli altri e con il creato. Lo stato di degrado della nostra casa comune merita la stessa attenzione di altre sfide globali quali le gravi crisi sanitarie e i conflitti bellici. \u00abVivere la vocazione di essere custodi dell\u2019opera di Dio \u00e8 parte essenziale di un\u2019esistenza virtuosa, non costituisce qualcosa di opzionale e nemmeno un aspetto secondario dell\u2019esperienza cristiana\u00bb (<i><a href=\"https:\/\/www.vatican.va\/content\/francesco\/it\/encyclicals\/documents\/papa-francesco_20150524_enciclica-laudato-si.html#217.\">Laudato si\u2019<\/a><\/i>, 217).<\/p>\n<p>Come persone di fede, ci sentiamo ulteriormente responsabili di agire, nei comportamenti quotidiani, in consonanza con tale esigenza di conversione. Ma essa non \u00e8 solo individuale: \u00abLa conversione ecologica che si richiede per creare un dinamismo di cambiamento duraturo \u00e8 anche una conversione comunitaria\u00bb (<i>ibid.<\/i>, 219). In questa prospettiva, anche la comunit\u00e0 delle nazioni \u00e8 chiamata a impegnarsi, specialmente negli incontri delle Nazioni Unite dedicati alla questione ambientale, con spirito di massima cooperazione.<\/p>\n<p>Il vertice COP27 sul clima, che si terr\u00e0 in Egitto a novembre 2022, rappresenta la prossima opportunit\u00e0 per favorire tutti insieme una efficace attuazione dell\u2019Accordo di Parigi. \u00c8 anche per questo motivo che ho recentemente disposto che la Santa Sede, a nome e per conto dello Stato della Citt\u00e0 del Vaticano, aderisca alla Convenzione-Quadro dell\u2019ONU sui Cambiamenti Climatici e all\u2019Accordo di Parigi, con l\u2019auspicio che l\u2019umanit\u00e0 del XXI secolo \u00abpossa essere ricordata per aver assunto con generosit\u00e0 le proprie gravi responsabilit\u00e0\u00bb (\u00a0<i><a href=\"https:\/\/www.vatican.va\/content\/francesco\/it\/encyclicals\/documents\/papa-francesco_20150524_enciclica-laudato-si.html#165.\">ibid<\/a>.<\/i>, 165). Raggiungere l\u2019obiettivo di Parigi di limitare l\u2019aumento della temperatura a 1,5\u00b0C \u00e8 alquanto impegnativo e richiede la responsabile collaborazione tra tutte le nazioni a presentare piani climatici, o Contributi Determinati a livello Nazionale, pi\u00f9 ambiziosi, per ridurre a zero le emissioni nette di gas serra il pi\u00f9 urgentemente possibile. Si tratta di \u201cconvertire\u201d i modelli di consumo e di produzione, nonch\u00e9 gli stili di vita, in una direzione pi\u00f9 rispettosa nei confronti del creato e dello sviluppo umano integrale di tutti i popoli presenti e futuri, uno sviluppo fondato sulla responsabilit\u00e0, sulla prudenza\/precauzione, sulla solidariet\u00e0 e sull\u2019attenzione ai poveri e alle generazioni future. Alla base di tutto dev\u2019esserci l\u2019alleanza tra l\u2019essere umano e l\u2019ambiente che, per noi credenti, \u00e8 specchio dell\u2019\u00abamore creatore di Dio, dal quale proveniamo e verso il quale siamo in cammino\u00bb\u00a0<a class=\" cleaner\" href=\"https:\/\/www.vatican.va\/content\/francesco\/it\/messages\/pont-messages\/2022\/documents\/20220716-messaggio-giornata-curacreato.html#_ftn3\" name=\"_ftnref3\">[3]<\/a>. La transizione operata da questa conversione non pu\u00f2 trascurare le esigenze della giustizia, specialmente per i lavoratori maggiormente colpiti dall\u2019impatto del cambiamento climatico.<\/p>\n<p>A sua volta, il vertice COP15 sulla biodiversit\u00e0, che si terr\u00e0 in Canada a dicembre, offrir\u00e0 alla buona volont\u00e0 dei governi l\u2019importante opportunit\u00e0 di adottare un nuovo accordo multilaterale per fermare la distruzione degli ecosistemi e l\u2019estinzione delle specie. Secondo l\u2019antica saggezza dei Giubilei, abbiamo bisogno di \u00abricordare, tornare, riposare e ripristinare\u00bb\u00a0<a class=\" cleaner\" href=\"https:\/\/www.vatican.va\/content\/francesco\/it\/messages\/pont-messages\/2022\/documents\/20220716-messaggio-giornata-curacreato.html#_ftn4\" name=\"_ftnref4\">[4]<\/a>. Per fermare l\u2019ulteriore collasso della \u201crete della vita\u201d \u2013 la biodiversit\u00e0 \u2013 che Dio ci ha donato, preghiamo e invitiamo le nazioni ad accordarsi su quattro principi chiave: 1. costruire una chiara base etica per la trasformazione di cui abbiamo bisogno al fine di salvare la biodiversit\u00e0; 2. lottare contro la perdita di biodiversit\u00e0, sostenerne la conservazione e il recupero e soddisfare i bisogni delle persone in modo sostenibile; 3. promuovere la solidariet\u00e0 globale, alla luce del fatto che la biodiversit\u00e0 \u00e8 un bene comune globale che richiede un impegno condiviso; 4. mettere al centro le persone in situazioni di vulnerabilit\u00e0, comprese quelle pi\u00f9 colpite dalla perdita di biodiversit\u00e0, come le popolazioni indigene, gli anziani e i giovani.<\/p>\n<p>Lo ripeto: \u00abVoglio chiedere, in nome di Dio, alle grandi compagnie estrattive \u2013 minerarie, petrolifere, forestali, immobiliari, agroalimentari \u2013 di smettere di distruggere i boschi, le aree umide e le montagne, di smettere d\u2019inquinare i fiumi e i mari, di smettere d\u2019intossicare i popoli e gli alimenti\u00bb\u00a0<a class=\" cleaner\" href=\"https:\/\/www.vatican.va\/content\/francesco\/it\/messages\/pont-messages\/2022\/documents\/20220716-messaggio-giornata-curacreato.html#_ftn5\" name=\"_ftnref5\">[5]<\/a>.<\/p>\n<p>Non si pu\u00f2 non riconoscere l\u2019esistenza di un \u00abdebito ecologico\u00bb (<i><a href=\"https:\/\/www.vatican.va\/content\/francesco\/it\/encyclicals\/documents\/papa-francesco_20150524_enciclica-laudato-si.html#51.\">Laudato si\u2019<\/a><\/i>, 51) delle nazioni economicamente pi\u00f9 ricche, che hanno inquinato di pi\u00f9 negli ultimi due secoli; esso richiede loro di compiere passi pi\u00f9 ambiziosi sia alla COP27 che alla COP15. Ci\u00f2 comporta, oltre a un\u2019azione determinata all\u2019interno dei loro confini, di mantenere le loro promesse di sostegno finanziario e tecnico per le nazioni economicamente pi\u00f9 povere, che stanno gi\u00e0 subendo il peso maggiore della crisi climatica. Inoltre, sarebbe opportuno pensare urgentemente anche a un ulteriore sostegno finanziario per la conservazione della biodiversit\u00e0. Anche i Paesi economicamente meno ricchi hanno responsabilit\u00e0 significative ma \u201cdiversificate\u201d (cfr\u00a0<i><a href=\"https:\/\/www.vatican.va\/content\/francesco\/it\/encyclicals\/documents\/papa-francesco_20150524_enciclica-laudato-si.html#52.\">ibid<\/a>.<\/i>, 52); i ritardi degli altri non possono mai giustificare la propria inazione. \u00c8 necessario agire, tutti, con decisione. Stiamo raggiungendo \u201cun punto di rottura\u201d (cfr\u00a0<i><a href=\"https:\/\/www.vatican.va\/content\/francesco\/it\/encyclicals\/documents\/papa-francesco_20150524_enciclica-laudato-si.html#61.\">ibid<\/a>.<\/i>, 61).<\/p>\n<p>Durante questo Tempo del Creato, preghiamo affinch\u00e9 i vertici COP27 e COP15 possano unire la famiglia umana (cfr\u00a0<i><a href=\"https:\/\/www.vatican.va\/content\/francesco\/it\/encyclicals\/documents\/papa-francesco_20150524_enciclica-laudato-si.html#13.\">ibid<\/a>.<\/i>, 13) per affrontare decisamente la doppia crisi del clima e della riduzione della biodiversit\u00e0. Ricordando l\u2019esortazione di San Paolo a rallegrarsi con chi gioisce e a piangere con chi piange (cfr\u00a0<i>Rm<\/i>\u00a012,15), piangiamo con il grido amaro del creato, ascoltiamolo e rispondiamo con i fatti, perch\u00e9 noi e le generazioni future possiamo ancora gioire con il dolce canto di vita e di speranza delle creature.<\/p>\n<p><i>Roma, San Giovanni in Laterano, 16 luglio 2022, Memoria della B.V. Maria del Monte Carmelo.<\/i><\/p>\n<p>&nbsp;<\/p>\n<p>FRANCESCO<\/p>\n<p>&nbsp;<\/p>\n<p>______________________________________________<\/p>\n<p><a class=\" cleaner\" href=\"https:\/\/www.vatican.va\/content\/francesco\/it\/messages\/pont-messages\/2022\/documents\/20220716-messaggio-giornata-curacreato.html#_ftnref1\" name=\"_ftn1\">[1]<\/a>\u00a0Cfr\u00a0<a href=\"https:\/\/www.vatican.va\/content\/paul-vi\/it\/speeches\/1970\/documents\/hf_p-vi_spe_19701116_xxv-istituzione-fao.html\"><i>Discorso alla F.A.O.<\/i><\/a>, 16 novembre 1970.<\/p>\n<p><a class=\" cleaner\" href=\"https:\/\/www.vatican.va\/content\/francesco\/it\/messages\/pont-messages\/2022\/documents\/20220716-messaggio-giornata-curacreato.html#_ftnref2\" name=\"_ftn2\">[2]<\/a>\u00a0S. Giovanni Paolo II,\u00a0<i><a href=\"https:\/\/www.vatican.va\/content\/john-paul-ii\/it\/audiences\/2002\/documents\/hf_jp-ii_aud_20020710.html\">Udienza Generale<\/a><\/i>, 10 luglio 2002.<\/p>\n<p><a class=\" cleaner\" href=\"https:\/\/www.vatican.va\/content\/francesco\/it\/messages\/pont-messages\/2022\/documents\/20220716-messaggio-giornata-curacreato.html#_ftnref3\" name=\"_ftn3\">[3]<\/a>\u00a0<i><a href=\"https:\/\/www.vatican.va\/content\/francesco\/it\/speeches\/2021\/october\/documents\/20211004-religione-scienza-cop26.html\">Discorso all\u2019Incontro \u201cFede e Scienza verso la COP26\u201d<\/a><\/i>,\u00a0<i><\/i>4 ottobre 2021.<\/p>\n<p><a class=\" cleaner\" href=\"https:\/\/www.vatican.va\/content\/francesco\/it\/messages\/pont-messages\/2022\/documents\/20220716-messaggio-giornata-curacreato.html#_ftnref4\" name=\"_ftn4\">[4]<\/a>\u00a0<i><a href=\"https:\/\/www.vatican.va\/content\/francesco\/it\/messages\/pont-messages\/2020\/documents\/papa-francesco_20200901_messaggio-giornata-cura-creato.html\">Messaggio per la Giornata mondiale di preghiera per la cura del creato<\/a>,<\/i>\u00a01 settembre 2020.<\/p>\n<p><a class=\" cleaner\" href=\"https:\/\/www.vatican.va\/content\/francesco\/it\/messages\/pont-messages\/2022\/documents\/20220716-messaggio-giornata-curacreato.html#_ftnref5\" name=\"_ftn5\">[5]<\/a>\u00a0<i><a href=\"https:\/\/www.vatican.va\/content\/francesco\/it\/messages\/pont-messages\/2021\/documents\/20211016-videomessaggio-movimentipopolari.html\">Videomessaggio ai movimenti popolari<\/a><\/i>, 16 ottobre 2021.<\/p>\n<p>&nbsp;<\/p>\n<p><iframe loading=\"lazy\" title=\"\ud83d\udd25Che cos&#039;\u00e8 il Tempo del Creato?\" width=\"500\" height=\"281\" src=\"https:\/\/www.youtube.com\/embed\/JdKJejP5Zlk?feature=oembed\" frameborder=\"0\" allow=\"accelerometer; autoplay; clipboard-write; encrypted-media; gyroscope; picture-in-picture; web-share\" referrerpolicy=\"strict-origin-when-cross-origin\" allowfullscreen><\/iframe><\/p>\n","protected":false},"excerpt":{"rendered":"<p>Messaggio di Sua Santit\u00e0 Papa Francesco per la celebrazione della Giornata Mondiale di preghiera per la cura del creato<\/p>\n","protected":false},"author":17,"featured_media":59742,"comment_status":"closed","ping_status":"closed","sticky":false,"template":"","format":"standard","meta":{"_acf_changed":false,"_crdt_document":"","inline_featured_image":false,"footnotes":""},"categories":[67,117],"tags":[2487,6597],"class_list":["post-59744","post","type-post","status-publish","format-standard","has-post-thumbnail","hentry","category-leone-xiv","category-messaggi","tag-featured-3","tag-giornata-mondiale-di-preghiera-per-la-cura-del-creato"],"acf":[],"yoast_head":"<!-- This site is optimized with the Yoast SEO plugin v27.5 - https:\/\/yoast.com\/product\/yoast-seo-wordpress\/ -->\n<title>Uniamoci al Salmista nel cantare: \u00abOgni vivente dia lode al Signore!\u00bb &#8211; Exaudi<\/title>\n<meta name=\"robots\" content=\"index, follow, max-snippet:-1, max-image-preview:large, max-video-preview:-1\" \/>\n<link rel=\"canonical\" href=\"https:\/\/exaudi.org\/it\/uniamoci-al-salmista-nel-cantare-ogni-vivente-dia-lode-al-signore\/\" \/>\n<meta property=\"og:locale\" content=\"it_IT\" \/>\n<meta property=\"og:type\" content=\"article\" \/>\n<meta property=\"og:title\" content=\"Uniamoci al Salmista nel cantare: \u00abOgni vivente dia lode al Signore!\u00bb &#8211; Exaudi\" \/>\n<meta property=\"og:description\" content=\"Messaggio di Sua Santit\u00e0 Papa Francesco per la celebrazione della Giornata Mondiale di preghiera per la cura del creato\" \/>\n<meta property=\"og:url\" content=\"https:\/\/exaudi.org\/it\/uniamoci-al-salmista-nel-cantare-ogni-vivente-dia-lode-al-signore\/\" \/>\n<meta property=\"og:site_name\" content=\"Exaudi\" \/>\n<meta property=\"article:publisher\" content=\"https:\/\/www.facebook.com\/ExaudiNews\" \/>\n<meta property=\"article:author\" content=\"https:\/\/www.facebook.com\/ExaudiNotizie\/\" \/>\n<meta property=\"article:published_time\" content=\"2022-07-21T17:12:46+00:00\" \/>\n<meta property=\"article:modified_time\" content=\"2022-07-22T20:13:18+00:00\" \/>\n<meta property=\"og:image\" content=\"https:\/\/exaudi.org\/wp-content\/uploads\/2022\/07\/El-Mar-y-la-Creacion-scaled.jpg\" \/>\n\t<meta property=\"og:image:width\" content=\"2048\" \/>\n\t<meta property=\"og:image:height\" content=\"2560\" \/>\n\t<meta property=\"og:image:type\" content=\"image\/jpeg\" \/>\n<meta name=\"author\" content=\"Exaudi Redazione\" \/>\n<meta name=\"twitter:card\" content=\"summary_large_image\" \/>\n<meta name=\"twitter:creator\" content=\"@Exaudi_Notizie\" \/>\n<meta name=\"twitter:site\" content=\"@Exaudi_News\" \/>\n<meta name=\"twitter:label1\" content=\"Scritto da\" \/>\n\t<meta name=\"twitter:data1\" content=\"Exaudi Redazione\" \/>\n\t<meta name=\"twitter:label2\" content=\"Tempo di lettura stimato\" \/>\n\t<meta name=\"twitter:data2\" content=\"7 minuti\" \/>\n<script type=\"application\/ld+json\" class=\"yoast-schema-graph\">{\"@context\":\"https:\\\/\\\/schema.org\",\"@graph\":[{\"@type\":\"Article\",\"@id\":\"https:\\\/\\\/exaudi.org\\\/it\\\/uniamoci-al-salmista-nel-cantare-ogni-vivente-dia-lode-al-signore\\\/#article\",\"isPartOf\":{\"@id\":\"https:\\\/\\\/exaudi.org\\\/it\\\/uniamoci-al-salmista-nel-cantare-ogni-vivente-dia-lode-al-signore\\\/\"},\"author\":{\"name\":\"Exaudi Redazione\",\"@id\":\"https:\\\/\\\/exaudi.org\\\/#\\\/schema\\\/person\\\/e1ab6ed07c01774724dd96f925f3a5f0\"},\"headline\":\"Uniamoci al Salmista nel cantare: \u00abOgni vivente dia lode al Signore!\u00bb\",\"datePublished\":\"2022-07-21T17:12:46+00:00\",\"dateModified\":\"2022-07-22T20:13:18+00:00\",\"mainEntityOfPage\":{\"@id\":\"https:\\\/\\\/exaudi.org\\\/it\\\/uniamoci-al-salmista-nel-cantare-ogni-vivente-dia-lode-al-signore\\\/\"},\"wordCount\":1446,\"image\":{\"@id\":\"https:\\\/\\\/exaudi.org\\\/it\\\/uniamoci-al-salmista-nel-cantare-ogni-vivente-dia-lode-al-signore\\\/#primaryimage\"},\"thumbnailUrl\":\"https:\\\/\\\/exaudi.org\\\/wp-content\\\/uploads\\\/2022\\\/07\\\/El-Mar-y-la-Creacion-scaled.jpg\",\"keywords\":[\"Featured\",\"GIORNATA MONDIALE DI PREGHIERA PER LA CURA DEL CREATO\"],\"articleSection\":[\"Leone XIV\",\"Messaggi\"],\"inLanguage\":\"it-IT\"},{\"@type\":\"WebPage\",\"@id\":\"https:\\\/\\\/exaudi.org\\\/it\\\/uniamoci-al-salmista-nel-cantare-ogni-vivente-dia-lode-al-signore\\\/\",\"url\":\"https:\\\/\\\/exaudi.org\\\/it\\\/uniamoci-al-salmista-nel-cantare-ogni-vivente-dia-lode-al-signore\\\/\",\"name\":\"Uniamoci al Salmista nel cantare: \u00abOgni vivente dia lode al Signore!\u00bb &#8211; Exaudi\",\"isPartOf\":{\"@id\":\"https:\\\/\\\/exaudi.org\\\/#website\"},\"primaryImageOfPage\":{\"@id\":\"https:\\\/\\\/exaudi.org\\\/it\\\/uniamoci-al-salmista-nel-cantare-ogni-vivente-dia-lode-al-signore\\\/#primaryimage\"},\"image\":{\"@id\":\"https:\\\/\\\/exaudi.org\\\/it\\\/uniamoci-al-salmista-nel-cantare-ogni-vivente-dia-lode-al-signore\\\/#primaryimage\"},\"thumbnailUrl\":\"https:\\\/\\\/exaudi.org\\\/wp-content\\\/uploads\\\/2022\\\/07\\\/El-Mar-y-la-Creacion-scaled.jpg\",\"datePublished\":\"2022-07-21T17:12:46+00:00\",\"dateModified\":\"2022-07-22T20:13:18+00:00\",\"author\":{\"@id\":\"https:\\\/\\\/exaudi.org\\\/#\\\/schema\\\/person\\\/e1ab6ed07c01774724dd96f925f3a5f0\"},\"breadcrumb\":{\"@id\":\"https:\\\/\\\/exaudi.org\\\/it\\\/uniamoci-al-salmista-nel-cantare-ogni-vivente-dia-lode-al-signore\\\/#breadcrumb\"},\"inLanguage\":\"it-IT\",\"potentialAction\":[{\"@type\":\"ReadAction\",\"target\":[\"https:\\\/\\\/exaudi.org\\\/it\\\/uniamoci-al-salmista-nel-cantare-ogni-vivente-dia-lode-al-signore\\\/\"]}]},{\"@type\":\"ImageObject\",\"inLanguage\":\"it-IT\",\"@id\":\"https:\\\/\\\/exaudi.org\\\/it\\\/uniamoci-al-salmista-nel-cantare-ogni-vivente-dia-lode-al-signore\\\/#primaryimage\",\"url\":\"https:\\\/\\\/exaudi.org\\\/wp-content\\\/uploads\\\/2022\\\/07\\\/El-Mar-y-la-Creacion-scaled.jpg\",\"contentUrl\":\"https:\\\/\\\/exaudi.org\\\/wp-content\\\/uploads\\\/2022\\\/07\\\/El-Mar-y-la-Creacion-scaled.jpg\",\"width\":2048,\"height\":2560,\"caption\":\"Il mare e la creazione \u00a9 \u00c9rica Viana Cathopic\"},{\"@type\":\"BreadcrumbList\",\"@id\":\"https:\\\/\\\/exaudi.org\\\/it\\\/uniamoci-al-salmista-nel-cantare-ogni-vivente-dia-lode-al-signore\\\/#breadcrumb\",\"itemListElement\":[{\"@type\":\"ListItem\",\"position\":1,\"name\":\"Portada\",\"item\":\"https:\\\/\\\/exaudi.org\\\/it\\\/\"},{\"@type\":\"ListItem\",\"position\":2,\"name\":\"Uniamoci al Salmista nel cantare: \u00abOgni vivente dia lode al Signore!\u00bb\"}]},{\"@type\":\"WebSite\",\"@id\":\"https:\\\/\\\/exaudi.org\\\/#website\",\"url\":\"https:\\\/\\\/exaudi.org\\\/\",\"name\":\"Exaudi\",\"description\":\"News\",\"potentialAction\":[{\"@type\":\"SearchAction\",\"target\":{\"@type\":\"EntryPoint\",\"urlTemplate\":\"https:\\\/\\\/exaudi.org\\\/?s={search_term_string}\"},\"query-input\":{\"@type\":\"PropertyValueSpecification\",\"valueRequired\":true,\"valueName\":\"search_term_string\"}}],\"inLanguage\":\"it-IT\"},{\"@type\":\"Person\",\"@id\":\"https:\\\/\\\/exaudi.org\\\/#\\\/schema\\\/person\\\/e1ab6ed07c01774724dd96f925f3a5f0\",\"name\":\"Exaudi Redazione\",\"image\":{\"@type\":\"ImageObject\",\"inLanguage\":\"it-IT\",\"@id\":\"https:\\\/\\\/secure.gravatar.com\\\/avatar\\\/ad6774b3ada023bf5b939d64f45c94b3adf91502dd883507d469b4308a943bb3?s=96&d=mm&r=g\",\"url\":\"https:\\\/\\\/secure.gravatar.com\\\/avatar\\\/ad6774b3ada023bf5b939d64f45c94b3adf91502dd883507d469b4308a943bb3?s=96&d=mm&r=g\",\"contentUrl\":\"https:\\\/\\\/secure.gravatar.com\\\/avatar\\\/ad6774b3ada023bf5b939d64f45c94b3adf91502dd883507d469b4308a943bb3?s=96&d=mm&r=g\",\"caption\":\"Exaudi Redazione\"},\"description\":\"Che cosa \u00e8 Exaudi News? Exaudi News \u00e8 un agenzia cattolica internazionale che informa, istruisce e trasforma quotidianamente in spagnolo, inglese e italiano. Attraverso notizie, articoli di analisi e trasmissioni in diretta degli eventi del Papa, Exaudi cerca di rafforzare l'unit\u00e0 dei cristiani e di contribuire all'evangelizzazione del mondo, sempre guidato dalla dottrina sociale della Chiesa. Lavoriamo per portare la verit\u00e0 e i valori cristiani in ogni angolo del pianeta. Aiutaci a trasformare il mondo con Exaudi! Noi di Exaudi crediamo che l'evangelizzazione e l'informazione di qualit\u00e0 possano cambiare la vita. Per continuare la nostra missione ed espandere la nostra portata, abbiamo bisogno del tuo aiuto. Stiamo anche cercando persone motivate che vogliano unirsi al nostro team. Grazie al vostro sostegno raggiungeremo pi\u00f9 persone, diffonderemo il messaggio di Cristo e rafforzeremo l'unit\u00e0 dei cristiani. Vuoi unirti alla nostra missione? Per maggiori informazioni su come contribuire, visita Exaudi.org\\\/it o contattaci direttamente: info@exaudi.org Exaudi: informa, forma e trasforma.\",\"sameAs\":[\"https:\\\/\\\/www.facebook.com\\\/ExaudiNotizie\\\/\",\"https:\\\/\\\/www.instagram.com\\\/Exaudi_notizie\\\/\",\"https:\\\/\\\/x.com\\\/Exaudi_Notizie\",\"https:\\\/\\\/www.youtube.com\\\/@exaudicatholicnews\"],\"url\":\"https:\\\/\\\/exaudi.org\\\/it\\\/author\\\/dlvedi-org\\\/\"}]}<\/script>\n<!-- \/ Yoast SEO plugin. -->","yoast_head_json":{"title":"Uniamoci al Salmista nel cantare: \u00abOgni vivente dia lode al Signore!\u00bb &#8211; Exaudi","robots":{"index":"index","follow":"follow","max-snippet":"max-snippet:-1","max-image-preview":"max-image-preview:large","max-video-preview":"max-video-preview:-1"},"canonical":"https:\/\/exaudi.org\/it\/uniamoci-al-salmista-nel-cantare-ogni-vivente-dia-lode-al-signore\/","og_locale":"it_IT","og_type":"article","og_title":"Uniamoci al Salmista nel cantare: \u00abOgni vivente dia lode al Signore!\u00bb &#8211; Exaudi","og_description":"Messaggio di Sua Santit\u00e0 Papa Francesco per la celebrazione della Giornata Mondiale di preghiera per la cura del creato","og_url":"https:\/\/exaudi.org\/it\/uniamoci-al-salmista-nel-cantare-ogni-vivente-dia-lode-al-signore\/","og_site_name":"Exaudi","article_publisher":"https:\/\/www.facebook.com\/ExaudiNews","article_author":"https:\/\/www.facebook.com\/ExaudiNotizie\/","article_published_time":"2022-07-21T17:12:46+00:00","article_modified_time":"2022-07-22T20:13:18+00:00","og_image":[{"width":2048,"height":2560,"url":"https:\/\/exaudi.org\/wp-content\/uploads\/2022\/07\/El-Mar-y-la-Creacion-scaled.jpg","type":"image\/jpeg"}],"author":"Exaudi Redazione","twitter_card":"summary_large_image","twitter_creator":"@Exaudi_Notizie","twitter_site":"@Exaudi_News","twitter_misc":{"Scritto da":"Exaudi Redazione","Tempo di lettura stimato":"7 minuti"},"schema":{"@context":"https:\/\/schema.org","@graph":[{"@type":"Article","@id":"https:\/\/exaudi.org\/it\/uniamoci-al-salmista-nel-cantare-ogni-vivente-dia-lode-al-signore\/#article","isPartOf":{"@id":"https:\/\/exaudi.org\/it\/uniamoci-al-salmista-nel-cantare-ogni-vivente-dia-lode-al-signore\/"},"author":{"name":"Exaudi Redazione","@id":"https:\/\/exaudi.org\/#\/schema\/person\/e1ab6ed07c01774724dd96f925f3a5f0"},"headline":"Uniamoci al Salmista nel cantare: \u00abOgni vivente dia lode al Signore!\u00bb","datePublished":"2022-07-21T17:12:46+00:00","dateModified":"2022-07-22T20:13:18+00:00","mainEntityOfPage":{"@id":"https:\/\/exaudi.org\/it\/uniamoci-al-salmista-nel-cantare-ogni-vivente-dia-lode-al-signore\/"},"wordCount":1446,"image":{"@id":"https:\/\/exaudi.org\/it\/uniamoci-al-salmista-nel-cantare-ogni-vivente-dia-lode-al-signore\/#primaryimage"},"thumbnailUrl":"https:\/\/exaudi.org\/wp-content\/uploads\/2022\/07\/El-Mar-y-la-Creacion-scaled.jpg","keywords":["Featured","GIORNATA MONDIALE DI PREGHIERA PER LA CURA DEL CREATO"],"articleSection":["Leone XIV","Messaggi"],"inLanguage":"it-IT"},{"@type":"WebPage","@id":"https:\/\/exaudi.org\/it\/uniamoci-al-salmista-nel-cantare-ogni-vivente-dia-lode-al-signore\/","url":"https:\/\/exaudi.org\/it\/uniamoci-al-salmista-nel-cantare-ogni-vivente-dia-lode-al-signore\/","name":"Uniamoci al Salmista nel cantare: \u00abOgni vivente dia lode al Signore!\u00bb &#8211; Exaudi","isPartOf":{"@id":"https:\/\/exaudi.org\/#website"},"primaryImageOfPage":{"@id":"https:\/\/exaudi.org\/it\/uniamoci-al-salmista-nel-cantare-ogni-vivente-dia-lode-al-signore\/#primaryimage"},"image":{"@id":"https:\/\/exaudi.org\/it\/uniamoci-al-salmista-nel-cantare-ogni-vivente-dia-lode-al-signore\/#primaryimage"},"thumbnailUrl":"https:\/\/exaudi.org\/wp-content\/uploads\/2022\/07\/El-Mar-y-la-Creacion-scaled.jpg","datePublished":"2022-07-21T17:12:46+00:00","dateModified":"2022-07-22T20:13:18+00:00","author":{"@id":"https:\/\/exaudi.org\/#\/schema\/person\/e1ab6ed07c01774724dd96f925f3a5f0"},"breadcrumb":{"@id":"https:\/\/exaudi.org\/it\/uniamoci-al-salmista-nel-cantare-ogni-vivente-dia-lode-al-signore\/#breadcrumb"},"inLanguage":"it-IT","potentialAction":[{"@type":"ReadAction","target":["https:\/\/exaudi.org\/it\/uniamoci-al-salmista-nel-cantare-ogni-vivente-dia-lode-al-signore\/"]}]},{"@type":"ImageObject","inLanguage":"it-IT","@id":"https:\/\/exaudi.org\/it\/uniamoci-al-salmista-nel-cantare-ogni-vivente-dia-lode-al-signore\/#primaryimage","url":"https:\/\/exaudi.org\/wp-content\/uploads\/2022\/07\/El-Mar-y-la-Creacion-scaled.jpg","contentUrl":"https:\/\/exaudi.org\/wp-content\/uploads\/2022\/07\/El-Mar-y-la-Creacion-scaled.jpg","width":2048,"height":2560,"caption":"Il mare e la creazione \u00a9 \u00c9rica Viana Cathopic"},{"@type":"BreadcrumbList","@id":"https:\/\/exaudi.org\/it\/uniamoci-al-salmista-nel-cantare-ogni-vivente-dia-lode-al-signore\/#breadcrumb","itemListElement":[{"@type":"ListItem","position":1,"name":"Portada","item":"https:\/\/exaudi.org\/it\/"},{"@type":"ListItem","position":2,"name":"Uniamoci al Salmista nel cantare: \u00abOgni vivente dia lode al Signore!\u00bb"}]},{"@type":"WebSite","@id":"https:\/\/exaudi.org\/#website","url":"https:\/\/exaudi.org\/","name":"Exaudi","description":"News","potentialAction":[{"@type":"SearchAction","target":{"@type":"EntryPoint","urlTemplate":"https:\/\/exaudi.org\/?s={search_term_string}"},"query-input":{"@type":"PropertyValueSpecification","valueRequired":true,"valueName":"search_term_string"}}],"inLanguage":"it-IT"},{"@type":"Person","@id":"https:\/\/exaudi.org\/#\/schema\/person\/e1ab6ed07c01774724dd96f925f3a5f0","name":"Exaudi Redazione","image":{"@type":"ImageObject","inLanguage":"it-IT","@id":"https:\/\/secure.gravatar.com\/avatar\/ad6774b3ada023bf5b939d64f45c94b3adf91502dd883507d469b4308a943bb3?s=96&d=mm&r=g","url":"https:\/\/secure.gravatar.com\/avatar\/ad6774b3ada023bf5b939d64f45c94b3adf91502dd883507d469b4308a943bb3?s=96&d=mm&r=g","contentUrl":"https:\/\/secure.gravatar.com\/avatar\/ad6774b3ada023bf5b939d64f45c94b3adf91502dd883507d469b4308a943bb3?s=96&d=mm&r=g","caption":"Exaudi Redazione"},"description":"Che cosa \u00e8 Exaudi News? Exaudi News \u00e8 un agenzia cattolica internazionale che informa, istruisce e trasforma quotidianamente in spagnolo, inglese e italiano. Attraverso notizie, articoli di analisi e trasmissioni in diretta degli eventi del Papa, Exaudi cerca di rafforzare l'unit\u00e0 dei cristiani e di contribuire all'evangelizzazione del mondo, sempre guidato dalla dottrina sociale della Chiesa. Lavoriamo per portare la verit\u00e0 e i valori cristiani in ogni angolo del pianeta. Aiutaci a trasformare il mondo con Exaudi! Noi di Exaudi crediamo che l'evangelizzazione e l'informazione di qualit\u00e0 possano cambiare la vita. Per continuare la nostra missione ed espandere la nostra portata, abbiamo bisogno del tuo aiuto. Stiamo anche cercando persone motivate che vogliano unirsi al nostro team. Grazie al vostro sostegno raggiungeremo pi\u00f9 persone, diffonderemo il messaggio di Cristo e rafforzeremo l'unit\u00e0 dei cristiani. Vuoi unirti alla nostra missione? Per maggiori informazioni su come contribuire, visita Exaudi.org\/it o contattaci direttamente: info@exaudi.org Exaudi: informa, forma e trasforma.","sameAs":["https:\/\/www.facebook.com\/ExaudiNotizie\/","https:\/\/www.instagram.com\/Exaudi_notizie\/","https:\/\/x.com\/Exaudi_Notizie","https:\/\/www.youtube.com\/@exaudicatholicnews"],"url":"https:\/\/exaudi.org\/it\/author\/dlvedi-org\/"}]}},"jetpack_featured_media_url":"https:\/\/exaudi.org\/wp-content\/uploads\/2022\/07\/El-Mar-y-la-Creacion-scaled.jpg","jetpack_shortlink":"https:\/\/wp.me\/pgKjF2-fxC","_links":{"self":[{"href":"https:\/\/exaudi.org\/it\/wp-json\/wp\/v2\/posts\/59744","targetHints":{"allow":["GET"]}}],"collection":[{"href":"https:\/\/exaudi.org\/it\/wp-json\/wp\/v2\/posts"}],"about":[{"href":"https:\/\/exaudi.org\/it\/wp-json\/wp\/v2\/types\/post"}],"author":[{"embeddable":true,"href":"https:\/\/exaudi.org\/it\/wp-json\/wp\/v2\/users\/17"}],"replies":[{"embeddable":true,"href":"https:\/\/exaudi.org\/it\/wp-json\/wp\/v2\/comments?post=59744"}],"version-history":[{"count":0,"href":"https:\/\/exaudi.org\/it\/wp-json\/wp\/v2\/posts\/59744\/revisions"}],"wp:featuredmedia":[{"embeddable":true,"href":"https:\/\/exaudi.org\/it\/wp-json\/wp\/v2\/media\/59742"}],"wp:attachment":[{"href":"https:\/\/exaudi.org\/it\/wp-json\/wp\/v2\/media?parent=59744"}],"wp:term":[{"taxonomy":"category","embeddable":true,"href":"https:\/\/exaudi.org\/it\/wp-json\/wp\/v2\/categories?post=59744"},{"taxonomy":"post_tag","embeddable":true,"href":"https:\/\/exaudi.org\/it\/wp-json\/wp\/v2\/tags?post=59744"}],"curies":[{"name":"wp","href":"https:\/\/api.w.org\/{rel}","templated":true}]}}