{"id":59650,"date":"2022-07-19T12:13:30","date_gmt":"2022-07-19T10:13:30","guid":{"rendered":"https:\/\/exaudi.org\/?p=59650"},"modified":"2022-07-19T12:14:16","modified_gmt":"2022-07-19T10:14:16","slug":"papa-francesco-ascolatre-con-lorecchio-del-cuore","status":"publish","type":"post","link":"https:\/\/exaudi.org\/it\/papa-francesco-ascolatre-con-lorecchio-del-cuore\/","title":{"rendered":"Papa Francesco: &#8220;Ascoltare con &#8220;l&#8217;orecchio del cuore&#8221;"},"content":{"rendered":"<p>Messaggio che il Santo Padre Francesco invia ai partecipanti al SIGNIS World Congress 2022 che si svolger\u00e0 presso la Sogang University di Seoul dal 15 al 18 agosto 2022 sul tema \u201cPace nel mondo digitale\u201d:<\/p>\n<h3><strong>Messaggio del Santo Padre<\/strong><\/h3>\n<p>Invio saluti e auguri a tutti i partecipanti al Congresso Mondiale SIGNIS che si terr\u00e0 quest&#8217;anno a Seoul, combinando incontri faccia a faccia e conferenze virtuali. Come associazione internazionale dei professionisti cattolici della comunicazione, \u00e8 opportuno che vi riuniate in Corea del Sud, una terra la cui storia di evangelizzazione mostra la forza della parola stampata e il ruolo essenziale dei laici nella diffusione del Vangelo. Possa la storia di sant&#8217;Andrea Kim e dei suoi compagni duecento anni fa confermarvi nei vostri sforzi per diffondere il Vangelo di Ges\u00f9 Cristo nel linguaggio dei mezzi di comunicazione contemporanei.<\/p>\n<p>\u00c8 opportuno che, in questi giorni segnati da nuovi focolai di violenza e aggressione nel nostro mondo, abbiate scelto come tema del vostro Congresso Mondiale \u201cLa pace nel mondo digitale\u201d. La rivoluzione dei media digitali degli ultimi decenni si \u00e8 rivelata un potente mezzo per promuovere la comunione e il dialogo all&#8217;interno della nostra famiglia umana. Infatti, durante i mesi di lockdown dovuto alla pandemia, abbiamo visto chiaramente come i media digitali potessero unirci, non solo diffondendo informazioni essenziali, ma anche superando la solitudine dell&#8217;isolamento e, in molti casi, unendo intere famiglie e comunit\u00e0 ecclesiali .nella preghiera e nel culto.<\/p>\n<p>Allo stesso tempo, l&#8217;uso dei media digitali, in particolare dei social media, ha sollevato una serie di gravi questioni etiche che richiedono un giudizio saggio e discernente da parte dei comunicatori e di tutti coloro che si occupano dell&#8217;autenticit\u00e0 e della qualit\u00e0 delle relazioni umane. A volte e in alcuni luoghi, i siti dei media sono diventati luoghi di tossicit\u00e0, incitamento all&#8217;odio e notizie false. Nell&#8217;affrontare questa sfida, SIGNIS pu\u00f2 svolgere un ruolo importante attraverso l&#8217;educazione ai media, il collegamento in rete dei media cattolici e la lotta alla menzogna e alla disinformazione. Vi incoraggio a perseverare in questi sforzi, prestando particolare attenzione alla necessit\u00e0 di aiutare le persone, soprattutto i giovani, a sviluppare un sano senso critico, imparando a distinguere il vero dal falso, il bene dal male, il bene dal male, e ad apprezzarne l&#8217;importanza di lavorare per la giustizia, l&#8217;armonia sociale e il rispetto della nostra casa comune. Ti incoraggio anche a considerare le molte comunit\u00e0 nel nostro mondo che rimangono escluse dallo spazio digitale, rendendo l&#8217;inclusione digitale una priorit\u00e0 della tua pianificazione organizzativa. Cos\u00ec facendo, darete un contributo significativo alla diffusione di una cultura di pace fondata sulla verit\u00e0 del Vangelo.<\/p>\n<p>Nel mio Messaggio per la Giornata Mondiale delle Comunicazioni Sociali di quest&#8217;anno, ho parlato dell&#8217;ascolto come primo e indispensabile ingrediente del dialogo e della buona comunicazione, e ho chiesto ai giornalisti di sviluppare la loro capacit\u00e0 di \u201cascoltare con l&#8217;orecchio del cuore\u201d. Pi\u00f9 che a chiunque altro, l&#8217;\u201capostolato dell&#8217;ascolto\u201d appartiene a voi come comunicatori cattolici. Perch\u00e9 la comunicazione non \u00e8 solo una professione, ma un servizio al dialogo e alla comprensione tra i singoli e le comunit\u00e0 pi\u00f9 ampie nella ricerca di una serena e pacifica convivenza.<\/p>\n<p>L&#8217;ascolto \u00e8 altres\u00ec essenziale per il cammino sinodale che tutta la Chiesa ha intrapreso in questi anni. Auspico che, con la vostra comunicazione, contribuiate a questo processo assistendo il popolo santo e fedele di Dio nel nostro impegno ad ascoltarsi gli uni gli altri, alla volont\u00e0 del Signore e a crescere nella consapevolezza che partecipiamo ad una comunione che ci precede e ci include. Anche in questo modo, i vostri sforzi per promuovere la pace nel mondo digitale contribuiranno a creare una Chiesa sempre pi\u00f9 \u201csinfonica\u201d, la cui unit\u00e0 si esprime in una polifonia armoniosa e sacra.<\/p>\n<p>Cari amici di SIGNIS, con questi sentimenti vi invio i miei oranti auguri per il vostro lavoro e per la fecondit\u00e0 spirituale di questo Congresso Mondiale. Su di voi, sulle vostre famiglie, sui vostri colleghi e su tutti coloro che servite, invoco le abbondanti benedizioni di saggezza, gioia e pace di Dio. Ti chiedo, per favore, di non dimenticare di pregare per me.<\/p>\n<p>Roma, San Giovanni in Laterano, 15 luglio 2022<\/p>\n<p>Francesco<\/p>\n","protected":false},"excerpt":{"rendered":"<p>Messaggio del Santo Padre ai Partecipanti al Congresso Mondiale di SIGNIS (Seoul, 15-18 agosto 2022)<\/p>\n","protected":false},"author":17,"featured_media":59632,"comment_status":"closed","ping_status":"closed","sticky":false,"template":"","format":"standard","meta":{"_acf_changed":false,"_crdt_document":"","inline_featured_image":false,"footnotes":""},"categories":[67],"tags":[6586,6588,6587,2480,6585,4952],"class_list":["post-59650","post","type-post","status-publish","format-standard","has-post-thumbnail","hentry","category-leone-xiv","tag-congresso-mondiale","tag-corea-it","tag-corea-del-sud","tag-messaggio","tag-signis","tag-trending-it"],"acf":[],"yoast_head":"<!-- This site is optimized with the Yoast SEO plugin v27.5 - https:\/\/yoast.com\/product\/yoast-seo-wordpress\/ -->\n<title>Papa Francesco: &quot;Ascoltare con &quot;l&#039;orecchio del cuore&quot; &#8211; Exaudi<\/title>\n<meta name=\"robots\" content=\"index, follow, max-snippet:-1, max-image-preview:large, max-video-preview:-1\" \/>\n<link rel=\"canonical\" href=\"https:\/\/exaudi.org\/it\/papa-francesco-ascolatre-con-lorecchio-del-cuore\/\" \/>\n<meta property=\"og:locale\" content=\"it_IT\" \/>\n<meta property=\"og:type\" content=\"article\" \/>\n<meta property=\"og:title\" content=\"Papa Francesco: &quot;Ascoltare con &quot;l&#039;orecchio del cuore&quot; &#8211; Exaudi\" \/>\n<meta property=\"og:description\" content=\"Messaggio del Santo Padre ai Partecipanti al Congresso Mondiale di SIGNIS (Seoul, 15-18 agosto 2022)\" \/>\n<meta property=\"og:url\" content=\"https:\/\/exaudi.org\/it\/papa-francesco-ascolatre-con-lorecchio-del-cuore\/\" \/>\n<meta property=\"og:site_name\" content=\"Exaudi\" \/>\n<meta property=\"article:publisher\" content=\"https:\/\/www.facebook.com\/ExaudiNews\" \/>\n<meta property=\"article:author\" content=\"https:\/\/www.facebook.com\/ExaudiNotizie\/\" \/>\n<meta property=\"article:published_time\" content=\"2022-07-19T10:13:30+00:00\" \/>\n<meta property=\"article:modified_time\" content=\"2022-07-19T10:14:16+00:00\" \/>\n<meta property=\"og:image\" content=\"https:\/\/exaudi.org\/wp-content\/uploads\/2022\/07\/PapaFranciscoAudiencia.jpeg\" \/>\n\t<meta property=\"og:image:width\" content=\"800\" \/>\n\t<meta property=\"og:image:height\" content=\"533\" \/>\n\t<meta property=\"og:image:type\" content=\"image\/jpeg\" \/>\n<meta name=\"author\" content=\"Exaudi Redazione\" \/>\n<meta name=\"twitter:card\" content=\"summary_large_image\" \/>\n<meta name=\"twitter:creator\" content=\"@Exaudi_Notizie\" \/>\n<meta name=\"twitter:site\" content=\"@Exaudi_News\" \/>\n<meta name=\"twitter:label1\" content=\"Scritto da\" \/>\n\t<meta name=\"twitter:data1\" content=\"Exaudi Redazione\" \/>\n\t<meta name=\"twitter:label2\" content=\"Tempo di lettura stimato\" \/>\n\t<meta name=\"twitter:data2\" content=\"3 minuti\" \/>\n<script type=\"application\/ld+json\" class=\"yoast-schema-graph\">{\"@context\":\"https:\\\/\\\/schema.org\",\"@graph\":[{\"@type\":\"Article\",\"@id\":\"https:\\\/\\\/exaudi.org\\\/it\\\/papa-francesco-ascolatre-con-lorecchio-del-cuore\\\/#article\",\"isPartOf\":{\"@id\":\"https:\\\/\\\/exaudi.org\\\/it\\\/papa-francesco-ascolatre-con-lorecchio-del-cuore\\\/\"},\"author\":{\"name\":\"Exaudi Redazione\",\"@id\":\"https:\\\/\\\/exaudi.org\\\/#\\\/schema\\\/person\\\/e1ab6ed07c01774724dd96f925f3a5f0\"},\"headline\":\"Papa Francesco: &#8220;Ascoltare con &#8220;l&#8217;orecchio del cuore&#8221;\",\"datePublished\":\"2022-07-19T10:13:30+00:00\",\"dateModified\":\"2022-07-19T10:14:16+00:00\",\"mainEntityOfPage\":{\"@id\":\"https:\\\/\\\/exaudi.org\\\/it\\\/papa-francesco-ascolatre-con-lorecchio-del-cuore\\\/\"},\"wordCount\":702,\"image\":{\"@id\":\"https:\\\/\\\/exaudi.org\\\/it\\\/papa-francesco-ascolatre-con-lorecchio-del-cuore\\\/#primaryimage\"},\"thumbnailUrl\":\"https:\\\/\\\/exaudi.org\\\/wp-content\\\/uploads\\\/2022\\\/07\\\/PapaFranciscoAudiencia.jpeg\",\"keywords\":[\"Congresso Mondiale\",\"Corea\",\"Corea del Sud\",\"messaggio\",\"Signis\",\"Trending\"],\"articleSection\":[\"Leone XIV\"],\"inLanguage\":\"it-IT\"},{\"@type\":\"WebPage\",\"@id\":\"https:\\\/\\\/exaudi.org\\\/it\\\/papa-francesco-ascolatre-con-lorecchio-del-cuore\\\/\",\"url\":\"https:\\\/\\\/exaudi.org\\\/it\\\/papa-francesco-ascolatre-con-lorecchio-del-cuore\\\/\",\"name\":\"Papa Francesco: \\\"Ascoltare con \\\"l'orecchio del cuore\\\" &#8211; Exaudi\",\"isPartOf\":{\"@id\":\"https:\\\/\\\/exaudi.org\\\/#website\"},\"primaryImageOfPage\":{\"@id\":\"https:\\\/\\\/exaudi.org\\\/it\\\/papa-francesco-ascolatre-con-lorecchio-del-cuore\\\/#primaryimage\"},\"image\":{\"@id\":\"https:\\\/\\\/exaudi.org\\\/it\\\/papa-francesco-ascolatre-con-lorecchio-del-cuore\\\/#primaryimage\"},\"thumbnailUrl\":\"https:\\\/\\\/exaudi.org\\\/wp-content\\\/uploads\\\/2022\\\/07\\\/PapaFranciscoAudiencia.jpeg\",\"datePublished\":\"2022-07-19T10:13:30+00:00\",\"dateModified\":\"2022-07-19T10:14:16+00:00\",\"author\":{\"@id\":\"https:\\\/\\\/exaudi.org\\\/#\\\/schema\\\/person\\\/e1ab6ed07c01774724dd96f925f3a5f0\"},\"breadcrumb\":{\"@id\":\"https:\\\/\\\/exaudi.org\\\/it\\\/papa-francesco-ascolatre-con-lorecchio-del-cuore\\\/#breadcrumb\"},\"inLanguage\":\"it-IT\",\"potentialAction\":[{\"@type\":\"ReadAction\",\"target\":[\"https:\\\/\\\/exaudi.org\\\/it\\\/papa-francesco-ascolatre-con-lorecchio-del-cuore\\\/\"]}]},{\"@type\":\"ImageObject\",\"inLanguage\":\"it-IT\",\"@id\":\"https:\\\/\\\/exaudi.org\\\/it\\\/papa-francesco-ascolatre-con-lorecchio-del-cuore\\\/#primaryimage\",\"url\":\"https:\\\/\\\/exaudi.org\\\/wp-content\\\/uploads\\\/2022\\\/07\\\/PapaFranciscoAudiencia.jpeg\",\"contentUrl\":\"https:\\\/\\\/exaudi.org\\\/wp-content\\\/uploads\\\/2022\\\/07\\\/PapaFranciscoAudiencia.jpeg\",\"width\":800,\"height\":533,\"caption\":\"\u00a9 Vatican Media\"},{\"@type\":\"BreadcrumbList\",\"@id\":\"https:\\\/\\\/exaudi.org\\\/it\\\/papa-francesco-ascolatre-con-lorecchio-del-cuore\\\/#breadcrumb\",\"itemListElement\":[{\"@type\":\"ListItem\",\"position\":1,\"name\":\"Portada\",\"item\":\"https:\\\/\\\/exaudi.org\\\/it\\\/\"},{\"@type\":\"ListItem\",\"position\":2,\"name\":\"Papa Francesco: &#8220;Ascoltare con &#8220;l&#8217;orecchio del cuore&#8221;\"}]},{\"@type\":\"WebSite\",\"@id\":\"https:\\\/\\\/exaudi.org\\\/#website\",\"url\":\"https:\\\/\\\/exaudi.org\\\/\",\"name\":\"Exaudi\",\"description\":\"News\",\"potentialAction\":[{\"@type\":\"SearchAction\",\"target\":{\"@type\":\"EntryPoint\",\"urlTemplate\":\"https:\\\/\\\/exaudi.org\\\/?s={search_term_string}\"},\"query-input\":{\"@type\":\"PropertyValueSpecification\",\"valueRequired\":true,\"valueName\":\"search_term_string\"}}],\"inLanguage\":\"it-IT\"},{\"@type\":\"Person\",\"@id\":\"https:\\\/\\\/exaudi.org\\\/#\\\/schema\\\/person\\\/e1ab6ed07c01774724dd96f925f3a5f0\",\"name\":\"Exaudi Redazione\",\"image\":{\"@type\":\"ImageObject\",\"inLanguage\":\"it-IT\",\"@id\":\"https:\\\/\\\/secure.gravatar.com\\\/avatar\\\/ad6774b3ada023bf5b939d64f45c94b3adf91502dd883507d469b4308a943bb3?s=96&d=mm&r=g\",\"url\":\"https:\\\/\\\/secure.gravatar.com\\\/avatar\\\/ad6774b3ada023bf5b939d64f45c94b3adf91502dd883507d469b4308a943bb3?s=96&d=mm&r=g\",\"contentUrl\":\"https:\\\/\\\/secure.gravatar.com\\\/avatar\\\/ad6774b3ada023bf5b939d64f45c94b3adf91502dd883507d469b4308a943bb3?s=96&d=mm&r=g\",\"caption\":\"Exaudi Redazione\"},\"description\":\"Che cosa \u00e8 Exaudi News? Exaudi News \u00e8 un agenzia cattolica internazionale che informa, istruisce e trasforma quotidianamente in spagnolo, inglese e italiano. Attraverso notizie, articoli di analisi e trasmissioni in diretta degli eventi del Papa, Exaudi cerca di rafforzare l'unit\u00e0 dei cristiani e di contribuire all'evangelizzazione del mondo, sempre guidato dalla dottrina sociale della Chiesa. Lavoriamo per portare la verit\u00e0 e i valori cristiani in ogni angolo del pianeta. Aiutaci a trasformare il mondo con Exaudi! Noi di Exaudi crediamo che l'evangelizzazione e l'informazione di qualit\u00e0 possano cambiare la vita. Per continuare la nostra missione ed espandere la nostra portata, abbiamo bisogno del tuo aiuto. Stiamo anche cercando persone motivate che vogliano unirsi al nostro team. Grazie al vostro sostegno raggiungeremo pi\u00f9 persone, diffonderemo il messaggio di Cristo e rafforzeremo l'unit\u00e0 dei cristiani. Vuoi unirti alla nostra missione? Per maggiori informazioni su come contribuire, visita Exaudi.org\\\/it o contattaci direttamente: info@exaudi.org Exaudi: informa, forma e trasforma.\",\"sameAs\":[\"https:\\\/\\\/www.facebook.com\\\/ExaudiNotizie\\\/\",\"https:\\\/\\\/www.instagram.com\\\/Exaudi_notizie\\\/\",\"https:\\\/\\\/x.com\\\/Exaudi_Notizie\",\"https:\\\/\\\/www.youtube.com\\\/@exaudicatholicnews\"],\"url\":\"https:\\\/\\\/exaudi.org\\\/it\\\/author\\\/dlvedi-org\\\/\"}]}<\/script>\n<!-- \/ Yoast SEO plugin. -->","yoast_head_json":{"title":"Papa Francesco: \"Ascoltare con \"l'orecchio del cuore\" &#8211; Exaudi","robots":{"index":"index","follow":"follow","max-snippet":"max-snippet:-1","max-image-preview":"max-image-preview:large","max-video-preview":"max-video-preview:-1"},"canonical":"https:\/\/exaudi.org\/it\/papa-francesco-ascolatre-con-lorecchio-del-cuore\/","og_locale":"it_IT","og_type":"article","og_title":"Papa Francesco: \"Ascoltare con \"l'orecchio del cuore\" &#8211; Exaudi","og_description":"Messaggio del Santo Padre ai Partecipanti al Congresso Mondiale di SIGNIS (Seoul, 15-18 agosto 2022)","og_url":"https:\/\/exaudi.org\/it\/papa-francesco-ascolatre-con-lorecchio-del-cuore\/","og_site_name":"Exaudi","article_publisher":"https:\/\/www.facebook.com\/ExaudiNews","article_author":"https:\/\/www.facebook.com\/ExaudiNotizie\/","article_published_time":"2022-07-19T10:13:30+00:00","article_modified_time":"2022-07-19T10:14:16+00:00","og_image":[{"width":800,"height":533,"url":"https:\/\/exaudi.org\/wp-content\/uploads\/2022\/07\/PapaFranciscoAudiencia.jpeg","type":"image\/jpeg"}],"author":"Exaudi Redazione","twitter_card":"summary_large_image","twitter_creator":"@Exaudi_Notizie","twitter_site":"@Exaudi_News","twitter_misc":{"Scritto da":"Exaudi Redazione","Tempo di lettura stimato":"3 minuti"},"schema":{"@context":"https:\/\/schema.org","@graph":[{"@type":"Article","@id":"https:\/\/exaudi.org\/it\/papa-francesco-ascolatre-con-lorecchio-del-cuore\/#article","isPartOf":{"@id":"https:\/\/exaudi.org\/it\/papa-francesco-ascolatre-con-lorecchio-del-cuore\/"},"author":{"name":"Exaudi Redazione","@id":"https:\/\/exaudi.org\/#\/schema\/person\/e1ab6ed07c01774724dd96f925f3a5f0"},"headline":"Papa Francesco: &#8220;Ascoltare con &#8220;l&#8217;orecchio del cuore&#8221;","datePublished":"2022-07-19T10:13:30+00:00","dateModified":"2022-07-19T10:14:16+00:00","mainEntityOfPage":{"@id":"https:\/\/exaudi.org\/it\/papa-francesco-ascolatre-con-lorecchio-del-cuore\/"},"wordCount":702,"image":{"@id":"https:\/\/exaudi.org\/it\/papa-francesco-ascolatre-con-lorecchio-del-cuore\/#primaryimage"},"thumbnailUrl":"https:\/\/exaudi.org\/wp-content\/uploads\/2022\/07\/PapaFranciscoAudiencia.jpeg","keywords":["Congresso Mondiale","Corea","Corea del Sud","messaggio","Signis","Trending"],"articleSection":["Leone XIV"],"inLanguage":"it-IT"},{"@type":"WebPage","@id":"https:\/\/exaudi.org\/it\/papa-francesco-ascolatre-con-lorecchio-del-cuore\/","url":"https:\/\/exaudi.org\/it\/papa-francesco-ascolatre-con-lorecchio-del-cuore\/","name":"Papa Francesco: \"Ascoltare con \"l'orecchio del cuore\" &#8211; Exaudi","isPartOf":{"@id":"https:\/\/exaudi.org\/#website"},"primaryImageOfPage":{"@id":"https:\/\/exaudi.org\/it\/papa-francesco-ascolatre-con-lorecchio-del-cuore\/#primaryimage"},"image":{"@id":"https:\/\/exaudi.org\/it\/papa-francesco-ascolatre-con-lorecchio-del-cuore\/#primaryimage"},"thumbnailUrl":"https:\/\/exaudi.org\/wp-content\/uploads\/2022\/07\/PapaFranciscoAudiencia.jpeg","datePublished":"2022-07-19T10:13:30+00:00","dateModified":"2022-07-19T10:14:16+00:00","author":{"@id":"https:\/\/exaudi.org\/#\/schema\/person\/e1ab6ed07c01774724dd96f925f3a5f0"},"breadcrumb":{"@id":"https:\/\/exaudi.org\/it\/papa-francesco-ascolatre-con-lorecchio-del-cuore\/#breadcrumb"},"inLanguage":"it-IT","potentialAction":[{"@type":"ReadAction","target":["https:\/\/exaudi.org\/it\/papa-francesco-ascolatre-con-lorecchio-del-cuore\/"]}]},{"@type":"ImageObject","inLanguage":"it-IT","@id":"https:\/\/exaudi.org\/it\/papa-francesco-ascolatre-con-lorecchio-del-cuore\/#primaryimage","url":"https:\/\/exaudi.org\/wp-content\/uploads\/2022\/07\/PapaFranciscoAudiencia.jpeg","contentUrl":"https:\/\/exaudi.org\/wp-content\/uploads\/2022\/07\/PapaFranciscoAudiencia.jpeg","width":800,"height":533,"caption":"\u00a9 Vatican Media"},{"@type":"BreadcrumbList","@id":"https:\/\/exaudi.org\/it\/papa-francesco-ascolatre-con-lorecchio-del-cuore\/#breadcrumb","itemListElement":[{"@type":"ListItem","position":1,"name":"Portada","item":"https:\/\/exaudi.org\/it\/"},{"@type":"ListItem","position":2,"name":"Papa Francesco: &#8220;Ascoltare con &#8220;l&#8217;orecchio del cuore&#8221;"}]},{"@type":"WebSite","@id":"https:\/\/exaudi.org\/#website","url":"https:\/\/exaudi.org\/","name":"Exaudi","description":"News","potentialAction":[{"@type":"SearchAction","target":{"@type":"EntryPoint","urlTemplate":"https:\/\/exaudi.org\/?s={search_term_string}"},"query-input":{"@type":"PropertyValueSpecification","valueRequired":true,"valueName":"search_term_string"}}],"inLanguage":"it-IT"},{"@type":"Person","@id":"https:\/\/exaudi.org\/#\/schema\/person\/e1ab6ed07c01774724dd96f925f3a5f0","name":"Exaudi Redazione","image":{"@type":"ImageObject","inLanguage":"it-IT","@id":"https:\/\/secure.gravatar.com\/avatar\/ad6774b3ada023bf5b939d64f45c94b3adf91502dd883507d469b4308a943bb3?s=96&d=mm&r=g","url":"https:\/\/secure.gravatar.com\/avatar\/ad6774b3ada023bf5b939d64f45c94b3adf91502dd883507d469b4308a943bb3?s=96&d=mm&r=g","contentUrl":"https:\/\/secure.gravatar.com\/avatar\/ad6774b3ada023bf5b939d64f45c94b3adf91502dd883507d469b4308a943bb3?s=96&d=mm&r=g","caption":"Exaudi Redazione"},"description":"Che cosa \u00e8 Exaudi News? Exaudi News \u00e8 un agenzia cattolica internazionale che informa, istruisce e trasforma quotidianamente in spagnolo, inglese e italiano. Attraverso notizie, articoli di analisi e trasmissioni in diretta degli eventi del Papa, Exaudi cerca di rafforzare l'unit\u00e0 dei cristiani e di contribuire all'evangelizzazione del mondo, sempre guidato dalla dottrina sociale della Chiesa. Lavoriamo per portare la verit\u00e0 e i valori cristiani in ogni angolo del pianeta. Aiutaci a trasformare il mondo con Exaudi! Noi di Exaudi crediamo che l'evangelizzazione e l'informazione di qualit\u00e0 possano cambiare la vita. Per continuare la nostra missione ed espandere la nostra portata, abbiamo bisogno del tuo aiuto. Stiamo anche cercando persone motivate che vogliano unirsi al nostro team. Grazie al vostro sostegno raggiungeremo pi\u00f9 persone, diffonderemo il messaggio di Cristo e rafforzeremo l'unit\u00e0 dei cristiani. Vuoi unirti alla nostra missione? Per maggiori informazioni su come contribuire, visita Exaudi.org\/it o contattaci direttamente: info@exaudi.org Exaudi: informa, forma e trasforma.","sameAs":["https:\/\/www.facebook.com\/ExaudiNotizie\/","https:\/\/www.instagram.com\/Exaudi_notizie\/","https:\/\/x.com\/Exaudi_Notizie","https:\/\/www.youtube.com\/@exaudicatholicnews"],"url":"https:\/\/exaudi.org\/it\/author\/dlvedi-org\/"}]}},"jetpack_featured_media_url":"https:\/\/exaudi.org\/wp-content\/uploads\/2022\/07\/PapaFranciscoAudiencia.jpeg","jetpack_shortlink":"https:\/\/wp.me\/pgKjF2-fw6","_links":{"self":[{"href":"https:\/\/exaudi.org\/it\/wp-json\/wp\/v2\/posts\/59650","targetHints":{"allow":["GET"]}}],"collection":[{"href":"https:\/\/exaudi.org\/it\/wp-json\/wp\/v2\/posts"}],"about":[{"href":"https:\/\/exaudi.org\/it\/wp-json\/wp\/v2\/types\/post"}],"author":[{"embeddable":true,"href":"https:\/\/exaudi.org\/it\/wp-json\/wp\/v2\/users\/17"}],"replies":[{"embeddable":true,"href":"https:\/\/exaudi.org\/it\/wp-json\/wp\/v2\/comments?post=59650"}],"version-history":[{"count":0,"href":"https:\/\/exaudi.org\/it\/wp-json\/wp\/v2\/posts\/59650\/revisions"}],"wp:featuredmedia":[{"embeddable":true,"href":"https:\/\/exaudi.org\/it\/wp-json\/wp\/v2\/media\/59632"}],"wp:attachment":[{"href":"https:\/\/exaudi.org\/it\/wp-json\/wp\/v2\/media?parent=59650"}],"wp:term":[{"taxonomy":"category","embeddable":true,"href":"https:\/\/exaudi.org\/it\/wp-json\/wp\/v2\/categories?post=59650"},{"taxonomy":"post_tag","embeddable":true,"href":"https:\/\/exaudi.org\/it\/wp-json\/wp\/v2\/tags?post=59650"}],"curies":[{"name":"wp","href":"https:\/\/api.w.org\/{rel}","templated":true}]}}