{"id":59317,"date":"2022-07-11T20:07:44","date_gmt":"2022-07-11T18:07:44","guid":{"rendered":"https:\/\/exaudi.org\/?p=59317"},"modified":"2022-07-11T20:07:44","modified_gmt":"2022-07-11T18:07:44","slug":"sua-santita-papa-francesco-beatificazione-del-sommo-pontefice-albino-lucianigiovanni-paolo-i","status":"publish","type":"post","link":"https:\/\/exaudi.org\/it\/sua-santita-papa-francesco-beatificazione-del-sommo-pontefice-albino-lucianigiovanni-paolo-i\/","title":{"rendered":"Sua Santit\u00e0 Papa Francesco: Beatificazione del Sommo Pontefice Albino LucianiGiovanni Paolo I"},"content":{"rendered":"<p>In occasione della beatificazione del Sommo Pontefice Albino LucianiGiovanni Paolo I (1912-1978) vengono date le seguenti informazioni<br \/>\nriguardo ai tre principali appuntamenti in programma:<\/p>\n<p>La celebrazione liturgica con il rito della Beatificazione si svolger\u00e0 domenica 4 settembre 2022 in Piazza San Pietro alle ore 10.30 e sar\u00e0 presieduta da Sua Santit\u00e0 Papa Francesco. La petizione per la Beatificazione verr\u00e0 letta dal vescovo della diocesi di Belluno-Feltre, S.E. Mons. Renato Marangoni, in quanto eccezionalmente sede della Causa di canonizzazione del venerabile Giovanni Paolo I, insieme al<br \/>\nPostulatore della Causa S.Em Cardinale Beniamino Stella e alla Vicepostulatrice, dott.ssa Stefania Falasca. Nel corso della beatificazione, la Postulazione far\u00e0 dono al Sommo Pontefice di un reliquiario con una reliquia del nuovo beato.<\/p>\n<p>Per partecipare alla celebrazione i biglietti gratuiti dovranno essere richiesti alla Prefettura della Casa Pontificia, mentre tutti i vescovi e i sacerdoti che desiderano concelebrare e i diaconi che desiderano assistere, dovranno registrarsi direttamente al sito: biglietti.liturgiepontificie.va<\/p>\n<p>La sera precedente, sabato 3 settembre 2022, alle ore 18.30, presso la Basilica di San Giovanni in Laterano si terr\u00e0 la Veglia di Preghiera presieduta da S.Em Cardinale Angelo De Donatis, Vicario generale di Sua Santit\u00e0 per la diocesi di Roma.\u00a0 La Veglia in preparazione della beatificazione si svolger\u00e0 nella Basilica che custodisce la Cattedra del Vescovo di Roma, della quale Giovanni Paolo I prese possesso il 23 settembre 1978.<\/p>\n<figure id=\"attachment_59321\" aria-describedby=\"caption-attachment-59321\" style=\"width: 300px\" class=\"wp-caption alignright\"><img data-recalc-dims=\"1\" fetchpriority=\"high\" decoding=\"async\" class=\"size-medium wp-image-59321\" src=\"https:\/\/i0.wp.com\/exaudi.org\/wp-content\/uploads\/2022\/07\/cq5dam.thumbnail.cropped.1000.563-3.jpeg?resize=300%2C169&#038;ssl=1\" alt=\"\" width=\"300\" height=\"169\" srcset=\"https:\/\/i0.wp.com\/exaudi.org\/wp-content\/uploads\/2022\/07\/cq5dam.thumbnail.cropped.1000.563-3.jpeg?resize=300%2C169&amp;ssl=1 300w, https:\/\/i0.wp.com\/exaudi.org\/wp-content\/uploads\/2022\/07\/cq5dam.thumbnail.cropped.1000.563-3.jpeg?resize=500%2C281&amp;ssl=1 500w, https:\/\/i0.wp.com\/exaudi.org\/wp-content\/uploads\/2022\/07\/cq5dam.thumbnail.cropped.1000.563-3.jpeg?resize=293%2C165&amp;ssl=1 293w, https:\/\/i0.wp.com\/exaudi.org\/wp-content\/uploads\/2022\/07\/cq5dam.thumbnail.cropped.1000.563-3.jpeg?resize=390%2C219&amp;ssl=1 390w, https:\/\/i0.wp.com\/exaudi.org\/wp-content\/uploads\/2022\/07\/cq5dam.thumbnail.cropped.1000.563-3.jpeg?w=750&amp;ssl=1 750w\" sizes=\"(max-width: 300px) 100vw, 300px\" \/><figcaption id=\"caption-attachment-59321\" class=\"wp-caption-text\">\u00a9 Vatican News<\/figcaption><\/figure>\n<p>Il momento di preghiera sar\u00e0 animato da canti e letture di brani del magistero di Giovanni Paolo I. Per la partecipazione non occorreranno biglietti; l\u2019ingresso sar\u00e0 libero.<\/p>\n<p>La Messa di Ringraziamento per la beatificazione di Giovanni Paolo I si svolger\u00e0 invece domenica 11 settembre 2022 nella diocesi di Belluno-Feltre. La celebrazione avr\u00e0 luogo alle ore 16 nella piazza di Canale d\u2019Agordo, paese natale del nuovo beato, con la partecipazione dei vescovi e delle rispettive comunit\u00e0 delle tre sedi episcopali nelle quali il nuovo beato aveva svolto il suo ministero sacerdotale ed episcopale: patriarcato di Venezia, guidato da S.E. Mons. Francesco Moraglia; diocesi di Belluno-Feltre, guidata da S.E. Mons. Renato Marangoni; diocesi di Vittorio Veneto, guidata da S.E. Mons. Corrado Pizziolo. A presiedere la Santa Messa sar\u00e0 S.E. Mons. Francesco Moraglia, metropolita della provincia ecclesiastica di Venezia. Per le informazioni a riguardo il riferimento \u00e8 il sito della diocesi: chiesabellunofeltre.it<\/p>\n<p>Nei giorni precedenti la beatificazione presso la Sala Stampa della Santa Sede si terr\u00e0 una Conferenza stampa ad hoc. La data verr\u00e0 comunicata pi\u00f9 avanti. Alla Conferenza Stampa sar\u00e0 presente anche la testimone del miracolo della guarigione, avvenuto per intercessione del venerabile Giovanni Paolo I.<\/p>\n<p>I giornalisti e gli operatori media che intendono partecipare alla Celebrazione liturgica in piazza San Pietro, alla Veglia di Preghiera e alla Conferenza stampa, devono inviare richiesta entro 24 ore dall\u2019evento, esclusivamente attraverso il Sistema di accreditamento online della Sala Stampa della Santa Sede, all\u2019indirizzo: press.vatican.va\/accreditamenti.<\/p>\n","protected":false},"excerpt":{"rendered":"<p>Domenica 4 settembre 2022 in Piazza San Pietro<\/p>\n","protected":false},"author":17,"featured_media":59318,"comment_status":"closed","ping_status":"closed","sticky":false,"template":"","format":"standard","meta":{"_acf_changed":false,"inline_featured_image":false,"_wpcom_ai_launchpad_first_post":false,"footnotes":"","jetpack_post_was_ever_published":false},"categories":[73,67],"tags":[6534,2044,6535],"class_list":["post-59317","post","type-post","status-publish","format-standard","has-post-thumbnail","hentry","category-chiesa-e-mondo","category-leone-xiv","tag-albino-lucianigiovanni-paolo-i","tag-italia-it","tag-santi-e-beati"],"acf":[],"yoast_head":"<!-- This site is optimized with the Yoast SEO plugin v28.4 - https:\/\/yoast.com\/product\/yoast-seo-wordpress\/ -->\n<title>Sua Santit\u00e0 Papa Francesco: Beatificazione del Sommo Pontefice Albino LucianiGiovanni Paolo I &#8211; Exaudi<\/title>\n<meta name=\"robots\" content=\"index, follow, max-snippet:-1, max-image-preview:large, max-video-preview:-1\" \/>\n<link rel=\"canonical\" href=\"https:\/\/exaudi.org\/it\/sua-santita-papa-francesco-beatificazione-del-sommo-pontefice-albino-lucianigiovanni-paolo-i\/\" \/>\n<meta property=\"og:locale\" content=\"it_IT\" \/>\n<meta property=\"og:type\" content=\"article\" \/>\n<meta property=\"og:title\" content=\"Sua Santit\u00e0 Papa Francesco: Beatificazione del Sommo Pontefice Albino LucianiGiovanni Paolo I &#8211; Exaudi\" \/>\n<meta property=\"og:description\" content=\"Domenica 4 settembre 2022 in Piazza San Pietro\" \/>\n<meta property=\"og:url\" content=\"https:\/\/exaudi.org\/it\/sua-santita-papa-francesco-beatificazione-del-sommo-pontefice-albino-lucianigiovanni-paolo-i\/\" \/>\n<meta property=\"og:site_name\" content=\"Exaudi\" \/>\n<meta property=\"article:publisher\" content=\"https:\/\/www.facebook.com\/ExaudiNews\" \/>\n<meta property=\"article:author\" content=\"https:\/\/www.facebook.com\/ExaudiNotizie\/\" \/>\n<meta property=\"article:published_time\" content=\"2022-07-11T18:07:44+00:00\" \/>\n<meta property=\"og:image\" content=\"https:\/\/exaudi.org\/wp-content\/uploads\/2022\/07\/cq5dam.thumbnail.cropped.1000.563-2.jpeg\" \/>\n\t<meta property=\"og:image:width\" content=\"750\" \/>\n\t<meta property=\"og:image:height\" content=\"421\" \/>\n\t<meta property=\"og:image:type\" content=\"image\/jpeg\" \/>\n<meta name=\"author\" content=\"Exaudi Redazione\" \/>\n<meta name=\"twitter:card\" content=\"summary_large_image\" \/>\n<meta name=\"twitter:creator\" content=\"@Exaudi_Notizie\" \/>\n<meta name=\"twitter:site\" content=\"@Exaudi_News\" \/>\n<meta name=\"twitter:label1\" content=\"Scritto da\" \/>\n\t<meta name=\"twitter:data1\" content=\"Exaudi Redazione\" \/>\n\t<meta name=\"twitter:label2\" content=\"Tempo di lettura stimato\" \/>\n\t<meta name=\"twitter:data2\" content=\"3 minuti\" \/>\n<script type=\"application\/ld+json\" class=\"yoast-schema-graph\">{\"@context\":\"https:\\\/\\\/schema.org\",\"@graph\":[{\"@type\":\"Article\",\"@id\":\"https:\\\/\\\/exaudi.org\\\/it\\\/sua-santita-papa-francesco-beatificazione-del-sommo-pontefice-albino-lucianigiovanni-paolo-i\\\/#article\",\"isPartOf\":{\"@id\":\"https:\\\/\\\/exaudi.org\\\/it\\\/sua-santita-papa-francesco-beatificazione-del-sommo-pontefice-albino-lucianigiovanni-paolo-i\\\/\"},\"author\":{\"name\":\"Exaudi Redazione\",\"@id\":\"https:\\\/\\\/exaudi.org\\\/#\\\/schema\\\/person\\\/e1ab6ed07c01774724dd96f925f3a5f0\"},\"headline\":\"Sua Santit\u00e0 Papa Francesco: Beatificazione del Sommo Pontefice Albino LucianiGiovanni Paolo I\",\"datePublished\":\"2022-07-11T18:07:44+00:00\",\"mainEntityOfPage\":{\"@id\":\"https:\\\/\\\/exaudi.org\\\/it\\\/sua-santita-papa-francesco-beatificazione-del-sommo-pontefice-albino-lucianigiovanni-paolo-i\\\/\"},\"wordCount\":491,\"image\":{\"@id\":\"https:\\\/\\\/exaudi.org\\\/it\\\/sua-santita-papa-francesco-beatificazione-del-sommo-pontefice-albino-lucianigiovanni-paolo-i\\\/#primaryimage\"},\"thumbnailUrl\":\"https:\\\/\\\/i0.wp.com\\\/exaudi.org\\\/wp-content\\\/uploads\\\/2022\\\/07\\\/cq5dam.thumbnail.cropped.1000.563-2.jpeg?fit=750%2C421&ssl=1\",\"keywords\":[\"Albino LucianiGiovanni Paolo I\",\"Italia\",\"Santi e Beati\"],\"articleSection\":[\"Chiesa e Mondo\",\"Leone XIV\"],\"inLanguage\":\"it-IT\"},{\"@type\":\"WebPage\",\"@id\":\"https:\\\/\\\/exaudi.org\\\/it\\\/sua-santita-papa-francesco-beatificazione-del-sommo-pontefice-albino-lucianigiovanni-paolo-i\\\/\",\"url\":\"https:\\\/\\\/exaudi.org\\\/it\\\/sua-santita-papa-francesco-beatificazione-del-sommo-pontefice-albino-lucianigiovanni-paolo-i\\\/\",\"name\":\"Sua Santit\u00e0 Papa Francesco: Beatificazione del Sommo Pontefice Albino LucianiGiovanni Paolo I &#8211; Exaudi\",\"isPartOf\":{\"@id\":\"https:\\\/\\\/exaudi.org\\\/#website\"},\"primaryImageOfPage\":{\"@id\":\"https:\\\/\\\/exaudi.org\\\/it\\\/sua-santita-papa-francesco-beatificazione-del-sommo-pontefice-albino-lucianigiovanni-paolo-i\\\/#primaryimage\"},\"image\":{\"@id\":\"https:\\\/\\\/exaudi.org\\\/it\\\/sua-santita-papa-francesco-beatificazione-del-sommo-pontefice-albino-lucianigiovanni-paolo-i\\\/#primaryimage\"},\"thumbnailUrl\":\"https:\\\/\\\/i0.wp.com\\\/exaudi.org\\\/wp-content\\\/uploads\\\/2022\\\/07\\\/cq5dam.thumbnail.cropped.1000.563-2.jpeg?fit=750%2C421&ssl=1\",\"datePublished\":\"2022-07-11T18:07:44+00:00\",\"author\":{\"@id\":\"https:\\\/\\\/exaudi.org\\\/#\\\/schema\\\/person\\\/e1ab6ed07c01774724dd96f925f3a5f0\"},\"breadcrumb\":{\"@id\":\"https:\\\/\\\/exaudi.org\\\/it\\\/sua-santita-papa-francesco-beatificazione-del-sommo-pontefice-albino-lucianigiovanni-paolo-i\\\/#breadcrumb\"},\"inLanguage\":\"it-IT\",\"potentialAction\":[{\"@type\":\"ReadAction\",\"target\":[\"https:\\\/\\\/exaudi.org\\\/it\\\/sua-santita-papa-francesco-beatificazione-del-sommo-pontefice-albino-lucianigiovanni-paolo-i\\\/\"]}]},{\"@type\":\"ImageObject\",\"inLanguage\":\"it-IT\",\"@id\":\"https:\\\/\\\/exaudi.org\\\/it\\\/sua-santita-papa-francesco-beatificazione-del-sommo-pontefice-albino-lucianigiovanni-paolo-i\\\/#primaryimage\",\"url\":\"https:\\\/\\\/i0.wp.com\\\/exaudi.org\\\/wp-content\\\/uploads\\\/2022\\\/07\\\/cq5dam.thumbnail.cropped.1000.563-2.jpeg?fit=750%2C421&ssl=1\",\"contentUrl\":\"https:\\\/\\\/i0.wp.com\\\/exaudi.org\\\/wp-content\\\/uploads\\\/2022\\\/07\\\/cq5dam.thumbnail.cropped.1000.563-2.jpeg?fit=750%2C421&ssl=1\",\"width\":750,\"height\":421,\"caption\":\"\u00a9 Vatican News\"},{\"@type\":\"BreadcrumbList\",\"@id\":\"https:\\\/\\\/exaudi.org\\\/it\\\/sua-santita-papa-francesco-beatificazione-del-sommo-pontefice-albino-lucianigiovanni-paolo-i\\\/#breadcrumb\",\"itemListElement\":[{\"@type\":\"ListItem\",\"position\":1,\"name\":\"Portada\",\"item\":\"https:\\\/\\\/exaudi.org\\\/it\\\/\"},{\"@type\":\"ListItem\",\"position\":2,\"name\":\"Sua Santit\u00e0 Papa Francesco: Beatificazione del Sommo Pontefice Albino LucianiGiovanni Paolo I\"}]},{\"@type\":\"WebSite\",\"@id\":\"https:\\\/\\\/exaudi.org\\\/#website\",\"url\":\"https:\\\/\\\/exaudi.org\\\/\",\"name\":\"Exaudi\",\"description\":\"News\",\"potentialAction\":[{\"@type\":\"SearchAction\",\"target\":{\"@type\":\"EntryPoint\",\"urlTemplate\":\"https:\\\/\\\/exaudi.org\\\/?s={search_term_string}\"},\"query-input\":{\"@type\":\"PropertyValueSpecification\",\"valueRequired\":true,\"valueName\":\"search_term_string\"}}],\"inLanguage\":\"it-IT\"},{\"@type\":\"Person\",\"@id\":\"https:\\\/\\\/exaudi.org\\\/#\\\/schema\\\/person\\\/e1ab6ed07c01774724dd96f925f3a5f0\",\"name\":\"Exaudi Redazione\",\"image\":{\"@type\":\"ImageObject\",\"inLanguage\":\"it-IT\",\"@id\":\"https:\\\/\\\/secure.gravatar.com\\\/avatar\\\/ad6774b3ada023bf5b939d64f45c94b3adf91502dd883507d469b4308a943bb3?s=96&d=mm&r=g\",\"url\":\"https:\\\/\\\/secure.gravatar.com\\\/avatar\\\/ad6774b3ada023bf5b939d64f45c94b3adf91502dd883507d469b4308a943bb3?s=96&d=mm&r=g\",\"contentUrl\":\"https:\\\/\\\/secure.gravatar.com\\\/avatar\\\/ad6774b3ada023bf5b939d64f45c94b3adf91502dd883507d469b4308a943bb3?s=96&d=mm&r=g\",\"caption\":\"Exaudi Redazione\"},\"description\":\"Che cosa \u00e8 Exaudi News? Exaudi News \u00e8 un agenzia cattolica internazionale che informa, istruisce e trasforma quotidianamente in spagnolo, inglese e italiano. Attraverso notizie, articoli di analisi e trasmissioni in diretta degli eventi del Papa, Exaudi cerca di rafforzare l'unit\u00e0 dei cristiani e di contribuire all'evangelizzazione del mondo, sempre guidato dalla dottrina sociale della Chiesa. Lavoriamo per portare la verit\u00e0 e i valori cristiani in ogni angolo del pianeta. Aiutaci a trasformare il mondo con Exaudi! Noi di Exaudi crediamo che l'evangelizzazione e l'informazione di qualit\u00e0 possano cambiare la vita. Per continuare la nostra missione ed espandere la nostra portata, abbiamo bisogno del tuo aiuto. Stiamo anche cercando persone motivate che vogliano unirsi al nostro team. Grazie al vostro sostegno raggiungeremo pi\u00f9 persone, diffonderemo il messaggio di Cristo e rafforzeremo l'unit\u00e0 dei cristiani. Vuoi unirti alla nostra missione? Per maggiori informazioni su come contribuire, visita Exaudi.org\\\/it o contattaci direttamente: info@exaudi.org Exaudi: informa, forma e trasforma.\",\"sameAs\":[\"https:\\\/\\\/www.facebook.com\\\/ExaudiNotizie\\\/\",\"https:\\\/\\\/www.instagram.com\\\/Exaudi_notizie\\\/\",\"https:\\\/\\\/x.com\\\/Exaudi_Notizie\",\"https:\\\/\\\/www.youtube.com\\\/@exaudicatholicnews\"],\"url\":\"https:\\\/\\\/exaudi.org\\\/it\\\/author\\\/dlvedi-org\\\/\"}]}<\/script>\n<!-- \/ Yoast SEO plugin. -->","yoast_head_json":{"title":"Sua Santit\u00e0 Papa Francesco: Beatificazione del Sommo Pontefice Albino LucianiGiovanni Paolo I &#8211; Exaudi","robots":{"index":"index","follow":"follow","max-snippet":"max-snippet:-1","max-image-preview":"max-image-preview:large","max-video-preview":"max-video-preview:-1"},"canonical":"https:\/\/exaudi.org\/it\/sua-santita-papa-francesco-beatificazione-del-sommo-pontefice-albino-lucianigiovanni-paolo-i\/","og_locale":"it_IT","og_type":"article","og_title":"Sua Santit\u00e0 Papa Francesco: Beatificazione del Sommo Pontefice Albino LucianiGiovanni Paolo I &#8211; Exaudi","og_description":"Domenica 4 settembre 2022 in Piazza San Pietro","og_url":"https:\/\/exaudi.org\/it\/sua-santita-papa-francesco-beatificazione-del-sommo-pontefice-albino-lucianigiovanni-paolo-i\/","og_site_name":"Exaudi","article_publisher":"https:\/\/www.facebook.com\/ExaudiNews","article_author":"https:\/\/www.facebook.com\/ExaudiNotizie\/","article_published_time":"2022-07-11T18:07:44+00:00","og_image":[{"width":750,"height":421,"url":"https:\/\/exaudi.org\/wp-content\/uploads\/2022\/07\/cq5dam.thumbnail.cropped.1000.563-2.jpeg","type":"image\/jpeg"}],"author":"Exaudi Redazione","twitter_card":"summary_large_image","twitter_creator":"@Exaudi_Notizie","twitter_site":"@Exaudi_News","twitter_misc":{"Scritto da":"Exaudi Redazione","Tempo di lettura stimato":"3 minuti"},"schema":{"@context":"https:\/\/schema.org","@graph":[{"@type":"Article","@id":"https:\/\/exaudi.org\/it\/sua-santita-papa-francesco-beatificazione-del-sommo-pontefice-albino-lucianigiovanni-paolo-i\/#article","isPartOf":{"@id":"https:\/\/exaudi.org\/it\/sua-santita-papa-francesco-beatificazione-del-sommo-pontefice-albino-lucianigiovanni-paolo-i\/"},"author":{"name":"Exaudi Redazione","@id":"https:\/\/exaudi.org\/#\/schema\/person\/e1ab6ed07c01774724dd96f925f3a5f0"},"headline":"Sua Santit\u00e0 Papa Francesco: Beatificazione del Sommo Pontefice Albino LucianiGiovanni Paolo I","datePublished":"2022-07-11T18:07:44+00:00","mainEntityOfPage":{"@id":"https:\/\/exaudi.org\/it\/sua-santita-papa-francesco-beatificazione-del-sommo-pontefice-albino-lucianigiovanni-paolo-i\/"},"wordCount":491,"image":{"@id":"https:\/\/exaudi.org\/it\/sua-santita-papa-francesco-beatificazione-del-sommo-pontefice-albino-lucianigiovanni-paolo-i\/#primaryimage"},"thumbnailUrl":"https:\/\/i0.wp.com\/exaudi.org\/wp-content\/uploads\/2022\/07\/cq5dam.thumbnail.cropped.1000.563-2.jpeg?fit=750%2C421&ssl=1","keywords":["Albino LucianiGiovanni Paolo I","Italia","Santi e Beati"],"articleSection":["Chiesa e Mondo","Leone XIV"],"inLanguage":"it-IT"},{"@type":"WebPage","@id":"https:\/\/exaudi.org\/it\/sua-santita-papa-francesco-beatificazione-del-sommo-pontefice-albino-lucianigiovanni-paolo-i\/","url":"https:\/\/exaudi.org\/it\/sua-santita-papa-francesco-beatificazione-del-sommo-pontefice-albino-lucianigiovanni-paolo-i\/","name":"Sua Santit\u00e0 Papa Francesco: Beatificazione del Sommo Pontefice Albino LucianiGiovanni Paolo I &#8211; Exaudi","isPartOf":{"@id":"https:\/\/exaudi.org\/#website"},"primaryImageOfPage":{"@id":"https:\/\/exaudi.org\/it\/sua-santita-papa-francesco-beatificazione-del-sommo-pontefice-albino-lucianigiovanni-paolo-i\/#primaryimage"},"image":{"@id":"https:\/\/exaudi.org\/it\/sua-santita-papa-francesco-beatificazione-del-sommo-pontefice-albino-lucianigiovanni-paolo-i\/#primaryimage"},"thumbnailUrl":"https:\/\/i0.wp.com\/exaudi.org\/wp-content\/uploads\/2022\/07\/cq5dam.thumbnail.cropped.1000.563-2.jpeg?fit=750%2C421&ssl=1","datePublished":"2022-07-11T18:07:44+00:00","author":{"@id":"https:\/\/exaudi.org\/#\/schema\/person\/e1ab6ed07c01774724dd96f925f3a5f0"},"breadcrumb":{"@id":"https:\/\/exaudi.org\/it\/sua-santita-papa-francesco-beatificazione-del-sommo-pontefice-albino-lucianigiovanni-paolo-i\/#breadcrumb"},"inLanguage":"it-IT","potentialAction":[{"@type":"ReadAction","target":["https:\/\/exaudi.org\/it\/sua-santita-papa-francesco-beatificazione-del-sommo-pontefice-albino-lucianigiovanni-paolo-i\/"]}]},{"@type":"ImageObject","inLanguage":"it-IT","@id":"https:\/\/exaudi.org\/it\/sua-santita-papa-francesco-beatificazione-del-sommo-pontefice-albino-lucianigiovanni-paolo-i\/#primaryimage","url":"https:\/\/i0.wp.com\/exaudi.org\/wp-content\/uploads\/2022\/07\/cq5dam.thumbnail.cropped.1000.563-2.jpeg?fit=750%2C421&ssl=1","contentUrl":"https:\/\/i0.wp.com\/exaudi.org\/wp-content\/uploads\/2022\/07\/cq5dam.thumbnail.cropped.1000.563-2.jpeg?fit=750%2C421&ssl=1","width":750,"height":421,"caption":"\u00a9 Vatican News"},{"@type":"BreadcrumbList","@id":"https:\/\/exaudi.org\/it\/sua-santita-papa-francesco-beatificazione-del-sommo-pontefice-albino-lucianigiovanni-paolo-i\/#breadcrumb","itemListElement":[{"@type":"ListItem","position":1,"name":"Portada","item":"https:\/\/exaudi.org\/it\/"},{"@type":"ListItem","position":2,"name":"Sua Santit\u00e0 Papa Francesco: Beatificazione del Sommo Pontefice Albino LucianiGiovanni Paolo I"}]},{"@type":"WebSite","@id":"https:\/\/exaudi.org\/#website","url":"https:\/\/exaudi.org\/","name":"Exaudi","description":"News","potentialAction":[{"@type":"SearchAction","target":{"@type":"EntryPoint","urlTemplate":"https:\/\/exaudi.org\/?s={search_term_string}"},"query-input":{"@type":"PropertyValueSpecification","valueRequired":true,"valueName":"search_term_string"}}],"inLanguage":"it-IT"},{"@type":"Person","@id":"https:\/\/exaudi.org\/#\/schema\/person\/e1ab6ed07c01774724dd96f925f3a5f0","name":"Exaudi Redazione","image":{"@type":"ImageObject","inLanguage":"it-IT","@id":"https:\/\/secure.gravatar.com\/avatar\/ad6774b3ada023bf5b939d64f45c94b3adf91502dd883507d469b4308a943bb3?s=96&d=mm&r=g","url":"https:\/\/secure.gravatar.com\/avatar\/ad6774b3ada023bf5b939d64f45c94b3adf91502dd883507d469b4308a943bb3?s=96&d=mm&r=g","contentUrl":"https:\/\/secure.gravatar.com\/avatar\/ad6774b3ada023bf5b939d64f45c94b3adf91502dd883507d469b4308a943bb3?s=96&d=mm&r=g","caption":"Exaudi Redazione"},"description":"Che cosa \u00e8 Exaudi News? Exaudi News \u00e8 un agenzia cattolica internazionale che informa, istruisce e trasforma quotidianamente in spagnolo, inglese e italiano. Attraverso notizie, articoli di analisi e trasmissioni in diretta degli eventi del Papa, Exaudi cerca di rafforzare l'unit\u00e0 dei cristiani e di contribuire all'evangelizzazione del mondo, sempre guidato dalla dottrina sociale della Chiesa. Lavoriamo per portare la verit\u00e0 e i valori cristiani in ogni angolo del pianeta. Aiutaci a trasformare il mondo con Exaudi! Noi di Exaudi crediamo che l'evangelizzazione e l'informazione di qualit\u00e0 possano cambiare la vita. Per continuare la nostra missione ed espandere la nostra portata, abbiamo bisogno del tuo aiuto. Stiamo anche cercando persone motivate che vogliano unirsi al nostro team. Grazie al vostro sostegno raggiungeremo pi\u00f9 persone, diffonderemo il messaggio di Cristo e rafforzeremo l'unit\u00e0 dei cristiani. Vuoi unirti alla nostra missione? Per maggiori informazioni su come contribuire, visita Exaudi.org\/it o contattaci direttamente: info@exaudi.org Exaudi: informa, forma e trasforma.","sameAs":["https:\/\/www.facebook.com\/ExaudiNotizie\/","https:\/\/www.instagram.com\/Exaudi_notizie\/","https:\/\/x.com\/Exaudi_Notizie","https:\/\/www.youtube.com\/@exaudicatholicnews"],"url":"https:\/\/exaudi.org\/it\/author\/dlvedi-org\/"}]}},"jetpack_shortlink":"https:\/\/wp.me\/pgKjF2-fqJ","jetpack_featured_media_url":"https:\/\/i0.wp.com\/exaudi.org\/wp-content\/uploads\/2022\/07\/cq5dam.thumbnail.cropped.1000.563-2.jpeg?fit=750%2C421&ssl=1","_links":{"self":[{"href":"https:\/\/exaudi.org\/it\/wp-json\/wp\/v2\/posts\/59317","targetHints":{"allow":["GET"]}}],"collection":[{"href":"https:\/\/exaudi.org\/it\/wp-json\/wp\/v2\/posts"}],"about":[{"href":"https:\/\/exaudi.org\/it\/wp-json\/wp\/v2\/types\/post"}],"author":[{"embeddable":true,"href":"https:\/\/exaudi.org\/it\/wp-json\/wp\/v2\/users\/17"}],"replies":[{"embeddable":true,"href":"https:\/\/exaudi.org\/it\/wp-json\/wp\/v2\/comments?post=59317"}],"version-history":[{"count":0,"href":"https:\/\/exaudi.org\/it\/wp-json\/wp\/v2\/posts\/59317\/revisions"}],"wp:featuredmedia":[{"embeddable":true,"href":"https:\/\/exaudi.org\/it\/wp-json\/wp\/v2\/media\/59318"}],"wp:attachment":[{"href":"https:\/\/exaudi.org\/it\/wp-json\/wp\/v2\/media?parent=59317"}],"wp:term":[{"taxonomy":"category","embeddable":true,"href":"https:\/\/exaudi.org\/it\/wp-json\/wp\/v2\/categories?post=59317"},{"taxonomy":"post_tag","embeddable":true,"href":"https:\/\/exaudi.org\/it\/wp-json\/wp\/v2\/tags?post=59317"}],"curies":[{"name":"wp","href":"https:\/\/api.w.org\/{rel}","templated":true}]}}