{"id":59309,"date":"2022-07-11T16:40:57","date_gmt":"2022-07-11T14:40:57","guid":{"rendered":"https:\/\/exaudi.org\/?p=59309"},"modified":"2022-07-11T16:40:57","modified_gmt":"2022-07-11T14:40:57","slug":"nicaragua-il-doloroso-addio-delle-suore-di-madre-teresa","status":"publish","type":"post","link":"https:\/\/exaudi.org\/it\/nicaragua-il-doloroso-addio-delle-suore-di-madre-teresa\/","title":{"rendered":"Nicaragua, il doloroso addio delle Suore di Madre Teresa"},"content":{"rendered":"<p>Daniel Ortega, al suo quinto mandato presidenziale, dopo aver fatto uscire il Nicaragua dall&#8217;Onu, aver chiuso 758 Ong, cinque universit\u00e0, <a href=\"https:\/\/exaudi.org\/it\/espulso-il-nunzio-apostolico-in-nicaragua\/\">espulso il Nunzio Apostolico<\/a> lo scorso marzo e imprigionato diversi dissidenti politici, ora se l\u2019\u00e8 presa con le Missionarie della Carit\u00e0 di Madre Teresa. Le Missionarie fondate dalla santa sono parte delle 101 organizzazioni chiuse nei giorni scorsi, colpevoli di \u201cnon aver rispettato i loro doveri\u201d e violato una legge che regolamenta le OSSL, e tra l&#8217;altro combatte &#8211; e non \u00e8 uno scherzo &#8211; il riciclaggio di denaro, il finanziamento al terrorismo e la proliferazione di armi di distruzione di massa.<\/p>\n<h2>Il rammarico del cardinal Brenes<\/h2>\n<p>Il cardinale Leopoldo Jos\u00e9 Brenes Sol\u00f3rzano, arcivescovo metropolita di Managua, in un comunicato ha commentato \u201cla decisione dell&#8217;Assemblea nazionale di annullare la personalit\u00e0 giuridica alla fondazione delle Suore Missionarie della Carit\u00e0 di Santa Teresa di Calcutta, che ha fornito assistenza ai pi\u00f9 poveri della nostra societ\u00e0 nicaraguense\u201d.<\/p>\n<p>La nota della Chiesa del Nicaragua afferma: \u201cCi rammarichiamo profondamente per il dolore\u201d causato perch\u00e9 \u201ctanti nostri fratelli che non avranno pi\u00f9 le cure che ricevevano delle sorelle\u201d. Il cardinale aggiunge: \u201cEsprimiamo la nostra gratitudine per il loro servizio inestimabile alle nostre chiese locali\u201d e assicura alle sorelle che possono \u201ccontare sulla nostra vicinanza, solidariet\u00e0 e sulle nostre umili preghiere\u201d. E conclude: \u201cBeati i puri di cuore, perch\u00e9 vedranno Dio\u201d.<\/p>\n<h2>\u201cGolpisti e criminali\u201d<\/h2>\n<p>Secondo il Governo del Nicaragua, che ha tacciato i vescovi di essere \u201cgolpisti\u201d e i preti come \u201ccriminali\u201d, le missionarie della Carit\u00e0 non sono accreditate \u201cdal ministero della Famiglia per operare come un asilo nido, un ritrovo per giovani ragazze e un dispensario per anziani\u201d.<\/p>\n<p>Inoltre, non avrebbero \u201cun permesso, che dovrebbe essere concesso dal ministero dell\u2019Educazione, per effettuare il rinforzo degli apprendistati\u201d, per le diverse strutture che si occupano di azioni caritative.<\/p>\n<p>Molti tweet e messaggi di vicinanza sulle reti sociali esprimono\u00a0rammarico per l&#8217;espulsione di queste religiose che erano in Nicaragua da 34 anni, occupandosi di un centro per l&#8217;infanzia, dove\u00a0si offrivano corsi di musica, formazione professionale per le vittime di violenza, una casa per ragazze e una struttura per anziani.<\/p>\n<h2>Ortega caccia le suore e apre ai russi<\/h2>\n<p>L\u2019Associazione delle Missionarie della Carit\u00e0 \u00e8 stata fondata in Nicaragua il 16 agosto 1988, durante il primo governo di Daniel Ortega, dal 1985 al 1990, e dopo la visita di Madre Teresa nel Paese.<\/p>\n<p>Nella scia della sua rivoluzione, il regime del presidente Ortega e della sua compagna, la vicepresidente Rosario Murillo, ha anche autorizzato il personale militare russo, con navi e aerei, ad entrare in Nicaragua dal 1\u00ba luglio al 31 dicembre di quest\u2019anno.<\/p>\n","protected":false},"excerpt":{"rendered":"<p>Espulse dal regime dittatoriale di Ortega<\/p>\n","protected":false},"author":100,"featured_media":59313,"comment_status":"closed","ping_status":"closed","sticky":false,"template":"","format":"standard","meta":{"_acf_changed":false,"_crdt_document":"","inline_featured_image":false,"footnotes":""},"categories":[73],"tags":[6531,6530,6113,6112],"class_list":["post-59309","post","type-post","status-publish","format-standard","has-post-thumbnail","hentry","category-chiesa-e-mondo","tag-cardinale-brenes","tag-madre-teresa","tag-nicaragua-it","tag-ortega"],"acf":[],"yoast_head":"<!-- This site is optimized with the Yoast SEO plugin v27.4 - https:\/\/yoast.com\/product\/yoast-seo-wordpress\/ -->\n<title>Nicaragua, il doloroso addio delle Suore di Madre Teresa &#8211; Exaudi<\/title>\n<meta name=\"description\" content=\"Nicaragua, il doloroso addio delle Suore di Madre Teresa spulse dal regime dittatoriale di Daniel Ortega. Il commento del card. Brenes\" \/>\n<meta name=\"robots\" content=\"index, follow, max-snippet:-1, max-image-preview:large, max-video-preview:-1\" \/>\n<link rel=\"canonical\" href=\"https:\/\/exaudi.org\/it\/nicaragua-il-doloroso-addio-delle-suore-di-madre-teresa\/\" \/>\n<meta property=\"og:locale\" content=\"it_IT\" \/>\n<meta property=\"og:type\" content=\"article\" \/>\n<meta property=\"og:title\" content=\"Nicaragua, il doloroso addio delle Suore di Madre Teresa &#8211; Exaudi\" \/>\n<meta property=\"og:description\" content=\"Nicaragua, il doloroso addio delle Suore di Madre Teresa spulse dal regime dittatoriale di Daniel Ortega. Il commento del card. Brenes\" \/>\n<meta property=\"og:url\" content=\"https:\/\/exaudi.org\/it\/nicaragua-il-doloroso-addio-delle-suore-di-madre-teresa\/\" \/>\n<meta property=\"og:site_name\" content=\"Exaudi\" \/>\n<meta property=\"article:publisher\" content=\"https:\/\/www.facebook.com\/ExaudiNews\" \/>\n<meta property=\"article:published_time\" content=\"2022-07-11T14:40:57+00:00\" \/>\n<meta property=\"og:image\" content=\"https:\/\/exaudi.org\/wp-content\/uploads\/2022\/07\/Madre-Teresa.jpeg\" \/>\n\t<meta property=\"og:image:width\" content=\"1000\" \/>\n\t<meta property=\"og:image:height\" content=\"563\" \/>\n\t<meta property=\"og:image:type\" content=\"image\/jpeg\" \/>\n<meta name=\"author\" content=\"Hern\u00e1n Sergio Mora\" \/>\n<meta name=\"twitter:card\" content=\"summary_large_image\" \/>\n<meta name=\"twitter:creator\" content=\"@Exaudi_News\" \/>\n<meta name=\"twitter:site\" content=\"@Exaudi_News\" \/>\n<meta name=\"twitter:label1\" content=\"Scritto da\" \/>\n\t<meta name=\"twitter:data1\" content=\"Hern\u00e1n Sergio Mora\" \/>\n\t<meta name=\"twitter:label2\" content=\"Tempo di lettura stimato\" \/>\n\t<meta name=\"twitter:data2\" content=\"3 minuti\" \/>\n<script type=\"application\/ld+json\" class=\"yoast-schema-graph\">{\"@context\":\"https:\\\/\\\/schema.org\",\"@graph\":[{\"@type\":\"Article\",\"@id\":\"https:\\\/\\\/exaudi.org\\\/it\\\/nicaragua-il-doloroso-addio-delle-suore-di-madre-teresa\\\/#article\",\"isPartOf\":{\"@id\":\"https:\\\/\\\/exaudi.org\\\/it\\\/nicaragua-il-doloroso-addio-delle-suore-di-madre-teresa\\\/\"},\"author\":{\"name\":\"Hern\u00e1n Sergio Mora\",\"@id\":\"https:\\\/\\\/exaudi.org\\\/#\\\/schema\\\/person\\\/3e7333f465f16fd2182fe9d6b1fdcae2\"},\"headline\":\"Nicaragua, il doloroso addio delle Suore di Madre Teresa\",\"datePublished\":\"2022-07-11T14:40:57+00:00\",\"mainEntityOfPage\":{\"@id\":\"https:\\\/\\\/exaudi.org\\\/it\\\/nicaragua-il-doloroso-addio-delle-suore-di-madre-teresa\\\/\"},\"wordCount\":441,\"image\":{\"@id\":\"https:\\\/\\\/exaudi.org\\\/it\\\/nicaragua-il-doloroso-addio-delle-suore-di-madre-teresa\\\/#primaryimage\"},\"thumbnailUrl\":\"https:\\\/\\\/exaudi.org\\\/wp-content\\\/uploads\\\/2022\\\/07\\\/Madre-Teresa.jpeg\",\"keywords\":[\"cardinale Brenes\",\"Madre Teresa\",\"Nicaragua\",\"Ortega\"],\"articleSection\":[\"Chiesa e Mondo\"],\"inLanguage\":\"it-IT\"},{\"@type\":\"WebPage\",\"@id\":\"https:\\\/\\\/exaudi.org\\\/it\\\/nicaragua-il-doloroso-addio-delle-suore-di-madre-teresa\\\/\",\"url\":\"https:\\\/\\\/exaudi.org\\\/it\\\/nicaragua-il-doloroso-addio-delle-suore-di-madre-teresa\\\/\",\"name\":\"Nicaragua, il doloroso addio delle Suore di Madre Teresa &#8211; Exaudi\",\"isPartOf\":{\"@id\":\"https:\\\/\\\/exaudi.org\\\/#website\"},\"primaryImageOfPage\":{\"@id\":\"https:\\\/\\\/exaudi.org\\\/it\\\/nicaragua-il-doloroso-addio-delle-suore-di-madre-teresa\\\/#primaryimage\"},\"image\":{\"@id\":\"https:\\\/\\\/exaudi.org\\\/it\\\/nicaragua-il-doloroso-addio-delle-suore-di-madre-teresa\\\/#primaryimage\"},\"thumbnailUrl\":\"https:\\\/\\\/exaudi.org\\\/wp-content\\\/uploads\\\/2022\\\/07\\\/Madre-Teresa.jpeg\",\"datePublished\":\"2022-07-11T14:40:57+00:00\",\"author\":{\"@id\":\"https:\\\/\\\/exaudi.org\\\/#\\\/schema\\\/person\\\/3e7333f465f16fd2182fe9d6b1fdcae2\"},\"description\":\"Nicaragua, il doloroso addio delle Suore di Madre Teresa spulse dal regime dittatoriale di Daniel Ortega. Il commento del card. Brenes\",\"breadcrumb\":{\"@id\":\"https:\\\/\\\/exaudi.org\\\/it\\\/nicaragua-il-doloroso-addio-delle-suore-di-madre-teresa\\\/#breadcrumb\"},\"inLanguage\":\"it-IT\",\"potentialAction\":[{\"@type\":\"ReadAction\",\"target\":[\"https:\\\/\\\/exaudi.org\\\/it\\\/nicaragua-il-doloroso-addio-delle-suore-di-madre-teresa\\\/\"]}]},{\"@type\":\"ImageObject\",\"inLanguage\":\"it-IT\",\"@id\":\"https:\\\/\\\/exaudi.org\\\/it\\\/nicaragua-il-doloroso-addio-delle-suore-di-madre-teresa\\\/#primaryimage\",\"url\":\"https:\\\/\\\/exaudi.org\\\/wp-content\\\/uploads\\\/2022\\\/07\\\/Madre-Teresa.jpeg\",\"contentUrl\":\"https:\\\/\\\/exaudi.org\\\/wp-content\\\/uploads\\\/2022\\\/07\\\/Madre-Teresa.jpeg\",\"width\":1000,\"height\":563,\"caption\":\"Madre Teresa (C) Vatican Media\"},{\"@type\":\"BreadcrumbList\",\"@id\":\"https:\\\/\\\/exaudi.org\\\/it\\\/nicaragua-il-doloroso-addio-delle-suore-di-madre-teresa\\\/#breadcrumb\",\"itemListElement\":[{\"@type\":\"ListItem\",\"position\":1,\"name\":\"Portada\",\"item\":\"https:\\\/\\\/exaudi.org\\\/it\\\/\"},{\"@type\":\"ListItem\",\"position\":2,\"name\":\"Nicaragua, il doloroso addio delle Suore di Madre Teresa\"}]},{\"@type\":\"WebSite\",\"@id\":\"https:\\\/\\\/exaudi.org\\\/#website\",\"url\":\"https:\\\/\\\/exaudi.org\\\/\",\"name\":\"Exaudi\",\"description\":\"News\",\"potentialAction\":[{\"@type\":\"SearchAction\",\"target\":{\"@type\":\"EntryPoint\",\"urlTemplate\":\"https:\\\/\\\/exaudi.org\\\/?s={search_term_string}\"},\"query-input\":{\"@type\":\"PropertyValueSpecification\",\"valueRequired\":true,\"valueName\":\"search_term_string\"}}],\"inLanguage\":\"it-IT\"},{\"@type\":\"Person\",\"@id\":\"https:\\\/\\\/exaudi.org\\\/#\\\/schema\\\/person\\\/3e7333f465f16fd2182fe9d6b1fdcae2\",\"name\":\"Hern\u00e1n Sergio Mora\",\"image\":{\"@type\":\"ImageObject\",\"inLanguage\":\"it-IT\",\"@id\":\"https:\\\/\\\/secure.gravatar.com\\\/avatar\\\/556d88f9a25514abbe43c87f0ee46f86e5c496f9303998d1c6a585e6ffd9025b?s=96&d=mm&r=g\",\"url\":\"https:\\\/\\\/secure.gravatar.com\\\/avatar\\\/556d88f9a25514abbe43c87f0ee46f86e5c496f9303998d1c6a585e6ffd9025b?s=96&d=mm&r=g\",\"contentUrl\":\"https:\\\/\\\/secure.gravatar.com\\\/avatar\\\/556d88f9a25514abbe43c87f0ee46f86e5c496f9303998d1c6a585e6ffd9025b?s=96&d=mm&r=g\",\"caption\":\"Hern\u00e1n Sergio Mora\"},\"description\":\"Hern\u00e1n Sergio Mora, periodista profesional de la Associazione Stampa Estera, nacido en Buenos Aires. Desde hace 30 a\u00f1os en Roma, trabaj\u00f3 para diversos medios, El Pa\u00eds, BBC en espa\u00f1ol, Zenit.org. Ahora colabora con Exaudi\",\"sameAs\":[\"https:\\\/\\\/www.latinosenitalia.it\\\/\"],\"url\":\"https:\\\/\\\/exaudi.org\\\/it\\\/author\\\/sergiomora\\\/\"}]}<\/script>\n<!-- \/ Yoast SEO plugin. -->","yoast_head_json":{"title":"Nicaragua, il doloroso addio delle Suore di Madre Teresa &#8211; Exaudi","description":"Nicaragua, il doloroso addio delle Suore di Madre Teresa spulse dal regime dittatoriale di Daniel Ortega. Il commento del card. Brenes","robots":{"index":"index","follow":"follow","max-snippet":"max-snippet:-1","max-image-preview":"max-image-preview:large","max-video-preview":"max-video-preview:-1"},"canonical":"https:\/\/exaudi.org\/it\/nicaragua-il-doloroso-addio-delle-suore-di-madre-teresa\/","og_locale":"it_IT","og_type":"article","og_title":"Nicaragua, il doloroso addio delle Suore di Madre Teresa &#8211; Exaudi","og_description":"Nicaragua, il doloroso addio delle Suore di Madre Teresa spulse dal regime dittatoriale di Daniel Ortega. Il commento del card. Brenes","og_url":"https:\/\/exaudi.org\/it\/nicaragua-il-doloroso-addio-delle-suore-di-madre-teresa\/","og_site_name":"Exaudi","article_publisher":"https:\/\/www.facebook.com\/ExaudiNews","article_published_time":"2022-07-11T14:40:57+00:00","og_image":[{"width":1000,"height":563,"url":"https:\/\/exaudi.org\/wp-content\/uploads\/2022\/07\/Madre-Teresa.jpeg","type":"image\/jpeg"}],"author":"Hern\u00e1n Sergio Mora","twitter_card":"summary_large_image","twitter_creator":"@Exaudi_News","twitter_site":"@Exaudi_News","twitter_misc":{"Scritto da":"Hern\u00e1n Sergio Mora","Tempo di lettura stimato":"3 minuti"},"schema":{"@context":"https:\/\/schema.org","@graph":[{"@type":"Article","@id":"https:\/\/exaudi.org\/it\/nicaragua-il-doloroso-addio-delle-suore-di-madre-teresa\/#article","isPartOf":{"@id":"https:\/\/exaudi.org\/it\/nicaragua-il-doloroso-addio-delle-suore-di-madre-teresa\/"},"author":{"name":"Hern\u00e1n Sergio Mora","@id":"https:\/\/exaudi.org\/#\/schema\/person\/3e7333f465f16fd2182fe9d6b1fdcae2"},"headline":"Nicaragua, il doloroso addio delle Suore di Madre Teresa","datePublished":"2022-07-11T14:40:57+00:00","mainEntityOfPage":{"@id":"https:\/\/exaudi.org\/it\/nicaragua-il-doloroso-addio-delle-suore-di-madre-teresa\/"},"wordCount":441,"image":{"@id":"https:\/\/exaudi.org\/it\/nicaragua-il-doloroso-addio-delle-suore-di-madre-teresa\/#primaryimage"},"thumbnailUrl":"https:\/\/exaudi.org\/wp-content\/uploads\/2022\/07\/Madre-Teresa.jpeg","keywords":["cardinale Brenes","Madre Teresa","Nicaragua","Ortega"],"articleSection":["Chiesa e Mondo"],"inLanguage":"it-IT"},{"@type":"WebPage","@id":"https:\/\/exaudi.org\/it\/nicaragua-il-doloroso-addio-delle-suore-di-madre-teresa\/","url":"https:\/\/exaudi.org\/it\/nicaragua-il-doloroso-addio-delle-suore-di-madre-teresa\/","name":"Nicaragua, il doloroso addio delle Suore di Madre Teresa &#8211; Exaudi","isPartOf":{"@id":"https:\/\/exaudi.org\/#website"},"primaryImageOfPage":{"@id":"https:\/\/exaudi.org\/it\/nicaragua-il-doloroso-addio-delle-suore-di-madre-teresa\/#primaryimage"},"image":{"@id":"https:\/\/exaudi.org\/it\/nicaragua-il-doloroso-addio-delle-suore-di-madre-teresa\/#primaryimage"},"thumbnailUrl":"https:\/\/exaudi.org\/wp-content\/uploads\/2022\/07\/Madre-Teresa.jpeg","datePublished":"2022-07-11T14:40:57+00:00","author":{"@id":"https:\/\/exaudi.org\/#\/schema\/person\/3e7333f465f16fd2182fe9d6b1fdcae2"},"description":"Nicaragua, il doloroso addio delle Suore di Madre Teresa spulse dal regime dittatoriale di Daniel Ortega. Il commento del card. Brenes","breadcrumb":{"@id":"https:\/\/exaudi.org\/it\/nicaragua-il-doloroso-addio-delle-suore-di-madre-teresa\/#breadcrumb"},"inLanguage":"it-IT","potentialAction":[{"@type":"ReadAction","target":["https:\/\/exaudi.org\/it\/nicaragua-il-doloroso-addio-delle-suore-di-madre-teresa\/"]}]},{"@type":"ImageObject","inLanguage":"it-IT","@id":"https:\/\/exaudi.org\/it\/nicaragua-il-doloroso-addio-delle-suore-di-madre-teresa\/#primaryimage","url":"https:\/\/exaudi.org\/wp-content\/uploads\/2022\/07\/Madre-Teresa.jpeg","contentUrl":"https:\/\/exaudi.org\/wp-content\/uploads\/2022\/07\/Madre-Teresa.jpeg","width":1000,"height":563,"caption":"Madre Teresa (C) Vatican Media"},{"@type":"BreadcrumbList","@id":"https:\/\/exaudi.org\/it\/nicaragua-il-doloroso-addio-delle-suore-di-madre-teresa\/#breadcrumb","itemListElement":[{"@type":"ListItem","position":1,"name":"Portada","item":"https:\/\/exaudi.org\/it\/"},{"@type":"ListItem","position":2,"name":"Nicaragua, il doloroso addio delle Suore di Madre Teresa"}]},{"@type":"WebSite","@id":"https:\/\/exaudi.org\/#website","url":"https:\/\/exaudi.org\/","name":"Exaudi","description":"News","potentialAction":[{"@type":"SearchAction","target":{"@type":"EntryPoint","urlTemplate":"https:\/\/exaudi.org\/?s={search_term_string}"},"query-input":{"@type":"PropertyValueSpecification","valueRequired":true,"valueName":"search_term_string"}}],"inLanguage":"it-IT"},{"@type":"Person","@id":"https:\/\/exaudi.org\/#\/schema\/person\/3e7333f465f16fd2182fe9d6b1fdcae2","name":"Hern\u00e1n Sergio Mora","image":{"@type":"ImageObject","inLanguage":"it-IT","@id":"https:\/\/secure.gravatar.com\/avatar\/556d88f9a25514abbe43c87f0ee46f86e5c496f9303998d1c6a585e6ffd9025b?s=96&d=mm&r=g","url":"https:\/\/secure.gravatar.com\/avatar\/556d88f9a25514abbe43c87f0ee46f86e5c496f9303998d1c6a585e6ffd9025b?s=96&d=mm&r=g","contentUrl":"https:\/\/secure.gravatar.com\/avatar\/556d88f9a25514abbe43c87f0ee46f86e5c496f9303998d1c6a585e6ffd9025b?s=96&d=mm&r=g","caption":"Hern\u00e1n Sergio Mora"},"description":"Hern\u00e1n Sergio Mora, periodista profesional de la Associazione Stampa Estera, nacido en Buenos Aires. Desde hace 30 a\u00f1os en Roma, trabaj\u00f3 para diversos medios, El Pa\u00eds, BBC en espa\u00f1ol, Zenit.org. Ahora colabora con Exaudi","sameAs":["https:\/\/www.latinosenitalia.it\/"],"url":"https:\/\/exaudi.org\/it\/author\/sergiomora\/"}]}},"jetpack_featured_media_url":"https:\/\/exaudi.org\/wp-content\/uploads\/2022\/07\/Madre-Teresa.jpeg","jetpack_shortlink":"https:\/\/wp.me\/pgKjF2-fqB","_links":{"self":[{"href":"https:\/\/exaudi.org\/it\/wp-json\/wp\/v2\/posts\/59309","targetHints":{"allow":["GET"]}}],"collection":[{"href":"https:\/\/exaudi.org\/it\/wp-json\/wp\/v2\/posts"}],"about":[{"href":"https:\/\/exaudi.org\/it\/wp-json\/wp\/v2\/types\/post"}],"author":[{"embeddable":true,"href":"https:\/\/exaudi.org\/it\/wp-json\/wp\/v2\/users\/100"}],"replies":[{"embeddable":true,"href":"https:\/\/exaudi.org\/it\/wp-json\/wp\/v2\/comments?post=59309"}],"version-history":[{"count":0,"href":"https:\/\/exaudi.org\/it\/wp-json\/wp\/v2\/posts\/59309\/revisions"}],"wp:featuredmedia":[{"embeddable":true,"href":"https:\/\/exaudi.org\/it\/wp-json\/wp\/v2\/media\/59313"}],"wp:attachment":[{"href":"https:\/\/exaudi.org\/it\/wp-json\/wp\/v2\/media?parent=59309"}],"wp:term":[{"taxonomy":"category","embeddable":true,"href":"https:\/\/exaudi.org\/it\/wp-json\/wp\/v2\/categories?post=59309"},{"taxonomy":"post_tag","embeddable":true,"href":"https:\/\/exaudi.org\/it\/wp-json\/wp\/v2\/tags?post=59309"}],"curies":[{"name":"wp","href":"https:\/\/api.w.org\/{rel}","templated":true}]}}