{"id":58601,"date":"2022-06-25T20:34:36","date_gmt":"2022-06-25T18:34:36","guid":{"rendered":"https:\/\/exaudi.org\/?p=58601"},"modified":"2022-06-25T20:34:36","modified_gmt":"2022-06-25T18:34:36","slug":"dove-sono-due-o-tre-riuniti-nel-mio-nome-li-sono-io-in-mezzo-a-loro","status":"publish","type":"post","link":"https:\/\/exaudi.org\/it\/dove-sono-due-o-tre-riuniti-nel-mio-nome-li-sono-io-in-mezzo-a-loro\/","title":{"rendered":"\u00abDove sono due o tre riuniti nel mio nome, l\u00ec sono io in mezzo a loro\u00bb"},"content":{"rendered":"<p>Questa mattina, il Santo Padre Francesco ha ricevuto in Udienza una rappresentanza della Famiglia Orionina nel 150\u00b0 anniversario della nascita di S. Luigi Orione e i partecipanti al Capitolo Generale dei Figli della Divina Provvidenza.<\/p>\n<p>Pubblichiamo di seguito il discorso che il Papa ha rivolto ai presenti all\u2019Udienza:<\/p>\n<p><b><u>Discorso del Santo Padre<\/u><\/b><\/p>\n<p>Cari fratelli e sorelle, buongiorno e benvenuti!<\/p>\n<p>Saluto Don Tarcisio Gregorio Vieira, riconfermato Superiore Generale dei Figli della Divina Provvidenza, e voi tutti, cari membri della Famiglia carismatica Orionina. \u00c8 una \u201cpianta unica con molti rami\u201d, formata da religiosi, religiose, consacrate secolari e laici, tutti alimentati dal medesimo carisma di San Luigi Orione, del quale ricorre quest\u2019anno il 150\u00b0 anniversario della nascita, avvenuta a Pontecurone (Alessandria), il 23 giugno 1872.<\/p>\n<p>Benedico con voi il Signore, che da quel seme \u2013 come dice il Vangelo \u2013 ha fatto crescere una pianta grande, che d\u00e0 accoglienza, riparo e ristoro a tante persone, soprattutto quelle pi\u00f9 bisognose e infelici. E mentre ringraziate e fate festa, sentite viva la forza del carisma, sentite l\u2019impegno che esso richiede per essere seguaci e familiari di un grande testimone della carit\u00e0 di Cristo; l\u2019impegno di rendere presente, con la vostra vita e la vostra azione, il fuoco di questa carit\u00e0 nel mondo di oggi, segnato dall\u2019individualismo e dal consumismo, dall\u2019efficienza e dall\u2019apparenza.<\/p>\n<p>Cos\u00ec scriveva Don Orione agli inizi del Novecento: \u00abNoi viviamo in un secolo che \u00e8 pieno di gelo e di morte nella vita dello spirito; tutto chiuso in s\u00e9 stesso, nulla vede che piaceri, vanit\u00e0 e passioni e la vita di questa terra, e non pi\u00f9\u00bb. E si domandava: \u00abChi dar\u00e0 vita a questa generazione morta alla vita di Dio, se non il soffio della carit\u00e0 di Ges\u00f9 Cristo? [\u2026] Noi dobbiamo dunque chiedere a Dio non una scintilla di carit\u00e0, [\u2026] ma una fornace di carit\u00e0 da infiammare noi e da rinnovare il freddo e gelido mondo, con l\u2019aiuto e per la grazia che ci dar\u00e0 il Signore\u00bb (<i>Scritti<\/i>\u00a020, 76-77).<\/p>\n<p>Voi, Figli della Divina Provvidenza, come tema del vostro Capitolo Generale da poco concluso, avete scelto un\u2019espressione tipica dell\u2019ardore apostolico di Don Orione: \u00abFacciamoci il segno della croce e gettiamoci fidenti nel fuoco dei tempi nuovi per il bene del popolo\u00bb (<i>Scritti<\/i>\u00a075, 242). Ci vuole coraggio! Per favore, che il fuoco non resti solo nel vostro focolare e nelle vostre comunit\u00e0, e neppure solo nelle vostre opere, ma che possiate \u201cgettarvi nel fuoco dei tempi nuovi per il bene del popolo\u201d.<\/p>\n<p>Ges\u00f9 disse di s\u00e9: \u00abSono venuto a gettare fuoco sulla terra, e quanto vorrei che fosse gi\u00e0 acceso!\u00bb (<i>Lc<\/i>\u00a012,49). Il fuoco di Cristo \u00e8 fuoco buono, non \u00e8 per distruggere, come avrebbero voluto Giacomo e Giovanni quando chiesero: \u00abSignore, vuoi che diciamo che scenda un fuoco dal cielo e li consumi?\u00bb (<i>Lc<\/i>\u00a09,54). No, non \u00e8 quel fuoco. Ma Ges\u00f9 rimprover\u00f2 i due fratelli. Il suo \u00e8 un fuoco di amore, un fuoco che accende il cuore delle persone, un fuoco che d\u00e0 luce, riscalda e vivifica.<\/p>\n<p>Nella misura in cui arde in voi la carit\u00e0 di Cristo, la vostra presenza e la vostra azione diventa utile a Dio e agli uomini, perch\u00e9 \u2013 scriveva San Luigi \u2013 \u00abla causa di Cristo e della Chiesa non si serve che con una grande carit\u00e0 di vita e di opere, la carit\u00e0 apre gli occhi alla fede e riscalda i cuori d\u2019amore verso Dio.<\/p>\n<figure id=\"attachment_58606\" aria-describedby=\"caption-attachment-58606\" style=\"width: 300px\" class=\"wp-caption alignright\"><img loading=\"lazy\" decoding=\"async\" class=\"size-medium wp-image-58606\" src=\"https:\/\/exaudi.org\/wp-content\/uploads\/2022\/06\/thumbnail_sf25062022121754_00145-300x200.jpg\" alt=\"\" width=\"300\" height=\"200\" srcset=\"https:\/\/exaudi.org\/wp-content\/uploads\/2022\/06\/thumbnail_sf25062022121754_00145-300x200.jpg 300w, https:\/\/exaudi.org\/wp-content\/uploads\/2022\/06\/thumbnail_sf25062022121754_00145-1024x682.jpg 1024w, https:\/\/exaudi.org\/wp-content\/uploads\/2022\/06\/thumbnail_sf25062022121754_00145-770x513.jpg 770w, https:\/\/exaudi.org\/wp-content\/uploads\/2022\/06\/thumbnail_sf25062022121754_00145-360x240.jpg?crop=1 360w, https:\/\/exaudi.org\/wp-content\/uploads\/2022\/06\/thumbnail_sf25062022121754_00145-500x333.jpg 500w, https:\/\/exaudi.org\/wp-content\/uploads\/2022\/06\/thumbnail_sf25062022121754_00145-1155x770.jpg 1155w, https:\/\/exaudi.org\/wp-content\/uploads\/2022\/06\/thumbnail_sf25062022121754_00145-370x247.jpg 370w, https:\/\/exaudi.org\/wp-content\/uploads\/2022\/06\/thumbnail_sf25062022121754_00145-293x195.jpg 293w, https:\/\/exaudi.org\/wp-content\/uploads\/2022\/06\/thumbnail_sf25062022121754_00145-120x80.jpg 120w, https:\/\/exaudi.org\/wp-content\/uploads\/2022\/06\/thumbnail_sf25062022121754_00145-240x160.jpg 240w, https:\/\/exaudi.org\/wp-content\/uploads\/2022\/06\/thumbnail_sf25062022121754_00145-390x260.jpg 390w, https:\/\/exaudi.org\/wp-content\/uploads\/2022\/06\/thumbnail_sf25062022121754_00145.jpg 1280w\" sizes=\"auto, (max-width: 300px) 100vw, 300px\" \/><figcaption id=\"caption-attachment-58606\" class=\"wp-caption-text\">Udienza, 25 giugno 2022<\/figcaption><\/figure>\n<p>Opere di cuore e di carit\u00e0 cristiana ci vogliono! E tutti vi crederanno\u00bb (<i>Lettere<\/i>\u00a0I, 181;\u00a0<i>Scritti<\/i>\u00a04, 280).<\/p>\n<p>Giustamente, nel Capitolo Generale, avete messo al centro del rinnovamento la relazione con Dio, cuore della vostra identit\u00e0. Il fuoco si alimenta ricevendolo da Dio con la vita di preghiera, la meditazione della Parola, la grazia dei Sacramenti. Don Orione fu uomo di azione e di contemplazione. Per questo esortava: \u00abGettiamoci ai piedi del Tabernacolo\u00bb, e anche: \u00abGettiamoci ai piedi della croce\u00bb, perch\u00e9 \u00abamare Dio e amare i fratelli sono due fiamme di un solo sacro fuoco\u00bb (<i>Lettere<\/i>\u00a0II, 397).<\/p>\n<p>Cari fratelli e sorelle della Famiglia Orionina, oggi essere discepoli missionari, inviati dalla Chiesa, non \u00e8 prima di tutto un fare qualcosa, un\u2019attivit\u00e0; \u00e8 un\u2019identit\u00e0 apostolica alimentata continuamente nella vita fraterna della comunit\u00e0 religiosa o della famiglia. \u00abDove sono due o tre riuniti nel mio nome, l\u00ec sono io in mezzo a loro\u00bb (<i>Mt<\/i>\u00a018,20). \u00c8 importante<b>\u00a0<\/b>curare la qualit\u00e0 della vita comunitaria, le relazioni, la preghiera comune: questo \u00e8 gi\u00e0 apostolato, perch\u00e9 \u00e8 testimonianza. Se tra noi c\u2019\u00e8 freddezza, o, peggio, giudizi e pettegolezzi, che apostolato vogliamo fare? Per favore, niente chiacchiericcio. Il chiacchiericcio \u00e8 un tarlo, un tarlo che corrompe, un tarlo che uccide la vita di una comunit\u00e0, di un ordine religioso. Niente chiacchiericcio. So che non \u00e8 facile, questo vincere il chiacchiericcio non \u00e8 facile e qualcuno mi domanda: \u201cMa come si pu\u00f2 fare?\u201d. C\u2019\u00e8 una medicina molto buona, molto buona: morderti la lingua. Ti far\u00e0 bene!<\/p>\n<p>La testimonianza dell\u2019amore nella comunit\u00e0 religiosa e nella famiglia \u00e8 la conferma dell\u2019annuncio evangelico, \u00e8 la \u201cprova del fuoco\u201d. \u00abUna comunit\u00e0 bella, forte \u2013 sono parole di Don Orione \u2013 e dove vive piena concordia dei cuori e la pace, non pu\u00f2 non essere cara, desiderevole e di edificazione a tutti\u00bb (<i>Lettere<\/i>\u00a0I, 418). E diventa attraente anche di nuove vocazioni.<\/p>\n<p>Infine, vorrei tornare su quella esortazione a \u201cgettarsi nel fuoco dei tempi nuovi\u201d. Questo richiede di guardare il mondo di oggi da apostoli, cio\u00e8 con discernimento ma con simpatia, senza paura, senza pregiudizi, con coraggio; guardare<b>\u00a0<\/b>il mondo come lo guarda Dio, sentendo nostri i dolori, le gioie, le speranze dell\u2019umanit\u00e0. La Parola-guida rimane quella di Dio a Mos\u00e8: \u00abHo osservato la miseria del mio popolo [\u2026]. Sono sceso per liberarlo\u00bb (<i>Es<\/i>\u00a03,7-8). Dobbiamo vedere le miserie di questo nostro mondo come la ragione del nostro apostolato e non come un ostacolo. Il vostro Fondatore diceva: \u00abNon basta piagnucolare sulla tristezza dei tempi e degli uomini, e non basta dire: O Signore! O Signore! Niente rimpianto di un\u2019et\u00e0 passata. Niente spirito triste, niente spirito chiuso. Avanti con serena e imperturbabile operosit\u00e0\u00bb. (<i>Scritti<\/i>\u00a079, 291). E niente chiacchiericcio, lo ripeto.<\/p>\n<p>Il nostro tempo chiede di aprirci a nuove frontiere, di scoprire nuove forme di missione. Guardiamo a Maria, Vergine dell\u2019intraprendenza e della premura, che parte in fretta da casa e si mette in strada per andare ad aiutare la cugina Elisabetta. E l\u00e0, nel servizio, Maria ebbe la conferma del piano della provvidenza di Dio. A me piace pregarla come \u201cNostra Signora in fretta\u201d: non perde tempo, va e fa.<\/p>\n<p>Cari fratelli e sorelle, vi ringrazio di essere venuti, e soprattutto per quello che siete e che fate. Benedico di cuore tutti voi e le vostre comunit\u00e0. E per favore, vi chiedo di pregare per me. Grazie.<\/p>\n","protected":false},"excerpt":{"rendered":"<p>Udienza Famiglia Orionina e partecipanti Capit. Generale Figli Divina Provvidenza<\/p>\n","protected":false},"author":17,"featured_media":58609,"comment_status":"closed","ping_status":"closed","sticky":false,"template":"","format":"standard","meta":{"_acf_changed":false,"_crdt_document":"","inline_featured_image":false,"footnotes":""},"categories":[67,117],"tags":[251,1843],"class_list":["post-58601","post","type-post","status-publish","format-standard","has-post-thumbnail","hentry","category-leone-xiv","category-messaggi","tag-papa-francesco","tag-udienza"],"acf":[],"yoast_head":"<!-- This site is optimized with the Yoast SEO plugin v27.5 - https:\/\/yoast.com\/product\/yoast-seo-wordpress\/ -->\n<title>\u00abDove sono due o tre riuniti nel mio nome, l\u00ec sono io in mezzo a loro\u00bb &#8211; Exaudi<\/title>\n<meta name=\"robots\" content=\"index, follow, max-snippet:-1, max-image-preview:large, max-video-preview:-1\" \/>\n<link rel=\"canonical\" href=\"https:\/\/exaudi.org\/it\/dove-sono-due-o-tre-riuniti-nel-mio-nome-li-sono-io-in-mezzo-a-loro\/\" \/>\n<meta property=\"og:locale\" content=\"it_IT\" \/>\n<meta property=\"og:type\" content=\"article\" \/>\n<meta property=\"og:title\" content=\"\u00abDove sono due o tre riuniti nel mio nome, l\u00ec sono io in mezzo a loro\u00bb &#8211; Exaudi\" \/>\n<meta property=\"og:description\" content=\"Udienza Famiglia Orionina e partecipanti Capit. Generale Figli Divina Provvidenza\" \/>\n<meta property=\"og:url\" content=\"https:\/\/exaudi.org\/it\/dove-sono-due-o-tre-riuniti-nel-mio-nome-li-sono-io-in-mezzo-a-loro\/\" \/>\n<meta property=\"og:site_name\" content=\"Exaudi\" \/>\n<meta property=\"article:publisher\" content=\"https:\/\/www.facebook.com\/ExaudiNews\" \/>\n<meta property=\"article:author\" content=\"https:\/\/www.facebook.com\/ExaudiNotizie\/\" \/>\n<meta property=\"article:published_time\" content=\"2022-06-25T18:34:36+00:00\" \/>\n<meta property=\"og:image\" content=\"https:\/\/exaudi.org\/wp-content\/uploads\/2022\/06\/thumbnail__DSC4138.jpg\" \/>\n\t<meta property=\"og:image:width\" content=\"1280\" \/>\n\t<meta property=\"og:image:height\" content=\"853\" \/>\n\t<meta property=\"og:image:type\" content=\"image\/jpeg\" \/>\n<meta name=\"author\" content=\"Exaudi Redazione\" \/>\n<meta name=\"twitter:card\" content=\"summary_large_image\" \/>\n<meta name=\"twitter:creator\" content=\"@Exaudi_Notizie\" \/>\n<meta name=\"twitter:site\" content=\"@Exaudi_News\" \/>\n<meta name=\"twitter:label1\" content=\"Scritto da\" \/>\n\t<meta name=\"twitter:data1\" content=\"Exaudi Redazione\" \/>\n\t<meta name=\"twitter:label2\" content=\"Tempo di lettura stimato\" \/>\n\t<meta name=\"twitter:data2\" content=\"6 minuti\" \/>\n<script type=\"application\/ld+json\" class=\"yoast-schema-graph\">{\"@context\":\"https:\\\/\\\/schema.org\",\"@graph\":[{\"@type\":\"Article\",\"@id\":\"https:\\\/\\\/exaudi.org\\\/it\\\/dove-sono-due-o-tre-riuniti-nel-mio-nome-li-sono-io-in-mezzo-a-loro\\\/#article\",\"isPartOf\":{\"@id\":\"https:\\\/\\\/exaudi.org\\\/it\\\/dove-sono-due-o-tre-riuniti-nel-mio-nome-li-sono-io-in-mezzo-a-loro\\\/\"},\"author\":{\"name\":\"Exaudi Redazione\",\"@id\":\"https:\\\/\\\/exaudi.org\\\/#\\\/schema\\\/person\\\/e1ab6ed07c01774724dd96f925f3a5f0\"},\"headline\":\"\u00abDove sono due o tre riuniti nel mio nome, l\u00ec sono io in mezzo a loro\u00bb\",\"datePublished\":\"2022-06-25T18:34:36+00:00\",\"mainEntityOfPage\":{\"@id\":\"https:\\\/\\\/exaudi.org\\\/it\\\/dove-sono-due-o-tre-riuniti-nel-mio-nome-li-sono-io-in-mezzo-a-loro\\\/\"},\"wordCount\":1122,\"image\":{\"@id\":\"https:\\\/\\\/exaudi.org\\\/it\\\/dove-sono-due-o-tre-riuniti-nel-mio-nome-li-sono-io-in-mezzo-a-loro\\\/#primaryimage\"},\"thumbnailUrl\":\"https:\\\/\\\/exaudi.org\\\/wp-content\\\/uploads\\\/2022\\\/06\\\/thumbnail__DSC4138.jpg\",\"keywords\":[\"Papa Francesco\",\"udienza\"],\"articleSection\":[\"Leone XIV\",\"Messaggi\"],\"inLanguage\":\"it-IT\"},{\"@type\":\"WebPage\",\"@id\":\"https:\\\/\\\/exaudi.org\\\/it\\\/dove-sono-due-o-tre-riuniti-nel-mio-nome-li-sono-io-in-mezzo-a-loro\\\/\",\"url\":\"https:\\\/\\\/exaudi.org\\\/it\\\/dove-sono-due-o-tre-riuniti-nel-mio-nome-li-sono-io-in-mezzo-a-loro\\\/\",\"name\":\"\u00abDove sono due o tre riuniti nel mio nome, l\u00ec sono io in mezzo a loro\u00bb &#8211; Exaudi\",\"isPartOf\":{\"@id\":\"https:\\\/\\\/exaudi.org\\\/#website\"},\"primaryImageOfPage\":{\"@id\":\"https:\\\/\\\/exaudi.org\\\/it\\\/dove-sono-due-o-tre-riuniti-nel-mio-nome-li-sono-io-in-mezzo-a-loro\\\/#primaryimage\"},\"image\":{\"@id\":\"https:\\\/\\\/exaudi.org\\\/it\\\/dove-sono-due-o-tre-riuniti-nel-mio-nome-li-sono-io-in-mezzo-a-loro\\\/#primaryimage\"},\"thumbnailUrl\":\"https:\\\/\\\/exaudi.org\\\/wp-content\\\/uploads\\\/2022\\\/06\\\/thumbnail__DSC4138.jpg\",\"datePublished\":\"2022-06-25T18:34:36+00:00\",\"author\":{\"@id\":\"https:\\\/\\\/exaudi.org\\\/#\\\/schema\\\/person\\\/e1ab6ed07c01774724dd96f925f3a5f0\"},\"breadcrumb\":{\"@id\":\"https:\\\/\\\/exaudi.org\\\/it\\\/dove-sono-due-o-tre-riuniti-nel-mio-nome-li-sono-io-in-mezzo-a-loro\\\/#breadcrumb\"},\"inLanguage\":\"it-IT\",\"potentialAction\":[{\"@type\":\"ReadAction\",\"target\":[\"https:\\\/\\\/exaudi.org\\\/it\\\/dove-sono-due-o-tre-riuniti-nel-mio-nome-li-sono-io-in-mezzo-a-loro\\\/\"]}]},{\"@type\":\"ImageObject\",\"inLanguage\":\"it-IT\",\"@id\":\"https:\\\/\\\/exaudi.org\\\/it\\\/dove-sono-due-o-tre-riuniti-nel-mio-nome-li-sono-io-in-mezzo-a-loro\\\/#primaryimage\",\"url\":\"https:\\\/\\\/exaudi.org\\\/wp-content\\\/uploads\\\/2022\\\/06\\\/thumbnail__DSC4138.jpg\",\"contentUrl\":\"https:\\\/\\\/exaudi.org\\\/wp-content\\\/uploads\\\/2022\\\/06\\\/thumbnail__DSC4138.jpg\",\"width\":1280,\"height\":853,\"caption\":\"Famiglia Orionina e partecipanti Capit. Generale Figli Divina Provvidenza - \u00a9 Vatican Media\"},{\"@type\":\"BreadcrumbList\",\"@id\":\"https:\\\/\\\/exaudi.org\\\/it\\\/dove-sono-due-o-tre-riuniti-nel-mio-nome-li-sono-io-in-mezzo-a-loro\\\/#breadcrumb\",\"itemListElement\":[{\"@type\":\"ListItem\",\"position\":1,\"name\":\"Portada\",\"item\":\"https:\\\/\\\/exaudi.org\\\/it\\\/\"},{\"@type\":\"ListItem\",\"position\":2,\"name\":\"\u00abDove sono due o tre riuniti nel mio nome, l\u00ec sono io in mezzo a loro\u00bb\"}]},{\"@type\":\"WebSite\",\"@id\":\"https:\\\/\\\/exaudi.org\\\/#website\",\"url\":\"https:\\\/\\\/exaudi.org\\\/\",\"name\":\"Exaudi\",\"description\":\"News\",\"potentialAction\":[{\"@type\":\"SearchAction\",\"target\":{\"@type\":\"EntryPoint\",\"urlTemplate\":\"https:\\\/\\\/exaudi.org\\\/?s={search_term_string}\"},\"query-input\":{\"@type\":\"PropertyValueSpecification\",\"valueRequired\":true,\"valueName\":\"search_term_string\"}}],\"inLanguage\":\"it-IT\"},{\"@type\":\"Person\",\"@id\":\"https:\\\/\\\/exaudi.org\\\/#\\\/schema\\\/person\\\/e1ab6ed07c01774724dd96f925f3a5f0\",\"name\":\"Exaudi Redazione\",\"image\":{\"@type\":\"ImageObject\",\"inLanguage\":\"it-IT\",\"@id\":\"https:\\\/\\\/secure.gravatar.com\\\/avatar\\\/ad6774b3ada023bf5b939d64f45c94b3adf91502dd883507d469b4308a943bb3?s=96&d=mm&r=g\",\"url\":\"https:\\\/\\\/secure.gravatar.com\\\/avatar\\\/ad6774b3ada023bf5b939d64f45c94b3adf91502dd883507d469b4308a943bb3?s=96&d=mm&r=g\",\"contentUrl\":\"https:\\\/\\\/secure.gravatar.com\\\/avatar\\\/ad6774b3ada023bf5b939d64f45c94b3adf91502dd883507d469b4308a943bb3?s=96&d=mm&r=g\",\"caption\":\"Exaudi Redazione\"},\"description\":\"Che cosa \u00e8 Exaudi News? Exaudi News \u00e8 un agenzia cattolica internazionale che informa, istruisce e trasforma quotidianamente in spagnolo, inglese e italiano. Attraverso notizie, articoli di analisi e trasmissioni in diretta degli eventi del Papa, Exaudi cerca di rafforzare l'unit\u00e0 dei cristiani e di contribuire all'evangelizzazione del mondo, sempre guidato dalla dottrina sociale della Chiesa. Lavoriamo per portare la verit\u00e0 e i valori cristiani in ogni angolo del pianeta. Aiutaci a trasformare il mondo con Exaudi! Noi di Exaudi crediamo che l'evangelizzazione e l'informazione di qualit\u00e0 possano cambiare la vita. Per continuare la nostra missione ed espandere la nostra portata, abbiamo bisogno del tuo aiuto. Stiamo anche cercando persone motivate che vogliano unirsi al nostro team. Grazie al vostro sostegno raggiungeremo pi\u00f9 persone, diffonderemo il messaggio di Cristo e rafforzeremo l'unit\u00e0 dei cristiani. Vuoi unirti alla nostra missione? Per maggiori informazioni su come contribuire, visita Exaudi.org\\\/it o contattaci direttamente: info@exaudi.org Exaudi: informa, forma e trasforma.\",\"sameAs\":[\"https:\\\/\\\/www.facebook.com\\\/ExaudiNotizie\\\/\",\"https:\\\/\\\/www.instagram.com\\\/Exaudi_notizie\\\/\",\"https:\\\/\\\/x.com\\\/Exaudi_Notizie\",\"https:\\\/\\\/www.youtube.com\\\/@exaudicatholicnews\"],\"url\":\"https:\\\/\\\/exaudi.org\\\/it\\\/author\\\/dlvedi-org\\\/\"}]}<\/script>\n<!-- \/ Yoast SEO plugin. -->","yoast_head_json":{"title":"\u00abDove sono due o tre riuniti nel mio nome, l\u00ec sono io in mezzo a loro\u00bb &#8211; Exaudi","robots":{"index":"index","follow":"follow","max-snippet":"max-snippet:-1","max-image-preview":"max-image-preview:large","max-video-preview":"max-video-preview:-1"},"canonical":"https:\/\/exaudi.org\/it\/dove-sono-due-o-tre-riuniti-nel-mio-nome-li-sono-io-in-mezzo-a-loro\/","og_locale":"it_IT","og_type":"article","og_title":"\u00abDove sono due o tre riuniti nel mio nome, l\u00ec sono io in mezzo a loro\u00bb &#8211; Exaudi","og_description":"Udienza Famiglia Orionina e partecipanti Capit. Generale Figli Divina Provvidenza","og_url":"https:\/\/exaudi.org\/it\/dove-sono-due-o-tre-riuniti-nel-mio-nome-li-sono-io-in-mezzo-a-loro\/","og_site_name":"Exaudi","article_publisher":"https:\/\/www.facebook.com\/ExaudiNews","article_author":"https:\/\/www.facebook.com\/ExaudiNotizie\/","article_published_time":"2022-06-25T18:34:36+00:00","og_image":[{"width":1280,"height":853,"url":"https:\/\/exaudi.org\/wp-content\/uploads\/2022\/06\/thumbnail__DSC4138.jpg","type":"image\/jpeg"}],"author":"Exaudi Redazione","twitter_card":"summary_large_image","twitter_creator":"@Exaudi_Notizie","twitter_site":"@Exaudi_News","twitter_misc":{"Scritto da":"Exaudi Redazione","Tempo di lettura stimato":"6 minuti"},"schema":{"@context":"https:\/\/schema.org","@graph":[{"@type":"Article","@id":"https:\/\/exaudi.org\/it\/dove-sono-due-o-tre-riuniti-nel-mio-nome-li-sono-io-in-mezzo-a-loro\/#article","isPartOf":{"@id":"https:\/\/exaudi.org\/it\/dove-sono-due-o-tre-riuniti-nel-mio-nome-li-sono-io-in-mezzo-a-loro\/"},"author":{"name":"Exaudi Redazione","@id":"https:\/\/exaudi.org\/#\/schema\/person\/e1ab6ed07c01774724dd96f925f3a5f0"},"headline":"\u00abDove sono due o tre riuniti nel mio nome, l\u00ec sono io in mezzo a loro\u00bb","datePublished":"2022-06-25T18:34:36+00:00","mainEntityOfPage":{"@id":"https:\/\/exaudi.org\/it\/dove-sono-due-o-tre-riuniti-nel-mio-nome-li-sono-io-in-mezzo-a-loro\/"},"wordCount":1122,"image":{"@id":"https:\/\/exaudi.org\/it\/dove-sono-due-o-tre-riuniti-nel-mio-nome-li-sono-io-in-mezzo-a-loro\/#primaryimage"},"thumbnailUrl":"https:\/\/exaudi.org\/wp-content\/uploads\/2022\/06\/thumbnail__DSC4138.jpg","keywords":["Papa Francesco","udienza"],"articleSection":["Leone XIV","Messaggi"],"inLanguage":"it-IT"},{"@type":"WebPage","@id":"https:\/\/exaudi.org\/it\/dove-sono-due-o-tre-riuniti-nel-mio-nome-li-sono-io-in-mezzo-a-loro\/","url":"https:\/\/exaudi.org\/it\/dove-sono-due-o-tre-riuniti-nel-mio-nome-li-sono-io-in-mezzo-a-loro\/","name":"\u00abDove sono due o tre riuniti nel mio nome, l\u00ec sono io in mezzo a loro\u00bb &#8211; Exaudi","isPartOf":{"@id":"https:\/\/exaudi.org\/#website"},"primaryImageOfPage":{"@id":"https:\/\/exaudi.org\/it\/dove-sono-due-o-tre-riuniti-nel-mio-nome-li-sono-io-in-mezzo-a-loro\/#primaryimage"},"image":{"@id":"https:\/\/exaudi.org\/it\/dove-sono-due-o-tre-riuniti-nel-mio-nome-li-sono-io-in-mezzo-a-loro\/#primaryimage"},"thumbnailUrl":"https:\/\/exaudi.org\/wp-content\/uploads\/2022\/06\/thumbnail__DSC4138.jpg","datePublished":"2022-06-25T18:34:36+00:00","author":{"@id":"https:\/\/exaudi.org\/#\/schema\/person\/e1ab6ed07c01774724dd96f925f3a5f0"},"breadcrumb":{"@id":"https:\/\/exaudi.org\/it\/dove-sono-due-o-tre-riuniti-nel-mio-nome-li-sono-io-in-mezzo-a-loro\/#breadcrumb"},"inLanguage":"it-IT","potentialAction":[{"@type":"ReadAction","target":["https:\/\/exaudi.org\/it\/dove-sono-due-o-tre-riuniti-nel-mio-nome-li-sono-io-in-mezzo-a-loro\/"]}]},{"@type":"ImageObject","inLanguage":"it-IT","@id":"https:\/\/exaudi.org\/it\/dove-sono-due-o-tre-riuniti-nel-mio-nome-li-sono-io-in-mezzo-a-loro\/#primaryimage","url":"https:\/\/exaudi.org\/wp-content\/uploads\/2022\/06\/thumbnail__DSC4138.jpg","contentUrl":"https:\/\/exaudi.org\/wp-content\/uploads\/2022\/06\/thumbnail__DSC4138.jpg","width":1280,"height":853,"caption":"Famiglia Orionina e partecipanti Capit. Generale Figli Divina Provvidenza - \u00a9 Vatican Media"},{"@type":"BreadcrumbList","@id":"https:\/\/exaudi.org\/it\/dove-sono-due-o-tre-riuniti-nel-mio-nome-li-sono-io-in-mezzo-a-loro\/#breadcrumb","itemListElement":[{"@type":"ListItem","position":1,"name":"Portada","item":"https:\/\/exaudi.org\/it\/"},{"@type":"ListItem","position":2,"name":"\u00abDove sono due o tre riuniti nel mio nome, l\u00ec sono io in mezzo a loro\u00bb"}]},{"@type":"WebSite","@id":"https:\/\/exaudi.org\/#website","url":"https:\/\/exaudi.org\/","name":"Exaudi","description":"News","potentialAction":[{"@type":"SearchAction","target":{"@type":"EntryPoint","urlTemplate":"https:\/\/exaudi.org\/?s={search_term_string}"},"query-input":{"@type":"PropertyValueSpecification","valueRequired":true,"valueName":"search_term_string"}}],"inLanguage":"it-IT"},{"@type":"Person","@id":"https:\/\/exaudi.org\/#\/schema\/person\/e1ab6ed07c01774724dd96f925f3a5f0","name":"Exaudi Redazione","image":{"@type":"ImageObject","inLanguage":"it-IT","@id":"https:\/\/secure.gravatar.com\/avatar\/ad6774b3ada023bf5b939d64f45c94b3adf91502dd883507d469b4308a943bb3?s=96&d=mm&r=g","url":"https:\/\/secure.gravatar.com\/avatar\/ad6774b3ada023bf5b939d64f45c94b3adf91502dd883507d469b4308a943bb3?s=96&d=mm&r=g","contentUrl":"https:\/\/secure.gravatar.com\/avatar\/ad6774b3ada023bf5b939d64f45c94b3adf91502dd883507d469b4308a943bb3?s=96&d=mm&r=g","caption":"Exaudi Redazione"},"description":"Che cosa \u00e8 Exaudi News? Exaudi News \u00e8 un agenzia cattolica internazionale che informa, istruisce e trasforma quotidianamente in spagnolo, inglese e italiano. Attraverso notizie, articoli di analisi e trasmissioni in diretta degli eventi del Papa, Exaudi cerca di rafforzare l'unit\u00e0 dei cristiani e di contribuire all'evangelizzazione del mondo, sempre guidato dalla dottrina sociale della Chiesa. Lavoriamo per portare la verit\u00e0 e i valori cristiani in ogni angolo del pianeta. Aiutaci a trasformare il mondo con Exaudi! Noi di Exaudi crediamo che l'evangelizzazione e l'informazione di qualit\u00e0 possano cambiare la vita. Per continuare la nostra missione ed espandere la nostra portata, abbiamo bisogno del tuo aiuto. Stiamo anche cercando persone motivate che vogliano unirsi al nostro team. Grazie al vostro sostegno raggiungeremo pi\u00f9 persone, diffonderemo il messaggio di Cristo e rafforzeremo l'unit\u00e0 dei cristiani. Vuoi unirti alla nostra missione? Per maggiori informazioni su come contribuire, visita Exaudi.org\/it o contattaci direttamente: info@exaudi.org Exaudi: informa, forma e trasforma.","sameAs":["https:\/\/www.facebook.com\/ExaudiNotizie\/","https:\/\/www.instagram.com\/Exaudi_notizie\/","https:\/\/x.com\/Exaudi_Notizie","https:\/\/www.youtube.com\/@exaudicatholicnews"],"url":"https:\/\/exaudi.org\/it\/author\/dlvedi-org\/"}]}},"jetpack_featured_media_url":"https:\/\/exaudi.org\/wp-content\/uploads\/2022\/06\/thumbnail__DSC4138.jpg","jetpack_shortlink":"https:\/\/wp.me\/pgKjF2-ffb","_links":{"self":[{"href":"https:\/\/exaudi.org\/it\/wp-json\/wp\/v2\/posts\/58601","targetHints":{"allow":["GET"]}}],"collection":[{"href":"https:\/\/exaudi.org\/it\/wp-json\/wp\/v2\/posts"}],"about":[{"href":"https:\/\/exaudi.org\/it\/wp-json\/wp\/v2\/types\/post"}],"author":[{"embeddable":true,"href":"https:\/\/exaudi.org\/it\/wp-json\/wp\/v2\/users\/17"}],"replies":[{"embeddable":true,"href":"https:\/\/exaudi.org\/it\/wp-json\/wp\/v2\/comments?post=58601"}],"version-history":[{"count":0,"href":"https:\/\/exaudi.org\/it\/wp-json\/wp\/v2\/posts\/58601\/revisions"}],"wp:featuredmedia":[{"embeddable":true,"href":"https:\/\/exaudi.org\/it\/wp-json\/wp\/v2\/media\/58609"}],"wp:attachment":[{"href":"https:\/\/exaudi.org\/it\/wp-json\/wp\/v2\/media?parent=58601"}],"wp:term":[{"taxonomy":"category","embeddable":true,"href":"https:\/\/exaudi.org\/it\/wp-json\/wp\/v2\/categories?post=58601"},{"taxonomy":"post_tag","embeddable":true,"href":"https:\/\/exaudi.org\/it\/wp-json\/wp\/v2\/tags?post=58601"}],"curies":[{"name":"wp","href":"https:\/\/api.w.org\/{rel}","templated":true}]}}