{"id":58446,"date":"2022-06-22T17:30:09","date_gmt":"2022-06-22T15:30:09","guid":{"rendered":"https:\/\/exaudi.org\/?p=58446"},"modified":"2022-06-22T16:20:44","modified_gmt":"2022-06-22T14:20:44","slug":"lambasciatore-israeliano-alluniversita-cattolica-di-lublino-abbiamo-bisogno-di-incontri-tra-israeliani-e-polacchi","status":"publish","type":"post","link":"https:\/\/exaudi.org\/it\/lambasciatore-israeliano-alluniversita-cattolica-di-lublino-abbiamo-bisogno-di-incontri-tra-israeliani-e-polacchi\/","title":{"rendered":"L&#8217;Ambasciatore israeliano all&#8217;Universit\u00e0 Cattolica di Lublino: Abbiamo bisogno di incontri tra israeliani e polacchi"},"content":{"rendered":"<p>Il dialogo e gli incontri dei giovani israeliani e polacchi sono la chiave per costruire la comprensione trai nostri popoli \u2013 ha sottolineato l&#8217;ambasciatore d&#8217;Israele in Polonia Yacov Livne, che il 21 giugno ha incontrato la comunit\u00e0 accademica dell&#8217;Universit\u00e0 Cattolica di Lublino Giovanni Paolo II. Il nostro compito principale \u00e8 costruire ponti di comprensione reciproca e ponti di comunicazione \u2013 ha sottolineato il diplomatico.<\/p>\n<p>Il Rev.do Prof. Miros\u0142aw Kalinowski, Rettore dell&#8217;Universit\u00e0 Cattolica di Lublino all&#8217;inizio dell&#8217;incontro, ha espresso la sua gioia per l&#8217;inizio della collaborazione con l&#8217;ambasciata israeliana in Polonia e con i centri accademici in Israele. Ha annunciato la creazione dell&#8217;Abraham Joshua Heschel Center presso l&#8217;Universit\u00e0 Cattolica di Lublino. &#8211; <em>Lo scopo di questo centro \u00e8 costruire ponti e sviluppare la collaborazione polacco-israeliana a livello accademico e culturale \u2013<\/em> ha sottolineato il Rev.do prof. Miroslaw Kalinowski.<\/p>\n<p>L&#8217;ambasciatore Yacov Livne ha richiamato l&#8217;attenzione sul ruolo estremamente importante della Polonia nella storia del popolo ebraico. &#8211; <em>Mille anni di convivenza comune sul suolo polacco sono la base per una buona collaborazione presente e futura (&#8230;) Dovremmo insieme tendere a risolvere i problemi che attualmente stanno affrontando la Polonia, Israele e l&#8217;intera Europa. Le sfide portano con s\u00e9 nuove opportunit\u00e0. \u00c8 nostro compito raccogliere queste sfide<\/em> \u2013 ha affermato.<\/p>\n<figure id=\"attachment_58443\" aria-describedby=\"caption-attachment-58443\" style=\"width: 300px\" class=\"wp-caption alignright\"><img loading=\"lazy\" decoding=\"async\" class=\"size-medium wp-image-58443\" src=\"https:\/\/exaudi.org\/wp-content\/uploads\/2022\/06\/PhotoCredit1_KUL-300x200.jpg\" alt=\"PhotoCredit: KUL\" width=\"300\" height=\"200\" srcset=\"https:\/\/exaudi.org\/wp-content\/uploads\/2022\/06\/PhotoCredit1_KUL-300x200.jpg 300w, https:\/\/exaudi.org\/wp-content\/uploads\/2022\/06\/PhotoCredit1_KUL-1024x683.jpg 1024w, https:\/\/exaudi.org\/wp-content\/uploads\/2022\/06\/PhotoCredit1_KUL-770x514.jpg 770w, https:\/\/exaudi.org\/wp-content\/uploads\/2022\/06\/PhotoCredit1_KUL-1536x1025.jpg 1536w, https:\/\/exaudi.org\/wp-content\/uploads\/2022\/06\/PhotoCredit1_KUL-360x240.jpg?crop=1 360w, https:\/\/exaudi.org\/wp-content\/uploads\/2022\/06\/PhotoCredit1_KUL-500x334.jpg 500w, https:\/\/exaudi.org\/wp-content\/uploads\/2022\/06\/PhotoCredit1_KUL-1155x770.jpg 1155w, https:\/\/exaudi.org\/wp-content\/uploads\/2022\/06\/PhotoCredit1_KUL-370x247.jpg 370w, https:\/\/exaudi.org\/wp-content\/uploads\/2022\/06\/PhotoCredit1_KUL-293x195.jpg 293w, https:\/\/exaudi.org\/wp-content\/uploads\/2022\/06\/PhotoCredit1_KUL-1400x934.jpg 1400w, https:\/\/exaudi.org\/wp-content\/uploads\/2022\/06\/PhotoCredit1_KUL-120x80.jpg 120w, https:\/\/exaudi.org\/wp-content\/uploads\/2022\/06\/PhotoCredit1_KUL-240x160.jpg 240w, https:\/\/exaudi.org\/wp-content\/uploads\/2022\/06\/PhotoCredit1_KUL-390x260.jpg 390w, https:\/\/exaudi.org\/wp-content\/uploads\/2022\/06\/PhotoCredit1_KUL.jpg 1980w\" sizes=\"auto, (max-width: 300px) 100vw, 300px\" \/><figcaption id=\"caption-attachment-58443\" class=\"wp-caption-text\">Fot. Tomasz Koryszko\/KUL<\/figcaption><\/figure>\n<p>&#8211; <em>La fonte di molti conflitti \u00e8 la mancanza di rispetto tra le parti che non si comprendono reciprocamente. Il mio popolo ha sperimentato molto questo. Il nostro compito principale \u00e8 costruire ponti, ponti di comprensione reciproca, ponti di comunicazione. Questa \u00e8 la risposta alle sfide che dovremo affrontare in futuro <\/em>\u2013 ha aggiunto l&#8217;ambasciatore.<\/p>\n<p>&#8211; <em>\u00c8 molto pi\u00f9 facile distorcere la storia quando non conosciamo la storia propria e quella del nostro vicino. Pertanto, \u00e8 nostra responsabilit\u00e0 condurre ricerche approfondite e imparare dalla storia sulla base dei fatti<\/em> &#8211; ha richiamato Yacov Livne, sottolineando anche il valore della cooperazione a livello accademico.<\/p>\n<p>&#8211; <em>Gli incontri di giovani polacchi e israeliani \u00e8 un investimento nel nostro futuro comune. Il futuro delle nostre relazioni reciproche \u00e8 nelle loro mani<\/em> \u2013 ha affermato<\/p>\n<p>La visita dell&#8217;ambasciatore d&#8217;Israele in Polonia all&#8217;Universit\u00e0 Cattolica di Lublino \u00e8 una continuazione della collaborazione avviata in precedenza. \u00c8 prevista l&#8217;apertura di un Abraham Joshua Heschel Center presso l&#8217;Universit\u00e0 Cattolica di Lublino, il cui compito sar\u00e0 la realizzazione di progetti educativi e culturali congiunti rivolti ai giovani ebrei e polacchi. Il primo incontro del Rev.do prof. Miros\u0142aw Kalinowski, Rettore dell&#8217;Universit\u00e0 Cattolica di Lublino, con Yacov Livne si \u00e8 svolto il 13 maggio 2022 presso l&#8217;ambasciata israeliana di Varsavia. Yacovem Livne \u00e8 ambasciatore israeliano in Polonia dal 28 febbraio 2022.<\/p>\n","protected":false},"excerpt":{"rendered":"<p>La chiave per costruire la comprensione trai nostri popoli <\/p>\n","protected":false},"author":17,"featured_media":58440,"comment_status":"closed","ping_status":"closed","sticky":false,"template":"","format":"standard","meta":{"_acf_changed":false,"_crdt_document":"","inline_featured_image":false,"footnotes":""},"categories":[73],"tags":[4952],"class_list":["post-58446","post","type-post","status-publish","format-standard","has-post-thumbnail","hentry","category-chiesa-e-mondo","tag-trending-it"],"acf":[],"yoast_head":"<!-- This site is optimized with the Yoast SEO plugin v27.4 - https:\/\/yoast.com\/product\/yoast-seo-wordpress\/ -->\n<title>L&#039;Ambasciatore israeliano all&#039;Universit\u00e0 Cattolica di Lublino: Abbiamo bisogno di incontri tra israeliani e polacchi &#8211; Exaudi<\/title>\n<meta name=\"robots\" content=\"index, follow, max-snippet:-1, max-image-preview:large, max-video-preview:-1\" \/>\n<link rel=\"canonical\" href=\"https:\/\/exaudi.org\/it\/ambassador-of-the-state-of-israel-at-catholic-university-of-lublin-meetings-of-israelis-and-poles-are-very-much-needed\/\" \/>\n<meta property=\"og:locale\" content=\"it_IT\" \/>\n<meta property=\"og:type\" content=\"article\" \/>\n<meta property=\"og:title\" content=\"L&#039;Ambasciatore israeliano all&#039;Universit\u00e0 Cattolica di Lublino: Abbiamo bisogno di incontri tra israeliani e polacchi &#8211; Exaudi\" \/>\n<meta property=\"og:description\" content=\"La chiave per costruire la comprensione trai nostri popoli\" \/>\n<meta property=\"og:url\" content=\"https:\/\/exaudi.org\/ambassador-of-the-state-of-israel-at-catholic-university-of-lublin-meetings-of-israelis-and-poles-are-very-much-needed\/\" \/>\n<meta property=\"og:site_name\" content=\"Exaudi\" \/>\n<meta property=\"article:publisher\" content=\"https:\/\/www.facebook.com\/ExaudiNews\" \/>\n<meta property=\"article:author\" content=\"https:\/\/www.facebook.com\/ExaudiNotizie\/\" \/>\n<meta property=\"article:published_time\" content=\"2022-06-22T15:30:09+00:00\" \/>\n<meta property=\"og:image\" content=\"https:\/\/exaudi.org\/wp-content\/uploads\/2022\/06\/PhotoCredit2_KUL.jpg\" \/>\n\t<meta property=\"og:image:width\" content=\"1980\" \/>\n\t<meta property=\"og:image:height\" content=\"1321\" \/>\n\t<meta property=\"og:image:type\" content=\"image\/jpeg\" \/>\n<meta name=\"author\" content=\"Exaudi Redazione\" \/>\n<meta name=\"twitter:card\" content=\"summary_large_image\" \/>\n<meta name=\"twitter:creator\" content=\"@Exaudi_Notizie\" \/>\n<meta name=\"twitter:site\" content=\"@Exaudi_News\" \/>\n<meta name=\"twitter:label1\" content=\"Scritto da\" \/>\n\t<meta name=\"twitter:data1\" content=\"Exaudi Redazione\" \/>\n\t<meta name=\"twitter:label2\" content=\"Tempo di lettura stimato\" \/>\n\t<meta name=\"twitter:data2\" content=\"2 minuti\" \/>\n<script type=\"application\/ld+json\" class=\"yoast-schema-graph\">{\"@context\":\"https:\\\/\\\/schema.org\",\"@graph\":[{\"@type\":\"Article\",\"@id\":\"https:\\\/\\\/exaudi.org\\\/ambassador-of-the-state-of-israel-at-catholic-university-of-lublin-meetings-of-israelis-and-poles-are-very-much-needed\\\/#article\",\"isPartOf\":{\"@id\":\"https:\\\/\\\/exaudi.org\\\/ambassador-of-the-state-of-israel-at-catholic-university-of-lublin-meetings-of-israelis-and-poles-are-very-much-needed\\\/\"},\"author\":{\"name\":\"Exaudi Redazione\",\"@id\":\"https:\\\/\\\/exaudi.org\\\/#\\\/schema\\\/person\\\/e1ab6ed07c01774724dd96f925f3a5f0\"},\"headline\":\"L&#8217;Ambasciatore israeliano all&#8217;Universit\u00e0 Cattolica di Lublino: Abbiamo bisogno di incontri tra israeliani e polacchi\",\"datePublished\":\"2022-06-22T15:30:09+00:00\",\"mainEntityOfPage\":{\"@id\":\"https:\\\/\\\/exaudi.org\\\/ambassador-of-the-state-of-israel-at-catholic-university-of-lublin-meetings-of-israelis-and-poles-are-very-much-needed\\\/\"},\"wordCount\":454,\"image\":{\"@id\":\"https:\\\/\\\/exaudi.org\\\/ambassador-of-the-state-of-israel-at-catholic-university-of-lublin-meetings-of-israelis-and-poles-are-very-much-needed\\\/#primaryimage\"},\"thumbnailUrl\":\"https:\\\/\\\/exaudi.org\\\/wp-content\\\/uploads\\\/2022\\\/06\\\/PhotoCredit2_KUL.jpg\",\"keywords\":[\"Trending\"],\"articleSection\":[\"Chiesa e Mondo\"],\"inLanguage\":\"it-IT\"},{\"@type\":\"WebPage\",\"@id\":\"https:\\\/\\\/exaudi.org\\\/ambassador-of-the-state-of-israel-at-catholic-university-of-lublin-meetings-of-israelis-and-poles-are-very-much-needed\\\/\",\"url\":\"https:\\\/\\\/exaudi.org\\\/ambassador-of-the-state-of-israel-at-catholic-university-of-lublin-meetings-of-israelis-and-poles-are-very-much-needed\\\/\",\"name\":\"L'Ambasciatore israeliano all'Universit\u00e0 Cattolica di Lublino: Abbiamo bisogno di incontri tra israeliani e polacchi &#8211; Exaudi\",\"isPartOf\":{\"@id\":\"https:\\\/\\\/exaudi.org\\\/#website\"},\"primaryImageOfPage\":{\"@id\":\"https:\\\/\\\/exaudi.org\\\/ambassador-of-the-state-of-israel-at-catholic-university-of-lublin-meetings-of-israelis-and-poles-are-very-much-needed\\\/#primaryimage\"},\"image\":{\"@id\":\"https:\\\/\\\/exaudi.org\\\/ambassador-of-the-state-of-israel-at-catholic-university-of-lublin-meetings-of-israelis-and-poles-are-very-much-needed\\\/#primaryimage\"},\"thumbnailUrl\":\"https:\\\/\\\/exaudi.org\\\/wp-content\\\/uploads\\\/2022\\\/06\\\/PhotoCredit2_KUL.jpg\",\"datePublished\":\"2022-06-22T15:30:09+00:00\",\"author\":{\"@id\":\"https:\\\/\\\/exaudi.org\\\/#\\\/schema\\\/person\\\/e1ab6ed07c01774724dd96f925f3a5f0\"},\"breadcrumb\":{\"@id\":\"https:\\\/\\\/exaudi.org\\\/ambassador-of-the-state-of-israel-at-catholic-university-of-lublin-meetings-of-israelis-and-poles-are-very-much-needed\\\/#breadcrumb\"},\"inLanguage\":\"it-IT\",\"potentialAction\":[{\"@type\":\"ReadAction\",\"target\":[\"https:\\\/\\\/exaudi.org\\\/ambassador-of-the-state-of-israel-at-catholic-university-of-lublin-meetings-of-israelis-and-poles-are-very-much-needed\\\/\"]}]},{\"@type\":\"ImageObject\",\"inLanguage\":\"it-IT\",\"@id\":\"https:\\\/\\\/exaudi.org\\\/ambassador-of-the-state-of-israel-at-catholic-university-of-lublin-meetings-of-israelis-and-poles-are-very-much-needed\\\/#primaryimage\",\"url\":\"https:\\\/\\\/exaudi.org\\\/wp-content\\\/uploads\\\/2022\\\/06\\\/PhotoCredit2_KUL.jpg\",\"contentUrl\":\"https:\\\/\\\/exaudi.org\\\/wp-content\\\/uploads\\\/2022\\\/06\\\/PhotoCredit2_KUL.jpg\",\"width\":1980,\"height\":1321,\"caption\":\"21.06.2022, Lublin - Katolicki Uniwersytet Lubelski. Wizyta Ambasadora Izraela w Polsce Yacova Livne na KUL Fot. Tomasz Koryszko\\\/KUL\"},{\"@type\":\"BreadcrumbList\",\"@id\":\"https:\\\/\\\/exaudi.org\\\/ambassador-of-the-state-of-israel-at-catholic-university-of-lublin-meetings-of-israelis-and-poles-are-very-much-needed\\\/#breadcrumb\",\"itemListElement\":[{\"@type\":\"ListItem\",\"position\":1,\"name\":\"Portada\",\"item\":\"https:\\\/\\\/exaudi.org\\\/it\\\/\"},{\"@type\":\"ListItem\",\"position\":2,\"name\":\"L&#8217;Ambasciatore israeliano all&#8217;Universit\u00e0 Cattolica di Lublino: Abbiamo bisogno di incontri tra israeliani e polacchi\"}]},{\"@type\":\"WebSite\",\"@id\":\"https:\\\/\\\/exaudi.org\\\/#website\",\"url\":\"https:\\\/\\\/exaudi.org\\\/\",\"name\":\"Exaudi\",\"description\":\"News\",\"potentialAction\":[{\"@type\":\"SearchAction\",\"target\":{\"@type\":\"EntryPoint\",\"urlTemplate\":\"https:\\\/\\\/exaudi.org\\\/?s={search_term_string}\"},\"query-input\":{\"@type\":\"PropertyValueSpecification\",\"valueRequired\":true,\"valueName\":\"search_term_string\"}}],\"inLanguage\":\"it-IT\"},{\"@type\":\"Person\",\"@id\":\"https:\\\/\\\/exaudi.org\\\/#\\\/schema\\\/person\\\/e1ab6ed07c01774724dd96f925f3a5f0\",\"name\":\"Exaudi Redazione\",\"image\":{\"@type\":\"ImageObject\",\"inLanguage\":\"it-IT\",\"@id\":\"https:\\\/\\\/secure.gravatar.com\\\/avatar\\\/ad6774b3ada023bf5b939d64f45c94b3adf91502dd883507d469b4308a943bb3?s=96&d=mm&r=g\",\"url\":\"https:\\\/\\\/secure.gravatar.com\\\/avatar\\\/ad6774b3ada023bf5b939d64f45c94b3adf91502dd883507d469b4308a943bb3?s=96&d=mm&r=g\",\"contentUrl\":\"https:\\\/\\\/secure.gravatar.com\\\/avatar\\\/ad6774b3ada023bf5b939d64f45c94b3adf91502dd883507d469b4308a943bb3?s=96&d=mm&r=g\",\"caption\":\"Exaudi Redazione\"},\"description\":\"Che cosa \u00e8 Exaudi News? Exaudi News \u00e8 un agenzia cattolica internazionale che informa, istruisce e trasforma quotidianamente in spagnolo, inglese e italiano. Attraverso notizie, articoli di analisi e trasmissioni in diretta degli eventi del Papa, Exaudi cerca di rafforzare l'unit\u00e0 dei cristiani e di contribuire all'evangelizzazione del mondo, sempre guidato dalla dottrina sociale della Chiesa. Lavoriamo per portare la verit\u00e0 e i valori cristiani in ogni angolo del pianeta. Aiutaci a trasformare il mondo con Exaudi! Noi di Exaudi crediamo che l'evangelizzazione e l'informazione di qualit\u00e0 possano cambiare la vita. Per continuare la nostra missione ed espandere la nostra portata, abbiamo bisogno del tuo aiuto. Stiamo anche cercando persone motivate che vogliano unirsi al nostro team. Grazie al vostro sostegno raggiungeremo pi\u00f9 persone, diffonderemo il messaggio di Cristo e rafforzeremo l'unit\u00e0 dei cristiani. Vuoi unirti alla nostra missione? Per maggiori informazioni su come contribuire, visita Exaudi.org\\\/it o contattaci direttamente: info@exaudi.org Exaudi: informa, forma e trasforma.\",\"sameAs\":[\"https:\\\/\\\/www.facebook.com\\\/ExaudiNotizie\\\/\",\"https:\\\/\\\/www.instagram.com\\\/Exaudi_notizie\\\/\",\"https:\\\/\\\/x.com\\\/Exaudi_Notizie\",\"https:\\\/\\\/www.youtube.com\\\/@exaudicatholicnews\"],\"url\":\"https:\\\/\\\/exaudi.org\\\/it\\\/author\\\/dlvedi-org\\\/\"}]}<\/script>\n<!-- \/ Yoast SEO plugin. -->","yoast_head_json":{"title":"L'Ambasciatore israeliano all'Universit\u00e0 Cattolica di Lublino: Abbiamo bisogno di incontri tra israeliani e polacchi &#8211; Exaudi","robots":{"index":"index","follow":"follow","max-snippet":"max-snippet:-1","max-image-preview":"max-image-preview:large","max-video-preview":"max-video-preview:-1"},"canonical":"https:\/\/exaudi.org\/it\/ambassador-of-the-state-of-israel-at-catholic-university-of-lublin-meetings-of-israelis-and-poles-are-very-much-needed\/","og_locale":"it_IT","og_type":"article","og_title":"L'Ambasciatore israeliano all'Universit\u00e0 Cattolica di Lublino: Abbiamo bisogno di incontri tra israeliani e polacchi &#8211; Exaudi","og_description":"La chiave per costruire la comprensione trai nostri popoli","og_url":"https:\/\/exaudi.org\/ambassador-of-the-state-of-israel-at-catholic-university-of-lublin-meetings-of-israelis-and-poles-are-very-much-needed\/","og_site_name":"Exaudi","article_publisher":"https:\/\/www.facebook.com\/ExaudiNews","article_author":"https:\/\/www.facebook.com\/ExaudiNotizie\/","article_published_time":"2022-06-22T15:30:09+00:00","og_image":[{"width":1980,"height":1321,"url":"https:\/\/exaudi.org\/wp-content\/uploads\/2022\/06\/PhotoCredit2_KUL.jpg","type":"image\/jpeg"}],"author":"Exaudi Redazione","twitter_card":"summary_large_image","twitter_creator":"@Exaudi_Notizie","twitter_site":"@Exaudi_News","twitter_misc":{"Scritto da":"Exaudi Redazione","Tempo di lettura stimato":"2 minuti"},"schema":{"@context":"https:\/\/schema.org","@graph":[{"@type":"Article","@id":"https:\/\/exaudi.org\/ambassador-of-the-state-of-israel-at-catholic-university-of-lublin-meetings-of-israelis-and-poles-are-very-much-needed\/#article","isPartOf":{"@id":"https:\/\/exaudi.org\/ambassador-of-the-state-of-israel-at-catholic-university-of-lublin-meetings-of-israelis-and-poles-are-very-much-needed\/"},"author":{"name":"Exaudi Redazione","@id":"https:\/\/exaudi.org\/#\/schema\/person\/e1ab6ed07c01774724dd96f925f3a5f0"},"headline":"L&#8217;Ambasciatore israeliano all&#8217;Universit\u00e0 Cattolica di Lublino: Abbiamo bisogno di incontri tra israeliani e polacchi","datePublished":"2022-06-22T15:30:09+00:00","mainEntityOfPage":{"@id":"https:\/\/exaudi.org\/ambassador-of-the-state-of-israel-at-catholic-university-of-lublin-meetings-of-israelis-and-poles-are-very-much-needed\/"},"wordCount":454,"image":{"@id":"https:\/\/exaudi.org\/ambassador-of-the-state-of-israel-at-catholic-university-of-lublin-meetings-of-israelis-and-poles-are-very-much-needed\/#primaryimage"},"thumbnailUrl":"https:\/\/exaudi.org\/wp-content\/uploads\/2022\/06\/PhotoCredit2_KUL.jpg","keywords":["Trending"],"articleSection":["Chiesa e Mondo"],"inLanguage":"it-IT"},{"@type":"WebPage","@id":"https:\/\/exaudi.org\/ambassador-of-the-state-of-israel-at-catholic-university-of-lublin-meetings-of-israelis-and-poles-are-very-much-needed\/","url":"https:\/\/exaudi.org\/ambassador-of-the-state-of-israel-at-catholic-university-of-lublin-meetings-of-israelis-and-poles-are-very-much-needed\/","name":"L'Ambasciatore israeliano all'Universit\u00e0 Cattolica di Lublino: Abbiamo bisogno di incontri tra israeliani e polacchi &#8211; Exaudi","isPartOf":{"@id":"https:\/\/exaudi.org\/#website"},"primaryImageOfPage":{"@id":"https:\/\/exaudi.org\/ambassador-of-the-state-of-israel-at-catholic-university-of-lublin-meetings-of-israelis-and-poles-are-very-much-needed\/#primaryimage"},"image":{"@id":"https:\/\/exaudi.org\/ambassador-of-the-state-of-israel-at-catholic-university-of-lublin-meetings-of-israelis-and-poles-are-very-much-needed\/#primaryimage"},"thumbnailUrl":"https:\/\/exaudi.org\/wp-content\/uploads\/2022\/06\/PhotoCredit2_KUL.jpg","datePublished":"2022-06-22T15:30:09+00:00","author":{"@id":"https:\/\/exaudi.org\/#\/schema\/person\/e1ab6ed07c01774724dd96f925f3a5f0"},"breadcrumb":{"@id":"https:\/\/exaudi.org\/ambassador-of-the-state-of-israel-at-catholic-university-of-lublin-meetings-of-israelis-and-poles-are-very-much-needed\/#breadcrumb"},"inLanguage":"it-IT","potentialAction":[{"@type":"ReadAction","target":["https:\/\/exaudi.org\/ambassador-of-the-state-of-israel-at-catholic-university-of-lublin-meetings-of-israelis-and-poles-are-very-much-needed\/"]}]},{"@type":"ImageObject","inLanguage":"it-IT","@id":"https:\/\/exaudi.org\/ambassador-of-the-state-of-israel-at-catholic-university-of-lublin-meetings-of-israelis-and-poles-are-very-much-needed\/#primaryimage","url":"https:\/\/exaudi.org\/wp-content\/uploads\/2022\/06\/PhotoCredit2_KUL.jpg","contentUrl":"https:\/\/exaudi.org\/wp-content\/uploads\/2022\/06\/PhotoCredit2_KUL.jpg","width":1980,"height":1321,"caption":"21.06.2022, Lublin - Katolicki Uniwersytet Lubelski. Wizyta Ambasadora Izraela w Polsce Yacova Livne na KUL Fot. Tomasz Koryszko\/KUL"},{"@type":"BreadcrumbList","@id":"https:\/\/exaudi.org\/ambassador-of-the-state-of-israel-at-catholic-university-of-lublin-meetings-of-israelis-and-poles-are-very-much-needed\/#breadcrumb","itemListElement":[{"@type":"ListItem","position":1,"name":"Portada","item":"https:\/\/exaudi.org\/it\/"},{"@type":"ListItem","position":2,"name":"L&#8217;Ambasciatore israeliano all&#8217;Universit\u00e0 Cattolica di Lublino: Abbiamo bisogno di incontri tra israeliani e polacchi"}]},{"@type":"WebSite","@id":"https:\/\/exaudi.org\/#website","url":"https:\/\/exaudi.org\/","name":"Exaudi","description":"News","potentialAction":[{"@type":"SearchAction","target":{"@type":"EntryPoint","urlTemplate":"https:\/\/exaudi.org\/?s={search_term_string}"},"query-input":{"@type":"PropertyValueSpecification","valueRequired":true,"valueName":"search_term_string"}}],"inLanguage":"it-IT"},{"@type":"Person","@id":"https:\/\/exaudi.org\/#\/schema\/person\/e1ab6ed07c01774724dd96f925f3a5f0","name":"Exaudi Redazione","image":{"@type":"ImageObject","inLanguage":"it-IT","@id":"https:\/\/secure.gravatar.com\/avatar\/ad6774b3ada023bf5b939d64f45c94b3adf91502dd883507d469b4308a943bb3?s=96&d=mm&r=g","url":"https:\/\/secure.gravatar.com\/avatar\/ad6774b3ada023bf5b939d64f45c94b3adf91502dd883507d469b4308a943bb3?s=96&d=mm&r=g","contentUrl":"https:\/\/secure.gravatar.com\/avatar\/ad6774b3ada023bf5b939d64f45c94b3adf91502dd883507d469b4308a943bb3?s=96&d=mm&r=g","caption":"Exaudi Redazione"},"description":"Che cosa \u00e8 Exaudi News? Exaudi News \u00e8 un agenzia cattolica internazionale che informa, istruisce e trasforma quotidianamente in spagnolo, inglese e italiano. Attraverso notizie, articoli di analisi e trasmissioni in diretta degli eventi del Papa, Exaudi cerca di rafforzare l'unit\u00e0 dei cristiani e di contribuire all'evangelizzazione del mondo, sempre guidato dalla dottrina sociale della Chiesa. Lavoriamo per portare la verit\u00e0 e i valori cristiani in ogni angolo del pianeta. Aiutaci a trasformare il mondo con Exaudi! Noi di Exaudi crediamo che l'evangelizzazione e l'informazione di qualit\u00e0 possano cambiare la vita. Per continuare la nostra missione ed espandere la nostra portata, abbiamo bisogno del tuo aiuto. Stiamo anche cercando persone motivate che vogliano unirsi al nostro team. Grazie al vostro sostegno raggiungeremo pi\u00f9 persone, diffonderemo il messaggio di Cristo e rafforzeremo l'unit\u00e0 dei cristiani. Vuoi unirti alla nostra missione? Per maggiori informazioni su come contribuire, visita Exaudi.org\/it o contattaci direttamente: info@exaudi.org Exaudi: informa, forma e trasforma.","sameAs":["https:\/\/www.facebook.com\/ExaudiNotizie\/","https:\/\/www.instagram.com\/Exaudi_notizie\/","https:\/\/x.com\/Exaudi_Notizie","https:\/\/www.youtube.com\/@exaudicatholicnews"],"url":"https:\/\/exaudi.org\/it\/author\/dlvedi-org\/"}]}},"jetpack_featured_media_url":"https:\/\/exaudi.org\/wp-content\/uploads\/2022\/06\/PhotoCredit2_KUL.jpg","jetpack_shortlink":"https:\/\/wp.me\/pgKjF2-fcG","_links":{"self":[{"href":"https:\/\/exaudi.org\/it\/wp-json\/wp\/v2\/posts\/58446","targetHints":{"allow":["GET"]}}],"collection":[{"href":"https:\/\/exaudi.org\/it\/wp-json\/wp\/v2\/posts"}],"about":[{"href":"https:\/\/exaudi.org\/it\/wp-json\/wp\/v2\/types\/post"}],"author":[{"embeddable":true,"href":"https:\/\/exaudi.org\/it\/wp-json\/wp\/v2\/users\/17"}],"replies":[{"embeddable":true,"href":"https:\/\/exaudi.org\/it\/wp-json\/wp\/v2\/comments?post=58446"}],"version-history":[{"count":0,"href":"https:\/\/exaudi.org\/it\/wp-json\/wp\/v2\/posts\/58446\/revisions"}],"wp:featuredmedia":[{"embeddable":true,"href":"https:\/\/exaudi.org\/it\/wp-json\/wp\/v2\/media\/58440"}],"wp:attachment":[{"href":"https:\/\/exaudi.org\/it\/wp-json\/wp\/v2\/media?parent=58446"}],"wp:term":[{"taxonomy":"category","embeddable":true,"href":"https:\/\/exaudi.org\/it\/wp-json\/wp\/v2\/categories?post=58446"},{"taxonomy":"post_tag","embeddable":true,"href":"https:\/\/exaudi.org\/it\/wp-json\/wp\/v2\/tags?post=58446"}],"curies":[{"name":"wp","href":"https:\/\/api.w.org\/{rel}","templated":true}]}}