{"id":58239,"date":"2022-06-18T17:23:36","date_gmt":"2022-06-18T15:23:36","guid":{"rendered":"https:\/\/exaudi.org\/?p=58239"},"modified":"2022-06-19T06:24:01","modified_gmt":"2022-06-19T04:24:01","slug":"vi-dico-non-abbiate-paura-di-questo-amore","status":"publish","type":"post","link":"https:\/\/exaudi.org\/it\/vi-dico-non-abbiate-paura-di-questo-amore\/","title":{"rendered":"Vi dico: non abbiate paura di questo amore!"},"content":{"rendered":"<p>Questa mattina, nel Palazzo Apostolico Vaticano, il Santo Padre Francesco riceve in Udienza i partecipanti alla Syro-Malabar Youth Leaders Conference.<\/p>\n<p>Pubblichiamo di seguito il discorso che il Papa pronuncia nel corso dell\u2019incontro:<\/p>\n<p><strong>Discorso del Santo Padre<\/strong><\/p>\n<p><i>Beatitudine, Eccellenze, cari giovani, buongiorno e benvenuti!<\/i><\/p>\n<p>Ringrazio il Vescovo Bosco Puthur per le parole di saluto e di presentazione.<\/p>\n<p>Come leader giovanili delle varie Eparchie Siro-Malabaresi della diaspora e della Visitazione Apostolica in Europa siete venuti a Roma insieme ai vostri Pastori. In ogni pellegrinaggio \u00e8 anzitutto il Signore Ges\u00f9 che noi cerchiamo, Lui che \u00e8 la via, la verit\u00e0 e la vita. Vogliamo seguirlo e percorrere il suo cammino, quello dell\u2019amore, l\u2019unica via che conduce alla vita eterna. Non \u00e8 una strada comoda, ma \u00e8 affascinante, e Lui non ci abbandona mai, mai ci lascia soli. Se gli facciamo spazio nella nostra esistenza, condividendo con Lui gioie e dolori, sperimenteremo la pace che solo Dio pu\u00f2 dare.<\/p>\n<p>Ges\u00f9 non ha esitato a chiedere ai suoi discepoli se volevano veramente seguirlo o se preferivano prendere un\u2019altra strada (cfr\u00a0<i>Gv<\/i>\u00a06,67). In quel momento, Simon Pietro ebbe il coraggio di rispondere: \u00bbSignore, da chi andremo? Tu hai parole di vita eterna\u00bb (v. 68). Anch\u2019io oggi, in un tempo segnato dalla cultura \u201cliquida\u201d o addirittura \u201cgassosa\u201d, dico a voi, cari giovani, che la vita diventa piena di senso e feconda quando diciamo \u201cs\u00ec\u201d a Ges\u00f9. Ognuno di voi pu\u00f2 domandarsi: Sono convinto che la vita diventa piena di senso e feconda quando diciamo di s\u00ec a Ges\u00f9? Ne sono convinto? Ho fatto esperienza di sentirmi amato gratuitamente, non per mio merito ma per puro dono? Sono convinto che la mia vita \u00e8 un dono? Questa esperienza \u00e8 quella che d\u00e0 senso a tutta la vita; e d\u00e0 la forza di dire \u201cs\u00ec\u201d al servizio e alla responsabilit\u00e0 e \u201cno\u201d alla superficialit\u00e0 e allo scarto.<\/p>\n<p>Voi siete i giovani della diaspora siro-malabarese. L\u2019Apostolo Tommaso arriv\u00f2 sulla costa occidentale dell\u2019India, semin\u00f2 il Vangelo e germogliarono le prime comunit\u00e0 cristiane. Secondo la tradizione, quest\u2019anno ricorrono 1950 anni del martirio di Tommaso, che cos\u00ec sigill\u00f2 la sua amicizia con Ges\u00f9, al quale aveva detto: \u00abMio Signore e mio Dio!\u00bb (<i>Gv<\/i>\u00a020,29). La Chiesa \u00e8 \u201capostolica\u201d perch\u00e9 fondata sulla\u00a0<i>testimonianza<\/i>\u00a0degli Apostoli; e continuamente cresce non per proselitismo, ma per testimonianza. Ogni battezzato partecipa alla sua costruzione nella misura in cui lui o lei \u00e8\u00a0<i>testimone<\/i>. E voi siete chiamati a esserlo in primo luogo tra i vostri coetanei della diaspora siro-malabarese, ma anche a quanti non appartengono alla vostra comunit\u00e0 e a quelli che nemmeno conoscono il Signore Ges\u00f9.<\/p>\n<p>C\u2019\u00e8 un terreno comune in cui tutti i giovani si incontrano, ed \u00e8 il desiderio di un\u00a0<i>amore<\/i>\u00a0genuino, bello e grande. Vi dico: non abbiate paura di questo amore! \u00c8 l\u2019amore che Ges\u00f9 ci rivela e che San Paolo definisce \u201cmagnanimo e paziente, non proteso al proprio interesse ma al bene e alla verit\u00e0\u201d (cfr\u00a0<i>1 Cor<\/i>\u00a013,4-6). Vi esorto a scoprire le testimonianze d\u2019amore dei santi e delle sante di ogni epoca, anche del nostro tempo: dimostrano pi\u00f9 di ogni discorso che il cristianesimo non consiste in una serie di divieti, che soffocano il desiderio di felicit\u00e0, ma in un progetto di vita capace di riempire il cuore. Non temete di ribellarvi alla tendenza diffusa a ridurre l\u2019amore a qualcosa di banale, senza bellezza, senza comunione, senza fedelt\u00e0 e responsabilit\u00e0. Questo \u00e8 ci\u00f2 che accade quando usiamo gli altri per i nostri scopi egoistici, come oggetti: i cuori sono spezzati e rimane la tristezza.<\/p>\n<p>La prossima Giornata Mondiale della Giovent\u00f9 di Lisbona avr\u00e0 questo tema: \u00abMaria si alz\u00f2 e se ne and\u00f2 in fretta\u00bb (<i>Lc<\/i>\u00a01,39). Dopo aver accolto l\u2019annuncio dell\u2019Angelo e aver risposto il suo \u201cs\u00ec\u201d alla chiamata a diventare madre del Salvatore, Maria va subito dalla cugina Elisabetta, che \u00e8 al sesto mese di gravidanza (cfr\u00a0<i>Lc<\/i>\u00a01,36-39). Non si chiude in casa a pensare al grande privilegio che ha ricevuto e ai grossi problemi che comporta; no, Maria non si lascia paralizzare dall\u2019orgoglio o dalla paura. Non \u00e8 il tipo che per stare bene ha bisogno di un buon divano dove starsene comoda e al sicuro. Se serve una mano alla sua anziana parente, lei non indugia e si mette subito in viaggio (cfr\u00a0<i>Discorso nella Veglia<\/i>, Cracovia, 30 luglio 2016).<\/p>\n<p>E quando arriva a casa di Elisabetta, in quell\u2019incontro pieno di Spirito Santo, dal cuore della Vergine sgorga il\u00a0<i>Magnificat<\/i>. Questo fa pensare alla fecondit\u00e0 dell\u2019incontro tra i giovani e gli anziani. Vi domando: voi avete ancora i nonni?, almeno qualcuno di loro? Com\u2019\u00e8 il vostro rapporto con loro? Mentre aprite le vostre ali al vento, \u00e8 importante che scopriate le vostre radici e riceviate il testimone da chi vi ha preceduto. Voi giovani avete la forza, gli anziani hanno la memoria e la saggezza. Vi esorto a fare come Maria con Elisabetta, ad andare a visitare i vostri parenti anziani, a ricevere la loro saggezza.<\/p>\n<p>La giovane madre di Ges\u00f9 conosceva bene le preghiere del suo popolo, che i suoi genitori e i suoi nonni le avevano insegnato. C\u2019\u00e8 un tesoro nascosto nelle preghiere dei nostri anziani. Nel\u00a0<i>Magnificat<\/i>\u00a0Maria raccoglie il patrimonio di fede del suo popolo e lo ricompone in un canto tutto suo, ma che allo stesso tempo tutta la Chiesa canta con lei. Affinch\u00e9 anche voi giovani possiate fare della vostra vita un cantico di lode, un dono per l\u2019intera umanit\u00e0, \u00e8 fondamentale radicarvi nella tradizione e nella preghiera delle generazioni precedenti. In particolare, per voi, nella storia della vostra Chiesa, nella sua ricchezza spirituale e liturgica, da scoprire sempre di nuovo, con l\u2019aiuto dei vostri Vescovi e sacerdoti. Soprattutto vi invito a conoscere bene la Parola di Dio, leggendola ogni giorno e confrontandola con la vostra vita. Cos\u00ec Ges\u00f9, il Risorto, riscalder\u00e0 i vostri cuori, illuminer\u00e0 i vostri passi, anche nei momenti difficili e bui (cfr\u00a0<i>Lc<\/i>\u00a024,13-35).<\/p>\n<p>Un\u2019ultima cosa: Maria ci insegna anche a vivere con un atteggiamento\u00a0<i>eucaristico<\/i>, ossia a\u00a0<i>rendere grazie<\/i>, a coltivare\u00a0<i>la lode<\/i>, a non fissarci soltanto sui problemi e sulle difficolt\u00e0. Nella dinamica della vita, le suppliche di oggi diventeranno motivi di ringraziamento di domani. Cos\u00ec, la vostra partecipazione alla Santa\u00a0<i>Qurbana<\/i>\u00a0[Santo Sacrificio] e al sacramento della Riconciliazione sar\u00e0 allo stesso tempo culmine e punto di partenza: le vostre vite si rinnoveranno ogni giorno, diventando lode perenne all\u2019Onnipotente (cfr\u00a0<i>Messaggio per la XXXII GMG 2017<\/i>).<\/p>\n<p>Cari fratelli e sorelle, vi ringrazio tanto per la vostra visita. Di cuore benedico ciascuno di voi, le vostre famiglie e le vostre comunit\u00e0. E vi chiedo per favore di non dimenticarvi di pregare per me. Grazie e buon cammino!<\/p>\n","protected":false},"excerpt":{"rendered":"<p>Udienza ai Syro-Malabar Youth Leaders<\/p>\n","protected":false},"author":17,"featured_media":58240,"comment_status":"closed","ping_status":"closed","sticky":false,"template":"","format":"standard","meta":{"_acf_changed":false,"_crdt_document":"","inline_featured_image":false,"footnotes":""},"categories":[123,67],"tags":[251,1843],"class_list":["post-58239","post","type-post","status-publish","format-standard","has-post-thumbnail","hentry","category-discorsi","category-leone-xiv","tag-papa-francesco","tag-udienza"],"acf":[],"yoast_head":"<!-- This site is optimized with the Yoast SEO plugin v27.5 - https:\/\/yoast.com\/product\/yoast-seo-wordpress\/ -->\n<title>Vi dico: non abbiate paura di questo amore! &#8211; Exaudi<\/title>\n<meta name=\"robots\" content=\"index, follow, max-snippet:-1, max-image-preview:large, max-video-preview:-1\" \/>\n<link rel=\"canonical\" href=\"https:\/\/exaudi.org\/it\/vi-dico-non-abbiate-paura-di-questo-amore\/\" \/>\n<meta property=\"og:locale\" content=\"it_IT\" \/>\n<meta property=\"og:type\" content=\"article\" \/>\n<meta property=\"og:title\" content=\"Vi dico: non abbiate paura di questo amore! &#8211; Exaudi\" \/>\n<meta property=\"og:description\" content=\"Udienza ai Syro-Malabar Youth Leaders\" \/>\n<meta property=\"og:url\" content=\"https:\/\/exaudi.org\/it\/vi-dico-non-abbiate-paura-di-questo-amore\/\" \/>\n<meta property=\"og:site_name\" content=\"Exaudi\" \/>\n<meta property=\"article:publisher\" content=\"https:\/\/www.facebook.com\/ExaudiNews\" \/>\n<meta property=\"article:author\" content=\"https:\/\/www.facebook.com\/ExaudiNotizie\/\" \/>\n<meta property=\"article:published_time\" content=\"2022-06-18T15:23:36+00:00\" \/>\n<meta property=\"article:modified_time\" content=\"2022-06-19T04:24:01+00:00\" \/>\n<meta property=\"og:image\" content=\"https:\/\/exaudi.org\/wp-content\/uploads\/2022\/06\/thumbnail__DSC3995.jpg\" \/>\n\t<meta property=\"og:image:width\" content=\"1280\" \/>\n\t<meta property=\"og:image:height\" content=\"853\" \/>\n\t<meta property=\"og:image:type\" content=\"image\/jpeg\" \/>\n<meta name=\"author\" content=\"Exaudi Redazione\" \/>\n<meta name=\"twitter:card\" content=\"summary_large_image\" \/>\n<meta name=\"twitter:creator\" content=\"@Exaudi_Notizie\" \/>\n<meta name=\"twitter:site\" content=\"@Exaudi_News\" \/>\n<meta name=\"twitter:label1\" content=\"Scritto da\" \/>\n\t<meta name=\"twitter:data1\" content=\"Exaudi Redazione\" \/>\n\t<meta name=\"twitter:label2\" content=\"Tempo di lettura stimato\" \/>\n\t<meta name=\"twitter:data2\" content=\"6 minuti\" \/>\n<script type=\"application\/ld+json\" class=\"yoast-schema-graph\">{\"@context\":\"https:\\\/\\\/schema.org\",\"@graph\":[{\"@type\":\"Article\",\"@id\":\"https:\\\/\\\/exaudi.org\\\/it\\\/vi-dico-non-abbiate-paura-di-questo-amore\\\/#article\",\"isPartOf\":{\"@id\":\"https:\\\/\\\/exaudi.org\\\/it\\\/vi-dico-non-abbiate-paura-di-questo-amore\\\/\"},\"author\":{\"name\":\"Exaudi Redazione\",\"@id\":\"https:\\\/\\\/exaudi.org\\\/#\\\/schema\\\/person\\\/e1ab6ed07c01774724dd96f925f3a5f0\"},\"headline\":\"Vi dico: non abbiate paura di questo amore!\",\"datePublished\":\"2022-06-18T15:23:36+00:00\",\"dateModified\":\"2022-06-19T04:24:01+00:00\",\"mainEntityOfPage\":{\"@id\":\"https:\\\/\\\/exaudi.org\\\/it\\\/vi-dico-non-abbiate-paura-di-questo-amore\\\/\"},\"wordCount\":1108,\"image\":{\"@id\":\"https:\\\/\\\/exaudi.org\\\/it\\\/vi-dico-non-abbiate-paura-di-questo-amore\\\/#primaryimage\"},\"thumbnailUrl\":\"https:\\\/\\\/exaudi.org\\\/wp-content\\\/uploads\\\/2022\\\/06\\\/thumbnail__DSC3995.jpg\",\"keywords\":[\"Papa Francesco\",\"udienza\"],\"articleSection\":[\"Discorsi\",\"Leone XIV\"],\"inLanguage\":\"it-IT\"},{\"@type\":\"WebPage\",\"@id\":\"https:\\\/\\\/exaudi.org\\\/it\\\/vi-dico-non-abbiate-paura-di-questo-amore\\\/\",\"url\":\"https:\\\/\\\/exaudi.org\\\/it\\\/vi-dico-non-abbiate-paura-di-questo-amore\\\/\",\"name\":\"Vi dico: non abbiate paura di questo amore! &#8211; Exaudi\",\"isPartOf\":{\"@id\":\"https:\\\/\\\/exaudi.org\\\/#website\"},\"primaryImageOfPage\":{\"@id\":\"https:\\\/\\\/exaudi.org\\\/it\\\/vi-dico-non-abbiate-paura-di-questo-amore\\\/#primaryimage\"},\"image\":{\"@id\":\"https:\\\/\\\/exaudi.org\\\/it\\\/vi-dico-non-abbiate-paura-di-questo-amore\\\/#primaryimage\"},\"thumbnailUrl\":\"https:\\\/\\\/exaudi.org\\\/wp-content\\\/uploads\\\/2022\\\/06\\\/thumbnail__DSC3995.jpg\",\"datePublished\":\"2022-06-18T15:23:36+00:00\",\"dateModified\":\"2022-06-19T04:24:01+00:00\",\"author\":{\"@id\":\"https:\\\/\\\/exaudi.org\\\/#\\\/schema\\\/person\\\/e1ab6ed07c01774724dd96f925f3a5f0\"},\"breadcrumb\":{\"@id\":\"https:\\\/\\\/exaudi.org\\\/it\\\/vi-dico-non-abbiate-paura-di-questo-amore\\\/#breadcrumb\"},\"inLanguage\":\"it-IT\",\"potentialAction\":[{\"@type\":\"ReadAction\",\"target\":[\"https:\\\/\\\/exaudi.org\\\/it\\\/vi-dico-non-abbiate-paura-di-questo-amore\\\/\"]}]},{\"@type\":\"ImageObject\",\"inLanguage\":\"it-IT\",\"@id\":\"https:\\\/\\\/exaudi.org\\\/it\\\/vi-dico-non-abbiate-paura-di-questo-amore\\\/#primaryimage\",\"url\":\"https:\\\/\\\/exaudi.org\\\/wp-content\\\/uploads\\\/2022\\\/06\\\/thumbnail__DSC3995.jpg\",\"contentUrl\":\"https:\\\/\\\/exaudi.org\\\/wp-content\\\/uploads\\\/2022\\\/06\\\/thumbnail__DSC3995.jpg\",\"width\":1280,\"height\":853,\"caption\":\"Partecipanti alla Syro-Malabar - \u00a9 Vatican Media\"},{\"@type\":\"BreadcrumbList\",\"@id\":\"https:\\\/\\\/exaudi.org\\\/it\\\/vi-dico-non-abbiate-paura-di-questo-amore\\\/#breadcrumb\",\"itemListElement\":[{\"@type\":\"ListItem\",\"position\":1,\"name\":\"Portada\",\"item\":\"https:\\\/\\\/exaudi.org\\\/it\\\/\"},{\"@type\":\"ListItem\",\"position\":2,\"name\":\"Vi dico: non abbiate paura di questo amore!\"}]},{\"@type\":\"WebSite\",\"@id\":\"https:\\\/\\\/exaudi.org\\\/#website\",\"url\":\"https:\\\/\\\/exaudi.org\\\/\",\"name\":\"Exaudi\",\"description\":\"News\",\"potentialAction\":[{\"@type\":\"SearchAction\",\"target\":{\"@type\":\"EntryPoint\",\"urlTemplate\":\"https:\\\/\\\/exaudi.org\\\/?s={search_term_string}\"},\"query-input\":{\"@type\":\"PropertyValueSpecification\",\"valueRequired\":true,\"valueName\":\"search_term_string\"}}],\"inLanguage\":\"it-IT\"},{\"@type\":\"Person\",\"@id\":\"https:\\\/\\\/exaudi.org\\\/#\\\/schema\\\/person\\\/e1ab6ed07c01774724dd96f925f3a5f0\",\"name\":\"Exaudi Redazione\",\"image\":{\"@type\":\"ImageObject\",\"inLanguage\":\"it-IT\",\"@id\":\"https:\\\/\\\/secure.gravatar.com\\\/avatar\\\/ad6774b3ada023bf5b939d64f45c94b3adf91502dd883507d469b4308a943bb3?s=96&d=mm&r=g\",\"url\":\"https:\\\/\\\/secure.gravatar.com\\\/avatar\\\/ad6774b3ada023bf5b939d64f45c94b3adf91502dd883507d469b4308a943bb3?s=96&d=mm&r=g\",\"contentUrl\":\"https:\\\/\\\/secure.gravatar.com\\\/avatar\\\/ad6774b3ada023bf5b939d64f45c94b3adf91502dd883507d469b4308a943bb3?s=96&d=mm&r=g\",\"caption\":\"Exaudi Redazione\"},\"description\":\"Che cosa \u00e8 Exaudi News? Exaudi News \u00e8 un agenzia cattolica internazionale che informa, istruisce e trasforma quotidianamente in spagnolo, inglese e italiano. Attraverso notizie, articoli di analisi e trasmissioni in diretta degli eventi del Papa, Exaudi cerca di rafforzare l'unit\u00e0 dei cristiani e di contribuire all'evangelizzazione del mondo, sempre guidato dalla dottrina sociale della Chiesa. Lavoriamo per portare la verit\u00e0 e i valori cristiani in ogni angolo del pianeta. Aiutaci a trasformare il mondo con Exaudi! Noi di Exaudi crediamo che l'evangelizzazione e l'informazione di qualit\u00e0 possano cambiare la vita. Per continuare la nostra missione ed espandere la nostra portata, abbiamo bisogno del tuo aiuto. Stiamo anche cercando persone motivate che vogliano unirsi al nostro team. Grazie al vostro sostegno raggiungeremo pi\u00f9 persone, diffonderemo il messaggio di Cristo e rafforzeremo l'unit\u00e0 dei cristiani. Vuoi unirti alla nostra missione? Per maggiori informazioni su come contribuire, visita Exaudi.org\\\/it o contattaci direttamente: info@exaudi.org Exaudi: informa, forma e trasforma.\",\"sameAs\":[\"https:\\\/\\\/www.facebook.com\\\/ExaudiNotizie\\\/\",\"https:\\\/\\\/www.instagram.com\\\/Exaudi_notizie\\\/\",\"https:\\\/\\\/x.com\\\/Exaudi_Notizie\",\"https:\\\/\\\/www.youtube.com\\\/@exaudicatholicnews\"],\"url\":\"https:\\\/\\\/exaudi.org\\\/it\\\/author\\\/dlvedi-org\\\/\"}]}<\/script>\n<!-- \/ Yoast SEO plugin. -->","yoast_head_json":{"title":"Vi dico: non abbiate paura di questo amore! &#8211; Exaudi","robots":{"index":"index","follow":"follow","max-snippet":"max-snippet:-1","max-image-preview":"max-image-preview:large","max-video-preview":"max-video-preview:-1"},"canonical":"https:\/\/exaudi.org\/it\/vi-dico-non-abbiate-paura-di-questo-amore\/","og_locale":"it_IT","og_type":"article","og_title":"Vi dico: non abbiate paura di questo amore! &#8211; Exaudi","og_description":"Udienza ai Syro-Malabar Youth Leaders","og_url":"https:\/\/exaudi.org\/it\/vi-dico-non-abbiate-paura-di-questo-amore\/","og_site_name":"Exaudi","article_publisher":"https:\/\/www.facebook.com\/ExaudiNews","article_author":"https:\/\/www.facebook.com\/ExaudiNotizie\/","article_published_time":"2022-06-18T15:23:36+00:00","article_modified_time":"2022-06-19T04:24:01+00:00","og_image":[{"width":1280,"height":853,"url":"https:\/\/exaudi.org\/wp-content\/uploads\/2022\/06\/thumbnail__DSC3995.jpg","type":"image\/jpeg"}],"author":"Exaudi Redazione","twitter_card":"summary_large_image","twitter_creator":"@Exaudi_Notizie","twitter_site":"@Exaudi_News","twitter_misc":{"Scritto da":"Exaudi Redazione","Tempo di lettura stimato":"6 minuti"},"schema":{"@context":"https:\/\/schema.org","@graph":[{"@type":"Article","@id":"https:\/\/exaudi.org\/it\/vi-dico-non-abbiate-paura-di-questo-amore\/#article","isPartOf":{"@id":"https:\/\/exaudi.org\/it\/vi-dico-non-abbiate-paura-di-questo-amore\/"},"author":{"name":"Exaudi Redazione","@id":"https:\/\/exaudi.org\/#\/schema\/person\/e1ab6ed07c01774724dd96f925f3a5f0"},"headline":"Vi dico: non abbiate paura di questo amore!","datePublished":"2022-06-18T15:23:36+00:00","dateModified":"2022-06-19T04:24:01+00:00","mainEntityOfPage":{"@id":"https:\/\/exaudi.org\/it\/vi-dico-non-abbiate-paura-di-questo-amore\/"},"wordCount":1108,"image":{"@id":"https:\/\/exaudi.org\/it\/vi-dico-non-abbiate-paura-di-questo-amore\/#primaryimage"},"thumbnailUrl":"https:\/\/exaudi.org\/wp-content\/uploads\/2022\/06\/thumbnail__DSC3995.jpg","keywords":["Papa Francesco","udienza"],"articleSection":["Discorsi","Leone XIV"],"inLanguage":"it-IT"},{"@type":"WebPage","@id":"https:\/\/exaudi.org\/it\/vi-dico-non-abbiate-paura-di-questo-amore\/","url":"https:\/\/exaudi.org\/it\/vi-dico-non-abbiate-paura-di-questo-amore\/","name":"Vi dico: non abbiate paura di questo amore! &#8211; Exaudi","isPartOf":{"@id":"https:\/\/exaudi.org\/#website"},"primaryImageOfPage":{"@id":"https:\/\/exaudi.org\/it\/vi-dico-non-abbiate-paura-di-questo-amore\/#primaryimage"},"image":{"@id":"https:\/\/exaudi.org\/it\/vi-dico-non-abbiate-paura-di-questo-amore\/#primaryimage"},"thumbnailUrl":"https:\/\/exaudi.org\/wp-content\/uploads\/2022\/06\/thumbnail__DSC3995.jpg","datePublished":"2022-06-18T15:23:36+00:00","dateModified":"2022-06-19T04:24:01+00:00","author":{"@id":"https:\/\/exaudi.org\/#\/schema\/person\/e1ab6ed07c01774724dd96f925f3a5f0"},"breadcrumb":{"@id":"https:\/\/exaudi.org\/it\/vi-dico-non-abbiate-paura-di-questo-amore\/#breadcrumb"},"inLanguage":"it-IT","potentialAction":[{"@type":"ReadAction","target":["https:\/\/exaudi.org\/it\/vi-dico-non-abbiate-paura-di-questo-amore\/"]}]},{"@type":"ImageObject","inLanguage":"it-IT","@id":"https:\/\/exaudi.org\/it\/vi-dico-non-abbiate-paura-di-questo-amore\/#primaryimage","url":"https:\/\/exaudi.org\/wp-content\/uploads\/2022\/06\/thumbnail__DSC3995.jpg","contentUrl":"https:\/\/exaudi.org\/wp-content\/uploads\/2022\/06\/thumbnail__DSC3995.jpg","width":1280,"height":853,"caption":"Partecipanti alla Syro-Malabar - \u00a9 Vatican Media"},{"@type":"BreadcrumbList","@id":"https:\/\/exaudi.org\/it\/vi-dico-non-abbiate-paura-di-questo-amore\/#breadcrumb","itemListElement":[{"@type":"ListItem","position":1,"name":"Portada","item":"https:\/\/exaudi.org\/it\/"},{"@type":"ListItem","position":2,"name":"Vi dico: non abbiate paura di questo amore!"}]},{"@type":"WebSite","@id":"https:\/\/exaudi.org\/#website","url":"https:\/\/exaudi.org\/","name":"Exaudi","description":"News","potentialAction":[{"@type":"SearchAction","target":{"@type":"EntryPoint","urlTemplate":"https:\/\/exaudi.org\/?s={search_term_string}"},"query-input":{"@type":"PropertyValueSpecification","valueRequired":true,"valueName":"search_term_string"}}],"inLanguage":"it-IT"},{"@type":"Person","@id":"https:\/\/exaudi.org\/#\/schema\/person\/e1ab6ed07c01774724dd96f925f3a5f0","name":"Exaudi Redazione","image":{"@type":"ImageObject","inLanguage":"it-IT","@id":"https:\/\/secure.gravatar.com\/avatar\/ad6774b3ada023bf5b939d64f45c94b3adf91502dd883507d469b4308a943bb3?s=96&d=mm&r=g","url":"https:\/\/secure.gravatar.com\/avatar\/ad6774b3ada023bf5b939d64f45c94b3adf91502dd883507d469b4308a943bb3?s=96&d=mm&r=g","contentUrl":"https:\/\/secure.gravatar.com\/avatar\/ad6774b3ada023bf5b939d64f45c94b3adf91502dd883507d469b4308a943bb3?s=96&d=mm&r=g","caption":"Exaudi Redazione"},"description":"Che cosa \u00e8 Exaudi News? Exaudi News \u00e8 un agenzia cattolica internazionale che informa, istruisce e trasforma quotidianamente in spagnolo, inglese e italiano. Attraverso notizie, articoli di analisi e trasmissioni in diretta degli eventi del Papa, Exaudi cerca di rafforzare l'unit\u00e0 dei cristiani e di contribuire all'evangelizzazione del mondo, sempre guidato dalla dottrina sociale della Chiesa. Lavoriamo per portare la verit\u00e0 e i valori cristiani in ogni angolo del pianeta. Aiutaci a trasformare il mondo con Exaudi! Noi di Exaudi crediamo che l'evangelizzazione e l'informazione di qualit\u00e0 possano cambiare la vita. Per continuare la nostra missione ed espandere la nostra portata, abbiamo bisogno del tuo aiuto. Stiamo anche cercando persone motivate che vogliano unirsi al nostro team. Grazie al vostro sostegno raggiungeremo pi\u00f9 persone, diffonderemo il messaggio di Cristo e rafforzeremo l'unit\u00e0 dei cristiani. Vuoi unirti alla nostra missione? Per maggiori informazioni su come contribuire, visita Exaudi.org\/it o contattaci direttamente: info@exaudi.org Exaudi: informa, forma e trasforma.","sameAs":["https:\/\/www.facebook.com\/ExaudiNotizie\/","https:\/\/www.instagram.com\/Exaudi_notizie\/","https:\/\/x.com\/Exaudi_Notizie","https:\/\/www.youtube.com\/@exaudicatholicnews"],"url":"https:\/\/exaudi.org\/it\/author\/dlvedi-org\/"}]}},"jetpack_featured_media_url":"https:\/\/exaudi.org\/wp-content\/uploads\/2022\/06\/thumbnail__DSC3995.jpg","jetpack_shortlink":"https:\/\/wp.me\/pgKjF2-f9l","_links":{"self":[{"href":"https:\/\/exaudi.org\/it\/wp-json\/wp\/v2\/posts\/58239","targetHints":{"allow":["GET"]}}],"collection":[{"href":"https:\/\/exaudi.org\/it\/wp-json\/wp\/v2\/posts"}],"about":[{"href":"https:\/\/exaudi.org\/it\/wp-json\/wp\/v2\/types\/post"}],"author":[{"embeddable":true,"href":"https:\/\/exaudi.org\/it\/wp-json\/wp\/v2\/users\/17"}],"replies":[{"embeddable":true,"href":"https:\/\/exaudi.org\/it\/wp-json\/wp\/v2\/comments?post=58239"}],"version-history":[{"count":0,"href":"https:\/\/exaudi.org\/it\/wp-json\/wp\/v2\/posts\/58239\/revisions"}],"wp:featuredmedia":[{"embeddable":true,"href":"https:\/\/exaudi.org\/it\/wp-json\/wp\/v2\/media\/58240"}],"wp:attachment":[{"href":"https:\/\/exaudi.org\/it\/wp-json\/wp\/v2\/media?parent=58239"}],"wp:term":[{"taxonomy":"category","embeddable":true,"href":"https:\/\/exaudi.org\/it\/wp-json\/wp\/v2\/categories?post=58239"},{"taxonomy":"post_tag","embeddable":true,"href":"https:\/\/exaudi.org\/it\/wp-json\/wp\/v2\/tags?post=58239"}],"curies":[{"name":"wp","href":"https:\/\/api.w.org\/{rel}","templated":true}]}}